{"id":48913,"date":"2022-12-21T09:21:32","date_gmt":"2022-12-21T08:21:32","guid":{"rendered":"https:\/\/dorogimedence.hu\/?p=48913"},"modified":"2022-12-21T09:22:30","modified_gmt":"2022-12-21T08:22:30","slug":"karacsonyi-es-ev-vegi-unnepi-forgalom-a-mav-volan-csoport-jaratainal","status":"publish","type":"post","link":"https:\/\/dorogimedence.hu\/index.php\/2022\/12\/21\/karacsonyi-es-ev-vegi-unnepi-forgalom-a-mav-volan-csoport-jaratainal\/","title":{"rendered":"Kar\u00e1csonyi \u00e9s \u00e9v v\u00e9gi \u00fcnnepi forgalom a M\u00c1V-Vol\u00e1n-csoport j\u00e1ratain\u00e1l"},"content":{"rendered":"<p><strong>A M\u00c1V-Vol\u00e1n-csoporthoz tartoz\u00f3 k\u00f6zleked\u00e9si t\u00e1rsas\u00e1gok az \u00fcnnepekhez igaz\u00edtott\u00e1k a j\u00e1ratok k\u00f6zleked\u00e9si rendj\u00e9t.<\/strong><\/p>\n<h3><strong>M\u00c1V<\/strong><\/h3>\n<p>A december 22-t\u0151l janu\u00e1r 2-ig terjed\u0151 \u00fcnnepi id\u0151szakban a gyermekek, csal\u00e1dosok, tanul\u00f3k, di\u00e1k- \u00e9s feln\u0151tt csoportok, nyugd\u00edjasok is \u00e9lhetnek a szok\u00e1sos kedvezm\u00e9nyrendszerrel. A m\u00e1r nem tanul\u00f3 26 \u00e9ven aluliak a 33 sz\u00e1zal\u00e9kos h\u00e9tv\u00e9gi kedvezm\u00e9nyt december 23-\u00e1n 10 \u00f3r\u00e1t\u00f3l janu\u00e1r 1-\u00e9n \u00e9jf\u00e9lig vehetik ig\u00e9nybe.<\/p>\n<p>A M\u00c1V-START vonatai december 24-\u00e9n a szombatra, december 25-\u00e9n az \u00fcnnepnapra, december 26-\u00e1n pedig a vas\u00e1rnapra \u00e9rv\u00e9nyes menetrend szerint k\u00f6zlekednek. \u00c9v v\u00e9g\u00e9n, szilveszterkor \u00e9s j\u00f6v\u0151 \u00e9v elej\u00e9n nem v\u00e1ltozik a napt\u00e1ri naphoz k\u00e9pest a vas\u00fati k\u00f6zleked\u00e9si rend, azaz 30-\u00e1n p\u00e9nteki, 31-\u00e9n szombati, \u00faj\u00e9v napj\u00e1n vas\u00e1rnapi, janu\u00e1r 2-t\u00f3l pedig a m\u00e1r megszokott munkanapi menetrend szerint j\u00e1rnak a vonatok.<\/p>\n<p>A budapesti el\u0151v\u00e1rosi vonalak t\u00f6bbs\u00e9g\u00e9n feloldj\u00e1k a kar\u00e1csony \u00e9s \u00faj\u00e9v k\u00f6z\u00f6tt kor\u00e1bban alkalmazott k\u00f6zleked\u00e9si korl\u00e1toz\u00e1sok jelent\u0151s r\u00e9sz\u00e9t, a szem\u00e9ly- \u00e9s gyors\u00edtott vonatok az \u00fcnnepi id\u0151szakra es\u0151 munkah\u00e9ten is s\u0171r\u0171 kiszolg\u00e1l\u00e1st biztos\u00edtanak. Az esztergomi vonalon a megszokott munkanapi menetrend szerint k\u00f6zlekednek a vonatok. A Budapest\u2013V\u00e1c\u2013Szob vonalon a Nyugati p\u00e1lyaudvarr\u00f3l d\u00e9lut\u00e1n \u00e9s este minden megszokott G70-es vonat j\u00e1r \u00e9s reggel a f\u0151v\u00e1ros fel\u00e9 is minden munkanapi vonat indul Szobr\u00f3l, illetve V\u00e1cr\u00f3l. Az S70-es v\u00e1ci vonatok december 24-\u00e9n, 25-\u00e9n \u00e9s 26-\u00e1n ritk\u00e1bban, csak \u00f3r\u00e1nk\u00e9nt indulnak.<\/p>\n<p>V\u00e1rhat\u00f3an sokan kelnek \u00fatra vonattal is, ez\u00e9rt \u00e9rdemes el\u0151v\u00e9telben megv\u00e1ltani a menetjegyeket. Vas\u00fati jegyv\u00e1lt\u00e1shoz az utasok 5 sz\u00e1zal\u00e9kos kedvezm\u00e9nnyel haszn\u00e1lhatj\u00e1k az automat\u00e1kat, \u00e9s 10 sz\u00e1zal\u00e9kos kedvezm\u00e9nnyel vehetik ig\u00e9nybe az <span style=\"text-decoration: underline; color: #0000ff;\"><a style=\"color: #0000ff; text-decoration: underline;\" tabindex=\"0\" href=\"https:\/\/www.mavcsoport.hu\/mav-start\/belfoldi-utazas\/vegye-meg-interneten-vonatjegyet\" target=\"_blank\" rel=\"noopener\">online jegyv\u00e1s\u00e1rl\u00e1st<\/a><\/span> a <a tabindex=\"0\" href=\"https:\/\/jegy.mav.hu\/\" target=\"_blank\" rel=\"noopener\"><span style=\"text-decoration: underline; color: #0000ff;\">meg\u00fajult Elvir\u00e1n<\/span><\/a> vagy a <a tabindex=\"0\" href=\"https:\/\/www.mavcsoport.hu\/mav-start\/belfoldi-utazas\/mav-applikacio-mindent-tudo-vasuti-utazastervezo\" target=\"_blank\" rel=\"noopener\"><span style=\"text-decoration: underline; color: #0000ff;\">M\u00c1V applik\u00e1ci\u00f3ban<\/span><\/a> is. A meg\u00fajult Elvir\u00e1n m\u00e1r figyelhet\u0151 az adott vonat \u00fcl\u0151hely-foglalts\u00e1ga a helyjegy elad\u00e1sok alapj\u00e1n, \u00edgy az utasok v\u00e1laszthatnak elegend\u0151 kapacit\u00e1ssal k\u00f6zleked\u0151 (InterCity, railjet xpress) vonatokat.<\/p>\n<h3><strong>Vol\u00e1nbusz<\/strong><\/h3>\n<p>A Vol\u00e1nbusz helyi \u00e9s helyk\u00f6zi aut\u00f3buszainak k\u00f6zleked\u00e9si rendje is v\u00e1ltozik: december 21-\u00e9n, szerd\u00e1n munkanapon \u00e9s a h\u00e9t utols\u00f3 tan\u00edt\u00e1si napj\u00e1n, 22-\u00e9n tan\u00edt\u00e1si sz\u00fcnetes munkanapon, 23-\u00e1n a h\u00e9t utols\u00f3 tan\u00edt\u00e1si sz\u00fcnetes munkanapj\u00e1n \u00e9rv\u00e9nyes menetrend szerint indulnak a j\u00e1ratok. Az elm\u00falt \u00e9vekhez hasonl\u00f3an december 24-\u00e9n, szenteste a szabadnapi menetrendnek megfelel\u0151en indulnak az aut\u00f3buszok. December 25-\u00e9n \u00e9s 26-\u00e1n, kar\u00e1csonykor munkasz\u00fcneti nap, illetve a h\u00e9t els\u0151 tan\u00edt\u00e1si sz\u00fcnetes munkanapj\u00e1t megel\u0151z\u0151 munkasz\u00fcneti nap beoszt\u00e1sa szerint indulnak a buszok. December 24-\u00e9n (szenteste) \u00e9s kar\u00e1csonyt\u00f3l \u00faj\u00e9v napj\u00e1ig sz\u00e1mos j\u00e1rat nem k\u00f6zlekedik. A r\u00e9szletek\u00e9rt k\u00e9rj\u00fck, figyelj\u00e9k a kihelyezett t\u00e1j\u00e9koztat\u00f3kat \u00e9s l\u00e1togassanak el a <a href=\"https:\/\/www.volanbusz.hu\/hu\" target=\"_blank\" rel=\"noopener\"><span style=\"text-decoration: underline; color: #0000ff;\">Vol\u00e1nbusz<\/span><\/a> honlapj\u00e1ra!<\/p>\n<p>December 27. \u00e9s 30. k\u00f6z\u00f6tt a tan\u00edt\u00e1si sz\u00fcnet munkanapjaira \u00e9rv\u00e9nyes menetrend szerint k\u00f6zlekednek a Vol\u00e1nbusz j\u00e1rm\u0171vei, ezen bel\u00fcl kedden a h\u00e9t els\u0151, p\u00e9nteken a h\u00e9t utols\u00f3 tan\u00edt\u00e1si sz\u00fcnetes munkanapj\u00e1ra meghirdetett menetrend lesz \u00e9rv\u00e9nyben. December 31-\u00e9n, szilveszterkor szabadnapi, janu\u00e1r 1-j\u00e9n, \u00faj\u00e9vkor a h\u00e9t els\u0151 tan\u00edt\u00e1si sz\u00fcnetes munkanapj\u00e1t megel\u0151z\u0151 munkasz\u00fcneti napnak megfelel\u0151 menetrend szerint indulnak a j\u00e1ratok.<\/p>\n<p>Janu\u00e1r 2. \u00e9s 6. k\u00f6z\u00f6tt szint\u00e9n a tan\u00edt\u00e1si sz\u00fcnet munkanapjaira \u00e9rv\u00e9nyes menetrend szerint indulnak az aut\u00f3buszj\u00e1ratok. Janu\u00e1r 7-\u00e9n szabadnap, 8-\u00e1n a h\u00e9t els\u0151 tan\u00edt\u00e1si \u00e9s munkanapj\u00e1t megel\u0151z\u0151 munkasz\u00fcneti nap menetrendje \u00e9rv\u00e9nyes. Janu\u00e1r 9-\u00e9n, h\u00e9tf\u0151n a h\u00e9t els\u0151 munka- \u00e9s tan\u00edt\u00e1si napj\u00e1ra meghirdetett aut\u00f3buszok indulnak. A helyk\u00f6zi k\u00f6zleked\u00e9s esetleges tov\u00e1bbi korl\u00e1toz\u00e1sai megyei bont\u00e1sban <a tabindex=\"0\" href=\"https:\/\/www.volanbusz.hu\/hu\/hirek\/hir\/39829#megyei\" target=\"_blank\" rel=\"noopener\"><span style=\"text-decoration: underline; color: #0000ff;\">itt olvashat\u00f3k<\/span><\/a><span style=\"color: #000000;\">. <\/span>Egyes telep\u00fcl\u00e9seken a helyi j\u00e1ratok az \u00e1ltal\u00e1nos k\u00f6zleked\u00e9si rendt\u0151l elt\u00e9r\u0151en k\u00f6zlekedhetnek. A helyi j\u00e1ratok \u00fcnnepi k\u00f6zleked\u00e9si rendje <span style=\"color: #0000ff;\"><a style=\"color: #0000ff;\" tabindex=\"0\" href=\"https:\/\/www.volanbusz.hu\/hu\/hirek\/hir\/39829#helyi\" target=\"_blank\" rel=\"noopener\"><span style=\"text-decoration: underline;\">itt \u00e9rhet\u0151 el<\/span><\/a><span style=\"color: #000000;\">.<\/span><\/span><\/p>\n<h3><strong>M\u00c1V-H\u00c9V<\/strong><\/h3>\n<p>December 22-\u00e9n \u00e9s 23-\u00e1n a h\u00e9v-j\u00e1ratok a tan\u00edt\u00e1si sz\u00fcnet munkanapjain \u00e9rv\u00e9nyes menetrend szerint k\u00f6zlekednek. December 24-\u00e9n napk\u00f6zben a H\u00c9V a szombati menetrend szerint j\u00e1r. A H5-\u00f6s, a H6-os, a H8-as \u00e9s a H9-es H\u00c9V vonal\u00e1n 16 \u00f3ra ut\u00e1n is biztos\u00edtj\u00e1k az utaz\u00e1si lehet\u0151s\u00e9get. A december 31-\u00e9r\u0151l janu\u00e1r 1-j\u00e9re virrad\u00f3 \u00e9jszak\u00e1n valamennyi H\u00c9V-vonalon biztos\u00edtott az \u00e9jszakai eljut\u00e1s.&nbsp;A kar\u00e1csonyi \u00e9s \u00e9v v\u00e9gi \u00fcnnepi menetrend <a href=\"https:\/\/www.mav-hev.hu\/hu\/hevvege2022\" target=\"_blank\" rel=\"noopener\"><span style=\"text-decoration: underline; color: #0000ff;\">itt<\/span><\/a> tekinthet\u0151 meg.<\/p>\n<p><em>M\u00c1V Zrt. Kommunik\u00e1ci\u00f3s Igazgat\u00f3s\u00e1g<\/em><\/p>\n","protected":false},"excerpt":{"rendered":"<p>A M\u00c1V-Vol\u00e1n-csoporthoz tartoz\u00f3 k\u00f6zleked\u00e9si t\u00e1rsas\u00e1gok az \u00fcnnepekhez igaz\u00edtott\u00e1k a j\u00e1ratok k\u00f6zleked\u00e9si rendj\u00e9t. M\u00c1V A december 22-t\u0151l janu\u00e1r 2-ig terjed\u0151 \u00fcnnepi id\u0151szakban a gyermekek, csal\u00e1dosok, tanul\u00f3k, di\u00e1k- \u00e9s feln\u0151tt csoportok, nyugd\u00edjasok is \u00e9lhetnek a szok\u00e1sos kedvezm\u00e9nyrendszerrel. A m\u00e1r nem tanul\u00f3 26 \u00e9ven aluliak a 33 sz\u00e1zal\u00e9kos h\u00e9tv\u00e9gi kedvezm\u00e9nyt december 23-\u00e1n 10 \u00f3r\u00e1t\u00f3l janu\u00e1r 1-\u00e9n \u00e9jf\u00e9lig vehetik<\/p>\n","protected":false},"author":1,"featured_media":31017,"comment_status":"closed","ping_status":"closed","sticky":false,"template":"","format":"standard","meta":{"ngg_post_thumbnail":0,"footnotes":""},"categories":[3],"tags":[458,1043,292,293,381,1015,291],"class_list":{"0":"post-48913","1":"post","2":"type-post","3":"status-publish","4":"format-standard","5":"has-post-thumbnail","7":"category-hirek","8":"tag-autobusz","9":"tag-busz","10":"tag-mav","11":"tag-menetrend","12":"tag-vasut","13":"tag-volanbusz","14":"tag-vonat"},"yoast_head":"<!-- This site is optimized with the Yoast SEO plugin v27.4 - https:\/\/yoast.com\/product\/yoast-seo-wordpress\/ -->\n<title>Kar\u00e1csonyi \u00e9s \u00e9v v\u00e9gi \u00fcnnepi forgalom a M\u00c1V-Vol\u00e1n-csoport j\u00e1ratain\u00e1l<\/title>\n<meta name=\"robots\" content=\"index, follow, max-snippet:-1, max-image-preview:large, max-video-preview:-1\" \/>\n<link rel=\"canonical\" href=\"https:\/\/dorogimedence.hu\/index.php\/2022\/12\/21\/karacsonyi-es-ev-vegi-unnepi-forgalom-a-mav-volan-csoport-jaratainal\/\" class=\"yoast-seo-meta-tag\" \/>\n<meta property=\"og:locale\" content=\"hu_HU\" class=\"yoast-seo-meta-tag\" \/>\n<meta property=\"og:type\" content=\"article\" class=\"yoast-seo-meta-tag\" \/>\n<meta property=\"og:title\" content=\"Kar\u00e1csonyi \u00e9s \u00e9v v\u00e9gi \u00fcnnepi forgalom a M\u00c1V-Vol\u00e1n-csoport j\u00e1ratain\u00e1l\" class=\"yoast-seo-meta-tag\" \/>\n<meta property=\"og:description\" content=\"A M\u00c1V-Vol\u00e1n-csoporthoz tartoz\u00f3 k\u00f6zleked\u00e9si t\u00e1rsas\u00e1gok az \u00fcnnepekhez igaz\u00edtott\u00e1k a j\u00e1ratok k\u00f6zleked\u00e9si rendj\u00e9t. M\u00c1V A december 22-t\u0151l janu\u00e1r 2-ig terjed\u0151 \u00fcnnepi id\u0151szakban a gyermekek, csal\u00e1dosok, tanul\u00f3k, di\u00e1k- \u00e9s feln\u0151tt csoportok, nyugd\u00edjasok is \u00e9lhetnek a szok\u00e1sos kedvezm\u00e9nyrendszerrel. A m\u00e1r nem tanul\u00f3 26 \u00e9ven aluliak a 33 sz\u00e1zal\u00e9kos h\u00e9tv\u00e9gi kedvezm\u00e9nyt december 23-\u00e1n 10 \u00f3r\u00e1t\u00f3l janu\u00e1r 1-\u00e9n \u00e9jf\u00e9lig vehetik\" class=\"yoast-seo-meta-tag\" \/>\n<meta property=\"og:url\" content=\"https:\/\/dorogimedence.hu\/index.php\/2022\/12\/21\/karacsonyi-es-ev-vegi-unnepi-forgalom-a-mav-volan-csoport-jaratainal\/\" class=\"yoast-seo-meta-tag\" \/>\n<meta property=\"og:site_name\" content=\"Dorogi-medence Region\u00e1lis H\u00edrport\u00e1l\" class=\"yoast-seo-meta-tag\" \/>\n<meta property=\"article:publisher\" content=\"https:\/\/www.facebook.com\/dorogimedence\/\" class=\"yoast-seo-meta-tag\" \/>\n<meta property=\"article:published_time\" content=\"2022-12-21T08:21:32+00:00\" class=\"yoast-seo-meta-tag\" \/>\n<meta property=\"article:modified_time\" content=\"2022-12-21T08:22:30+00:00\" class=\"yoast-seo-meta-tag\" \/>\n<meta property=\"og:image\" content=\"https:\/\/dorogimedence.hu\/wp-content\/uploads\/2021\/03\/vonat-busz.png\" class=\"yoast-seo-meta-tag\" \/>\n\t<meta property=\"og:image:width\" content=\"830\" class=\"yoast-seo-meta-tag\" \/>\n\t<meta property=\"og:image:height\" content=\"450\" class=\"yoast-seo-meta-tag\" \/>\n\t<meta property=\"og:image:type\" content=\"image\/png\" class=\"yoast-seo-meta-tag\" \/>\n<meta name=\"author\" content=\"dorogimedence.hu\" class=\"yoast-seo-meta-tag\" \/>\n<meta name=\"twitter:card\" content=\"summary_large_image\" class=\"yoast-seo-meta-tag\" \/>\n<meta name=\"twitter:label1\" content=\"Szerz\u0151:\" class=\"yoast-seo-meta-tag\" \/>\n\t<meta name=\"twitter:data1\" content=\"dorogimedence.hu\" class=\"yoast-seo-meta-tag\" \/>\n\t<meta name=\"twitter:label2\" content=\"Becs\u00fclt olvas\u00e1si id\u0151\" class=\"yoast-seo-meta-tag\" \/>\n\t<meta name=\"twitter:data2\" content=\"4 perc\" class=\"yoast-seo-meta-tag\" \/>\n<script type=\"application\/ld+json\" class=\"yoast-schema-graph\">{\"@context\":\"https:\\\/\\\/schema.org\",\"@graph\":[{\"@type\":\"Article\",\"@id\":\"https:\\\/\\\/dorogimedence.hu\\\/index.php\\\/2022\\\/12\\\/21\\\/karacsonyi-es-ev-vegi-unnepi-forgalom-a-mav-volan-csoport-jaratainal\\\/#article\",\"isPartOf\":{\"@id\":\"https:\\\/\\\/dorogimedence.hu\\\/index.php\\\/2022\\\/12\\\/21\\\/karacsonyi-es-ev-vegi-unnepi-forgalom-a-mav-volan-csoport-jaratainal\\\/\"},\"author\":{\"name\":\"dorogimedence.hu\",\"@id\":\"https:\\\/\\\/dorogimedence.hu\\\/#\\\/schema\\\/person\\\/ce6091eeb7e95ecdc87890d6aa8e0fd4\"},\"headline\":\"Kar\u00e1csonyi \u00e9s \u00e9v v\u00e9gi \u00fcnnepi forgalom a M\u00c1V-Vol\u00e1n-csoport j\u00e1ratain\u00e1l\",\"datePublished\":\"2022-12-21T08:21:32+00:00\",\"dateModified\":\"2022-12-21T08:22:30+00:00\",\"mainEntityOfPage\":{\"@id\":\"https:\\\/\\\/dorogimedence.hu\\\/index.php\\\/2022\\\/12\\\/21\\\/karacsonyi-es-ev-vegi-unnepi-forgalom-a-mav-volan-csoport-jaratainal\\\/\"},\"wordCount\":896,\"publisher\":{\"@id\":\"https:\\\/\\\/dorogimedence.hu\\\/#organization\"},\"image\":{\"@id\":\"https:\\\/\\\/dorogimedence.hu\\\/index.php\\\/2022\\\/12\\\/21\\\/karacsonyi-es-ev-vegi-unnepi-forgalom-a-mav-volan-csoport-jaratainal\\\/#primaryimage\"},\"thumbnailUrl\":\"https:\\\/\\\/dorogimedence.hu\\\/wp-content\\\/uploads\\\/2021\\\/03\\\/vonat-busz.png\",\"keywords\":[\"aut\u00f3busz\",\"busz\",\"m\u00e1v\",\"menetrend\",\"vas\u00fat\",\"vol\u00e1nbusz\",\"vonat\"],\"articleSection\":[\"H\u00edrek\"],\"inLanguage\":\"hu\"},{\"@type\":\"WebPage\",\"@id\":\"https:\\\/\\\/dorogimedence.hu\\\/index.php\\\/2022\\\/12\\\/21\\\/karacsonyi-es-ev-vegi-unnepi-forgalom-a-mav-volan-csoport-jaratainal\\\/\",\"url\":\"https:\\\/\\\/dorogimedence.hu\\\/index.php\\\/2022\\\/12\\\/21\\\/karacsonyi-es-ev-vegi-unnepi-forgalom-a-mav-volan-csoport-jaratainal\\\/\",\"name\":\"Kar\u00e1csonyi \u00e9s \u00e9v v\u00e9gi \u00fcnnepi forgalom a M\u00c1V-Vol\u00e1n-csoport j\u00e1ratain\u00e1l\",\"isPartOf\":{\"@id\":\"https:\\\/\\\/dorogimedence.hu\\\/#website\"},\"primaryImageOfPage\":{\"@id\":\"https:\\\/\\\/dorogimedence.hu\\\/index.php\\\/2022\\\/12\\\/21\\\/karacsonyi-es-ev-vegi-unnepi-forgalom-a-mav-volan-csoport-jaratainal\\\/#primaryimage\"},\"image\":{\"@id\":\"https:\\\/\\\/dorogimedence.hu\\\/index.php\\\/2022\\\/12\\\/21\\\/karacsonyi-es-ev-vegi-unnepi-forgalom-a-mav-volan-csoport-jaratainal\\\/#primaryimage\"},\"thumbnailUrl\":\"https:\\\/\\\/dorogimedence.hu\\\/wp-content\\\/uploads\\\/2021\\\/03\\\/vonat-busz.png\",\"datePublished\":\"2022-12-21T08:21:32+00:00\",\"dateModified\":\"2022-12-21T08:22:30+00:00\",\"breadcrumb\":{\"@id\":\"https:\\\/\\\/dorogimedence.hu\\\/index.php\\\/2022\\\/12\\\/21\\\/karacsonyi-es-ev-vegi-unnepi-forgalom-a-mav-volan-csoport-jaratainal\\\/#breadcrumb\"},\"inLanguage\":\"hu\",\"potentialAction\":[{\"@type\":\"ReadAction\",\"target\":[\"https:\\\/\\\/dorogimedence.hu\\\/index.php\\\/2022\\\/12\\\/21\\\/karacsonyi-es-ev-vegi-unnepi-forgalom-a-mav-volan-csoport-jaratainal\\\/\"]}]},{\"@type\":\"ImageObject\",\"inLanguage\":\"hu\",\"@id\":\"https:\\\/\\\/dorogimedence.hu\\\/index.php\\\/2022\\\/12\\\/21\\\/karacsonyi-es-ev-vegi-unnepi-forgalom-a-mav-volan-csoport-jaratainal\\\/#primaryimage\",\"url\":\"https:\\\/\\\/dorogimedence.hu\\\/wp-content\\\/uploads\\\/2021\\\/03\\\/vonat-busz.png\",\"contentUrl\":\"https:\\\/\\\/dorogimedence.hu\\\/wp-content\\\/uploads\\\/2021\\\/03\\\/vonat-busz.png\",\"width\":830,\"height\":450},{\"@type\":\"BreadcrumbList\",\"@id\":\"https:\\\/\\\/dorogimedence.hu\\\/index.php\\\/2022\\\/12\\\/21\\\/karacsonyi-es-ev-vegi-unnepi-forgalom-a-mav-volan-csoport-jaratainal\\\/#breadcrumb\",\"itemListElement\":[{\"@type\":\"ListItem\",\"position\":1,\"name\":\"Kezd\u0151lap\",\"item\":\"https:\\\/\\\/dorogimedence.hu\\\/\"},{\"@type\":\"ListItem\",\"position\":2,\"name\":\"Kar\u00e1csonyi \u00e9s \u00e9v v\u00e9gi \u00fcnnepi forgalom a M\u00c1V-Vol\u00e1n-csoport j\u00e1ratain\u00e1l\"}]},{\"@type\":\"WebSite\",\"@id\":\"https:\\\/\\\/dorogimedence.hu\\\/#website\",\"url\":\"https:\\\/\\\/dorogimedence.hu\\\/\",\"name\":\"Dorogi-medence Region\u00e1lis H\u00edrport\u00e1l\",\"description\":\"Dorog, Keszt\u00f6lc, Le\u00e1nyv\u00e1r, Piliscs\u00e9v, Tokod, Tokodalt\u00e1r\u00f3, Csolnok, Esztergom-kertv\u00e1ros: h\u00edrek, programok\",\"publisher\":{\"@id\":\"https:\\\/\\\/dorogimedence.hu\\\/#organization\"},\"potentialAction\":[{\"@type\":\"SearchAction\",\"target\":{\"@type\":\"EntryPoint\",\"urlTemplate\":\"https:\\\/\\\/dorogimedence.hu\\\/?s={search_term_string}\"},\"query-input\":{\"@type\":\"PropertyValueSpecification\",\"valueRequired\":true,\"valueName\":\"search_term_string\"}}],\"inLanguage\":\"hu\"},{\"@type\":\"Organization\",\"@id\":\"https:\\\/\\\/dorogimedence.hu\\\/#organization\",\"name\":\"Dorogi-medence Region\u00e1lis H\u00edrport\u00e1l\",\"url\":\"https:\\\/\\\/dorogimedence.hu\\\/\",\"logo\":{\"@type\":\"ImageObject\",\"inLanguage\":\"hu\",\"@id\":\"https:\\\/\\\/dorogimedence.hu\\\/#\\\/schema\\\/logo\\\/image\\\/\",\"url\":\"https:\\\/\\\/dorogimedence.hu\\\/wp-content\\\/uploads\\\/2021\\\/04\\\/logo-feher-600.png\",\"contentUrl\":\"https:\\\/\\\/dorogimedence.hu\\\/wp-content\\\/uploads\\\/2021\\\/04\\\/logo-feher-600.png\",\"width\":600,\"height\":100,\"caption\":\"Dorogi-medence Region\u00e1lis H\u00edrport\u00e1l\"},\"image\":{\"@id\":\"https:\\\/\\\/dorogimedence.hu\\\/#\\\/schema\\\/logo\\\/image\\\/\"},\"sameAs\":[\"https:\\\/\\\/www.facebook.com\\\/dorogimedence\\\/\"]},{\"@type\":\"Person\",\"@id\":\"https:\\\/\\\/dorogimedence.hu\\\/#\\\/schema\\\/person\\\/ce6091eeb7e95ecdc87890d6aa8e0fd4\",\"name\":\"dorogimedence.hu\",\"image\":{\"@type\":\"ImageObject\",\"inLanguage\":\"hu\",\"@id\":\"\\\/\\\/www.gravatar.com\\\/avatar\\\/d8d45f8901aadff40a4af72c0b826f1d?s=96&#038;r=g&#038;d=mm\",\"url\":\"\\\/\\\/www.gravatar.com\\\/avatar\\\/d8d45f8901aadff40a4af72c0b826f1d?s=96&#038;r=g&#038;d=mm\",\"contentUrl\":\"\\\/\\\/www.gravatar.com\\\/avatar\\\/d8d45f8901aadff40a4af72c0b826f1d?s=96&#038;r=g&#038;d=mm\",\"caption\":\"dorogimedence.hu\"}}]}<\/script>\n<!-- \/ Yoast SEO plugin. -->","yoast_head_json":{"title":"Kar\u00e1csonyi \u00e9s \u00e9v v\u00e9gi \u00fcnnepi forgalom a M\u00c1V-Vol\u00e1n-csoport j\u00e1ratain\u00e1l","robots":{"index":"index","follow":"follow","max-snippet":"max-snippet:-1","max-image-preview":"max-image-preview:large","max-video-preview":"max-video-preview:-1"},"canonical":"https:\/\/dorogimedence.hu\/index.php\/2022\/12\/21\/karacsonyi-es-ev-vegi-unnepi-forgalom-a-mav-volan-csoport-jaratainal\/","og_locale":"hu_HU","og_type":"article","og_title":"Kar\u00e1csonyi \u00e9s \u00e9v v\u00e9gi \u00fcnnepi forgalom a M\u00c1V-Vol\u00e1n-csoport j\u00e1ratain\u00e1l","og_description":"A M\u00c1V-Vol\u00e1n-csoporthoz tartoz\u00f3 k\u00f6zleked\u00e9si t\u00e1rsas\u00e1gok az \u00fcnnepekhez igaz\u00edtott\u00e1k a j\u00e1ratok k\u00f6zleked\u00e9si rendj\u00e9t. M\u00c1V A december 22-t\u0151l janu\u00e1r 2-ig terjed\u0151 \u00fcnnepi id\u0151szakban a gyermekek, csal\u00e1dosok, tanul\u00f3k, di\u00e1k- \u00e9s feln\u0151tt csoportok, nyugd\u00edjasok is \u00e9lhetnek a szok\u00e1sos kedvezm\u00e9nyrendszerrel. A m\u00e1r nem tanul\u00f3 26 \u00e9ven aluliak a 33 sz\u00e1zal\u00e9kos h\u00e9tv\u00e9gi kedvezm\u00e9nyt december 23-\u00e1n 10 \u00f3r\u00e1t\u00f3l janu\u00e1r 1-\u00e9n \u00e9jf\u00e9lig vehetik","og_url":"https:\/\/dorogimedence.hu\/index.php\/2022\/12\/21\/karacsonyi-es-ev-vegi-unnepi-forgalom-a-mav-volan-csoport-jaratainal\/","og_site_name":"Dorogi-medence Region\u00e1lis H\u00edrport\u00e1l","article_publisher":"https:\/\/www.facebook.com\/dorogimedence\/","article_published_time":"2022-12-21T08:21:32+00:00","article_modified_time":"2022-12-21T08:22:30+00:00","og_image":[{"width":830,"height":450,"url":"https:\/\/dorogimedence.hu\/wp-content\/uploads\/2021\/03\/vonat-busz.png","type":"image\/png"}],"author":"dorogimedence.hu","twitter_card":"summary_large_image","twitter_misc":{"Szerz\u0151:":"dorogimedence.hu","Becs\u00fclt olvas\u00e1si id\u0151":"4 perc"},"schema":{"@context":"https:\/\/schema.org","@graph":[{"@type":"Article","@id":"https:\/\/dorogimedence.hu\/index.php\/2022\/12\/21\/karacsonyi-es-ev-vegi-unnepi-forgalom-a-mav-volan-csoport-jaratainal\/#article","isPartOf":{"@id":"https:\/\/dorogimedence.hu\/index.php\/2022\/12\/21\/karacsonyi-es-ev-vegi-unnepi-forgalom-a-mav-volan-csoport-jaratainal\/"},"author":{"name":"dorogimedence.hu","@id":"https:\/\/dorogimedence.hu\/#\/schema\/person\/ce6091eeb7e95ecdc87890d6aa8e0fd4"},"headline":"Kar\u00e1csonyi \u00e9s \u00e9v v\u00e9gi \u00fcnnepi forgalom a M\u00c1V-Vol\u00e1n-csoport j\u00e1ratain\u00e1l","datePublished":"2022-12-21T08:21:32+00:00","dateModified":"2022-12-21T08:22:30+00:00","mainEntityOfPage":{"@id":"https:\/\/dorogimedence.hu\/index.php\/2022\/12\/21\/karacsonyi-es-ev-vegi-unnepi-forgalom-a-mav-volan-csoport-jaratainal\/"},"wordCount":896,"publisher":{"@id":"https:\/\/dorogimedence.hu\/#organization"},"image":{"@id":"https:\/\/dorogimedence.hu\/index.php\/2022\/12\/21\/karacsonyi-es-ev-vegi-unnepi-forgalom-a-mav-volan-csoport-jaratainal\/#primaryimage"},"thumbnailUrl":"https:\/\/dorogimedence.hu\/wp-content\/uploads\/2021\/03\/vonat-busz.png","keywords":["aut\u00f3busz","busz","m\u00e1v","menetrend","vas\u00fat","vol\u00e1nbusz","vonat"],"articleSection":["H\u00edrek"],"inLanguage":"hu"},{"@type":"WebPage","@id":"https:\/\/dorogimedence.hu\/index.php\/2022\/12\/21\/karacsonyi-es-ev-vegi-unnepi-forgalom-a-mav-volan-csoport-jaratainal\/","url":"https:\/\/dorogimedence.hu\/index.php\/2022\/12\/21\/karacsonyi-es-ev-vegi-unnepi-forgalom-a-mav-volan-csoport-jaratainal\/","name":"Kar\u00e1csonyi \u00e9s \u00e9v v\u00e9gi \u00fcnnepi forgalom a M\u00c1V-Vol\u00e1n-csoport j\u00e1ratain\u00e1l","isPartOf":{"@id":"https:\/\/dorogimedence.hu\/#website"},"primaryImageOfPage":{"@id":"https:\/\/dorogimedence.hu\/index.php\/2022\/12\/21\/karacsonyi-es-ev-vegi-unnepi-forgalom-a-mav-volan-csoport-jaratainal\/#primaryimage"},"image":{"@id":"https:\/\/dorogimedence.hu\/index.php\/2022\/12\/21\/karacsonyi-es-ev-vegi-unnepi-forgalom-a-mav-volan-csoport-jaratainal\/#primaryimage"},"thumbnailUrl":"https:\/\/dorogimedence.hu\/wp-content\/uploads\/2021\/03\/vonat-busz.png","datePublished":"2022-12-21T08:21:32+00:00","dateModified":"2022-12-21T08:22:30+00:00","breadcrumb":{"@id":"https:\/\/dorogimedence.hu\/index.php\/2022\/12\/21\/karacsonyi-es-ev-vegi-unnepi-forgalom-a-mav-volan-csoport-jaratainal\/#breadcrumb"},"inLanguage":"hu","potentialAction":[{"@type":"ReadAction","target":["https:\/\/dorogimedence.hu\/index.php\/2022\/12\/21\/karacsonyi-es-ev-vegi-unnepi-forgalom-a-mav-volan-csoport-jaratainal\/"]}]},{"@type":"ImageObject","inLanguage":"hu","@id":"https:\/\/dorogimedence.hu\/index.php\/2022\/12\/21\/karacsonyi-es-ev-vegi-unnepi-forgalom-a-mav-volan-csoport-jaratainal\/#primaryimage","url":"https:\/\/dorogimedence.hu\/wp-content\/uploads\/2021\/03\/vonat-busz.png","contentUrl":"https:\/\/dorogimedence.hu\/wp-content\/uploads\/2021\/03\/vonat-busz.png","width":830,"height":450},{"@type":"BreadcrumbList","@id":"https:\/\/dorogimedence.hu\/index.php\/2022\/12\/21\/karacsonyi-es-ev-vegi-unnepi-forgalom-a-mav-volan-csoport-jaratainal\/#breadcrumb","itemListElement":[{"@type":"ListItem","position":1,"name":"Kezd\u0151lap","item":"https:\/\/dorogimedence.hu\/"},{"@type":"ListItem","position":2,"name":"Kar\u00e1csonyi \u00e9s \u00e9v v\u00e9gi \u00fcnnepi forgalom a M\u00c1V-Vol\u00e1n-csoport j\u00e1ratain\u00e1l"}]},{"@type":"WebSite","@id":"https:\/\/dorogimedence.hu\/#website","url":"https:\/\/dorogimedence.hu\/","name":"Dorogi-medence Region\u00e1lis H\u00edrport\u00e1l","description":"Dorog, Keszt\u00f6lc, Le\u00e1nyv\u00e1r, Piliscs\u00e9v, Tokod, Tokodalt\u00e1r\u00f3, Csolnok, Esztergom-kertv\u00e1ros: h\u00edrek, programok","publisher":{"@id":"https:\/\/dorogimedence.hu\/#organization"},"potentialAction":[{"@type":"SearchAction","target":{"@type":"EntryPoint","urlTemplate":"https:\/\/dorogimedence.hu\/?s={search_term_string}"},"query-input":{"@type":"PropertyValueSpecification","valueRequired":true,"valueName":"search_term_string"}}],"inLanguage":"hu"},{"@type":"Organization","@id":"https:\/\/dorogimedence.hu\/#organization","name":"Dorogi-medence Region\u00e1lis H\u00edrport\u00e1l","url":"https:\/\/dorogimedence.hu\/","logo":{"@type":"ImageObject","inLanguage":"hu","@id":"https:\/\/dorogimedence.hu\/#\/schema\/logo\/image\/","url":"https:\/\/dorogimedence.hu\/wp-content\/uploads\/2021\/04\/logo-feher-600.png","contentUrl":"https:\/\/dorogimedence.hu\/wp-content\/uploads\/2021\/04\/logo-feher-600.png","width":600,"height":100,"caption":"Dorogi-medence Region\u00e1lis H\u00edrport\u00e1l"},"image":{"@id":"https:\/\/dorogimedence.hu\/#\/schema\/logo\/image\/"},"sameAs":["https:\/\/www.facebook.com\/dorogimedence\/"]},{"@type":"Person","@id":"https:\/\/dorogimedence.hu\/#\/schema\/person\/ce6091eeb7e95ecdc87890d6aa8e0fd4","name":"dorogimedence.hu","image":{"@type":"ImageObject","inLanguage":"hu","@id":"\/\/www.gravatar.com\/avatar\/d8d45f8901aadff40a4af72c0b826f1d?s=96&#038;r=g&#038;d=mm","url":"\/\/www.gravatar.com\/avatar\/d8d45f8901aadff40a4af72c0b826f1d?s=96&#038;r=g&#038;d=mm","contentUrl":"\/\/www.gravatar.com\/avatar\/d8d45f8901aadff40a4af72c0b826f1d?s=96&#038;r=g&#038;d=mm","caption":"dorogimedence.hu"}}]}},"_links":{"self":[{"href":"https:\/\/dorogimedence.hu\/index.php\/wp-json\/wp\/v2\/posts\/48913","targetHints":{"allow":["GET"]}}],"collection":[{"href":"https:\/\/dorogimedence.hu\/index.php\/wp-json\/wp\/v2\/posts"}],"about":[{"href":"https:\/\/dorogimedence.hu\/index.php\/wp-json\/wp\/v2\/types\/post"}],"author":[{"embeddable":true,"href":"https:\/\/dorogimedence.hu\/index.php\/wp-json\/wp\/v2\/users\/1"}],"replies":[{"embeddable":true,"href":"https:\/\/dorogimedence.hu\/index.php\/wp-json\/wp\/v2\/comments?post=48913"}],"version-history":[{"count":0,"href":"https:\/\/dorogimedence.hu\/index.php\/wp-json\/wp\/v2\/posts\/48913\/revisions"}],"wp:featuredmedia":[{"embeddable":true,"href":"https:\/\/dorogimedence.hu\/index.php\/wp-json\/wp\/v2\/media\/31017"}],"wp:attachment":[{"href":"https:\/\/dorogimedence.hu\/index.php\/wp-json\/wp\/v2\/media?parent=48913"}],"wp:term":[{"taxonomy":"category","embeddable":true,"href":"https:\/\/dorogimedence.hu\/index.php\/wp-json\/wp\/v2\/categories?post=48913"},{"taxonomy":"post_tag","embeddable":true,"href":"https:\/\/dorogimedence.hu\/index.php\/wp-json\/wp\/v2\/tags?post=48913"}],"curies":[{"name":"wp","href":"https:\/\/api.w.org\/{rel}","templated":true}]}}