{"id":48891,"date":"2022-12-20T09:52:16","date_gmt":"2022-12-20T08:52:16","guid":{"rendered":"https:\/\/dorogimedence.hu\/?p=48891"},"modified":"2022-12-20T09:53:39","modified_gmt":"2022-12-20T08:53:39","slug":"teli-kirandulasokon-ujra-elkiser-kajla-kutya","status":"publish","type":"post","link":"https:\/\/dorogimedence.hu\/index.php\/2022\/12\/20\/teli-kirandulasokon-ujra-elkiser-kajla-kutya\/","title":{"rendered":"T\u00e9li kir\u00e1ndul\u00e1sokon \u00fajra elk\u00eds\u00e9r Kajla kutya"},"content":{"rendered":"<div class=\"field-lead\">\n<p><strong>A t\u00e9li sz\u00fcnet alatt ism\u00e9t haszn\u00e1lhatj\u00e1k Kajla \u00fatlevel\u00fcket az \u00e1ltal\u00e1nos iskol\u00e1sok a M\u00c1V-Vol\u00e1n-csoport \u00e9s a GYSEV j\u00e1ratain. Felh\u00edvjuk a figyelmet, hogy a 2022\/2023-as tan\u00e9vben \u00faj, vil\u00e1gosk\u00e9k \u00fatlevelet kapott minden kisiskol\u00e1s, a k\u00f6zel h\u00e1romhetes t\u00e9li sz\u00fcnetben m\u00e1r ez biztos\u00edt ingyenes utaz\u00e1st a belf\u00f6ldi helyk\u00f6zi vonatokon \u00e9s Vol\u00e1nbusz j\u00e1ratokon.<\/strong><\/p>\n<\/div>\n<div class=\"field-body\">\n<p>A december 22. \u00e9s janu\u00e1r 8. k\u00f6z\u00f6tti t\u00e9li sz\u00fcnetben, minden gyermek, aki a jegyv\u00e1s\u00e1rl\u00e1s sor\u00e1n felmutatja vil\u00e1gosk\u00e9k Kajla-\u00fatlevel\u00e9t \u00e9s szem\u00e9lyazonos\u00edt\u00e1sra alkalmas igazolv\u00e1ny\u00e1t (di\u00e1kigazolv\u00e1ny vagy szem\u00e9lyi igazolv\u00e1ny), korl\u00e1tlan sz\u00e1mban d\u00edjmentesen utazhat a M\u00c1V-START, a Vol\u00e1nbusz \u00e9s a GYSEV belf\u00f6ldi j\u00e1ratain.<\/p>\n<p>A 2022-es \u00e9v tavaszi sz\u00fcnet\u00e9ben k\u00f6zel 7000, a ny\u00e1ri sz\u00fcnetben t\u00f6bb mint 124 000 utaz\u00e1s t\u00f6rt\u00e9nt Kajla jegyekkel a M\u00c1V-START \u00e9s a Vol\u00e1nbusz j\u00e1ratain. Ebb\u0151l k\u00f6zel 12 000 KajlaBalaton24 jeggyel, amit a Balaton24 napijegy mell\u00e9 is lehetett megv\u00e1ltani. Id\u00e9n eddig k\u00f6zel 11 milli\u00f3 kil\u00f3m\u00e9tert utaztak a M\u00c1V-Vol\u00e1n-j\u00e1ratain a kisiskol\u00e1sok a sz\u00ednes \u00fatlevel\u00fckkel. A legkedveltebb \u00fatic\u00e9lok k\u00f6z\u00f6tt szerepelt Szentendre, Visegr\u00e1d, V\u00e1c, Tiszaf\u00fcred, Esztergom, Veszpr\u00e9m, Eger, Miskolc, Debrecen, Szeged \u00e9s term\u00e9szetesen a Balaton, p\u00e9ld\u00e1ul Si\u00f3fok \u00e9s Tihany.<\/p>\n<p>A nagy n\u00e9pszer\u0171s\u00e9gnek \u00f6rvend\u0151 \u201eHol vagy, Kajla?\u201d program t\u00f6bb mint h\u00e1rom \u00e9ve, 2019 nyar\u00e1n indult. A kezdem\u00e9nyez\u00e9s c\u00e9lja, hogy az \u00e1ltal\u00e1nos iskol\u00e1sok megismerj\u00e9k, \u00e9s csal\u00e1djukkal k\u00f6z\u00f6sen beutazz\u00e1k Magyarorsz\u00e1got. A program sok aktivit\u00e1s\u00e1nak egyik legfontosabb eleme a Kajla \u00fatlev\u00e9l, mert az ezzel rendelkez\u0151 \u00e1ltal\u00e1nos iskol\u00e1sok d\u00edjmentesen utazhatnak belf\u00f6ld\u00f6n. Az orsz\u00e1g szinte minden r\u00e9gi\u00f3j\u00e1ba sz\u00edvesen l\u00e1togatnak el vonattal \u00e9s busszal a gyerekek a csal\u00e1djukkal.<\/p>\n<p>A programhoz kapcsol\u00f3d\u00f3an a M\u00c1V-START 2019-ben Kajla kuty\u00e1val matric\u00e1zott fel egy Traxx mozdonyt, ami 2019-es indul\u00e1sa \u00f3ta t\u00f6bb mint egymilli\u00f3 kilom\u00e9tert tett meg az orsz\u00e1g f\u0151bb villamos\u00edtott vas\u00fatvonalain, illetve nemzetk\u00f6zi forgalomban B\u00e9cst\u0151l Bukarestig.<\/p>\n<p>Jegyv\u00e1lt\u00e1si inform\u00e1ci\u00f3k a t\u00e9li sz\u00fcnetben:<\/p>\n<p>December 22. \u00e9s janu\u00e1r 8. k\u00f6z\u00f6tt minden gyermek korl\u00e1tlan sz\u00e1mban d\u00edjmentesen utazhat a M\u00c1V-START, a Vol\u00e1nbusz \u00e9s a GYSEV belf\u00f6ldi j\u00e1ratain a pecs\u00e9tgy\u0171jt\u0151 vil\u00e1gosk\u00e9k Kajla-\u00fatlev\u00e9l \u00e9s szem\u00e9lyazonos\u00edt\u00e1sra alkalmas igazolv\u00e1ny\u00e1nak (di\u00e1kigazolv\u00e1ny vagy szem\u00e9lyi igazolv\u00e1ny) felmutat\u00e1s\u00e1val. A kor\u00e1bbi s\u00e1rga \u00e9s s\u00f6t\u00e9tk\u00e9k \u00fatlevelek ingyenes utaz\u00e1sra m\u00e1r nem jogos\u00edtanak.<\/p>\n<p>A d\u00edjmentes utaz\u00e1sra sz\u00f3l\u00f3 Kajla vas\u00fati regisztr\u00e1ci\u00f3s jegyet el\u0151re meg kell v\u00e1ltani, melyre a p\u00e9nzt\u00e1rakban, a jegykiad\u00f3 automat\u00e1kn\u00e1l, az \u00faj ELVIRA fel\u00fclet\u00e9n \u00e9s a M\u00c1V applik\u00e1ci\u00f3n kereszt\u00fcl van lehet\u0151s\u00e9g. A jegyet egy \u00fatra \u00e9s oda-vissza \u00fatra is meg lehet v\u00e1s\u00e1rolni az \u00e1ltal\u00e1nos utaz\u00e1si szab\u00e1lyok szerint. Az ingyenes utaz\u00e1s 2. kocsioszt\u00e1lyra \u00e9rv\u00e9nyes, fel\u00e1ras vonatokra a gyorsvonati p\u00f3tjegyet, a p\u00f3t- \u00e9s helyjegyet, a helyjegyet, vagy a p\u00f3tjegyet a Kajla kamp\u00e1ny keret\u00e9ben d\u00edjmentesen utaz\u00f3 gyermek r\u00e9sz\u00e9re is meg kell v\u00e1s\u00e1rolni. A M\u00c1V-START \u00e9s a GYSEV j\u00e1ratain a gyermekkel egy\u00fctt utaz\u00f3 egy vagy k\u00e9t k\u00eds\u00e9r\u0151 33 sz\u00e1zal\u00e9kos kedvezm\u00e9nyben r\u00e9szes\u00fcl, amennyiben m\u00e1s kedvezm\u00e9nnyel nem rendelkezik.<\/p>\n<p>Vol\u00e1nbuszos utaz\u00e1s eset\u00e9n a \u201eKajla regisztr\u00e1ci\u00f3s jegy\u201d el\u0151v\u00e9telben megv\u00e1lthat\u00f3 a t\u00e1rsas\u00e1g p\u00e9nzt\u00e1raiban \u00e9s utaz\u00e1skor az aut\u00f3buszj\u00e1ratok fed\u00e9lzet\u00e9n is. A Vol\u00e1nbuszn\u00e1l a gyermekekkel egy\u00fctt utaz\u00f3 k\u00eds\u00e9r\u0151k menetjegy\u00fcket a t\u00e1rsas\u00e1g hat\u00e1lyos d\u00edjszab\u00e1sa \u00e9s kedvezm\u00e9nyrendszere alapj\u00e1n v\u00e1s\u00e1rolhatj\u00e1k meg. A t\u00e1vols\u00e1gi kieg\u00e9sz\u00edt\u0151 jegyre kedvezm\u00e9ny nem \u00e9rv\u00e9nyes\u00edthet\u0151, \u00edgy (orsz\u00e1gos besorol\u00e1s\u00fa) emelt szint\u0171 szolg\u00e1ltat\u00e1st ny\u00fajt\u00f3 aut\u00f3buszj\u00e1rat ig\u00e9nybev\u00e9tele eset\u00e9n, a kieg\u00e9sz\u00edt\u0151 jegyet mind a gyermek, mind pedig a kis\u00e9r\u0151 r\u00e9sz\u00e9re ki kell adni.<\/p>\n<p>A Kajla kamp\u00e1nnyal kapcsolatos tov\u00e1bbi inform\u00e1ci\u00f3k a&nbsp;<span style=\"text-decoration: underline; color: #0000ff;\"><a style=\"color: #0000ff; text-decoration: underline;\" tabindex=\"0\" href=\"http:\/\/www.kajla.hu\/\" target=\"_blank\" rel=\"noopener\">www.kajla.hu<\/a><\/span>&nbsp;oldalon \u00e9rhet\u0151k el.<\/p>\n<p><em>Bor\u00edt\u00f3k\u00e9p, forr\u00e1s: M\u00c1V Zrt. Kommunik\u00e1ci\u00f3s Igazgat\u00f3s\u00e1g<\/em><\/p>\n<\/div>\n","protected":false},"excerpt":{"rendered":"<p>A t\u00e9li sz\u00fcnet alatt ism\u00e9t haszn\u00e1lhatj\u00e1k Kajla \u00fatlevel\u00fcket az \u00e1ltal\u00e1nos iskol\u00e1sok a M\u00c1V-Vol\u00e1n-csoport \u00e9s a GYSEV j\u00e1ratain. Felh\u00edvjuk a figyelmet, hogy a 2022\/2023-as tan\u00e9vben \u00faj, vil\u00e1gosk\u00e9k \u00fatlevelet kapott minden kisiskol\u00e1s, a k\u00f6zel h\u00e1romhetes t\u00e9li sz\u00fcnetben m\u00e1r ez biztos\u00edt ingyenes utaz\u00e1st a belf\u00f6ldi helyk\u00f6zi vonatokon \u00e9s Vol\u00e1nbusz j\u00e1ratokon. A december 22. \u00e9s janu\u00e1r 8. k\u00f6z\u00f6tti t\u00e9li<\/p>\n","protected":false},"author":1,"featured_media":48892,"comment_status":"closed","ping_status":"closed","sticky":false,"template":"","format":"standard","meta":{"ngg_post_thumbnail":0,"footnotes":""},"categories":[3],"tags":[458,1043,6185,292,381,1015,291],"class_list":{"0":"post-48891","1":"post","2":"type-post","3":"status-publish","4":"format-standard","5":"has-post-thumbnail","7":"category-hirek","8":"tag-autobusz","9":"tag-busz","10":"tag-kajla-utlevel","11":"tag-mav","12":"tag-vasut","13":"tag-volanbusz","14":"tag-vonat"},"yoast_head":"<!-- This site is optimized with the Yoast SEO plugin v27.5 - https:\/\/yoast.com\/product\/yoast-seo-wordpress\/ -->\n<title>T\u00e9li kir\u00e1ndul\u00e1sokon \u00fajra elk\u00eds\u00e9r Kajla kutya<\/title>\n<meta name=\"robots\" content=\"index, follow, max-snippet:-1, max-image-preview:large, max-video-preview:-1\" \/>\n<link rel=\"canonical\" href=\"https:\/\/dorogimedence.hu\/index.php\/2022\/12\/20\/teli-kirandulasokon-ujra-elkiser-kajla-kutya\/\" class=\"yoast-seo-meta-tag\" \/>\n<meta property=\"og:locale\" content=\"hu_HU\" class=\"yoast-seo-meta-tag\" \/>\n<meta property=\"og:type\" content=\"article\" class=\"yoast-seo-meta-tag\" \/>\n<meta property=\"og:title\" content=\"T\u00e9li kir\u00e1ndul\u00e1sokon \u00fajra elk\u00eds\u00e9r Kajla kutya\" class=\"yoast-seo-meta-tag\" \/>\n<meta property=\"og:description\" content=\"A t\u00e9li sz\u00fcnet alatt ism\u00e9t haszn\u00e1lhatj\u00e1k Kajla \u00fatlevel\u00fcket az \u00e1ltal\u00e1nos iskol\u00e1sok a M\u00c1V-Vol\u00e1n-csoport \u00e9s a GYSEV j\u00e1ratain. Felh\u00edvjuk a figyelmet, hogy a 2022\/2023-as tan\u00e9vben \u00faj, vil\u00e1gosk\u00e9k \u00fatlevelet kapott minden kisiskol\u00e1s, a k\u00f6zel h\u00e1romhetes t\u00e9li sz\u00fcnetben m\u00e1r ez biztos\u00edt ingyenes utaz\u00e1st a belf\u00f6ldi helyk\u00f6zi vonatokon \u00e9s Vol\u00e1nbusz j\u00e1ratokon. A december 22. \u00e9s janu\u00e1r 8. k\u00f6z\u00f6tti t\u00e9li\" class=\"yoast-seo-meta-tag\" \/>\n<meta property=\"og:url\" content=\"https:\/\/dorogimedence.hu\/index.php\/2022\/12\/20\/teli-kirandulasokon-ujra-elkiser-kajla-kutya\/\" class=\"yoast-seo-meta-tag\" \/>\n<meta property=\"og:site_name\" content=\"Dorogi-medence Region\u00e1lis H\u00edrport\u00e1l\" class=\"yoast-seo-meta-tag\" \/>\n<meta property=\"article:publisher\" content=\"https:\/\/www.facebook.com\/dorogimedence\/\" class=\"yoast-seo-meta-tag\" \/>\n<meta property=\"article:published_time\" content=\"2022-12-20T08:52:16+00:00\" class=\"yoast-seo-meta-tag\" \/>\n<meta property=\"article:modified_time\" content=\"2022-12-20T08:53:39+00:00\" class=\"yoast-seo-meta-tag\" \/>\n<meta property=\"og:image\" content=\"https:\/\/dorogimedence.hu\/wp-content\/uploads\/2022\/12\/kajla-01.jpg\" class=\"yoast-seo-meta-tag\" \/>\n\t<meta property=\"og:image:width\" content=\"1260\" class=\"yoast-seo-meta-tag\" \/>\n\t<meta property=\"og:image:height\" content=\"709\" class=\"yoast-seo-meta-tag\" \/>\n\t<meta property=\"og:image:type\" content=\"image\/jpeg\" class=\"yoast-seo-meta-tag\" \/>\n<meta name=\"author\" content=\"dorogimedence.hu\" class=\"yoast-seo-meta-tag\" \/>\n<meta name=\"twitter:card\" content=\"summary_large_image\" class=\"yoast-seo-meta-tag\" \/>\n<meta name=\"twitter:label1\" content=\"Szerz\u0151:\" class=\"yoast-seo-meta-tag\" \/>\n\t<meta name=\"twitter:data1\" content=\"dorogimedence.hu\" class=\"yoast-seo-meta-tag\" \/>\n\t<meta name=\"twitter:label2\" content=\"Becs\u00fclt olvas\u00e1si id\u0151\" class=\"yoast-seo-meta-tag\" \/>\n\t<meta name=\"twitter:data2\" content=\"4 perc\" class=\"yoast-seo-meta-tag\" \/>\n<script type=\"application\/ld+json\" class=\"yoast-schema-graph\">{\"@context\":\"https:\\\/\\\/schema.org\",\"@graph\":[{\"@type\":\"Article\",\"@id\":\"https:\\\/\\\/dorogimedence.hu\\\/index.php\\\/2022\\\/12\\\/20\\\/teli-kirandulasokon-ujra-elkiser-kajla-kutya\\\/#article\",\"isPartOf\":{\"@id\":\"https:\\\/\\\/dorogimedence.hu\\\/index.php\\\/2022\\\/12\\\/20\\\/teli-kirandulasokon-ujra-elkiser-kajla-kutya\\\/\"},\"author\":{\"name\":\"dorogimedence.hu\",\"@id\":\"https:\\\/\\\/dorogimedence.hu\\\/#\\\/schema\\\/person\\\/ce6091eeb7e95ecdc87890d6aa8e0fd4\"},\"headline\":\"T\u00e9li kir\u00e1ndul\u00e1sokon \u00fajra elk\u00eds\u00e9r Kajla kutya\",\"datePublished\":\"2022-12-20T08:52:16+00:00\",\"dateModified\":\"2022-12-20T08:53:39+00:00\",\"mainEntityOfPage\":{\"@id\":\"https:\\\/\\\/dorogimedence.hu\\\/index.php\\\/2022\\\/12\\\/20\\\/teli-kirandulasokon-ujra-elkiser-kajla-kutya\\\/\"},\"wordCount\":793,\"publisher\":{\"@id\":\"https:\\\/\\\/dorogimedence.hu\\\/#organization\"},\"image\":{\"@id\":\"https:\\\/\\\/dorogimedence.hu\\\/index.php\\\/2022\\\/12\\\/20\\\/teli-kirandulasokon-ujra-elkiser-kajla-kutya\\\/#primaryimage\"},\"thumbnailUrl\":\"https:\\\/\\\/dorogimedence.hu\\\/wp-content\\\/uploads\\\/2022\\\/12\\\/kajla-01.jpg\",\"keywords\":[\"aut\u00f3busz\",\"busz\",\"Kajla \u00fatlev\u00e9l\",\"m\u00e1v\",\"vas\u00fat\",\"vol\u00e1nbusz\",\"vonat\"],\"articleSection\":[\"H\u00edrek\"],\"inLanguage\":\"hu\"},{\"@type\":\"WebPage\",\"@id\":\"https:\\\/\\\/dorogimedence.hu\\\/index.php\\\/2022\\\/12\\\/20\\\/teli-kirandulasokon-ujra-elkiser-kajla-kutya\\\/\",\"url\":\"https:\\\/\\\/dorogimedence.hu\\\/index.php\\\/2022\\\/12\\\/20\\\/teli-kirandulasokon-ujra-elkiser-kajla-kutya\\\/\",\"name\":\"T\u00e9li kir\u00e1ndul\u00e1sokon \u00fajra elk\u00eds\u00e9r Kajla kutya\",\"isPartOf\":{\"@id\":\"https:\\\/\\\/dorogimedence.hu\\\/#website\"},\"primaryImageOfPage\":{\"@id\":\"https:\\\/\\\/dorogimedence.hu\\\/index.php\\\/2022\\\/12\\\/20\\\/teli-kirandulasokon-ujra-elkiser-kajla-kutya\\\/#primaryimage\"},\"image\":{\"@id\":\"https:\\\/\\\/dorogimedence.hu\\\/index.php\\\/2022\\\/12\\\/20\\\/teli-kirandulasokon-ujra-elkiser-kajla-kutya\\\/#primaryimage\"},\"thumbnailUrl\":\"https:\\\/\\\/dorogimedence.hu\\\/wp-content\\\/uploads\\\/2022\\\/12\\\/kajla-01.jpg\",\"datePublished\":\"2022-12-20T08:52:16+00:00\",\"dateModified\":\"2022-12-20T08:53:39+00:00\",\"breadcrumb\":{\"@id\":\"https:\\\/\\\/dorogimedence.hu\\\/index.php\\\/2022\\\/12\\\/20\\\/teli-kirandulasokon-ujra-elkiser-kajla-kutya\\\/#breadcrumb\"},\"inLanguage\":\"hu\",\"potentialAction\":[{\"@type\":\"ReadAction\",\"target\":[\"https:\\\/\\\/dorogimedence.hu\\\/index.php\\\/2022\\\/12\\\/20\\\/teli-kirandulasokon-ujra-elkiser-kajla-kutya\\\/\"]}]},{\"@type\":\"ImageObject\",\"inLanguage\":\"hu\",\"@id\":\"https:\\\/\\\/dorogimedence.hu\\\/index.php\\\/2022\\\/12\\\/20\\\/teli-kirandulasokon-ujra-elkiser-kajla-kutya\\\/#primaryimage\",\"url\":\"https:\\\/\\\/dorogimedence.hu\\\/wp-content\\\/uploads\\\/2022\\\/12\\\/kajla-01.jpg\",\"contentUrl\":\"https:\\\/\\\/dorogimedence.hu\\\/wp-content\\\/uploads\\\/2022\\\/12\\\/kajla-01.jpg\",\"width\":1260,\"height\":709},{\"@type\":\"BreadcrumbList\",\"@id\":\"https:\\\/\\\/dorogimedence.hu\\\/index.php\\\/2022\\\/12\\\/20\\\/teli-kirandulasokon-ujra-elkiser-kajla-kutya\\\/#breadcrumb\",\"itemListElement\":[{\"@type\":\"ListItem\",\"position\":1,\"name\":\"Kezd\u0151lap\",\"item\":\"https:\\\/\\\/dorogimedence.hu\\\/\"},{\"@type\":\"ListItem\",\"position\":2,\"name\":\"T\u00e9li kir\u00e1ndul\u00e1sokon \u00fajra elk\u00eds\u00e9r Kajla kutya\"}]},{\"@type\":\"WebSite\",\"@id\":\"https:\\\/\\\/dorogimedence.hu\\\/#website\",\"url\":\"https:\\\/\\\/dorogimedence.hu\\\/\",\"name\":\"Dorogi-medence Region\u00e1lis H\u00edrport\u00e1l\",\"description\":\"Dorog, Keszt\u00f6lc, Le\u00e1nyv\u00e1r, Piliscs\u00e9v, Tokod, Tokodalt\u00e1r\u00f3, Csolnok, Esztergom-kertv\u00e1ros: h\u00edrek, programok\",\"publisher\":{\"@id\":\"https:\\\/\\\/dorogimedence.hu\\\/#organization\"},\"potentialAction\":[{\"@type\":\"SearchAction\",\"target\":{\"@type\":\"EntryPoint\",\"urlTemplate\":\"https:\\\/\\\/dorogimedence.hu\\\/?s={search_term_string}\"},\"query-input\":{\"@type\":\"PropertyValueSpecification\",\"valueRequired\":true,\"valueName\":\"search_term_string\"}}],\"inLanguage\":\"hu\"},{\"@type\":\"Organization\",\"@id\":\"https:\\\/\\\/dorogimedence.hu\\\/#organization\",\"name\":\"Dorogi-medence Region\u00e1lis H\u00edrport\u00e1l\",\"url\":\"https:\\\/\\\/dorogimedence.hu\\\/\",\"logo\":{\"@type\":\"ImageObject\",\"inLanguage\":\"hu\",\"@id\":\"https:\\\/\\\/dorogimedence.hu\\\/#\\\/schema\\\/logo\\\/image\\\/\",\"url\":\"https:\\\/\\\/dorogimedence.hu\\\/wp-content\\\/uploads\\\/2021\\\/04\\\/logo-feher-600.png\",\"contentUrl\":\"https:\\\/\\\/dorogimedence.hu\\\/wp-content\\\/uploads\\\/2021\\\/04\\\/logo-feher-600.png\",\"width\":600,\"height\":100,\"caption\":\"Dorogi-medence Region\u00e1lis H\u00edrport\u00e1l\"},\"image\":{\"@id\":\"https:\\\/\\\/dorogimedence.hu\\\/#\\\/schema\\\/logo\\\/image\\\/\"},\"sameAs\":[\"https:\\\/\\\/www.facebook.com\\\/dorogimedence\\\/\"]},{\"@type\":\"Person\",\"@id\":\"https:\\\/\\\/dorogimedence.hu\\\/#\\\/schema\\\/person\\\/ce6091eeb7e95ecdc87890d6aa8e0fd4\",\"name\":\"dorogimedence.hu\",\"image\":{\"@type\":\"ImageObject\",\"inLanguage\":\"hu\",\"@id\":\"\\\/\\\/www.gravatar.com\\\/avatar\\\/d8d45f8901aadff40a4af72c0b826f1d?s=96&#038;r=g&#038;d=mm\",\"url\":\"\\\/\\\/www.gravatar.com\\\/avatar\\\/d8d45f8901aadff40a4af72c0b826f1d?s=96&#038;r=g&#038;d=mm\",\"contentUrl\":\"\\\/\\\/www.gravatar.com\\\/avatar\\\/d8d45f8901aadff40a4af72c0b826f1d?s=96&#038;r=g&#038;d=mm\",\"caption\":\"dorogimedence.hu\"}}]}<\/script>\n<!-- \/ Yoast SEO plugin. -->","yoast_head_json":{"title":"T\u00e9li kir\u00e1ndul\u00e1sokon \u00fajra elk\u00eds\u00e9r Kajla kutya","robots":{"index":"index","follow":"follow","max-snippet":"max-snippet:-1","max-image-preview":"max-image-preview:large","max-video-preview":"max-video-preview:-1"},"canonical":"https:\/\/dorogimedence.hu\/index.php\/2022\/12\/20\/teli-kirandulasokon-ujra-elkiser-kajla-kutya\/","og_locale":"hu_HU","og_type":"article","og_title":"T\u00e9li kir\u00e1ndul\u00e1sokon \u00fajra elk\u00eds\u00e9r Kajla kutya","og_description":"A t\u00e9li sz\u00fcnet alatt ism\u00e9t haszn\u00e1lhatj\u00e1k Kajla \u00fatlevel\u00fcket az \u00e1ltal\u00e1nos iskol\u00e1sok a M\u00c1V-Vol\u00e1n-csoport \u00e9s a GYSEV j\u00e1ratain. Felh\u00edvjuk a figyelmet, hogy a 2022\/2023-as tan\u00e9vben \u00faj, vil\u00e1gosk\u00e9k \u00fatlevelet kapott minden kisiskol\u00e1s, a k\u00f6zel h\u00e1romhetes t\u00e9li sz\u00fcnetben m\u00e1r ez biztos\u00edt ingyenes utaz\u00e1st a belf\u00f6ldi helyk\u00f6zi vonatokon \u00e9s Vol\u00e1nbusz j\u00e1ratokon. A december 22. \u00e9s janu\u00e1r 8. k\u00f6z\u00f6tti t\u00e9li","og_url":"https:\/\/dorogimedence.hu\/index.php\/2022\/12\/20\/teli-kirandulasokon-ujra-elkiser-kajla-kutya\/","og_site_name":"Dorogi-medence Region\u00e1lis H\u00edrport\u00e1l","article_publisher":"https:\/\/www.facebook.com\/dorogimedence\/","article_published_time":"2022-12-20T08:52:16+00:00","article_modified_time":"2022-12-20T08:53:39+00:00","og_image":[{"width":1260,"height":709,"url":"https:\/\/dorogimedence.hu\/wp-content\/uploads\/2022\/12\/kajla-01.jpg","type":"image\/jpeg"}],"author":"dorogimedence.hu","twitter_card":"summary_large_image","twitter_misc":{"Szerz\u0151:":"dorogimedence.hu","Becs\u00fclt olvas\u00e1si id\u0151":"4 perc"},"schema":{"@context":"https:\/\/schema.org","@graph":[{"@type":"Article","@id":"https:\/\/dorogimedence.hu\/index.php\/2022\/12\/20\/teli-kirandulasokon-ujra-elkiser-kajla-kutya\/#article","isPartOf":{"@id":"https:\/\/dorogimedence.hu\/index.php\/2022\/12\/20\/teli-kirandulasokon-ujra-elkiser-kajla-kutya\/"},"author":{"name":"dorogimedence.hu","@id":"https:\/\/dorogimedence.hu\/#\/schema\/person\/ce6091eeb7e95ecdc87890d6aa8e0fd4"},"headline":"T\u00e9li kir\u00e1ndul\u00e1sokon \u00fajra elk\u00eds\u00e9r Kajla kutya","datePublished":"2022-12-20T08:52:16+00:00","dateModified":"2022-12-20T08:53:39+00:00","mainEntityOfPage":{"@id":"https:\/\/dorogimedence.hu\/index.php\/2022\/12\/20\/teli-kirandulasokon-ujra-elkiser-kajla-kutya\/"},"wordCount":793,"publisher":{"@id":"https:\/\/dorogimedence.hu\/#organization"},"image":{"@id":"https:\/\/dorogimedence.hu\/index.php\/2022\/12\/20\/teli-kirandulasokon-ujra-elkiser-kajla-kutya\/#primaryimage"},"thumbnailUrl":"https:\/\/dorogimedence.hu\/wp-content\/uploads\/2022\/12\/kajla-01.jpg","keywords":["aut\u00f3busz","busz","Kajla \u00fatlev\u00e9l","m\u00e1v","vas\u00fat","vol\u00e1nbusz","vonat"],"articleSection":["H\u00edrek"],"inLanguage":"hu"},{"@type":"WebPage","@id":"https:\/\/dorogimedence.hu\/index.php\/2022\/12\/20\/teli-kirandulasokon-ujra-elkiser-kajla-kutya\/","url":"https:\/\/dorogimedence.hu\/index.php\/2022\/12\/20\/teli-kirandulasokon-ujra-elkiser-kajla-kutya\/","name":"T\u00e9li kir\u00e1ndul\u00e1sokon \u00fajra elk\u00eds\u00e9r Kajla kutya","isPartOf":{"@id":"https:\/\/dorogimedence.hu\/#website"},"primaryImageOfPage":{"@id":"https:\/\/dorogimedence.hu\/index.php\/2022\/12\/20\/teli-kirandulasokon-ujra-elkiser-kajla-kutya\/#primaryimage"},"image":{"@id":"https:\/\/dorogimedence.hu\/index.php\/2022\/12\/20\/teli-kirandulasokon-ujra-elkiser-kajla-kutya\/#primaryimage"},"thumbnailUrl":"https:\/\/dorogimedence.hu\/wp-content\/uploads\/2022\/12\/kajla-01.jpg","datePublished":"2022-12-20T08:52:16+00:00","dateModified":"2022-12-20T08:53:39+00:00","breadcrumb":{"@id":"https:\/\/dorogimedence.hu\/index.php\/2022\/12\/20\/teli-kirandulasokon-ujra-elkiser-kajla-kutya\/#breadcrumb"},"inLanguage":"hu","potentialAction":[{"@type":"ReadAction","target":["https:\/\/dorogimedence.hu\/index.php\/2022\/12\/20\/teli-kirandulasokon-ujra-elkiser-kajla-kutya\/"]}]},{"@type":"ImageObject","inLanguage":"hu","@id":"https:\/\/dorogimedence.hu\/index.php\/2022\/12\/20\/teli-kirandulasokon-ujra-elkiser-kajla-kutya\/#primaryimage","url":"https:\/\/dorogimedence.hu\/wp-content\/uploads\/2022\/12\/kajla-01.jpg","contentUrl":"https:\/\/dorogimedence.hu\/wp-content\/uploads\/2022\/12\/kajla-01.jpg","width":1260,"height":709},{"@type":"BreadcrumbList","@id":"https:\/\/dorogimedence.hu\/index.php\/2022\/12\/20\/teli-kirandulasokon-ujra-elkiser-kajla-kutya\/#breadcrumb","itemListElement":[{"@type":"ListItem","position":1,"name":"Kezd\u0151lap","item":"https:\/\/dorogimedence.hu\/"},{"@type":"ListItem","position":2,"name":"T\u00e9li kir\u00e1ndul\u00e1sokon \u00fajra elk\u00eds\u00e9r Kajla kutya"}]},{"@type":"WebSite","@id":"https:\/\/dorogimedence.hu\/#website","url":"https:\/\/dorogimedence.hu\/","name":"Dorogi-medence Region\u00e1lis H\u00edrport\u00e1l","description":"Dorog, Keszt\u00f6lc, Le\u00e1nyv\u00e1r, Piliscs\u00e9v, Tokod, Tokodalt\u00e1r\u00f3, Csolnok, Esztergom-kertv\u00e1ros: h\u00edrek, programok","publisher":{"@id":"https:\/\/dorogimedence.hu\/#organization"},"potentialAction":[{"@type":"SearchAction","target":{"@type":"EntryPoint","urlTemplate":"https:\/\/dorogimedence.hu\/?s={search_term_string}"},"query-input":{"@type":"PropertyValueSpecification","valueRequired":true,"valueName":"search_term_string"}}],"inLanguage":"hu"},{"@type":"Organization","@id":"https:\/\/dorogimedence.hu\/#organization","name":"Dorogi-medence Region\u00e1lis H\u00edrport\u00e1l","url":"https:\/\/dorogimedence.hu\/","logo":{"@type":"ImageObject","inLanguage":"hu","@id":"https:\/\/dorogimedence.hu\/#\/schema\/logo\/image\/","url":"https:\/\/dorogimedence.hu\/wp-content\/uploads\/2021\/04\/logo-feher-600.png","contentUrl":"https:\/\/dorogimedence.hu\/wp-content\/uploads\/2021\/04\/logo-feher-600.png","width":600,"height":100,"caption":"Dorogi-medence Region\u00e1lis H\u00edrport\u00e1l"},"image":{"@id":"https:\/\/dorogimedence.hu\/#\/schema\/logo\/image\/"},"sameAs":["https:\/\/www.facebook.com\/dorogimedence\/"]},{"@type":"Person","@id":"https:\/\/dorogimedence.hu\/#\/schema\/person\/ce6091eeb7e95ecdc87890d6aa8e0fd4","name":"dorogimedence.hu","image":{"@type":"ImageObject","inLanguage":"hu","@id":"\/\/www.gravatar.com\/avatar\/d8d45f8901aadff40a4af72c0b826f1d?s=96&#038;r=g&#038;d=mm","url":"\/\/www.gravatar.com\/avatar\/d8d45f8901aadff40a4af72c0b826f1d?s=96&#038;r=g&#038;d=mm","contentUrl":"\/\/www.gravatar.com\/avatar\/d8d45f8901aadff40a4af72c0b826f1d?s=96&#038;r=g&#038;d=mm","caption":"dorogimedence.hu"}}]}},"_links":{"self":[{"href":"https:\/\/dorogimedence.hu\/index.php\/wp-json\/wp\/v2\/posts\/48891","targetHints":{"allow":["GET"]}}],"collection":[{"href":"https:\/\/dorogimedence.hu\/index.php\/wp-json\/wp\/v2\/posts"}],"about":[{"href":"https:\/\/dorogimedence.hu\/index.php\/wp-json\/wp\/v2\/types\/post"}],"author":[{"embeddable":true,"href":"https:\/\/dorogimedence.hu\/index.php\/wp-json\/wp\/v2\/users\/1"}],"replies":[{"embeddable":true,"href":"https:\/\/dorogimedence.hu\/index.php\/wp-json\/wp\/v2\/comments?post=48891"}],"version-history":[{"count":0,"href":"https:\/\/dorogimedence.hu\/index.php\/wp-json\/wp\/v2\/posts\/48891\/revisions"}],"wp:featuredmedia":[{"embeddable":true,"href":"https:\/\/dorogimedence.hu\/index.php\/wp-json\/wp\/v2\/media\/48892"}],"wp:attachment":[{"href":"https:\/\/dorogimedence.hu\/index.php\/wp-json\/wp\/v2\/media?parent=48891"}],"wp:term":[{"taxonomy":"category","embeddable":true,"href":"https:\/\/dorogimedence.hu\/index.php\/wp-json\/wp\/v2\/categories?post=48891"},{"taxonomy":"post_tag","embeddable":true,"href":"https:\/\/dorogimedence.hu\/index.php\/wp-json\/wp\/v2\/tags?post=48891"}],"curies":[{"name":"wp","href":"https:\/\/api.w.org\/{rel}","templated":true}]}}