{"id":48878,"date":"2022-12-19T11:28:55","date_gmt":"2022-12-19T10:28:55","guid":{"rendered":"https:\/\/dorogimedence.hu\/?p=48878"},"modified":"2022-12-19T11:29:12","modified_gmt":"2022-12-19T10:29:12","slug":"xx-annavolgyi-teli-tura","status":"publish","type":"post","link":"https:\/\/dorogimedence.hu\/index.php\/2022\/12\/19\/xx-annavolgyi-teli-tura\/","title":{"rendered":"XX. Annav\u00f6lgyi T\u00e9li T\u00fara"},"content":{"rendered":"<p><strong>A tokodi \u00e9s annav\u00f6lgyi \u00f6nkorm\u00e1nyzat, valamint a JELZEK K\u00f6z\u00f6ss\u00e9gfejleszt\u0151 Egyes\u00fclet, a Tokodi Helyt\u00f6rt\u00e9neti Kult\u00farmisszi\u00f3 \u00e9s a K\u00d6Z\u00d6D Egyes\u00fclet 2022. december 29-\u00e9n, cs\u00fct\u00f6rt\u00f6k\u00f6n rendezi meg az Annav\u00f6lgyi T\u00e9li T\u00far\u00e1t.<\/strong><\/p>\n<p>A gy\u00fclekez\u0151 \u00e9s regisztr\u00e1ci\u00f3 a 8 km-es t\u00e1v eset\u00e9ben 16.30 \u00e9s 17.00 k\u00f6z\u00f6tt lesz az annav\u00f6lgyi F\u0151 t\u00e9ren, m\u00edg a 10 km-es t\u00e1v eset\u00e9ben 16.00 \u00e9s 16.30 k\u00f6z\u00f6tt a tokodi templomn\u00e1l.<\/p>\n<p>Csolnokon kis pihen\u0151 keret\u00e9ben zs\u00edros keny\u00e9r, forralt bor \u00e9s forr\u00f3 tea fogyaszt\u00e1s\u00e1ra lesz lehet\u0151s\u00e9g a regisztr\u00e1lt r\u00e9sztvev\u0151knek. A t\u00fara a tavalyi \u00e9vhez hasonl\u00f3an a dorogi t\u00e1rsszervez\u0151k vend\u00e9gl\u00e1t\u00e1s\u00e1val \u00e9r v\u00e9get.<\/p>\n<p>A t\u00far\u00e1n regisztr\u00e1ci\u00f3s d\u00edj fizet\u00e9se n\u00e9lk\u00fcl is r\u00e9szt lehet venni, azonban a vend\u00e9gl\u00e1t\u00e1st \u00e9s a hazasz\u00e1ll\u00edt\u00e1st (Annav\u00f6lgyre \u00e9s Tokodra) csak a regisztr\u00e1ci\u00f3s d\u00edjat befizetett r\u00e9sztvev\u0151k sz\u00e1m\u00e1ra biztos\u00edtj\u00e1k (14 \u00e9ven fel\u00fclieknek a regisztr\u00e1ci\u00f3s d\u00edj 1.000 Ft\/f\u0151).<\/p>\n<p>Tov\u00e1bbi inform\u00e1ci\u00f3 \u00e9s r\u00e9szv\u00e9teli sz\u00e1nd\u00e9k jelz\u00e9se: Annav\u00f6lgy (B\u00e1nhidi J\u00f3zsef &#8211; +36305207673), Tokod (Farag\u00f3 Ferenc &#8211; +36306546936).<\/p>\n<p><img fetchpriority=\"high\" decoding=\"async\" class=\"alignnone size-large wp-image-48880\" src=\"https:\/\/dorogimedence.hu\/wp-content\/uploads\/2022\/12\/319756432_690665109388439_2216065903114741330_n-724x1024.jpg\" alt=\"\" width=\"724\" height=\"1024\" srcset=\"https:\/\/dorogimedence.hu\/wp-content\/uploads\/2022\/12\/319756432_690665109388439_2216065903114741330_n-724x1024.jpg 724w, https:\/\/dorogimedence.hu\/wp-content\/uploads\/2022\/12\/319756432_690665109388439_2216065903114741330_n-212x300.jpg 212w, https:\/\/dorogimedence.hu\/wp-content\/uploads\/2022\/12\/319756432_690665109388439_2216065903114741330_n-768x1086.jpg 768w, https:\/\/dorogimedence.hu\/wp-content\/uploads\/2022\/12\/319756432_690665109388439_2216065903114741330_n-1086x1536.jpg 1086w, https:\/\/dorogimedence.hu\/wp-content\/uploads\/2022\/12\/319756432_690665109388439_2216065903114741330_n-150x212.jpg 150w, https:\/\/dorogimedence.hu\/wp-content\/uploads\/2022\/12\/319756432_690665109388439_2216065903114741330_n-450x636.jpg 450w, https:\/\/dorogimedence.hu\/wp-content\/uploads\/2022\/12\/319756432_690665109388439_2216065903114741330_n-1200x1697.jpg 1200w, https:\/\/dorogimedence.hu\/wp-content\/uploads\/2022\/12\/319756432_690665109388439_2216065903114741330_n.jpg 1448w\" sizes=\"(max-width: 724px) 100vw, 724px\" \/><\/p>\n","protected":false},"excerpt":{"rendered":"<p>A tokodi \u00e9s annav\u00f6lgyi \u00f6nkorm\u00e1nyzat, valamint a JELZEK K\u00f6z\u00f6ss\u00e9gfejleszt\u0151 Egyes\u00fclet, a Tokodi Helyt\u00f6rt\u00e9neti Kult\u00farmisszi\u00f3 \u00e9s a K\u00d6Z\u00d6D Egyes\u00fclet 2022. december 29-\u00e9n, cs\u00fct\u00f6rt\u00f6k\u00f6n rendezi meg az Annav\u00f6lgyi T\u00e9li T\u00far\u00e1t. A gy\u00fclekez\u0151 \u00e9s regisztr\u00e1ci\u00f3 a 8 km-es t\u00e1v eset\u00e9ben 16.30 \u00e9s 17.00 k\u00f6z\u00f6tt lesz az annav\u00f6lgyi F\u0151 t\u00e9ren, m\u00edg a 10 km-es t\u00e1v eset\u00e9ben 16.00 \u00e9s 16.30<\/p>\n","protected":false},"author":1,"featured_media":48879,"comment_status":"closed","ping_status":"closed","sticky":false,"template":"","format":"standard","meta":{"ngg_post_thumbnail":0,"footnotes":""},"categories":[3,3561],"tags":[347,66,15,121,101,12,308],"class_list":{"0":"post-48878","1":"post","2":"type-post","3":"status-publish","4":"format-standard","5":"has-post-thumbnail","7":"category-hirek","8":"category-programok","9":"tag-annavolgy","10":"tag-csolnok","11":"tag-dorog","12":"tag-kirandulas","13":"tag-program","14":"tag-tokod","15":"tag-tura"},"yoast_head":"<!-- This site is optimized with the Yoast SEO plugin v27.4 - https:\/\/yoast.com\/product\/yoast-seo-wordpress\/ -->\n<title>XX. Annav\u00f6lgyi T\u00e9li T\u00fara<\/title>\n<meta name=\"robots\" content=\"index, follow, max-snippet:-1, max-image-preview:large, max-video-preview:-1\" \/>\n<link rel=\"canonical\" href=\"https:\/\/dorogimedence.hu\/index.php\/2022\/12\/19\/xx-annavolgyi-teli-tura\/\" class=\"yoast-seo-meta-tag\" \/>\n<meta property=\"og:locale\" content=\"hu_HU\" class=\"yoast-seo-meta-tag\" \/>\n<meta property=\"og:type\" content=\"article\" class=\"yoast-seo-meta-tag\" \/>\n<meta property=\"og:title\" content=\"XX. Annav\u00f6lgyi T\u00e9li T\u00fara\" class=\"yoast-seo-meta-tag\" \/>\n<meta property=\"og:description\" content=\"A tokodi \u00e9s annav\u00f6lgyi \u00f6nkorm\u00e1nyzat, valamint a JELZEK K\u00f6z\u00f6ss\u00e9gfejleszt\u0151 Egyes\u00fclet, a Tokodi Helyt\u00f6rt\u00e9neti Kult\u00farmisszi\u00f3 \u00e9s a K\u00d6Z\u00d6D Egyes\u00fclet 2022. december 29-\u00e9n, cs\u00fct\u00f6rt\u00f6k\u00f6n rendezi meg az Annav\u00f6lgyi T\u00e9li T\u00far\u00e1t. A gy\u00fclekez\u0151 \u00e9s regisztr\u00e1ci\u00f3 a 8 km-es t\u00e1v eset\u00e9ben 16.30 \u00e9s 17.00 k\u00f6z\u00f6tt lesz az annav\u00f6lgyi F\u0151 t\u00e9ren, m\u00edg a 10 km-es t\u00e1v eset\u00e9ben 16.00 \u00e9s 16.30\" class=\"yoast-seo-meta-tag\" \/>\n<meta property=\"og:url\" content=\"https:\/\/dorogimedence.hu\/index.php\/2022\/12\/19\/xx-annavolgyi-teli-tura\/\" class=\"yoast-seo-meta-tag\" \/>\n<meta property=\"og:site_name\" content=\"Dorogi-medence Region\u00e1lis H\u00edrport\u00e1l\" class=\"yoast-seo-meta-tag\" \/>\n<meta property=\"article:publisher\" content=\"https:\/\/www.facebook.com\/dorogimedence\/\" class=\"yoast-seo-meta-tag\" \/>\n<meta property=\"article:published_time\" content=\"2022-12-19T10:28:55+00:00\" class=\"yoast-seo-meta-tag\" \/>\n<meta property=\"article:modified_time\" content=\"2022-12-19T10:29:12+00:00\" class=\"yoast-seo-meta-tag\" \/>\n<meta property=\"og:image\" content=\"https:\/\/dorogimedence.hu\/wp-content\/uploads\/2022\/12\/annavolgyi-teli-tura.jpg\" class=\"yoast-seo-meta-tag\" \/>\n\t<meta property=\"og:image:width\" content=\"1448\" class=\"yoast-seo-meta-tag\" \/>\n\t<meta property=\"og:image:height\" content=\"784\" class=\"yoast-seo-meta-tag\" \/>\n\t<meta property=\"og:image:type\" content=\"image\/jpeg\" class=\"yoast-seo-meta-tag\" \/>\n<meta name=\"author\" content=\"dorogimedence.hu\" class=\"yoast-seo-meta-tag\" \/>\n<meta name=\"twitter:card\" content=\"summary_large_image\" class=\"yoast-seo-meta-tag\" \/>\n<meta name=\"twitter:label1\" content=\"Szerz\u0151:\" class=\"yoast-seo-meta-tag\" \/>\n\t<meta name=\"twitter:data1\" content=\"dorogimedence.hu\" class=\"yoast-seo-meta-tag\" \/>\n\t<meta name=\"twitter:label2\" content=\"Becs\u00fclt olvas\u00e1si id\u0151\" class=\"yoast-seo-meta-tag\" \/>\n\t<meta name=\"twitter:data2\" content=\"1 perc\" class=\"yoast-seo-meta-tag\" \/>\n<script type=\"application\/ld+json\" class=\"yoast-schema-graph\">{\"@context\":\"https:\\\/\\\/schema.org\",\"@graph\":[{\"@type\":\"Article\",\"@id\":\"https:\\\/\\\/dorogimedence.hu\\\/index.php\\\/2022\\\/12\\\/19\\\/xx-annavolgyi-teli-tura\\\/#article\",\"isPartOf\":{\"@id\":\"https:\\\/\\\/dorogimedence.hu\\\/index.php\\\/2022\\\/12\\\/19\\\/xx-annavolgyi-teli-tura\\\/\"},\"author\":{\"name\":\"dorogimedence.hu\",\"@id\":\"https:\\\/\\\/dorogimedence.hu\\\/#\\\/schema\\\/person\\\/ce6091eeb7e95ecdc87890d6aa8e0fd4\"},\"headline\":\"XX. Annav\u00f6lgyi T\u00e9li T\u00fara\",\"datePublished\":\"2022-12-19T10:28:55+00:00\",\"dateModified\":\"2022-12-19T10:29:12+00:00\",\"mainEntityOfPage\":{\"@id\":\"https:\\\/\\\/dorogimedence.hu\\\/index.php\\\/2022\\\/12\\\/19\\\/xx-annavolgyi-teli-tura\\\/\"},\"wordCount\":229,\"publisher\":{\"@id\":\"https:\\\/\\\/dorogimedence.hu\\\/#organization\"},\"image\":{\"@id\":\"https:\\\/\\\/dorogimedence.hu\\\/index.php\\\/2022\\\/12\\\/19\\\/xx-annavolgyi-teli-tura\\\/#primaryimage\"},\"thumbnailUrl\":\"https:\\\/\\\/dorogimedence.hu\\\/wp-content\\\/uploads\\\/2022\\\/12\\\/annavolgyi-teli-tura.jpg\",\"keywords\":[\"Annav\u00f6lgy\",\"Csolnok\",\"Dorog\",\"kir\u00e1ndul\u00e1s\",\"program\",\"Tokod\",\"t\u00fara\"],\"articleSection\":[\"H\u00edrek\",\"Programok\"],\"inLanguage\":\"hu\"},{\"@type\":\"WebPage\",\"@id\":\"https:\\\/\\\/dorogimedence.hu\\\/index.php\\\/2022\\\/12\\\/19\\\/xx-annavolgyi-teli-tura\\\/\",\"url\":\"https:\\\/\\\/dorogimedence.hu\\\/index.php\\\/2022\\\/12\\\/19\\\/xx-annavolgyi-teli-tura\\\/\",\"name\":\"XX. Annav\u00f6lgyi T\u00e9li T\u00fara\",\"isPartOf\":{\"@id\":\"https:\\\/\\\/dorogimedence.hu\\\/#website\"},\"primaryImageOfPage\":{\"@id\":\"https:\\\/\\\/dorogimedence.hu\\\/index.php\\\/2022\\\/12\\\/19\\\/xx-annavolgyi-teli-tura\\\/#primaryimage\"},\"image\":{\"@id\":\"https:\\\/\\\/dorogimedence.hu\\\/index.php\\\/2022\\\/12\\\/19\\\/xx-annavolgyi-teli-tura\\\/#primaryimage\"},\"thumbnailUrl\":\"https:\\\/\\\/dorogimedence.hu\\\/wp-content\\\/uploads\\\/2022\\\/12\\\/annavolgyi-teli-tura.jpg\",\"datePublished\":\"2022-12-19T10:28:55+00:00\",\"dateModified\":\"2022-12-19T10:29:12+00:00\",\"breadcrumb\":{\"@id\":\"https:\\\/\\\/dorogimedence.hu\\\/index.php\\\/2022\\\/12\\\/19\\\/xx-annavolgyi-teli-tura\\\/#breadcrumb\"},\"inLanguage\":\"hu\",\"potentialAction\":[{\"@type\":\"ReadAction\",\"target\":[\"https:\\\/\\\/dorogimedence.hu\\\/index.php\\\/2022\\\/12\\\/19\\\/xx-annavolgyi-teli-tura\\\/\"]}]},{\"@type\":\"ImageObject\",\"inLanguage\":\"hu\",\"@id\":\"https:\\\/\\\/dorogimedence.hu\\\/index.php\\\/2022\\\/12\\\/19\\\/xx-annavolgyi-teli-tura\\\/#primaryimage\",\"url\":\"https:\\\/\\\/dorogimedence.hu\\\/wp-content\\\/uploads\\\/2022\\\/12\\\/annavolgyi-teli-tura.jpg\",\"contentUrl\":\"https:\\\/\\\/dorogimedence.hu\\\/wp-content\\\/uploads\\\/2022\\\/12\\\/annavolgyi-teli-tura.jpg\",\"width\":1448,\"height\":784},{\"@type\":\"BreadcrumbList\",\"@id\":\"https:\\\/\\\/dorogimedence.hu\\\/index.php\\\/2022\\\/12\\\/19\\\/xx-annavolgyi-teli-tura\\\/#breadcrumb\",\"itemListElement\":[{\"@type\":\"ListItem\",\"position\":1,\"name\":\"Kezd\u0151lap\",\"item\":\"https:\\\/\\\/dorogimedence.hu\\\/\"},{\"@type\":\"ListItem\",\"position\":2,\"name\":\"XX. Annav\u00f6lgyi T\u00e9li T\u00fara\"}]},{\"@type\":\"WebSite\",\"@id\":\"https:\\\/\\\/dorogimedence.hu\\\/#website\",\"url\":\"https:\\\/\\\/dorogimedence.hu\\\/\",\"name\":\"Dorogi-medence Region\u00e1lis H\u00edrport\u00e1l\",\"description\":\"Dorog, Keszt\u00f6lc, Le\u00e1nyv\u00e1r, Piliscs\u00e9v, Tokod, Tokodalt\u00e1r\u00f3, Csolnok, Esztergom-kertv\u00e1ros: h\u00edrek, programok\",\"publisher\":{\"@id\":\"https:\\\/\\\/dorogimedence.hu\\\/#organization\"},\"potentialAction\":[{\"@type\":\"SearchAction\",\"target\":{\"@type\":\"EntryPoint\",\"urlTemplate\":\"https:\\\/\\\/dorogimedence.hu\\\/?s={search_term_string}\"},\"query-input\":{\"@type\":\"PropertyValueSpecification\",\"valueRequired\":true,\"valueName\":\"search_term_string\"}}],\"inLanguage\":\"hu\"},{\"@type\":\"Organization\",\"@id\":\"https:\\\/\\\/dorogimedence.hu\\\/#organization\",\"name\":\"Dorogi-medence Region\u00e1lis H\u00edrport\u00e1l\",\"url\":\"https:\\\/\\\/dorogimedence.hu\\\/\",\"logo\":{\"@type\":\"ImageObject\",\"inLanguage\":\"hu\",\"@id\":\"https:\\\/\\\/dorogimedence.hu\\\/#\\\/schema\\\/logo\\\/image\\\/\",\"url\":\"https:\\\/\\\/dorogimedence.hu\\\/wp-content\\\/uploads\\\/2021\\\/04\\\/logo-feher-600.png\",\"contentUrl\":\"https:\\\/\\\/dorogimedence.hu\\\/wp-content\\\/uploads\\\/2021\\\/04\\\/logo-feher-600.png\",\"width\":600,\"height\":100,\"caption\":\"Dorogi-medence Region\u00e1lis H\u00edrport\u00e1l\"},\"image\":{\"@id\":\"https:\\\/\\\/dorogimedence.hu\\\/#\\\/schema\\\/logo\\\/image\\\/\"},\"sameAs\":[\"https:\\\/\\\/www.facebook.com\\\/dorogimedence\\\/\"]},{\"@type\":\"Person\",\"@id\":\"https:\\\/\\\/dorogimedence.hu\\\/#\\\/schema\\\/person\\\/ce6091eeb7e95ecdc87890d6aa8e0fd4\",\"name\":\"dorogimedence.hu\",\"image\":{\"@type\":\"ImageObject\",\"inLanguage\":\"hu\",\"@id\":\"\\\/\\\/www.gravatar.com\\\/avatar\\\/d8d45f8901aadff40a4af72c0b826f1d?s=96&#038;r=g&#038;d=mm\",\"url\":\"\\\/\\\/www.gravatar.com\\\/avatar\\\/d8d45f8901aadff40a4af72c0b826f1d?s=96&#038;r=g&#038;d=mm\",\"contentUrl\":\"\\\/\\\/www.gravatar.com\\\/avatar\\\/d8d45f8901aadff40a4af72c0b826f1d?s=96&#038;r=g&#038;d=mm\",\"caption\":\"dorogimedence.hu\"}}]}<\/script>\n<!-- \/ Yoast SEO plugin. -->","yoast_head_json":{"title":"XX. Annav\u00f6lgyi T\u00e9li T\u00fara","robots":{"index":"index","follow":"follow","max-snippet":"max-snippet:-1","max-image-preview":"max-image-preview:large","max-video-preview":"max-video-preview:-1"},"canonical":"https:\/\/dorogimedence.hu\/index.php\/2022\/12\/19\/xx-annavolgyi-teli-tura\/","og_locale":"hu_HU","og_type":"article","og_title":"XX. Annav\u00f6lgyi T\u00e9li T\u00fara","og_description":"A tokodi \u00e9s annav\u00f6lgyi \u00f6nkorm\u00e1nyzat, valamint a JELZEK K\u00f6z\u00f6ss\u00e9gfejleszt\u0151 Egyes\u00fclet, a Tokodi Helyt\u00f6rt\u00e9neti Kult\u00farmisszi\u00f3 \u00e9s a K\u00d6Z\u00d6D Egyes\u00fclet 2022. december 29-\u00e9n, cs\u00fct\u00f6rt\u00f6k\u00f6n rendezi meg az Annav\u00f6lgyi T\u00e9li T\u00far\u00e1t. A gy\u00fclekez\u0151 \u00e9s regisztr\u00e1ci\u00f3 a 8 km-es t\u00e1v eset\u00e9ben 16.30 \u00e9s 17.00 k\u00f6z\u00f6tt lesz az annav\u00f6lgyi F\u0151 t\u00e9ren, m\u00edg a 10 km-es t\u00e1v eset\u00e9ben 16.00 \u00e9s 16.30","og_url":"https:\/\/dorogimedence.hu\/index.php\/2022\/12\/19\/xx-annavolgyi-teli-tura\/","og_site_name":"Dorogi-medence Region\u00e1lis H\u00edrport\u00e1l","article_publisher":"https:\/\/www.facebook.com\/dorogimedence\/","article_published_time":"2022-12-19T10:28:55+00:00","article_modified_time":"2022-12-19T10:29:12+00:00","og_image":[{"width":1448,"height":784,"url":"https:\/\/dorogimedence.hu\/wp-content\/uploads\/2022\/12\/annavolgyi-teli-tura.jpg","type":"image\/jpeg"}],"author":"dorogimedence.hu","twitter_card":"summary_large_image","twitter_misc":{"Szerz\u0151:":"dorogimedence.hu","Becs\u00fclt olvas\u00e1si id\u0151":"1 perc"},"schema":{"@context":"https:\/\/schema.org","@graph":[{"@type":"Article","@id":"https:\/\/dorogimedence.hu\/index.php\/2022\/12\/19\/xx-annavolgyi-teli-tura\/#article","isPartOf":{"@id":"https:\/\/dorogimedence.hu\/index.php\/2022\/12\/19\/xx-annavolgyi-teli-tura\/"},"author":{"name":"dorogimedence.hu","@id":"https:\/\/dorogimedence.hu\/#\/schema\/person\/ce6091eeb7e95ecdc87890d6aa8e0fd4"},"headline":"XX. Annav\u00f6lgyi T\u00e9li T\u00fara","datePublished":"2022-12-19T10:28:55+00:00","dateModified":"2022-12-19T10:29:12+00:00","mainEntityOfPage":{"@id":"https:\/\/dorogimedence.hu\/index.php\/2022\/12\/19\/xx-annavolgyi-teli-tura\/"},"wordCount":229,"publisher":{"@id":"https:\/\/dorogimedence.hu\/#organization"},"image":{"@id":"https:\/\/dorogimedence.hu\/index.php\/2022\/12\/19\/xx-annavolgyi-teli-tura\/#primaryimage"},"thumbnailUrl":"https:\/\/dorogimedence.hu\/wp-content\/uploads\/2022\/12\/annavolgyi-teli-tura.jpg","keywords":["Annav\u00f6lgy","Csolnok","Dorog","kir\u00e1ndul\u00e1s","program","Tokod","t\u00fara"],"articleSection":["H\u00edrek","Programok"],"inLanguage":"hu"},{"@type":"WebPage","@id":"https:\/\/dorogimedence.hu\/index.php\/2022\/12\/19\/xx-annavolgyi-teli-tura\/","url":"https:\/\/dorogimedence.hu\/index.php\/2022\/12\/19\/xx-annavolgyi-teli-tura\/","name":"XX. Annav\u00f6lgyi T\u00e9li T\u00fara","isPartOf":{"@id":"https:\/\/dorogimedence.hu\/#website"},"primaryImageOfPage":{"@id":"https:\/\/dorogimedence.hu\/index.php\/2022\/12\/19\/xx-annavolgyi-teli-tura\/#primaryimage"},"image":{"@id":"https:\/\/dorogimedence.hu\/index.php\/2022\/12\/19\/xx-annavolgyi-teli-tura\/#primaryimage"},"thumbnailUrl":"https:\/\/dorogimedence.hu\/wp-content\/uploads\/2022\/12\/annavolgyi-teli-tura.jpg","datePublished":"2022-12-19T10:28:55+00:00","dateModified":"2022-12-19T10:29:12+00:00","breadcrumb":{"@id":"https:\/\/dorogimedence.hu\/index.php\/2022\/12\/19\/xx-annavolgyi-teli-tura\/#breadcrumb"},"inLanguage":"hu","potentialAction":[{"@type":"ReadAction","target":["https:\/\/dorogimedence.hu\/index.php\/2022\/12\/19\/xx-annavolgyi-teli-tura\/"]}]},{"@type":"ImageObject","inLanguage":"hu","@id":"https:\/\/dorogimedence.hu\/index.php\/2022\/12\/19\/xx-annavolgyi-teli-tura\/#primaryimage","url":"https:\/\/dorogimedence.hu\/wp-content\/uploads\/2022\/12\/annavolgyi-teli-tura.jpg","contentUrl":"https:\/\/dorogimedence.hu\/wp-content\/uploads\/2022\/12\/annavolgyi-teli-tura.jpg","width":1448,"height":784},{"@type":"BreadcrumbList","@id":"https:\/\/dorogimedence.hu\/index.php\/2022\/12\/19\/xx-annavolgyi-teli-tura\/#breadcrumb","itemListElement":[{"@type":"ListItem","position":1,"name":"Kezd\u0151lap","item":"https:\/\/dorogimedence.hu\/"},{"@type":"ListItem","position":2,"name":"XX. Annav\u00f6lgyi T\u00e9li T\u00fara"}]},{"@type":"WebSite","@id":"https:\/\/dorogimedence.hu\/#website","url":"https:\/\/dorogimedence.hu\/","name":"Dorogi-medence Region\u00e1lis H\u00edrport\u00e1l","description":"Dorog, Keszt\u00f6lc, Le\u00e1nyv\u00e1r, Piliscs\u00e9v, Tokod, Tokodalt\u00e1r\u00f3, Csolnok, Esztergom-kertv\u00e1ros: h\u00edrek, programok","publisher":{"@id":"https:\/\/dorogimedence.hu\/#organization"},"potentialAction":[{"@type":"SearchAction","target":{"@type":"EntryPoint","urlTemplate":"https:\/\/dorogimedence.hu\/?s={search_term_string}"},"query-input":{"@type":"PropertyValueSpecification","valueRequired":true,"valueName":"search_term_string"}}],"inLanguage":"hu"},{"@type":"Organization","@id":"https:\/\/dorogimedence.hu\/#organization","name":"Dorogi-medence Region\u00e1lis H\u00edrport\u00e1l","url":"https:\/\/dorogimedence.hu\/","logo":{"@type":"ImageObject","inLanguage":"hu","@id":"https:\/\/dorogimedence.hu\/#\/schema\/logo\/image\/","url":"https:\/\/dorogimedence.hu\/wp-content\/uploads\/2021\/04\/logo-feher-600.png","contentUrl":"https:\/\/dorogimedence.hu\/wp-content\/uploads\/2021\/04\/logo-feher-600.png","width":600,"height":100,"caption":"Dorogi-medence Region\u00e1lis H\u00edrport\u00e1l"},"image":{"@id":"https:\/\/dorogimedence.hu\/#\/schema\/logo\/image\/"},"sameAs":["https:\/\/www.facebook.com\/dorogimedence\/"]},{"@type":"Person","@id":"https:\/\/dorogimedence.hu\/#\/schema\/person\/ce6091eeb7e95ecdc87890d6aa8e0fd4","name":"dorogimedence.hu","image":{"@type":"ImageObject","inLanguage":"hu","@id":"\/\/www.gravatar.com\/avatar\/d8d45f8901aadff40a4af72c0b826f1d?s=96&#038;r=g&#038;d=mm","url":"\/\/www.gravatar.com\/avatar\/d8d45f8901aadff40a4af72c0b826f1d?s=96&#038;r=g&#038;d=mm","contentUrl":"\/\/www.gravatar.com\/avatar\/d8d45f8901aadff40a4af72c0b826f1d?s=96&#038;r=g&#038;d=mm","caption":"dorogimedence.hu"}}]}},"_links":{"self":[{"href":"https:\/\/dorogimedence.hu\/index.php\/wp-json\/wp\/v2\/posts\/48878","targetHints":{"allow":["GET"]}}],"collection":[{"href":"https:\/\/dorogimedence.hu\/index.php\/wp-json\/wp\/v2\/posts"}],"about":[{"href":"https:\/\/dorogimedence.hu\/index.php\/wp-json\/wp\/v2\/types\/post"}],"author":[{"embeddable":true,"href":"https:\/\/dorogimedence.hu\/index.php\/wp-json\/wp\/v2\/users\/1"}],"replies":[{"embeddable":true,"href":"https:\/\/dorogimedence.hu\/index.php\/wp-json\/wp\/v2\/comments?post=48878"}],"version-history":[{"count":0,"href":"https:\/\/dorogimedence.hu\/index.php\/wp-json\/wp\/v2\/posts\/48878\/revisions"}],"wp:featuredmedia":[{"embeddable":true,"href":"https:\/\/dorogimedence.hu\/index.php\/wp-json\/wp\/v2\/media\/48879"}],"wp:attachment":[{"href":"https:\/\/dorogimedence.hu\/index.php\/wp-json\/wp\/v2\/media?parent=48878"}],"wp:term":[{"taxonomy":"category","embeddable":true,"href":"https:\/\/dorogimedence.hu\/index.php\/wp-json\/wp\/v2\/categories?post=48878"},{"taxonomy":"post_tag","embeddable":true,"href":"https:\/\/dorogimedence.hu\/index.php\/wp-json\/wp\/v2\/tags?post=48878"}],"curies":[{"name":"wp","href":"https:\/\/api.w.org\/{rel}","templated":true}]}}