{"id":48809,"date":"2022-12-16T10:49:31","date_gmt":"2022-12-16T09:49:31","guid":{"rendered":"https:\/\/dorogimedence.hu\/?p=48809"},"modified":"2022-12-16T10:53:27","modified_gmt":"2022-12-16T09:53:27","slug":"versenyben-a-lapi-poc-a-suger-es-a-selymes-durbincs","status":"publish","type":"post","link":"https:\/\/dorogimedence.hu\/index.php\/2022\/12\/16\/versenyben-a-lapi-poc-a-suger-es-a-selymes-durbincs\/","title":{"rendered":"Versenyben a l\u00e1pi p\u00f3c, a s\u00fcg\u00e9r \u00e9s a selymes durbincs"},"content":{"rendered":"<p><strong>T\u00f6bb mint t\u00edz\u00e9ves hagyom\u00e1nyt k\u00f6vetve ez \u00e9vben is k\u00f6z\u00f6ns\u00e9gszavaz\u00e1s d\u00f6nti el, hogy melyik halfajunk legyen 2023-ban az \u00e9v hala. A k\u00f6vetkez\u0151 \u00e9vi gy\u0151ztes a l\u00e1pi p\u00f3c, a s\u00fcg\u00e9r \u00e9s a selymes durbincs k\u00f6z\u00fcl ker\u00fclhet ki. A jel\u00f6l\u00e9si elveknek megfelel\u0151en mindh\u00e1rom faj \u0151shonos vizeinkben, tov\u00e1bb\u00e1 van k\u00f6z\u00f6tt\u00fck v\u00e9dett \u00e9s foghat\u00f3 faj is. A jel\u00f6ltekre december 31-ig b\u00e1rki szavazhat a t\u00e1rsas\u00e1g honlapj\u00e1n.<\/strong><\/p>\n<p>Egyik jel\u00f6lt a l\u00e1pi p\u00f3c. Apr\u00f3 termet\u0171, z\u00f6m\u00f6k, bennsz\u00fcl\u00f6tt halfajunk. \u00dasz\u00f3sugarait egym\u00e1st\u00f3l f\u00fcggetlen\u00fcl k\u00e9pes mozgatni, ez\u00e9rt kapta a &#8222;kutyahal&#8221; elnevez\u00e9st. Barn\u00e1s sz\u00ednezet\u00e9t az oldalvonala hely\u00e9n l\u00e9v\u0151 aranys\u00e1rga cs\u00edk d\u00edsz\u00edti. . \u00c9l\u0151helyek\u00e9nt a d\u00fas n\u00f6v\u00e9nyzet\u0171 mocsarakat \u00e9s l\u00e1pokat r\u00e9szes\u00edti el\u0151nyben. Fennmarad\u00e1s\u00e1t az egyre gyakoribb\u00e1 v\u00e1l\u00f3 sz\u00e1raz peri\u00f3dusok, valamint a Kelet-\u00c1zsi\u00e1b\u00f3l sz\u00e1rmaz\u00f3 inv\u00e1zi\u00f3s amurg\u00e9b is fenyegeti. Term\u00e9szetv\u00e9delmi szempontb\u00f3l igen \u00e9rt\u00e9kes, fokozottan v\u00e9dett, eszmei \u00e9rt\u00e9ke p\u00e9ld\u00e1nyonk\u00e9nt 250.000 forint.<\/p>\n<p><img fetchpriority=\"high\" decoding=\"async\" class=\"alignnone size-large wp-image-48812\" src=\"https:\/\/dorogimedence.hu\/wp-content\/uploads\/2022\/12\/lapipoc-1024x709.jpg\" alt=\"\" width=\"755\" height=\"523\" srcset=\"https:\/\/dorogimedence.hu\/wp-content\/uploads\/2022\/12\/lapipoc-1024x709.jpg 1024w, https:\/\/dorogimedence.hu\/wp-content\/uploads\/2022\/12\/lapipoc-300x208.jpg 300w, https:\/\/dorogimedence.hu\/wp-content\/uploads\/2022\/12\/lapipoc-768x532.jpg 768w, https:\/\/dorogimedence.hu\/wp-content\/uploads\/2022\/12\/lapipoc-1536x1063.jpg 1536w, https:\/\/dorogimedence.hu\/wp-content\/uploads\/2022\/12\/lapipoc-2048x1418.jpg 2048w, https:\/\/dorogimedence.hu\/wp-content\/uploads\/2022\/12\/lapipoc-150x104.jpg 150w, https:\/\/dorogimedence.hu\/wp-content\/uploads\/2022\/12\/lapipoc-450x312.jpg 450w, https:\/\/dorogimedence.hu\/wp-content\/uploads\/2022\/12\/lapipoc-1200x831.jpg 1200w\" sizes=\"(max-width: 755px) 100vw, 755px\" \/><\/p>\n<p>A m\u00e1sik jel\u00f6lt a s\u00fcg\u00e9r. Kis m\u00e9ret\u0171, \u0151shonos halfajunk. A v\u00e1ltoz\u00f3 v\u00edzhozam\u00fa kis foly\u00f3k als\u00f3, r\u00f3la elnevezett s\u00fcg\u00e9rz\u00f3n\u00e1j\u00e1ban fordul el\u0151, de megtal\u00e1lhat\u00f3 a m\u00e9lyebb, n\u00f6v\u00e9nyekkel ben\u0151tt tavak, holt\u00e1gak parti z\u00f3n\u00e1j\u00e1ban. \u00cdze a s\u00fcll\u0151\u00e9vel vetekszik, de a nagy p\u00e9ld\u00e1nyok ritkas\u00e1ga miatt csak keveset fogyasztott hal. Sporthorg\u00e1szati \u00e9rt\u00e9ke az \u00e9vek sor\u00e1n fel\u00e9rt\u00e9kel\u0151d\u00f6tt, mivel igen nagy sikerrel foghat\u00f3 k\u00f6nny\u0171perget\u0151 technik\u00e1val is. A magyarorsz\u00e1gi horg\u00e1szrekord: 1,87 kg (1988).<\/p>\n<p><img decoding=\"async\" class=\"alignnone size-large wp-image-48811\" src=\"https:\/\/dorogimedence.hu\/wp-content\/uploads\/2022\/12\/suger-1024x709.jpg\" alt=\"\" width=\"755\" height=\"523\" srcset=\"https:\/\/dorogimedence.hu\/wp-content\/uploads\/2022\/12\/suger-1024x709.jpg 1024w, https:\/\/dorogimedence.hu\/wp-content\/uploads\/2022\/12\/suger-300x208.jpg 300w, https:\/\/dorogimedence.hu\/wp-content\/uploads\/2022\/12\/suger-768x532.jpg 768w, https:\/\/dorogimedence.hu\/wp-content\/uploads\/2022\/12\/suger-150x104.jpg 150w, https:\/\/dorogimedence.hu\/wp-content\/uploads\/2022\/12\/suger-450x312.jpg 450w, https:\/\/dorogimedence.hu\/wp-content\/uploads\/2022\/12\/suger.jpg 1200w\" sizes=\"(max-width: 755px) 100vw, 755px\" \/><\/p>\n<p>Jel\u00f6lt m\u00e9g a selymes durbincs, mely kis termet\u0171 halfajunk. \u00c1raml\u00e1skedvel\u0151, \u00edgy k\u00f6zepes \u00e9s nagyobb foly\u00f3k domb- \u00e9s s\u00edkvid\u00e9ki szakaszain tal\u00e1lkozhatunk vele. \u0150shonos, bennsz\u00fcl\u00f6tt faj, l\u00e9nyeg\u00e9ben csak a Duna \u00e9s mell\u00e9kfoly\u00f3inak v\u00edzrendszer\u00e9ben lelhet\u0151 fel. K\u00f6zvetlen gazdas\u00e1gi jelent\u0151s\u00e9ge nincs, de term\u00e9szeti \u00e9rt\u00e9ke miatt t\u00f6rv\u00e9ny v\u00e9di, eszmei \u00e9rt\u00e9ke p\u00e9ld\u00e1nyonk\u00e9nt 10.000 Ft.<\/p>\n<p><img decoding=\"async\" class=\"alignnone size-full wp-image-48810\" src=\"https:\/\/dorogimedence.hu\/wp-content\/uploads\/2022\/12\/selymesdurbincs.jpg\" alt=\"\" width=\"800\" height=\"500\" srcset=\"https:\/\/dorogimedence.hu\/wp-content\/uploads\/2022\/12\/selymesdurbincs.jpg 800w, https:\/\/dorogimedence.hu\/wp-content\/uploads\/2022\/12\/selymesdurbincs-300x188.jpg 300w, https:\/\/dorogimedence.hu\/wp-content\/uploads\/2022\/12\/selymesdurbincs-768x480.jpg 768w, https:\/\/dorogimedence.hu\/wp-content\/uploads\/2022\/12\/selymesdurbincs-150x94.jpg 150w, https:\/\/dorogimedence.hu\/wp-content\/uploads\/2022\/12\/selymesdurbincs-450x281.jpg 450w\" sizes=\"(max-width: 800px) 100vw, 800px\" \/><\/p>\n<p>A tisztul\u00f3 \u00e9l\u0151vizeknek \u00e9s az elm\u00falt \u00e9vek t\u00f6rv\u00e9nyi szab\u00e1lyoz\u00e1s\u00e1nak k\u00f6sz\u00f6nhet\u0151en haz\u00e1nkban n\u00f6vekszik az \u0151shonos halak \u00e1llom\u00e1nya. Telep\u00edteni is p\u00e9ld\u00e1ul m\u00e1r csak \u0151shonos halakat lehet \u00e9s kifoghat\u00f3 fajaikra is szigor\u00fabb m\u00e9retkorl\u00e1toz\u00e1sok \u00e9rv\u00e9nyesek, mint m\u00e1s fajokra. A h\u00e1rom halra Magyar Haltani T\u00e1rsas\u00e1g honlapj\u00e1n <a href=\"http:\/\/haltanitarsasag.hu\/azevhala_hu.php\" target=\"_blank\" rel=\"noopener\"><span style=\"text-decoration: underline; color: #0000ff;\">http:\/\/haltanitarsasag.hu\/azevhala_hu.php<\/span><\/a> lehet szavazni, december 31-ig, d\u00e9li 12 \u00f3r\u00e1ig.<\/p>\n","protected":false},"excerpt":{"rendered":"<p>T\u00f6bb mint t\u00edz\u00e9ves hagyom\u00e1nyt k\u00f6vetve ez \u00e9vben is k\u00f6z\u00f6ns\u00e9gszavaz\u00e1s d\u00f6nti el, hogy melyik halfajunk legyen 2023-ban az \u00e9v hala. A k\u00f6vetkez\u0151 \u00e9vi gy\u0151ztes a l\u00e1pi p\u00f3c, a s\u00fcg\u00e9r \u00e9s a selymes durbincs k\u00f6z\u00fcl ker\u00fclhet ki. A jel\u00f6l\u00e9si elveknek megfelel\u0151en mindh\u00e1rom faj \u0151shonos vizeinkben, tov\u00e1bb\u00e1 van k\u00f6z\u00f6tt\u00fck v\u00e9dett \u00e9s foghat\u00f3 faj is. A jel\u00f6ltekre december 31-ig<\/p>\n","protected":false},"author":1,"featured_media":48813,"comment_status":"closed","ping_status":"closed","sticky":false,"template":"","format":"standard","meta":{"ngg_post_thumbnail":0,"footnotes":""},"categories":[3],"tags":[4084,5848],"class_list":{"0":"post-48809","1":"post","2":"type-post","3":"status-publish","4":"format-standard","5":"has-post-thumbnail","7":"category-hirek","8":"tag-hal","9":"tag-halak"},"yoast_head":"<!-- This site is optimized with the Yoast SEO plugin v27.4 - https:\/\/yoast.com\/product\/yoast-seo-wordpress\/ -->\n<title>Versenyben a l\u00e1pi p\u00f3c, a s\u00fcg\u00e9r \u00e9s a selymes durbincs<\/title>\n<meta name=\"robots\" content=\"index, follow, max-snippet:-1, max-image-preview:large, max-video-preview:-1\" \/>\n<link rel=\"canonical\" href=\"https:\/\/dorogimedence.hu\/index.php\/2022\/12\/16\/versenyben-a-lapi-poc-a-suger-es-a-selymes-durbincs\/\" class=\"yoast-seo-meta-tag\" \/>\n<meta property=\"og:locale\" content=\"hu_HU\" class=\"yoast-seo-meta-tag\" \/>\n<meta property=\"og:type\" content=\"article\" class=\"yoast-seo-meta-tag\" \/>\n<meta property=\"og:title\" content=\"Versenyben a l\u00e1pi p\u00f3c, a s\u00fcg\u00e9r \u00e9s a selymes durbincs\" class=\"yoast-seo-meta-tag\" \/>\n<meta property=\"og:description\" content=\"T\u00f6bb mint t\u00edz\u00e9ves hagyom\u00e1nyt k\u00f6vetve ez \u00e9vben is k\u00f6z\u00f6ns\u00e9gszavaz\u00e1s d\u00f6nti el, hogy melyik halfajunk legyen 2023-ban az \u00e9v hala. A k\u00f6vetkez\u0151 \u00e9vi gy\u0151ztes a l\u00e1pi p\u00f3c, a s\u00fcg\u00e9r \u00e9s a selymes durbincs k\u00f6z\u00fcl ker\u00fclhet ki. A jel\u00f6l\u00e9si elveknek megfelel\u0151en mindh\u00e1rom faj \u0151shonos vizeinkben, tov\u00e1bb\u00e1 van k\u00f6z\u00f6tt\u00fck v\u00e9dett \u00e9s foghat\u00f3 faj is. A jel\u00f6ltekre december 31-ig\" class=\"yoast-seo-meta-tag\" \/>\n<meta property=\"og:url\" content=\"https:\/\/dorogimedence.hu\/index.php\/2022\/12\/16\/versenyben-a-lapi-poc-a-suger-es-a-selymes-durbincs\/\" class=\"yoast-seo-meta-tag\" \/>\n<meta property=\"og:site_name\" content=\"Dorogi-medence Region\u00e1lis H\u00edrport\u00e1l\" class=\"yoast-seo-meta-tag\" \/>\n<meta property=\"article:publisher\" content=\"https:\/\/www.facebook.com\/dorogimedence\/\" class=\"yoast-seo-meta-tag\" \/>\n<meta property=\"article:published_time\" content=\"2022-12-16T09:49:31+00:00\" class=\"yoast-seo-meta-tag\" \/>\n<meta property=\"article:modified_time\" content=\"2022-12-16T09:53:27+00:00\" class=\"yoast-seo-meta-tag\" \/>\n<meta property=\"og:image\" content=\"https:\/\/dorogimedence.hu\/wp-content\/uploads\/2022\/12\/river-fish-g355f370bf_1920.jpg\" class=\"yoast-seo-meta-tag\" \/>\n\t<meta property=\"og:image:width\" content=\"1920\" class=\"yoast-seo-meta-tag\" \/>\n\t<meta property=\"og:image:height\" content=\"1280\" class=\"yoast-seo-meta-tag\" \/>\n\t<meta property=\"og:image:type\" content=\"image\/jpeg\" class=\"yoast-seo-meta-tag\" \/>\n<meta name=\"author\" content=\"dorogimedence.hu\" class=\"yoast-seo-meta-tag\" \/>\n<meta name=\"twitter:card\" content=\"summary_large_image\" class=\"yoast-seo-meta-tag\" \/>\n<meta name=\"twitter:label1\" content=\"Szerz\u0151:\" class=\"yoast-seo-meta-tag\" \/>\n\t<meta name=\"twitter:data1\" content=\"dorogimedence.hu\" class=\"yoast-seo-meta-tag\" \/>\n\t<meta name=\"twitter:label2\" content=\"Becs\u00fclt olvas\u00e1si id\u0151\" class=\"yoast-seo-meta-tag\" \/>\n\t<meta name=\"twitter:data2\" content=\"2 perc\" class=\"yoast-seo-meta-tag\" \/>\n<script type=\"application\/ld+json\" class=\"yoast-schema-graph\">{\"@context\":\"https:\\\/\\\/schema.org\",\"@graph\":[{\"@type\":\"Article\",\"@id\":\"https:\\\/\\\/dorogimedence.hu\\\/index.php\\\/2022\\\/12\\\/16\\\/versenyben-a-lapi-poc-a-suger-es-a-selymes-durbincs\\\/#article\",\"isPartOf\":{\"@id\":\"https:\\\/\\\/dorogimedence.hu\\\/index.php\\\/2022\\\/12\\\/16\\\/versenyben-a-lapi-poc-a-suger-es-a-selymes-durbincs\\\/\"},\"author\":{\"name\":\"dorogimedence.hu\",\"@id\":\"https:\\\/\\\/dorogimedence.hu\\\/#\\\/schema\\\/person\\\/ce6091eeb7e95ecdc87890d6aa8e0fd4\"},\"headline\":\"Versenyben a l\u00e1pi p\u00f3c, a s\u00fcg\u00e9r \u00e9s a selymes durbincs\",\"datePublished\":\"2022-12-16T09:49:31+00:00\",\"dateModified\":\"2022-12-16T09:53:27+00:00\",\"mainEntityOfPage\":{\"@id\":\"https:\\\/\\\/dorogimedence.hu\\\/index.php\\\/2022\\\/12\\\/16\\\/versenyben-a-lapi-poc-a-suger-es-a-selymes-durbincs\\\/\"},\"wordCount\":484,\"publisher\":{\"@id\":\"https:\\\/\\\/dorogimedence.hu\\\/#organization\"},\"image\":{\"@id\":\"https:\\\/\\\/dorogimedence.hu\\\/index.php\\\/2022\\\/12\\\/16\\\/versenyben-a-lapi-poc-a-suger-es-a-selymes-durbincs\\\/#primaryimage\"},\"thumbnailUrl\":\"https:\\\/\\\/dorogimedence.hu\\\/wp-content\\\/uploads\\\/2022\\\/12\\\/river-fish-g355f370bf_1920.jpg\",\"keywords\":[\"hal\",\"halak\"],\"articleSection\":[\"H\u00edrek\"],\"inLanguage\":\"hu\"},{\"@type\":\"WebPage\",\"@id\":\"https:\\\/\\\/dorogimedence.hu\\\/index.php\\\/2022\\\/12\\\/16\\\/versenyben-a-lapi-poc-a-suger-es-a-selymes-durbincs\\\/\",\"url\":\"https:\\\/\\\/dorogimedence.hu\\\/index.php\\\/2022\\\/12\\\/16\\\/versenyben-a-lapi-poc-a-suger-es-a-selymes-durbincs\\\/\",\"name\":\"Versenyben a l\u00e1pi p\u00f3c, a s\u00fcg\u00e9r \u00e9s a selymes durbincs\",\"isPartOf\":{\"@id\":\"https:\\\/\\\/dorogimedence.hu\\\/#website\"},\"primaryImageOfPage\":{\"@id\":\"https:\\\/\\\/dorogimedence.hu\\\/index.php\\\/2022\\\/12\\\/16\\\/versenyben-a-lapi-poc-a-suger-es-a-selymes-durbincs\\\/#primaryimage\"},\"image\":{\"@id\":\"https:\\\/\\\/dorogimedence.hu\\\/index.php\\\/2022\\\/12\\\/16\\\/versenyben-a-lapi-poc-a-suger-es-a-selymes-durbincs\\\/#primaryimage\"},\"thumbnailUrl\":\"https:\\\/\\\/dorogimedence.hu\\\/wp-content\\\/uploads\\\/2022\\\/12\\\/river-fish-g355f370bf_1920.jpg\",\"datePublished\":\"2022-12-16T09:49:31+00:00\",\"dateModified\":\"2022-12-16T09:53:27+00:00\",\"breadcrumb\":{\"@id\":\"https:\\\/\\\/dorogimedence.hu\\\/index.php\\\/2022\\\/12\\\/16\\\/versenyben-a-lapi-poc-a-suger-es-a-selymes-durbincs\\\/#breadcrumb\"},\"inLanguage\":\"hu\",\"potentialAction\":[{\"@type\":\"ReadAction\",\"target\":[\"https:\\\/\\\/dorogimedence.hu\\\/index.php\\\/2022\\\/12\\\/16\\\/versenyben-a-lapi-poc-a-suger-es-a-selymes-durbincs\\\/\"]}]},{\"@type\":\"ImageObject\",\"inLanguage\":\"hu\",\"@id\":\"https:\\\/\\\/dorogimedence.hu\\\/index.php\\\/2022\\\/12\\\/16\\\/versenyben-a-lapi-poc-a-suger-es-a-selymes-durbincs\\\/#primaryimage\",\"url\":\"https:\\\/\\\/dorogimedence.hu\\\/wp-content\\\/uploads\\\/2022\\\/12\\\/river-fish-g355f370bf_1920.jpg\",\"contentUrl\":\"https:\\\/\\\/dorogimedence.hu\\\/wp-content\\\/uploads\\\/2022\\\/12\\\/river-fish-g355f370bf_1920.jpg\",\"width\":1920,\"height\":1280},{\"@type\":\"BreadcrumbList\",\"@id\":\"https:\\\/\\\/dorogimedence.hu\\\/index.php\\\/2022\\\/12\\\/16\\\/versenyben-a-lapi-poc-a-suger-es-a-selymes-durbincs\\\/#breadcrumb\",\"itemListElement\":[{\"@type\":\"ListItem\",\"position\":1,\"name\":\"Kezd\u0151lap\",\"item\":\"https:\\\/\\\/dorogimedence.hu\\\/\"},{\"@type\":\"ListItem\",\"position\":2,\"name\":\"Versenyben a l\u00e1pi p\u00f3c, a s\u00fcg\u00e9r \u00e9s a selymes durbincs\"}]},{\"@type\":\"WebSite\",\"@id\":\"https:\\\/\\\/dorogimedence.hu\\\/#website\",\"url\":\"https:\\\/\\\/dorogimedence.hu\\\/\",\"name\":\"Dorogi-medence Region\u00e1lis H\u00edrport\u00e1l\",\"description\":\"Dorog, Keszt\u00f6lc, Le\u00e1nyv\u00e1r, Piliscs\u00e9v, Tokod, Tokodalt\u00e1r\u00f3, Csolnok, Esztergom-kertv\u00e1ros: h\u00edrek, programok\",\"publisher\":{\"@id\":\"https:\\\/\\\/dorogimedence.hu\\\/#organization\"},\"potentialAction\":[{\"@type\":\"SearchAction\",\"target\":{\"@type\":\"EntryPoint\",\"urlTemplate\":\"https:\\\/\\\/dorogimedence.hu\\\/?s={search_term_string}\"},\"query-input\":{\"@type\":\"PropertyValueSpecification\",\"valueRequired\":true,\"valueName\":\"search_term_string\"}}],\"inLanguage\":\"hu\"},{\"@type\":\"Organization\",\"@id\":\"https:\\\/\\\/dorogimedence.hu\\\/#organization\",\"name\":\"Dorogi-medence Region\u00e1lis H\u00edrport\u00e1l\",\"url\":\"https:\\\/\\\/dorogimedence.hu\\\/\",\"logo\":{\"@type\":\"ImageObject\",\"inLanguage\":\"hu\",\"@id\":\"https:\\\/\\\/dorogimedence.hu\\\/#\\\/schema\\\/logo\\\/image\\\/\",\"url\":\"https:\\\/\\\/dorogimedence.hu\\\/wp-content\\\/uploads\\\/2021\\\/04\\\/logo-feher-600.png\",\"contentUrl\":\"https:\\\/\\\/dorogimedence.hu\\\/wp-content\\\/uploads\\\/2021\\\/04\\\/logo-feher-600.png\",\"width\":600,\"height\":100,\"caption\":\"Dorogi-medence Region\u00e1lis H\u00edrport\u00e1l\"},\"image\":{\"@id\":\"https:\\\/\\\/dorogimedence.hu\\\/#\\\/schema\\\/logo\\\/image\\\/\"},\"sameAs\":[\"https:\\\/\\\/www.facebook.com\\\/dorogimedence\\\/\"]},{\"@type\":\"Person\",\"@id\":\"https:\\\/\\\/dorogimedence.hu\\\/#\\\/schema\\\/person\\\/ce6091eeb7e95ecdc87890d6aa8e0fd4\",\"name\":\"dorogimedence.hu\",\"image\":{\"@type\":\"ImageObject\",\"inLanguage\":\"hu\",\"@id\":\"\\\/\\\/www.gravatar.com\\\/avatar\\\/d8d45f8901aadff40a4af72c0b826f1d?s=96&#038;r=g&#038;d=mm\",\"url\":\"\\\/\\\/www.gravatar.com\\\/avatar\\\/d8d45f8901aadff40a4af72c0b826f1d?s=96&#038;r=g&#038;d=mm\",\"contentUrl\":\"\\\/\\\/www.gravatar.com\\\/avatar\\\/d8d45f8901aadff40a4af72c0b826f1d?s=96&#038;r=g&#038;d=mm\",\"caption\":\"dorogimedence.hu\"}}]}<\/script>\n<!-- \/ Yoast SEO plugin. -->","yoast_head_json":{"title":"Versenyben a l\u00e1pi p\u00f3c, a s\u00fcg\u00e9r \u00e9s a selymes durbincs","robots":{"index":"index","follow":"follow","max-snippet":"max-snippet:-1","max-image-preview":"max-image-preview:large","max-video-preview":"max-video-preview:-1"},"canonical":"https:\/\/dorogimedence.hu\/index.php\/2022\/12\/16\/versenyben-a-lapi-poc-a-suger-es-a-selymes-durbincs\/","og_locale":"hu_HU","og_type":"article","og_title":"Versenyben a l\u00e1pi p\u00f3c, a s\u00fcg\u00e9r \u00e9s a selymes durbincs","og_description":"T\u00f6bb mint t\u00edz\u00e9ves hagyom\u00e1nyt k\u00f6vetve ez \u00e9vben is k\u00f6z\u00f6ns\u00e9gszavaz\u00e1s d\u00f6nti el, hogy melyik halfajunk legyen 2023-ban az \u00e9v hala. A k\u00f6vetkez\u0151 \u00e9vi gy\u0151ztes a l\u00e1pi p\u00f3c, a s\u00fcg\u00e9r \u00e9s a selymes durbincs k\u00f6z\u00fcl ker\u00fclhet ki. A jel\u00f6l\u00e9si elveknek megfelel\u0151en mindh\u00e1rom faj \u0151shonos vizeinkben, tov\u00e1bb\u00e1 van k\u00f6z\u00f6tt\u00fck v\u00e9dett \u00e9s foghat\u00f3 faj is. A jel\u00f6ltekre december 31-ig","og_url":"https:\/\/dorogimedence.hu\/index.php\/2022\/12\/16\/versenyben-a-lapi-poc-a-suger-es-a-selymes-durbincs\/","og_site_name":"Dorogi-medence Region\u00e1lis H\u00edrport\u00e1l","article_publisher":"https:\/\/www.facebook.com\/dorogimedence\/","article_published_time":"2022-12-16T09:49:31+00:00","article_modified_time":"2022-12-16T09:53:27+00:00","og_image":[{"width":1920,"height":1280,"url":"https:\/\/dorogimedence.hu\/wp-content\/uploads\/2022\/12\/river-fish-g355f370bf_1920.jpg","type":"image\/jpeg"}],"author":"dorogimedence.hu","twitter_card":"summary_large_image","twitter_misc":{"Szerz\u0151:":"dorogimedence.hu","Becs\u00fclt olvas\u00e1si id\u0151":"2 perc"},"schema":{"@context":"https:\/\/schema.org","@graph":[{"@type":"Article","@id":"https:\/\/dorogimedence.hu\/index.php\/2022\/12\/16\/versenyben-a-lapi-poc-a-suger-es-a-selymes-durbincs\/#article","isPartOf":{"@id":"https:\/\/dorogimedence.hu\/index.php\/2022\/12\/16\/versenyben-a-lapi-poc-a-suger-es-a-selymes-durbincs\/"},"author":{"name":"dorogimedence.hu","@id":"https:\/\/dorogimedence.hu\/#\/schema\/person\/ce6091eeb7e95ecdc87890d6aa8e0fd4"},"headline":"Versenyben a l\u00e1pi p\u00f3c, a s\u00fcg\u00e9r \u00e9s a selymes durbincs","datePublished":"2022-12-16T09:49:31+00:00","dateModified":"2022-12-16T09:53:27+00:00","mainEntityOfPage":{"@id":"https:\/\/dorogimedence.hu\/index.php\/2022\/12\/16\/versenyben-a-lapi-poc-a-suger-es-a-selymes-durbincs\/"},"wordCount":484,"publisher":{"@id":"https:\/\/dorogimedence.hu\/#organization"},"image":{"@id":"https:\/\/dorogimedence.hu\/index.php\/2022\/12\/16\/versenyben-a-lapi-poc-a-suger-es-a-selymes-durbincs\/#primaryimage"},"thumbnailUrl":"https:\/\/dorogimedence.hu\/wp-content\/uploads\/2022\/12\/river-fish-g355f370bf_1920.jpg","keywords":["hal","halak"],"articleSection":["H\u00edrek"],"inLanguage":"hu"},{"@type":"WebPage","@id":"https:\/\/dorogimedence.hu\/index.php\/2022\/12\/16\/versenyben-a-lapi-poc-a-suger-es-a-selymes-durbincs\/","url":"https:\/\/dorogimedence.hu\/index.php\/2022\/12\/16\/versenyben-a-lapi-poc-a-suger-es-a-selymes-durbincs\/","name":"Versenyben a l\u00e1pi p\u00f3c, a s\u00fcg\u00e9r \u00e9s a selymes durbincs","isPartOf":{"@id":"https:\/\/dorogimedence.hu\/#website"},"primaryImageOfPage":{"@id":"https:\/\/dorogimedence.hu\/index.php\/2022\/12\/16\/versenyben-a-lapi-poc-a-suger-es-a-selymes-durbincs\/#primaryimage"},"image":{"@id":"https:\/\/dorogimedence.hu\/index.php\/2022\/12\/16\/versenyben-a-lapi-poc-a-suger-es-a-selymes-durbincs\/#primaryimage"},"thumbnailUrl":"https:\/\/dorogimedence.hu\/wp-content\/uploads\/2022\/12\/river-fish-g355f370bf_1920.jpg","datePublished":"2022-12-16T09:49:31+00:00","dateModified":"2022-12-16T09:53:27+00:00","breadcrumb":{"@id":"https:\/\/dorogimedence.hu\/index.php\/2022\/12\/16\/versenyben-a-lapi-poc-a-suger-es-a-selymes-durbincs\/#breadcrumb"},"inLanguage":"hu","potentialAction":[{"@type":"ReadAction","target":["https:\/\/dorogimedence.hu\/index.php\/2022\/12\/16\/versenyben-a-lapi-poc-a-suger-es-a-selymes-durbincs\/"]}]},{"@type":"ImageObject","inLanguage":"hu","@id":"https:\/\/dorogimedence.hu\/index.php\/2022\/12\/16\/versenyben-a-lapi-poc-a-suger-es-a-selymes-durbincs\/#primaryimage","url":"https:\/\/dorogimedence.hu\/wp-content\/uploads\/2022\/12\/river-fish-g355f370bf_1920.jpg","contentUrl":"https:\/\/dorogimedence.hu\/wp-content\/uploads\/2022\/12\/river-fish-g355f370bf_1920.jpg","width":1920,"height":1280},{"@type":"BreadcrumbList","@id":"https:\/\/dorogimedence.hu\/index.php\/2022\/12\/16\/versenyben-a-lapi-poc-a-suger-es-a-selymes-durbincs\/#breadcrumb","itemListElement":[{"@type":"ListItem","position":1,"name":"Kezd\u0151lap","item":"https:\/\/dorogimedence.hu\/"},{"@type":"ListItem","position":2,"name":"Versenyben a l\u00e1pi p\u00f3c, a s\u00fcg\u00e9r \u00e9s a selymes durbincs"}]},{"@type":"WebSite","@id":"https:\/\/dorogimedence.hu\/#website","url":"https:\/\/dorogimedence.hu\/","name":"Dorogi-medence Region\u00e1lis H\u00edrport\u00e1l","description":"Dorog, Keszt\u00f6lc, Le\u00e1nyv\u00e1r, Piliscs\u00e9v, Tokod, Tokodalt\u00e1r\u00f3, Csolnok, Esztergom-kertv\u00e1ros: h\u00edrek, programok","publisher":{"@id":"https:\/\/dorogimedence.hu\/#organization"},"potentialAction":[{"@type":"SearchAction","target":{"@type":"EntryPoint","urlTemplate":"https:\/\/dorogimedence.hu\/?s={search_term_string}"},"query-input":{"@type":"PropertyValueSpecification","valueRequired":true,"valueName":"search_term_string"}}],"inLanguage":"hu"},{"@type":"Organization","@id":"https:\/\/dorogimedence.hu\/#organization","name":"Dorogi-medence Region\u00e1lis H\u00edrport\u00e1l","url":"https:\/\/dorogimedence.hu\/","logo":{"@type":"ImageObject","inLanguage":"hu","@id":"https:\/\/dorogimedence.hu\/#\/schema\/logo\/image\/","url":"https:\/\/dorogimedence.hu\/wp-content\/uploads\/2021\/04\/logo-feher-600.png","contentUrl":"https:\/\/dorogimedence.hu\/wp-content\/uploads\/2021\/04\/logo-feher-600.png","width":600,"height":100,"caption":"Dorogi-medence Region\u00e1lis H\u00edrport\u00e1l"},"image":{"@id":"https:\/\/dorogimedence.hu\/#\/schema\/logo\/image\/"},"sameAs":["https:\/\/www.facebook.com\/dorogimedence\/"]},{"@type":"Person","@id":"https:\/\/dorogimedence.hu\/#\/schema\/person\/ce6091eeb7e95ecdc87890d6aa8e0fd4","name":"dorogimedence.hu","image":{"@type":"ImageObject","inLanguage":"hu","@id":"\/\/www.gravatar.com\/avatar\/d8d45f8901aadff40a4af72c0b826f1d?s=96&#038;r=g&#038;d=mm","url":"\/\/www.gravatar.com\/avatar\/d8d45f8901aadff40a4af72c0b826f1d?s=96&#038;r=g&#038;d=mm","contentUrl":"\/\/www.gravatar.com\/avatar\/d8d45f8901aadff40a4af72c0b826f1d?s=96&#038;r=g&#038;d=mm","caption":"dorogimedence.hu"}}]}},"_links":{"self":[{"href":"https:\/\/dorogimedence.hu\/index.php\/wp-json\/wp\/v2\/posts\/48809","targetHints":{"allow":["GET"]}}],"collection":[{"href":"https:\/\/dorogimedence.hu\/index.php\/wp-json\/wp\/v2\/posts"}],"about":[{"href":"https:\/\/dorogimedence.hu\/index.php\/wp-json\/wp\/v2\/types\/post"}],"author":[{"embeddable":true,"href":"https:\/\/dorogimedence.hu\/index.php\/wp-json\/wp\/v2\/users\/1"}],"replies":[{"embeddable":true,"href":"https:\/\/dorogimedence.hu\/index.php\/wp-json\/wp\/v2\/comments?post=48809"}],"version-history":[{"count":0,"href":"https:\/\/dorogimedence.hu\/index.php\/wp-json\/wp\/v2\/posts\/48809\/revisions"}],"wp:featuredmedia":[{"embeddable":true,"href":"https:\/\/dorogimedence.hu\/index.php\/wp-json\/wp\/v2\/media\/48813"}],"wp:attachment":[{"href":"https:\/\/dorogimedence.hu\/index.php\/wp-json\/wp\/v2\/media?parent=48809"}],"wp:term":[{"taxonomy":"category","embeddable":true,"href":"https:\/\/dorogimedence.hu\/index.php\/wp-json\/wp\/v2\/categories?post=48809"},{"taxonomy":"post_tag","embeddable":true,"href":"https:\/\/dorogimedence.hu\/index.php\/wp-json\/wp\/v2\/tags?post=48809"}],"curies":[{"name":"wp","href":"https:\/\/api.w.org\/{rel}","templated":true}]}}