{"id":48653,"date":"2022-12-10T10:59:47","date_gmt":"2022-12-10T09:59:47","guid":{"rendered":"https:\/\/dorogimedence.hu\/?p=48653"},"modified":"2022-12-10T11:01:18","modified_gmt":"2022-12-10T10:01:18","slug":"halat-nevelnek-jovore-a-megyei-horgaszok","status":"publish","type":"post","link":"https:\/\/dorogimedence.hu\/index.php\/2022\/12\/10\/halat-nevelnek-jovore-a-megyei-horgaszok\/","title":{"rendered":"Halat nevelnek j\u00f6v\u0151re a megyei horg\u00e1szok"},"content":{"rendered":"<p><strong>A megyei horg\u00e1szok \u00e9vz\u00e1r\u00f3 \u00fcl\u00e9s\u00e9n besz\u00e1moltak 2022 rendezv\u00e9nyeir\u0151l, \u00f6sszegezt\u00e9k a haltelep\u00edt\u00e9seket, t\u00e1j\u00e9koztat\u00f3t hallgattak meg a gyermek \u00e9s ifj\u00fas\u00e1gi horg\u00e1szokr\u00f3l, illetve a horg\u00e1szvizsg\u00e1kr\u00f3l. Ismertett\u00e9k a leggyakoribb szab\u00e1lys\u00e9rt\u00e9seket, \u00e9s elfogadt\u00e1k azt tervet, mely szerint j\u00f6v\u0151re a Tata melletti R\u00e9ti 8-as t\u00f3ban halakat nevelnek, melyeket k\u00e9s\u0151bb a sz\u00f6vets\u00e9g kezel\u00e9s\u00e9ben l\u00e9v\u0151 vizekbe telep\u00edtenek.<\/strong><\/p>\n<p>Zoltai D\u00e1niel, a KEMHESZ eln\u00f6ke elmondta, ebben az \u00e9vben is megtartott\u00e1k a sz\u00f6vets\u00e9g hagyom\u00e1nyos versenyeit, melyek k\u00f6z\u00fcl kiemelkedett a 96 \u00f3r\u00e1s Nagyhalfog\u00f3 Horg\u00e1szverseny \u00e9s a p\u00e1ros cs\u00f3nakos perget\u0151 verseny. Mind a k\u00e9t rendezv\u00e9nyen megd\u0151lt a fog\u00e1si cs\u00facs \u00e9s az indul\u00f3k l\u00e9tsz\u00e1ma.<\/p>\n<p>\u00daj versenyk\u00e9nt szervezt\u00e9k meg Esztergom-B\u00fab\u00e1natv\u00f6lgyben az \u00e9jszakai p\u00e1ros versenyt, melyen sok indul\u00f3 sz\u00e9pen fogott. A sz\u00f6vets\u00e9g Kocson rendezte meg a megyei polg\u00e1r\u0151r\u00f6k verseny\u00e9t, mely els\u0151 l\u00e9pcs\u0151foka volt a hamarosan sorra ker\u00fcl\u0151 egy\u00fcttm\u0171k\u00f6d\u00e9si meg\u00e1llapod\u00e1snak a k\u00e9t szervezet k\u00f6z\u00f6tt.<\/p>\n<p>Okt\u00f3ber 13-\u00e1n a megyei rend\u0151rs\u00e9gi verseny volt Kecsk\u00e9den, sz\u00e9p fog\u00e1sokkal, nagy sikerrel. A rend\u0151rs\u00e9g \u00e9s a sz\u00f6vets\u00e9g k\u00f6z\u00f6tt hat\u00e9kony \u00e9s \u00e9l\u0151 kapcsolat van, ami els\u0151sorban halv\u00e9delm\u00fcnk hat\u00e9konys\u00e1g\u00e1t n\u00f6veli &#8211; ismertette az eln\u00f6k.<\/p>\n<p><img fetchpriority=\"high\" decoding=\"async\" class=\"alignnone size-large wp-image-48655\" src=\"https:\/\/dorogimedence.hu\/wp-content\/uploads\/2022\/12\/1208ules2022Foto2-1024x709.jpg\" alt=\"\" width=\"755\" height=\"523\" srcset=\"https:\/\/dorogimedence.hu\/wp-content\/uploads\/2022\/12\/1208ules2022Foto2-1024x709.jpg 1024w, https:\/\/dorogimedence.hu\/wp-content\/uploads\/2022\/12\/1208ules2022Foto2-300x208.jpg 300w, https:\/\/dorogimedence.hu\/wp-content\/uploads\/2022\/12\/1208ules2022Foto2-768x532.jpg 768w, https:\/\/dorogimedence.hu\/wp-content\/uploads\/2022\/12\/1208ules2022Foto2-1536x1063.jpg 1536w, https:\/\/dorogimedence.hu\/wp-content\/uploads\/2022\/12\/1208ules2022Foto2-2048x1418.jpg 2048w, https:\/\/dorogimedence.hu\/wp-content\/uploads\/2022\/12\/1208ules2022Foto2-150x104.jpg 150w, https:\/\/dorogimedence.hu\/wp-content\/uploads\/2022\/12\/1208ules2022Foto2-450x312.jpg 450w, https:\/\/dorogimedence.hu\/wp-content\/uploads\/2022\/12\/1208ules2022Foto2-1200x831.jpg 1200w\" sizes=\"(max-width: 755px) 100vw, 755px\" \/><\/p>\n<p>Zoltai D\u00e1niel, a KEMHESZ eln\u00f6ke elmondta, a megyei Duna-szakasz halb\u0151s\u00e9g\u00e9hez hozz\u00e1j\u00e1rul, hogy a KEMHESZ az elm\u00falt \u00e9vekben rekord mennyis\u00e9g\u0171 halat telep\u00edtett a vizekbe r\u00e9szben saj\u00e1t forr\u00e1sb\u00f3l, r\u00e9szben pedig az \u00e1llami t\u00e1mogat\u00e1soknak k\u00f6sz\u00f6nhet\u0151en, valamint megsz\u0171nt a hal\u00e1szat \u00e9s a sz\u00f6vets\u00e9g j\u00f3 gazda m\u00f3dj\u00e1ra, hossz\u00fa t\u00e1vra tekint\u0151, tudatos halgazd\u00e1lkod\u00e1st folytat.<\/p>\n<p>Schmidt-Kov\u00e1cs Bence szakmai igazgat\u00f3 el\u0151terjeszt\u00e9s\u00e9ben fogadt\u00e1k el az idei haltelep\u00edt\u00e9sek \u00f6sszegz\u00e9s\u00e9t, mely szerint k\u00f6zel 21.487 kilogramm ponty, 1.500 kilogramm csuka, valamint kisebb mennyis\u00e9g\u0171 balin, d\u00e9v\u00e9rkeszeg, fogass\u00fcll\u0151, harcsa, \u00e9s menyhal ker\u00fclt a Dun\u00e1ba a foly\u00f3 sz\u0151nyi \u00e9s neszm\u00e9lyi \u00e1g\u00e1ban, valamint az esztergomi Sz\u00e9nrakod\u00f3n\u00e1l. A MOHOSZ 2600 kilogramm k\u00e9t nyaras ponty \u00e9s 3800 kilogramm h\u00e1rom nyaras ponty telep\u00edt\u00e9s\u00e9hez ny\u00fajtott t\u00e1mogat\u00e1st, egy nyertes p\u00e1ly\u00e1zatot k\u00f6vet\u0151en.<\/p>\n<p>A KEMHESZ \u00f6sszesen kilenc hal\u0151rt foglalkoztat, k\u00f6z\u00fcl\u00fck n\u00e9gyen f\u0151\u00e1ll\u00e1s\u00faak. A csapat id\u00e9n 29 indul\u00f3 k\u00f6z\u00fcl nyolcadik helyen v\u00e9gzett az V. Orsz\u00e1gos Hal\u0151ri Verseny \u00e9s Szakmai Tal\u00e1lkoz\u00f3n Szarvason.<\/p>\n<p>A hal\u0151r\u00f6k id\u00e9n 80-n\u00e1l t\u00f6bb esetben int\u00e9zkedtek, legt\u00f6bbsz\u00f6r jogosulatlan horg\u00e1szat, darabsz\u00e1m \u00e9s m\u00e9retkorl\u00e1toz\u00e1s megs\u00e9rt\u00e9se, a fog\u00e1si napl\u00f3 vezet\u00e9si szab\u00e1lyainak megs\u00e9rt\u00e9se, \u00e9s tilalmi id\u0151vel v\u00e9dett hal megtart\u00e1sa miatt.<\/p>\n<p>A Tata melletti R\u00e9ti VIII-as tavat a sz\u00f6vets\u00e9g b\u00e9rbe vette a v\u00e1rosi \u00f6nkorm\u00e1nyzatt\u00f3l. Mivel a KEMHESZ feladata a megyei Duna-szakasz telep\u00edt\u00e9se, a t\u00f3ban pontyot, s\u00fcll\u0151t, csuk\u00e1t szeretn\u00e9nek nevelni az \u00e1llom\u00e1ny folyamatos eg\u00e9szs\u00e9g\u00fcgyi fel\u00fcgyelete mellett.<\/p>\n<p><img decoding=\"async\" class=\"alignnone size-large wp-image-48654\" src=\"https:\/\/dorogimedence.hu\/wp-content\/uploads\/2022\/12\/1208ulees2022Foto1-1024x709.jpg\" alt=\"\" width=\"755\" height=\"523\" srcset=\"https:\/\/dorogimedence.hu\/wp-content\/uploads\/2022\/12\/1208ulees2022Foto1-1024x709.jpg 1024w, https:\/\/dorogimedence.hu\/wp-content\/uploads\/2022\/12\/1208ulees2022Foto1-300x208.jpg 300w, https:\/\/dorogimedence.hu\/wp-content\/uploads\/2022\/12\/1208ulees2022Foto1-768x532.jpg 768w, https:\/\/dorogimedence.hu\/wp-content\/uploads\/2022\/12\/1208ulees2022Foto1-1536x1063.jpg 1536w, https:\/\/dorogimedence.hu\/wp-content\/uploads\/2022\/12\/1208ulees2022Foto1-2048x1418.jpg 2048w, https:\/\/dorogimedence.hu\/wp-content\/uploads\/2022\/12\/1208ulees2022Foto1-150x104.jpg 150w, https:\/\/dorogimedence.hu\/wp-content\/uploads\/2022\/12\/1208ulees2022Foto1-450x312.jpg 450w, https:\/\/dorogimedence.hu\/wp-content\/uploads\/2022\/12\/1208ulees2022Foto1-1200x831.jpg 1200w\" sizes=\"(max-width: 755px) 100vw, 755px\" \/><\/p>\n<p>Osvald Zsolt \u00fcgyvezet\u0151 eln\u00f6k elmondta, febru\u00e1rt\u00f3l-november v\u00e9g\u00e9ig folyamatosan tartottak horg\u00e1szvizsg\u00e1kat Esztergomban \u00e9s Tatab\u00e1ny\u00e1n. Megy\u00e9nkben egyed\u00fcl\u00e1ll\u00f3an a vizsg\u00e1k el\u0151tt egy ismeretterjeszt\u0151, interakt\u00edv el\u0151ad\u00e1sra ker\u00fcl sor, ez hat\u00e9konyabb\u00e1 \u00e9s k\u00f6nnyebb\u00e9 teszik a vizsg\u00e1z\u00f3k helyzet\u00e9t. Id\u00e9n t\u00f6bb mint 700 f\u0151 tett eredm\u00e9nyes vizsg\u00e1t, ez dobog\u00f3s helyet jelent a megyei sz\u00f6vets\u00e9gek k\u00f6z\u00f6tt.<\/p>\n<p>A MOHOSZ \u00e1ltal elfogadott ir\u00e1nyelvek szerint a megyei sz\u00f6vets\u00e9g is emelni k\u00e9nyszer\u00fcl az \u00f6sszes \u00e1ltala kiadott ter\u00fcleti enged\u00e9ly \u00e1r\u00e1t. Az \u00e1remel\u00e9st az \u00fczemanyagok, a hal\u00e1rak \u00e9s a minim\u00e1lb\u00e9r n\u00f6veked\u00e9se teszi sz\u00fcks\u00e9gess\u00e9, a n\u00f6veked\u00e9s m\u00e9rt\u00e9ke \u00e1tlagosan 30 sz\u00e1zal\u00e9k, a gyermekjegyek eset\u00e9ben h\u00fasz sz\u00e1zal\u00e9k.<\/p>\n<p>A KEMHESZ seg\u00edti a gyermeknapi horg\u00e1szversenyeket, id\u00e9n l\u00e9tsz\u00e1mar\u00e1nyosan megy\u00e9nkben p\u00e1ly\u00e1zott a legt\u00f6bb egyes\u00fclet erre a rendezv\u00e9nyre. A megy\u00e9ben t\u00f6bb helysz\u00ednen vannak horg\u00e1sz-szakk\u00f6r\u00f6k, tagjaik az ut\u00e1np\u00f3tl\u00e1s fontos b\u00e1zisai. A sz\u00f6vets\u00e9g ny\u00e1ri horg\u00e1szt\u00e1bort rendezett, valamint sz\u00e1mtalan iskol\u00e1ban tartott el\u0151ad\u00e1sokat a term\u00e9szetr\u0151l, a halak \u00e9let\u00e9r\u0151l \u00e9s a horg\u00e1szatr\u00f3l.<\/p>\n<p><em>Fot\u00f3k, forr\u00e1s: KEMHESZ<\/em><\/p>\n","protected":false},"excerpt":{"rendered":"<p>A megyei horg\u00e1szok \u00e9vz\u00e1r\u00f3 \u00fcl\u00e9s\u00e9n besz\u00e1moltak 2022 rendezv\u00e9nyeir\u0151l, \u00f6sszegezt\u00e9k a haltelep\u00edt\u00e9seket, t\u00e1j\u00e9koztat\u00f3t hallgattak meg a gyermek \u00e9s ifj\u00fas\u00e1gi horg\u00e1szokr\u00f3l, illetve a horg\u00e1szvizsg\u00e1kr\u00f3l. Ismertett\u00e9k a leggyakoribb szab\u00e1lys\u00e9rt\u00e9seket, \u00e9s elfogadt\u00e1k azt tervet, mely szerint j\u00f6v\u0151re a Tata melletti R\u00e9ti 8-as t\u00f3ban halakat nevelnek, melyeket k\u00e9s\u0151bb a sz\u00f6vets\u00e9g kezel\u00e9s\u00e9ben l\u00e9v\u0151 vizekbe telep\u00edtenek. Zoltai D\u00e1niel, a KEMHESZ eln\u00f6ke elmondta,<\/p>\n","protected":false},"author":1,"featured_media":48656,"comment_status":"closed","ping_status":"closed","sticky":false,"template":"","format":"standard","meta":{"ngg_post_thumbnail":0,"footnotes":""},"categories":[3,56],"tags":[4084,4825,598,4398,5347,16],"class_list":{"0":"post-48653","1":"post","2":"type-post","3":"status-publish","4":"format-standard","5":"has-post-thumbnail","7":"category-hirek","8":"category-komarom-esztergom","9":"tag-hal","10":"tag-horgasz","11":"tag-horgaszat","12":"tag-kemhesz","13":"tag-komarom-esztergom-megyei-horgaszegyesuletek-szovetsege","14":"tag-sport"},"yoast_head":"<!-- This site is optimized with the Yoast SEO plugin v27.5 - https:\/\/yoast.com\/product\/yoast-seo-wordpress\/ -->\n<title>Halat nevelnek j\u00f6v\u0151re a megyei horg\u00e1szok<\/title>\n<meta name=\"robots\" content=\"index, follow, max-snippet:-1, max-image-preview:large, max-video-preview:-1\" \/>\n<link rel=\"canonical\" href=\"https:\/\/dorogimedence.hu\/index.php\/2022\/12\/10\/halat-nevelnek-jovore-a-megyei-horgaszok\/\" class=\"yoast-seo-meta-tag\" \/>\n<meta property=\"og:locale\" content=\"hu_HU\" class=\"yoast-seo-meta-tag\" \/>\n<meta property=\"og:type\" content=\"article\" class=\"yoast-seo-meta-tag\" \/>\n<meta property=\"og:title\" content=\"Halat nevelnek j\u00f6v\u0151re a megyei horg\u00e1szok\" class=\"yoast-seo-meta-tag\" \/>\n<meta property=\"og:description\" content=\"A megyei horg\u00e1szok \u00e9vz\u00e1r\u00f3 \u00fcl\u00e9s\u00e9n besz\u00e1moltak 2022 rendezv\u00e9nyeir\u0151l, \u00f6sszegezt\u00e9k a haltelep\u00edt\u00e9seket, t\u00e1j\u00e9koztat\u00f3t hallgattak meg a gyermek \u00e9s ifj\u00fas\u00e1gi horg\u00e1szokr\u00f3l, illetve a horg\u00e1szvizsg\u00e1kr\u00f3l. Ismertett\u00e9k a leggyakoribb szab\u00e1lys\u00e9rt\u00e9seket, \u00e9s elfogadt\u00e1k azt tervet, mely szerint j\u00f6v\u0151re a Tata melletti R\u00e9ti 8-as t\u00f3ban halakat nevelnek, melyeket k\u00e9s\u0151bb a sz\u00f6vets\u00e9g kezel\u00e9s\u00e9ben l\u00e9v\u0151 vizekbe telep\u00edtenek. Zoltai D\u00e1niel, a KEMHESZ eln\u00f6ke elmondta,\" class=\"yoast-seo-meta-tag\" \/>\n<meta property=\"og:url\" content=\"https:\/\/dorogimedence.hu\/index.php\/2022\/12\/10\/halat-nevelnek-jovore-a-megyei-horgaszok\/\" class=\"yoast-seo-meta-tag\" \/>\n<meta property=\"og:site_name\" content=\"Dorogi-medence Region\u00e1lis H\u00edrport\u00e1l\" class=\"yoast-seo-meta-tag\" \/>\n<meta property=\"article:publisher\" content=\"https:\/\/www.facebook.com\/dorogimedence\/\" class=\"yoast-seo-meta-tag\" \/>\n<meta property=\"article:published_time\" content=\"2022-12-10T09:59:47+00:00\" class=\"yoast-seo-meta-tag\" \/>\n<meta property=\"article:modified_time\" content=\"2022-12-10T10:01:18+00:00\" class=\"yoast-seo-meta-tag\" \/>\n<meta property=\"og:image\" content=\"https:\/\/dorogimedence.hu\/wp-content\/uploads\/2022\/12\/0320TemNapFoto6-scaled.jpg\" class=\"yoast-seo-meta-tag\" \/>\n\t<meta property=\"og:image:width\" content=\"2560\" class=\"yoast-seo-meta-tag\" \/>\n\t<meta property=\"og:image:height\" content=\"1772\" class=\"yoast-seo-meta-tag\" \/>\n\t<meta property=\"og:image:type\" content=\"image\/jpeg\" class=\"yoast-seo-meta-tag\" \/>\n<meta name=\"author\" content=\"dorogimedence.hu\" class=\"yoast-seo-meta-tag\" \/>\n<meta name=\"twitter:card\" content=\"summary_large_image\" class=\"yoast-seo-meta-tag\" \/>\n<meta name=\"twitter:label1\" content=\"Szerz\u0151:\" class=\"yoast-seo-meta-tag\" \/>\n\t<meta name=\"twitter:data1\" content=\"dorogimedence.hu\" class=\"yoast-seo-meta-tag\" \/>\n\t<meta name=\"twitter:label2\" content=\"Becs\u00fclt olvas\u00e1si id\u0151\" class=\"yoast-seo-meta-tag\" \/>\n\t<meta name=\"twitter:data2\" content=\"4 perc\" class=\"yoast-seo-meta-tag\" \/>\n<script type=\"application\/ld+json\" class=\"yoast-schema-graph\">{\"@context\":\"https:\\\/\\\/schema.org\",\"@graph\":[{\"@type\":\"Article\",\"@id\":\"https:\\\/\\\/dorogimedence.hu\\\/index.php\\\/2022\\\/12\\\/10\\\/halat-nevelnek-jovore-a-megyei-horgaszok\\\/#article\",\"isPartOf\":{\"@id\":\"https:\\\/\\\/dorogimedence.hu\\\/index.php\\\/2022\\\/12\\\/10\\\/halat-nevelnek-jovore-a-megyei-horgaszok\\\/\"},\"author\":{\"name\":\"dorogimedence.hu\",\"@id\":\"https:\\\/\\\/dorogimedence.hu\\\/#\\\/schema\\\/person\\\/ce6091eeb7e95ecdc87890d6aa8e0fd4\"},\"headline\":\"Halat nevelnek j\u00f6v\u0151re a megyei horg\u00e1szok\",\"datePublished\":\"2022-12-10T09:59:47+00:00\",\"dateModified\":\"2022-12-10T10:01:18+00:00\",\"mainEntityOfPage\":{\"@id\":\"https:\\\/\\\/dorogimedence.hu\\\/index.php\\\/2022\\\/12\\\/10\\\/halat-nevelnek-jovore-a-megyei-horgaszok\\\/\"},\"wordCount\":818,\"publisher\":{\"@id\":\"https:\\\/\\\/dorogimedence.hu\\\/#organization\"},\"image\":{\"@id\":\"https:\\\/\\\/dorogimedence.hu\\\/index.php\\\/2022\\\/12\\\/10\\\/halat-nevelnek-jovore-a-megyei-horgaszok\\\/#primaryimage\"},\"thumbnailUrl\":\"https:\\\/\\\/dorogimedence.hu\\\/wp-content\\\/uploads\\\/2022\\\/12\\\/0320TemNapFoto6-scaled.jpg\",\"keywords\":[\"hal\",\"horg\u00e1sz\",\"horg\u00e1szat\",\"KEMHESZ\",\"Kom\u00e1rom-Esztergom Megyei Horg\u00e1szegyes\u00fcletek Sz\u00f6vets\u00e9ge\",\"sport\"],\"articleSection\":[\"H\u00edrek\",\"Kom\u00e1rom-Esztergom\"],\"inLanguage\":\"hu\"},{\"@type\":\"WebPage\",\"@id\":\"https:\\\/\\\/dorogimedence.hu\\\/index.php\\\/2022\\\/12\\\/10\\\/halat-nevelnek-jovore-a-megyei-horgaszok\\\/\",\"url\":\"https:\\\/\\\/dorogimedence.hu\\\/index.php\\\/2022\\\/12\\\/10\\\/halat-nevelnek-jovore-a-megyei-horgaszok\\\/\",\"name\":\"Halat nevelnek j\u00f6v\u0151re a megyei horg\u00e1szok\",\"isPartOf\":{\"@id\":\"https:\\\/\\\/dorogimedence.hu\\\/#website\"},\"primaryImageOfPage\":{\"@id\":\"https:\\\/\\\/dorogimedence.hu\\\/index.php\\\/2022\\\/12\\\/10\\\/halat-nevelnek-jovore-a-megyei-horgaszok\\\/#primaryimage\"},\"image\":{\"@id\":\"https:\\\/\\\/dorogimedence.hu\\\/index.php\\\/2022\\\/12\\\/10\\\/halat-nevelnek-jovore-a-megyei-horgaszok\\\/#primaryimage\"},\"thumbnailUrl\":\"https:\\\/\\\/dorogimedence.hu\\\/wp-content\\\/uploads\\\/2022\\\/12\\\/0320TemNapFoto6-scaled.jpg\",\"datePublished\":\"2022-12-10T09:59:47+00:00\",\"dateModified\":\"2022-12-10T10:01:18+00:00\",\"breadcrumb\":{\"@id\":\"https:\\\/\\\/dorogimedence.hu\\\/index.php\\\/2022\\\/12\\\/10\\\/halat-nevelnek-jovore-a-megyei-horgaszok\\\/#breadcrumb\"},\"inLanguage\":\"hu\",\"potentialAction\":[{\"@type\":\"ReadAction\",\"target\":[\"https:\\\/\\\/dorogimedence.hu\\\/index.php\\\/2022\\\/12\\\/10\\\/halat-nevelnek-jovore-a-megyei-horgaszok\\\/\"]}]},{\"@type\":\"ImageObject\",\"inLanguage\":\"hu\",\"@id\":\"https:\\\/\\\/dorogimedence.hu\\\/index.php\\\/2022\\\/12\\\/10\\\/halat-nevelnek-jovore-a-megyei-horgaszok\\\/#primaryimage\",\"url\":\"https:\\\/\\\/dorogimedence.hu\\\/wp-content\\\/uploads\\\/2022\\\/12\\\/0320TemNapFoto6-scaled.jpg\",\"contentUrl\":\"https:\\\/\\\/dorogimedence.hu\\\/wp-content\\\/uploads\\\/2022\\\/12\\\/0320TemNapFoto6-scaled.jpg\",\"width\":2560,\"height\":1772},{\"@type\":\"BreadcrumbList\",\"@id\":\"https:\\\/\\\/dorogimedence.hu\\\/index.php\\\/2022\\\/12\\\/10\\\/halat-nevelnek-jovore-a-megyei-horgaszok\\\/#breadcrumb\",\"itemListElement\":[{\"@type\":\"ListItem\",\"position\":1,\"name\":\"Kezd\u0151lap\",\"item\":\"https:\\\/\\\/dorogimedence.hu\\\/\"},{\"@type\":\"ListItem\",\"position\":2,\"name\":\"Halat nevelnek j\u00f6v\u0151re a megyei horg\u00e1szok\"}]},{\"@type\":\"WebSite\",\"@id\":\"https:\\\/\\\/dorogimedence.hu\\\/#website\",\"url\":\"https:\\\/\\\/dorogimedence.hu\\\/\",\"name\":\"Dorogi-medence Region\u00e1lis H\u00edrport\u00e1l\",\"description\":\"Dorog, Keszt\u00f6lc, Le\u00e1nyv\u00e1r, Piliscs\u00e9v, Tokod, Tokodalt\u00e1r\u00f3, Csolnok, Esztergom-kertv\u00e1ros: h\u00edrek, programok\",\"publisher\":{\"@id\":\"https:\\\/\\\/dorogimedence.hu\\\/#organization\"},\"potentialAction\":[{\"@type\":\"SearchAction\",\"target\":{\"@type\":\"EntryPoint\",\"urlTemplate\":\"https:\\\/\\\/dorogimedence.hu\\\/?s={search_term_string}\"},\"query-input\":{\"@type\":\"PropertyValueSpecification\",\"valueRequired\":true,\"valueName\":\"search_term_string\"}}],\"inLanguage\":\"hu\"},{\"@type\":\"Organization\",\"@id\":\"https:\\\/\\\/dorogimedence.hu\\\/#organization\",\"name\":\"Dorogi-medence Region\u00e1lis H\u00edrport\u00e1l\",\"url\":\"https:\\\/\\\/dorogimedence.hu\\\/\",\"logo\":{\"@type\":\"ImageObject\",\"inLanguage\":\"hu\",\"@id\":\"https:\\\/\\\/dorogimedence.hu\\\/#\\\/schema\\\/logo\\\/image\\\/\",\"url\":\"https:\\\/\\\/dorogimedence.hu\\\/wp-content\\\/uploads\\\/2021\\\/04\\\/logo-feher-600.png\",\"contentUrl\":\"https:\\\/\\\/dorogimedence.hu\\\/wp-content\\\/uploads\\\/2021\\\/04\\\/logo-feher-600.png\",\"width\":600,\"height\":100,\"caption\":\"Dorogi-medence Region\u00e1lis H\u00edrport\u00e1l\"},\"image\":{\"@id\":\"https:\\\/\\\/dorogimedence.hu\\\/#\\\/schema\\\/logo\\\/image\\\/\"},\"sameAs\":[\"https:\\\/\\\/www.facebook.com\\\/dorogimedence\\\/\"]},{\"@type\":\"Person\",\"@id\":\"https:\\\/\\\/dorogimedence.hu\\\/#\\\/schema\\\/person\\\/ce6091eeb7e95ecdc87890d6aa8e0fd4\",\"name\":\"dorogimedence.hu\",\"image\":{\"@type\":\"ImageObject\",\"inLanguage\":\"hu\",\"@id\":\"\\\/\\\/www.gravatar.com\\\/avatar\\\/d8d45f8901aadff40a4af72c0b826f1d?s=96&#038;r=g&#038;d=mm\",\"url\":\"\\\/\\\/www.gravatar.com\\\/avatar\\\/d8d45f8901aadff40a4af72c0b826f1d?s=96&#038;r=g&#038;d=mm\",\"contentUrl\":\"\\\/\\\/www.gravatar.com\\\/avatar\\\/d8d45f8901aadff40a4af72c0b826f1d?s=96&#038;r=g&#038;d=mm\",\"caption\":\"dorogimedence.hu\"}}]}<\/script>\n<!-- \/ Yoast SEO plugin. -->","yoast_head_json":{"title":"Halat nevelnek j\u00f6v\u0151re a megyei horg\u00e1szok","robots":{"index":"index","follow":"follow","max-snippet":"max-snippet:-1","max-image-preview":"max-image-preview:large","max-video-preview":"max-video-preview:-1"},"canonical":"https:\/\/dorogimedence.hu\/index.php\/2022\/12\/10\/halat-nevelnek-jovore-a-megyei-horgaszok\/","og_locale":"hu_HU","og_type":"article","og_title":"Halat nevelnek j\u00f6v\u0151re a megyei horg\u00e1szok","og_description":"A megyei horg\u00e1szok \u00e9vz\u00e1r\u00f3 \u00fcl\u00e9s\u00e9n besz\u00e1moltak 2022 rendezv\u00e9nyeir\u0151l, \u00f6sszegezt\u00e9k a haltelep\u00edt\u00e9seket, t\u00e1j\u00e9koztat\u00f3t hallgattak meg a gyermek \u00e9s ifj\u00fas\u00e1gi horg\u00e1szokr\u00f3l, illetve a horg\u00e1szvizsg\u00e1kr\u00f3l. Ismertett\u00e9k a leggyakoribb szab\u00e1lys\u00e9rt\u00e9seket, \u00e9s elfogadt\u00e1k azt tervet, mely szerint j\u00f6v\u0151re a Tata melletti R\u00e9ti 8-as t\u00f3ban halakat nevelnek, melyeket k\u00e9s\u0151bb a sz\u00f6vets\u00e9g kezel\u00e9s\u00e9ben l\u00e9v\u0151 vizekbe telep\u00edtenek. Zoltai D\u00e1niel, a KEMHESZ eln\u00f6ke elmondta,","og_url":"https:\/\/dorogimedence.hu\/index.php\/2022\/12\/10\/halat-nevelnek-jovore-a-megyei-horgaszok\/","og_site_name":"Dorogi-medence Region\u00e1lis H\u00edrport\u00e1l","article_publisher":"https:\/\/www.facebook.com\/dorogimedence\/","article_published_time":"2022-12-10T09:59:47+00:00","article_modified_time":"2022-12-10T10:01:18+00:00","og_image":[{"width":2560,"height":1772,"url":"https:\/\/dorogimedence.hu\/wp-content\/uploads\/2022\/12\/0320TemNapFoto6-scaled.jpg","type":"image\/jpeg"}],"author":"dorogimedence.hu","twitter_card":"summary_large_image","twitter_misc":{"Szerz\u0151:":"dorogimedence.hu","Becs\u00fclt olvas\u00e1si id\u0151":"4 perc"},"schema":{"@context":"https:\/\/schema.org","@graph":[{"@type":"Article","@id":"https:\/\/dorogimedence.hu\/index.php\/2022\/12\/10\/halat-nevelnek-jovore-a-megyei-horgaszok\/#article","isPartOf":{"@id":"https:\/\/dorogimedence.hu\/index.php\/2022\/12\/10\/halat-nevelnek-jovore-a-megyei-horgaszok\/"},"author":{"name":"dorogimedence.hu","@id":"https:\/\/dorogimedence.hu\/#\/schema\/person\/ce6091eeb7e95ecdc87890d6aa8e0fd4"},"headline":"Halat nevelnek j\u00f6v\u0151re a megyei horg\u00e1szok","datePublished":"2022-12-10T09:59:47+00:00","dateModified":"2022-12-10T10:01:18+00:00","mainEntityOfPage":{"@id":"https:\/\/dorogimedence.hu\/index.php\/2022\/12\/10\/halat-nevelnek-jovore-a-megyei-horgaszok\/"},"wordCount":818,"publisher":{"@id":"https:\/\/dorogimedence.hu\/#organization"},"image":{"@id":"https:\/\/dorogimedence.hu\/index.php\/2022\/12\/10\/halat-nevelnek-jovore-a-megyei-horgaszok\/#primaryimage"},"thumbnailUrl":"https:\/\/dorogimedence.hu\/wp-content\/uploads\/2022\/12\/0320TemNapFoto6-scaled.jpg","keywords":["hal","horg\u00e1sz","horg\u00e1szat","KEMHESZ","Kom\u00e1rom-Esztergom Megyei Horg\u00e1szegyes\u00fcletek Sz\u00f6vets\u00e9ge","sport"],"articleSection":["H\u00edrek","Kom\u00e1rom-Esztergom"],"inLanguage":"hu"},{"@type":"WebPage","@id":"https:\/\/dorogimedence.hu\/index.php\/2022\/12\/10\/halat-nevelnek-jovore-a-megyei-horgaszok\/","url":"https:\/\/dorogimedence.hu\/index.php\/2022\/12\/10\/halat-nevelnek-jovore-a-megyei-horgaszok\/","name":"Halat nevelnek j\u00f6v\u0151re a megyei horg\u00e1szok","isPartOf":{"@id":"https:\/\/dorogimedence.hu\/#website"},"primaryImageOfPage":{"@id":"https:\/\/dorogimedence.hu\/index.php\/2022\/12\/10\/halat-nevelnek-jovore-a-megyei-horgaszok\/#primaryimage"},"image":{"@id":"https:\/\/dorogimedence.hu\/index.php\/2022\/12\/10\/halat-nevelnek-jovore-a-megyei-horgaszok\/#primaryimage"},"thumbnailUrl":"https:\/\/dorogimedence.hu\/wp-content\/uploads\/2022\/12\/0320TemNapFoto6-scaled.jpg","datePublished":"2022-12-10T09:59:47+00:00","dateModified":"2022-12-10T10:01:18+00:00","breadcrumb":{"@id":"https:\/\/dorogimedence.hu\/index.php\/2022\/12\/10\/halat-nevelnek-jovore-a-megyei-horgaszok\/#breadcrumb"},"inLanguage":"hu","potentialAction":[{"@type":"ReadAction","target":["https:\/\/dorogimedence.hu\/index.php\/2022\/12\/10\/halat-nevelnek-jovore-a-megyei-horgaszok\/"]}]},{"@type":"ImageObject","inLanguage":"hu","@id":"https:\/\/dorogimedence.hu\/index.php\/2022\/12\/10\/halat-nevelnek-jovore-a-megyei-horgaszok\/#primaryimage","url":"https:\/\/dorogimedence.hu\/wp-content\/uploads\/2022\/12\/0320TemNapFoto6-scaled.jpg","contentUrl":"https:\/\/dorogimedence.hu\/wp-content\/uploads\/2022\/12\/0320TemNapFoto6-scaled.jpg","width":2560,"height":1772},{"@type":"BreadcrumbList","@id":"https:\/\/dorogimedence.hu\/index.php\/2022\/12\/10\/halat-nevelnek-jovore-a-megyei-horgaszok\/#breadcrumb","itemListElement":[{"@type":"ListItem","position":1,"name":"Kezd\u0151lap","item":"https:\/\/dorogimedence.hu\/"},{"@type":"ListItem","position":2,"name":"Halat nevelnek j\u00f6v\u0151re a megyei horg\u00e1szok"}]},{"@type":"WebSite","@id":"https:\/\/dorogimedence.hu\/#website","url":"https:\/\/dorogimedence.hu\/","name":"Dorogi-medence Region\u00e1lis H\u00edrport\u00e1l","description":"Dorog, Keszt\u00f6lc, Le\u00e1nyv\u00e1r, Piliscs\u00e9v, Tokod, Tokodalt\u00e1r\u00f3, Csolnok, Esztergom-kertv\u00e1ros: h\u00edrek, programok","publisher":{"@id":"https:\/\/dorogimedence.hu\/#organization"},"potentialAction":[{"@type":"SearchAction","target":{"@type":"EntryPoint","urlTemplate":"https:\/\/dorogimedence.hu\/?s={search_term_string}"},"query-input":{"@type":"PropertyValueSpecification","valueRequired":true,"valueName":"search_term_string"}}],"inLanguage":"hu"},{"@type":"Organization","@id":"https:\/\/dorogimedence.hu\/#organization","name":"Dorogi-medence Region\u00e1lis H\u00edrport\u00e1l","url":"https:\/\/dorogimedence.hu\/","logo":{"@type":"ImageObject","inLanguage":"hu","@id":"https:\/\/dorogimedence.hu\/#\/schema\/logo\/image\/","url":"https:\/\/dorogimedence.hu\/wp-content\/uploads\/2021\/04\/logo-feher-600.png","contentUrl":"https:\/\/dorogimedence.hu\/wp-content\/uploads\/2021\/04\/logo-feher-600.png","width":600,"height":100,"caption":"Dorogi-medence Region\u00e1lis H\u00edrport\u00e1l"},"image":{"@id":"https:\/\/dorogimedence.hu\/#\/schema\/logo\/image\/"},"sameAs":["https:\/\/www.facebook.com\/dorogimedence\/"]},{"@type":"Person","@id":"https:\/\/dorogimedence.hu\/#\/schema\/person\/ce6091eeb7e95ecdc87890d6aa8e0fd4","name":"dorogimedence.hu","image":{"@type":"ImageObject","inLanguage":"hu","@id":"\/\/www.gravatar.com\/avatar\/d8d45f8901aadff40a4af72c0b826f1d?s=96&#038;r=g&#038;d=mm","url":"\/\/www.gravatar.com\/avatar\/d8d45f8901aadff40a4af72c0b826f1d?s=96&#038;r=g&#038;d=mm","contentUrl":"\/\/www.gravatar.com\/avatar\/d8d45f8901aadff40a4af72c0b826f1d?s=96&#038;r=g&#038;d=mm","caption":"dorogimedence.hu"}}]}},"_links":{"self":[{"href":"https:\/\/dorogimedence.hu\/index.php\/wp-json\/wp\/v2\/posts\/48653","targetHints":{"allow":["GET"]}}],"collection":[{"href":"https:\/\/dorogimedence.hu\/index.php\/wp-json\/wp\/v2\/posts"}],"about":[{"href":"https:\/\/dorogimedence.hu\/index.php\/wp-json\/wp\/v2\/types\/post"}],"author":[{"embeddable":true,"href":"https:\/\/dorogimedence.hu\/index.php\/wp-json\/wp\/v2\/users\/1"}],"replies":[{"embeddable":true,"href":"https:\/\/dorogimedence.hu\/index.php\/wp-json\/wp\/v2\/comments?post=48653"}],"version-history":[{"count":0,"href":"https:\/\/dorogimedence.hu\/index.php\/wp-json\/wp\/v2\/posts\/48653\/revisions"}],"wp:featuredmedia":[{"embeddable":true,"href":"https:\/\/dorogimedence.hu\/index.php\/wp-json\/wp\/v2\/media\/48656"}],"wp:attachment":[{"href":"https:\/\/dorogimedence.hu\/index.php\/wp-json\/wp\/v2\/media?parent=48653"}],"wp:term":[{"taxonomy":"category","embeddable":true,"href":"https:\/\/dorogimedence.hu\/index.php\/wp-json\/wp\/v2\/categories?post=48653"},{"taxonomy":"post_tag","embeddable":true,"href":"https:\/\/dorogimedence.hu\/index.php\/wp-json\/wp\/v2\/tags?post=48653"}],"curies":[{"name":"wp","href":"https:\/\/api.w.org\/{rel}","templated":true}]}}