{"id":48556,"date":"2022-12-07T11:06:28","date_gmt":"2022-12-07T10:06:28","guid":{"rendered":"https:\/\/dorogimedence.hu\/?p=48556"},"modified":"2022-12-08T10:41:19","modified_gmt":"2022-12-08T09:41:19","slug":"vasarnap-lep-eletbe-a-mav-start-es-a-volanbusz-uj-menetrendje","status":"publish","type":"post","link":"https:\/\/dorogimedence.hu\/index.php\/2022\/12\/07\/vasarnap-lep-eletbe-a-mav-start-es-a-volanbusz-uj-menetrendje\/","title":{"rendered":"Vas\u00e1rnap l\u00e9p \u00e9letbe a M\u00c1V-START \u00e9s a Vol\u00e1nbusz \u00faj menetrendje"},"content":{"rendered":"<p><strong>A M\u00c1V-Vol\u00e1n-csoport \u00faj, 2022\/2023-as vas\u00fati \u00e9s aut\u00f3busz-menetrendje december 11-\u00e9n, vas\u00e1rnap l\u00e9p hat\u00e1lyba.<\/strong><\/p>\n<p>A menetrendv\u00e1lt\u00e1s el\u0151tt egy h\u00f3nappal k\u00f6zz\u00e9tette a k\u00f6zleked\u00e9si t\u00e1rsas\u00e1g az \u00faj menetrendeket, azonban id\u0151k\u00f6zben az \u00fajonnan alakult \u00c9p\u00edt\u00e9si \u00e9s K\u00f6zleked\u00e9si Miniszt\u00e9rium vette \u00e1t az \u00e1llami k\u00f6z\u00f6ss\u00e9gi k\u00f6zleked\u00e9s, \u00edgy a v\u00e1llalatcsoport feletti tulajdonosi jogk\u00f6rgyakorl\u00e1st is. A megrendel\u0151 miniszt\u00e9rium a v\u00e1llalatcsoport vezet\u0151ivel egyeztetett, mely sor\u00e1n a menetrendv\u00e1lt\u00e1sr\u00f3l is fontos d\u00f6nt\u00e9sek sz\u00fclettek. A M\u00c1V-START menetrendje a kor\u00e1bban meghirdetett szerint l\u00e9p \u00e9letbe, azonban a miniszt\u00e9rium a M\u00c1V-Vol\u00e1n-csoporttal k\u00f6z\u00f6sen folyamatosan fel\u00fclvizsg\u00e1lja, hogy a gazdas\u00e1gfejleszt\u00e9si c\u00e9lokhoz \u00e9s a t\u00e1rsadalmi ig\u00e9nyekhez igaz\u00edts\u00e1k a vonatok k\u00f6zleked\u00e9s\u00e9t.<\/p>\n<p>Az el\u0151zetes sz\u00e1m\u00edt\u00e1sok alapj\u00e1n az id\u00e9n ak\u00e1r a 131 milli\u00f3t is el\u00e9rheti a M\u00c1V-START j\u00e1ratain utaz\u00f3k sz\u00e1ma, ebb\u0151l 43 milli\u00f3an a budapesti el\u0151v\u00e1rosban, 22 milli\u00f3an a region\u00e1lis vonalon v\u00e1lasztott\u00e1k a vasutat. A j\u00e1rv\u00e1nyhelyzet okozta 20-30 sz\u00e1zal\u00e9kos visszaes\u00e9st k\u00f6vet\u0151en az utassz\u00e1mok m\u00e1r k\u00f6zel\u00edtenek a 2019-es adatakhoz, a t\u00e1vols\u00e1gi forgalomban utaz\u00f3k sz\u00e1ma m\u00e1r meg is haladja a k\u00e9t \u00e9vvel ezel\u0151tti szintet. A Vol\u00e1nbusz pedig 530 milli\u00f3s utassz\u00e1mot v\u00e1r az idei \u00e9vre.<\/p>\n<p>A j\u00f6v\u0151 \u00e9vben ak\u00e1r 700 milli\u00f3 utas k\u00f6z\u00f6ss\u00e9gi k\u00f6zleked\u00e9s\u00e9r\u0151l kell gondoskodni, ez\u00e9rt az \u00faj menetrend a kor\u00e1bbiakn\u00e1l is utask\u00f6zpont\u00fabb szeml\u00e9letet&nbsp; hordoz, \u00e9s kihaszn\u00e1lja a leg\u00fajabb fejleszt\u00e9seket, valamint a M\u00c1V-Vol\u00e1n-csoport integr\u00e1ci\u00f3j\u00e1nak el\u0151nyeit. A k\u00f6z\u00f6ss\u00e9gi k\u00f6zleked\u00e9s versenyk\u00e9pess\u00e9g\u00e9nek egy\u00e9ni k\u00f6zleked\u00e9ssel szembeni jav\u00edt\u00e1sa \u00e9rdek\u00e9ben az utaz\u00e1si szok\u00e1sokhoz m\u00e9g jobban igazod\u00f3, \u00f6sszehangolt vas\u00fati \u00e9s buszos menetrendek teszik vonz\u00f3bb\u00e1, szerethet\u0151bb\u00e9 a vonattal, busszal utaz\u00e1st.<\/p>\n<p>A menetrendv\u00e1lt\u00e1skor a M\u00c1V-START menetrendje a kor\u00e1bban meghirdetett szerint l\u00e9p \u00e9letbe, amelyr\u0151l az utasok a&nbsp;<a tabindex=\"0\" href=\"http:\/\/www.mav.hu\/ujmenetrend\" target=\"_blank\" rel=\"noopener\"><span style=\"text-decoration: underline; color: #0000ff;\">www.mav.hu\/ujmenetrend<\/span><\/a>&nbsp;weboldalon m\u00e1r az elm\u00falt egy h\u00f3napban t\u00e1j\u00e9koz\u00f3dhattak. Az \u00c9p\u00edt\u00e9si \u00e9s K\u00f6zleked\u00e9si Miniszt\u00e9rium a gazdas\u00e1gfejleszt\u00e9si ir\u00e1nyokhoz, beruh\u00e1z\u00e1sokhoz \u00e9s a t\u00e1rsadalmi ig\u00e9nyekhez igaz\u00edtja a vonatok k\u00f6zleked\u00e9s\u00e9t, ez\u00e9rt a menetrendet fokozatosan fel\u00fclvizsg\u00e1lja.<\/p>\n<p>A Vol\u00e1nbusz a megrendel\u0151 \u00c9p\u00edt\u00e9si \u00e9s K\u00f6zleked\u00e9si Miniszt\u00e9rium elv\u00e1r\u00e1s\u00e1hoz igazodva arra t\u00f6rekszik, hogy lehet\u0151s\u00e9g szerint a minden \u00e9rintett sz\u00e1m\u00e1ra legkedvez\u0151bb megold\u00e1sokat dolgozza ki. Az utasok \u00e9s megrendel\u0151k visszajelz\u00e9se nagyon fontos a t\u00e1rsas\u00e1g sz\u00e1m\u00e1ra, ez\u00e9rt minden esetben megvizsg\u00e1lja a menetrendekkel vagy a menetrendi m\u00f3dos\u00edt\u00e1sokkal kapcsolatos \u00e9szrev\u00e9teleket.<\/p>\n<p>V\u00e1ltoz\u00e1sok a t\u00e9rs\u00e9g\u00fcnk vas\u00fatvonalain:<\/p>\n<p><strong>2-es Budapest\u2015Esztergom vonal:<\/strong><\/p>\n<ul>\n<li>Az esztergomi vonalon a&nbsp;<strong>G72-es<\/strong>&nbsp;gyors\u00edtott szem\u00e9lyvonatok \u00e9s a&nbsp;<strong>Z72-es&nbsp;<\/strong>z\u00f3n\u00e1z\u00f3 vonatok&nbsp;<strong>egys\u00e9gesen Z72-es z\u00f3n\u00e1z\u00f3 vonatk\u00e9nt<\/strong>, azonos meg\u00e1ll\u00e1si renddel k\u00f6zlekednek, meg\u00e1llnak Szabads\u00e1gliget \u00e9s Klotildliget meg\u00e1ll\u00f3helyeken is.<\/li>\n<li>Kapcsol\u00f3d\u00f3 m\u00f3dos\u00edt\u00e1sok:\n<ul>\n<li>A Piliscsaba\u2015R\u00e1kos viszonylaton k\u00f6zleked\u0151&nbsp;<strong>S76-os<\/strong>&nbsp;szem\u00e9lyvonatok r\u00f6videbb \u00fatvonalon,&nbsp;<strong>Pilisv\u00f6r\u00f6sv\u00e1r \u00e9s R\u00e1kos<\/strong>&nbsp;k\u00f6z\u00f6tt k\u00f6zlekednek.<\/li>\n<li>A munkanapokon Piliscsab\u00e1r\u00f3l 5:43-kor indul\u00f3, Angyalf\u00f6ldig k\u00f6zleked\u0151 vonat nem k\u00f6zlekedik S72-es szem\u00e9lyvonat nem k\u00f6zlekedik.<\/li>\n<\/ul>\n<\/li>\n<li>A munkanapokon \u00d3bud\u00e1r\u00f3l 6:05-kor, 7:05-kor \u00e9s 8:05-kor indul\u00f3, R\u00e1kosig k\u00f6zleked\u0151 S76-os szem\u00e9lyvonatok hosszabb \u00fatvonalon, Pilisv\u00f6r\u00f6sv\u00e1r \u00e9s R\u00e1kos \u00e1llom\u00e1sok k\u00f6z\u00f6tt k\u00f6zlekednek.\n<ul>\n<li>A vonalon&nbsp;<strong>hosszabb lesz az \u00fczemid\u0151<\/strong>&nbsp;a peremid\u0151s k\u00f6zleked\u00e9s kiterjeszt\u00e9s\u00e9vel:<\/li>\n<li>Reggel&nbsp;<strong>Esztergomba 4:51-t\u0151l 22:21-ig, Esztergomb\u00f3l 4:35-t\u0151l 21:35-ig<\/strong>&nbsp;k\u00f6zlekednek a z\u00f3n\u00e1z\u00f3 vonatok.<\/li>\n<li>Az&nbsp;<strong>S76-os vonatok<\/strong>&nbsp;<strong>R\u00e1kos \u00e9s Pilisv\u00f6r\u00f6sv\u00e1r<\/strong>&nbsp;\u00e1llom\u00e1sok k\u00f6z\u00f6tt&nbsp;<strong>5:03-t\u00f3l 22:03-ig,<\/strong>&nbsp;<strong>Pilisv\u00f6r\u00f6sv\u00e1r \u00e9s R\u00e1kos k\u00f6z\u00f6tt<\/strong>&nbsp;<strong>5:21-t\u0151l 22:51-ig<\/strong>&nbsp;k\u00f6zlekednek.<\/li>\n<\/ul>\n<\/li>\n<li>A&nbsp;<strong>munkanapi, valamint a h\u00e9tv\u00e9gi \u00e9s \u00fcnnepnapi&nbsp;<\/strong>menetrendi strukt\u00fara egys\u00e9ges\u00edt\u00e9se a vas\u00fatvonalon, ez\u00e1ltal a munkanapival megegyez\u0151 menetrendi k\u00edn\u00e1latot biztos\u00edt a M\u00c1V-START a h\u00e9tv\u00e9gi \u00e9s \u00fcnnepnapokon is.<\/li>\n<\/ul>\n<p><strong>4-es Esztergom\u2015Alm\u00e1sf\u00fczit\u0151\u2015Kom\u00e1rom vonal:<\/strong><\/p>\n<ul>\n<li>A S150-es helyett S74-es viszonylatjelz\u00e9ssel k\u00f6zlekednek a vonatok, ez\u00e1ltal elk\u00fcl\u00f6n\u00edtve az 5-\u00f6s vonali S150-es viszonylatjelz\u00e9st\u0151l.<\/li>\n<li>A vonalon&nbsp;<strong>\u00faj menetrendi strukt\u00fara szereint<\/strong>&nbsp;k\u00f6zlekednek a vonatok a hivat\u00e1sforgalmi (munk\u00e1ba, iskol\u00e1ba j\u00e1r\u00e1si) szok\u00e1sokhoz igazodva.&nbsp;<strong>Munkanap d\u00e9lut\u00e1n<\/strong>&nbsp;a vonal&nbsp;<strong>forgalmasabb szakasz\u00e1n \u00f3r\u00e1nk\u00e9nt indulnak vonatok<\/strong>,&nbsp;<strong>h\u00e9tv\u00e9g\u00e9n pedig egyenletesebb\u00e9<\/strong>&nbsp;v\u00e1lik a j\u00e1ratok k\u00f6vet\u00e9se.<\/li>\n<li><strong>Munkanapokon:<\/strong>\n<ul>\n<li><strong>Esztergomb\u00f3l<\/strong>&nbsp;6:43-kor, 13:43-kor \u00e9s 15:43-kor indul vonat&nbsp;<strong>L\u00e1batlanba<\/strong>.<\/li>\n<li><strong>Esztergomb\u00f3l Kom\u00e1romba<\/strong>&nbsp;7:43-kor, 14:43-kor, 16:43-kor, 18:43-kor \u00e9s 20:13-kor indul szem\u00e9lyvonat.<\/li>\n<li><strong>Esztergomb\u00f3l<\/strong>&nbsp;17:43-kor szem\u00e9lyvonat indul&nbsp;<strong>S\u00fctt\u0151re.<\/strong><\/li>\n<li><strong>Kom\u00e1romb\u00f3l Esztergomba<\/strong>&nbsp;4:46-kor, 5:46-kor, 12:46-kor, 14:46-kor \u00e9s 16:46-kor indul szem\u00e9lyvonat.<\/li>\n<li><strong>L\u00e1batlanb\u00f3l Esztergomba<\/strong>&nbsp;7:35-kor, 14:35-kor \u00e9s 16:35-kor indul szem\u00e9lyvonat.<\/li>\n<li><strong>S\u00fctt\u0151r\u0151l<\/strong>&nbsp;18:50-kor indul szem\u00e9lyvonat&nbsp;<strong>Esztergomba.<\/strong><\/li>\n<\/ul>\n<\/li>\n<li><strong>H\u00e9tv\u00e9gi \u00e9s munkasz\u00fcneti napokon<\/strong>:\n<ul>\n<li><strong>Esztergomb\u00f3l Alm\u00e1sf\u00fczit\u0151re<\/strong>&nbsp;8:13-kor, 12:13-kor, 16:13-kor indul szem\u00e9lyvonat. A vonatok Alm\u00e1sf\u00fczit\u0151n csatlakoznak Kom\u00e1rom \u00e9s Gy\u0151r fel\u00e9 k\u00f6zleked\u0151 j\u00e1ratokhoz.<\/li>\n<li><strong>Esztergomb\u00f3l<\/strong>&nbsp;20:13-kor szem\u00e9lyvonat indul&nbsp;<strong>Kom\u00e1romba.<\/strong><\/li>\n<li><strong>Kom\u00e1romb\u00f3l&nbsp;<\/strong>5:46-kor szem\u00e9lyvonat indul&nbsp;<strong>Esztergomba.<\/strong><\/li>\n<li><strong>Alm\u00e1sf\u00fczit\u0151r\u0151l Esztergomba<\/strong>&nbsp;10:29-kor, 14:29-kor \u00e9s 18:29-kor indulnak szem\u00e9lyvonatok. A vonatokra csatlakoz\u00e1s biztos\u00edtott Alm\u00e1sf\u00fczit\u0151n Gy\u0151r \u00e9s Kom\u00e1rom fel\u0151l.<\/li>\n<\/ul>\n<\/li>\n<\/ul>\n<p><strong>70-es Budapest\u2015V\u00e1c\u2015Szob vonal:<\/strong><\/p>\n<ul>\n<li>A vonalon k\u00f6zleked\u0151 nemzetk\u00f6zi vonatok menetrendje a szlov\u00e1k vas\u00fath\u00e1l\u00f3zaton v\u00e9gzett p\u00e1lya\u00e9p\u00edt\u00e9si munk\u00e1latok miatt m\u00f3dosul:\n<ul>\n<li><strong>A Szlov\u00e1kia fel\u00e9<\/strong>&nbsp;k\u00f6zleked\u0151&nbsp;<strong>Metropolitan \u00e9s Hung\u00e1ria EuroCity<\/strong>&nbsp;vonatok, tov\u00e1bb\u00e1 a&nbsp;<strong>Metropol EuroNight vonatok<\/strong>&nbsp;<strong>11 perccel kor\u00e1bban<\/strong>&nbsp;k\u00f6zlekednek, a Nyugati p\u00e1lyaudvarr\u00f3l \u00f3ra 29-kor indulnak.<\/li>\n<li>A 130-as sz\u00e1m\u00fa&nbsp;<strong>B\u00e1thory<\/strong>&nbsp;vonat 8:12-kor indul, V\u00e1c \u00e1llom\u00e1son 8 percet tart\u00f3zkodik.<\/li>\n<li><strong>A Szlov\u00e1kia fel\u0151l<\/strong>&nbsp;\u00e9rkez\u0151&nbsp;<strong>Metropolitan \u00e9s Hung\u00e1ria EuroCity<\/strong>&nbsp;vonatok 8 perccel k\u00e9s\u0151bb k\u00f6zlekednek, a 281-es sz\u00e1m\u00fa&nbsp;<strong>Metropolitan EuroCity<\/strong>&nbsp;5 perccel k\u00e9s\u0151bb k\u00f6zlekedik.<\/li>\n<li>A 477-es sz\u00e1m\u00fa&nbsp;<strong>Metropol EuroNight<\/strong>&nbsp;vonat 7 perccel k\u00e9s\u0151bb \u00e9rkezik V\u00e1cra, ahonnan 8:00-kor indul, a Nyugatiba 8:29-kor \u00e9rkezik.<\/li>\n<li>A 131-es sz\u00e1m\u00fa&nbsp;<strong>B\u00e1thory EuroCity<\/strong>&nbsp;13 perccel k\u00e9s\u0151bb \u00e9rkezik V\u00e1cra, ahol 8 percet tart\u00f3zkodik, a Nyugatiba 19:49-kor \u00e9rkezik.<\/li>\n<\/ul>\n<\/li>\n<li>A Nyugati p\u00e1lyaudvarr\u00f3l indul\u00f3, Szobig k\u00f6zleked\u0151 G70-es gyors\u00edtott szem\u00e9lyvonatok egys\u00e9ges menetrend alapj\u00e1n k\u00f6zlekednek, a Nyugati p\u00e1lyaudvarr\u00f3l \u00f3ra 39-kor indulnak, a nemzetk\u00f6zi vonatok menetrendj\u00e9nek v\u00e1ltoz\u00e1sa miatt sz\u00fcks\u00e9ges a m\u00f3dos\u00edt\u00e1s.\n<ul>\n<li>B\u0151v\u00fcl a G70-es gyors\u00edtott szem\u00e9lyvonatok \u00fczemideje: munkanapokon 21:39-kor \u00faj vonat indul a Nyugatib\u00f3l, Szobra 22:44-re \u00e9rkezik.<\/li>\n<li>A turisztikai id\u0151szakban h\u00e9tv\u00e9gi napokon \u00faj vonat indul a Nyugatib\u00f3l 10:39-kor, Szobr\u00f3l 18:26-kor \u00e9s 19:40-kor.<\/li>\n<\/ul>\n<\/li>\n<li>D\u00f6m\u00f6si \u00e1tkel\u00e9s meg\u00e1ll\u00f3helyen nem \u00e1llnak meg vonatok, ez\u00e9rt t\u00f6rlik a menetrendi mez\u0151b\u0151l.<\/li>\n<\/ul>\n<p><em>Forr\u00e1s: mavcsoport.hu<\/em><\/p>\n","protected":false},"excerpt":{"rendered":"<p>A M\u00c1V-Vol\u00e1n-csoport \u00faj, 2022\/2023-as vas\u00fati \u00e9s aut\u00f3busz-menetrendje december 11-\u00e9n, vas\u00e1rnap l\u00e9p hat\u00e1lyba. A menetrendv\u00e1lt\u00e1s el\u0151tt egy h\u00f3nappal k\u00f6zz\u00e9tette a k\u00f6zleked\u00e9si t\u00e1rsas\u00e1g az \u00faj menetrendeket, azonban id\u0151k\u00f6zben az \u00fajonnan alakult \u00c9p\u00edt\u00e9si \u00e9s K\u00f6zleked\u00e9si Miniszt\u00e9rium vette \u00e1t az \u00e1llami k\u00f6z\u00f6ss\u00e9gi k\u00f6zleked\u00e9s, \u00edgy a v\u00e1llalatcsoport feletti tulajdonosi jogk\u00f6rgyakorl\u00e1st is. A megrendel\u0151 miniszt\u00e9rium a v\u00e1llalatcsoport vezet\u0151ivel egyeztetett, mely sor\u00e1n<\/p>\n","protected":false},"author":1,"featured_media":31017,"comment_status":"closed","ping_status":"closed","sticky":false,"template":"","format":"standard","meta":{"ngg_post_thumbnail":0,"footnotes":""},"categories":[3],"tags":[458,1043,5624,292,6843,381,1015,291],"class_list":{"0":"post-48556","1":"post","2":"type-post","3":"status-publish","4":"format-standard","5":"has-post-thumbnail","7":"category-hirek","8":"tag-autobusz","9":"tag-busz","10":"tag-featured","11":"tag-mav","12":"tag-mav-volan-csoport","13":"tag-vasut","14":"tag-volanbusz","15":"tag-vonat"},"yoast_head":"<!-- This site is optimized with the Yoast SEO plugin v27.5 - https:\/\/yoast.com\/product\/yoast-seo-wordpress\/ -->\n<title>Vas\u00e1rnap l\u00e9p \u00e9letbe a M\u00c1V-START \u00e9s a Vol\u00e1nbusz \u00faj menetrendje<\/title>\n<meta name=\"robots\" content=\"index, follow, max-snippet:-1, max-image-preview:large, max-video-preview:-1\" \/>\n<link rel=\"canonical\" href=\"https:\/\/dorogimedence.hu\/index.php\/2022\/12\/07\/vasarnap-lep-eletbe-a-mav-start-es-a-volanbusz-uj-menetrendje\/\" class=\"yoast-seo-meta-tag\" \/>\n<meta property=\"og:locale\" content=\"hu_HU\" class=\"yoast-seo-meta-tag\" \/>\n<meta property=\"og:type\" content=\"article\" class=\"yoast-seo-meta-tag\" \/>\n<meta property=\"og:title\" content=\"Vas\u00e1rnap l\u00e9p \u00e9letbe a M\u00c1V-START \u00e9s a Vol\u00e1nbusz \u00faj menetrendje\" class=\"yoast-seo-meta-tag\" \/>\n<meta property=\"og:description\" content=\"A M\u00c1V-Vol\u00e1n-csoport \u00faj, 2022\/2023-as vas\u00fati \u00e9s aut\u00f3busz-menetrendje december 11-\u00e9n, vas\u00e1rnap l\u00e9p hat\u00e1lyba. A menetrendv\u00e1lt\u00e1s el\u0151tt egy h\u00f3nappal k\u00f6zz\u00e9tette a k\u00f6zleked\u00e9si t\u00e1rsas\u00e1g az \u00faj menetrendeket, azonban id\u0151k\u00f6zben az \u00fajonnan alakult \u00c9p\u00edt\u00e9si \u00e9s K\u00f6zleked\u00e9si Miniszt\u00e9rium vette \u00e1t az \u00e1llami k\u00f6z\u00f6ss\u00e9gi k\u00f6zleked\u00e9s, \u00edgy a v\u00e1llalatcsoport feletti tulajdonosi jogk\u00f6rgyakorl\u00e1st is. A megrendel\u0151 miniszt\u00e9rium a v\u00e1llalatcsoport vezet\u0151ivel egyeztetett, mely sor\u00e1n\" class=\"yoast-seo-meta-tag\" \/>\n<meta property=\"og:url\" content=\"https:\/\/dorogimedence.hu\/index.php\/2022\/12\/07\/vasarnap-lep-eletbe-a-mav-start-es-a-volanbusz-uj-menetrendje\/\" class=\"yoast-seo-meta-tag\" \/>\n<meta property=\"og:site_name\" content=\"Dorogi-medence Region\u00e1lis H\u00edrport\u00e1l\" class=\"yoast-seo-meta-tag\" \/>\n<meta property=\"article:publisher\" content=\"https:\/\/www.facebook.com\/dorogimedence\/\" class=\"yoast-seo-meta-tag\" \/>\n<meta property=\"article:published_time\" content=\"2022-12-07T10:06:28+00:00\" class=\"yoast-seo-meta-tag\" \/>\n<meta property=\"article:modified_time\" content=\"2022-12-08T09:41:19+00:00\" class=\"yoast-seo-meta-tag\" \/>\n<meta property=\"og:image\" content=\"https:\/\/dorogimedence.hu\/wp-content\/uploads\/2021\/03\/vonat-busz.png\" class=\"yoast-seo-meta-tag\" \/>\n\t<meta property=\"og:image:width\" content=\"830\" class=\"yoast-seo-meta-tag\" \/>\n\t<meta property=\"og:image:height\" content=\"450\" class=\"yoast-seo-meta-tag\" \/>\n\t<meta property=\"og:image:type\" content=\"image\/png\" class=\"yoast-seo-meta-tag\" \/>\n<meta name=\"author\" content=\"dorogimedence.hu\" class=\"yoast-seo-meta-tag\" \/>\n<meta name=\"twitter:card\" content=\"summary_large_image\" class=\"yoast-seo-meta-tag\" \/>\n<meta name=\"twitter:label1\" content=\"Szerz\u0151:\" class=\"yoast-seo-meta-tag\" \/>\n\t<meta name=\"twitter:data1\" content=\"dorogimedence.hu\" class=\"yoast-seo-meta-tag\" \/>\n\t<meta name=\"twitter:label2\" content=\"Becs\u00fclt olvas\u00e1si id\u0151\" class=\"yoast-seo-meta-tag\" \/>\n\t<meta name=\"twitter:data2\" content=\"7 perc\" class=\"yoast-seo-meta-tag\" \/>\n<script type=\"application\/ld+json\" class=\"yoast-schema-graph\">{\"@context\":\"https:\\\/\\\/schema.org\",\"@graph\":[{\"@type\":\"Article\",\"@id\":\"https:\\\/\\\/dorogimedence.hu\\\/index.php\\\/2022\\\/12\\\/07\\\/vasarnap-lep-eletbe-a-mav-start-es-a-volanbusz-uj-menetrendje\\\/#article\",\"isPartOf\":{\"@id\":\"https:\\\/\\\/dorogimedence.hu\\\/index.php\\\/2022\\\/12\\\/07\\\/vasarnap-lep-eletbe-a-mav-start-es-a-volanbusz-uj-menetrendje\\\/\"},\"author\":{\"name\":\"dorogimedence.hu\",\"@id\":\"https:\\\/\\\/dorogimedence.hu\\\/#\\\/schema\\\/person\\\/ce6091eeb7e95ecdc87890d6aa8e0fd4\"},\"headline\":\"Vas\u00e1rnap l\u00e9p \u00e9letbe a M\u00c1V-START \u00e9s a Vol\u00e1nbusz \u00faj menetrendje\",\"datePublished\":\"2022-12-07T10:06:28+00:00\",\"dateModified\":\"2022-12-08T09:41:19+00:00\",\"mainEntityOfPage\":{\"@id\":\"https:\\\/\\\/dorogimedence.hu\\\/index.php\\\/2022\\\/12\\\/07\\\/vasarnap-lep-eletbe-a-mav-start-es-a-volanbusz-uj-menetrendje\\\/\"},\"wordCount\":1348,\"publisher\":{\"@id\":\"https:\\\/\\\/dorogimedence.hu\\\/#organization\"},\"image\":{\"@id\":\"https:\\\/\\\/dorogimedence.hu\\\/index.php\\\/2022\\\/12\\\/07\\\/vasarnap-lep-eletbe-a-mav-start-es-a-volanbusz-uj-menetrendje\\\/#primaryimage\"},\"thumbnailUrl\":\"https:\\\/\\\/dorogimedence.hu\\\/wp-content\\\/uploads\\\/2021\\\/03\\\/vonat-busz.png\",\"keywords\":[\"aut\u00f3busz\",\"busz\",\"featured\",\"m\u00e1v\",\"M\u00c1V-Vol\u00e1n csoport\",\"vas\u00fat\",\"vol\u00e1nbusz\",\"vonat\"],\"articleSection\":[\"H\u00edrek\"],\"inLanguage\":\"hu\"},{\"@type\":\"WebPage\",\"@id\":\"https:\\\/\\\/dorogimedence.hu\\\/index.php\\\/2022\\\/12\\\/07\\\/vasarnap-lep-eletbe-a-mav-start-es-a-volanbusz-uj-menetrendje\\\/\",\"url\":\"https:\\\/\\\/dorogimedence.hu\\\/index.php\\\/2022\\\/12\\\/07\\\/vasarnap-lep-eletbe-a-mav-start-es-a-volanbusz-uj-menetrendje\\\/\",\"name\":\"Vas\u00e1rnap l\u00e9p \u00e9letbe a M\u00c1V-START \u00e9s a Vol\u00e1nbusz \u00faj menetrendje\",\"isPartOf\":{\"@id\":\"https:\\\/\\\/dorogimedence.hu\\\/#website\"},\"primaryImageOfPage\":{\"@id\":\"https:\\\/\\\/dorogimedence.hu\\\/index.php\\\/2022\\\/12\\\/07\\\/vasarnap-lep-eletbe-a-mav-start-es-a-volanbusz-uj-menetrendje\\\/#primaryimage\"},\"image\":{\"@id\":\"https:\\\/\\\/dorogimedence.hu\\\/index.php\\\/2022\\\/12\\\/07\\\/vasarnap-lep-eletbe-a-mav-start-es-a-volanbusz-uj-menetrendje\\\/#primaryimage\"},\"thumbnailUrl\":\"https:\\\/\\\/dorogimedence.hu\\\/wp-content\\\/uploads\\\/2021\\\/03\\\/vonat-busz.png\",\"datePublished\":\"2022-12-07T10:06:28+00:00\",\"dateModified\":\"2022-12-08T09:41:19+00:00\",\"breadcrumb\":{\"@id\":\"https:\\\/\\\/dorogimedence.hu\\\/index.php\\\/2022\\\/12\\\/07\\\/vasarnap-lep-eletbe-a-mav-start-es-a-volanbusz-uj-menetrendje\\\/#breadcrumb\"},\"inLanguage\":\"hu\",\"potentialAction\":[{\"@type\":\"ReadAction\",\"target\":[\"https:\\\/\\\/dorogimedence.hu\\\/index.php\\\/2022\\\/12\\\/07\\\/vasarnap-lep-eletbe-a-mav-start-es-a-volanbusz-uj-menetrendje\\\/\"]}]},{\"@type\":\"ImageObject\",\"inLanguage\":\"hu\",\"@id\":\"https:\\\/\\\/dorogimedence.hu\\\/index.php\\\/2022\\\/12\\\/07\\\/vasarnap-lep-eletbe-a-mav-start-es-a-volanbusz-uj-menetrendje\\\/#primaryimage\",\"url\":\"https:\\\/\\\/dorogimedence.hu\\\/wp-content\\\/uploads\\\/2021\\\/03\\\/vonat-busz.png\",\"contentUrl\":\"https:\\\/\\\/dorogimedence.hu\\\/wp-content\\\/uploads\\\/2021\\\/03\\\/vonat-busz.png\",\"width\":830,\"height\":450},{\"@type\":\"BreadcrumbList\",\"@id\":\"https:\\\/\\\/dorogimedence.hu\\\/index.php\\\/2022\\\/12\\\/07\\\/vasarnap-lep-eletbe-a-mav-start-es-a-volanbusz-uj-menetrendje\\\/#breadcrumb\",\"itemListElement\":[{\"@type\":\"ListItem\",\"position\":1,\"name\":\"Kezd\u0151lap\",\"item\":\"https:\\\/\\\/dorogimedence.hu\\\/\"},{\"@type\":\"ListItem\",\"position\":2,\"name\":\"Vas\u00e1rnap l\u00e9p \u00e9letbe a M\u00c1V-START \u00e9s a Vol\u00e1nbusz \u00faj menetrendje\"}]},{\"@type\":\"WebSite\",\"@id\":\"https:\\\/\\\/dorogimedence.hu\\\/#website\",\"url\":\"https:\\\/\\\/dorogimedence.hu\\\/\",\"name\":\"Dorogi-medence Region\u00e1lis H\u00edrport\u00e1l\",\"description\":\"Dorog, Keszt\u00f6lc, Le\u00e1nyv\u00e1r, Piliscs\u00e9v, Tokod, Tokodalt\u00e1r\u00f3, Csolnok, Esztergom-kertv\u00e1ros: h\u00edrek, programok\",\"publisher\":{\"@id\":\"https:\\\/\\\/dorogimedence.hu\\\/#organization\"},\"potentialAction\":[{\"@type\":\"SearchAction\",\"target\":{\"@type\":\"EntryPoint\",\"urlTemplate\":\"https:\\\/\\\/dorogimedence.hu\\\/?s={search_term_string}\"},\"query-input\":{\"@type\":\"PropertyValueSpecification\",\"valueRequired\":true,\"valueName\":\"search_term_string\"}}],\"inLanguage\":\"hu\"},{\"@type\":\"Organization\",\"@id\":\"https:\\\/\\\/dorogimedence.hu\\\/#organization\",\"name\":\"Dorogi-medence Region\u00e1lis H\u00edrport\u00e1l\",\"url\":\"https:\\\/\\\/dorogimedence.hu\\\/\",\"logo\":{\"@type\":\"ImageObject\",\"inLanguage\":\"hu\",\"@id\":\"https:\\\/\\\/dorogimedence.hu\\\/#\\\/schema\\\/logo\\\/image\\\/\",\"url\":\"https:\\\/\\\/dorogimedence.hu\\\/wp-content\\\/uploads\\\/2021\\\/04\\\/logo-feher-600.png\",\"contentUrl\":\"https:\\\/\\\/dorogimedence.hu\\\/wp-content\\\/uploads\\\/2021\\\/04\\\/logo-feher-600.png\",\"width\":600,\"height\":100,\"caption\":\"Dorogi-medence Region\u00e1lis H\u00edrport\u00e1l\"},\"image\":{\"@id\":\"https:\\\/\\\/dorogimedence.hu\\\/#\\\/schema\\\/logo\\\/image\\\/\"},\"sameAs\":[\"https:\\\/\\\/www.facebook.com\\\/dorogimedence\\\/\"]},{\"@type\":\"Person\",\"@id\":\"https:\\\/\\\/dorogimedence.hu\\\/#\\\/schema\\\/person\\\/ce6091eeb7e95ecdc87890d6aa8e0fd4\",\"name\":\"dorogimedence.hu\",\"image\":{\"@type\":\"ImageObject\",\"inLanguage\":\"hu\",\"@id\":\"\\\/\\\/www.gravatar.com\\\/avatar\\\/d8d45f8901aadff40a4af72c0b826f1d?s=96&#038;r=g&#038;d=mm\",\"url\":\"\\\/\\\/www.gravatar.com\\\/avatar\\\/d8d45f8901aadff40a4af72c0b826f1d?s=96&#038;r=g&#038;d=mm\",\"contentUrl\":\"\\\/\\\/www.gravatar.com\\\/avatar\\\/d8d45f8901aadff40a4af72c0b826f1d?s=96&#038;r=g&#038;d=mm\",\"caption\":\"dorogimedence.hu\"}}]}<\/script>\n<!-- \/ Yoast SEO plugin. -->","yoast_head_json":{"title":"Vas\u00e1rnap l\u00e9p \u00e9letbe a M\u00c1V-START \u00e9s a Vol\u00e1nbusz \u00faj menetrendje","robots":{"index":"index","follow":"follow","max-snippet":"max-snippet:-1","max-image-preview":"max-image-preview:large","max-video-preview":"max-video-preview:-1"},"canonical":"https:\/\/dorogimedence.hu\/index.php\/2022\/12\/07\/vasarnap-lep-eletbe-a-mav-start-es-a-volanbusz-uj-menetrendje\/","og_locale":"hu_HU","og_type":"article","og_title":"Vas\u00e1rnap l\u00e9p \u00e9letbe a M\u00c1V-START \u00e9s a Vol\u00e1nbusz \u00faj menetrendje","og_description":"A M\u00c1V-Vol\u00e1n-csoport \u00faj, 2022\/2023-as vas\u00fati \u00e9s aut\u00f3busz-menetrendje december 11-\u00e9n, vas\u00e1rnap l\u00e9p hat\u00e1lyba. A menetrendv\u00e1lt\u00e1s el\u0151tt egy h\u00f3nappal k\u00f6zz\u00e9tette a k\u00f6zleked\u00e9si t\u00e1rsas\u00e1g az \u00faj menetrendeket, azonban id\u0151k\u00f6zben az \u00fajonnan alakult \u00c9p\u00edt\u00e9si \u00e9s K\u00f6zleked\u00e9si Miniszt\u00e9rium vette \u00e1t az \u00e1llami k\u00f6z\u00f6ss\u00e9gi k\u00f6zleked\u00e9s, \u00edgy a v\u00e1llalatcsoport feletti tulajdonosi jogk\u00f6rgyakorl\u00e1st is. A megrendel\u0151 miniszt\u00e9rium a v\u00e1llalatcsoport vezet\u0151ivel egyeztetett, mely sor\u00e1n","og_url":"https:\/\/dorogimedence.hu\/index.php\/2022\/12\/07\/vasarnap-lep-eletbe-a-mav-start-es-a-volanbusz-uj-menetrendje\/","og_site_name":"Dorogi-medence Region\u00e1lis H\u00edrport\u00e1l","article_publisher":"https:\/\/www.facebook.com\/dorogimedence\/","article_published_time":"2022-12-07T10:06:28+00:00","article_modified_time":"2022-12-08T09:41:19+00:00","og_image":[{"width":830,"height":450,"url":"https:\/\/dorogimedence.hu\/wp-content\/uploads\/2021\/03\/vonat-busz.png","type":"image\/png"}],"author":"dorogimedence.hu","twitter_card":"summary_large_image","twitter_misc":{"Szerz\u0151:":"dorogimedence.hu","Becs\u00fclt olvas\u00e1si id\u0151":"7 perc"},"schema":{"@context":"https:\/\/schema.org","@graph":[{"@type":"Article","@id":"https:\/\/dorogimedence.hu\/index.php\/2022\/12\/07\/vasarnap-lep-eletbe-a-mav-start-es-a-volanbusz-uj-menetrendje\/#article","isPartOf":{"@id":"https:\/\/dorogimedence.hu\/index.php\/2022\/12\/07\/vasarnap-lep-eletbe-a-mav-start-es-a-volanbusz-uj-menetrendje\/"},"author":{"name":"dorogimedence.hu","@id":"https:\/\/dorogimedence.hu\/#\/schema\/person\/ce6091eeb7e95ecdc87890d6aa8e0fd4"},"headline":"Vas\u00e1rnap l\u00e9p \u00e9letbe a M\u00c1V-START \u00e9s a Vol\u00e1nbusz \u00faj menetrendje","datePublished":"2022-12-07T10:06:28+00:00","dateModified":"2022-12-08T09:41:19+00:00","mainEntityOfPage":{"@id":"https:\/\/dorogimedence.hu\/index.php\/2022\/12\/07\/vasarnap-lep-eletbe-a-mav-start-es-a-volanbusz-uj-menetrendje\/"},"wordCount":1348,"publisher":{"@id":"https:\/\/dorogimedence.hu\/#organization"},"image":{"@id":"https:\/\/dorogimedence.hu\/index.php\/2022\/12\/07\/vasarnap-lep-eletbe-a-mav-start-es-a-volanbusz-uj-menetrendje\/#primaryimage"},"thumbnailUrl":"https:\/\/dorogimedence.hu\/wp-content\/uploads\/2021\/03\/vonat-busz.png","keywords":["aut\u00f3busz","busz","featured","m\u00e1v","M\u00c1V-Vol\u00e1n csoport","vas\u00fat","vol\u00e1nbusz","vonat"],"articleSection":["H\u00edrek"],"inLanguage":"hu"},{"@type":"WebPage","@id":"https:\/\/dorogimedence.hu\/index.php\/2022\/12\/07\/vasarnap-lep-eletbe-a-mav-start-es-a-volanbusz-uj-menetrendje\/","url":"https:\/\/dorogimedence.hu\/index.php\/2022\/12\/07\/vasarnap-lep-eletbe-a-mav-start-es-a-volanbusz-uj-menetrendje\/","name":"Vas\u00e1rnap l\u00e9p \u00e9letbe a M\u00c1V-START \u00e9s a Vol\u00e1nbusz \u00faj menetrendje","isPartOf":{"@id":"https:\/\/dorogimedence.hu\/#website"},"primaryImageOfPage":{"@id":"https:\/\/dorogimedence.hu\/index.php\/2022\/12\/07\/vasarnap-lep-eletbe-a-mav-start-es-a-volanbusz-uj-menetrendje\/#primaryimage"},"image":{"@id":"https:\/\/dorogimedence.hu\/index.php\/2022\/12\/07\/vasarnap-lep-eletbe-a-mav-start-es-a-volanbusz-uj-menetrendje\/#primaryimage"},"thumbnailUrl":"https:\/\/dorogimedence.hu\/wp-content\/uploads\/2021\/03\/vonat-busz.png","datePublished":"2022-12-07T10:06:28+00:00","dateModified":"2022-12-08T09:41:19+00:00","breadcrumb":{"@id":"https:\/\/dorogimedence.hu\/index.php\/2022\/12\/07\/vasarnap-lep-eletbe-a-mav-start-es-a-volanbusz-uj-menetrendje\/#breadcrumb"},"inLanguage":"hu","potentialAction":[{"@type":"ReadAction","target":["https:\/\/dorogimedence.hu\/index.php\/2022\/12\/07\/vasarnap-lep-eletbe-a-mav-start-es-a-volanbusz-uj-menetrendje\/"]}]},{"@type":"ImageObject","inLanguage":"hu","@id":"https:\/\/dorogimedence.hu\/index.php\/2022\/12\/07\/vasarnap-lep-eletbe-a-mav-start-es-a-volanbusz-uj-menetrendje\/#primaryimage","url":"https:\/\/dorogimedence.hu\/wp-content\/uploads\/2021\/03\/vonat-busz.png","contentUrl":"https:\/\/dorogimedence.hu\/wp-content\/uploads\/2021\/03\/vonat-busz.png","width":830,"height":450},{"@type":"BreadcrumbList","@id":"https:\/\/dorogimedence.hu\/index.php\/2022\/12\/07\/vasarnap-lep-eletbe-a-mav-start-es-a-volanbusz-uj-menetrendje\/#breadcrumb","itemListElement":[{"@type":"ListItem","position":1,"name":"Kezd\u0151lap","item":"https:\/\/dorogimedence.hu\/"},{"@type":"ListItem","position":2,"name":"Vas\u00e1rnap l\u00e9p \u00e9letbe a M\u00c1V-START \u00e9s a Vol\u00e1nbusz \u00faj menetrendje"}]},{"@type":"WebSite","@id":"https:\/\/dorogimedence.hu\/#website","url":"https:\/\/dorogimedence.hu\/","name":"Dorogi-medence Region\u00e1lis H\u00edrport\u00e1l","description":"Dorog, Keszt\u00f6lc, Le\u00e1nyv\u00e1r, Piliscs\u00e9v, Tokod, Tokodalt\u00e1r\u00f3, Csolnok, Esztergom-kertv\u00e1ros: h\u00edrek, programok","publisher":{"@id":"https:\/\/dorogimedence.hu\/#organization"},"potentialAction":[{"@type":"SearchAction","target":{"@type":"EntryPoint","urlTemplate":"https:\/\/dorogimedence.hu\/?s={search_term_string}"},"query-input":{"@type":"PropertyValueSpecification","valueRequired":true,"valueName":"search_term_string"}}],"inLanguage":"hu"},{"@type":"Organization","@id":"https:\/\/dorogimedence.hu\/#organization","name":"Dorogi-medence Region\u00e1lis H\u00edrport\u00e1l","url":"https:\/\/dorogimedence.hu\/","logo":{"@type":"ImageObject","inLanguage":"hu","@id":"https:\/\/dorogimedence.hu\/#\/schema\/logo\/image\/","url":"https:\/\/dorogimedence.hu\/wp-content\/uploads\/2021\/04\/logo-feher-600.png","contentUrl":"https:\/\/dorogimedence.hu\/wp-content\/uploads\/2021\/04\/logo-feher-600.png","width":600,"height":100,"caption":"Dorogi-medence Region\u00e1lis H\u00edrport\u00e1l"},"image":{"@id":"https:\/\/dorogimedence.hu\/#\/schema\/logo\/image\/"},"sameAs":["https:\/\/www.facebook.com\/dorogimedence\/"]},{"@type":"Person","@id":"https:\/\/dorogimedence.hu\/#\/schema\/person\/ce6091eeb7e95ecdc87890d6aa8e0fd4","name":"dorogimedence.hu","image":{"@type":"ImageObject","inLanguage":"hu","@id":"\/\/www.gravatar.com\/avatar\/d8d45f8901aadff40a4af72c0b826f1d?s=96&#038;r=g&#038;d=mm","url":"\/\/www.gravatar.com\/avatar\/d8d45f8901aadff40a4af72c0b826f1d?s=96&#038;r=g&#038;d=mm","contentUrl":"\/\/www.gravatar.com\/avatar\/d8d45f8901aadff40a4af72c0b826f1d?s=96&#038;r=g&#038;d=mm","caption":"dorogimedence.hu"}}]}},"_links":{"self":[{"href":"https:\/\/dorogimedence.hu\/index.php\/wp-json\/wp\/v2\/posts\/48556","targetHints":{"allow":["GET"]}}],"collection":[{"href":"https:\/\/dorogimedence.hu\/index.php\/wp-json\/wp\/v2\/posts"}],"about":[{"href":"https:\/\/dorogimedence.hu\/index.php\/wp-json\/wp\/v2\/types\/post"}],"author":[{"embeddable":true,"href":"https:\/\/dorogimedence.hu\/index.php\/wp-json\/wp\/v2\/users\/1"}],"replies":[{"embeddable":true,"href":"https:\/\/dorogimedence.hu\/index.php\/wp-json\/wp\/v2\/comments?post=48556"}],"version-history":[{"count":0,"href":"https:\/\/dorogimedence.hu\/index.php\/wp-json\/wp\/v2\/posts\/48556\/revisions"}],"wp:featuredmedia":[{"embeddable":true,"href":"https:\/\/dorogimedence.hu\/index.php\/wp-json\/wp\/v2\/media\/31017"}],"wp:attachment":[{"href":"https:\/\/dorogimedence.hu\/index.php\/wp-json\/wp\/v2\/media?parent=48556"}],"wp:term":[{"taxonomy":"category","embeddable":true,"href":"https:\/\/dorogimedence.hu\/index.php\/wp-json\/wp\/v2\/categories?post=48556"},{"taxonomy":"post_tag","embeddable":true,"href":"https:\/\/dorogimedence.hu\/index.php\/wp-json\/wp\/v2\/tags?post=48556"}],"curies":[{"name":"wp","href":"https:\/\/api.w.org\/{rel}","templated":true}]}}