{"id":48529,"date":"2022-12-06T11:21:30","date_gmt":"2022-12-06T10:21:30","guid":{"rendered":"https:\/\/dorogimedence.hu\/?p=48529"},"modified":"2022-12-06T11:21:53","modified_gmt":"2022-12-06T10:21:53","slug":"az-egykori-presszobol-alakithatnak-ki-kozossegi-hazat-dagon","status":"publish","type":"post","link":"https:\/\/dorogimedence.hu\/index.php\/2022\/12\/06\/az-egykori-presszobol-alakithatnak-ki-kozossegi-hazat-dagon\/","title":{"rendered":"Az egykori pressz\u00f3b\u00f3l alak\u00edthatnak ki k\u00f6z\u00f6ss\u00e9gi h\u00e1zat D\u00e1gon"},"content":{"rendered":"<p><strong>A TOP Plusz Program keret\u00e9ben mintegy 140 milli\u00f3 forint t\u00e1mogat\u00e1sb\u00f3l \u00faj funkci\u00f3t kapna az egykori d\u00e1gi pressz\u00f3. Az \u00faj k\u00f6z\u00f6ss\u00e9gi h\u00e1zban kisebb klubhelyis\u00e9get \u00e9s rendezv\u00e9nytermet alak\u00edtan\u00e1nak ki, illetve a tervek szerint a k\u00f6nyvt\u00e1rat is \u00e1thelyezhezn\u00e9k ide<\/strong> <em>\u2013 tudtuk meg Steiner Tam\u00e1st\u00f3l, D\u00e1g polg\u00e1rmester\u00e9t\u0151l.<\/em><\/p>\n<p>A&nbsp;<span style=\"text-decoration: underline; color: #0000ff;\"><a style=\"color: #0000ff; text-decoration: underline;\" href=\"https:\/\/dorogimedence.hu\/index.php\/2022\/11\/30\/kozel-3-milliard-forint-fejlesztesi-forras-erkezik-tersegunkbe\/\" target=\"_blank\" rel=\"noopener\">napokban \u00edrtuk<\/a><\/span>, hogy mintegy 7,2 milli\u00e1rd Ft-os fejleszt\u00e9sre ny\u00edlik lehet\u0151s\u00e9g a megye 43 telep\u00fcl\u00e9s\u00e9n a megyei \u00f6nkorm\u00e1nyzat \u00e1ltal koordin\u00e1lt Ter\u00fclet- \u00e9s Telep\u00fcl\u00e9sfejleszt\u00e9si Operat\u00edv Program Pluszban sz\u00fcletett \u00faj Ir\u00e1ny\u00edt\u00f3 Hat\u00f3s\u00e1gi d\u00f6nt\u00e9sek nyom\u00e1n. A TOP Plusz Program keret\u00e9ben pozit\u00edv elb\u00edr\u00e1l\u00e1st kapott D\u00e1g K\u00f6zs\u00e9g \u00d6nkorm\u00e1nyzat\u00e1nak p\u00e1ly\u00e1zata is. A d\u00e1gi beruh\u00e1z\u00e1st a TOP_Plusz-1.2.1 \u00c9lhet\u0151 telep\u00fcl\u00e9sek &#8211; K\u00f6z\u00f6ss\u00e9gi, kultur\u00e1lis, sportol\u00e1si infrastrukt\u00fara, IKT \u00e9s okos telep\u00fcl\u00e9si fejleszt\u00e9sek tev\u00e9kenys\u00e9g keret\u00e9ben, az Esztergomi tengely \u00e9s h\u00eddf\u0151v\u00e1ros t\u00e9rs\u00e9g sz\u00e1m\u00e1ra elk\u00fcl\u00f6n\u00edtett indikat\u00edv 138.205.480 forint keret\u00f6sszegb\u0151l k\u00edv\u00e1nj\u00e1k megval\u00f3s\u00edtani.<\/p>\n<p>Steiner Tam\u00e1s elmondta, hogy r\u00e9gi \u00e1lmuk val\u00f3sulhat meg a p\u00e1ly\u00e1zati forr\u00e1s seg\u00edts\u00e9g\u00e9vel. A telep\u00fcl\u00e9s frekvent\u00e1lt hely\u00e9n tal\u00e1lhat\u00f3, leromlott \u00e1llapotban l\u00e9v\u0151, kor\u00e1bban m\u00e1s funkci\u00f3t bet\u00f6lt\u0151 \u00e9p\u00fclet (pressz\u00f3) fel\u00faj\u00edt\u00e1s\u00e1val az \u00f6nkorm\u00e1nyzat egy \u00faj k\u00f6z\u00f6ss\u00e9gi h\u00e1zat k\u00edv\u00e1n kialak\u00edtani a helyi kultur\u00e1lis \u00e9s k\u00f6z\u00f6ss\u00e9gi \u00e9let fejleszt\u00e9se \u00e9rdek\u00e9ben. A beruh\u00e1z\u00e1s hozz\u00e1j\u00e1rul a fenntarthat\u00f3 fejl\u0151d\u00e9s helyi felt\u00e9teleinek biztos\u00edt\u00e1s\u00e1hoz, ez\u00e1ltal a telep\u00fcl\u00e9s vonz\u00f3v\u00e1 \u00e9s \u00e9lhet\u0151v\u00e9 v\u00e1lik, mely el\u0151seg\u00edti a lakoss\u00e1g, kiemelten a fiatalok helyben marad\u00e1s\u00e1t. Az \u00e9p\u00fcletben 3 helyis\u00e9get alak\u00edtan\u00e1nak ki, egy klubhelyis\u00e9get, egy 20-60 f\u0151s kultur\u00e1lis \u00e9s t\u00e1rsadalmi \u00f6sszej\u00f6vetelekre haszn\u00e1latos rendezv\u00e9nytermet, illetve ig\u00e9nyeknek megfelel\u0151en, k\u00e9s\u0151bbi d\u00f6nt\u00e9s alapj\u00e1n a k\u00f6nyvt\u00e1rat is ide helyezhetik \u00e1t.<\/p>\n<p>A fel\u00faj\u00edt\u00e1s ut\u00e1n az \u00e9p\u00fclet bels\u0151 udvar\u00e1nak egyik bej\u00e1rat\u00e1n\u00e1l biztos\u00edtj\u00e1k majd az akad\u00e1lymentes bejut\u00e1st. A megl\u00e9v\u0151 vizesblokkok hely\u00e9n, \u00faj alaprajzi szervez\u00e9s\u0171 f\u00e9rfi-n\u0151i \u00e9s akad\u00e1lymentes vizesblokk l\u00e9tes\u00fcl. A mosd\u00f3kat az \u00e9p\u00fclet nyitva tart\u00e1si idej\u00e9ben a lakosok t\u00e9r\u00edt\u00e9smentesen haszn\u00e1lhatj\u00e1k majd. A homlokzatokon vakolatjav\u00edt\u00e1s t\u00f6rt\u00e9nik, valamint \u00faj ny\u00edl\u00e1sz\u00e1r\u00f3k ker\u00fclnek be\u00e9p\u00edt\u00e9sre. Az \u00e9p\u00fclet teljesen \u00faj vezet\u00e9kez\u00e9st kap, \u00faj vil\u00e1g\u00edt\u00f3testeket helyeznek el, valamint a v\u00edz- \u00e9s csatornarendszert, illetve a f\u0171t\u00e9si rendszert is korszer\u0171s\u00edtik. Az \u00e9p\u00fcletben az egyedi k\u00e1lyhaf\u0171t\u00e9s helyett k\u00f6zponti g\u00e1zkaz\u00e1n \u00e9s k\u00e9m\u00e9ny k\u00e9sz\u00fcl padl\u00f3f\u0171t\u00e9s ki\u00e9p\u00edt\u00e9s\u00e9vel. Az \u00e9p\u00fclet magastetej\u00e9re napelemes rendszert telep\u00edtenek.<\/p>\n<p><em>Bor\u00edt\u00f3k\u00e9p: Google<\/em><\/p>\n","protected":false},"excerpt":{"rendered":"<p>A TOP Plusz Program keret\u00e9ben mintegy 140 milli\u00f3 forint t\u00e1mogat\u00e1sb\u00f3l \u00faj funkci\u00f3t kapna az egykori d\u00e1gi pressz\u00f3. Az \u00faj k\u00f6z\u00f6ss\u00e9gi h\u00e1zban kisebb klubhelyis\u00e9get \u00e9s rendezv\u00e9nytermet alak\u00edtan\u00e1nak ki, illetve a tervek szerint a k\u00f6nyvt\u00e1rat is \u00e1thelyezhezn\u00e9k ide \u2013 tudtuk meg Steiner Tam\u00e1st\u00f3l, D\u00e1g polg\u00e1rmester\u00e9t\u0151l. A&nbsp;napokban \u00edrtuk, hogy mintegy 7,2 milli\u00e1rd Ft-os fejleszt\u00e9sre ny\u00edlik lehet\u0151s\u00e9g a megye<\/p>\n","protected":false},"author":1,"featured_media":48530,"comment_status":"closed","ping_status":"closed","sticky":false,"template":"","format":"standard","meta":{"ngg_post_thumbnail":0,"footnotes":""},"categories":[3],"tags":[1083,5624,157,6839,74],"class_list":{"0":"post-48529","1":"post","2":"type-post","3":"status-publish","4":"format-standard","5":"has-post-thumbnail","7":"category-hirek","8":"tag-dag","9":"tag-featured","10":"tag-fejlesztes","11":"tag-kozossegi-haz","12":"tag-palyazat"},"yoast_head":"<!-- This site is optimized with the Yoast SEO plugin v27.4 - https:\/\/yoast.com\/product\/yoast-seo-wordpress\/ -->\n<title>Az egykori pressz\u00f3b\u00f3l alak\u00edthatnak ki k\u00f6z\u00f6ss\u00e9gi h\u00e1zat D\u00e1gon<\/title>\n<meta name=\"robots\" content=\"index, follow, max-snippet:-1, max-image-preview:large, max-video-preview:-1\" \/>\n<link rel=\"canonical\" href=\"https:\/\/dorogimedence.hu\/index.php\/2022\/12\/06\/az-egykori-presszobol-alakithatnak-ki-kozossegi-hazat-dagon\/\" class=\"yoast-seo-meta-tag\" \/>\n<meta property=\"og:locale\" content=\"hu_HU\" class=\"yoast-seo-meta-tag\" \/>\n<meta property=\"og:type\" content=\"article\" class=\"yoast-seo-meta-tag\" \/>\n<meta property=\"og:title\" content=\"Az egykori pressz\u00f3b\u00f3l alak\u00edthatnak ki k\u00f6z\u00f6ss\u00e9gi h\u00e1zat D\u00e1gon\" class=\"yoast-seo-meta-tag\" \/>\n<meta property=\"og:description\" content=\"A TOP Plusz Program keret\u00e9ben mintegy 140 milli\u00f3 forint t\u00e1mogat\u00e1sb\u00f3l \u00faj funkci\u00f3t kapna az egykori d\u00e1gi pressz\u00f3. Az \u00faj k\u00f6z\u00f6ss\u00e9gi h\u00e1zban kisebb klubhelyis\u00e9get \u00e9s rendezv\u00e9nytermet alak\u00edtan\u00e1nak ki, illetve a tervek szerint a k\u00f6nyvt\u00e1rat is \u00e1thelyezhezn\u00e9k ide \u2013 tudtuk meg Steiner Tam\u00e1st\u00f3l, D\u00e1g polg\u00e1rmester\u00e9t\u0151l. A&nbsp;napokban \u00edrtuk, hogy mintegy 7,2 milli\u00e1rd Ft-os fejleszt\u00e9sre ny\u00edlik lehet\u0151s\u00e9g a megye\" class=\"yoast-seo-meta-tag\" \/>\n<meta property=\"og:url\" content=\"https:\/\/dorogimedence.hu\/index.php\/2022\/12\/06\/az-egykori-presszobol-alakithatnak-ki-kozossegi-hazat-dagon\/\" class=\"yoast-seo-meta-tag\" \/>\n<meta property=\"og:site_name\" content=\"Dorogi-medence Region\u00e1lis H\u00edrport\u00e1l\" class=\"yoast-seo-meta-tag\" \/>\n<meta property=\"article:publisher\" content=\"https:\/\/www.facebook.com\/dorogimedence\/\" class=\"yoast-seo-meta-tag\" \/>\n<meta property=\"article:published_time\" content=\"2022-12-06T10:21:30+00:00\" class=\"yoast-seo-meta-tag\" \/>\n<meta property=\"article:modified_time\" content=\"2022-12-06T10:21:53+00:00\" class=\"yoast-seo-meta-tag\" \/>\n<meta property=\"og:image\" content=\"https:\/\/dorogimedence.hu\/wp-content\/uploads\/2022\/12\/dag-kozossegi-haz.jpg\" class=\"yoast-seo-meta-tag\" \/>\n\t<meta property=\"og:image:width\" content=\"890\" class=\"yoast-seo-meta-tag\" \/>\n\t<meta property=\"og:image:height\" content=\"522\" class=\"yoast-seo-meta-tag\" \/>\n\t<meta property=\"og:image:type\" content=\"image\/jpeg\" class=\"yoast-seo-meta-tag\" \/>\n<meta name=\"author\" content=\"dorogimedence.hu\" class=\"yoast-seo-meta-tag\" \/>\n<meta name=\"twitter:card\" content=\"summary_large_image\" class=\"yoast-seo-meta-tag\" \/>\n<meta name=\"twitter:label1\" content=\"Szerz\u0151:\" class=\"yoast-seo-meta-tag\" \/>\n\t<meta name=\"twitter:data1\" content=\"dorogimedence.hu\" class=\"yoast-seo-meta-tag\" \/>\n\t<meta name=\"twitter:label2\" content=\"Becs\u00fclt olvas\u00e1si id\u0151\" class=\"yoast-seo-meta-tag\" \/>\n\t<meta name=\"twitter:data2\" content=\"3 perc\" class=\"yoast-seo-meta-tag\" \/>\n<script type=\"application\/ld+json\" class=\"yoast-schema-graph\">{\"@context\":\"https:\\\/\\\/schema.org\",\"@graph\":[{\"@type\":\"Article\",\"@id\":\"https:\\\/\\\/dorogimedence.hu\\\/index.php\\\/2022\\\/12\\\/06\\\/az-egykori-presszobol-alakithatnak-ki-kozossegi-hazat-dagon\\\/#article\",\"isPartOf\":{\"@id\":\"https:\\\/\\\/dorogimedence.hu\\\/index.php\\\/2022\\\/12\\\/06\\\/az-egykori-presszobol-alakithatnak-ki-kozossegi-hazat-dagon\\\/\"},\"author\":{\"name\":\"dorogimedence.hu\",\"@id\":\"https:\\\/\\\/dorogimedence.hu\\\/#\\\/schema\\\/person\\\/ce6091eeb7e95ecdc87890d6aa8e0fd4\"},\"headline\":\"Az egykori pressz\u00f3b\u00f3l alak\u00edthatnak ki k\u00f6z\u00f6ss\u00e9gi h\u00e1zat D\u00e1gon\",\"datePublished\":\"2022-12-06T10:21:30+00:00\",\"dateModified\":\"2022-12-06T10:21:53+00:00\",\"mainEntityOfPage\":{\"@id\":\"https:\\\/\\\/dorogimedence.hu\\\/index.php\\\/2022\\\/12\\\/06\\\/az-egykori-presszobol-alakithatnak-ki-kozossegi-hazat-dagon\\\/\"},\"wordCount\":568,\"publisher\":{\"@id\":\"https:\\\/\\\/dorogimedence.hu\\\/#organization\"},\"image\":{\"@id\":\"https:\\\/\\\/dorogimedence.hu\\\/index.php\\\/2022\\\/12\\\/06\\\/az-egykori-presszobol-alakithatnak-ki-kozossegi-hazat-dagon\\\/#primaryimage\"},\"thumbnailUrl\":\"https:\\\/\\\/dorogimedence.hu\\\/wp-content\\\/uploads\\\/2022\\\/12\\\/dag-kozossegi-haz.jpg\",\"keywords\":[\"D\u00e1g\",\"featured\",\"fejleszt\u00e9s\",\"k\u00f6z\u00f6ss\u00e9gi h\u00e1z\",\"p\u00e1ly\u00e1zat\"],\"articleSection\":[\"H\u00edrek\"],\"inLanguage\":\"hu\"},{\"@type\":\"WebPage\",\"@id\":\"https:\\\/\\\/dorogimedence.hu\\\/index.php\\\/2022\\\/12\\\/06\\\/az-egykori-presszobol-alakithatnak-ki-kozossegi-hazat-dagon\\\/\",\"url\":\"https:\\\/\\\/dorogimedence.hu\\\/index.php\\\/2022\\\/12\\\/06\\\/az-egykori-presszobol-alakithatnak-ki-kozossegi-hazat-dagon\\\/\",\"name\":\"Az egykori pressz\u00f3b\u00f3l alak\u00edthatnak ki k\u00f6z\u00f6ss\u00e9gi h\u00e1zat D\u00e1gon\",\"isPartOf\":{\"@id\":\"https:\\\/\\\/dorogimedence.hu\\\/#website\"},\"primaryImageOfPage\":{\"@id\":\"https:\\\/\\\/dorogimedence.hu\\\/index.php\\\/2022\\\/12\\\/06\\\/az-egykori-presszobol-alakithatnak-ki-kozossegi-hazat-dagon\\\/#primaryimage\"},\"image\":{\"@id\":\"https:\\\/\\\/dorogimedence.hu\\\/index.php\\\/2022\\\/12\\\/06\\\/az-egykori-presszobol-alakithatnak-ki-kozossegi-hazat-dagon\\\/#primaryimage\"},\"thumbnailUrl\":\"https:\\\/\\\/dorogimedence.hu\\\/wp-content\\\/uploads\\\/2022\\\/12\\\/dag-kozossegi-haz.jpg\",\"datePublished\":\"2022-12-06T10:21:30+00:00\",\"dateModified\":\"2022-12-06T10:21:53+00:00\",\"breadcrumb\":{\"@id\":\"https:\\\/\\\/dorogimedence.hu\\\/index.php\\\/2022\\\/12\\\/06\\\/az-egykori-presszobol-alakithatnak-ki-kozossegi-hazat-dagon\\\/#breadcrumb\"},\"inLanguage\":\"hu\",\"potentialAction\":[{\"@type\":\"ReadAction\",\"target\":[\"https:\\\/\\\/dorogimedence.hu\\\/index.php\\\/2022\\\/12\\\/06\\\/az-egykori-presszobol-alakithatnak-ki-kozossegi-hazat-dagon\\\/\"]}]},{\"@type\":\"ImageObject\",\"inLanguage\":\"hu\",\"@id\":\"https:\\\/\\\/dorogimedence.hu\\\/index.php\\\/2022\\\/12\\\/06\\\/az-egykori-presszobol-alakithatnak-ki-kozossegi-hazat-dagon\\\/#primaryimage\",\"url\":\"https:\\\/\\\/dorogimedence.hu\\\/wp-content\\\/uploads\\\/2022\\\/12\\\/dag-kozossegi-haz.jpg\",\"contentUrl\":\"https:\\\/\\\/dorogimedence.hu\\\/wp-content\\\/uploads\\\/2022\\\/12\\\/dag-kozossegi-haz.jpg\",\"width\":890,\"height\":522},{\"@type\":\"BreadcrumbList\",\"@id\":\"https:\\\/\\\/dorogimedence.hu\\\/index.php\\\/2022\\\/12\\\/06\\\/az-egykori-presszobol-alakithatnak-ki-kozossegi-hazat-dagon\\\/#breadcrumb\",\"itemListElement\":[{\"@type\":\"ListItem\",\"position\":1,\"name\":\"Kezd\u0151lap\",\"item\":\"https:\\\/\\\/dorogimedence.hu\\\/\"},{\"@type\":\"ListItem\",\"position\":2,\"name\":\"Az egykori pressz\u00f3b\u00f3l alak\u00edthatnak ki k\u00f6z\u00f6ss\u00e9gi h\u00e1zat D\u00e1gon\"}]},{\"@type\":\"WebSite\",\"@id\":\"https:\\\/\\\/dorogimedence.hu\\\/#website\",\"url\":\"https:\\\/\\\/dorogimedence.hu\\\/\",\"name\":\"Dorogi-medence Region\u00e1lis H\u00edrport\u00e1l\",\"description\":\"Dorog, Keszt\u00f6lc, Le\u00e1nyv\u00e1r, Piliscs\u00e9v, Tokod, Tokodalt\u00e1r\u00f3, Csolnok, Esztergom-kertv\u00e1ros: h\u00edrek, programok\",\"publisher\":{\"@id\":\"https:\\\/\\\/dorogimedence.hu\\\/#organization\"},\"potentialAction\":[{\"@type\":\"SearchAction\",\"target\":{\"@type\":\"EntryPoint\",\"urlTemplate\":\"https:\\\/\\\/dorogimedence.hu\\\/?s={search_term_string}\"},\"query-input\":{\"@type\":\"PropertyValueSpecification\",\"valueRequired\":true,\"valueName\":\"search_term_string\"}}],\"inLanguage\":\"hu\"},{\"@type\":\"Organization\",\"@id\":\"https:\\\/\\\/dorogimedence.hu\\\/#organization\",\"name\":\"Dorogi-medence Region\u00e1lis H\u00edrport\u00e1l\",\"url\":\"https:\\\/\\\/dorogimedence.hu\\\/\",\"logo\":{\"@type\":\"ImageObject\",\"inLanguage\":\"hu\",\"@id\":\"https:\\\/\\\/dorogimedence.hu\\\/#\\\/schema\\\/logo\\\/image\\\/\",\"url\":\"https:\\\/\\\/dorogimedence.hu\\\/wp-content\\\/uploads\\\/2021\\\/04\\\/logo-feher-600.png\",\"contentUrl\":\"https:\\\/\\\/dorogimedence.hu\\\/wp-content\\\/uploads\\\/2021\\\/04\\\/logo-feher-600.png\",\"width\":600,\"height\":100,\"caption\":\"Dorogi-medence Region\u00e1lis H\u00edrport\u00e1l\"},\"image\":{\"@id\":\"https:\\\/\\\/dorogimedence.hu\\\/#\\\/schema\\\/logo\\\/image\\\/\"},\"sameAs\":[\"https:\\\/\\\/www.facebook.com\\\/dorogimedence\\\/\"]},{\"@type\":\"Person\",\"@id\":\"https:\\\/\\\/dorogimedence.hu\\\/#\\\/schema\\\/person\\\/ce6091eeb7e95ecdc87890d6aa8e0fd4\",\"name\":\"dorogimedence.hu\",\"image\":{\"@type\":\"ImageObject\",\"inLanguage\":\"hu\",\"@id\":\"\\\/\\\/www.gravatar.com\\\/avatar\\\/d8d45f8901aadff40a4af72c0b826f1d?s=96&#038;r=g&#038;d=mm\",\"url\":\"\\\/\\\/www.gravatar.com\\\/avatar\\\/d8d45f8901aadff40a4af72c0b826f1d?s=96&#038;r=g&#038;d=mm\",\"contentUrl\":\"\\\/\\\/www.gravatar.com\\\/avatar\\\/d8d45f8901aadff40a4af72c0b826f1d?s=96&#038;r=g&#038;d=mm\",\"caption\":\"dorogimedence.hu\"}}]}<\/script>\n<!-- \/ Yoast SEO plugin. -->","yoast_head_json":{"title":"Az egykori pressz\u00f3b\u00f3l alak\u00edthatnak ki k\u00f6z\u00f6ss\u00e9gi h\u00e1zat D\u00e1gon","robots":{"index":"index","follow":"follow","max-snippet":"max-snippet:-1","max-image-preview":"max-image-preview:large","max-video-preview":"max-video-preview:-1"},"canonical":"https:\/\/dorogimedence.hu\/index.php\/2022\/12\/06\/az-egykori-presszobol-alakithatnak-ki-kozossegi-hazat-dagon\/","og_locale":"hu_HU","og_type":"article","og_title":"Az egykori pressz\u00f3b\u00f3l alak\u00edthatnak ki k\u00f6z\u00f6ss\u00e9gi h\u00e1zat D\u00e1gon","og_description":"A TOP Plusz Program keret\u00e9ben mintegy 140 milli\u00f3 forint t\u00e1mogat\u00e1sb\u00f3l \u00faj funkci\u00f3t kapna az egykori d\u00e1gi pressz\u00f3. Az \u00faj k\u00f6z\u00f6ss\u00e9gi h\u00e1zban kisebb klubhelyis\u00e9get \u00e9s rendezv\u00e9nytermet alak\u00edtan\u00e1nak ki, illetve a tervek szerint a k\u00f6nyvt\u00e1rat is \u00e1thelyezhezn\u00e9k ide \u2013 tudtuk meg Steiner Tam\u00e1st\u00f3l, D\u00e1g polg\u00e1rmester\u00e9t\u0151l. A&nbsp;napokban \u00edrtuk, hogy mintegy 7,2 milli\u00e1rd Ft-os fejleszt\u00e9sre ny\u00edlik lehet\u0151s\u00e9g a megye","og_url":"https:\/\/dorogimedence.hu\/index.php\/2022\/12\/06\/az-egykori-presszobol-alakithatnak-ki-kozossegi-hazat-dagon\/","og_site_name":"Dorogi-medence Region\u00e1lis H\u00edrport\u00e1l","article_publisher":"https:\/\/www.facebook.com\/dorogimedence\/","article_published_time":"2022-12-06T10:21:30+00:00","article_modified_time":"2022-12-06T10:21:53+00:00","og_image":[{"width":890,"height":522,"url":"https:\/\/dorogimedence.hu\/wp-content\/uploads\/2022\/12\/dag-kozossegi-haz.jpg","type":"image\/jpeg"}],"author":"dorogimedence.hu","twitter_card":"summary_large_image","twitter_misc":{"Szerz\u0151:":"dorogimedence.hu","Becs\u00fclt olvas\u00e1si id\u0151":"3 perc"},"schema":{"@context":"https:\/\/schema.org","@graph":[{"@type":"Article","@id":"https:\/\/dorogimedence.hu\/index.php\/2022\/12\/06\/az-egykori-presszobol-alakithatnak-ki-kozossegi-hazat-dagon\/#article","isPartOf":{"@id":"https:\/\/dorogimedence.hu\/index.php\/2022\/12\/06\/az-egykori-presszobol-alakithatnak-ki-kozossegi-hazat-dagon\/"},"author":{"name":"dorogimedence.hu","@id":"https:\/\/dorogimedence.hu\/#\/schema\/person\/ce6091eeb7e95ecdc87890d6aa8e0fd4"},"headline":"Az egykori pressz\u00f3b\u00f3l alak\u00edthatnak ki k\u00f6z\u00f6ss\u00e9gi h\u00e1zat D\u00e1gon","datePublished":"2022-12-06T10:21:30+00:00","dateModified":"2022-12-06T10:21:53+00:00","mainEntityOfPage":{"@id":"https:\/\/dorogimedence.hu\/index.php\/2022\/12\/06\/az-egykori-presszobol-alakithatnak-ki-kozossegi-hazat-dagon\/"},"wordCount":568,"publisher":{"@id":"https:\/\/dorogimedence.hu\/#organization"},"image":{"@id":"https:\/\/dorogimedence.hu\/index.php\/2022\/12\/06\/az-egykori-presszobol-alakithatnak-ki-kozossegi-hazat-dagon\/#primaryimage"},"thumbnailUrl":"https:\/\/dorogimedence.hu\/wp-content\/uploads\/2022\/12\/dag-kozossegi-haz.jpg","keywords":["D\u00e1g","featured","fejleszt\u00e9s","k\u00f6z\u00f6ss\u00e9gi h\u00e1z","p\u00e1ly\u00e1zat"],"articleSection":["H\u00edrek"],"inLanguage":"hu"},{"@type":"WebPage","@id":"https:\/\/dorogimedence.hu\/index.php\/2022\/12\/06\/az-egykori-presszobol-alakithatnak-ki-kozossegi-hazat-dagon\/","url":"https:\/\/dorogimedence.hu\/index.php\/2022\/12\/06\/az-egykori-presszobol-alakithatnak-ki-kozossegi-hazat-dagon\/","name":"Az egykori pressz\u00f3b\u00f3l alak\u00edthatnak ki k\u00f6z\u00f6ss\u00e9gi h\u00e1zat D\u00e1gon","isPartOf":{"@id":"https:\/\/dorogimedence.hu\/#website"},"primaryImageOfPage":{"@id":"https:\/\/dorogimedence.hu\/index.php\/2022\/12\/06\/az-egykori-presszobol-alakithatnak-ki-kozossegi-hazat-dagon\/#primaryimage"},"image":{"@id":"https:\/\/dorogimedence.hu\/index.php\/2022\/12\/06\/az-egykori-presszobol-alakithatnak-ki-kozossegi-hazat-dagon\/#primaryimage"},"thumbnailUrl":"https:\/\/dorogimedence.hu\/wp-content\/uploads\/2022\/12\/dag-kozossegi-haz.jpg","datePublished":"2022-12-06T10:21:30+00:00","dateModified":"2022-12-06T10:21:53+00:00","breadcrumb":{"@id":"https:\/\/dorogimedence.hu\/index.php\/2022\/12\/06\/az-egykori-presszobol-alakithatnak-ki-kozossegi-hazat-dagon\/#breadcrumb"},"inLanguage":"hu","potentialAction":[{"@type":"ReadAction","target":["https:\/\/dorogimedence.hu\/index.php\/2022\/12\/06\/az-egykori-presszobol-alakithatnak-ki-kozossegi-hazat-dagon\/"]}]},{"@type":"ImageObject","inLanguage":"hu","@id":"https:\/\/dorogimedence.hu\/index.php\/2022\/12\/06\/az-egykori-presszobol-alakithatnak-ki-kozossegi-hazat-dagon\/#primaryimage","url":"https:\/\/dorogimedence.hu\/wp-content\/uploads\/2022\/12\/dag-kozossegi-haz.jpg","contentUrl":"https:\/\/dorogimedence.hu\/wp-content\/uploads\/2022\/12\/dag-kozossegi-haz.jpg","width":890,"height":522},{"@type":"BreadcrumbList","@id":"https:\/\/dorogimedence.hu\/index.php\/2022\/12\/06\/az-egykori-presszobol-alakithatnak-ki-kozossegi-hazat-dagon\/#breadcrumb","itemListElement":[{"@type":"ListItem","position":1,"name":"Kezd\u0151lap","item":"https:\/\/dorogimedence.hu\/"},{"@type":"ListItem","position":2,"name":"Az egykori pressz\u00f3b\u00f3l alak\u00edthatnak ki k\u00f6z\u00f6ss\u00e9gi h\u00e1zat D\u00e1gon"}]},{"@type":"WebSite","@id":"https:\/\/dorogimedence.hu\/#website","url":"https:\/\/dorogimedence.hu\/","name":"Dorogi-medence Region\u00e1lis H\u00edrport\u00e1l","description":"Dorog, Keszt\u00f6lc, Le\u00e1nyv\u00e1r, Piliscs\u00e9v, Tokod, Tokodalt\u00e1r\u00f3, Csolnok, Esztergom-kertv\u00e1ros: h\u00edrek, programok","publisher":{"@id":"https:\/\/dorogimedence.hu\/#organization"},"potentialAction":[{"@type":"SearchAction","target":{"@type":"EntryPoint","urlTemplate":"https:\/\/dorogimedence.hu\/?s={search_term_string}"},"query-input":{"@type":"PropertyValueSpecification","valueRequired":true,"valueName":"search_term_string"}}],"inLanguage":"hu"},{"@type":"Organization","@id":"https:\/\/dorogimedence.hu\/#organization","name":"Dorogi-medence Region\u00e1lis H\u00edrport\u00e1l","url":"https:\/\/dorogimedence.hu\/","logo":{"@type":"ImageObject","inLanguage":"hu","@id":"https:\/\/dorogimedence.hu\/#\/schema\/logo\/image\/","url":"https:\/\/dorogimedence.hu\/wp-content\/uploads\/2021\/04\/logo-feher-600.png","contentUrl":"https:\/\/dorogimedence.hu\/wp-content\/uploads\/2021\/04\/logo-feher-600.png","width":600,"height":100,"caption":"Dorogi-medence Region\u00e1lis H\u00edrport\u00e1l"},"image":{"@id":"https:\/\/dorogimedence.hu\/#\/schema\/logo\/image\/"},"sameAs":["https:\/\/www.facebook.com\/dorogimedence\/"]},{"@type":"Person","@id":"https:\/\/dorogimedence.hu\/#\/schema\/person\/ce6091eeb7e95ecdc87890d6aa8e0fd4","name":"dorogimedence.hu","image":{"@type":"ImageObject","inLanguage":"hu","@id":"\/\/www.gravatar.com\/avatar\/d8d45f8901aadff40a4af72c0b826f1d?s=96&#038;r=g&#038;d=mm","url":"\/\/www.gravatar.com\/avatar\/d8d45f8901aadff40a4af72c0b826f1d?s=96&#038;r=g&#038;d=mm","contentUrl":"\/\/www.gravatar.com\/avatar\/d8d45f8901aadff40a4af72c0b826f1d?s=96&#038;r=g&#038;d=mm","caption":"dorogimedence.hu"}}]}},"_links":{"self":[{"href":"https:\/\/dorogimedence.hu\/index.php\/wp-json\/wp\/v2\/posts\/48529","targetHints":{"allow":["GET"]}}],"collection":[{"href":"https:\/\/dorogimedence.hu\/index.php\/wp-json\/wp\/v2\/posts"}],"about":[{"href":"https:\/\/dorogimedence.hu\/index.php\/wp-json\/wp\/v2\/types\/post"}],"author":[{"embeddable":true,"href":"https:\/\/dorogimedence.hu\/index.php\/wp-json\/wp\/v2\/users\/1"}],"replies":[{"embeddable":true,"href":"https:\/\/dorogimedence.hu\/index.php\/wp-json\/wp\/v2\/comments?post=48529"}],"version-history":[{"count":0,"href":"https:\/\/dorogimedence.hu\/index.php\/wp-json\/wp\/v2\/posts\/48529\/revisions"}],"wp:featuredmedia":[{"embeddable":true,"href":"https:\/\/dorogimedence.hu\/index.php\/wp-json\/wp\/v2\/media\/48530"}],"wp:attachment":[{"href":"https:\/\/dorogimedence.hu\/index.php\/wp-json\/wp\/v2\/media?parent=48529"}],"wp:term":[{"taxonomy":"category","embeddable":true,"href":"https:\/\/dorogimedence.hu\/index.php\/wp-json\/wp\/v2\/categories?post=48529"},{"taxonomy":"post_tag","embeddable":true,"href":"https:\/\/dorogimedence.hu\/index.php\/wp-json\/wp\/v2\/tags?post=48529"}],"curies":[{"name":"wp","href":"https:\/\/api.w.org\/{rel}","templated":true}]}}