{"id":48396,"date":"2022-11-30T10:34:34","date_gmt":"2022-11-30T09:34:34","guid":{"rendered":"https:\/\/dorogimedence.hu\/?p=48396"},"modified":"2022-11-30T10:34:58","modified_gmt":"2022-11-30T09:34:58","slug":"hamisan-vadolta-meg-a-ferjet","status":"publish","type":"post","link":"https:\/\/dorogimedence.hu\/index.php\/2022\/11\/30\/hamisan-vadolta-meg-a-ferjet\/","title":{"rendered":"Hamisan v\u00e1dolta meg a f\u00e9rj\u00e9t"},"content":{"rendered":"<p><strong>Felf\u00fcggesztett szabads\u00e1gveszt\u00e9st szabhatnak ki a n\u0151vel szemben, aki azzal v\u00e1dolta meg a f\u00e9rj\u00e9t, hogy b\u00e1ntalmazta. Kider\u00fclt a n\u0151 az\u00e9rt tett feljelent\u00e9st az Esztergomi Rend\u0151rkapit\u00e1nys\u00e1gon, mert a f\u00e9rje el akarta hagyni \u0151t.<\/strong><\/p>\n<p>A n\u0151 2022. janu\u00e1r 27-\u00e9n egy Esztergomhoz k\u00f6zeli telep\u00fcl\u00e9sen volt a hozz\u00e1tartoz\u00f3in\u00e1l, majd az Esztergomi Rend\u0151rkapit\u00e1nys\u00e1gon feljelent\u00e9st tett a f\u00e9rje ellen. A feljelent\u00e9sben a n\u0151 val\u00f3tlanul \u00e1ll\u00edtotta, hogy a f\u00e9rje 2022. janu\u00e1r 25-\u00e9n a kom\u00e1romi otthonukban k\u00e9t alkalommal pofon \u00fct\u00f6tte, majd h\u00e1rom alkalommal \u00f6k\u00f6llel \u00fagy meg\u00fct\u00f6tte, hogy ezzel neki s\u00e9r\u00fcl\u00e9seket okozott.<\/p>\n<p>Ezzel szemben a n\u0151 s\u00e9r\u00fcl\u00e9sei a feljelent\u00e9s megt\u00e9tel\u00e9t megel\u0151z\u0151en, azon a napon fav\u00e1g\u00e1s k\u00f6zben felpattan\u00f3 fadarabt\u00f3l keletkeztek.<\/p>\n<p>A feljelent\u00e9s alapj\u00e1n, m\u00e1snap a Kom\u00e1romi Rend\u0151rkapit\u00e1nys\u00e1g s\u00falyos testi s\u00e9rt\u00e9s b\u0171ntett\u00e9nek k\u00eds\u00e9rlete miatt nyomoz\u00e1st rendelt el, majd a f\u00e9rjet 2022. \u00e1prilis 13-\u00e1n gyan\u00fas\u00edtottk\u00e9nt hallgatta ki.<\/p>\n<p>A nyomoz\u00e1s sor\u00e1n a n\u0151 beismerte, hogy f\u00e9rj\u00e9t val\u00f3tlans\u00e1ggal v\u00e1dolta feljelent\u00e9s\u00e9ben, ez\u00e9rt a rend\u0151rs\u00e9g az elj\u00e1r\u00e1st megsz\u00fcntette. A f\u00e9rjjel szemben indult b\u00fcntet\u0151elj\u00e1r\u00e1s megsz\u00fcntet\u00e9s\u00e9t k\u00f6vet\u0151en a n\u0151vel szemben indult elj\u00e1r\u00e1s hamis v\u00e1d b\u0171ntette miatt.<\/p>\n<p>Az \u00fcgy\u00e9szs\u00e9g a v\u00e1diratban arra tett ind\u00edtv\u00e1nyt, hogy az Esztergomi J\u00e1r\u00e1sb\u00edr\u00f3s\u00e1g a b\u00fcntetlen n\u0151vel szemben t\u00e1rgyal\u00e1s mell\u0151z\u00e9s\u00e9vel, b\u00fcntet\u0151v\u00e9gz\u00e9sben v\u00e9grehajt\u00e1s\u00e1ban felf\u00fcggesztett szabads\u00e1gveszt\u00e9st szabjon ki.<\/p>\n<p><em>Forr\u00e1s: Kom\u00e1rom-Esztergom Megyei F\u0151\u00fcgy\u00e9szs\u00e9g<\/em><\/p>\n","protected":false},"excerpt":{"rendered":"<p>Felf\u00fcggesztett szabads\u00e1gveszt\u00e9st szabhatnak ki a n\u0151vel szemben, aki azzal v\u00e1dolta meg a f\u00e9rj\u00e9t, hogy b\u00e1ntalmazta. Kider\u00fclt a n\u0151 az\u00e9rt tett feljelent\u00e9st az Esztergomi Rend\u0151rkapit\u00e1nys\u00e1gon, mert a f\u00e9rje el akarta hagyni \u0151t. A n\u0151 2022. janu\u00e1r 27-\u00e9n egy Esztergomhoz k\u00f6zeli telep\u00fcl\u00e9sen volt a hozz\u00e1tartoz\u00f3in\u00e1l, majd az Esztergomi Rend\u0151rkapit\u00e1nys\u00e1gon feljelent\u00e9st tett a f\u00e9rje ellen. A feljelent\u00e9sben a<\/p>\n","protected":false},"author":1,"featured_media":0,"comment_status":"closed","ping_status":"closed","sticky":false,"template":"","format":"standard","meta":{"ngg_post_thumbnail":0,"footnotes":""},"categories":[38,3,39],"tags":[1042,42,6117,61,326],"class_list":{"0":"post-48396","1":"post","2":"type-post","3":"status-publish","4":"format-standard","6":"category-esztergom","7":"category-hirek","8":"category-kek-hirek","9":"tag-birosag","10":"tag-esztergom","11":"tag-hamis-vad","12":"tag-rendorsegi-hirek","13":"tag-ugyeszseg"},"yoast_head":"<!-- This site is optimized with the Yoast SEO plugin v27.4 - https:\/\/yoast.com\/product\/yoast-seo-wordpress\/ -->\n<title>Hamisan v\u00e1dolta meg a f\u00e9rj\u00e9t<\/title>\n<meta name=\"robots\" content=\"index, follow, max-snippet:-1, max-image-preview:large, max-video-preview:-1\" \/>\n<link rel=\"canonical\" href=\"https:\/\/dorogimedence.hu\/index.php\/2022\/11\/30\/hamisan-vadolta-meg-a-ferjet\/\" class=\"yoast-seo-meta-tag\" \/>\n<meta property=\"og:locale\" content=\"hu_HU\" class=\"yoast-seo-meta-tag\" \/>\n<meta property=\"og:type\" content=\"article\" class=\"yoast-seo-meta-tag\" \/>\n<meta property=\"og:title\" content=\"Hamisan v\u00e1dolta meg a f\u00e9rj\u00e9t\" class=\"yoast-seo-meta-tag\" \/>\n<meta property=\"og:description\" content=\"Felf\u00fcggesztett szabads\u00e1gveszt\u00e9st szabhatnak ki a n\u0151vel szemben, aki azzal v\u00e1dolta meg a f\u00e9rj\u00e9t, hogy b\u00e1ntalmazta. Kider\u00fclt a n\u0151 az\u00e9rt tett feljelent\u00e9st az Esztergomi Rend\u0151rkapit\u00e1nys\u00e1gon, mert a f\u00e9rje el akarta hagyni \u0151t. A n\u0151 2022. janu\u00e1r 27-\u00e9n egy Esztergomhoz k\u00f6zeli telep\u00fcl\u00e9sen volt a hozz\u00e1tartoz\u00f3in\u00e1l, majd az Esztergomi Rend\u0151rkapit\u00e1nys\u00e1gon feljelent\u00e9st tett a f\u00e9rje ellen. A feljelent\u00e9sben a\" class=\"yoast-seo-meta-tag\" \/>\n<meta property=\"og:url\" content=\"https:\/\/dorogimedence.hu\/index.php\/2022\/11\/30\/hamisan-vadolta-meg-a-ferjet\/\" class=\"yoast-seo-meta-tag\" \/>\n<meta property=\"og:site_name\" content=\"Dorogi-medence Region\u00e1lis H\u00edrport\u00e1l\" class=\"yoast-seo-meta-tag\" \/>\n<meta property=\"article:publisher\" content=\"https:\/\/www.facebook.com\/dorogimedence\/\" class=\"yoast-seo-meta-tag\" \/>\n<meta property=\"article:published_time\" content=\"2022-11-30T09:34:34+00:00\" class=\"yoast-seo-meta-tag\" \/>\n<meta property=\"article:modified_time\" content=\"2022-11-30T09:34:58+00:00\" class=\"yoast-seo-meta-tag\" \/>\n<meta property=\"og:image\" content=\"https:\/\/dorogimedence.hu\/wp-content\/uploads\/2020\/11\/birosag-05.jpg\" class=\"yoast-seo-meta-tag\" \/>\n\t<meta property=\"og:image:width\" content=\"830\" class=\"yoast-seo-meta-tag\" \/>\n\t<meta property=\"og:image:height\" content=\"450\" class=\"yoast-seo-meta-tag\" \/>\n\t<meta property=\"og:image:type\" content=\"image\/jpeg\" class=\"yoast-seo-meta-tag\" \/>\n<meta name=\"author\" content=\"dorogimedence.hu\" class=\"yoast-seo-meta-tag\" \/>\n<meta name=\"twitter:card\" content=\"summary_large_image\" class=\"yoast-seo-meta-tag\" \/>\n<meta name=\"twitter:label1\" content=\"Szerz\u0151:\" class=\"yoast-seo-meta-tag\" \/>\n\t<meta name=\"twitter:data1\" content=\"dorogimedence.hu\" class=\"yoast-seo-meta-tag\" \/>\n\t<meta name=\"twitter:label2\" content=\"Becs\u00fclt olvas\u00e1si id\u0151\" class=\"yoast-seo-meta-tag\" \/>\n\t<meta name=\"twitter:data2\" content=\"2 perc\" class=\"yoast-seo-meta-tag\" \/>\n<script type=\"application\/ld+json\" class=\"yoast-schema-graph\">{\"@context\":\"https:\\\/\\\/schema.org\",\"@graph\":[{\"@type\":\"Article\",\"@id\":\"https:\\\/\\\/dorogimedence.hu\\\/index.php\\\/2022\\\/11\\\/30\\\/hamisan-vadolta-meg-a-ferjet\\\/#article\",\"isPartOf\":{\"@id\":\"https:\\\/\\\/dorogimedence.hu\\\/index.php\\\/2022\\\/11\\\/30\\\/hamisan-vadolta-meg-a-ferjet\\\/\"},\"author\":{\"name\":\"dorogimedence.hu\",\"@id\":\"https:\\\/\\\/dorogimedence.hu\\\/#\\\/schema\\\/person\\\/ce6091eeb7e95ecdc87890d6aa8e0fd4\"},\"headline\":\"Hamisan v\u00e1dolta meg a f\u00e9rj\u00e9t\",\"datePublished\":\"2022-11-30T09:34:34+00:00\",\"dateModified\":\"2022-11-30T09:34:58+00:00\",\"mainEntityOfPage\":{\"@id\":\"https:\\\/\\\/dorogimedence.hu\\\/index.php\\\/2022\\\/11\\\/30\\\/hamisan-vadolta-meg-a-ferjet\\\/\"},\"wordCount\":327,\"publisher\":{\"@id\":\"https:\\\/\\\/dorogimedence.hu\\\/#organization\"},\"keywords\":[\"b\u00edr\u00f3s\u00e1g\",\"esztergom\",\"hamis v\u00e1d\",\"rend\u0151rs\u00e9gi h\u00edrek\",\"\u00fcgy\u00e9szs\u00e9g\"],\"articleSection\":[\"Esztergom\",\"H\u00edrek\",\"K\u00e9k h\u00edrek\"],\"inLanguage\":\"hu\"},{\"@type\":\"WebPage\",\"@id\":\"https:\\\/\\\/dorogimedence.hu\\\/index.php\\\/2022\\\/11\\\/30\\\/hamisan-vadolta-meg-a-ferjet\\\/\",\"url\":\"https:\\\/\\\/dorogimedence.hu\\\/index.php\\\/2022\\\/11\\\/30\\\/hamisan-vadolta-meg-a-ferjet\\\/\",\"name\":\"Hamisan v\u00e1dolta meg a f\u00e9rj\u00e9t\",\"isPartOf\":{\"@id\":\"https:\\\/\\\/dorogimedence.hu\\\/#website\"},\"datePublished\":\"2022-11-30T09:34:34+00:00\",\"dateModified\":\"2022-11-30T09:34:58+00:00\",\"breadcrumb\":{\"@id\":\"https:\\\/\\\/dorogimedence.hu\\\/index.php\\\/2022\\\/11\\\/30\\\/hamisan-vadolta-meg-a-ferjet\\\/#breadcrumb\"},\"inLanguage\":\"hu\",\"potentialAction\":[{\"@type\":\"ReadAction\",\"target\":[\"https:\\\/\\\/dorogimedence.hu\\\/index.php\\\/2022\\\/11\\\/30\\\/hamisan-vadolta-meg-a-ferjet\\\/\"]}]},{\"@type\":\"BreadcrumbList\",\"@id\":\"https:\\\/\\\/dorogimedence.hu\\\/index.php\\\/2022\\\/11\\\/30\\\/hamisan-vadolta-meg-a-ferjet\\\/#breadcrumb\",\"itemListElement\":[{\"@type\":\"ListItem\",\"position\":1,\"name\":\"Kezd\u0151lap\",\"item\":\"https:\\\/\\\/dorogimedence.hu\\\/\"},{\"@type\":\"ListItem\",\"position\":2,\"name\":\"Hamisan v\u00e1dolta meg a f\u00e9rj\u00e9t\"}]},{\"@type\":\"WebSite\",\"@id\":\"https:\\\/\\\/dorogimedence.hu\\\/#website\",\"url\":\"https:\\\/\\\/dorogimedence.hu\\\/\",\"name\":\"Dorogi-medence Region\u00e1lis H\u00edrport\u00e1l\",\"description\":\"Dorog, Keszt\u00f6lc, Le\u00e1nyv\u00e1r, Piliscs\u00e9v, Tokod, Tokodalt\u00e1r\u00f3, Csolnok, Esztergom-kertv\u00e1ros: h\u00edrek, programok\",\"publisher\":{\"@id\":\"https:\\\/\\\/dorogimedence.hu\\\/#organization\"},\"potentialAction\":[{\"@type\":\"SearchAction\",\"target\":{\"@type\":\"EntryPoint\",\"urlTemplate\":\"https:\\\/\\\/dorogimedence.hu\\\/?s={search_term_string}\"},\"query-input\":{\"@type\":\"PropertyValueSpecification\",\"valueRequired\":true,\"valueName\":\"search_term_string\"}}],\"inLanguage\":\"hu\"},{\"@type\":\"Organization\",\"@id\":\"https:\\\/\\\/dorogimedence.hu\\\/#organization\",\"name\":\"Dorogi-medence Region\u00e1lis H\u00edrport\u00e1l\",\"url\":\"https:\\\/\\\/dorogimedence.hu\\\/\",\"logo\":{\"@type\":\"ImageObject\",\"inLanguage\":\"hu\",\"@id\":\"https:\\\/\\\/dorogimedence.hu\\\/#\\\/schema\\\/logo\\\/image\\\/\",\"url\":\"https:\\\/\\\/dorogimedence.hu\\\/wp-content\\\/uploads\\\/2021\\\/04\\\/logo-feher-600.png\",\"contentUrl\":\"https:\\\/\\\/dorogimedence.hu\\\/wp-content\\\/uploads\\\/2021\\\/04\\\/logo-feher-600.png\",\"width\":600,\"height\":100,\"caption\":\"Dorogi-medence Region\u00e1lis H\u00edrport\u00e1l\"},\"image\":{\"@id\":\"https:\\\/\\\/dorogimedence.hu\\\/#\\\/schema\\\/logo\\\/image\\\/\"},\"sameAs\":[\"https:\\\/\\\/www.facebook.com\\\/dorogimedence\\\/\"]},{\"@type\":\"Person\",\"@id\":\"https:\\\/\\\/dorogimedence.hu\\\/#\\\/schema\\\/person\\\/ce6091eeb7e95ecdc87890d6aa8e0fd4\",\"name\":\"dorogimedence.hu\",\"image\":{\"@type\":\"ImageObject\",\"inLanguage\":\"hu\",\"@id\":\"\\\/\\\/www.gravatar.com\\\/avatar\\\/d8d45f8901aadff40a4af72c0b826f1d?s=96&#038;r=g&#038;d=mm\",\"url\":\"\\\/\\\/www.gravatar.com\\\/avatar\\\/d8d45f8901aadff40a4af72c0b826f1d?s=96&#038;r=g&#038;d=mm\",\"contentUrl\":\"\\\/\\\/www.gravatar.com\\\/avatar\\\/d8d45f8901aadff40a4af72c0b826f1d?s=96&#038;r=g&#038;d=mm\",\"caption\":\"dorogimedence.hu\"}}]}<\/script>\n<!-- \/ Yoast SEO plugin. -->","yoast_head_json":{"title":"Hamisan v\u00e1dolta meg a f\u00e9rj\u00e9t","robots":{"index":"index","follow":"follow","max-snippet":"max-snippet:-1","max-image-preview":"max-image-preview:large","max-video-preview":"max-video-preview:-1"},"canonical":"https:\/\/dorogimedence.hu\/index.php\/2022\/11\/30\/hamisan-vadolta-meg-a-ferjet\/","og_locale":"hu_HU","og_type":"article","og_title":"Hamisan v\u00e1dolta meg a f\u00e9rj\u00e9t","og_description":"Felf\u00fcggesztett szabads\u00e1gveszt\u00e9st szabhatnak ki a n\u0151vel szemben, aki azzal v\u00e1dolta meg a f\u00e9rj\u00e9t, hogy b\u00e1ntalmazta. Kider\u00fclt a n\u0151 az\u00e9rt tett feljelent\u00e9st az Esztergomi Rend\u0151rkapit\u00e1nys\u00e1gon, mert a f\u00e9rje el akarta hagyni \u0151t. A n\u0151 2022. janu\u00e1r 27-\u00e9n egy Esztergomhoz k\u00f6zeli telep\u00fcl\u00e9sen volt a hozz\u00e1tartoz\u00f3in\u00e1l, majd az Esztergomi Rend\u0151rkapit\u00e1nys\u00e1gon feljelent\u00e9st tett a f\u00e9rje ellen. A feljelent\u00e9sben a","og_url":"https:\/\/dorogimedence.hu\/index.php\/2022\/11\/30\/hamisan-vadolta-meg-a-ferjet\/","og_site_name":"Dorogi-medence Region\u00e1lis H\u00edrport\u00e1l","article_publisher":"https:\/\/www.facebook.com\/dorogimedence\/","article_published_time":"2022-11-30T09:34:34+00:00","article_modified_time":"2022-11-30T09:34:58+00:00","og_image":[{"width":830,"height":450,"url":"https:\/\/dorogimedence.hu\/wp-content\/uploads\/2020\/11\/birosag-05.jpg","type":"image\/jpeg"}],"author":"dorogimedence.hu","twitter_card":"summary_large_image","twitter_misc":{"Szerz\u0151:":"dorogimedence.hu","Becs\u00fclt olvas\u00e1si id\u0151":"2 perc"},"schema":{"@context":"https:\/\/schema.org","@graph":[{"@type":"Article","@id":"https:\/\/dorogimedence.hu\/index.php\/2022\/11\/30\/hamisan-vadolta-meg-a-ferjet\/#article","isPartOf":{"@id":"https:\/\/dorogimedence.hu\/index.php\/2022\/11\/30\/hamisan-vadolta-meg-a-ferjet\/"},"author":{"name":"dorogimedence.hu","@id":"https:\/\/dorogimedence.hu\/#\/schema\/person\/ce6091eeb7e95ecdc87890d6aa8e0fd4"},"headline":"Hamisan v\u00e1dolta meg a f\u00e9rj\u00e9t","datePublished":"2022-11-30T09:34:34+00:00","dateModified":"2022-11-30T09:34:58+00:00","mainEntityOfPage":{"@id":"https:\/\/dorogimedence.hu\/index.php\/2022\/11\/30\/hamisan-vadolta-meg-a-ferjet\/"},"wordCount":327,"publisher":{"@id":"https:\/\/dorogimedence.hu\/#organization"},"keywords":["b\u00edr\u00f3s\u00e1g","esztergom","hamis v\u00e1d","rend\u0151rs\u00e9gi h\u00edrek","\u00fcgy\u00e9szs\u00e9g"],"articleSection":["Esztergom","H\u00edrek","K\u00e9k h\u00edrek"],"inLanguage":"hu"},{"@type":"WebPage","@id":"https:\/\/dorogimedence.hu\/index.php\/2022\/11\/30\/hamisan-vadolta-meg-a-ferjet\/","url":"https:\/\/dorogimedence.hu\/index.php\/2022\/11\/30\/hamisan-vadolta-meg-a-ferjet\/","name":"Hamisan v\u00e1dolta meg a f\u00e9rj\u00e9t","isPartOf":{"@id":"https:\/\/dorogimedence.hu\/#website"},"datePublished":"2022-11-30T09:34:34+00:00","dateModified":"2022-11-30T09:34:58+00:00","breadcrumb":{"@id":"https:\/\/dorogimedence.hu\/index.php\/2022\/11\/30\/hamisan-vadolta-meg-a-ferjet\/#breadcrumb"},"inLanguage":"hu","potentialAction":[{"@type":"ReadAction","target":["https:\/\/dorogimedence.hu\/index.php\/2022\/11\/30\/hamisan-vadolta-meg-a-ferjet\/"]}]},{"@type":"BreadcrumbList","@id":"https:\/\/dorogimedence.hu\/index.php\/2022\/11\/30\/hamisan-vadolta-meg-a-ferjet\/#breadcrumb","itemListElement":[{"@type":"ListItem","position":1,"name":"Kezd\u0151lap","item":"https:\/\/dorogimedence.hu\/"},{"@type":"ListItem","position":2,"name":"Hamisan v\u00e1dolta meg a f\u00e9rj\u00e9t"}]},{"@type":"WebSite","@id":"https:\/\/dorogimedence.hu\/#website","url":"https:\/\/dorogimedence.hu\/","name":"Dorogi-medence Region\u00e1lis H\u00edrport\u00e1l","description":"Dorog, Keszt\u00f6lc, Le\u00e1nyv\u00e1r, Piliscs\u00e9v, Tokod, Tokodalt\u00e1r\u00f3, Csolnok, Esztergom-kertv\u00e1ros: h\u00edrek, programok","publisher":{"@id":"https:\/\/dorogimedence.hu\/#organization"},"potentialAction":[{"@type":"SearchAction","target":{"@type":"EntryPoint","urlTemplate":"https:\/\/dorogimedence.hu\/?s={search_term_string}"},"query-input":{"@type":"PropertyValueSpecification","valueRequired":true,"valueName":"search_term_string"}}],"inLanguage":"hu"},{"@type":"Organization","@id":"https:\/\/dorogimedence.hu\/#organization","name":"Dorogi-medence Region\u00e1lis H\u00edrport\u00e1l","url":"https:\/\/dorogimedence.hu\/","logo":{"@type":"ImageObject","inLanguage":"hu","@id":"https:\/\/dorogimedence.hu\/#\/schema\/logo\/image\/","url":"https:\/\/dorogimedence.hu\/wp-content\/uploads\/2021\/04\/logo-feher-600.png","contentUrl":"https:\/\/dorogimedence.hu\/wp-content\/uploads\/2021\/04\/logo-feher-600.png","width":600,"height":100,"caption":"Dorogi-medence Region\u00e1lis H\u00edrport\u00e1l"},"image":{"@id":"https:\/\/dorogimedence.hu\/#\/schema\/logo\/image\/"},"sameAs":["https:\/\/www.facebook.com\/dorogimedence\/"]},{"@type":"Person","@id":"https:\/\/dorogimedence.hu\/#\/schema\/person\/ce6091eeb7e95ecdc87890d6aa8e0fd4","name":"dorogimedence.hu","image":{"@type":"ImageObject","inLanguage":"hu","@id":"\/\/www.gravatar.com\/avatar\/d8d45f8901aadff40a4af72c0b826f1d?s=96&#038;r=g&#038;d=mm","url":"\/\/www.gravatar.com\/avatar\/d8d45f8901aadff40a4af72c0b826f1d?s=96&#038;r=g&#038;d=mm","contentUrl":"\/\/www.gravatar.com\/avatar\/d8d45f8901aadff40a4af72c0b826f1d?s=96&#038;r=g&#038;d=mm","caption":"dorogimedence.hu"}}]}},"_links":{"self":[{"href":"https:\/\/dorogimedence.hu\/index.php\/wp-json\/wp\/v2\/posts\/48396","targetHints":{"allow":["GET"]}}],"collection":[{"href":"https:\/\/dorogimedence.hu\/index.php\/wp-json\/wp\/v2\/posts"}],"about":[{"href":"https:\/\/dorogimedence.hu\/index.php\/wp-json\/wp\/v2\/types\/post"}],"author":[{"embeddable":true,"href":"https:\/\/dorogimedence.hu\/index.php\/wp-json\/wp\/v2\/users\/1"}],"replies":[{"embeddable":true,"href":"https:\/\/dorogimedence.hu\/index.php\/wp-json\/wp\/v2\/comments?post=48396"}],"version-history":[{"count":0,"href":"https:\/\/dorogimedence.hu\/index.php\/wp-json\/wp\/v2\/posts\/48396\/revisions"}],"wp:attachment":[{"href":"https:\/\/dorogimedence.hu\/index.php\/wp-json\/wp\/v2\/media?parent=48396"}],"wp:term":[{"taxonomy":"category","embeddable":true,"href":"https:\/\/dorogimedence.hu\/index.php\/wp-json\/wp\/v2\/categories?post=48396"},{"taxonomy":"post_tag","embeddable":true,"href":"https:\/\/dorogimedence.hu\/index.php\/wp-json\/wp\/v2\/tags?post=48396"}],"curies":[{"name":"wp","href":"https:\/\/api.w.org\/{rel}","templated":true}]}}