{"id":4835,"date":"2017-08-03T06:50:05","date_gmt":"2017-08-03T04:50:05","guid":{"rendered":"http:\/\/dorogimedence.hu\/?p=4835"},"modified":"2017-08-03T06:50:05","modified_gmt":"2017-08-03T04:50:05","slug":"mammografias-szurovizsgalat-esztergomban","status":"publish","type":"post","link":"https:\/\/dorogimedence.hu\/index.php\/2017\/08\/03\/mammografias-szurovizsgalat-esztergomban\/","title":{"rendered":"Mammogr\u00e1fi\u00e1s sz\u0171r\u0151vizsg\u00e1lat Esztergomban"},"content":{"rendered":"<p><strong>Azok az Esztergom telep\u00fcl\u00e9sen lak\u00f3 45-65 \u00e9v k\u00f6z\u00f6tti h\u00f6lgyek, akik az elm\u00falt k\u00e9t esztend\u0151ben nem vettek r\u00e9szt mammogr\u00e1fi\u00e1s vizsg\u00e1laton, 2017. augusztus-szeptember h\u00f3napban n\u00e9vre sz\u00f3l\u00f3 megh\u00edv\u00f3t kapnak mammogr\u00e1fi\u00e1s sz\u0171r\u0151vizsg\u00e1latra.<\/strong><\/p>\n<div class=\"a-lead\">A vizsg\u00e1lat id\u0151pontja: 2017. szeptember 8-22. k\u00f6z\u00f6tt a beh\u00edv\u00f3lev\u00e9len megadott id\u0151pontban. A vizsg\u00e1lat a Vaszary Kolos K\u00f3rh\u00e1z udvar\u00e1n parkol\u00f3 sz\u0171r\u0151buszon t\u00f6rt\u00e9nik. T\u00f6r\u0151dj\u00fcnk eg\u00e9szs\u00e9g\u00fcnkkel \u00e9s vegy\u00fcnk r\u00e9szt a sz\u0171r\u0151vizsg\u00e1laton!<\/p>\n<div class=\"clear\"><\/div>\n<\/div>\n<div class=\"article-body\">\n<p>Az eml\u0151r\u00e1k haz\u00e1nkban is a n\u0151ket \u00e9rint\u0151 leggyakoribb daganatos megbeteged\u00e9s, amely \u00e9vente 2500 n\u0151 hal\u00e1l\u00e1t okozza \u00e9s becsl\u00e9sek szerint 6000 \u00faj esetet diagnosztiz\u00e1lnak.<\/p>\n<p>A betegs\u00e9g id\u0151ben t\u00f6rt\u00e9n\u0151 felismer\u00e9se 75%-kal n\u00f6velheti a betegek t\u00fal\u00e9l\u00e9si es\u00e9lyeit, ebben pedig az eml\u0151r\u00e1kkal kapcsolatos ismeretek ny\u00fajthatnak seg\u00edts\u00e9get.<\/p>\n<p>Amennyiben k\u00e9rd\u00e9s mer\u00fcl fel tov\u00e1bbi inform\u00e1ci\u00f3k\u00e9rt\u00a0a Kom\u00e1rom-Esztergom Megyei Korm\u00e1nyhivatal\u00a0N\u00e9peg\u00e9szs\u00e9g\u00fcgyi F\u0151oszt\u00e1lya h\u00edvhat\u00f3 a\u00a006-34\/795-854-es telefonsz\u00e1mon.<\/p>\n<p><em>Forr\u00e1s: esztergom.hu<\/em><\/p>\n<\/div>\n","protected":false},"excerpt":{"rendered":"<p>Azok az Esztergom telep\u00fcl\u00e9sen lak\u00f3 45-65 \u00e9v k\u00f6z\u00f6tti h\u00f6lgyek, akik az elm\u00falt k\u00e9t esztend\u0151ben nem vettek r\u00e9szt mammogr\u00e1fi\u00e1s vizsg\u00e1laton, 2017. augusztus-szeptember h\u00f3napban n\u00e9vre sz\u00f3l\u00f3 megh\u00edv\u00f3t kapnak mammogr\u00e1fi\u00e1s sz\u0171r\u0151vizsg\u00e1latra. A vizsg\u00e1lat id\u0151pontja: 2017. szeptember 8-22. k\u00f6z\u00f6tt a beh\u00edv\u00f3lev\u00e9len megadott id\u0151pontban. A vizsg\u00e1lat a Vaszary Kolos K\u00f3rh\u00e1z udvar\u00e1n parkol\u00f3 sz\u0171r\u0151buszon t\u00f6rt\u00e9nik. T\u00f6r\u0151dj\u00fcnk eg\u00e9szs\u00e9g\u00fcnkkel \u00e9s vegy\u00fcnk r\u00e9szt a<\/p>\n","protected":false},"author":1,"featured_media":4836,"comment_status":"closed","ping_status":"closed","sticky":false,"template":"","format":"standard","meta":{"ngg_post_thumbnail":0,"footnotes":""},"categories":[38,3],"tags":[42,1351,1352],"class_list":{"0":"post-4835","1":"post","2":"type-post","3":"status-publish","4":"format-standard","5":"has-post-thumbnail","7":"category-esztergom","8":"category-hirek","9":"tag-esztergom","10":"tag-mammografia","11":"tag-szurovizsgalat"},"yoast_head":"<!-- This site is optimized with the Yoast SEO plugin v27.5 - https:\/\/yoast.com\/product\/yoast-seo-wordpress\/ -->\n<title>Mammogr\u00e1fi\u00e1s sz\u0171r\u0151vizsg\u00e1lat Esztergomban<\/title>\n<meta name=\"robots\" content=\"index, follow, max-snippet:-1, max-image-preview:large, max-video-preview:-1\" \/>\n<link rel=\"canonical\" href=\"https:\/\/dorogimedence.hu\/index.php\/2017\/08\/03\/mammografias-szurovizsgalat-esztergomban\/\" class=\"yoast-seo-meta-tag\" \/>\n<meta property=\"og:locale\" content=\"hu_HU\" class=\"yoast-seo-meta-tag\" \/>\n<meta property=\"og:type\" content=\"article\" class=\"yoast-seo-meta-tag\" \/>\n<meta property=\"og:title\" content=\"Mammogr\u00e1fi\u00e1s sz\u0171r\u0151vizsg\u00e1lat Esztergomban\" class=\"yoast-seo-meta-tag\" \/>\n<meta property=\"og:description\" content=\"Azok az Esztergom telep\u00fcl\u00e9sen lak\u00f3 45-65 \u00e9v k\u00f6z\u00f6tti h\u00f6lgyek, akik az elm\u00falt k\u00e9t esztend\u0151ben nem vettek r\u00e9szt mammogr\u00e1fi\u00e1s vizsg\u00e1laton, 2017. augusztus-szeptember h\u00f3napban n\u00e9vre sz\u00f3l\u00f3 megh\u00edv\u00f3t kapnak mammogr\u00e1fi\u00e1s sz\u0171r\u0151vizsg\u00e1latra. A vizsg\u00e1lat id\u0151pontja: 2017. szeptember 8-22. k\u00f6z\u00f6tt a beh\u00edv\u00f3lev\u00e9len megadott id\u0151pontban. A vizsg\u00e1lat a Vaszary Kolos K\u00f3rh\u00e1z udvar\u00e1n parkol\u00f3 sz\u0171r\u0151buszon t\u00f6rt\u00e9nik. T\u00f6r\u0151dj\u00fcnk eg\u00e9szs\u00e9g\u00fcnkkel \u00e9s vegy\u00fcnk r\u00e9szt a\" class=\"yoast-seo-meta-tag\" \/>\n<meta property=\"og:url\" content=\"https:\/\/dorogimedence.hu\/index.php\/2017\/08\/03\/mammografias-szurovizsgalat-esztergomban\/\" class=\"yoast-seo-meta-tag\" \/>\n<meta property=\"og:site_name\" content=\"Dorogi-medence Region\u00e1lis H\u00edrport\u00e1l\" class=\"yoast-seo-meta-tag\" \/>\n<meta property=\"article:publisher\" content=\"https:\/\/www.facebook.com\/dorogimedence\/\" class=\"yoast-seo-meta-tag\" \/>\n<meta property=\"article:published_time\" content=\"2017-08-03T04:50:05+00:00\" class=\"yoast-seo-meta-tag\" \/>\n<meta property=\"og:image\" content=\"https:\/\/i0.wp.com\/dorogimedence.hu\/wp-content\/uploads\/2017\/08\/mammografia-01.jpg?fit=670%2C365&ssl=1\" class=\"yoast-seo-meta-tag\" \/>\n\t<meta property=\"og:image:width\" content=\"670\" class=\"yoast-seo-meta-tag\" \/>\n\t<meta property=\"og:image:height\" content=\"365\" class=\"yoast-seo-meta-tag\" \/>\n\t<meta property=\"og:image:type\" content=\"image\/jpeg\" class=\"yoast-seo-meta-tag\" \/>\n<meta name=\"author\" content=\"dorogimedence.hu\" class=\"yoast-seo-meta-tag\" \/>\n<meta name=\"twitter:card\" content=\"summary_large_image\" class=\"yoast-seo-meta-tag\" \/>\n<meta name=\"twitter:label1\" content=\"Szerz\u0151:\" class=\"yoast-seo-meta-tag\" \/>\n\t<meta name=\"twitter:data1\" content=\"dorogimedence.hu\" class=\"yoast-seo-meta-tag\" \/>\n\t<meta name=\"twitter:label2\" content=\"Becs\u00fclt olvas\u00e1si id\u0151\" class=\"yoast-seo-meta-tag\" \/>\n\t<meta name=\"twitter:data2\" content=\"1 perc\" class=\"yoast-seo-meta-tag\" \/>\n<script type=\"application\/ld+json\" class=\"yoast-schema-graph\">{\"@context\":\"https:\\\/\\\/schema.org\",\"@graph\":[{\"@type\":\"Article\",\"@id\":\"https:\\\/\\\/dorogimedence.hu\\\/index.php\\\/2017\\\/08\\\/03\\\/mammografias-szurovizsgalat-esztergomban\\\/#article\",\"isPartOf\":{\"@id\":\"https:\\\/\\\/dorogimedence.hu\\\/index.php\\\/2017\\\/08\\\/03\\\/mammografias-szurovizsgalat-esztergomban\\\/\"},\"author\":{\"name\":\"dorogimedence.hu\",\"@id\":\"https:\\\/\\\/dorogimedence.hu\\\/#\\\/schema\\\/person\\\/ce6091eeb7e95ecdc87890d6aa8e0fd4\"},\"headline\":\"Mammogr\u00e1fi\u00e1s sz\u0171r\u0151vizsg\u00e1lat Esztergomban\",\"datePublished\":\"2017-08-03T04:50:05+00:00\",\"mainEntityOfPage\":{\"@id\":\"https:\\\/\\\/dorogimedence.hu\\\/index.php\\\/2017\\\/08\\\/03\\\/mammografias-szurovizsgalat-esztergomban\\\/\"},\"wordCount\":214,\"publisher\":{\"@id\":\"https:\\\/\\\/dorogimedence.hu\\\/#organization\"},\"image\":{\"@id\":\"https:\\\/\\\/dorogimedence.hu\\\/index.php\\\/2017\\\/08\\\/03\\\/mammografias-szurovizsgalat-esztergomban\\\/#primaryimage\"},\"thumbnailUrl\":\"https:\\\/\\\/dorogimedence.hu\\\/wp-content\\\/uploads\\\/2017\\\/08\\\/mammografia-01.jpg\",\"keywords\":[\"esztergom\",\"mammogr\u00e1fia\",\"sz\u0171r\u0151vizsg\u00e1lat\"],\"articleSection\":[\"Esztergom\",\"H\u00edrek\"],\"inLanguage\":\"hu\"},{\"@type\":\"WebPage\",\"@id\":\"https:\\\/\\\/dorogimedence.hu\\\/index.php\\\/2017\\\/08\\\/03\\\/mammografias-szurovizsgalat-esztergomban\\\/\",\"url\":\"https:\\\/\\\/dorogimedence.hu\\\/index.php\\\/2017\\\/08\\\/03\\\/mammografias-szurovizsgalat-esztergomban\\\/\",\"name\":\"Mammogr\u00e1fi\u00e1s sz\u0171r\u0151vizsg\u00e1lat Esztergomban\",\"isPartOf\":{\"@id\":\"https:\\\/\\\/dorogimedence.hu\\\/#website\"},\"primaryImageOfPage\":{\"@id\":\"https:\\\/\\\/dorogimedence.hu\\\/index.php\\\/2017\\\/08\\\/03\\\/mammografias-szurovizsgalat-esztergomban\\\/#primaryimage\"},\"image\":{\"@id\":\"https:\\\/\\\/dorogimedence.hu\\\/index.php\\\/2017\\\/08\\\/03\\\/mammografias-szurovizsgalat-esztergomban\\\/#primaryimage\"},\"thumbnailUrl\":\"https:\\\/\\\/dorogimedence.hu\\\/wp-content\\\/uploads\\\/2017\\\/08\\\/mammografia-01.jpg\",\"datePublished\":\"2017-08-03T04:50:05+00:00\",\"breadcrumb\":{\"@id\":\"https:\\\/\\\/dorogimedence.hu\\\/index.php\\\/2017\\\/08\\\/03\\\/mammografias-szurovizsgalat-esztergomban\\\/#breadcrumb\"},\"inLanguage\":\"hu\",\"potentialAction\":[{\"@type\":\"ReadAction\",\"target\":[\"https:\\\/\\\/dorogimedence.hu\\\/index.php\\\/2017\\\/08\\\/03\\\/mammografias-szurovizsgalat-esztergomban\\\/\"]}]},{\"@type\":\"ImageObject\",\"inLanguage\":\"hu\",\"@id\":\"https:\\\/\\\/dorogimedence.hu\\\/index.php\\\/2017\\\/08\\\/03\\\/mammografias-szurovizsgalat-esztergomban\\\/#primaryimage\",\"url\":\"https:\\\/\\\/dorogimedence.hu\\\/wp-content\\\/uploads\\\/2017\\\/08\\\/mammografia-01.jpg\",\"contentUrl\":\"https:\\\/\\\/dorogimedence.hu\\\/wp-content\\\/uploads\\\/2017\\\/08\\\/mammografia-01.jpg\",\"width\":670,\"height\":365},{\"@type\":\"BreadcrumbList\",\"@id\":\"https:\\\/\\\/dorogimedence.hu\\\/index.php\\\/2017\\\/08\\\/03\\\/mammografias-szurovizsgalat-esztergomban\\\/#breadcrumb\",\"itemListElement\":[{\"@type\":\"ListItem\",\"position\":1,\"name\":\"Kezd\u0151lap\",\"item\":\"https:\\\/\\\/dorogimedence.hu\\\/\"},{\"@type\":\"ListItem\",\"position\":2,\"name\":\"Mammogr\u00e1fi\u00e1s sz\u0171r\u0151vizsg\u00e1lat Esztergomban\"}]},{\"@type\":\"WebSite\",\"@id\":\"https:\\\/\\\/dorogimedence.hu\\\/#website\",\"url\":\"https:\\\/\\\/dorogimedence.hu\\\/\",\"name\":\"Dorogi-medence Region\u00e1lis H\u00edrport\u00e1l\",\"description\":\"Dorog, Keszt\u00f6lc, Le\u00e1nyv\u00e1r, Piliscs\u00e9v, Tokod, Tokodalt\u00e1r\u00f3, Csolnok, Esztergom-kertv\u00e1ros: h\u00edrek, programok\",\"publisher\":{\"@id\":\"https:\\\/\\\/dorogimedence.hu\\\/#organization\"},\"potentialAction\":[{\"@type\":\"SearchAction\",\"target\":{\"@type\":\"EntryPoint\",\"urlTemplate\":\"https:\\\/\\\/dorogimedence.hu\\\/?s={search_term_string}\"},\"query-input\":{\"@type\":\"PropertyValueSpecification\",\"valueRequired\":true,\"valueName\":\"search_term_string\"}}],\"inLanguage\":\"hu\"},{\"@type\":\"Organization\",\"@id\":\"https:\\\/\\\/dorogimedence.hu\\\/#organization\",\"name\":\"Dorogi-medence Region\u00e1lis H\u00edrport\u00e1l\",\"url\":\"https:\\\/\\\/dorogimedence.hu\\\/\",\"logo\":{\"@type\":\"ImageObject\",\"inLanguage\":\"hu\",\"@id\":\"https:\\\/\\\/dorogimedence.hu\\\/#\\\/schema\\\/logo\\\/image\\\/\",\"url\":\"https:\\\/\\\/dorogimedence.hu\\\/wp-content\\\/uploads\\\/2021\\\/04\\\/logo-feher-600.png\",\"contentUrl\":\"https:\\\/\\\/dorogimedence.hu\\\/wp-content\\\/uploads\\\/2021\\\/04\\\/logo-feher-600.png\",\"width\":600,\"height\":100,\"caption\":\"Dorogi-medence Region\u00e1lis H\u00edrport\u00e1l\"},\"image\":{\"@id\":\"https:\\\/\\\/dorogimedence.hu\\\/#\\\/schema\\\/logo\\\/image\\\/\"},\"sameAs\":[\"https:\\\/\\\/www.facebook.com\\\/dorogimedence\\\/\"]},{\"@type\":\"Person\",\"@id\":\"https:\\\/\\\/dorogimedence.hu\\\/#\\\/schema\\\/person\\\/ce6091eeb7e95ecdc87890d6aa8e0fd4\",\"name\":\"dorogimedence.hu\",\"image\":{\"@type\":\"ImageObject\",\"inLanguage\":\"hu\",\"@id\":\"\\\/\\\/www.gravatar.com\\\/avatar\\\/d8d45f8901aadff40a4af72c0b826f1d?s=96&#038;r=g&#038;d=mm\",\"url\":\"\\\/\\\/www.gravatar.com\\\/avatar\\\/d8d45f8901aadff40a4af72c0b826f1d?s=96&#038;r=g&#038;d=mm\",\"contentUrl\":\"\\\/\\\/www.gravatar.com\\\/avatar\\\/d8d45f8901aadff40a4af72c0b826f1d?s=96&#038;r=g&#038;d=mm\",\"caption\":\"dorogimedence.hu\"}}]}<\/script>\n<!-- \/ Yoast SEO plugin. -->","yoast_head_json":{"title":"Mammogr\u00e1fi\u00e1s sz\u0171r\u0151vizsg\u00e1lat Esztergomban","robots":{"index":"index","follow":"follow","max-snippet":"max-snippet:-1","max-image-preview":"max-image-preview:large","max-video-preview":"max-video-preview:-1"},"canonical":"https:\/\/dorogimedence.hu\/index.php\/2017\/08\/03\/mammografias-szurovizsgalat-esztergomban\/","og_locale":"hu_HU","og_type":"article","og_title":"Mammogr\u00e1fi\u00e1s sz\u0171r\u0151vizsg\u00e1lat Esztergomban","og_description":"Azok az Esztergom telep\u00fcl\u00e9sen lak\u00f3 45-65 \u00e9v k\u00f6z\u00f6tti h\u00f6lgyek, akik az elm\u00falt k\u00e9t esztend\u0151ben nem vettek r\u00e9szt mammogr\u00e1fi\u00e1s vizsg\u00e1laton, 2017. augusztus-szeptember h\u00f3napban n\u00e9vre sz\u00f3l\u00f3 megh\u00edv\u00f3t kapnak mammogr\u00e1fi\u00e1s sz\u0171r\u0151vizsg\u00e1latra. A vizsg\u00e1lat id\u0151pontja: 2017. szeptember 8-22. k\u00f6z\u00f6tt a beh\u00edv\u00f3lev\u00e9len megadott id\u0151pontban. A vizsg\u00e1lat a Vaszary Kolos K\u00f3rh\u00e1z udvar\u00e1n parkol\u00f3 sz\u0171r\u0151buszon t\u00f6rt\u00e9nik. T\u00f6r\u0151dj\u00fcnk eg\u00e9szs\u00e9g\u00fcnkkel \u00e9s vegy\u00fcnk r\u00e9szt a","og_url":"https:\/\/dorogimedence.hu\/index.php\/2017\/08\/03\/mammografias-szurovizsgalat-esztergomban\/","og_site_name":"Dorogi-medence Region\u00e1lis H\u00edrport\u00e1l","article_publisher":"https:\/\/www.facebook.com\/dorogimedence\/","article_published_time":"2017-08-03T04:50:05+00:00","og_image":[{"width":670,"height":365,"url":"https:\/\/i0.wp.com\/dorogimedence.hu\/wp-content\/uploads\/2017\/08\/mammografia-01.jpg?fit=670%2C365&ssl=1","type":"image\/jpeg"}],"author":"dorogimedence.hu","twitter_card":"summary_large_image","twitter_misc":{"Szerz\u0151:":"dorogimedence.hu","Becs\u00fclt olvas\u00e1si id\u0151":"1 perc"},"schema":{"@context":"https:\/\/schema.org","@graph":[{"@type":"Article","@id":"https:\/\/dorogimedence.hu\/index.php\/2017\/08\/03\/mammografias-szurovizsgalat-esztergomban\/#article","isPartOf":{"@id":"https:\/\/dorogimedence.hu\/index.php\/2017\/08\/03\/mammografias-szurovizsgalat-esztergomban\/"},"author":{"name":"dorogimedence.hu","@id":"https:\/\/dorogimedence.hu\/#\/schema\/person\/ce6091eeb7e95ecdc87890d6aa8e0fd4"},"headline":"Mammogr\u00e1fi\u00e1s sz\u0171r\u0151vizsg\u00e1lat Esztergomban","datePublished":"2017-08-03T04:50:05+00:00","mainEntityOfPage":{"@id":"https:\/\/dorogimedence.hu\/index.php\/2017\/08\/03\/mammografias-szurovizsgalat-esztergomban\/"},"wordCount":214,"publisher":{"@id":"https:\/\/dorogimedence.hu\/#organization"},"image":{"@id":"https:\/\/dorogimedence.hu\/index.php\/2017\/08\/03\/mammografias-szurovizsgalat-esztergomban\/#primaryimage"},"thumbnailUrl":"https:\/\/dorogimedence.hu\/wp-content\/uploads\/2017\/08\/mammografia-01.jpg","keywords":["esztergom","mammogr\u00e1fia","sz\u0171r\u0151vizsg\u00e1lat"],"articleSection":["Esztergom","H\u00edrek"],"inLanguage":"hu"},{"@type":"WebPage","@id":"https:\/\/dorogimedence.hu\/index.php\/2017\/08\/03\/mammografias-szurovizsgalat-esztergomban\/","url":"https:\/\/dorogimedence.hu\/index.php\/2017\/08\/03\/mammografias-szurovizsgalat-esztergomban\/","name":"Mammogr\u00e1fi\u00e1s sz\u0171r\u0151vizsg\u00e1lat Esztergomban","isPartOf":{"@id":"https:\/\/dorogimedence.hu\/#website"},"primaryImageOfPage":{"@id":"https:\/\/dorogimedence.hu\/index.php\/2017\/08\/03\/mammografias-szurovizsgalat-esztergomban\/#primaryimage"},"image":{"@id":"https:\/\/dorogimedence.hu\/index.php\/2017\/08\/03\/mammografias-szurovizsgalat-esztergomban\/#primaryimage"},"thumbnailUrl":"https:\/\/dorogimedence.hu\/wp-content\/uploads\/2017\/08\/mammografia-01.jpg","datePublished":"2017-08-03T04:50:05+00:00","breadcrumb":{"@id":"https:\/\/dorogimedence.hu\/index.php\/2017\/08\/03\/mammografias-szurovizsgalat-esztergomban\/#breadcrumb"},"inLanguage":"hu","potentialAction":[{"@type":"ReadAction","target":["https:\/\/dorogimedence.hu\/index.php\/2017\/08\/03\/mammografias-szurovizsgalat-esztergomban\/"]}]},{"@type":"ImageObject","inLanguage":"hu","@id":"https:\/\/dorogimedence.hu\/index.php\/2017\/08\/03\/mammografias-szurovizsgalat-esztergomban\/#primaryimage","url":"https:\/\/dorogimedence.hu\/wp-content\/uploads\/2017\/08\/mammografia-01.jpg","contentUrl":"https:\/\/dorogimedence.hu\/wp-content\/uploads\/2017\/08\/mammografia-01.jpg","width":670,"height":365},{"@type":"BreadcrumbList","@id":"https:\/\/dorogimedence.hu\/index.php\/2017\/08\/03\/mammografias-szurovizsgalat-esztergomban\/#breadcrumb","itemListElement":[{"@type":"ListItem","position":1,"name":"Kezd\u0151lap","item":"https:\/\/dorogimedence.hu\/"},{"@type":"ListItem","position":2,"name":"Mammogr\u00e1fi\u00e1s sz\u0171r\u0151vizsg\u00e1lat Esztergomban"}]},{"@type":"WebSite","@id":"https:\/\/dorogimedence.hu\/#website","url":"https:\/\/dorogimedence.hu\/","name":"Dorogi-medence Region\u00e1lis H\u00edrport\u00e1l","description":"Dorog, Keszt\u00f6lc, Le\u00e1nyv\u00e1r, Piliscs\u00e9v, Tokod, Tokodalt\u00e1r\u00f3, Csolnok, Esztergom-kertv\u00e1ros: h\u00edrek, programok","publisher":{"@id":"https:\/\/dorogimedence.hu\/#organization"},"potentialAction":[{"@type":"SearchAction","target":{"@type":"EntryPoint","urlTemplate":"https:\/\/dorogimedence.hu\/?s={search_term_string}"},"query-input":{"@type":"PropertyValueSpecification","valueRequired":true,"valueName":"search_term_string"}}],"inLanguage":"hu"},{"@type":"Organization","@id":"https:\/\/dorogimedence.hu\/#organization","name":"Dorogi-medence Region\u00e1lis H\u00edrport\u00e1l","url":"https:\/\/dorogimedence.hu\/","logo":{"@type":"ImageObject","inLanguage":"hu","@id":"https:\/\/dorogimedence.hu\/#\/schema\/logo\/image\/","url":"https:\/\/dorogimedence.hu\/wp-content\/uploads\/2021\/04\/logo-feher-600.png","contentUrl":"https:\/\/dorogimedence.hu\/wp-content\/uploads\/2021\/04\/logo-feher-600.png","width":600,"height":100,"caption":"Dorogi-medence Region\u00e1lis H\u00edrport\u00e1l"},"image":{"@id":"https:\/\/dorogimedence.hu\/#\/schema\/logo\/image\/"},"sameAs":["https:\/\/www.facebook.com\/dorogimedence\/"]},{"@type":"Person","@id":"https:\/\/dorogimedence.hu\/#\/schema\/person\/ce6091eeb7e95ecdc87890d6aa8e0fd4","name":"dorogimedence.hu","image":{"@type":"ImageObject","inLanguage":"hu","@id":"\/\/www.gravatar.com\/avatar\/d8d45f8901aadff40a4af72c0b826f1d?s=96&#038;r=g&#038;d=mm","url":"\/\/www.gravatar.com\/avatar\/d8d45f8901aadff40a4af72c0b826f1d?s=96&#038;r=g&#038;d=mm","contentUrl":"\/\/www.gravatar.com\/avatar\/d8d45f8901aadff40a4af72c0b826f1d?s=96&#038;r=g&#038;d=mm","caption":"dorogimedence.hu"}}]}},"_links":{"self":[{"href":"https:\/\/dorogimedence.hu\/index.php\/wp-json\/wp\/v2\/posts\/4835","targetHints":{"allow":["GET"]}}],"collection":[{"href":"https:\/\/dorogimedence.hu\/index.php\/wp-json\/wp\/v2\/posts"}],"about":[{"href":"https:\/\/dorogimedence.hu\/index.php\/wp-json\/wp\/v2\/types\/post"}],"author":[{"embeddable":true,"href":"https:\/\/dorogimedence.hu\/index.php\/wp-json\/wp\/v2\/users\/1"}],"replies":[{"embeddable":true,"href":"https:\/\/dorogimedence.hu\/index.php\/wp-json\/wp\/v2\/comments?post=4835"}],"version-history":[{"count":0,"href":"https:\/\/dorogimedence.hu\/index.php\/wp-json\/wp\/v2\/posts\/4835\/revisions"}],"wp:featuredmedia":[{"embeddable":true,"href":"https:\/\/dorogimedence.hu\/index.php\/wp-json\/wp\/v2\/media\/4836"}],"wp:attachment":[{"href":"https:\/\/dorogimedence.hu\/index.php\/wp-json\/wp\/v2\/media?parent=4835"}],"wp:term":[{"taxonomy":"category","embeddable":true,"href":"https:\/\/dorogimedence.hu\/index.php\/wp-json\/wp\/v2\/categories?post=4835"},{"taxonomy":"post_tag","embeddable":true,"href":"https:\/\/dorogimedence.hu\/index.php\/wp-json\/wp\/v2\/tags?post=4835"}],"curies":[{"name":"wp","href":"https:\/\/api.w.org\/{rel}","templated":true}]}}