{"id":48318,"date":"2022-11-28T09:41:53","date_gmt":"2022-11-28T08:41:53","guid":{"rendered":"https:\/\/dorogimedence.hu\/?p=48318"},"modified":"2022-11-28T09:42:03","modified_gmt":"2022-11-28T08:42:03","slug":"i-esztergomi-angyaljatek-a-szechenyi-teren","status":"publish","type":"post","link":"https:\/\/dorogimedence.hu\/index.php\/2022\/11\/28\/i-esztergomi-angyaljatek-a-szechenyi-teren\/","title":{"rendered":"I. Esztergomi Angyalj\u00e1t\u00e9k a Sz\u00e9chenyi t\u00e9ren"},"content":{"rendered":"<p><strong>December 3-\u00e1n, szombaton 18 \u00f3rakor a Babits Mih\u00e1ly Sz\u00ednh\u00e1z \u00e9s az Esztergomi Turisztikai Nonprofit Kft. k\u00f6z\u00f6s szervez\u00e9s\u00e9ben val\u00f3sul meg az I. Esztergomi Angyalj\u00e1t\u00e9k, a Sz\u00e9chenyi t\u00e9ren, a V\u00e1rosh\u00e1za el\u0151tt.<\/strong><\/p>\n<p>A n\u00e9metorsz\u00e1gi Augsburgban m\u00e1r t\u00f6bb mint 500 \u00e9ve rendeznek kar\u00e1csonyi v\u00e1s\u00e1rt az adventi id\u0151szakban. A v\u00e1s\u00e1r legh\u00edresebb l\u00e1tv\u00e1nyoss\u00e1ga 1977 \u00f3ta a vil\u00e1gszinten is egyed\u00fcl\u00e1ll\u00f3 Augsburgi Angyalj\u00e1t\u00e9k, mikor is 23 zen\u00e9l\u0151 angyal jelenik meg az Elias Holl \u00e1ltal tervezett renen\u00e1nsz v\u00e1rosh\u00e1za ablakaiban \u00e9s erk\u00e9ly\u00e9n, majd ereszkednek le a v\u00e1rosh\u00e1za f\u0151kapuja el\u00e9.<\/p>\n<p>Id\u00e9n adventkor \u2013 hagyom\u00e1nyteremt\u0151 c\u00e9llal \u2013 az Esztergomi Turisztikai Nonprofit Kft. \u00e9s a Babits Mih\u00e1ly Sz\u00ednh\u00e1z k\u00f6z\u00f6sen rendezi meg az I. Esztergomi Angyalj\u00e1t\u00e9kot k\u00f6zel 50 k\u00f6zrem\u0171k\u00f6d\u0151vel \u00e9s seg\u00edt\u0151vel. Ak\u00e1rcsak Augsburgban, itt is a v\u00e1rosh\u00e1za ablakaiban \u00e9s erk\u00e9ly\u00e9n jelennek meg az angyalok. \u00daj elemk\u00e9nt a v\u00e1rosh\u00e1za el\u0151tt foglal helyett a zenekar \u00e9s a k\u00f3rusok, akik a zenei szolg\u00e1latot biztos\u00edtj\u00e1k. Advent n\u00e9gy vas\u00e1rnapj\u00e1t szimboliz\u00e1lva n\u00e9gy zenei t\u00e9telt hallhat a k\u00f6z\u00f6ns\u00e9g: az els\u0151 h\u00e1rmat a k\u00f3rusok k\u00fcl\u00f6n-k\u00fcl\u00f6n \u00e9neklik, m\u00edg a negyediket m\u00e1r k\u00f6z\u00f6sen adj\u00e1k el\u0151, \u00edgy v\u00e1lik kerek eg\u00e9ssz\u00e9 a dal. A zenei sz\u00fcnetekben adventi versek hangoznak fel V\u00f6r\u00f6s Istv\u00e1n J\u00f3zsef Attila-d\u00edjas k\u00f6lt\u0151 toll\u00e1b\u00f3l, a Babits Sz\u00ednh\u00e1z sz\u00ednm\u0171v\u00e9szeinek tolm\u00e1csol\u00e1s\u00e1ban. Az angyalj\u00e1t\u00e9k zen\u00e9je \u00c1goston M\u00e1t\u00e9 \u00e9s \u00c1goston Petra m\u0171ve, a jelmezeket Kov\u00e1cs Klaudia, m\u00edg a log\u00f3t Farkas M\u00e1ri\u00f3 tervezte.<\/p>\n<p>Az Esztergomi Angyalj\u00e1t\u00e9k, a szervez\u0151k rem\u00e9nyei szerint, val\u00f3di \u00f6sszm\u0171v\u00e9szeti alkot\u00e1ss\u00e1 tud v\u00e1lni, ami az adventi k\u00e9sz\u00fclet r\u00e9sz\u00e9v\u00e9 v\u00e1lik Esztergomban.<\/p>\n<p><strong>Versek:<\/strong> V\u00f6r\u00f6s Istv\u00e1n J\u00f3zsef Attila-d\u00edjas k\u00f6lt\u0151<\/p>\n<p><strong>Zene:<\/strong> \u00c1goston M\u00e1t\u00e9 \u00e9s \u00c1goston Petra<\/p>\n<p><strong>K\u00f6zrem\u0171k\u00f6dik:<\/strong><\/p>\n<ul>\n<li>Babits Brass Band (vez\u00e9nyel: \u00c1goston M\u00e1t\u00e9)<\/li>\n<li>Balassa B\u00e1lint Vegyeskar (vez\u00e9nyel: Udvardyn\u00e9 P\u00e1sztor \u00c1gnes),<\/li>\n<li>Cseke Brigitta, Maronka Csilla, \u00d6ller Roland, Sz\u00e1nt\u00f3-Szalk\u00e1ri R\u00e9ka, Szondi P\u00e9ter, T\u00f3th J\u00e1nos Gergely sz\u00ednm\u0171v\u00e9szek<\/li>\n<li>Mindszenty J\u00f3zsef Katolikus \u00c1ltal\u00e1nos Iskola di\u00e1kjai (felk\u00e9sz\u00edt\u0151 tan\u00e1rok: B\u00e9g\u00e1nyi G\u00e1born\u00e9 Juh\u00e1sz Marianna, G\u00e1l \u00c9va)<\/li>\n<li>Temesv\u00e1ri Pelb\u00e1rt Ferences Gimn\u00e1zium \u00e9s Koll\u00e9gium \u00e9nekkara (vez\u00e9nyel: P\u00e1lmai \u00c1rp\u00e1d)<\/li>\n<li>68. sz\u00e1m\u00fa Apor Vilmos Cserk\u00e9szcsapat<\/li>\n<\/ul>\n<p><img fetchpriority=\"high\" decoding=\"async\" class=\"alignnone size-large wp-image-48320\" src=\"https:\/\/dorogimedence.hu\/wp-content\/uploads\/2022\/11\/angyaljatek_2022_plakat-724x1024.jpg\" alt=\"\" width=\"724\" height=\"1024\" srcset=\"https:\/\/dorogimedence.hu\/wp-content\/uploads\/2022\/11\/angyaljatek_2022_plakat-724x1024.jpg 724w, https:\/\/dorogimedence.hu\/wp-content\/uploads\/2022\/11\/angyaljatek_2022_plakat-212x300.jpg 212w, https:\/\/dorogimedence.hu\/wp-content\/uploads\/2022\/11\/angyaljatek_2022_plakat-768x1086.jpg 768w, https:\/\/dorogimedence.hu\/wp-content\/uploads\/2022\/11\/angyaljatek_2022_plakat-1086x1536.jpg 1086w, https:\/\/dorogimedence.hu\/wp-content\/uploads\/2022\/11\/angyaljatek_2022_plakat-1448x2048.jpg 1448w, https:\/\/dorogimedence.hu\/wp-content\/uploads\/2022\/11\/angyaljatek_2022_plakat-150x212.jpg 150w, https:\/\/dorogimedence.hu\/wp-content\/uploads\/2022\/11\/angyaljatek_2022_plakat-450x637.jpg 450w, https:\/\/dorogimedence.hu\/wp-content\/uploads\/2022\/11\/angyaljatek_2022_plakat-1200x1697.jpg 1200w, https:\/\/dorogimedence.hu\/wp-content\/uploads\/2022\/11\/angyaljatek_2022_plakat-scaled.jpg 1810w\" sizes=\"(max-width: 724px) 100vw, 724px\" \/><\/p>\n","protected":false},"excerpt":{"rendered":"<p>December 3-\u00e1n, szombaton 18 \u00f3rakor a Babits Mih\u00e1ly Sz\u00ednh\u00e1z \u00e9s az Esztergomi Turisztikai Nonprofit Kft. k\u00f6z\u00f6s szervez\u00e9s\u00e9ben val\u00f3sul meg az I. Esztergomi Angyalj\u00e1t\u00e9k, a Sz\u00e9chenyi t\u00e9ren, a V\u00e1rosh\u00e1za el\u0151tt. A n\u00e9metorsz\u00e1gi Augsburgban m\u00e1r t\u00f6bb mint 500 \u00e9ve rendeznek kar\u00e1csonyi v\u00e1s\u00e1rt az adventi id\u0151szakban. A v\u00e1s\u00e1r legh\u00edresebb l\u00e1tv\u00e1nyoss\u00e1ga 1977 \u00f3ta a vil\u00e1gszinten is egyed\u00fcl\u00e1ll\u00f3 Augsburgi Angyalj\u00e1t\u00e9k,<\/p>\n","protected":false},"author":1,"featured_media":48319,"comment_status":"closed","ping_status":"closed","sticky":false,"template":"","format":"standard","meta":{"ngg_post_thumbnail":0,"footnotes":""},"categories":[38,3,3561],"tags":[1843,4312,42,101],"class_list":{"0":"post-48318","1":"post","2":"type-post","3":"status-publish","4":"format-standard","5":"has-post-thumbnail","7":"category-esztergom","8":"category-hirek","9":"category-programok","10":"tag-advent","11":"tag-babits-mihaly-szinhaz","12":"tag-esztergom","13":"tag-program"},"yoast_head":"<!-- This site is optimized with the Yoast SEO plugin v27.4 - https:\/\/yoast.com\/product\/yoast-seo-wordpress\/ -->\n<title>I. Esztergomi Angyalj\u00e1t\u00e9k a Sz\u00e9chenyi t\u00e9ren<\/title>\n<meta name=\"robots\" content=\"index, follow, max-snippet:-1, max-image-preview:large, max-video-preview:-1\" \/>\n<link rel=\"canonical\" href=\"https:\/\/dorogimedence.hu\/index.php\/2022\/11\/28\/i-esztergomi-angyaljatek-a-szechenyi-teren\/\" class=\"yoast-seo-meta-tag\" \/>\n<meta property=\"og:locale\" content=\"hu_HU\" class=\"yoast-seo-meta-tag\" \/>\n<meta property=\"og:type\" content=\"article\" class=\"yoast-seo-meta-tag\" \/>\n<meta property=\"og:title\" content=\"I. Esztergomi Angyalj\u00e1t\u00e9k a Sz\u00e9chenyi t\u00e9ren\" class=\"yoast-seo-meta-tag\" \/>\n<meta property=\"og:description\" content=\"December 3-\u00e1n, szombaton 18 \u00f3rakor a Babits Mih\u00e1ly Sz\u00ednh\u00e1z \u00e9s az Esztergomi Turisztikai Nonprofit Kft. k\u00f6z\u00f6s szervez\u00e9s\u00e9ben val\u00f3sul meg az I. Esztergomi Angyalj\u00e1t\u00e9k, a Sz\u00e9chenyi t\u00e9ren, a V\u00e1rosh\u00e1za el\u0151tt. A n\u00e9metorsz\u00e1gi Augsburgban m\u00e1r t\u00f6bb mint 500 \u00e9ve rendeznek kar\u00e1csonyi v\u00e1s\u00e1rt az adventi id\u0151szakban. A v\u00e1s\u00e1r legh\u00edresebb l\u00e1tv\u00e1nyoss\u00e1ga 1977 \u00f3ta a vil\u00e1gszinten is egyed\u00fcl\u00e1ll\u00f3 Augsburgi Angyalj\u00e1t\u00e9k,\" class=\"yoast-seo-meta-tag\" \/>\n<meta property=\"og:url\" content=\"https:\/\/dorogimedence.hu\/index.php\/2022\/11\/28\/i-esztergomi-angyaljatek-a-szechenyi-teren\/\" class=\"yoast-seo-meta-tag\" \/>\n<meta property=\"og:site_name\" content=\"Dorogi-medence Region\u00e1lis H\u00edrport\u00e1l\" class=\"yoast-seo-meta-tag\" \/>\n<meta property=\"article:publisher\" content=\"https:\/\/www.facebook.com\/dorogimedence\/\" class=\"yoast-seo-meta-tag\" \/>\n<meta property=\"article:published_time\" content=\"2022-11-28T08:41:53+00:00\" class=\"yoast-seo-meta-tag\" \/>\n<meta property=\"article:modified_time\" content=\"2022-11-28T08:42:03+00:00\" class=\"yoast-seo-meta-tag\" \/>\n<meta property=\"og:image\" content=\"https:\/\/dorogimedence.hu\/wp-content\/uploads\/2022\/11\/angyaljatek_2022_cover.jpg\" class=\"yoast-seo-meta-tag\" \/>\n\t<meta property=\"og:image:width\" content=\"1472\" class=\"yoast-seo-meta-tag\" \/>\n\t<meta property=\"og:image:height\" content=\"772\" class=\"yoast-seo-meta-tag\" \/>\n\t<meta property=\"og:image:type\" content=\"image\/jpeg\" class=\"yoast-seo-meta-tag\" \/>\n<meta name=\"author\" content=\"dorogimedence.hu\" class=\"yoast-seo-meta-tag\" \/>\n<meta name=\"twitter:card\" content=\"summary_large_image\" class=\"yoast-seo-meta-tag\" \/>\n<meta name=\"twitter:label1\" content=\"Szerz\u0151:\" class=\"yoast-seo-meta-tag\" \/>\n\t<meta name=\"twitter:data1\" content=\"dorogimedence.hu\" class=\"yoast-seo-meta-tag\" \/>\n\t<meta name=\"twitter:label2\" content=\"Becs\u00fclt olvas\u00e1si id\u0151\" class=\"yoast-seo-meta-tag\" \/>\n\t<meta name=\"twitter:data2\" content=\"2 perc\" class=\"yoast-seo-meta-tag\" \/>\n<script type=\"application\/ld+json\" class=\"yoast-schema-graph\">{\"@context\":\"https:\\\/\\\/schema.org\",\"@graph\":[{\"@type\":\"Article\",\"@id\":\"https:\\\/\\\/dorogimedence.hu\\\/index.php\\\/2022\\\/11\\\/28\\\/i-esztergomi-angyaljatek-a-szechenyi-teren\\\/#article\",\"isPartOf\":{\"@id\":\"https:\\\/\\\/dorogimedence.hu\\\/index.php\\\/2022\\\/11\\\/28\\\/i-esztergomi-angyaljatek-a-szechenyi-teren\\\/\"},\"author\":{\"name\":\"dorogimedence.hu\",\"@id\":\"https:\\\/\\\/dorogimedence.hu\\\/#\\\/schema\\\/person\\\/ce6091eeb7e95ecdc87890d6aa8e0fd4\"},\"headline\":\"I. Esztergomi Angyalj\u00e1t\u00e9k a Sz\u00e9chenyi t\u00e9ren\",\"datePublished\":\"2022-11-28T08:41:53+00:00\",\"dateModified\":\"2022-11-28T08:42:03+00:00\",\"mainEntityOfPage\":{\"@id\":\"https:\\\/\\\/dorogimedence.hu\\\/index.php\\\/2022\\\/11\\\/28\\\/i-esztergomi-angyaljatek-a-szechenyi-teren\\\/\"},\"wordCount\":475,\"publisher\":{\"@id\":\"https:\\\/\\\/dorogimedence.hu\\\/#organization\"},\"image\":{\"@id\":\"https:\\\/\\\/dorogimedence.hu\\\/index.php\\\/2022\\\/11\\\/28\\\/i-esztergomi-angyaljatek-a-szechenyi-teren\\\/#primaryimage\"},\"thumbnailUrl\":\"https:\\\/\\\/dorogimedence.hu\\\/wp-content\\\/uploads\\\/2022\\\/11\\\/angyaljatek_2022_cover.jpg\",\"keywords\":[\"Advent\",\"Babits Mih\u00e1ly Sz\u00ednh\u00e1z\",\"esztergom\",\"program\"],\"articleSection\":[\"Esztergom\",\"H\u00edrek\",\"Programok\"],\"inLanguage\":\"hu\"},{\"@type\":\"WebPage\",\"@id\":\"https:\\\/\\\/dorogimedence.hu\\\/index.php\\\/2022\\\/11\\\/28\\\/i-esztergomi-angyaljatek-a-szechenyi-teren\\\/\",\"url\":\"https:\\\/\\\/dorogimedence.hu\\\/index.php\\\/2022\\\/11\\\/28\\\/i-esztergomi-angyaljatek-a-szechenyi-teren\\\/\",\"name\":\"I. Esztergomi Angyalj\u00e1t\u00e9k a Sz\u00e9chenyi t\u00e9ren\",\"isPartOf\":{\"@id\":\"https:\\\/\\\/dorogimedence.hu\\\/#website\"},\"primaryImageOfPage\":{\"@id\":\"https:\\\/\\\/dorogimedence.hu\\\/index.php\\\/2022\\\/11\\\/28\\\/i-esztergomi-angyaljatek-a-szechenyi-teren\\\/#primaryimage\"},\"image\":{\"@id\":\"https:\\\/\\\/dorogimedence.hu\\\/index.php\\\/2022\\\/11\\\/28\\\/i-esztergomi-angyaljatek-a-szechenyi-teren\\\/#primaryimage\"},\"thumbnailUrl\":\"https:\\\/\\\/dorogimedence.hu\\\/wp-content\\\/uploads\\\/2022\\\/11\\\/angyaljatek_2022_cover.jpg\",\"datePublished\":\"2022-11-28T08:41:53+00:00\",\"dateModified\":\"2022-11-28T08:42:03+00:00\",\"breadcrumb\":{\"@id\":\"https:\\\/\\\/dorogimedence.hu\\\/index.php\\\/2022\\\/11\\\/28\\\/i-esztergomi-angyaljatek-a-szechenyi-teren\\\/#breadcrumb\"},\"inLanguage\":\"hu\",\"potentialAction\":[{\"@type\":\"ReadAction\",\"target\":[\"https:\\\/\\\/dorogimedence.hu\\\/index.php\\\/2022\\\/11\\\/28\\\/i-esztergomi-angyaljatek-a-szechenyi-teren\\\/\"]}]},{\"@type\":\"ImageObject\",\"inLanguage\":\"hu\",\"@id\":\"https:\\\/\\\/dorogimedence.hu\\\/index.php\\\/2022\\\/11\\\/28\\\/i-esztergomi-angyaljatek-a-szechenyi-teren\\\/#primaryimage\",\"url\":\"https:\\\/\\\/dorogimedence.hu\\\/wp-content\\\/uploads\\\/2022\\\/11\\\/angyaljatek_2022_cover.jpg\",\"contentUrl\":\"https:\\\/\\\/dorogimedence.hu\\\/wp-content\\\/uploads\\\/2022\\\/11\\\/angyaljatek_2022_cover.jpg\",\"width\":1472,\"height\":772},{\"@type\":\"BreadcrumbList\",\"@id\":\"https:\\\/\\\/dorogimedence.hu\\\/index.php\\\/2022\\\/11\\\/28\\\/i-esztergomi-angyaljatek-a-szechenyi-teren\\\/#breadcrumb\",\"itemListElement\":[{\"@type\":\"ListItem\",\"position\":1,\"name\":\"Kezd\u0151lap\",\"item\":\"https:\\\/\\\/dorogimedence.hu\\\/\"},{\"@type\":\"ListItem\",\"position\":2,\"name\":\"I. Esztergomi Angyalj\u00e1t\u00e9k a Sz\u00e9chenyi t\u00e9ren\"}]},{\"@type\":\"WebSite\",\"@id\":\"https:\\\/\\\/dorogimedence.hu\\\/#website\",\"url\":\"https:\\\/\\\/dorogimedence.hu\\\/\",\"name\":\"Dorogi-medence Region\u00e1lis H\u00edrport\u00e1l\",\"description\":\"Dorog, Keszt\u00f6lc, Le\u00e1nyv\u00e1r, Piliscs\u00e9v, Tokod, Tokodalt\u00e1r\u00f3, Csolnok, Esztergom-kertv\u00e1ros: h\u00edrek, programok\",\"publisher\":{\"@id\":\"https:\\\/\\\/dorogimedence.hu\\\/#organization\"},\"potentialAction\":[{\"@type\":\"SearchAction\",\"target\":{\"@type\":\"EntryPoint\",\"urlTemplate\":\"https:\\\/\\\/dorogimedence.hu\\\/?s={search_term_string}\"},\"query-input\":{\"@type\":\"PropertyValueSpecification\",\"valueRequired\":true,\"valueName\":\"search_term_string\"}}],\"inLanguage\":\"hu\"},{\"@type\":\"Organization\",\"@id\":\"https:\\\/\\\/dorogimedence.hu\\\/#organization\",\"name\":\"Dorogi-medence Region\u00e1lis H\u00edrport\u00e1l\",\"url\":\"https:\\\/\\\/dorogimedence.hu\\\/\",\"logo\":{\"@type\":\"ImageObject\",\"inLanguage\":\"hu\",\"@id\":\"https:\\\/\\\/dorogimedence.hu\\\/#\\\/schema\\\/logo\\\/image\\\/\",\"url\":\"https:\\\/\\\/dorogimedence.hu\\\/wp-content\\\/uploads\\\/2021\\\/04\\\/logo-feher-600.png\",\"contentUrl\":\"https:\\\/\\\/dorogimedence.hu\\\/wp-content\\\/uploads\\\/2021\\\/04\\\/logo-feher-600.png\",\"width\":600,\"height\":100,\"caption\":\"Dorogi-medence Region\u00e1lis H\u00edrport\u00e1l\"},\"image\":{\"@id\":\"https:\\\/\\\/dorogimedence.hu\\\/#\\\/schema\\\/logo\\\/image\\\/\"},\"sameAs\":[\"https:\\\/\\\/www.facebook.com\\\/dorogimedence\\\/\"]},{\"@type\":\"Person\",\"@id\":\"https:\\\/\\\/dorogimedence.hu\\\/#\\\/schema\\\/person\\\/ce6091eeb7e95ecdc87890d6aa8e0fd4\",\"name\":\"dorogimedence.hu\",\"image\":{\"@type\":\"ImageObject\",\"inLanguage\":\"hu\",\"@id\":\"\\\/\\\/www.gravatar.com\\\/avatar\\\/d8d45f8901aadff40a4af72c0b826f1d?s=96&#038;r=g&#038;d=mm\",\"url\":\"\\\/\\\/www.gravatar.com\\\/avatar\\\/d8d45f8901aadff40a4af72c0b826f1d?s=96&#038;r=g&#038;d=mm\",\"contentUrl\":\"\\\/\\\/www.gravatar.com\\\/avatar\\\/d8d45f8901aadff40a4af72c0b826f1d?s=96&#038;r=g&#038;d=mm\",\"caption\":\"dorogimedence.hu\"}}]}<\/script>\n<!-- \/ Yoast SEO plugin. -->","yoast_head_json":{"title":"I. Esztergomi Angyalj\u00e1t\u00e9k a Sz\u00e9chenyi t\u00e9ren","robots":{"index":"index","follow":"follow","max-snippet":"max-snippet:-1","max-image-preview":"max-image-preview:large","max-video-preview":"max-video-preview:-1"},"canonical":"https:\/\/dorogimedence.hu\/index.php\/2022\/11\/28\/i-esztergomi-angyaljatek-a-szechenyi-teren\/","og_locale":"hu_HU","og_type":"article","og_title":"I. Esztergomi Angyalj\u00e1t\u00e9k a Sz\u00e9chenyi t\u00e9ren","og_description":"December 3-\u00e1n, szombaton 18 \u00f3rakor a Babits Mih\u00e1ly Sz\u00ednh\u00e1z \u00e9s az Esztergomi Turisztikai Nonprofit Kft. k\u00f6z\u00f6s szervez\u00e9s\u00e9ben val\u00f3sul meg az I. Esztergomi Angyalj\u00e1t\u00e9k, a Sz\u00e9chenyi t\u00e9ren, a V\u00e1rosh\u00e1za el\u0151tt. A n\u00e9metorsz\u00e1gi Augsburgban m\u00e1r t\u00f6bb mint 500 \u00e9ve rendeznek kar\u00e1csonyi v\u00e1s\u00e1rt az adventi id\u0151szakban. A v\u00e1s\u00e1r legh\u00edresebb l\u00e1tv\u00e1nyoss\u00e1ga 1977 \u00f3ta a vil\u00e1gszinten is egyed\u00fcl\u00e1ll\u00f3 Augsburgi Angyalj\u00e1t\u00e9k,","og_url":"https:\/\/dorogimedence.hu\/index.php\/2022\/11\/28\/i-esztergomi-angyaljatek-a-szechenyi-teren\/","og_site_name":"Dorogi-medence Region\u00e1lis H\u00edrport\u00e1l","article_publisher":"https:\/\/www.facebook.com\/dorogimedence\/","article_published_time":"2022-11-28T08:41:53+00:00","article_modified_time":"2022-11-28T08:42:03+00:00","og_image":[{"width":1472,"height":772,"url":"https:\/\/dorogimedence.hu\/wp-content\/uploads\/2022\/11\/angyaljatek_2022_cover.jpg","type":"image\/jpeg"}],"author":"dorogimedence.hu","twitter_card":"summary_large_image","twitter_misc":{"Szerz\u0151:":"dorogimedence.hu","Becs\u00fclt olvas\u00e1si id\u0151":"2 perc"},"schema":{"@context":"https:\/\/schema.org","@graph":[{"@type":"Article","@id":"https:\/\/dorogimedence.hu\/index.php\/2022\/11\/28\/i-esztergomi-angyaljatek-a-szechenyi-teren\/#article","isPartOf":{"@id":"https:\/\/dorogimedence.hu\/index.php\/2022\/11\/28\/i-esztergomi-angyaljatek-a-szechenyi-teren\/"},"author":{"name":"dorogimedence.hu","@id":"https:\/\/dorogimedence.hu\/#\/schema\/person\/ce6091eeb7e95ecdc87890d6aa8e0fd4"},"headline":"I. Esztergomi Angyalj\u00e1t\u00e9k a Sz\u00e9chenyi t\u00e9ren","datePublished":"2022-11-28T08:41:53+00:00","dateModified":"2022-11-28T08:42:03+00:00","mainEntityOfPage":{"@id":"https:\/\/dorogimedence.hu\/index.php\/2022\/11\/28\/i-esztergomi-angyaljatek-a-szechenyi-teren\/"},"wordCount":475,"publisher":{"@id":"https:\/\/dorogimedence.hu\/#organization"},"image":{"@id":"https:\/\/dorogimedence.hu\/index.php\/2022\/11\/28\/i-esztergomi-angyaljatek-a-szechenyi-teren\/#primaryimage"},"thumbnailUrl":"https:\/\/dorogimedence.hu\/wp-content\/uploads\/2022\/11\/angyaljatek_2022_cover.jpg","keywords":["Advent","Babits Mih\u00e1ly Sz\u00ednh\u00e1z","esztergom","program"],"articleSection":["Esztergom","H\u00edrek","Programok"],"inLanguage":"hu"},{"@type":"WebPage","@id":"https:\/\/dorogimedence.hu\/index.php\/2022\/11\/28\/i-esztergomi-angyaljatek-a-szechenyi-teren\/","url":"https:\/\/dorogimedence.hu\/index.php\/2022\/11\/28\/i-esztergomi-angyaljatek-a-szechenyi-teren\/","name":"I. Esztergomi Angyalj\u00e1t\u00e9k a Sz\u00e9chenyi t\u00e9ren","isPartOf":{"@id":"https:\/\/dorogimedence.hu\/#website"},"primaryImageOfPage":{"@id":"https:\/\/dorogimedence.hu\/index.php\/2022\/11\/28\/i-esztergomi-angyaljatek-a-szechenyi-teren\/#primaryimage"},"image":{"@id":"https:\/\/dorogimedence.hu\/index.php\/2022\/11\/28\/i-esztergomi-angyaljatek-a-szechenyi-teren\/#primaryimage"},"thumbnailUrl":"https:\/\/dorogimedence.hu\/wp-content\/uploads\/2022\/11\/angyaljatek_2022_cover.jpg","datePublished":"2022-11-28T08:41:53+00:00","dateModified":"2022-11-28T08:42:03+00:00","breadcrumb":{"@id":"https:\/\/dorogimedence.hu\/index.php\/2022\/11\/28\/i-esztergomi-angyaljatek-a-szechenyi-teren\/#breadcrumb"},"inLanguage":"hu","potentialAction":[{"@type":"ReadAction","target":["https:\/\/dorogimedence.hu\/index.php\/2022\/11\/28\/i-esztergomi-angyaljatek-a-szechenyi-teren\/"]}]},{"@type":"ImageObject","inLanguage":"hu","@id":"https:\/\/dorogimedence.hu\/index.php\/2022\/11\/28\/i-esztergomi-angyaljatek-a-szechenyi-teren\/#primaryimage","url":"https:\/\/dorogimedence.hu\/wp-content\/uploads\/2022\/11\/angyaljatek_2022_cover.jpg","contentUrl":"https:\/\/dorogimedence.hu\/wp-content\/uploads\/2022\/11\/angyaljatek_2022_cover.jpg","width":1472,"height":772},{"@type":"BreadcrumbList","@id":"https:\/\/dorogimedence.hu\/index.php\/2022\/11\/28\/i-esztergomi-angyaljatek-a-szechenyi-teren\/#breadcrumb","itemListElement":[{"@type":"ListItem","position":1,"name":"Kezd\u0151lap","item":"https:\/\/dorogimedence.hu\/"},{"@type":"ListItem","position":2,"name":"I. Esztergomi Angyalj\u00e1t\u00e9k a Sz\u00e9chenyi t\u00e9ren"}]},{"@type":"WebSite","@id":"https:\/\/dorogimedence.hu\/#website","url":"https:\/\/dorogimedence.hu\/","name":"Dorogi-medence Region\u00e1lis H\u00edrport\u00e1l","description":"Dorog, Keszt\u00f6lc, Le\u00e1nyv\u00e1r, Piliscs\u00e9v, Tokod, Tokodalt\u00e1r\u00f3, Csolnok, Esztergom-kertv\u00e1ros: h\u00edrek, programok","publisher":{"@id":"https:\/\/dorogimedence.hu\/#organization"},"potentialAction":[{"@type":"SearchAction","target":{"@type":"EntryPoint","urlTemplate":"https:\/\/dorogimedence.hu\/?s={search_term_string}"},"query-input":{"@type":"PropertyValueSpecification","valueRequired":true,"valueName":"search_term_string"}}],"inLanguage":"hu"},{"@type":"Organization","@id":"https:\/\/dorogimedence.hu\/#organization","name":"Dorogi-medence Region\u00e1lis H\u00edrport\u00e1l","url":"https:\/\/dorogimedence.hu\/","logo":{"@type":"ImageObject","inLanguage":"hu","@id":"https:\/\/dorogimedence.hu\/#\/schema\/logo\/image\/","url":"https:\/\/dorogimedence.hu\/wp-content\/uploads\/2021\/04\/logo-feher-600.png","contentUrl":"https:\/\/dorogimedence.hu\/wp-content\/uploads\/2021\/04\/logo-feher-600.png","width":600,"height":100,"caption":"Dorogi-medence Region\u00e1lis H\u00edrport\u00e1l"},"image":{"@id":"https:\/\/dorogimedence.hu\/#\/schema\/logo\/image\/"},"sameAs":["https:\/\/www.facebook.com\/dorogimedence\/"]},{"@type":"Person","@id":"https:\/\/dorogimedence.hu\/#\/schema\/person\/ce6091eeb7e95ecdc87890d6aa8e0fd4","name":"dorogimedence.hu","image":{"@type":"ImageObject","inLanguage":"hu","@id":"\/\/www.gravatar.com\/avatar\/d8d45f8901aadff40a4af72c0b826f1d?s=96&#038;r=g&#038;d=mm","url":"\/\/www.gravatar.com\/avatar\/d8d45f8901aadff40a4af72c0b826f1d?s=96&#038;r=g&#038;d=mm","contentUrl":"\/\/www.gravatar.com\/avatar\/d8d45f8901aadff40a4af72c0b826f1d?s=96&#038;r=g&#038;d=mm","caption":"dorogimedence.hu"}}]}},"_links":{"self":[{"href":"https:\/\/dorogimedence.hu\/index.php\/wp-json\/wp\/v2\/posts\/48318","targetHints":{"allow":["GET"]}}],"collection":[{"href":"https:\/\/dorogimedence.hu\/index.php\/wp-json\/wp\/v2\/posts"}],"about":[{"href":"https:\/\/dorogimedence.hu\/index.php\/wp-json\/wp\/v2\/types\/post"}],"author":[{"embeddable":true,"href":"https:\/\/dorogimedence.hu\/index.php\/wp-json\/wp\/v2\/users\/1"}],"replies":[{"embeddable":true,"href":"https:\/\/dorogimedence.hu\/index.php\/wp-json\/wp\/v2\/comments?post=48318"}],"version-history":[{"count":0,"href":"https:\/\/dorogimedence.hu\/index.php\/wp-json\/wp\/v2\/posts\/48318\/revisions"}],"wp:featuredmedia":[{"embeddable":true,"href":"https:\/\/dorogimedence.hu\/index.php\/wp-json\/wp\/v2\/media\/48319"}],"wp:attachment":[{"href":"https:\/\/dorogimedence.hu\/index.php\/wp-json\/wp\/v2\/media?parent=48318"}],"wp:term":[{"taxonomy":"category","embeddable":true,"href":"https:\/\/dorogimedence.hu\/index.php\/wp-json\/wp\/v2\/categories?post=48318"},{"taxonomy":"post_tag","embeddable":true,"href":"https:\/\/dorogimedence.hu\/index.php\/wp-json\/wp\/v2\/tags?post=48318"}],"curies":[{"name":"wp","href":"https:\/\/api.w.org\/{rel}","templated":true}]}}