{"id":48239,"date":"2022-11-23T14:18:54","date_gmt":"2022-11-23T13:18:54","guid":{"rendered":"https:\/\/dorogimedence.hu\/?p=48239"},"modified":"2022-11-24T11:13:15","modified_gmt":"2022-11-24T10:13:15","slug":"az-orszag-legjobb-diosbejglije-kesztolcon-keszul","status":"publish","type":"post","link":"https:\/\/dorogimedence.hu\/index.php\/2022\/11\/23\/az-orszag-legjobb-diosbejglije-kesztolcon-keszul\/","title":{"rendered":"Az orsz\u00e1g legjobb di\u00f3sbejglije Keszt\u00f6lc\u00f6n k\u00e9sz\u00fcl!"},"content":{"rendered":"<p><strong>A Magyar Cukr\u00e1sz Ipartest\u00fclet az id\u00e9n harmadik alkalommal hirdette meg az \u00c9v Bejglije versenyt cukr\u00e1szd\u00e1k, vend\u00e9gl\u00e1t\u00f3helyek \u00e9s k\u00e9zm\u0171ves p\u00e9ks\u00e9gek sz\u00e1m\u00e1ra. Az \u00c9v Di\u00f3s Bejglije kateg\u00f3ri\u00e1ban a keszt\u00f6lci Erika Cukr\u00e1szda term\u00e9ke arany\u00e9rmes lett<\/strong> <em>\u2013 k\u00f6z\u00f6lte sajt\u00f3k\u00f6zlem\u00e9ny\u00e9ben a Magyar Cukr\u00e1sz Ipartest\u00fclet.<\/em><\/p>\n<p>Az Ipartest\u00fclet n\u00e9pszer\u0171 szakmai versenyei \u2013 az \u00c9v Fagylaltja \u00e9s a Magyarorsz\u00e1g Tort\u00e1ja versenyek \u2013 mellett ennek a megm\u00e9rettet\u00e9snek az a c\u00e9lja, hogy felh\u00edvja a figyelmet a kiv\u00e1l\u00f3 alapanyagokb\u00f3l k\u00e9sz\u00fclt \u00fcnnepi s\u00fctem\u00e9nyekre, \u00e9s n\u00e9pszer\u0171s\u00edtse a k\u00e9zm\u0171ves bejglit az igazi min\u0151s\u00e9get keres\u0151 fogyaszt\u00f3k k\u00f6r\u00e9ben.<\/p>\n<p>A versenyre olyan term\u00e9kekkel nevezhettek cukr\u00e1szd\u00e1k, melyek megfelelnek a Magyar \u00c9lelmiszerk\u00f6nyv 1-3\/16-1 sz\u00e1m\u00fa el\u0151\u00edr\u00e1s\u00e1ban foglaltaknak, hiszen a bejgli a Magyar \u00c9lelmiszerk\u00f6nyvben \u201ev\u00e9dett\u201d term\u00e9k, melyet szint\u00e9n az Ipartest\u00fclet kezdem\u00e9nyezett.<\/p>\n<p>\u201eHagyom\u00e1nyos di\u00f3s\u201d, \u201eHagyom\u00e1nyos m\u00e1kos\u201d \u00e9s \u201e\u00cdnyenc\u201d kateg\u00f3ri\u00e1ban lehetett nevezni a versenyre.<\/p>\n<p>Az \u00cdnyenc kateg\u00f3ri\u00e1ban b\u00e1rmely olyan \u00edzes\u00edt\u00e9s\u0171 \u00e9s t\u00f6ltel\u00e9k\u0171 bejglivel lehetett nevezni, aminek a jelleg\u00e9t meghat\u00e1roz\u00f3 alapanyaga szerepel az \u00c9lelmiszerk\u00f6nyv ir\u00e1nyelv\u00e9ben felsorolt felhaszn\u00e1lhat\u00f3 anyagok k\u00f6z\u00f6tt. Ilyenek pl. a di\u00f3 \u00e9s m\u00e1k mellet a gesztenye, a gy\u00fcm\u00f6lcs \u00e9s gy\u00fcm\u00f6lcsk\u00e9sz\u00edtm\u00e9nyek, a kaka\u00f3- \u00e9s csokol\u00e1d\u00e9term\u00e9kek, f\u0171szerek, citromh\u00e9j, mazsola, m\u00e9z, olajos magvak, tej \u00e9s tejterm\u00e9kek. Ebben a kateg\u00f3ri\u00e1ban indulhattak a vegyes t\u00f6ltel\u00e9k\u0171, k\u00fcl\u00f6nleges bejglik is.<\/p>\n<p>Kateg\u00f3ri\u00e1nk\u00e9nt h\u00e1rom f\u0151s zs\u0171ri \u00e9rt\u00e9kelte a versenymunk\u00e1kat. A h\u00e1rom kateg\u00f3ri\u00e1ban id\u00e9n k\u00f6zel 50 bejglit k\u00f3stolt \u00e9s \u00e9rt\u00e9kelt a neves szaktekint\u00e9lyekb\u0151l \u00e1ll\u00f3 zs\u0171ri, akik mell\u00e9 \u201em\u0171kedvel\u0151\u201d zs\u0171ritagok is csatlakoztak.<\/p>\n<p><strong>A zs\u0171ri tagjai voltak:<\/strong><\/p>\n<ul>\n<li>Bergmann Gabriella cukr\u00e1szmester \u2013 Bergmann Cukr\u00e1szda, Balatonf\u00fcred<\/li>\n<li>Babik Edit \u2013 f\u0151titk\u00e1r, Magyar Turisztikai Sz\u00f6vets\u00e9g Alap\u00edtv\u00e1ny<\/li>\n<li>Pass Szilvia \u2013 Aranyalma Cukr\u00e1szda, Sz\u00e9kesfeh\u00e9rv\u00e1r<\/li>\n<li>Auguszt J\u00f3zsef cukr\u00e1szmester \u2013 Auguszt Cukr\u00e1szda, Budapest, F\u00e9ny utca<\/li>\n<li>Hars\u00e1nyi Levente r\u00e1di\u00f3s, telev\u00edzi\u00f3s m\u0171sorvezet\u0151, \u00e9s egyben cukr\u00e1sz koll\u00e9ga<\/li>\n<li>Karl Zsolt cukr\u00e1szmester \u2013 Karl Cukr\u00e1szda, Dunaharaszti<\/li>\n<li>Knezsik Istv\u00e1n, az Aut\u00f3s Nagykoal\u00edci\u00f3 eln\u00f6ke<\/li>\n<li>Szerv\u00e1nszky L\u00e1szl\u00f3 cukr\u00e1szmester \u2013 Szent Korona Cukr\u00e1szda, Soltvadkert<\/li>\n<li>Sz\u0151ke Zolt\u00e1n cukr\u00e1szmester \u2013 Sz\u0151ke Cukr\u00e1szd\u00e1k, H\u00f3dmez\u0151v\u00e1s\u00e1rhely<\/li>\n<\/ul>\n<p><img fetchpriority=\"high\" decoding=\"async\" class=\"alignnone size-large wp-image-48260\" src=\"https:\/\/dorogimedence.hu\/wp-content\/uploads\/2022\/11\/erika-cukraszda-1024x653.jpg\" alt=\"\" width=\"755\" height=\"481\" srcset=\"https:\/\/dorogimedence.hu\/wp-content\/uploads\/2022\/11\/erika-cukraszda-1024x653.jpg 1024w, https:\/\/dorogimedence.hu\/wp-content\/uploads\/2022\/11\/erika-cukraszda-300x191.jpg 300w, https:\/\/dorogimedence.hu\/wp-content\/uploads\/2022\/11\/erika-cukraszda-768x490.jpg 768w, https:\/\/dorogimedence.hu\/wp-content\/uploads\/2022\/11\/erika-cukraszda-1536x980.jpg 1536w, https:\/\/dorogimedence.hu\/wp-content\/uploads\/2022\/11\/erika-cukraszda-150x96.jpg 150w, https:\/\/dorogimedence.hu\/wp-content\/uploads\/2022\/11\/erika-cukraszda-450x287.jpg 450w, https:\/\/dorogimedence.hu\/wp-content\/uploads\/2022\/11\/erika-cukraszda-1200x766.jpg 1200w, https:\/\/dorogimedence.hu\/wp-content\/uploads\/2022\/11\/erika-cukraszda.jpg 1920w\" sizes=\"(max-width: 755px) 100vw, 755px\" \/><\/p>\n<p>Az \u00ednyenc kateg\u00f3ri\u00e1ban t\u00f6bb k\u00fcl\u00f6nleges \u00edzkombin\u00e1ci\u00f3val neveztek a kreat\u00edv szakemberek.<\/p>\n<p>Id\u00e9n is kedvelt volt a marcip\u00e1n, a piszt\u00e1cia, a gesztenye, a mogyor\u00f3 \u00e9s a mandula, de el\u0151fordult a s\u00e1rgabarack, a m\u00e1lna, a pek\u00e1ndi\u00f3, a kesudi\u00f3, a rozmaring, a birsalma, a naspolya, a f\u00fcge, a c\u00e9kla, a tonkabab, a szilvap\u00e1linka \u00e9s a b\u00fazas\u00f6r is a felhaszn\u00e1lt alapanyagok k\u00f6z\u00f6tt.<\/p>\n<p><span style=\"text-decoration: underline;\">\u00cdme a versenyeredm\u00e9nyek:<\/span><\/p>\n<p><strong>Hagyom\u00e1nyos di\u00f3s kateg\u00f3ri\u00e1ban:<\/strong><\/p>\n<ul>\n<li>Arany\u00e9rmes, az \u00c9v Di\u00f3s Bejglije d\u00edj nyertese: Kara J\u00f3zsef Zolt\u00e1nn\u00e9 &#8211; Erika Cukr\u00e1szda, Keszt\u00f6lc<\/li>\n<li>Ez\u00fcst\u00e9rmes: Simon Andrea \u2013 Desszert Center, Gyomaendr\u0151d<\/li>\n<li>Bronz\u00e9rmes: Szurgent P\u00e9ter \u2013 Szurgent K\u00e9zm\u0171ves Fagylaltoz\u00f3 \u00e9s Cukr\u00e1szda, Budapest<\/li>\n<\/ul>\n<p><strong>Hagyom\u00e1nyos m\u00e1kos kateg\u00f3ri\u00e1ban:<\/strong><\/p>\n<ul>\n<li>Arany\u00e9rmes, az \u00c9v M\u00e1kos Bejglije d\u00edj nyertese: Nov\u00e1k \u00c1d\u00e1m \u00e9s Pusk\u00e1s R\u00f3bert \u2013 RE\u00d6K K\u00e9zm\u0171ves Cukr\u00e1szda \u00e9s k\u00e1v\u00e9h\u00e1z, Szeged<\/li>\n<li>Ez\u00fcst\u00e9rmes: K\u00e9pes Gabriella \u2013 K\u00e9peschoco, P\u00e1cin<\/li>\n<li>Bronz\u00e9rmes: Kiss K\u00e1rolyn\u00e9 \u2013 Major Cukr\u00e1szda, Budapest<\/li>\n<\/ul>\n<p><strong>\u00cdnyenc kateg\u00f3ri\u00e1ban:<\/strong><\/p>\n<ul>\n<li>Arany\u00e9rmes, az \u00c9v \u00cdnyenc Bejglije d\u00edj nyertese: MENNYEI AJ\u00c1ND\u00c9K &#8211;&nbsp;Vad\u00f3cz Jen\u0151 \u2013 Promen\u00e1d K\u00e1v\u00e9h\u00e1z, Balatongy\u00f6r\u00f6k<\/li>\n<\/ul>\n<ul>\n<li>Ez\u00fcst\u00e9rmes: PISZT\u00c1CI\u00c1S Bejgli &#8211; Moln\u00e1r Annam\u00e1ria \u2013 F\u00fcge Bolt \u00e9s K\u00e1v\u00e9z\u00f3, Budapest<\/li>\n<\/ul>\n<ul>\n<li>Bronz\u00e9rmes: M\u00c1KOS BIRSALM\u00c1S FEH\u00c9RCSOKIS Bejgli &#8211; K\u00e9pes Gabriella \u2013 K\u00e9peschoco, P\u00e1cin<\/li>\n<\/ul>\n<p>A legmagasabb pontsz\u00e1mot el\u00e9r\u0151 bejglinek j\u00e1r\u00f3 Auguszt Elem\u00e9r k\u00fcl\u00f6nd\u00edj nyertese: Vad\u00f3cz Jen\u0151 \u2013 Promen\u00e1d K\u00e1v\u00e9h\u00e1z, Balatongy\u00f6r\u00f6k<\/p>\n<p>Az \u00c9v \u00cdnyenc Bejglije, a MENNYEI AJ\u00c1ND\u00c9K egy f\u0171szeres, pek\u00e1ndi\u00f3s-karamelliz\u00e1lt alm\u00e1s bejgli, melyben k\u00fcl\u00f6nb\u00f6z\u0151 f\u0171szerek, a szerecsendi\u00f3, a gy\u00f6mb\u00e9r, a szegf\u0171bors \u00e9s a fah\u00e9j adja meg a t\u00f6ltel\u00e9k pikant\u00e9ri\u00e1j\u00e1t, a hagyom\u00e1nyos pozsonyi t\u00e9szt\u00e1ba pedig narancsh\u00e9j is ker\u00fclt.<\/p>\n<p><a href=\"https:\/\/iranyesztergom.hu\/esztergom-mellett-keszul-az-orszag-legjobb-dios-bejglije\/\" target=\"_blank\" rel=\"noopener\"><span style=\"text-decoration: underline; color: #0000ff;\"><strong>Interj\u00fa Kara J\u00f3zsef Zolt\u00e1nn\u00e9val&gt;&gt;<\/strong><\/span><\/a><\/p>\n<p><em>Fot\u00f3k, forr\u00e1s: Magyar Cukr\u00e1sz Ipartest\u00fclet<\/em><\/p>\n","protected":false},"excerpt":{"rendered":"<p>A Magyar Cukr\u00e1sz Ipartest\u00fclet az id\u00e9n harmadik alkalommal hirdette meg az \u00c9v Bejglije versenyt cukr\u00e1szd\u00e1k, vend\u00e9gl\u00e1t\u00f3helyek \u00e9s k\u00e9zm\u0171ves p\u00e9ks\u00e9gek sz\u00e1m\u00e1ra. Az \u00c9v Di\u00f3s Bejglije kateg\u00f3ri\u00e1ban a keszt\u00f6lci Erika Cukr\u00e1szda term\u00e9ke arany\u00e9rmes lett \u2013 k\u00f6z\u00f6lte sajt\u00f3k\u00f6zlem\u00e9ny\u00e9ben a Magyar Cukr\u00e1sz Ipartest\u00fclet. Az Ipartest\u00fclet n\u00e9pszer\u0171 szakmai versenyei \u2013 az \u00c9v Fagylaltja \u00e9s a Magyarorsz\u00e1g Tort\u00e1ja versenyek \u2013 mellett<\/p>\n","protected":false},"author":1,"featured_media":48240,"comment_status":"closed","ping_status":"closed","sticky":false,"template":"","format":"standard","meta":{"ngg_post_thumbnail":0,"footnotes":""},"categories":[3,8],"tags":[6816,5776,6815,5624,129],"class_list":{"0":"post-48239","1":"post","2":"type-post","3":"status-publish","4":"format-standard","5":"has-post-thumbnail","7":"category-hirek","8":"category-kesztolc","9":"tag-diosbejgli","10":"tag-erika-cukraszda","11":"tag-ev-bejglije-verseny","12":"tag-featured","13":"tag-kesztolc"},"yoast_head":"<!-- This site is optimized with the Yoast SEO plugin v27.5 - https:\/\/yoast.com\/product\/yoast-seo-wordpress\/ -->\n<title>Az orsz\u00e1g legjobb di\u00f3sbejglije Keszt\u00f6lc\u00f6n k\u00e9sz\u00fcl!<\/title>\n<meta name=\"robots\" content=\"index, follow, max-snippet:-1, max-image-preview:large, max-video-preview:-1\" \/>\n<link rel=\"canonical\" href=\"https:\/\/dorogimedence.hu\/index.php\/2022\/11\/23\/az-orszag-legjobb-diosbejglije-kesztolcon-keszul\/\" class=\"yoast-seo-meta-tag\" \/>\n<meta property=\"og:locale\" content=\"hu_HU\" class=\"yoast-seo-meta-tag\" \/>\n<meta property=\"og:type\" content=\"article\" class=\"yoast-seo-meta-tag\" \/>\n<meta property=\"og:title\" content=\"Az orsz\u00e1g legjobb di\u00f3sbejglije Keszt\u00f6lc\u00f6n k\u00e9sz\u00fcl!\" class=\"yoast-seo-meta-tag\" \/>\n<meta property=\"og:description\" content=\"A Magyar Cukr\u00e1sz Ipartest\u00fclet az id\u00e9n harmadik alkalommal hirdette meg az \u00c9v Bejglije versenyt cukr\u00e1szd\u00e1k, vend\u00e9gl\u00e1t\u00f3helyek \u00e9s k\u00e9zm\u0171ves p\u00e9ks\u00e9gek sz\u00e1m\u00e1ra. Az \u00c9v Di\u00f3s Bejglije kateg\u00f3ri\u00e1ban a keszt\u00f6lci Erika Cukr\u00e1szda term\u00e9ke arany\u00e9rmes lett \u2013 k\u00f6z\u00f6lte sajt\u00f3k\u00f6zlem\u00e9ny\u00e9ben a Magyar Cukr\u00e1sz Ipartest\u00fclet. Az Ipartest\u00fclet n\u00e9pszer\u0171 szakmai versenyei \u2013 az \u00c9v Fagylaltja \u00e9s a Magyarorsz\u00e1g Tort\u00e1ja versenyek \u2013 mellett\" class=\"yoast-seo-meta-tag\" \/>\n<meta property=\"og:url\" content=\"https:\/\/dorogimedence.hu\/index.php\/2022\/11\/23\/az-orszag-legjobb-diosbejglije-kesztolcon-keszul\/\" class=\"yoast-seo-meta-tag\" \/>\n<meta property=\"og:site_name\" content=\"Dorogi-medence Region\u00e1lis H\u00edrport\u00e1l\" class=\"yoast-seo-meta-tag\" \/>\n<meta property=\"article:publisher\" content=\"https:\/\/www.facebook.com\/dorogimedence\/\" class=\"yoast-seo-meta-tag\" \/>\n<meta property=\"article:published_time\" content=\"2022-11-23T13:18:54+00:00\" class=\"yoast-seo-meta-tag\" \/>\n<meta property=\"article:modified_time\" content=\"2022-11-24T10:13:15+00:00\" class=\"yoast-seo-meta-tag\" \/>\n<meta property=\"og:image\" content=\"https:\/\/dorogimedence.hu\/wp-content\/uploads\/2022\/11\/315838629_507865478036959_8777008453202060098_n.jpg\" class=\"yoast-seo-meta-tag\" \/>\n\t<meta property=\"og:image:width\" content=\"2048\" class=\"yoast-seo-meta-tag\" \/>\n\t<meta property=\"og:image:height\" content=\"1363\" class=\"yoast-seo-meta-tag\" \/>\n\t<meta property=\"og:image:type\" content=\"image\/jpeg\" class=\"yoast-seo-meta-tag\" \/>\n<meta name=\"author\" content=\"dorogimedence.hu\" class=\"yoast-seo-meta-tag\" \/>\n<meta name=\"twitter:card\" content=\"summary_large_image\" class=\"yoast-seo-meta-tag\" \/>\n<meta name=\"twitter:label1\" content=\"Szerz\u0151:\" class=\"yoast-seo-meta-tag\" \/>\n\t<meta name=\"twitter:data1\" content=\"dorogimedence.hu\" class=\"yoast-seo-meta-tag\" \/>\n\t<meta name=\"twitter:label2\" content=\"Becs\u00fclt olvas\u00e1si id\u0151\" class=\"yoast-seo-meta-tag\" \/>\n\t<meta name=\"twitter:data2\" content=\"4 perc\" class=\"yoast-seo-meta-tag\" \/>\n<script type=\"application\/ld+json\" class=\"yoast-schema-graph\">{\"@context\":\"https:\\\/\\\/schema.org\",\"@graph\":[{\"@type\":\"Article\",\"@id\":\"https:\\\/\\\/dorogimedence.hu\\\/index.php\\\/2022\\\/11\\\/23\\\/az-orszag-legjobb-diosbejglije-kesztolcon-keszul\\\/#article\",\"isPartOf\":{\"@id\":\"https:\\\/\\\/dorogimedence.hu\\\/index.php\\\/2022\\\/11\\\/23\\\/az-orszag-legjobb-diosbejglije-kesztolcon-keszul\\\/\"},\"author\":{\"name\":\"dorogimedence.hu\",\"@id\":\"https:\\\/\\\/dorogimedence.hu\\\/#\\\/schema\\\/person\\\/ce6091eeb7e95ecdc87890d6aa8e0fd4\"},\"headline\":\"Az orsz\u00e1g legjobb di\u00f3sbejglije Keszt\u00f6lc\u00f6n k\u00e9sz\u00fcl!\",\"datePublished\":\"2022-11-23T13:18:54+00:00\",\"dateModified\":\"2022-11-24T10:13:15+00:00\",\"mainEntityOfPage\":{\"@id\":\"https:\\\/\\\/dorogimedence.hu\\\/index.php\\\/2022\\\/11\\\/23\\\/az-orszag-legjobb-diosbejglije-kesztolcon-keszul\\\/\"},\"wordCount\":828,\"publisher\":{\"@id\":\"https:\\\/\\\/dorogimedence.hu\\\/#organization\"},\"image\":{\"@id\":\"https:\\\/\\\/dorogimedence.hu\\\/index.php\\\/2022\\\/11\\\/23\\\/az-orszag-legjobb-diosbejglije-kesztolcon-keszul\\\/#primaryimage\"},\"thumbnailUrl\":\"https:\\\/\\\/dorogimedence.hu\\\/wp-content\\\/uploads\\\/2022\\\/11\\\/315838629_507865478036959_8777008453202060098_n.jpg\",\"keywords\":[\"di\u00f3sbejgli\",\"Erika Cukr\u00e1szda\",\"\u00c9v Bejglije verseny\",\"featured\",\"Keszt\u00f6lc\"],\"articleSection\":[\"H\u00edrek\",\"Keszt\u00f6lc\"],\"inLanguage\":\"hu\"},{\"@type\":\"WebPage\",\"@id\":\"https:\\\/\\\/dorogimedence.hu\\\/index.php\\\/2022\\\/11\\\/23\\\/az-orszag-legjobb-diosbejglije-kesztolcon-keszul\\\/\",\"url\":\"https:\\\/\\\/dorogimedence.hu\\\/index.php\\\/2022\\\/11\\\/23\\\/az-orszag-legjobb-diosbejglije-kesztolcon-keszul\\\/\",\"name\":\"Az orsz\u00e1g legjobb di\u00f3sbejglije Keszt\u00f6lc\u00f6n k\u00e9sz\u00fcl!\",\"isPartOf\":{\"@id\":\"https:\\\/\\\/dorogimedence.hu\\\/#website\"},\"primaryImageOfPage\":{\"@id\":\"https:\\\/\\\/dorogimedence.hu\\\/index.php\\\/2022\\\/11\\\/23\\\/az-orszag-legjobb-diosbejglije-kesztolcon-keszul\\\/#primaryimage\"},\"image\":{\"@id\":\"https:\\\/\\\/dorogimedence.hu\\\/index.php\\\/2022\\\/11\\\/23\\\/az-orszag-legjobb-diosbejglije-kesztolcon-keszul\\\/#primaryimage\"},\"thumbnailUrl\":\"https:\\\/\\\/dorogimedence.hu\\\/wp-content\\\/uploads\\\/2022\\\/11\\\/315838629_507865478036959_8777008453202060098_n.jpg\",\"datePublished\":\"2022-11-23T13:18:54+00:00\",\"dateModified\":\"2022-11-24T10:13:15+00:00\",\"breadcrumb\":{\"@id\":\"https:\\\/\\\/dorogimedence.hu\\\/index.php\\\/2022\\\/11\\\/23\\\/az-orszag-legjobb-diosbejglije-kesztolcon-keszul\\\/#breadcrumb\"},\"inLanguage\":\"hu\",\"potentialAction\":[{\"@type\":\"ReadAction\",\"target\":[\"https:\\\/\\\/dorogimedence.hu\\\/index.php\\\/2022\\\/11\\\/23\\\/az-orszag-legjobb-diosbejglije-kesztolcon-keszul\\\/\"]}]},{\"@type\":\"ImageObject\",\"inLanguage\":\"hu\",\"@id\":\"https:\\\/\\\/dorogimedence.hu\\\/index.php\\\/2022\\\/11\\\/23\\\/az-orszag-legjobb-diosbejglije-kesztolcon-keszul\\\/#primaryimage\",\"url\":\"https:\\\/\\\/dorogimedence.hu\\\/wp-content\\\/uploads\\\/2022\\\/11\\\/315838629_507865478036959_8777008453202060098_n.jpg\",\"contentUrl\":\"https:\\\/\\\/dorogimedence.hu\\\/wp-content\\\/uploads\\\/2022\\\/11\\\/315838629_507865478036959_8777008453202060098_n.jpg\",\"width\":2048,\"height\":1363},{\"@type\":\"BreadcrumbList\",\"@id\":\"https:\\\/\\\/dorogimedence.hu\\\/index.php\\\/2022\\\/11\\\/23\\\/az-orszag-legjobb-diosbejglije-kesztolcon-keszul\\\/#breadcrumb\",\"itemListElement\":[{\"@type\":\"ListItem\",\"position\":1,\"name\":\"Kezd\u0151lap\",\"item\":\"https:\\\/\\\/dorogimedence.hu\\\/\"},{\"@type\":\"ListItem\",\"position\":2,\"name\":\"Az orsz\u00e1g legjobb di\u00f3sbejglije Keszt\u00f6lc\u00f6n k\u00e9sz\u00fcl!\"}]},{\"@type\":\"WebSite\",\"@id\":\"https:\\\/\\\/dorogimedence.hu\\\/#website\",\"url\":\"https:\\\/\\\/dorogimedence.hu\\\/\",\"name\":\"Dorogi-medence Region\u00e1lis H\u00edrport\u00e1l\",\"description\":\"Dorog, Keszt\u00f6lc, Le\u00e1nyv\u00e1r, Piliscs\u00e9v, Tokod, Tokodalt\u00e1r\u00f3, Csolnok, Esztergom-kertv\u00e1ros: h\u00edrek, programok\",\"publisher\":{\"@id\":\"https:\\\/\\\/dorogimedence.hu\\\/#organization\"},\"potentialAction\":[{\"@type\":\"SearchAction\",\"target\":{\"@type\":\"EntryPoint\",\"urlTemplate\":\"https:\\\/\\\/dorogimedence.hu\\\/?s={search_term_string}\"},\"query-input\":{\"@type\":\"PropertyValueSpecification\",\"valueRequired\":true,\"valueName\":\"search_term_string\"}}],\"inLanguage\":\"hu\"},{\"@type\":\"Organization\",\"@id\":\"https:\\\/\\\/dorogimedence.hu\\\/#organization\",\"name\":\"Dorogi-medence Region\u00e1lis H\u00edrport\u00e1l\",\"url\":\"https:\\\/\\\/dorogimedence.hu\\\/\",\"logo\":{\"@type\":\"ImageObject\",\"inLanguage\":\"hu\",\"@id\":\"https:\\\/\\\/dorogimedence.hu\\\/#\\\/schema\\\/logo\\\/image\\\/\",\"url\":\"https:\\\/\\\/dorogimedence.hu\\\/wp-content\\\/uploads\\\/2021\\\/04\\\/logo-feher-600.png\",\"contentUrl\":\"https:\\\/\\\/dorogimedence.hu\\\/wp-content\\\/uploads\\\/2021\\\/04\\\/logo-feher-600.png\",\"width\":600,\"height\":100,\"caption\":\"Dorogi-medence Region\u00e1lis H\u00edrport\u00e1l\"},\"image\":{\"@id\":\"https:\\\/\\\/dorogimedence.hu\\\/#\\\/schema\\\/logo\\\/image\\\/\"},\"sameAs\":[\"https:\\\/\\\/www.facebook.com\\\/dorogimedence\\\/\"]},{\"@type\":\"Person\",\"@id\":\"https:\\\/\\\/dorogimedence.hu\\\/#\\\/schema\\\/person\\\/ce6091eeb7e95ecdc87890d6aa8e0fd4\",\"name\":\"dorogimedence.hu\",\"image\":{\"@type\":\"ImageObject\",\"inLanguage\":\"hu\",\"@id\":\"\\\/\\\/www.gravatar.com\\\/avatar\\\/d8d45f8901aadff40a4af72c0b826f1d?s=96&#038;r=g&#038;d=mm\",\"url\":\"\\\/\\\/www.gravatar.com\\\/avatar\\\/d8d45f8901aadff40a4af72c0b826f1d?s=96&#038;r=g&#038;d=mm\",\"contentUrl\":\"\\\/\\\/www.gravatar.com\\\/avatar\\\/d8d45f8901aadff40a4af72c0b826f1d?s=96&#038;r=g&#038;d=mm\",\"caption\":\"dorogimedence.hu\"}}]}<\/script>\n<!-- \/ Yoast SEO plugin. -->","yoast_head_json":{"title":"Az orsz\u00e1g legjobb di\u00f3sbejglije Keszt\u00f6lc\u00f6n k\u00e9sz\u00fcl!","robots":{"index":"index","follow":"follow","max-snippet":"max-snippet:-1","max-image-preview":"max-image-preview:large","max-video-preview":"max-video-preview:-1"},"canonical":"https:\/\/dorogimedence.hu\/index.php\/2022\/11\/23\/az-orszag-legjobb-diosbejglije-kesztolcon-keszul\/","og_locale":"hu_HU","og_type":"article","og_title":"Az orsz\u00e1g legjobb di\u00f3sbejglije Keszt\u00f6lc\u00f6n k\u00e9sz\u00fcl!","og_description":"A Magyar Cukr\u00e1sz Ipartest\u00fclet az id\u00e9n harmadik alkalommal hirdette meg az \u00c9v Bejglije versenyt cukr\u00e1szd\u00e1k, vend\u00e9gl\u00e1t\u00f3helyek \u00e9s k\u00e9zm\u0171ves p\u00e9ks\u00e9gek sz\u00e1m\u00e1ra. Az \u00c9v Di\u00f3s Bejglije kateg\u00f3ri\u00e1ban a keszt\u00f6lci Erika Cukr\u00e1szda term\u00e9ke arany\u00e9rmes lett \u2013 k\u00f6z\u00f6lte sajt\u00f3k\u00f6zlem\u00e9ny\u00e9ben a Magyar Cukr\u00e1sz Ipartest\u00fclet. Az Ipartest\u00fclet n\u00e9pszer\u0171 szakmai versenyei \u2013 az \u00c9v Fagylaltja \u00e9s a Magyarorsz\u00e1g Tort\u00e1ja versenyek \u2013 mellett","og_url":"https:\/\/dorogimedence.hu\/index.php\/2022\/11\/23\/az-orszag-legjobb-diosbejglije-kesztolcon-keszul\/","og_site_name":"Dorogi-medence Region\u00e1lis H\u00edrport\u00e1l","article_publisher":"https:\/\/www.facebook.com\/dorogimedence\/","article_published_time":"2022-11-23T13:18:54+00:00","article_modified_time":"2022-11-24T10:13:15+00:00","og_image":[{"width":2048,"height":1363,"url":"https:\/\/dorogimedence.hu\/wp-content\/uploads\/2022\/11\/315838629_507865478036959_8777008453202060098_n.jpg","type":"image\/jpeg"}],"author":"dorogimedence.hu","twitter_card":"summary_large_image","twitter_misc":{"Szerz\u0151:":"dorogimedence.hu","Becs\u00fclt olvas\u00e1si id\u0151":"4 perc"},"schema":{"@context":"https:\/\/schema.org","@graph":[{"@type":"Article","@id":"https:\/\/dorogimedence.hu\/index.php\/2022\/11\/23\/az-orszag-legjobb-diosbejglije-kesztolcon-keszul\/#article","isPartOf":{"@id":"https:\/\/dorogimedence.hu\/index.php\/2022\/11\/23\/az-orszag-legjobb-diosbejglije-kesztolcon-keszul\/"},"author":{"name":"dorogimedence.hu","@id":"https:\/\/dorogimedence.hu\/#\/schema\/person\/ce6091eeb7e95ecdc87890d6aa8e0fd4"},"headline":"Az orsz\u00e1g legjobb di\u00f3sbejglije Keszt\u00f6lc\u00f6n k\u00e9sz\u00fcl!","datePublished":"2022-11-23T13:18:54+00:00","dateModified":"2022-11-24T10:13:15+00:00","mainEntityOfPage":{"@id":"https:\/\/dorogimedence.hu\/index.php\/2022\/11\/23\/az-orszag-legjobb-diosbejglije-kesztolcon-keszul\/"},"wordCount":828,"publisher":{"@id":"https:\/\/dorogimedence.hu\/#organization"},"image":{"@id":"https:\/\/dorogimedence.hu\/index.php\/2022\/11\/23\/az-orszag-legjobb-diosbejglije-kesztolcon-keszul\/#primaryimage"},"thumbnailUrl":"https:\/\/dorogimedence.hu\/wp-content\/uploads\/2022\/11\/315838629_507865478036959_8777008453202060098_n.jpg","keywords":["di\u00f3sbejgli","Erika Cukr\u00e1szda","\u00c9v Bejglije verseny","featured","Keszt\u00f6lc"],"articleSection":["H\u00edrek","Keszt\u00f6lc"],"inLanguage":"hu"},{"@type":"WebPage","@id":"https:\/\/dorogimedence.hu\/index.php\/2022\/11\/23\/az-orszag-legjobb-diosbejglije-kesztolcon-keszul\/","url":"https:\/\/dorogimedence.hu\/index.php\/2022\/11\/23\/az-orszag-legjobb-diosbejglije-kesztolcon-keszul\/","name":"Az orsz\u00e1g legjobb di\u00f3sbejglije Keszt\u00f6lc\u00f6n k\u00e9sz\u00fcl!","isPartOf":{"@id":"https:\/\/dorogimedence.hu\/#website"},"primaryImageOfPage":{"@id":"https:\/\/dorogimedence.hu\/index.php\/2022\/11\/23\/az-orszag-legjobb-diosbejglije-kesztolcon-keszul\/#primaryimage"},"image":{"@id":"https:\/\/dorogimedence.hu\/index.php\/2022\/11\/23\/az-orszag-legjobb-diosbejglije-kesztolcon-keszul\/#primaryimage"},"thumbnailUrl":"https:\/\/dorogimedence.hu\/wp-content\/uploads\/2022\/11\/315838629_507865478036959_8777008453202060098_n.jpg","datePublished":"2022-11-23T13:18:54+00:00","dateModified":"2022-11-24T10:13:15+00:00","breadcrumb":{"@id":"https:\/\/dorogimedence.hu\/index.php\/2022\/11\/23\/az-orszag-legjobb-diosbejglije-kesztolcon-keszul\/#breadcrumb"},"inLanguage":"hu","potentialAction":[{"@type":"ReadAction","target":["https:\/\/dorogimedence.hu\/index.php\/2022\/11\/23\/az-orszag-legjobb-diosbejglije-kesztolcon-keszul\/"]}]},{"@type":"ImageObject","inLanguage":"hu","@id":"https:\/\/dorogimedence.hu\/index.php\/2022\/11\/23\/az-orszag-legjobb-diosbejglije-kesztolcon-keszul\/#primaryimage","url":"https:\/\/dorogimedence.hu\/wp-content\/uploads\/2022\/11\/315838629_507865478036959_8777008453202060098_n.jpg","contentUrl":"https:\/\/dorogimedence.hu\/wp-content\/uploads\/2022\/11\/315838629_507865478036959_8777008453202060098_n.jpg","width":2048,"height":1363},{"@type":"BreadcrumbList","@id":"https:\/\/dorogimedence.hu\/index.php\/2022\/11\/23\/az-orszag-legjobb-diosbejglije-kesztolcon-keszul\/#breadcrumb","itemListElement":[{"@type":"ListItem","position":1,"name":"Kezd\u0151lap","item":"https:\/\/dorogimedence.hu\/"},{"@type":"ListItem","position":2,"name":"Az orsz\u00e1g legjobb di\u00f3sbejglije Keszt\u00f6lc\u00f6n k\u00e9sz\u00fcl!"}]},{"@type":"WebSite","@id":"https:\/\/dorogimedence.hu\/#website","url":"https:\/\/dorogimedence.hu\/","name":"Dorogi-medence Region\u00e1lis H\u00edrport\u00e1l","description":"Dorog, Keszt\u00f6lc, Le\u00e1nyv\u00e1r, Piliscs\u00e9v, Tokod, Tokodalt\u00e1r\u00f3, Csolnok, Esztergom-kertv\u00e1ros: h\u00edrek, programok","publisher":{"@id":"https:\/\/dorogimedence.hu\/#organization"},"potentialAction":[{"@type":"SearchAction","target":{"@type":"EntryPoint","urlTemplate":"https:\/\/dorogimedence.hu\/?s={search_term_string}"},"query-input":{"@type":"PropertyValueSpecification","valueRequired":true,"valueName":"search_term_string"}}],"inLanguage":"hu"},{"@type":"Organization","@id":"https:\/\/dorogimedence.hu\/#organization","name":"Dorogi-medence Region\u00e1lis H\u00edrport\u00e1l","url":"https:\/\/dorogimedence.hu\/","logo":{"@type":"ImageObject","inLanguage":"hu","@id":"https:\/\/dorogimedence.hu\/#\/schema\/logo\/image\/","url":"https:\/\/dorogimedence.hu\/wp-content\/uploads\/2021\/04\/logo-feher-600.png","contentUrl":"https:\/\/dorogimedence.hu\/wp-content\/uploads\/2021\/04\/logo-feher-600.png","width":600,"height":100,"caption":"Dorogi-medence Region\u00e1lis H\u00edrport\u00e1l"},"image":{"@id":"https:\/\/dorogimedence.hu\/#\/schema\/logo\/image\/"},"sameAs":["https:\/\/www.facebook.com\/dorogimedence\/"]},{"@type":"Person","@id":"https:\/\/dorogimedence.hu\/#\/schema\/person\/ce6091eeb7e95ecdc87890d6aa8e0fd4","name":"dorogimedence.hu","image":{"@type":"ImageObject","inLanguage":"hu","@id":"\/\/www.gravatar.com\/avatar\/d8d45f8901aadff40a4af72c0b826f1d?s=96&#038;r=g&#038;d=mm","url":"\/\/www.gravatar.com\/avatar\/d8d45f8901aadff40a4af72c0b826f1d?s=96&#038;r=g&#038;d=mm","contentUrl":"\/\/www.gravatar.com\/avatar\/d8d45f8901aadff40a4af72c0b826f1d?s=96&#038;r=g&#038;d=mm","caption":"dorogimedence.hu"}}]}},"_links":{"self":[{"href":"https:\/\/dorogimedence.hu\/index.php\/wp-json\/wp\/v2\/posts\/48239","targetHints":{"allow":["GET"]}}],"collection":[{"href":"https:\/\/dorogimedence.hu\/index.php\/wp-json\/wp\/v2\/posts"}],"about":[{"href":"https:\/\/dorogimedence.hu\/index.php\/wp-json\/wp\/v2\/types\/post"}],"author":[{"embeddable":true,"href":"https:\/\/dorogimedence.hu\/index.php\/wp-json\/wp\/v2\/users\/1"}],"replies":[{"embeddable":true,"href":"https:\/\/dorogimedence.hu\/index.php\/wp-json\/wp\/v2\/comments?post=48239"}],"version-history":[{"count":0,"href":"https:\/\/dorogimedence.hu\/index.php\/wp-json\/wp\/v2\/posts\/48239\/revisions"}],"wp:featuredmedia":[{"embeddable":true,"href":"https:\/\/dorogimedence.hu\/index.php\/wp-json\/wp\/v2\/media\/48240"}],"wp:attachment":[{"href":"https:\/\/dorogimedence.hu\/index.php\/wp-json\/wp\/v2\/media?parent=48239"}],"wp:term":[{"taxonomy":"category","embeddable":true,"href":"https:\/\/dorogimedence.hu\/index.php\/wp-json\/wp\/v2\/categories?post=48239"},{"taxonomy":"post_tag","embeddable":true,"href":"https:\/\/dorogimedence.hu\/index.php\/wp-json\/wp\/v2\/tags?post=48239"}],"curies":[{"name":"wp","href":"https:\/\/api.w.org\/{rel}","templated":true}]}}