{"id":47993,"date":"2022-11-11T11:58:17","date_gmt":"2022-11-11T10:58:17","guid":{"rendered":"https:\/\/dorogimedence.hu\/?p=47993"},"modified":"2022-11-11T12:01:09","modified_gmt":"2022-11-11T11:01:09","slug":"januartol-arat-emel-a-digi-csoport","status":"publish","type":"post","link":"https:\/\/dorogimedence.hu\/index.php\/2022\/11\/11\/januartol-arat-emel-a-digi-csoport\/","title":{"rendered":"Janu\u00e1rt\u00f3l \u00e1rat emel a Digi csoport"},"content":{"rendered":"<p><strong>A DIGI T\u00e1vk\u00f6zl\u00e9si \u00e9s Szolg\u00e1ltat\u00f3 Kft. (DIGI), valamint a t\u00e1rsas\u00e1gba olvad\u00f3 Invitel Zrt. 2023. janu\u00e1r 1-t\u0151l m\u00f3dos\u00edtja vezet\u00e9kes \u00e9s m\u0171holdas szolg\u00e1ltat\u00e1sainak lista\u00e1r\u00e1t. Az \u00e1remel\u00e9s a h\u0171s\u00e9gid\u0151s szerz\u0151d\u00e9ssel rendelkez\u0151 \u00fcgyfeleket nem \u00e9rinti<\/strong> <em>&#8211; k\u00f6z\u00f6lte november 11-\u00e9n a szolg\u00e1ltat\u00f3 a <a href=\"https:\/\/digi.hu\/hirek\/januartol-arat-emel-digi-csoport\" target=\"_blank\" rel=\"noopener\"><span style=\"text-decoration: underline; color: #0000ff;\">honlapj\u00e1n<\/span><\/a>.&nbsp;<\/em><\/p>\n<p>A DIGI Csoport az \u00e1rv\u00e1ltoz\u00e1s m\u00e9rs\u00e9kl\u00e9s\u00e9re meg\u00fajult elektronikus sz\u00e1mlacsomagot (e-Pack) \u00e9s \u00faj h\u0171s\u00e9gprogramot ind\u00edt. Ennek k\u00f6sz\u00f6nhet\u0151en a m\u0171holdas, a k\u00e9t vagy h\u00e1rom vezet\u00e9kes szolg\u00e1ltat\u00e1sra el\u0151fizet\u0151 \u00fcgyfelek ak\u00e1r v\u00e1ltozatlan \u00e1ron juthatnak majd a DIGI szolg\u00e1ltat\u00e1saihoz 2023 janu\u00e1rja ut\u00e1n is, m\u00edg a kiz\u00e1r\u00f3lag vezet\u00e9kes internet, vagy csak m\u0171holdas szolg\u00e1ltat\u00e1st ig\u00e9nybe vev\u0151k 1000 forinttal m\u00e9rs\u00e9kelhetik a d\u00edjemel\u00e9st.<\/p>\n<p>Az elektronikus sz\u00e1ml\u00e1z\u00e1sra val\u00f3 \u00e1tt\u00e9r\u00e9sr\u0151l, \u00e9s a h\u0171s\u00e9gid\u0151 v\u00e1llal\u00e1s\u00e1r\u00f3l az el\u0151fizet\u0151k a szolg\u00e1ltat\u00f3 honlapj\u00e1n tal\u00e1lhat\u00f3 \u00fcgyf\u00e9lkapun vagy mobilapplik\u00e1ci\u00f3n kereszt\u00fcl, illetve a DIGI \u00e9s Invitel orsz\u00e1gosan m\u0171k\u00f6d\u0151 55 \u00fcgyf\u00e9lszolg\u00e1lati pontj\u00e1n,&nbsp;tov\u00e1bb\u00e1 a&nbsp;1272-es telefonsz\u00e1mon&nbsp;nyilatkozhatnak. Amennyiben ezt a nyilatkozatot a DIGI el\u0151fizet\u0151k legk\u00e9s\u0151bb 2022. december 5-ig, a jelenlegi Invitel el\u0151fizet\u0151k pedig 2022. december 15-ig megteszik, abban az esetben m\u00e1r 2023 janu\u00e1ri sz\u00e1ml\u00e1jukban j\u00f3v\u00e1\u00edr\u00e1sra ker\u00fcl a kiv\u00e1lasztott kedvezm\u00e9ny \u00f6sszege.<\/p>\n<p>A magyar telekommunik\u00e1ci\u00f3s szektor t\u00f6bb szerepl\u0151j\u00e9hez hasonl\u00f3an a DIGI is a jelenlegi makrogazdas\u00e1gi helyzethez igaz\u00edtja szolg\u00e1ltat\u00e1sainak \u00e1raz\u00e1s\u00e1t. A magyarorsz\u00e1gi \u00e1rsz\u00ednvonal megszokottn\u00e1l jelent\u0151sen gyorsabb emelked\u00e9se \u00e9s az energiav\u00e1ls\u00e1g egyar\u00e1nt n\u00f6velte a v\u00e1llalat m\u0171k\u00f6d\u00e9si k\u00f6lts\u00e9geit, ennek ellens\u00falyoz\u00e1sa \u00e9rdek\u00e9ben v\u00e1lt sz\u00fcks\u00e9gess\u00e9 az el\u0151fizet\u0151i d\u00edjak emel\u00e9se. &nbsp;Az \u00e1rv\u00e1ltoz\u00e1s&nbsp;valamennyi DIGI \u00e9s az Invitel k\u00e1beltelev\u00edzi\u00f3, internet \u00e9s vezet\u00e9kes telefon szolg\u00e1ltat\u00e1s\u00e1t, valamint a DIGI m\u0171holdas szolg\u00e1ltat\u00e1sait is \u00e9rinti. Ez&nbsp;al\u00f3l kiv\u00e9telt a hat\u00e1rozott h\u0171s\u00e9gid\u0151s szerz\u0151d\u00e9ssel rendelkez\u0151 \u00fcgyfelek jelentik, sz\u00e1mukra a DIGI a v\u00e1llalt h\u0171s\u00e9gid\u0151 v\u00e9g\u00e9ig v\u00e1ltozatlan \u00e1ron biztos\u00edtja szolg\u00e1ltat\u00e1sait.<\/p>\n<p>Az \u00f6n\u00e1ll\u00f3 vezet\u00e9kes internet szolg\u00e1ltat\u00e1ssal rendelkez\u0151 \u00fcgyfelek el\u0151fizet\u00e9s\u00e9nek \u00e1ra 2.000 forinttal, a csak m\u0171holdas (DTH) el\u0151fizet\u00e9ssel rendelkez\u0151 \u00fcgyfelek szolg\u00e1ltat\u00e1sainak \u00e1ra 1.000 forinttal, m\u00edg a k\u00e9t vagy h\u00e1rom vezet\u00e9kes szolg\u00e1ltat\u00e1ssal rendelkez\u0151k csomagjai 1.500 forinttal ker\u00fclnek t\u00f6bbe janu\u00e1rt\u00f3l.<\/p>\n<p>Az el\u0151fizet\u0151i ig\u00e9nyek \u00e9s \u00fcgyf\u00e9l\u00e9lm\u00e9ny biztos\u00edt\u00e1sa mellett a DIGI tov\u00e1bbra is elk\u00f6telezett a kedvez\u0151 \u00e1r-\u00e9rt\u00e9k ar\u00e1ny\u00fa, magas min\u0151s\u00e9g\u0171 szolg\u00e1ltat\u00e1sok mellett. Ennek \u00e9rdek\u00e9ben az \u00e1rv\u00e1ltoz\u00e1ssal egy id\u0151ben a szolg\u00e1ltat\u00f3&nbsp;h\u0171s\u00e9gprogramot&nbsp;\u00e9s&nbsp;e-Pack&nbsp;n\u00e9ven \u00faj elektronikus sz\u00e1ml\u00e1z\u00e1si csomagot \u00e9s ehhez kapcsol\u00f3d\u00f3 kedvezm\u00e9nyt vezet be. A most bevezetett h\u0171s\u00e9gprogrammal a&nbsp;12 h\u00f3napos h\u0171s\u00e9gid\u0151t v\u00e1llal\u00f3 \u00fcgyfelek&nbsp;sz\u00e1m\u00e1ra \u2013 a 2023. janu\u00e1r 1-t\u0151l \u00e9rv\u00e9nyes lista\u00e1rakhoz k\u00e9pest \u2013 az&nbsp;egy term\u00e9kkel rendelkez\u0151k eset\u00e9ben 500 forint, a&nbsp;k\u00e9t vagy h\u00e1rom szolg\u00e1ltat\u00e1sra el\u0151fizet\u0151kn\u00e9l 1000 forint havid\u00edj kedvezm\u00e9nyt&nbsp;biztos\u00edt a DIGI. Emellett az az&nbsp;\u00faj e-Pack csomaghoz kapcsol\u00f3d\u00f3 kedvezm\u00e9ny&nbsp;aktiv\u00e1l\u00e1sa havonta tov\u00e1bbi&nbsp;500 forint szolg\u00e1ltat\u00e1si d\u00edjkedvezm\u00e9nyt&nbsp;is jelenthet az el\u0151fizet\u0151knek. Az \u00faj d\u00edjkedvezm\u00e9nnyel minden vezet\u00e9kes vagy m\u0171holdas szolg\u00e1ltat\u00e1st ig\u00e9nybe vev\u0151 el\u0151fizet\u0151 \u00e9lhet. Fontos, hogy a kor\u00e1bban m\u00e1r elektronikus sz\u00e1ml\u00e1z\u00e1sra \u00e1t\u00e1llt \u00fcgyfeleknek is nyilatkozniuk kell, amennyiben az \u00faj e-Pack csomagot \u00e9s a hozz\u00e1 tartoz\u00f3 kedvezm\u00e9nyt ig\u00e9nybe szeretn\u00e9k venni.<\/p>\n<p>A kedvezm\u00e9nyeket minden \u00faj el\u0151fizet\u0151 \u00e9s a m\u00e1r lej\u00e1rt h\u0171s\u00e9gidej\u0171 szerz\u0151d\u00e9ssel rendelkez\u0151 \u00fcgyf\u00e9l is ig\u00e9nybe veheti. A kedvezm\u00e9nyek \u00e9rv\u00e9nyes\u00edt\u00e9s\u00e9re a sz\u00e1mlalevelek k\u00e9zhezv\u00e9tel\u00e9t\u0151l, legkor\u00e1bban 2022. november 11-t\u0151l lesz lehet\u0151s\u00e9g.<\/p>\n<p>Az \u00fcgyfelek a 2023. janu\u00e1rt\u00f3l \u00e9rv\u00e9nyes \u00faj \u00e1rakr\u00f3l, felt\u00e9telekr\u0151l \u00e9s a kedvezm\u00e9nyek ig\u00e9nybev\u00e9tel\u00e9nek r\u00e9szleteir\u0151l a megl\u00e9v\u0151 el\u0151fizet\u0151k sz\u00e1m\u00e1ra a sz\u00e1mlalev\u00e9llel egy\u00fctt megk\u00fcld\u00f6tt t\u00e1j\u00e9koztat\u00f3b\u00f3l, valamint a t\u00e1rsas\u00e1g honlapj\u00e1n el\u00e9rhet\u0151&nbsp;<span style=\"text-decoration: underline; color: #0000ff;\"><a style=\"color: #0000ff; text-decoration: underline;\" href=\"https:\/\/digi.hu\/aszf\" target=\"_blank\" rel=\"noopener\">\u00c1ltal\u00e1nos Szerz\u0151d\u00e9si Felt\u00e9teleket<\/a><\/span>&nbsp;tartalmaz\u00f3 dokumentumb\u00f3l, vagy a&nbsp;<span style=\"text-decoration: underline; color: #0000ff;\"><a style=\"color: #0000ff; text-decoration: underline;\" href=\"https:\/\/digi.hu\/kedvezmenyek\" target=\"_blank\" rel=\"noopener\">www.digi.hu\/kedvezmenyek<\/a><\/span>&nbsp;oldalon kaphatnak teljesk\u00f6r\u0171 t\u00e1j\u00e9koztat\u00e1st.<\/p>\n<p>Az elektronikus sz\u00e1ml\u00e1z\u00e1sra val\u00f3 \u00e1tt\u00e9r\u00e9sr\u0151l, \u00e9s a h\u0171s\u00e9gid\u0151 v\u00e1llal\u00e1s\u00e1r\u00f3l a szolg\u00e1ltat\u00f3 online \u00fcgyf\u00e9lkapuj\u00e1n kereszt\u00fcl (<a href=\"https:\/\/ugyfelkapu.digi.hu\/\" target=\"_blank\" rel=\"nofollow noopener\"><span style=\"text-decoration: underline; color: #0000ff;\">ugyfelkapu.digi.hu<\/span><\/a>) vagy mobilapplik\u00e1ci\u00f3ja seg\u00edts\u00e9g\u00e9vel, illetve a DIGI \u00e9s Invitel orsz\u00e1gosan m\u0171k\u00f6d\u0151 55 \u00fcgyf\u00e9lszolg\u00e1lati pontj\u00e1n, tov\u00e1bb\u00e1 a 1272-es telefonsz\u00e1mon is t\u00e1j\u00e9koz\u00f3dhatnak, valamint nyilatkozhatnak az \u00faj \u00e9s megl\u00e9v\u0151 \u00fcgyfelek.<\/p>\n<p><em>Forr\u00e1s: digi.hu<\/em><br \/>\n<em>Bor\u00edt\u00f3k\u00e9p: a Digi V\u00e1ci \u00fati sz\u00e9kh\u00e1za (Forr\u00e1s: Digi)<\/em><\/p>\n","protected":false},"excerpt":{"rendered":"<p>A DIGI T\u00e1vk\u00f6zl\u00e9si \u00e9s Szolg\u00e1ltat\u00f3 Kft. (DIGI), valamint a t\u00e1rsas\u00e1gba olvad\u00f3 Invitel Zrt. 2023. janu\u00e1r 1-t\u0151l m\u00f3dos\u00edtja vezet\u00e9kes \u00e9s m\u0171holdas szolg\u00e1ltat\u00e1sainak lista\u00e1r\u00e1t. Az \u00e1remel\u00e9s a h\u0171s\u00e9gid\u0151s szerz\u0151d\u00e9ssel rendelkez\u0151 \u00fcgyfeleket nem \u00e9rinti &#8211; k\u00f6z\u00f6lte november 11-\u00e9n a szolg\u00e1ltat\u00f3 a honlapj\u00e1n.&nbsp; A DIGI Csoport az \u00e1rv\u00e1ltoz\u00e1s m\u00e9rs\u00e9kl\u00e9s\u00e9re meg\u00fajult elektronikus sz\u00e1mlacsomagot (e-Pack) \u00e9s \u00faj h\u0171s\u00e9gprogramot ind\u00edt. Ennek k\u00f6sz\u00f6nhet\u0151en<\/p>\n","protected":false},"author":1,"featured_media":47994,"comment_status":"closed","ping_status":"closed","sticky":false,"template":"","format":"standard","meta":{"ngg_post_thumbnail":0,"footnotes":""},"categories":[3],"tags":[6791],"class_list":{"0":"post-47993","1":"post","2":"type-post","3":"status-publish","4":"format-standard","5":"has-post-thumbnail","7":"category-hirek","8":"tag-digi"},"yoast_head":"<!-- This site is optimized with the Yoast SEO plugin v27.5 - https:\/\/yoast.com\/product\/yoast-seo-wordpress\/ -->\n<title>Janu\u00e1rt\u00f3l \u00e1rat emel a Digi csoport<\/title>\n<meta name=\"robots\" content=\"index, follow, max-snippet:-1, max-image-preview:large, max-video-preview:-1\" \/>\n<link rel=\"canonical\" href=\"https:\/\/dorogimedence.hu\/index.php\/2022\/11\/11\/januartol-arat-emel-a-digi-csoport\/\" class=\"yoast-seo-meta-tag\" \/>\n<meta property=\"og:locale\" content=\"hu_HU\" class=\"yoast-seo-meta-tag\" \/>\n<meta property=\"og:type\" content=\"article\" class=\"yoast-seo-meta-tag\" \/>\n<meta property=\"og:title\" content=\"Janu\u00e1rt\u00f3l \u00e1rat emel a Digi csoport\" class=\"yoast-seo-meta-tag\" \/>\n<meta property=\"og:description\" content=\"A DIGI T\u00e1vk\u00f6zl\u00e9si \u00e9s Szolg\u00e1ltat\u00f3 Kft. (DIGI), valamint a t\u00e1rsas\u00e1gba olvad\u00f3 Invitel Zrt. 2023. janu\u00e1r 1-t\u0151l m\u00f3dos\u00edtja vezet\u00e9kes \u00e9s m\u0171holdas szolg\u00e1ltat\u00e1sainak lista\u00e1r\u00e1t. Az \u00e1remel\u00e9s a h\u0171s\u00e9gid\u0151s szerz\u0151d\u00e9ssel rendelkez\u0151 \u00fcgyfeleket nem \u00e9rinti &#8211; k\u00f6z\u00f6lte november 11-\u00e9n a szolg\u00e1ltat\u00f3 a honlapj\u00e1n.&nbsp; A DIGI Csoport az \u00e1rv\u00e1ltoz\u00e1s m\u00e9rs\u00e9kl\u00e9s\u00e9re meg\u00fajult elektronikus sz\u00e1mlacsomagot (e-Pack) \u00e9s \u00faj h\u0171s\u00e9gprogramot ind\u00edt. Ennek k\u00f6sz\u00f6nhet\u0151en\" class=\"yoast-seo-meta-tag\" \/>\n<meta property=\"og:url\" content=\"https:\/\/dorogimedence.hu\/index.php\/2022\/11\/11\/januartol-arat-emel-a-digi-csoport\/\" class=\"yoast-seo-meta-tag\" \/>\n<meta property=\"og:site_name\" content=\"Dorogi-medence Region\u00e1lis H\u00edrport\u00e1l\" class=\"yoast-seo-meta-tag\" \/>\n<meta property=\"article:publisher\" content=\"https:\/\/www.facebook.com\/dorogimedence\/\" class=\"yoast-seo-meta-tag\" \/>\n<meta property=\"article:published_time\" content=\"2022-11-11T10:58:17+00:00\" class=\"yoast-seo-meta-tag\" \/>\n<meta property=\"article:modified_time\" content=\"2022-11-11T11:01:09+00:00\" class=\"yoast-seo-meta-tag\" \/>\n<meta property=\"og:image\" content=\"https:\/\/dorogimedence.hu\/wp-content\/uploads\/2022\/11\/digi_hq_vaci.jpg\" class=\"yoast-seo-meta-tag\" \/>\n\t<meta property=\"og:image:width\" content=\"1215\" class=\"yoast-seo-meta-tag\" \/>\n\t<meta property=\"og:image:height\" content=\"810\" class=\"yoast-seo-meta-tag\" \/>\n\t<meta property=\"og:image:type\" content=\"image\/jpeg\" class=\"yoast-seo-meta-tag\" \/>\n<meta name=\"author\" content=\"dorogimedence.hu\" class=\"yoast-seo-meta-tag\" \/>\n<meta name=\"twitter:card\" content=\"summary_large_image\" class=\"yoast-seo-meta-tag\" \/>\n<meta name=\"twitter:label1\" content=\"Szerz\u0151:\" class=\"yoast-seo-meta-tag\" \/>\n\t<meta name=\"twitter:data1\" content=\"dorogimedence.hu\" class=\"yoast-seo-meta-tag\" \/>\n\t<meta name=\"twitter:label2\" content=\"Becs\u00fclt olvas\u00e1si id\u0151\" class=\"yoast-seo-meta-tag\" \/>\n\t<meta name=\"twitter:data2\" content=\"5 perc\" class=\"yoast-seo-meta-tag\" \/>\n<script type=\"application\/ld+json\" class=\"yoast-schema-graph\">{\"@context\":\"https:\\\/\\\/schema.org\",\"@graph\":[{\"@type\":\"Article\",\"@id\":\"https:\\\/\\\/dorogimedence.hu\\\/index.php\\\/2022\\\/11\\\/11\\\/januartol-arat-emel-a-digi-csoport\\\/#article\",\"isPartOf\":{\"@id\":\"https:\\\/\\\/dorogimedence.hu\\\/index.php\\\/2022\\\/11\\\/11\\\/januartol-arat-emel-a-digi-csoport\\\/\"},\"author\":{\"name\":\"dorogimedence.hu\",\"@id\":\"https:\\\/\\\/dorogimedence.hu\\\/#\\\/schema\\\/person\\\/ce6091eeb7e95ecdc87890d6aa8e0fd4\"},\"headline\":\"Janu\u00e1rt\u00f3l \u00e1rat emel a Digi csoport\",\"datePublished\":\"2022-11-11T10:58:17+00:00\",\"dateModified\":\"2022-11-11T11:01:09+00:00\",\"mainEntityOfPage\":{\"@id\":\"https:\\\/\\\/dorogimedence.hu\\\/index.php\\\/2022\\\/11\\\/11\\\/januartol-arat-emel-a-digi-csoport\\\/\"},\"wordCount\":944,\"publisher\":{\"@id\":\"https:\\\/\\\/dorogimedence.hu\\\/#organization\"},\"image\":{\"@id\":\"https:\\\/\\\/dorogimedence.hu\\\/index.php\\\/2022\\\/11\\\/11\\\/januartol-arat-emel-a-digi-csoport\\\/#primaryimage\"},\"thumbnailUrl\":\"https:\\\/\\\/dorogimedence.hu\\\/wp-content\\\/uploads\\\/2022\\\/11\\\/digi_hq_vaci.jpg\",\"keywords\":[\"Digi\"],\"articleSection\":[\"H\u00edrek\"],\"inLanguage\":\"hu\"},{\"@type\":\"WebPage\",\"@id\":\"https:\\\/\\\/dorogimedence.hu\\\/index.php\\\/2022\\\/11\\\/11\\\/januartol-arat-emel-a-digi-csoport\\\/\",\"url\":\"https:\\\/\\\/dorogimedence.hu\\\/index.php\\\/2022\\\/11\\\/11\\\/januartol-arat-emel-a-digi-csoport\\\/\",\"name\":\"Janu\u00e1rt\u00f3l \u00e1rat emel a Digi csoport\",\"isPartOf\":{\"@id\":\"https:\\\/\\\/dorogimedence.hu\\\/#website\"},\"primaryImageOfPage\":{\"@id\":\"https:\\\/\\\/dorogimedence.hu\\\/index.php\\\/2022\\\/11\\\/11\\\/januartol-arat-emel-a-digi-csoport\\\/#primaryimage\"},\"image\":{\"@id\":\"https:\\\/\\\/dorogimedence.hu\\\/index.php\\\/2022\\\/11\\\/11\\\/januartol-arat-emel-a-digi-csoport\\\/#primaryimage\"},\"thumbnailUrl\":\"https:\\\/\\\/dorogimedence.hu\\\/wp-content\\\/uploads\\\/2022\\\/11\\\/digi_hq_vaci.jpg\",\"datePublished\":\"2022-11-11T10:58:17+00:00\",\"dateModified\":\"2022-11-11T11:01:09+00:00\",\"breadcrumb\":{\"@id\":\"https:\\\/\\\/dorogimedence.hu\\\/index.php\\\/2022\\\/11\\\/11\\\/januartol-arat-emel-a-digi-csoport\\\/#breadcrumb\"},\"inLanguage\":\"hu\",\"potentialAction\":[{\"@type\":\"ReadAction\",\"target\":[\"https:\\\/\\\/dorogimedence.hu\\\/index.php\\\/2022\\\/11\\\/11\\\/januartol-arat-emel-a-digi-csoport\\\/\"]}]},{\"@type\":\"ImageObject\",\"inLanguage\":\"hu\",\"@id\":\"https:\\\/\\\/dorogimedence.hu\\\/index.php\\\/2022\\\/11\\\/11\\\/januartol-arat-emel-a-digi-csoport\\\/#primaryimage\",\"url\":\"https:\\\/\\\/dorogimedence.hu\\\/wp-content\\\/uploads\\\/2022\\\/11\\\/digi_hq_vaci.jpg\",\"contentUrl\":\"https:\\\/\\\/dorogimedence.hu\\\/wp-content\\\/uploads\\\/2022\\\/11\\\/digi_hq_vaci.jpg\",\"width\":1215,\"height\":810},{\"@type\":\"BreadcrumbList\",\"@id\":\"https:\\\/\\\/dorogimedence.hu\\\/index.php\\\/2022\\\/11\\\/11\\\/januartol-arat-emel-a-digi-csoport\\\/#breadcrumb\",\"itemListElement\":[{\"@type\":\"ListItem\",\"position\":1,\"name\":\"Kezd\u0151lap\",\"item\":\"https:\\\/\\\/dorogimedence.hu\\\/\"},{\"@type\":\"ListItem\",\"position\":2,\"name\":\"Janu\u00e1rt\u00f3l \u00e1rat emel a Digi csoport\"}]},{\"@type\":\"WebSite\",\"@id\":\"https:\\\/\\\/dorogimedence.hu\\\/#website\",\"url\":\"https:\\\/\\\/dorogimedence.hu\\\/\",\"name\":\"Dorogi-medence Region\u00e1lis H\u00edrport\u00e1l\",\"description\":\"Dorog, Keszt\u00f6lc, Le\u00e1nyv\u00e1r, Piliscs\u00e9v, Tokod, Tokodalt\u00e1r\u00f3, Csolnok, Esztergom-kertv\u00e1ros: h\u00edrek, programok\",\"publisher\":{\"@id\":\"https:\\\/\\\/dorogimedence.hu\\\/#organization\"},\"potentialAction\":[{\"@type\":\"SearchAction\",\"target\":{\"@type\":\"EntryPoint\",\"urlTemplate\":\"https:\\\/\\\/dorogimedence.hu\\\/?s={search_term_string}\"},\"query-input\":{\"@type\":\"PropertyValueSpecification\",\"valueRequired\":true,\"valueName\":\"search_term_string\"}}],\"inLanguage\":\"hu\"},{\"@type\":\"Organization\",\"@id\":\"https:\\\/\\\/dorogimedence.hu\\\/#organization\",\"name\":\"Dorogi-medence Region\u00e1lis H\u00edrport\u00e1l\",\"url\":\"https:\\\/\\\/dorogimedence.hu\\\/\",\"logo\":{\"@type\":\"ImageObject\",\"inLanguage\":\"hu\",\"@id\":\"https:\\\/\\\/dorogimedence.hu\\\/#\\\/schema\\\/logo\\\/image\\\/\",\"url\":\"https:\\\/\\\/dorogimedence.hu\\\/wp-content\\\/uploads\\\/2021\\\/04\\\/logo-feher-600.png\",\"contentUrl\":\"https:\\\/\\\/dorogimedence.hu\\\/wp-content\\\/uploads\\\/2021\\\/04\\\/logo-feher-600.png\",\"width\":600,\"height\":100,\"caption\":\"Dorogi-medence Region\u00e1lis H\u00edrport\u00e1l\"},\"image\":{\"@id\":\"https:\\\/\\\/dorogimedence.hu\\\/#\\\/schema\\\/logo\\\/image\\\/\"},\"sameAs\":[\"https:\\\/\\\/www.facebook.com\\\/dorogimedence\\\/\"]},{\"@type\":\"Person\",\"@id\":\"https:\\\/\\\/dorogimedence.hu\\\/#\\\/schema\\\/person\\\/ce6091eeb7e95ecdc87890d6aa8e0fd4\",\"name\":\"dorogimedence.hu\",\"image\":{\"@type\":\"ImageObject\",\"inLanguage\":\"hu\",\"@id\":\"\\\/\\\/www.gravatar.com\\\/avatar\\\/d8d45f8901aadff40a4af72c0b826f1d?s=96&#038;r=g&#038;d=mm\",\"url\":\"\\\/\\\/www.gravatar.com\\\/avatar\\\/d8d45f8901aadff40a4af72c0b826f1d?s=96&#038;r=g&#038;d=mm\",\"contentUrl\":\"\\\/\\\/www.gravatar.com\\\/avatar\\\/d8d45f8901aadff40a4af72c0b826f1d?s=96&#038;r=g&#038;d=mm\",\"caption\":\"dorogimedence.hu\"}}]}<\/script>\n<!-- \/ Yoast SEO plugin. -->","yoast_head_json":{"title":"Janu\u00e1rt\u00f3l \u00e1rat emel a Digi csoport","robots":{"index":"index","follow":"follow","max-snippet":"max-snippet:-1","max-image-preview":"max-image-preview:large","max-video-preview":"max-video-preview:-1"},"canonical":"https:\/\/dorogimedence.hu\/index.php\/2022\/11\/11\/januartol-arat-emel-a-digi-csoport\/","og_locale":"hu_HU","og_type":"article","og_title":"Janu\u00e1rt\u00f3l \u00e1rat emel a Digi csoport","og_description":"A DIGI T\u00e1vk\u00f6zl\u00e9si \u00e9s Szolg\u00e1ltat\u00f3 Kft. (DIGI), valamint a t\u00e1rsas\u00e1gba olvad\u00f3 Invitel Zrt. 2023. janu\u00e1r 1-t\u0151l m\u00f3dos\u00edtja vezet\u00e9kes \u00e9s m\u0171holdas szolg\u00e1ltat\u00e1sainak lista\u00e1r\u00e1t. Az \u00e1remel\u00e9s a h\u0171s\u00e9gid\u0151s szerz\u0151d\u00e9ssel rendelkez\u0151 \u00fcgyfeleket nem \u00e9rinti &#8211; k\u00f6z\u00f6lte november 11-\u00e9n a szolg\u00e1ltat\u00f3 a honlapj\u00e1n.&nbsp; A DIGI Csoport az \u00e1rv\u00e1ltoz\u00e1s m\u00e9rs\u00e9kl\u00e9s\u00e9re meg\u00fajult elektronikus sz\u00e1mlacsomagot (e-Pack) \u00e9s \u00faj h\u0171s\u00e9gprogramot ind\u00edt. Ennek k\u00f6sz\u00f6nhet\u0151en","og_url":"https:\/\/dorogimedence.hu\/index.php\/2022\/11\/11\/januartol-arat-emel-a-digi-csoport\/","og_site_name":"Dorogi-medence Region\u00e1lis H\u00edrport\u00e1l","article_publisher":"https:\/\/www.facebook.com\/dorogimedence\/","article_published_time":"2022-11-11T10:58:17+00:00","article_modified_time":"2022-11-11T11:01:09+00:00","og_image":[{"width":1215,"height":810,"url":"https:\/\/dorogimedence.hu\/wp-content\/uploads\/2022\/11\/digi_hq_vaci.jpg","type":"image\/jpeg"}],"author":"dorogimedence.hu","twitter_card":"summary_large_image","twitter_misc":{"Szerz\u0151:":"dorogimedence.hu","Becs\u00fclt olvas\u00e1si id\u0151":"5 perc"},"schema":{"@context":"https:\/\/schema.org","@graph":[{"@type":"Article","@id":"https:\/\/dorogimedence.hu\/index.php\/2022\/11\/11\/januartol-arat-emel-a-digi-csoport\/#article","isPartOf":{"@id":"https:\/\/dorogimedence.hu\/index.php\/2022\/11\/11\/januartol-arat-emel-a-digi-csoport\/"},"author":{"name":"dorogimedence.hu","@id":"https:\/\/dorogimedence.hu\/#\/schema\/person\/ce6091eeb7e95ecdc87890d6aa8e0fd4"},"headline":"Janu\u00e1rt\u00f3l \u00e1rat emel a Digi csoport","datePublished":"2022-11-11T10:58:17+00:00","dateModified":"2022-11-11T11:01:09+00:00","mainEntityOfPage":{"@id":"https:\/\/dorogimedence.hu\/index.php\/2022\/11\/11\/januartol-arat-emel-a-digi-csoport\/"},"wordCount":944,"publisher":{"@id":"https:\/\/dorogimedence.hu\/#organization"},"image":{"@id":"https:\/\/dorogimedence.hu\/index.php\/2022\/11\/11\/januartol-arat-emel-a-digi-csoport\/#primaryimage"},"thumbnailUrl":"https:\/\/dorogimedence.hu\/wp-content\/uploads\/2022\/11\/digi_hq_vaci.jpg","keywords":["Digi"],"articleSection":["H\u00edrek"],"inLanguage":"hu"},{"@type":"WebPage","@id":"https:\/\/dorogimedence.hu\/index.php\/2022\/11\/11\/januartol-arat-emel-a-digi-csoport\/","url":"https:\/\/dorogimedence.hu\/index.php\/2022\/11\/11\/januartol-arat-emel-a-digi-csoport\/","name":"Janu\u00e1rt\u00f3l \u00e1rat emel a Digi csoport","isPartOf":{"@id":"https:\/\/dorogimedence.hu\/#website"},"primaryImageOfPage":{"@id":"https:\/\/dorogimedence.hu\/index.php\/2022\/11\/11\/januartol-arat-emel-a-digi-csoport\/#primaryimage"},"image":{"@id":"https:\/\/dorogimedence.hu\/index.php\/2022\/11\/11\/januartol-arat-emel-a-digi-csoport\/#primaryimage"},"thumbnailUrl":"https:\/\/dorogimedence.hu\/wp-content\/uploads\/2022\/11\/digi_hq_vaci.jpg","datePublished":"2022-11-11T10:58:17+00:00","dateModified":"2022-11-11T11:01:09+00:00","breadcrumb":{"@id":"https:\/\/dorogimedence.hu\/index.php\/2022\/11\/11\/januartol-arat-emel-a-digi-csoport\/#breadcrumb"},"inLanguage":"hu","potentialAction":[{"@type":"ReadAction","target":["https:\/\/dorogimedence.hu\/index.php\/2022\/11\/11\/januartol-arat-emel-a-digi-csoport\/"]}]},{"@type":"ImageObject","inLanguage":"hu","@id":"https:\/\/dorogimedence.hu\/index.php\/2022\/11\/11\/januartol-arat-emel-a-digi-csoport\/#primaryimage","url":"https:\/\/dorogimedence.hu\/wp-content\/uploads\/2022\/11\/digi_hq_vaci.jpg","contentUrl":"https:\/\/dorogimedence.hu\/wp-content\/uploads\/2022\/11\/digi_hq_vaci.jpg","width":1215,"height":810},{"@type":"BreadcrumbList","@id":"https:\/\/dorogimedence.hu\/index.php\/2022\/11\/11\/januartol-arat-emel-a-digi-csoport\/#breadcrumb","itemListElement":[{"@type":"ListItem","position":1,"name":"Kezd\u0151lap","item":"https:\/\/dorogimedence.hu\/"},{"@type":"ListItem","position":2,"name":"Janu\u00e1rt\u00f3l \u00e1rat emel a Digi csoport"}]},{"@type":"WebSite","@id":"https:\/\/dorogimedence.hu\/#website","url":"https:\/\/dorogimedence.hu\/","name":"Dorogi-medence Region\u00e1lis H\u00edrport\u00e1l","description":"Dorog, Keszt\u00f6lc, Le\u00e1nyv\u00e1r, Piliscs\u00e9v, Tokod, Tokodalt\u00e1r\u00f3, Csolnok, Esztergom-kertv\u00e1ros: h\u00edrek, programok","publisher":{"@id":"https:\/\/dorogimedence.hu\/#organization"},"potentialAction":[{"@type":"SearchAction","target":{"@type":"EntryPoint","urlTemplate":"https:\/\/dorogimedence.hu\/?s={search_term_string}"},"query-input":{"@type":"PropertyValueSpecification","valueRequired":true,"valueName":"search_term_string"}}],"inLanguage":"hu"},{"@type":"Organization","@id":"https:\/\/dorogimedence.hu\/#organization","name":"Dorogi-medence Region\u00e1lis H\u00edrport\u00e1l","url":"https:\/\/dorogimedence.hu\/","logo":{"@type":"ImageObject","inLanguage":"hu","@id":"https:\/\/dorogimedence.hu\/#\/schema\/logo\/image\/","url":"https:\/\/dorogimedence.hu\/wp-content\/uploads\/2021\/04\/logo-feher-600.png","contentUrl":"https:\/\/dorogimedence.hu\/wp-content\/uploads\/2021\/04\/logo-feher-600.png","width":600,"height":100,"caption":"Dorogi-medence Region\u00e1lis H\u00edrport\u00e1l"},"image":{"@id":"https:\/\/dorogimedence.hu\/#\/schema\/logo\/image\/"},"sameAs":["https:\/\/www.facebook.com\/dorogimedence\/"]},{"@type":"Person","@id":"https:\/\/dorogimedence.hu\/#\/schema\/person\/ce6091eeb7e95ecdc87890d6aa8e0fd4","name":"dorogimedence.hu","image":{"@type":"ImageObject","inLanguage":"hu","@id":"\/\/www.gravatar.com\/avatar\/d8d45f8901aadff40a4af72c0b826f1d?s=96&#038;r=g&#038;d=mm","url":"\/\/www.gravatar.com\/avatar\/d8d45f8901aadff40a4af72c0b826f1d?s=96&#038;r=g&#038;d=mm","contentUrl":"\/\/www.gravatar.com\/avatar\/d8d45f8901aadff40a4af72c0b826f1d?s=96&#038;r=g&#038;d=mm","caption":"dorogimedence.hu"}}]}},"_links":{"self":[{"href":"https:\/\/dorogimedence.hu\/index.php\/wp-json\/wp\/v2\/posts\/47993","targetHints":{"allow":["GET"]}}],"collection":[{"href":"https:\/\/dorogimedence.hu\/index.php\/wp-json\/wp\/v2\/posts"}],"about":[{"href":"https:\/\/dorogimedence.hu\/index.php\/wp-json\/wp\/v2\/types\/post"}],"author":[{"embeddable":true,"href":"https:\/\/dorogimedence.hu\/index.php\/wp-json\/wp\/v2\/users\/1"}],"replies":[{"embeddable":true,"href":"https:\/\/dorogimedence.hu\/index.php\/wp-json\/wp\/v2\/comments?post=47993"}],"version-history":[{"count":0,"href":"https:\/\/dorogimedence.hu\/index.php\/wp-json\/wp\/v2\/posts\/47993\/revisions"}],"wp:featuredmedia":[{"embeddable":true,"href":"https:\/\/dorogimedence.hu\/index.php\/wp-json\/wp\/v2\/media\/47994"}],"wp:attachment":[{"href":"https:\/\/dorogimedence.hu\/index.php\/wp-json\/wp\/v2\/media?parent=47993"}],"wp:term":[{"taxonomy":"category","embeddable":true,"href":"https:\/\/dorogimedence.hu\/index.php\/wp-json\/wp\/v2\/categories?post=47993"},{"taxonomy":"post_tag","embeddable":true,"href":"https:\/\/dorogimedence.hu\/index.php\/wp-json\/wp\/v2\/tags?post=47993"}],"curies":[{"name":"wp","href":"https:\/\/api.w.org\/{rel}","templated":true}]}}