{"id":4790,"date":"2017-08-01T06:15:36","date_gmt":"2017-08-01T04:15:36","guid":{"rendered":"http:\/\/dorogimedence.hu\/?p=4790"},"modified":"2017-08-01T06:15:36","modified_gmt":"2017-08-01T04:15:36","slug":"ikszlet-az-u17-es-valogatott-a-horvatok-ellen-dorogon","status":"publish","type":"post","link":"https:\/\/dorogimedence.hu\/index.php\/2017\/08\/01\/ikszlet-az-u17-es-valogatott-a-horvatok-ellen-dorogon\/","title":{"rendered":"Ikszelt az U17-es v\u00e1logatott a horv\u00e1tok ellen Dorogon"},"content":{"rendered":"<p><strong>A dorogi Buz\u00e1nszky Jen\u0151 Stadion\u00a0adott otthont a Telki Kupa 2. fordul\u00f3j\u00e1nak, amelyen az U17-es magyar nemzeti tizenegy a horv\u00e1t csapatot fogadta<\/strong> <em>&#8211; \u00edrja a klub a <a href=\"http:\/\/www.dorogifc.hu\/hu\/news\/dontetlent_ert_el_az_u17_valogatottunk_a_horvatok_ellen\" target=\"_blank\" rel=\"noopener\"><span style=\"text-decoration: underline; color: #0000ff;\">honlapj\u00e1n<\/span><\/a>.<\/em><\/p>\n<p>Az els\u0151 fordul\u00f3ban a csehek ellen egy 0-0 d\u00f6ntetlent \u00e9rt\u00fcnk el, ez\u00e9rt mindenki \u00e9rdekl\u0151dve v\u00e1rta a folytat\u00e1st. A<em><strong> meccsre ell\u00e1togatott Bernd Storck is<\/strong><\/em>, aki a magyar v\u00e1logatott sz\u00f6vets\u00e9gi kapit\u00e1nyi posztja mellett a sportigazgat\u00f3i tiszts\u00e9get is bet\u00f6lti. Mint megtudtuk, amikor ideje engedi, a helysz\u00ednen tekinti meg az ut\u00e1np\u00f3tl\u00e1s m\u00e9rk\u0151z\u00e9seket. A kerettagok a nagy akad\u00e9mi\u00e1kr\u00f3l (Ill\u00e9s, MTK, Honv\u00e9d, Debrecen) ker\u00fcltek ide, kiv\u00e1lasztva k\u00f6z\u00fcl\u00fck a legtehets\u00e9gesebbeket.<\/p>\n<p>Az extr\u00e9m meleg nem k\u00f6nny\u00edtette meg a j\u00e1t\u00e9kosok helyzet\u00e9t, de ez nem l\u00e1tszott meg a m\u00e9rk\u0151z\u00e9s iram\u00e1n. Az els\u0151 negyed\u00f3ra kiegyenl\u00edtett volt, ekkor azonban a horv\u00e1t Antonio Marin egy kontr\u00e1b\u00f3l a bal als\u00f3 sarokba bomb\u00e1zott. Az egyenl\u00edt\u00e9sre tizenegy percet kellett v\u00e1rni, ekkor Kiss Bence egy sz\u00e9pen kidolgozott t\u00e1mad\u00e1s ut\u00e1n \u00edvelt a kapuba. A m\u00e1sodik f\u00e9lid\u0151t a vend\u00e9gek kezdt\u00e9k jobban \u00e9s \u00fajra n\u00e1luk volt az el\u0151ny, hiszen az 52. percben Tomislav Krismanic labd\u00e1ja a keresztl\u00e9cr\u0151l a g\u00f3lvonal m\u00f6g\u00e9 pattant. Ezut\u00e1n a magyarok vett\u00e9k \u00e1t az ir\u00e1ny\u00edt\u00e1st \u00e9s folyamatosan nyom\u00e1s alatt tartott\u00e1k a horv\u00e1t kaput. A 2-2 v\u00e9geredm\u00e9nyt v\u00e9g\u00fcl Lakatos Benj\u00e1min fejesg\u00f3lj\u00e1val \u00e9rt\u00fck el.<\/p>\n<p><strong>Sz\u00e9lesi Zolt\u00e1n,<\/strong> a csapat edz\u0151je a m\u00e9rk\u0151z\u00e9st k\u00f6vet\u0151 \u00e9rt\u00e9kel\u00e9s\u00e9ben elmondta, hogy a j\u00e1t\u00e9kosok az els\u0151 tizen\u00f6t percben \u00fagy j\u00e1tszottak, ahogyan azt k\u00e9rte. Viszont ut\u00e1na \u00e9rthetetlen m\u00f3don kicsit b\u00e1tortalann\u00e1 v\u00e1lt a j\u00e1t\u00e9kunk, aminek az ok\u00e1t egyel\u0151re nem l\u00e1tja. A kapott g\u00f3l ut\u00e1n visszafogottabban j\u00e1tszottunk, ahelyett, hogy a t\u00e1mad\u00e1sokat er\u0151ltett\u00fck volna. Ezzel egy\u00e1ltal\u00e1n nem volt el\u00e9gedett. A m\u00e1sodik f\u00e9lid\u0151ben sokat cser\u00e9lt\u00fcnk, de a friss j\u00e1t\u00e9kosok most nem tudtak \u00fajdons\u00e1got hozz\u00e1tenni a j\u00e1t\u00e9khoz. A horv\u00e1tok, azzal egy\u00fctt, hogy min\u0151s\u00e9gbeli f\u00f6l\u00e9ny nem volt n\u00e1luk, jobban er\u0151ltett\u00e9k az el\u0151rej\u00e1t\u00e9kot, ez\u00e1ltal vesz\u00e9lyesebbek is voltak. Pozit\u00edvumk\u00e9nt azt emelte ki, hogy a sz\u00edv\u00fck a hely\u00e9n volt a j\u00e1t\u00e9kosoknak \u00e9s azzal egy\u00fctt, hogy most nem ment \u00fagy a j\u00e1t\u00e9k, ahogyan kellett volna, az utols\u00f3 percig pr\u00f3b\u00e1lkoztak \u00e9s egy sz\u00f6glet ut\u00e1n v\u00e9g\u00fcl d\u00f6ntetlent \u00e9rtek el. A k\u00f6vetkez\u0151 m\u00e9rk\u0151z\u00e9sen m\u00e9g mentalit\u00e1sban v\u00e1r el\u0151rel\u00e9p\u00e9st a j\u00e1t\u00e9kosait\u00f3l.<\/p>\n<p><span style=\"color: #ff0000;\"><strong>Magyarorsz\u00e1g-Horv\u00e1torsz\u00e1g 2-2 (1-1)<\/strong> <\/span><\/p>\n<p>Magyarorsz\u00e1g: \u00c1sv\u00e1nyi Bal\u00e1zs &#8211; Lakatos Benj\u00e1min, K\u00f6rmendi Kevin (Mogyor\u00f3si Viktor, 55.), Varju Benedek (Sitku L\u00e1szl\u00f3, 41.), Kalm\u00e1r Oliv\u00e9r &#8211; Ny\u00edri Vince (F\u00f6ldi Botond, 55.), Ny\u00e1ri Patrik &#8211; Kiss Bence (Papp Marcell, 41.), M\u00facska Viktor (Irimi\u00e1s Gerg\u0151, 55.), Cipf Dominik (Bukta Csaba, 41.) &#8211; T\u00f3th-G\u00e1bor Krist\u00f3f (Burai Erik, 55.)<\/p>\n<p>G\u00f3lszerz\u0151: Kiss Bence 26., Lakatos 80., ill. Marin 15., Krismanic 52.<\/p>\n<p><em>Forr\u00e1s: dorogifc.hu<br \/>\nFot\u00f3: Dorogi FC Facebook oldala<\/em><\/p>\n","protected":false},"excerpt":{"rendered":"<p>A dorogi Buz\u00e1nszky Jen\u0151 Stadion\u00a0adott otthont a Telki Kupa 2. fordul\u00f3j\u00e1nak, amelyen az U17-es magyar nemzeti tizenegy a horv\u00e1t csapatot fogadta &#8211; \u00edrja a klub a honlapj\u00e1n. Az els\u0151 fordul\u00f3ban a csehek ellen egy 0-0 d\u00f6ntetlent \u00e9rt\u00fcnk el, ez\u00e9rt mindenki \u00e9rdekl\u0151dve v\u00e1rta a folytat\u00e1st. A meccsre ell\u00e1togatott Bernd Storck is, aki a magyar v\u00e1logatott sz\u00f6vets\u00e9gi<\/p>\n","protected":false},"author":1,"featured_media":4791,"comment_status":"closed","ping_status":"closed","sticky":false,"template":"","format":"standard","meta":{"ngg_post_thumbnail":0,"footnotes":""},"categories":[2,3,5],"tags":[15,70,69,1339,72,941,16,1338,1337],"class_list":{"0":"post-4790","1":"post","2":"type-post","3":"status-publish","4":"format-standard","5":"has-post-thumbnail","7":"category-dorog","8":"category-hirek","9":"category-sport","10":"tag-dorog","11":"tag-foci","12":"tag-futball","13":"tag-horvatorszag","14":"tag-labdarugas","15":"tag-magyarorszag","16":"tag-sport","17":"tag-u17","18":"tag-valogatott"},"yoast_head":"<!-- This site is optimized with the Yoast SEO plugin v27.5 - https:\/\/yoast.com\/product\/yoast-seo-wordpress\/ -->\n<title>Ikszelt az U17-es v\u00e1logatott a horv\u00e1tok ellen Dorogon<\/title>\n<meta name=\"robots\" content=\"index, follow, max-snippet:-1, max-image-preview:large, max-video-preview:-1\" \/>\n<link rel=\"canonical\" href=\"https:\/\/dorogimedence.hu\/index.php\/2017\/08\/01\/ikszlet-az-u17-es-valogatott-a-horvatok-ellen-dorogon\/\" class=\"yoast-seo-meta-tag\" \/>\n<meta property=\"og:locale\" content=\"hu_HU\" class=\"yoast-seo-meta-tag\" \/>\n<meta property=\"og:type\" content=\"article\" class=\"yoast-seo-meta-tag\" \/>\n<meta property=\"og:title\" content=\"Ikszelt az U17-es v\u00e1logatott a horv\u00e1tok ellen Dorogon\" class=\"yoast-seo-meta-tag\" \/>\n<meta property=\"og:description\" content=\"A dorogi Buz\u00e1nszky Jen\u0151 Stadion\u00a0adott otthont a Telki Kupa 2. fordul\u00f3j\u00e1nak, amelyen az U17-es magyar nemzeti tizenegy a horv\u00e1t csapatot fogadta &#8211; \u00edrja a klub a honlapj\u00e1n. Az els\u0151 fordul\u00f3ban a csehek ellen egy 0-0 d\u00f6ntetlent \u00e9rt\u00fcnk el, ez\u00e9rt mindenki \u00e9rdekl\u0151dve v\u00e1rta a folytat\u00e1st. A meccsre ell\u00e1togatott Bernd Storck is, aki a magyar v\u00e1logatott sz\u00f6vets\u00e9gi\" class=\"yoast-seo-meta-tag\" \/>\n<meta property=\"og:url\" content=\"https:\/\/dorogimedence.hu\/index.php\/2017\/08\/01\/ikszlet-az-u17-es-valogatott-a-horvatok-ellen-dorogon\/\" class=\"yoast-seo-meta-tag\" \/>\n<meta property=\"og:site_name\" content=\"Dorogi-medence Region\u00e1lis H\u00edrport\u00e1l\" class=\"yoast-seo-meta-tag\" \/>\n<meta property=\"article:publisher\" content=\"https:\/\/www.facebook.com\/dorogimedence\/\" class=\"yoast-seo-meta-tag\" \/>\n<meta property=\"article:published_time\" content=\"2017-08-01T04:15:36+00:00\" class=\"yoast-seo-meta-tag\" \/>\n<meta property=\"og:image\" content=\"https:\/\/i0.wp.com\/dorogimedence.hu\/wp-content\/uploads\/2017\/08\/u17-valogatott-dorog.jpg?fit=670%2C365&ssl=1\" class=\"yoast-seo-meta-tag\" \/>\n\t<meta property=\"og:image:width\" content=\"670\" class=\"yoast-seo-meta-tag\" \/>\n\t<meta property=\"og:image:height\" content=\"365\" class=\"yoast-seo-meta-tag\" \/>\n\t<meta property=\"og:image:type\" content=\"image\/jpeg\" class=\"yoast-seo-meta-tag\" \/>\n<meta name=\"author\" content=\"dorogimedence.hu\" class=\"yoast-seo-meta-tag\" \/>\n<meta name=\"twitter:card\" content=\"summary_large_image\" class=\"yoast-seo-meta-tag\" \/>\n<meta name=\"twitter:label1\" content=\"Szerz\u0151:\" class=\"yoast-seo-meta-tag\" \/>\n\t<meta name=\"twitter:data1\" content=\"dorogimedence.hu\" class=\"yoast-seo-meta-tag\" \/>\n\t<meta name=\"twitter:label2\" content=\"Becs\u00fclt olvas\u00e1si id\u0151\" class=\"yoast-seo-meta-tag\" \/>\n\t<meta name=\"twitter:data2\" content=\"3 perc\" class=\"yoast-seo-meta-tag\" \/>\n<script type=\"application\/ld+json\" class=\"yoast-schema-graph\">{\"@context\":\"https:\\\/\\\/schema.org\",\"@graph\":[{\"@type\":\"Article\",\"@id\":\"https:\\\/\\\/dorogimedence.hu\\\/index.php\\\/2017\\\/08\\\/01\\\/ikszlet-az-u17-es-valogatott-a-horvatok-ellen-dorogon\\\/#article\",\"isPartOf\":{\"@id\":\"https:\\\/\\\/dorogimedence.hu\\\/index.php\\\/2017\\\/08\\\/01\\\/ikszlet-az-u17-es-valogatott-a-horvatok-ellen-dorogon\\\/\"},\"author\":{\"name\":\"dorogimedence.hu\",\"@id\":\"https:\\\/\\\/dorogimedence.hu\\\/#\\\/schema\\\/person\\\/ce6091eeb7e95ecdc87890d6aa8e0fd4\"},\"headline\":\"Ikszelt az U17-es v\u00e1logatott a horv\u00e1tok ellen Dorogon\",\"datePublished\":\"2017-08-01T04:15:36+00:00\",\"mainEntityOfPage\":{\"@id\":\"https:\\\/\\\/dorogimedence.hu\\\/index.php\\\/2017\\\/08\\\/01\\\/ikszlet-az-u17-es-valogatott-a-horvatok-ellen-dorogon\\\/\"},\"wordCount\":597,\"publisher\":{\"@id\":\"https:\\\/\\\/dorogimedence.hu\\\/#organization\"},\"image\":{\"@id\":\"https:\\\/\\\/dorogimedence.hu\\\/index.php\\\/2017\\\/08\\\/01\\\/ikszlet-az-u17-es-valogatott-a-horvatok-ellen-dorogon\\\/#primaryimage\"},\"thumbnailUrl\":\"https:\\\/\\\/dorogimedence.hu\\\/wp-content\\\/uploads\\\/2017\\\/08\\\/u17-valogatott-dorog.jpg\",\"keywords\":[\"Dorog\",\"foci\",\"futball\",\"Horv\u00e1torsz\u00e1g\",\"labdar\u00fag\u00e1s\",\"Magyarorsz\u00e1g\",\"sport\",\"U17\",\"v\u00e1logatott\"],\"articleSection\":[\"Dorog\",\"H\u00edrek\",\"Sport\"],\"inLanguage\":\"hu\"},{\"@type\":\"WebPage\",\"@id\":\"https:\\\/\\\/dorogimedence.hu\\\/index.php\\\/2017\\\/08\\\/01\\\/ikszlet-az-u17-es-valogatott-a-horvatok-ellen-dorogon\\\/\",\"url\":\"https:\\\/\\\/dorogimedence.hu\\\/index.php\\\/2017\\\/08\\\/01\\\/ikszlet-az-u17-es-valogatott-a-horvatok-ellen-dorogon\\\/\",\"name\":\"Ikszelt az U17-es v\u00e1logatott a horv\u00e1tok ellen Dorogon\",\"isPartOf\":{\"@id\":\"https:\\\/\\\/dorogimedence.hu\\\/#website\"},\"primaryImageOfPage\":{\"@id\":\"https:\\\/\\\/dorogimedence.hu\\\/index.php\\\/2017\\\/08\\\/01\\\/ikszlet-az-u17-es-valogatott-a-horvatok-ellen-dorogon\\\/#primaryimage\"},\"image\":{\"@id\":\"https:\\\/\\\/dorogimedence.hu\\\/index.php\\\/2017\\\/08\\\/01\\\/ikszlet-az-u17-es-valogatott-a-horvatok-ellen-dorogon\\\/#primaryimage\"},\"thumbnailUrl\":\"https:\\\/\\\/dorogimedence.hu\\\/wp-content\\\/uploads\\\/2017\\\/08\\\/u17-valogatott-dorog.jpg\",\"datePublished\":\"2017-08-01T04:15:36+00:00\",\"breadcrumb\":{\"@id\":\"https:\\\/\\\/dorogimedence.hu\\\/index.php\\\/2017\\\/08\\\/01\\\/ikszlet-az-u17-es-valogatott-a-horvatok-ellen-dorogon\\\/#breadcrumb\"},\"inLanguage\":\"hu\",\"potentialAction\":[{\"@type\":\"ReadAction\",\"target\":[\"https:\\\/\\\/dorogimedence.hu\\\/index.php\\\/2017\\\/08\\\/01\\\/ikszlet-az-u17-es-valogatott-a-horvatok-ellen-dorogon\\\/\"]}]},{\"@type\":\"ImageObject\",\"inLanguage\":\"hu\",\"@id\":\"https:\\\/\\\/dorogimedence.hu\\\/index.php\\\/2017\\\/08\\\/01\\\/ikszlet-az-u17-es-valogatott-a-horvatok-ellen-dorogon\\\/#primaryimage\",\"url\":\"https:\\\/\\\/dorogimedence.hu\\\/wp-content\\\/uploads\\\/2017\\\/08\\\/u17-valogatott-dorog.jpg\",\"contentUrl\":\"https:\\\/\\\/dorogimedence.hu\\\/wp-content\\\/uploads\\\/2017\\\/08\\\/u17-valogatott-dorog.jpg\",\"width\":670,\"height\":365},{\"@type\":\"BreadcrumbList\",\"@id\":\"https:\\\/\\\/dorogimedence.hu\\\/index.php\\\/2017\\\/08\\\/01\\\/ikszlet-az-u17-es-valogatott-a-horvatok-ellen-dorogon\\\/#breadcrumb\",\"itemListElement\":[{\"@type\":\"ListItem\",\"position\":1,\"name\":\"Kezd\u0151lap\",\"item\":\"https:\\\/\\\/dorogimedence.hu\\\/\"},{\"@type\":\"ListItem\",\"position\":2,\"name\":\"Ikszelt az U17-es v\u00e1logatott a horv\u00e1tok ellen Dorogon\"}]},{\"@type\":\"WebSite\",\"@id\":\"https:\\\/\\\/dorogimedence.hu\\\/#website\",\"url\":\"https:\\\/\\\/dorogimedence.hu\\\/\",\"name\":\"Dorogi-medence Region\u00e1lis H\u00edrport\u00e1l\",\"description\":\"Dorog, Keszt\u00f6lc, Le\u00e1nyv\u00e1r, Piliscs\u00e9v, Tokod, Tokodalt\u00e1r\u00f3, Csolnok, Esztergom-kertv\u00e1ros: h\u00edrek, programok\",\"publisher\":{\"@id\":\"https:\\\/\\\/dorogimedence.hu\\\/#organization\"},\"potentialAction\":[{\"@type\":\"SearchAction\",\"target\":{\"@type\":\"EntryPoint\",\"urlTemplate\":\"https:\\\/\\\/dorogimedence.hu\\\/?s={search_term_string}\"},\"query-input\":{\"@type\":\"PropertyValueSpecification\",\"valueRequired\":true,\"valueName\":\"search_term_string\"}}],\"inLanguage\":\"hu\"},{\"@type\":\"Organization\",\"@id\":\"https:\\\/\\\/dorogimedence.hu\\\/#organization\",\"name\":\"Dorogi-medence Region\u00e1lis H\u00edrport\u00e1l\",\"url\":\"https:\\\/\\\/dorogimedence.hu\\\/\",\"logo\":{\"@type\":\"ImageObject\",\"inLanguage\":\"hu\",\"@id\":\"https:\\\/\\\/dorogimedence.hu\\\/#\\\/schema\\\/logo\\\/image\\\/\",\"url\":\"https:\\\/\\\/dorogimedence.hu\\\/wp-content\\\/uploads\\\/2021\\\/04\\\/logo-feher-600.png\",\"contentUrl\":\"https:\\\/\\\/dorogimedence.hu\\\/wp-content\\\/uploads\\\/2021\\\/04\\\/logo-feher-600.png\",\"width\":600,\"height\":100,\"caption\":\"Dorogi-medence Region\u00e1lis H\u00edrport\u00e1l\"},\"image\":{\"@id\":\"https:\\\/\\\/dorogimedence.hu\\\/#\\\/schema\\\/logo\\\/image\\\/\"},\"sameAs\":[\"https:\\\/\\\/www.facebook.com\\\/dorogimedence\\\/\"]},{\"@type\":\"Person\",\"@id\":\"https:\\\/\\\/dorogimedence.hu\\\/#\\\/schema\\\/person\\\/ce6091eeb7e95ecdc87890d6aa8e0fd4\",\"name\":\"dorogimedence.hu\",\"image\":{\"@type\":\"ImageObject\",\"inLanguage\":\"hu\",\"@id\":\"\\\/\\\/www.gravatar.com\\\/avatar\\\/d8d45f8901aadff40a4af72c0b826f1d?s=96&#038;r=g&#038;d=mm\",\"url\":\"\\\/\\\/www.gravatar.com\\\/avatar\\\/d8d45f8901aadff40a4af72c0b826f1d?s=96&#038;r=g&#038;d=mm\",\"contentUrl\":\"\\\/\\\/www.gravatar.com\\\/avatar\\\/d8d45f8901aadff40a4af72c0b826f1d?s=96&#038;r=g&#038;d=mm\",\"caption\":\"dorogimedence.hu\"}}]}<\/script>\n<!-- \/ Yoast SEO plugin. -->","yoast_head_json":{"title":"Ikszelt az U17-es v\u00e1logatott a horv\u00e1tok ellen Dorogon","robots":{"index":"index","follow":"follow","max-snippet":"max-snippet:-1","max-image-preview":"max-image-preview:large","max-video-preview":"max-video-preview:-1"},"canonical":"https:\/\/dorogimedence.hu\/index.php\/2017\/08\/01\/ikszlet-az-u17-es-valogatott-a-horvatok-ellen-dorogon\/","og_locale":"hu_HU","og_type":"article","og_title":"Ikszelt az U17-es v\u00e1logatott a horv\u00e1tok ellen Dorogon","og_description":"A dorogi Buz\u00e1nszky Jen\u0151 Stadion\u00a0adott otthont a Telki Kupa 2. fordul\u00f3j\u00e1nak, amelyen az U17-es magyar nemzeti tizenegy a horv\u00e1t csapatot fogadta &#8211; \u00edrja a klub a honlapj\u00e1n. Az els\u0151 fordul\u00f3ban a csehek ellen egy 0-0 d\u00f6ntetlent \u00e9rt\u00fcnk el, ez\u00e9rt mindenki \u00e9rdekl\u0151dve v\u00e1rta a folytat\u00e1st. A meccsre ell\u00e1togatott Bernd Storck is, aki a magyar v\u00e1logatott sz\u00f6vets\u00e9gi","og_url":"https:\/\/dorogimedence.hu\/index.php\/2017\/08\/01\/ikszlet-az-u17-es-valogatott-a-horvatok-ellen-dorogon\/","og_site_name":"Dorogi-medence Region\u00e1lis H\u00edrport\u00e1l","article_publisher":"https:\/\/www.facebook.com\/dorogimedence\/","article_published_time":"2017-08-01T04:15:36+00:00","og_image":[{"width":670,"height":365,"url":"https:\/\/i0.wp.com\/dorogimedence.hu\/wp-content\/uploads\/2017\/08\/u17-valogatott-dorog.jpg?fit=670%2C365&ssl=1","type":"image\/jpeg"}],"author":"dorogimedence.hu","twitter_card":"summary_large_image","twitter_misc":{"Szerz\u0151:":"dorogimedence.hu","Becs\u00fclt olvas\u00e1si id\u0151":"3 perc"},"schema":{"@context":"https:\/\/schema.org","@graph":[{"@type":"Article","@id":"https:\/\/dorogimedence.hu\/index.php\/2017\/08\/01\/ikszlet-az-u17-es-valogatott-a-horvatok-ellen-dorogon\/#article","isPartOf":{"@id":"https:\/\/dorogimedence.hu\/index.php\/2017\/08\/01\/ikszlet-az-u17-es-valogatott-a-horvatok-ellen-dorogon\/"},"author":{"name":"dorogimedence.hu","@id":"https:\/\/dorogimedence.hu\/#\/schema\/person\/ce6091eeb7e95ecdc87890d6aa8e0fd4"},"headline":"Ikszelt az U17-es v\u00e1logatott a horv\u00e1tok ellen Dorogon","datePublished":"2017-08-01T04:15:36+00:00","mainEntityOfPage":{"@id":"https:\/\/dorogimedence.hu\/index.php\/2017\/08\/01\/ikszlet-az-u17-es-valogatott-a-horvatok-ellen-dorogon\/"},"wordCount":597,"publisher":{"@id":"https:\/\/dorogimedence.hu\/#organization"},"image":{"@id":"https:\/\/dorogimedence.hu\/index.php\/2017\/08\/01\/ikszlet-az-u17-es-valogatott-a-horvatok-ellen-dorogon\/#primaryimage"},"thumbnailUrl":"https:\/\/dorogimedence.hu\/wp-content\/uploads\/2017\/08\/u17-valogatott-dorog.jpg","keywords":["Dorog","foci","futball","Horv\u00e1torsz\u00e1g","labdar\u00fag\u00e1s","Magyarorsz\u00e1g","sport","U17","v\u00e1logatott"],"articleSection":["Dorog","H\u00edrek","Sport"],"inLanguage":"hu"},{"@type":"WebPage","@id":"https:\/\/dorogimedence.hu\/index.php\/2017\/08\/01\/ikszlet-az-u17-es-valogatott-a-horvatok-ellen-dorogon\/","url":"https:\/\/dorogimedence.hu\/index.php\/2017\/08\/01\/ikszlet-az-u17-es-valogatott-a-horvatok-ellen-dorogon\/","name":"Ikszelt az U17-es v\u00e1logatott a horv\u00e1tok ellen Dorogon","isPartOf":{"@id":"https:\/\/dorogimedence.hu\/#website"},"primaryImageOfPage":{"@id":"https:\/\/dorogimedence.hu\/index.php\/2017\/08\/01\/ikszlet-az-u17-es-valogatott-a-horvatok-ellen-dorogon\/#primaryimage"},"image":{"@id":"https:\/\/dorogimedence.hu\/index.php\/2017\/08\/01\/ikszlet-az-u17-es-valogatott-a-horvatok-ellen-dorogon\/#primaryimage"},"thumbnailUrl":"https:\/\/dorogimedence.hu\/wp-content\/uploads\/2017\/08\/u17-valogatott-dorog.jpg","datePublished":"2017-08-01T04:15:36+00:00","breadcrumb":{"@id":"https:\/\/dorogimedence.hu\/index.php\/2017\/08\/01\/ikszlet-az-u17-es-valogatott-a-horvatok-ellen-dorogon\/#breadcrumb"},"inLanguage":"hu","potentialAction":[{"@type":"ReadAction","target":["https:\/\/dorogimedence.hu\/index.php\/2017\/08\/01\/ikszlet-az-u17-es-valogatott-a-horvatok-ellen-dorogon\/"]}]},{"@type":"ImageObject","inLanguage":"hu","@id":"https:\/\/dorogimedence.hu\/index.php\/2017\/08\/01\/ikszlet-az-u17-es-valogatott-a-horvatok-ellen-dorogon\/#primaryimage","url":"https:\/\/dorogimedence.hu\/wp-content\/uploads\/2017\/08\/u17-valogatott-dorog.jpg","contentUrl":"https:\/\/dorogimedence.hu\/wp-content\/uploads\/2017\/08\/u17-valogatott-dorog.jpg","width":670,"height":365},{"@type":"BreadcrumbList","@id":"https:\/\/dorogimedence.hu\/index.php\/2017\/08\/01\/ikszlet-az-u17-es-valogatott-a-horvatok-ellen-dorogon\/#breadcrumb","itemListElement":[{"@type":"ListItem","position":1,"name":"Kezd\u0151lap","item":"https:\/\/dorogimedence.hu\/"},{"@type":"ListItem","position":2,"name":"Ikszelt az U17-es v\u00e1logatott a horv\u00e1tok ellen Dorogon"}]},{"@type":"WebSite","@id":"https:\/\/dorogimedence.hu\/#website","url":"https:\/\/dorogimedence.hu\/","name":"Dorogi-medence Region\u00e1lis H\u00edrport\u00e1l","description":"Dorog, Keszt\u00f6lc, Le\u00e1nyv\u00e1r, Piliscs\u00e9v, Tokod, Tokodalt\u00e1r\u00f3, Csolnok, Esztergom-kertv\u00e1ros: h\u00edrek, programok","publisher":{"@id":"https:\/\/dorogimedence.hu\/#organization"},"potentialAction":[{"@type":"SearchAction","target":{"@type":"EntryPoint","urlTemplate":"https:\/\/dorogimedence.hu\/?s={search_term_string}"},"query-input":{"@type":"PropertyValueSpecification","valueRequired":true,"valueName":"search_term_string"}}],"inLanguage":"hu"},{"@type":"Organization","@id":"https:\/\/dorogimedence.hu\/#organization","name":"Dorogi-medence Region\u00e1lis H\u00edrport\u00e1l","url":"https:\/\/dorogimedence.hu\/","logo":{"@type":"ImageObject","inLanguage":"hu","@id":"https:\/\/dorogimedence.hu\/#\/schema\/logo\/image\/","url":"https:\/\/dorogimedence.hu\/wp-content\/uploads\/2021\/04\/logo-feher-600.png","contentUrl":"https:\/\/dorogimedence.hu\/wp-content\/uploads\/2021\/04\/logo-feher-600.png","width":600,"height":100,"caption":"Dorogi-medence Region\u00e1lis H\u00edrport\u00e1l"},"image":{"@id":"https:\/\/dorogimedence.hu\/#\/schema\/logo\/image\/"},"sameAs":["https:\/\/www.facebook.com\/dorogimedence\/"]},{"@type":"Person","@id":"https:\/\/dorogimedence.hu\/#\/schema\/person\/ce6091eeb7e95ecdc87890d6aa8e0fd4","name":"dorogimedence.hu","image":{"@type":"ImageObject","inLanguage":"hu","@id":"\/\/www.gravatar.com\/avatar\/d8d45f8901aadff40a4af72c0b826f1d?s=96&#038;r=g&#038;d=mm","url":"\/\/www.gravatar.com\/avatar\/d8d45f8901aadff40a4af72c0b826f1d?s=96&#038;r=g&#038;d=mm","contentUrl":"\/\/www.gravatar.com\/avatar\/d8d45f8901aadff40a4af72c0b826f1d?s=96&#038;r=g&#038;d=mm","caption":"dorogimedence.hu"}}]}},"_links":{"self":[{"href":"https:\/\/dorogimedence.hu\/index.php\/wp-json\/wp\/v2\/posts\/4790","targetHints":{"allow":["GET"]}}],"collection":[{"href":"https:\/\/dorogimedence.hu\/index.php\/wp-json\/wp\/v2\/posts"}],"about":[{"href":"https:\/\/dorogimedence.hu\/index.php\/wp-json\/wp\/v2\/types\/post"}],"author":[{"embeddable":true,"href":"https:\/\/dorogimedence.hu\/index.php\/wp-json\/wp\/v2\/users\/1"}],"replies":[{"embeddable":true,"href":"https:\/\/dorogimedence.hu\/index.php\/wp-json\/wp\/v2\/comments?post=4790"}],"version-history":[{"count":0,"href":"https:\/\/dorogimedence.hu\/index.php\/wp-json\/wp\/v2\/posts\/4790\/revisions"}],"wp:featuredmedia":[{"embeddable":true,"href":"https:\/\/dorogimedence.hu\/index.php\/wp-json\/wp\/v2\/media\/4791"}],"wp:attachment":[{"href":"https:\/\/dorogimedence.hu\/index.php\/wp-json\/wp\/v2\/media?parent=4790"}],"wp:term":[{"taxonomy":"category","embeddable":true,"href":"https:\/\/dorogimedence.hu\/index.php\/wp-json\/wp\/v2\/categories?post=4790"},{"taxonomy":"post_tag","embeddable":true,"href":"https:\/\/dorogimedence.hu\/index.php\/wp-json\/wp\/v2\/tags?post=4790"}],"curies":[{"name":"wp","href":"https:\/\/api.w.org\/{rel}","templated":true}]}}