{"id":47767,"date":"2022-11-02T11:27:57","date_gmt":"2022-11-02T10:27:57","guid":{"rendered":"https:\/\/dorogimedence.hu\/?p=47767"},"modified":"2022-11-02T11:28:49","modified_gmt":"2022-11-02T10:28:49","slug":"tobb-tizezer-autot-hiv-vissza-a-suzuki","status":"publish","type":"post","link":"https:\/\/dorogimedence.hu\/index.php\/2022\/11\/02\/tobb-tizezer-autot-hiv-vissza-a-suzuki\/","title":{"rendered":"T\u00f6bb t\u00edzezer aut\u00f3t h\u00edv vissza a Suzuki"},"content":{"rendered":"<p><strong>Gyeng\u00fcl\u0151 f\u00e9khat\u00e1s miatt d\u00edjmentes jav\u00edt\u00e1sra h\u00edvja vissza egyes Vitara \u00e9s SX4 S-CROSS modelljeit a Suzuki Motor Corporation, az akci\u00f3 66 ezer magyarorsz\u00e1gi v\u00e1s\u00e1rl\u00f3t \u00e9rint<\/strong> <em>&#8211; k\u00f6z\u00f6lte az esztergomi aut\u00f3gy\u00e1r kommunik\u00e1ci\u00f3s vezet\u0151je szerd\u00e1n az MTI-vel.<\/em><\/p>\n<p>Bonn\u00e1r-Csonka Zsuzsanna t\u00e1j\u00e9koztat\u00e1sa szerint gy\u00e1ri ellen\u0151rz\u00e9s sor\u00e1n fedezt\u00e9k fel, hogy a f\u00e9kr\u00e1seg\u00edt\u0151 m\u0171k\u00f6d\u00e9s\u00e9hez sz\u0171ks\u00e9ges, v\u00e1kuumot el\u0151\u00e1ll\u00edt\u00f3 visszacsap\u00f3 szelep a motorolaj hat\u00e1s\u00e1ra megdagadhat. A hiba eset\u00e9n a vezet\u0151nek nagyobb er\u0151t kell kifejteni a f\u00e9k m\u0171k\u00f6dtet\u00e9s\u00e9hez.<\/p>\n<p>A Suzuki Motor Corporation \u00fagy d\u00f6nt\u00f6tt, hogy ennek kapcs\u00e1n visszah\u00edv\u00e1si kamp\u00e1nyt ind\u00edt, melynek sor\u00e1n kicser\u00e9li a v\u00e1kuumszivatty\u00fa visszacsap\u00f3 szelep\u00e9t az \u00e9rintett import modellek \u00e9s egyes kor\u00e1bban gy\u00e1rtott Vitara \u00e9s SX4 S-Cross modellek eset\u00e9ben.<\/p>\n<p>A Magyar Suzuki d\u00edjmentesen cser\u00e9li a visszah\u00edv\u00e1si kamp\u00e1nyban \u00e9rintett 66 ezer v\u00e1s\u00e1rl\u00f3nak a sz\u00fcks\u00e9ges alkatr\u00e9szeket. Azokn\u00e1l az \u00e9vj\u00e1ratokn\u00e1l, amelyekn\u00e9l m\u00e1r nincs \u00e9rv\u00e9nyes garancia, a t\u00e1rsas\u00e1g m\u00e9lt\u00e1nyoss\u00e1gb\u00f3l szint\u00e9n d\u00edjmentesen v\u00e9gzi el a cser\u00e9t.<\/p>\n<p>A hvg.hu azt \u00edrta, hogy 2015 \u00e9s 2022 k\u00f6z\u00f6tt k\u00e9sz\u00fclt aut\u00f3k jav\u00edt\u00e1sa mintegy 1-1,5 \u00f3r\u00e1nyi id\u0151t vesz ig\u00e9nybe. Az Esztergomban gy\u00e1rtott Vitar\u00e1n \u00e9s az SX4 S-Crosson k\u00edv\u00fcl az import Swift, Swift Sport \u00e9s Baleno modellek is \u00e9rintettek.<\/p>\n<p>A v\u00e1llalat \u00e9rtes\u00edteni fogja az aut\u00f3sokat a visszah\u00edv\u00e1si kamp\u00e1nyr\u00f3l, \u00e9s a Suzuki online rendszer\u00e9ben alv\u00e1zsz\u00e1m alapj\u00e1n b\u00e1rki egyszer\u0171en leellen\u0151rizheti, hogy a kocsija jav\u00edt\u00e1sra szorul-e.<\/p>\n<p><em>Forr\u00e1s: MTI \/ HVG \/ Magyar Suzuki<br \/>\nBor\u00edt\u00f3k\u00e9p: Magyar Suzuki (illusztr\u00e1ci\u00f3)<\/em><\/p>\n","protected":false},"excerpt":{"rendered":"<p>Gyeng\u00fcl\u0151 f\u00e9khat\u00e1s miatt d\u00edjmentes jav\u00edt\u00e1sra h\u00edvja vissza egyes Vitara \u00e9s SX4 S-CROSS modelljeit a Suzuki Motor Corporation, az akci\u00f3 66 ezer magyarorsz\u00e1gi v\u00e1s\u00e1rl\u00f3t \u00e9rint &#8211; k\u00f6z\u00f6lte az esztergomi aut\u00f3gy\u00e1r kommunik\u00e1ci\u00f3s vezet\u0151je szerd\u00e1n az MTI-vel. Bonn\u00e1r-Csonka Zsuzsanna t\u00e1j\u00e9koztat\u00e1sa szerint gy\u00e1ri ellen\u0151rz\u00e9s sor\u00e1n fedezt\u00e9k fel, hogy a f\u00e9kr\u00e1seg\u00edt\u0151 m\u0171k\u00f6d\u00e9s\u00e9hez sz\u0171ks\u00e9ges, v\u00e1kuumot el\u0151\u00e1ll\u00edt\u00f3 visszacsap\u00f3 szelep a motorolaj hat\u00e1s\u00e1ra<\/p>\n","protected":false},"author":1,"featured_media":44023,"comment_status":"closed","ping_status":"closed","sticky":false,"template":"","format":"standard","meta":{"ngg_post_thumbnail":0,"footnotes":""},"categories":[3],"tags":[42,4792,261,6779],"class_list":{"0":"post-47767","1":"post","2":"type-post","3":"status-publish","4":"format-standard","5":"has-post-thumbnail","7":"category-hirek","8":"tag-esztergom","9":"tag-magyar-suzuki","10":"tag-suzuki","11":"tag-visszahivas"},"yoast_head":"<!-- This site is optimized with the Yoast SEO plugin v27.4 - https:\/\/yoast.com\/product\/yoast-seo-wordpress\/ -->\n<title>T\u00f6bb t\u00edzezer aut\u00f3t h\u00edv vissza a Suzuki<\/title>\n<meta name=\"robots\" content=\"index, follow, max-snippet:-1, max-image-preview:large, max-video-preview:-1\" \/>\n<link rel=\"canonical\" href=\"https:\/\/dorogimedence.hu\/index.php\/2022\/11\/02\/tobb-tizezer-autot-hiv-vissza-a-suzuki\/\" class=\"yoast-seo-meta-tag\" \/>\n<meta property=\"og:locale\" content=\"hu_HU\" class=\"yoast-seo-meta-tag\" \/>\n<meta property=\"og:type\" content=\"article\" class=\"yoast-seo-meta-tag\" \/>\n<meta property=\"og:title\" content=\"T\u00f6bb t\u00edzezer aut\u00f3t h\u00edv vissza a Suzuki\" class=\"yoast-seo-meta-tag\" \/>\n<meta property=\"og:description\" content=\"Gyeng\u00fcl\u0151 f\u00e9khat\u00e1s miatt d\u00edjmentes jav\u00edt\u00e1sra h\u00edvja vissza egyes Vitara \u00e9s SX4 S-CROSS modelljeit a Suzuki Motor Corporation, az akci\u00f3 66 ezer magyarorsz\u00e1gi v\u00e1s\u00e1rl\u00f3t \u00e9rint &#8211; k\u00f6z\u00f6lte az esztergomi aut\u00f3gy\u00e1r kommunik\u00e1ci\u00f3s vezet\u0151je szerd\u00e1n az MTI-vel. Bonn\u00e1r-Csonka Zsuzsanna t\u00e1j\u00e9koztat\u00e1sa szerint gy\u00e1ri ellen\u0151rz\u00e9s sor\u00e1n fedezt\u00e9k fel, hogy a f\u00e9kr\u00e1seg\u00edt\u0151 m\u0171k\u00f6d\u00e9s\u00e9hez sz\u0171ks\u00e9ges, v\u00e1kuumot el\u0151\u00e1ll\u00edt\u00f3 visszacsap\u00f3 szelep a motorolaj hat\u00e1s\u00e1ra\" class=\"yoast-seo-meta-tag\" \/>\n<meta property=\"og:url\" content=\"https:\/\/dorogimedence.hu\/index.php\/2022\/11\/02\/tobb-tizezer-autot-hiv-vissza-a-suzuki\/\" class=\"yoast-seo-meta-tag\" \/>\n<meta property=\"og:site_name\" content=\"Dorogi-medence Region\u00e1lis H\u00edrport\u00e1l\" class=\"yoast-seo-meta-tag\" \/>\n<meta property=\"article:publisher\" content=\"https:\/\/www.facebook.com\/dorogimedence\/\" class=\"yoast-seo-meta-tag\" \/>\n<meta property=\"article:published_time\" content=\"2022-11-02T10:27:57+00:00\" class=\"yoast-seo-meta-tag\" \/>\n<meta property=\"article:modified_time\" content=\"2022-11-02T10:28:49+00:00\" class=\"yoast-seo-meta-tag\" \/>\n<meta property=\"og:image\" content=\"https:\/\/dorogimedence.hu\/wp-content\/uploads\/2022\/06\/Suzuki_S-Cross_es_Vitara_az_esztergomi_Maria_Valeria_hid_elott.jpg\" class=\"yoast-seo-meta-tag\" \/>\n\t<meta property=\"og:image:width\" content=\"1392\" class=\"yoast-seo-meta-tag\" \/>\n\t<meta property=\"og:image:height\" content=\"928\" class=\"yoast-seo-meta-tag\" \/>\n\t<meta property=\"og:image:type\" content=\"image\/jpeg\" class=\"yoast-seo-meta-tag\" \/>\n<meta name=\"author\" content=\"dorogimedence.hu\" class=\"yoast-seo-meta-tag\" \/>\n<meta name=\"twitter:card\" content=\"summary_large_image\" class=\"yoast-seo-meta-tag\" \/>\n<meta name=\"twitter:label1\" content=\"Szerz\u0151:\" class=\"yoast-seo-meta-tag\" \/>\n\t<meta name=\"twitter:data1\" content=\"dorogimedence.hu\" class=\"yoast-seo-meta-tag\" \/>\n\t<meta name=\"twitter:label2\" content=\"Becs\u00fclt olvas\u00e1si id\u0151\" class=\"yoast-seo-meta-tag\" \/>\n\t<meta name=\"twitter:data2\" content=\"2 perc\" class=\"yoast-seo-meta-tag\" \/>\n<script type=\"application\/ld+json\" class=\"yoast-schema-graph\">{\"@context\":\"https:\\\/\\\/schema.org\",\"@graph\":[{\"@type\":\"Article\",\"@id\":\"https:\\\/\\\/dorogimedence.hu\\\/index.php\\\/2022\\\/11\\\/02\\\/tobb-tizezer-autot-hiv-vissza-a-suzuki\\\/#article\",\"isPartOf\":{\"@id\":\"https:\\\/\\\/dorogimedence.hu\\\/index.php\\\/2022\\\/11\\\/02\\\/tobb-tizezer-autot-hiv-vissza-a-suzuki\\\/\"},\"author\":{\"name\":\"dorogimedence.hu\",\"@id\":\"https:\\\/\\\/dorogimedence.hu\\\/#\\\/schema\\\/person\\\/ce6091eeb7e95ecdc87890d6aa8e0fd4\"},\"headline\":\"T\u00f6bb t\u00edzezer aut\u00f3t h\u00edv vissza a Suzuki\",\"datePublished\":\"2022-11-02T10:27:57+00:00\",\"dateModified\":\"2022-11-02T10:28:49+00:00\",\"mainEntityOfPage\":{\"@id\":\"https:\\\/\\\/dorogimedence.hu\\\/index.php\\\/2022\\\/11\\\/02\\\/tobb-tizezer-autot-hiv-vissza-a-suzuki\\\/\"},\"wordCount\":337,\"publisher\":{\"@id\":\"https:\\\/\\\/dorogimedence.hu\\\/#organization\"},\"image\":{\"@id\":\"https:\\\/\\\/dorogimedence.hu\\\/index.php\\\/2022\\\/11\\\/02\\\/tobb-tizezer-autot-hiv-vissza-a-suzuki\\\/#primaryimage\"},\"thumbnailUrl\":\"https:\\\/\\\/dorogimedence.hu\\\/wp-content\\\/uploads\\\/2022\\\/06\\\/Suzuki_S-Cross_es_Vitara_az_esztergomi_Maria_Valeria_hid_elott.jpg\",\"keywords\":[\"esztergom\",\"Magyar Suzuki\",\"Suzuki\",\"visszah\u00edv\u00e1s\"],\"articleSection\":[\"H\u00edrek\"],\"inLanguage\":\"hu\"},{\"@type\":\"WebPage\",\"@id\":\"https:\\\/\\\/dorogimedence.hu\\\/index.php\\\/2022\\\/11\\\/02\\\/tobb-tizezer-autot-hiv-vissza-a-suzuki\\\/\",\"url\":\"https:\\\/\\\/dorogimedence.hu\\\/index.php\\\/2022\\\/11\\\/02\\\/tobb-tizezer-autot-hiv-vissza-a-suzuki\\\/\",\"name\":\"T\u00f6bb t\u00edzezer aut\u00f3t h\u00edv vissza a Suzuki\",\"isPartOf\":{\"@id\":\"https:\\\/\\\/dorogimedence.hu\\\/#website\"},\"primaryImageOfPage\":{\"@id\":\"https:\\\/\\\/dorogimedence.hu\\\/index.php\\\/2022\\\/11\\\/02\\\/tobb-tizezer-autot-hiv-vissza-a-suzuki\\\/#primaryimage\"},\"image\":{\"@id\":\"https:\\\/\\\/dorogimedence.hu\\\/index.php\\\/2022\\\/11\\\/02\\\/tobb-tizezer-autot-hiv-vissza-a-suzuki\\\/#primaryimage\"},\"thumbnailUrl\":\"https:\\\/\\\/dorogimedence.hu\\\/wp-content\\\/uploads\\\/2022\\\/06\\\/Suzuki_S-Cross_es_Vitara_az_esztergomi_Maria_Valeria_hid_elott.jpg\",\"datePublished\":\"2022-11-02T10:27:57+00:00\",\"dateModified\":\"2022-11-02T10:28:49+00:00\",\"breadcrumb\":{\"@id\":\"https:\\\/\\\/dorogimedence.hu\\\/index.php\\\/2022\\\/11\\\/02\\\/tobb-tizezer-autot-hiv-vissza-a-suzuki\\\/#breadcrumb\"},\"inLanguage\":\"hu\",\"potentialAction\":[{\"@type\":\"ReadAction\",\"target\":[\"https:\\\/\\\/dorogimedence.hu\\\/index.php\\\/2022\\\/11\\\/02\\\/tobb-tizezer-autot-hiv-vissza-a-suzuki\\\/\"]}]},{\"@type\":\"ImageObject\",\"inLanguage\":\"hu\",\"@id\":\"https:\\\/\\\/dorogimedence.hu\\\/index.php\\\/2022\\\/11\\\/02\\\/tobb-tizezer-autot-hiv-vissza-a-suzuki\\\/#primaryimage\",\"url\":\"https:\\\/\\\/dorogimedence.hu\\\/wp-content\\\/uploads\\\/2022\\\/06\\\/Suzuki_S-Cross_es_Vitara_az_esztergomi_Maria_Valeria_hid_elott.jpg\",\"contentUrl\":\"https:\\\/\\\/dorogimedence.hu\\\/wp-content\\\/uploads\\\/2022\\\/06\\\/Suzuki_S-Cross_es_Vitara_az_esztergomi_Maria_Valeria_hid_elott.jpg\",\"width\":1392,\"height\":928},{\"@type\":\"BreadcrumbList\",\"@id\":\"https:\\\/\\\/dorogimedence.hu\\\/index.php\\\/2022\\\/11\\\/02\\\/tobb-tizezer-autot-hiv-vissza-a-suzuki\\\/#breadcrumb\",\"itemListElement\":[{\"@type\":\"ListItem\",\"position\":1,\"name\":\"Kezd\u0151lap\",\"item\":\"https:\\\/\\\/dorogimedence.hu\\\/\"},{\"@type\":\"ListItem\",\"position\":2,\"name\":\"T\u00f6bb t\u00edzezer aut\u00f3t h\u00edv vissza a Suzuki\"}]},{\"@type\":\"WebSite\",\"@id\":\"https:\\\/\\\/dorogimedence.hu\\\/#website\",\"url\":\"https:\\\/\\\/dorogimedence.hu\\\/\",\"name\":\"Dorogi-medence Region\u00e1lis H\u00edrport\u00e1l\",\"description\":\"Dorog, Keszt\u00f6lc, Le\u00e1nyv\u00e1r, Piliscs\u00e9v, Tokod, Tokodalt\u00e1r\u00f3, Csolnok, Esztergom-kertv\u00e1ros: h\u00edrek, programok\",\"publisher\":{\"@id\":\"https:\\\/\\\/dorogimedence.hu\\\/#organization\"},\"potentialAction\":[{\"@type\":\"SearchAction\",\"target\":{\"@type\":\"EntryPoint\",\"urlTemplate\":\"https:\\\/\\\/dorogimedence.hu\\\/?s={search_term_string}\"},\"query-input\":{\"@type\":\"PropertyValueSpecification\",\"valueRequired\":true,\"valueName\":\"search_term_string\"}}],\"inLanguage\":\"hu\"},{\"@type\":\"Organization\",\"@id\":\"https:\\\/\\\/dorogimedence.hu\\\/#organization\",\"name\":\"Dorogi-medence Region\u00e1lis H\u00edrport\u00e1l\",\"url\":\"https:\\\/\\\/dorogimedence.hu\\\/\",\"logo\":{\"@type\":\"ImageObject\",\"inLanguage\":\"hu\",\"@id\":\"https:\\\/\\\/dorogimedence.hu\\\/#\\\/schema\\\/logo\\\/image\\\/\",\"url\":\"https:\\\/\\\/dorogimedence.hu\\\/wp-content\\\/uploads\\\/2021\\\/04\\\/logo-feher-600.png\",\"contentUrl\":\"https:\\\/\\\/dorogimedence.hu\\\/wp-content\\\/uploads\\\/2021\\\/04\\\/logo-feher-600.png\",\"width\":600,\"height\":100,\"caption\":\"Dorogi-medence Region\u00e1lis H\u00edrport\u00e1l\"},\"image\":{\"@id\":\"https:\\\/\\\/dorogimedence.hu\\\/#\\\/schema\\\/logo\\\/image\\\/\"},\"sameAs\":[\"https:\\\/\\\/www.facebook.com\\\/dorogimedence\\\/\"]},{\"@type\":\"Person\",\"@id\":\"https:\\\/\\\/dorogimedence.hu\\\/#\\\/schema\\\/person\\\/ce6091eeb7e95ecdc87890d6aa8e0fd4\",\"name\":\"dorogimedence.hu\",\"image\":{\"@type\":\"ImageObject\",\"inLanguage\":\"hu\",\"@id\":\"\\\/\\\/www.gravatar.com\\\/avatar\\\/d8d45f8901aadff40a4af72c0b826f1d?s=96&#038;r=g&#038;d=mm\",\"url\":\"\\\/\\\/www.gravatar.com\\\/avatar\\\/d8d45f8901aadff40a4af72c0b826f1d?s=96&#038;r=g&#038;d=mm\",\"contentUrl\":\"\\\/\\\/www.gravatar.com\\\/avatar\\\/d8d45f8901aadff40a4af72c0b826f1d?s=96&#038;r=g&#038;d=mm\",\"caption\":\"dorogimedence.hu\"}}]}<\/script>\n<!-- \/ Yoast SEO plugin. -->","yoast_head_json":{"title":"T\u00f6bb t\u00edzezer aut\u00f3t h\u00edv vissza a Suzuki","robots":{"index":"index","follow":"follow","max-snippet":"max-snippet:-1","max-image-preview":"max-image-preview:large","max-video-preview":"max-video-preview:-1"},"canonical":"https:\/\/dorogimedence.hu\/index.php\/2022\/11\/02\/tobb-tizezer-autot-hiv-vissza-a-suzuki\/","og_locale":"hu_HU","og_type":"article","og_title":"T\u00f6bb t\u00edzezer aut\u00f3t h\u00edv vissza a Suzuki","og_description":"Gyeng\u00fcl\u0151 f\u00e9khat\u00e1s miatt d\u00edjmentes jav\u00edt\u00e1sra h\u00edvja vissza egyes Vitara \u00e9s SX4 S-CROSS modelljeit a Suzuki Motor Corporation, az akci\u00f3 66 ezer magyarorsz\u00e1gi v\u00e1s\u00e1rl\u00f3t \u00e9rint &#8211; k\u00f6z\u00f6lte az esztergomi aut\u00f3gy\u00e1r kommunik\u00e1ci\u00f3s vezet\u0151je szerd\u00e1n az MTI-vel. Bonn\u00e1r-Csonka Zsuzsanna t\u00e1j\u00e9koztat\u00e1sa szerint gy\u00e1ri ellen\u0151rz\u00e9s sor\u00e1n fedezt\u00e9k fel, hogy a f\u00e9kr\u00e1seg\u00edt\u0151 m\u0171k\u00f6d\u00e9s\u00e9hez sz\u0171ks\u00e9ges, v\u00e1kuumot el\u0151\u00e1ll\u00edt\u00f3 visszacsap\u00f3 szelep a motorolaj hat\u00e1s\u00e1ra","og_url":"https:\/\/dorogimedence.hu\/index.php\/2022\/11\/02\/tobb-tizezer-autot-hiv-vissza-a-suzuki\/","og_site_name":"Dorogi-medence Region\u00e1lis H\u00edrport\u00e1l","article_publisher":"https:\/\/www.facebook.com\/dorogimedence\/","article_published_time":"2022-11-02T10:27:57+00:00","article_modified_time":"2022-11-02T10:28:49+00:00","og_image":[{"width":1392,"height":928,"url":"https:\/\/dorogimedence.hu\/wp-content\/uploads\/2022\/06\/Suzuki_S-Cross_es_Vitara_az_esztergomi_Maria_Valeria_hid_elott.jpg","type":"image\/jpeg"}],"author":"dorogimedence.hu","twitter_card":"summary_large_image","twitter_misc":{"Szerz\u0151:":"dorogimedence.hu","Becs\u00fclt olvas\u00e1si id\u0151":"2 perc"},"schema":{"@context":"https:\/\/schema.org","@graph":[{"@type":"Article","@id":"https:\/\/dorogimedence.hu\/index.php\/2022\/11\/02\/tobb-tizezer-autot-hiv-vissza-a-suzuki\/#article","isPartOf":{"@id":"https:\/\/dorogimedence.hu\/index.php\/2022\/11\/02\/tobb-tizezer-autot-hiv-vissza-a-suzuki\/"},"author":{"name":"dorogimedence.hu","@id":"https:\/\/dorogimedence.hu\/#\/schema\/person\/ce6091eeb7e95ecdc87890d6aa8e0fd4"},"headline":"T\u00f6bb t\u00edzezer aut\u00f3t h\u00edv vissza a Suzuki","datePublished":"2022-11-02T10:27:57+00:00","dateModified":"2022-11-02T10:28:49+00:00","mainEntityOfPage":{"@id":"https:\/\/dorogimedence.hu\/index.php\/2022\/11\/02\/tobb-tizezer-autot-hiv-vissza-a-suzuki\/"},"wordCount":337,"publisher":{"@id":"https:\/\/dorogimedence.hu\/#organization"},"image":{"@id":"https:\/\/dorogimedence.hu\/index.php\/2022\/11\/02\/tobb-tizezer-autot-hiv-vissza-a-suzuki\/#primaryimage"},"thumbnailUrl":"https:\/\/dorogimedence.hu\/wp-content\/uploads\/2022\/06\/Suzuki_S-Cross_es_Vitara_az_esztergomi_Maria_Valeria_hid_elott.jpg","keywords":["esztergom","Magyar Suzuki","Suzuki","visszah\u00edv\u00e1s"],"articleSection":["H\u00edrek"],"inLanguage":"hu"},{"@type":"WebPage","@id":"https:\/\/dorogimedence.hu\/index.php\/2022\/11\/02\/tobb-tizezer-autot-hiv-vissza-a-suzuki\/","url":"https:\/\/dorogimedence.hu\/index.php\/2022\/11\/02\/tobb-tizezer-autot-hiv-vissza-a-suzuki\/","name":"T\u00f6bb t\u00edzezer aut\u00f3t h\u00edv vissza a Suzuki","isPartOf":{"@id":"https:\/\/dorogimedence.hu\/#website"},"primaryImageOfPage":{"@id":"https:\/\/dorogimedence.hu\/index.php\/2022\/11\/02\/tobb-tizezer-autot-hiv-vissza-a-suzuki\/#primaryimage"},"image":{"@id":"https:\/\/dorogimedence.hu\/index.php\/2022\/11\/02\/tobb-tizezer-autot-hiv-vissza-a-suzuki\/#primaryimage"},"thumbnailUrl":"https:\/\/dorogimedence.hu\/wp-content\/uploads\/2022\/06\/Suzuki_S-Cross_es_Vitara_az_esztergomi_Maria_Valeria_hid_elott.jpg","datePublished":"2022-11-02T10:27:57+00:00","dateModified":"2022-11-02T10:28:49+00:00","breadcrumb":{"@id":"https:\/\/dorogimedence.hu\/index.php\/2022\/11\/02\/tobb-tizezer-autot-hiv-vissza-a-suzuki\/#breadcrumb"},"inLanguage":"hu","potentialAction":[{"@type":"ReadAction","target":["https:\/\/dorogimedence.hu\/index.php\/2022\/11\/02\/tobb-tizezer-autot-hiv-vissza-a-suzuki\/"]}]},{"@type":"ImageObject","inLanguage":"hu","@id":"https:\/\/dorogimedence.hu\/index.php\/2022\/11\/02\/tobb-tizezer-autot-hiv-vissza-a-suzuki\/#primaryimage","url":"https:\/\/dorogimedence.hu\/wp-content\/uploads\/2022\/06\/Suzuki_S-Cross_es_Vitara_az_esztergomi_Maria_Valeria_hid_elott.jpg","contentUrl":"https:\/\/dorogimedence.hu\/wp-content\/uploads\/2022\/06\/Suzuki_S-Cross_es_Vitara_az_esztergomi_Maria_Valeria_hid_elott.jpg","width":1392,"height":928},{"@type":"BreadcrumbList","@id":"https:\/\/dorogimedence.hu\/index.php\/2022\/11\/02\/tobb-tizezer-autot-hiv-vissza-a-suzuki\/#breadcrumb","itemListElement":[{"@type":"ListItem","position":1,"name":"Kezd\u0151lap","item":"https:\/\/dorogimedence.hu\/"},{"@type":"ListItem","position":2,"name":"T\u00f6bb t\u00edzezer aut\u00f3t h\u00edv vissza a Suzuki"}]},{"@type":"WebSite","@id":"https:\/\/dorogimedence.hu\/#website","url":"https:\/\/dorogimedence.hu\/","name":"Dorogi-medence Region\u00e1lis H\u00edrport\u00e1l","description":"Dorog, Keszt\u00f6lc, Le\u00e1nyv\u00e1r, Piliscs\u00e9v, Tokod, Tokodalt\u00e1r\u00f3, Csolnok, Esztergom-kertv\u00e1ros: h\u00edrek, programok","publisher":{"@id":"https:\/\/dorogimedence.hu\/#organization"},"potentialAction":[{"@type":"SearchAction","target":{"@type":"EntryPoint","urlTemplate":"https:\/\/dorogimedence.hu\/?s={search_term_string}"},"query-input":{"@type":"PropertyValueSpecification","valueRequired":true,"valueName":"search_term_string"}}],"inLanguage":"hu"},{"@type":"Organization","@id":"https:\/\/dorogimedence.hu\/#organization","name":"Dorogi-medence Region\u00e1lis H\u00edrport\u00e1l","url":"https:\/\/dorogimedence.hu\/","logo":{"@type":"ImageObject","inLanguage":"hu","@id":"https:\/\/dorogimedence.hu\/#\/schema\/logo\/image\/","url":"https:\/\/dorogimedence.hu\/wp-content\/uploads\/2021\/04\/logo-feher-600.png","contentUrl":"https:\/\/dorogimedence.hu\/wp-content\/uploads\/2021\/04\/logo-feher-600.png","width":600,"height":100,"caption":"Dorogi-medence Region\u00e1lis H\u00edrport\u00e1l"},"image":{"@id":"https:\/\/dorogimedence.hu\/#\/schema\/logo\/image\/"},"sameAs":["https:\/\/www.facebook.com\/dorogimedence\/"]},{"@type":"Person","@id":"https:\/\/dorogimedence.hu\/#\/schema\/person\/ce6091eeb7e95ecdc87890d6aa8e0fd4","name":"dorogimedence.hu","image":{"@type":"ImageObject","inLanguage":"hu","@id":"\/\/www.gravatar.com\/avatar\/d8d45f8901aadff40a4af72c0b826f1d?s=96&#038;r=g&#038;d=mm","url":"\/\/www.gravatar.com\/avatar\/d8d45f8901aadff40a4af72c0b826f1d?s=96&#038;r=g&#038;d=mm","contentUrl":"\/\/www.gravatar.com\/avatar\/d8d45f8901aadff40a4af72c0b826f1d?s=96&#038;r=g&#038;d=mm","caption":"dorogimedence.hu"}}]}},"_links":{"self":[{"href":"https:\/\/dorogimedence.hu\/index.php\/wp-json\/wp\/v2\/posts\/47767","targetHints":{"allow":["GET"]}}],"collection":[{"href":"https:\/\/dorogimedence.hu\/index.php\/wp-json\/wp\/v2\/posts"}],"about":[{"href":"https:\/\/dorogimedence.hu\/index.php\/wp-json\/wp\/v2\/types\/post"}],"author":[{"embeddable":true,"href":"https:\/\/dorogimedence.hu\/index.php\/wp-json\/wp\/v2\/users\/1"}],"replies":[{"embeddable":true,"href":"https:\/\/dorogimedence.hu\/index.php\/wp-json\/wp\/v2\/comments?post=47767"}],"version-history":[{"count":0,"href":"https:\/\/dorogimedence.hu\/index.php\/wp-json\/wp\/v2\/posts\/47767\/revisions"}],"wp:featuredmedia":[{"embeddable":true,"href":"https:\/\/dorogimedence.hu\/index.php\/wp-json\/wp\/v2\/media\/44023"}],"wp:attachment":[{"href":"https:\/\/dorogimedence.hu\/index.php\/wp-json\/wp\/v2\/media?parent=47767"}],"wp:term":[{"taxonomy":"category","embeddable":true,"href":"https:\/\/dorogimedence.hu\/index.php\/wp-json\/wp\/v2\/categories?post=47767"},{"taxonomy":"post_tag","embeddable":true,"href":"https:\/\/dorogimedence.hu\/index.php\/wp-json\/wp\/v2\/tags?post=47767"}],"curies":[{"name":"wp","href":"https:\/\/api.w.org\/{rel}","templated":true}]}}