{"id":47742,"date":"2022-11-02T07:13:27","date_gmt":"2022-11-02T06:13:27","guid":{"rendered":"https:\/\/dorogimedence.hu\/?p=47742"},"modified":"2022-11-02T07:13:58","modified_gmt":"2022-11-02T06:13:58","slug":"erdo-peter-a-szentekben-is-krisztust-csodaljuk","status":"publish","type":"post","link":"https:\/\/dorogimedence.hu\/index.php\/2022\/11\/02\/erdo-peter-a-szentekben-is-krisztust-csodaljuk\/","title":{"rendered":"Erd\u0151 P\u00e9ter: A szentekben is Krisztust csod\u00e1ljuk"},"content":{"rendered":"<p><strong>Erd\u0151 P\u00e9ter b\u00edboros, esztergom-budapesti \u00e9rsek celebr\u00e1lt szentmis\u00e9t az Esztergomi Bazilik\u00e1ban Mindenszentek f\u0151\u00fcnnep\u00e9n, 2022. november 1-j\u00e9n.<\/strong><\/p>\n<p>A b\u00edboros szentbesz\u00e9d\u00e9ben a Teremt\u00e9s k\u00f6nyv\u00e9ben tal\u00e1lhat\u00f3 els\u0151 isteni sz\u00f3 kapcs\u00e1n \u201eLegyen vil\u00e1goss\u00e1g!\u201d kifejtette, hogy a mai term\u00e9szettud\u00f3sok a f\u00e9nyt vizsg\u00e1lj\u00e1k \u00e9s megrend\u00fclve mondj\u00e1k ki, hogy lehetnek olyan eszk\u00f6z\u00f6k, amelyekkel visszapillanthatunk a mai ismert kozmosz keletkez\u00e9s\u00e9nek els\u0151 nagy mozzanat\u00e1ra, amikor megjelent a f\u00e9ny. Amikor pedig az Evang\u00e9lium elbesz\u00e9li Krisztus sz\u00fclet\u00e9s\u00e9nek t\u00f6rt\u00e9net\u00e9t, azt halljuk, hogy megjelent az angyal a p\u00e1sztoroknak a betlehemi \u00e9jszak\u00e1ban \u00e9s \u201eberagyogta \u0151ket az \u00dar dics\u0151s\u00e9ge\u201d. J\u00e1nos evang\u00e9liuma pedig el\u0151besz\u00e9d\u00e9ben a megtestes\u00fcl\u00e9s titk\u00e1r\u00f3l kijelenti: \u201eazt Ige volt az igazi vil\u00e1goss\u00e1g, amely minden embert megvil\u00e1gos\u00edt. A vil\u00e1gba j\u00f6tt, a vil\u00e1gban volt, \u00e1ltala lett a vil\u00e1g, m\u00e9gsem ismerte fel a vil\u00e1g\u201d. A Jelenes\u00e9sek k\u00f6nyv\u00e9ben pedig a mennyei Jeruzs\u00e1lemr\u0151l, az \u00f6r\u00f6k boldogs\u00e1g otthon\u00e1r\u00f3l, azt olvassuk, hogy Isten dics\u0151s\u00e9g\u00e9t sug\u00e1rozta \u00e9s hogy ennek a v\u00e1rosnak \u201enincs sz\u00fcks\u00e9ge sem Napra, sem Holdra, hogy vil\u00e1g\u00edtsanak, mert az Isten dics\u0151s\u00e9ge ragyogja be, vil\u00e1goss\u00e1ga pedig a B\u00e1r\u00e1ny\u201d. A f\u00e9nynek ez a mot\u00edvuma v\u00e9gig kis\u00e9ri Isten \u00e9s ember tal\u00e1lkoz\u00e1s\u00e1nak, az emberis\u00e9g \u00fcdv\u00f6ss\u00e9g\u00e9nek eg\u00e9sz t\u00f6rt\u00e9net\u00e9t.<\/p>\n<p>A f\u0151p\u00e1sztor a f\u00e9nnyel kapcsolatban elmondta azt is, hogy ah\u00e1nyszor csak a klinikai hal\u00e1l \u00e1llapot\u00e1b\u00f3l visszat\u00e9rt emberek besz\u00e1mol\u00f3it olvassuk, mindig tal\u00e1lkozunk a f\u00e9ny mot\u00edvum\u00e1val. Vil\u00e1goss\u00e1g az alag\u00fat v\u00e9g\u00e9n, bel\u00e9p\u00e9s a f\u00e9nybe, \u00e9s m\u00e1s ezekhez hasonl\u00f3 k\u00e9pek t\u0171nnek fel el\u0151tt\u00fcnk. A f\u00e9ny, mint titokzatos fizikai jelens\u00e9g \u00e9s a vil\u00e1goss\u00e1g, mint az Isten dics\u0151s\u00e9g\u00e9nek, jelenl\u00e9t\u00e9nek, l\u00e9tm\u00f3dj\u00e1nak kifejez\u00e9se tal\u00e1lkoznak ezekben az elbesz\u00e9l\u00e9sekben.<\/p>\n<p><img fetchpriority=\"high\" decoding=\"async\" class=\"alignnone size-large wp-image-47744\" src=\"https:\/\/dorogimedence.hu\/wp-content\/uploads\/2022\/11\/erdopeter-02-1024x683.jpg\" alt=\"\" width=\"755\" height=\"504\"><\/p>\n<p>Erd\u0151 P\u00e9ter kiemelte, hogy az Egyh\u00e1z liturgi\u00e1j\u00e1ban \u00f6r\u00f6mmel karolja fel a f\u00e9ny szimbolik\u00e1j\u00e1t. A h\u00fasv\u00e9ti gyertya a felt\u00e1madt Krisztust jelk\u00e9pezi, akiben az isteni \u00e9let soha nem adja \u00e1t hely\u00e9t a t\u00f6k\u00e9letes pusztul\u00e1snak. \u00c9s err\u0151l a gyerty\u00e1r\u00f3l gy\u00fajtjuk meg H\u00fasv\u00e9t vig\u00edli\u00e1j\u00e1nak szertart\u00e1sa sor\u00e1n az \u00fajonnan kereszteltek gyerty\u00e1it, de err\u0151l eml\u00e9kez\u00fcnk meg minden keresztel\u00e9skor is, amikor az \u00e9g\u0151 gyerty\u00e1r\u00f3l elmondjuk, hogy Krisztus vil\u00e1goss\u00e1ga, a hit \u00e9s a kegyelem f\u00e9nye gyulladt fel a lelk\u00fcnkben. Akik ezt a l\u00e1ngot kezdeti tisztas\u00e1g\u00e1ban vagy viharos \u00e9let ut\u00e1n az els\u0151 szeretetet \u00fajra felsz\u00edtva \u0151rzik hal\u00e1luk pillanat\u00e1ban, azok bel\u00e9pnek abba a f\u00e9nyess\u00e9gbe, amely Isten \u00e9let\u00e9nek, szeretet\u00e9nek \u00e9s boldogs\u00e1g\u00e1nak k\u00f6z\u00f6ss\u00e9g\u00e9t jelenti.<\/p>\n<p>A b\u00edboros r\u00e1vil\u00e1g\u00edtott arra, hogy amikor ma minden \u00fcdv\u00f6z\u00fcltet, minden szentet \u00fcnnepl\u00fcnk, a szentekr\u0151l azt valljuk, hogy m\u00e1r az \u00f6r\u00f6k boldogs\u00e1gba jutottak. Nekik teh\u00e1t nincs sz\u00fcks\u00e9g\u00fck arra, hogy mi \u00fcnnepelj\u00fck \u0151ket. Persze lehet az\u00e9rt, hogy \u00f6r\u00fclnek neki, amikor megeml\u00e9kez\u00fcnk r\u00f3luk, hiszen a szentek k\u00f6z\u00f6ss\u00e9g\u00e9nek hitigazs\u00e1ga, amit a Hiszekegyben mindig megvallunk, azt jelenti, hogy kapcsolat, kommunik\u00e1ci\u00f3 van k\u00f6zt\u00fcnk, hogy k\u00e9rhetj\u00fck k\u00f6zbenj\u00e1r\u00e1sukat \u00e9s tudnak is seg\u00edteni rajtunk. Teh\u00e1t valamilyen m\u00f3don \u00e9rz\u00e9kelik, amikor im\u00e1dkozunk hozz\u00e1juk, amikor gondolunk r\u00e1juk. \u201eM\u00e9gis, sz\u00fcks\u00e9g\u00fck az \u00fcnnepre nem nekik van, hanem nek\u00fcnk, akik itt a f\u00f6ld\u00f6n \u00e9l\u00fcnk. \u00c9s nem csup\u00e1n az\u00e9rt fontos ez a sz\u00e1munkra, mert seg\u00edts\u00e9get k\u00e9rhet\u00fcnk a szentekt\u0151l, hanem tal\u00e1n m\u00e9g ink\u00e1bb az\u00e9rt, mert l\u00e1tni akarjuk \u0151ket, ha m\u00e1sk\u00e9nt nem, legal\u00e1bb lelki szem\u00fcnkkel, mert az \u0151 boldogs\u00e1guk valamik\u00e9ppen r\u00e1nk is \u00e1tsug\u00e1rzik. A szentekr\u0151l valljuk, hogy \u00e9let\u00fckben mag\u00e1t, Krisztust t\u00fckr\u00f6zt\u00e9k vissza: Krisztus igazs\u00e1g\u00e1t, b\u00f6lcsess\u00e9g\u00e9t, szeretet\u00e9t, vagy ak\u00e1r term\u00e9szetfeletti tud\u00e1s\u00e1t. A szentekben is Krisztust csod\u00e1ljuk.\u201d \u2013 jegyezte meg a f\u0151p\u00e1sztor, majd hozz\u00e1tette: \u201eAmikor ma minden szentek seg\u00edts\u00e9g\u00e9t k\u00e9rj\u00fck, k\u00f6vess\u00fck \u0151ket ezen az \u00faton \u00e9s k\u00e9rj\u00fck Isten irgalm\u00e1t kedves halottaink sz\u00e1m\u00e1ra, hogy egykor mindny\u00e1jan \u00fajra boldogs\u00e1gban egy\u00fctt lehess\u00fcnk.\u201d<\/p>\n<p><em>Fot\u00f3k: <\/em><em>MTI\/M\u00e1th\u00e9 Zolt\u00e1n<\/em><\/p>\n","protected":false},"excerpt":{"rendered":"<p>Erd\u0151 P\u00e9ter b\u00edboros, esztergom-budapesti \u00e9rsek celebr\u00e1lt szentmis\u00e9t az Esztergomi Bazilik\u00e1ban Mindenszentek f\u0151\u00fcnnep\u00e9n, 2022. november 1-j\u00e9n. A b\u00edboros szentbesz\u00e9d\u00e9ben a Teremt\u00e9s k\u00f6nyv\u00e9ben tal\u00e1lhat\u00f3 els\u0151 isteni sz\u00f3 kapcs\u00e1n \u201eLegyen vil\u00e1goss\u00e1g!\u201d kifejtette, hogy a mai term\u00e9szettud\u00f3sok a f\u00e9nyt vizsg\u00e1lj\u00e1k \u00e9s megrend\u00fclve mondj\u00e1k ki, hogy lehetnek olyan eszk\u00f6z\u00f6k, amelyekkel visszapillanthatunk a mai ismert kozmosz keletkez\u00e9s\u00e9nek els\u0151 nagy mozzanat\u00e1ra, amikor<\/p>\n","protected":false},"author":1,"featured_media":0,"comment_status":"closed","ping_status":"closed","sticky":false,"template":"","format":"standard","meta":{"ngg_post_thumbnail":0,"footnotes":""},"categories":[38,3],"tags":[1334,764,42,3163,5624,762,4578,1755],"class_list":{"0":"post-47742","1":"post","2":"type-post","3":"status-publish","4":"format-standard","6":"category-esztergom","7":"category-hirek","8":"tag-egyhaz","9":"tag-erdo-peter","10":"tag-esztergom","11":"tag-esztergomi-bazilika","12":"tag-featured","13":"tag-katolikus-egyhaz","14":"tag-liturgia","15":"tag-mindenszentek"},"yoast_head":"<!-- This site is optimized with the Yoast SEO plugin v27.4 - https:\/\/yoast.com\/product\/yoast-seo-wordpress\/ -->\n<title>Erd\u0151 P\u00e9ter: A szentekben is Krisztust csod\u00e1ljuk<\/title>\n<meta name=\"robots\" content=\"index, follow, max-snippet:-1, max-image-preview:large, max-video-preview:-1\" \/>\n<link rel=\"canonical\" href=\"https:\/\/dorogimedence.hu\/index.php\/2022\/11\/02\/erdo-peter-a-szentekben-is-krisztust-csodaljuk\/\" class=\"yoast-seo-meta-tag\" \/>\n<meta property=\"og:locale\" content=\"hu_HU\" class=\"yoast-seo-meta-tag\" \/>\n<meta property=\"og:type\" content=\"article\" class=\"yoast-seo-meta-tag\" \/>\n<meta property=\"og:title\" content=\"Erd\u0151 P\u00e9ter: A szentekben is Krisztust csod\u00e1ljuk\" class=\"yoast-seo-meta-tag\" \/>\n<meta property=\"og:description\" content=\"Erd\u0151 P\u00e9ter b\u00edboros, esztergom-budapesti \u00e9rsek celebr\u00e1lt szentmis\u00e9t az Esztergomi Bazilik\u00e1ban Mindenszentek f\u0151\u00fcnnep\u00e9n, 2022. november 1-j\u00e9n. A b\u00edboros szentbesz\u00e9d\u00e9ben a Teremt\u00e9s k\u00f6nyv\u00e9ben tal\u00e1lhat\u00f3 els\u0151 isteni sz\u00f3 kapcs\u00e1n \u201eLegyen vil\u00e1goss\u00e1g!\u201d kifejtette, hogy a mai term\u00e9szettud\u00f3sok a f\u00e9nyt vizsg\u00e1lj\u00e1k \u00e9s megrend\u00fclve mondj\u00e1k ki, hogy lehetnek olyan eszk\u00f6z\u00f6k, amelyekkel visszapillanthatunk a mai ismert kozmosz keletkez\u00e9s\u00e9nek els\u0151 nagy mozzanat\u00e1ra, amikor\" class=\"yoast-seo-meta-tag\" \/>\n<meta property=\"og:url\" content=\"https:\/\/dorogimedence.hu\/index.php\/2022\/11\/02\/erdo-peter-a-szentekben-is-krisztust-csodaljuk\/\" class=\"yoast-seo-meta-tag\" \/>\n<meta property=\"og:site_name\" content=\"Dorogi-medence Region\u00e1lis H\u00edrport\u00e1l\" class=\"yoast-seo-meta-tag\" \/>\n<meta property=\"article:publisher\" content=\"https:\/\/www.facebook.com\/dorogimedence\/\" class=\"yoast-seo-meta-tag\" \/>\n<meta property=\"article:published_time\" content=\"2022-11-02T06:13:27+00:00\" class=\"yoast-seo-meta-tag\" \/>\n<meta property=\"article:modified_time\" content=\"2022-11-02T06:13:58+00:00\" class=\"yoast-seo-meta-tag\" \/>\n<meta property=\"og:image\" content=\"https:\/\/dorogimedence.hu\/wp-content\/uploads\/2022\/11\/erdopeter-01.jpg\" class=\"yoast-seo-meta-tag\" \/>\n\t<meta property=\"og:image:width\" content=\"1920\" class=\"yoast-seo-meta-tag\" \/>\n\t<meta property=\"og:image:height\" content=\"1093\" class=\"yoast-seo-meta-tag\" \/>\n\t<meta property=\"og:image:type\" content=\"image\/jpeg\" class=\"yoast-seo-meta-tag\" \/>\n<meta name=\"author\" content=\"dorogimedence.hu\" class=\"yoast-seo-meta-tag\" \/>\n<meta name=\"twitter:card\" content=\"summary_large_image\" class=\"yoast-seo-meta-tag\" \/>\n<meta name=\"twitter:label1\" content=\"Szerz\u0151:\" class=\"yoast-seo-meta-tag\" \/>\n\t<meta name=\"twitter:data1\" content=\"dorogimedence.hu\" class=\"yoast-seo-meta-tag\" \/>\n\t<meta name=\"twitter:label2\" content=\"Becs\u00fclt olvas\u00e1si id\u0151\" class=\"yoast-seo-meta-tag\" \/>\n\t<meta name=\"twitter:data2\" content=\"4 perc\" class=\"yoast-seo-meta-tag\" \/>\n<script type=\"application\/ld+json\" class=\"yoast-schema-graph\">{\"@context\":\"https:\\\/\\\/schema.org\",\"@graph\":[{\"@type\":\"Article\",\"@id\":\"https:\\\/\\\/dorogimedence.hu\\\/index.php\\\/2022\\\/11\\\/02\\\/erdo-peter-a-szentekben-is-krisztust-csodaljuk\\\/#article\",\"isPartOf\":{\"@id\":\"https:\\\/\\\/dorogimedence.hu\\\/index.php\\\/2022\\\/11\\\/02\\\/erdo-peter-a-szentekben-is-krisztust-csodaljuk\\\/\"},\"author\":{\"name\":\"dorogimedence.hu\",\"@id\":\"https:\\\/\\\/dorogimedence.hu\\\/#\\\/schema\\\/person\\\/ce6091eeb7e95ecdc87890d6aa8e0fd4\"},\"headline\":\"Erd\u0151 P\u00e9ter: A szentekben is Krisztust csod\u00e1ljuk\",\"datePublished\":\"2022-11-02T06:13:27+00:00\",\"dateModified\":\"2022-11-02T06:13:58+00:00\",\"mainEntityOfPage\":{\"@id\":\"https:\\\/\\\/dorogimedence.hu\\\/index.php\\\/2022\\\/11\\\/02\\\/erdo-peter-a-szentekben-is-krisztust-csodaljuk\\\/\"},\"wordCount\":831,\"publisher\":{\"@id\":\"https:\\\/\\\/dorogimedence.hu\\\/#organization\"},\"image\":{\"@id\":\"https:\\\/\\\/dorogimedence.hu\\\/index.php\\\/2022\\\/11\\\/02\\\/erdo-peter-a-szentekben-is-krisztust-csodaljuk\\\/#primaryimage\"},\"thumbnailUrl\":\"https:\\\/\\\/dorogimedence.hu\\\/wp-content\\\/uploads\\\/2022\\\/11\\\/erdopeter-02-1024x683.jpg\",\"keywords\":[\"egyh\u00e1z\",\"Erd\u0151 P\u00e9ter\",\"esztergom\",\"esztergomi bazilika\",\"featured\",\"katolikus egyh\u00e1z\",\"liturgia\",\"mindenszentek\"],\"articleSection\":[\"Esztergom\",\"H\u00edrek\"],\"inLanguage\":\"hu\"},{\"@type\":\"WebPage\",\"@id\":\"https:\\\/\\\/dorogimedence.hu\\\/index.php\\\/2022\\\/11\\\/02\\\/erdo-peter-a-szentekben-is-krisztust-csodaljuk\\\/\",\"url\":\"https:\\\/\\\/dorogimedence.hu\\\/index.php\\\/2022\\\/11\\\/02\\\/erdo-peter-a-szentekben-is-krisztust-csodaljuk\\\/\",\"name\":\"Erd\u0151 P\u00e9ter: A szentekben is Krisztust csod\u00e1ljuk\",\"isPartOf\":{\"@id\":\"https:\\\/\\\/dorogimedence.hu\\\/#website\"},\"primaryImageOfPage\":{\"@id\":\"https:\\\/\\\/dorogimedence.hu\\\/index.php\\\/2022\\\/11\\\/02\\\/erdo-peter-a-szentekben-is-krisztust-csodaljuk\\\/#primaryimage\"},\"image\":{\"@id\":\"https:\\\/\\\/dorogimedence.hu\\\/index.php\\\/2022\\\/11\\\/02\\\/erdo-peter-a-szentekben-is-krisztust-csodaljuk\\\/#primaryimage\"},\"thumbnailUrl\":\"https:\\\/\\\/dorogimedence.hu\\\/wp-content\\\/uploads\\\/2022\\\/11\\\/erdopeter-02-1024x683.jpg\",\"datePublished\":\"2022-11-02T06:13:27+00:00\",\"dateModified\":\"2022-11-02T06:13:58+00:00\",\"breadcrumb\":{\"@id\":\"https:\\\/\\\/dorogimedence.hu\\\/index.php\\\/2022\\\/11\\\/02\\\/erdo-peter-a-szentekben-is-krisztust-csodaljuk\\\/#breadcrumb\"},\"inLanguage\":\"hu\",\"potentialAction\":[{\"@type\":\"ReadAction\",\"target\":[\"https:\\\/\\\/dorogimedence.hu\\\/index.php\\\/2022\\\/11\\\/02\\\/erdo-peter-a-szentekben-is-krisztust-csodaljuk\\\/\"]}]},{\"@type\":\"ImageObject\",\"inLanguage\":\"hu\",\"@id\":\"https:\\\/\\\/dorogimedence.hu\\\/index.php\\\/2022\\\/11\\\/02\\\/erdo-peter-a-szentekben-is-krisztust-csodaljuk\\\/#primaryimage\",\"url\":\"https:\\\/\\\/dorogimedence.hu\\\/wp-content\\\/uploads\\\/2022\\\/11\\\/erdopeter-02-1024x683.jpg\",\"contentUrl\":\"https:\\\/\\\/dorogimedence.hu\\\/wp-content\\\/uploads\\\/2022\\\/11\\\/erdopeter-02-1024x683.jpg\"},{\"@type\":\"BreadcrumbList\",\"@id\":\"https:\\\/\\\/dorogimedence.hu\\\/index.php\\\/2022\\\/11\\\/02\\\/erdo-peter-a-szentekben-is-krisztust-csodaljuk\\\/#breadcrumb\",\"itemListElement\":[{\"@type\":\"ListItem\",\"position\":1,\"name\":\"Kezd\u0151lap\",\"item\":\"https:\\\/\\\/dorogimedence.hu\\\/\"},{\"@type\":\"ListItem\",\"position\":2,\"name\":\"Erd\u0151 P\u00e9ter: A szentekben is Krisztust csod\u00e1ljuk\"}]},{\"@type\":\"WebSite\",\"@id\":\"https:\\\/\\\/dorogimedence.hu\\\/#website\",\"url\":\"https:\\\/\\\/dorogimedence.hu\\\/\",\"name\":\"Dorogi-medence Region\u00e1lis H\u00edrport\u00e1l\",\"description\":\"Dorog, Keszt\u00f6lc, Le\u00e1nyv\u00e1r, Piliscs\u00e9v, Tokod, Tokodalt\u00e1r\u00f3, Csolnok, Esztergom-kertv\u00e1ros: h\u00edrek, programok\",\"publisher\":{\"@id\":\"https:\\\/\\\/dorogimedence.hu\\\/#organization\"},\"potentialAction\":[{\"@type\":\"SearchAction\",\"target\":{\"@type\":\"EntryPoint\",\"urlTemplate\":\"https:\\\/\\\/dorogimedence.hu\\\/?s={search_term_string}\"},\"query-input\":{\"@type\":\"PropertyValueSpecification\",\"valueRequired\":true,\"valueName\":\"search_term_string\"}}],\"inLanguage\":\"hu\"},{\"@type\":\"Organization\",\"@id\":\"https:\\\/\\\/dorogimedence.hu\\\/#organization\",\"name\":\"Dorogi-medence Region\u00e1lis H\u00edrport\u00e1l\",\"url\":\"https:\\\/\\\/dorogimedence.hu\\\/\",\"logo\":{\"@type\":\"ImageObject\",\"inLanguage\":\"hu\",\"@id\":\"https:\\\/\\\/dorogimedence.hu\\\/#\\\/schema\\\/logo\\\/image\\\/\",\"url\":\"https:\\\/\\\/dorogimedence.hu\\\/wp-content\\\/uploads\\\/2021\\\/04\\\/logo-feher-600.png\",\"contentUrl\":\"https:\\\/\\\/dorogimedence.hu\\\/wp-content\\\/uploads\\\/2021\\\/04\\\/logo-feher-600.png\",\"width\":600,\"height\":100,\"caption\":\"Dorogi-medence Region\u00e1lis H\u00edrport\u00e1l\"},\"image\":{\"@id\":\"https:\\\/\\\/dorogimedence.hu\\\/#\\\/schema\\\/logo\\\/image\\\/\"},\"sameAs\":[\"https:\\\/\\\/www.facebook.com\\\/dorogimedence\\\/\"]},{\"@type\":\"Person\",\"@id\":\"https:\\\/\\\/dorogimedence.hu\\\/#\\\/schema\\\/person\\\/ce6091eeb7e95ecdc87890d6aa8e0fd4\",\"name\":\"dorogimedence.hu\",\"image\":{\"@type\":\"ImageObject\",\"inLanguage\":\"hu\",\"@id\":\"\\\/\\\/www.gravatar.com\\\/avatar\\\/d8d45f8901aadff40a4af72c0b826f1d?s=96&#038;r=g&#038;d=mm\",\"url\":\"\\\/\\\/www.gravatar.com\\\/avatar\\\/d8d45f8901aadff40a4af72c0b826f1d?s=96&#038;r=g&#038;d=mm\",\"contentUrl\":\"\\\/\\\/www.gravatar.com\\\/avatar\\\/d8d45f8901aadff40a4af72c0b826f1d?s=96&#038;r=g&#038;d=mm\",\"caption\":\"dorogimedence.hu\"}}]}<\/script>\n<!-- \/ Yoast SEO plugin. -->","yoast_head_json":{"title":"Erd\u0151 P\u00e9ter: A szentekben is Krisztust csod\u00e1ljuk","robots":{"index":"index","follow":"follow","max-snippet":"max-snippet:-1","max-image-preview":"max-image-preview:large","max-video-preview":"max-video-preview:-1"},"canonical":"https:\/\/dorogimedence.hu\/index.php\/2022\/11\/02\/erdo-peter-a-szentekben-is-krisztust-csodaljuk\/","og_locale":"hu_HU","og_type":"article","og_title":"Erd\u0151 P\u00e9ter: A szentekben is Krisztust csod\u00e1ljuk","og_description":"Erd\u0151 P\u00e9ter b\u00edboros, esztergom-budapesti \u00e9rsek celebr\u00e1lt szentmis\u00e9t az Esztergomi Bazilik\u00e1ban Mindenszentek f\u0151\u00fcnnep\u00e9n, 2022. november 1-j\u00e9n. A b\u00edboros szentbesz\u00e9d\u00e9ben a Teremt\u00e9s k\u00f6nyv\u00e9ben tal\u00e1lhat\u00f3 els\u0151 isteni sz\u00f3 kapcs\u00e1n \u201eLegyen vil\u00e1goss\u00e1g!\u201d kifejtette, hogy a mai term\u00e9szettud\u00f3sok a f\u00e9nyt vizsg\u00e1lj\u00e1k \u00e9s megrend\u00fclve mondj\u00e1k ki, hogy lehetnek olyan eszk\u00f6z\u00f6k, amelyekkel visszapillanthatunk a mai ismert kozmosz keletkez\u00e9s\u00e9nek els\u0151 nagy mozzanat\u00e1ra, amikor","og_url":"https:\/\/dorogimedence.hu\/index.php\/2022\/11\/02\/erdo-peter-a-szentekben-is-krisztust-csodaljuk\/","og_site_name":"Dorogi-medence Region\u00e1lis H\u00edrport\u00e1l","article_publisher":"https:\/\/www.facebook.com\/dorogimedence\/","article_published_time":"2022-11-02T06:13:27+00:00","article_modified_time":"2022-11-02T06:13:58+00:00","og_image":[{"width":1920,"height":1093,"url":"https:\/\/dorogimedence.hu\/wp-content\/uploads\/2022\/11\/erdopeter-01.jpg","type":"image\/jpeg"}],"author":"dorogimedence.hu","twitter_card":"summary_large_image","twitter_misc":{"Szerz\u0151:":"dorogimedence.hu","Becs\u00fclt olvas\u00e1si id\u0151":"4 perc"},"schema":{"@context":"https:\/\/schema.org","@graph":[{"@type":"Article","@id":"https:\/\/dorogimedence.hu\/index.php\/2022\/11\/02\/erdo-peter-a-szentekben-is-krisztust-csodaljuk\/#article","isPartOf":{"@id":"https:\/\/dorogimedence.hu\/index.php\/2022\/11\/02\/erdo-peter-a-szentekben-is-krisztust-csodaljuk\/"},"author":{"name":"dorogimedence.hu","@id":"https:\/\/dorogimedence.hu\/#\/schema\/person\/ce6091eeb7e95ecdc87890d6aa8e0fd4"},"headline":"Erd\u0151 P\u00e9ter: A szentekben is Krisztust csod\u00e1ljuk","datePublished":"2022-11-02T06:13:27+00:00","dateModified":"2022-11-02T06:13:58+00:00","mainEntityOfPage":{"@id":"https:\/\/dorogimedence.hu\/index.php\/2022\/11\/02\/erdo-peter-a-szentekben-is-krisztust-csodaljuk\/"},"wordCount":831,"publisher":{"@id":"https:\/\/dorogimedence.hu\/#organization"},"image":{"@id":"https:\/\/dorogimedence.hu\/index.php\/2022\/11\/02\/erdo-peter-a-szentekben-is-krisztust-csodaljuk\/#primaryimage"},"thumbnailUrl":"https:\/\/dorogimedence.hu\/wp-content\/uploads\/2022\/11\/erdopeter-02-1024x683.jpg","keywords":["egyh\u00e1z","Erd\u0151 P\u00e9ter","esztergom","esztergomi bazilika","featured","katolikus egyh\u00e1z","liturgia","mindenszentek"],"articleSection":["Esztergom","H\u00edrek"],"inLanguage":"hu"},{"@type":"WebPage","@id":"https:\/\/dorogimedence.hu\/index.php\/2022\/11\/02\/erdo-peter-a-szentekben-is-krisztust-csodaljuk\/","url":"https:\/\/dorogimedence.hu\/index.php\/2022\/11\/02\/erdo-peter-a-szentekben-is-krisztust-csodaljuk\/","name":"Erd\u0151 P\u00e9ter: A szentekben is Krisztust csod\u00e1ljuk","isPartOf":{"@id":"https:\/\/dorogimedence.hu\/#website"},"primaryImageOfPage":{"@id":"https:\/\/dorogimedence.hu\/index.php\/2022\/11\/02\/erdo-peter-a-szentekben-is-krisztust-csodaljuk\/#primaryimage"},"image":{"@id":"https:\/\/dorogimedence.hu\/index.php\/2022\/11\/02\/erdo-peter-a-szentekben-is-krisztust-csodaljuk\/#primaryimage"},"thumbnailUrl":"https:\/\/dorogimedence.hu\/wp-content\/uploads\/2022\/11\/erdopeter-02-1024x683.jpg","datePublished":"2022-11-02T06:13:27+00:00","dateModified":"2022-11-02T06:13:58+00:00","breadcrumb":{"@id":"https:\/\/dorogimedence.hu\/index.php\/2022\/11\/02\/erdo-peter-a-szentekben-is-krisztust-csodaljuk\/#breadcrumb"},"inLanguage":"hu","potentialAction":[{"@type":"ReadAction","target":["https:\/\/dorogimedence.hu\/index.php\/2022\/11\/02\/erdo-peter-a-szentekben-is-krisztust-csodaljuk\/"]}]},{"@type":"ImageObject","inLanguage":"hu","@id":"https:\/\/dorogimedence.hu\/index.php\/2022\/11\/02\/erdo-peter-a-szentekben-is-krisztust-csodaljuk\/#primaryimage","url":"https:\/\/dorogimedence.hu\/wp-content\/uploads\/2022\/11\/erdopeter-02-1024x683.jpg","contentUrl":"https:\/\/dorogimedence.hu\/wp-content\/uploads\/2022\/11\/erdopeter-02-1024x683.jpg"},{"@type":"BreadcrumbList","@id":"https:\/\/dorogimedence.hu\/index.php\/2022\/11\/02\/erdo-peter-a-szentekben-is-krisztust-csodaljuk\/#breadcrumb","itemListElement":[{"@type":"ListItem","position":1,"name":"Kezd\u0151lap","item":"https:\/\/dorogimedence.hu\/"},{"@type":"ListItem","position":2,"name":"Erd\u0151 P\u00e9ter: A szentekben is Krisztust csod\u00e1ljuk"}]},{"@type":"WebSite","@id":"https:\/\/dorogimedence.hu\/#website","url":"https:\/\/dorogimedence.hu\/","name":"Dorogi-medence Region\u00e1lis H\u00edrport\u00e1l","description":"Dorog, Keszt\u00f6lc, Le\u00e1nyv\u00e1r, Piliscs\u00e9v, Tokod, Tokodalt\u00e1r\u00f3, Csolnok, Esztergom-kertv\u00e1ros: h\u00edrek, programok","publisher":{"@id":"https:\/\/dorogimedence.hu\/#organization"},"potentialAction":[{"@type":"SearchAction","target":{"@type":"EntryPoint","urlTemplate":"https:\/\/dorogimedence.hu\/?s={search_term_string}"},"query-input":{"@type":"PropertyValueSpecification","valueRequired":true,"valueName":"search_term_string"}}],"inLanguage":"hu"},{"@type":"Organization","@id":"https:\/\/dorogimedence.hu\/#organization","name":"Dorogi-medence Region\u00e1lis H\u00edrport\u00e1l","url":"https:\/\/dorogimedence.hu\/","logo":{"@type":"ImageObject","inLanguage":"hu","@id":"https:\/\/dorogimedence.hu\/#\/schema\/logo\/image\/","url":"https:\/\/dorogimedence.hu\/wp-content\/uploads\/2021\/04\/logo-feher-600.png","contentUrl":"https:\/\/dorogimedence.hu\/wp-content\/uploads\/2021\/04\/logo-feher-600.png","width":600,"height":100,"caption":"Dorogi-medence Region\u00e1lis H\u00edrport\u00e1l"},"image":{"@id":"https:\/\/dorogimedence.hu\/#\/schema\/logo\/image\/"},"sameAs":["https:\/\/www.facebook.com\/dorogimedence\/"]},{"@type":"Person","@id":"https:\/\/dorogimedence.hu\/#\/schema\/person\/ce6091eeb7e95ecdc87890d6aa8e0fd4","name":"dorogimedence.hu","image":{"@type":"ImageObject","inLanguage":"hu","@id":"\/\/www.gravatar.com\/avatar\/d8d45f8901aadff40a4af72c0b826f1d?s=96&#038;r=g&#038;d=mm","url":"\/\/www.gravatar.com\/avatar\/d8d45f8901aadff40a4af72c0b826f1d?s=96&#038;r=g&#038;d=mm","contentUrl":"\/\/www.gravatar.com\/avatar\/d8d45f8901aadff40a4af72c0b826f1d?s=96&#038;r=g&#038;d=mm","caption":"dorogimedence.hu"}}]}},"_links":{"self":[{"href":"https:\/\/dorogimedence.hu\/index.php\/wp-json\/wp\/v2\/posts\/47742","targetHints":{"allow":["GET"]}}],"collection":[{"href":"https:\/\/dorogimedence.hu\/index.php\/wp-json\/wp\/v2\/posts"}],"about":[{"href":"https:\/\/dorogimedence.hu\/index.php\/wp-json\/wp\/v2\/types\/post"}],"author":[{"embeddable":true,"href":"https:\/\/dorogimedence.hu\/index.php\/wp-json\/wp\/v2\/users\/1"}],"replies":[{"embeddable":true,"href":"https:\/\/dorogimedence.hu\/index.php\/wp-json\/wp\/v2\/comments?post=47742"}],"version-history":[{"count":0,"href":"https:\/\/dorogimedence.hu\/index.php\/wp-json\/wp\/v2\/posts\/47742\/revisions"}],"wp:attachment":[{"href":"https:\/\/dorogimedence.hu\/index.php\/wp-json\/wp\/v2\/media?parent=47742"}],"wp:term":[{"taxonomy":"category","embeddable":true,"href":"https:\/\/dorogimedence.hu\/index.php\/wp-json\/wp\/v2\/categories?post=47742"},{"taxonomy":"post_tag","embeddable":true,"href":"https:\/\/dorogimedence.hu\/index.php\/wp-json\/wp\/v2\/tags?post=47742"}],"curies":[{"name":"wp","href":"https:\/\/api.w.org\/{rel}","templated":true}]}}