{"id":47689,"date":"2022-10-28T10:39:08","date_gmt":"2022-10-28T08:39:08","guid":{"rendered":"https:\/\/dorogimedence.hu\/?p=47689"},"modified":"2022-10-28T10:39:57","modified_gmt":"2022-10-28T08:39:57","slug":"bucson-es-kesztolcon-tartott-workshopot-az-ister-granum-egtc","status":"publish","type":"post","link":"https:\/\/dorogimedence.hu\/index.php\/2022\/10\/28\/bucson-es-kesztolcon-tartott-workshopot-az-ister-granum-egtc\/","title":{"rendered":"B\u00facson \u00e9s Keszt\u00f6lc\u00f6n tartott workshopot az Ister-Granum EGTC"},"content":{"rendered":"<p><strong>M\u00falt h\u00e9t h\u00e9tf\u0151n hirdette meg helyi term\u00e9k v\u00e9djegyrendszer\u00e9t az Ister-Granum. A t\u00e9rs\u00e9gi termel\u0151k sz\u00e1m\u00e1ra okt\u00f3ber 26-\u00e1n, szerd\u00e1n k\u00e9t m\u0171helybesz\u00e9lget\u00e9s ker\u00fclt meghirdet\u00e9sre annak \u00e9rdek\u00e9ben, hogy szem\u00e9lyes tal\u00e1lkoz\u00f3 keret\u00e9ben legyen lehet\u0151s\u00e9g a hat\u00e1ron \u00e1tny\u00fal\u00f3 kezdem\u00e9nyez\u00e9s megismer\u00e9s\u00e9re.<\/strong><\/p>\n<p>A megjelenteket Nagy P\u00e9ter igazgat\u00f3 k\u00f6sz\u00f6nt\u00f6tte. Bemutatta az Ister-Granum elm\u00falt t\u00edz \u00e9vben a helyi term\u00e9k h\u00e1l\u00f3zat kialak\u00edt\u00e1sa kapcs\u00e1n el\u00e9rt eredm\u00e9nyeit. K\u00fcl\u00f6n hangs\u00falyt fektetett annak az akci\u00f3tervnek a megismertet\u00e9s\u00e9re, amelynek keret\u00e9ben a v\u00e9djegy kialak\u00edt\u00e1s\u00e1ra, piacra val\u00f3 bevezet\u00e9s\u00e9re lehet\u0151s\u00e9g ny\u00edlt. Az igazgat\u00f3 ut\u00e1n Horv\u00e1th Vikt\u00f3ria turisztikai szak\u00e9rt\u0151 \u00e9s Menner Petra, a v\u00e9djegyb\u00edr\u00e1l\u00f3 bizotts\u00e1g tagja mutatta be az \u00e9rdekl\u0151d\u0151knek a v\u00e9djegyet. Ismertett\u00e9k a csatlakoz\u00e1si folyamat r\u00e9szleteit, szab\u00e1lyzatait, el\u0151nyeit, arculat\u00e1t.<\/p>\n<p><img fetchpriority=\"high\" decoding=\"async\" class=\"alignnone size-large wp-image-47691\" src=\"https:\/\/dorogimedence.hu\/wp-content\/uploads\/2022\/10\/8_kicsi-1024x633.jpg\" alt=\"\" width=\"755\" height=\"467\" srcset=\"https:\/\/dorogimedence.hu\/wp-content\/uploads\/2022\/10\/8_kicsi-1024x633.jpg 1024w, https:\/\/dorogimedence.hu\/wp-content\/uploads\/2022\/10\/8_kicsi-300x185.jpg 300w, https:\/\/dorogimedence.hu\/wp-content\/uploads\/2022\/10\/8_kicsi-768x475.jpg 768w, https:\/\/dorogimedence.hu\/wp-content\/uploads\/2022\/10\/8_kicsi-1536x949.jpg 1536w, https:\/\/dorogimedence.hu\/wp-content\/uploads\/2022\/10\/8_kicsi-150x93.jpg 150w, https:\/\/dorogimedence.hu\/wp-content\/uploads\/2022\/10\/8_kicsi-450x278.jpg 450w, https:\/\/dorogimedence.hu\/wp-content\/uploads\/2022\/10\/8_kicsi-1200x742.jpg 1200w, https:\/\/dorogimedence.hu\/wp-content\/uploads\/2022\/10\/8_kicsi.jpg 2000w\" sizes=\"(max-width: 755px) 100vw, 755px\" \/><\/p>\n<p>Mindk\u00e9t helysz\u00ednen \u00e9l\u00e9nk p\u00e1rbesz\u00e9d alakult ki a r\u00e9sztvev\u0151k k\u00f6z\u00f6tt. Javaslatok fogalmaz\u00f3dtak meg a l\u00e9trehozatal folyamat\u00e1nak hangs\u00falyai, a csatlakozni sz\u00e1nd\u00e9koz\u00f3k sz\u0171r\u00e9se kapcs\u00e1n, hogy egy n\u00edv\u00f3s, val\u00f3di \u00e9rt\u00e9keket felvonultat\u00f3 v\u00e9djegyes termel\u0151i k\u00f6r alakuljon ki. P\u00e1ly\u00e1zati lehet\u0151s\u00e9gek is felv\u00e1zol\u00e1sra ker\u00fcltek, \u00e9s a r\u00e9gi\u00f3 termel\u0151i k\u00f6zti kapcsolatrendszer ki\u00e9p\u00edt\u00e9s\u00e9nek a sz\u00fcks\u00e9gess\u00e9ge is megfogalmaz\u00f3dott.<\/p>\n<p>A v\u00e9djegyhez val\u00f3 kapcsol\u00f3d\u00e1sra a ki\u00edr\u00e1s szerint els\u0151 k\u00f6rben november m\u00e1sodik\u00e1ig van lehet\u0151s\u00e9g. Minden inform\u00e1ci\u00f3, \u00e9s a szab\u00e1lyzatrendszer az <a href=\"http:\/\/www.istergranum.eu\/vedjegy\/\" target=\"_blank\" rel=\"noopener\"><span style=\"text-decoration: underline; color: #0000ff;\">al\u00e1bbi linken<\/span><\/a> \u00e9rhet\u0151 el! A v\u00e9djeggyel kapcsolatos el\u0151ad\u00e1s pedig <a href=\"https:\/\/istergranum.eu\/wp-content\/uploads\/2022\/10\/eloadas_vedjegy_bucs_2022_10_26.pdf\" target=\"_blank\" rel=\"noopener\"><span style=\"text-decoration: underline; color: #0000ff;\">ide kattintva<\/span><\/a> t\u00f6lthet\u0151 le!<\/p>\n<p><img decoding=\"async\" class=\"alignnone size-large wp-image-47692\" src=\"https:\/\/dorogimedence.hu\/wp-content\/uploads\/2022\/10\/2_kicsi-1024x691.jpg\" alt=\"\" width=\"755\" height=\"509\" srcset=\"https:\/\/dorogimedence.hu\/wp-content\/uploads\/2022\/10\/2_kicsi-1024x691.jpg 1024w, https:\/\/dorogimedence.hu\/wp-content\/uploads\/2022\/10\/2_kicsi-300x203.jpg 300w, https:\/\/dorogimedence.hu\/wp-content\/uploads\/2022\/10\/2_kicsi-768x518.jpg 768w, https:\/\/dorogimedence.hu\/wp-content\/uploads\/2022\/10\/2_kicsi-1536x1037.jpg 1536w, https:\/\/dorogimedence.hu\/wp-content\/uploads\/2022\/10\/2_kicsi-150x101.jpg 150w, https:\/\/dorogimedence.hu\/wp-content\/uploads\/2022\/10\/2_kicsi-450x304.jpg 450w, https:\/\/dorogimedence.hu\/wp-content\/uploads\/2022\/10\/2_kicsi-1200x810.jpg 1200w, https:\/\/dorogimedence.hu\/wp-content\/uploads\/2022\/10\/2_kicsi-272x182.jpg 272w, https:\/\/dorogimedence.hu\/wp-content\/uploads\/2022\/10\/2_kicsi.jpg 2000w\" sizes=\"(max-width: 755px) 100vw, 755px\" \/><\/p>\n","protected":false},"excerpt":{"rendered":"<p>M\u00falt h\u00e9t h\u00e9tf\u0151n hirdette meg helyi term\u00e9k v\u00e9djegyrendszer\u00e9t az Ister-Granum. A t\u00e9rs\u00e9gi termel\u0151k sz\u00e1m\u00e1ra okt\u00f3ber 26-\u00e1n, szerd\u00e1n k\u00e9t m\u0171helybesz\u00e9lget\u00e9s ker\u00fclt meghirdet\u00e9sre annak \u00e9rdek\u00e9ben, hogy szem\u00e9lyes tal\u00e1lkoz\u00f3 keret\u00e9ben legyen lehet\u0151s\u00e9g a hat\u00e1ron \u00e1tny\u00fal\u00f3 kezdem\u00e9nyez\u00e9s megismer\u00e9s\u00e9re. A megjelenteket Nagy P\u00e9ter igazgat\u00f3 k\u00f6sz\u00f6nt\u00f6tte. Bemutatta az Ister-Granum elm\u00falt t\u00edz \u00e9vben a helyi term\u00e9k h\u00e1l\u00f3zat kialak\u00edt\u00e1sa kapcs\u00e1n el\u00e9rt eredm\u00e9nyeit. K\u00fcl\u00f6n<\/p>\n","protected":false},"author":1,"featured_media":47690,"comment_status":"closed","ping_status":"closed","sticky":false,"template":"","format":"standard","meta":{"ngg_post_thumbnail":0,"footnotes":""},"categories":[3,8],"tags":[558,5624,6775,5712,129,6771,3993],"class_list":{"0":"post-47689","1":"post","2":"type-post","3":"status-publish","4":"format-standard","5":"has-post-thumbnail","7":"category-hirek","8":"category-kesztolc","9":"tag-bucs","10":"tag-featured","11":"tag-helyi-termek","12":"tag-ister-granum-egtc","13":"tag-kesztolc","14":"tag-vedjegy","15":"tag-workshop"},"yoast_head":"<!-- This site is optimized with the Yoast SEO plugin v27.5 - https:\/\/yoast.com\/product\/yoast-seo-wordpress\/ -->\n<title>B\u00facson \u00e9s Keszt\u00f6lc\u00f6n tartott workshopot az Ister-Granum EGTC<\/title>\n<meta name=\"robots\" content=\"index, follow, max-snippet:-1, max-image-preview:large, max-video-preview:-1\" \/>\n<link rel=\"canonical\" href=\"https:\/\/dorogimedence.hu\/index.php\/2022\/10\/28\/bucson-es-kesztolcon-tartott-workshopot-az-ister-granum-egtc\/\" class=\"yoast-seo-meta-tag\" \/>\n<meta property=\"og:locale\" content=\"hu_HU\" class=\"yoast-seo-meta-tag\" \/>\n<meta property=\"og:type\" content=\"article\" class=\"yoast-seo-meta-tag\" \/>\n<meta property=\"og:title\" content=\"B\u00facson \u00e9s Keszt\u00f6lc\u00f6n tartott workshopot az Ister-Granum EGTC\" class=\"yoast-seo-meta-tag\" \/>\n<meta property=\"og:description\" content=\"M\u00falt h\u00e9t h\u00e9tf\u0151n hirdette meg helyi term\u00e9k v\u00e9djegyrendszer\u00e9t az Ister-Granum. A t\u00e9rs\u00e9gi termel\u0151k sz\u00e1m\u00e1ra okt\u00f3ber 26-\u00e1n, szerd\u00e1n k\u00e9t m\u0171helybesz\u00e9lget\u00e9s ker\u00fclt meghirdet\u00e9sre annak \u00e9rdek\u00e9ben, hogy szem\u00e9lyes tal\u00e1lkoz\u00f3 keret\u00e9ben legyen lehet\u0151s\u00e9g a hat\u00e1ron \u00e1tny\u00fal\u00f3 kezdem\u00e9nyez\u00e9s megismer\u00e9s\u00e9re. A megjelenteket Nagy P\u00e9ter igazgat\u00f3 k\u00f6sz\u00f6nt\u00f6tte. Bemutatta az Ister-Granum elm\u00falt t\u00edz \u00e9vben a helyi term\u00e9k h\u00e1l\u00f3zat kialak\u00edt\u00e1sa kapcs\u00e1n el\u00e9rt eredm\u00e9nyeit. K\u00fcl\u00f6n\" class=\"yoast-seo-meta-tag\" \/>\n<meta property=\"og:url\" content=\"https:\/\/dorogimedence.hu\/index.php\/2022\/10\/28\/bucson-es-kesztolcon-tartott-workshopot-az-ister-granum-egtc\/\" class=\"yoast-seo-meta-tag\" \/>\n<meta property=\"og:site_name\" content=\"Dorogi-medence Region\u00e1lis H\u00edrport\u00e1l\" class=\"yoast-seo-meta-tag\" \/>\n<meta property=\"article:publisher\" content=\"https:\/\/www.facebook.com\/dorogimedence\/\" class=\"yoast-seo-meta-tag\" \/>\n<meta property=\"article:published_time\" content=\"2022-10-28T08:39:08+00:00\" class=\"yoast-seo-meta-tag\" \/>\n<meta property=\"article:modified_time\" content=\"2022-10-28T08:39:57+00:00\" class=\"yoast-seo-meta-tag\" \/>\n<meta property=\"og:image\" content=\"https:\/\/dorogimedence.hu\/wp-content\/uploads\/2022\/10\/6_kicsi.jpg\" class=\"yoast-seo-meta-tag\" \/>\n\t<meta property=\"og:image:width\" content=\"2000\" class=\"yoast-seo-meta-tag\" \/>\n\t<meta property=\"og:image:height\" content=\"1152\" class=\"yoast-seo-meta-tag\" \/>\n\t<meta property=\"og:image:type\" content=\"image\/jpeg\" class=\"yoast-seo-meta-tag\" \/>\n<meta name=\"author\" content=\"dorogimedence.hu\" class=\"yoast-seo-meta-tag\" \/>\n<meta name=\"twitter:card\" content=\"summary_large_image\" class=\"yoast-seo-meta-tag\" \/>\n<meta name=\"twitter:label1\" content=\"Szerz\u0151:\" class=\"yoast-seo-meta-tag\" \/>\n\t<meta name=\"twitter:data1\" content=\"dorogimedence.hu\" class=\"yoast-seo-meta-tag\" \/>\n\t<meta name=\"twitter:label2\" content=\"Becs\u00fclt olvas\u00e1si id\u0151\" class=\"yoast-seo-meta-tag\" \/>\n\t<meta name=\"twitter:data2\" content=\"2 perc\" class=\"yoast-seo-meta-tag\" \/>\n<script type=\"application\/ld+json\" class=\"yoast-schema-graph\">{\"@context\":\"https:\\\/\\\/schema.org\",\"@graph\":[{\"@type\":\"Article\",\"@id\":\"https:\\\/\\\/dorogimedence.hu\\\/index.php\\\/2022\\\/10\\\/28\\\/bucson-es-kesztolcon-tartott-workshopot-az-ister-granum-egtc\\\/#article\",\"isPartOf\":{\"@id\":\"https:\\\/\\\/dorogimedence.hu\\\/index.php\\\/2022\\\/10\\\/28\\\/bucson-es-kesztolcon-tartott-workshopot-az-ister-granum-egtc\\\/\"},\"author\":{\"name\":\"dorogimedence.hu\",\"@id\":\"https:\\\/\\\/dorogimedence.hu\\\/#\\\/schema\\\/person\\\/ce6091eeb7e95ecdc87890d6aa8e0fd4\"},\"headline\":\"B\u00facson \u00e9s Keszt\u00f6lc\u00f6n tartott workshopot az Ister-Granum EGTC\",\"datePublished\":\"2022-10-28T08:39:08+00:00\",\"dateModified\":\"2022-10-28T08:39:57+00:00\",\"mainEntityOfPage\":{\"@id\":\"https:\\\/\\\/dorogimedence.hu\\\/index.php\\\/2022\\\/10\\\/28\\\/bucson-es-kesztolcon-tartott-workshopot-az-ister-granum-egtc\\\/\"},\"wordCount\":332,\"publisher\":{\"@id\":\"https:\\\/\\\/dorogimedence.hu\\\/#organization\"},\"image\":{\"@id\":\"https:\\\/\\\/dorogimedence.hu\\\/index.php\\\/2022\\\/10\\\/28\\\/bucson-es-kesztolcon-tartott-workshopot-az-ister-granum-egtc\\\/#primaryimage\"},\"thumbnailUrl\":\"https:\\\/\\\/dorogimedence.hu\\\/wp-content\\\/uploads\\\/2022\\\/10\\\/6_kicsi.jpg\",\"keywords\":[\"B\u00facs\",\"featured\",\"helyi term\u00e9k\",\"Ister-Granum EGTC\",\"Keszt\u00f6lc\",\"v\u00e9djegy\",\"workshop\"],\"articleSection\":[\"H\u00edrek\",\"Keszt\u00f6lc\"],\"inLanguage\":\"hu\"},{\"@type\":\"WebPage\",\"@id\":\"https:\\\/\\\/dorogimedence.hu\\\/index.php\\\/2022\\\/10\\\/28\\\/bucson-es-kesztolcon-tartott-workshopot-az-ister-granum-egtc\\\/\",\"url\":\"https:\\\/\\\/dorogimedence.hu\\\/index.php\\\/2022\\\/10\\\/28\\\/bucson-es-kesztolcon-tartott-workshopot-az-ister-granum-egtc\\\/\",\"name\":\"B\u00facson \u00e9s Keszt\u00f6lc\u00f6n tartott workshopot az Ister-Granum EGTC\",\"isPartOf\":{\"@id\":\"https:\\\/\\\/dorogimedence.hu\\\/#website\"},\"primaryImageOfPage\":{\"@id\":\"https:\\\/\\\/dorogimedence.hu\\\/index.php\\\/2022\\\/10\\\/28\\\/bucson-es-kesztolcon-tartott-workshopot-az-ister-granum-egtc\\\/#primaryimage\"},\"image\":{\"@id\":\"https:\\\/\\\/dorogimedence.hu\\\/index.php\\\/2022\\\/10\\\/28\\\/bucson-es-kesztolcon-tartott-workshopot-az-ister-granum-egtc\\\/#primaryimage\"},\"thumbnailUrl\":\"https:\\\/\\\/dorogimedence.hu\\\/wp-content\\\/uploads\\\/2022\\\/10\\\/6_kicsi.jpg\",\"datePublished\":\"2022-10-28T08:39:08+00:00\",\"dateModified\":\"2022-10-28T08:39:57+00:00\",\"breadcrumb\":{\"@id\":\"https:\\\/\\\/dorogimedence.hu\\\/index.php\\\/2022\\\/10\\\/28\\\/bucson-es-kesztolcon-tartott-workshopot-az-ister-granum-egtc\\\/#breadcrumb\"},\"inLanguage\":\"hu\",\"potentialAction\":[{\"@type\":\"ReadAction\",\"target\":[\"https:\\\/\\\/dorogimedence.hu\\\/index.php\\\/2022\\\/10\\\/28\\\/bucson-es-kesztolcon-tartott-workshopot-az-ister-granum-egtc\\\/\"]}]},{\"@type\":\"ImageObject\",\"inLanguage\":\"hu\",\"@id\":\"https:\\\/\\\/dorogimedence.hu\\\/index.php\\\/2022\\\/10\\\/28\\\/bucson-es-kesztolcon-tartott-workshopot-az-ister-granum-egtc\\\/#primaryimage\",\"url\":\"https:\\\/\\\/dorogimedence.hu\\\/wp-content\\\/uploads\\\/2022\\\/10\\\/6_kicsi.jpg\",\"contentUrl\":\"https:\\\/\\\/dorogimedence.hu\\\/wp-content\\\/uploads\\\/2022\\\/10\\\/6_kicsi.jpg\",\"width\":2000,\"height\":1152},{\"@type\":\"BreadcrumbList\",\"@id\":\"https:\\\/\\\/dorogimedence.hu\\\/index.php\\\/2022\\\/10\\\/28\\\/bucson-es-kesztolcon-tartott-workshopot-az-ister-granum-egtc\\\/#breadcrumb\",\"itemListElement\":[{\"@type\":\"ListItem\",\"position\":1,\"name\":\"Kezd\u0151lap\",\"item\":\"https:\\\/\\\/dorogimedence.hu\\\/\"},{\"@type\":\"ListItem\",\"position\":2,\"name\":\"B\u00facson \u00e9s Keszt\u00f6lc\u00f6n tartott workshopot az Ister-Granum EGTC\"}]},{\"@type\":\"WebSite\",\"@id\":\"https:\\\/\\\/dorogimedence.hu\\\/#website\",\"url\":\"https:\\\/\\\/dorogimedence.hu\\\/\",\"name\":\"Dorogi-medence Region\u00e1lis H\u00edrport\u00e1l\",\"description\":\"Dorog, Keszt\u00f6lc, Le\u00e1nyv\u00e1r, Piliscs\u00e9v, Tokod, Tokodalt\u00e1r\u00f3, Csolnok, Esztergom-kertv\u00e1ros: h\u00edrek, programok\",\"publisher\":{\"@id\":\"https:\\\/\\\/dorogimedence.hu\\\/#organization\"},\"potentialAction\":[{\"@type\":\"SearchAction\",\"target\":{\"@type\":\"EntryPoint\",\"urlTemplate\":\"https:\\\/\\\/dorogimedence.hu\\\/?s={search_term_string}\"},\"query-input\":{\"@type\":\"PropertyValueSpecification\",\"valueRequired\":true,\"valueName\":\"search_term_string\"}}],\"inLanguage\":\"hu\"},{\"@type\":\"Organization\",\"@id\":\"https:\\\/\\\/dorogimedence.hu\\\/#organization\",\"name\":\"Dorogi-medence Region\u00e1lis H\u00edrport\u00e1l\",\"url\":\"https:\\\/\\\/dorogimedence.hu\\\/\",\"logo\":{\"@type\":\"ImageObject\",\"inLanguage\":\"hu\",\"@id\":\"https:\\\/\\\/dorogimedence.hu\\\/#\\\/schema\\\/logo\\\/image\\\/\",\"url\":\"https:\\\/\\\/dorogimedence.hu\\\/wp-content\\\/uploads\\\/2021\\\/04\\\/logo-feher-600.png\",\"contentUrl\":\"https:\\\/\\\/dorogimedence.hu\\\/wp-content\\\/uploads\\\/2021\\\/04\\\/logo-feher-600.png\",\"width\":600,\"height\":100,\"caption\":\"Dorogi-medence Region\u00e1lis H\u00edrport\u00e1l\"},\"image\":{\"@id\":\"https:\\\/\\\/dorogimedence.hu\\\/#\\\/schema\\\/logo\\\/image\\\/\"},\"sameAs\":[\"https:\\\/\\\/www.facebook.com\\\/dorogimedence\\\/\"]},{\"@type\":\"Person\",\"@id\":\"https:\\\/\\\/dorogimedence.hu\\\/#\\\/schema\\\/person\\\/ce6091eeb7e95ecdc87890d6aa8e0fd4\",\"name\":\"dorogimedence.hu\",\"image\":{\"@type\":\"ImageObject\",\"inLanguage\":\"hu\",\"@id\":\"\\\/\\\/www.gravatar.com\\\/avatar\\\/d8d45f8901aadff40a4af72c0b826f1d?s=96&#038;r=g&#038;d=mm\",\"url\":\"\\\/\\\/www.gravatar.com\\\/avatar\\\/d8d45f8901aadff40a4af72c0b826f1d?s=96&#038;r=g&#038;d=mm\",\"contentUrl\":\"\\\/\\\/www.gravatar.com\\\/avatar\\\/d8d45f8901aadff40a4af72c0b826f1d?s=96&#038;r=g&#038;d=mm\",\"caption\":\"dorogimedence.hu\"}}]}<\/script>\n<!-- \/ Yoast SEO plugin. -->","yoast_head_json":{"title":"B\u00facson \u00e9s Keszt\u00f6lc\u00f6n tartott workshopot az Ister-Granum EGTC","robots":{"index":"index","follow":"follow","max-snippet":"max-snippet:-1","max-image-preview":"max-image-preview:large","max-video-preview":"max-video-preview:-1"},"canonical":"https:\/\/dorogimedence.hu\/index.php\/2022\/10\/28\/bucson-es-kesztolcon-tartott-workshopot-az-ister-granum-egtc\/","og_locale":"hu_HU","og_type":"article","og_title":"B\u00facson \u00e9s Keszt\u00f6lc\u00f6n tartott workshopot az Ister-Granum EGTC","og_description":"M\u00falt h\u00e9t h\u00e9tf\u0151n hirdette meg helyi term\u00e9k v\u00e9djegyrendszer\u00e9t az Ister-Granum. A t\u00e9rs\u00e9gi termel\u0151k sz\u00e1m\u00e1ra okt\u00f3ber 26-\u00e1n, szerd\u00e1n k\u00e9t m\u0171helybesz\u00e9lget\u00e9s ker\u00fclt meghirdet\u00e9sre annak \u00e9rdek\u00e9ben, hogy szem\u00e9lyes tal\u00e1lkoz\u00f3 keret\u00e9ben legyen lehet\u0151s\u00e9g a hat\u00e1ron \u00e1tny\u00fal\u00f3 kezdem\u00e9nyez\u00e9s megismer\u00e9s\u00e9re. A megjelenteket Nagy P\u00e9ter igazgat\u00f3 k\u00f6sz\u00f6nt\u00f6tte. Bemutatta az Ister-Granum elm\u00falt t\u00edz \u00e9vben a helyi term\u00e9k h\u00e1l\u00f3zat kialak\u00edt\u00e1sa kapcs\u00e1n el\u00e9rt eredm\u00e9nyeit. K\u00fcl\u00f6n","og_url":"https:\/\/dorogimedence.hu\/index.php\/2022\/10\/28\/bucson-es-kesztolcon-tartott-workshopot-az-ister-granum-egtc\/","og_site_name":"Dorogi-medence Region\u00e1lis H\u00edrport\u00e1l","article_publisher":"https:\/\/www.facebook.com\/dorogimedence\/","article_published_time":"2022-10-28T08:39:08+00:00","article_modified_time":"2022-10-28T08:39:57+00:00","og_image":[{"width":2000,"height":1152,"url":"https:\/\/dorogimedence.hu\/wp-content\/uploads\/2022\/10\/6_kicsi.jpg","type":"image\/jpeg"}],"author":"dorogimedence.hu","twitter_card":"summary_large_image","twitter_misc":{"Szerz\u0151:":"dorogimedence.hu","Becs\u00fclt olvas\u00e1si id\u0151":"2 perc"},"schema":{"@context":"https:\/\/schema.org","@graph":[{"@type":"Article","@id":"https:\/\/dorogimedence.hu\/index.php\/2022\/10\/28\/bucson-es-kesztolcon-tartott-workshopot-az-ister-granum-egtc\/#article","isPartOf":{"@id":"https:\/\/dorogimedence.hu\/index.php\/2022\/10\/28\/bucson-es-kesztolcon-tartott-workshopot-az-ister-granum-egtc\/"},"author":{"name":"dorogimedence.hu","@id":"https:\/\/dorogimedence.hu\/#\/schema\/person\/ce6091eeb7e95ecdc87890d6aa8e0fd4"},"headline":"B\u00facson \u00e9s Keszt\u00f6lc\u00f6n tartott workshopot az Ister-Granum EGTC","datePublished":"2022-10-28T08:39:08+00:00","dateModified":"2022-10-28T08:39:57+00:00","mainEntityOfPage":{"@id":"https:\/\/dorogimedence.hu\/index.php\/2022\/10\/28\/bucson-es-kesztolcon-tartott-workshopot-az-ister-granum-egtc\/"},"wordCount":332,"publisher":{"@id":"https:\/\/dorogimedence.hu\/#organization"},"image":{"@id":"https:\/\/dorogimedence.hu\/index.php\/2022\/10\/28\/bucson-es-kesztolcon-tartott-workshopot-az-ister-granum-egtc\/#primaryimage"},"thumbnailUrl":"https:\/\/dorogimedence.hu\/wp-content\/uploads\/2022\/10\/6_kicsi.jpg","keywords":["B\u00facs","featured","helyi term\u00e9k","Ister-Granum EGTC","Keszt\u00f6lc","v\u00e9djegy","workshop"],"articleSection":["H\u00edrek","Keszt\u00f6lc"],"inLanguage":"hu"},{"@type":"WebPage","@id":"https:\/\/dorogimedence.hu\/index.php\/2022\/10\/28\/bucson-es-kesztolcon-tartott-workshopot-az-ister-granum-egtc\/","url":"https:\/\/dorogimedence.hu\/index.php\/2022\/10\/28\/bucson-es-kesztolcon-tartott-workshopot-az-ister-granum-egtc\/","name":"B\u00facson \u00e9s Keszt\u00f6lc\u00f6n tartott workshopot az Ister-Granum EGTC","isPartOf":{"@id":"https:\/\/dorogimedence.hu\/#website"},"primaryImageOfPage":{"@id":"https:\/\/dorogimedence.hu\/index.php\/2022\/10\/28\/bucson-es-kesztolcon-tartott-workshopot-az-ister-granum-egtc\/#primaryimage"},"image":{"@id":"https:\/\/dorogimedence.hu\/index.php\/2022\/10\/28\/bucson-es-kesztolcon-tartott-workshopot-az-ister-granum-egtc\/#primaryimage"},"thumbnailUrl":"https:\/\/dorogimedence.hu\/wp-content\/uploads\/2022\/10\/6_kicsi.jpg","datePublished":"2022-10-28T08:39:08+00:00","dateModified":"2022-10-28T08:39:57+00:00","breadcrumb":{"@id":"https:\/\/dorogimedence.hu\/index.php\/2022\/10\/28\/bucson-es-kesztolcon-tartott-workshopot-az-ister-granum-egtc\/#breadcrumb"},"inLanguage":"hu","potentialAction":[{"@type":"ReadAction","target":["https:\/\/dorogimedence.hu\/index.php\/2022\/10\/28\/bucson-es-kesztolcon-tartott-workshopot-az-ister-granum-egtc\/"]}]},{"@type":"ImageObject","inLanguage":"hu","@id":"https:\/\/dorogimedence.hu\/index.php\/2022\/10\/28\/bucson-es-kesztolcon-tartott-workshopot-az-ister-granum-egtc\/#primaryimage","url":"https:\/\/dorogimedence.hu\/wp-content\/uploads\/2022\/10\/6_kicsi.jpg","contentUrl":"https:\/\/dorogimedence.hu\/wp-content\/uploads\/2022\/10\/6_kicsi.jpg","width":2000,"height":1152},{"@type":"BreadcrumbList","@id":"https:\/\/dorogimedence.hu\/index.php\/2022\/10\/28\/bucson-es-kesztolcon-tartott-workshopot-az-ister-granum-egtc\/#breadcrumb","itemListElement":[{"@type":"ListItem","position":1,"name":"Kezd\u0151lap","item":"https:\/\/dorogimedence.hu\/"},{"@type":"ListItem","position":2,"name":"B\u00facson \u00e9s Keszt\u00f6lc\u00f6n tartott workshopot az Ister-Granum EGTC"}]},{"@type":"WebSite","@id":"https:\/\/dorogimedence.hu\/#website","url":"https:\/\/dorogimedence.hu\/","name":"Dorogi-medence Region\u00e1lis H\u00edrport\u00e1l","description":"Dorog, Keszt\u00f6lc, Le\u00e1nyv\u00e1r, Piliscs\u00e9v, Tokod, Tokodalt\u00e1r\u00f3, Csolnok, Esztergom-kertv\u00e1ros: h\u00edrek, programok","publisher":{"@id":"https:\/\/dorogimedence.hu\/#organization"},"potentialAction":[{"@type":"SearchAction","target":{"@type":"EntryPoint","urlTemplate":"https:\/\/dorogimedence.hu\/?s={search_term_string}"},"query-input":{"@type":"PropertyValueSpecification","valueRequired":true,"valueName":"search_term_string"}}],"inLanguage":"hu"},{"@type":"Organization","@id":"https:\/\/dorogimedence.hu\/#organization","name":"Dorogi-medence Region\u00e1lis H\u00edrport\u00e1l","url":"https:\/\/dorogimedence.hu\/","logo":{"@type":"ImageObject","inLanguage":"hu","@id":"https:\/\/dorogimedence.hu\/#\/schema\/logo\/image\/","url":"https:\/\/dorogimedence.hu\/wp-content\/uploads\/2021\/04\/logo-feher-600.png","contentUrl":"https:\/\/dorogimedence.hu\/wp-content\/uploads\/2021\/04\/logo-feher-600.png","width":600,"height":100,"caption":"Dorogi-medence Region\u00e1lis H\u00edrport\u00e1l"},"image":{"@id":"https:\/\/dorogimedence.hu\/#\/schema\/logo\/image\/"},"sameAs":["https:\/\/www.facebook.com\/dorogimedence\/"]},{"@type":"Person","@id":"https:\/\/dorogimedence.hu\/#\/schema\/person\/ce6091eeb7e95ecdc87890d6aa8e0fd4","name":"dorogimedence.hu","image":{"@type":"ImageObject","inLanguage":"hu","@id":"\/\/www.gravatar.com\/avatar\/d8d45f8901aadff40a4af72c0b826f1d?s=96&#038;r=g&#038;d=mm","url":"\/\/www.gravatar.com\/avatar\/d8d45f8901aadff40a4af72c0b826f1d?s=96&#038;r=g&#038;d=mm","contentUrl":"\/\/www.gravatar.com\/avatar\/d8d45f8901aadff40a4af72c0b826f1d?s=96&#038;r=g&#038;d=mm","caption":"dorogimedence.hu"}}]}},"_links":{"self":[{"href":"https:\/\/dorogimedence.hu\/index.php\/wp-json\/wp\/v2\/posts\/47689","targetHints":{"allow":["GET"]}}],"collection":[{"href":"https:\/\/dorogimedence.hu\/index.php\/wp-json\/wp\/v2\/posts"}],"about":[{"href":"https:\/\/dorogimedence.hu\/index.php\/wp-json\/wp\/v2\/types\/post"}],"author":[{"embeddable":true,"href":"https:\/\/dorogimedence.hu\/index.php\/wp-json\/wp\/v2\/users\/1"}],"replies":[{"embeddable":true,"href":"https:\/\/dorogimedence.hu\/index.php\/wp-json\/wp\/v2\/comments?post=47689"}],"version-history":[{"count":0,"href":"https:\/\/dorogimedence.hu\/index.php\/wp-json\/wp\/v2\/posts\/47689\/revisions"}],"wp:featuredmedia":[{"embeddable":true,"href":"https:\/\/dorogimedence.hu\/index.php\/wp-json\/wp\/v2\/media\/47690"}],"wp:attachment":[{"href":"https:\/\/dorogimedence.hu\/index.php\/wp-json\/wp\/v2\/media?parent=47689"}],"wp:term":[{"taxonomy":"category","embeddable":true,"href":"https:\/\/dorogimedence.hu\/index.php\/wp-json\/wp\/v2\/categories?post=47689"},{"taxonomy":"post_tag","embeddable":true,"href":"https:\/\/dorogimedence.hu\/index.php\/wp-json\/wp\/v2\/tags?post=47689"}],"curies":[{"name":"wp","href":"https:\/\/api.w.org\/{rel}","templated":true}]}}