{"id":47665,"date":"2022-10-27T11:05:56","date_gmt":"2022-10-27T09:05:56","guid":{"rendered":"https:\/\/dorogimedence.hu\/?p=47665"},"modified":"2022-10-27T11:06:36","modified_gmt":"2022-10-27T09:06:36","slug":"elismertek-a-dorogi-rendorkapitany-munkajat","status":"publish","type":"post","link":"https:\/\/dorogimedence.hu\/index.php\/2022\/10\/27\/elismertek-a-dorogi-rendorkapitany-munkajat\/","title":{"rendered":"Elismert\u00e9k a dorogi rend\u0151rkapit\u00e1ny munk\u00e1j\u00e1t"},"content":{"rendered":"<p><strong>Orsz\u00e1gos \u00e9s megyei elismer\u00e9seket vettek \u00e1t a Kom\u00e1rom-Esztergom megy\u00e9ben szolg\u00e1latot teljes\u00edt\u0151 rend\u0151r\u00f6k az 1956-os forradalom \u00e9s szabads\u00e1gharc \u00e9vfordul\u00f3ja alkalm\u00e1b\u00f3l.<\/strong><\/p>\n<p>Dr. Pint\u00e9r S\u00e1ndor, Magyarorsz\u00e1g bel\u00fcgyminisztere a rend\u0151rs\u00e9g hivat\u00e1sos \u00e1llom\u00e1ny\u00e1ban v\u00e9gzett eredm\u00e9nyes munk\u00e1ja elismer\u00e9s\u00e9\u00fcl 30 \u00e9ves szolg\u00e1lat ut\u00e1n szolg\u00e1lati jelet adom\u00e1nyozott Dr. Friedrich G\u00e1bor rend\u0151r ezredesnek, a Dorogi Rend\u0151rkapit\u00e1nys\u00e1g vezet\u0151j\u00e9nek, rend\u0151rs\u00e9gi tan\u00e1csosi c\u00edmet adom\u00e1nyozott Szab\u00f3 Istv\u00e1n c\u00edmzetes r. f\u0151t\u00f6rzsz\u00e1szl\u00f3snak, a Tatab\u00e1nyai Rend\u0151rkapit\u00e1nys\u00e1g, K\u00f6zleked\u00e9srend\u00e9szeti Oszt\u00e1ly vizsg\u00e1l\u00f3j\u00e1nak.<\/p>\n<p>Dr. Balogh J\u00e1nos. r alt\u00e1bornagy rend\u0151rs\u00e9gi f\u0151tan\u00e1csos orsz\u00e1gos rend\u0151rf\u0151kapit\u00e1ny kiemelked\u0151 szakmai munk\u00e1ja elismer\u00e9sek\u00e9nt soron k\u00edv\u00fcl el\u0151l\u00e9ptette Lakatos Zsolt r. \u0151rnagyot rend\u0151r alezredesi rendfokozatba, illetve Dr. Jakab Tam\u00e1s r. f\u0151hadnagyot rend\u0151r sz\u00e1zadosi rendfokozatba. Kiemelked\u0151 munk\u00e1ja elismer\u00e9sek\u00e9nt p\u00e9nzjutalomban r\u00e9szes\u00edtett Pete Tam\u00e1s urat a Kom\u00e1rom-Esztergom Megyei Rend\u0151r-f\u0151kapit\u00e1nys\u00e1g, K\u00f6zrendv\u00e9delmi \u00e9s Hat\u00e1rrend\u00e9szeti Oszt\u00e1ly fegyveres biztons\u00e1gi \u0151r\u00e9t.<\/p>\n<p><img fetchpriority=\"high\" decoding=\"async\" class=\"alignnone size-full wp-image-47666\" src=\"https:\/\/dorogimedence.hu\/wp-content\/uploads\/2022\/10\/lead_461.jpg\" alt=\"\" width=\"751\" height=\"500\" srcset=\"https:\/\/dorogimedence.hu\/wp-content\/uploads\/2022\/10\/lead_461.jpg 751w, https:\/\/dorogimedence.hu\/wp-content\/uploads\/2022\/10\/lead_461-300x200.jpg 300w, https:\/\/dorogimedence.hu\/wp-content\/uploads\/2022\/10\/lead_461-150x100.jpg 150w, https:\/\/dorogimedence.hu\/wp-content\/uploads\/2022\/10\/lead_461-450x300.jpg 450w, https:\/\/dorogimedence.hu\/wp-content\/uploads\/2022\/10\/lead_461-272x182.jpg 272w\" sizes=\"(max-width: 751px) 100vw, 751px\" \/><\/p>\n<p>A rend\u00e9szeti orsz\u00e1gos rend\u0151rf\u0151kapit\u00e1ny-helyettes a XI. Orsz\u00e1gos Szakmai K\u00f6zleked\u00e9srend\u00e9szeti Verseny megszervez\u00e9s\u00e9ben \u00e9s lebonyol\u00edt\u00e1sa sor\u00e1n v\u00e9gzett kiemelked\u0151 munk\u00e1ja elismer\u00e9sek\u00e9nt jutalomban r\u00e9szes\u00edtette S\u00f3ly\u00e1n\u00e9 Farkas Friderika r. alezredest, T\u00edm\u00e1r Zsuzsanna r. alezredest, illetve Geiling Gy\u00f6rgy r. f\u0151t\u00f6rzs\u0151rmestert.<\/p>\n<p>Farkas G\u00e1bor r. dand\u00e1rt\u00e1bornok rend\u0151rs\u00e9gi f\u0151tan\u00e1csos megyei rend\u0151rf\u0151kapit\u00e1ny kiemelked\u0151 szakmai munk\u00e1ja elismer\u00e9sek\u00e9nt 12 koll\u00e9g\u00e1nkat p\u00e9nzjutalomban, tov\u00e1bb\u00e1 10 rend\u0151rt a tart\u00f3san magas sz\u00ednvonalon v\u00e9gzett szakmai munk\u00e1juk elismer\u00e9sek\u00e9nt kerek \u00e9vfordul\u00f3juk alkalm\u00e1b\u00f3l szint\u00e9n p\u00e9nzjutalomban r\u00e9szes\u00edtette.<\/p>\n<p>Szint\u00e9n ugyanezen a napon a polg\u00e1rmesteri hivatalban megtartott \u00fcnneps\u00e9gen Sz\u00fccsn\u00e9 Posztovics Ilona, a Tatab\u00e1nya Megyei Jog\u00fa V\u00e1ros Polg\u00e1rmestere, a Tatab\u00e1nyai Rend\u0151rkapit\u00e1nys\u00e1g vezet\u0151j\u00e9nek javaslat\u00e1ra 24 rendv\u00e9delmi alkalmazottat \u00e9s munkav\u00e1llal\u00f3t elismer\u00e9sben r\u00e9szes\u00edtett.<\/p>\n<p><em>Fot\u00f3k, forr\u00e1s: police.hu<\/em><\/p>\n","protected":false},"excerpt":{"rendered":"<p>Orsz\u00e1gos \u00e9s megyei elismer\u00e9seket vettek \u00e1t a Kom\u00e1rom-Esztergom megy\u00e9ben szolg\u00e1latot teljes\u00edt\u0151 rend\u0151r\u00f6k az 1956-os forradalom \u00e9s szabads\u00e1gharc \u00e9vfordul\u00f3ja alkalm\u00e1b\u00f3l. Dr. Pint\u00e9r S\u00e1ndor, Magyarorsz\u00e1g bel\u00fcgyminisztere a rend\u0151rs\u00e9g hivat\u00e1sos \u00e1llom\u00e1ny\u00e1ban v\u00e9gzett eredm\u00e9nyes munk\u00e1ja elismer\u00e9s\u00e9\u00fcl 30 \u00e9ves szolg\u00e1lat ut\u00e1n szolg\u00e1lati jelet adom\u00e1nyozott Dr. Friedrich G\u00e1bor rend\u0151r ezredesnek, a Dorogi Rend\u0151rkapit\u00e1nys\u00e1g vezet\u0151j\u00e9nek, rend\u0151rs\u00e9gi tan\u00e1csosi c\u00edmet adom\u00e1nyozott Szab\u00f3 Istv\u00e1n c\u00edmzetes<\/p>\n","protected":false},"author":1,"featured_media":47668,"comment_status":"closed","ping_status":"closed","sticky":false,"template":"","format":"standard","meta":{"ngg_post_thumbnail":0,"footnotes":""},"categories":[2,3],"tags":[15,6774,419,5624,61],"class_list":{"0":"post-47665","1":"post","2":"type-post","3":"status-publish","4":"format-standard","5":"has-post-thumbnail","7":"category-dorog","8":"category-hirek","9":"tag-dorog","10":"tag-dorogi-rendorkapitany","11":"tag-elismeres","12":"tag-featured","13":"tag-rendorsegi-hirek"},"yoast_head":"<!-- This site is optimized with the Yoast SEO plugin v27.5 - https:\/\/yoast.com\/product\/yoast-seo-wordpress\/ -->\n<title>Elismert\u00e9k a dorogi rend\u0151rkapit\u00e1ny munk\u00e1j\u00e1t<\/title>\n<meta name=\"robots\" content=\"index, follow, max-snippet:-1, max-image-preview:large, max-video-preview:-1\" \/>\n<link rel=\"canonical\" href=\"https:\/\/dorogimedence.hu\/index.php\/2022\/10\/27\/elismertek-a-dorogi-rendorkapitany-munkajat\/\" class=\"yoast-seo-meta-tag\" \/>\n<meta property=\"og:locale\" content=\"hu_HU\" class=\"yoast-seo-meta-tag\" \/>\n<meta property=\"og:type\" content=\"article\" class=\"yoast-seo-meta-tag\" \/>\n<meta property=\"og:title\" content=\"Elismert\u00e9k a dorogi rend\u0151rkapit\u00e1ny munk\u00e1j\u00e1t\" class=\"yoast-seo-meta-tag\" \/>\n<meta property=\"og:description\" content=\"Orsz\u00e1gos \u00e9s megyei elismer\u00e9seket vettek \u00e1t a Kom\u00e1rom-Esztergom megy\u00e9ben szolg\u00e1latot teljes\u00edt\u0151 rend\u0151r\u00f6k az 1956-os forradalom \u00e9s szabads\u00e1gharc \u00e9vfordul\u00f3ja alkalm\u00e1b\u00f3l. Dr. Pint\u00e9r S\u00e1ndor, Magyarorsz\u00e1g bel\u00fcgyminisztere a rend\u0151rs\u00e9g hivat\u00e1sos \u00e1llom\u00e1ny\u00e1ban v\u00e9gzett eredm\u00e9nyes munk\u00e1ja elismer\u00e9s\u00e9\u00fcl 30 \u00e9ves szolg\u00e1lat ut\u00e1n szolg\u00e1lati jelet adom\u00e1nyozott Dr. Friedrich G\u00e1bor rend\u0151r ezredesnek, a Dorogi Rend\u0151rkapit\u00e1nys\u00e1g vezet\u0151j\u00e9nek, rend\u0151rs\u00e9gi tan\u00e1csosi c\u00edmet adom\u00e1nyozott Szab\u00f3 Istv\u00e1n c\u00edmzetes\" class=\"yoast-seo-meta-tag\" \/>\n<meta property=\"og:url\" content=\"https:\/\/dorogimedence.hu\/index.php\/2022\/10\/27\/elismertek-a-dorogi-rendorkapitany-munkajat\/\" class=\"yoast-seo-meta-tag\" \/>\n<meta property=\"og:site_name\" content=\"Dorogi-medence Region\u00e1lis H\u00edrport\u00e1l\" class=\"yoast-seo-meta-tag\" \/>\n<meta property=\"article:publisher\" content=\"https:\/\/www.facebook.com\/dorogimedence\/\" class=\"yoast-seo-meta-tag\" \/>\n<meta property=\"article:published_time\" content=\"2022-10-27T09:05:56+00:00\" class=\"yoast-seo-meta-tag\" \/>\n<meta property=\"article:modified_time\" content=\"2022-10-27T09:06:36+00:00\" class=\"yoast-seo-meta-tag\" \/>\n<meta property=\"og:image\" content=\"https:\/\/dorogimedence.hu\/wp-content\/uploads\/2022\/10\/friedrich-01.jpg\" class=\"yoast-seo-meta-tag\" \/>\n\t<meta property=\"og:image:width\" content=\"750\" class=\"yoast-seo-meta-tag\" \/>\n\t<meta property=\"og:image:height\" content=\"441\" class=\"yoast-seo-meta-tag\" \/>\n\t<meta property=\"og:image:type\" content=\"image\/jpeg\" class=\"yoast-seo-meta-tag\" \/>\n<meta name=\"author\" content=\"dorogimedence.hu\" class=\"yoast-seo-meta-tag\" \/>\n<meta name=\"twitter:card\" content=\"summary_large_image\" class=\"yoast-seo-meta-tag\" \/>\n<meta name=\"twitter:label1\" content=\"Szerz\u0151:\" class=\"yoast-seo-meta-tag\" \/>\n\t<meta name=\"twitter:data1\" content=\"dorogimedence.hu\" class=\"yoast-seo-meta-tag\" \/>\n\t<meta name=\"twitter:label2\" content=\"Becs\u00fclt olvas\u00e1si id\u0151\" class=\"yoast-seo-meta-tag\" \/>\n\t<meta name=\"twitter:data2\" content=\"2 perc\" class=\"yoast-seo-meta-tag\" \/>\n<script type=\"application\/ld+json\" class=\"yoast-schema-graph\">{\"@context\":\"https:\\\/\\\/schema.org\",\"@graph\":[{\"@type\":\"Article\",\"@id\":\"https:\\\/\\\/dorogimedence.hu\\\/index.php\\\/2022\\\/10\\\/27\\\/elismertek-a-dorogi-rendorkapitany-munkajat\\\/#article\",\"isPartOf\":{\"@id\":\"https:\\\/\\\/dorogimedence.hu\\\/index.php\\\/2022\\\/10\\\/27\\\/elismertek-a-dorogi-rendorkapitany-munkajat\\\/\"},\"author\":{\"name\":\"dorogimedence.hu\",\"@id\":\"https:\\\/\\\/dorogimedence.hu\\\/#\\\/schema\\\/person\\\/ce6091eeb7e95ecdc87890d6aa8e0fd4\"},\"headline\":\"Elismert\u00e9k a dorogi rend\u0151rkapit\u00e1ny munk\u00e1j\u00e1t\",\"datePublished\":\"2022-10-27T09:05:56+00:00\",\"dateModified\":\"2022-10-27T09:06:36+00:00\",\"mainEntityOfPage\":{\"@id\":\"https:\\\/\\\/dorogimedence.hu\\\/index.php\\\/2022\\\/10\\\/27\\\/elismertek-a-dorogi-rendorkapitany-munkajat\\\/\"},\"wordCount\":401,\"publisher\":{\"@id\":\"https:\\\/\\\/dorogimedence.hu\\\/#organization\"},\"image\":{\"@id\":\"https:\\\/\\\/dorogimedence.hu\\\/index.php\\\/2022\\\/10\\\/27\\\/elismertek-a-dorogi-rendorkapitany-munkajat\\\/#primaryimage\"},\"thumbnailUrl\":\"https:\\\/\\\/dorogimedence.hu\\\/wp-content\\\/uploads\\\/2022\\\/10\\\/friedrich-01.jpg\",\"keywords\":[\"Dorog\",\"dorogi rend\u0151rkapit\u00e1ny\",\"elismer\u00e9s\",\"featured\",\"rend\u0151rs\u00e9gi h\u00edrek\"],\"articleSection\":[\"Dorog\",\"H\u00edrek\"],\"inLanguage\":\"hu\"},{\"@type\":\"WebPage\",\"@id\":\"https:\\\/\\\/dorogimedence.hu\\\/index.php\\\/2022\\\/10\\\/27\\\/elismertek-a-dorogi-rendorkapitany-munkajat\\\/\",\"url\":\"https:\\\/\\\/dorogimedence.hu\\\/index.php\\\/2022\\\/10\\\/27\\\/elismertek-a-dorogi-rendorkapitany-munkajat\\\/\",\"name\":\"Elismert\u00e9k a dorogi rend\u0151rkapit\u00e1ny munk\u00e1j\u00e1t\",\"isPartOf\":{\"@id\":\"https:\\\/\\\/dorogimedence.hu\\\/#website\"},\"primaryImageOfPage\":{\"@id\":\"https:\\\/\\\/dorogimedence.hu\\\/index.php\\\/2022\\\/10\\\/27\\\/elismertek-a-dorogi-rendorkapitany-munkajat\\\/#primaryimage\"},\"image\":{\"@id\":\"https:\\\/\\\/dorogimedence.hu\\\/index.php\\\/2022\\\/10\\\/27\\\/elismertek-a-dorogi-rendorkapitany-munkajat\\\/#primaryimage\"},\"thumbnailUrl\":\"https:\\\/\\\/dorogimedence.hu\\\/wp-content\\\/uploads\\\/2022\\\/10\\\/friedrich-01.jpg\",\"datePublished\":\"2022-10-27T09:05:56+00:00\",\"dateModified\":\"2022-10-27T09:06:36+00:00\",\"breadcrumb\":{\"@id\":\"https:\\\/\\\/dorogimedence.hu\\\/index.php\\\/2022\\\/10\\\/27\\\/elismertek-a-dorogi-rendorkapitany-munkajat\\\/#breadcrumb\"},\"inLanguage\":\"hu\",\"potentialAction\":[{\"@type\":\"ReadAction\",\"target\":[\"https:\\\/\\\/dorogimedence.hu\\\/index.php\\\/2022\\\/10\\\/27\\\/elismertek-a-dorogi-rendorkapitany-munkajat\\\/\"]}]},{\"@type\":\"ImageObject\",\"inLanguage\":\"hu\",\"@id\":\"https:\\\/\\\/dorogimedence.hu\\\/index.php\\\/2022\\\/10\\\/27\\\/elismertek-a-dorogi-rendorkapitany-munkajat\\\/#primaryimage\",\"url\":\"https:\\\/\\\/dorogimedence.hu\\\/wp-content\\\/uploads\\\/2022\\\/10\\\/friedrich-01.jpg\",\"contentUrl\":\"https:\\\/\\\/dorogimedence.hu\\\/wp-content\\\/uploads\\\/2022\\\/10\\\/friedrich-01.jpg\",\"width\":750,\"height\":441},{\"@type\":\"BreadcrumbList\",\"@id\":\"https:\\\/\\\/dorogimedence.hu\\\/index.php\\\/2022\\\/10\\\/27\\\/elismertek-a-dorogi-rendorkapitany-munkajat\\\/#breadcrumb\",\"itemListElement\":[{\"@type\":\"ListItem\",\"position\":1,\"name\":\"Kezd\u0151lap\",\"item\":\"https:\\\/\\\/dorogimedence.hu\\\/\"},{\"@type\":\"ListItem\",\"position\":2,\"name\":\"Elismert\u00e9k a dorogi rend\u0151rkapit\u00e1ny munk\u00e1j\u00e1t\"}]},{\"@type\":\"WebSite\",\"@id\":\"https:\\\/\\\/dorogimedence.hu\\\/#website\",\"url\":\"https:\\\/\\\/dorogimedence.hu\\\/\",\"name\":\"Dorogi-medence Region\u00e1lis H\u00edrport\u00e1l\",\"description\":\"Dorog, Keszt\u00f6lc, Le\u00e1nyv\u00e1r, Piliscs\u00e9v, Tokod, Tokodalt\u00e1r\u00f3, Csolnok, Esztergom-kertv\u00e1ros: h\u00edrek, programok\",\"publisher\":{\"@id\":\"https:\\\/\\\/dorogimedence.hu\\\/#organization\"},\"potentialAction\":[{\"@type\":\"SearchAction\",\"target\":{\"@type\":\"EntryPoint\",\"urlTemplate\":\"https:\\\/\\\/dorogimedence.hu\\\/?s={search_term_string}\"},\"query-input\":{\"@type\":\"PropertyValueSpecification\",\"valueRequired\":true,\"valueName\":\"search_term_string\"}}],\"inLanguage\":\"hu\"},{\"@type\":\"Organization\",\"@id\":\"https:\\\/\\\/dorogimedence.hu\\\/#organization\",\"name\":\"Dorogi-medence Region\u00e1lis H\u00edrport\u00e1l\",\"url\":\"https:\\\/\\\/dorogimedence.hu\\\/\",\"logo\":{\"@type\":\"ImageObject\",\"inLanguage\":\"hu\",\"@id\":\"https:\\\/\\\/dorogimedence.hu\\\/#\\\/schema\\\/logo\\\/image\\\/\",\"url\":\"https:\\\/\\\/dorogimedence.hu\\\/wp-content\\\/uploads\\\/2021\\\/04\\\/logo-feher-600.png\",\"contentUrl\":\"https:\\\/\\\/dorogimedence.hu\\\/wp-content\\\/uploads\\\/2021\\\/04\\\/logo-feher-600.png\",\"width\":600,\"height\":100,\"caption\":\"Dorogi-medence Region\u00e1lis H\u00edrport\u00e1l\"},\"image\":{\"@id\":\"https:\\\/\\\/dorogimedence.hu\\\/#\\\/schema\\\/logo\\\/image\\\/\"},\"sameAs\":[\"https:\\\/\\\/www.facebook.com\\\/dorogimedence\\\/\"]},{\"@type\":\"Person\",\"@id\":\"https:\\\/\\\/dorogimedence.hu\\\/#\\\/schema\\\/person\\\/ce6091eeb7e95ecdc87890d6aa8e0fd4\",\"name\":\"dorogimedence.hu\",\"image\":{\"@type\":\"ImageObject\",\"inLanguage\":\"hu\",\"@id\":\"\\\/\\\/www.gravatar.com\\\/avatar\\\/d8d45f8901aadff40a4af72c0b826f1d?s=96&#038;r=g&#038;d=mm\",\"url\":\"\\\/\\\/www.gravatar.com\\\/avatar\\\/d8d45f8901aadff40a4af72c0b826f1d?s=96&#038;r=g&#038;d=mm\",\"contentUrl\":\"\\\/\\\/www.gravatar.com\\\/avatar\\\/d8d45f8901aadff40a4af72c0b826f1d?s=96&#038;r=g&#038;d=mm\",\"caption\":\"dorogimedence.hu\"}}]}<\/script>\n<!-- \/ Yoast SEO plugin. -->","yoast_head_json":{"title":"Elismert\u00e9k a dorogi rend\u0151rkapit\u00e1ny munk\u00e1j\u00e1t","robots":{"index":"index","follow":"follow","max-snippet":"max-snippet:-1","max-image-preview":"max-image-preview:large","max-video-preview":"max-video-preview:-1"},"canonical":"https:\/\/dorogimedence.hu\/index.php\/2022\/10\/27\/elismertek-a-dorogi-rendorkapitany-munkajat\/","og_locale":"hu_HU","og_type":"article","og_title":"Elismert\u00e9k a dorogi rend\u0151rkapit\u00e1ny munk\u00e1j\u00e1t","og_description":"Orsz\u00e1gos \u00e9s megyei elismer\u00e9seket vettek \u00e1t a Kom\u00e1rom-Esztergom megy\u00e9ben szolg\u00e1latot teljes\u00edt\u0151 rend\u0151r\u00f6k az 1956-os forradalom \u00e9s szabads\u00e1gharc \u00e9vfordul\u00f3ja alkalm\u00e1b\u00f3l. Dr. Pint\u00e9r S\u00e1ndor, Magyarorsz\u00e1g bel\u00fcgyminisztere a rend\u0151rs\u00e9g hivat\u00e1sos \u00e1llom\u00e1ny\u00e1ban v\u00e9gzett eredm\u00e9nyes munk\u00e1ja elismer\u00e9s\u00e9\u00fcl 30 \u00e9ves szolg\u00e1lat ut\u00e1n szolg\u00e1lati jelet adom\u00e1nyozott Dr. Friedrich G\u00e1bor rend\u0151r ezredesnek, a Dorogi Rend\u0151rkapit\u00e1nys\u00e1g vezet\u0151j\u00e9nek, rend\u0151rs\u00e9gi tan\u00e1csosi c\u00edmet adom\u00e1nyozott Szab\u00f3 Istv\u00e1n c\u00edmzetes","og_url":"https:\/\/dorogimedence.hu\/index.php\/2022\/10\/27\/elismertek-a-dorogi-rendorkapitany-munkajat\/","og_site_name":"Dorogi-medence Region\u00e1lis H\u00edrport\u00e1l","article_publisher":"https:\/\/www.facebook.com\/dorogimedence\/","article_published_time":"2022-10-27T09:05:56+00:00","article_modified_time":"2022-10-27T09:06:36+00:00","og_image":[{"width":750,"height":441,"url":"https:\/\/dorogimedence.hu\/wp-content\/uploads\/2022\/10\/friedrich-01.jpg","type":"image\/jpeg"}],"author":"dorogimedence.hu","twitter_card":"summary_large_image","twitter_misc":{"Szerz\u0151:":"dorogimedence.hu","Becs\u00fclt olvas\u00e1si id\u0151":"2 perc"},"schema":{"@context":"https:\/\/schema.org","@graph":[{"@type":"Article","@id":"https:\/\/dorogimedence.hu\/index.php\/2022\/10\/27\/elismertek-a-dorogi-rendorkapitany-munkajat\/#article","isPartOf":{"@id":"https:\/\/dorogimedence.hu\/index.php\/2022\/10\/27\/elismertek-a-dorogi-rendorkapitany-munkajat\/"},"author":{"name":"dorogimedence.hu","@id":"https:\/\/dorogimedence.hu\/#\/schema\/person\/ce6091eeb7e95ecdc87890d6aa8e0fd4"},"headline":"Elismert\u00e9k a dorogi rend\u0151rkapit\u00e1ny munk\u00e1j\u00e1t","datePublished":"2022-10-27T09:05:56+00:00","dateModified":"2022-10-27T09:06:36+00:00","mainEntityOfPage":{"@id":"https:\/\/dorogimedence.hu\/index.php\/2022\/10\/27\/elismertek-a-dorogi-rendorkapitany-munkajat\/"},"wordCount":401,"publisher":{"@id":"https:\/\/dorogimedence.hu\/#organization"},"image":{"@id":"https:\/\/dorogimedence.hu\/index.php\/2022\/10\/27\/elismertek-a-dorogi-rendorkapitany-munkajat\/#primaryimage"},"thumbnailUrl":"https:\/\/dorogimedence.hu\/wp-content\/uploads\/2022\/10\/friedrich-01.jpg","keywords":["Dorog","dorogi rend\u0151rkapit\u00e1ny","elismer\u00e9s","featured","rend\u0151rs\u00e9gi h\u00edrek"],"articleSection":["Dorog","H\u00edrek"],"inLanguage":"hu"},{"@type":"WebPage","@id":"https:\/\/dorogimedence.hu\/index.php\/2022\/10\/27\/elismertek-a-dorogi-rendorkapitany-munkajat\/","url":"https:\/\/dorogimedence.hu\/index.php\/2022\/10\/27\/elismertek-a-dorogi-rendorkapitany-munkajat\/","name":"Elismert\u00e9k a dorogi rend\u0151rkapit\u00e1ny munk\u00e1j\u00e1t","isPartOf":{"@id":"https:\/\/dorogimedence.hu\/#website"},"primaryImageOfPage":{"@id":"https:\/\/dorogimedence.hu\/index.php\/2022\/10\/27\/elismertek-a-dorogi-rendorkapitany-munkajat\/#primaryimage"},"image":{"@id":"https:\/\/dorogimedence.hu\/index.php\/2022\/10\/27\/elismertek-a-dorogi-rendorkapitany-munkajat\/#primaryimage"},"thumbnailUrl":"https:\/\/dorogimedence.hu\/wp-content\/uploads\/2022\/10\/friedrich-01.jpg","datePublished":"2022-10-27T09:05:56+00:00","dateModified":"2022-10-27T09:06:36+00:00","breadcrumb":{"@id":"https:\/\/dorogimedence.hu\/index.php\/2022\/10\/27\/elismertek-a-dorogi-rendorkapitany-munkajat\/#breadcrumb"},"inLanguage":"hu","potentialAction":[{"@type":"ReadAction","target":["https:\/\/dorogimedence.hu\/index.php\/2022\/10\/27\/elismertek-a-dorogi-rendorkapitany-munkajat\/"]}]},{"@type":"ImageObject","inLanguage":"hu","@id":"https:\/\/dorogimedence.hu\/index.php\/2022\/10\/27\/elismertek-a-dorogi-rendorkapitany-munkajat\/#primaryimage","url":"https:\/\/dorogimedence.hu\/wp-content\/uploads\/2022\/10\/friedrich-01.jpg","contentUrl":"https:\/\/dorogimedence.hu\/wp-content\/uploads\/2022\/10\/friedrich-01.jpg","width":750,"height":441},{"@type":"BreadcrumbList","@id":"https:\/\/dorogimedence.hu\/index.php\/2022\/10\/27\/elismertek-a-dorogi-rendorkapitany-munkajat\/#breadcrumb","itemListElement":[{"@type":"ListItem","position":1,"name":"Kezd\u0151lap","item":"https:\/\/dorogimedence.hu\/"},{"@type":"ListItem","position":2,"name":"Elismert\u00e9k a dorogi rend\u0151rkapit\u00e1ny munk\u00e1j\u00e1t"}]},{"@type":"WebSite","@id":"https:\/\/dorogimedence.hu\/#website","url":"https:\/\/dorogimedence.hu\/","name":"Dorogi-medence Region\u00e1lis H\u00edrport\u00e1l","description":"Dorog, Keszt\u00f6lc, Le\u00e1nyv\u00e1r, Piliscs\u00e9v, Tokod, Tokodalt\u00e1r\u00f3, Csolnok, Esztergom-kertv\u00e1ros: h\u00edrek, programok","publisher":{"@id":"https:\/\/dorogimedence.hu\/#organization"},"potentialAction":[{"@type":"SearchAction","target":{"@type":"EntryPoint","urlTemplate":"https:\/\/dorogimedence.hu\/?s={search_term_string}"},"query-input":{"@type":"PropertyValueSpecification","valueRequired":true,"valueName":"search_term_string"}}],"inLanguage":"hu"},{"@type":"Organization","@id":"https:\/\/dorogimedence.hu\/#organization","name":"Dorogi-medence Region\u00e1lis H\u00edrport\u00e1l","url":"https:\/\/dorogimedence.hu\/","logo":{"@type":"ImageObject","inLanguage":"hu","@id":"https:\/\/dorogimedence.hu\/#\/schema\/logo\/image\/","url":"https:\/\/dorogimedence.hu\/wp-content\/uploads\/2021\/04\/logo-feher-600.png","contentUrl":"https:\/\/dorogimedence.hu\/wp-content\/uploads\/2021\/04\/logo-feher-600.png","width":600,"height":100,"caption":"Dorogi-medence Region\u00e1lis H\u00edrport\u00e1l"},"image":{"@id":"https:\/\/dorogimedence.hu\/#\/schema\/logo\/image\/"},"sameAs":["https:\/\/www.facebook.com\/dorogimedence\/"]},{"@type":"Person","@id":"https:\/\/dorogimedence.hu\/#\/schema\/person\/ce6091eeb7e95ecdc87890d6aa8e0fd4","name":"dorogimedence.hu","image":{"@type":"ImageObject","inLanguage":"hu","@id":"\/\/www.gravatar.com\/avatar\/d8d45f8901aadff40a4af72c0b826f1d?s=96&#038;r=g&#038;d=mm","url":"\/\/www.gravatar.com\/avatar\/d8d45f8901aadff40a4af72c0b826f1d?s=96&#038;r=g&#038;d=mm","contentUrl":"\/\/www.gravatar.com\/avatar\/d8d45f8901aadff40a4af72c0b826f1d?s=96&#038;r=g&#038;d=mm","caption":"dorogimedence.hu"}}]}},"_links":{"self":[{"href":"https:\/\/dorogimedence.hu\/index.php\/wp-json\/wp\/v2\/posts\/47665","targetHints":{"allow":["GET"]}}],"collection":[{"href":"https:\/\/dorogimedence.hu\/index.php\/wp-json\/wp\/v2\/posts"}],"about":[{"href":"https:\/\/dorogimedence.hu\/index.php\/wp-json\/wp\/v2\/types\/post"}],"author":[{"embeddable":true,"href":"https:\/\/dorogimedence.hu\/index.php\/wp-json\/wp\/v2\/users\/1"}],"replies":[{"embeddable":true,"href":"https:\/\/dorogimedence.hu\/index.php\/wp-json\/wp\/v2\/comments?post=47665"}],"version-history":[{"count":0,"href":"https:\/\/dorogimedence.hu\/index.php\/wp-json\/wp\/v2\/posts\/47665\/revisions"}],"wp:featuredmedia":[{"embeddable":true,"href":"https:\/\/dorogimedence.hu\/index.php\/wp-json\/wp\/v2\/media\/47668"}],"wp:attachment":[{"href":"https:\/\/dorogimedence.hu\/index.php\/wp-json\/wp\/v2\/media?parent=47665"}],"wp:term":[{"taxonomy":"category","embeddable":true,"href":"https:\/\/dorogimedence.hu\/index.php\/wp-json\/wp\/v2\/categories?post=47665"},{"taxonomy":"post_tag","embeddable":true,"href":"https:\/\/dorogimedence.hu\/index.php\/wp-json\/wp\/v2\/tags?post=47665"}],"curies":[{"name":"wp","href":"https:\/\/api.w.org\/{rel}","templated":true}]}}