{"id":47643,"date":"2022-10-26T11:53:05","date_gmt":"2022-10-26T09:53:05","guid":{"rendered":"https:\/\/dorogimedence.hu\/?p=47643"},"modified":"2022-10-26T11:53:14","modified_gmt":"2022-10-26T09:53:14","slug":"kessel-fenyegetozve-akarta-nemi-aktusra-kenyszeriteni","status":"publish","type":"post","link":"https:\/\/dorogimedence.hu\/index.php\/2022\/10\/26\/kessel-fenyegetozve-akarta-nemi-aktusra-kenyszeriteni\/","title":{"rendered":"K\u00e9ssel fenyeget\u0151zve akarta nemi aktusra k\u00e9nyszer\u00edteni"},"content":{"rendered":"<p><strong>Nem joger\u0151sen hat \u00e9v b\u00f6rt\u00f6nb\u00fcntet\u00e9sre \u00edt\u00e9lt\u00e9k azt a f\u00e9rfit, aki k\u00e9tszer is azzal a c\u00e9llal t\u00f6rt be egy ep\u00f6li h\u00e1zba, hogy az ottlak\u00f3 szem\u00e9lyt meger\u0151szakolja.<\/strong><\/p>\n<p>A meg\u00e1llap\u00edtott t\u00e9ny\u00e1ll\u00e1s szerint a v\u00e1dlott 2021. j\u00falius 8. napj\u00e1n 21 \u00f3ra 30 perc k\u00f6r\u00fcli id\u0151ben, ittas \u00e1llapotban, a kez\u00e9ben egy k\u00e9st tartva bement a s\u00e9rtett ep\u00f6li csal\u00e1di h\u00e1z\u00e1ba oly m\u00f3don, hogy a ker\u00edt\u00e9s mellett l\u00e9v\u0151 r\u00e9sen kereszt\u00fcl bejutott a h\u00e1z udvar\u00e1ra, majd a nyitott erk\u00e9lyajt\u00f3n kereszt\u00fcl a h\u00e1zba.<\/p>\n<p>A f\u00e9rfi egy k\u00e9st tartott a kez\u00e9ben, a nemi v\u00e1gy\u00e1nak kiel\u00e9g\u00edt\u00e9se c\u00e9lj\u00e1b\u00f3l a r\u00e9m\u00fclt s\u00e9rtettet lenyomta a fotelba, fojtogatta, maga el\u00e9 r\u00e1ntotta. Ezt k\u00f6vet\u0151en meztelen\u00fcl a s\u00e9rtettre r\u00e1fek\u00fcdt, azonban t\u00e9nyleges k\u00f6z\u00f6s\u00fcl\u00e9sre \u2013 a v\u00e1dlott ittass\u00e1ga r\u00e9v\u00e9n \u2013 nem ker\u00fclt sor. A f\u00e9rfi ezt k\u00f6vet\u0151en elhagyta a s\u00e9rtett lak\u00e1s\u00e1t.<\/p>\n<p>A v\u00e1dlott 2021. j\u00falius 9-\u00e9n 00 \u00f3ra 30 perc k\u00f6r\u00fcli id\u0151pontban, ittas \u00e1llapotban \u00fajra megjelent a s\u00e9rtett csal\u00e1di h\u00e1z\u00e1ban. A v\u00e1dlott a kapu melletti r\u00e9st kihaszn\u00e1lva az udvarra bejutott, majd a bej\u00e1rati ajt\u00f3t benyomta, mik\u00f6zben a s\u00e9rtett azt bel\u00fclr\u0151l igyekezett bez\u00e1rni, azonban v\u00e9kony testalkata \u00e9s legyeng\u00fclt szervezete miatt ez nem siker\u00fclt. A v\u00e1dlott a s\u00e9rtettet r\u00e1ngatta, majd a h\u00e1t\u00e1ra d\u00f6nt\u00f6tte, vele akarata ellen\u00e9re or\u00e1lis szexu\u00e1lis cselekm\u00e9nyt v\u00e9gzett. A v\u00e1dlott ezt k\u00f6vet\u0151en ittas \u00e1llapota miatt meztelen\u00fcl a kanap\u00e9n elaludt.<\/p>\n<p>A s\u00e9rtett a v\u00e1dlott er\u0151szakos magatart\u00e1sa k\u00f6vetkezt\u00e9ben a bal csukl\u00f3j\u00e1n bev\u00e9rz\u00e9seket, a jobb karj\u00e1n karcol\u00e1s \u00e9s v\u00e1g\u00e1sszer\u0171 s\u00e9r\u00fcl\u00e9seket szenvedett el.<\/p>\n<p>Az Esztergomi J\u00e1r\u00e1si \u00dcgy\u00e9szs\u00e9g v\u00e1dirata alapj\u00e1n az Esztergomi J\u00e1r\u00e1sb\u00edr\u00f3s\u00e1g a 2022. okt\u00f3ber 26. napj\u00e1n megtartott el\u0151k\u00e9sz\u00edt\u0151 \u00fcl\u00e9sen, szexu\u00e1lis er\u0151szak b\u0171ntette miatt indult \u00fcgyben hozott \u00edt\u00e9letet egy f\u00e9rfivel szemben. A b\u00edr\u00f3s\u00e1g a v\u00e1dlottat 6 \u00e9v b\u00f6rt\u00f6nb\u00fcntet\u00e9sre \u00e9s 6 \u00e9v k\u00f6z\u00fcgyekt\u0151l eltilt\u00e1sra \u00edt\u00e9lte. Az \u00edt\u00e9letet az \u00fcgy\u00e9sz tudom\u00e1sul vette, azonban az nem joger\u0151s, mivel a v\u00e1dlott \u00e9s a v\u00e9d\u0151je fellebbez\u00e9st jelentett be.<\/p>\n<p><em>Forr\u00e1s: Kom\u00e1rom-Esztergom Megyei F\u0151\u00fcgy\u00e9szs\u00e9g \/ Tatab\u00e1nyai T\u00f6rv\u00e9nysz\u00e9k<\/em><\/p>\n","protected":false},"excerpt":{"rendered":"<p>Nem joger\u0151sen hat \u00e9v b\u00f6rt\u00f6nb\u00fcntet\u00e9sre \u00edt\u00e9lt\u00e9k azt a f\u00e9rfit, aki k\u00e9tszer is azzal a c\u00e9llal t\u00f6rt be egy ep\u00f6li h\u00e1zba, hogy az ottlak\u00f3 szem\u00e9lyt meger\u0151szakolja. A meg\u00e1llap\u00edtott t\u00e9ny\u00e1ll\u00e1s szerint a v\u00e1dlott 2021. j\u00falius 8. napj\u00e1n 21 \u00f3ra 30 perc k\u00f6r\u00fcli id\u0151ben, ittas \u00e1llapotban, a kez\u00e9ben egy k\u00e9st tartva bement a s\u00e9rtett ep\u00f6li csal\u00e1di h\u00e1z\u00e1ba oly<\/p>\n","protected":false},"author":1,"featured_media":10184,"comment_status":"closed","ping_status":"closed","sticky":false,"template":"","format":"standard","meta":{"ngg_post_thumbnail":0,"footnotes":""},"categories":[3,39],"tags":[712,1042,63,2016,2020,61,326],"class_list":{"0":"post-47643","1":"post","2":"type-post","3":"status-publish","4":"format-standard","5":"has-post-thumbnail","7":"category-hirek","8":"category-kek-hirek","9":"tag-bantalmazas","10":"tag-birosag","11":"tag-buncselekmeny","12":"tag-epol","13":"tag-eroszak","14":"tag-rendorsegi-hirek","15":"tag-ugyeszseg"},"yoast_head":"<!-- This site is optimized with the Yoast SEO plugin v27.4 - https:\/\/yoast.com\/product\/yoast-seo-wordpress\/ -->\n<title>K\u00e9ssel fenyeget\u0151zve akarta nemi aktusra k\u00e9nyszer\u00edteni<\/title>\n<meta name=\"robots\" content=\"index, follow, max-snippet:-1, max-image-preview:large, max-video-preview:-1\" \/>\n<link rel=\"canonical\" href=\"https:\/\/dorogimedence.hu\/index.php\/2022\/10\/26\/kessel-fenyegetozve-akarta-nemi-aktusra-kenyszeriteni\/\" class=\"yoast-seo-meta-tag\" \/>\n<meta property=\"og:locale\" content=\"hu_HU\" class=\"yoast-seo-meta-tag\" \/>\n<meta property=\"og:type\" content=\"article\" class=\"yoast-seo-meta-tag\" \/>\n<meta property=\"og:title\" content=\"K\u00e9ssel fenyeget\u0151zve akarta nemi aktusra k\u00e9nyszer\u00edteni\" class=\"yoast-seo-meta-tag\" \/>\n<meta property=\"og:description\" content=\"Nem joger\u0151sen hat \u00e9v b\u00f6rt\u00f6nb\u00fcntet\u00e9sre \u00edt\u00e9lt\u00e9k azt a f\u00e9rfit, aki k\u00e9tszer is azzal a c\u00e9llal t\u00f6rt be egy ep\u00f6li h\u00e1zba, hogy az ottlak\u00f3 szem\u00e9lyt meger\u0151szakolja. A meg\u00e1llap\u00edtott t\u00e9ny\u00e1ll\u00e1s szerint a v\u00e1dlott 2021. j\u00falius 8. napj\u00e1n 21 \u00f3ra 30 perc k\u00f6r\u00fcli id\u0151ben, ittas \u00e1llapotban, a kez\u00e9ben egy k\u00e9st tartva bement a s\u00e9rtett ep\u00f6li csal\u00e1di h\u00e1z\u00e1ba oly\" class=\"yoast-seo-meta-tag\" \/>\n<meta property=\"og:url\" content=\"https:\/\/dorogimedence.hu\/index.php\/2022\/10\/26\/kessel-fenyegetozve-akarta-nemi-aktusra-kenyszeriteni\/\" class=\"yoast-seo-meta-tag\" \/>\n<meta property=\"og:site_name\" content=\"Dorogi-medence Region\u00e1lis H\u00edrport\u00e1l\" class=\"yoast-seo-meta-tag\" \/>\n<meta property=\"article:publisher\" content=\"https:\/\/www.facebook.com\/dorogimedence\/\" class=\"yoast-seo-meta-tag\" \/>\n<meta property=\"article:published_time\" content=\"2022-10-26T09:53:05+00:00\" class=\"yoast-seo-meta-tag\" \/>\n<meta property=\"article:modified_time\" content=\"2022-10-26T09:53:14+00:00\" class=\"yoast-seo-meta-tag\" \/>\n<meta property=\"og:image\" content=\"https:\/\/dorogimedence.hu\/wp-content\/uploads\/2018\/05\/bantalmazas-01.jpg\" class=\"yoast-seo-meta-tag\" \/>\n\t<meta property=\"og:image:width\" content=\"670\" class=\"yoast-seo-meta-tag\" \/>\n\t<meta property=\"og:image:height\" content=\"365\" class=\"yoast-seo-meta-tag\" \/>\n\t<meta property=\"og:image:type\" content=\"image\/jpeg\" class=\"yoast-seo-meta-tag\" \/>\n<meta name=\"author\" content=\"dorogimedence.hu\" class=\"yoast-seo-meta-tag\" \/>\n<meta name=\"twitter:card\" content=\"summary_large_image\" class=\"yoast-seo-meta-tag\" \/>\n<meta name=\"twitter:label1\" content=\"Szerz\u0151:\" class=\"yoast-seo-meta-tag\" \/>\n\t<meta name=\"twitter:data1\" content=\"dorogimedence.hu\" class=\"yoast-seo-meta-tag\" \/>\n\t<meta name=\"twitter:label2\" content=\"Becs\u00fclt olvas\u00e1si id\u0151\" class=\"yoast-seo-meta-tag\" \/>\n\t<meta name=\"twitter:data2\" content=\"2 perc\" class=\"yoast-seo-meta-tag\" \/>\n<script type=\"application\/ld+json\" class=\"yoast-schema-graph\">{\"@context\":\"https:\\\/\\\/schema.org\",\"@graph\":[{\"@type\":\"Article\",\"@id\":\"https:\\\/\\\/dorogimedence.hu\\\/index.php\\\/2022\\\/10\\\/26\\\/kessel-fenyegetozve-akarta-nemi-aktusra-kenyszeriteni\\\/#article\",\"isPartOf\":{\"@id\":\"https:\\\/\\\/dorogimedence.hu\\\/index.php\\\/2022\\\/10\\\/26\\\/kessel-fenyegetozve-akarta-nemi-aktusra-kenyszeriteni\\\/\"},\"author\":{\"name\":\"dorogimedence.hu\",\"@id\":\"https:\\\/\\\/dorogimedence.hu\\\/#\\\/schema\\\/person\\\/ce6091eeb7e95ecdc87890d6aa8e0fd4\"},\"headline\":\"K\u00e9ssel fenyeget\u0151zve akarta nemi aktusra k\u00e9nyszer\u00edteni\",\"datePublished\":\"2022-10-26T09:53:05+00:00\",\"dateModified\":\"2022-10-26T09:53:14+00:00\",\"mainEntityOfPage\":{\"@id\":\"https:\\\/\\\/dorogimedence.hu\\\/index.php\\\/2022\\\/10\\\/26\\\/kessel-fenyegetozve-akarta-nemi-aktusra-kenyszeriteni\\\/\"},\"wordCount\":474,\"publisher\":{\"@id\":\"https:\\\/\\\/dorogimedence.hu\\\/#organization\"},\"image\":{\"@id\":\"https:\\\/\\\/dorogimedence.hu\\\/index.php\\\/2022\\\/10\\\/26\\\/kessel-fenyegetozve-akarta-nemi-aktusra-kenyszeriteni\\\/#primaryimage\"},\"thumbnailUrl\":\"https:\\\/\\\/dorogimedence.hu\\\/wp-content\\\/uploads\\\/2018\\\/05\\\/bantalmazas-01.jpg\",\"keywords\":[\"b\u00e1ntalmaz\u00e1s\",\"b\u00edr\u00f3s\u00e1g\",\"b\u0171ncselekm\u00e9ny\",\"Ep\u00f6l\",\"er\u0151szak\",\"rend\u0151rs\u00e9gi h\u00edrek\",\"\u00fcgy\u00e9szs\u00e9g\"],\"articleSection\":[\"H\u00edrek\",\"K\u00e9k h\u00edrek\"],\"inLanguage\":\"hu\"},{\"@type\":\"WebPage\",\"@id\":\"https:\\\/\\\/dorogimedence.hu\\\/index.php\\\/2022\\\/10\\\/26\\\/kessel-fenyegetozve-akarta-nemi-aktusra-kenyszeriteni\\\/\",\"url\":\"https:\\\/\\\/dorogimedence.hu\\\/index.php\\\/2022\\\/10\\\/26\\\/kessel-fenyegetozve-akarta-nemi-aktusra-kenyszeriteni\\\/\",\"name\":\"K\u00e9ssel fenyeget\u0151zve akarta nemi aktusra k\u00e9nyszer\u00edteni\",\"isPartOf\":{\"@id\":\"https:\\\/\\\/dorogimedence.hu\\\/#website\"},\"primaryImageOfPage\":{\"@id\":\"https:\\\/\\\/dorogimedence.hu\\\/index.php\\\/2022\\\/10\\\/26\\\/kessel-fenyegetozve-akarta-nemi-aktusra-kenyszeriteni\\\/#primaryimage\"},\"image\":{\"@id\":\"https:\\\/\\\/dorogimedence.hu\\\/index.php\\\/2022\\\/10\\\/26\\\/kessel-fenyegetozve-akarta-nemi-aktusra-kenyszeriteni\\\/#primaryimage\"},\"thumbnailUrl\":\"https:\\\/\\\/dorogimedence.hu\\\/wp-content\\\/uploads\\\/2018\\\/05\\\/bantalmazas-01.jpg\",\"datePublished\":\"2022-10-26T09:53:05+00:00\",\"dateModified\":\"2022-10-26T09:53:14+00:00\",\"breadcrumb\":{\"@id\":\"https:\\\/\\\/dorogimedence.hu\\\/index.php\\\/2022\\\/10\\\/26\\\/kessel-fenyegetozve-akarta-nemi-aktusra-kenyszeriteni\\\/#breadcrumb\"},\"inLanguage\":\"hu\",\"potentialAction\":[{\"@type\":\"ReadAction\",\"target\":[\"https:\\\/\\\/dorogimedence.hu\\\/index.php\\\/2022\\\/10\\\/26\\\/kessel-fenyegetozve-akarta-nemi-aktusra-kenyszeriteni\\\/\"]}]},{\"@type\":\"ImageObject\",\"inLanguage\":\"hu\",\"@id\":\"https:\\\/\\\/dorogimedence.hu\\\/index.php\\\/2022\\\/10\\\/26\\\/kessel-fenyegetozve-akarta-nemi-aktusra-kenyszeriteni\\\/#primaryimage\",\"url\":\"https:\\\/\\\/dorogimedence.hu\\\/wp-content\\\/uploads\\\/2018\\\/05\\\/bantalmazas-01.jpg\",\"contentUrl\":\"https:\\\/\\\/dorogimedence.hu\\\/wp-content\\\/uploads\\\/2018\\\/05\\\/bantalmazas-01.jpg\",\"width\":670,\"height\":365},{\"@type\":\"BreadcrumbList\",\"@id\":\"https:\\\/\\\/dorogimedence.hu\\\/index.php\\\/2022\\\/10\\\/26\\\/kessel-fenyegetozve-akarta-nemi-aktusra-kenyszeriteni\\\/#breadcrumb\",\"itemListElement\":[{\"@type\":\"ListItem\",\"position\":1,\"name\":\"Kezd\u0151lap\",\"item\":\"https:\\\/\\\/dorogimedence.hu\\\/\"},{\"@type\":\"ListItem\",\"position\":2,\"name\":\"K\u00e9ssel fenyeget\u0151zve akarta nemi aktusra k\u00e9nyszer\u00edteni\"}]},{\"@type\":\"WebSite\",\"@id\":\"https:\\\/\\\/dorogimedence.hu\\\/#website\",\"url\":\"https:\\\/\\\/dorogimedence.hu\\\/\",\"name\":\"Dorogi-medence Region\u00e1lis H\u00edrport\u00e1l\",\"description\":\"Dorog, Keszt\u00f6lc, Le\u00e1nyv\u00e1r, Piliscs\u00e9v, Tokod, Tokodalt\u00e1r\u00f3, Csolnok, Esztergom-kertv\u00e1ros: h\u00edrek, programok\",\"publisher\":{\"@id\":\"https:\\\/\\\/dorogimedence.hu\\\/#organization\"},\"potentialAction\":[{\"@type\":\"SearchAction\",\"target\":{\"@type\":\"EntryPoint\",\"urlTemplate\":\"https:\\\/\\\/dorogimedence.hu\\\/?s={search_term_string}\"},\"query-input\":{\"@type\":\"PropertyValueSpecification\",\"valueRequired\":true,\"valueName\":\"search_term_string\"}}],\"inLanguage\":\"hu\"},{\"@type\":\"Organization\",\"@id\":\"https:\\\/\\\/dorogimedence.hu\\\/#organization\",\"name\":\"Dorogi-medence Region\u00e1lis H\u00edrport\u00e1l\",\"url\":\"https:\\\/\\\/dorogimedence.hu\\\/\",\"logo\":{\"@type\":\"ImageObject\",\"inLanguage\":\"hu\",\"@id\":\"https:\\\/\\\/dorogimedence.hu\\\/#\\\/schema\\\/logo\\\/image\\\/\",\"url\":\"https:\\\/\\\/dorogimedence.hu\\\/wp-content\\\/uploads\\\/2021\\\/04\\\/logo-feher-600.png\",\"contentUrl\":\"https:\\\/\\\/dorogimedence.hu\\\/wp-content\\\/uploads\\\/2021\\\/04\\\/logo-feher-600.png\",\"width\":600,\"height\":100,\"caption\":\"Dorogi-medence Region\u00e1lis H\u00edrport\u00e1l\"},\"image\":{\"@id\":\"https:\\\/\\\/dorogimedence.hu\\\/#\\\/schema\\\/logo\\\/image\\\/\"},\"sameAs\":[\"https:\\\/\\\/www.facebook.com\\\/dorogimedence\\\/\"]},{\"@type\":\"Person\",\"@id\":\"https:\\\/\\\/dorogimedence.hu\\\/#\\\/schema\\\/person\\\/ce6091eeb7e95ecdc87890d6aa8e0fd4\",\"name\":\"dorogimedence.hu\",\"image\":{\"@type\":\"ImageObject\",\"inLanguage\":\"hu\",\"@id\":\"\\\/\\\/www.gravatar.com\\\/avatar\\\/d8d45f8901aadff40a4af72c0b826f1d?s=96&#038;r=g&#038;d=mm\",\"url\":\"\\\/\\\/www.gravatar.com\\\/avatar\\\/d8d45f8901aadff40a4af72c0b826f1d?s=96&#038;r=g&#038;d=mm\",\"contentUrl\":\"\\\/\\\/www.gravatar.com\\\/avatar\\\/d8d45f8901aadff40a4af72c0b826f1d?s=96&#038;r=g&#038;d=mm\",\"caption\":\"dorogimedence.hu\"}}]}<\/script>\n<!-- \/ Yoast SEO plugin. -->","yoast_head_json":{"title":"K\u00e9ssel fenyeget\u0151zve akarta nemi aktusra k\u00e9nyszer\u00edteni","robots":{"index":"index","follow":"follow","max-snippet":"max-snippet:-1","max-image-preview":"max-image-preview:large","max-video-preview":"max-video-preview:-1"},"canonical":"https:\/\/dorogimedence.hu\/index.php\/2022\/10\/26\/kessel-fenyegetozve-akarta-nemi-aktusra-kenyszeriteni\/","og_locale":"hu_HU","og_type":"article","og_title":"K\u00e9ssel fenyeget\u0151zve akarta nemi aktusra k\u00e9nyszer\u00edteni","og_description":"Nem joger\u0151sen hat \u00e9v b\u00f6rt\u00f6nb\u00fcntet\u00e9sre \u00edt\u00e9lt\u00e9k azt a f\u00e9rfit, aki k\u00e9tszer is azzal a c\u00e9llal t\u00f6rt be egy ep\u00f6li h\u00e1zba, hogy az ottlak\u00f3 szem\u00e9lyt meger\u0151szakolja. A meg\u00e1llap\u00edtott t\u00e9ny\u00e1ll\u00e1s szerint a v\u00e1dlott 2021. j\u00falius 8. napj\u00e1n 21 \u00f3ra 30 perc k\u00f6r\u00fcli id\u0151ben, ittas \u00e1llapotban, a kez\u00e9ben egy k\u00e9st tartva bement a s\u00e9rtett ep\u00f6li csal\u00e1di h\u00e1z\u00e1ba oly","og_url":"https:\/\/dorogimedence.hu\/index.php\/2022\/10\/26\/kessel-fenyegetozve-akarta-nemi-aktusra-kenyszeriteni\/","og_site_name":"Dorogi-medence Region\u00e1lis H\u00edrport\u00e1l","article_publisher":"https:\/\/www.facebook.com\/dorogimedence\/","article_published_time":"2022-10-26T09:53:05+00:00","article_modified_time":"2022-10-26T09:53:14+00:00","og_image":[{"width":670,"height":365,"url":"https:\/\/dorogimedence.hu\/wp-content\/uploads\/2018\/05\/bantalmazas-01.jpg","type":"image\/jpeg"}],"author":"dorogimedence.hu","twitter_card":"summary_large_image","twitter_misc":{"Szerz\u0151:":"dorogimedence.hu","Becs\u00fclt olvas\u00e1si id\u0151":"2 perc"},"schema":{"@context":"https:\/\/schema.org","@graph":[{"@type":"Article","@id":"https:\/\/dorogimedence.hu\/index.php\/2022\/10\/26\/kessel-fenyegetozve-akarta-nemi-aktusra-kenyszeriteni\/#article","isPartOf":{"@id":"https:\/\/dorogimedence.hu\/index.php\/2022\/10\/26\/kessel-fenyegetozve-akarta-nemi-aktusra-kenyszeriteni\/"},"author":{"name":"dorogimedence.hu","@id":"https:\/\/dorogimedence.hu\/#\/schema\/person\/ce6091eeb7e95ecdc87890d6aa8e0fd4"},"headline":"K\u00e9ssel fenyeget\u0151zve akarta nemi aktusra k\u00e9nyszer\u00edteni","datePublished":"2022-10-26T09:53:05+00:00","dateModified":"2022-10-26T09:53:14+00:00","mainEntityOfPage":{"@id":"https:\/\/dorogimedence.hu\/index.php\/2022\/10\/26\/kessel-fenyegetozve-akarta-nemi-aktusra-kenyszeriteni\/"},"wordCount":474,"publisher":{"@id":"https:\/\/dorogimedence.hu\/#organization"},"image":{"@id":"https:\/\/dorogimedence.hu\/index.php\/2022\/10\/26\/kessel-fenyegetozve-akarta-nemi-aktusra-kenyszeriteni\/#primaryimage"},"thumbnailUrl":"https:\/\/dorogimedence.hu\/wp-content\/uploads\/2018\/05\/bantalmazas-01.jpg","keywords":["b\u00e1ntalmaz\u00e1s","b\u00edr\u00f3s\u00e1g","b\u0171ncselekm\u00e9ny","Ep\u00f6l","er\u0151szak","rend\u0151rs\u00e9gi h\u00edrek","\u00fcgy\u00e9szs\u00e9g"],"articleSection":["H\u00edrek","K\u00e9k h\u00edrek"],"inLanguage":"hu"},{"@type":"WebPage","@id":"https:\/\/dorogimedence.hu\/index.php\/2022\/10\/26\/kessel-fenyegetozve-akarta-nemi-aktusra-kenyszeriteni\/","url":"https:\/\/dorogimedence.hu\/index.php\/2022\/10\/26\/kessel-fenyegetozve-akarta-nemi-aktusra-kenyszeriteni\/","name":"K\u00e9ssel fenyeget\u0151zve akarta nemi aktusra k\u00e9nyszer\u00edteni","isPartOf":{"@id":"https:\/\/dorogimedence.hu\/#website"},"primaryImageOfPage":{"@id":"https:\/\/dorogimedence.hu\/index.php\/2022\/10\/26\/kessel-fenyegetozve-akarta-nemi-aktusra-kenyszeriteni\/#primaryimage"},"image":{"@id":"https:\/\/dorogimedence.hu\/index.php\/2022\/10\/26\/kessel-fenyegetozve-akarta-nemi-aktusra-kenyszeriteni\/#primaryimage"},"thumbnailUrl":"https:\/\/dorogimedence.hu\/wp-content\/uploads\/2018\/05\/bantalmazas-01.jpg","datePublished":"2022-10-26T09:53:05+00:00","dateModified":"2022-10-26T09:53:14+00:00","breadcrumb":{"@id":"https:\/\/dorogimedence.hu\/index.php\/2022\/10\/26\/kessel-fenyegetozve-akarta-nemi-aktusra-kenyszeriteni\/#breadcrumb"},"inLanguage":"hu","potentialAction":[{"@type":"ReadAction","target":["https:\/\/dorogimedence.hu\/index.php\/2022\/10\/26\/kessel-fenyegetozve-akarta-nemi-aktusra-kenyszeriteni\/"]}]},{"@type":"ImageObject","inLanguage":"hu","@id":"https:\/\/dorogimedence.hu\/index.php\/2022\/10\/26\/kessel-fenyegetozve-akarta-nemi-aktusra-kenyszeriteni\/#primaryimage","url":"https:\/\/dorogimedence.hu\/wp-content\/uploads\/2018\/05\/bantalmazas-01.jpg","contentUrl":"https:\/\/dorogimedence.hu\/wp-content\/uploads\/2018\/05\/bantalmazas-01.jpg","width":670,"height":365},{"@type":"BreadcrumbList","@id":"https:\/\/dorogimedence.hu\/index.php\/2022\/10\/26\/kessel-fenyegetozve-akarta-nemi-aktusra-kenyszeriteni\/#breadcrumb","itemListElement":[{"@type":"ListItem","position":1,"name":"Kezd\u0151lap","item":"https:\/\/dorogimedence.hu\/"},{"@type":"ListItem","position":2,"name":"K\u00e9ssel fenyeget\u0151zve akarta nemi aktusra k\u00e9nyszer\u00edteni"}]},{"@type":"WebSite","@id":"https:\/\/dorogimedence.hu\/#website","url":"https:\/\/dorogimedence.hu\/","name":"Dorogi-medence Region\u00e1lis H\u00edrport\u00e1l","description":"Dorog, Keszt\u00f6lc, Le\u00e1nyv\u00e1r, Piliscs\u00e9v, Tokod, Tokodalt\u00e1r\u00f3, Csolnok, Esztergom-kertv\u00e1ros: h\u00edrek, programok","publisher":{"@id":"https:\/\/dorogimedence.hu\/#organization"},"potentialAction":[{"@type":"SearchAction","target":{"@type":"EntryPoint","urlTemplate":"https:\/\/dorogimedence.hu\/?s={search_term_string}"},"query-input":{"@type":"PropertyValueSpecification","valueRequired":true,"valueName":"search_term_string"}}],"inLanguage":"hu"},{"@type":"Organization","@id":"https:\/\/dorogimedence.hu\/#organization","name":"Dorogi-medence Region\u00e1lis H\u00edrport\u00e1l","url":"https:\/\/dorogimedence.hu\/","logo":{"@type":"ImageObject","inLanguage":"hu","@id":"https:\/\/dorogimedence.hu\/#\/schema\/logo\/image\/","url":"https:\/\/dorogimedence.hu\/wp-content\/uploads\/2021\/04\/logo-feher-600.png","contentUrl":"https:\/\/dorogimedence.hu\/wp-content\/uploads\/2021\/04\/logo-feher-600.png","width":600,"height":100,"caption":"Dorogi-medence Region\u00e1lis H\u00edrport\u00e1l"},"image":{"@id":"https:\/\/dorogimedence.hu\/#\/schema\/logo\/image\/"},"sameAs":["https:\/\/www.facebook.com\/dorogimedence\/"]},{"@type":"Person","@id":"https:\/\/dorogimedence.hu\/#\/schema\/person\/ce6091eeb7e95ecdc87890d6aa8e0fd4","name":"dorogimedence.hu","image":{"@type":"ImageObject","inLanguage":"hu","@id":"\/\/www.gravatar.com\/avatar\/d8d45f8901aadff40a4af72c0b826f1d?s=96&#038;r=g&#038;d=mm","url":"\/\/www.gravatar.com\/avatar\/d8d45f8901aadff40a4af72c0b826f1d?s=96&#038;r=g&#038;d=mm","contentUrl":"\/\/www.gravatar.com\/avatar\/d8d45f8901aadff40a4af72c0b826f1d?s=96&#038;r=g&#038;d=mm","caption":"dorogimedence.hu"}}]}},"_links":{"self":[{"href":"https:\/\/dorogimedence.hu\/index.php\/wp-json\/wp\/v2\/posts\/47643","targetHints":{"allow":["GET"]}}],"collection":[{"href":"https:\/\/dorogimedence.hu\/index.php\/wp-json\/wp\/v2\/posts"}],"about":[{"href":"https:\/\/dorogimedence.hu\/index.php\/wp-json\/wp\/v2\/types\/post"}],"author":[{"embeddable":true,"href":"https:\/\/dorogimedence.hu\/index.php\/wp-json\/wp\/v2\/users\/1"}],"replies":[{"embeddable":true,"href":"https:\/\/dorogimedence.hu\/index.php\/wp-json\/wp\/v2\/comments?post=47643"}],"version-history":[{"count":0,"href":"https:\/\/dorogimedence.hu\/index.php\/wp-json\/wp\/v2\/posts\/47643\/revisions"}],"wp:featuredmedia":[{"embeddable":true,"href":"https:\/\/dorogimedence.hu\/index.php\/wp-json\/wp\/v2\/media\/10184"}],"wp:attachment":[{"href":"https:\/\/dorogimedence.hu\/index.php\/wp-json\/wp\/v2\/media?parent=47643"}],"wp:term":[{"taxonomy":"category","embeddable":true,"href":"https:\/\/dorogimedence.hu\/index.php\/wp-json\/wp\/v2\/categories?post=47643"},{"taxonomy":"post_tag","embeddable":true,"href":"https:\/\/dorogimedence.hu\/index.php\/wp-json\/wp\/v2\/tags?post=47643"}],"curies":[{"name":"wp","href":"https:\/\/api.w.org\/{rel}","templated":true}]}}