{"id":47624,"date":"2022-10-25T14:31:18","date_gmt":"2022-10-25T12:31:18","guid":{"rendered":"https:\/\/dorogimedence.hu\/?p=47624"},"modified":"2022-10-25T14:31:32","modified_gmt":"2022-10-25T12:31:32","slug":"sulyositottak-a-tokodi-ferjgyilkos-bunteteset","status":"publish","type":"post","link":"https:\/\/dorogimedence.hu\/index.php\/2022\/10\/25\/sulyositottak-a-tokodi-ferjgyilkos-bunteteset\/","title":{"rendered":"S\u00falyos\u00edtott\u00e1k a tokodi f\u00e9rjgyilkos b\u00fcntet\u00e9s\u00e9t"},"content":{"rendered":"<p><strong>A Gy\u0151ri \u00cdt\u00e9l\u0151t\u00e1bla 10 \u00e9vre s\u00falyos\u00edtotta annak a n\u0151nek a b\u00fcntet\u00e9s\u00e9t, aki sz\u00edven sz\u00farta f\u00e9rj\u00e9t Tokodon.<\/strong><\/p>\n<p>A joger\u0151s \u00edt\u00e9let szerint a h\u00e1zasp\u00e1r rossz szoci\u00e1lis k\u00f6r\u00fclm\u00e9nyek k\u00f6z\u00f6tt \u00e9lt, rendszeresen alkoholiz\u00e1lt, sokat veszekedett. A n\u0151nek a kor\u00e1bbi kapcsolataib\u00f3l n\u00e9gy, a f\u00e9rj\u00e9t\u0151l kett\u0151 gyermeke sz\u00fcletett. A n\u0151t n\u00e9h\u00e1ny \u00e9vvel ezel\u0151tt m\u00e1r joger\u0151sen el\u00edt\u00e9lt\u00e9k, mivel egy vita sor\u00e1n a legid\u0151sebb fi\u00e1t k\u00e9ssel megsebes\u00edtette.<\/p>\n<p>2020 \u00e1prilis\u00e1ban egy csal\u00e1di \u00f6sszej\u00f6vetelen s\u00falyos fok\u00fa alkoholos \u00e1llapotba ker\u00fclt a p\u00e1r, majd a vend\u00e9gek t\u00e1voz\u00e1sa ut\u00e1n veszekedni kezdtek. Ennek sor\u00e1n a feles\u00e9g a f\u00e9rje mellkas\u00e1nak bal oldal\u00e1t nagy er\u0151vel, egy 8,5 cm pengehossz\u00fas\u00e1g\u00fa bicsk\u00e1val megsz\u00farta. A sz\u00far\u00e1s a f\u00e9rj sz\u00edv\u00e9t \u00e9rte, aki ennek k\u00f6vetkezt\u00e9ben a helysz\u00ednen meghalt.<\/p>\n<p>A Tatab\u00e1nyai T\u00f6rv\u00e9nysz\u00e9k a n\u0151t ember\u00f6l\u00e9s b\u0171ntette miatt 8 \u00e9v b\u00f6rt\u00f6nb\u00fcntet\u00e9sre, 8 \u00e9v k\u00f6z\u00fcgyekt\u0151l eltilt\u00e1s mell\u00e9kb\u00fcntet\u00e9sre \u00edt\u00e9lte. Az \u00edt\u00e9let ellen az \u00fcgy\u00e9sz s\u00falyos\u00edt\u00e1s\u00e9rt, a n\u0151 \u00e9s a v\u00e9d\u0151je els\u0151dlegesen felment\u00e9s\u00e9rt, m\u00e1sodlagosan enyh\u00edt\u00e9s\u00e9rt fellebbeztek.<\/p>\n<p>A Gy\u0151ri \u00cdt\u00e9l\u0151t\u00e1bla 2022. okt\u00f3ber 25-\u00e9n kihirdetett hat\u00e1rozata megegyezett a Gy\u0151ri Fellebbviteli F\u0151\u00fcgy\u00e9szs\u00e9g ind\u00edtv\u00e1ny\u00e1val, a n\u0151 b\u00fcntet\u00e9s\u00e9t 10 \u00e9vre s\u00falyos\u00edtotta. A t\u00f6bbsz\u00f6r\u00f6sen b\u00fcntetett el\u0151\u00e9let\u0171 n\u0151 komoly t\u00e1rgyi s\u00faly\u00fa b\u0171ncselekm\u00e9nyt k\u00f6vetett el, ami szigor\u00fa b\u00fcntet\u00e9s kiszab\u00e1s\u00e1t indokolja.<\/p>\n<p><em>Kom\u00e1rom-Esztergom Megyei F\u0151\u00fcgy\u00e9szs\u00e9g \/ <\/em>Gy\u0151ri Fellebbviteli F\u0151\u00fcgy\u00e9szs\u00e9g<\/p>\n","protected":false},"excerpt":{"rendered":"<p>A Gy\u0151ri \u00cdt\u00e9l\u0151t\u00e1bla 10 \u00e9vre s\u00falyos\u00edtotta annak a n\u0151nek a b\u00fcntet\u00e9s\u00e9t, aki sz\u00edven sz\u00farta f\u00e9rj\u00e9t Tokodon. A joger\u0151s \u00edt\u00e9let szerint a h\u00e1zasp\u00e1r rossz szoci\u00e1lis k\u00f6r\u00fclm\u00e9nyek k\u00f6z\u00f6tt \u00e9lt, rendszeresen alkoholiz\u00e1lt, sokat veszekedett. A n\u0151nek a kor\u00e1bbi kapcsolataib\u00f3l n\u00e9gy, a f\u00e9rj\u00e9t\u0151l kett\u0151 gyermeke sz\u00fcletett. A n\u0151t n\u00e9h\u00e1ny \u00e9vvel ezel\u0151tt m\u00e1r joger\u0151sen el\u00edt\u00e9lt\u00e9k, mivel egy vita sor\u00e1n a<\/p>\n","protected":false},"author":1,"featured_media":22005,"comment_status":"closed","ping_status":"closed","sticky":false,"template":"","format":"standard","meta":{"ngg_post_thumbnail":0,"footnotes":""},"categories":[3,39,6],"tags":[1042,899,61,12,326],"class_list":{"0":"post-47624","1":"post","2":"type-post","3":"status-publish","4":"format-standard","5":"has-post-thumbnail","7":"category-hirek","8":"category-kek-hirek","9":"category-tokod","10":"tag-birosag","11":"tag-gyilkossag","12":"tag-rendorsegi-hirek","13":"tag-tokod","14":"tag-ugyeszseg"},"yoast_head":"<!-- This site is optimized with the Yoast SEO plugin v27.5 - https:\/\/yoast.com\/product\/yoast-seo-wordpress\/ -->\n<title>S\u00falyos\u00edtott\u00e1k a tokodi f\u00e9rjgyilkos b\u00fcntet\u00e9s\u00e9t<\/title>\n<meta name=\"robots\" content=\"index, follow, max-snippet:-1, max-image-preview:large, max-video-preview:-1\" \/>\n<link rel=\"canonical\" href=\"https:\/\/dorogimedence.hu\/index.php\/2022\/10\/25\/sulyositottak-a-tokodi-ferjgyilkos-bunteteset\/\" class=\"yoast-seo-meta-tag\" \/>\n<meta property=\"og:locale\" content=\"hu_HU\" class=\"yoast-seo-meta-tag\" \/>\n<meta property=\"og:type\" content=\"article\" class=\"yoast-seo-meta-tag\" \/>\n<meta property=\"og:title\" content=\"S\u00falyos\u00edtott\u00e1k a tokodi f\u00e9rjgyilkos b\u00fcntet\u00e9s\u00e9t\" class=\"yoast-seo-meta-tag\" \/>\n<meta property=\"og:description\" content=\"A Gy\u0151ri \u00cdt\u00e9l\u0151t\u00e1bla 10 \u00e9vre s\u00falyos\u00edtotta annak a n\u0151nek a b\u00fcntet\u00e9s\u00e9t, aki sz\u00edven sz\u00farta f\u00e9rj\u00e9t Tokodon. A joger\u0151s \u00edt\u00e9let szerint a h\u00e1zasp\u00e1r rossz szoci\u00e1lis k\u00f6r\u00fclm\u00e9nyek k\u00f6z\u00f6tt \u00e9lt, rendszeresen alkoholiz\u00e1lt, sokat veszekedett. A n\u0151nek a kor\u00e1bbi kapcsolataib\u00f3l n\u00e9gy, a f\u00e9rj\u00e9t\u0151l kett\u0151 gyermeke sz\u00fcletett. A n\u0151t n\u00e9h\u00e1ny \u00e9vvel ezel\u0151tt m\u00e1r joger\u0151sen el\u00edt\u00e9lt\u00e9k, mivel egy vita sor\u00e1n a\" class=\"yoast-seo-meta-tag\" \/>\n<meta property=\"og:url\" content=\"https:\/\/dorogimedence.hu\/index.php\/2022\/10\/25\/sulyositottak-a-tokodi-ferjgyilkos-bunteteset\/\" class=\"yoast-seo-meta-tag\" \/>\n<meta property=\"og:site_name\" content=\"Dorogi-medence Region\u00e1lis H\u00edrport\u00e1l\" class=\"yoast-seo-meta-tag\" \/>\n<meta property=\"article:publisher\" content=\"https:\/\/www.facebook.com\/dorogimedence\/\" class=\"yoast-seo-meta-tag\" \/>\n<meta property=\"article:published_time\" content=\"2022-10-25T12:31:18+00:00\" class=\"yoast-seo-meta-tag\" \/>\n<meta property=\"article:modified_time\" content=\"2022-10-25T12:31:32+00:00\" class=\"yoast-seo-meta-tag\" \/>\n<meta property=\"og:image\" content=\"https:\/\/dorogimedence.hu\/wp-content\/uploads\/2020\/01\/keseles.jpg\" class=\"yoast-seo-meta-tag\" \/>\n\t<meta property=\"og:image:width\" content=\"670\" class=\"yoast-seo-meta-tag\" \/>\n\t<meta property=\"og:image:height\" content=\"365\" class=\"yoast-seo-meta-tag\" \/>\n\t<meta property=\"og:image:type\" content=\"image\/jpeg\" class=\"yoast-seo-meta-tag\" \/>\n<meta name=\"author\" content=\"dorogimedence.hu\" class=\"yoast-seo-meta-tag\" \/>\n<meta name=\"twitter:card\" content=\"summary_large_image\" class=\"yoast-seo-meta-tag\" \/>\n<meta name=\"twitter:label1\" content=\"Szerz\u0151:\" class=\"yoast-seo-meta-tag\" \/>\n\t<meta name=\"twitter:data1\" content=\"dorogimedence.hu\" class=\"yoast-seo-meta-tag\" \/>\n\t<meta name=\"twitter:label2\" content=\"Becs\u00fclt olvas\u00e1si id\u0151\" class=\"yoast-seo-meta-tag\" \/>\n\t<meta name=\"twitter:data2\" content=\"2 perc\" class=\"yoast-seo-meta-tag\" \/>\n<script type=\"application\/ld+json\" class=\"yoast-schema-graph\">{\"@context\":\"https:\\\/\\\/schema.org\",\"@graph\":[{\"@type\":\"Article\",\"@id\":\"https:\\\/\\\/dorogimedence.hu\\\/index.php\\\/2022\\\/10\\\/25\\\/sulyositottak-a-tokodi-ferjgyilkos-bunteteset\\\/#article\",\"isPartOf\":{\"@id\":\"https:\\\/\\\/dorogimedence.hu\\\/index.php\\\/2022\\\/10\\\/25\\\/sulyositottak-a-tokodi-ferjgyilkos-bunteteset\\\/\"},\"author\":{\"name\":\"dorogimedence.hu\",\"@id\":\"https:\\\/\\\/dorogimedence.hu\\\/#\\\/schema\\\/person\\\/ce6091eeb7e95ecdc87890d6aa8e0fd4\"},\"headline\":\"S\u00falyos\u00edtott\u00e1k a tokodi f\u00e9rjgyilkos b\u00fcntet\u00e9s\u00e9t\",\"datePublished\":\"2022-10-25T12:31:18+00:00\",\"dateModified\":\"2022-10-25T12:31:32+00:00\",\"mainEntityOfPage\":{\"@id\":\"https:\\\/\\\/dorogimedence.hu\\\/index.php\\\/2022\\\/10\\\/25\\\/sulyositottak-a-tokodi-ferjgyilkos-bunteteset\\\/\"},\"wordCount\":338,\"publisher\":{\"@id\":\"https:\\\/\\\/dorogimedence.hu\\\/#organization\"},\"image\":{\"@id\":\"https:\\\/\\\/dorogimedence.hu\\\/index.php\\\/2022\\\/10\\\/25\\\/sulyositottak-a-tokodi-ferjgyilkos-bunteteset\\\/#primaryimage\"},\"thumbnailUrl\":\"https:\\\/\\\/dorogimedence.hu\\\/wp-content\\\/uploads\\\/2020\\\/01\\\/keseles.jpg\",\"keywords\":[\"b\u00edr\u00f3s\u00e1g\",\"gyilkoss\u00e1g\",\"rend\u0151rs\u00e9gi h\u00edrek\",\"Tokod\",\"\u00fcgy\u00e9szs\u00e9g\"],\"articleSection\":[\"H\u00edrek\",\"K\u00e9k h\u00edrek\",\"Tokod\"],\"inLanguage\":\"hu\"},{\"@type\":\"WebPage\",\"@id\":\"https:\\\/\\\/dorogimedence.hu\\\/index.php\\\/2022\\\/10\\\/25\\\/sulyositottak-a-tokodi-ferjgyilkos-bunteteset\\\/\",\"url\":\"https:\\\/\\\/dorogimedence.hu\\\/index.php\\\/2022\\\/10\\\/25\\\/sulyositottak-a-tokodi-ferjgyilkos-bunteteset\\\/\",\"name\":\"S\u00falyos\u00edtott\u00e1k a tokodi f\u00e9rjgyilkos b\u00fcntet\u00e9s\u00e9t\",\"isPartOf\":{\"@id\":\"https:\\\/\\\/dorogimedence.hu\\\/#website\"},\"primaryImageOfPage\":{\"@id\":\"https:\\\/\\\/dorogimedence.hu\\\/index.php\\\/2022\\\/10\\\/25\\\/sulyositottak-a-tokodi-ferjgyilkos-bunteteset\\\/#primaryimage\"},\"image\":{\"@id\":\"https:\\\/\\\/dorogimedence.hu\\\/index.php\\\/2022\\\/10\\\/25\\\/sulyositottak-a-tokodi-ferjgyilkos-bunteteset\\\/#primaryimage\"},\"thumbnailUrl\":\"https:\\\/\\\/dorogimedence.hu\\\/wp-content\\\/uploads\\\/2020\\\/01\\\/keseles.jpg\",\"datePublished\":\"2022-10-25T12:31:18+00:00\",\"dateModified\":\"2022-10-25T12:31:32+00:00\",\"breadcrumb\":{\"@id\":\"https:\\\/\\\/dorogimedence.hu\\\/index.php\\\/2022\\\/10\\\/25\\\/sulyositottak-a-tokodi-ferjgyilkos-bunteteset\\\/#breadcrumb\"},\"inLanguage\":\"hu\",\"potentialAction\":[{\"@type\":\"ReadAction\",\"target\":[\"https:\\\/\\\/dorogimedence.hu\\\/index.php\\\/2022\\\/10\\\/25\\\/sulyositottak-a-tokodi-ferjgyilkos-bunteteset\\\/\"]}]},{\"@type\":\"ImageObject\",\"inLanguage\":\"hu\",\"@id\":\"https:\\\/\\\/dorogimedence.hu\\\/index.php\\\/2022\\\/10\\\/25\\\/sulyositottak-a-tokodi-ferjgyilkos-bunteteset\\\/#primaryimage\",\"url\":\"https:\\\/\\\/dorogimedence.hu\\\/wp-content\\\/uploads\\\/2020\\\/01\\\/keseles.jpg\",\"contentUrl\":\"https:\\\/\\\/dorogimedence.hu\\\/wp-content\\\/uploads\\\/2020\\\/01\\\/keseles.jpg\",\"width\":670,\"height\":365},{\"@type\":\"BreadcrumbList\",\"@id\":\"https:\\\/\\\/dorogimedence.hu\\\/index.php\\\/2022\\\/10\\\/25\\\/sulyositottak-a-tokodi-ferjgyilkos-bunteteset\\\/#breadcrumb\",\"itemListElement\":[{\"@type\":\"ListItem\",\"position\":1,\"name\":\"Kezd\u0151lap\",\"item\":\"https:\\\/\\\/dorogimedence.hu\\\/\"},{\"@type\":\"ListItem\",\"position\":2,\"name\":\"S\u00falyos\u00edtott\u00e1k a tokodi f\u00e9rjgyilkos b\u00fcntet\u00e9s\u00e9t\"}]},{\"@type\":\"WebSite\",\"@id\":\"https:\\\/\\\/dorogimedence.hu\\\/#website\",\"url\":\"https:\\\/\\\/dorogimedence.hu\\\/\",\"name\":\"Dorogi-medence Region\u00e1lis H\u00edrport\u00e1l\",\"description\":\"Dorog, Keszt\u00f6lc, Le\u00e1nyv\u00e1r, Piliscs\u00e9v, Tokod, Tokodalt\u00e1r\u00f3, Csolnok, Esztergom-kertv\u00e1ros: h\u00edrek, programok\",\"publisher\":{\"@id\":\"https:\\\/\\\/dorogimedence.hu\\\/#organization\"},\"potentialAction\":[{\"@type\":\"SearchAction\",\"target\":{\"@type\":\"EntryPoint\",\"urlTemplate\":\"https:\\\/\\\/dorogimedence.hu\\\/?s={search_term_string}\"},\"query-input\":{\"@type\":\"PropertyValueSpecification\",\"valueRequired\":true,\"valueName\":\"search_term_string\"}}],\"inLanguage\":\"hu\"},{\"@type\":\"Organization\",\"@id\":\"https:\\\/\\\/dorogimedence.hu\\\/#organization\",\"name\":\"Dorogi-medence Region\u00e1lis H\u00edrport\u00e1l\",\"url\":\"https:\\\/\\\/dorogimedence.hu\\\/\",\"logo\":{\"@type\":\"ImageObject\",\"inLanguage\":\"hu\",\"@id\":\"https:\\\/\\\/dorogimedence.hu\\\/#\\\/schema\\\/logo\\\/image\\\/\",\"url\":\"https:\\\/\\\/dorogimedence.hu\\\/wp-content\\\/uploads\\\/2021\\\/04\\\/logo-feher-600.png\",\"contentUrl\":\"https:\\\/\\\/dorogimedence.hu\\\/wp-content\\\/uploads\\\/2021\\\/04\\\/logo-feher-600.png\",\"width\":600,\"height\":100,\"caption\":\"Dorogi-medence Region\u00e1lis H\u00edrport\u00e1l\"},\"image\":{\"@id\":\"https:\\\/\\\/dorogimedence.hu\\\/#\\\/schema\\\/logo\\\/image\\\/\"},\"sameAs\":[\"https:\\\/\\\/www.facebook.com\\\/dorogimedence\\\/\"]},{\"@type\":\"Person\",\"@id\":\"https:\\\/\\\/dorogimedence.hu\\\/#\\\/schema\\\/person\\\/ce6091eeb7e95ecdc87890d6aa8e0fd4\",\"name\":\"dorogimedence.hu\",\"image\":{\"@type\":\"ImageObject\",\"inLanguage\":\"hu\",\"@id\":\"\\\/\\\/www.gravatar.com\\\/avatar\\\/d8d45f8901aadff40a4af72c0b826f1d?s=96&#038;r=g&#038;d=mm\",\"url\":\"\\\/\\\/www.gravatar.com\\\/avatar\\\/d8d45f8901aadff40a4af72c0b826f1d?s=96&#038;r=g&#038;d=mm\",\"contentUrl\":\"\\\/\\\/www.gravatar.com\\\/avatar\\\/d8d45f8901aadff40a4af72c0b826f1d?s=96&#038;r=g&#038;d=mm\",\"caption\":\"dorogimedence.hu\"}}]}<\/script>\n<!-- \/ Yoast SEO plugin. -->","yoast_head_json":{"title":"S\u00falyos\u00edtott\u00e1k a tokodi f\u00e9rjgyilkos b\u00fcntet\u00e9s\u00e9t","robots":{"index":"index","follow":"follow","max-snippet":"max-snippet:-1","max-image-preview":"max-image-preview:large","max-video-preview":"max-video-preview:-1"},"canonical":"https:\/\/dorogimedence.hu\/index.php\/2022\/10\/25\/sulyositottak-a-tokodi-ferjgyilkos-bunteteset\/","og_locale":"hu_HU","og_type":"article","og_title":"S\u00falyos\u00edtott\u00e1k a tokodi f\u00e9rjgyilkos b\u00fcntet\u00e9s\u00e9t","og_description":"A Gy\u0151ri \u00cdt\u00e9l\u0151t\u00e1bla 10 \u00e9vre s\u00falyos\u00edtotta annak a n\u0151nek a b\u00fcntet\u00e9s\u00e9t, aki sz\u00edven sz\u00farta f\u00e9rj\u00e9t Tokodon. A joger\u0151s \u00edt\u00e9let szerint a h\u00e1zasp\u00e1r rossz szoci\u00e1lis k\u00f6r\u00fclm\u00e9nyek k\u00f6z\u00f6tt \u00e9lt, rendszeresen alkoholiz\u00e1lt, sokat veszekedett. A n\u0151nek a kor\u00e1bbi kapcsolataib\u00f3l n\u00e9gy, a f\u00e9rj\u00e9t\u0151l kett\u0151 gyermeke sz\u00fcletett. A n\u0151t n\u00e9h\u00e1ny \u00e9vvel ezel\u0151tt m\u00e1r joger\u0151sen el\u00edt\u00e9lt\u00e9k, mivel egy vita sor\u00e1n a","og_url":"https:\/\/dorogimedence.hu\/index.php\/2022\/10\/25\/sulyositottak-a-tokodi-ferjgyilkos-bunteteset\/","og_site_name":"Dorogi-medence Region\u00e1lis H\u00edrport\u00e1l","article_publisher":"https:\/\/www.facebook.com\/dorogimedence\/","article_published_time":"2022-10-25T12:31:18+00:00","article_modified_time":"2022-10-25T12:31:32+00:00","og_image":[{"width":670,"height":365,"url":"https:\/\/dorogimedence.hu\/wp-content\/uploads\/2020\/01\/keseles.jpg","type":"image\/jpeg"}],"author":"dorogimedence.hu","twitter_card":"summary_large_image","twitter_misc":{"Szerz\u0151:":"dorogimedence.hu","Becs\u00fclt olvas\u00e1si id\u0151":"2 perc"},"schema":{"@context":"https:\/\/schema.org","@graph":[{"@type":"Article","@id":"https:\/\/dorogimedence.hu\/index.php\/2022\/10\/25\/sulyositottak-a-tokodi-ferjgyilkos-bunteteset\/#article","isPartOf":{"@id":"https:\/\/dorogimedence.hu\/index.php\/2022\/10\/25\/sulyositottak-a-tokodi-ferjgyilkos-bunteteset\/"},"author":{"name":"dorogimedence.hu","@id":"https:\/\/dorogimedence.hu\/#\/schema\/person\/ce6091eeb7e95ecdc87890d6aa8e0fd4"},"headline":"S\u00falyos\u00edtott\u00e1k a tokodi f\u00e9rjgyilkos b\u00fcntet\u00e9s\u00e9t","datePublished":"2022-10-25T12:31:18+00:00","dateModified":"2022-10-25T12:31:32+00:00","mainEntityOfPage":{"@id":"https:\/\/dorogimedence.hu\/index.php\/2022\/10\/25\/sulyositottak-a-tokodi-ferjgyilkos-bunteteset\/"},"wordCount":338,"publisher":{"@id":"https:\/\/dorogimedence.hu\/#organization"},"image":{"@id":"https:\/\/dorogimedence.hu\/index.php\/2022\/10\/25\/sulyositottak-a-tokodi-ferjgyilkos-bunteteset\/#primaryimage"},"thumbnailUrl":"https:\/\/dorogimedence.hu\/wp-content\/uploads\/2020\/01\/keseles.jpg","keywords":["b\u00edr\u00f3s\u00e1g","gyilkoss\u00e1g","rend\u0151rs\u00e9gi h\u00edrek","Tokod","\u00fcgy\u00e9szs\u00e9g"],"articleSection":["H\u00edrek","K\u00e9k h\u00edrek","Tokod"],"inLanguage":"hu"},{"@type":"WebPage","@id":"https:\/\/dorogimedence.hu\/index.php\/2022\/10\/25\/sulyositottak-a-tokodi-ferjgyilkos-bunteteset\/","url":"https:\/\/dorogimedence.hu\/index.php\/2022\/10\/25\/sulyositottak-a-tokodi-ferjgyilkos-bunteteset\/","name":"S\u00falyos\u00edtott\u00e1k a tokodi f\u00e9rjgyilkos b\u00fcntet\u00e9s\u00e9t","isPartOf":{"@id":"https:\/\/dorogimedence.hu\/#website"},"primaryImageOfPage":{"@id":"https:\/\/dorogimedence.hu\/index.php\/2022\/10\/25\/sulyositottak-a-tokodi-ferjgyilkos-bunteteset\/#primaryimage"},"image":{"@id":"https:\/\/dorogimedence.hu\/index.php\/2022\/10\/25\/sulyositottak-a-tokodi-ferjgyilkos-bunteteset\/#primaryimage"},"thumbnailUrl":"https:\/\/dorogimedence.hu\/wp-content\/uploads\/2020\/01\/keseles.jpg","datePublished":"2022-10-25T12:31:18+00:00","dateModified":"2022-10-25T12:31:32+00:00","breadcrumb":{"@id":"https:\/\/dorogimedence.hu\/index.php\/2022\/10\/25\/sulyositottak-a-tokodi-ferjgyilkos-bunteteset\/#breadcrumb"},"inLanguage":"hu","potentialAction":[{"@type":"ReadAction","target":["https:\/\/dorogimedence.hu\/index.php\/2022\/10\/25\/sulyositottak-a-tokodi-ferjgyilkos-bunteteset\/"]}]},{"@type":"ImageObject","inLanguage":"hu","@id":"https:\/\/dorogimedence.hu\/index.php\/2022\/10\/25\/sulyositottak-a-tokodi-ferjgyilkos-bunteteset\/#primaryimage","url":"https:\/\/dorogimedence.hu\/wp-content\/uploads\/2020\/01\/keseles.jpg","contentUrl":"https:\/\/dorogimedence.hu\/wp-content\/uploads\/2020\/01\/keseles.jpg","width":670,"height":365},{"@type":"BreadcrumbList","@id":"https:\/\/dorogimedence.hu\/index.php\/2022\/10\/25\/sulyositottak-a-tokodi-ferjgyilkos-bunteteset\/#breadcrumb","itemListElement":[{"@type":"ListItem","position":1,"name":"Kezd\u0151lap","item":"https:\/\/dorogimedence.hu\/"},{"@type":"ListItem","position":2,"name":"S\u00falyos\u00edtott\u00e1k a tokodi f\u00e9rjgyilkos b\u00fcntet\u00e9s\u00e9t"}]},{"@type":"WebSite","@id":"https:\/\/dorogimedence.hu\/#website","url":"https:\/\/dorogimedence.hu\/","name":"Dorogi-medence Region\u00e1lis H\u00edrport\u00e1l","description":"Dorog, Keszt\u00f6lc, Le\u00e1nyv\u00e1r, Piliscs\u00e9v, Tokod, Tokodalt\u00e1r\u00f3, Csolnok, Esztergom-kertv\u00e1ros: h\u00edrek, programok","publisher":{"@id":"https:\/\/dorogimedence.hu\/#organization"},"potentialAction":[{"@type":"SearchAction","target":{"@type":"EntryPoint","urlTemplate":"https:\/\/dorogimedence.hu\/?s={search_term_string}"},"query-input":{"@type":"PropertyValueSpecification","valueRequired":true,"valueName":"search_term_string"}}],"inLanguage":"hu"},{"@type":"Organization","@id":"https:\/\/dorogimedence.hu\/#organization","name":"Dorogi-medence Region\u00e1lis H\u00edrport\u00e1l","url":"https:\/\/dorogimedence.hu\/","logo":{"@type":"ImageObject","inLanguage":"hu","@id":"https:\/\/dorogimedence.hu\/#\/schema\/logo\/image\/","url":"https:\/\/dorogimedence.hu\/wp-content\/uploads\/2021\/04\/logo-feher-600.png","contentUrl":"https:\/\/dorogimedence.hu\/wp-content\/uploads\/2021\/04\/logo-feher-600.png","width":600,"height":100,"caption":"Dorogi-medence Region\u00e1lis H\u00edrport\u00e1l"},"image":{"@id":"https:\/\/dorogimedence.hu\/#\/schema\/logo\/image\/"},"sameAs":["https:\/\/www.facebook.com\/dorogimedence\/"]},{"@type":"Person","@id":"https:\/\/dorogimedence.hu\/#\/schema\/person\/ce6091eeb7e95ecdc87890d6aa8e0fd4","name":"dorogimedence.hu","image":{"@type":"ImageObject","inLanguage":"hu","@id":"\/\/www.gravatar.com\/avatar\/d8d45f8901aadff40a4af72c0b826f1d?s=96&#038;r=g&#038;d=mm","url":"\/\/www.gravatar.com\/avatar\/d8d45f8901aadff40a4af72c0b826f1d?s=96&#038;r=g&#038;d=mm","contentUrl":"\/\/www.gravatar.com\/avatar\/d8d45f8901aadff40a4af72c0b826f1d?s=96&#038;r=g&#038;d=mm","caption":"dorogimedence.hu"}}]}},"_links":{"self":[{"href":"https:\/\/dorogimedence.hu\/index.php\/wp-json\/wp\/v2\/posts\/47624","targetHints":{"allow":["GET"]}}],"collection":[{"href":"https:\/\/dorogimedence.hu\/index.php\/wp-json\/wp\/v2\/posts"}],"about":[{"href":"https:\/\/dorogimedence.hu\/index.php\/wp-json\/wp\/v2\/types\/post"}],"author":[{"embeddable":true,"href":"https:\/\/dorogimedence.hu\/index.php\/wp-json\/wp\/v2\/users\/1"}],"replies":[{"embeddable":true,"href":"https:\/\/dorogimedence.hu\/index.php\/wp-json\/wp\/v2\/comments?post=47624"}],"version-history":[{"count":0,"href":"https:\/\/dorogimedence.hu\/index.php\/wp-json\/wp\/v2\/posts\/47624\/revisions"}],"wp:featuredmedia":[{"embeddable":true,"href":"https:\/\/dorogimedence.hu\/index.php\/wp-json\/wp\/v2\/media\/22005"}],"wp:attachment":[{"href":"https:\/\/dorogimedence.hu\/index.php\/wp-json\/wp\/v2\/media?parent=47624"}],"wp:term":[{"taxonomy":"category","embeddable":true,"href":"https:\/\/dorogimedence.hu\/index.php\/wp-json\/wp\/v2\/categories?post=47624"},{"taxonomy":"post_tag","embeddable":true,"href":"https:\/\/dorogimedence.hu\/index.php\/wp-json\/wp\/v2\/tags?post=47624"}],"curies":[{"name":"wp","href":"https:\/\/api.w.org\/{rel}","templated":true}]}}