{"id":47595,"date":"2022-10-24T16:50:29","date_gmt":"2022-10-24T14:50:29","guid":{"rendered":"https:\/\/dorogimedence.hu\/?p=47595"},"modified":"2022-10-24T16:51:16","modified_gmt":"2022-10-24T14:51:16","slug":"nem-fizette-ki-a-munkabert-okollel-utottek-a-strandon","status":"publish","type":"post","link":"https:\/\/dorogimedence.hu\/index.php\/2022\/10\/24\/nem-fizette-ki-a-munkabert-okollel-utottek-a-strandon\/","title":{"rendered":"Nem fizette ki a munkab\u00e9rt, \u00f6k\u00f6llel \u00fct\u00f6tt\u00e9k a strandon"},"content":{"rendered":"<p><strong>Felf\u00fcggesztett b\u00f6rt\u00f6nb\u00fcntet\u00e9sre \u00edt\u00e9lt\u00e9k azokat a f\u00e9rfiakat, akik az\u00e9rt vertek meg egy szem\u00e9lyt a Palatinus-t\u00f3 partj\u00e1n, mert egyik\u00fcknek nem fizette ki a teljes munkab\u00e9r\u00e9t.<\/strong><\/p>\n<p>A meg\u00e1llap\u00edtott t\u00e9ny\u00e1ll\u00e1s szerint k\u00e9t f\u00e9rfi (testv\u00e9rek) 2021. j\u00fanius 10. \u00e9s j\u00fanius 22. napja k\u00f6z\u00f6tt n\u00e9h\u00e1ny napot seg\u00e9dmunk\u00e1sk\u00e9nt dolgoztak a s\u00e9rtettn\u00e9l, aki nem fizette ki egyik\u00fck teljes b\u00e9r\u00e9t.<\/p>\n<p>A s\u00e9rtett 2021. j\u00fanius 26-\u00e1n az esztergom-kertv\u00e1rosi Palatinus-t\u00f3 partj\u00e1n tart\u00f3zkodott, amikor a testv\u00e9rek \u00e9s egy harmadik f\u00e9rfi megjelentek a strandon \u00e9s sz\u00e1mon k\u00e9rt\u00e9k, hogy mi\u00e9rt nem fizette ki a munkab\u00e9rt. K\u00f6z\u00f6lt\u00e9k a s\u00e9rtettel, hogy \u201ekell a p\u00e9nz\u201d, majd, hogy nem \u00e9rdekli \u0151ket hogyan, de a ledolgozott munka ut\u00e1n j\u00e1r\u00f3 b\u00e9rt fizesse ki. A s\u00e9rtett pr\u00f3b\u00e1lta elmagyar\u00e1zni, hogy mi\u00e9rt nem fizetett, azonban az egyik v\u00e1dlott \u00f6k\u00f6llel arcon \u00fct\u00f6tte \u0151t, melynek k\u00f6vetkezt\u00e9ben elesett, majd miut\u00e1n fel\u00e1llt, a m\u00e1sik v\u00e1dlott is \u00f6k\u00f6llel arcon \u00fct\u00f6tte. A v\u00e1dlottak magatart\u00e1sa k\u00f6vetkezt\u00e9ben a s\u00e9rtett arccsontja elt\u00f6r\u00f6tt.<\/p>\n<p>Az Esztergomi J\u00e1r\u00e1sb\u00edr\u00f3s\u00e1g a 2022. okt\u00f3ber 24. napj\u00e1n tartott el\u0151k\u00e9sz\u00edt\u0151 \u00fcl\u00e9sen, \u00f6nb\u00edr\u00e1skod\u00e1s b\u0171ntett\u00e9nek k\u00eds\u00e9rlete \u00e9s s\u00falyos testi s\u00e9rt\u00e9s b\u0171ntette miatt indult \u00fcgyben hozott \u00edt\u00e9letet. A b\u00edr\u00f3s\u00e1g t\u00e1rstettesk\u00e9nt elk\u00f6vetett \u00f6nb\u00edr\u00e1skod\u00e1s b\u0171ntett\u00e9nek k\u00eds\u00e9rlete, valamint t\u00e1rstettesk\u00e9nt elk\u00f6vetett testi s\u00e9rt\u00e9s b\u0171ntette miatt az egyik f\u00e9rfit 1 \u00e9v 6 h\u00f3nap, v\u00e9grehajt\u00e1s\u00e1ban 2 \u00e9v 6 h\u00f3napra felf\u00fcggesztett b\u00f6rt\u00f6nb\u00fcntet\u00e9sre, a m\u00e1sik f\u00e9rfit 2 \u00e9v, v\u00e9grehajt\u00e1s\u00e1ban 3 \u00e9vre felf\u00fcggesztett b\u00f6rt\u00f6nb\u00fcntet\u00e9sre \u00edt\u00e9lte. <em>Az els\u0151fok\u00fa \u00edt\u00e9letet&nbsp;az \u00fcgy\u00e9sz, a v\u00e1dlottak \u00e9s v\u00e9d\u0151k tudom\u00e1sul vett\u00e9k, \u00edgy az joger\u0151s.<\/em><\/p>\n<p><em>Forr\u00e1s: Kom\u00e1rom-Esztergom Megyei F\u0151\u00fcgy\u00e9szs\u00e9g \/ Tatab\u00e1nyai T\u00f6rv\u00e9nysz\u00e9k<\/em><\/p>\n","protected":false},"excerpt":{"rendered":"<p>Felf\u00fcggesztett b\u00f6rt\u00f6nb\u00fcntet\u00e9sre \u00edt\u00e9lt\u00e9k azokat a f\u00e9rfiakat, akik az\u00e9rt vertek meg egy szem\u00e9lyt a Palatinus-t\u00f3 partj\u00e1n, mert egyik\u00fcknek nem fizette ki a teljes munkab\u00e9r\u00e9t. A meg\u00e1llap\u00edtott t\u00e9ny\u00e1ll\u00e1s szerint k\u00e9t f\u00e9rfi (testv\u00e9rek) 2021. j\u00fanius 10. \u00e9s j\u00fanius 22. napja k\u00f6z\u00f6tt n\u00e9h\u00e1ny napot seg\u00e9dmunk\u00e1sk\u00e9nt dolgoztak a s\u00e9rtettn\u00e9l, aki nem fizette ki egyik\u00fck teljes b\u00e9r\u00e9t. A s\u00e9rtett 2021. j\u00fanius<\/p>\n","protected":false},"author":1,"featured_media":0,"comment_status":"closed","ping_status":"closed","sticky":false,"template":"","format":"standard","meta":{"ngg_post_thumbnail":0,"footnotes":""},"categories":[38,7,3,39],"tags":[712,1042,63,42,169,2613,36,61,326],"class_list":{"0":"post-47595","1":"post","2":"type-post","3":"status-publish","4":"format-standard","6":"category-esztergom","7":"category-esztergom_kertvaros","8":"category-hirek","9":"category-kek-hirek","10":"tag-bantalmazas","11":"tag-birosag","12":"tag-buncselekmeny","13":"tag-esztergom","14":"tag-esztergom-kertvaros","15":"tag-onbiraskodas","16":"tag-palatinus-to","17":"tag-rendorsegi-hirek","18":"tag-ugyeszseg"},"yoast_head":"<!-- This site is optimized with the Yoast SEO plugin v27.5 - https:\/\/yoast.com\/product\/yoast-seo-wordpress\/ -->\n<title>Nem fizette ki a munkab\u00e9rt, \u00f6k\u00f6llel \u00fct\u00f6tt\u00e9k a strandon<\/title>\n<meta name=\"robots\" content=\"index, follow, max-snippet:-1, max-image-preview:large, max-video-preview:-1\" \/>\n<link rel=\"canonical\" href=\"https:\/\/dorogimedence.hu\/index.php\/2022\/10\/24\/nem-fizette-ki-a-munkabert-okollel-utottek-a-strandon\/\" class=\"yoast-seo-meta-tag\" \/>\n<meta property=\"og:locale\" content=\"hu_HU\" class=\"yoast-seo-meta-tag\" \/>\n<meta property=\"og:type\" content=\"article\" class=\"yoast-seo-meta-tag\" \/>\n<meta property=\"og:title\" content=\"Nem fizette ki a munkab\u00e9rt, \u00f6k\u00f6llel \u00fct\u00f6tt\u00e9k a strandon\" class=\"yoast-seo-meta-tag\" \/>\n<meta property=\"og:description\" content=\"Felf\u00fcggesztett b\u00f6rt\u00f6nb\u00fcntet\u00e9sre \u00edt\u00e9lt\u00e9k azokat a f\u00e9rfiakat, akik az\u00e9rt vertek meg egy szem\u00e9lyt a Palatinus-t\u00f3 partj\u00e1n, mert egyik\u00fcknek nem fizette ki a teljes munkab\u00e9r\u00e9t. A meg\u00e1llap\u00edtott t\u00e9ny\u00e1ll\u00e1s szerint k\u00e9t f\u00e9rfi (testv\u00e9rek) 2021. j\u00fanius 10. \u00e9s j\u00fanius 22. napja k\u00f6z\u00f6tt n\u00e9h\u00e1ny napot seg\u00e9dmunk\u00e1sk\u00e9nt dolgoztak a s\u00e9rtettn\u00e9l, aki nem fizette ki egyik\u00fck teljes b\u00e9r\u00e9t. A s\u00e9rtett 2021. j\u00fanius\" class=\"yoast-seo-meta-tag\" \/>\n<meta property=\"og:url\" content=\"https:\/\/dorogimedence.hu\/index.php\/2022\/10\/24\/nem-fizette-ki-a-munkabert-okollel-utottek-a-strandon\/\" class=\"yoast-seo-meta-tag\" \/>\n<meta property=\"og:site_name\" content=\"Dorogi-medence Region\u00e1lis H\u00edrport\u00e1l\" class=\"yoast-seo-meta-tag\" \/>\n<meta property=\"article:publisher\" content=\"https:\/\/www.facebook.com\/dorogimedence\/\" class=\"yoast-seo-meta-tag\" \/>\n<meta property=\"article:published_time\" content=\"2022-10-24T14:50:29+00:00\" class=\"yoast-seo-meta-tag\" \/>\n<meta property=\"article:modified_time\" content=\"2022-10-24T14:51:16+00:00\" class=\"yoast-seo-meta-tag\" \/>\n<meta property=\"og:image\" content=\"https:\/\/dorogimedence.hu\/wp-content\/uploads\/2020\/11\/birosag-05.jpg\" class=\"yoast-seo-meta-tag\" \/>\n\t<meta property=\"og:image:width\" content=\"830\" class=\"yoast-seo-meta-tag\" \/>\n\t<meta property=\"og:image:height\" content=\"450\" class=\"yoast-seo-meta-tag\" \/>\n\t<meta property=\"og:image:type\" content=\"image\/jpeg\" class=\"yoast-seo-meta-tag\" \/>\n<meta name=\"author\" content=\"dorogimedence.hu\" class=\"yoast-seo-meta-tag\" \/>\n<meta name=\"twitter:card\" content=\"summary_large_image\" class=\"yoast-seo-meta-tag\" \/>\n<meta name=\"twitter:label1\" content=\"Szerz\u0151:\" class=\"yoast-seo-meta-tag\" \/>\n\t<meta name=\"twitter:data1\" content=\"dorogimedence.hu\" class=\"yoast-seo-meta-tag\" \/>\n\t<meta name=\"twitter:label2\" content=\"Becs\u00fclt olvas\u00e1si id\u0151\" class=\"yoast-seo-meta-tag\" \/>\n\t<meta name=\"twitter:data2\" content=\"2 perc\" class=\"yoast-seo-meta-tag\" \/>\n<script type=\"application\/ld+json\" class=\"yoast-schema-graph\">{\"@context\":\"https:\\\/\\\/schema.org\",\"@graph\":[{\"@type\":\"Article\",\"@id\":\"https:\\\/\\\/dorogimedence.hu\\\/index.php\\\/2022\\\/10\\\/24\\\/nem-fizette-ki-a-munkabert-okollel-utottek-a-strandon\\\/#article\",\"isPartOf\":{\"@id\":\"https:\\\/\\\/dorogimedence.hu\\\/index.php\\\/2022\\\/10\\\/24\\\/nem-fizette-ki-a-munkabert-okollel-utottek-a-strandon\\\/\"},\"author\":{\"name\":\"dorogimedence.hu\",\"@id\":\"https:\\\/\\\/dorogimedence.hu\\\/#\\\/schema\\\/person\\\/ce6091eeb7e95ecdc87890d6aa8e0fd4\"},\"headline\":\"Nem fizette ki a munkab\u00e9rt, \u00f6k\u00f6llel \u00fct\u00f6tt\u00e9k a strandon\",\"datePublished\":\"2022-10-24T14:50:29+00:00\",\"dateModified\":\"2022-10-24T14:51:16+00:00\",\"mainEntityOfPage\":{\"@id\":\"https:\\\/\\\/dorogimedence.hu\\\/index.php\\\/2022\\\/10\\\/24\\\/nem-fizette-ki-a-munkabert-okollel-utottek-a-strandon\\\/\"},\"wordCount\":387,\"publisher\":{\"@id\":\"https:\\\/\\\/dorogimedence.hu\\\/#organization\"},\"keywords\":[\"b\u00e1ntalmaz\u00e1s\",\"b\u00edr\u00f3s\u00e1g\",\"b\u0171ncselekm\u00e9ny\",\"esztergom\",\"Esztergom-kertv\u00e1ros\",\"\u00f6nb\u00edr\u00e1skod\u00e1s\",\"Palatinus-t\u00f3\",\"rend\u0151rs\u00e9gi h\u00edrek\",\"\u00fcgy\u00e9szs\u00e9g\"],\"articleSection\":[\"Esztergom\",\"Esztergom-kertv\u00e1ros\",\"H\u00edrek\",\"K\u00e9k h\u00edrek\"],\"inLanguage\":\"hu\"},{\"@type\":\"WebPage\",\"@id\":\"https:\\\/\\\/dorogimedence.hu\\\/index.php\\\/2022\\\/10\\\/24\\\/nem-fizette-ki-a-munkabert-okollel-utottek-a-strandon\\\/\",\"url\":\"https:\\\/\\\/dorogimedence.hu\\\/index.php\\\/2022\\\/10\\\/24\\\/nem-fizette-ki-a-munkabert-okollel-utottek-a-strandon\\\/\",\"name\":\"Nem fizette ki a munkab\u00e9rt, \u00f6k\u00f6llel \u00fct\u00f6tt\u00e9k a strandon\",\"isPartOf\":{\"@id\":\"https:\\\/\\\/dorogimedence.hu\\\/#website\"},\"datePublished\":\"2022-10-24T14:50:29+00:00\",\"dateModified\":\"2022-10-24T14:51:16+00:00\",\"breadcrumb\":{\"@id\":\"https:\\\/\\\/dorogimedence.hu\\\/index.php\\\/2022\\\/10\\\/24\\\/nem-fizette-ki-a-munkabert-okollel-utottek-a-strandon\\\/#breadcrumb\"},\"inLanguage\":\"hu\",\"potentialAction\":[{\"@type\":\"ReadAction\",\"target\":[\"https:\\\/\\\/dorogimedence.hu\\\/index.php\\\/2022\\\/10\\\/24\\\/nem-fizette-ki-a-munkabert-okollel-utottek-a-strandon\\\/\"]}]},{\"@type\":\"BreadcrumbList\",\"@id\":\"https:\\\/\\\/dorogimedence.hu\\\/index.php\\\/2022\\\/10\\\/24\\\/nem-fizette-ki-a-munkabert-okollel-utottek-a-strandon\\\/#breadcrumb\",\"itemListElement\":[{\"@type\":\"ListItem\",\"position\":1,\"name\":\"Kezd\u0151lap\",\"item\":\"https:\\\/\\\/dorogimedence.hu\\\/\"},{\"@type\":\"ListItem\",\"position\":2,\"name\":\"Nem fizette ki a munkab\u00e9rt, \u00f6k\u00f6llel \u00fct\u00f6tt\u00e9k a strandon\"}]},{\"@type\":\"WebSite\",\"@id\":\"https:\\\/\\\/dorogimedence.hu\\\/#website\",\"url\":\"https:\\\/\\\/dorogimedence.hu\\\/\",\"name\":\"Dorogi-medence Region\u00e1lis H\u00edrport\u00e1l\",\"description\":\"Dorog, Keszt\u00f6lc, Le\u00e1nyv\u00e1r, Piliscs\u00e9v, Tokod, Tokodalt\u00e1r\u00f3, Csolnok, Esztergom-kertv\u00e1ros: h\u00edrek, programok\",\"publisher\":{\"@id\":\"https:\\\/\\\/dorogimedence.hu\\\/#organization\"},\"potentialAction\":[{\"@type\":\"SearchAction\",\"target\":{\"@type\":\"EntryPoint\",\"urlTemplate\":\"https:\\\/\\\/dorogimedence.hu\\\/?s={search_term_string}\"},\"query-input\":{\"@type\":\"PropertyValueSpecification\",\"valueRequired\":true,\"valueName\":\"search_term_string\"}}],\"inLanguage\":\"hu\"},{\"@type\":\"Organization\",\"@id\":\"https:\\\/\\\/dorogimedence.hu\\\/#organization\",\"name\":\"Dorogi-medence Region\u00e1lis H\u00edrport\u00e1l\",\"url\":\"https:\\\/\\\/dorogimedence.hu\\\/\",\"logo\":{\"@type\":\"ImageObject\",\"inLanguage\":\"hu\",\"@id\":\"https:\\\/\\\/dorogimedence.hu\\\/#\\\/schema\\\/logo\\\/image\\\/\",\"url\":\"https:\\\/\\\/dorogimedence.hu\\\/wp-content\\\/uploads\\\/2021\\\/04\\\/logo-feher-600.png\",\"contentUrl\":\"https:\\\/\\\/dorogimedence.hu\\\/wp-content\\\/uploads\\\/2021\\\/04\\\/logo-feher-600.png\",\"width\":600,\"height\":100,\"caption\":\"Dorogi-medence Region\u00e1lis H\u00edrport\u00e1l\"},\"image\":{\"@id\":\"https:\\\/\\\/dorogimedence.hu\\\/#\\\/schema\\\/logo\\\/image\\\/\"},\"sameAs\":[\"https:\\\/\\\/www.facebook.com\\\/dorogimedence\\\/\"]},{\"@type\":\"Person\",\"@id\":\"https:\\\/\\\/dorogimedence.hu\\\/#\\\/schema\\\/person\\\/ce6091eeb7e95ecdc87890d6aa8e0fd4\",\"name\":\"dorogimedence.hu\",\"image\":{\"@type\":\"ImageObject\",\"inLanguage\":\"hu\",\"@id\":\"\\\/\\\/www.gravatar.com\\\/avatar\\\/d8d45f8901aadff40a4af72c0b826f1d?s=96&#038;r=g&#038;d=mm\",\"url\":\"\\\/\\\/www.gravatar.com\\\/avatar\\\/d8d45f8901aadff40a4af72c0b826f1d?s=96&#038;r=g&#038;d=mm\",\"contentUrl\":\"\\\/\\\/www.gravatar.com\\\/avatar\\\/d8d45f8901aadff40a4af72c0b826f1d?s=96&#038;r=g&#038;d=mm\",\"caption\":\"dorogimedence.hu\"}}]}<\/script>\n<!-- \/ Yoast SEO plugin. -->","yoast_head_json":{"title":"Nem fizette ki a munkab\u00e9rt, \u00f6k\u00f6llel \u00fct\u00f6tt\u00e9k a strandon","robots":{"index":"index","follow":"follow","max-snippet":"max-snippet:-1","max-image-preview":"max-image-preview:large","max-video-preview":"max-video-preview:-1"},"canonical":"https:\/\/dorogimedence.hu\/index.php\/2022\/10\/24\/nem-fizette-ki-a-munkabert-okollel-utottek-a-strandon\/","og_locale":"hu_HU","og_type":"article","og_title":"Nem fizette ki a munkab\u00e9rt, \u00f6k\u00f6llel \u00fct\u00f6tt\u00e9k a strandon","og_description":"Felf\u00fcggesztett b\u00f6rt\u00f6nb\u00fcntet\u00e9sre \u00edt\u00e9lt\u00e9k azokat a f\u00e9rfiakat, akik az\u00e9rt vertek meg egy szem\u00e9lyt a Palatinus-t\u00f3 partj\u00e1n, mert egyik\u00fcknek nem fizette ki a teljes munkab\u00e9r\u00e9t. A meg\u00e1llap\u00edtott t\u00e9ny\u00e1ll\u00e1s szerint k\u00e9t f\u00e9rfi (testv\u00e9rek) 2021. j\u00fanius 10. \u00e9s j\u00fanius 22. napja k\u00f6z\u00f6tt n\u00e9h\u00e1ny napot seg\u00e9dmunk\u00e1sk\u00e9nt dolgoztak a s\u00e9rtettn\u00e9l, aki nem fizette ki egyik\u00fck teljes b\u00e9r\u00e9t. A s\u00e9rtett 2021. j\u00fanius","og_url":"https:\/\/dorogimedence.hu\/index.php\/2022\/10\/24\/nem-fizette-ki-a-munkabert-okollel-utottek-a-strandon\/","og_site_name":"Dorogi-medence Region\u00e1lis H\u00edrport\u00e1l","article_publisher":"https:\/\/www.facebook.com\/dorogimedence\/","article_published_time":"2022-10-24T14:50:29+00:00","article_modified_time":"2022-10-24T14:51:16+00:00","og_image":[{"width":830,"height":450,"url":"https:\/\/dorogimedence.hu\/wp-content\/uploads\/2020\/11\/birosag-05.jpg","type":"image\/jpeg"}],"author":"dorogimedence.hu","twitter_card":"summary_large_image","twitter_misc":{"Szerz\u0151:":"dorogimedence.hu","Becs\u00fclt olvas\u00e1si id\u0151":"2 perc"},"schema":{"@context":"https:\/\/schema.org","@graph":[{"@type":"Article","@id":"https:\/\/dorogimedence.hu\/index.php\/2022\/10\/24\/nem-fizette-ki-a-munkabert-okollel-utottek-a-strandon\/#article","isPartOf":{"@id":"https:\/\/dorogimedence.hu\/index.php\/2022\/10\/24\/nem-fizette-ki-a-munkabert-okollel-utottek-a-strandon\/"},"author":{"name":"dorogimedence.hu","@id":"https:\/\/dorogimedence.hu\/#\/schema\/person\/ce6091eeb7e95ecdc87890d6aa8e0fd4"},"headline":"Nem fizette ki a munkab\u00e9rt, \u00f6k\u00f6llel \u00fct\u00f6tt\u00e9k a strandon","datePublished":"2022-10-24T14:50:29+00:00","dateModified":"2022-10-24T14:51:16+00:00","mainEntityOfPage":{"@id":"https:\/\/dorogimedence.hu\/index.php\/2022\/10\/24\/nem-fizette-ki-a-munkabert-okollel-utottek-a-strandon\/"},"wordCount":387,"publisher":{"@id":"https:\/\/dorogimedence.hu\/#organization"},"keywords":["b\u00e1ntalmaz\u00e1s","b\u00edr\u00f3s\u00e1g","b\u0171ncselekm\u00e9ny","esztergom","Esztergom-kertv\u00e1ros","\u00f6nb\u00edr\u00e1skod\u00e1s","Palatinus-t\u00f3","rend\u0151rs\u00e9gi h\u00edrek","\u00fcgy\u00e9szs\u00e9g"],"articleSection":["Esztergom","Esztergom-kertv\u00e1ros","H\u00edrek","K\u00e9k h\u00edrek"],"inLanguage":"hu"},{"@type":"WebPage","@id":"https:\/\/dorogimedence.hu\/index.php\/2022\/10\/24\/nem-fizette-ki-a-munkabert-okollel-utottek-a-strandon\/","url":"https:\/\/dorogimedence.hu\/index.php\/2022\/10\/24\/nem-fizette-ki-a-munkabert-okollel-utottek-a-strandon\/","name":"Nem fizette ki a munkab\u00e9rt, \u00f6k\u00f6llel \u00fct\u00f6tt\u00e9k a strandon","isPartOf":{"@id":"https:\/\/dorogimedence.hu\/#website"},"datePublished":"2022-10-24T14:50:29+00:00","dateModified":"2022-10-24T14:51:16+00:00","breadcrumb":{"@id":"https:\/\/dorogimedence.hu\/index.php\/2022\/10\/24\/nem-fizette-ki-a-munkabert-okollel-utottek-a-strandon\/#breadcrumb"},"inLanguage":"hu","potentialAction":[{"@type":"ReadAction","target":["https:\/\/dorogimedence.hu\/index.php\/2022\/10\/24\/nem-fizette-ki-a-munkabert-okollel-utottek-a-strandon\/"]}]},{"@type":"BreadcrumbList","@id":"https:\/\/dorogimedence.hu\/index.php\/2022\/10\/24\/nem-fizette-ki-a-munkabert-okollel-utottek-a-strandon\/#breadcrumb","itemListElement":[{"@type":"ListItem","position":1,"name":"Kezd\u0151lap","item":"https:\/\/dorogimedence.hu\/"},{"@type":"ListItem","position":2,"name":"Nem fizette ki a munkab\u00e9rt, \u00f6k\u00f6llel \u00fct\u00f6tt\u00e9k a strandon"}]},{"@type":"WebSite","@id":"https:\/\/dorogimedence.hu\/#website","url":"https:\/\/dorogimedence.hu\/","name":"Dorogi-medence Region\u00e1lis H\u00edrport\u00e1l","description":"Dorog, Keszt\u00f6lc, Le\u00e1nyv\u00e1r, Piliscs\u00e9v, Tokod, Tokodalt\u00e1r\u00f3, Csolnok, Esztergom-kertv\u00e1ros: h\u00edrek, programok","publisher":{"@id":"https:\/\/dorogimedence.hu\/#organization"},"potentialAction":[{"@type":"SearchAction","target":{"@type":"EntryPoint","urlTemplate":"https:\/\/dorogimedence.hu\/?s={search_term_string}"},"query-input":{"@type":"PropertyValueSpecification","valueRequired":true,"valueName":"search_term_string"}}],"inLanguage":"hu"},{"@type":"Organization","@id":"https:\/\/dorogimedence.hu\/#organization","name":"Dorogi-medence Region\u00e1lis H\u00edrport\u00e1l","url":"https:\/\/dorogimedence.hu\/","logo":{"@type":"ImageObject","inLanguage":"hu","@id":"https:\/\/dorogimedence.hu\/#\/schema\/logo\/image\/","url":"https:\/\/dorogimedence.hu\/wp-content\/uploads\/2021\/04\/logo-feher-600.png","contentUrl":"https:\/\/dorogimedence.hu\/wp-content\/uploads\/2021\/04\/logo-feher-600.png","width":600,"height":100,"caption":"Dorogi-medence Region\u00e1lis H\u00edrport\u00e1l"},"image":{"@id":"https:\/\/dorogimedence.hu\/#\/schema\/logo\/image\/"},"sameAs":["https:\/\/www.facebook.com\/dorogimedence\/"]},{"@type":"Person","@id":"https:\/\/dorogimedence.hu\/#\/schema\/person\/ce6091eeb7e95ecdc87890d6aa8e0fd4","name":"dorogimedence.hu","image":{"@type":"ImageObject","inLanguage":"hu","@id":"\/\/www.gravatar.com\/avatar\/d8d45f8901aadff40a4af72c0b826f1d?s=96&#038;r=g&#038;d=mm","url":"\/\/www.gravatar.com\/avatar\/d8d45f8901aadff40a4af72c0b826f1d?s=96&#038;r=g&#038;d=mm","contentUrl":"\/\/www.gravatar.com\/avatar\/d8d45f8901aadff40a4af72c0b826f1d?s=96&#038;r=g&#038;d=mm","caption":"dorogimedence.hu"}}]}},"_links":{"self":[{"href":"https:\/\/dorogimedence.hu\/index.php\/wp-json\/wp\/v2\/posts\/47595","targetHints":{"allow":["GET"]}}],"collection":[{"href":"https:\/\/dorogimedence.hu\/index.php\/wp-json\/wp\/v2\/posts"}],"about":[{"href":"https:\/\/dorogimedence.hu\/index.php\/wp-json\/wp\/v2\/types\/post"}],"author":[{"embeddable":true,"href":"https:\/\/dorogimedence.hu\/index.php\/wp-json\/wp\/v2\/users\/1"}],"replies":[{"embeddable":true,"href":"https:\/\/dorogimedence.hu\/index.php\/wp-json\/wp\/v2\/comments?post=47595"}],"version-history":[{"count":0,"href":"https:\/\/dorogimedence.hu\/index.php\/wp-json\/wp\/v2\/posts\/47595\/revisions"}],"wp:attachment":[{"href":"https:\/\/dorogimedence.hu\/index.php\/wp-json\/wp\/v2\/media?parent=47595"}],"wp:term":[{"taxonomy":"category","embeddable":true,"href":"https:\/\/dorogimedence.hu\/index.php\/wp-json\/wp\/v2\/categories?post=47595"},{"taxonomy":"post_tag","embeddable":true,"href":"https:\/\/dorogimedence.hu\/index.php\/wp-json\/wp\/v2\/tags?post=47595"}],"curies":[{"name":"wp","href":"https:\/\/api.w.org\/{rel}","templated":true}]}}