{"id":47585,"date":"2022-10-24T10:13:58","date_gmt":"2022-10-24T08:13:58","guid":{"rendered":"https:\/\/dorogimedence.hu\/?p=47585"},"modified":"2022-10-24T10:14:09","modified_gmt":"2022-10-24T08:14:09","slug":"oktober-25-en-a-sztrajk-miatt-nem-kozlekedo-jaratok","status":"publish","type":"post","link":"https:\/\/dorogimedence.hu\/index.php\/2022\/10\/24\/oktober-25-en-a-sztrajk-miatt-nem-kozlekedo-jaratok\/","title":{"rendered":"Okt\u00f3ber 25-\u00e9n a sztr\u00e1jk miatt nem k\u00f6zleked\u0151 j\u00e1ratok"},"content":{"rendered":"<p><strong>A Vol\u00e1nbusz Zrt-n\u00e9l m\u0171k\u00f6d\u0151 szakszervezetek egyike figyelmeztet\u0151 sztr\u00e1jkot tart 2022. okt\u00f3ber 25-\u00e9n, kedden 14 \u00e9s 16 \u00f3ra k\u00f6z\u00f6tti id\u0151szakban.<\/strong><\/p>\n<p>A meghirdetett 120 perces munkabesz\u00fcntet\u00e9s nem \u00e1tfog\u00f3, a Vol\u00e1nbusz a sztr\u00e1jk ideje alatt is biztos\u00edtja az el\u00e9gs\u00e9ges szolg\u00e1ltat\u00e1sokat az utasok \u00e9rdek\u00e9ben, a jogszab\u00e1lyban foglaltaknak megfelel\u0151en. Ennek teljes\u00edt\u00e9se \u00e9rdek\u00e9ben az al\u00e1bbi menetrendi v\u00e1ltoz\u00e1sok l\u00e9phetnek \u00e9letbe. Amennyiben az \u00e9rintett j\u00e1rat aut\u00f3busz-vezet\u0151je felveszi a munk\u00e1t, az al\u00e1bb felsorolt j\u00e1ratok is k\u00f6zlekednek.<\/p>\n<p><strong>T\u00e9rs\u00e9g\u00fcnket \u00e9rint\u0151 j\u00e1ratok:<\/strong><\/p>\n<ul>\n<li>14:05-15:22 (8401) Tatab\u00e1nya, Aut\u00f3busz-\u00e1llom\u00e1s \u2013 Nyerges\u00fajfalu, Kossuth Lajos \u00fat<\/li>\n<li>15:10-17:09 (8401) Esztergom, Vas\u00fat\u00e1llom\u00e1s \u2013 Tatab\u00e1nya, Aut\u00f3busz-\u00e1llom\u00e1s<\/li>\n<li>14:07-14:35 (8503) Pilisszentl\u00e9lek \u2013 Esztergom, K\u00f3rh\u00e1z<\/li>\n<li>14:35-15:20 (8504) Piliscs\u00e9v, Aut\u00f3busz-fordul\u00f3 \u2013 Esztergom, Vas\u00fat\u00e1llom\u00e1s<\/li>\n<li>15:35-16:24 (8504) Piliscs\u00e9v, Aut\u00f3busz-fordul\u00f3 \u2013 Esztergom, B\u00e1nomi lak\u00f3telep<\/li>\n<li>14:13-15:05 (8510) Esztergom, B\u00e1nomi lak\u00f3telep \u2013 Piliscs\u00e9v, Aut\u00f3busz-fordul\u00f3<\/li>\n<li>15:05-15:33 (8510) Piliscs\u00e9v, Aut\u00f3busz-fordul\u00f3 \u2013 Dorog, Vol\u00e1n telep<\/li>\n<li>14:10-14:49 (8519) Esztergom, B\u00e1nomi lak\u00f3telep \u2013 Dorog, b\u00e1ny\u00e1sz k\u00f6r\u00f6nd<\/li>\n<li>14:40-15:19 (8519) Esztergom, B\u00e1nomi lak\u00f3telep \u2013 Dorog, b\u00e1ny\u00e1sz k\u00f6r\u00f6nd<\/li>\n<li>15:05-15:43 (8519) Dorog, b\u00e1ny\u00e1sz k\u00f6r\u00f6nd \u2013 Esztergom, B\u00e1nomi lak\u00f3telep<\/li>\n<li>15:44-16:13 (8519) Dorog, V\u00e1rosh\u00e1za \u2013 Esztergom, B\u00e1nomi lak\u00f3telep<\/li>\n<li>14:50-15:55 (8525) Ep\u00f6l, kh. \u2013 Esztergom, Dobozi u.<\/li>\n<li>15:30-16:14 (8525) Esztergom, Dobozi u. \u2013 Tokod, H\u0151s\u00f6k tere<\/li>\n<li>14:18-15.10 (8535) Mogyor\u00f3sb\u00e1nya, kh. \u2013 Esztergom, vaskapu<\/li>\n<li>15:12-16:11 (8535) Esztergom, vaskapu \u2013 Mogyor\u00f3sb\u00e1nya, kh.<\/li>\n<li>14:03-14:13 (8540) Nyerges\u00fajfalu, Kossuth Lajos \u00fat \u2013 Baj\u00f3t, Aut\u00f3busz-fordul\u00f3<\/li>\n<li>14:13-14:45 (8546) Baj\u00f3t, Aut\u00f3busz-fordul\u00f3 \u2013 S\u00fctt\u0151, kult\u00farotthon<\/li>\n<li>15:06-15:43 (8546) S\u00fctt\u0151, kult\u00farotthon \u2013 Baj\u00f3t, Aut\u00f3busz-fordul\u00f3<\/li>\n<\/ul>\n<p><a href=\"https:\/\/www.volanbusz.hu\/files\/public\/uploadfiles\/sztrajk22\/KNY.pdf\" target=\"_blank\" rel=\"noopener\"><span style=\"text-decoration: underline; color: #0000ff;\">Tov\u00e1bbi kimarad\u00f3 j\u00e1ratok Kom\u00e1rom-Esztergom megy\u00e9ben&gt;&gt;<\/span><\/a><\/p>\n<p><strong>H\u00e1tt\u00e9r:<\/strong> A munk\u00e1ltat\u00f3 minden igyekezete ellen\u00e9re mindeddig nem vezettek eredm\u00e9nyre az el\u0151zetes egyeztet\u00e9sek a Vol\u00e1nbusz \u00e9s a Szolidarit\u00e1s Aut\u00f3busz-k\u00f6zleked\u00e9si Szakszervezet (SZAKSZ) k\u00f6z\u00f6tti kollekt\u00edv munka\u00fcgyi vit\u00e1ban. A szakszervezet 2022. okt\u00f3ber 25-\u00e9re, 14 \u00e9s 16 \u00f3ra k\u00f6z\u00f6tti id\u0151szakra figyelmeztet\u0151 sztr\u00e1jkot jelentett be. A meghirdetett munkabesz\u00fcntet\u00e9s nem \u00e1tfog\u00f3, azt kiz\u00e1r\u00f3lag a SZAKSZ szervezi, a t\u00f6bbi \u00e9rdekk\u00e9pviselet nem csatlakozott a kezdem\u00e9nyez\u00e9shez. A Vol\u00e1nbusz a p\u00e1rbesz\u00e9dre nyitott, felel\u0151sen gondolkod\u00f3 \u00e9s cselekv\u0151, kisz\u00e1m\u00edthat\u00f3, biztos h\u00e1tteret ny\u00fajt\u00f3 munk\u00e1ltat\u00f3. Marad\u00e9ktalanul betartja, hi\u00e1nytalanul teljes\u00edtette \u00e9s teljes\u00edti a tov\u00e1bbiakban is a szakszervezetekkel k\u00f6t\u00f6tt, h\u00e1rom \u00e9vre sz\u00f3l\u00f3 b\u00e9rmeg\u00e1llapod\u00e1st, amelynek k\u00f6sz\u00f6nhet\u0151en folyamatosan emelked\u0151 b\u00e9rekkel \u00e9s javul\u00f3 munkak\u00f6r\u00fclm\u00e9nyekkel sz\u00e1molhatnak a dolgoz\u00f3k. A M\u00c1V\u2013Vol\u00e1n-csoport 2021-ben 200 ezer forint SZ\u00c9P-k\u00e1rtya juttat\u00e1st fizetett minden munkav\u00e1llal\u00f3nak, 2022-ben 10 sz\u00e1zal\u00e9kkal emelte, 2023-ban pedig tov\u00e1bbi 5 sz\u00e1zal\u00e9kkal fogja emelni a b\u00e9reket. J\u00faliusban el\u0151rehozott, egyszeri, egy\u00f6sszeg\u0171 kifizet\u00e9sben r\u00e9szes\u00fclt a v\u00e1llalatcsoport minden munkav\u00e1llal\u00f3ja. A Vol\u00e1nbusz tavaly nagyszab\u00e1s\u00fa rekonstrukci\u00f3s programot is ind\u00edtott a munkahelyi pihen\u0151- \u00e9s \u00e9tkez\u0151helyis\u00e9gek fel\u00faj\u00edt\u00e1s\u00e1ra, a munkak\u00f6r\u00fclm\u00e9nyek tov\u00e1bbi jav\u00edt\u00e1sa \u00e9rdek\u00e9ben. A 2018-ban ind\u00edtott j\u00e1rm\u0171-fiatal\u00edt\u00e1si program keret\u00e9ben pedig eddig k\u00f6zel 1800 \u00faj j\u00e1rm\u0171 \u00e1llt szolg\u00e1latba. A jelenlegi gazdas\u00e1gi helyzetben, k\u00fcl\u00f6n\u00f6sen az emelked\u0151 energia\u00e1rak mellett \u00e9s a k\u00f6z\u00fati k\u00f6z\u00f6ss\u00e9gi k\u00f6zleked\u00e9s liberaliz\u00e1ci\u00f3ja el\u0151tt kiemelten fontos, hogy az orsz\u00e1g kisz\u00e1m\u00edthat\u00f3 \u00e9s biztons\u00e1gos k\u00f6zleked\u00e9si szolg\u00e1ltat\u00e1sokra t\u00e1maszkodjon, ezen bel\u00fcl az aut\u00f3buszk\u00f6zleked\u00e9s folyamatosan \u00e9s g\u00f6rd\u00fcl\u00e9kenyen biztos\u00edtott legyen, senki \u00e9s semmi ne rombolja a Vol\u00e1nbuszba vetett k\u00f6zbizalmat. A Vol\u00e1nbusz eddigi gyakorlat\u00e1hoz h\u00edven tov\u00e1bbra is nyitott a p\u00e1rbesz\u00e9dre, a munkav\u00e1llal\u00f3kkal val\u00f3 egy\u00fcttm\u0171k\u00f6d\u00e9sre \u2013 a munkahelyek stabilit\u00e1sa, meg\u0151rz\u00e9se ugyanis mindannyiunk k\u00f6z\u00f6s \u00fcgye.<\/p>\n<p><em>Forr\u00e1s: Vol\u00e1nbusz Zrt. Kommunik\u00e1ci\u00f3s Igazgat\u00f3s\u00e1g<\/em><\/p>\n","protected":false},"excerpt":{"rendered":"<p>A Vol\u00e1nbusz Zrt-n\u00e9l m\u0171k\u00f6d\u0151 szakszervezetek egyike figyelmeztet\u0151 sztr\u00e1jkot tart 2022. okt\u00f3ber 25-\u00e9n, kedden 14 \u00e9s 16 \u00f3ra k\u00f6z\u00f6tti id\u0151szakban. A meghirdetett 120 perces munkabesz\u00fcntet\u00e9s nem \u00e1tfog\u00f3, a Vol\u00e1nbusz a sztr\u00e1jk ideje alatt is biztos\u00edtja az el\u00e9gs\u00e9ges szolg\u00e1ltat\u00e1sokat az utasok \u00e9rdek\u00e9ben, a jogszab\u00e1lyban foglaltaknak megfelel\u0151en. Ennek teljes\u00edt\u00e9se \u00e9rdek\u00e9ben az al\u00e1bbi menetrendi v\u00e1ltoz\u00e1sok l\u00e9phetnek \u00e9letbe. Amennyiben az<\/p>\n","protected":false},"author":1,"featured_media":43735,"comment_status":"closed","ping_status":"closed","sticky":false,"template":"","format":"standard","meta":{"ngg_post_thumbnail":0,"footnotes":""},"categories":[3],"tags":[458,293,6770,1015],"class_list":{"0":"post-47585","1":"post","2":"type-post","3":"status-publish","4":"format-standard","5":"has-post-thumbnail","7":"category-hirek","8":"tag-autobusz","9":"tag-menetrend","10":"tag-sztrajk","11":"tag-volanbusz"},"yoast_head":"<!-- This site is optimized with the Yoast SEO plugin v27.5 - https:\/\/yoast.com\/product\/yoast-seo-wordpress\/ -->\n<title>Okt\u00f3ber 25-\u00e9n a sztr\u00e1jk miatt nem k\u00f6zleked\u0151 j\u00e1ratok<\/title>\n<meta name=\"robots\" content=\"index, follow, max-snippet:-1, max-image-preview:large, max-video-preview:-1\" \/>\n<link rel=\"canonical\" href=\"https:\/\/dorogimedence.hu\/index.php\/2022\/10\/24\/oktober-25-en-a-sztrajk-miatt-nem-kozlekedo-jaratok\/\" class=\"yoast-seo-meta-tag\" \/>\n<meta property=\"og:locale\" content=\"hu_HU\" class=\"yoast-seo-meta-tag\" \/>\n<meta property=\"og:type\" content=\"article\" class=\"yoast-seo-meta-tag\" \/>\n<meta property=\"og:title\" content=\"Okt\u00f3ber 25-\u00e9n a sztr\u00e1jk miatt nem k\u00f6zleked\u0151 j\u00e1ratok\" class=\"yoast-seo-meta-tag\" \/>\n<meta property=\"og:description\" content=\"A Vol\u00e1nbusz Zrt-n\u00e9l m\u0171k\u00f6d\u0151 szakszervezetek egyike figyelmeztet\u0151 sztr\u00e1jkot tart 2022. okt\u00f3ber 25-\u00e9n, kedden 14 \u00e9s 16 \u00f3ra k\u00f6z\u00f6tti id\u0151szakban. A meghirdetett 120 perces munkabesz\u00fcntet\u00e9s nem \u00e1tfog\u00f3, a Vol\u00e1nbusz a sztr\u00e1jk ideje alatt is biztos\u00edtja az el\u00e9gs\u00e9ges szolg\u00e1ltat\u00e1sokat az utasok \u00e9rdek\u00e9ben, a jogszab\u00e1lyban foglaltaknak megfelel\u0151en. Ennek teljes\u00edt\u00e9se \u00e9rdek\u00e9ben az al\u00e1bbi menetrendi v\u00e1ltoz\u00e1sok l\u00e9phetnek \u00e9letbe. Amennyiben az\" class=\"yoast-seo-meta-tag\" \/>\n<meta property=\"og:url\" content=\"https:\/\/dorogimedence.hu\/index.php\/2022\/10\/24\/oktober-25-en-a-sztrajk-miatt-nem-kozlekedo-jaratok\/\" class=\"yoast-seo-meta-tag\" \/>\n<meta property=\"og:site_name\" content=\"Dorogi-medence Region\u00e1lis H\u00edrport\u00e1l\" class=\"yoast-seo-meta-tag\" \/>\n<meta property=\"article:publisher\" content=\"https:\/\/www.facebook.com\/dorogimedence\/\" class=\"yoast-seo-meta-tag\" \/>\n<meta property=\"article:published_time\" content=\"2022-10-24T08:13:58+00:00\" class=\"yoast-seo-meta-tag\" \/>\n<meta property=\"article:modified_time\" content=\"2022-10-24T08:14:09+00:00\" class=\"yoast-seo-meta-tag\" \/>\n<meta property=\"og:image\" content=\"https:\/\/dorogimedence.hu\/wp-content\/uploads\/2022\/06\/buszatado-08.jpg\" class=\"yoast-seo-meta-tag\" \/>\n\t<meta property=\"og:image:width\" content=\"1920\" class=\"yoast-seo-meta-tag\" \/>\n\t<meta property=\"og:image:height\" content=\"1280\" class=\"yoast-seo-meta-tag\" \/>\n\t<meta property=\"og:image:type\" content=\"image\/jpeg\" class=\"yoast-seo-meta-tag\" \/>\n<meta name=\"author\" content=\"dorogimedence.hu\" class=\"yoast-seo-meta-tag\" \/>\n<meta name=\"twitter:card\" content=\"summary_large_image\" class=\"yoast-seo-meta-tag\" \/>\n<meta name=\"twitter:label1\" content=\"Szerz\u0151:\" class=\"yoast-seo-meta-tag\" \/>\n\t<meta name=\"twitter:data1\" content=\"dorogimedence.hu\" class=\"yoast-seo-meta-tag\" \/>\n\t<meta name=\"twitter:label2\" content=\"Becs\u00fclt olvas\u00e1si id\u0151\" class=\"yoast-seo-meta-tag\" \/>\n\t<meta name=\"twitter:data2\" content=\"3 perc\" class=\"yoast-seo-meta-tag\" \/>\n<script type=\"application\/ld+json\" class=\"yoast-schema-graph\">{\"@context\":\"https:\\\/\\\/schema.org\",\"@graph\":[{\"@type\":\"Article\",\"@id\":\"https:\\\/\\\/dorogimedence.hu\\\/index.php\\\/2022\\\/10\\\/24\\\/oktober-25-en-a-sztrajk-miatt-nem-kozlekedo-jaratok\\\/#article\",\"isPartOf\":{\"@id\":\"https:\\\/\\\/dorogimedence.hu\\\/index.php\\\/2022\\\/10\\\/24\\\/oktober-25-en-a-sztrajk-miatt-nem-kozlekedo-jaratok\\\/\"},\"author\":{\"name\":\"dorogimedence.hu\",\"@id\":\"https:\\\/\\\/dorogimedence.hu\\\/#\\\/schema\\\/person\\\/ce6091eeb7e95ecdc87890d6aa8e0fd4\"},\"headline\":\"Okt\u00f3ber 25-\u00e9n a sztr\u00e1jk miatt nem k\u00f6zleked\u0151 j\u00e1ratok\",\"datePublished\":\"2022-10-24T08:13:58+00:00\",\"dateModified\":\"2022-10-24T08:14:09+00:00\",\"mainEntityOfPage\":{\"@id\":\"https:\\\/\\\/dorogimedence.hu\\\/index.php\\\/2022\\\/10\\\/24\\\/oktober-25-en-a-sztrajk-miatt-nem-kozlekedo-jaratok\\\/\"},\"wordCount\":705,\"publisher\":{\"@id\":\"https:\\\/\\\/dorogimedence.hu\\\/#organization\"},\"image\":{\"@id\":\"https:\\\/\\\/dorogimedence.hu\\\/index.php\\\/2022\\\/10\\\/24\\\/oktober-25-en-a-sztrajk-miatt-nem-kozlekedo-jaratok\\\/#primaryimage\"},\"thumbnailUrl\":\"https:\\\/\\\/dorogimedence.hu\\\/wp-content\\\/uploads\\\/2022\\\/06\\\/buszatado-08.jpg\",\"keywords\":[\"aut\u00f3busz\",\"menetrend\",\"sztr\u00e1jk\",\"vol\u00e1nbusz\"],\"articleSection\":[\"H\u00edrek\"],\"inLanguage\":\"hu\"},{\"@type\":\"WebPage\",\"@id\":\"https:\\\/\\\/dorogimedence.hu\\\/index.php\\\/2022\\\/10\\\/24\\\/oktober-25-en-a-sztrajk-miatt-nem-kozlekedo-jaratok\\\/\",\"url\":\"https:\\\/\\\/dorogimedence.hu\\\/index.php\\\/2022\\\/10\\\/24\\\/oktober-25-en-a-sztrajk-miatt-nem-kozlekedo-jaratok\\\/\",\"name\":\"Okt\u00f3ber 25-\u00e9n a sztr\u00e1jk miatt nem k\u00f6zleked\u0151 j\u00e1ratok\",\"isPartOf\":{\"@id\":\"https:\\\/\\\/dorogimedence.hu\\\/#website\"},\"primaryImageOfPage\":{\"@id\":\"https:\\\/\\\/dorogimedence.hu\\\/index.php\\\/2022\\\/10\\\/24\\\/oktober-25-en-a-sztrajk-miatt-nem-kozlekedo-jaratok\\\/#primaryimage\"},\"image\":{\"@id\":\"https:\\\/\\\/dorogimedence.hu\\\/index.php\\\/2022\\\/10\\\/24\\\/oktober-25-en-a-sztrajk-miatt-nem-kozlekedo-jaratok\\\/#primaryimage\"},\"thumbnailUrl\":\"https:\\\/\\\/dorogimedence.hu\\\/wp-content\\\/uploads\\\/2022\\\/06\\\/buszatado-08.jpg\",\"datePublished\":\"2022-10-24T08:13:58+00:00\",\"dateModified\":\"2022-10-24T08:14:09+00:00\",\"breadcrumb\":{\"@id\":\"https:\\\/\\\/dorogimedence.hu\\\/index.php\\\/2022\\\/10\\\/24\\\/oktober-25-en-a-sztrajk-miatt-nem-kozlekedo-jaratok\\\/#breadcrumb\"},\"inLanguage\":\"hu\",\"potentialAction\":[{\"@type\":\"ReadAction\",\"target\":[\"https:\\\/\\\/dorogimedence.hu\\\/index.php\\\/2022\\\/10\\\/24\\\/oktober-25-en-a-sztrajk-miatt-nem-kozlekedo-jaratok\\\/\"]}]},{\"@type\":\"ImageObject\",\"inLanguage\":\"hu\",\"@id\":\"https:\\\/\\\/dorogimedence.hu\\\/index.php\\\/2022\\\/10\\\/24\\\/oktober-25-en-a-sztrajk-miatt-nem-kozlekedo-jaratok\\\/#primaryimage\",\"url\":\"https:\\\/\\\/dorogimedence.hu\\\/wp-content\\\/uploads\\\/2022\\\/06\\\/buszatado-08.jpg\",\"contentUrl\":\"https:\\\/\\\/dorogimedence.hu\\\/wp-content\\\/uploads\\\/2022\\\/06\\\/buszatado-08.jpg\",\"width\":1920,\"height\":1280},{\"@type\":\"BreadcrumbList\",\"@id\":\"https:\\\/\\\/dorogimedence.hu\\\/index.php\\\/2022\\\/10\\\/24\\\/oktober-25-en-a-sztrajk-miatt-nem-kozlekedo-jaratok\\\/#breadcrumb\",\"itemListElement\":[{\"@type\":\"ListItem\",\"position\":1,\"name\":\"Kezd\u0151lap\",\"item\":\"https:\\\/\\\/dorogimedence.hu\\\/\"},{\"@type\":\"ListItem\",\"position\":2,\"name\":\"Okt\u00f3ber 25-\u00e9n a sztr\u00e1jk miatt nem k\u00f6zleked\u0151 j\u00e1ratok\"}]},{\"@type\":\"WebSite\",\"@id\":\"https:\\\/\\\/dorogimedence.hu\\\/#website\",\"url\":\"https:\\\/\\\/dorogimedence.hu\\\/\",\"name\":\"Dorogi-medence Region\u00e1lis H\u00edrport\u00e1l\",\"description\":\"Dorog, Keszt\u00f6lc, Le\u00e1nyv\u00e1r, Piliscs\u00e9v, Tokod, Tokodalt\u00e1r\u00f3, Csolnok, Esztergom-kertv\u00e1ros: h\u00edrek, programok\",\"publisher\":{\"@id\":\"https:\\\/\\\/dorogimedence.hu\\\/#organization\"},\"potentialAction\":[{\"@type\":\"SearchAction\",\"target\":{\"@type\":\"EntryPoint\",\"urlTemplate\":\"https:\\\/\\\/dorogimedence.hu\\\/?s={search_term_string}\"},\"query-input\":{\"@type\":\"PropertyValueSpecification\",\"valueRequired\":true,\"valueName\":\"search_term_string\"}}],\"inLanguage\":\"hu\"},{\"@type\":\"Organization\",\"@id\":\"https:\\\/\\\/dorogimedence.hu\\\/#organization\",\"name\":\"Dorogi-medence Region\u00e1lis H\u00edrport\u00e1l\",\"url\":\"https:\\\/\\\/dorogimedence.hu\\\/\",\"logo\":{\"@type\":\"ImageObject\",\"inLanguage\":\"hu\",\"@id\":\"https:\\\/\\\/dorogimedence.hu\\\/#\\\/schema\\\/logo\\\/image\\\/\",\"url\":\"https:\\\/\\\/dorogimedence.hu\\\/wp-content\\\/uploads\\\/2021\\\/04\\\/logo-feher-600.png\",\"contentUrl\":\"https:\\\/\\\/dorogimedence.hu\\\/wp-content\\\/uploads\\\/2021\\\/04\\\/logo-feher-600.png\",\"width\":600,\"height\":100,\"caption\":\"Dorogi-medence Region\u00e1lis H\u00edrport\u00e1l\"},\"image\":{\"@id\":\"https:\\\/\\\/dorogimedence.hu\\\/#\\\/schema\\\/logo\\\/image\\\/\"},\"sameAs\":[\"https:\\\/\\\/www.facebook.com\\\/dorogimedence\\\/\"]},{\"@type\":\"Person\",\"@id\":\"https:\\\/\\\/dorogimedence.hu\\\/#\\\/schema\\\/person\\\/ce6091eeb7e95ecdc87890d6aa8e0fd4\",\"name\":\"dorogimedence.hu\",\"image\":{\"@type\":\"ImageObject\",\"inLanguage\":\"hu\",\"@id\":\"\\\/\\\/www.gravatar.com\\\/avatar\\\/d8d45f8901aadff40a4af72c0b826f1d?s=96&#038;r=g&#038;d=mm\",\"url\":\"\\\/\\\/www.gravatar.com\\\/avatar\\\/d8d45f8901aadff40a4af72c0b826f1d?s=96&#038;r=g&#038;d=mm\",\"contentUrl\":\"\\\/\\\/www.gravatar.com\\\/avatar\\\/d8d45f8901aadff40a4af72c0b826f1d?s=96&#038;r=g&#038;d=mm\",\"caption\":\"dorogimedence.hu\"}}]}<\/script>\n<!-- \/ Yoast SEO plugin. -->","yoast_head_json":{"title":"Okt\u00f3ber 25-\u00e9n a sztr\u00e1jk miatt nem k\u00f6zleked\u0151 j\u00e1ratok","robots":{"index":"index","follow":"follow","max-snippet":"max-snippet:-1","max-image-preview":"max-image-preview:large","max-video-preview":"max-video-preview:-1"},"canonical":"https:\/\/dorogimedence.hu\/index.php\/2022\/10\/24\/oktober-25-en-a-sztrajk-miatt-nem-kozlekedo-jaratok\/","og_locale":"hu_HU","og_type":"article","og_title":"Okt\u00f3ber 25-\u00e9n a sztr\u00e1jk miatt nem k\u00f6zleked\u0151 j\u00e1ratok","og_description":"A Vol\u00e1nbusz Zrt-n\u00e9l m\u0171k\u00f6d\u0151 szakszervezetek egyike figyelmeztet\u0151 sztr\u00e1jkot tart 2022. okt\u00f3ber 25-\u00e9n, kedden 14 \u00e9s 16 \u00f3ra k\u00f6z\u00f6tti id\u0151szakban. A meghirdetett 120 perces munkabesz\u00fcntet\u00e9s nem \u00e1tfog\u00f3, a Vol\u00e1nbusz a sztr\u00e1jk ideje alatt is biztos\u00edtja az el\u00e9gs\u00e9ges szolg\u00e1ltat\u00e1sokat az utasok \u00e9rdek\u00e9ben, a jogszab\u00e1lyban foglaltaknak megfelel\u0151en. Ennek teljes\u00edt\u00e9se \u00e9rdek\u00e9ben az al\u00e1bbi menetrendi v\u00e1ltoz\u00e1sok l\u00e9phetnek \u00e9letbe. Amennyiben az","og_url":"https:\/\/dorogimedence.hu\/index.php\/2022\/10\/24\/oktober-25-en-a-sztrajk-miatt-nem-kozlekedo-jaratok\/","og_site_name":"Dorogi-medence Region\u00e1lis H\u00edrport\u00e1l","article_publisher":"https:\/\/www.facebook.com\/dorogimedence\/","article_published_time":"2022-10-24T08:13:58+00:00","article_modified_time":"2022-10-24T08:14:09+00:00","og_image":[{"width":1920,"height":1280,"url":"https:\/\/dorogimedence.hu\/wp-content\/uploads\/2022\/06\/buszatado-08.jpg","type":"image\/jpeg"}],"author":"dorogimedence.hu","twitter_card":"summary_large_image","twitter_misc":{"Szerz\u0151:":"dorogimedence.hu","Becs\u00fclt olvas\u00e1si id\u0151":"3 perc"},"schema":{"@context":"https:\/\/schema.org","@graph":[{"@type":"Article","@id":"https:\/\/dorogimedence.hu\/index.php\/2022\/10\/24\/oktober-25-en-a-sztrajk-miatt-nem-kozlekedo-jaratok\/#article","isPartOf":{"@id":"https:\/\/dorogimedence.hu\/index.php\/2022\/10\/24\/oktober-25-en-a-sztrajk-miatt-nem-kozlekedo-jaratok\/"},"author":{"name":"dorogimedence.hu","@id":"https:\/\/dorogimedence.hu\/#\/schema\/person\/ce6091eeb7e95ecdc87890d6aa8e0fd4"},"headline":"Okt\u00f3ber 25-\u00e9n a sztr\u00e1jk miatt nem k\u00f6zleked\u0151 j\u00e1ratok","datePublished":"2022-10-24T08:13:58+00:00","dateModified":"2022-10-24T08:14:09+00:00","mainEntityOfPage":{"@id":"https:\/\/dorogimedence.hu\/index.php\/2022\/10\/24\/oktober-25-en-a-sztrajk-miatt-nem-kozlekedo-jaratok\/"},"wordCount":705,"publisher":{"@id":"https:\/\/dorogimedence.hu\/#organization"},"image":{"@id":"https:\/\/dorogimedence.hu\/index.php\/2022\/10\/24\/oktober-25-en-a-sztrajk-miatt-nem-kozlekedo-jaratok\/#primaryimage"},"thumbnailUrl":"https:\/\/dorogimedence.hu\/wp-content\/uploads\/2022\/06\/buszatado-08.jpg","keywords":["aut\u00f3busz","menetrend","sztr\u00e1jk","vol\u00e1nbusz"],"articleSection":["H\u00edrek"],"inLanguage":"hu"},{"@type":"WebPage","@id":"https:\/\/dorogimedence.hu\/index.php\/2022\/10\/24\/oktober-25-en-a-sztrajk-miatt-nem-kozlekedo-jaratok\/","url":"https:\/\/dorogimedence.hu\/index.php\/2022\/10\/24\/oktober-25-en-a-sztrajk-miatt-nem-kozlekedo-jaratok\/","name":"Okt\u00f3ber 25-\u00e9n a sztr\u00e1jk miatt nem k\u00f6zleked\u0151 j\u00e1ratok","isPartOf":{"@id":"https:\/\/dorogimedence.hu\/#website"},"primaryImageOfPage":{"@id":"https:\/\/dorogimedence.hu\/index.php\/2022\/10\/24\/oktober-25-en-a-sztrajk-miatt-nem-kozlekedo-jaratok\/#primaryimage"},"image":{"@id":"https:\/\/dorogimedence.hu\/index.php\/2022\/10\/24\/oktober-25-en-a-sztrajk-miatt-nem-kozlekedo-jaratok\/#primaryimage"},"thumbnailUrl":"https:\/\/dorogimedence.hu\/wp-content\/uploads\/2022\/06\/buszatado-08.jpg","datePublished":"2022-10-24T08:13:58+00:00","dateModified":"2022-10-24T08:14:09+00:00","breadcrumb":{"@id":"https:\/\/dorogimedence.hu\/index.php\/2022\/10\/24\/oktober-25-en-a-sztrajk-miatt-nem-kozlekedo-jaratok\/#breadcrumb"},"inLanguage":"hu","potentialAction":[{"@type":"ReadAction","target":["https:\/\/dorogimedence.hu\/index.php\/2022\/10\/24\/oktober-25-en-a-sztrajk-miatt-nem-kozlekedo-jaratok\/"]}]},{"@type":"ImageObject","inLanguage":"hu","@id":"https:\/\/dorogimedence.hu\/index.php\/2022\/10\/24\/oktober-25-en-a-sztrajk-miatt-nem-kozlekedo-jaratok\/#primaryimage","url":"https:\/\/dorogimedence.hu\/wp-content\/uploads\/2022\/06\/buszatado-08.jpg","contentUrl":"https:\/\/dorogimedence.hu\/wp-content\/uploads\/2022\/06\/buszatado-08.jpg","width":1920,"height":1280},{"@type":"BreadcrumbList","@id":"https:\/\/dorogimedence.hu\/index.php\/2022\/10\/24\/oktober-25-en-a-sztrajk-miatt-nem-kozlekedo-jaratok\/#breadcrumb","itemListElement":[{"@type":"ListItem","position":1,"name":"Kezd\u0151lap","item":"https:\/\/dorogimedence.hu\/"},{"@type":"ListItem","position":2,"name":"Okt\u00f3ber 25-\u00e9n a sztr\u00e1jk miatt nem k\u00f6zleked\u0151 j\u00e1ratok"}]},{"@type":"WebSite","@id":"https:\/\/dorogimedence.hu\/#website","url":"https:\/\/dorogimedence.hu\/","name":"Dorogi-medence Region\u00e1lis H\u00edrport\u00e1l","description":"Dorog, Keszt\u00f6lc, Le\u00e1nyv\u00e1r, Piliscs\u00e9v, Tokod, Tokodalt\u00e1r\u00f3, Csolnok, Esztergom-kertv\u00e1ros: h\u00edrek, programok","publisher":{"@id":"https:\/\/dorogimedence.hu\/#organization"},"potentialAction":[{"@type":"SearchAction","target":{"@type":"EntryPoint","urlTemplate":"https:\/\/dorogimedence.hu\/?s={search_term_string}"},"query-input":{"@type":"PropertyValueSpecification","valueRequired":true,"valueName":"search_term_string"}}],"inLanguage":"hu"},{"@type":"Organization","@id":"https:\/\/dorogimedence.hu\/#organization","name":"Dorogi-medence Region\u00e1lis H\u00edrport\u00e1l","url":"https:\/\/dorogimedence.hu\/","logo":{"@type":"ImageObject","inLanguage":"hu","@id":"https:\/\/dorogimedence.hu\/#\/schema\/logo\/image\/","url":"https:\/\/dorogimedence.hu\/wp-content\/uploads\/2021\/04\/logo-feher-600.png","contentUrl":"https:\/\/dorogimedence.hu\/wp-content\/uploads\/2021\/04\/logo-feher-600.png","width":600,"height":100,"caption":"Dorogi-medence Region\u00e1lis H\u00edrport\u00e1l"},"image":{"@id":"https:\/\/dorogimedence.hu\/#\/schema\/logo\/image\/"},"sameAs":["https:\/\/www.facebook.com\/dorogimedence\/"]},{"@type":"Person","@id":"https:\/\/dorogimedence.hu\/#\/schema\/person\/ce6091eeb7e95ecdc87890d6aa8e0fd4","name":"dorogimedence.hu","image":{"@type":"ImageObject","inLanguage":"hu","@id":"\/\/www.gravatar.com\/avatar\/d8d45f8901aadff40a4af72c0b826f1d?s=96&#038;r=g&#038;d=mm","url":"\/\/www.gravatar.com\/avatar\/d8d45f8901aadff40a4af72c0b826f1d?s=96&#038;r=g&#038;d=mm","contentUrl":"\/\/www.gravatar.com\/avatar\/d8d45f8901aadff40a4af72c0b826f1d?s=96&#038;r=g&#038;d=mm","caption":"dorogimedence.hu"}}]}},"_links":{"self":[{"href":"https:\/\/dorogimedence.hu\/index.php\/wp-json\/wp\/v2\/posts\/47585","targetHints":{"allow":["GET"]}}],"collection":[{"href":"https:\/\/dorogimedence.hu\/index.php\/wp-json\/wp\/v2\/posts"}],"about":[{"href":"https:\/\/dorogimedence.hu\/index.php\/wp-json\/wp\/v2\/types\/post"}],"author":[{"embeddable":true,"href":"https:\/\/dorogimedence.hu\/index.php\/wp-json\/wp\/v2\/users\/1"}],"replies":[{"embeddable":true,"href":"https:\/\/dorogimedence.hu\/index.php\/wp-json\/wp\/v2\/comments?post=47585"}],"version-history":[{"count":0,"href":"https:\/\/dorogimedence.hu\/index.php\/wp-json\/wp\/v2\/posts\/47585\/revisions"}],"wp:featuredmedia":[{"embeddable":true,"href":"https:\/\/dorogimedence.hu\/index.php\/wp-json\/wp\/v2\/media\/43735"}],"wp:attachment":[{"href":"https:\/\/dorogimedence.hu\/index.php\/wp-json\/wp\/v2\/media?parent=47585"}],"wp:term":[{"taxonomy":"category","embeddable":true,"href":"https:\/\/dorogimedence.hu\/index.php\/wp-json\/wp\/v2\/categories?post=47585"},{"taxonomy":"post_tag","embeddable":true,"href":"https:\/\/dorogimedence.hu\/index.php\/wp-json\/wp\/v2\/tags?post=47585"}],"curies":[{"name":"wp","href":"https:\/\/api.w.org\/{rel}","templated":true}]}}