{"id":47564,"date":"2022-10-23T10:08:03","date_gmt":"2022-10-23T08:08:03","guid":{"rendered":"https:\/\/dorogimedence.hu\/?p=47564"},"modified":"2022-10-23T10:08:22","modified_gmt":"2022-10-23T08:08:22","slug":"priskin-fejesevel-nyert-az-eto-dorogon","status":"publish","type":"post","link":"https:\/\/dorogimedence.hu\/index.php\/2022\/10\/23\/priskin-fejesevel-nyert-az-eto-dorogon\/","title":{"rendered":"Priskin fejes\u00e9vel nyert az ETO Dorogon"},"content":{"rendered":"<p><strong>A labdar\u00fag\u00f3 NB II 13. fordul\u00f3j\u00e1ban megszakadt az ETO FC Gy\u0151r \u00f6t m\u00e9rk\u0151z\u00e9s \u00f3ta tart\u00f3 nyeretlens\u00e9gi sorozata, T\u00edm\u00e1r Kriszti\u00e1n egy\u00fcttese Priskin Tam\u00e1s g\u00f3lj\u00e1val 1\u20130-s gy\u0151zelmet aratott a kies\u0151 helyen \u00e1ll\u00f3 Dorog otthon\u00e1ban<\/strong> <em>&#8211; \u00edrja a Nemzeti Sport.<\/em><\/p>\n<p>Ellent\u00e9tes el\u0151jelekkel v\u00e1rhatta egym\u00e1s elleni m\u00e9rk\u0151z\u00e9s\u00e9t a Dorog \u00e9s az ETO FC Gy\u0151r. A h\u00e1zigazda dorogiaknak j\u00f3t tett az edz\u0151v\u00e1lt\u00e1s, Mari\u00e1n Sluka gy\u0151zelemmel mutatkozott be a kispadon, m\u00edg a gy\u0151riek hi\u00e1ba b\u00facs\u00faztatt\u00e1k a kup\u00e1ban az NB I-es Kecskem\u00e9tet, a bajnoks\u00e1gban \u00f6t fordul\u00f3 \u00f3ta nem tudtak gy\u0151zni.<\/p>\n<p>A k\u00f6zelm\u00falt \u00e9s az er\u0151viszonyok alapj\u00e1n \u00edgy is az ETO t\u0171nt es\u00e9lyesebbnek, amely jobban is kezdte a m\u00e9rk\u0151z\u00e9st, \u00e1m a j\u00e1t\u00e9kr\u00e9sz derek\u00e1n \u00e1tvett\u00e9k az ir\u00e1ny\u00edt\u00e1st a hazaiak, \u00e9s sorra alak\u00edtott\u00e1k ki a helyzeteket. Fadgyas Tam\u00e1s el\u0151bb Sztojka Dominik szabadr\u00fag\u00e1s\u00e1t, majd Albert \u00c1d\u00e1m l\u00e9c al\u00e1 tart\u00f3 l\u00f6v\u00e9s\u00e9t v\u00e9dte brav\u00farral \u2013 az els\u0151 f\u00e9lid\u0151 g\u00f3l n\u00e9lk\u00fcl z\u00e1rult.<\/p>\n<p>A fordul\u00e1s ut\u00e1n is a dorogiak birtokolt\u00e1k t\u00f6bbet a labd\u00e1t, \u00e1m egy sz\u00e9p t\u00e1mad\u00e1s v\u00e9g\u00e9n az ETO szerzett vezet\u00e9st, a cserek\u00e9nt be\u00e1ll\u00f3 <strong>Priskin Tam\u00e1s<\/strong> fejelt k\u00f6zelr\u0151l a hossz\u00fa als\u00f3ba. A kapott g\u00f3l megfogta a h\u00e1zigazd\u00e1t, amely a folytat\u00e1sban m\u00e1r nem tudta kapujuk el\u00e9 szor\u00edtani a gy\u0151rieket, igaz, \u00edgy is egyenl\u00edthetett volna, de K\u00e1r\u00e1sz Kriszti\u00e1n fejese a l\u00e9cen csattant. Az ETO FC Gy\u0151r <strong>1\u20130<\/strong>-ra nyert, \u00e9s \u00f6tmeccses nyeretlens\u00e9gi sorozatot z\u00e1rt le Dorogon.<\/p>\n<p><strong>LABDAR\u00daG\u00d3 NB II &#8211; <\/strong><strong>13. FORDUL\u00d3<br \/>\n<\/strong><span style=\"color: #ff0000;\"><strong>DOROGI FC\u2013ETO FC GY\u0150R 0\u20131 (<\/strong><strong>0\u20130)<\/strong><\/span><strong><br \/>\n<\/strong><strong>Dorog,<\/strong> Buz\u00e1nszky Jen\u0151 Stadion, <strong>4<\/strong><strong>50<\/strong> n\u00e9z\u0151. <strong>Vezette<\/strong><strong>:<\/strong> Bana Gergely (Kiss Bal\u00e1zs, Varga G\u00e1bor)<br \/>\n<strong>DOROG:<\/strong> Borsos V. \u2013 K\u00e1r\u00e1sz, Gyur\u00e1cz, Keresztes, Papp M\u00e1t\u00e9 \u2013 L\u00e9n\u00e1rth T., Sztojka \u2013 Magyari (Szedl\u00e1r, 63.), Albert \u00c1. (Lustyik, 80.), Barna G. (Oldal T., 63.) \u2013 V\u00edgh \u00c1. (Paudits, 65.).&nbsp;<strong>Vezet\u0151edz\u0151:<\/strong> Mari\u00e1n Sluka<br \/>\n<strong>ETO:<\/strong> Fadgyas \u2013 Szuj\u00f3, Papp Mil\u00e1n, Fodor F. \u2013 Kov\u00e1cs K. (Kiss Bal\u00e1zs, 82.), Toma, Kiss Bence (Kiss M., 90+3.), Benczenleitner \u2013 Kov\u00e1cs I. (Tuboly, 54.) \u2013 Vit\u00e1lis (Lacza, 54.), Borsos F. (Priskin, a sz\u00fcnetben). <strong>Vezet\u0151edz\u0151: <\/strong>T\u00edm\u00e1r Kriszti\u00e1n<br \/>\n<strong>G\u00f3lszerz\u0151:<\/strong>&nbsp;Priskin (57.)<br \/>\n<strong>MESTERM\u00c9RLEG<br \/>\n<\/strong><strong>Mari\u00e1n Sluka:&nbsp;<\/strong>\u2013<strong>&nbsp;<\/strong>Az els\u0151 f\u00e9lid\u0151ben kimondottan j\u00f3l futballoztunk, ekkor k\u00e9t-h\u00e1rom nagyobb helyzet\u00fcnk volt, m\u00edg az ETO-nak egy sem. A kapott g\u00f3l ut\u00e1n t\u00edz percig csak kerest\u00fck \u00f6nmagunkat, de ut\u00e1na v\u00e9gig nyom\u00e1st gyakoroltunk az ellenf\u00e9lre, m\u00e9gsem tudtunk betal\u00e1lni. Sajn\u00e1lom, hogy szervezett j\u00e1t\u00e9kunk nem \u00e9rt pontot, pedig minimum a d\u00f6ntetlent meg\u00e9rdemelt\u00fck volna. A gy\u0151riek kiv\u00e1l\u00f3 cser\u00e9j\u00fcknek k\u00f6sz\u00f6nhet\u0151en gy\u0151ztek.<br \/>\n<strong>T\u00edm\u00e1r Kriszti\u00e1n:&nbsp;<\/strong>\u2013<strong>&nbsp;<\/strong>A h\u00e9tk\u00f6zi kupam\u00e9rk\u0151z\u00e9s miatt az els\u0151 f\u00e9lid\u0151ben tomp\u00e1bbak voltunk a kellet\u00e9n\u00e9l, emiatt v\u00e1ltoztattunk t\u00f6bbet a sz\u00fcnetben, illetve kicsivel a sz\u00fcnet ut\u00e1n. A m\u00e1sodik j\u00e1t\u00e9kr\u00e9szben a cser\u00e9inknek is k\u00f6sz\u00f6nhet\u0151en m\u00e1r helyzeteket alak\u00edtottunk ki, g\u00f3lt szerezt\u00fcnk, \u00edgy \u00fagy gondolom, meg\u00e9rdemelten gy\u0151zt\u00fcnk.<\/p>\n<p><a href=\"https:\/\/www.nemzetisport.hu\/labdarugo_nb_ii\/nb-ii-dorog-eto-fc-gyor-2919775\" target=\"_blank\" rel=\"noopener\"><span style=\"text-decoration: underline; color: #0000ff;\">A m\u00e9rk\u0151z\u00e9s r\u00e9szletei&gt;&gt;<\/span><\/a><\/p>\n<p><em>Forr\u00e1s: nemzetisport.hu<\/em><br \/>\n<em>Bor\u00edt\u00f3k\u00e9p: Dorogi FC Facebook oldala<\/em><\/p>\n","protected":false},"excerpt":{"rendered":"<p>A labdar\u00fag\u00f3 NB II 13. fordul\u00f3j\u00e1ban megszakadt az ETO FC Gy\u0151r \u00f6t m\u00e9rk\u0151z\u00e9s \u00f3ta tart\u00f3 nyeretlens\u00e9gi sorozata, T\u00edm\u00e1r Kriszti\u00e1n egy\u00fcttese Priskin Tam\u00e1s g\u00f3lj\u00e1val 1\u20130-s gy\u0151zelmet aratott a kies\u0151 helyen \u00e1ll\u00f3 Dorog otthon\u00e1ban &#8211; \u00edrja a Nemzeti Sport. Ellent\u00e9tes el\u0151jelekkel v\u00e1rhatta egym\u00e1s elleni m\u00e9rk\u0151z\u00e9s\u00e9t a Dorog \u00e9s az ETO FC Gy\u0151r. A h\u00e1zigazda dorogiaknak j\u00f3t tett<\/p>\n","protected":false},"author":1,"featured_media":47565,"comment_status":"closed","ping_status":"closed","sticky":false,"template":"","format":"standard","meta":{"ngg_post_thumbnail":0,"footnotes":""},"categories":[2,3,5],"tags":[15,37,70,69,2311,3169,72,263,16],"class_list":{"0":"post-47564","1":"post","2":"type-post","3":"status-publish","4":"format-standard","5":"has-post-thumbnail","7":"category-dorog","8":"category-hirek","9":"category-sport","10":"tag-dorog","11":"tag-dorogi-fc","12":"tag-foci","13":"tag-futball","14":"tag-gyor","15":"tag-gyori-eto","16":"tag-labdarugas","17":"tag-nb-ii","18":"tag-sport"},"yoast_head":"<!-- This site is optimized with the Yoast SEO plugin v27.4 - https:\/\/yoast.com\/product\/yoast-seo-wordpress\/ -->\n<title>Priskin fejes\u00e9vel nyert az ETO Dorogon<\/title>\n<meta name=\"robots\" content=\"index, follow, max-snippet:-1, max-image-preview:large, max-video-preview:-1\" \/>\n<link rel=\"canonical\" href=\"https:\/\/dorogimedence.hu\/index.php\/2022\/10\/23\/priskin-fejesevel-nyert-az-eto-dorogon\/\" class=\"yoast-seo-meta-tag\" \/>\n<meta property=\"og:locale\" content=\"hu_HU\" class=\"yoast-seo-meta-tag\" \/>\n<meta property=\"og:type\" content=\"article\" class=\"yoast-seo-meta-tag\" \/>\n<meta property=\"og:title\" content=\"Priskin fejes\u00e9vel nyert az ETO Dorogon\" class=\"yoast-seo-meta-tag\" \/>\n<meta property=\"og:description\" content=\"A labdar\u00fag\u00f3 NB II 13. fordul\u00f3j\u00e1ban megszakadt az ETO FC Gy\u0151r \u00f6t m\u00e9rk\u0151z\u00e9s \u00f3ta tart\u00f3 nyeretlens\u00e9gi sorozata, T\u00edm\u00e1r Kriszti\u00e1n egy\u00fcttese Priskin Tam\u00e1s g\u00f3lj\u00e1val 1\u20130-s gy\u0151zelmet aratott a kies\u0151 helyen \u00e1ll\u00f3 Dorog otthon\u00e1ban &#8211; \u00edrja a Nemzeti Sport. Ellent\u00e9tes el\u0151jelekkel v\u00e1rhatta egym\u00e1s elleni m\u00e9rk\u0151z\u00e9s\u00e9t a Dorog \u00e9s az ETO FC Gy\u0151r. A h\u00e1zigazda dorogiaknak j\u00f3t tett\" class=\"yoast-seo-meta-tag\" \/>\n<meta property=\"og:url\" content=\"https:\/\/dorogimedence.hu\/index.php\/2022\/10\/23\/priskin-fejesevel-nyert-az-eto-dorogon\/\" class=\"yoast-seo-meta-tag\" \/>\n<meta property=\"og:site_name\" content=\"Dorogi-medence Region\u00e1lis H\u00edrport\u00e1l\" class=\"yoast-seo-meta-tag\" \/>\n<meta property=\"article:publisher\" content=\"https:\/\/www.facebook.com\/dorogimedence\/\" class=\"yoast-seo-meta-tag\" \/>\n<meta property=\"article:published_time\" content=\"2022-10-23T08:08:03+00:00\" class=\"yoast-seo-meta-tag\" \/>\n<meta property=\"article:modified_time\" content=\"2022-10-23T08:08:22+00:00\" class=\"yoast-seo-meta-tag\" \/>\n<meta property=\"og:image\" content=\"https:\/\/dorogimedence.hu\/wp-content\/uploads\/2022\/10\/311088274_527642129369251_4753291646611021263_n.jpg\" class=\"yoast-seo-meta-tag\" \/>\n\t<meta property=\"og:image:width\" content=\"2048\" class=\"yoast-seo-meta-tag\" \/>\n\t<meta property=\"og:image:height\" content=\"1365\" class=\"yoast-seo-meta-tag\" \/>\n\t<meta property=\"og:image:type\" content=\"image\/jpeg\" class=\"yoast-seo-meta-tag\" \/>\n<meta name=\"author\" content=\"dorogimedence.hu\" class=\"yoast-seo-meta-tag\" \/>\n<meta name=\"twitter:card\" content=\"summary_large_image\" class=\"yoast-seo-meta-tag\" \/>\n<meta name=\"twitter:label1\" content=\"Szerz\u0151:\" class=\"yoast-seo-meta-tag\" \/>\n\t<meta name=\"twitter:data1\" content=\"dorogimedence.hu\" class=\"yoast-seo-meta-tag\" \/>\n\t<meta name=\"twitter:label2\" content=\"Becs\u00fclt olvas\u00e1si id\u0151\" class=\"yoast-seo-meta-tag\" \/>\n\t<meta name=\"twitter:data2\" content=\"3 perc\" class=\"yoast-seo-meta-tag\" \/>\n<script type=\"application\/ld+json\" class=\"yoast-schema-graph\">{\"@context\":\"https:\\\/\\\/schema.org\",\"@graph\":[{\"@type\":\"Article\",\"@id\":\"https:\\\/\\\/dorogimedence.hu\\\/index.php\\\/2022\\\/10\\\/23\\\/priskin-fejesevel-nyert-az-eto-dorogon\\\/#article\",\"isPartOf\":{\"@id\":\"https:\\\/\\\/dorogimedence.hu\\\/index.php\\\/2022\\\/10\\\/23\\\/priskin-fejesevel-nyert-az-eto-dorogon\\\/\"},\"author\":{\"name\":\"dorogimedence.hu\",\"@id\":\"https:\\\/\\\/dorogimedence.hu\\\/#\\\/schema\\\/person\\\/ce6091eeb7e95ecdc87890d6aa8e0fd4\"},\"headline\":\"Priskin fejes\u00e9vel nyert az ETO Dorogon\",\"datePublished\":\"2022-10-23T08:08:03+00:00\",\"dateModified\":\"2022-10-23T08:08:22+00:00\",\"mainEntityOfPage\":{\"@id\":\"https:\\\/\\\/dorogimedence.hu\\\/index.php\\\/2022\\\/10\\\/23\\\/priskin-fejesevel-nyert-az-eto-dorogon\\\/\"},\"wordCount\":621,\"publisher\":{\"@id\":\"https:\\\/\\\/dorogimedence.hu\\\/#organization\"},\"image\":{\"@id\":\"https:\\\/\\\/dorogimedence.hu\\\/index.php\\\/2022\\\/10\\\/23\\\/priskin-fejesevel-nyert-az-eto-dorogon\\\/#primaryimage\"},\"thumbnailUrl\":\"https:\\\/\\\/dorogimedence.hu\\\/wp-content\\\/uploads\\\/2022\\\/10\\\/311088274_527642129369251_4753291646611021263_n.jpg\",\"keywords\":[\"Dorog\",\"Dorogi FC\",\"foci\",\"futball\",\"Gy\u0151r\",\"Gy\u0151ri ETO\",\"labdar\u00fag\u00e1s\",\"NB II\",\"sport\"],\"articleSection\":[\"Dorog\",\"H\u00edrek\",\"Sport\"],\"inLanguage\":\"hu\"},{\"@type\":\"WebPage\",\"@id\":\"https:\\\/\\\/dorogimedence.hu\\\/index.php\\\/2022\\\/10\\\/23\\\/priskin-fejesevel-nyert-az-eto-dorogon\\\/\",\"url\":\"https:\\\/\\\/dorogimedence.hu\\\/index.php\\\/2022\\\/10\\\/23\\\/priskin-fejesevel-nyert-az-eto-dorogon\\\/\",\"name\":\"Priskin fejes\u00e9vel nyert az ETO Dorogon\",\"isPartOf\":{\"@id\":\"https:\\\/\\\/dorogimedence.hu\\\/#website\"},\"primaryImageOfPage\":{\"@id\":\"https:\\\/\\\/dorogimedence.hu\\\/index.php\\\/2022\\\/10\\\/23\\\/priskin-fejesevel-nyert-az-eto-dorogon\\\/#primaryimage\"},\"image\":{\"@id\":\"https:\\\/\\\/dorogimedence.hu\\\/index.php\\\/2022\\\/10\\\/23\\\/priskin-fejesevel-nyert-az-eto-dorogon\\\/#primaryimage\"},\"thumbnailUrl\":\"https:\\\/\\\/dorogimedence.hu\\\/wp-content\\\/uploads\\\/2022\\\/10\\\/311088274_527642129369251_4753291646611021263_n.jpg\",\"datePublished\":\"2022-10-23T08:08:03+00:00\",\"dateModified\":\"2022-10-23T08:08:22+00:00\",\"breadcrumb\":{\"@id\":\"https:\\\/\\\/dorogimedence.hu\\\/index.php\\\/2022\\\/10\\\/23\\\/priskin-fejesevel-nyert-az-eto-dorogon\\\/#breadcrumb\"},\"inLanguage\":\"hu\",\"potentialAction\":[{\"@type\":\"ReadAction\",\"target\":[\"https:\\\/\\\/dorogimedence.hu\\\/index.php\\\/2022\\\/10\\\/23\\\/priskin-fejesevel-nyert-az-eto-dorogon\\\/\"]}]},{\"@type\":\"ImageObject\",\"inLanguage\":\"hu\",\"@id\":\"https:\\\/\\\/dorogimedence.hu\\\/index.php\\\/2022\\\/10\\\/23\\\/priskin-fejesevel-nyert-az-eto-dorogon\\\/#primaryimage\",\"url\":\"https:\\\/\\\/dorogimedence.hu\\\/wp-content\\\/uploads\\\/2022\\\/10\\\/311088274_527642129369251_4753291646611021263_n.jpg\",\"contentUrl\":\"https:\\\/\\\/dorogimedence.hu\\\/wp-content\\\/uploads\\\/2022\\\/10\\\/311088274_527642129369251_4753291646611021263_n.jpg\",\"width\":2048,\"height\":1365},{\"@type\":\"BreadcrumbList\",\"@id\":\"https:\\\/\\\/dorogimedence.hu\\\/index.php\\\/2022\\\/10\\\/23\\\/priskin-fejesevel-nyert-az-eto-dorogon\\\/#breadcrumb\",\"itemListElement\":[{\"@type\":\"ListItem\",\"position\":1,\"name\":\"Kezd\u0151lap\",\"item\":\"https:\\\/\\\/dorogimedence.hu\\\/\"},{\"@type\":\"ListItem\",\"position\":2,\"name\":\"Priskin fejes\u00e9vel nyert az ETO Dorogon\"}]},{\"@type\":\"WebSite\",\"@id\":\"https:\\\/\\\/dorogimedence.hu\\\/#website\",\"url\":\"https:\\\/\\\/dorogimedence.hu\\\/\",\"name\":\"Dorogi-medence Region\u00e1lis H\u00edrport\u00e1l\",\"description\":\"Dorog, Keszt\u00f6lc, Le\u00e1nyv\u00e1r, Piliscs\u00e9v, Tokod, Tokodalt\u00e1r\u00f3, Csolnok, Esztergom-kertv\u00e1ros: h\u00edrek, programok\",\"publisher\":{\"@id\":\"https:\\\/\\\/dorogimedence.hu\\\/#organization\"},\"potentialAction\":[{\"@type\":\"SearchAction\",\"target\":{\"@type\":\"EntryPoint\",\"urlTemplate\":\"https:\\\/\\\/dorogimedence.hu\\\/?s={search_term_string}\"},\"query-input\":{\"@type\":\"PropertyValueSpecification\",\"valueRequired\":true,\"valueName\":\"search_term_string\"}}],\"inLanguage\":\"hu\"},{\"@type\":\"Organization\",\"@id\":\"https:\\\/\\\/dorogimedence.hu\\\/#organization\",\"name\":\"Dorogi-medence Region\u00e1lis H\u00edrport\u00e1l\",\"url\":\"https:\\\/\\\/dorogimedence.hu\\\/\",\"logo\":{\"@type\":\"ImageObject\",\"inLanguage\":\"hu\",\"@id\":\"https:\\\/\\\/dorogimedence.hu\\\/#\\\/schema\\\/logo\\\/image\\\/\",\"url\":\"https:\\\/\\\/dorogimedence.hu\\\/wp-content\\\/uploads\\\/2021\\\/04\\\/logo-feher-600.png\",\"contentUrl\":\"https:\\\/\\\/dorogimedence.hu\\\/wp-content\\\/uploads\\\/2021\\\/04\\\/logo-feher-600.png\",\"width\":600,\"height\":100,\"caption\":\"Dorogi-medence Region\u00e1lis H\u00edrport\u00e1l\"},\"image\":{\"@id\":\"https:\\\/\\\/dorogimedence.hu\\\/#\\\/schema\\\/logo\\\/image\\\/\"},\"sameAs\":[\"https:\\\/\\\/www.facebook.com\\\/dorogimedence\\\/\"]},{\"@type\":\"Person\",\"@id\":\"https:\\\/\\\/dorogimedence.hu\\\/#\\\/schema\\\/person\\\/ce6091eeb7e95ecdc87890d6aa8e0fd4\",\"name\":\"dorogimedence.hu\",\"image\":{\"@type\":\"ImageObject\",\"inLanguage\":\"hu\",\"@id\":\"\\\/\\\/www.gravatar.com\\\/avatar\\\/d8d45f8901aadff40a4af72c0b826f1d?s=96&#038;r=g&#038;d=mm\",\"url\":\"\\\/\\\/www.gravatar.com\\\/avatar\\\/d8d45f8901aadff40a4af72c0b826f1d?s=96&#038;r=g&#038;d=mm\",\"contentUrl\":\"\\\/\\\/www.gravatar.com\\\/avatar\\\/d8d45f8901aadff40a4af72c0b826f1d?s=96&#038;r=g&#038;d=mm\",\"caption\":\"dorogimedence.hu\"}}]}<\/script>\n<!-- \/ Yoast SEO plugin. -->","yoast_head_json":{"title":"Priskin fejes\u00e9vel nyert az ETO Dorogon","robots":{"index":"index","follow":"follow","max-snippet":"max-snippet:-1","max-image-preview":"max-image-preview:large","max-video-preview":"max-video-preview:-1"},"canonical":"https:\/\/dorogimedence.hu\/index.php\/2022\/10\/23\/priskin-fejesevel-nyert-az-eto-dorogon\/","og_locale":"hu_HU","og_type":"article","og_title":"Priskin fejes\u00e9vel nyert az ETO Dorogon","og_description":"A labdar\u00fag\u00f3 NB II 13. fordul\u00f3j\u00e1ban megszakadt az ETO FC Gy\u0151r \u00f6t m\u00e9rk\u0151z\u00e9s \u00f3ta tart\u00f3 nyeretlens\u00e9gi sorozata, T\u00edm\u00e1r Kriszti\u00e1n egy\u00fcttese Priskin Tam\u00e1s g\u00f3lj\u00e1val 1\u20130-s gy\u0151zelmet aratott a kies\u0151 helyen \u00e1ll\u00f3 Dorog otthon\u00e1ban &#8211; \u00edrja a Nemzeti Sport. Ellent\u00e9tes el\u0151jelekkel v\u00e1rhatta egym\u00e1s elleni m\u00e9rk\u0151z\u00e9s\u00e9t a Dorog \u00e9s az ETO FC Gy\u0151r. A h\u00e1zigazda dorogiaknak j\u00f3t tett","og_url":"https:\/\/dorogimedence.hu\/index.php\/2022\/10\/23\/priskin-fejesevel-nyert-az-eto-dorogon\/","og_site_name":"Dorogi-medence Region\u00e1lis H\u00edrport\u00e1l","article_publisher":"https:\/\/www.facebook.com\/dorogimedence\/","article_published_time":"2022-10-23T08:08:03+00:00","article_modified_time":"2022-10-23T08:08:22+00:00","og_image":[{"width":2048,"height":1365,"url":"https:\/\/dorogimedence.hu\/wp-content\/uploads\/2022\/10\/311088274_527642129369251_4753291646611021263_n.jpg","type":"image\/jpeg"}],"author":"dorogimedence.hu","twitter_card":"summary_large_image","twitter_misc":{"Szerz\u0151:":"dorogimedence.hu","Becs\u00fclt olvas\u00e1si id\u0151":"3 perc"},"schema":{"@context":"https:\/\/schema.org","@graph":[{"@type":"Article","@id":"https:\/\/dorogimedence.hu\/index.php\/2022\/10\/23\/priskin-fejesevel-nyert-az-eto-dorogon\/#article","isPartOf":{"@id":"https:\/\/dorogimedence.hu\/index.php\/2022\/10\/23\/priskin-fejesevel-nyert-az-eto-dorogon\/"},"author":{"name":"dorogimedence.hu","@id":"https:\/\/dorogimedence.hu\/#\/schema\/person\/ce6091eeb7e95ecdc87890d6aa8e0fd4"},"headline":"Priskin fejes\u00e9vel nyert az ETO Dorogon","datePublished":"2022-10-23T08:08:03+00:00","dateModified":"2022-10-23T08:08:22+00:00","mainEntityOfPage":{"@id":"https:\/\/dorogimedence.hu\/index.php\/2022\/10\/23\/priskin-fejesevel-nyert-az-eto-dorogon\/"},"wordCount":621,"publisher":{"@id":"https:\/\/dorogimedence.hu\/#organization"},"image":{"@id":"https:\/\/dorogimedence.hu\/index.php\/2022\/10\/23\/priskin-fejesevel-nyert-az-eto-dorogon\/#primaryimage"},"thumbnailUrl":"https:\/\/dorogimedence.hu\/wp-content\/uploads\/2022\/10\/311088274_527642129369251_4753291646611021263_n.jpg","keywords":["Dorog","Dorogi FC","foci","futball","Gy\u0151r","Gy\u0151ri ETO","labdar\u00fag\u00e1s","NB II","sport"],"articleSection":["Dorog","H\u00edrek","Sport"],"inLanguage":"hu"},{"@type":"WebPage","@id":"https:\/\/dorogimedence.hu\/index.php\/2022\/10\/23\/priskin-fejesevel-nyert-az-eto-dorogon\/","url":"https:\/\/dorogimedence.hu\/index.php\/2022\/10\/23\/priskin-fejesevel-nyert-az-eto-dorogon\/","name":"Priskin fejes\u00e9vel nyert az ETO Dorogon","isPartOf":{"@id":"https:\/\/dorogimedence.hu\/#website"},"primaryImageOfPage":{"@id":"https:\/\/dorogimedence.hu\/index.php\/2022\/10\/23\/priskin-fejesevel-nyert-az-eto-dorogon\/#primaryimage"},"image":{"@id":"https:\/\/dorogimedence.hu\/index.php\/2022\/10\/23\/priskin-fejesevel-nyert-az-eto-dorogon\/#primaryimage"},"thumbnailUrl":"https:\/\/dorogimedence.hu\/wp-content\/uploads\/2022\/10\/311088274_527642129369251_4753291646611021263_n.jpg","datePublished":"2022-10-23T08:08:03+00:00","dateModified":"2022-10-23T08:08:22+00:00","breadcrumb":{"@id":"https:\/\/dorogimedence.hu\/index.php\/2022\/10\/23\/priskin-fejesevel-nyert-az-eto-dorogon\/#breadcrumb"},"inLanguage":"hu","potentialAction":[{"@type":"ReadAction","target":["https:\/\/dorogimedence.hu\/index.php\/2022\/10\/23\/priskin-fejesevel-nyert-az-eto-dorogon\/"]}]},{"@type":"ImageObject","inLanguage":"hu","@id":"https:\/\/dorogimedence.hu\/index.php\/2022\/10\/23\/priskin-fejesevel-nyert-az-eto-dorogon\/#primaryimage","url":"https:\/\/dorogimedence.hu\/wp-content\/uploads\/2022\/10\/311088274_527642129369251_4753291646611021263_n.jpg","contentUrl":"https:\/\/dorogimedence.hu\/wp-content\/uploads\/2022\/10\/311088274_527642129369251_4753291646611021263_n.jpg","width":2048,"height":1365},{"@type":"BreadcrumbList","@id":"https:\/\/dorogimedence.hu\/index.php\/2022\/10\/23\/priskin-fejesevel-nyert-az-eto-dorogon\/#breadcrumb","itemListElement":[{"@type":"ListItem","position":1,"name":"Kezd\u0151lap","item":"https:\/\/dorogimedence.hu\/"},{"@type":"ListItem","position":2,"name":"Priskin fejes\u00e9vel nyert az ETO Dorogon"}]},{"@type":"WebSite","@id":"https:\/\/dorogimedence.hu\/#website","url":"https:\/\/dorogimedence.hu\/","name":"Dorogi-medence Region\u00e1lis H\u00edrport\u00e1l","description":"Dorog, Keszt\u00f6lc, Le\u00e1nyv\u00e1r, Piliscs\u00e9v, Tokod, Tokodalt\u00e1r\u00f3, Csolnok, Esztergom-kertv\u00e1ros: h\u00edrek, programok","publisher":{"@id":"https:\/\/dorogimedence.hu\/#organization"},"potentialAction":[{"@type":"SearchAction","target":{"@type":"EntryPoint","urlTemplate":"https:\/\/dorogimedence.hu\/?s={search_term_string}"},"query-input":{"@type":"PropertyValueSpecification","valueRequired":true,"valueName":"search_term_string"}}],"inLanguage":"hu"},{"@type":"Organization","@id":"https:\/\/dorogimedence.hu\/#organization","name":"Dorogi-medence Region\u00e1lis H\u00edrport\u00e1l","url":"https:\/\/dorogimedence.hu\/","logo":{"@type":"ImageObject","inLanguage":"hu","@id":"https:\/\/dorogimedence.hu\/#\/schema\/logo\/image\/","url":"https:\/\/dorogimedence.hu\/wp-content\/uploads\/2021\/04\/logo-feher-600.png","contentUrl":"https:\/\/dorogimedence.hu\/wp-content\/uploads\/2021\/04\/logo-feher-600.png","width":600,"height":100,"caption":"Dorogi-medence Region\u00e1lis H\u00edrport\u00e1l"},"image":{"@id":"https:\/\/dorogimedence.hu\/#\/schema\/logo\/image\/"},"sameAs":["https:\/\/www.facebook.com\/dorogimedence\/"]},{"@type":"Person","@id":"https:\/\/dorogimedence.hu\/#\/schema\/person\/ce6091eeb7e95ecdc87890d6aa8e0fd4","name":"dorogimedence.hu","image":{"@type":"ImageObject","inLanguage":"hu","@id":"\/\/www.gravatar.com\/avatar\/d8d45f8901aadff40a4af72c0b826f1d?s=96&#038;r=g&#038;d=mm","url":"\/\/www.gravatar.com\/avatar\/d8d45f8901aadff40a4af72c0b826f1d?s=96&#038;r=g&#038;d=mm","contentUrl":"\/\/www.gravatar.com\/avatar\/d8d45f8901aadff40a4af72c0b826f1d?s=96&#038;r=g&#038;d=mm","caption":"dorogimedence.hu"}}]}},"_links":{"self":[{"href":"https:\/\/dorogimedence.hu\/index.php\/wp-json\/wp\/v2\/posts\/47564","targetHints":{"allow":["GET"]}}],"collection":[{"href":"https:\/\/dorogimedence.hu\/index.php\/wp-json\/wp\/v2\/posts"}],"about":[{"href":"https:\/\/dorogimedence.hu\/index.php\/wp-json\/wp\/v2\/types\/post"}],"author":[{"embeddable":true,"href":"https:\/\/dorogimedence.hu\/index.php\/wp-json\/wp\/v2\/users\/1"}],"replies":[{"embeddable":true,"href":"https:\/\/dorogimedence.hu\/index.php\/wp-json\/wp\/v2\/comments?post=47564"}],"version-history":[{"count":0,"href":"https:\/\/dorogimedence.hu\/index.php\/wp-json\/wp\/v2\/posts\/47564\/revisions"}],"wp:featuredmedia":[{"embeddable":true,"href":"https:\/\/dorogimedence.hu\/index.php\/wp-json\/wp\/v2\/media\/47565"}],"wp:attachment":[{"href":"https:\/\/dorogimedence.hu\/index.php\/wp-json\/wp\/v2\/media?parent=47564"}],"wp:term":[{"taxonomy":"category","embeddable":true,"href":"https:\/\/dorogimedence.hu\/index.php\/wp-json\/wp\/v2\/categories?post=47564"},{"taxonomy":"post_tag","embeddable":true,"href":"https:\/\/dorogimedence.hu\/index.php\/wp-json\/wp\/v2\/tags?post=47564"}],"curies":[{"name":"wp","href":"https:\/\/api.w.org\/{rel}","templated":true}]}}