{"id":47465,"date":"2022-10-21T07:22:42","date_gmt":"2022-10-21T05:22:42","guid":{"rendered":"https:\/\/dorogimedence.hu\/?p=47465"},"modified":"2022-10-21T17:28:50","modified_gmt":"2022-10-21T15:28:50","slug":"orok-merlegen-dorog-gyori-eto-3","status":"publish","type":"post","link":"https:\/\/dorogimedence.hu\/index.php\/2022\/10\/21\/orok-merlegen-dorog-gyori-eto-3\/","title":{"rendered":"\u00d6r\u00f6k M\u00e9rlegen: Dorog \u2013 Gy\u0151ri ETO"},"content":{"rendered":"<p style=\"text-align: justify;\"><strong>A bajnoks\u00e1g 13. fordul\u00f3j\u00e1ra ker\u00fcl sor a labdar\u00fag\u00f3 NB II-ben, ahol a m\u00falt fordul\u00f3ban brav\u00faros idegenbeli gy\u0151zelmet arat\u00f3 dorogiak a kiegyens\u00falyozott k\u00f6z\u00e9pcsapatot, a h\u00e9tk\u00f6zi kupafordul\u00f3ban vit\u00e9zked\u0151 kisalf\u00f6ldi g\u00e1rd\u00e1t fogadj\u00e1k. A m\u00e9rk\u0151z\u00e9s okt\u00f3ber 22-\u00e9n, szombaton 13 \u00f3rakor kezd\u0151dik a Buz\u00e1nszky stadionban.<\/strong><\/p>\n<p style=\"text-align: justify;\">\u00daj edz\u0151vel sikerrel vette a legut\u00f3bbi bajnokit a piros-fekete leg\u00e9nys\u00e9g a sokkal es\u00e9lyesebb Ny\u00edregyh\u00e1za vend\u00e9gek\u00e9nt. \u00d6sszess\u00e9g\u00e9ben egy \u00e9lvezetes, mindv\u00e9gig ny\u00edlt \u00f6sszecsap\u00e1son v\u00e9gre meg\u00e9rdemelten nyert a Dorog. Soronk\u00f6vetkez\u0151 ellenfele 6 ponttal t\u00f6bbet szerezve stabilan \u00e1ll a k\u00f6z\u00e9pmez\u0151nyben. A gy\u0151riek 1\u20131-es d\u00f6ntetlen j\u00e1tszottak odahaza a Szentl\u0151rinccel a legut\u00f3bbi bajnokin, m\u00edg a h\u00e9tk\u00f6zi kupafordul\u00f3ban 1 : 0 ar\u00e1nyban legy\u0151zt\u00e9k az NB I-ben kiv\u00e1l\u00f3an szerepl\u0151 Kecskem\u00e9tet \u00e9s l\u00e9ptek a k\u00f6vetkez\u0151 k\u00f6rbe.<\/p>\n<p style=\"text-align: center;\"><strong>Ez lesz a k\u00e9t csapat 57. egym\u00e1s elleni t\u00e9tm\u00e9rk\u0151z\u00e9se<\/strong><\/p>\n<p><img fetchpriority=\"high\" decoding=\"async\" class=\"aligncenter wp-image-47463 \" src=\"https:\/\/dorogimedence.hu\/wp-content\/uploads\/2022\/10\/merleg-jobbra-300x300.jpg\" alt=\"\" width=\"397\" height=\"397\" srcset=\"https:\/\/dorogimedence.hu\/wp-content\/uploads\/2022\/10\/merleg-jobbra-300x300.jpg 300w, https:\/\/dorogimedence.hu\/wp-content\/uploads\/2022\/10\/merleg-jobbra-150x150.jpg 150w, https:\/\/dorogimedence.hu\/wp-content\/uploads\/2022\/10\/merleg-jobbra-768x768.jpg 768w, https:\/\/dorogimedence.hu\/wp-content\/uploads\/2022\/10\/merleg-jobbra-450x450.jpg 450w, https:\/\/dorogimedence.hu\/wp-content\/uploads\/2022\/10\/merleg-jobbra.jpg 777w\" sizes=\"(max-width: 397px) 100vw, 397px\" \/><\/p>\n<p style=\"text-align: justify;\">Az eddigi 56 tal\u00e1lkoz\u00f3n 19 dorogi gy\u0151zelem, 16 d\u00f6ntetlen, 21 veres\u00e9g; 86 : 93-as g\u00f3lar\u00e1nnyal sz\u00fcletett.<\/p>\n<p style=\"text-align: justify;\">Hazai m\u00e9rleg: 30 meccsb\u0151l 13 gy\u0151zelem, 9 d\u00f6ntetlen, 8 veres\u00e9g; 50 : 38-as g\u00f3lar\u00e1ny.<\/p>\n<p style=\"text-align: justify;\">Csak a bajnoki m\u00e9rk\u0151z\u00e9sek tekintet\u00e9ben 49 meccsen, 17 dorogi gy\u0151zelem, 16 d\u00f6ntetlen, 16 veres\u00e9g; 76 : 80-as g\u00f3lar\u00e1nnyal.<\/p>\n<p style=\"text-align: justify;\">A gy\u0151riekkel 2017 \u00f3ta folyamatosan csoportt\u00e1rsak, imm\u00e1r 6. egym\u00e1s ut\u00e1ni \u00e9vadban. Ezalatt 9-szer meccseltek egym\u00e1ssal, ahol\u00a0 a m\u00e9rleg 4 dorogi gy\u0151zelem, 3 d\u00f6ntetlen, 2 veres\u00e9g; 14 : 12-es g\u00f3lar\u00e1ny.<\/p>\n<p><img decoding=\"async\" class=\"aligncenter wp-image-47462 size-full\" src=\"https:\/\/dorogimedence.hu\/wp-content\/uploads\/2022\/10\/ETO-Dorog-2022.jpg\" alt=\"\" width=\"1280\" height=\"853\" srcset=\"https:\/\/dorogimedence.hu\/wp-content\/uploads\/2022\/10\/ETO-Dorog-2022.jpg 1280w, https:\/\/dorogimedence.hu\/wp-content\/uploads\/2022\/10\/ETO-Dorog-2022-300x200.jpg 300w, https:\/\/dorogimedence.hu\/wp-content\/uploads\/2022\/10\/ETO-Dorog-2022-1024x682.jpg 1024w, https:\/\/dorogimedence.hu\/wp-content\/uploads\/2022\/10\/ETO-Dorog-2022-768x512.jpg 768w, https:\/\/dorogimedence.hu\/wp-content\/uploads\/2022\/10\/ETO-Dorog-2022-150x100.jpg 150w, https:\/\/dorogimedence.hu\/wp-content\/uploads\/2022\/10\/ETO-Dorog-2022-450x300.jpg 450w, https:\/\/dorogimedence.hu\/wp-content\/uploads\/2022\/10\/ETO-Dorog-2022-1200x800.jpg 1200w, https:\/\/dorogimedence.hu\/wp-content\/uploads\/2022\/10\/ETO-Dorog-2022-272x182.jpg 272w\" sizes=\"(max-width: 1280px) 100vw, 1280px\" \/><\/p>\n<p style=\"text-align: center;\"><span style=\"font-size: 10pt;\"><em>Legut\u00f3bbi meccs\u00fck Gy\u0151rben, az \u00e9vad z\u00e1r\u00f3fordul\u00f3j\u00e1ban, id\u00e9n m\u00e1jus 22-\u00e9n (forr\u00e1s: Gy\u0151ri ETO honlap)<\/em><\/span><\/p>\n<p style=\"text-align: justify;\">Az el\u0151z\u0151 fordul\u00f3b\u00f3l lehetne, s\u0151t kell is er\u0151t, lend\u00fcletet mer\u00edteni a folytat\u00e1sban. A dorogiakra rettent\u0151en r\u00e1f\u00e9rn\u00e9nek tov\u00e1bbi gy\u0151zelmek, hiszen b\u00e1r v\u00e9gre siker\u00fclt a sereghajt\u00f3 helyr\u0151l elmozdulni, viszont v\u00e1ltozatlanul kies\u0151 poz\u00edci\u00f3ban vannak \u00e9s 4 pontnyira van t\u0151l\u00fck a bennmarad\u00e1st jelent\u0151 15. hely. Nem is volna aggodalomra ok, amennyiben az elm\u00falt k\u00f6zel t\u00edz \u00e9vben megszokott tendencia lenne a m\u00e9rvad\u00f3. Ugyanis a dorogiak odahaza rendre vert\u00e9k a Gy\u0151rt \u00e9s idegenben is valah\u00e1nyszor pontosan szerepeltek ellen\u00fck. Az elm\u00falt \u00e9vadban viszont fordult a kocka \u00e9s el\u0151bb idehaza 1\u20130-ra, m\u00edg az utols\u00f3 egym\u00e1s elleni tal\u00e1lkoz\u00f3jukon az ETO stadionban kaptak ki sim\u00e1n 4 : 0 ar\u00e1nyban. Ezzel a R\u00e1ba-partiak oda-vissza nyertek \u00fagy, hogy m\u00e9g sz\u00e9p\u00edt\u0151 g\u00f3lra sem futotta. Ez\u00fattal a S\u00e9ny\u0151n mutatott j\u00e1t\u00e9kkal lehetne keresni val\u00f3juk. B\u00e1tor \u00e9s elsz\u00e1nt t\u00e1mad\u00f3 futballal meg lehetne lepni a vend\u00e9geket. Mindenesetre egy esetleges dorogi gy\u0151zelem megintcsak brav\u00farnak sz\u00e1m\u00edtana a j\u00f3 er\u0151kb\u0151l \u00e1ll\u00f3 massz\u00edv ETO g\u00e1rd\u00e1j\u00e1val szemben.<\/p>\n<p><em><strong>Szab\u00f3 Gyula<\/strong><\/em><\/p>\n","protected":false},"excerpt":{"rendered":"<p>A bajnoks\u00e1g 13. fordul\u00f3j\u00e1ra ker\u00fcl sor a labdar\u00fag\u00f3 NB II-ben, ahol a m\u00falt fordul\u00f3ban brav\u00faros idegenbeli gy\u0151zelmet arat\u00f3 dorogiak a kiegyens\u00falyozott k\u00f6z\u00e9pcsapatot, a h\u00e9tk\u00f6zi kupafordul\u00f3ban vit\u00e9zked\u0151 kisalf\u00f6ldi g\u00e1rd\u00e1t fogadj\u00e1k. A m\u00e9rk\u0151z\u00e9s okt\u00f3ber 22-\u00e9n, szombaton 13 \u00f3rakor kezd\u0151dik a Buz\u00e1nszky stadionban. \u00daj edz\u0151vel sikerrel vette a legut\u00f3bbi bajnokit a piros-fekete leg\u00e9nys\u00e9g a sokkal es\u00e9lyesebb Ny\u00edregyh\u00e1za vend\u00e9gek\u00e9nt.<\/p>\n","protected":false},"author":4,"featured_media":47464,"comment_status":"closed","ping_status":"closed","sticky":false,"template":"","format":"standard","meta":{"ngg_post_thumbnail":0,"footnotes":""},"categories":[2,3,5],"tags":[15,37,70,69,3169,72,263,16],"class_list":{"0":"post-47465","1":"post","2":"type-post","3":"status-publish","4":"format-standard","5":"has-post-thumbnail","7":"category-dorog","8":"category-hirek","9":"category-sport","10":"tag-dorog","11":"tag-dorogi-fc","12":"tag-foci","13":"tag-futball","14":"tag-gyori-eto","15":"tag-labdarugas","16":"tag-nb-ii","17":"tag-sport"},"yoast_head":"<!-- This site is optimized with the Yoast SEO plugin v27.5 - https:\/\/yoast.com\/product\/yoast-seo-wordpress\/ -->\n<title>\u00d6r\u00f6k M\u00e9rlegen: Dorog \u2013 Gy\u0151ri ETO<\/title>\n<meta name=\"robots\" content=\"index, follow, max-snippet:-1, max-image-preview:large, max-video-preview:-1\" \/>\n<link rel=\"canonical\" href=\"https:\/\/dorogimedence.hu\/index.php\/2022\/10\/21\/orok-merlegen-dorog-gyori-eto-3\/\" class=\"yoast-seo-meta-tag\" \/>\n<meta property=\"og:locale\" content=\"hu_HU\" class=\"yoast-seo-meta-tag\" \/>\n<meta property=\"og:type\" content=\"article\" class=\"yoast-seo-meta-tag\" \/>\n<meta property=\"og:title\" content=\"\u00d6r\u00f6k M\u00e9rlegen: Dorog \u2013 Gy\u0151ri ETO\" class=\"yoast-seo-meta-tag\" \/>\n<meta property=\"og:description\" content=\"A bajnoks\u00e1g 13. fordul\u00f3j\u00e1ra ker\u00fcl sor a labdar\u00fag\u00f3 NB II-ben, ahol a m\u00falt fordul\u00f3ban brav\u00faros idegenbeli gy\u0151zelmet arat\u00f3 dorogiak a kiegyens\u00falyozott k\u00f6z\u00e9pcsapatot, a h\u00e9tk\u00f6zi kupafordul\u00f3ban vit\u00e9zked\u0151 kisalf\u00f6ldi g\u00e1rd\u00e1t fogadj\u00e1k. A m\u00e9rk\u0151z\u00e9s okt\u00f3ber 22-\u00e9n, szombaton 13 \u00f3rakor kezd\u0151dik a Buz\u00e1nszky stadionban. \u00daj edz\u0151vel sikerrel vette a legut\u00f3bbi bajnokit a piros-fekete leg\u00e9nys\u00e9g a sokkal es\u00e9lyesebb Ny\u00edregyh\u00e1za vend\u00e9gek\u00e9nt.\" class=\"yoast-seo-meta-tag\" \/>\n<meta property=\"og:url\" content=\"https:\/\/dorogimedence.hu\/index.php\/2022\/10\/21\/orok-merlegen-dorog-gyori-eto-3\/\" class=\"yoast-seo-meta-tag\" \/>\n<meta property=\"og:site_name\" content=\"Dorogi-medence Region\u00e1lis H\u00edrport\u00e1l\" class=\"yoast-seo-meta-tag\" \/>\n<meta property=\"article:publisher\" content=\"https:\/\/www.facebook.com\/dorogimedence\/\" class=\"yoast-seo-meta-tag\" \/>\n<meta property=\"article:published_time\" content=\"2022-10-21T05:22:42+00:00\" class=\"yoast-seo-meta-tag\" \/>\n<meta property=\"article:modified_time\" content=\"2022-10-21T15:28:50+00:00\" class=\"yoast-seo-meta-tag\" \/>\n<meta property=\"og:image\" content=\"https:\/\/dorogimedence.hu\/wp-content\/uploads\/2022\/10\/Dorog-ETO-borito.jpg\" class=\"yoast-seo-meta-tag\" \/>\n\t<meta property=\"og:image:width\" content=\"1060\" class=\"yoast-seo-meta-tag\" \/>\n\t<meta property=\"og:image:height\" content=\"521\" class=\"yoast-seo-meta-tag\" \/>\n\t<meta property=\"og:image:type\" content=\"image\/jpeg\" class=\"yoast-seo-meta-tag\" \/>\n<meta name=\"author\" content=\"Szab\u00f3 Gyula\" class=\"yoast-seo-meta-tag\" \/>\n<meta name=\"twitter:card\" content=\"summary_large_image\" class=\"yoast-seo-meta-tag\" \/>\n<meta name=\"twitter:label1\" content=\"Szerz\u0151:\" class=\"yoast-seo-meta-tag\" \/>\n\t<meta name=\"twitter:data1\" content=\"Szab\u00f3 Gyula\" class=\"yoast-seo-meta-tag\" \/>\n\t<meta name=\"twitter:label2\" content=\"Becs\u00fclt olvas\u00e1si id\u0151\" class=\"yoast-seo-meta-tag\" \/>\n\t<meta name=\"twitter:data2\" content=\"3 perc\" class=\"yoast-seo-meta-tag\" \/>\n<script type=\"application\/ld+json\" class=\"yoast-schema-graph\">{\"@context\":\"https:\\\/\\\/schema.org\",\"@graph\":[{\"@type\":\"Article\",\"@id\":\"https:\\\/\\\/dorogimedence.hu\\\/index.php\\\/2022\\\/10\\\/21\\\/orok-merlegen-dorog-gyori-eto-3\\\/#article\",\"isPartOf\":{\"@id\":\"https:\\\/\\\/dorogimedence.hu\\\/index.php\\\/2022\\\/10\\\/21\\\/orok-merlegen-dorog-gyori-eto-3\\\/\"},\"author\":{\"name\":\"Szab\u00f3 Gyula\",\"@id\":\"https:\\\/\\\/dorogimedence.hu\\\/#\\\/schema\\\/person\\\/76605e8151ec1b7376385cd184ede973\"},\"headline\":\"\u00d6r\u00f6k M\u00e9rlegen: Dorog \u2013 Gy\u0151ri ETO\",\"datePublished\":\"2022-10-21T05:22:42+00:00\",\"dateModified\":\"2022-10-21T15:28:50+00:00\",\"mainEntityOfPage\":{\"@id\":\"https:\\\/\\\/dorogimedence.hu\\\/index.php\\\/2022\\\/10\\\/21\\\/orok-merlegen-dorog-gyori-eto-3\\\/\"},\"wordCount\":509,\"publisher\":{\"@id\":\"https:\\\/\\\/dorogimedence.hu\\\/#organization\"},\"image\":{\"@id\":\"https:\\\/\\\/dorogimedence.hu\\\/index.php\\\/2022\\\/10\\\/21\\\/orok-merlegen-dorog-gyori-eto-3\\\/#primaryimage\"},\"thumbnailUrl\":\"https:\\\/\\\/dorogimedence.hu\\\/wp-content\\\/uploads\\\/2022\\\/10\\\/Dorog-ETO-borito.jpg\",\"keywords\":[\"Dorog\",\"Dorogi FC\",\"foci\",\"futball\",\"Gy\u0151ri ETO\",\"labdar\u00fag\u00e1s\",\"NB II\",\"sport\"],\"articleSection\":[\"Dorog\",\"H\u00edrek\",\"Sport\"],\"inLanguage\":\"hu\"},{\"@type\":\"WebPage\",\"@id\":\"https:\\\/\\\/dorogimedence.hu\\\/index.php\\\/2022\\\/10\\\/21\\\/orok-merlegen-dorog-gyori-eto-3\\\/\",\"url\":\"https:\\\/\\\/dorogimedence.hu\\\/index.php\\\/2022\\\/10\\\/21\\\/orok-merlegen-dorog-gyori-eto-3\\\/\",\"name\":\"\u00d6r\u00f6k M\u00e9rlegen: Dorog \u2013 Gy\u0151ri ETO\",\"isPartOf\":{\"@id\":\"https:\\\/\\\/dorogimedence.hu\\\/#website\"},\"primaryImageOfPage\":{\"@id\":\"https:\\\/\\\/dorogimedence.hu\\\/index.php\\\/2022\\\/10\\\/21\\\/orok-merlegen-dorog-gyori-eto-3\\\/#primaryimage\"},\"image\":{\"@id\":\"https:\\\/\\\/dorogimedence.hu\\\/index.php\\\/2022\\\/10\\\/21\\\/orok-merlegen-dorog-gyori-eto-3\\\/#primaryimage\"},\"thumbnailUrl\":\"https:\\\/\\\/dorogimedence.hu\\\/wp-content\\\/uploads\\\/2022\\\/10\\\/Dorog-ETO-borito.jpg\",\"datePublished\":\"2022-10-21T05:22:42+00:00\",\"dateModified\":\"2022-10-21T15:28:50+00:00\",\"breadcrumb\":{\"@id\":\"https:\\\/\\\/dorogimedence.hu\\\/index.php\\\/2022\\\/10\\\/21\\\/orok-merlegen-dorog-gyori-eto-3\\\/#breadcrumb\"},\"inLanguage\":\"hu\",\"potentialAction\":[{\"@type\":\"ReadAction\",\"target\":[\"https:\\\/\\\/dorogimedence.hu\\\/index.php\\\/2022\\\/10\\\/21\\\/orok-merlegen-dorog-gyori-eto-3\\\/\"]}]},{\"@type\":\"ImageObject\",\"inLanguage\":\"hu\",\"@id\":\"https:\\\/\\\/dorogimedence.hu\\\/index.php\\\/2022\\\/10\\\/21\\\/orok-merlegen-dorog-gyori-eto-3\\\/#primaryimage\",\"url\":\"https:\\\/\\\/dorogimedence.hu\\\/wp-content\\\/uploads\\\/2022\\\/10\\\/Dorog-ETO-borito.jpg\",\"contentUrl\":\"https:\\\/\\\/dorogimedence.hu\\\/wp-content\\\/uploads\\\/2022\\\/10\\\/Dorog-ETO-borito.jpg\",\"width\":1060,\"height\":521},{\"@type\":\"BreadcrumbList\",\"@id\":\"https:\\\/\\\/dorogimedence.hu\\\/index.php\\\/2022\\\/10\\\/21\\\/orok-merlegen-dorog-gyori-eto-3\\\/#breadcrumb\",\"itemListElement\":[{\"@type\":\"ListItem\",\"position\":1,\"name\":\"Kezd\u0151lap\",\"item\":\"https:\\\/\\\/dorogimedence.hu\\\/\"},{\"@type\":\"ListItem\",\"position\":2,\"name\":\"\u00d6r\u00f6k M\u00e9rlegen: Dorog \u2013 Gy\u0151ri ETO\"}]},{\"@type\":\"WebSite\",\"@id\":\"https:\\\/\\\/dorogimedence.hu\\\/#website\",\"url\":\"https:\\\/\\\/dorogimedence.hu\\\/\",\"name\":\"Dorogi-medence Region\u00e1lis H\u00edrport\u00e1l\",\"description\":\"Dorog, Keszt\u00f6lc, Le\u00e1nyv\u00e1r, Piliscs\u00e9v, Tokod, Tokodalt\u00e1r\u00f3, Csolnok, Esztergom-kertv\u00e1ros: h\u00edrek, programok\",\"publisher\":{\"@id\":\"https:\\\/\\\/dorogimedence.hu\\\/#organization\"},\"potentialAction\":[{\"@type\":\"SearchAction\",\"target\":{\"@type\":\"EntryPoint\",\"urlTemplate\":\"https:\\\/\\\/dorogimedence.hu\\\/?s={search_term_string}\"},\"query-input\":{\"@type\":\"PropertyValueSpecification\",\"valueRequired\":true,\"valueName\":\"search_term_string\"}}],\"inLanguage\":\"hu\"},{\"@type\":\"Organization\",\"@id\":\"https:\\\/\\\/dorogimedence.hu\\\/#organization\",\"name\":\"Dorogi-medence Region\u00e1lis H\u00edrport\u00e1l\",\"url\":\"https:\\\/\\\/dorogimedence.hu\\\/\",\"logo\":{\"@type\":\"ImageObject\",\"inLanguage\":\"hu\",\"@id\":\"https:\\\/\\\/dorogimedence.hu\\\/#\\\/schema\\\/logo\\\/image\\\/\",\"url\":\"https:\\\/\\\/dorogimedence.hu\\\/wp-content\\\/uploads\\\/2021\\\/04\\\/logo-feher-600.png\",\"contentUrl\":\"https:\\\/\\\/dorogimedence.hu\\\/wp-content\\\/uploads\\\/2021\\\/04\\\/logo-feher-600.png\",\"width\":600,\"height\":100,\"caption\":\"Dorogi-medence Region\u00e1lis H\u00edrport\u00e1l\"},\"image\":{\"@id\":\"https:\\\/\\\/dorogimedence.hu\\\/#\\\/schema\\\/logo\\\/image\\\/\"},\"sameAs\":[\"https:\\\/\\\/www.facebook.com\\\/dorogimedence\\\/\"]},{\"@type\":\"Person\",\"@id\":\"https:\\\/\\\/dorogimedence.hu\\\/#\\\/schema\\\/person\\\/76605e8151ec1b7376385cd184ede973\",\"name\":\"Szab\u00f3 Gyula\",\"image\":{\"@type\":\"ImageObject\",\"inLanguage\":\"hu\",\"@id\":\"\\\/\\\/www.gravatar.com\\\/avatar\\\/3e44b6fb2ef9bcea3639958cc2a587cb?s=96&#038;r=g&#038;d=mm\",\"url\":\"\\\/\\\/www.gravatar.com\\\/avatar\\\/3e44b6fb2ef9bcea3639958cc2a587cb?s=96&#038;r=g&#038;d=mm\",\"contentUrl\":\"\\\/\\\/www.gravatar.com\\\/avatar\\\/3e44b6fb2ef9bcea3639958cc2a587cb?s=96&#038;r=g&#038;d=mm\",\"caption\":\"Szab\u00f3 Gyula\"}}]}<\/script>\n<!-- \/ Yoast SEO plugin. -->","yoast_head_json":{"title":"\u00d6r\u00f6k M\u00e9rlegen: Dorog \u2013 Gy\u0151ri ETO","robots":{"index":"index","follow":"follow","max-snippet":"max-snippet:-1","max-image-preview":"max-image-preview:large","max-video-preview":"max-video-preview:-1"},"canonical":"https:\/\/dorogimedence.hu\/index.php\/2022\/10\/21\/orok-merlegen-dorog-gyori-eto-3\/","og_locale":"hu_HU","og_type":"article","og_title":"\u00d6r\u00f6k M\u00e9rlegen: Dorog \u2013 Gy\u0151ri ETO","og_description":"A bajnoks\u00e1g 13. fordul\u00f3j\u00e1ra ker\u00fcl sor a labdar\u00fag\u00f3 NB II-ben, ahol a m\u00falt fordul\u00f3ban brav\u00faros idegenbeli gy\u0151zelmet arat\u00f3 dorogiak a kiegyens\u00falyozott k\u00f6z\u00e9pcsapatot, a h\u00e9tk\u00f6zi kupafordul\u00f3ban vit\u00e9zked\u0151 kisalf\u00f6ldi g\u00e1rd\u00e1t fogadj\u00e1k. A m\u00e9rk\u0151z\u00e9s okt\u00f3ber 22-\u00e9n, szombaton 13 \u00f3rakor kezd\u0151dik a Buz\u00e1nszky stadionban. \u00daj edz\u0151vel sikerrel vette a legut\u00f3bbi bajnokit a piros-fekete leg\u00e9nys\u00e9g a sokkal es\u00e9lyesebb Ny\u00edregyh\u00e1za vend\u00e9gek\u00e9nt.","og_url":"https:\/\/dorogimedence.hu\/index.php\/2022\/10\/21\/orok-merlegen-dorog-gyori-eto-3\/","og_site_name":"Dorogi-medence Region\u00e1lis H\u00edrport\u00e1l","article_publisher":"https:\/\/www.facebook.com\/dorogimedence\/","article_published_time":"2022-10-21T05:22:42+00:00","article_modified_time":"2022-10-21T15:28:50+00:00","og_image":[{"width":1060,"height":521,"url":"https:\/\/dorogimedence.hu\/wp-content\/uploads\/2022\/10\/Dorog-ETO-borito.jpg","type":"image\/jpeg"}],"author":"Szab\u00f3 Gyula","twitter_card":"summary_large_image","twitter_misc":{"Szerz\u0151:":"Szab\u00f3 Gyula","Becs\u00fclt olvas\u00e1si id\u0151":"3 perc"},"schema":{"@context":"https:\/\/schema.org","@graph":[{"@type":"Article","@id":"https:\/\/dorogimedence.hu\/index.php\/2022\/10\/21\/orok-merlegen-dorog-gyori-eto-3\/#article","isPartOf":{"@id":"https:\/\/dorogimedence.hu\/index.php\/2022\/10\/21\/orok-merlegen-dorog-gyori-eto-3\/"},"author":{"name":"Szab\u00f3 Gyula","@id":"https:\/\/dorogimedence.hu\/#\/schema\/person\/76605e8151ec1b7376385cd184ede973"},"headline":"\u00d6r\u00f6k M\u00e9rlegen: Dorog \u2013 Gy\u0151ri ETO","datePublished":"2022-10-21T05:22:42+00:00","dateModified":"2022-10-21T15:28:50+00:00","mainEntityOfPage":{"@id":"https:\/\/dorogimedence.hu\/index.php\/2022\/10\/21\/orok-merlegen-dorog-gyori-eto-3\/"},"wordCount":509,"publisher":{"@id":"https:\/\/dorogimedence.hu\/#organization"},"image":{"@id":"https:\/\/dorogimedence.hu\/index.php\/2022\/10\/21\/orok-merlegen-dorog-gyori-eto-3\/#primaryimage"},"thumbnailUrl":"https:\/\/dorogimedence.hu\/wp-content\/uploads\/2022\/10\/Dorog-ETO-borito.jpg","keywords":["Dorog","Dorogi FC","foci","futball","Gy\u0151ri ETO","labdar\u00fag\u00e1s","NB II","sport"],"articleSection":["Dorog","H\u00edrek","Sport"],"inLanguage":"hu"},{"@type":"WebPage","@id":"https:\/\/dorogimedence.hu\/index.php\/2022\/10\/21\/orok-merlegen-dorog-gyori-eto-3\/","url":"https:\/\/dorogimedence.hu\/index.php\/2022\/10\/21\/orok-merlegen-dorog-gyori-eto-3\/","name":"\u00d6r\u00f6k M\u00e9rlegen: Dorog \u2013 Gy\u0151ri ETO","isPartOf":{"@id":"https:\/\/dorogimedence.hu\/#website"},"primaryImageOfPage":{"@id":"https:\/\/dorogimedence.hu\/index.php\/2022\/10\/21\/orok-merlegen-dorog-gyori-eto-3\/#primaryimage"},"image":{"@id":"https:\/\/dorogimedence.hu\/index.php\/2022\/10\/21\/orok-merlegen-dorog-gyori-eto-3\/#primaryimage"},"thumbnailUrl":"https:\/\/dorogimedence.hu\/wp-content\/uploads\/2022\/10\/Dorog-ETO-borito.jpg","datePublished":"2022-10-21T05:22:42+00:00","dateModified":"2022-10-21T15:28:50+00:00","breadcrumb":{"@id":"https:\/\/dorogimedence.hu\/index.php\/2022\/10\/21\/orok-merlegen-dorog-gyori-eto-3\/#breadcrumb"},"inLanguage":"hu","potentialAction":[{"@type":"ReadAction","target":["https:\/\/dorogimedence.hu\/index.php\/2022\/10\/21\/orok-merlegen-dorog-gyori-eto-3\/"]}]},{"@type":"ImageObject","inLanguage":"hu","@id":"https:\/\/dorogimedence.hu\/index.php\/2022\/10\/21\/orok-merlegen-dorog-gyori-eto-3\/#primaryimage","url":"https:\/\/dorogimedence.hu\/wp-content\/uploads\/2022\/10\/Dorog-ETO-borito.jpg","contentUrl":"https:\/\/dorogimedence.hu\/wp-content\/uploads\/2022\/10\/Dorog-ETO-borito.jpg","width":1060,"height":521},{"@type":"BreadcrumbList","@id":"https:\/\/dorogimedence.hu\/index.php\/2022\/10\/21\/orok-merlegen-dorog-gyori-eto-3\/#breadcrumb","itemListElement":[{"@type":"ListItem","position":1,"name":"Kezd\u0151lap","item":"https:\/\/dorogimedence.hu\/"},{"@type":"ListItem","position":2,"name":"\u00d6r\u00f6k M\u00e9rlegen: Dorog \u2013 Gy\u0151ri ETO"}]},{"@type":"WebSite","@id":"https:\/\/dorogimedence.hu\/#website","url":"https:\/\/dorogimedence.hu\/","name":"Dorogi-medence Region\u00e1lis H\u00edrport\u00e1l","description":"Dorog, Keszt\u00f6lc, Le\u00e1nyv\u00e1r, Piliscs\u00e9v, Tokod, Tokodalt\u00e1r\u00f3, Csolnok, Esztergom-kertv\u00e1ros: h\u00edrek, programok","publisher":{"@id":"https:\/\/dorogimedence.hu\/#organization"},"potentialAction":[{"@type":"SearchAction","target":{"@type":"EntryPoint","urlTemplate":"https:\/\/dorogimedence.hu\/?s={search_term_string}"},"query-input":{"@type":"PropertyValueSpecification","valueRequired":true,"valueName":"search_term_string"}}],"inLanguage":"hu"},{"@type":"Organization","@id":"https:\/\/dorogimedence.hu\/#organization","name":"Dorogi-medence Region\u00e1lis H\u00edrport\u00e1l","url":"https:\/\/dorogimedence.hu\/","logo":{"@type":"ImageObject","inLanguage":"hu","@id":"https:\/\/dorogimedence.hu\/#\/schema\/logo\/image\/","url":"https:\/\/dorogimedence.hu\/wp-content\/uploads\/2021\/04\/logo-feher-600.png","contentUrl":"https:\/\/dorogimedence.hu\/wp-content\/uploads\/2021\/04\/logo-feher-600.png","width":600,"height":100,"caption":"Dorogi-medence Region\u00e1lis H\u00edrport\u00e1l"},"image":{"@id":"https:\/\/dorogimedence.hu\/#\/schema\/logo\/image\/"},"sameAs":["https:\/\/www.facebook.com\/dorogimedence\/"]},{"@type":"Person","@id":"https:\/\/dorogimedence.hu\/#\/schema\/person\/76605e8151ec1b7376385cd184ede973","name":"Szab\u00f3 Gyula","image":{"@type":"ImageObject","inLanguage":"hu","@id":"\/\/www.gravatar.com\/avatar\/3e44b6fb2ef9bcea3639958cc2a587cb?s=96&#038;r=g&#038;d=mm","url":"\/\/www.gravatar.com\/avatar\/3e44b6fb2ef9bcea3639958cc2a587cb?s=96&#038;r=g&#038;d=mm","contentUrl":"\/\/www.gravatar.com\/avatar\/3e44b6fb2ef9bcea3639958cc2a587cb?s=96&#038;r=g&#038;d=mm","caption":"Szab\u00f3 Gyula"}}]}},"_links":{"self":[{"href":"https:\/\/dorogimedence.hu\/index.php\/wp-json\/wp\/v2\/posts\/47465","targetHints":{"allow":["GET"]}}],"collection":[{"href":"https:\/\/dorogimedence.hu\/index.php\/wp-json\/wp\/v2\/posts"}],"about":[{"href":"https:\/\/dorogimedence.hu\/index.php\/wp-json\/wp\/v2\/types\/post"}],"author":[{"embeddable":true,"href":"https:\/\/dorogimedence.hu\/index.php\/wp-json\/wp\/v2\/users\/4"}],"replies":[{"embeddable":true,"href":"https:\/\/dorogimedence.hu\/index.php\/wp-json\/wp\/v2\/comments?post=47465"}],"version-history":[{"count":0,"href":"https:\/\/dorogimedence.hu\/index.php\/wp-json\/wp\/v2\/posts\/47465\/revisions"}],"wp:featuredmedia":[{"embeddable":true,"href":"https:\/\/dorogimedence.hu\/index.php\/wp-json\/wp\/v2\/media\/47464"}],"wp:attachment":[{"href":"https:\/\/dorogimedence.hu\/index.php\/wp-json\/wp\/v2\/media?parent=47465"}],"wp:term":[{"taxonomy":"category","embeddable":true,"href":"https:\/\/dorogimedence.hu\/index.php\/wp-json\/wp\/v2\/categories?post=47465"},{"taxonomy":"post_tag","embeddable":true,"href":"https:\/\/dorogimedence.hu\/index.php\/wp-json\/wp\/v2\/tags?post=47465"}],"curies":[{"name":"wp","href":"https:\/\/api.w.org\/{rel}","templated":true}]}}