{"id":47297,"date":"2022-10-14T10:18:16","date_gmt":"2022-10-14T08:18:16","guid":{"rendered":"https:\/\/dorogimedence.hu\/?p=47297"},"modified":"2022-10-14T10:18:32","modified_gmt":"2022-10-14T08:18:32","slug":"lejaro-diakigazolvany-matricakra-hivja-fel-a-figyelmet-a-mav-volan-csoport","status":"publish","type":"post","link":"https:\/\/dorogimedence.hu\/index.php\/2022\/10\/14\/lejaro-diakigazolvany-matricakra-hivja-fel-a-figyelmet-a-mav-volan-csoport\/","title":{"rendered":"Lej\u00e1r\u00f3 di\u00e1kigazolv\u00e1ny-matric\u00e1kra h\u00edvja fel a figyelmet a M\u00c1V-Vol\u00e1n csoport"},"content":{"rendered":"<p><strong>Az el\u0151z\u0151 tan\u00e9vben, illetve f\u00e9l\u00e9vben kapott di\u00e1kigazolv\u00e1ny-matric\u00e1k okt\u00f3ber 31-ig jogos\u00edtanak utaz\u00e1si kedvezm\u00e9ny ig\u00e9nybev\u00e9tel\u00e9re, ez\u00e9rt a M\u00c1V-Vol\u00e1n-csoport is arra k\u00e9ri a di\u00e1kkedvezm\u00e9nnyel utaz\u00f3kat, hogy id\u0151ben gondoskodjanak okm\u00e1nyuk \u00e9rv\u00e9nyess\u00e9g\u00e9nek meghosszabb\u00edt\u00e1s\u00e1r\u00f3l.<\/strong><\/p>\n<p>A k\u00f6znevel\u00e9si \u00e9s fels\u0151oktat\u00e1si int\u00e9zm\u00e9nyek minden tan\u00e9vben\/f\u00e9l\u00e9vben \u00e9rv\u00e9nyes\u00edt\u0151 matric\u00e1val l\u00e1tj\u00e1k el a di\u00e1kigazolv\u00e1nyokat, amelyek a fels\u0151oktat\u00e1sban az els\u0151 f\u00e9l\u00e9v v\u00e9g\u00e9ig, azaz m\u00e1rcius 31-ig, a k\u00f6znevel\u00e9si int\u00e9zm\u00e9nyekben pedig a k\u00f6vetkez\u0151 \u00e9v okt\u00f3ber 31-ig \u00e9rv\u00e9nyesek. Az \u00faj matric\u00e1kat okt\u00f3ber v\u00e9g\u00e9ig \u00e9rdemes beszerezni.<\/p>\n<p>A di\u00e1kigazolv\u00e1ny \u00e9rv\u00e9nyes\u00edt\u0151 matrica n\u00e9lk\u00fcl is \u00e9rv\u00e9nyes azon tan\u00e9vet k\u00f6vet\u0151 okt\u00f3ber 31. napj\u00e1ig, amelyben a tanul\u00f3 bet\u00f6lti a 16. \u00e9let\u00e9v\u00e9t. Azok a di\u00e1kok, akik 2006. augusztus 31-je el\u0151tt sz\u00fclettek, ez \u00e9v okt\u00f3ber 31-ig tudj\u00e1k matrica n\u00e9lk\u00fcli di\u00e1kigazolv\u00e1nnyal igazolni az utaz\u00e1si jogosults\u00e1gukat.<\/p>\n<p>Azon di\u00e1kok, akik okt\u00f3ber 31. el\u0151tt nem rendelkeznek di\u00e1kigazolv\u00e1nnyal, de megig\u00e9nyelt\u00e9k azt, a di\u00e1kigazolv\u00e1ny kiad\u00e1s\u00e1ig kapott (Korm\u00e1ny rendeletben meghat\u00e1rozott) QR k\u00f3dos, nyomtatott igazol\u00e1ssal tudj\u00e1k a di\u00e1kigazolv\u00e1nyhoz k\u00f6thet\u0151 utaz\u00e1si kedvezm\u00e9nyeket ig\u00e9nybe venni. November 1-j\u00e9t\u0151l csak az eredeti pecs\u00e9ttel \u00e9s al\u00e1\u00edr\u00e1ssal ell\u00e1tott di\u00e1kigazolv\u00e1ny helyettes\u00edt\u0151 igazol\u00e1s fogadhat\u00f3 el.<\/p>\n<p>A k\u00f6zoktat\u00e1sban \u00e9s a fels\u0151oktat\u00e1sban r\u00e9szt vev\u0151 nappali \u00e9s esti tagozatos tanul\u00f3k a lak\u00f3hely\u00fck (tart\u00f3zkod\u00e1si hely\u00fck) \u00e9s az oktat\u00e1si int\u00e9zm\u00e9ny\u00fck k\u00f6z\u00f6tt b\u00e9rletkedvezm\u00e9nnyel, tov\u00e1bb\u00e1 b\u00e1rmely viszonylatban menetjegy kedvezm\u00e9nyekkel a meghat\u00e1rozott felt\u00e9telek szerint utazhatnak.&nbsp; Az oktat\u00e1si int\u00e9zm\u00e9nyek levelez\u0151 oktat\u00e1sban r\u00e9szt vev\u0151 tanul\u00f3ja \u00e9rv\u00e9nyes di\u00e1kigazolv\u00e1nnyal a lak\u00f3hely \u00e9s az oktat\u00e1si int\u00e9zm\u00e9ny k\u00f6z\u00f6tt jogosult kedvezm\u00e9nyes menetjegy v\u00e1lt\u00e1s\u00e1ra.<\/p>\n<p><em>Forr\u00e1s: M\u00c1V Zrt. Kommunik\u00e1ci\u00f3s Igazgat\u00f3s\u00e1g<br \/>\nBor\u00edt\u00f3k\u00e9p: eduline.hu<\/em><\/p>\n","protected":false},"excerpt":{"rendered":"<p>Az el\u0151z\u0151 tan\u00e9vben, illetve f\u00e9l\u00e9vben kapott di\u00e1kigazolv\u00e1ny-matric\u00e1k okt\u00f3ber 31-ig jogos\u00edtanak utaz\u00e1si kedvezm\u00e9ny ig\u00e9nybev\u00e9tel\u00e9re, ez\u00e9rt a M\u00c1V-Vol\u00e1n-csoport is arra k\u00e9ri a di\u00e1kkedvezm\u00e9nnyel utaz\u00f3kat, hogy id\u0151ben gondoskodjanak okm\u00e1nyuk \u00e9rv\u00e9nyess\u00e9g\u00e9nek meghosszabb\u00edt\u00e1s\u00e1r\u00f3l. A k\u00f6znevel\u00e9si \u00e9s fels\u0151oktat\u00e1si int\u00e9zm\u00e9nyek minden tan\u00e9vben\/f\u00e9l\u00e9vben \u00e9rv\u00e9nyes\u00edt\u0151 matric\u00e1val l\u00e1tj\u00e1k el a di\u00e1kigazolv\u00e1nyokat, amelyek a fels\u0151oktat\u00e1sban az els\u0151 f\u00e9l\u00e9v v\u00e9g\u00e9ig, azaz m\u00e1rcius 31-ig, a k\u00f6znevel\u00e9si int\u00e9zm\u00e9nyekben pedig<\/p>\n","protected":false},"author":1,"featured_media":0,"comment_status":"closed","ping_status":"closed","sticky":false,"template":"","format":"standard","meta":{"ngg_post_thumbnail":0,"footnotes":""},"categories":[3],"tags":[1726,279,292,1015],"class_list":{"0":"post-47297","1":"post","2":"type-post","3":"status-publish","4":"format-standard","6":"category-hirek","7":"tag-diakigazolvany","8":"tag-kozlekedes","9":"tag-mav","10":"tag-volanbusz"},"yoast_head":"<!-- This site is optimized with the Yoast SEO plugin v27.4 - https:\/\/yoast.com\/product\/yoast-seo-wordpress\/ -->\n<title>Lej\u00e1r\u00f3 di\u00e1kigazolv\u00e1ny-matric\u00e1kra h\u00edvja fel a figyelmet a M\u00c1V-Vol\u00e1n csoport<\/title>\n<meta name=\"robots\" content=\"index, follow, max-snippet:-1, max-image-preview:large, max-video-preview:-1\" \/>\n<link rel=\"canonical\" href=\"https:\/\/dorogimedence.hu\/index.php\/2022\/10\/14\/lejaro-diakigazolvany-matricakra-hivja-fel-a-figyelmet-a-mav-volan-csoport\/\" class=\"yoast-seo-meta-tag\" \/>\n<meta property=\"og:locale\" content=\"hu_HU\" class=\"yoast-seo-meta-tag\" \/>\n<meta property=\"og:type\" content=\"article\" class=\"yoast-seo-meta-tag\" \/>\n<meta property=\"og:title\" content=\"Lej\u00e1r\u00f3 di\u00e1kigazolv\u00e1ny-matric\u00e1kra h\u00edvja fel a figyelmet a M\u00c1V-Vol\u00e1n csoport\" class=\"yoast-seo-meta-tag\" \/>\n<meta property=\"og:description\" content=\"Az el\u0151z\u0151 tan\u00e9vben, illetve f\u00e9l\u00e9vben kapott di\u00e1kigazolv\u00e1ny-matric\u00e1k okt\u00f3ber 31-ig jogos\u00edtanak utaz\u00e1si kedvezm\u00e9ny ig\u00e9nybev\u00e9tel\u00e9re, ez\u00e9rt a M\u00c1V-Vol\u00e1n-csoport is arra k\u00e9ri a di\u00e1kkedvezm\u00e9nnyel utaz\u00f3kat, hogy id\u0151ben gondoskodjanak okm\u00e1nyuk \u00e9rv\u00e9nyess\u00e9g\u00e9nek meghosszabb\u00edt\u00e1s\u00e1r\u00f3l. A k\u00f6znevel\u00e9si \u00e9s fels\u0151oktat\u00e1si int\u00e9zm\u00e9nyek minden tan\u00e9vben\/f\u00e9l\u00e9vben \u00e9rv\u00e9nyes\u00edt\u0151 matric\u00e1val l\u00e1tj\u00e1k el a di\u00e1kigazolv\u00e1nyokat, amelyek a fels\u0151oktat\u00e1sban az els\u0151 f\u00e9l\u00e9v v\u00e9g\u00e9ig, azaz m\u00e1rcius 31-ig, a k\u00f6znevel\u00e9si int\u00e9zm\u00e9nyekben pedig\" class=\"yoast-seo-meta-tag\" \/>\n<meta property=\"og:url\" content=\"https:\/\/dorogimedence.hu\/index.php\/2022\/10\/14\/lejaro-diakigazolvany-matricakra-hivja-fel-a-figyelmet-a-mav-volan-csoport\/\" class=\"yoast-seo-meta-tag\" \/>\n<meta property=\"og:site_name\" content=\"Dorogi-medence Region\u00e1lis H\u00edrport\u00e1l\" class=\"yoast-seo-meta-tag\" \/>\n<meta property=\"article:publisher\" content=\"https:\/\/www.facebook.com\/dorogimedence\/\" class=\"yoast-seo-meta-tag\" \/>\n<meta property=\"article:published_time\" content=\"2022-10-14T08:18:16+00:00\" class=\"yoast-seo-meta-tag\" \/>\n<meta property=\"article:modified_time\" content=\"2022-10-14T08:18:32+00:00\" class=\"yoast-seo-meta-tag\" \/>\n<meta property=\"og:image\" content=\"https:\/\/dorogimedence.hu\/wp-content\/uploads\/2022\/10\/diakigazolvany.jpg\" class=\"yoast-seo-meta-tag\" \/>\n\t<meta property=\"og:image:width\" content=\"1200\" class=\"yoast-seo-meta-tag\" \/>\n\t<meta property=\"og:image:height\" content=\"684\" class=\"yoast-seo-meta-tag\" \/>\n\t<meta property=\"og:image:type\" content=\"image\/jpeg\" class=\"yoast-seo-meta-tag\" \/>\n<meta name=\"author\" content=\"dorogimedence.hu\" class=\"yoast-seo-meta-tag\" \/>\n<meta name=\"twitter:card\" content=\"summary_large_image\" class=\"yoast-seo-meta-tag\" \/>\n<meta name=\"twitter:label1\" content=\"Szerz\u0151:\" class=\"yoast-seo-meta-tag\" \/>\n\t<meta name=\"twitter:data1\" content=\"dorogimedence.hu\" class=\"yoast-seo-meta-tag\" \/>\n\t<meta name=\"twitter:label2\" content=\"Becs\u00fclt olvas\u00e1si id\u0151\" class=\"yoast-seo-meta-tag\" \/>\n\t<meta name=\"twitter:data2\" content=\"2 perc\" class=\"yoast-seo-meta-tag\" \/>\n<script type=\"application\/ld+json\" class=\"yoast-schema-graph\">{\"@context\":\"https:\\\/\\\/schema.org\",\"@graph\":[{\"@type\":\"Article\",\"@id\":\"https:\\\/\\\/dorogimedence.hu\\\/index.php\\\/2022\\\/10\\\/14\\\/lejaro-diakigazolvany-matricakra-hivja-fel-a-figyelmet-a-mav-volan-csoport\\\/#article\",\"isPartOf\":{\"@id\":\"https:\\\/\\\/dorogimedence.hu\\\/index.php\\\/2022\\\/10\\\/14\\\/lejaro-diakigazolvany-matricakra-hivja-fel-a-figyelmet-a-mav-volan-csoport\\\/\"},\"author\":{\"name\":\"dorogimedence.hu\",\"@id\":\"https:\\\/\\\/dorogimedence.hu\\\/#\\\/schema\\\/person\\\/ce6091eeb7e95ecdc87890d6aa8e0fd4\"},\"headline\":\"Lej\u00e1r\u00f3 di\u00e1kigazolv\u00e1ny-matric\u00e1kra h\u00edvja fel a figyelmet a M\u00c1V-Vol\u00e1n csoport\",\"datePublished\":\"2022-10-14T08:18:16+00:00\",\"dateModified\":\"2022-10-14T08:18:32+00:00\",\"mainEntityOfPage\":{\"@id\":\"https:\\\/\\\/dorogimedence.hu\\\/index.php\\\/2022\\\/10\\\/14\\\/lejaro-diakigazolvany-matricakra-hivja-fel-a-figyelmet-a-mav-volan-csoport\\\/\"},\"wordCount\":402,\"publisher\":{\"@id\":\"https:\\\/\\\/dorogimedence.hu\\\/#organization\"},\"keywords\":[\"di\u00e1kigazolv\u00e1ny\",\"k\u00f6zleked\u00e9s\",\"m\u00e1v\",\"vol\u00e1nbusz\"],\"articleSection\":[\"H\u00edrek\"],\"inLanguage\":\"hu\"},{\"@type\":\"WebPage\",\"@id\":\"https:\\\/\\\/dorogimedence.hu\\\/index.php\\\/2022\\\/10\\\/14\\\/lejaro-diakigazolvany-matricakra-hivja-fel-a-figyelmet-a-mav-volan-csoport\\\/\",\"url\":\"https:\\\/\\\/dorogimedence.hu\\\/index.php\\\/2022\\\/10\\\/14\\\/lejaro-diakigazolvany-matricakra-hivja-fel-a-figyelmet-a-mav-volan-csoport\\\/\",\"name\":\"Lej\u00e1r\u00f3 di\u00e1kigazolv\u00e1ny-matric\u00e1kra h\u00edvja fel a figyelmet a M\u00c1V-Vol\u00e1n csoport\",\"isPartOf\":{\"@id\":\"https:\\\/\\\/dorogimedence.hu\\\/#website\"},\"datePublished\":\"2022-10-14T08:18:16+00:00\",\"dateModified\":\"2022-10-14T08:18:32+00:00\",\"breadcrumb\":{\"@id\":\"https:\\\/\\\/dorogimedence.hu\\\/index.php\\\/2022\\\/10\\\/14\\\/lejaro-diakigazolvany-matricakra-hivja-fel-a-figyelmet-a-mav-volan-csoport\\\/#breadcrumb\"},\"inLanguage\":\"hu\",\"potentialAction\":[{\"@type\":\"ReadAction\",\"target\":[\"https:\\\/\\\/dorogimedence.hu\\\/index.php\\\/2022\\\/10\\\/14\\\/lejaro-diakigazolvany-matricakra-hivja-fel-a-figyelmet-a-mav-volan-csoport\\\/\"]}]},{\"@type\":\"BreadcrumbList\",\"@id\":\"https:\\\/\\\/dorogimedence.hu\\\/index.php\\\/2022\\\/10\\\/14\\\/lejaro-diakigazolvany-matricakra-hivja-fel-a-figyelmet-a-mav-volan-csoport\\\/#breadcrumb\",\"itemListElement\":[{\"@type\":\"ListItem\",\"position\":1,\"name\":\"Kezd\u0151lap\",\"item\":\"https:\\\/\\\/dorogimedence.hu\\\/\"},{\"@type\":\"ListItem\",\"position\":2,\"name\":\"Lej\u00e1r\u00f3 di\u00e1kigazolv\u00e1ny-matric\u00e1kra h\u00edvja fel a figyelmet a M\u00c1V-Vol\u00e1n csoport\"}]},{\"@type\":\"WebSite\",\"@id\":\"https:\\\/\\\/dorogimedence.hu\\\/#website\",\"url\":\"https:\\\/\\\/dorogimedence.hu\\\/\",\"name\":\"Dorogi-medence Region\u00e1lis H\u00edrport\u00e1l\",\"description\":\"Dorog, Keszt\u00f6lc, Le\u00e1nyv\u00e1r, Piliscs\u00e9v, Tokod, Tokodalt\u00e1r\u00f3, Csolnok, Esztergom-kertv\u00e1ros: h\u00edrek, programok\",\"publisher\":{\"@id\":\"https:\\\/\\\/dorogimedence.hu\\\/#organization\"},\"potentialAction\":[{\"@type\":\"SearchAction\",\"target\":{\"@type\":\"EntryPoint\",\"urlTemplate\":\"https:\\\/\\\/dorogimedence.hu\\\/?s={search_term_string}\"},\"query-input\":{\"@type\":\"PropertyValueSpecification\",\"valueRequired\":true,\"valueName\":\"search_term_string\"}}],\"inLanguage\":\"hu\"},{\"@type\":\"Organization\",\"@id\":\"https:\\\/\\\/dorogimedence.hu\\\/#organization\",\"name\":\"Dorogi-medence Region\u00e1lis H\u00edrport\u00e1l\",\"url\":\"https:\\\/\\\/dorogimedence.hu\\\/\",\"logo\":{\"@type\":\"ImageObject\",\"inLanguage\":\"hu\",\"@id\":\"https:\\\/\\\/dorogimedence.hu\\\/#\\\/schema\\\/logo\\\/image\\\/\",\"url\":\"https:\\\/\\\/dorogimedence.hu\\\/wp-content\\\/uploads\\\/2021\\\/04\\\/logo-feher-600.png\",\"contentUrl\":\"https:\\\/\\\/dorogimedence.hu\\\/wp-content\\\/uploads\\\/2021\\\/04\\\/logo-feher-600.png\",\"width\":600,\"height\":100,\"caption\":\"Dorogi-medence Region\u00e1lis H\u00edrport\u00e1l\"},\"image\":{\"@id\":\"https:\\\/\\\/dorogimedence.hu\\\/#\\\/schema\\\/logo\\\/image\\\/\"},\"sameAs\":[\"https:\\\/\\\/www.facebook.com\\\/dorogimedence\\\/\"]},{\"@type\":\"Person\",\"@id\":\"https:\\\/\\\/dorogimedence.hu\\\/#\\\/schema\\\/person\\\/ce6091eeb7e95ecdc87890d6aa8e0fd4\",\"name\":\"dorogimedence.hu\",\"image\":{\"@type\":\"ImageObject\",\"inLanguage\":\"hu\",\"@id\":\"\\\/\\\/www.gravatar.com\\\/avatar\\\/d8d45f8901aadff40a4af72c0b826f1d?s=96&#038;r=g&#038;d=mm\",\"url\":\"\\\/\\\/www.gravatar.com\\\/avatar\\\/d8d45f8901aadff40a4af72c0b826f1d?s=96&#038;r=g&#038;d=mm\",\"contentUrl\":\"\\\/\\\/www.gravatar.com\\\/avatar\\\/d8d45f8901aadff40a4af72c0b826f1d?s=96&#038;r=g&#038;d=mm\",\"caption\":\"dorogimedence.hu\"}}]}<\/script>\n<!-- \/ Yoast SEO plugin. -->","yoast_head_json":{"title":"Lej\u00e1r\u00f3 di\u00e1kigazolv\u00e1ny-matric\u00e1kra h\u00edvja fel a figyelmet a M\u00c1V-Vol\u00e1n csoport","robots":{"index":"index","follow":"follow","max-snippet":"max-snippet:-1","max-image-preview":"max-image-preview:large","max-video-preview":"max-video-preview:-1"},"canonical":"https:\/\/dorogimedence.hu\/index.php\/2022\/10\/14\/lejaro-diakigazolvany-matricakra-hivja-fel-a-figyelmet-a-mav-volan-csoport\/","og_locale":"hu_HU","og_type":"article","og_title":"Lej\u00e1r\u00f3 di\u00e1kigazolv\u00e1ny-matric\u00e1kra h\u00edvja fel a figyelmet a M\u00c1V-Vol\u00e1n csoport","og_description":"Az el\u0151z\u0151 tan\u00e9vben, illetve f\u00e9l\u00e9vben kapott di\u00e1kigazolv\u00e1ny-matric\u00e1k okt\u00f3ber 31-ig jogos\u00edtanak utaz\u00e1si kedvezm\u00e9ny ig\u00e9nybev\u00e9tel\u00e9re, ez\u00e9rt a M\u00c1V-Vol\u00e1n-csoport is arra k\u00e9ri a di\u00e1kkedvezm\u00e9nnyel utaz\u00f3kat, hogy id\u0151ben gondoskodjanak okm\u00e1nyuk \u00e9rv\u00e9nyess\u00e9g\u00e9nek meghosszabb\u00edt\u00e1s\u00e1r\u00f3l. A k\u00f6znevel\u00e9si \u00e9s fels\u0151oktat\u00e1si int\u00e9zm\u00e9nyek minden tan\u00e9vben\/f\u00e9l\u00e9vben \u00e9rv\u00e9nyes\u00edt\u0151 matric\u00e1val l\u00e1tj\u00e1k el a di\u00e1kigazolv\u00e1nyokat, amelyek a fels\u0151oktat\u00e1sban az els\u0151 f\u00e9l\u00e9v v\u00e9g\u00e9ig, azaz m\u00e1rcius 31-ig, a k\u00f6znevel\u00e9si int\u00e9zm\u00e9nyekben pedig","og_url":"https:\/\/dorogimedence.hu\/index.php\/2022\/10\/14\/lejaro-diakigazolvany-matricakra-hivja-fel-a-figyelmet-a-mav-volan-csoport\/","og_site_name":"Dorogi-medence Region\u00e1lis H\u00edrport\u00e1l","article_publisher":"https:\/\/www.facebook.com\/dorogimedence\/","article_published_time":"2022-10-14T08:18:16+00:00","article_modified_time":"2022-10-14T08:18:32+00:00","og_image":[{"width":1200,"height":684,"url":"https:\/\/dorogimedence.hu\/wp-content\/uploads\/2022\/10\/diakigazolvany.jpg","type":"image\/jpeg"}],"author":"dorogimedence.hu","twitter_card":"summary_large_image","twitter_misc":{"Szerz\u0151:":"dorogimedence.hu","Becs\u00fclt olvas\u00e1si id\u0151":"2 perc"},"schema":{"@context":"https:\/\/schema.org","@graph":[{"@type":"Article","@id":"https:\/\/dorogimedence.hu\/index.php\/2022\/10\/14\/lejaro-diakigazolvany-matricakra-hivja-fel-a-figyelmet-a-mav-volan-csoport\/#article","isPartOf":{"@id":"https:\/\/dorogimedence.hu\/index.php\/2022\/10\/14\/lejaro-diakigazolvany-matricakra-hivja-fel-a-figyelmet-a-mav-volan-csoport\/"},"author":{"name":"dorogimedence.hu","@id":"https:\/\/dorogimedence.hu\/#\/schema\/person\/ce6091eeb7e95ecdc87890d6aa8e0fd4"},"headline":"Lej\u00e1r\u00f3 di\u00e1kigazolv\u00e1ny-matric\u00e1kra h\u00edvja fel a figyelmet a M\u00c1V-Vol\u00e1n csoport","datePublished":"2022-10-14T08:18:16+00:00","dateModified":"2022-10-14T08:18:32+00:00","mainEntityOfPage":{"@id":"https:\/\/dorogimedence.hu\/index.php\/2022\/10\/14\/lejaro-diakigazolvany-matricakra-hivja-fel-a-figyelmet-a-mav-volan-csoport\/"},"wordCount":402,"publisher":{"@id":"https:\/\/dorogimedence.hu\/#organization"},"keywords":["di\u00e1kigazolv\u00e1ny","k\u00f6zleked\u00e9s","m\u00e1v","vol\u00e1nbusz"],"articleSection":["H\u00edrek"],"inLanguage":"hu"},{"@type":"WebPage","@id":"https:\/\/dorogimedence.hu\/index.php\/2022\/10\/14\/lejaro-diakigazolvany-matricakra-hivja-fel-a-figyelmet-a-mav-volan-csoport\/","url":"https:\/\/dorogimedence.hu\/index.php\/2022\/10\/14\/lejaro-diakigazolvany-matricakra-hivja-fel-a-figyelmet-a-mav-volan-csoport\/","name":"Lej\u00e1r\u00f3 di\u00e1kigazolv\u00e1ny-matric\u00e1kra h\u00edvja fel a figyelmet a M\u00c1V-Vol\u00e1n csoport","isPartOf":{"@id":"https:\/\/dorogimedence.hu\/#website"},"datePublished":"2022-10-14T08:18:16+00:00","dateModified":"2022-10-14T08:18:32+00:00","breadcrumb":{"@id":"https:\/\/dorogimedence.hu\/index.php\/2022\/10\/14\/lejaro-diakigazolvany-matricakra-hivja-fel-a-figyelmet-a-mav-volan-csoport\/#breadcrumb"},"inLanguage":"hu","potentialAction":[{"@type":"ReadAction","target":["https:\/\/dorogimedence.hu\/index.php\/2022\/10\/14\/lejaro-diakigazolvany-matricakra-hivja-fel-a-figyelmet-a-mav-volan-csoport\/"]}]},{"@type":"BreadcrumbList","@id":"https:\/\/dorogimedence.hu\/index.php\/2022\/10\/14\/lejaro-diakigazolvany-matricakra-hivja-fel-a-figyelmet-a-mav-volan-csoport\/#breadcrumb","itemListElement":[{"@type":"ListItem","position":1,"name":"Kezd\u0151lap","item":"https:\/\/dorogimedence.hu\/"},{"@type":"ListItem","position":2,"name":"Lej\u00e1r\u00f3 di\u00e1kigazolv\u00e1ny-matric\u00e1kra h\u00edvja fel a figyelmet a M\u00c1V-Vol\u00e1n csoport"}]},{"@type":"WebSite","@id":"https:\/\/dorogimedence.hu\/#website","url":"https:\/\/dorogimedence.hu\/","name":"Dorogi-medence Region\u00e1lis H\u00edrport\u00e1l","description":"Dorog, Keszt\u00f6lc, Le\u00e1nyv\u00e1r, Piliscs\u00e9v, Tokod, Tokodalt\u00e1r\u00f3, Csolnok, Esztergom-kertv\u00e1ros: h\u00edrek, programok","publisher":{"@id":"https:\/\/dorogimedence.hu\/#organization"},"potentialAction":[{"@type":"SearchAction","target":{"@type":"EntryPoint","urlTemplate":"https:\/\/dorogimedence.hu\/?s={search_term_string}"},"query-input":{"@type":"PropertyValueSpecification","valueRequired":true,"valueName":"search_term_string"}}],"inLanguage":"hu"},{"@type":"Organization","@id":"https:\/\/dorogimedence.hu\/#organization","name":"Dorogi-medence Region\u00e1lis H\u00edrport\u00e1l","url":"https:\/\/dorogimedence.hu\/","logo":{"@type":"ImageObject","inLanguage":"hu","@id":"https:\/\/dorogimedence.hu\/#\/schema\/logo\/image\/","url":"https:\/\/dorogimedence.hu\/wp-content\/uploads\/2021\/04\/logo-feher-600.png","contentUrl":"https:\/\/dorogimedence.hu\/wp-content\/uploads\/2021\/04\/logo-feher-600.png","width":600,"height":100,"caption":"Dorogi-medence Region\u00e1lis H\u00edrport\u00e1l"},"image":{"@id":"https:\/\/dorogimedence.hu\/#\/schema\/logo\/image\/"},"sameAs":["https:\/\/www.facebook.com\/dorogimedence\/"]},{"@type":"Person","@id":"https:\/\/dorogimedence.hu\/#\/schema\/person\/ce6091eeb7e95ecdc87890d6aa8e0fd4","name":"dorogimedence.hu","image":{"@type":"ImageObject","inLanguage":"hu","@id":"\/\/www.gravatar.com\/avatar\/d8d45f8901aadff40a4af72c0b826f1d?s=96&#038;r=g&#038;d=mm","url":"\/\/www.gravatar.com\/avatar\/d8d45f8901aadff40a4af72c0b826f1d?s=96&#038;r=g&#038;d=mm","contentUrl":"\/\/www.gravatar.com\/avatar\/d8d45f8901aadff40a4af72c0b826f1d?s=96&#038;r=g&#038;d=mm","caption":"dorogimedence.hu"}}]}},"_links":{"self":[{"href":"https:\/\/dorogimedence.hu\/index.php\/wp-json\/wp\/v2\/posts\/47297","targetHints":{"allow":["GET"]}}],"collection":[{"href":"https:\/\/dorogimedence.hu\/index.php\/wp-json\/wp\/v2\/posts"}],"about":[{"href":"https:\/\/dorogimedence.hu\/index.php\/wp-json\/wp\/v2\/types\/post"}],"author":[{"embeddable":true,"href":"https:\/\/dorogimedence.hu\/index.php\/wp-json\/wp\/v2\/users\/1"}],"replies":[{"embeddable":true,"href":"https:\/\/dorogimedence.hu\/index.php\/wp-json\/wp\/v2\/comments?post=47297"}],"version-history":[{"count":0,"href":"https:\/\/dorogimedence.hu\/index.php\/wp-json\/wp\/v2\/posts\/47297\/revisions"}],"wp:attachment":[{"href":"https:\/\/dorogimedence.hu\/index.php\/wp-json\/wp\/v2\/media?parent=47297"}],"wp:term":[{"taxonomy":"category","embeddable":true,"href":"https:\/\/dorogimedence.hu\/index.php\/wp-json\/wp\/v2\/categories?post=47297"},{"taxonomy":"post_tag","embeddable":true,"href":"https:\/\/dorogimedence.hu\/index.php\/wp-json\/wp\/v2\/tags?post=47297"}],"curies":[{"name":"wp","href":"https:\/\/api.w.org\/{rel}","templated":true}]}}