{"id":47294,"date":"2022-10-14T10:04:12","date_gmt":"2022-10-14T08:04:12","guid":{"rendered":"https:\/\/dorogimedence.hu\/?p=47294"},"modified":"2022-10-14T10:04:39","modified_gmt":"2022-10-14T08:04:39","slug":"a-pilisi-parkerdo-is-aktivan-reszt-vesz-a-varosfasitasban","status":"publish","type":"post","link":"https:\/\/dorogimedence.hu\/index.php\/2022\/10\/14\/a-pilisi-parkerdo-is-aktivan-reszt-vesz-a-varosfasitasban\/","title":{"rendered":"A Pilisi Parkerd\u0151 is akt\u00edvan r\u00e9szt vesz a v\u00e1rosf\u00e1s\u00edt\u00e1sban"},"content":{"rendered":"<p><strong>Az idei \u00e9v egyik legjelent\u0151sebb telep\u00fcl\u00e9sf\u00e1s\u00edt\u00e1si kezdem\u00e9nyez\u00e9se a MOL-\u00daj Eur\u00f3pa Alap\u00edtv\u00e1ny V\u00e1rosFa Programja, amelyben h\u00e9tezer darab sorf\u00e1t ig\u00e9nyelhettek a t\u00edzezer f\u0151n\u00e9l nagyobb telep\u00fcl\u00e9sek. Az \u00fcltet\u00e9sek okt\u00f3berben zajlanak, \u00e9s a programban a Pilisi Parkerd\u0151 Zrt. is akt\u00edv szerepet v\u00e1llal.<\/strong><\/p>\n<p><strong>A V\u00e1rosFa Program<\/strong><\/p>\n<p>A MOL-\u00daj Eur\u00f3pa Alap\u00edtv\u00e1ny 2022 tavasz\u00e1n az Agr\u00e1rminiszt\u00e9riummal, a Megyei Jog\u00fa V\u00e1rosok Sz\u00f6vets\u00e9g\u00e9vel \u00e9s az Orsz\u00e1gos Erd\u00e9szeti Egyes\u00fclettel k\u00f6z\u00f6sen ind\u00edtotta el \u201eNeked Z\u00f6ld\u00fcl\u201d nev\u0171 fenntarthat\u00f3s\u00e1gi programsorozat\u00e1t. Ennek els\u0151 szakasz\u00e1ban hirdette meg a V\u00e1rosFa Programot, melynek c\u00e9lja, hogy seg\u00edts\u00e9g\u00e9vel jelent\u0151sen b\u0151v\u00fclj\u00f6n a t\u00edzezer f\u0151n\u00e9l nagyobb telep\u00fcl\u00e9sek v\u00e1rosi fa\u00e1llom\u00e1nya.<\/p>\n<p>A programban h\u00e9tezer sorf\u00e1t ig\u00e9nyelhettek a t\u00edzezer f\u0151n\u00e9l n\u00e9pesebb telep\u00fcl\u00e9sek \u00f6nkorm\u00e1nyzatai. A ny\u00e1r folyam\u00e1n t\u00f6bb mint sz\u00e1z v\u00e1ros ig\u00e9nyelt sikeresen, egyenk\u00e9nt legfeljebb hetven darab sorf\u00e1t, melyeket tizenhat fafajb\u00f3l v\u00e1laszthattak ki. A d\u00f6nt\u00e9sben \u2013 a telep\u00edt\u00e9s helysz\u00edn\u00e9nek \u00f6kol\u00f3giai \u00e9s kl\u00edmaviszonyai alapj\u00e1n \u2013 szakmai seg\u00edts\u00e9get kaptak az \u00f6nkorm\u00e1nyzatok. \u00c9pp\u00edgy szakmai seg\u00edts\u00e9get kapnak mag\u00e1hoz az \u00fcltet\u00e9shez, a ter\u00fcleten illet\u00e9kes \u00e1llami erd\u0151gazdas\u00e1gt\u00f3l. Mivel a V\u00e1rosFa program egyik fontos c\u00e9lja a telep\u00fcl\u00e9sek z\u00f6ldter\u00fclet\u00e9nek b\u0151v\u00edt\u00e9s\u00e9n t\u00fal a k\u00f6rnyezettudatoss\u00e1gra nevel\u00e9s, ez\u00e9rt az \u00fcltet\u00e9s mellett, ahhoz kapcsol\u00f3dva erd\u0151pedag\u00f3giai foglalkoz\u00e1sokra is sor ker\u00fcl az adott v\u00e1rosokban.<\/p>\n<p><img fetchpriority=\"high\" decoding=\"async\" class=\"alignnone size-full wp-image-8070\" src=\"https:\/\/szendre365.hu\/wp-content\/uploads\/2022\/10\/VarosFa_Diosd_02.jpg\" alt=\"\" width=\"2000\" height=\"1125\"><\/p>\n<p><strong>A Pilisi Parkerd\u0151 elk\u00f6telezett t\u00e1mogat\u00f3ja a v\u00e1rosf\u00e1s\u00edt\u00e1snak \u00e9s a v\u00e1rosi erd\u0151knek<\/strong><\/p>\n<p>A rendezv\u00e9nyeket az Orsz\u00e1gos Erd\u00e9szeti Egyes\u00fclet szervezi \u00e9s koordin\u00e1lja, az \u00e1llami erd\u0151gazdas\u00e1gok bevon\u00e1s\u00e1val. A V\u00e1rosFa Programban a Pilisi Parkerd\u0151 a m\u0171k\u00f6d\u00e9si ter\u00fclet\u00e9n l\u00e9v\u0151 tizenh\u00e9t telep\u00fcl\u00e9s f\u00e1s\u00edt\u00e1s\u00e1ban vesz r\u00e9szt akt\u00edvan. Ezek z\u00f6me Pest megy\u00e9ben, illetve k\u00e9t v\u00e1ros Kom\u00e1rom-Esztergom megy\u00e9ben tal\u00e1lhat\u00f3.<\/p>\n<p>2022 okt\u00f3ber\u00e9ben, a fa\u00fcltet\u00e9si szezonban \u2013 saj\u00e1t erd\u0151meg\u00faj\u00edt\u00f3 tev\u00e9kenys\u00e9g\u00e9n t\u00fal \u2013 tizenh\u00e9t v\u00e1rosban k\u00f6zel ezerk\u00e9tsz\u00e1z darab sorfa \u00fcltet\u00e9s\u00e9hez ny\u00fajt szakmai seg\u00edts\u00e9get a Pilisi Parkerd\u0151. Ezt a t\u00e1rsas\u00e1g ann\u00e1l is nagyobb \u00f6r\u00f6mmel teszi, mivel a Pilisi Parkerd\u0151 t\u00f6bb mint \u00f6tven\u00e9ves t\u00f6rt\u00e9nete sor\u00e1n mindig kiemelt feladat\u00e1nak tartotta a telep\u00fcl\u00e9si z\u00f6ldter\u00fcletek kezel\u00e9s\u00e9t.<\/p>\n<p>A Pilisi Parkerd\u0151 \u00fatt\u00f6r\u0151 szerepet v\u00e1llalt a \u201ev\u00e1rosi erd\u0151\u201d koncepci\u00f3j\u00e1nak kialak\u00edt\u00e1s\u00e1ban. A f\u0151v\u00e1ros \u00e9s k\u00f6rny\u00e9ke h\u00e1rommilli\u00f3s lakoss\u00e1g\u00fa k\u00f6rzet\u00e9ben strat\u00e9giai c\u00e9lk\u00e9nt hat\u00e1rozta meg a v\u00e1rosi erd\u0151kezel\u00e9st, mely jelent\u0151sen k\u00fcl\u00f6nb\u00f6zik a hagyom\u00e1nyos, fakitermel\u00e9si c\u00e9l\u00fa erd\u0151gazd\u00e1lkod\u00e1st\u00f3l. Ez a megk\u00f6zel\u00edt\u00e9s j\u00f3val nagyobb hangs\u00falyt fektet az erd\u0151k rekre\u00e1ci\u00f3s, kl\u00edmav\u00e9delmi, k\u00f6zj\u00f3l\u00e9ti, turisztikai hasznos\u00edt\u00e1s\u00e1ra, illetve az erd\u0151k eszt\u00e9tikai \u00e9rt\u00e9k\u00e9nek \u00e9s term\u00e9szetes \u00e1llapot\u00e1nak jav\u00edt\u00e1s\u00e1ra. \u00cdgy az elm\u00falt \u00fcltet\u00e9si szezonban \u2013 a V\u00e1rosFa Programt\u00f3l f\u00fcggetlen\u00fcl \u2013 a Pilisi Parkerd\u0151 t\u00f6bb mint huszon\u00f6tezer facsemet\u00e9t \u00fcltetett, \u00e9s Budapesten 75 hetven\u00f6t sz\u00e1zal\u00e9kra emelte a folyamatos erd\u0151bor\u00edt\u00e1ssal kezelt ter\u00fcletek ar\u00e1ny\u00e1t.<\/p>\n","protected":false},"excerpt":{"rendered":"<p>Az idei \u00e9v egyik legjelent\u0151sebb telep\u00fcl\u00e9sf\u00e1s\u00edt\u00e1si kezdem\u00e9nyez\u00e9se a MOL-\u00daj Eur\u00f3pa Alap\u00edtv\u00e1ny V\u00e1rosFa Programja, amelyben h\u00e9tezer darab sorf\u00e1t ig\u00e9nyelhettek a t\u00edzezer f\u0151n\u00e9l nagyobb telep\u00fcl\u00e9sek. Az \u00fcltet\u00e9sek okt\u00f3berben zajlanak, \u00e9s a programban a Pilisi Parkerd\u0151 Zrt. is akt\u00edv szerepet v\u00e1llal. A V\u00e1rosFa Program A MOL-\u00daj Eur\u00f3pa Alap\u00edtv\u00e1ny 2022 tavasz\u00e1n az Agr\u00e1rminiszt\u00e9riummal, a Megyei Jog\u00fa V\u00e1rosok Sz\u00f6vets\u00e9g\u00e9vel \u00e9s<\/p>\n","protected":false},"author":1,"featured_media":47296,"comment_status":"closed","ping_status":"closed","sticky":false,"template":"","format":"standard","meta":{"ngg_post_thumbnail":0,"footnotes":""},"categories":[3],"tags":[122,6747],"class_list":{"0":"post-47294","1":"post","2":"type-post","3":"status-publish","4":"format-standard","5":"has-post-thumbnail","7":"category-hirek","8":"tag-pilisi-parkerdo","9":"tag-varosfasitas"},"yoast_head":"<!-- This site is optimized with the Yoast SEO plugin v27.5 - https:\/\/yoast.com\/product\/yoast-seo-wordpress\/ -->\n<title>A Pilisi Parkerd\u0151 is akt\u00edvan r\u00e9szt vesz a v\u00e1rosf\u00e1s\u00edt\u00e1sban<\/title>\n<meta name=\"robots\" content=\"index, follow, max-snippet:-1, max-image-preview:large, max-video-preview:-1\" \/>\n<link rel=\"canonical\" href=\"https:\/\/dorogimedence.hu\/index.php\/2022\/10\/14\/a-pilisi-parkerdo-is-aktivan-reszt-vesz-a-varosfasitasban\/\" class=\"yoast-seo-meta-tag\" \/>\n<meta property=\"og:locale\" content=\"hu_HU\" class=\"yoast-seo-meta-tag\" \/>\n<meta property=\"og:type\" content=\"article\" class=\"yoast-seo-meta-tag\" \/>\n<meta property=\"og:title\" content=\"A Pilisi Parkerd\u0151 is akt\u00edvan r\u00e9szt vesz a v\u00e1rosf\u00e1s\u00edt\u00e1sban\" class=\"yoast-seo-meta-tag\" \/>\n<meta property=\"og:description\" content=\"Az idei \u00e9v egyik legjelent\u0151sebb telep\u00fcl\u00e9sf\u00e1s\u00edt\u00e1si kezdem\u00e9nyez\u00e9se a MOL-\u00daj Eur\u00f3pa Alap\u00edtv\u00e1ny V\u00e1rosFa Programja, amelyben h\u00e9tezer darab sorf\u00e1t ig\u00e9nyelhettek a t\u00edzezer f\u0151n\u00e9l nagyobb telep\u00fcl\u00e9sek. Az \u00fcltet\u00e9sek okt\u00f3berben zajlanak, \u00e9s a programban a Pilisi Parkerd\u0151 Zrt. is akt\u00edv szerepet v\u00e1llal. A V\u00e1rosFa Program A MOL-\u00daj Eur\u00f3pa Alap\u00edtv\u00e1ny 2022 tavasz\u00e1n az Agr\u00e1rminiszt\u00e9riummal, a Megyei Jog\u00fa V\u00e1rosok Sz\u00f6vets\u00e9g\u00e9vel \u00e9s\" class=\"yoast-seo-meta-tag\" \/>\n<meta property=\"og:url\" content=\"https:\/\/dorogimedence.hu\/index.php\/2022\/10\/14\/a-pilisi-parkerdo-is-aktivan-reszt-vesz-a-varosfasitasban\/\" class=\"yoast-seo-meta-tag\" \/>\n<meta property=\"og:site_name\" content=\"Dorogi-medence Region\u00e1lis H\u00edrport\u00e1l\" class=\"yoast-seo-meta-tag\" \/>\n<meta property=\"article:publisher\" content=\"https:\/\/www.facebook.com\/dorogimedence\/\" class=\"yoast-seo-meta-tag\" \/>\n<meta property=\"article:published_time\" content=\"2022-10-14T08:04:12+00:00\" class=\"yoast-seo-meta-tag\" \/>\n<meta property=\"article:modified_time\" content=\"2022-10-14T08:04:39+00:00\" class=\"yoast-seo-meta-tag\" \/>\n<meta property=\"og:image\" content=\"https:\/\/dorogimedence.hu\/wp-content\/uploads\/2022\/10\/VarosFa_Diosd_01.jpg\" class=\"yoast-seo-meta-tag\" \/>\n\t<meta property=\"og:image:width\" content=\"2000\" class=\"yoast-seo-meta-tag\" \/>\n\t<meta property=\"og:image:height\" content=\"1125\" class=\"yoast-seo-meta-tag\" \/>\n\t<meta property=\"og:image:type\" content=\"image\/jpeg\" class=\"yoast-seo-meta-tag\" \/>\n<meta name=\"author\" content=\"dorogimedence.hu\" class=\"yoast-seo-meta-tag\" \/>\n<meta name=\"twitter:card\" content=\"summary_large_image\" class=\"yoast-seo-meta-tag\" \/>\n<meta name=\"twitter:label1\" content=\"Szerz\u0151:\" class=\"yoast-seo-meta-tag\" \/>\n\t<meta name=\"twitter:data1\" content=\"dorogimedence.hu\" class=\"yoast-seo-meta-tag\" \/>\n\t<meta name=\"twitter:label2\" content=\"Becs\u00fclt olvas\u00e1si id\u0151\" class=\"yoast-seo-meta-tag\" \/>\n\t<meta name=\"twitter:data2\" content=\"3 perc\" class=\"yoast-seo-meta-tag\" \/>\n<script type=\"application\/ld+json\" class=\"yoast-schema-graph\">{\"@context\":\"https:\\\/\\\/schema.org\",\"@graph\":[{\"@type\":\"Article\",\"@id\":\"https:\\\/\\\/dorogimedence.hu\\\/index.php\\\/2022\\\/10\\\/14\\\/a-pilisi-parkerdo-is-aktivan-reszt-vesz-a-varosfasitasban\\\/#article\",\"isPartOf\":{\"@id\":\"https:\\\/\\\/dorogimedence.hu\\\/index.php\\\/2022\\\/10\\\/14\\\/a-pilisi-parkerdo-is-aktivan-reszt-vesz-a-varosfasitasban\\\/\"},\"author\":{\"name\":\"dorogimedence.hu\",\"@id\":\"https:\\\/\\\/dorogimedence.hu\\\/#\\\/schema\\\/person\\\/ce6091eeb7e95ecdc87890d6aa8e0fd4\"},\"headline\":\"A Pilisi Parkerd\u0151 is akt\u00edvan r\u00e9szt vesz a v\u00e1rosf\u00e1s\u00edt\u00e1sban\",\"datePublished\":\"2022-10-14T08:04:12+00:00\",\"dateModified\":\"2022-10-14T08:04:39+00:00\",\"mainEntityOfPage\":{\"@id\":\"https:\\\/\\\/dorogimedence.hu\\\/index.php\\\/2022\\\/10\\\/14\\\/a-pilisi-parkerdo-is-aktivan-reszt-vesz-a-varosfasitasban\\\/\"},\"wordCount\":655,\"publisher\":{\"@id\":\"https:\\\/\\\/dorogimedence.hu\\\/#organization\"},\"image\":{\"@id\":\"https:\\\/\\\/dorogimedence.hu\\\/index.php\\\/2022\\\/10\\\/14\\\/a-pilisi-parkerdo-is-aktivan-reszt-vesz-a-varosfasitasban\\\/#primaryimage\"},\"thumbnailUrl\":\"https:\\\/\\\/dorogimedence.hu\\\/wp-content\\\/uploads\\\/2022\\\/10\\\/VarosFa_Diosd_01.jpg\",\"keywords\":[\"Pilisi Parkerd\u0151\",\"v\u00e1rosf\u00e1s\u00edt\u00e1s\"],\"articleSection\":[\"H\u00edrek\"],\"inLanguage\":\"hu\"},{\"@type\":\"WebPage\",\"@id\":\"https:\\\/\\\/dorogimedence.hu\\\/index.php\\\/2022\\\/10\\\/14\\\/a-pilisi-parkerdo-is-aktivan-reszt-vesz-a-varosfasitasban\\\/\",\"url\":\"https:\\\/\\\/dorogimedence.hu\\\/index.php\\\/2022\\\/10\\\/14\\\/a-pilisi-parkerdo-is-aktivan-reszt-vesz-a-varosfasitasban\\\/\",\"name\":\"A Pilisi Parkerd\u0151 is akt\u00edvan r\u00e9szt vesz a v\u00e1rosf\u00e1s\u00edt\u00e1sban\",\"isPartOf\":{\"@id\":\"https:\\\/\\\/dorogimedence.hu\\\/#website\"},\"primaryImageOfPage\":{\"@id\":\"https:\\\/\\\/dorogimedence.hu\\\/index.php\\\/2022\\\/10\\\/14\\\/a-pilisi-parkerdo-is-aktivan-reszt-vesz-a-varosfasitasban\\\/#primaryimage\"},\"image\":{\"@id\":\"https:\\\/\\\/dorogimedence.hu\\\/index.php\\\/2022\\\/10\\\/14\\\/a-pilisi-parkerdo-is-aktivan-reszt-vesz-a-varosfasitasban\\\/#primaryimage\"},\"thumbnailUrl\":\"https:\\\/\\\/dorogimedence.hu\\\/wp-content\\\/uploads\\\/2022\\\/10\\\/VarosFa_Diosd_01.jpg\",\"datePublished\":\"2022-10-14T08:04:12+00:00\",\"dateModified\":\"2022-10-14T08:04:39+00:00\",\"breadcrumb\":{\"@id\":\"https:\\\/\\\/dorogimedence.hu\\\/index.php\\\/2022\\\/10\\\/14\\\/a-pilisi-parkerdo-is-aktivan-reszt-vesz-a-varosfasitasban\\\/#breadcrumb\"},\"inLanguage\":\"hu\",\"potentialAction\":[{\"@type\":\"ReadAction\",\"target\":[\"https:\\\/\\\/dorogimedence.hu\\\/index.php\\\/2022\\\/10\\\/14\\\/a-pilisi-parkerdo-is-aktivan-reszt-vesz-a-varosfasitasban\\\/\"]}]},{\"@type\":\"ImageObject\",\"inLanguage\":\"hu\",\"@id\":\"https:\\\/\\\/dorogimedence.hu\\\/index.php\\\/2022\\\/10\\\/14\\\/a-pilisi-parkerdo-is-aktivan-reszt-vesz-a-varosfasitasban\\\/#primaryimage\",\"url\":\"https:\\\/\\\/dorogimedence.hu\\\/wp-content\\\/uploads\\\/2022\\\/10\\\/VarosFa_Diosd_01.jpg\",\"contentUrl\":\"https:\\\/\\\/dorogimedence.hu\\\/wp-content\\\/uploads\\\/2022\\\/10\\\/VarosFa_Diosd_01.jpg\",\"width\":2000,\"height\":1125},{\"@type\":\"BreadcrumbList\",\"@id\":\"https:\\\/\\\/dorogimedence.hu\\\/index.php\\\/2022\\\/10\\\/14\\\/a-pilisi-parkerdo-is-aktivan-reszt-vesz-a-varosfasitasban\\\/#breadcrumb\",\"itemListElement\":[{\"@type\":\"ListItem\",\"position\":1,\"name\":\"Kezd\u0151lap\",\"item\":\"https:\\\/\\\/dorogimedence.hu\\\/\"},{\"@type\":\"ListItem\",\"position\":2,\"name\":\"A Pilisi Parkerd\u0151 is akt\u00edvan r\u00e9szt vesz a v\u00e1rosf\u00e1s\u00edt\u00e1sban\"}]},{\"@type\":\"WebSite\",\"@id\":\"https:\\\/\\\/dorogimedence.hu\\\/#website\",\"url\":\"https:\\\/\\\/dorogimedence.hu\\\/\",\"name\":\"Dorogi-medence Region\u00e1lis H\u00edrport\u00e1l\",\"description\":\"Dorog, Keszt\u00f6lc, Le\u00e1nyv\u00e1r, Piliscs\u00e9v, Tokod, Tokodalt\u00e1r\u00f3, Csolnok, Esztergom-kertv\u00e1ros: h\u00edrek, programok\",\"publisher\":{\"@id\":\"https:\\\/\\\/dorogimedence.hu\\\/#organization\"},\"potentialAction\":[{\"@type\":\"SearchAction\",\"target\":{\"@type\":\"EntryPoint\",\"urlTemplate\":\"https:\\\/\\\/dorogimedence.hu\\\/?s={search_term_string}\"},\"query-input\":{\"@type\":\"PropertyValueSpecification\",\"valueRequired\":true,\"valueName\":\"search_term_string\"}}],\"inLanguage\":\"hu\"},{\"@type\":\"Organization\",\"@id\":\"https:\\\/\\\/dorogimedence.hu\\\/#organization\",\"name\":\"Dorogi-medence Region\u00e1lis H\u00edrport\u00e1l\",\"url\":\"https:\\\/\\\/dorogimedence.hu\\\/\",\"logo\":{\"@type\":\"ImageObject\",\"inLanguage\":\"hu\",\"@id\":\"https:\\\/\\\/dorogimedence.hu\\\/#\\\/schema\\\/logo\\\/image\\\/\",\"url\":\"https:\\\/\\\/dorogimedence.hu\\\/wp-content\\\/uploads\\\/2021\\\/04\\\/logo-feher-600.png\",\"contentUrl\":\"https:\\\/\\\/dorogimedence.hu\\\/wp-content\\\/uploads\\\/2021\\\/04\\\/logo-feher-600.png\",\"width\":600,\"height\":100,\"caption\":\"Dorogi-medence Region\u00e1lis H\u00edrport\u00e1l\"},\"image\":{\"@id\":\"https:\\\/\\\/dorogimedence.hu\\\/#\\\/schema\\\/logo\\\/image\\\/\"},\"sameAs\":[\"https:\\\/\\\/www.facebook.com\\\/dorogimedence\\\/\"]},{\"@type\":\"Person\",\"@id\":\"https:\\\/\\\/dorogimedence.hu\\\/#\\\/schema\\\/person\\\/ce6091eeb7e95ecdc87890d6aa8e0fd4\",\"name\":\"dorogimedence.hu\",\"image\":{\"@type\":\"ImageObject\",\"inLanguage\":\"hu\",\"@id\":\"\\\/\\\/www.gravatar.com\\\/avatar\\\/d8d45f8901aadff40a4af72c0b826f1d?s=96&#038;r=g&#038;d=mm\",\"url\":\"\\\/\\\/www.gravatar.com\\\/avatar\\\/d8d45f8901aadff40a4af72c0b826f1d?s=96&#038;r=g&#038;d=mm\",\"contentUrl\":\"\\\/\\\/www.gravatar.com\\\/avatar\\\/d8d45f8901aadff40a4af72c0b826f1d?s=96&#038;r=g&#038;d=mm\",\"caption\":\"dorogimedence.hu\"}}]}<\/script>\n<!-- \/ Yoast SEO plugin. -->","yoast_head_json":{"title":"A Pilisi Parkerd\u0151 is akt\u00edvan r\u00e9szt vesz a v\u00e1rosf\u00e1s\u00edt\u00e1sban","robots":{"index":"index","follow":"follow","max-snippet":"max-snippet:-1","max-image-preview":"max-image-preview:large","max-video-preview":"max-video-preview:-1"},"canonical":"https:\/\/dorogimedence.hu\/index.php\/2022\/10\/14\/a-pilisi-parkerdo-is-aktivan-reszt-vesz-a-varosfasitasban\/","og_locale":"hu_HU","og_type":"article","og_title":"A Pilisi Parkerd\u0151 is akt\u00edvan r\u00e9szt vesz a v\u00e1rosf\u00e1s\u00edt\u00e1sban","og_description":"Az idei \u00e9v egyik legjelent\u0151sebb telep\u00fcl\u00e9sf\u00e1s\u00edt\u00e1si kezdem\u00e9nyez\u00e9se a MOL-\u00daj Eur\u00f3pa Alap\u00edtv\u00e1ny V\u00e1rosFa Programja, amelyben h\u00e9tezer darab sorf\u00e1t ig\u00e9nyelhettek a t\u00edzezer f\u0151n\u00e9l nagyobb telep\u00fcl\u00e9sek. Az \u00fcltet\u00e9sek okt\u00f3berben zajlanak, \u00e9s a programban a Pilisi Parkerd\u0151 Zrt. is akt\u00edv szerepet v\u00e1llal. A V\u00e1rosFa Program A MOL-\u00daj Eur\u00f3pa Alap\u00edtv\u00e1ny 2022 tavasz\u00e1n az Agr\u00e1rminiszt\u00e9riummal, a Megyei Jog\u00fa V\u00e1rosok Sz\u00f6vets\u00e9g\u00e9vel \u00e9s","og_url":"https:\/\/dorogimedence.hu\/index.php\/2022\/10\/14\/a-pilisi-parkerdo-is-aktivan-reszt-vesz-a-varosfasitasban\/","og_site_name":"Dorogi-medence Region\u00e1lis H\u00edrport\u00e1l","article_publisher":"https:\/\/www.facebook.com\/dorogimedence\/","article_published_time":"2022-10-14T08:04:12+00:00","article_modified_time":"2022-10-14T08:04:39+00:00","og_image":[{"width":2000,"height":1125,"url":"https:\/\/dorogimedence.hu\/wp-content\/uploads\/2022\/10\/VarosFa_Diosd_01.jpg","type":"image\/jpeg"}],"author":"dorogimedence.hu","twitter_card":"summary_large_image","twitter_misc":{"Szerz\u0151:":"dorogimedence.hu","Becs\u00fclt olvas\u00e1si id\u0151":"3 perc"},"schema":{"@context":"https:\/\/schema.org","@graph":[{"@type":"Article","@id":"https:\/\/dorogimedence.hu\/index.php\/2022\/10\/14\/a-pilisi-parkerdo-is-aktivan-reszt-vesz-a-varosfasitasban\/#article","isPartOf":{"@id":"https:\/\/dorogimedence.hu\/index.php\/2022\/10\/14\/a-pilisi-parkerdo-is-aktivan-reszt-vesz-a-varosfasitasban\/"},"author":{"name":"dorogimedence.hu","@id":"https:\/\/dorogimedence.hu\/#\/schema\/person\/ce6091eeb7e95ecdc87890d6aa8e0fd4"},"headline":"A Pilisi Parkerd\u0151 is akt\u00edvan r\u00e9szt vesz a v\u00e1rosf\u00e1s\u00edt\u00e1sban","datePublished":"2022-10-14T08:04:12+00:00","dateModified":"2022-10-14T08:04:39+00:00","mainEntityOfPage":{"@id":"https:\/\/dorogimedence.hu\/index.php\/2022\/10\/14\/a-pilisi-parkerdo-is-aktivan-reszt-vesz-a-varosfasitasban\/"},"wordCount":655,"publisher":{"@id":"https:\/\/dorogimedence.hu\/#organization"},"image":{"@id":"https:\/\/dorogimedence.hu\/index.php\/2022\/10\/14\/a-pilisi-parkerdo-is-aktivan-reszt-vesz-a-varosfasitasban\/#primaryimage"},"thumbnailUrl":"https:\/\/dorogimedence.hu\/wp-content\/uploads\/2022\/10\/VarosFa_Diosd_01.jpg","keywords":["Pilisi Parkerd\u0151","v\u00e1rosf\u00e1s\u00edt\u00e1s"],"articleSection":["H\u00edrek"],"inLanguage":"hu"},{"@type":"WebPage","@id":"https:\/\/dorogimedence.hu\/index.php\/2022\/10\/14\/a-pilisi-parkerdo-is-aktivan-reszt-vesz-a-varosfasitasban\/","url":"https:\/\/dorogimedence.hu\/index.php\/2022\/10\/14\/a-pilisi-parkerdo-is-aktivan-reszt-vesz-a-varosfasitasban\/","name":"A Pilisi Parkerd\u0151 is akt\u00edvan r\u00e9szt vesz a v\u00e1rosf\u00e1s\u00edt\u00e1sban","isPartOf":{"@id":"https:\/\/dorogimedence.hu\/#website"},"primaryImageOfPage":{"@id":"https:\/\/dorogimedence.hu\/index.php\/2022\/10\/14\/a-pilisi-parkerdo-is-aktivan-reszt-vesz-a-varosfasitasban\/#primaryimage"},"image":{"@id":"https:\/\/dorogimedence.hu\/index.php\/2022\/10\/14\/a-pilisi-parkerdo-is-aktivan-reszt-vesz-a-varosfasitasban\/#primaryimage"},"thumbnailUrl":"https:\/\/dorogimedence.hu\/wp-content\/uploads\/2022\/10\/VarosFa_Diosd_01.jpg","datePublished":"2022-10-14T08:04:12+00:00","dateModified":"2022-10-14T08:04:39+00:00","breadcrumb":{"@id":"https:\/\/dorogimedence.hu\/index.php\/2022\/10\/14\/a-pilisi-parkerdo-is-aktivan-reszt-vesz-a-varosfasitasban\/#breadcrumb"},"inLanguage":"hu","potentialAction":[{"@type":"ReadAction","target":["https:\/\/dorogimedence.hu\/index.php\/2022\/10\/14\/a-pilisi-parkerdo-is-aktivan-reszt-vesz-a-varosfasitasban\/"]}]},{"@type":"ImageObject","inLanguage":"hu","@id":"https:\/\/dorogimedence.hu\/index.php\/2022\/10\/14\/a-pilisi-parkerdo-is-aktivan-reszt-vesz-a-varosfasitasban\/#primaryimage","url":"https:\/\/dorogimedence.hu\/wp-content\/uploads\/2022\/10\/VarosFa_Diosd_01.jpg","contentUrl":"https:\/\/dorogimedence.hu\/wp-content\/uploads\/2022\/10\/VarosFa_Diosd_01.jpg","width":2000,"height":1125},{"@type":"BreadcrumbList","@id":"https:\/\/dorogimedence.hu\/index.php\/2022\/10\/14\/a-pilisi-parkerdo-is-aktivan-reszt-vesz-a-varosfasitasban\/#breadcrumb","itemListElement":[{"@type":"ListItem","position":1,"name":"Kezd\u0151lap","item":"https:\/\/dorogimedence.hu\/"},{"@type":"ListItem","position":2,"name":"A Pilisi Parkerd\u0151 is akt\u00edvan r\u00e9szt vesz a v\u00e1rosf\u00e1s\u00edt\u00e1sban"}]},{"@type":"WebSite","@id":"https:\/\/dorogimedence.hu\/#website","url":"https:\/\/dorogimedence.hu\/","name":"Dorogi-medence Region\u00e1lis H\u00edrport\u00e1l","description":"Dorog, Keszt\u00f6lc, Le\u00e1nyv\u00e1r, Piliscs\u00e9v, Tokod, Tokodalt\u00e1r\u00f3, Csolnok, Esztergom-kertv\u00e1ros: h\u00edrek, programok","publisher":{"@id":"https:\/\/dorogimedence.hu\/#organization"},"potentialAction":[{"@type":"SearchAction","target":{"@type":"EntryPoint","urlTemplate":"https:\/\/dorogimedence.hu\/?s={search_term_string}"},"query-input":{"@type":"PropertyValueSpecification","valueRequired":true,"valueName":"search_term_string"}}],"inLanguage":"hu"},{"@type":"Organization","@id":"https:\/\/dorogimedence.hu\/#organization","name":"Dorogi-medence Region\u00e1lis H\u00edrport\u00e1l","url":"https:\/\/dorogimedence.hu\/","logo":{"@type":"ImageObject","inLanguage":"hu","@id":"https:\/\/dorogimedence.hu\/#\/schema\/logo\/image\/","url":"https:\/\/dorogimedence.hu\/wp-content\/uploads\/2021\/04\/logo-feher-600.png","contentUrl":"https:\/\/dorogimedence.hu\/wp-content\/uploads\/2021\/04\/logo-feher-600.png","width":600,"height":100,"caption":"Dorogi-medence Region\u00e1lis H\u00edrport\u00e1l"},"image":{"@id":"https:\/\/dorogimedence.hu\/#\/schema\/logo\/image\/"},"sameAs":["https:\/\/www.facebook.com\/dorogimedence\/"]},{"@type":"Person","@id":"https:\/\/dorogimedence.hu\/#\/schema\/person\/ce6091eeb7e95ecdc87890d6aa8e0fd4","name":"dorogimedence.hu","image":{"@type":"ImageObject","inLanguage":"hu","@id":"\/\/www.gravatar.com\/avatar\/d8d45f8901aadff40a4af72c0b826f1d?s=96&#038;r=g&#038;d=mm","url":"\/\/www.gravatar.com\/avatar\/d8d45f8901aadff40a4af72c0b826f1d?s=96&#038;r=g&#038;d=mm","contentUrl":"\/\/www.gravatar.com\/avatar\/d8d45f8901aadff40a4af72c0b826f1d?s=96&#038;r=g&#038;d=mm","caption":"dorogimedence.hu"}}]}},"_links":{"self":[{"href":"https:\/\/dorogimedence.hu\/index.php\/wp-json\/wp\/v2\/posts\/47294","targetHints":{"allow":["GET"]}}],"collection":[{"href":"https:\/\/dorogimedence.hu\/index.php\/wp-json\/wp\/v2\/posts"}],"about":[{"href":"https:\/\/dorogimedence.hu\/index.php\/wp-json\/wp\/v2\/types\/post"}],"author":[{"embeddable":true,"href":"https:\/\/dorogimedence.hu\/index.php\/wp-json\/wp\/v2\/users\/1"}],"replies":[{"embeddable":true,"href":"https:\/\/dorogimedence.hu\/index.php\/wp-json\/wp\/v2\/comments?post=47294"}],"version-history":[{"count":0,"href":"https:\/\/dorogimedence.hu\/index.php\/wp-json\/wp\/v2\/posts\/47294\/revisions"}],"wp:featuredmedia":[{"embeddable":true,"href":"https:\/\/dorogimedence.hu\/index.php\/wp-json\/wp\/v2\/media\/47296"}],"wp:attachment":[{"href":"https:\/\/dorogimedence.hu\/index.php\/wp-json\/wp\/v2\/media?parent=47294"}],"wp:term":[{"taxonomy":"category","embeddable":true,"href":"https:\/\/dorogimedence.hu\/index.php\/wp-json\/wp\/v2\/categories?post=47294"},{"taxonomy":"post_tag","embeddable":true,"href":"https:\/\/dorogimedence.hu\/index.php\/wp-json\/wp\/v2\/tags?post=47294"}],"curies":[{"name":"wp","href":"https:\/\/api.w.org\/{rel}","templated":true}]}}