{"id":47276,"date":"2022-10-13T11:27:50","date_gmt":"2022-10-13T09:27:50","guid":{"rendered":"https:\/\/dorogimedence.hu\/?p=47276"},"modified":"2022-10-13T11:28:41","modified_gmt":"2022-10-13T09:28:41","slug":"megtisztitottak-a-dorogi-banyasz-emlekhaz-kornyezetet","status":"publish","type":"post","link":"https:\/\/dorogimedence.hu\/index.php\/2022\/10\/13\/megtisztitottak-a-dorogi-banyasz-emlekhaz-kornyezetet\/","title":{"rendered":"Megtiszt\u00edtott\u00e1k a dorogi B\u00e1ny\u00e1sz Eml\u00e9kh\u00e1z k\u00f6rnyezet\u00e9t"},"content":{"rendered":"<p><strong>Kitakar\u00edtotta a K\u00f6z\u00f6sen Dorog\u00e9rt Egyes\u00fclet (K\u00d6Z\u00d6D) a dorogi B\u00e1ny\u00e1sz Eml\u00e9kh\u00e1z udvar\u00e1t.<\/strong><\/p>\n<p>\u201eCivil szervezet\u00fcnk 12 tagja eg\u00e9sz napos munk\u00e1val tette rendbe az ak\u00e1cokkal ben\u0151tt eml\u00e9kh\u00e1z ter\u00fclet\u00e9t. T\u00f6bb, mint 2 k\u00f6bm\u00e9ter zs\u00e1knyi gaz, f\u0171 \u00e9s elhalt tuj\u00e1k ker\u00fcltek ki az udvarr\u00f3l. Megmetszett\u00fck a ker\u00edt\u00e9s mellett fut\u00f3 bokrokat, a f\u0171kasz\u00e1l\u00e1s ut\u00e1n f\u0171ny\u00edr\u00e1ssal z\u00e1rtuk a munkafolyamatokat.\u201d \u2013 \u00edrta k\u00f6z\u00f6ss\u00e9gi oldal\u00e1n a civil szervezet.<\/p>\n<p>A K\u00f6z\u00f6sen Dorog\u00e9rt Egyes\u00fclet minden \u00e9vben k\u00f6z\u00f6ss\u00e9gi akci\u00f3kat szervez, amelyek sor\u00e1n programokat \u2013 F\u00d3KUSZ, kultur\u00e1lis fesztiv\u00e1l, Borb\u00e1la Nap \u2013 tartottak, rendbe tett\u00e9k a s\u00f6rkertet, elektronikai \u00e9s m\u0171anyaghullad\u00e9k-gy\u0171jt\u00e9st szerveztek a dorogiaknak.<\/p>\n<p>\u201eC\u00e9lunk, hogy helyben j\u00f3l \u00e9rezz\u00e9k magukat v\u00e1rosunk lak\u00f3i, ehhez a k\u00f6rnyezet rendbet\u00e9tele mellett fontosak a min\u0151s\u00e9gi id\u0151t\u00f6lt\u00e9sre alkalmas programok. Legyen K\u00d6Z\u00d6D hozz\u00e1!\u201d \u2013 jegyezt\u00e9k meg az egyes\u00fclet tagjai.<\/p>\n<p><em>Bor\u00edt\u00f3k\u00e9p, forr\u00e1s: K\u00d6Z\u00d6D Egyes\u00fclet Facebook oldala<\/em><\/p>\n","protected":false},"excerpt":{"rendered":"<p>Kitakar\u00edtotta a K\u00f6z\u00f6sen Dorog\u00e9rt Egyes\u00fclet (K\u00d6Z\u00d6D) a dorogi B\u00e1ny\u00e1sz Eml\u00e9kh\u00e1z udvar\u00e1t. \u201eCivil szervezet\u00fcnk 12 tagja eg\u00e9sz napos munk\u00e1val tette rendbe az ak\u00e1cokkal ben\u0151tt eml\u00e9kh\u00e1z ter\u00fclet\u00e9t. T\u00f6bb, mint 2 k\u00f6bm\u00e9ter zs\u00e1knyi gaz, f\u0171 \u00e9s elhalt tuj\u00e1k ker\u00fcltek ki az udvarr\u00f3l. Megmetszett\u00fck a ker\u00edt\u00e9s mellett fut\u00f3 bokrokat, a f\u0171kasz\u00e1l\u00e1s ut\u00e1n f\u0171ny\u00edr\u00e1ssal z\u00e1rtuk a munkafolyamatokat.\u201d \u2013 \u00edrta k\u00f6z\u00f6ss\u00e9gi<\/p>\n","protected":false},"author":1,"featured_media":47277,"comment_status":"closed","ping_status":"closed","sticky":false,"template":"","format":"standard","meta":{"ngg_post_thumbnail":0,"footnotes":""},"categories":[2,3],"tags":[15,5624,4286],"class_list":{"0":"post-47276","1":"post","2":"type-post","3":"status-publish","4":"format-standard","5":"has-post-thumbnail","7":"category-dorog","8":"category-hirek","9":"tag-dorog","10":"tag-featured","11":"tag-kozod"},"yoast_head":"<!-- This site is optimized with the Yoast SEO plugin v27.5 - https:\/\/yoast.com\/product\/yoast-seo-wordpress\/ -->\n<title>Megtiszt\u00edtott\u00e1k a dorogi B\u00e1ny\u00e1sz Eml\u00e9kh\u00e1z k\u00f6rnyezet\u00e9t<\/title>\n<meta name=\"robots\" content=\"index, follow, max-snippet:-1, max-image-preview:large, max-video-preview:-1\" \/>\n<link rel=\"canonical\" href=\"https:\/\/dorogimedence.hu\/index.php\/2022\/10\/13\/megtisztitottak-a-dorogi-banyasz-emlekhaz-kornyezetet\/\" class=\"yoast-seo-meta-tag\" \/>\n<meta property=\"og:locale\" content=\"hu_HU\" class=\"yoast-seo-meta-tag\" \/>\n<meta property=\"og:type\" content=\"article\" class=\"yoast-seo-meta-tag\" \/>\n<meta property=\"og:title\" content=\"Megtiszt\u00edtott\u00e1k a dorogi B\u00e1ny\u00e1sz Eml\u00e9kh\u00e1z k\u00f6rnyezet\u00e9t\" class=\"yoast-seo-meta-tag\" \/>\n<meta property=\"og:description\" content=\"Kitakar\u00edtotta a K\u00f6z\u00f6sen Dorog\u00e9rt Egyes\u00fclet (K\u00d6Z\u00d6D) a dorogi B\u00e1ny\u00e1sz Eml\u00e9kh\u00e1z udvar\u00e1t. \u201eCivil szervezet\u00fcnk 12 tagja eg\u00e9sz napos munk\u00e1val tette rendbe az ak\u00e1cokkal ben\u0151tt eml\u00e9kh\u00e1z ter\u00fclet\u00e9t. T\u00f6bb, mint 2 k\u00f6bm\u00e9ter zs\u00e1knyi gaz, f\u0171 \u00e9s elhalt tuj\u00e1k ker\u00fcltek ki az udvarr\u00f3l. Megmetszett\u00fck a ker\u00edt\u00e9s mellett fut\u00f3 bokrokat, a f\u0171kasz\u00e1l\u00e1s ut\u00e1n f\u0171ny\u00edr\u00e1ssal z\u00e1rtuk a munkafolyamatokat.\u201d \u2013 \u00edrta k\u00f6z\u00f6ss\u00e9gi\" class=\"yoast-seo-meta-tag\" \/>\n<meta property=\"og:url\" content=\"https:\/\/dorogimedence.hu\/index.php\/2022\/10\/13\/megtisztitottak-a-dorogi-banyasz-emlekhaz-kornyezetet\/\" class=\"yoast-seo-meta-tag\" \/>\n<meta property=\"og:site_name\" content=\"Dorogi-medence Region\u00e1lis H\u00edrport\u00e1l\" class=\"yoast-seo-meta-tag\" \/>\n<meta property=\"article:publisher\" content=\"https:\/\/www.facebook.com\/dorogimedence\/\" class=\"yoast-seo-meta-tag\" \/>\n<meta property=\"article:published_time\" content=\"2022-10-13T09:27:50+00:00\" class=\"yoast-seo-meta-tag\" \/>\n<meta property=\"article:modified_time\" content=\"2022-10-13T09:28:41+00:00\" class=\"yoast-seo-meta-tag\" \/>\n<meta property=\"og:image\" content=\"https:\/\/dorogimedence.hu\/wp-content\/uploads\/2022\/10\/311464663_3388747704688276_6638351151786751934_n.jpg\" class=\"yoast-seo-meta-tag\" \/>\n\t<meta property=\"og:image:width\" content=\"2048\" class=\"yoast-seo-meta-tag\" \/>\n\t<meta property=\"og:image:height\" content=\"1152\" class=\"yoast-seo-meta-tag\" \/>\n\t<meta property=\"og:image:type\" content=\"image\/jpeg\" class=\"yoast-seo-meta-tag\" \/>\n<meta name=\"author\" content=\"dorogimedence.hu\" class=\"yoast-seo-meta-tag\" \/>\n<meta name=\"twitter:card\" content=\"summary_large_image\" class=\"yoast-seo-meta-tag\" \/>\n<meta name=\"twitter:label1\" content=\"Szerz\u0151:\" class=\"yoast-seo-meta-tag\" \/>\n\t<meta name=\"twitter:data1\" content=\"dorogimedence.hu\" class=\"yoast-seo-meta-tag\" \/>\n\t<meta name=\"twitter:label2\" content=\"Becs\u00fclt olvas\u00e1si id\u0151\" class=\"yoast-seo-meta-tag\" \/>\n\t<meta name=\"twitter:data2\" content=\"1 perc\" class=\"yoast-seo-meta-tag\" \/>\n<script type=\"application\/ld+json\" class=\"yoast-schema-graph\">{\"@context\":\"https:\\\/\\\/schema.org\",\"@graph\":[{\"@type\":\"Article\",\"@id\":\"https:\\\/\\\/dorogimedence.hu\\\/index.php\\\/2022\\\/10\\\/13\\\/megtisztitottak-a-dorogi-banyasz-emlekhaz-kornyezetet\\\/#article\",\"isPartOf\":{\"@id\":\"https:\\\/\\\/dorogimedence.hu\\\/index.php\\\/2022\\\/10\\\/13\\\/megtisztitottak-a-dorogi-banyasz-emlekhaz-kornyezetet\\\/\"},\"author\":{\"name\":\"dorogimedence.hu\",\"@id\":\"https:\\\/\\\/dorogimedence.hu\\\/#\\\/schema\\\/person\\\/ce6091eeb7e95ecdc87890d6aa8e0fd4\"},\"headline\":\"Megtiszt\u00edtott\u00e1k a dorogi B\u00e1ny\u00e1sz Eml\u00e9kh\u00e1z k\u00f6rnyezet\u00e9t\",\"datePublished\":\"2022-10-13T09:27:50+00:00\",\"dateModified\":\"2022-10-13T09:28:41+00:00\",\"mainEntityOfPage\":{\"@id\":\"https:\\\/\\\/dorogimedence.hu\\\/index.php\\\/2022\\\/10\\\/13\\\/megtisztitottak-a-dorogi-banyasz-emlekhaz-kornyezetet\\\/\"},\"wordCount\":216,\"publisher\":{\"@id\":\"https:\\\/\\\/dorogimedence.hu\\\/#organization\"},\"image\":{\"@id\":\"https:\\\/\\\/dorogimedence.hu\\\/index.php\\\/2022\\\/10\\\/13\\\/megtisztitottak-a-dorogi-banyasz-emlekhaz-kornyezetet\\\/#primaryimage\"},\"thumbnailUrl\":\"https:\\\/\\\/dorogimedence.hu\\\/wp-content\\\/uploads\\\/2022\\\/10\\\/311464663_3388747704688276_6638351151786751934_n.jpg\",\"keywords\":[\"Dorog\",\"featured\",\"K\u00f6z\u00f6d\"],\"articleSection\":[\"Dorog\",\"H\u00edrek\"],\"inLanguage\":\"hu\"},{\"@type\":\"WebPage\",\"@id\":\"https:\\\/\\\/dorogimedence.hu\\\/index.php\\\/2022\\\/10\\\/13\\\/megtisztitottak-a-dorogi-banyasz-emlekhaz-kornyezetet\\\/\",\"url\":\"https:\\\/\\\/dorogimedence.hu\\\/index.php\\\/2022\\\/10\\\/13\\\/megtisztitottak-a-dorogi-banyasz-emlekhaz-kornyezetet\\\/\",\"name\":\"Megtiszt\u00edtott\u00e1k a dorogi B\u00e1ny\u00e1sz Eml\u00e9kh\u00e1z k\u00f6rnyezet\u00e9t\",\"isPartOf\":{\"@id\":\"https:\\\/\\\/dorogimedence.hu\\\/#website\"},\"primaryImageOfPage\":{\"@id\":\"https:\\\/\\\/dorogimedence.hu\\\/index.php\\\/2022\\\/10\\\/13\\\/megtisztitottak-a-dorogi-banyasz-emlekhaz-kornyezetet\\\/#primaryimage\"},\"image\":{\"@id\":\"https:\\\/\\\/dorogimedence.hu\\\/index.php\\\/2022\\\/10\\\/13\\\/megtisztitottak-a-dorogi-banyasz-emlekhaz-kornyezetet\\\/#primaryimage\"},\"thumbnailUrl\":\"https:\\\/\\\/dorogimedence.hu\\\/wp-content\\\/uploads\\\/2022\\\/10\\\/311464663_3388747704688276_6638351151786751934_n.jpg\",\"datePublished\":\"2022-10-13T09:27:50+00:00\",\"dateModified\":\"2022-10-13T09:28:41+00:00\",\"breadcrumb\":{\"@id\":\"https:\\\/\\\/dorogimedence.hu\\\/index.php\\\/2022\\\/10\\\/13\\\/megtisztitottak-a-dorogi-banyasz-emlekhaz-kornyezetet\\\/#breadcrumb\"},\"inLanguage\":\"hu\",\"potentialAction\":[{\"@type\":\"ReadAction\",\"target\":[\"https:\\\/\\\/dorogimedence.hu\\\/index.php\\\/2022\\\/10\\\/13\\\/megtisztitottak-a-dorogi-banyasz-emlekhaz-kornyezetet\\\/\"]}]},{\"@type\":\"ImageObject\",\"inLanguage\":\"hu\",\"@id\":\"https:\\\/\\\/dorogimedence.hu\\\/index.php\\\/2022\\\/10\\\/13\\\/megtisztitottak-a-dorogi-banyasz-emlekhaz-kornyezetet\\\/#primaryimage\",\"url\":\"https:\\\/\\\/dorogimedence.hu\\\/wp-content\\\/uploads\\\/2022\\\/10\\\/311464663_3388747704688276_6638351151786751934_n.jpg\",\"contentUrl\":\"https:\\\/\\\/dorogimedence.hu\\\/wp-content\\\/uploads\\\/2022\\\/10\\\/311464663_3388747704688276_6638351151786751934_n.jpg\",\"width\":2048,\"height\":1152},{\"@type\":\"BreadcrumbList\",\"@id\":\"https:\\\/\\\/dorogimedence.hu\\\/index.php\\\/2022\\\/10\\\/13\\\/megtisztitottak-a-dorogi-banyasz-emlekhaz-kornyezetet\\\/#breadcrumb\",\"itemListElement\":[{\"@type\":\"ListItem\",\"position\":1,\"name\":\"Kezd\u0151lap\",\"item\":\"https:\\\/\\\/dorogimedence.hu\\\/\"},{\"@type\":\"ListItem\",\"position\":2,\"name\":\"Megtiszt\u00edtott\u00e1k a dorogi B\u00e1ny\u00e1sz Eml\u00e9kh\u00e1z k\u00f6rnyezet\u00e9t\"}]},{\"@type\":\"WebSite\",\"@id\":\"https:\\\/\\\/dorogimedence.hu\\\/#website\",\"url\":\"https:\\\/\\\/dorogimedence.hu\\\/\",\"name\":\"Dorogi-medence Region\u00e1lis H\u00edrport\u00e1l\",\"description\":\"Dorog, Keszt\u00f6lc, Le\u00e1nyv\u00e1r, Piliscs\u00e9v, Tokod, Tokodalt\u00e1r\u00f3, Csolnok, Esztergom-kertv\u00e1ros: h\u00edrek, programok\",\"publisher\":{\"@id\":\"https:\\\/\\\/dorogimedence.hu\\\/#organization\"},\"potentialAction\":[{\"@type\":\"SearchAction\",\"target\":{\"@type\":\"EntryPoint\",\"urlTemplate\":\"https:\\\/\\\/dorogimedence.hu\\\/?s={search_term_string}\"},\"query-input\":{\"@type\":\"PropertyValueSpecification\",\"valueRequired\":true,\"valueName\":\"search_term_string\"}}],\"inLanguage\":\"hu\"},{\"@type\":\"Organization\",\"@id\":\"https:\\\/\\\/dorogimedence.hu\\\/#organization\",\"name\":\"Dorogi-medence Region\u00e1lis H\u00edrport\u00e1l\",\"url\":\"https:\\\/\\\/dorogimedence.hu\\\/\",\"logo\":{\"@type\":\"ImageObject\",\"inLanguage\":\"hu\",\"@id\":\"https:\\\/\\\/dorogimedence.hu\\\/#\\\/schema\\\/logo\\\/image\\\/\",\"url\":\"https:\\\/\\\/dorogimedence.hu\\\/wp-content\\\/uploads\\\/2021\\\/04\\\/logo-feher-600.png\",\"contentUrl\":\"https:\\\/\\\/dorogimedence.hu\\\/wp-content\\\/uploads\\\/2021\\\/04\\\/logo-feher-600.png\",\"width\":600,\"height\":100,\"caption\":\"Dorogi-medence Region\u00e1lis H\u00edrport\u00e1l\"},\"image\":{\"@id\":\"https:\\\/\\\/dorogimedence.hu\\\/#\\\/schema\\\/logo\\\/image\\\/\"},\"sameAs\":[\"https:\\\/\\\/www.facebook.com\\\/dorogimedence\\\/\"]},{\"@type\":\"Person\",\"@id\":\"https:\\\/\\\/dorogimedence.hu\\\/#\\\/schema\\\/person\\\/ce6091eeb7e95ecdc87890d6aa8e0fd4\",\"name\":\"dorogimedence.hu\",\"image\":{\"@type\":\"ImageObject\",\"inLanguage\":\"hu\",\"@id\":\"\\\/\\\/www.gravatar.com\\\/avatar\\\/d8d45f8901aadff40a4af72c0b826f1d?s=96&#038;r=g&#038;d=mm\",\"url\":\"\\\/\\\/www.gravatar.com\\\/avatar\\\/d8d45f8901aadff40a4af72c0b826f1d?s=96&#038;r=g&#038;d=mm\",\"contentUrl\":\"\\\/\\\/www.gravatar.com\\\/avatar\\\/d8d45f8901aadff40a4af72c0b826f1d?s=96&#038;r=g&#038;d=mm\",\"caption\":\"dorogimedence.hu\"}}]}<\/script>\n<!-- \/ Yoast SEO plugin. -->","yoast_head_json":{"title":"Megtiszt\u00edtott\u00e1k a dorogi B\u00e1ny\u00e1sz Eml\u00e9kh\u00e1z k\u00f6rnyezet\u00e9t","robots":{"index":"index","follow":"follow","max-snippet":"max-snippet:-1","max-image-preview":"max-image-preview:large","max-video-preview":"max-video-preview:-1"},"canonical":"https:\/\/dorogimedence.hu\/index.php\/2022\/10\/13\/megtisztitottak-a-dorogi-banyasz-emlekhaz-kornyezetet\/","og_locale":"hu_HU","og_type":"article","og_title":"Megtiszt\u00edtott\u00e1k a dorogi B\u00e1ny\u00e1sz Eml\u00e9kh\u00e1z k\u00f6rnyezet\u00e9t","og_description":"Kitakar\u00edtotta a K\u00f6z\u00f6sen Dorog\u00e9rt Egyes\u00fclet (K\u00d6Z\u00d6D) a dorogi B\u00e1ny\u00e1sz Eml\u00e9kh\u00e1z udvar\u00e1t. \u201eCivil szervezet\u00fcnk 12 tagja eg\u00e9sz napos munk\u00e1val tette rendbe az ak\u00e1cokkal ben\u0151tt eml\u00e9kh\u00e1z ter\u00fclet\u00e9t. T\u00f6bb, mint 2 k\u00f6bm\u00e9ter zs\u00e1knyi gaz, f\u0171 \u00e9s elhalt tuj\u00e1k ker\u00fcltek ki az udvarr\u00f3l. Megmetszett\u00fck a ker\u00edt\u00e9s mellett fut\u00f3 bokrokat, a f\u0171kasz\u00e1l\u00e1s ut\u00e1n f\u0171ny\u00edr\u00e1ssal z\u00e1rtuk a munkafolyamatokat.\u201d \u2013 \u00edrta k\u00f6z\u00f6ss\u00e9gi","og_url":"https:\/\/dorogimedence.hu\/index.php\/2022\/10\/13\/megtisztitottak-a-dorogi-banyasz-emlekhaz-kornyezetet\/","og_site_name":"Dorogi-medence Region\u00e1lis H\u00edrport\u00e1l","article_publisher":"https:\/\/www.facebook.com\/dorogimedence\/","article_published_time":"2022-10-13T09:27:50+00:00","article_modified_time":"2022-10-13T09:28:41+00:00","og_image":[{"width":2048,"height":1152,"url":"https:\/\/dorogimedence.hu\/wp-content\/uploads\/2022\/10\/311464663_3388747704688276_6638351151786751934_n.jpg","type":"image\/jpeg"}],"author":"dorogimedence.hu","twitter_card":"summary_large_image","twitter_misc":{"Szerz\u0151:":"dorogimedence.hu","Becs\u00fclt olvas\u00e1si id\u0151":"1 perc"},"schema":{"@context":"https:\/\/schema.org","@graph":[{"@type":"Article","@id":"https:\/\/dorogimedence.hu\/index.php\/2022\/10\/13\/megtisztitottak-a-dorogi-banyasz-emlekhaz-kornyezetet\/#article","isPartOf":{"@id":"https:\/\/dorogimedence.hu\/index.php\/2022\/10\/13\/megtisztitottak-a-dorogi-banyasz-emlekhaz-kornyezetet\/"},"author":{"name":"dorogimedence.hu","@id":"https:\/\/dorogimedence.hu\/#\/schema\/person\/ce6091eeb7e95ecdc87890d6aa8e0fd4"},"headline":"Megtiszt\u00edtott\u00e1k a dorogi B\u00e1ny\u00e1sz Eml\u00e9kh\u00e1z k\u00f6rnyezet\u00e9t","datePublished":"2022-10-13T09:27:50+00:00","dateModified":"2022-10-13T09:28:41+00:00","mainEntityOfPage":{"@id":"https:\/\/dorogimedence.hu\/index.php\/2022\/10\/13\/megtisztitottak-a-dorogi-banyasz-emlekhaz-kornyezetet\/"},"wordCount":216,"publisher":{"@id":"https:\/\/dorogimedence.hu\/#organization"},"image":{"@id":"https:\/\/dorogimedence.hu\/index.php\/2022\/10\/13\/megtisztitottak-a-dorogi-banyasz-emlekhaz-kornyezetet\/#primaryimage"},"thumbnailUrl":"https:\/\/dorogimedence.hu\/wp-content\/uploads\/2022\/10\/311464663_3388747704688276_6638351151786751934_n.jpg","keywords":["Dorog","featured","K\u00f6z\u00f6d"],"articleSection":["Dorog","H\u00edrek"],"inLanguage":"hu"},{"@type":"WebPage","@id":"https:\/\/dorogimedence.hu\/index.php\/2022\/10\/13\/megtisztitottak-a-dorogi-banyasz-emlekhaz-kornyezetet\/","url":"https:\/\/dorogimedence.hu\/index.php\/2022\/10\/13\/megtisztitottak-a-dorogi-banyasz-emlekhaz-kornyezetet\/","name":"Megtiszt\u00edtott\u00e1k a dorogi B\u00e1ny\u00e1sz Eml\u00e9kh\u00e1z k\u00f6rnyezet\u00e9t","isPartOf":{"@id":"https:\/\/dorogimedence.hu\/#website"},"primaryImageOfPage":{"@id":"https:\/\/dorogimedence.hu\/index.php\/2022\/10\/13\/megtisztitottak-a-dorogi-banyasz-emlekhaz-kornyezetet\/#primaryimage"},"image":{"@id":"https:\/\/dorogimedence.hu\/index.php\/2022\/10\/13\/megtisztitottak-a-dorogi-banyasz-emlekhaz-kornyezetet\/#primaryimage"},"thumbnailUrl":"https:\/\/dorogimedence.hu\/wp-content\/uploads\/2022\/10\/311464663_3388747704688276_6638351151786751934_n.jpg","datePublished":"2022-10-13T09:27:50+00:00","dateModified":"2022-10-13T09:28:41+00:00","breadcrumb":{"@id":"https:\/\/dorogimedence.hu\/index.php\/2022\/10\/13\/megtisztitottak-a-dorogi-banyasz-emlekhaz-kornyezetet\/#breadcrumb"},"inLanguage":"hu","potentialAction":[{"@type":"ReadAction","target":["https:\/\/dorogimedence.hu\/index.php\/2022\/10\/13\/megtisztitottak-a-dorogi-banyasz-emlekhaz-kornyezetet\/"]}]},{"@type":"ImageObject","inLanguage":"hu","@id":"https:\/\/dorogimedence.hu\/index.php\/2022\/10\/13\/megtisztitottak-a-dorogi-banyasz-emlekhaz-kornyezetet\/#primaryimage","url":"https:\/\/dorogimedence.hu\/wp-content\/uploads\/2022\/10\/311464663_3388747704688276_6638351151786751934_n.jpg","contentUrl":"https:\/\/dorogimedence.hu\/wp-content\/uploads\/2022\/10\/311464663_3388747704688276_6638351151786751934_n.jpg","width":2048,"height":1152},{"@type":"BreadcrumbList","@id":"https:\/\/dorogimedence.hu\/index.php\/2022\/10\/13\/megtisztitottak-a-dorogi-banyasz-emlekhaz-kornyezetet\/#breadcrumb","itemListElement":[{"@type":"ListItem","position":1,"name":"Kezd\u0151lap","item":"https:\/\/dorogimedence.hu\/"},{"@type":"ListItem","position":2,"name":"Megtiszt\u00edtott\u00e1k a dorogi B\u00e1ny\u00e1sz Eml\u00e9kh\u00e1z k\u00f6rnyezet\u00e9t"}]},{"@type":"WebSite","@id":"https:\/\/dorogimedence.hu\/#website","url":"https:\/\/dorogimedence.hu\/","name":"Dorogi-medence Region\u00e1lis H\u00edrport\u00e1l","description":"Dorog, Keszt\u00f6lc, Le\u00e1nyv\u00e1r, Piliscs\u00e9v, Tokod, Tokodalt\u00e1r\u00f3, Csolnok, Esztergom-kertv\u00e1ros: h\u00edrek, programok","publisher":{"@id":"https:\/\/dorogimedence.hu\/#organization"},"potentialAction":[{"@type":"SearchAction","target":{"@type":"EntryPoint","urlTemplate":"https:\/\/dorogimedence.hu\/?s={search_term_string}"},"query-input":{"@type":"PropertyValueSpecification","valueRequired":true,"valueName":"search_term_string"}}],"inLanguage":"hu"},{"@type":"Organization","@id":"https:\/\/dorogimedence.hu\/#organization","name":"Dorogi-medence Region\u00e1lis H\u00edrport\u00e1l","url":"https:\/\/dorogimedence.hu\/","logo":{"@type":"ImageObject","inLanguage":"hu","@id":"https:\/\/dorogimedence.hu\/#\/schema\/logo\/image\/","url":"https:\/\/dorogimedence.hu\/wp-content\/uploads\/2021\/04\/logo-feher-600.png","contentUrl":"https:\/\/dorogimedence.hu\/wp-content\/uploads\/2021\/04\/logo-feher-600.png","width":600,"height":100,"caption":"Dorogi-medence Region\u00e1lis H\u00edrport\u00e1l"},"image":{"@id":"https:\/\/dorogimedence.hu\/#\/schema\/logo\/image\/"},"sameAs":["https:\/\/www.facebook.com\/dorogimedence\/"]},{"@type":"Person","@id":"https:\/\/dorogimedence.hu\/#\/schema\/person\/ce6091eeb7e95ecdc87890d6aa8e0fd4","name":"dorogimedence.hu","image":{"@type":"ImageObject","inLanguage":"hu","@id":"\/\/www.gravatar.com\/avatar\/d8d45f8901aadff40a4af72c0b826f1d?s=96&#038;r=g&#038;d=mm","url":"\/\/www.gravatar.com\/avatar\/d8d45f8901aadff40a4af72c0b826f1d?s=96&#038;r=g&#038;d=mm","contentUrl":"\/\/www.gravatar.com\/avatar\/d8d45f8901aadff40a4af72c0b826f1d?s=96&#038;r=g&#038;d=mm","caption":"dorogimedence.hu"}}]}},"_links":{"self":[{"href":"https:\/\/dorogimedence.hu\/index.php\/wp-json\/wp\/v2\/posts\/47276","targetHints":{"allow":["GET"]}}],"collection":[{"href":"https:\/\/dorogimedence.hu\/index.php\/wp-json\/wp\/v2\/posts"}],"about":[{"href":"https:\/\/dorogimedence.hu\/index.php\/wp-json\/wp\/v2\/types\/post"}],"author":[{"embeddable":true,"href":"https:\/\/dorogimedence.hu\/index.php\/wp-json\/wp\/v2\/users\/1"}],"replies":[{"embeddable":true,"href":"https:\/\/dorogimedence.hu\/index.php\/wp-json\/wp\/v2\/comments?post=47276"}],"version-history":[{"count":0,"href":"https:\/\/dorogimedence.hu\/index.php\/wp-json\/wp\/v2\/posts\/47276\/revisions"}],"wp:featuredmedia":[{"embeddable":true,"href":"https:\/\/dorogimedence.hu\/index.php\/wp-json\/wp\/v2\/media\/47277"}],"wp:attachment":[{"href":"https:\/\/dorogimedence.hu\/index.php\/wp-json\/wp\/v2\/media?parent=47276"}],"wp:term":[{"taxonomy":"category","embeddable":true,"href":"https:\/\/dorogimedence.hu\/index.php\/wp-json\/wp\/v2\/categories?post=47276"},{"taxonomy":"post_tag","embeddable":true,"href":"https:\/\/dorogimedence.hu\/index.php\/wp-json\/wp\/v2\/tags?post=47276"}],"curies":[{"name":"wp","href":"https:\/\/api.w.org\/{rel}","templated":true}]}}