{"id":47068,"date":"2022-10-05T14:45:29","date_gmt":"2022-10-05T12:45:29","guid":{"rendered":"https:\/\/dorogimedence.hu\/?p=47068"},"modified":"2022-10-05T14:45:40","modified_gmt":"2022-10-05T12:45:40","slug":"3-erdekes-tengeri-allat-melyet-erdemes-megismerned","status":"publish","type":"post","link":"https:\/\/dorogimedence.hu\/index.php\/2022\/10\/05\/3-erdekes-tengeri-allat-melyet-erdemes-megismerned\/","title":{"rendered":"3 \u00e9rdekes tengeri \u00e1llat, melyet \u00e9rdemes megismerned"},"content":{"rendered":"<p><strong>Okt\u00f3ber 4-\u00e9n \u00fcnnepelt\u00fck az \u00c1llatok Vil\u00e1gnapj\u00e1t, mely tisztelg\u00e9s az \u00e1llatok v\u00e9d\u0151szentje, Assisi Szent Ferenc el\u0151tt, aki m\u00e1r a 13. sz\u00e1zad elej\u00e9n is hirdette, hogy szeretn\u00fcnk kell, ami k\u00f6r\u00fclvesz minket, legyen az \u00e9l\u0151l\u00e9ny, vagy \u00e9lettelen.<\/strong><\/p>\n<p>A jeles nap tov\u00e1bbi c\u00e9lja, hogy er\u0151s\u00edtse az ember \u00e9s \u00e1llat k\u00f6z\u00f6tti bar\u00e1ts\u00e1got \u00e9s felh\u00edvja a figyelmet az egy\u00fctt\u00e9l\u00e9s fontoss\u00e1g\u00e1ra is. A vil\u00e1gnap alkalm\u00e1b\u00f3l, cikk\u00fcnkben 3 \u00e9rdekes tengeri \u00e1llatot mutatunk be.<\/p>\n<h2>Palackorr\u00fa delfin, az intelligens v\u00edzi eml\u0151s<\/h2>\n<p>A <a href=\"https:\/\/thinker.hu\/palackorru-delfin-az-intelligens-vizi-emlos\/\" target=\"_blank\" rel=\"noopener\"><span style=\"text-decoration: underline; color: #0000ff;\">palackorr\u00fa delfin<\/span><\/a> a tengerek, \u00f3ce\u00e1nok legintelligensebb faja. Egyes tud\u00f3sok szerint a palackorr\u00fa delfinek kommunik\u00e1ci\u00f3ja egy komplett nyelvrendszernek tekinthet\u0151, \u00e9s pr\u00f3b\u00e1lj\u00e1k meg\u00e9rteni k\u00fcl\u00f6nleges, f\u00fctty\u00f6kb\u0151l \u00e1ll\u00f3 <em>\u201cbesz\u00e9d\u00fcket\u201d<\/em>. Ehhez az okos \u00e9s b\u00e1jos \u00e1llathoz m\u00e1s \u00e9rdekess\u00e9gek is kapcsol\u00f3dnak. L\u00e1ssunk ezek k\u00f6z\u00fcl n\u00e9h\u00e1nyat:<\/p>\n<ul>\n<li>Gyakorlatilag soha nem alszanak. Ezt \u00fagy tudj\u00e1k kivitelezni, hogy a k\u00e9t agyf\u00e9ltek\u00e9j\u00fck felv\u00e1ltva pihen. M\u00e1s tud\u00f3sok szerint n\u00e9h\u00e1ny m\u00e1sodperces alv\u00e1si ciklusaik vannak.<\/li>\n<li>Minden delfinnek saj\u00e1t f\u00fcttyjele van, ez ak\u00e1r a delfin nev\u00e9nek is tekinthet\u0151. Ha egym\u00e1s k\u00f6zel\u00e9be \u00e9rnek, akkor saj\u00e1t <em>\u201cnev\u00fcket\u201d <\/em>ism\u00e9telgetik.<\/li>\n<li>Ak\u00e1r 35 km\/h sebess\u00e9ggel is k\u00e9pesek \u00faszni.<\/li>\n<li>Im\u00e1dnak magasra felugrani a v\u00edzb\u0151l, de a m\u00e9lys\u00e9g is vonzza \u0151ket, ak\u00e1r 600 m\u00e9ter m\u00e9lyre is le\u00fasznak.<\/li>\n<li>A delfinek sz\u00fcl\u00e9s\u00e9ben az eg\u00e9sz csoport r\u00e9szt vesz, \u00fasznak a sz\u00fcl\u0151 delfin k\u00f6r\u00fcl, hogy meg\u00f3vj\u00e1k \u0151t ebben a kiszolg\u00e1ltatott helyzetben. Ek\u00f6zben egy \u201cb\u00e1ba\u201d delfin k\u00f6zvetlen\u00fcl seg\u00edt a kicsi megsz\u00fclet\u00e9s\u00e9ben. Az \u00fajsz\u00fcl\u00f6ttet a b\u00e1ba azonnal a v\u00edzfelsz\u00ednre viszi, hogy l\u00e9legezni tudjon.<\/li>\n<\/ul>\n<h2>Narv\u00e1l, a tengerek unikornisa<\/h2>\n<p>Sok \u00e9rdekes \u00e9s szokatlan \u00e1llat \u00e9l F\u00f6ld\u00fcnk\u00f6n. Ezek k\u00f6z\u00e9 tartozik a <a href=\"https:\/\/thinker.hu\/narval-a-tengerek-unikornisa\/\" target=\"_blank\" rel=\"noopener\"><span style=\"text-decoration: underline; color: #0000ff;\">narv\u00e1l<\/span><\/a> is, az az eml\u0151s, ami a jeges \u00f3ce\u00e1nokban, a j\u00e9ghegyek alatt t\u00f6lti idej\u00e9nek nagy r\u00e9sz\u00e9t, \u00e9s csak leveg\u0151t venni j\u00f6n fel a felsz\u00ednre.<\/p>\n<p>A narv\u00e1lok sz\u00e1m\u00e1ra l\u00e9tfontoss\u00e1g\u00fa, hogy a leveg\u0151v\u00e9telhez megtal\u00e1lj\u00e1k a j\u00e9gp\u00e1nc\u00e9lon l\u00e9v\u0151 r\u00e9seket, ehhez pedig k\u00fcl\u00f6nleges bioszon\u00e1r-k\u00e9pess\u00e9g\u00fcket haszn\u00e1lj\u00e1k, hiszen a tenger alatt, a s\u00f6t\u00e9tben szem\u00fck nem ny\u00fajt elegend\u0151 inform\u00e1ci\u00f3t.<\/p>\n<p>M\u00e1sodpercenk\u00e9nt ezer kattint\u00e1sszer\u0171 hanggal c\u00e9lozz\u00e1k meg a tenger egy adott ter\u00fclet\u00e9t, a vissza\u00e9rkez\u0151 jelb\u0151l pedig h\u00fasos \u00e1llkapcsukban tal\u00e1lhat\u00f3 \u00e9rz\u00e9kel\u0151k seg\u00edts\u00e9g\u00e9vel rakj\u00e1k \u00f6ssze a k\u00e9pet.<\/p>\n<p>T\u00e1j\u00e9koz\u00f3d\u00e1si m\u00f3dszer\u00fck\u00f6n k\u00edv\u00fcl, k\u00fclsej\u00fck is k\u00fcl\u00f6nleges, a hatalmas agyar miatt, amit a fej\u00fcl k\u00f6zep\u00e9n hordanak. Innen ered a tengerek unikornisa elnevez\u00e9s is. A <em>\u201cszarv\u201d <\/em>val\u00f3j\u00e1ban a bal fels\u0151 szemfog, ami a h\u00edmek eset\u00e9ben hatalmasra, t\u00f6bb m\u00e9teresre n\u0151 meg. Szerepe, funkci\u00f3ja jelenleg m\u00e9g k\u00e9rd\u00e9ses.<\/p>\n<h2>Kockamed\u00faza, a F\u00f6ld egyik leghal\u00e1losabb \u00e1llata<\/h2>\n<p>F\u00f6ld\u00fcnk leghal\u00e1losabb \u00e1llatai k\u00f6z\u00f6tt el\u0151kel\u0151 helyet foglal el a <a href=\"https:\/\/thinker.hu\/kockameduza-a-fold-egyik-leghalalosabb-allata\/\" target=\"_blank\" rel=\"noopener\"><span style=\"text-decoration: underline; color: #0000ff;\">kockamed\u00faza<\/span><\/a>. Egyel\u0151re 51 f\u00e9le kockamed\u00faza fajt azonos\u00edtottak a tud\u00f3sok, de nagy val\u00f3sz\u00edn\u0171s\u00e9g szerint vannak m\u00e9g eddig nem azonos\u00edtott alfajok is.<\/p>\n<p>Kocsony\u00e1s test\u00fck 20 cm hossz\u00fa \u00e9s sz\u00e9les is lehet, 15 db cs\u00e1pjuk van, amelyek ak\u00e1r a 3 m\u00e9teres hossz\u00fas\u00e1got is el\u00e9rhetik. Jellegzetes alakjukon t\u00fal, a kockamed\u00faz\u00e1k m\u00e1s egyedi tulajdons\u00e1gokkal is rendelkeznek.<\/p>\n<p>24 darab szem\u00fck van, ebb\u0151l 16 szem a f\u00e9ny \u00e9rz\u00e9kel\u00e9s\u00e9re szolg\u00e1l, a m\u00e1sik 8 szem pedig egy komplex lencserendszert alkot. Felt\u00e9telez\u00e9sek szerint a kockamed\u00faza l\u00e1t\u00e1sa a teljes f\u00e9nyspektrumra kiterjed.<\/p>\n<p>A kockamed\u00faza idegrendszere is fejlettebb a t\u00f6bbi med\u00fazafajn\u00e1l. M\u00edg a med\u00faz\u00e1k \u00e1ltal\u00e1ban csak sodr\u00f3dnak a v\u00edzben, addig a kockamed\u00faza tudatos mozg\u00e1st v\u00e9gez benne. C\u00e9lzottan vad\u00e1szik, k\u00f6veti \u00e1ldozat\u00e1t. Mozg\u00e1sa gyors, ak\u00e1r hat m\u00e9tert is meg tud tenni percenk\u00e9nt!<\/p>\n<p>B\u00edzunk benne, hogy \u00e9rdekesnek tal\u00e1ltad cikk\u00fcnket, ha szeretn\u00e9l tov\u00e1bbi \u00e1llatokat is megismerni, l\u00e1togass el a Thinker.hu ismeretterjeszt\u0151 weboldalra!<\/p>\n<p><em>K\u00e9p forr\u00e1sa: Pexels.com<\/em><\/p>\n","protected":false},"excerpt":{"rendered":"<p>Okt\u00f3ber 4-\u00e9n \u00fcnnepelt\u00fck az \u00c1llatok Vil\u00e1gnapj\u00e1t, mely tisztelg\u00e9s az \u00e1llatok v\u00e9d\u0151szentje, Assisi Szent Ferenc el\u0151tt, aki m\u00e1r a 13. sz\u00e1zad elej\u00e9n is hirdette, hogy szeretn\u00fcnk kell, ami k\u00f6r\u00fclvesz minket, legyen az \u00e9l\u0151l\u00e9ny, vagy \u00e9lettelen. A jeles nap tov\u00e1bbi c\u00e9lja, hogy er\u0151s\u00edtse az ember \u00e9s \u00e1llat k\u00f6z\u00f6tti bar\u00e1ts\u00e1got \u00e9s felh\u00edvja a figyelmet az egy\u00fctt\u00e9l\u00e9s fontoss\u00e1g\u00e1ra is.<\/p>\n","protected":false},"author":1,"featured_media":0,"comment_status":"closed","ping_status":"closed","sticky":false,"template":"","format":"standard","meta":{"ngg_post_thumbnail":0,"footnotes":""},"categories":[3],"tags":[6730],"class_list":{"0":"post-47068","1":"post","2":"type-post","3":"status-publish","4":"format-standard","6":"category-hirek","7":"tag-tengeri-allatok"},"yoast_head":"<!-- This site is optimized with the Yoast SEO plugin v27.4 - https:\/\/yoast.com\/product\/yoast-seo-wordpress\/ -->\n<title>3 \u00e9rdekes tengeri \u00e1llat, melyet \u00e9rdemes megismerned<\/title>\n<meta name=\"robots\" content=\"index, follow, max-snippet:-1, max-image-preview:large, max-video-preview:-1\" \/>\n<link rel=\"canonical\" href=\"https:\/\/dorogimedence.hu\/index.php\/2022\/10\/05\/3-erdekes-tengeri-allat-melyet-erdemes-megismerned\/\" class=\"yoast-seo-meta-tag\" \/>\n<meta property=\"og:locale\" content=\"hu_HU\" class=\"yoast-seo-meta-tag\" \/>\n<meta property=\"og:type\" content=\"article\" class=\"yoast-seo-meta-tag\" \/>\n<meta property=\"og:title\" content=\"3 \u00e9rdekes tengeri \u00e1llat, melyet \u00e9rdemes megismerned\" class=\"yoast-seo-meta-tag\" \/>\n<meta property=\"og:description\" content=\"Okt\u00f3ber 4-\u00e9n \u00fcnnepelt\u00fck az \u00c1llatok Vil\u00e1gnapj\u00e1t, mely tisztelg\u00e9s az \u00e1llatok v\u00e9d\u0151szentje, Assisi Szent Ferenc el\u0151tt, aki m\u00e1r a 13. sz\u00e1zad elej\u00e9n is hirdette, hogy szeretn\u00fcnk kell, ami k\u00f6r\u00fclvesz minket, legyen az \u00e9l\u0151l\u00e9ny, vagy \u00e9lettelen. A jeles nap tov\u00e1bbi c\u00e9lja, hogy er\u0151s\u00edtse az ember \u00e9s \u00e1llat k\u00f6z\u00f6tti bar\u00e1ts\u00e1got \u00e9s felh\u00edvja a figyelmet az egy\u00fctt\u00e9l\u00e9s fontoss\u00e1g\u00e1ra is.\" class=\"yoast-seo-meta-tag\" \/>\n<meta property=\"og:url\" content=\"https:\/\/dorogimedence.hu\/index.php\/2022\/10\/05\/3-erdekes-tengeri-allat-melyet-erdemes-megismerned\/\" class=\"yoast-seo-meta-tag\" \/>\n<meta property=\"og:site_name\" content=\"Dorogi-medence Region\u00e1lis H\u00edrport\u00e1l\" class=\"yoast-seo-meta-tag\" \/>\n<meta property=\"article:publisher\" content=\"https:\/\/www.facebook.com\/dorogimedence\/\" class=\"yoast-seo-meta-tag\" \/>\n<meta property=\"article:published_time\" content=\"2022-10-05T12:45:29+00:00\" class=\"yoast-seo-meta-tag\" \/>\n<meta property=\"article:modified_time\" content=\"2022-10-05T12:45:40+00:00\" class=\"yoast-seo-meta-tag\" \/>\n<meta property=\"og:image\" content=\"https:\/\/dorogimedence.hu\/wp-content\/uploads\/2022\/10\/delfin-pexels.jpg\" class=\"yoast-seo-meta-tag\" \/>\n\t<meta property=\"og:image:width\" content=\"1280\" class=\"yoast-seo-meta-tag\" \/>\n\t<meta property=\"og:image:height\" content=\"853\" class=\"yoast-seo-meta-tag\" \/>\n\t<meta property=\"og:image:type\" content=\"image\/jpeg\" class=\"yoast-seo-meta-tag\" \/>\n<meta name=\"author\" content=\"dorogimedence.hu\" class=\"yoast-seo-meta-tag\" \/>\n<meta name=\"twitter:card\" content=\"summary_large_image\" class=\"yoast-seo-meta-tag\" \/>\n<meta name=\"twitter:label1\" content=\"Szerz\u0151:\" class=\"yoast-seo-meta-tag\" \/>\n\t<meta name=\"twitter:data1\" content=\"dorogimedence.hu\" class=\"yoast-seo-meta-tag\" \/>\n\t<meta name=\"twitter:label2\" content=\"Becs\u00fclt olvas\u00e1si id\u0151\" class=\"yoast-seo-meta-tag\" \/>\n\t<meta name=\"twitter:data2\" content=\"4 perc\" class=\"yoast-seo-meta-tag\" \/>\n<script type=\"application\/ld+json\" class=\"yoast-schema-graph\">{\"@context\":\"https:\\\/\\\/schema.org\",\"@graph\":[{\"@type\":\"Article\",\"@id\":\"https:\\\/\\\/dorogimedence.hu\\\/index.php\\\/2022\\\/10\\\/05\\\/3-erdekes-tengeri-allat-melyet-erdemes-megismerned\\\/#article\",\"isPartOf\":{\"@id\":\"https:\\\/\\\/dorogimedence.hu\\\/index.php\\\/2022\\\/10\\\/05\\\/3-erdekes-tengeri-allat-melyet-erdemes-megismerned\\\/\"},\"author\":{\"name\":\"dorogimedence.hu\",\"@id\":\"https:\\\/\\\/dorogimedence.hu\\\/#\\\/schema\\\/person\\\/ce6091eeb7e95ecdc87890d6aa8e0fd4\"},\"headline\":\"3 \u00e9rdekes tengeri \u00e1llat, melyet \u00e9rdemes megismerned\",\"datePublished\":\"2022-10-05T12:45:29+00:00\",\"dateModified\":\"2022-10-05T12:45:40+00:00\",\"mainEntityOfPage\":{\"@id\":\"https:\\\/\\\/dorogimedence.hu\\\/index.php\\\/2022\\\/10\\\/05\\\/3-erdekes-tengeri-allat-melyet-erdemes-megismerned\\\/\"},\"wordCount\":789,\"publisher\":{\"@id\":\"https:\\\/\\\/dorogimedence.hu\\\/#organization\"},\"keywords\":[\"tengeri \u00e1llatok\"],\"articleSection\":[\"H\u00edrek\"],\"inLanguage\":\"hu\"},{\"@type\":\"WebPage\",\"@id\":\"https:\\\/\\\/dorogimedence.hu\\\/index.php\\\/2022\\\/10\\\/05\\\/3-erdekes-tengeri-allat-melyet-erdemes-megismerned\\\/\",\"url\":\"https:\\\/\\\/dorogimedence.hu\\\/index.php\\\/2022\\\/10\\\/05\\\/3-erdekes-tengeri-allat-melyet-erdemes-megismerned\\\/\",\"name\":\"3 \u00e9rdekes tengeri \u00e1llat, melyet \u00e9rdemes megismerned\",\"isPartOf\":{\"@id\":\"https:\\\/\\\/dorogimedence.hu\\\/#website\"},\"datePublished\":\"2022-10-05T12:45:29+00:00\",\"dateModified\":\"2022-10-05T12:45:40+00:00\",\"breadcrumb\":{\"@id\":\"https:\\\/\\\/dorogimedence.hu\\\/index.php\\\/2022\\\/10\\\/05\\\/3-erdekes-tengeri-allat-melyet-erdemes-megismerned\\\/#breadcrumb\"},\"inLanguage\":\"hu\",\"potentialAction\":[{\"@type\":\"ReadAction\",\"target\":[\"https:\\\/\\\/dorogimedence.hu\\\/index.php\\\/2022\\\/10\\\/05\\\/3-erdekes-tengeri-allat-melyet-erdemes-megismerned\\\/\"]}]},{\"@type\":\"BreadcrumbList\",\"@id\":\"https:\\\/\\\/dorogimedence.hu\\\/index.php\\\/2022\\\/10\\\/05\\\/3-erdekes-tengeri-allat-melyet-erdemes-megismerned\\\/#breadcrumb\",\"itemListElement\":[{\"@type\":\"ListItem\",\"position\":1,\"name\":\"Kezd\u0151lap\",\"item\":\"https:\\\/\\\/dorogimedence.hu\\\/\"},{\"@type\":\"ListItem\",\"position\":2,\"name\":\"3 \u00e9rdekes tengeri \u00e1llat, melyet \u00e9rdemes megismerned\"}]},{\"@type\":\"WebSite\",\"@id\":\"https:\\\/\\\/dorogimedence.hu\\\/#website\",\"url\":\"https:\\\/\\\/dorogimedence.hu\\\/\",\"name\":\"Dorogi-medence Region\u00e1lis H\u00edrport\u00e1l\",\"description\":\"Dorog, Keszt\u00f6lc, Le\u00e1nyv\u00e1r, Piliscs\u00e9v, Tokod, Tokodalt\u00e1r\u00f3, Csolnok, Esztergom-kertv\u00e1ros: h\u00edrek, programok\",\"publisher\":{\"@id\":\"https:\\\/\\\/dorogimedence.hu\\\/#organization\"},\"potentialAction\":[{\"@type\":\"SearchAction\",\"target\":{\"@type\":\"EntryPoint\",\"urlTemplate\":\"https:\\\/\\\/dorogimedence.hu\\\/?s={search_term_string}\"},\"query-input\":{\"@type\":\"PropertyValueSpecification\",\"valueRequired\":true,\"valueName\":\"search_term_string\"}}],\"inLanguage\":\"hu\"},{\"@type\":\"Organization\",\"@id\":\"https:\\\/\\\/dorogimedence.hu\\\/#organization\",\"name\":\"Dorogi-medence Region\u00e1lis H\u00edrport\u00e1l\",\"url\":\"https:\\\/\\\/dorogimedence.hu\\\/\",\"logo\":{\"@type\":\"ImageObject\",\"inLanguage\":\"hu\",\"@id\":\"https:\\\/\\\/dorogimedence.hu\\\/#\\\/schema\\\/logo\\\/image\\\/\",\"url\":\"https:\\\/\\\/dorogimedence.hu\\\/wp-content\\\/uploads\\\/2021\\\/04\\\/logo-feher-600.png\",\"contentUrl\":\"https:\\\/\\\/dorogimedence.hu\\\/wp-content\\\/uploads\\\/2021\\\/04\\\/logo-feher-600.png\",\"width\":600,\"height\":100,\"caption\":\"Dorogi-medence Region\u00e1lis H\u00edrport\u00e1l\"},\"image\":{\"@id\":\"https:\\\/\\\/dorogimedence.hu\\\/#\\\/schema\\\/logo\\\/image\\\/\"},\"sameAs\":[\"https:\\\/\\\/www.facebook.com\\\/dorogimedence\\\/\"]},{\"@type\":\"Person\",\"@id\":\"https:\\\/\\\/dorogimedence.hu\\\/#\\\/schema\\\/person\\\/ce6091eeb7e95ecdc87890d6aa8e0fd4\",\"name\":\"dorogimedence.hu\",\"image\":{\"@type\":\"ImageObject\",\"inLanguage\":\"hu\",\"@id\":\"\\\/\\\/www.gravatar.com\\\/avatar\\\/d8d45f8901aadff40a4af72c0b826f1d?s=96&#038;r=g&#038;d=mm\",\"url\":\"\\\/\\\/www.gravatar.com\\\/avatar\\\/d8d45f8901aadff40a4af72c0b826f1d?s=96&#038;r=g&#038;d=mm\",\"contentUrl\":\"\\\/\\\/www.gravatar.com\\\/avatar\\\/d8d45f8901aadff40a4af72c0b826f1d?s=96&#038;r=g&#038;d=mm\",\"caption\":\"dorogimedence.hu\"}}]}<\/script>\n<!-- \/ Yoast SEO plugin. -->","yoast_head_json":{"title":"3 \u00e9rdekes tengeri \u00e1llat, melyet \u00e9rdemes megismerned","robots":{"index":"index","follow":"follow","max-snippet":"max-snippet:-1","max-image-preview":"max-image-preview:large","max-video-preview":"max-video-preview:-1"},"canonical":"https:\/\/dorogimedence.hu\/index.php\/2022\/10\/05\/3-erdekes-tengeri-allat-melyet-erdemes-megismerned\/","og_locale":"hu_HU","og_type":"article","og_title":"3 \u00e9rdekes tengeri \u00e1llat, melyet \u00e9rdemes megismerned","og_description":"Okt\u00f3ber 4-\u00e9n \u00fcnnepelt\u00fck az \u00c1llatok Vil\u00e1gnapj\u00e1t, mely tisztelg\u00e9s az \u00e1llatok v\u00e9d\u0151szentje, Assisi Szent Ferenc el\u0151tt, aki m\u00e1r a 13. sz\u00e1zad elej\u00e9n is hirdette, hogy szeretn\u00fcnk kell, ami k\u00f6r\u00fclvesz minket, legyen az \u00e9l\u0151l\u00e9ny, vagy \u00e9lettelen. A jeles nap tov\u00e1bbi c\u00e9lja, hogy er\u0151s\u00edtse az ember \u00e9s \u00e1llat k\u00f6z\u00f6tti bar\u00e1ts\u00e1got \u00e9s felh\u00edvja a figyelmet az egy\u00fctt\u00e9l\u00e9s fontoss\u00e1g\u00e1ra is.","og_url":"https:\/\/dorogimedence.hu\/index.php\/2022\/10\/05\/3-erdekes-tengeri-allat-melyet-erdemes-megismerned\/","og_site_name":"Dorogi-medence Region\u00e1lis H\u00edrport\u00e1l","article_publisher":"https:\/\/www.facebook.com\/dorogimedence\/","article_published_time":"2022-10-05T12:45:29+00:00","article_modified_time":"2022-10-05T12:45:40+00:00","og_image":[{"width":1280,"height":853,"url":"https:\/\/dorogimedence.hu\/wp-content\/uploads\/2022\/10\/delfin-pexels.jpg","type":"image\/jpeg"}],"author":"dorogimedence.hu","twitter_card":"summary_large_image","twitter_misc":{"Szerz\u0151:":"dorogimedence.hu","Becs\u00fclt olvas\u00e1si id\u0151":"4 perc"},"schema":{"@context":"https:\/\/schema.org","@graph":[{"@type":"Article","@id":"https:\/\/dorogimedence.hu\/index.php\/2022\/10\/05\/3-erdekes-tengeri-allat-melyet-erdemes-megismerned\/#article","isPartOf":{"@id":"https:\/\/dorogimedence.hu\/index.php\/2022\/10\/05\/3-erdekes-tengeri-allat-melyet-erdemes-megismerned\/"},"author":{"name":"dorogimedence.hu","@id":"https:\/\/dorogimedence.hu\/#\/schema\/person\/ce6091eeb7e95ecdc87890d6aa8e0fd4"},"headline":"3 \u00e9rdekes tengeri \u00e1llat, melyet \u00e9rdemes megismerned","datePublished":"2022-10-05T12:45:29+00:00","dateModified":"2022-10-05T12:45:40+00:00","mainEntityOfPage":{"@id":"https:\/\/dorogimedence.hu\/index.php\/2022\/10\/05\/3-erdekes-tengeri-allat-melyet-erdemes-megismerned\/"},"wordCount":789,"publisher":{"@id":"https:\/\/dorogimedence.hu\/#organization"},"keywords":["tengeri \u00e1llatok"],"articleSection":["H\u00edrek"],"inLanguage":"hu"},{"@type":"WebPage","@id":"https:\/\/dorogimedence.hu\/index.php\/2022\/10\/05\/3-erdekes-tengeri-allat-melyet-erdemes-megismerned\/","url":"https:\/\/dorogimedence.hu\/index.php\/2022\/10\/05\/3-erdekes-tengeri-allat-melyet-erdemes-megismerned\/","name":"3 \u00e9rdekes tengeri \u00e1llat, melyet \u00e9rdemes megismerned","isPartOf":{"@id":"https:\/\/dorogimedence.hu\/#website"},"datePublished":"2022-10-05T12:45:29+00:00","dateModified":"2022-10-05T12:45:40+00:00","breadcrumb":{"@id":"https:\/\/dorogimedence.hu\/index.php\/2022\/10\/05\/3-erdekes-tengeri-allat-melyet-erdemes-megismerned\/#breadcrumb"},"inLanguage":"hu","potentialAction":[{"@type":"ReadAction","target":["https:\/\/dorogimedence.hu\/index.php\/2022\/10\/05\/3-erdekes-tengeri-allat-melyet-erdemes-megismerned\/"]}]},{"@type":"BreadcrumbList","@id":"https:\/\/dorogimedence.hu\/index.php\/2022\/10\/05\/3-erdekes-tengeri-allat-melyet-erdemes-megismerned\/#breadcrumb","itemListElement":[{"@type":"ListItem","position":1,"name":"Kezd\u0151lap","item":"https:\/\/dorogimedence.hu\/"},{"@type":"ListItem","position":2,"name":"3 \u00e9rdekes tengeri \u00e1llat, melyet \u00e9rdemes megismerned"}]},{"@type":"WebSite","@id":"https:\/\/dorogimedence.hu\/#website","url":"https:\/\/dorogimedence.hu\/","name":"Dorogi-medence Region\u00e1lis H\u00edrport\u00e1l","description":"Dorog, Keszt\u00f6lc, Le\u00e1nyv\u00e1r, Piliscs\u00e9v, Tokod, Tokodalt\u00e1r\u00f3, Csolnok, Esztergom-kertv\u00e1ros: h\u00edrek, programok","publisher":{"@id":"https:\/\/dorogimedence.hu\/#organization"},"potentialAction":[{"@type":"SearchAction","target":{"@type":"EntryPoint","urlTemplate":"https:\/\/dorogimedence.hu\/?s={search_term_string}"},"query-input":{"@type":"PropertyValueSpecification","valueRequired":true,"valueName":"search_term_string"}}],"inLanguage":"hu"},{"@type":"Organization","@id":"https:\/\/dorogimedence.hu\/#organization","name":"Dorogi-medence Region\u00e1lis H\u00edrport\u00e1l","url":"https:\/\/dorogimedence.hu\/","logo":{"@type":"ImageObject","inLanguage":"hu","@id":"https:\/\/dorogimedence.hu\/#\/schema\/logo\/image\/","url":"https:\/\/dorogimedence.hu\/wp-content\/uploads\/2021\/04\/logo-feher-600.png","contentUrl":"https:\/\/dorogimedence.hu\/wp-content\/uploads\/2021\/04\/logo-feher-600.png","width":600,"height":100,"caption":"Dorogi-medence Region\u00e1lis H\u00edrport\u00e1l"},"image":{"@id":"https:\/\/dorogimedence.hu\/#\/schema\/logo\/image\/"},"sameAs":["https:\/\/www.facebook.com\/dorogimedence\/"]},{"@type":"Person","@id":"https:\/\/dorogimedence.hu\/#\/schema\/person\/ce6091eeb7e95ecdc87890d6aa8e0fd4","name":"dorogimedence.hu","image":{"@type":"ImageObject","inLanguage":"hu","@id":"\/\/www.gravatar.com\/avatar\/d8d45f8901aadff40a4af72c0b826f1d?s=96&#038;r=g&#038;d=mm","url":"\/\/www.gravatar.com\/avatar\/d8d45f8901aadff40a4af72c0b826f1d?s=96&#038;r=g&#038;d=mm","contentUrl":"\/\/www.gravatar.com\/avatar\/d8d45f8901aadff40a4af72c0b826f1d?s=96&#038;r=g&#038;d=mm","caption":"dorogimedence.hu"}}]}},"_links":{"self":[{"href":"https:\/\/dorogimedence.hu\/index.php\/wp-json\/wp\/v2\/posts\/47068","targetHints":{"allow":["GET"]}}],"collection":[{"href":"https:\/\/dorogimedence.hu\/index.php\/wp-json\/wp\/v2\/posts"}],"about":[{"href":"https:\/\/dorogimedence.hu\/index.php\/wp-json\/wp\/v2\/types\/post"}],"author":[{"embeddable":true,"href":"https:\/\/dorogimedence.hu\/index.php\/wp-json\/wp\/v2\/users\/1"}],"replies":[{"embeddable":true,"href":"https:\/\/dorogimedence.hu\/index.php\/wp-json\/wp\/v2\/comments?post=47068"}],"version-history":[{"count":0,"href":"https:\/\/dorogimedence.hu\/index.php\/wp-json\/wp\/v2\/posts\/47068\/revisions"}],"wp:attachment":[{"href":"https:\/\/dorogimedence.hu\/index.php\/wp-json\/wp\/v2\/media?parent=47068"}],"wp:term":[{"taxonomy":"category","embeddable":true,"href":"https:\/\/dorogimedence.hu\/index.php\/wp-json\/wp\/v2\/categories?post=47068"},{"taxonomy":"post_tag","embeddable":true,"href":"https:\/\/dorogimedence.hu\/index.php\/wp-json\/wp\/v2\/tags?post=47068"}],"curies":[{"name":"wp","href":"https:\/\/api.w.org\/{rel}","templated":true}]}}