{"id":46948,"date":"2022-09-30T13:54:09","date_gmt":"2022-09-30T11:54:09","guid":{"rendered":"https:\/\/dorogimedence.hu\/?p=46948"},"modified":"2022-09-30T13:54:43","modified_gmt":"2022-09-30T11:54:43","slug":"lakasfelujitas-hatekonyan-olcson","status":"publish","type":"post","link":"https:\/\/dorogimedence.hu\/index.php\/2022\/09\/30\/lakasfelujitas-hatekonyan-olcson\/","title":{"rendered":"Lak\u00e1sfel\u00faj\u00edt\u00e1s hat\u00e9konyan, olcs\u00f3n"},"content":{"rendered":"<p><strong>Ak\u00e1r olyan h\u00e1zban \u00e9l\u00fcnk, amelyet mi magunk \u00e9p\u00edtett\u00fcnk, ak\u00e1r arr\u00f3l van sz\u00f3, hogy \u00f6r\u00f6k\u00f6lt\u00fcnk, v\u00e1s\u00e1roltunk, birtokba vett\u00fcnk egy h\u00e1zat vagy lak\u00e1st, amely m\u00e1r nem mai gyerek, sajnos mindenki sz\u00e1m\u00e1ra el\u0151bb-ut\u00f3bb aktu\u00e1liss\u00e1 v\u00e1lik egy fel\u00faj\u00edt\u00e1s, amelynek m\u00e9rt\u00e9ke nagyban f\u00fcgg az ingatlan \u00e1llapot\u00e1t\u00f3l.<\/strong><\/p>\n<p>Nyilv\u00e1n a legt\u00f6bben \u00f3dzkodunk ezekt\u0151l a munk\u00e1latokt\u00f3l, hiszen felborul a mindennapi \u00e9let\u00fcnk, el kell mozgatni a b\u00fatorokat, mesterek vannak a h\u00e1zunkban, t\u00e1rgyakon kell \u00e1tl\u00e9pegetni, a porr\u00f3l \u00e9s piszokr\u00f3l nem is besz\u00e9lve. Na \u00e9s persze nem mell\u00e9kes az sem, hogy minden ilyen akci\u00f3 k\u00f6lts\u00e9gekkel is j\u00e1r. Ha fel\u00faj\u00edt\u00e1sr\u00f3l van sz\u00f3, alapanyagokat kell beszerezn\u00fcnk, \u00e9p\u00fcletanyagot, esetleg ajt\u00f3kat, ablakokat, ami mind p\u00e9nzbe ker\u00fcl. Ez\u00e9rt els\u0151 l\u00e9p\u00e9sk\u00e9nt \u00e9rdemes mindig egy kutat\u00e1st v\u00e9gezni, hol tudunk a legolcs\u00f3bban a legjobb alapanyagokhoz jutni. Ha ny\u00edl\u00e1sz\u00e1r\u00f3kr\u00f3l van sz\u00f3, sz\u00e1mos hasznos oldalt tal\u00e1lhatunk az interneten, mint amilyen a <span style=\"text-decoration: underline; color: #0000ff;\"><a style=\"color: #0000ff; text-decoration: underline;\" href=\"https:\/\/aluprof.com\/hu\" target=\"_blank\" rel=\"noopener\">https:\/\/aluprof.com\/hu<\/a> <\/span>c\u00edmen l\u00e9v\u0151, ahol term\u00e9kek mellett hasznos tippekkel \u00e9s tan\u00e1csokkal is tal\u00e1lkozhatunk.<\/p>\n<h2><b>J\u00f3 tervez\u00e9s, f\u00e9l siker<\/b><\/h2>\n<p>Ha pedig elker\u00fclhetetlen a fel\u00faj\u00edt\u00e1s a fent eml\u00edtett kellemetlens\u00e9gekkel egy\u00fctt, akkor hasznos lehet egy alapos tervez\u00e9st v\u00e9gezni, ahelyett, hogy belecsapn\u00e1nk a dolgok k\u00f6zep\u00e9ben. Ha pontosan pap\u00edrra vetj\u00fck, mik az elv\u00e9gzend\u0151 teend\u0151k, melyik mennyi id\u0151t ig\u00e9nyel, milyen alapanyagok beszerz\u00e9s\u00e9t \u00e9s \u00edgy tov\u00e1bb, sokkal hat\u00e9konyabbak lehet\u00fcnk \u00fagy id\u0151gazd\u00e1lkod\u00e1s, mint anyagiak tekintet\u00e9ben.<\/p>\n<p>Ha nagyobb l\u00e9pt\u00e9k\u0171 <span style=\"text-decoration: underline; color: #0000ff;\"><a style=\"color: #0000ff; text-decoration: underline;\" href=\"https:\/\/www.origo.hu\/gazdasag\/20220802-gki-mintegy-800-ezer-lakas-ujulhat-meg-az-ev-vegeig.html\" target=\"_blank\" rel=\"noopener\">fel\u00faj\u00edt\u00e1sr\u00f3l<\/a><\/span> van sz\u00f3, hasznos lehet a teljes munk\u00e1t szakaszokra bontani, ahelyett, hogy egyszerre mindenbe belev\u00e1gn\u00e1nk. Teh\u00e1t, ha t\u00f6bb helyis\u00e9gben is festeni, padl\u00f3t burkolni, ny\u00edl\u00e1sz\u00e1r\u00f3kat cser\u00e9lni kell, akkor \u00e9rdemes \u00fagy megtervezni a munk\u00e1t, hogy egyszerre egy helyis\u00e9gben v\u00e9gezz\u00fck el a munk\u00e1t. Egyr\u00e9szt, \u00edgy marad a lak\u00e1snak olyan r\u00e9sze, ahov\u00e1 vissza tudunk h\u00faz\u00f3dni est\u00e9nk\u00e9nt, m\u00e1sr\u00e9szt pedig pontosabban, hat\u00e9konyabban tudunk tervezni is.<\/p>\n<p>Emellett, az sem mell\u00e9kes, hogy korrig\u00e1lhatjuk a t\u00e9ved\u00e9seinket. Hiszen, ha azt l\u00e1tjuk, hogy p\u00e9ld\u00e1ul a nappali eset\u00e9ben t\u00f6bb fest\u00e9k kell, de mondjuk kevesebb padl\u00f3burkol\u00f3 anyag, akkor a k\u00f6vetkez\u0151 helyis\u00e9gn\u00e9l m\u00e1r ennek megfelel\u0151en tudunk gondoskodni a p\u00f3tl\u00e1sr\u00f3l.<\/p>\n<p>Ehhez szorosan k\u00f6t\u0151dik a k\u00f6lts\u00e9gvet\u00e9s is. Nyilv\u00e1n a legt\u00f6bb\u00fcnknek v\u00e9ges a b\u00fcdzs\u00e9je, amit a <span style=\"text-decoration: underline; color: #0000ff;\"><a style=\"color: #0000ff; text-decoration: underline;\" href=\"https:\/\/444.hu\/2020\/10\/15\/dragulast-hozhat-a-lakasfelujitasi-tamogatas\" target=\"_blank\" rel=\"noopener\">fel\u00faj\u00edt\u00e1sra<\/a><\/span> ford\u00edthat \u00e9s senki se szeretn\u00e9 f\u00e9lbehagyni a munk\u00e1t az\u00e9rt, mert elfogy a p\u00e9nze. Ez\u00e9rt is fontos, hogy m\u00e9g a munka megkezd\u00e9se el\u0151tt v\u00e9gezz\u00fcnk alapos ut\u00e1naj\u00e1r\u00e1st, n\u00e9zz\u00fck meg az egyes anyagok \u00e1rait, el\u00e9rhet\u0151s\u00e9g\u00e9t \u00e9s kalkul\u00e1ljunk. \u00cdgy biztosak lehet\u00fcnk abban, hogy belef\u00e9r\u00fcnk a tervezett <span style=\"text-decoration: underline; color: #0000ff;\"><a style=\"color: #0000ff; text-decoration: underline;\" href=\"https:\/\/hirado.hu\/belfold\/cikk\/2021\/09\/06\/festesre-es-szigetelesre-hasznaljuk-az-otthonfelujitasi-tamogatast\" target=\"_blank\" rel=\"noopener\">k\u00f6lts\u00e9gvet\u00e9sbe<\/a><\/span>.<\/p>\n<p>Amikor vend\u00e9g j\u00f6n a h\u00e1zhoz, az els\u0151, amit megl\u00e1t \u00e9s ami benyom\u00e1st kelt benne, az a bej\u00e1rati ajt\u00f3. Vizsg\u00e1ld meg, milyen \u00e1llapotban van megl\u00e9v\u0151 ajt\u00f3d. Ha egy fest\u00e9ssel, kisebb helyre pofoz\u00e1ssal megoldhat\u00f3 a dolog, akkor \u00e9rdemesebb ezt tenni, mint egy teljesen \u00faj ajt\u00f3t beszerezni. Ha viszont \u00faj ajt\u00f3ban gondolkodunk, sz\u00e1mos szempontot \u00e9rdemes figyelembe venni, els\u0151sorban nyilv\u00e1n azt, hogy illeszkedjen h\u00e1zunk, lak\u00e1sunk st\u00edlus\u00e1hoz.<\/p>\n","protected":false},"excerpt":{"rendered":"<p>Ak\u00e1r olyan h\u00e1zban \u00e9l\u00fcnk, amelyet mi magunk \u00e9p\u00edtett\u00fcnk, ak\u00e1r arr\u00f3l van sz\u00f3, hogy \u00f6r\u00f6k\u00f6lt\u00fcnk, v\u00e1s\u00e1roltunk, birtokba vett\u00fcnk egy h\u00e1zat vagy lak\u00e1st, amely m\u00e1r nem mai gyerek, sajnos mindenki sz\u00e1m\u00e1ra el\u0151bb-ut\u00f3bb aktu\u00e1liss\u00e1 v\u00e1lik egy fel\u00faj\u00edt\u00e1s, amelynek m\u00e9rt\u00e9ke nagyban f\u00fcgg az ingatlan \u00e1llapot\u00e1t\u00f3l. Nyilv\u00e1n a legt\u00f6bben \u00f3dzkodunk ezekt\u0151l a munk\u00e1latokt\u00f3l, hiszen felborul a mindennapi \u00e9let\u00fcnk, el kell<\/p>\n","protected":false},"author":1,"featured_media":0,"comment_status":"closed","ping_status":"closed","sticky":false,"template":"","format":"standard","meta":{"ngg_post_thumbnail":0,"footnotes":""},"categories":[3],"tags":[3872],"class_list":{"0":"post-46948","1":"post","2":"type-post","3":"status-publish","4":"format-standard","6":"category-hirek","7":"tag-lakasfelujitas"},"yoast_head":"<!-- This site is optimized with the Yoast SEO plugin v27.5 - https:\/\/yoast.com\/product\/yoast-seo-wordpress\/ -->\n<title>Lak\u00e1sfel\u00faj\u00edt\u00e1s hat\u00e9konyan, olcs\u00f3n<\/title>\n<meta name=\"robots\" content=\"index, follow, max-snippet:-1, max-image-preview:large, max-video-preview:-1\" \/>\n<link rel=\"canonical\" href=\"https:\/\/dorogimedence.hu\/index.php\/2022\/09\/30\/lakasfelujitas-hatekonyan-olcson\/\" class=\"yoast-seo-meta-tag\" \/>\n<meta property=\"og:locale\" content=\"hu_HU\" class=\"yoast-seo-meta-tag\" \/>\n<meta property=\"og:type\" content=\"article\" class=\"yoast-seo-meta-tag\" \/>\n<meta property=\"og:title\" content=\"Lak\u00e1sfel\u00faj\u00edt\u00e1s hat\u00e9konyan, olcs\u00f3n\" class=\"yoast-seo-meta-tag\" \/>\n<meta property=\"og:description\" content=\"Ak\u00e1r olyan h\u00e1zban \u00e9l\u00fcnk, amelyet mi magunk \u00e9p\u00edtett\u00fcnk, ak\u00e1r arr\u00f3l van sz\u00f3, hogy \u00f6r\u00f6k\u00f6lt\u00fcnk, v\u00e1s\u00e1roltunk, birtokba vett\u00fcnk egy h\u00e1zat vagy lak\u00e1st, amely m\u00e1r nem mai gyerek, sajnos mindenki sz\u00e1m\u00e1ra el\u0151bb-ut\u00f3bb aktu\u00e1liss\u00e1 v\u00e1lik egy fel\u00faj\u00edt\u00e1s, amelynek m\u00e9rt\u00e9ke nagyban f\u00fcgg az ingatlan \u00e1llapot\u00e1t\u00f3l. Nyilv\u00e1n a legt\u00f6bben \u00f3dzkodunk ezekt\u0151l a munk\u00e1latokt\u00f3l, hiszen felborul a mindennapi \u00e9let\u00fcnk, el kell\" class=\"yoast-seo-meta-tag\" \/>\n<meta property=\"og:url\" content=\"https:\/\/dorogimedence.hu\/index.php\/2022\/09\/30\/lakasfelujitas-hatekonyan-olcson\/\" class=\"yoast-seo-meta-tag\" \/>\n<meta property=\"og:site_name\" content=\"Dorogi-medence Region\u00e1lis H\u00edrport\u00e1l\" class=\"yoast-seo-meta-tag\" \/>\n<meta property=\"article:publisher\" content=\"https:\/\/www.facebook.com\/dorogimedence\/\" class=\"yoast-seo-meta-tag\" \/>\n<meta property=\"article:published_time\" content=\"2022-09-30T11:54:09+00:00\" class=\"yoast-seo-meta-tag\" \/>\n<meta property=\"article:modified_time\" content=\"2022-09-30T11:54:43+00:00\" class=\"yoast-seo-meta-tag\" \/>\n<meta property=\"og:image\" content=\"https:\/\/dorogimedence.hu\/wp-content\/uploads\/2022\/09\/lakasfelujitas-01.jpg\" class=\"yoast-seo-meta-tag\" \/>\n\t<meta property=\"og:image:width\" content=\"1920\" class=\"yoast-seo-meta-tag\" \/>\n\t<meta property=\"og:image:height\" content=\"1052\" class=\"yoast-seo-meta-tag\" \/>\n\t<meta property=\"og:image:type\" content=\"image\/jpeg\" class=\"yoast-seo-meta-tag\" \/>\n<meta name=\"author\" content=\"dorogimedence.hu\" class=\"yoast-seo-meta-tag\" \/>\n<meta name=\"twitter:card\" content=\"summary_large_image\" class=\"yoast-seo-meta-tag\" \/>\n<meta name=\"twitter:label1\" content=\"Szerz\u0151:\" class=\"yoast-seo-meta-tag\" \/>\n\t<meta name=\"twitter:data1\" content=\"dorogimedence.hu\" class=\"yoast-seo-meta-tag\" \/>\n\t<meta name=\"twitter:label2\" content=\"Becs\u00fclt olvas\u00e1si id\u0151\" class=\"yoast-seo-meta-tag\" \/>\n\t<meta name=\"twitter:data2\" content=\"3 perc\" class=\"yoast-seo-meta-tag\" \/>\n<script type=\"application\/ld+json\" class=\"yoast-schema-graph\">{\"@context\":\"https:\\\/\\\/schema.org\",\"@graph\":[{\"@type\":\"Article\",\"@id\":\"https:\\\/\\\/dorogimedence.hu\\\/index.php\\\/2022\\\/09\\\/30\\\/lakasfelujitas-hatekonyan-olcson\\\/#article\",\"isPartOf\":{\"@id\":\"https:\\\/\\\/dorogimedence.hu\\\/index.php\\\/2022\\\/09\\\/30\\\/lakasfelujitas-hatekonyan-olcson\\\/\"},\"author\":{\"name\":\"dorogimedence.hu\",\"@id\":\"https:\\\/\\\/dorogimedence.hu\\\/#\\\/schema\\\/person\\\/ce6091eeb7e95ecdc87890d6aa8e0fd4\"},\"headline\":\"Lak\u00e1sfel\u00faj\u00edt\u00e1s hat\u00e9konyan, olcs\u00f3n\",\"datePublished\":\"2022-09-30T11:54:09+00:00\",\"dateModified\":\"2022-09-30T11:54:43+00:00\",\"mainEntityOfPage\":{\"@id\":\"https:\\\/\\\/dorogimedence.hu\\\/index.php\\\/2022\\\/09\\\/30\\\/lakasfelujitas-hatekonyan-olcson\\\/\"},\"wordCount\":642,\"publisher\":{\"@id\":\"https:\\\/\\\/dorogimedence.hu\\\/#organization\"},\"keywords\":[\"lak\u00e1sfel\u00faj\u00edt\u00e1s\"],\"articleSection\":[\"H\u00edrek\"],\"inLanguage\":\"hu\"},{\"@type\":\"WebPage\",\"@id\":\"https:\\\/\\\/dorogimedence.hu\\\/index.php\\\/2022\\\/09\\\/30\\\/lakasfelujitas-hatekonyan-olcson\\\/\",\"url\":\"https:\\\/\\\/dorogimedence.hu\\\/index.php\\\/2022\\\/09\\\/30\\\/lakasfelujitas-hatekonyan-olcson\\\/\",\"name\":\"Lak\u00e1sfel\u00faj\u00edt\u00e1s hat\u00e9konyan, olcs\u00f3n\",\"isPartOf\":{\"@id\":\"https:\\\/\\\/dorogimedence.hu\\\/#website\"},\"datePublished\":\"2022-09-30T11:54:09+00:00\",\"dateModified\":\"2022-09-30T11:54:43+00:00\",\"breadcrumb\":{\"@id\":\"https:\\\/\\\/dorogimedence.hu\\\/index.php\\\/2022\\\/09\\\/30\\\/lakasfelujitas-hatekonyan-olcson\\\/#breadcrumb\"},\"inLanguage\":\"hu\",\"potentialAction\":[{\"@type\":\"ReadAction\",\"target\":[\"https:\\\/\\\/dorogimedence.hu\\\/index.php\\\/2022\\\/09\\\/30\\\/lakasfelujitas-hatekonyan-olcson\\\/\"]}]},{\"@type\":\"BreadcrumbList\",\"@id\":\"https:\\\/\\\/dorogimedence.hu\\\/index.php\\\/2022\\\/09\\\/30\\\/lakasfelujitas-hatekonyan-olcson\\\/#breadcrumb\",\"itemListElement\":[{\"@type\":\"ListItem\",\"position\":1,\"name\":\"Kezd\u0151lap\",\"item\":\"https:\\\/\\\/dorogimedence.hu\\\/\"},{\"@type\":\"ListItem\",\"position\":2,\"name\":\"Lak\u00e1sfel\u00faj\u00edt\u00e1s hat\u00e9konyan, olcs\u00f3n\"}]},{\"@type\":\"WebSite\",\"@id\":\"https:\\\/\\\/dorogimedence.hu\\\/#website\",\"url\":\"https:\\\/\\\/dorogimedence.hu\\\/\",\"name\":\"Dorogi-medence Region\u00e1lis H\u00edrport\u00e1l\",\"description\":\"Dorog, Keszt\u00f6lc, Le\u00e1nyv\u00e1r, Piliscs\u00e9v, Tokod, Tokodalt\u00e1r\u00f3, Csolnok, Esztergom-kertv\u00e1ros: h\u00edrek, programok\",\"publisher\":{\"@id\":\"https:\\\/\\\/dorogimedence.hu\\\/#organization\"},\"potentialAction\":[{\"@type\":\"SearchAction\",\"target\":{\"@type\":\"EntryPoint\",\"urlTemplate\":\"https:\\\/\\\/dorogimedence.hu\\\/?s={search_term_string}\"},\"query-input\":{\"@type\":\"PropertyValueSpecification\",\"valueRequired\":true,\"valueName\":\"search_term_string\"}}],\"inLanguage\":\"hu\"},{\"@type\":\"Organization\",\"@id\":\"https:\\\/\\\/dorogimedence.hu\\\/#organization\",\"name\":\"Dorogi-medence Region\u00e1lis H\u00edrport\u00e1l\",\"url\":\"https:\\\/\\\/dorogimedence.hu\\\/\",\"logo\":{\"@type\":\"ImageObject\",\"inLanguage\":\"hu\",\"@id\":\"https:\\\/\\\/dorogimedence.hu\\\/#\\\/schema\\\/logo\\\/image\\\/\",\"url\":\"https:\\\/\\\/dorogimedence.hu\\\/wp-content\\\/uploads\\\/2021\\\/04\\\/logo-feher-600.png\",\"contentUrl\":\"https:\\\/\\\/dorogimedence.hu\\\/wp-content\\\/uploads\\\/2021\\\/04\\\/logo-feher-600.png\",\"width\":600,\"height\":100,\"caption\":\"Dorogi-medence Region\u00e1lis H\u00edrport\u00e1l\"},\"image\":{\"@id\":\"https:\\\/\\\/dorogimedence.hu\\\/#\\\/schema\\\/logo\\\/image\\\/\"},\"sameAs\":[\"https:\\\/\\\/www.facebook.com\\\/dorogimedence\\\/\"]},{\"@type\":\"Person\",\"@id\":\"https:\\\/\\\/dorogimedence.hu\\\/#\\\/schema\\\/person\\\/ce6091eeb7e95ecdc87890d6aa8e0fd4\",\"name\":\"dorogimedence.hu\",\"image\":{\"@type\":\"ImageObject\",\"inLanguage\":\"hu\",\"@id\":\"\\\/\\\/www.gravatar.com\\\/avatar\\\/d8d45f8901aadff40a4af72c0b826f1d?s=96&#038;r=g&#038;d=mm\",\"url\":\"\\\/\\\/www.gravatar.com\\\/avatar\\\/d8d45f8901aadff40a4af72c0b826f1d?s=96&#038;r=g&#038;d=mm\",\"contentUrl\":\"\\\/\\\/www.gravatar.com\\\/avatar\\\/d8d45f8901aadff40a4af72c0b826f1d?s=96&#038;r=g&#038;d=mm\",\"caption\":\"dorogimedence.hu\"}}]}<\/script>\n<!-- \/ Yoast SEO plugin. -->","yoast_head_json":{"title":"Lak\u00e1sfel\u00faj\u00edt\u00e1s hat\u00e9konyan, olcs\u00f3n","robots":{"index":"index","follow":"follow","max-snippet":"max-snippet:-1","max-image-preview":"max-image-preview:large","max-video-preview":"max-video-preview:-1"},"canonical":"https:\/\/dorogimedence.hu\/index.php\/2022\/09\/30\/lakasfelujitas-hatekonyan-olcson\/","og_locale":"hu_HU","og_type":"article","og_title":"Lak\u00e1sfel\u00faj\u00edt\u00e1s hat\u00e9konyan, olcs\u00f3n","og_description":"Ak\u00e1r olyan h\u00e1zban \u00e9l\u00fcnk, amelyet mi magunk \u00e9p\u00edtett\u00fcnk, ak\u00e1r arr\u00f3l van sz\u00f3, hogy \u00f6r\u00f6k\u00f6lt\u00fcnk, v\u00e1s\u00e1roltunk, birtokba vett\u00fcnk egy h\u00e1zat vagy lak\u00e1st, amely m\u00e1r nem mai gyerek, sajnos mindenki sz\u00e1m\u00e1ra el\u0151bb-ut\u00f3bb aktu\u00e1liss\u00e1 v\u00e1lik egy fel\u00faj\u00edt\u00e1s, amelynek m\u00e9rt\u00e9ke nagyban f\u00fcgg az ingatlan \u00e1llapot\u00e1t\u00f3l. Nyilv\u00e1n a legt\u00f6bben \u00f3dzkodunk ezekt\u0151l a munk\u00e1latokt\u00f3l, hiszen felborul a mindennapi \u00e9let\u00fcnk, el kell","og_url":"https:\/\/dorogimedence.hu\/index.php\/2022\/09\/30\/lakasfelujitas-hatekonyan-olcson\/","og_site_name":"Dorogi-medence Region\u00e1lis H\u00edrport\u00e1l","article_publisher":"https:\/\/www.facebook.com\/dorogimedence\/","article_published_time":"2022-09-30T11:54:09+00:00","article_modified_time":"2022-09-30T11:54:43+00:00","og_image":[{"width":1920,"height":1052,"url":"https:\/\/dorogimedence.hu\/wp-content\/uploads\/2022\/09\/lakasfelujitas-01.jpg","type":"image\/jpeg"}],"author":"dorogimedence.hu","twitter_card":"summary_large_image","twitter_misc":{"Szerz\u0151:":"dorogimedence.hu","Becs\u00fclt olvas\u00e1si id\u0151":"3 perc"},"schema":{"@context":"https:\/\/schema.org","@graph":[{"@type":"Article","@id":"https:\/\/dorogimedence.hu\/index.php\/2022\/09\/30\/lakasfelujitas-hatekonyan-olcson\/#article","isPartOf":{"@id":"https:\/\/dorogimedence.hu\/index.php\/2022\/09\/30\/lakasfelujitas-hatekonyan-olcson\/"},"author":{"name":"dorogimedence.hu","@id":"https:\/\/dorogimedence.hu\/#\/schema\/person\/ce6091eeb7e95ecdc87890d6aa8e0fd4"},"headline":"Lak\u00e1sfel\u00faj\u00edt\u00e1s hat\u00e9konyan, olcs\u00f3n","datePublished":"2022-09-30T11:54:09+00:00","dateModified":"2022-09-30T11:54:43+00:00","mainEntityOfPage":{"@id":"https:\/\/dorogimedence.hu\/index.php\/2022\/09\/30\/lakasfelujitas-hatekonyan-olcson\/"},"wordCount":642,"publisher":{"@id":"https:\/\/dorogimedence.hu\/#organization"},"keywords":["lak\u00e1sfel\u00faj\u00edt\u00e1s"],"articleSection":["H\u00edrek"],"inLanguage":"hu"},{"@type":"WebPage","@id":"https:\/\/dorogimedence.hu\/index.php\/2022\/09\/30\/lakasfelujitas-hatekonyan-olcson\/","url":"https:\/\/dorogimedence.hu\/index.php\/2022\/09\/30\/lakasfelujitas-hatekonyan-olcson\/","name":"Lak\u00e1sfel\u00faj\u00edt\u00e1s hat\u00e9konyan, olcs\u00f3n","isPartOf":{"@id":"https:\/\/dorogimedence.hu\/#website"},"datePublished":"2022-09-30T11:54:09+00:00","dateModified":"2022-09-30T11:54:43+00:00","breadcrumb":{"@id":"https:\/\/dorogimedence.hu\/index.php\/2022\/09\/30\/lakasfelujitas-hatekonyan-olcson\/#breadcrumb"},"inLanguage":"hu","potentialAction":[{"@type":"ReadAction","target":["https:\/\/dorogimedence.hu\/index.php\/2022\/09\/30\/lakasfelujitas-hatekonyan-olcson\/"]}]},{"@type":"BreadcrumbList","@id":"https:\/\/dorogimedence.hu\/index.php\/2022\/09\/30\/lakasfelujitas-hatekonyan-olcson\/#breadcrumb","itemListElement":[{"@type":"ListItem","position":1,"name":"Kezd\u0151lap","item":"https:\/\/dorogimedence.hu\/"},{"@type":"ListItem","position":2,"name":"Lak\u00e1sfel\u00faj\u00edt\u00e1s hat\u00e9konyan, olcs\u00f3n"}]},{"@type":"WebSite","@id":"https:\/\/dorogimedence.hu\/#website","url":"https:\/\/dorogimedence.hu\/","name":"Dorogi-medence Region\u00e1lis H\u00edrport\u00e1l","description":"Dorog, Keszt\u00f6lc, Le\u00e1nyv\u00e1r, Piliscs\u00e9v, Tokod, Tokodalt\u00e1r\u00f3, Csolnok, Esztergom-kertv\u00e1ros: h\u00edrek, programok","publisher":{"@id":"https:\/\/dorogimedence.hu\/#organization"},"potentialAction":[{"@type":"SearchAction","target":{"@type":"EntryPoint","urlTemplate":"https:\/\/dorogimedence.hu\/?s={search_term_string}"},"query-input":{"@type":"PropertyValueSpecification","valueRequired":true,"valueName":"search_term_string"}}],"inLanguage":"hu"},{"@type":"Organization","@id":"https:\/\/dorogimedence.hu\/#organization","name":"Dorogi-medence Region\u00e1lis H\u00edrport\u00e1l","url":"https:\/\/dorogimedence.hu\/","logo":{"@type":"ImageObject","inLanguage":"hu","@id":"https:\/\/dorogimedence.hu\/#\/schema\/logo\/image\/","url":"https:\/\/dorogimedence.hu\/wp-content\/uploads\/2021\/04\/logo-feher-600.png","contentUrl":"https:\/\/dorogimedence.hu\/wp-content\/uploads\/2021\/04\/logo-feher-600.png","width":600,"height":100,"caption":"Dorogi-medence Region\u00e1lis H\u00edrport\u00e1l"},"image":{"@id":"https:\/\/dorogimedence.hu\/#\/schema\/logo\/image\/"},"sameAs":["https:\/\/www.facebook.com\/dorogimedence\/"]},{"@type":"Person","@id":"https:\/\/dorogimedence.hu\/#\/schema\/person\/ce6091eeb7e95ecdc87890d6aa8e0fd4","name":"dorogimedence.hu","image":{"@type":"ImageObject","inLanguage":"hu","@id":"\/\/www.gravatar.com\/avatar\/d8d45f8901aadff40a4af72c0b826f1d?s=96&#038;r=g&#038;d=mm","url":"\/\/www.gravatar.com\/avatar\/d8d45f8901aadff40a4af72c0b826f1d?s=96&#038;r=g&#038;d=mm","contentUrl":"\/\/www.gravatar.com\/avatar\/d8d45f8901aadff40a4af72c0b826f1d?s=96&#038;r=g&#038;d=mm","caption":"dorogimedence.hu"}}]}},"_links":{"self":[{"href":"https:\/\/dorogimedence.hu\/index.php\/wp-json\/wp\/v2\/posts\/46948","targetHints":{"allow":["GET"]}}],"collection":[{"href":"https:\/\/dorogimedence.hu\/index.php\/wp-json\/wp\/v2\/posts"}],"about":[{"href":"https:\/\/dorogimedence.hu\/index.php\/wp-json\/wp\/v2\/types\/post"}],"author":[{"embeddable":true,"href":"https:\/\/dorogimedence.hu\/index.php\/wp-json\/wp\/v2\/users\/1"}],"replies":[{"embeddable":true,"href":"https:\/\/dorogimedence.hu\/index.php\/wp-json\/wp\/v2\/comments?post=46948"}],"version-history":[{"count":0,"href":"https:\/\/dorogimedence.hu\/index.php\/wp-json\/wp\/v2\/posts\/46948\/revisions"}],"wp:attachment":[{"href":"https:\/\/dorogimedence.hu\/index.php\/wp-json\/wp\/v2\/media?parent=46948"}],"wp:term":[{"taxonomy":"category","embeddable":true,"href":"https:\/\/dorogimedence.hu\/index.php\/wp-json\/wp\/v2\/categories?post=46948"},{"taxonomy":"post_tag","embeddable":true,"href":"https:\/\/dorogimedence.hu\/index.php\/wp-json\/wp\/v2\/tags?post=46948"}],"curies":[{"name":"wp","href":"https:\/\/api.w.org\/{rel}","templated":true}]}}