{"id":46941,"date":"2022-09-30T11:17:41","date_gmt":"2022-09-30T09:17:41","guid":{"rendered":"https:\/\/dorogimedence.hu\/?p=46941"},"modified":"2022-09-30T11:17:55","modified_gmt":"2022-09-30T09:17:55","slug":"onkenteseket-varnak-a-dorogi-kutato-mentok-2","status":"publish","type":"post","link":"https:\/\/dorogimedence.hu\/index.php\/2022\/09\/30\/onkenteseket-varnak-a-dorogi-kutato-mentok-2\/","title":{"rendered":"\u00d6nk\u00e9nteseket v\u00e1rnak a dorogi kutat\u00f3-ment\u0151k"},"content":{"rendered":"<p><strong>A Horizont Kutat\u00f3-Ment\u0151, Polg\u00e1ri V\u00e9delmi \u00e9s Polg\u00e1r\u0151r Egyes\u00fclet sz\u00e1mos k\u00f6z\u00e9rdek\u0171 tev\u00e9kenys\u00e9ggel foglalkozik. T\u00f6bbek k\u00f6z\u00f6tt elt\u0171nt szem\u00e9lyek felkutat\u00e1s\u00e1val, ment\u00e9ssel, speci\u00e1lis ment\u00e9ssel. Akik kedvet kaptak ahhoz, hogy csatlakozzanak, \u0151ket arra k\u00e9rik, ezt tegy\u00e9k meg mihamarabb, a tagtoborz\u00e1si id\u0151szak v\u00e9g\u00e9ig.<\/strong><\/p>\n<p>Az egyes\u00fclet iskolai 50 \u00f3r\u00e1s k\u00f6z\u00f6ss\u00e9gi szolg\u00e1latot is tud igazolni, de \u00e1ltal\u00e1ban a hozz\u00e1juk \u00e9rkez\u0151k sosem hagyj\u00e1k abba az 50 \u00f3ra let\u00f6lt\u00e9se ut\u00e1n, belecs\u00f6ppennek \u00e9s ott maradnak.&nbsp;<\/p>\n<p>Mindenki jelentkez\u00e9s\u00e9t v\u00e1rj\u00e1k, term\u00e9szetesen azok\u00e9t is, akiknek m\u00e1r megvan az 50-\u00f3ra k\u00f6z\u00f6ss\u00e9gi szolg\u00e1latuk!<\/p>\n<p>Felmer\u00fclt k\u00e9rd\u00e9s eset\u00e9n v\u00e1rj\u00e1k a megkeres\u00e9st Facebookon: <a href=\"https:\/\/www.facebook.com\/ifjusagitagozat\" target=\"_blank\" rel=\"noopener\"><span style=\"text-decoration: underline; color: #0000ff;\">Horizont KMPVP Egyes\u00fclet<\/span><\/a> vagy e-mailben a <span style=\"text-decoration: underline; color: #0000ff;\"><a style=\"color: #0000ff; text-decoration: underline;\" href=\"mailto:horizontrescue@gmail.com\" target=\"_blank\" rel=\"noopener\">horizontrescue@gmail.com<\/a><\/span> c\u00edmen, illetve telefonon +36706106483-as sz\u00e1mon.<\/p>\n","protected":false},"excerpt":{"rendered":"<p>A Horizont Kutat\u00f3-Ment\u0151, Polg\u00e1ri V\u00e9delmi \u00e9s Polg\u00e1r\u0151r Egyes\u00fclet sz\u00e1mos k\u00f6z\u00e9rdek\u0171 tev\u00e9kenys\u00e9ggel foglalkozik. T\u00f6bbek k\u00f6z\u00f6tt elt\u0171nt szem\u00e9lyek felkutat\u00e1s\u00e1val, ment\u00e9ssel, speci\u00e1lis ment\u00e9ssel. Akik kedvet kaptak ahhoz, hogy csatlakozzanak, \u0151ket arra k\u00e9rik, ezt tegy\u00e9k meg mihamarabb, a tagtoborz\u00e1si id\u0151szak v\u00e9g\u00e9ig. Az egyes\u00fclet iskolai 50 \u00f3r\u00e1s k\u00f6z\u00f6ss\u00e9gi szolg\u00e1latot is tud igazolni, de \u00e1ltal\u00e1ban a hozz\u00e1juk \u00e9rkez\u0151k sosem hagyj\u00e1k abba<\/p>\n","protected":false},"author":1,"featured_media":41808,"comment_status":"closed","ping_status":"closed","sticky":false,"template":"","format":"standard","meta":{"ngg_post_thumbnail":0,"footnotes":""},"categories":[2,3],"tags":[15,2283,6258,613],"class_list":{"0":"post-46941","1":"post","2":"type-post","3":"status-publish","4":"format-standard","5":"has-post-thumbnail","7":"category-dorog","8":"category-hirek","9":"tag-dorog","10":"tag-egyesulet","11":"tag-kutato-mento","12":"tag-onkentesek"},"yoast_head":"<!-- This site is optimized with the Yoast SEO plugin v27.4 - https:\/\/yoast.com\/product\/yoast-seo-wordpress\/ -->\n<title>\u00d6nk\u00e9nteseket v\u00e1rnak a dorogi kutat\u00f3-ment\u0151k<\/title>\n<meta name=\"robots\" content=\"index, follow, max-snippet:-1, max-image-preview:large, max-video-preview:-1\" \/>\n<link rel=\"canonical\" href=\"https:\/\/dorogimedence.hu\/index.php\/2022\/09\/30\/onkenteseket-varnak-a-dorogi-kutato-mentok-2\/\" class=\"yoast-seo-meta-tag\" \/>\n<meta property=\"og:locale\" content=\"hu_HU\" class=\"yoast-seo-meta-tag\" \/>\n<meta property=\"og:type\" content=\"article\" class=\"yoast-seo-meta-tag\" \/>\n<meta property=\"og:title\" content=\"\u00d6nk\u00e9nteseket v\u00e1rnak a dorogi kutat\u00f3-ment\u0151k\" class=\"yoast-seo-meta-tag\" \/>\n<meta property=\"og:description\" content=\"A Horizont Kutat\u00f3-Ment\u0151, Polg\u00e1ri V\u00e9delmi \u00e9s Polg\u00e1r\u0151r Egyes\u00fclet sz\u00e1mos k\u00f6z\u00e9rdek\u0171 tev\u00e9kenys\u00e9ggel foglalkozik. T\u00f6bbek k\u00f6z\u00f6tt elt\u0171nt szem\u00e9lyek felkutat\u00e1s\u00e1val, ment\u00e9ssel, speci\u00e1lis ment\u00e9ssel. Akik kedvet kaptak ahhoz, hogy csatlakozzanak, \u0151ket arra k\u00e9rik, ezt tegy\u00e9k meg mihamarabb, a tagtoborz\u00e1si id\u0151szak v\u00e9g\u00e9ig. Az egyes\u00fclet iskolai 50 \u00f3r\u00e1s k\u00f6z\u00f6ss\u00e9gi szolg\u00e1latot is tud igazolni, de \u00e1ltal\u00e1ban a hozz\u00e1juk \u00e9rkez\u0151k sosem hagyj\u00e1k abba\" class=\"yoast-seo-meta-tag\" \/>\n<meta property=\"og:url\" content=\"https:\/\/dorogimedence.hu\/index.php\/2022\/09\/30\/onkenteseket-varnak-a-dorogi-kutato-mentok-2\/\" class=\"yoast-seo-meta-tag\" \/>\n<meta property=\"og:site_name\" content=\"Dorogi-medence Region\u00e1lis H\u00edrport\u00e1l\" class=\"yoast-seo-meta-tag\" \/>\n<meta property=\"article:publisher\" content=\"https:\/\/www.facebook.com\/dorogimedence\/\" class=\"yoast-seo-meta-tag\" \/>\n<meta property=\"article:published_time\" content=\"2022-09-30T09:17:41+00:00\" class=\"yoast-seo-meta-tag\" \/>\n<meta property=\"article:modified_time\" content=\"2022-09-30T09:17:55+00:00\" class=\"yoast-seo-meta-tag\" \/>\n<meta property=\"og:image\" content=\"https:\/\/dorogimedence.hu\/wp-content\/uploads\/2022\/04\/kutato-mentok-01.jpg\" class=\"yoast-seo-meta-tag\" \/>\n\t<meta property=\"og:image:width\" content=\"828\" class=\"yoast-seo-meta-tag\" \/>\n\t<meta property=\"og:image:height\" content=\"471\" class=\"yoast-seo-meta-tag\" \/>\n\t<meta property=\"og:image:type\" content=\"image\/jpeg\" class=\"yoast-seo-meta-tag\" \/>\n<meta name=\"author\" content=\"dorogimedence.hu\" class=\"yoast-seo-meta-tag\" \/>\n<meta name=\"twitter:card\" content=\"summary_large_image\" class=\"yoast-seo-meta-tag\" \/>\n<meta name=\"twitter:label1\" content=\"Szerz\u0151:\" class=\"yoast-seo-meta-tag\" \/>\n\t<meta name=\"twitter:data1\" content=\"dorogimedence.hu\" class=\"yoast-seo-meta-tag\" \/>\n\t<meta name=\"twitter:label2\" content=\"Becs\u00fclt olvas\u00e1si id\u0151\" class=\"yoast-seo-meta-tag\" \/>\n\t<meta name=\"twitter:data2\" content=\"1 perc\" class=\"yoast-seo-meta-tag\" \/>\n<script type=\"application\/ld+json\" class=\"yoast-schema-graph\">{\"@context\":\"https:\\\/\\\/schema.org\",\"@graph\":[{\"@type\":\"Article\",\"@id\":\"https:\\\/\\\/dorogimedence.hu\\\/index.php\\\/2022\\\/09\\\/30\\\/onkenteseket-varnak-a-dorogi-kutato-mentok-2\\\/#article\",\"isPartOf\":{\"@id\":\"https:\\\/\\\/dorogimedence.hu\\\/index.php\\\/2022\\\/09\\\/30\\\/onkenteseket-varnak-a-dorogi-kutato-mentok-2\\\/\"},\"author\":{\"name\":\"dorogimedence.hu\",\"@id\":\"https:\\\/\\\/dorogimedence.hu\\\/#\\\/schema\\\/person\\\/ce6091eeb7e95ecdc87890d6aa8e0fd4\"},\"headline\":\"\u00d6nk\u00e9nteseket v\u00e1rnak a dorogi kutat\u00f3-ment\u0151k\",\"datePublished\":\"2022-09-30T09:17:41+00:00\",\"dateModified\":\"2022-09-30T09:17:55+00:00\",\"mainEntityOfPage\":{\"@id\":\"https:\\\/\\\/dorogimedence.hu\\\/index.php\\\/2022\\\/09\\\/30\\\/onkenteseket-varnak-a-dorogi-kutato-mentok-2\\\/\"},\"wordCount\":169,\"publisher\":{\"@id\":\"https:\\\/\\\/dorogimedence.hu\\\/#organization\"},\"image\":{\"@id\":\"https:\\\/\\\/dorogimedence.hu\\\/index.php\\\/2022\\\/09\\\/30\\\/onkenteseket-varnak-a-dorogi-kutato-mentok-2\\\/#primaryimage\"},\"thumbnailUrl\":\"https:\\\/\\\/dorogimedence.hu\\\/wp-content\\\/uploads\\\/2022\\\/04\\\/kutato-mentok-01.jpg\",\"keywords\":[\"Dorog\",\"egyes\u00fclet\",\"kutat\u00f3-ment\u0151\",\"\u00f6nk\u00e9ntesek\"],\"articleSection\":[\"Dorog\",\"H\u00edrek\"],\"inLanguage\":\"hu\"},{\"@type\":\"WebPage\",\"@id\":\"https:\\\/\\\/dorogimedence.hu\\\/index.php\\\/2022\\\/09\\\/30\\\/onkenteseket-varnak-a-dorogi-kutato-mentok-2\\\/\",\"url\":\"https:\\\/\\\/dorogimedence.hu\\\/index.php\\\/2022\\\/09\\\/30\\\/onkenteseket-varnak-a-dorogi-kutato-mentok-2\\\/\",\"name\":\"\u00d6nk\u00e9nteseket v\u00e1rnak a dorogi kutat\u00f3-ment\u0151k\",\"isPartOf\":{\"@id\":\"https:\\\/\\\/dorogimedence.hu\\\/#website\"},\"primaryImageOfPage\":{\"@id\":\"https:\\\/\\\/dorogimedence.hu\\\/index.php\\\/2022\\\/09\\\/30\\\/onkenteseket-varnak-a-dorogi-kutato-mentok-2\\\/#primaryimage\"},\"image\":{\"@id\":\"https:\\\/\\\/dorogimedence.hu\\\/index.php\\\/2022\\\/09\\\/30\\\/onkenteseket-varnak-a-dorogi-kutato-mentok-2\\\/#primaryimage\"},\"thumbnailUrl\":\"https:\\\/\\\/dorogimedence.hu\\\/wp-content\\\/uploads\\\/2022\\\/04\\\/kutato-mentok-01.jpg\",\"datePublished\":\"2022-09-30T09:17:41+00:00\",\"dateModified\":\"2022-09-30T09:17:55+00:00\",\"breadcrumb\":{\"@id\":\"https:\\\/\\\/dorogimedence.hu\\\/index.php\\\/2022\\\/09\\\/30\\\/onkenteseket-varnak-a-dorogi-kutato-mentok-2\\\/#breadcrumb\"},\"inLanguage\":\"hu\",\"potentialAction\":[{\"@type\":\"ReadAction\",\"target\":[\"https:\\\/\\\/dorogimedence.hu\\\/index.php\\\/2022\\\/09\\\/30\\\/onkenteseket-varnak-a-dorogi-kutato-mentok-2\\\/\"]}]},{\"@type\":\"ImageObject\",\"inLanguage\":\"hu\",\"@id\":\"https:\\\/\\\/dorogimedence.hu\\\/index.php\\\/2022\\\/09\\\/30\\\/onkenteseket-varnak-a-dorogi-kutato-mentok-2\\\/#primaryimage\",\"url\":\"https:\\\/\\\/dorogimedence.hu\\\/wp-content\\\/uploads\\\/2022\\\/04\\\/kutato-mentok-01.jpg\",\"contentUrl\":\"https:\\\/\\\/dorogimedence.hu\\\/wp-content\\\/uploads\\\/2022\\\/04\\\/kutato-mentok-01.jpg\",\"width\":828,\"height\":471},{\"@type\":\"BreadcrumbList\",\"@id\":\"https:\\\/\\\/dorogimedence.hu\\\/index.php\\\/2022\\\/09\\\/30\\\/onkenteseket-varnak-a-dorogi-kutato-mentok-2\\\/#breadcrumb\",\"itemListElement\":[{\"@type\":\"ListItem\",\"position\":1,\"name\":\"Kezd\u0151lap\",\"item\":\"https:\\\/\\\/dorogimedence.hu\\\/\"},{\"@type\":\"ListItem\",\"position\":2,\"name\":\"\u00d6nk\u00e9nteseket v\u00e1rnak a dorogi kutat\u00f3-ment\u0151k\"}]},{\"@type\":\"WebSite\",\"@id\":\"https:\\\/\\\/dorogimedence.hu\\\/#website\",\"url\":\"https:\\\/\\\/dorogimedence.hu\\\/\",\"name\":\"Dorogi-medence Region\u00e1lis H\u00edrport\u00e1l\",\"description\":\"Dorog, Keszt\u00f6lc, Le\u00e1nyv\u00e1r, Piliscs\u00e9v, Tokod, Tokodalt\u00e1r\u00f3, Csolnok, Esztergom-kertv\u00e1ros: h\u00edrek, programok\",\"publisher\":{\"@id\":\"https:\\\/\\\/dorogimedence.hu\\\/#organization\"},\"potentialAction\":[{\"@type\":\"SearchAction\",\"target\":{\"@type\":\"EntryPoint\",\"urlTemplate\":\"https:\\\/\\\/dorogimedence.hu\\\/?s={search_term_string}\"},\"query-input\":{\"@type\":\"PropertyValueSpecification\",\"valueRequired\":true,\"valueName\":\"search_term_string\"}}],\"inLanguage\":\"hu\"},{\"@type\":\"Organization\",\"@id\":\"https:\\\/\\\/dorogimedence.hu\\\/#organization\",\"name\":\"Dorogi-medence Region\u00e1lis H\u00edrport\u00e1l\",\"url\":\"https:\\\/\\\/dorogimedence.hu\\\/\",\"logo\":{\"@type\":\"ImageObject\",\"inLanguage\":\"hu\",\"@id\":\"https:\\\/\\\/dorogimedence.hu\\\/#\\\/schema\\\/logo\\\/image\\\/\",\"url\":\"https:\\\/\\\/dorogimedence.hu\\\/wp-content\\\/uploads\\\/2021\\\/04\\\/logo-feher-600.png\",\"contentUrl\":\"https:\\\/\\\/dorogimedence.hu\\\/wp-content\\\/uploads\\\/2021\\\/04\\\/logo-feher-600.png\",\"width\":600,\"height\":100,\"caption\":\"Dorogi-medence Region\u00e1lis H\u00edrport\u00e1l\"},\"image\":{\"@id\":\"https:\\\/\\\/dorogimedence.hu\\\/#\\\/schema\\\/logo\\\/image\\\/\"},\"sameAs\":[\"https:\\\/\\\/www.facebook.com\\\/dorogimedence\\\/\"]},{\"@type\":\"Person\",\"@id\":\"https:\\\/\\\/dorogimedence.hu\\\/#\\\/schema\\\/person\\\/ce6091eeb7e95ecdc87890d6aa8e0fd4\",\"name\":\"dorogimedence.hu\",\"image\":{\"@type\":\"ImageObject\",\"inLanguage\":\"hu\",\"@id\":\"\\\/\\\/www.gravatar.com\\\/avatar\\\/d8d45f8901aadff40a4af72c0b826f1d?s=96&#038;r=g&#038;d=mm\",\"url\":\"\\\/\\\/www.gravatar.com\\\/avatar\\\/d8d45f8901aadff40a4af72c0b826f1d?s=96&#038;r=g&#038;d=mm\",\"contentUrl\":\"\\\/\\\/www.gravatar.com\\\/avatar\\\/d8d45f8901aadff40a4af72c0b826f1d?s=96&#038;r=g&#038;d=mm\",\"caption\":\"dorogimedence.hu\"}}]}<\/script>\n<!-- \/ Yoast SEO plugin. -->","yoast_head_json":{"title":"\u00d6nk\u00e9nteseket v\u00e1rnak a dorogi kutat\u00f3-ment\u0151k","robots":{"index":"index","follow":"follow","max-snippet":"max-snippet:-1","max-image-preview":"max-image-preview:large","max-video-preview":"max-video-preview:-1"},"canonical":"https:\/\/dorogimedence.hu\/index.php\/2022\/09\/30\/onkenteseket-varnak-a-dorogi-kutato-mentok-2\/","og_locale":"hu_HU","og_type":"article","og_title":"\u00d6nk\u00e9nteseket v\u00e1rnak a dorogi kutat\u00f3-ment\u0151k","og_description":"A Horizont Kutat\u00f3-Ment\u0151, Polg\u00e1ri V\u00e9delmi \u00e9s Polg\u00e1r\u0151r Egyes\u00fclet sz\u00e1mos k\u00f6z\u00e9rdek\u0171 tev\u00e9kenys\u00e9ggel foglalkozik. T\u00f6bbek k\u00f6z\u00f6tt elt\u0171nt szem\u00e9lyek felkutat\u00e1s\u00e1val, ment\u00e9ssel, speci\u00e1lis ment\u00e9ssel. Akik kedvet kaptak ahhoz, hogy csatlakozzanak, \u0151ket arra k\u00e9rik, ezt tegy\u00e9k meg mihamarabb, a tagtoborz\u00e1si id\u0151szak v\u00e9g\u00e9ig. Az egyes\u00fclet iskolai 50 \u00f3r\u00e1s k\u00f6z\u00f6ss\u00e9gi szolg\u00e1latot is tud igazolni, de \u00e1ltal\u00e1ban a hozz\u00e1juk \u00e9rkez\u0151k sosem hagyj\u00e1k abba","og_url":"https:\/\/dorogimedence.hu\/index.php\/2022\/09\/30\/onkenteseket-varnak-a-dorogi-kutato-mentok-2\/","og_site_name":"Dorogi-medence Region\u00e1lis H\u00edrport\u00e1l","article_publisher":"https:\/\/www.facebook.com\/dorogimedence\/","article_published_time":"2022-09-30T09:17:41+00:00","article_modified_time":"2022-09-30T09:17:55+00:00","og_image":[{"width":828,"height":471,"url":"https:\/\/dorogimedence.hu\/wp-content\/uploads\/2022\/04\/kutato-mentok-01.jpg","type":"image\/jpeg"}],"author":"dorogimedence.hu","twitter_card":"summary_large_image","twitter_misc":{"Szerz\u0151:":"dorogimedence.hu","Becs\u00fclt olvas\u00e1si id\u0151":"1 perc"},"schema":{"@context":"https:\/\/schema.org","@graph":[{"@type":"Article","@id":"https:\/\/dorogimedence.hu\/index.php\/2022\/09\/30\/onkenteseket-varnak-a-dorogi-kutato-mentok-2\/#article","isPartOf":{"@id":"https:\/\/dorogimedence.hu\/index.php\/2022\/09\/30\/onkenteseket-varnak-a-dorogi-kutato-mentok-2\/"},"author":{"name":"dorogimedence.hu","@id":"https:\/\/dorogimedence.hu\/#\/schema\/person\/ce6091eeb7e95ecdc87890d6aa8e0fd4"},"headline":"\u00d6nk\u00e9nteseket v\u00e1rnak a dorogi kutat\u00f3-ment\u0151k","datePublished":"2022-09-30T09:17:41+00:00","dateModified":"2022-09-30T09:17:55+00:00","mainEntityOfPage":{"@id":"https:\/\/dorogimedence.hu\/index.php\/2022\/09\/30\/onkenteseket-varnak-a-dorogi-kutato-mentok-2\/"},"wordCount":169,"publisher":{"@id":"https:\/\/dorogimedence.hu\/#organization"},"image":{"@id":"https:\/\/dorogimedence.hu\/index.php\/2022\/09\/30\/onkenteseket-varnak-a-dorogi-kutato-mentok-2\/#primaryimage"},"thumbnailUrl":"https:\/\/dorogimedence.hu\/wp-content\/uploads\/2022\/04\/kutato-mentok-01.jpg","keywords":["Dorog","egyes\u00fclet","kutat\u00f3-ment\u0151","\u00f6nk\u00e9ntesek"],"articleSection":["Dorog","H\u00edrek"],"inLanguage":"hu"},{"@type":"WebPage","@id":"https:\/\/dorogimedence.hu\/index.php\/2022\/09\/30\/onkenteseket-varnak-a-dorogi-kutato-mentok-2\/","url":"https:\/\/dorogimedence.hu\/index.php\/2022\/09\/30\/onkenteseket-varnak-a-dorogi-kutato-mentok-2\/","name":"\u00d6nk\u00e9nteseket v\u00e1rnak a dorogi kutat\u00f3-ment\u0151k","isPartOf":{"@id":"https:\/\/dorogimedence.hu\/#website"},"primaryImageOfPage":{"@id":"https:\/\/dorogimedence.hu\/index.php\/2022\/09\/30\/onkenteseket-varnak-a-dorogi-kutato-mentok-2\/#primaryimage"},"image":{"@id":"https:\/\/dorogimedence.hu\/index.php\/2022\/09\/30\/onkenteseket-varnak-a-dorogi-kutato-mentok-2\/#primaryimage"},"thumbnailUrl":"https:\/\/dorogimedence.hu\/wp-content\/uploads\/2022\/04\/kutato-mentok-01.jpg","datePublished":"2022-09-30T09:17:41+00:00","dateModified":"2022-09-30T09:17:55+00:00","breadcrumb":{"@id":"https:\/\/dorogimedence.hu\/index.php\/2022\/09\/30\/onkenteseket-varnak-a-dorogi-kutato-mentok-2\/#breadcrumb"},"inLanguage":"hu","potentialAction":[{"@type":"ReadAction","target":["https:\/\/dorogimedence.hu\/index.php\/2022\/09\/30\/onkenteseket-varnak-a-dorogi-kutato-mentok-2\/"]}]},{"@type":"ImageObject","inLanguage":"hu","@id":"https:\/\/dorogimedence.hu\/index.php\/2022\/09\/30\/onkenteseket-varnak-a-dorogi-kutato-mentok-2\/#primaryimage","url":"https:\/\/dorogimedence.hu\/wp-content\/uploads\/2022\/04\/kutato-mentok-01.jpg","contentUrl":"https:\/\/dorogimedence.hu\/wp-content\/uploads\/2022\/04\/kutato-mentok-01.jpg","width":828,"height":471},{"@type":"BreadcrumbList","@id":"https:\/\/dorogimedence.hu\/index.php\/2022\/09\/30\/onkenteseket-varnak-a-dorogi-kutato-mentok-2\/#breadcrumb","itemListElement":[{"@type":"ListItem","position":1,"name":"Kezd\u0151lap","item":"https:\/\/dorogimedence.hu\/"},{"@type":"ListItem","position":2,"name":"\u00d6nk\u00e9nteseket v\u00e1rnak a dorogi kutat\u00f3-ment\u0151k"}]},{"@type":"WebSite","@id":"https:\/\/dorogimedence.hu\/#website","url":"https:\/\/dorogimedence.hu\/","name":"Dorogi-medence Region\u00e1lis H\u00edrport\u00e1l","description":"Dorog, Keszt\u00f6lc, Le\u00e1nyv\u00e1r, Piliscs\u00e9v, Tokod, Tokodalt\u00e1r\u00f3, Csolnok, Esztergom-kertv\u00e1ros: h\u00edrek, programok","publisher":{"@id":"https:\/\/dorogimedence.hu\/#organization"},"potentialAction":[{"@type":"SearchAction","target":{"@type":"EntryPoint","urlTemplate":"https:\/\/dorogimedence.hu\/?s={search_term_string}"},"query-input":{"@type":"PropertyValueSpecification","valueRequired":true,"valueName":"search_term_string"}}],"inLanguage":"hu"},{"@type":"Organization","@id":"https:\/\/dorogimedence.hu\/#organization","name":"Dorogi-medence Region\u00e1lis H\u00edrport\u00e1l","url":"https:\/\/dorogimedence.hu\/","logo":{"@type":"ImageObject","inLanguage":"hu","@id":"https:\/\/dorogimedence.hu\/#\/schema\/logo\/image\/","url":"https:\/\/dorogimedence.hu\/wp-content\/uploads\/2021\/04\/logo-feher-600.png","contentUrl":"https:\/\/dorogimedence.hu\/wp-content\/uploads\/2021\/04\/logo-feher-600.png","width":600,"height":100,"caption":"Dorogi-medence Region\u00e1lis H\u00edrport\u00e1l"},"image":{"@id":"https:\/\/dorogimedence.hu\/#\/schema\/logo\/image\/"},"sameAs":["https:\/\/www.facebook.com\/dorogimedence\/"]},{"@type":"Person","@id":"https:\/\/dorogimedence.hu\/#\/schema\/person\/ce6091eeb7e95ecdc87890d6aa8e0fd4","name":"dorogimedence.hu","image":{"@type":"ImageObject","inLanguage":"hu","@id":"\/\/www.gravatar.com\/avatar\/d8d45f8901aadff40a4af72c0b826f1d?s=96&#038;r=g&#038;d=mm","url":"\/\/www.gravatar.com\/avatar\/d8d45f8901aadff40a4af72c0b826f1d?s=96&#038;r=g&#038;d=mm","contentUrl":"\/\/www.gravatar.com\/avatar\/d8d45f8901aadff40a4af72c0b826f1d?s=96&#038;r=g&#038;d=mm","caption":"dorogimedence.hu"}}]}},"_links":{"self":[{"href":"https:\/\/dorogimedence.hu\/index.php\/wp-json\/wp\/v2\/posts\/46941","targetHints":{"allow":["GET"]}}],"collection":[{"href":"https:\/\/dorogimedence.hu\/index.php\/wp-json\/wp\/v2\/posts"}],"about":[{"href":"https:\/\/dorogimedence.hu\/index.php\/wp-json\/wp\/v2\/types\/post"}],"author":[{"embeddable":true,"href":"https:\/\/dorogimedence.hu\/index.php\/wp-json\/wp\/v2\/users\/1"}],"replies":[{"embeddable":true,"href":"https:\/\/dorogimedence.hu\/index.php\/wp-json\/wp\/v2\/comments?post=46941"}],"version-history":[{"count":0,"href":"https:\/\/dorogimedence.hu\/index.php\/wp-json\/wp\/v2\/posts\/46941\/revisions"}],"wp:featuredmedia":[{"embeddable":true,"href":"https:\/\/dorogimedence.hu\/index.php\/wp-json\/wp\/v2\/media\/41808"}],"wp:attachment":[{"href":"https:\/\/dorogimedence.hu\/index.php\/wp-json\/wp\/v2\/media?parent=46941"}],"wp:term":[{"taxonomy":"category","embeddable":true,"href":"https:\/\/dorogimedence.hu\/index.php\/wp-json\/wp\/v2\/categories?post=46941"},{"taxonomy":"post_tag","embeddable":true,"href":"https:\/\/dorogimedence.hu\/index.php\/wp-json\/wp\/v2\/tags?post=46941"}],"curies":[{"name":"wp","href":"https:\/\/api.w.org\/{rel}","templated":true}]}}