{"id":46838,"date":"2022-09-26T14:47:48","date_gmt":"2022-09-26T12:47:48","guid":{"rendered":"https:\/\/dorogimedence.hu\/?p=46838"},"modified":"2022-09-26T14:49:08","modified_gmt":"2022-09-26T12:49:08","slug":"hamis-volt-az-apa-alairasa-az-utleveligenylesen","status":"publish","type":"post","link":"https:\/\/dorogimedence.hu\/index.php\/2022\/09\/26\/hamis-volt-az-apa-alairasa-az-utleveligenylesen\/","title":{"rendered":"Hamis volt az apa al\u00e1\u00edr\u00e1sa az \u00fatlev\u00e9lig\u00e9nyl\u00e9sen"},"content":{"rendered":"<p><strong>V\u00e1diratot ny\u00fajtottak be azzal a n\u0151vel szemben, aki gyermeke \u00fatlev\u00e9lig\u00e9nyl\u00e9s\u00e9t \u00fagy ny\u00fajtotta be a dorogi okm\u00e1nyirod\u00e1ban, hogy&nbsp;a k\u00e9relmen a volt \u00e9lett\u00e1rsa al\u00e1\u00edr\u00e1sa hamis volt.<\/strong><\/p>\n<p>A v\u00e1dirat szerint a n\u0151 \u00e9s a f\u00e9rfi kapcsolat\u00e1b\u00f3l 2020-ban gyermek sz\u00fcletett.&nbsp; Az \u00e9lett\u00e1rsak k\u00f6z\u00f6tti kapcsolat megromlott, ez\u00e9rt a n\u0151 a k\u00f6z\u00f6s kiskor\u00fa gyermekkel egy\u00fctt elk\u00f6lt\u00f6z\u00f6tt a f\u00e9rfit\u00f3l.<\/p>\n<p>A n\u0151&nbsp;Nagy-Britanni\u00e1ba akart utazni a gyermekkel, ez\u00e9rt 2022. febru\u00e1r 4-\u00e9n, Dorogon az okm\u00e1nyirod\u00e1ban a gyermek r\u00e9sz\u00e9re \u00fatlev\u00e9l kiad\u00e1s\u00e1t k\u00e9relmezte.<\/p>\n<p>A n\u0151 az okm\u00e1nyirodai \u00fcgyint\u00e9z\u0151nek \u00e1tadott, ez\u00e1ltal felhaszn\u00e1lt egy \u201eCselekv\u0151k\u00e9ptelen kiskor\u00fa k\u00e9relmez\u0151 \u00fatlevel\u00e9nek kiad\u00e1s\u00e1hoz hozz\u00e1j\u00e1rul\u00f3 sz\u00fcl\u0151i (t\u00f6rv\u00e9nyes k\u00e9pvisel\u0151i) nyilatkozat\u201d elnevez\u00e9s\u0171 okiratot, amelyet azonban az apa helyett, az \u0151 nev\u00e9vel, ismeretlen szem\u00e9ly \u00edrt al\u00e1. A n\u0151&nbsp;tiszt\u00e1ban volt az okiraton l\u00e9v\u0151 al\u00e1\u00edr\u00e1s hamis volt\u00e1val.<\/p>\n<p>Az Esztergomi J\u00e1r\u00e1si \u00dcgy\u00e9szs\u00e9g \u2013 a hamis mag\u00e1nokirat felhaszn\u00e1l\u00e1sa v\u00e9ts\u00e9ge miatt indult \u00fcgyben \u2013 arra tett ind\u00edtv\u00e1nyt, hogy az Esztergomi J\u00e1r\u00e1sb\u00edr\u00f3s\u00e1g a b\u00fcntetlen, a b\u0171ncselekm\u00e9ny elk\u00f6vet\u00e9s\u00e9t beismer\u0151 n\u0151t int\u00e9zked\u00e9sk\u00e9nt bocs\u00e1ssa pr\u00f3b\u00e1ra.<\/p>\n<p><em>Forr\u00e1s: Kom\u00e1rom-Esztergom Megyei F\u0151\u00fcgy\u00e9szs\u00e9g<br \/>\nBor\u00edt\u00f3k\u00e9p: MTI\/Faludi Imre<\/em><\/p>\n","protected":false},"excerpt":{"rendered":"<p>V\u00e1diratot ny\u00fajtottak be azzal a n\u0151vel szemben, aki gyermeke \u00fatlev\u00e9lig\u00e9nyl\u00e9s\u00e9t \u00fagy ny\u00fajtotta be a dorogi okm\u00e1nyirod\u00e1ban, hogy&nbsp;a k\u00e9relmen a volt \u00e9lett\u00e1rsa al\u00e1\u00edr\u00e1sa hamis volt. A v\u00e1dirat szerint a n\u0151 \u00e9s a f\u00e9rfi kapcsolat\u00e1b\u00f3l 2020-ban gyermek sz\u00fcletett.&nbsp; Az \u00e9lett\u00e1rsak k\u00f6z\u00f6tti kapcsolat megromlott, ez\u00e9rt a n\u0151 a k\u00f6z\u00f6s kiskor\u00fa gyermekkel egy\u00fctt elk\u00f6lt\u00f6z\u00f6tt a f\u00e9rfit\u00f3l. A n\u0151&nbsp;Nagy-Britanni\u00e1ba akart<\/p>\n","protected":false},"author":1,"featured_media":0,"comment_status":"closed","ping_status":"closed","sticky":false,"template":"","format":"standard","meta":{"ngg_post_thumbnail":0,"footnotes":""},"categories":[2,3,39],"tags":[1042,15,6714,61,326],"class_list":{"0":"post-46838","1":"post","2":"type-post","3":"status-publish","4":"format-standard","6":"category-dorog","7":"category-hirek","8":"category-kek-hirek","9":"tag-birosag","10":"tag-dorog","11":"tag-okirat-hamsitas","12":"tag-rendorsegi-hirek","13":"tag-ugyeszseg"},"yoast_head":"<!-- This site is optimized with the Yoast SEO plugin v27.5 - https:\/\/yoast.com\/product\/yoast-seo-wordpress\/ -->\n<title>Hamis volt az apa al\u00e1\u00edr\u00e1sa az \u00fatlev\u00e9lig\u00e9nyl\u00e9sen<\/title>\n<meta name=\"robots\" content=\"index, follow, max-snippet:-1, max-image-preview:large, max-video-preview:-1\" \/>\n<link rel=\"canonical\" href=\"https:\/\/dorogimedence.hu\/index.php\/2022\/09\/26\/hamis-volt-az-apa-alairasa-az-utleveligenylesen\/\" class=\"yoast-seo-meta-tag\" \/>\n<meta property=\"og:locale\" content=\"hu_HU\" class=\"yoast-seo-meta-tag\" \/>\n<meta property=\"og:type\" content=\"article\" class=\"yoast-seo-meta-tag\" \/>\n<meta property=\"og:title\" content=\"Hamis volt az apa al\u00e1\u00edr\u00e1sa az \u00fatlev\u00e9lig\u00e9nyl\u00e9sen\" class=\"yoast-seo-meta-tag\" \/>\n<meta property=\"og:description\" content=\"V\u00e1diratot ny\u00fajtottak be azzal a n\u0151vel szemben, aki gyermeke \u00fatlev\u00e9lig\u00e9nyl\u00e9s\u00e9t \u00fagy ny\u00fajtotta be a dorogi okm\u00e1nyirod\u00e1ban, hogy&nbsp;a k\u00e9relmen a volt \u00e9lett\u00e1rsa al\u00e1\u00edr\u00e1sa hamis volt. A v\u00e1dirat szerint a n\u0151 \u00e9s a f\u00e9rfi kapcsolat\u00e1b\u00f3l 2020-ban gyermek sz\u00fcletett.&nbsp; Az \u00e9lett\u00e1rsak k\u00f6z\u00f6tti kapcsolat megromlott, ez\u00e9rt a n\u0151 a k\u00f6z\u00f6s kiskor\u00fa gyermekkel egy\u00fctt elk\u00f6lt\u00f6z\u00f6tt a f\u00e9rfit\u00f3l. A n\u0151&nbsp;Nagy-Britanni\u00e1ba akart\" class=\"yoast-seo-meta-tag\" \/>\n<meta property=\"og:url\" content=\"https:\/\/dorogimedence.hu\/index.php\/2022\/09\/26\/hamis-volt-az-apa-alairasa-az-utleveligenylesen\/\" class=\"yoast-seo-meta-tag\" \/>\n<meta property=\"og:site_name\" content=\"Dorogi-medence Region\u00e1lis H\u00edrport\u00e1l\" class=\"yoast-seo-meta-tag\" \/>\n<meta property=\"article:publisher\" content=\"https:\/\/www.facebook.com\/dorogimedence\/\" class=\"yoast-seo-meta-tag\" \/>\n<meta property=\"article:published_time\" content=\"2022-09-26T12:47:48+00:00\" class=\"yoast-seo-meta-tag\" \/>\n<meta property=\"article:modified_time\" content=\"2022-09-26T12:49:08+00:00\" class=\"yoast-seo-meta-tag\" \/>\n<meta property=\"og:image\" content=\"https:\/\/dorogimedence.hu\/wp-content\/uploads\/2022\/09\/utlevel-01.jpg\" class=\"yoast-seo-meta-tag\" \/>\n\t<meta property=\"og:image:width\" content=\"1920\" class=\"yoast-seo-meta-tag\" \/>\n\t<meta property=\"og:image:height\" content=\"1126\" class=\"yoast-seo-meta-tag\" \/>\n\t<meta property=\"og:image:type\" content=\"image\/jpeg\" class=\"yoast-seo-meta-tag\" \/>\n<meta name=\"author\" content=\"dorogimedence.hu\" class=\"yoast-seo-meta-tag\" \/>\n<meta name=\"twitter:card\" content=\"summary_large_image\" class=\"yoast-seo-meta-tag\" \/>\n<meta name=\"twitter:label1\" content=\"Szerz\u0151:\" class=\"yoast-seo-meta-tag\" \/>\n\t<meta name=\"twitter:data1\" content=\"dorogimedence.hu\" class=\"yoast-seo-meta-tag\" \/>\n\t<meta name=\"twitter:label2\" content=\"Becs\u00fclt olvas\u00e1si id\u0151\" class=\"yoast-seo-meta-tag\" \/>\n\t<meta name=\"twitter:data2\" content=\"1 perc\" class=\"yoast-seo-meta-tag\" \/>\n<script type=\"application\/ld+json\" class=\"yoast-schema-graph\">{\"@context\":\"https:\\\/\\\/schema.org\",\"@graph\":[{\"@type\":\"Article\",\"@id\":\"https:\\\/\\\/dorogimedence.hu\\\/index.php\\\/2022\\\/09\\\/26\\\/hamis-volt-az-apa-alairasa-az-utleveligenylesen\\\/#article\",\"isPartOf\":{\"@id\":\"https:\\\/\\\/dorogimedence.hu\\\/index.php\\\/2022\\\/09\\\/26\\\/hamis-volt-az-apa-alairasa-az-utleveligenylesen\\\/\"},\"author\":{\"name\":\"dorogimedence.hu\",\"@id\":\"https:\\\/\\\/dorogimedence.hu\\\/#\\\/schema\\\/person\\\/ce6091eeb7e95ecdc87890d6aa8e0fd4\"},\"headline\":\"Hamis volt az apa al\u00e1\u00edr\u00e1sa az \u00fatlev\u00e9lig\u00e9nyl\u00e9sen\",\"datePublished\":\"2022-09-26T12:47:48+00:00\",\"dateModified\":\"2022-09-26T12:49:08+00:00\",\"mainEntityOfPage\":{\"@id\":\"https:\\\/\\\/dorogimedence.hu\\\/index.php\\\/2022\\\/09\\\/26\\\/hamis-volt-az-apa-alairasa-az-utleveligenylesen\\\/\"},\"wordCount\":274,\"publisher\":{\"@id\":\"https:\\\/\\\/dorogimedence.hu\\\/#organization\"},\"keywords\":[\"b\u00edr\u00f3s\u00e1g\",\"Dorog\",\"okirat hams\u00edt\u00e1s\",\"rend\u0151rs\u00e9gi h\u00edrek\",\"\u00fcgy\u00e9szs\u00e9g\"],\"articleSection\":[\"Dorog\",\"H\u00edrek\",\"K\u00e9k h\u00edrek\"],\"inLanguage\":\"hu\"},{\"@type\":\"WebPage\",\"@id\":\"https:\\\/\\\/dorogimedence.hu\\\/index.php\\\/2022\\\/09\\\/26\\\/hamis-volt-az-apa-alairasa-az-utleveligenylesen\\\/\",\"url\":\"https:\\\/\\\/dorogimedence.hu\\\/index.php\\\/2022\\\/09\\\/26\\\/hamis-volt-az-apa-alairasa-az-utleveligenylesen\\\/\",\"name\":\"Hamis volt az apa al\u00e1\u00edr\u00e1sa az \u00fatlev\u00e9lig\u00e9nyl\u00e9sen\",\"isPartOf\":{\"@id\":\"https:\\\/\\\/dorogimedence.hu\\\/#website\"},\"datePublished\":\"2022-09-26T12:47:48+00:00\",\"dateModified\":\"2022-09-26T12:49:08+00:00\",\"breadcrumb\":{\"@id\":\"https:\\\/\\\/dorogimedence.hu\\\/index.php\\\/2022\\\/09\\\/26\\\/hamis-volt-az-apa-alairasa-az-utleveligenylesen\\\/#breadcrumb\"},\"inLanguage\":\"hu\",\"potentialAction\":[{\"@type\":\"ReadAction\",\"target\":[\"https:\\\/\\\/dorogimedence.hu\\\/index.php\\\/2022\\\/09\\\/26\\\/hamis-volt-az-apa-alairasa-az-utleveligenylesen\\\/\"]}]},{\"@type\":\"BreadcrumbList\",\"@id\":\"https:\\\/\\\/dorogimedence.hu\\\/index.php\\\/2022\\\/09\\\/26\\\/hamis-volt-az-apa-alairasa-az-utleveligenylesen\\\/#breadcrumb\",\"itemListElement\":[{\"@type\":\"ListItem\",\"position\":1,\"name\":\"Kezd\u0151lap\",\"item\":\"https:\\\/\\\/dorogimedence.hu\\\/\"},{\"@type\":\"ListItem\",\"position\":2,\"name\":\"Hamis volt az apa al\u00e1\u00edr\u00e1sa az \u00fatlev\u00e9lig\u00e9nyl\u00e9sen\"}]},{\"@type\":\"WebSite\",\"@id\":\"https:\\\/\\\/dorogimedence.hu\\\/#website\",\"url\":\"https:\\\/\\\/dorogimedence.hu\\\/\",\"name\":\"Dorogi-medence Region\u00e1lis H\u00edrport\u00e1l\",\"description\":\"Dorog, Keszt\u00f6lc, Le\u00e1nyv\u00e1r, Piliscs\u00e9v, Tokod, Tokodalt\u00e1r\u00f3, Csolnok, Esztergom-kertv\u00e1ros: h\u00edrek, programok\",\"publisher\":{\"@id\":\"https:\\\/\\\/dorogimedence.hu\\\/#organization\"},\"potentialAction\":[{\"@type\":\"SearchAction\",\"target\":{\"@type\":\"EntryPoint\",\"urlTemplate\":\"https:\\\/\\\/dorogimedence.hu\\\/?s={search_term_string}\"},\"query-input\":{\"@type\":\"PropertyValueSpecification\",\"valueRequired\":true,\"valueName\":\"search_term_string\"}}],\"inLanguage\":\"hu\"},{\"@type\":\"Organization\",\"@id\":\"https:\\\/\\\/dorogimedence.hu\\\/#organization\",\"name\":\"Dorogi-medence Region\u00e1lis H\u00edrport\u00e1l\",\"url\":\"https:\\\/\\\/dorogimedence.hu\\\/\",\"logo\":{\"@type\":\"ImageObject\",\"inLanguage\":\"hu\",\"@id\":\"https:\\\/\\\/dorogimedence.hu\\\/#\\\/schema\\\/logo\\\/image\\\/\",\"url\":\"https:\\\/\\\/dorogimedence.hu\\\/wp-content\\\/uploads\\\/2021\\\/04\\\/logo-feher-600.png\",\"contentUrl\":\"https:\\\/\\\/dorogimedence.hu\\\/wp-content\\\/uploads\\\/2021\\\/04\\\/logo-feher-600.png\",\"width\":600,\"height\":100,\"caption\":\"Dorogi-medence Region\u00e1lis H\u00edrport\u00e1l\"},\"image\":{\"@id\":\"https:\\\/\\\/dorogimedence.hu\\\/#\\\/schema\\\/logo\\\/image\\\/\"},\"sameAs\":[\"https:\\\/\\\/www.facebook.com\\\/dorogimedence\\\/\"]},{\"@type\":\"Person\",\"@id\":\"https:\\\/\\\/dorogimedence.hu\\\/#\\\/schema\\\/person\\\/ce6091eeb7e95ecdc87890d6aa8e0fd4\",\"name\":\"dorogimedence.hu\",\"image\":{\"@type\":\"ImageObject\",\"inLanguage\":\"hu\",\"@id\":\"\\\/\\\/www.gravatar.com\\\/avatar\\\/d8d45f8901aadff40a4af72c0b826f1d?s=96&#038;r=g&#038;d=mm\",\"url\":\"\\\/\\\/www.gravatar.com\\\/avatar\\\/d8d45f8901aadff40a4af72c0b826f1d?s=96&#038;r=g&#038;d=mm\",\"contentUrl\":\"\\\/\\\/www.gravatar.com\\\/avatar\\\/d8d45f8901aadff40a4af72c0b826f1d?s=96&#038;r=g&#038;d=mm\",\"caption\":\"dorogimedence.hu\"}}]}<\/script>\n<!-- \/ Yoast SEO plugin. -->","yoast_head_json":{"title":"Hamis volt az apa al\u00e1\u00edr\u00e1sa az \u00fatlev\u00e9lig\u00e9nyl\u00e9sen","robots":{"index":"index","follow":"follow","max-snippet":"max-snippet:-1","max-image-preview":"max-image-preview:large","max-video-preview":"max-video-preview:-1"},"canonical":"https:\/\/dorogimedence.hu\/index.php\/2022\/09\/26\/hamis-volt-az-apa-alairasa-az-utleveligenylesen\/","og_locale":"hu_HU","og_type":"article","og_title":"Hamis volt az apa al\u00e1\u00edr\u00e1sa az \u00fatlev\u00e9lig\u00e9nyl\u00e9sen","og_description":"V\u00e1diratot ny\u00fajtottak be azzal a n\u0151vel szemben, aki gyermeke \u00fatlev\u00e9lig\u00e9nyl\u00e9s\u00e9t \u00fagy ny\u00fajtotta be a dorogi okm\u00e1nyirod\u00e1ban, hogy&nbsp;a k\u00e9relmen a volt \u00e9lett\u00e1rsa al\u00e1\u00edr\u00e1sa hamis volt. A v\u00e1dirat szerint a n\u0151 \u00e9s a f\u00e9rfi kapcsolat\u00e1b\u00f3l 2020-ban gyermek sz\u00fcletett.&nbsp; Az \u00e9lett\u00e1rsak k\u00f6z\u00f6tti kapcsolat megromlott, ez\u00e9rt a n\u0151 a k\u00f6z\u00f6s kiskor\u00fa gyermekkel egy\u00fctt elk\u00f6lt\u00f6z\u00f6tt a f\u00e9rfit\u00f3l. A n\u0151&nbsp;Nagy-Britanni\u00e1ba akart","og_url":"https:\/\/dorogimedence.hu\/index.php\/2022\/09\/26\/hamis-volt-az-apa-alairasa-az-utleveligenylesen\/","og_site_name":"Dorogi-medence Region\u00e1lis H\u00edrport\u00e1l","article_publisher":"https:\/\/www.facebook.com\/dorogimedence\/","article_published_time":"2022-09-26T12:47:48+00:00","article_modified_time":"2022-09-26T12:49:08+00:00","og_image":[{"width":1920,"height":1126,"url":"https:\/\/dorogimedence.hu\/wp-content\/uploads\/2022\/09\/utlevel-01.jpg","type":"image\/jpeg"}],"author":"dorogimedence.hu","twitter_card":"summary_large_image","twitter_misc":{"Szerz\u0151:":"dorogimedence.hu","Becs\u00fclt olvas\u00e1si id\u0151":"1 perc"},"schema":{"@context":"https:\/\/schema.org","@graph":[{"@type":"Article","@id":"https:\/\/dorogimedence.hu\/index.php\/2022\/09\/26\/hamis-volt-az-apa-alairasa-az-utleveligenylesen\/#article","isPartOf":{"@id":"https:\/\/dorogimedence.hu\/index.php\/2022\/09\/26\/hamis-volt-az-apa-alairasa-az-utleveligenylesen\/"},"author":{"name":"dorogimedence.hu","@id":"https:\/\/dorogimedence.hu\/#\/schema\/person\/ce6091eeb7e95ecdc87890d6aa8e0fd4"},"headline":"Hamis volt az apa al\u00e1\u00edr\u00e1sa az \u00fatlev\u00e9lig\u00e9nyl\u00e9sen","datePublished":"2022-09-26T12:47:48+00:00","dateModified":"2022-09-26T12:49:08+00:00","mainEntityOfPage":{"@id":"https:\/\/dorogimedence.hu\/index.php\/2022\/09\/26\/hamis-volt-az-apa-alairasa-az-utleveligenylesen\/"},"wordCount":274,"publisher":{"@id":"https:\/\/dorogimedence.hu\/#organization"},"keywords":["b\u00edr\u00f3s\u00e1g","Dorog","okirat hams\u00edt\u00e1s","rend\u0151rs\u00e9gi h\u00edrek","\u00fcgy\u00e9szs\u00e9g"],"articleSection":["Dorog","H\u00edrek","K\u00e9k h\u00edrek"],"inLanguage":"hu"},{"@type":"WebPage","@id":"https:\/\/dorogimedence.hu\/index.php\/2022\/09\/26\/hamis-volt-az-apa-alairasa-az-utleveligenylesen\/","url":"https:\/\/dorogimedence.hu\/index.php\/2022\/09\/26\/hamis-volt-az-apa-alairasa-az-utleveligenylesen\/","name":"Hamis volt az apa al\u00e1\u00edr\u00e1sa az \u00fatlev\u00e9lig\u00e9nyl\u00e9sen","isPartOf":{"@id":"https:\/\/dorogimedence.hu\/#website"},"datePublished":"2022-09-26T12:47:48+00:00","dateModified":"2022-09-26T12:49:08+00:00","breadcrumb":{"@id":"https:\/\/dorogimedence.hu\/index.php\/2022\/09\/26\/hamis-volt-az-apa-alairasa-az-utleveligenylesen\/#breadcrumb"},"inLanguage":"hu","potentialAction":[{"@type":"ReadAction","target":["https:\/\/dorogimedence.hu\/index.php\/2022\/09\/26\/hamis-volt-az-apa-alairasa-az-utleveligenylesen\/"]}]},{"@type":"BreadcrumbList","@id":"https:\/\/dorogimedence.hu\/index.php\/2022\/09\/26\/hamis-volt-az-apa-alairasa-az-utleveligenylesen\/#breadcrumb","itemListElement":[{"@type":"ListItem","position":1,"name":"Kezd\u0151lap","item":"https:\/\/dorogimedence.hu\/"},{"@type":"ListItem","position":2,"name":"Hamis volt az apa al\u00e1\u00edr\u00e1sa az \u00fatlev\u00e9lig\u00e9nyl\u00e9sen"}]},{"@type":"WebSite","@id":"https:\/\/dorogimedence.hu\/#website","url":"https:\/\/dorogimedence.hu\/","name":"Dorogi-medence Region\u00e1lis H\u00edrport\u00e1l","description":"Dorog, Keszt\u00f6lc, Le\u00e1nyv\u00e1r, Piliscs\u00e9v, Tokod, Tokodalt\u00e1r\u00f3, Csolnok, Esztergom-kertv\u00e1ros: h\u00edrek, programok","publisher":{"@id":"https:\/\/dorogimedence.hu\/#organization"},"potentialAction":[{"@type":"SearchAction","target":{"@type":"EntryPoint","urlTemplate":"https:\/\/dorogimedence.hu\/?s={search_term_string}"},"query-input":{"@type":"PropertyValueSpecification","valueRequired":true,"valueName":"search_term_string"}}],"inLanguage":"hu"},{"@type":"Organization","@id":"https:\/\/dorogimedence.hu\/#organization","name":"Dorogi-medence Region\u00e1lis H\u00edrport\u00e1l","url":"https:\/\/dorogimedence.hu\/","logo":{"@type":"ImageObject","inLanguage":"hu","@id":"https:\/\/dorogimedence.hu\/#\/schema\/logo\/image\/","url":"https:\/\/dorogimedence.hu\/wp-content\/uploads\/2021\/04\/logo-feher-600.png","contentUrl":"https:\/\/dorogimedence.hu\/wp-content\/uploads\/2021\/04\/logo-feher-600.png","width":600,"height":100,"caption":"Dorogi-medence Region\u00e1lis H\u00edrport\u00e1l"},"image":{"@id":"https:\/\/dorogimedence.hu\/#\/schema\/logo\/image\/"},"sameAs":["https:\/\/www.facebook.com\/dorogimedence\/"]},{"@type":"Person","@id":"https:\/\/dorogimedence.hu\/#\/schema\/person\/ce6091eeb7e95ecdc87890d6aa8e0fd4","name":"dorogimedence.hu","image":{"@type":"ImageObject","inLanguage":"hu","@id":"\/\/www.gravatar.com\/avatar\/d8d45f8901aadff40a4af72c0b826f1d?s=96&#038;r=g&#038;d=mm","url":"\/\/www.gravatar.com\/avatar\/d8d45f8901aadff40a4af72c0b826f1d?s=96&#038;r=g&#038;d=mm","contentUrl":"\/\/www.gravatar.com\/avatar\/d8d45f8901aadff40a4af72c0b826f1d?s=96&#038;r=g&#038;d=mm","caption":"dorogimedence.hu"}}]}},"_links":{"self":[{"href":"https:\/\/dorogimedence.hu\/index.php\/wp-json\/wp\/v2\/posts\/46838","targetHints":{"allow":["GET"]}}],"collection":[{"href":"https:\/\/dorogimedence.hu\/index.php\/wp-json\/wp\/v2\/posts"}],"about":[{"href":"https:\/\/dorogimedence.hu\/index.php\/wp-json\/wp\/v2\/types\/post"}],"author":[{"embeddable":true,"href":"https:\/\/dorogimedence.hu\/index.php\/wp-json\/wp\/v2\/users\/1"}],"replies":[{"embeddable":true,"href":"https:\/\/dorogimedence.hu\/index.php\/wp-json\/wp\/v2\/comments?post=46838"}],"version-history":[{"count":0,"href":"https:\/\/dorogimedence.hu\/index.php\/wp-json\/wp\/v2\/posts\/46838\/revisions"}],"wp:attachment":[{"href":"https:\/\/dorogimedence.hu\/index.php\/wp-json\/wp\/v2\/media?parent=46838"}],"wp:term":[{"taxonomy":"category","embeddable":true,"href":"https:\/\/dorogimedence.hu\/index.php\/wp-json\/wp\/v2\/categories?post=46838"},{"taxonomy":"post_tag","embeddable":true,"href":"https:\/\/dorogimedence.hu\/index.php\/wp-json\/wp\/v2\/tags?post=46838"}],"curies":[{"name":"wp","href":"https:\/\/api.w.org\/{rel}","templated":true}]}}