{"id":46776,"date":"2022-09-23T14:30:41","date_gmt":"2022-09-23T12:30:41","guid":{"rendered":"https:\/\/dorogimedence.hu\/?p=46776"},"modified":"2022-09-23T14:30:54","modified_gmt":"2022-09-23T12:30:54","slug":"richter-gedeon-tiszteletere-emlekermet-bocsat-ki-a-magyar-nemzeti-bank","status":"publish","type":"post","link":"https:\/\/dorogimedence.hu\/index.php\/2022\/09\/23\/richter-gedeon-tiszteletere-emlekermet-bocsat-ki-a-magyar-nemzeti-bank\/","title":{"rendered":"Richter Gedeon tisztelet\u00e9re eml\u00e9k\u00e9rm\u00e9t bocs\u00e1t ki a Magyar Nemzeti Bank"},"content":{"rendered":"<p><strong>Richter Gedeon sz\u00fclet\u00e9s\u00e9nek 150. \u00e9vfordul\u00f3ja alkalm\u00e1b\u00f3l, k\u00fcl\u00f6nleges, cs\u00facs\u00e1ra \u00e1ll\u00edtott 2000 forint n\u00e9v\u00e9rt\u00e9k\u0171 sz\u00ednesf\u00e9m eml\u00e9k\u00e9rm\u00e9ket bocs\u00e1t ki a Magyar Nemzeti Bank (MNB) p\u00e9nteken.<\/strong><\/p>\n<p>Ugyancsak az \u00e9vfordul\u00f3 alkalm\u00e1b\u00f3l Richter Gedeon nev\u00e9t veszi fel a k\u0151b\u00e1nyai Vasp\u00e1lya utca egy szakasza, valamint eml\u00e9kt\u00e1bl\u00e1t avattak a K\u0151b\u00e1ny\u00e1n m\u0171k\u00f6d\u0151 gy\u00f3gyszergy\u00e1r telephelye mellett, tisztelegve az 1872-ben sz\u00fcletett gy\u00f3gyszer\u00e9sz, gy\u00e1ralap\u00edt\u00f3 eml\u00e9ke el\u0151tt.<\/p>\n<p>A jegybank cs\u00fct\u00f6rt\u00f6ki k\u00f6zlem\u00e9nye szerint a modern hazai gy\u00f3gyszeripar megteremt\u0151j\u00e9nek tisztelet\u00e9re kibocs\u00e1tott eml\u00e9k\u00e9rm\u00e9ket, amelyek t\u00fck\u00f6rf\u00e9nyes \u00e9s selyemf\u00e9nyes v\u00e1ltozatban k\u00e9sz\u00fclnek, Kereszthury G\u00e1bor iparm\u0171v\u00e9sz tervezte.<\/p>\n<p>Richter Gedeon 1890-t\u0151l kezdett el gy\u00f3gyszer\u00e9szgyakornokk\u00e9nt dolgozni, 1895-ben a Budapesti Tudom\u00e1nyegyetemen (mai ELTE) szerzett gy\u00f3gyszer\u00e9sz oklevelet. Fels\u0151fok\u00fa tanulm\u00e1nyait k\u00f6vet\u0151en hazai \u00e9s nemzetk\u00f6zi tapasztalatokat is szerzett a gy\u00f3gyszer\u00e9szet \u00e9s gy\u00f3gyszergy\u00e1rt\u00e1s ter\u00fclet\u00e9n. 1901-ben v\u00e1s\u00e1rolta meg els\u0151 budapesti patik\u00e1j\u00e1t, ahol organoter\u00e1pi\u00e1s gy\u00f3gyszereket \u00e1ll\u00edtott el\u0151. 1907-ben K\u0151b\u00e1ny\u00e1n alap\u00edtotta meg a nev\u00e9t visel\u0151 gy\u00f3gyszergy\u00e1rat, mely r\u00f6vid id\u0151n bel\u00fcl \u00e9lvonalbeli nemzetk\u00f6zi gy\u00f3gyszersz\u00e1ll\u00edt\u00f3v\u00e1 v\u00e1lt.<\/p>\n<p>A gy\u00e1r egyik nagy sikere az 1912-ben szabadalmaztatott l\u00e1zcsillap\u00edt\u00f3 gy\u00f3gyszerk\u00e9sz\u00edtm\u00e9ny volt. Az els\u0151 vil\u00e1gh\u00e1bor\u00fa kit\u00f6r\u00e9sekor, 1914-ben m\u00e1r 24 szabadalom volt a v\u00e1llalat birtok\u00e1ban. A csal\u00e1di v\u00e1llalat 1923-ban r\u00e9szv\u00e9nyt\u00e1rsas\u00e1gg\u00e1 alakult. Szerte\u00e1gaz\u00f3 nemzetk\u00f6zi kapcsolatait felhaszn\u00e1lva, a m\u00e1sodik vil\u00e1gh\u00e1bor\u00fa idej\u00e9n a gy\u00e1r m\u00e1r \u00f6t vil\u00e1gr\u00e9szre, 70 orsz\u00e1gra kiterjed\u0151 k\u00e9pviseleti h\u00e1l\u00f3zattal \u00e9s t\u00edz k\u00fclf\u00f6ldi le\u00e1nyv\u00e1llalattal rendelkezett.<\/p>\n<p>\u00c9rdemei elismer\u00e9sek\u00e9nt Richter Gedeon magyar kir\u00e1lyi korm\u00e1nyf\u0151tan\u00e1csosi c\u00edmet kapott. Az 1930-as \u00e9vekre a Richter Rt. az egyik legjelent\u0151sebb magyar k\u00fclkereskedelmi v\u00e1llalatt\u00e1 fejl\u0151d\u00f6tt.<\/p>\n<p>A t\u00e1j\u00e9koztat\u00f3ban felid\u00e9zik: a II. vil\u00e1gh\u00e1bor\u00fa el\u0151tti \u00e9vek zsid\u00f3t\u00f6rv\u00e9nyei teljesen ellehetetlen\u00edtett\u00e9k Richter Gedeont. 1942-ben megfosztott\u00e1k a vez\u00e9rigazgat\u00f3i tiszts\u00e9g\u00e9t\u0151l, tan\u00e1csad\u00f3k\u00e9nt dolgozhatott a saj\u00e1t v\u00e1llalat\u00e1n\u00e1l. 1944 \u0151sz\u00e9n a gy\u00e1rt\u00e1si tev\u00e9kenys\u00e9g szinte teljesen megb\u00e9nult. B\u00e1r ekkor k\u00fclf\u00f6ldre menek\u00fclhetett volna, a gy\u00f3gyszergy\u00e1r v\u00e9delm\u00e9ben Budapesten maradt, m\u00edg v\u00e9g\u00fcl a nyilasok meggyilkolt\u00e1k.<\/p>\n<p>Az eml\u00e9k\u00e9rm\u00e9k el\u0151oldal\u00e1n, k\u00f6zponti mot\u00edvumk\u00e9nt a gy\u00f3gyszer\u00e9sz \u00e1ltal alap\u00edtott vegy\u00e9szeti gy\u00e1r fel\u00fcln\u00e9zeti \u00e1br\u00e1zol\u00e1sa l\u00e1that\u00f3. A k\u00f6zponti mot\u00edvumt\u00f3l jobbra fent a Richter Gedeon \u00e1ltal kifejlesztett, \u00e9s 1912-t\u0151l forgalmazott Kalmopyrin eredeti doboz\u00e1n l\u00e1that\u00f3 c\u00edmer\u00e1br\u00e1zol\u00e1s szerepel. A h\u00e1toldalon Richter Gedeon id\u0151sebb kori f\u00e9lalakos portr\u00e9ja l\u00e1that\u00f3.<\/p>\n<p>A k\u00e9tezer forintos n\u00e9v\u00e9rt\u00e9k\u0171 sz\u00ednesf\u00e9m eml\u00e9k\u00e9rm\u00e9k r\u00e9z (75 sz\u00e1zal\u00e9k) \u00e9s nikkel (25 sz\u00e1zal\u00e9k) \u00f6tv\u00f6zetb\u0151l k\u00e9sz\u00fcltek, s\u00falyuk 14 gramm, m\u00e9ret\u00fck 28,43 x 28,43 millim\u00e9ter. Az eml\u00e9k\u00e9rm\u00e9kb\u0151l \u00f6sszesen 30 ezer darabot bocs\u00e1tanak ki. A sz\u00ednesf\u00e9m eml\u00e9k\u00e9rme t\u00fck\u00f6rf\u00e9nyes v\u00e1ltozat\u00e1b\u00f3l 23 ezer darab, a selyemf\u00e9nyes kivitelb\u0151l 7 ezer darab k\u00e9sz\u00edthet\u0151.<\/p>\n<p>Az eml\u00e9k\u00e9rm\u00e9k a rendelkez\u00e9sre \u00e1ll\u00f3 k\u00e9szlet nagys\u00e1g\u00e1t\u00f3l f\u00fcgg\u0151en a kibocs\u00e1t\u00e1st k\u00f6vet\u0151 egy \u00e9vig n\u00e9v\u00e9rt\u00e9ken v\u00e1s\u00e1rolhat\u00f3k meg.<\/p>\n<p>A Richter Gedeon Nyrt. cs\u00fct\u00f6rt\u00f6k\u00f6n azt k\u00f6z\u00f6lte az MTI-vel, hogy tisztelegve az 1872-ben sz\u00fcletett gy\u00f3gyszer\u00e9sz, gy\u00e1ralap\u00edt\u00f3 eml\u00e9ke el\u0151tt Richter Gedeon nev\u00e9t veszi fel a k\u0151b\u00e1nyai Vasp\u00e1lya utca egy szakasza, a ma is m\u0171k\u00f6d\u0151 gy\u00f3gyszergy\u00e1r telephelye mellett. A t\u00e1j\u00e9koztat\u00e1s szerint az \u00e9vfordul\u00f3 alkalm\u00e1b\u00f3l eml\u00e9km\u0171vet is emeltek az utcaszakasz elej\u00e9n. Az utc\u00e1t \u00e9s az eml\u00e9km\u0171vet D. Kov\u00e1cs R\u00f3bert Antal, a X. ker\u00fclet polg\u00e1rmestere, Bogsch Erik, a Richter Gedeon Nyrt. igazgat\u00f3s\u00e1g\u00e1nak eln\u00f6ke \u00e9s Orb\u00e1n G\u00e1bor, a t\u00e1rsas\u00e1g vez\u00e9rigazgat\u00f3ja avatta fel.<\/p>\n<p>A v\u00e1llalat a 150. \u00e9vfordul\u00f3ra eml\u00e9kezve dorogi \u00e9s debreceni telephely\u00e9n is eml\u00e9kt\u00e1bl\u00e1t \u00e1ll\u00edtott az alap\u00edt\u00f3ja eml\u00e9k\u00e9re &#8211; k\u00f6z\u00f6lte a t\u00e1rsas\u00e1g.<\/p>\n<p><em>Forr\u00e1s: MTI<br \/>\nBor\u00edt\u00f3k\u00e9p: Magyar Nemzeti Bank<\/em><\/p>\n","protected":false},"excerpt":{"rendered":"<p>Richter Gedeon sz\u00fclet\u00e9s\u00e9nek 150. \u00e9vfordul\u00f3ja alkalm\u00e1b\u00f3l, k\u00fcl\u00f6nleges, cs\u00facs\u00e1ra \u00e1ll\u00edtott 2000 forint n\u00e9v\u00e9rt\u00e9k\u0171 sz\u00ednesf\u00e9m eml\u00e9k\u00e9rm\u00e9ket bocs\u00e1t ki a Magyar Nemzeti Bank (MNB) p\u00e9nteken. Ugyancsak az \u00e9vfordul\u00f3 alkalm\u00e1b\u00f3l Richter Gedeon nev\u00e9t veszi fel a k\u0151b\u00e1nyai Vasp\u00e1lya utca egy szakasza, valamint eml\u00e9kt\u00e1bl\u00e1t avattak a K\u0151b\u00e1ny\u00e1n m\u0171k\u00f6d\u0151 gy\u00f3gyszergy\u00e1r telephelye mellett, tisztelegve az 1872-ben sz\u00fcletett gy\u00f3gyszer\u00e9sz, gy\u00e1ralap\u00edt\u00f3 eml\u00e9ke el\u0151tt. A<\/p>\n","protected":false},"author":1,"featured_media":46777,"comment_status":"closed","ping_status":"closed","sticky":false,"template":"","format":"standard","meta":{"ngg_post_thumbnail":0,"footnotes":""},"categories":[3],"tags":[6469,6711,417],"class_list":{"0":"post-46776","1":"post","2":"type-post","3":"status-publish","4":"format-standard","5":"has-post-thumbnail","7":"category-hirek","8":"tag-emlekerme","9":"tag-richter-150","10":"tag-richter-gedeon"},"yoast_head":"<!-- This site is optimized with the Yoast SEO plugin v27.4 - https:\/\/yoast.com\/product\/yoast-seo-wordpress\/ -->\n<title>Richter Gedeon tisztelet\u00e9re eml\u00e9k\u00e9rm\u00e9t bocs\u00e1t ki a Magyar Nemzeti Bank<\/title>\n<meta name=\"robots\" content=\"index, follow, max-snippet:-1, max-image-preview:large, max-video-preview:-1\" \/>\n<link rel=\"canonical\" href=\"https:\/\/dorogimedence.hu\/index.php\/2022\/09\/23\/richter-gedeon-tiszteletere-emlekermet-bocsat-ki-a-magyar-nemzeti-bank\/\" class=\"yoast-seo-meta-tag\" \/>\n<meta property=\"og:locale\" content=\"hu_HU\" class=\"yoast-seo-meta-tag\" \/>\n<meta property=\"og:type\" content=\"article\" class=\"yoast-seo-meta-tag\" \/>\n<meta property=\"og:title\" content=\"Richter Gedeon tisztelet\u00e9re eml\u00e9k\u00e9rm\u00e9t bocs\u00e1t ki a Magyar Nemzeti Bank\" class=\"yoast-seo-meta-tag\" \/>\n<meta property=\"og:description\" content=\"Richter Gedeon sz\u00fclet\u00e9s\u00e9nek 150. \u00e9vfordul\u00f3ja alkalm\u00e1b\u00f3l, k\u00fcl\u00f6nleges, cs\u00facs\u00e1ra \u00e1ll\u00edtott 2000 forint n\u00e9v\u00e9rt\u00e9k\u0171 sz\u00ednesf\u00e9m eml\u00e9k\u00e9rm\u00e9ket bocs\u00e1t ki a Magyar Nemzeti Bank (MNB) p\u00e9nteken. Ugyancsak az \u00e9vfordul\u00f3 alkalm\u00e1b\u00f3l Richter Gedeon nev\u00e9t veszi fel a k\u0151b\u00e1nyai Vasp\u00e1lya utca egy szakasza, valamint eml\u00e9kt\u00e1bl\u00e1t avattak a K\u0151b\u00e1ny\u00e1n m\u0171k\u00f6d\u0151 gy\u00f3gyszergy\u00e1r telephelye mellett, tisztelegve az 1872-ben sz\u00fcletett gy\u00f3gyszer\u00e9sz, gy\u00e1ralap\u00edt\u00f3 eml\u00e9ke el\u0151tt. A\" class=\"yoast-seo-meta-tag\" \/>\n<meta property=\"og:url\" content=\"https:\/\/dorogimedence.hu\/index.php\/2022\/09\/23\/richter-gedeon-tiszteletere-emlekermet-bocsat-ki-a-magyar-nemzeti-bank\/\" class=\"yoast-seo-meta-tag\" \/>\n<meta property=\"og:site_name\" content=\"Dorogi-medence Region\u00e1lis H\u00edrport\u00e1l\" class=\"yoast-seo-meta-tag\" \/>\n<meta property=\"article:publisher\" content=\"https:\/\/www.facebook.com\/dorogimedence\/\" class=\"yoast-seo-meta-tag\" \/>\n<meta property=\"article:published_time\" content=\"2022-09-23T12:30:41+00:00\" class=\"yoast-seo-meta-tag\" \/>\n<meta property=\"article:modified_time\" content=\"2022-09-23T12:30:54+00:00\" class=\"yoast-seo-meta-tag\" \/>\n<meta property=\"og:image\" content=\"https:\/\/dorogimedence.hu\/wp-content\/uploads\/2022\/09\/richter-emlekerme.jpg\" class=\"yoast-seo-meta-tag\" \/>\n\t<meta property=\"og:image:width\" content=\"1920\" class=\"yoast-seo-meta-tag\" \/>\n\t<meta property=\"og:image:height\" content=\"1016\" class=\"yoast-seo-meta-tag\" \/>\n\t<meta property=\"og:image:type\" content=\"image\/jpeg\" class=\"yoast-seo-meta-tag\" \/>\n<meta name=\"author\" content=\"dorogimedence.hu\" class=\"yoast-seo-meta-tag\" \/>\n<meta name=\"twitter:card\" content=\"summary_large_image\" class=\"yoast-seo-meta-tag\" \/>\n<meta name=\"twitter:label1\" content=\"Szerz\u0151:\" class=\"yoast-seo-meta-tag\" \/>\n\t<meta name=\"twitter:data1\" content=\"dorogimedence.hu\" class=\"yoast-seo-meta-tag\" \/>\n\t<meta name=\"twitter:label2\" content=\"Becs\u00fclt olvas\u00e1si id\u0151\" class=\"yoast-seo-meta-tag\" \/>\n\t<meta name=\"twitter:data2\" content=\"4 perc\" class=\"yoast-seo-meta-tag\" \/>\n<script type=\"application\/ld+json\" class=\"yoast-schema-graph\">{\"@context\":\"https:\\\/\\\/schema.org\",\"@graph\":[{\"@type\":\"Article\",\"@id\":\"https:\\\/\\\/dorogimedence.hu\\\/index.php\\\/2022\\\/09\\\/23\\\/richter-gedeon-tiszteletere-emlekermet-bocsat-ki-a-magyar-nemzeti-bank\\\/#article\",\"isPartOf\":{\"@id\":\"https:\\\/\\\/dorogimedence.hu\\\/index.php\\\/2022\\\/09\\\/23\\\/richter-gedeon-tiszteletere-emlekermet-bocsat-ki-a-magyar-nemzeti-bank\\\/\"},\"author\":{\"name\":\"dorogimedence.hu\",\"@id\":\"https:\\\/\\\/dorogimedence.hu\\\/#\\\/schema\\\/person\\\/ce6091eeb7e95ecdc87890d6aa8e0fd4\"},\"headline\":\"Richter Gedeon tisztelet\u00e9re eml\u00e9k\u00e9rm\u00e9t bocs\u00e1t ki a Magyar Nemzeti Bank\",\"datePublished\":\"2022-09-23T12:30:41+00:00\",\"dateModified\":\"2022-09-23T12:30:54+00:00\",\"mainEntityOfPage\":{\"@id\":\"https:\\\/\\\/dorogimedence.hu\\\/index.php\\\/2022\\\/09\\\/23\\\/richter-gedeon-tiszteletere-emlekermet-bocsat-ki-a-magyar-nemzeti-bank\\\/\"},\"wordCount\":826,\"publisher\":{\"@id\":\"https:\\\/\\\/dorogimedence.hu\\\/#organization\"},\"image\":{\"@id\":\"https:\\\/\\\/dorogimedence.hu\\\/index.php\\\/2022\\\/09\\\/23\\\/richter-gedeon-tiszteletere-emlekermet-bocsat-ki-a-magyar-nemzeti-bank\\\/#primaryimage\"},\"thumbnailUrl\":\"https:\\\/\\\/dorogimedence.hu\\\/wp-content\\\/uploads\\\/2022\\\/09\\\/richter-emlekerme.jpg\",\"keywords\":[\"eml\u00e9k\u00e9rme\",\"Richter 150\",\"Richter Gedeon\"],\"articleSection\":[\"H\u00edrek\"],\"inLanguage\":\"hu\"},{\"@type\":\"WebPage\",\"@id\":\"https:\\\/\\\/dorogimedence.hu\\\/index.php\\\/2022\\\/09\\\/23\\\/richter-gedeon-tiszteletere-emlekermet-bocsat-ki-a-magyar-nemzeti-bank\\\/\",\"url\":\"https:\\\/\\\/dorogimedence.hu\\\/index.php\\\/2022\\\/09\\\/23\\\/richter-gedeon-tiszteletere-emlekermet-bocsat-ki-a-magyar-nemzeti-bank\\\/\",\"name\":\"Richter Gedeon tisztelet\u00e9re eml\u00e9k\u00e9rm\u00e9t bocs\u00e1t ki a Magyar Nemzeti Bank\",\"isPartOf\":{\"@id\":\"https:\\\/\\\/dorogimedence.hu\\\/#website\"},\"primaryImageOfPage\":{\"@id\":\"https:\\\/\\\/dorogimedence.hu\\\/index.php\\\/2022\\\/09\\\/23\\\/richter-gedeon-tiszteletere-emlekermet-bocsat-ki-a-magyar-nemzeti-bank\\\/#primaryimage\"},\"image\":{\"@id\":\"https:\\\/\\\/dorogimedence.hu\\\/index.php\\\/2022\\\/09\\\/23\\\/richter-gedeon-tiszteletere-emlekermet-bocsat-ki-a-magyar-nemzeti-bank\\\/#primaryimage\"},\"thumbnailUrl\":\"https:\\\/\\\/dorogimedence.hu\\\/wp-content\\\/uploads\\\/2022\\\/09\\\/richter-emlekerme.jpg\",\"datePublished\":\"2022-09-23T12:30:41+00:00\",\"dateModified\":\"2022-09-23T12:30:54+00:00\",\"breadcrumb\":{\"@id\":\"https:\\\/\\\/dorogimedence.hu\\\/index.php\\\/2022\\\/09\\\/23\\\/richter-gedeon-tiszteletere-emlekermet-bocsat-ki-a-magyar-nemzeti-bank\\\/#breadcrumb\"},\"inLanguage\":\"hu\",\"potentialAction\":[{\"@type\":\"ReadAction\",\"target\":[\"https:\\\/\\\/dorogimedence.hu\\\/index.php\\\/2022\\\/09\\\/23\\\/richter-gedeon-tiszteletere-emlekermet-bocsat-ki-a-magyar-nemzeti-bank\\\/\"]}]},{\"@type\":\"ImageObject\",\"inLanguage\":\"hu\",\"@id\":\"https:\\\/\\\/dorogimedence.hu\\\/index.php\\\/2022\\\/09\\\/23\\\/richter-gedeon-tiszteletere-emlekermet-bocsat-ki-a-magyar-nemzeti-bank\\\/#primaryimage\",\"url\":\"https:\\\/\\\/dorogimedence.hu\\\/wp-content\\\/uploads\\\/2022\\\/09\\\/richter-emlekerme.jpg\",\"contentUrl\":\"https:\\\/\\\/dorogimedence.hu\\\/wp-content\\\/uploads\\\/2022\\\/09\\\/richter-emlekerme.jpg\",\"width\":1920,\"height\":1016},{\"@type\":\"BreadcrumbList\",\"@id\":\"https:\\\/\\\/dorogimedence.hu\\\/index.php\\\/2022\\\/09\\\/23\\\/richter-gedeon-tiszteletere-emlekermet-bocsat-ki-a-magyar-nemzeti-bank\\\/#breadcrumb\",\"itemListElement\":[{\"@type\":\"ListItem\",\"position\":1,\"name\":\"Kezd\u0151lap\",\"item\":\"https:\\\/\\\/dorogimedence.hu\\\/\"},{\"@type\":\"ListItem\",\"position\":2,\"name\":\"Richter Gedeon tisztelet\u00e9re eml\u00e9k\u00e9rm\u00e9t bocs\u00e1t ki a Magyar Nemzeti Bank\"}]},{\"@type\":\"WebSite\",\"@id\":\"https:\\\/\\\/dorogimedence.hu\\\/#website\",\"url\":\"https:\\\/\\\/dorogimedence.hu\\\/\",\"name\":\"Dorogi-medence Region\u00e1lis H\u00edrport\u00e1l\",\"description\":\"Dorog, Keszt\u00f6lc, Le\u00e1nyv\u00e1r, Piliscs\u00e9v, Tokod, Tokodalt\u00e1r\u00f3, Csolnok, Esztergom-kertv\u00e1ros: h\u00edrek, programok\",\"publisher\":{\"@id\":\"https:\\\/\\\/dorogimedence.hu\\\/#organization\"},\"potentialAction\":[{\"@type\":\"SearchAction\",\"target\":{\"@type\":\"EntryPoint\",\"urlTemplate\":\"https:\\\/\\\/dorogimedence.hu\\\/?s={search_term_string}\"},\"query-input\":{\"@type\":\"PropertyValueSpecification\",\"valueRequired\":true,\"valueName\":\"search_term_string\"}}],\"inLanguage\":\"hu\"},{\"@type\":\"Organization\",\"@id\":\"https:\\\/\\\/dorogimedence.hu\\\/#organization\",\"name\":\"Dorogi-medence Region\u00e1lis H\u00edrport\u00e1l\",\"url\":\"https:\\\/\\\/dorogimedence.hu\\\/\",\"logo\":{\"@type\":\"ImageObject\",\"inLanguage\":\"hu\",\"@id\":\"https:\\\/\\\/dorogimedence.hu\\\/#\\\/schema\\\/logo\\\/image\\\/\",\"url\":\"https:\\\/\\\/dorogimedence.hu\\\/wp-content\\\/uploads\\\/2021\\\/04\\\/logo-feher-600.png\",\"contentUrl\":\"https:\\\/\\\/dorogimedence.hu\\\/wp-content\\\/uploads\\\/2021\\\/04\\\/logo-feher-600.png\",\"width\":600,\"height\":100,\"caption\":\"Dorogi-medence Region\u00e1lis H\u00edrport\u00e1l\"},\"image\":{\"@id\":\"https:\\\/\\\/dorogimedence.hu\\\/#\\\/schema\\\/logo\\\/image\\\/\"},\"sameAs\":[\"https:\\\/\\\/www.facebook.com\\\/dorogimedence\\\/\"]},{\"@type\":\"Person\",\"@id\":\"https:\\\/\\\/dorogimedence.hu\\\/#\\\/schema\\\/person\\\/ce6091eeb7e95ecdc87890d6aa8e0fd4\",\"name\":\"dorogimedence.hu\",\"image\":{\"@type\":\"ImageObject\",\"inLanguage\":\"hu\",\"@id\":\"\\\/\\\/www.gravatar.com\\\/avatar\\\/d8d45f8901aadff40a4af72c0b826f1d?s=96&#038;r=g&#038;d=mm\",\"url\":\"\\\/\\\/www.gravatar.com\\\/avatar\\\/d8d45f8901aadff40a4af72c0b826f1d?s=96&#038;r=g&#038;d=mm\",\"contentUrl\":\"\\\/\\\/www.gravatar.com\\\/avatar\\\/d8d45f8901aadff40a4af72c0b826f1d?s=96&#038;r=g&#038;d=mm\",\"caption\":\"dorogimedence.hu\"}}]}<\/script>\n<!-- \/ Yoast SEO plugin. -->","yoast_head_json":{"title":"Richter Gedeon tisztelet\u00e9re eml\u00e9k\u00e9rm\u00e9t bocs\u00e1t ki a Magyar Nemzeti Bank","robots":{"index":"index","follow":"follow","max-snippet":"max-snippet:-1","max-image-preview":"max-image-preview:large","max-video-preview":"max-video-preview:-1"},"canonical":"https:\/\/dorogimedence.hu\/index.php\/2022\/09\/23\/richter-gedeon-tiszteletere-emlekermet-bocsat-ki-a-magyar-nemzeti-bank\/","og_locale":"hu_HU","og_type":"article","og_title":"Richter Gedeon tisztelet\u00e9re eml\u00e9k\u00e9rm\u00e9t bocs\u00e1t ki a Magyar Nemzeti Bank","og_description":"Richter Gedeon sz\u00fclet\u00e9s\u00e9nek 150. \u00e9vfordul\u00f3ja alkalm\u00e1b\u00f3l, k\u00fcl\u00f6nleges, cs\u00facs\u00e1ra \u00e1ll\u00edtott 2000 forint n\u00e9v\u00e9rt\u00e9k\u0171 sz\u00ednesf\u00e9m eml\u00e9k\u00e9rm\u00e9ket bocs\u00e1t ki a Magyar Nemzeti Bank (MNB) p\u00e9nteken. Ugyancsak az \u00e9vfordul\u00f3 alkalm\u00e1b\u00f3l Richter Gedeon nev\u00e9t veszi fel a k\u0151b\u00e1nyai Vasp\u00e1lya utca egy szakasza, valamint eml\u00e9kt\u00e1bl\u00e1t avattak a K\u0151b\u00e1ny\u00e1n m\u0171k\u00f6d\u0151 gy\u00f3gyszergy\u00e1r telephelye mellett, tisztelegve az 1872-ben sz\u00fcletett gy\u00f3gyszer\u00e9sz, gy\u00e1ralap\u00edt\u00f3 eml\u00e9ke el\u0151tt. A","og_url":"https:\/\/dorogimedence.hu\/index.php\/2022\/09\/23\/richter-gedeon-tiszteletere-emlekermet-bocsat-ki-a-magyar-nemzeti-bank\/","og_site_name":"Dorogi-medence Region\u00e1lis H\u00edrport\u00e1l","article_publisher":"https:\/\/www.facebook.com\/dorogimedence\/","article_published_time":"2022-09-23T12:30:41+00:00","article_modified_time":"2022-09-23T12:30:54+00:00","og_image":[{"width":1920,"height":1016,"url":"https:\/\/dorogimedence.hu\/wp-content\/uploads\/2022\/09\/richter-emlekerme.jpg","type":"image\/jpeg"}],"author":"dorogimedence.hu","twitter_card":"summary_large_image","twitter_misc":{"Szerz\u0151:":"dorogimedence.hu","Becs\u00fclt olvas\u00e1si id\u0151":"4 perc"},"schema":{"@context":"https:\/\/schema.org","@graph":[{"@type":"Article","@id":"https:\/\/dorogimedence.hu\/index.php\/2022\/09\/23\/richter-gedeon-tiszteletere-emlekermet-bocsat-ki-a-magyar-nemzeti-bank\/#article","isPartOf":{"@id":"https:\/\/dorogimedence.hu\/index.php\/2022\/09\/23\/richter-gedeon-tiszteletere-emlekermet-bocsat-ki-a-magyar-nemzeti-bank\/"},"author":{"name":"dorogimedence.hu","@id":"https:\/\/dorogimedence.hu\/#\/schema\/person\/ce6091eeb7e95ecdc87890d6aa8e0fd4"},"headline":"Richter Gedeon tisztelet\u00e9re eml\u00e9k\u00e9rm\u00e9t bocs\u00e1t ki a Magyar Nemzeti Bank","datePublished":"2022-09-23T12:30:41+00:00","dateModified":"2022-09-23T12:30:54+00:00","mainEntityOfPage":{"@id":"https:\/\/dorogimedence.hu\/index.php\/2022\/09\/23\/richter-gedeon-tiszteletere-emlekermet-bocsat-ki-a-magyar-nemzeti-bank\/"},"wordCount":826,"publisher":{"@id":"https:\/\/dorogimedence.hu\/#organization"},"image":{"@id":"https:\/\/dorogimedence.hu\/index.php\/2022\/09\/23\/richter-gedeon-tiszteletere-emlekermet-bocsat-ki-a-magyar-nemzeti-bank\/#primaryimage"},"thumbnailUrl":"https:\/\/dorogimedence.hu\/wp-content\/uploads\/2022\/09\/richter-emlekerme.jpg","keywords":["eml\u00e9k\u00e9rme","Richter 150","Richter Gedeon"],"articleSection":["H\u00edrek"],"inLanguage":"hu"},{"@type":"WebPage","@id":"https:\/\/dorogimedence.hu\/index.php\/2022\/09\/23\/richter-gedeon-tiszteletere-emlekermet-bocsat-ki-a-magyar-nemzeti-bank\/","url":"https:\/\/dorogimedence.hu\/index.php\/2022\/09\/23\/richter-gedeon-tiszteletere-emlekermet-bocsat-ki-a-magyar-nemzeti-bank\/","name":"Richter Gedeon tisztelet\u00e9re eml\u00e9k\u00e9rm\u00e9t bocs\u00e1t ki a Magyar Nemzeti Bank","isPartOf":{"@id":"https:\/\/dorogimedence.hu\/#website"},"primaryImageOfPage":{"@id":"https:\/\/dorogimedence.hu\/index.php\/2022\/09\/23\/richter-gedeon-tiszteletere-emlekermet-bocsat-ki-a-magyar-nemzeti-bank\/#primaryimage"},"image":{"@id":"https:\/\/dorogimedence.hu\/index.php\/2022\/09\/23\/richter-gedeon-tiszteletere-emlekermet-bocsat-ki-a-magyar-nemzeti-bank\/#primaryimage"},"thumbnailUrl":"https:\/\/dorogimedence.hu\/wp-content\/uploads\/2022\/09\/richter-emlekerme.jpg","datePublished":"2022-09-23T12:30:41+00:00","dateModified":"2022-09-23T12:30:54+00:00","breadcrumb":{"@id":"https:\/\/dorogimedence.hu\/index.php\/2022\/09\/23\/richter-gedeon-tiszteletere-emlekermet-bocsat-ki-a-magyar-nemzeti-bank\/#breadcrumb"},"inLanguage":"hu","potentialAction":[{"@type":"ReadAction","target":["https:\/\/dorogimedence.hu\/index.php\/2022\/09\/23\/richter-gedeon-tiszteletere-emlekermet-bocsat-ki-a-magyar-nemzeti-bank\/"]}]},{"@type":"ImageObject","inLanguage":"hu","@id":"https:\/\/dorogimedence.hu\/index.php\/2022\/09\/23\/richter-gedeon-tiszteletere-emlekermet-bocsat-ki-a-magyar-nemzeti-bank\/#primaryimage","url":"https:\/\/dorogimedence.hu\/wp-content\/uploads\/2022\/09\/richter-emlekerme.jpg","contentUrl":"https:\/\/dorogimedence.hu\/wp-content\/uploads\/2022\/09\/richter-emlekerme.jpg","width":1920,"height":1016},{"@type":"BreadcrumbList","@id":"https:\/\/dorogimedence.hu\/index.php\/2022\/09\/23\/richter-gedeon-tiszteletere-emlekermet-bocsat-ki-a-magyar-nemzeti-bank\/#breadcrumb","itemListElement":[{"@type":"ListItem","position":1,"name":"Kezd\u0151lap","item":"https:\/\/dorogimedence.hu\/"},{"@type":"ListItem","position":2,"name":"Richter Gedeon tisztelet\u00e9re eml\u00e9k\u00e9rm\u00e9t bocs\u00e1t ki a Magyar Nemzeti Bank"}]},{"@type":"WebSite","@id":"https:\/\/dorogimedence.hu\/#website","url":"https:\/\/dorogimedence.hu\/","name":"Dorogi-medence Region\u00e1lis H\u00edrport\u00e1l","description":"Dorog, Keszt\u00f6lc, Le\u00e1nyv\u00e1r, Piliscs\u00e9v, Tokod, Tokodalt\u00e1r\u00f3, Csolnok, Esztergom-kertv\u00e1ros: h\u00edrek, programok","publisher":{"@id":"https:\/\/dorogimedence.hu\/#organization"},"potentialAction":[{"@type":"SearchAction","target":{"@type":"EntryPoint","urlTemplate":"https:\/\/dorogimedence.hu\/?s={search_term_string}"},"query-input":{"@type":"PropertyValueSpecification","valueRequired":true,"valueName":"search_term_string"}}],"inLanguage":"hu"},{"@type":"Organization","@id":"https:\/\/dorogimedence.hu\/#organization","name":"Dorogi-medence Region\u00e1lis H\u00edrport\u00e1l","url":"https:\/\/dorogimedence.hu\/","logo":{"@type":"ImageObject","inLanguage":"hu","@id":"https:\/\/dorogimedence.hu\/#\/schema\/logo\/image\/","url":"https:\/\/dorogimedence.hu\/wp-content\/uploads\/2021\/04\/logo-feher-600.png","contentUrl":"https:\/\/dorogimedence.hu\/wp-content\/uploads\/2021\/04\/logo-feher-600.png","width":600,"height":100,"caption":"Dorogi-medence Region\u00e1lis H\u00edrport\u00e1l"},"image":{"@id":"https:\/\/dorogimedence.hu\/#\/schema\/logo\/image\/"},"sameAs":["https:\/\/www.facebook.com\/dorogimedence\/"]},{"@type":"Person","@id":"https:\/\/dorogimedence.hu\/#\/schema\/person\/ce6091eeb7e95ecdc87890d6aa8e0fd4","name":"dorogimedence.hu","image":{"@type":"ImageObject","inLanguage":"hu","@id":"\/\/www.gravatar.com\/avatar\/d8d45f8901aadff40a4af72c0b826f1d?s=96&#038;r=g&#038;d=mm","url":"\/\/www.gravatar.com\/avatar\/d8d45f8901aadff40a4af72c0b826f1d?s=96&#038;r=g&#038;d=mm","contentUrl":"\/\/www.gravatar.com\/avatar\/d8d45f8901aadff40a4af72c0b826f1d?s=96&#038;r=g&#038;d=mm","caption":"dorogimedence.hu"}}]}},"_links":{"self":[{"href":"https:\/\/dorogimedence.hu\/index.php\/wp-json\/wp\/v2\/posts\/46776","targetHints":{"allow":["GET"]}}],"collection":[{"href":"https:\/\/dorogimedence.hu\/index.php\/wp-json\/wp\/v2\/posts"}],"about":[{"href":"https:\/\/dorogimedence.hu\/index.php\/wp-json\/wp\/v2\/types\/post"}],"author":[{"embeddable":true,"href":"https:\/\/dorogimedence.hu\/index.php\/wp-json\/wp\/v2\/users\/1"}],"replies":[{"embeddable":true,"href":"https:\/\/dorogimedence.hu\/index.php\/wp-json\/wp\/v2\/comments?post=46776"}],"version-history":[{"count":0,"href":"https:\/\/dorogimedence.hu\/index.php\/wp-json\/wp\/v2\/posts\/46776\/revisions"}],"wp:featuredmedia":[{"embeddable":true,"href":"https:\/\/dorogimedence.hu\/index.php\/wp-json\/wp\/v2\/media\/46777"}],"wp:attachment":[{"href":"https:\/\/dorogimedence.hu\/index.php\/wp-json\/wp\/v2\/media?parent=46776"}],"wp:term":[{"taxonomy":"category","embeddable":true,"href":"https:\/\/dorogimedence.hu\/index.php\/wp-json\/wp\/v2\/categories?post=46776"},{"taxonomy":"post_tag","embeddable":true,"href":"https:\/\/dorogimedence.hu\/index.php\/wp-json\/wp\/v2\/tags?post=46776"}],"curies":[{"name":"wp","href":"https:\/\/api.w.org\/{rel}","templated":true}]}}