{"id":46652,"date":"2022-09-19T14:24:45","date_gmt":"2022-09-19T12:24:45","guid":{"rendered":"https:\/\/dorogimedence.hu\/?p=46652"},"modified":"2022-09-19T14:24:54","modified_gmt":"2022-09-19T12:24:54","slug":"atadtak-a-pilisi-palos-tematikus-utat","status":"publish","type":"post","link":"https:\/\/dorogimedence.hu\/index.php\/2022\/09\/19\/atadtak-a-pilisi-palos-tematikus-utat\/","title":{"rendered":"\u00c1tadt\u00e1k a Pilisi P\u00e1los tematikus utat"},"content":{"rendered":"<p><strong>A Pilisi P\u00e1los tematikus \u00fat kialak\u00edt\u00e1sa egy szakr\u00e1lis k\u00f6t\u0151d\u00e9s\u0171, \u00e9s mint neve is mutatja, p\u00e1los szellemis\u00e9g\u0171 \u00e9s \u00e9rt\u00e9ket hordoz\u00f3, a p\u00e1los rendhez szorosan kapcsol\u00f3d\u00f3 kezdem\u00e9nyez\u00e9s. C\u00e9lja, hogy mindazok sz\u00e1m\u00e1ra teremtsen lehet\u0151s\u00e9get a term\u00e9szetj\u00e1r\u00e1sra, akik vall\u00e1si, lelki, spiritu\u00e1lis ind\u00edttat\u00e1sb\u00f3l vagy kultur\u00e1lis \u00e9rdekl\u0151d\u00e9ssel j\u00e1rj\u00e1k az utat, tegy\u00e9k azt egy\u00e9nileg vagy csoportosan.&nbsp;<\/strong><\/p>\n<p>A Magyar P\u00e1los Rend Els\u0151 Remete Szent P\u00e1l Rendje \u00e9s a Pilisi P\u00e1los Utak projektben vele egy\u00fcttm\u0171k\u00f6d\u0151 Pilisi Parkerd\u0151 Zrt. egyik kiemelt k\u00f6z\u00f6s c\u00e9lja volt a k\u00f6rnyezettudatos \u00e9s term\u00e9szetk\u00f6zpont\u00fa gondolkod\u00e1sm\u00f3d kialak\u00edt\u00e1sa, annak n\u00e9pszer\u0171s\u00edt\u00e9se, a k\u00f6ztudatban val\u00f3 elm\u00e9ly\u00edt\u00e9se a p\u00e1los kultur\u00e1lis eml\u00e9kek, valamint a Pilis felbecs\u00fclhetetlen term\u00e9szeti \u00e9rt\u00e9kei \u00e1ltal ny\u00fajtott \u00e9lm\u00e9nyeken kereszt\u00fcl. A p\u00e1los rend sz\u00fclet\u00e9si hely\u00e9n, a Pilis hegys\u00e9g t\u00e9rs\u00e9g\u00e9ben els\u0151k\u00e9nt l\u00e9trehozott tematikus \u00fatvonal l\u00e9trehoz\u00e1s\u00e1val t\u00f6bb c\u00e9lcsoport sz\u00e1m\u00e1ra a k\u00f6rnyezeti nevel\u00e9s \u00fatj\u00e1n szeretn\u00e9k gazdag\u00edtani a term\u00e9szetj\u00e1r\u00e1s \u00f6r\u00f6m\u00e9t.<\/p>\n<p><img fetchpriority=\"high\" decoding=\"async\" class=\"alignnone size-large wp-image-46654\" src=\"https:\/\/dorogimedence.hu\/wp-content\/uploads\/2022\/09\/306921159_465265595648647_2649557899838213789_n-1024x682.jpg\" alt=\"\" width=\"755\" height=\"503\" srcset=\"https:\/\/dorogimedence.hu\/wp-content\/uploads\/2022\/09\/306921159_465265595648647_2649557899838213789_n-1024x682.jpg 1024w, https:\/\/dorogimedence.hu\/wp-content\/uploads\/2022\/09\/306921159_465265595648647_2649557899838213789_n-300x200.jpg 300w, https:\/\/dorogimedence.hu\/wp-content\/uploads\/2022\/09\/306921159_465265595648647_2649557899838213789_n-768x512.jpg 768w, https:\/\/dorogimedence.hu\/wp-content\/uploads\/2022\/09\/306921159_465265595648647_2649557899838213789_n-1536x1024.jpg 1536w, https:\/\/dorogimedence.hu\/wp-content\/uploads\/2022\/09\/306921159_465265595648647_2649557899838213789_n-150x100.jpg 150w, https:\/\/dorogimedence.hu\/wp-content\/uploads\/2022\/09\/306921159_465265595648647_2649557899838213789_n-450x300.jpg 450w, https:\/\/dorogimedence.hu\/wp-content\/uploads\/2022\/09\/306921159_465265595648647_2649557899838213789_n-1200x800.jpg 1200w, https:\/\/dorogimedence.hu\/wp-content\/uploads\/2022\/09\/306921159_465265595648647_2649557899838213789_n-272x182.jpg 272w, https:\/\/dorogimedence.hu\/wp-content\/uploads\/2022\/09\/306921159_465265595648647_2649557899838213789_n.jpg 2000w\" sizes=\"(max-width: 755px) 100vw, 755px\" \/><\/p>\n<p>A p\u00e1los remet\u00e9k olyan kapoccs\u00e1 v\u00e1ltak, akik \u00e9let\u00fckkel, p\u00e9ldamutat\u00e1sukkal \u00e9vsz\u00e1zadokon \u00e1t, eg\u00e9szen napjainkig felh\u00edvj\u00e1k a figyelm\u00fcnket arra, hogy nem feledkezhet\u00fcnk meg a mindannyiunk \u00e9let\u00e9t meghat\u00e1roz\u00f3 rendez\u0151 elvr\u0151l, a teremtett vil\u00e1g \u00e9s a teremt\u0151 k\u00f6z\u00f6tti kapcsolatr\u00f3l \u2013 emelte ki \u00fcnnep\u00e9lyes \u00e1tad\u00f3 besz\u00e9d\u00e9ben Zamb\u00f3 P\u00e9ter, az Agr\u00e1rminiszt\u00e9rium erd\u0151k\u00e9rt \u00e9s f\u00f6ld\u00fcgyek\u00e9rt felel\u0151s \u00e1llamtitk\u00e1ra.<\/p>\n<p>Elmondta tov\u00e1bb\u00e1, hogy&nbsp;t\u00e9vednek azok, akik azt hangoztatj\u00e1k, hogy az erdei javak hasznos\u00edt\u00e1sa elnyomja vagy \u00e9ppen lehetetlenn\u00e9 teszi az egy\u00e9b \u00e9rt\u00e9kek meg\u0151rz\u00e9s\u00e9t. Pont a mai nap, a p\u00e1los tematikus \u00fatvonal \u00e1tad\u00e1sa az egyik bizony\u00edt\u00e9ka, hogy az erd\u0151k fenntarthat\u00f3 kezel\u00e9se mag\u00e1ban hordozza a kultur\u00e1lis \u00e9s a term\u00e9szetv\u00e9delmi \u00e9rt\u00e9kek \u00e9rv\u00e9nyes\u00fcl\u00e9s\u00e9t is.<\/p>\n<p><img decoding=\"async\" class=\"alignnone size-large wp-image-46655\" src=\"https:\/\/dorogimedence.hu\/wp-content\/uploads\/2022\/09\/306856205_465265645648642_2304594277956485589_n-1024x682.jpg\" alt=\"\" width=\"755\" height=\"503\" srcset=\"https:\/\/dorogimedence.hu\/wp-content\/uploads\/2022\/09\/306856205_465265645648642_2304594277956485589_n-1024x682.jpg 1024w, https:\/\/dorogimedence.hu\/wp-content\/uploads\/2022\/09\/306856205_465265645648642_2304594277956485589_n-300x200.jpg 300w, https:\/\/dorogimedence.hu\/wp-content\/uploads\/2022\/09\/306856205_465265645648642_2304594277956485589_n-768x512.jpg 768w, https:\/\/dorogimedence.hu\/wp-content\/uploads\/2022\/09\/306856205_465265645648642_2304594277956485589_n-1536x1024.jpg 1536w, https:\/\/dorogimedence.hu\/wp-content\/uploads\/2022\/09\/306856205_465265645648642_2304594277956485589_n-150x100.jpg 150w, https:\/\/dorogimedence.hu\/wp-content\/uploads\/2022\/09\/306856205_465265645648642_2304594277956485589_n-450x300.jpg 450w, https:\/\/dorogimedence.hu\/wp-content\/uploads\/2022\/09\/306856205_465265645648642_2304594277956485589_n-1200x800.jpg 1200w, https:\/\/dorogimedence.hu\/wp-content\/uploads\/2022\/09\/306856205_465265645648642_2304594277956485589_n-272x182.jpg 272w, https:\/\/dorogimedence.hu\/wp-content\/uploads\/2022\/09\/306856205_465265645648642_2304594277956485589_n.jpg 2000w\" sizes=\"(max-width: 755px) 100vw, 755px\" \/><\/p>\n<p>Az Agr\u00e1rminiszt\u00e9rium t\u00e1mogat\u00e1s\u00e1val megval\u00f3sult fejleszt\u00e9s egyes\u00edti mag\u00e1ban a term\u00e9szeti, a kultur\u00e1lis \u00e9s a vall\u00e1si \u00e9rt\u00e9kek bemutat\u00e1s\u00e1nak szempontjait. Az \u00fatvonal egyszerre k\u00edn\u00e1l lehet\u0151s\u00e9get a sportos kikapcsol\u00f3d\u00e1sra, a lelki elm\u00e9ly\u00fcl\u00e9sre \u00e9s a kultur\u00e1lis ismeretszerz\u00e9sre. Sokan l\u00e1togatj\u00e1k napjainkban is a f\u0151v\u00e1ros k\u00f6rny\u00e9ki erd\u0151ket, hiszen a Pilisi Parkerd\u0151 \u00e9vente t\u00f6bb mint 30 milli\u00f3 l\u00e1togat\u00f3i alkalmat regisztr\u00e1l, de a p\u00e1los \u00fatvonal \u00faj szemsz\u00f6gb\u0151l mutatja be ezt a t\u00e1jat.<\/p>\n<p><img decoding=\"async\" class=\"alignnone size-large wp-image-46656\" src=\"https:\/\/dorogimedence.hu\/wp-content\/uploads\/2022\/09\/307094111_465266015648605_1644516609000415347_n-1024x682.jpg\" alt=\"\" width=\"755\" height=\"503\" srcset=\"https:\/\/dorogimedence.hu\/wp-content\/uploads\/2022\/09\/307094111_465266015648605_1644516609000415347_n-1024x682.jpg 1024w, https:\/\/dorogimedence.hu\/wp-content\/uploads\/2022\/09\/307094111_465266015648605_1644516609000415347_n-300x200.jpg 300w, https:\/\/dorogimedence.hu\/wp-content\/uploads\/2022\/09\/307094111_465266015648605_1644516609000415347_n-768x512.jpg 768w, https:\/\/dorogimedence.hu\/wp-content\/uploads\/2022\/09\/307094111_465266015648605_1644516609000415347_n-1536x1024.jpg 1536w, https:\/\/dorogimedence.hu\/wp-content\/uploads\/2022\/09\/307094111_465266015648605_1644516609000415347_n-150x100.jpg 150w, https:\/\/dorogimedence.hu\/wp-content\/uploads\/2022\/09\/307094111_465266015648605_1644516609000415347_n-450x300.jpg 450w, https:\/\/dorogimedence.hu\/wp-content\/uploads\/2022\/09\/307094111_465266015648605_1644516609000415347_n-1200x800.jpg 1200w, https:\/\/dorogimedence.hu\/wp-content\/uploads\/2022\/09\/307094111_465266015648605_1644516609000415347_n-272x182.jpg 272w, https:\/\/dorogimedence.hu\/wp-content\/uploads\/2022\/09\/307094111_465266015648605_1644516609000415347_n.jpg 2000w\" sizes=\"(max-width: 755px) 100vw, 755px\" \/><\/p>\n<p><em>Fot\u00f3k, forr\u00e1s: AM Sajt\u00f3iroda<\/em><\/p>\n","protected":false},"excerpt":{"rendered":"<p>A Pilisi P\u00e1los tematikus \u00fat kialak\u00edt\u00e1sa egy szakr\u00e1lis k\u00f6t\u0151d\u00e9s\u0171, \u00e9s mint neve is mutatja, p\u00e1los szellemis\u00e9g\u0171 \u00e9s \u00e9rt\u00e9ket hordoz\u00f3, a p\u00e1los rendhez szorosan kapcsol\u00f3d\u00f3 kezdem\u00e9nyez\u00e9s. C\u00e9lja, hogy mindazok sz\u00e1m\u00e1ra teremtsen lehet\u0151s\u00e9get a term\u00e9szetj\u00e1r\u00e1sra, akik vall\u00e1si, lelki, spiritu\u00e1lis ind\u00edttat\u00e1sb\u00f3l vagy kultur\u00e1lis \u00e9rdekl\u0151d\u00e9ssel j\u00e1rj\u00e1k az utat, tegy\u00e9k azt egy\u00e9nileg vagy csoportosan.&nbsp; A Magyar P\u00e1los Rend Els\u0151 Remete<\/p>\n","protected":false},"author":1,"featured_media":46653,"comment_status":"closed","ping_status":"closed","sticky":false,"template":"","format":"standard","meta":{"ngg_post_thumbnail":0,"footnotes":""},"categories":[3],"tags":[5624,6697,122],"class_list":{"0":"post-46652","1":"post","2":"type-post","3":"status-publish","4":"format-standard","5":"has-post-thumbnail","7":"category-hirek","8":"tag-featured","9":"tag-pilisi-palos-ut","10":"tag-pilisi-parkerdo"},"yoast_head":"<!-- This site is optimized with the Yoast SEO plugin v27.4 - https:\/\/yoast.com\/product\/yoast-seo-wordpress\/ -->\n<title>\u00c1tadt\u00e1k a Pilisi P\u00e1los tematikus utat<\/title>\n<meta name=\"robots\" content=\"index, follow, max-snippet:-1, max-image-preview:large, max-video-preview:-1\" \/>\n<link rel=\"canonical\" href=\"https:\/\/dorogimedence.hu\/index.php\/2022\/09\/19\/atadtak-a-pilisi-palos-tematikus-utat\/\" class=\"yoast-seo-meta-tag\" \/>\n<meta property=\"og:locale\" content=\"hu_HU\" class=\"yoast-seo-meta-tag\" \/>\n<meta property=\"og:type\" content=\"article\" class=\"yoast-seo-meta-tag\" \/>\n<meta property=\"og:title\" content=\"\u00c1tadt\u00e1k a Pilisi P\u00e1los tematikus utat\" class=\"yoast-seo-meta-tag\" \/>\n<meta property=\"og:description\" content=\"A Pilisi P\u00e1los tematikus \u00fat kialak\u00edt\u00e1sa egy szakr\u00e1lis k\u00f6t\u0151d\u00e9s\u0171, \u00e9s mint neve is mutatja, p\u00e1los szellemis\u00e9g\u0171 \u00e9s \u00e9rt\u00e9ket hordoz\u00f3, a p\u00e1los rendhez szorosan kapcsol\u00f3d\u00f3 kezdem\u00e9nyez\u00e9s. C\u00e9lja, hogy mindazok sz\u00e1m\u00e1ra teremtsen lehet\u0151s\u00e9get a term\u00e9szetj\u00e1r\u00e1sra, akik vall\u00e1si, lelki, spiritu\u00e1lis ind\u00edttat\u00e1sb\u00f3l vagy kultur\u00e1lis \u00e9rdekl\u0151d\u00e9ssel j\u00e1rj\u00e1k az utat, tegy\u00e9k azt egy\u00e9nileg vagy csoportosan.&nbsp; A Magyar P\u00e1los Rend Els\u0151 Remete\" class=\"yoast-seo-meta-tag\" \/>\n<meta property=\"og:url\" content=\"https:\/\/dorogimedence.hu\/index.php\/2022\/09\/19\/atadtak-a-pilisi-palos-tematikus-utat\/\" class=\"yoast-seo-meta-tag\" \/>\n<meta property=\"og:site_name\" content=\"Dorogi-medence Region\u00e1lis H\u00edrport\u00e1l\" class=\"yoast-seo-meta-tag\" \/>\n<meta property=\"article:publisher\" content=\"https:\/\/www.facebook.com\/dorogimedence\/\" class=\"yoast-seo-meta-tag\" \/>\n<meta property=\"article:published_time\" content=\"2022-09-19T12:24:45+00:00\" class=\"yoast-seo-meta-tag\" \/>\n<meta property=\"article:modified_time\" content=\"2022-09-19T12:24:54+00:00\" class=\"yoast-seo-meta-tag\" \/>\n<meta property=\"og:image\" content=\"https:\/\/i0.wp.com\/dorogimedence.hu\/wp-content\/uploads\/2022\/09\/306930065_465265998981940_8619567536260712345_n.jpg?fit=2000%2C1333&ssl=1\" class=\"yoast-seo-meta-tag\" \/>\n\t<meta property=\"og:image:width\" content=\"2000\" class=\"yoast-seo-meta-tag\" \/>\n\t<meta property=\"og:image:height\" content=\"1333\" class=\"yoast-seo-meta-tag\" \/>\n\t<meta property=\"og:image:type\" content=\"image\/jpeg\" class=\"yoast-seo-meta-tag\" \/>\n<meta name=\"author\" content=\"dorogimedence.hu\" class=\"yoast-seo-meta-tag\" \/>\n<meta name=\"twitter:card\" content=\"summary_large_image\" class=\"yoast-seo-meta-tag\" \/>\n<meta name=\"twitter:label1\" content=\"Szerz\u0151:\" class=\"yoast-seo-meta-tag\" \/>\n\t<meta name=\"twitter:data1\" content=\"dorogimedence.hu\" class=\"yoast-seo-meta-tag\" \/>\n\t<meta name=\"twitter:label2\" content=\"Becs\u00fclt olvas\u00e1si id\u0151\" class=\"yoast-seo-meta-tag\" \/>\n\t<meta name=\"twitter:data2\" content=\"2 perc\" class=\"yoast-seo-meta-tag\" \/>\n<script type=\"application\/ld+json\" class=\"yoast-schema-graph\">{\"@context\":\"https:\\\/\\\/schema.org\",\"@graph\":[{\"@type\":\"Article\",\"@id\":\"https:\\\/\\\/dorogimedence.hu\\\/index.php\\\/2022\\\/09\\\/19\\\/atadtak-a-pilisi-palos-tematikus-utat\\\/#article\",\"isPartOf\":{\"@id\":\"https:\\\/\\\/dorogimedence.hu\\\/index.php\\\/2022\\\/09\\\/19\\\/atadtak-a-pilisi-palos-tematikus-utat\\\/\"},\"author\":{\"name\":\"dorogimedence.hu\",\"@id\":\"https:\\\/\\\/dorogimedence.hu\\\/#\\\/schema\\\/person\\\/ce6091eeb7e95ecdc87890d6aa8e0fd4\"},\"headline\":\"\u00c1tadt\u00e1k a Pilisi P\u00e1los tematikus utat\",\"datePublished\":\"2022-09-19T12:24:45+00:00\",\"dateModified\":\"2022-09-19T12:24:54+00:00\",\"mainEntityOfPage\":{\"@id\":\"https:\\\/\\\/dorogimedence.hu\\\/index.php\\\/2022\\\/09\\\/19\\\/atadtak-a-pilisi-palos-tematikus-utat\\\/\"},\"wordCount\":496,\"publisher\":{\"@id\":\"https:\\\/\\\/dorogimedence.hu\\\/#organization\"},\"image\":{\"@id\":\"https:\\\/\\\/dorogimedence.hu\\\/index.php\\\/2022\\\/09\\\/19\\\/atadtak-a-pilisi-palos-tematikus-utat\\\/#primaryimage\"},\"thumbnailUrl\":\"https:\\\/\\\/dorogimedence.hu\\\/wp-content\\\/uploads\\\/2022\\\/09\\\/306930065_465265998981940_8619567536260712345_n.jpg\",\"keywords\":[\"featured\",\"Pilisi P\u00e1los \u00fat\",\"Pilisi Parkerd\u0151\"],\"articleSection\":[\"H\u00edrek\"],\"inLanguage\":\"hu\"},{\"@type\":\"WebPage\",\"@id\":\"https:\\\/\\\/dorogimedence.hu\\\/index.php\\\/2022\\\/09\\\/19\\\/atadtak-a-pilisi-palos-tematikus-utat\\\/\",\"url\":\"https:\\\/\\\/dorogimedence.hu\\\/index.php\\\/2022\\\/09\\\/19\\\/atadtak-a-pilisi-palos-tematikus-utat\\\/\",\"name\":\"\u00c1tadt\u00e1k a Pilisi P\u00e1los tematikus utat\",\"isPartOf\":{\"@id\":\"https:\\\/\\\/dorogimedence.hu\\\/#website\"},\"primaryImageOfPage\":{\"@id\":\"https:\\\/\\\/dorogimedence.hu\\\/index.php\\\/2022\\\/09\\\/19\\\/atadtak-a-pilisi-palos-tematikus-utat\\\/#primaryimage\"},\"image\":{\"@id\":\"https:\\\/\\\/dorogimedence.hu\\\/index.php\\\/2022\\\/09\\\/19\\\/atadtak-a-pilisi-palos-tematikus-utat\\\/#primaryimage\"},\"thumbnailUrl\":\"https:\\\/\\\/dorogimedence.hu\\\/wp-content\\\/uploads\\\/2022\\\/09\\\/306930065_465265998981940_8619567536260712345_n.jpg\",\"datePublished\":\"2022-09-19T12:24:45+00:00\",\"dateModified\":\"2022-09-19T12:24:54+00:00\",\"breadcrumb\":{\"@id\":\"https:\\\/\\\/dorogimedence.hu\\\/index.php\\\/2022\\\/09\\\/19\\\/atadtak-a-pilisi-palos-tematikus-utat\\\/#breadcrumb\"},\"inLanguage\":\"hu\",\"potentialAction\":[{\"@type\":\"ReadAction\",\"target\":[\"https:\\\/\\\/dorogimedence.hu\\\/index.php\\\/2022\\\/09\\\/19\\\/atadtak-a-pilisi-palos-tematikus-utat\\\/\"]}]},{\"@type\":\"ImageObject\",\"inLanguage\":\"hu\",\"@id\":\"https:\\\/\\\/dorogimedence.hu\\\/index.php\\\/2022\\\/09\\\/19\\\/atadtak-a-pilisi-palos-tematikus-utat\\\/#primaryimage\",\"url\":\"https:\\\/\\\/dorogimedence.hu\\\/wp-content\\\/uploads\\\/2022\\\/09\\\/306930065_465265998981940_8619567536260712345_n.jpg\",\"contentUrl\":\"https:\\\/\\\/dorogimedence.hu\\\/wp-content\\\/uploads\\\/2022\\\/09\\\/306930065_465265998981940_8619567536260712345_n.jpg\",\"width\":2000,\"height\":1333},{\"@type\":\"BreadcrumbList\",\"@id\":\"https:\\\/\\\/dorogimedence.hu\\\/index.php\\\/2022\\\/09\\\/19\\\/atadtak-a-pilisi-palos-tematikus-utat\\\/#breadcrumb\",\"itemListElement\":[{\"@type\":\"ListItem\",\"position\":1,\"name\":\"Kezd\u0151lap\",\"item\":\"https:\\\/\\\/dorogimedence.hu\\\/\"},{\"@type\":\"ListItem\",\"position\":2,\"name\":\"\u00c1tadt\u00e1k a Pilisi P\u00e1los tematikus utat\"}]},{\"@type\":\"WebSite\",\"@id\":\"https:\\\/\\\/dorogimedence.hu\\\/#website\",\"url\":\"https:\\\/\\\/dorogimedence.hu\\\/\",\"name\":\"Dorogi-medence Region\u00e1lis H\u00edrport\u00e1l\",\"description\":\"Dorog, Keszt\u00f6lc, Le\u00e1nyv\u00e1r, Piliscs\u00e9v, Tokod, Tokodalt\u00e1r\u00f3, Csolnok, Esztergom-kertv\u00e1ros: h\u00edrek, programok\",\"publisher\":{\"@id\":\"https:\\\/\\\/dorogimedence.hu\\\/#organization\"},\"potentialAction\":[{\"@type\":\"SearchAction\",\"target\":{\"@type\":\"EntryPoint\",\"urlTemplate\":\"https:\\\/\\\/dorogimedence.hu\\\/?s={search_term_string}\"},\"query-input\":{\"@type\":\"PropertyValueSpecification\",\"valueRequired\":true,\"valueName\":\"search_term_string\"}}],\"inLanguage\":\"hu\"},{\"@type\":\"Organization\",\"@id\":\"https:\\\/\\\/dorogimedence.hu\\\/#organization\",\"name\":\"Dorogi-medence Region\u00e1lis H\u00edrport\u00e1l\",\"url\":\"https:\\\/\\\/dorogimedence.hu\\\/\",\"logo\":{\"@type\":\"ImageObject\",\"inLanguage\":\"hu\",\"@id\":\"https:\\\/\\\/dorogimedence.hu\\\/#\\\/schema\\\/logo\\\/image\\\/\",\"url\":\"https:\\\/\\\/dorogimedence.hu\\\/wp-content\\\/uploads\\\/2021\\\/04\\\/logo-feher-600.png\",\"contentUrl\":\"https:\\\/\\\/dorogimedence.hu\\\/wp-content\\\/uploads\\\/2021\\\/04\\\/logo-feher-600.png\",\"width\":600,\"height\":100,\"caption\":\"Dorogi-medence Region\u00e1lis H\u00edrport\u00e1l\"},\"image\":{\"@id\":\"https:\\\/\\\/dorogimedence.hu\\\/#\\\/schema\\\/logo\\\/image\\\/\"},\"sameAs\":[\"https:\\\/\\\/www.facebook.com\\\/dorogimedence\\\/\"]},{\"@type\":\"Person\",\"@id\":\"https:\\\/\\\/dorogimedence.hu\\\/#\\\/schema\\\/person\\\/ce6091eeb7e95ecdc87890d6aa8e0fd4\",\"name\":\"dorogimedence.hu\",\"image\":{\"@type\":\"ImageObject\",\"inLanguage\":\"hu\",\"@id\":\"\\\/\\\/www.gravatar.com\\\/avatar\\\/d8d45f8901aadff40a4af72c0b826f1d?s=96&#038;r=g&#038;d=mm\",\"url\":\"\\\/\\\/www.gravatar.com\\\/avatar\\\/d8d45f8901aadff40a4af72c0b826f1d?s=96&#038;r=g&#038;d=mm\",\"contentUrl\":\"\\\/\\\/www.gravatar.com\\\/avatar\\\/d8d45f8901aadff40a4af72c0b826f1d?s=96&#038;r=g&#038;d=mm\",\"caption\":\"dorogimedence.hu\"}}]}<\/script>\n<!-- \/ Yoast SEO plugin. -->","yoast_head_json":{"title":"\u00c1tadt\u00e1k a Pilisi P\u00e1los tematikus utat","robots":{"index":"index","follow":"follow","max-snippet":"max-snippet:-1","max-image-preview":"max-image-preview:large","max-video-preview":"max-video-preview:-1"},"canonical":"https:\/\/dorogimedence.hu\/index.php\/2022\/09\/19\/atadtak-a-pilisi-palos-tematikus-utat\/","og_locale":"hu_HU","og_type":"article","og_title":"\u00c1tadt\u00e1k a Pilisi P\u00e1los tematikus utat","og_description":"A Pilisi P\u00e1los tematikus \u00fat kialak\u00edt\u00e1sa egy szakr\u00e1lis k\u00f6t\u0151d\u00e9s\u0171, \u00e9s mint neve is mutatja, p\u00e1los szellemis\u00e9g\u0171 \u00e9s \u00e9rt\u00e9ket hordoz\u00f3, a p\u00e1los rendhez szorosan kapcsol\u00f3d\u00f3 kezdem\u00e9nyez\u00e9s. C\u00e9lja, hogy mindazok sz\u00e1m\u00e1ra teremtsen lehet\u0151s\u00e9get a term\u00e9szetj\u00e1r\u00e1sra, akik vall\u00e1si, lelki, spiritu\u00e1lis ind\u00edttat\u00e1sb\u00f3l vagy kultur\u00e1lis \u00e9rdekl\u0151d\u00e9ssel j\u00e1rj\u00e1k az utat, tegy\u00e9k azt egy\u00e9nileg vagy csoportosan.&nbsp; A Magyar P\u00e1los Rend Els\u0151 Remete","og_url":"https:\/\/dorogimedence.hu\/index.php\/2022\/09\/19\/atadtak-a-pilisi-palos-tematikus-utat\/","og_site_name":"Dorogi-medence Region\u00e1lis H\u00edrport\u00e1l","article_publisher":"https:\/\/www.facebook.com\/dorogimedence\/","article_published_time":"2022-09-19T12:24:45+00:00","article_modified_time":"2022-09-19T12:24:54+00:00","og_image":[{"width":2000,"height":1333,"url":"https:\/\/i0.wp.com\/dorogimedence.hu\/wp-content\/uploads\/2022\/09\/306930065_465265998981940_8619567536260712345_n.jpg?fit=2000%2C1333&ssl=1","type":"image\/jpeg"}],"author":"dorogimedence.hu","twitter_card":"summary_large_image","twitter_misc":{"Szerz\u0151:":"dorogimedence.hu","Becs\u00fclt olvas\u00e1si id\u0151":"2 perc"},"schema":{"@context":"https:\/\/schema.org","@graph":[{"@type":"Article","@id":"https:\/\/dorogimedence.hu\/index.php\/2022\/09\/19\/atadtak-a-pilisi-palos-tematikus-utat\/#article","isPartOf":{"@id":"https:\/\/dorogimedence.hu\/index.php\/2022\/09\/19\/atadtak-a-pilisi-palos-tematikus-utat\/"},"author":{"name":"dorogimedence.hu","@id":"https:\/\/dorogimedence.hu\/#\/schema\/person\/ce6091eeb7e95ecdc87890d6aa8e0fd4"},"headline":"\u00c1tadt\u00e1k a Pilisi P\u00e1los tematikus utat","datePublished":"2022-09-19T12:24:45+00:00","dateModified":"2022-09-19T12:24:54+00:00","mainEntityOfPage":{"@id":"https:\/\/dorogimedence.hu\/index.php\/2022\/09\/19\/atadtak-a-pilisi-palos-tematikus-utat\/"},"wordCount":496,"publisher":{"@id":"https:\/\/dorogimedence.hu\/#organization"},"image":{"@id":"https:\/\/dorogimedence.hu\/index.php\/2022\/09\/19\/atadtak-a-pilisi-palos-tematikus-utat\/#primaryimage"},"thumbnailUrl":"https:\/\/dorogimedence.hu\/wp-content\/uploads\/2022\/09\/306930065_465265998981940_8619567536260712345_n.jpg","keywords":["featured","Pilisi P\u00e1los \u00fat","Pilisi Parkerd\u0151"],"articleSection":["H\u00edrek"],"inLanguage":"hu"},{"@type":"WebPage","@id":"https:\/\/dorogimedence.hu\/index.php\/2022\/09\/19\/atadtak-a-pilisi-palos-tematikus-utat\/","url":"https:\/\/dorogimedence.hu\/index.php\/2022\/09\/19\/atadtak-a-pilisi-palos-tematikus-utat\/","name":"\u00c1tadt\u00e1k a Pilisi P\u00e1los tematikus utat","isPartOf":{"@id":"https:\/\/dorogimedence.hu\/#website"},"primaryImageOfPage":{"@id":"https:\/\/dorogimedence.hu\/index.php\/2022\/09\/19\/atadtak-a-pilisi-palos-tematikus-utat\/#primaryimage"},"image":{"@id":"https:\/\/dorogimedence.hu\/index.php\/2022\/09\/19\/atadtak-a-pilisi-palos-tematikus-utat\/#primaryimage"},"thumbnailUrl":"https:\/\/dorogimedence.hu\/wp-content\/uploads\/2022\/09\/306930065_465265998981940_8619567536260712345_n.jpg","datePublished":"2022-09-19T12:24:45+00:00","dateModified":"2022-09-19T12:24:54+00:00","breadcrumb":{"@id":"https:\/\/dorogimedence.hu\/index.php\/2022\/09\/19\/atadtak-a-pilisi-palos-tematikus-utat\/#breadcrumb"},"inLanguage":"hu","potentialAction":[{"@type":"ReadAction","target":["https:\/\/dorogimedence.hu\/index.php\/2022\/09\/19\/atadtak-a-pilisi-palos-tematikus-utat\/"]}]},{"@type":"ImageObject","inLanguage":"hu","@id":"https:\/\/dorogimedence.hu\/index.php\/2022\/09\/19\/atadtak-a-pilisi-palos-tematikus-utat\/#primaryimage","url":"https:\/\/dorogimedence.hu\/wp-content\/uploads\/2022\/09\/306930065_465265998981940_8619567536260712345_n.jpg","contentUrl":"https:\/\/dorogimedence.hu\/wp-content\/uploads\/2022\/09\/306930065_465265998981940_8619567536260712345_n.jpg","width":2000,"height":1333},{"@type":"BreadcrumbList","@id":"https:\/\/dorogimedence.hu\/index.php\/2022\/09\/19\/atadtak-a-pilisi-palos-tematikus-utat\/#breadcrumb","itemListElement":[{"@type":"ListItem","position":1,"name":"Kezd\u0151lap","item":"https:\/\/dorogimedence.hu\/"},{"@type":"ListItem","position":2,"name":"\u00c1tadt\u00e1k a Pilisi P\u00e1los tematikus utat"}]},{"@type":"WebSite","@id":"https:\/\/dorogimedence.hu\/#website","url":"https:\/\/dorogimedence.hu\/","name":"Dorogi-medence Region\u00e1lis H\u00edrport\u00e1l","description":"Dorog, Keszt\u00f6lc, Le\u00e1nyv\u00e1r, Piliscs\u00e9v, Tokod, Tokodalt\u00e1r\u00f3, Csolnok, Esztergom-kertv\u00e1ros: h\u00edrek, programok","publisher":{"@id":"https:\/\/dorogimedence.hu\/#organization"},"potentialAction":[{"@type":"SearchAction","target":{"@type":"EntryPoint","urlTemplate":"https:\/\/dorogimedence.hu\/?s={search_term_string}"},"query-input":{"@type":"PropertyValueSpecification","valueRequired":true,"valueName":"search_term_string"}}],"inLanguage":"hu"},{"@type":"Organization","@id":"https:\/\/dorogimedence.hu\/#organization","name":"Dorogi-medence Region\u00e1lis H\u00edrport\u00e1l","url":"https:\/\/dorogimedence.hu\/","logo":{"@type":"ImageObject","inLanguage":"hu","@id":"https:\/\/dorogimedence.hu\/#\/schema\/logo\/image\/","url":"https:\/\/dorogimedence.hu\/wp-content\/uploads\/2021\/04\/logo-feher-600.png","contentUrl":"https:\/\/dorogimedence.hu\/wp-content\/uploads\/2021\/04\/logo-feher-600.png","width":600,"height":100,"caption":"Dorogi-medence Region\u00e1lis H\u00edrport\u00e1l"},"image":{"@id":"https:\/\/dorogimedence.hu\/#\/schema\/logo\/image\/"},"sameAs":["https:\/\/www.facebook.com\/dorogimedence\/"]},{"@type":"Person","@id":"https:\/\/dorogimedence.hu\/#\/schema\/person\/ce6091eeb7e95ecdc87890d6aa8e0fd4","name":"dorogimedence.hu","image":{"@type":"ImageObject","inLanguage":"hu","@id":"\/\/www.gravatar.com\/avatar\/d8d45f8901aadff40a4af72c0b826f1d?s=96&#038;r=g&#038;d=mm","url":"\/\/www.gravatar.com\/avatar\/d8d45f8901aadff40a4af72c0b826f1d?s=96&#038;r=g&#038;d=mm","contentUrl":"\/\/www.gravatar.com\/avatar\/d8d45f8901aadff40a4af72c0b826f1d?s=96&#038;r=g&#038;d=mm","caption":"dorogimedence.hu"}}]}},"_links":{"self":[{"href":"https:\/\/dorogimedence.hu\/index.php\/wp-json\/wp\/v2\/posts\/46652","targetHints":{"allow":["GET"]}}],"collection":[{"href":"https:\/\/dorogimedence.hu\/index.php\/wp-json\/wp\/v2\/posts"}],"about":[{"href":"https:\/\/dorogimedence.hu\/index.php\/wp-json\/wp\/v2\/types\/post"}],"author":[{"embeddable":true,"href":"https:\/\/dorogimedence.hu\/index.php\/wp-json\/wp\/v2\/users\/1"}],"replies":[{"embeddable":true,"href":"https:\/\/dorogimedence.hu\/index.php\/wp-json\/wp\/v2\/comments?post=46652"}],"version-history":[{"count":0,"href":"https:\/\/dorogimedence.hu\/index.php\/wp-json\/wp\/v2\/posts\/46652\/revisions"}],"wp:featuredmedia":[{"embeddable":true,"href":"https:\/\/dorogimedence.hu\/index.php\/wp-json\/wp\/v2\/media\/46653"}],"wp:attachment":[{"href":"https:\/\/dorogimedence.hu\/index.php\/wp-json\/wp\/v2\/media?parent=46652"}],"wp:term":[{"taxonomy":"category","embeddable":true,"href":"https:\/\/dorogimedence.hu\/index.php\/wp-json\/wp\/v2\/categories?post=46652"},{"taxonomy":"post_tag","embeddable":true,"href":"https:\/\/dorogimedence.hu\/index.php\/wp-json\/wp\/v2\/tags?post=46652"}],"curies":[{"name":"wp","href":"https:\/\/api.w.org\/{rel}","templated":true}]}}