{"id":46629,"date":"2022-09-19T10:50:56","date_gmt":"2022-09-19T08:50:56","guid":{"rendered":"https:\/\/dorogimedence.hu\/?p=46629"},"modified":"2022-09-19T12:01:06","modified_gmt":"2022-09-19T10:01:06","slug":"sztarfellepokkel-varjak-az-erdeklodoket-sarisapon","status":"publish","type":"post","link":"https:\/\/dorogimedence.hu\/index.php\/2022\/09\/19\/sztarfellepokkel-varjak-az-erdeklodoket-sarisapon\/","title":{"rendered":"Szt\u00e1rfell\u00e9p\u0151kkel v\u00e1rj\u00e1k az \u00e9rdekl\u0151d\u0151ket S\u00e1ris\u00e1pon"},"content":{"rendered":"<p><strong>Folyamatosan b\u0151v\u00fcl a fell\u00e9p\u0151k sora a II. ADD A KEZED J\u00f3t\u00e9konys\u00e1gi Motor-Aut\u00f3 Ki\u00e1ll\u00edt\u00e1s, \u00e9s Zenei Fesztiv\u00e1lra, melyet szeptember 25-\u00e9n, vas\u00e1rnap rendeznek meg a s\u00e1ris\u00e1pi kaolinb\u00e1nya ter\u00fclet\u00e9n elhelyezked\u0151 tri\u00e1l p\u00e1ly\u00e1n. A szervez\u0151k ez\u00fattal <span style=\"text-decoration: underline; color: #0000ff;\"><a style=\"color: #0000ff; text-decoration: underline;\" href=\"https:\/\/dorogimedence.hu\/index.php\/2022\/09\/15\/jotekonysagi-motor-auto-kiallitast-szerveznek-sarisapon\/\" target=\"_blank\" rel=\"noopener\">k\u00e9t beteg szem\u00e9lynek<\/a><\/span>, valamint csal\u00e1djuk sz\u00e1m\u00e1ra szervezik a gy\u0171jt\u00e9st.<\/strong><\/p>\n<p>A rendezv\u00e9ny els\u0151 fell\u00e9p\u0151je, Polg\u00e1r Peti lesz, aki el\u0151re l\u00e1that\u00f3lag a megnyit\u00f3t k\u00f6vet\u0151en 10:15 k\u00f6r\u00fcl \u00e1ll majd a sz\u00ednpadra.<\/p>\n<p>\u201eHumoros, m\u00e9gis vid\u00e1m, picit mulat\u00f3s m\u0171sorral k\u00e9sz\u00fcl\u00f6k, igyekszem megalapozni a napnak a hangulat\u00e1t \u2013 jelentette ki a rendezv\u00e9ny m\u00e9diapartner\u00e9nek, a Platinum e-Space Hungary \u00e9rdekl\u0151d\u00e9s\u00e9re Polg\u00e1r Peti. \u2013 Szeretek seg\u00edteni, ahogy lehet\u0151s\u00e9gem engedi igyekszem ott lenni, ahol csak lehet. Vannak visszat\u00e9r\u0151 helyeim, ahov\u00e1 minden \u00e9vben ell\u00e1togatok, illetve el\u0151fordul, hogy valami sz\u00edven \u00fct \u00e9s elv\u00e1llalom \u2013 folytatta Polg\u00e1r Peti, aki az esem\u00e9ny egyik szervez\u0151j\u00e9nek, r\u00e9gi bar\u00e1tj\u00e1nak, \u00c1braham Zolt\u00e1nnak a megh\u00edv\u00e1s\u00e1t fogadta el. \u201eZolinak mindent! Ha \u0151 sz\u00f3l, akkor \u00e1ltal\u00e1ban b\u00e1rmit elv\u00e1llalok\u201d \u2013 tette hozz\u00e1.<\/p>\n<p>Az eg\u00e9sznapos rendezv\u00e9nyen ott lesz majd K\u00f6ll\u0151 Babett is, a sz\u00edn\u00e9szn\u0151 \u2013 akit\u0151l ugyancsak nem \u00e1ll t\u00e1vol a j\u00f3t\u00e9konykod\u00e1s \u2013 ez\u00fattal \u00fagymond hostessk\u00e9nt seg\u00edti a szervez\u0151ket abban, hogy az esem\u00e9ny min\u00e9l jobban siker\u00fclj\u00f6n.<\/p>\n<p>\u201eA befolyt adom\u00e1nyokat fogom \u00e1tny\u00fajtani, a jelenl\u00e9temmel szeretn\u00e9m egy kicsit vonz\u00f3bb\u00e1 tenni az esem\u00e9nyt. V\u00e9gig ott leszek, besz\u00e9lgetek majd az emberekkel\u201d \u2013 \u00e1rulta el K\u00f6ll\u0151 Babett, aki jelenleg a TV2-n l\u00e1that\u00f3 Szt\u00e1rban szt\u00e1r leszek c\u00edm\u0171 m\u0171sor\u00e1nak egyik mestere.<\/p>\n<p>\u201eAzt gondolom, hogy a szerencs\u00e9sebb emberek k\u00f6z\u00e9 tartozom. Eleve azzal, hogy eg\u00e9szs\u00e9gben \u00e9l\u00fcnk, Eur\u00f3p\u00e1ban lakhatunk, \u00edgy az olyan alapvet\u0151 dolgok, mint iv\u00f3v\u00edz \u00e9s \u00e9lelmiszer rendelkez\u00e9sre \u00e1llnak. Szerintem, hogyha az ember ennyit kap az \u00e9lett\u0151l, akkor vissza kell adni. A f\u00e9rjem csal\u00e1dj\u00e1ban a j\u00f3t\u00e9konykod\u00e1s mag\u00e1t\u00f3l \u00e9rtet\u0151d\u0151. \u0150k azt mondj\u00e1k, mindig van olyan ember, aki n\u00e1lad sokkal rosszabb helyzetben van. Mindig kell legyen egy plusz t\u00e1ny\u00e9r leves, nincs olyan, hogy ne tehetn\u00e9d meg, hogy a picik\u00e9t adj abb\u00f3l, amid neked van. Az nem fontos, hogy ki, mi\u00e9rt l\u00e1togat ki egy ilyen rendezv\u00e9nyre, az ismert emberek szem\u00e9lye miatt, vagy sem. A l\u00e9nyeg, hogy ott legyenek \u00e9s akkor val\u00f3sz\u00edn\u0171leg seg\u00edteni fognak\u201d \u2013 tette hozz\u00e1 a sz\u00edn\u00e9szn\u0151.<\/p>\n<p>A rendezv\u00e9nyen t\u00f6bbek k\u00f6z\u00f6tt zen\u00e9l majd Mr. Rick is, aki sz\u00e1m\u00e1ra V\u00e1rkonyi Attila, azaz DJ Dominique jelenti a garanci\u00e1t arra, hogy a p\u00e9nz\u00f6sszeg t\u00e9nyleg azokhoz ker\u00fcl, akik sz\u00e1m\u00e1ra a gy\u0171jt\u00e9s indult. A k\u00e9t zen\u00e9sz k\u00f6z\u00f6sen is sz\u00ednpadra \u00e1ll majd az el\u0151zetes tervek szerint.<\/p>\n<p>\u201eHa az id\u0151m engedi, akkor mindig r\u00e9szt veszek minden j\u00f3t\u00e9konys\u00e1gi rendezv\u00e9nyen. Attila nagyon nagy h\u00edve ennek a dolognak \u00e9s a sz\u00edv\u00e9n viseli. Az volt a k\u00e9r\u00e9s, hogy egy n\u00e9gy-\u00f6t dalt j\u00e1tszak el a reperto\u00e1romb\u00f3l. Nem szoktam k\u00fcl\u00f6nbs\u00e9get tenni fell\u00e9p\u00e9sek k\u00f6z\u00f6tt, ugyanazt fogom csin\u00e1lni, rem\u00e9lhet\u0151leg egy nagyon j\u00f3 hangulat\u00fa fell\u00e9p\u00e9s el\u00e9 n\u00e9z\u00fcnk\u201d \u2013 \u00e1rulta el R\u00e1cz Erik, ismertebb nev\u00e9n Mr. Rick.<\/p>\n<p>\u201e\u00d6r\u00f6mmel megyek seg\u00edteni. Meg\u00e9ltem j\u00f3 p\u00e1r m\u00e9lypontot az \u00e9letemben, ezek voltak szakmai, illetve mag\u00e1n term\u00e9szet\u0171ek. Tudom azt, hogy amikor az ember b\u00e1rmilyen szempontb\u00f3l m\u00e9lypontra ker\u00fcl, akkor milyen j\u00f3l esik a seg\u00edts\u00e9g. Sz\u00f3val, amit \u00e9n csin\u00e1lok, nem is j\u00f3t\u00e9konykod\u00e1snak fogom fel, hanem hogy seg\u00edtek m\u00e1sokon\u201d \u2013 tette hozz\u00e1.<\/p>\n<p>A rendezv\u00e9ny r\u00e9szleteir\u0151l, a fell\u00e9p\u0151kr\u0151l, valamint az egy\u00e9b programokr\u00f3l az al\u00e1bbi <span style=\"text-decoration: underline; color: #0000ff;\"><a style=\"color: #0000ff; text-decoration: underline;\" href=\"https:\/\/www.facebook.com\/events\/1114482912757771\/?active_tab=discussion\" target=\"_blank\" rel=\"noopener\">Facebook-esem\u00e9ny<\/a><\/span>b\u0151l t\u00e1j\u00e9koz\u00f3dhatnak.<\/p>\n<p><img fetchpriority=\"high\" decoding=\"async\" class=\"alignnone size-large wp-image-46638\" src=\"https:\/\/dorogimedence.hu\/wp-content\/uploads\/2022\/09\/Add-a-kezed-plaka\u0301t-ve\u0301gleges-724x1024.jpg\" alt=\"\" width=\"724\" height=\"1024\" srcset=\"https:\/\/dorogimedence.hu\/wp-content\/uploads\/2022\/09\/Add-a-kezed-plaka\u0301t-ve\u0301gleges-724x1024.jpg 724w, https:\/\/dorogimedence.hu\/wp-content\/uploads\/2022\/09\/Add-a-kezed-plaka\u0301t-ve\u0301gleges-212x300.jpg 212w, https:\/\/dorogimedence.hu\/wp-content\/uploads\/2022\/09\/Add-a-kezed-plaka\u0301t-ve\u0301gleges-768x1086.jpg 768w, https:\/\/dorogimedence.hu\/wp-content\/uploads\/2022\/09\/Add-a-kezed-plaka\u0301t-ve\u0301gleges-150x212.jpg 150w, https:\/\/dorogimedence.hu\/wp-content\/uploads\/2022\/09\/Add-a-kezed-plaka\u0301t-ve\u0301gleges-450x636.jpg 450w, https:\/\/dorogimedence.hu\/wp-content\/uploads\/2022\/09\/Add-a-kezed-plaka\u0301t-ve\u0301gleges.jpg 794w\" sizes=\"(max-width: 724px) 100vw, 724px\" \/><\/p>\n<p><em>Forr\u00e1s: Platinum E-Space Hungary Zrt.<\/em><\/p>\n","protected":false},"excerpt":{"rendered":"<p>Folyamatosan b\u0151v\u00fcl a fell\u00e9p\u0151k sora a II. ADD A KEZED J\u00f3t\u00e9konys\u00e1gi Motor-Aut\u00f3 Ki\u00e1ll\u00edt\u00e1s, \u00e9s Zenei Fesztiv\u00e1lra, melyet szeptember 25-\u00e9n, vas\u00e1rnap rendeznek meg a s\u00e1ris\u00e1pi kaolinb\u00e1nya ter\u00fclet\u00e9n elhelyezked\u0151 tri\u00e1l p\u00e1ly\u00e1n. A szervez\u0151k ez\u00fattal k\u00e9t beteg szem\u00e9lynek, valamint csal\u00e1djuk sz\u00e1m\u00e1ra szervezik a gy\u0171jt\u00e9st. A rendezv\u00e9ny els\u0151 fell\u00e9p\u0151je, Polg\u00e1r Peti lesz, aki el\u0151re l\u00e1that\u00f3lag a megnyit\u00f3t k\u00f6vet\u0151en 10:15<\/p>\n","protected":false},"author":1,"featured_media":46630,"comment_status":"closed","ping_status":"closed","sticky":false,"template":"","format":"standard","meta":{"ngg_post_thumbnail":0,"footnotes":""},"categories":[3,3561],"tags":[6691,6692,194,423],"class_list":{"0":"post-46629","1":"post","2":"type-post","3":"status-publish","4":"format-standard","5":"has-post-thumbnail","7":"category-hirek","8":"category-programok","9":"tag-auto-motor","10":"tag-jotekonysagi","11":"tag-kiallitas","12":"tag-sarisap"},"yoast_head":"<!-- This site is optimized with the Yoast SEO plugin v27.5 - https:\/\/yoast.com\/product\/yoast-seo-wordpress\/ -->\n<title>Szt\u00e1rfell\u00e9p\u0151kkel v\u00e1rj\u00e1k az \u00e9rdekl\u0151d\u0151ket S\u00e1ris\u00e1pon<\/title>\n<meta name=\"robots\" content=\"index, follow, max-snippet:-1, max-image-preview:large, max-video-preview:-1\" \/>\n<link rel=\"canonical\" href=\"https:\/\/dorogimedence.hu\/index.php\/2022\/09\/19\/sztarfellepokkel-varjak-az-erdeklodoket-sarisapon\/\" class=\"yoast-seo-meta-tag\" \/>\n<meta property=\"og:locale\" content=\"hu_HU\" class=\"yoast-seo-meta-tag\" \/>\n<meta property=\"og:type\" content=\"article\" class=\"yoast-seo-meta-tag\" \/>\n<meta property=\"og:title\" content=\"Szt\u00e1rfell\u00e9p\u0151kkel v\u00e1rj\u00e1k az \u00e9rdekl\u0151d\u0151ket S\u00e1ris\u00e1pon\" class=\"yoast-seo-meta-tag\" \/>\n<meta property=\"og:description\" content=\"Folyamatosan b\u0151v\u00fcl a fell\u00e9p\u0151k sora a II. ADD A KEZED J\u00f3t\u00e9konys\u00e1gi Motor-Aut\u00f3 Ki\u00e1ll\u00edt\u00e1s, \u00e9s Zenei Fesztiv\u00e1lra, melyet szeptember 25-\u00e9n, vas\u00e1rnap rendeznek meg a s\u00e1ris\u00e1pi kaolinb\u00e1nya ter\u00fclet\u00e9n elhelyezked\u0151 tri\u00e1l p\u00e1ly\u00e1n. A szervez\u0151k ez\u00fattal k\u00e9t beteg szem\u00e9lynek, valamint csal\u00e1djuk sz\u00e1m\u00e1ra szervezik a gy\u0171jt\u00e9st. A rendezv\u00e9ny els\u0151 fell\u00e9p\u0151je, Polg\u00e1r Peti lesz, aki el\u0151re l\u00e1that\u00f3lag a megnyit\u00f3t k\u00f6vet\u0151en 10:15\" class=\"yoast-seo-meta-tag\" \/>\n<meta property=\"og:url\" content=\"https:\/\/dorogimedence.hu\/index.php\/2022\/09\/19\/sztarfellepokkel-varjak-az-erdeklodoket-sarisapon\/\" class=\"yoast-seo-meta-tag\" \/>\n<meta property=\"og:site_name\" content=\"Dorogi-medence Region\u00e1lis H\u00edrport\u00e1l\" class=\"yoast-seo-meta-tag\" \/>\n<meta property=\"article:publisher\" content=\"https:\/\/www.facebook.com\/dorogimedence\/\" class=\"yoast-seo-meta-tag\" \/>\n<meta property=\"article:published_time\" content=\"2022-09-19T08:50:56+00:00\" class=\"yoast-seo-meta-tag\" \/>\n<meta property=\"article:modified_time\" content=\"2022-09-19T10:01:06+00:00\" class=\"yoast-seo-meta-tag\" \/>\n<meta property=\"og:image\" content=\"https:\/\/i0.wp.com\/dorogimedence.hu\/wp-content\/uploads\/2022\/09\/306623020_521478826557043_6115673915697710963_n.jpg?fit=1080%2C720&ssl=1\" class=\"yoast-seo-meta-tag\" \/>\n\t<meta property=\"og:image:width\" content=\"1080\" class=\"yoast-seo-meta-tag\" \/>\n\t<meta property=\"og:image:height\" content=\"720\" class=\"yoast-seo-meta-tag\" \/>\n\t<meta property=\"og:image:type\" content=\"image\/jpeg\" class=\"yoast-seo-meta-tag\" \/>\n<meta name=\"author\" content=\"dorogimedence.hu\" class=\"yoast-seo-meta-tag\" \/>\n<meta name=\"twitter:card\" content=\"summary_large_image\" class=\"yoast-seo-meta-tag\" \/>\n<meta name=\"twitter:label1\" content=\"Szerz\u0151:\" class=\"yoast-seo-meta-tag\" \/>\n\t<meta name=\"twitter:data1\" content=\"dorogimedence.hu\" class=\"yoast-seo-meta-tag\" \/>\n\t<meta name=\"twitter:label2\" content=\"Becs\u00fclt olvas\u00e1si id\u0151\" class=\"yoast-seo-meta-tag\" \/>\n\t<meta name=\"twitter:data2\" content=\"4 perc\" class=\"yoast-seo-meta-tag\" \/>\n<script type=\"application\/ld+json\" class=\"yoast-schema-graph\">{\"@context\":\"https:\\\/\\\/schema.org\",\"@graph\":[{\"@type\":\"Article\",\"@id\":\"https:\\\/\\\/dorogimedence.hu\\\/index.php\\\/2022\\\/09\\\/19\\\/sztarfellepokkel-varjak-az-erdeklodoket-sarisapon\\\/#article\",\"isPartOf\":{\"@id\":\"https:\\\/\\\/dorogimedence.hu\\\/index.php\\\/2022\\\/09\\\/19\\\/sztarfellepokkel-varjak-az-erdeklodoket-sarisapon\\\/\"},\"author\":{\"name\":\"dorogimedence.hu\",\"@id\":\"https:\\\/\\\/dorogimedence.hu\\\/#\\\/schema\\\/person\\\/ce6091eeb7e95ecdc87890d6aa8e0fd4\"},\"headline\":\"Szt\u00e1rfell\u00e9p\u0151kkel v\u00e1rj\u00e1k az \u00e9rdekl\u0151d\u0151ket S\u00e1ris\u00e1pon\",\"datePublished\":\"2022-09-19T08:50:56+00:00\",\"dateModified\":\"2022-09-19T10:01:06+00:00\",\"mainEntityOfPage\":{\"@id\":\"https:\\\/\\\/dorogimedence.hu\\\/index.php\\\/2022\\\/09\\\/19\\\/sztarfellepokkel-varjak-az-erdeklodoket-sarisapon\\\/\"},\"wordCount\":741,\"publisher\":{\"@id\":\"https:\\\/\\\/dorogimedence.hu\\\/#organization\"},\"image\":{\"@id\":\"https:\\\/\\\/dorogimedence.hu\\\/index.php\\\/2022\\\/09\\\/19\\\/sztarfellepokkel-varjak-az-erdeklodoket-sarisapon\\\/#primaryimage\"},\"thumbnailUrl\":\"https:\\\/\\\/dorogimedence.hu\\\/wp-content\\\/uploads\\\/2022\\\/09\\\/306623020_521478826557043_6115673915697710963_n.jpg\",\"keywords\":[\"aut\u00f3-motor\",\"j\u00f3t\u00e9konys\u00e1gi\",\"ki\u00e1ll\u00edt\u00e1s\",\"S\u00e1ris\u00e1p\"],\"articleSection\":[\"H\u00edrek\",\"Programok\"],\"inLanguage\":\"hu\"},{\"@type\":\"WebPage\",\"@id\":\"https:\\\/\\\/dorogimedence.hu\\\/index.php\\\/2022\\\/09\\\/19\\\/sztarfellepokkel-varjak-az-erdeklodoket-sarisapon\\\/\",\"url\":\"https:\\\/\\\/dorogimedence.hu\\\/index.php\\\/2022\\\/09\\\/19\\\/sztarfellepokkel-varjak-az-erdeklodoket-sarisapon\\\/\",\"name\":\"Szt\u00e1rfell\u00e9p\u0151kkel v\u00e1rj\u00e1k az \u00e9rdekl\u0151d\u0151ket S\u00e1ris\u00e1pon\",\"isPartOf\":{\"@id\":\"https:\\\/\\\/dorogimedence.hu\\\/#website\"},\"primaryImageOfPage\":{\"@id\":\"https:\\\/\\\/dorogimedence.hu\\\/index.php\\\/2022\\\/09\\\/19\\\/sztarfellepokkel-varjak-az-erdeklodoket-sarisapon\\\/#primaryimage\"},\"image\":{\"@id\":\"https:\\\/\\\/dorogimedence.hu\\\/index.php\\\/2022\\\/09\\\/19\\\/sztarfellepokkel-varjak-az-erdeklodoket-sarisapon\\\/#primaryimage\"},\"thumbnailUrl\":\"https:\\\/\\\/dorogimedence.hu\\\/wp-content\\\/uploads\\\/2022\\\/09\\\/306623020_521478826557043_6115673915697710963_n.jpg\",\"datePublished\":\"2022-09-19T08:50:56+00:00\",\"dateModified\":\"2022-09-19T10:01:06+00:00\",\"breadcrumb\":{\"@id\":\"https:\\\/\\\/dorogimedence.hu\\\/index.php\\\/2022\\\/09\\\/19\\\/sztarfellepokkel-varjak-az-erdeklodoket-sarisapon\\\/#breadcrumb\"},\"inLanguage\":\"hu\",\"potentialAction\":[{\"@type\":\"ReadAction\",\"target\":[\"https:\\\/\\\/dorogimedence.hu\\\/index.php\\\/2022\\\/09\\\/19\\\/sztarfellepokkel-varjak-az-erdeklodoket-sarisapon\\\/\"]}]},{\"@type\":\"ImageObject\",\"inLanguage\":\"hu\",\"@id\":\"https:\\\/\\\/dorogimedence.hu\\\/index.php\\\/2022\\\/09\\\/19\\\/sztarfellepokkel-varjak-az-erdeklodoket-sarisapon\\\/#primaryimage\",\"url\":\"https:\\\/\\\/dorogimedence.hu\\\/wp-content\\\/uploads\\\/2022\\\/09\\\/306623020_521478826557043_6115673915697710963_n.jpg\",\"contentUrl\":\"https:\\\/\\\/dorogimedence.hu\\\/wp-content\\\/uploads\\\/2022\\\/09\\\/306623020_521478826557043_6115673915697710963_n.jpg\",\"width\":1080,\"height\":720},{\"@type\":\"BreadcrumbList\",\"@id\":\"https:\\\/\\\/dorogimedence.hu\\\/index.php\\\/2022\\\/09\\\/19\\\/sztarfellepokkel-varjak-az-erdeklodoket-sarisapon\\\/#breadcrumb\",\"itemListElement\":[{\"@type\":\"ListItem\",\"position\":1,\"name\":\"Kezd\u0151lap\",\"item\":\"https:\\\/\\\/dorogimedence.hu\\\/\"},{\"@type\":\"ListItem\",\"position\":2,\"name\":\"Szt\u00e1rfell\u00e9p\u0151kkel v\u00e1rj\u00e1k az \u00e9rdekl\u0151d\u0151ket S\u00e1ris\u00e1pon\"}]},{\"@type\":\"WebSite\",\"@id\":\"https:\\\/\\\/dorogimedence.hu\\\/#website\",\"url\":\"https:\\\/\\\/dorogimedence.hu\\\/\",\"name\":\"Dorogi-medence Region\u00e1lis H\u00edrport\u00e1l\",\"description\":\"Dorog, Keszt\u00f6lc, Le\u00e1nyv\u00e1r, Piliscs\u00e9v, Tokod, Tokodalt\u00e1r\u00f3, Csolnok, Esztergom-kertv\u00e1ros: h\u00edrek, programok\",\"publisher\":{\"@id\":\"https:\\\/\\\/dorogimedence.hu\\\/#organization\"},\"potentialAction\":[{\"@type\":\"SearchAction\",\"target\":{\"@type\":\"EntryPoint\",\"urlTemplate\":\"https:\\\/\\\/dorogimedence.hu\\\/?s={search_term_string}\"},\"query-input\":{\"@type\":\"PropertyValueSpecification\",\"valueRequired\":true,\"valueName\":\"search_term_string\"}}],\"inLanguage\":\"hu\"},{\"@type\":\"Organization\",\"@id\":\"https:\\\/\\\/dorogimedence.hu\\\/#organization\",\"name\":\"Dorogi-medence Region\u00e1lis H\u00edrport\u00e1l\",\"url\":\"https:\\\/\\\/dorogimedence.hu\\\/\",\"logo\":{\"@type\":\"ImageObject\",\"inLanguage\":\"hu\",\"@id\":\"https:\\\/\\\/dorogimedence.hu\\\/#\\\/schema\\\/logo\\\/image\\\/\",\"url\":\"https:\\\/\\\/dorogimedence.hu\\\/wp-content\\\/uploads\\\/2021\\\/04\\\/logo-feher-600.png\",\"contentUrl\":\"https:\\\/\\\/dorogimedence.hu\\\/wp-content\\\/uploads\\\/2021\\\/04\\\/logo-feher-600.png\",\"width\":600,\"height\":100,\"caption\":\"Dorogi-medence Region\u00e1lis H\u00edrport\u00e1l\"},\"image\":{\"@id\":\"https:\\\/\\\/dorogimedence.hu\\\/#\\\/schema\\\/logo\\\/image\\\/\"},\"sameAs\":[\"https:\\\/\\\/www.facebook.com\\\/dorogimedence\\\/\"]},{\"@type\":\"Person\",\"@id\":\"https:\\\/\\\/dorogimedence.hu\\\/#\\\/schema\\\/person\\\/ce6091eeb7e95ecdc87890d6aa8e0fd4\",\"name\":\"dorogimedence.hu\",\"image\":{\"@type\":\"ImageObject\",\"inLanguage\":\"hu\",\"@id\":\"\\\/\\\/www.gravatar.com\\\/avatar\\\/d8d45f8901aadff40a4af72c0b826f1d?s=96&#038;r=g&#038;d=mm\",\"url\":\"\\\/\\\/www.gravatar.com\\\/avatar\\\/d8d45f8901aadff40a4af72c0b826f1d?s=96&#038;r=g&#038;d=mm\",\"contentUrl\":\"\\\/\\\/www.gravatar.com\\\/avatar\\\/d8d45f8901aadff40a4af72c0b826f1d?s=96&#038;r=g&#038;d=mm\",\"caption\":\"dorogimedence.hu\"}}]}<\/script>\n<!-- \/ Yoast SEO plugin. -->","yoast_head_json":{"title":"Szt\u00e1rfell\u00e9p\u0151kkel v\u00e1rj\u00e1k az \u00e9rdekl\u0151d\u0151ket S\u00e1ris\u00e1pon","robots":{"index":"index","follow":"follow","max-snippet":"max-snippet:-1","max-image-preview":"max-image-preview:large","max-video-preview":"max-video-preview:-1"},"canonical":"https:\/\/dorogimedence.hu\/index.php\/2022\/09\/19\/sztarfellepokkel-varjak-az-erdeklodoket-sarisapon\/","og_locale":"hu_HU","og_type":"article","og_title":"Szt\u00e1rfell\u00e9p\u0151kkel v\u00e1rj\u00e1k az \u00e9rdekl\u0151d\u0151ket S\u00e1ris\u00e1pon","og_description":"Folyamatosan b\u0151v\u00fcl a fell\u00e9p\u0151k sora a II. ADD A KEZED J\u00f3t\u00e9konys\u00e1gi Motor-Aut\u00f3 Ki\u00e1ll\u00edt\u00e1s, \u00e9s Zenei Fesztiv\u00e1lra, melyet szeptember 25-\u00e9n, vas\u00e1rnap rendeznek meg a s\u00e1ris\u00e1pi kaolinb\u00e1nya ter\u00fclet\u00e9n elhelyezked\u0151 tri\u00e1l p\u00e1ly\u00e1n. A szervez\u0151k ez\u00fattal k\u00e9t beteg szem\u00e9lynek, valamint csal\u00e1djuk sz\u00e1m\u00e1ra szervezik a gy\u0171jt\u00e9st. A rendezv\u00e9ny els\u0151 fell\u00e9p\u0151je, Polg\u00e1r Peti lesz, aki el\u0151re l\u00e1that\u00f3lag a megnyit\u00f3t k\u00f6vet\u0151en 10:15","og_url":"https:\/\/dorogimedence.hu\/index.php\/2022\/09\/19\/sztarfellepokkel-varjak-az-erdeklodoket-sarisapon\/","og_site_name":"Dorogi-medence Region\u00e1lis H\u00edrport\u00e1l","article_publisher":"https:\/\/www.facebook.com\/dorogimedence\/","article_published_time":"2022-09-19T08:50:56+00:00","article_modified_time":"2022-09-19T10:01:06+00:00","og_image":[{"width":1080,"height":720,"url":"https:\/\/i0.wp.com\/dorogimedence.hu\/wp-content\/uploads\/2022\/09\/306623020_521478826557043_6115673915697710963_n.jpg?fit=1080%2C720&ssl=1","type":"image\/jpeg"}],"author":"dorogimedence.hu","twitter_card":"summary_large_image","twitter_misc":{"Szerz\u0151:":"dorogimedence.hu","Becs\u00fclt olvas\u00e1si id\u0151":"4 perc"},"schema":{"@context":"https:\/\/schema.org","@graph":[{"@type":"Article","@id":"https:\/\/dorogimedence.hu\/index.php\/2022\/09\/19\/sztarfellepokkel-varjak-az-erdeklodoket-sarisapon\/#article","isPartOf":{"@id":"https:\/\/dorogimedence.hu\/index.php\/2022\/09\/19\/sztarfellepokkel-varjak-az-erdeklodoket-sarisapon\/"},"author":{"name":"dorogimedence.hu","@id":"https:\/\/dorogimedence.hu\/#\/schema\/person\/ce6091eeb7e95ecdc87890d6aa8e0fd4"},"headline":"Szt\u00e1rfell\u00e9p\u0151kkel v\u00e1rj\u00e1k az \u00e9rdekl\u0151d\u0151ket S\u00e1ris\u00e1pon","datePublished":"2022-09-19T08:50:56+00:00","dateModified":"2022-09-19T10:01:06+00:00","mainEntityOfPage":{"@id":"https:\/\/dorogimedence.hu\/index.php\/2022\/09\/19\/sztarfellepokkel-varjak-az-erdeklodoket-sarisapon\/"},"wordCount":741,"publisher":{"@id":"https:\/\/dorogimedence.hu\/#organization"},"image":{"@id":"https:\/\/dorogimedence.hu\/index.php\/2022\/09\/19\/sztarfellepokkel-varjak-az-erdeklodoket-sarisapon\/#primaryimage"},"thumbnailUrl":"https:\/\/dorogimedence.hu\/wp-content\/uploads\/2022\/09\/306623020_521478826557043_6115673915697710963_n.jpg","keywords":["aut\u00f3-motor","j\u00f3t\u00e9konys\u00e1gi","ki\u00e1ll\u00edt\u00e1s","S\u00e1ris\u00e1p"],"articleSection":["H\u00edrek","Programok"],"inLanguage":"hu"},{"@type":"WebPage","@id":"https:\/\/dorogimedence.hu\/index.php\/2022\/09\/19\/sztarfellepokkel-varjak-az-erdeklodoket-sarisapon\/","url":"https:\/\/dorogimedence.hu\/index.php\/2022\/09\/19\/sztarfellepokkel-varjak-az-erdeklodoket-sarisapon\/","name":"Szt\u00e1rfell\u00e9p\u0151kkel v\u00e1rj\u00e1k az \u00e9rdekl\u0151d\u0151ket S\u00e1ris\u00e1pon","isPartOf":{"@id":"https:\/\/dorogimedence.hu\/#website"},"primaryImageOfPage":{"@id":"https:\/\/dorogimedence.hu\/index.php\/2022\/09\/19\/sztarfellepokkel-varjak-az-erdeklodoket-sarisapon\/#primaryimage"},"image":{"@id":"https:\/\/dorogimedence.hu\/index.php\/2022\/09\/19\/sztarfellepokkel-varjak-az-erdeklodoket-sarisapon\/#primaryimage"},"thumbnailUrl":"https:\/\/dorogimedence.hu\/wp-content\/uploads\/2022\/09\/306623020_521478826557043_6115673915697710963_n.jpg","datePublished":"2022-09-19T08:50:56+00:00","dateModified":"2022-09-19T10:01:06+00:00","breadcrumb":{"@id":"https:\/\/dorogimedence.hu\/index.php\/2022\/09\/19\/sztarfellepokkel-varjak-az-erdeklodoket-sarisapon\/#breadcrumb"},"inLanguage":"hu","potentialAction":[{"@type":"ReadAction","target":["https:\/\/dorogimedence.hu\/index.php\/2022\/09\/19\/sztarfellepokkel-varjak-az-erdeklodoket-sarisapon\/"]}]},{"@type":"ImageObject","inLanguage":"hu","@id":"https:\/\/dorogimedence.hu\/index.php\/2022\/09\/19\/sztarfellepokkel-varjak-az-erdeklodoket-sarisapon\/#primaryimage","url":"https:\/\/dorogimedence.hu\/wp-content\/uploads\/2022\/09\/306623020_521478826557043_6115673915697710963_n.jpg","contentUrl":"https:\/\/dorogimedence.hu\/wp-content\/uploads\/2022\/09\/306623020_521478826557043_6115673915697710963_n.jpg","width":1080,"height":720},{"@type":"BreadcrumbList","@id":"https:\/\/dorogimedence.hu\/index.php\/2022\/09\/19\/sztarfellepokkel-varjak-az-erdeklodoket-sarisapon\/#breadcrumb","itemListElement":[{"@type":"ListItem","position":1,"name":"Kezd\u0151lap","item":"https:\/\/dorogimedence.hu\/"},{"@type":"ListItem","position":2,"name":"Szt\u00e1rfell\u00e9p\u0151kkel v\u00e1rj\u00e1k az \u00e9rdekl\u0151d\u0151ket S\u00e1ris\u00e1pon"}]},{"@type":"WebSite","@id":"https:\/\/dorogimedence.hu\/#website","url":"https:\/\/dorogimedence.hu\/","name":"Dorogi-medence Region\u00e1lis H\u00edrport\u00e1l","description":"Dorog, Keszt\u00f6lc, Le\u00e1nyv\u00e1r, Piliscs\u00e9v, Tokod, Tokodalt\u00e1r\u00f3, Csolnok, Esztergom-kertv\u00e1ros: h\u00edrek, programok","publisher":{"@id":"https:\/\/dorogimedence.hu\/#organization"},"potentialAction":[{"@type":"SearchAction","target":{"@type":"EntryPoint","urlTemplate":"https:\/\/dorogimedence.hu\/?s={search_term_string}"},"query-input":{"@type":"PropertyValueSpecification","valueRequired":true,"valueName":"search_term_string"}}],"inLanguage":"hu"},{"@type":"Organization","@id":"https:\/\/dorogimedence.hu\/#organization","name":"Dorogi-medence Region\u00e1lis H\u00edrport\u00e1l","url":"https:\/\/dorogimedence.hu\/","logo":{"@type":"ImageObject","inLanguage":"hu","@id":"https:\/\/dorogimedence.hu\/#\/schema\/logo\/image\/","url":"https:\/\/dorogimedence.hu\/wp-content\/uploads\/2021\/04\/logo-feher-600.png","contentUrl":"https:\/\/dorogimedence.hu\/wp-content\/uploads\/2021\/04\/logo-feher-600.png","width":600,"height":100,"caption":"Dorogi-medence Region\u00e1lis H\u00edrport\u00e1l"},"image":{"@id":"https:\/\/dorogimedence.hu\/#\/schema\/logo\/image\/"},"sameAs":["https:\/\/www.facebook.com\/dorogimedence\/"]},{"@type":"Person","@id":"https:\/\/dorogimedence.hu\/#\/schema\/person\/ce6091eeb7e95ecdc87890d6aa8e0fd4","name":"dorogimedence.hu","image":{"@type":"ImageObject","inLanguage":"hu","@id":"\/\/www.gravatar.com\/avatar\/d8d45f8901aadff40a4af72c0b826f1d?s=96&#038;r=g&#038;d=mm","url":"\/\/www.gravatar.com\/avatar\/d8d45f8901aadff40a4af72c0b826f1d?s=96&#038;r=g&#038;d=mm","contentUrl":"\/\/www.gravatar.com\/avatar\/d8d45f8901aadff40a4af72c0b826f1d?s=96&#038;r=g&#038;d=mm","caption":"dorogimedence.hu"}}]}},"_links":{"self":[{"href":"https:\/\/dorogimedence.hu\/index.php\/wp-json\/wp\/v2\/posts\/46629","targetHints":{"allow":["GET"]}}],"collection":[{"href":"https:\/\/dorogimedence.hu\/index.php\/wp-json\/wp\/v2\/posts"}],"about":[{"href":"https:\/\/dorogimedence.hu\/index.php\/wp-json\/wp\/v2\/types\/post"}],"author":[{"embeddable":true,"href":"https:\/\/dorogimedence.hu\/index.php\/wp-json\/wp\/v2\/users\/1"}],"replies":[{"embeddable":true,"href":"https:\/\/dorogimedence.hu\/index.php\/wp-json\/wp\/v2\/comments?post=46629"}],"version-history":[{"count":0,"href":"https:\/\/dorogimedence.hu\/index.php\/wp-json\/wp\/v2\/posts\/46629\/revisions"}],"wp:featuredmedia":[{"embeddable":true,"href":"https:\/\/dorogimedence.hu\/index.php\/wp-json\/wp\/v2\/media\/46630"}],"wp:attachment":[{"href":"https:\/\/dorogimedence.hu\/index.php\/wp-json\/wp\/v2\/media?parent=46629"}],"wp:term":[{"taxonomy":"category","embeddable":true,"href":"https:\/\/dorogimedence.hu\/index.php\/wp-json\/wp\/v2\/categories?post=46629"},{"taxonomy":"post_tag","embeddable":true,"href":"https:\/\/dorogimedence.hu\/index.php\/wp-json\/wp\/v2\/tags?post=46629"}],"curies":[{"name":"wp","href":"https:\/\/api.w.org\/{rel}","templated":true}]}}