{"id":46616,"date":"2022-09-19T07:20:19","date_gmt":"2022-09-19T05:20:19","guid":{"rendered":"https:\/\/dorogimedence.hu\/?p=46616"},"modified":"2022-09-19T07:20:52","modified_gmt":"2022-09-19T05:20:52","slug":"megyefejlesztes-2021-2027","status":"publish","type":"post","link":"https:\/\/dorogimedence.hu\/index.php\/2022\/09\/19\/megyefejlesztes-2021-2027\/","title":{"rendered":"Megyefejleszt\u00e9s 2021-2027"},"content":{"rendered":"<p><strong>V\u00e9g\u00e9hez \u00e9rt a Kom\u00e1rom-Esztergom megyei fejleszt\u00e9sek megalapoz\u00e1s\u00e1t, el\u0151k\u00e9sz\u00edt\u00e9s\u00e9t biztos\u00edt\u00f3, \u201eStabilan az \u00e9lvonalban \u2013 megyefejleszt\u00e9s 2027\u201d projekt. A Kom\u00e1rom-Esztergom Megyei \u00d6nkorm\u00e1nyzat \u00e1ltal vezetett konzorcium elk\u00e9sz\u00edttette a 2021-27-es fejleszt\u00e9si ciklus forr\u00e1sait megalapoz\u00f3 megyei ter\u00fcleti terveket \u00e9s a telep\u00fcl\u00e9sek \u00e1ltal tervezett fejleszt\u00e9sekhez kapcsol\u00f3d\u00f3 dokumentumokat, tanulm\u00e1nyokat. A p\u00e1ly\u00e1zatb\u00f3l elk\u00e9sz\u00edtett terveknek k\u00f6sz\u00f6nhet\u0151en a telep\u00fcl\u00e9sek \u00edgy m\u00e1r j\u00f3l el\u0151k\u00e9sz\u00edtett \u00e9s m\u0171szakilag megalapozott fejleszt\u00e9sekre p\u00e1ly\u00e1zhatnak a 2021-27-es fejleszt\u00e9si ciklusban.<\/strong><\/p>\n<p>A \u201eStabilan az \u00e9lvonalban-megyefejleszt\u00e9s 2027\u201d c\u00edm\u0171, TOP-1.5.1-20-2020-00004 azonos\u00edt\u00f3sz\u00e1m\u00fa projekt keret\u00e9ben a 2021-2027-es tervez\u00e9si id\u0151szakra vonatkoz\u00f3 ter\u00fcleti tervek meg\u00faj\u00edt\u00e1sa, valamint a&nbsp;&nbsp; telep\u00fcl\u00e9si projektek el\u0151k\u00e9sz\u00edt\u00e9si munk\u00e1latai 2021. janu\u00e1rj\u00e1ban kezd\u0151dtek el.<\/p>\n<p>A projekt keret\u00e9ben a Kom\u00e1rom-Esztergom Megyei \u00d6nkorm\u00e1nyzat a 2021-2027 eur\u00f3pai uni\u00f3s k\u00f6lts\u00e9gvet\u00e9si id\u0151szakban a megy\u00e9re jut\u00f3 \u00e1gazati \u00e9s ter\u00fcleti t\u00e1mogat\u00e1sok tervez\u00e9s\u00e9hez, leh\u00edv\u00e1s\u00e1hoz alapfelt\u00e9telt jelent\u0151 dokumentumok elk\u00e9sz\u00edt\u00e9s\u00e9hez ig\u00e9nyelt forr\u00e1st. Az elnyert t\u00e1mogat\u00e1sb\u00f3l el\u0151sz\u00f6r a megye ter\u00fcleti adotts\u00e1gaira vonatkoz\u00f3 helyzetfelt\u00e1r\u00e1s \u00e9s \u00e9rt\u00e9kel\u00e9s t\u00f6rt\u00e9nt meg, majd a 2030-as id\u0151t\u00e1v\u00fa megyei ter\u00fcletfejleszt\u00e9si koncepci\u00f3 fel\u00fclvizsg\u00e1lata t\u00f6rt\u00e9nt meg, ami alapj\u00e1n a megyei ter\u00fcletfejleszt\u00e9si strat\u00e9gia \u00e9s operat\u00edv program, az ezekhez kapcsol\u00f3d\u00f3 ter\u00fcleti hat\u00e1svizsg\u00e1lat, \u00e9s a strat\u00e9giai k\u00f6rnyezeti vizsg\u00e1lat is elk\u00e9sz\u00fclt sz\u00e9lesk\u00f6r\u0171 nyilv\u00e1noss\u00e1g k\u00eds\u00e9ret\u00e9ben, partners\u00e9gi tervez\u00e9sben.<\/p>\n<p>A Kom\u00e1rom-Esztergom Megyei Ter\u00fcletfejleszt\u00e9si Kft \u00e9s a Kom\u00e1rom-Esztergom Megyei \u00d6nkorm\u00e1nyzat a telep\u00fcl\u00e9sek k\u00f6r\u00e9ben el\u0151sz\u00f6r ig\u00e9nyfelm\u00e9r\u00e9st folytatott le, amely sor\u00e1n a telep\u00fcl\u00e9sek jelezhett\u00e9k ig\u00e9nyeiket a tervezett projektjeik megval\u00f3s\u00edt\u00e1s\u00e1hoz sz\u00fcks\u00e9ges tervekre, tanulm\u00e1nyokra, hat\u00e1svizsg\u00e1latokra. A Kft. szakemberei ezt k\u00f6vet\u0151en t\u00f6bb, mint 100 projekt-el\u0151k\u00e9sz\u00edt\u00e9si dokumentumot k\u00e9sz\u00edttettek el, melyek k\u00f6z\u00fcl a megalapoz\u00f3 tanulm\u00e1nyok sz\u00e1ma meghaladta az 50-et, 13 enged\u00e9lyez\u00e9si, illetve kiviteli terv, 35 pedig m\u0171szaki megalapoz\u00f3 dokumentum (talajmechanikai vizsg\u00e1lat, geod\u00e9ziai felm\u00e9r\u00e9s, energetikai tan\u00fas\u00edt\u00e1s, v\u00e1zlatterv) volt. A projekt Kom\u00e1rom-Esztergom megye ter\u00fclet\u00e9n val\u00f3sult meg \u00e9s szakmai tartalma kapcsol\u00f3dott a konzorciumi partnerek ter\u00fcletfejleszt\u00e9si profilj\u00e1hoz.<\/p>\n<p>Az Eur\u00f3pai Uni\u00f3 215 milli\u00f3 forintos t\u00e1mogat\u00e1s\u00e1val elk\u00e9sz\u00edtett dokumentumokkal a Kom\u00e1rom-Esztergom Megyei \u00d6nkorm\u00e1nyzat \u00e9s a Kom\u00e1rom-Esztergom Megyei Ter\u00fcletfejleszt\u00e9si Kft. konzorciuma sz\u00e1mos telep\u00fcl\u00e9s r\u00e9sz\u00e9re ny\u00fajtott seg\u00edts\u00e9get a fejleszt\u00e9si elk\u00e9pzel\u00e9seik megval\u00f3s\u00edt\u00e1s\u00e1hoz sz\u00fcks\u00e9ges p\u00e1ly\u00e1zatok elk\u00e9sz\u00edt\u00e9s\u00e9hez.<\/p>\n<p>A projekt a Sz\u00e9chenyi 2020 program keret\u00e9ben val\u00f3sult meg.<\/p>\n","protected":false},"excerpt":{"rendered":"<p>V\u00e9g\u00e9hez \u00e9rt a Kom\u00e1rom-Esztergom megyei fejleszt\u00e9sek megalapoz\u00e1s\u00e1t, el\u0151k\u00e9sz\u00edt\u00e9s\u00e9t biztos\u00edt\u00f3, \u201eStabilan az \u00e9lvonalban \u2013 megyefejleszt\u00e9s 2027\u201d projekt. A Kom\u00e1rom-Esztergom Megyei \u00d6nkorm\u00e1nyzat \u00e1ltal vezetett konzorcium elk\u00e9sz\u00edttette a 2021-27-es fejleszt\u00e9si ciklus forr\u00e1sait megalapoz\u00f3 megyei ter\u00fcleti terveket \u00e9s a telep\u00fcl\u00e9sek \u00e1ltal tervezett fejleszt\u00e9sekhez kapcsol\u00f3d\u00f3 dokumentumokat, tanulm\u00e1nyokat. A p\u00e1ly\u00e1zatb\u00f3l elk\u00e9sz\u00edtett terveknek k\u00f6sz\u00f6nhet\u0151en a telep\u00fcl\u00e9sek \u00edgy m\u00e1r j\u00f3l el\u0151k\u00e9sz\u00edtett \u00e9s m\u0171szakilag<\/p>\n","protected":false},"author":1,"featured_media":46617,"comment_status":"closed","ping_status":"closed","sticky":false,"template":"","format":"standard","meta":{"ngg_post_thumbnail":0,"footnotes":""},"categories":[3,56],"tags":[3799,74],"class_list":{"0":"post-46616","1":"post","2":"type-post","3":"status-publish","4":"format-standard","5":"has-post-thumbnail","7":"category-hirek","8":"category-komarom-esztergom","9":"tag-komarom-esztergom-megye","10":"tag-palyazat"},"yoast_head":"<!-- This site is optimized with the Yoast SEO plugin v27.4 - https:\/\/yoast.com\/product\/yoast-seo-wordpress\/ -->\n<title>Megyefejleszt\u00e9s 2021-2027<\/title>\n<meta name=\"robots\" content=\"index, follow, max-snippet:-1, max-image-preview:large, max-video-preview:-1\" \/>\n<link rel=\"canonical\" href=\"https:\/\/dorogimedence.hu\/index.php\/2022\/09\/19\/megyefejlesztes-2021-2027\/\" class=\"yoast-seo-meta-tag\" \/>\n<meta property=\"og:locale\" content=\"hu_HU\" class=\"yoast-seo-meta-tag\" \/>\n<meta property=\"og:type\" content=\"article\" class=\"yoast-seo-meta-tag\" \/>\n<meta property=\"og:title\" content=\"Megyefejleszt\u00e9s 2021-2027\" class=\"yoast-seo-meta-tag\" \/>\n<meta property=\"og:description\" content=\"V\u00e9g\u00e9hez \u00e9rt a Kom\u00e1rom-Esztergom megyei fejleszt\u00e9sek megalapoz\u00e1s\u00e1t, el\u0151k\u00e9sz\u00edt\u00e9s\u00e9t biztos\u00edt\u00f3, \u201eStabilan az \u00e9lvonalban \u2013 megyefejleszt\u00e9s 2027\u201d projekt. A Kom\u00e1rom-Esztergom Megyei \u00d6nkorm\u00e1nyzat \u00e1ltal vezetett konzorcium elk\u00e9sz\u00edttette a 2021-27-es fejleszt\u00e9si ciklus forr\u00e1sait megalapoz\u00f3 megyei ter\u00fcleti terveket \u00e9s a telep\u00fcl\u00e9sek \u00e1ltal tervezett fejleszt\u00e9sekhez kapcsol\u00f3d\u00f3 dokumentumokat, tanulm\u00e1nyokat. A p\u00e1ly\u00e1zatb\u00f3l elk\u00e9sz\u00edtett terveknek k\u00f6sz\u00f6nhet\u0151en a telep\u00fcl\u00e9sek \u00edgy m\u00e1r j\u00f3l el\u0151k\u00e9sz\u00edtett \u00e9s m\u0171szakilag\" class=\"yoast-seo-meta-tag\" \/>\n<meta property=\"og:url\" content=\"https:\/\/dorogimedence.hu\/index.php\/2022\/09\/19\/megyefejlesztes-2021-2027\/\" class=\"yoast-seo-meta-tag\" \/>\n<meta property=\"og:site_name\" content=\"Dorogi-medence Region\u00e1lis H\u00edrport\u00e1l\" class=\"yoast-seo-meta-tag\" \/>\n<meta property=\"article:publisher\" content=\"https:\/\/www.facebook.com\/dorogimedence\/\" class=\"yoast-seo-meta-tag\" \/>\n<meta property=\"article:published_time\" content=\"2022-09-19T05:20:19+00:00\" class=\"yoast-seo-meta-tag\" \/>\n<meta property=\"article:modified_time\" content=\"2022-09-19T05:20:52+00:00\" class=\"yoast-seo-meta-tag\" \/>\n<meta property=\"og:image\" content=\"https:\/\/i0.wp.com\/dorogimedence.hu\/wp-content\/uploads\/2022\/09\/komarom-esztergom.jpg?fit=1920%2C960&ssl=1\" class=\"yoast-seo-meta-tag\" \/>\n\t<meta property=\"og:image:width\" content=\"1920\" class=\"yoast-seo-meta-tag\" \/>\n\t<meta property=\"og:image:height\" content=\"960\" class=\"yoast-seo-meta-tag\" \/>\n\t<meta property=\"og:image:type\" content=\"image\/jpeg\" class=\"yoast-seo-meta-tag\" \/>\n<meta name=\"author\" content=\"dorogimedence.hu\" class=\"yoast-seo-meta-tag\" \/>\n<meta name=\"twitter:card\" content=\"summary_large_image\" class=\"yoast-seo-meta-tag\" \/>\n<meta name=\"twitter:label1\" content=\"Szerz\u0151:\" class=\"yoast-seo-meta-tag\" \/>\n\t<meta name=\"twitter:data1\" content=\"dorogimedence.hu\" class=\"yoast-seo-meta-tag\" \/>\n\t<meta name=\"twitter:label2\" content=\"Becs\u00fclt olvas\u00e1si id\u0151\" class=\"yoast-seo-meta-tag\" \/>\n\t<meta name=\"twitter:data2\" content=\"3 perc\" class=\"yoast-seo-meta-tag\" \/>\n<script type=\"application\/ld+json\" class=\"yoast-schema-graph\">{\"@context\":\"https:\\\/\\\/schema.org\",\"@graph\":[{\"@type\":\"Article\",\"@id\":\"https:\\\/\\\/dorogimedence.hu\\\/index.php\\\/2022\\\/09\\\/19\\\/megyefejlesztes-2021-2027\\\/#article\",\"isPartOf\":{\"@id\":\"https:\\\/\\\/dorogimedence.hu\\\/index.php\\\/2022\\\/09\\\/19\\\/megyefejlesztes-2021-2027\\\/\"},\"author\":{\"name\":\"dorogimedence.hu\",\"@id\":\"https:\\\/\\\/dorogimedence.hu\\\/#\\\/schema\\\/person\\\/ce6091eeb7e95ecdc87890d6aa8e0fd4\"},\"headline\":\"Megyefejleszt\u00e9s 2021-2027\",\"datePublished\":\"2022-09-19T05:20:19+00:00\",\"dateModified\":\"2022-09-19T05:20:52+00:00\",\"mainEntityOfPage\":{\"@id\":\"https:\\\/\\\/dorogimedence.hu\\\/index.php\\\/2022\\\/09\\\/19\\\/megyefejlesztes-2021-2027\\\/\"},\"wordCount\":530,\"publisher\":{\"@id\":\"https:\\\/\\\/dorogimedence.hu\\\/#organization\"},\"image\":{\"@id\":\"https:\\\/\\\/dorogimedence.hu\\\/index.php\\\/2022\\\/09\\\/19\\\/megyefejlesztes-2021-2027\\\/#primaryimage\"},\"thumbnailUrl\":\"https:\\\/\\\/dorogimedence.hu\\\/wp-content\\\/uploads\\\/2022\\\/09\\\/komarom-esztergom.jpg\",\"keywords\":[\"Kom\u00e1rom-Esztergom megye\",\"p\u00e1ly\u00e1zat\"],\"articleSection\":[\"H\u00edrek\",\"Kom\u00e1rom-Esztergom\"],\"inLanguage\":\"hu\"},{\"@type\":\"WebPage\",\"@id\":\"https:\\\/\\\/dorogimedence.hu\\\/index.php\\\/2022\\\/09\\\/19\\\/megyefejlesztes-2021-2027\\\/\",\"url\":\"https:\\\/\\\/dorogimedence.hu\\\/index.php\\\/2022\\\/09\\\/19\\\/megyefejlesztes-2021-2027\\\/\",\"name\":\"Megyefejleszt\u00e9s 2021-2027\",\"isPartOf\":{\"@id\":\"https:\\\/\\\/dorogimedence.hu\\\/#website\"},\"primaryImageOfPage\":{\"@id\":\"https:\\\/\\\/dorogimedence.hu\\\/index.php\\\/2022\\\/09\\\/19\\\/megyefejlesztes-2021-2027\\\/#primaryimage\"},\"image\":{\"@id\":\"https:\\\/\\\/dorogimedence.hu\\\/index.php\\\/2022\\\/09\\\/19\\\/megyefejlesztes-2021-2027\\\/#primaryimage\"},\"thumbnailUrl\":\"https:\\\/\\\/dorogimedence.hu\\\/wp-content\\\/uploads\\\/2022\\\/09\\\/komarom-esztergom.jpg\",\"datePublished\":\"2022-09-19T05:20:19+00:00\",\"dateModified\":\"2022-09-19T05:20:52+00:00\",\"breadcrumb\":{\"@id\":\"https:\\\/\\\/dorogimedence.hu\\\/index.php\\\/2022\\\/09\\\/19\\\/megyefejlesztes-2021-2027\\\/#breadcrumb\"},\"inLanguage\":\"hu\",\"potentialAction\":[{\"@type\":\"ReadAction\",\"target\":[\"https:\\\/\\\/dorogimedence.hu\\\/index.php\\\/2022\\\/09\\\/19\\\/megyefejlesztes-2021-2027\\\/\"]}]},{\"@type\":\"ImageObject\",\"inLanguage\":\"hu\",\"@id\":\"https:\\\/\\\/dorogimedence.hu\\\/index.php\\\/2022\\\/09\\\/19\\\/megyefejlesztes-2021-2027\\\/#primaryimage\",\"url\":\"https:\\\/\\\/dorogimedence.hu\\\/wp-content\\\/uploads\\\/2022\\\/09\\\/komarom-esztergom.jpg\",\"contentUrl\":\"https:\\\/\\\/dorogimedence.hu\\\/wp-content\\\/uploads\\\/2022\\\/09\\\/komarom-esztergom.jpg\",\"width\":1920,\"height\":960},{\"@type\":\"BreadcrumbList\",\"@id\":\"https:\\\/\\\/dorogimedence.hu\\\/index.php\\\/2022\\\/09\\\/19\\\/megyefejlesztes-2021-2027\\\/#breadcrumb\",\"itemListElement\":[{\"@type\":\"ListItem\",\"position\":1,\"name\":\"Kezd\u0151lap\",\"item\":\"https:\\\/\\\/dorogimedence.hu\\\/\"},{\"@type\":\"ListItem\",\"position\":2,\"name\":\"Megyefejleszt\u00e9s 2021-2027\"}]},{\"@type\":\"WebSite\",\"@id\":\"https:\\\/\\\/dorogimedence.hu\\\/#website\",\"url\":\"https:\\\/\\\/dorogimedence.hu\\\/\",\"name\":\"Dorogi-medence Region\u00e1lis H\u00edrport\u00e1l\",\"description\":\"Dorog, Keszt\u00f6lc, Le\u00e1nyv\u00e1r, Piliscs\u00e9v, Tokod, Tokodalt\u00e1r\u00f3, Csolnok, Esztergom-kertv\u00e1ros: h\u00edrek, programok\",\"publisher\":{\"@id\":\"https:\\\/\\\/dorogimedence.hu\\\/#organization\"},\"potentialAction\":[{\"@type\":\"SearchAction\",\"target\":{\"@type\":\"EntryPoint\",\"urlTemplate\":\"https:\\\/\\\/dorogimedence.hu\\\/?s={search_term_string}\"},\"query-input\":{\"@type\":\"PropertyValueSpecification\",\"valueRequired\":true,\"valueName\":\"search_term_string\"}}],\"inLanguage\":\"hu\"},{\"@type\":\"Organization\",\"@id\":\"https:\\\/\\\/dorogimedence.hu\\\/#organization\",\"name\":\"Dorogi-medence Region\u00e1lis H\u00edrport\u00e1l\",\"url\":\"https:\\\/\\\/dorogimedence.hu\\\/\",\"logo\":{\"@type\":\"ImageObject\",\"inLanguage\":\"hu\",\"@id\":\"https:\\\/\\\/dorogimedence.hu\\\/#\\\/schema\\\/logo\\\/image\\\/\",\"url\":\"https:\\\/\\\/dorogimedence.hu\\\/wp-content\\\/uploads\\\/2021\\\/04\\\/logo-feher-600.png\",\"contentUrl\":\"https:\\\/\\\/dorogimedence.hu\\\/wp-content\\\/uploads\\\/2021\\\/04\\\/logo-feher-600.png\",\"width\":600,\"height\":100,\"caption\":\"Dorogi-medence Region\u00e1lis H\u00edrport\u00e1l\"},\"image\":{\"@id\":\"https:\\\/\\\/dorogimedence.hu\\\/#\\\/schema\\\/logo\\\/image\\\/\"},\"sameAs\":[\"https:\\\/\\\/www.facebook.com\\\/dorogimedence\\\/\"]},{\"@type\":\"Person\",\"@id\":\"https:\\\/\\\/dorogimedence.hu\\\/#\\\/schema\\\/person\\\/ce6091eeb7e95ecdc87890d6aa8e0fd4\",\"name\":\"dorogimedence.hu\",\"image\":{\"@type\":\"ImageObject\",\"inLanguage\":\"hu\",\"@id\":\"\\\/\\\/www.gravatar.com\\\/avatar\\\/d8d45f8901aadff40a4af72c0b826f1d?s=96&#038;r=g&#038;d=mm\",\"url\":\"\\\/\\\/www.gravatar.com\\\/avatar\\\/d8d45f8901aadff40a4af72c0b826f1d?s=96&#038;r=g&#038;d=mm\",\"contentUrl\":\"\\\/\\\/www.gravatar.com\\\/avatar\\\/d8d45f8901aadff40a4af72c0b826f1d?s=96&#038;r=g&#038;d=mm\",\"caption\":\"dorogimedence.hu\"}}]}<\/script>\n<!-- \/ Yoast SEO plugin. -->","yoast_head_json":{"title":"Megyefejleszt\u00e9s 2021-2027","robots":{"index":"index","follow":"follow","max-snippet":"max-snippet:-1","max-image-preview":"max-image-preview:large","max-video-preview":"max-video-preview:-1"},"canonical":"https:\/\/dorogimedence.hu\/index.php\/2022\/09\/19\/megyefejlesztes-2021-2027\/","og_locale":"hu_HU","og_type":"article","og_title":"Megyefejleszt\u00e9s 2021-2027","og_description":"V\u00e9g\u00e9hez \u00e9rt a Kom\u00e1rom-Esztergom megyei fejleszt\u00e9sek megalapoz\u00e1s\u00e1t, el\u0151k\u00e9sz\u00edt\u00e9s\u00e9t biztos\u00edt\u00f3, \u201eStabilan az \u00e9lvonalban \u2013 megyefejleszt\u00e9s 2027\u201d projekt. A Kom\u00e1rom-Esztergom Megyei \u00d6nkorm\u00e1nyzat \u00e1ltal vezetett konzorcium elk\u00e9sz\u00edttette a 2021-27-es fejleszt\u00e9si ciklus forr\u00e1sait megalapoz\u00f3 megyei ter\u00fcleti terveket \u00e9s a telep\u00fcl\u00e9sek \u00e1ltal tervezett fejleszt\u00e9sekhez kapcsol\u00f3d\u00f3 dokumentumokat, tanulm\u00e1nyokat. A p\u00e1ly\u00e1zatb\u00f3l elk\u00e9sz\u00edtett terveknek k\u00f6sz\u00f6nhet\u0151en a telep\u00fcl\u00e9sek \u00edgy m\u00e1r j\u00f3l el\u0151k\u00e9sz\u00edtett \u00e9s m\u0171szakilag","og_url":"https:\/\/dorogimedence.hu\/index.php\/2022\/09\/19\/megyefejlesztes-2021-2027\/","og_site_name":"Dorogi-medence Region\u00e1lis H\u00edrport\u00e1l","article_publisher":"https:\/\/www.facebook.com\/dorogimedence\/","article_published_time":"2022-09-19T05:20:19+00:00","article_modified_time":"2022-09-19T05:20:52+00:00","og_image":[{"width":1920,"height":960,"url":"https:\/\/i0.wp.com\/dorogimedence.hu\/wp-content\/uploads\/2022\/09\/komarom-esztergom.jpg?fit=1920%2C960&ssl=1","type":"image\/jpeg"}],"author":"dorogimedence.hu","twitter_card":"summary_large_image","twitter_misc":{"Szerz\u0151:":"dorogimedence.hu","Becs\u00fclt olvas\u00e1si id\u0151":"3 perc"},"schema":{"@context":"https:\/\/schema.org","@graph":[{"@type":"Article","@id":"https:\/\/dorogimedence.hu\/index.php\/2022\/09\/19\/megyefejlesztes-2021-2027\/#article","isPartOf":{"@id":"https:\/\/dorogimedence.hu\/index.php\/2022\/09\/19\/megyefejlesztes-2021-2027\/"},"author":{"name":"dorogimedence.hu","@id":"https:\/\/dorogimedence.hu\/#\/schema\/person\/ce6091eeb7e95ecdc87890d6aa8e0fd4"},"headline":"Megyefejleszt\u00e9s 2021-2027","datePublished":"2022-09-19T05:20:19+00:00","dateModified":"2022-09-19T05:20:52+00:00","mainEntityOfPage":{"@id":"https:\/\/dorogimedence.hu\/index.php\/2022\/09\/19\/megyefejlesztes-2021-2027\/"},"wordCount":530,"publisher":{"@id":"https:\/\/dorogimedence.hu\/#organization"},"image":{"@id":"https:\/\/dorogimedence.hu\/index.php\/2022\/09\/19\/megyefejlesztes-2021-2027\/#primaryimage"},"thumbnailUrl":"https:\/\/dorogimedence.hu\/wp-content\/uploads\/2022\/09\/komarom-esztergom.jpg","keywords":["Kom\u00e1rom-Esztergom megye","p\u00e1ly\u00e1zat"],"articleSection":["H\u00edrek","Kom\u00e1rom-Esztergom"],"inLanguage":"hu"},{"@type":"WebPage","@id":"https:\/\/dorogimedence.hu\/index.php\/2022\/09\/19\/megyefejlesztes-2021-2027\/","url":"https:\/\/dorogimedence.hu\/index.php\/2022\/09\/19\/megyefejlesztes-2021-2027\/","name":"Megyefejleszt\u00e9s 2021-2027","isPartOf":{"@id":"https:\/\/dorogimedence.hu\/#website"},"primaryImageOfPage":{"@id":"https:\/\/dorogimedence.hu\/index.php\/2022\/09\/19\/megyefejlesztes-2021-2027\/#primaryimage"},"image":{"@id":"https:\/\/dorogimedence.hu\/index.php\/2022\/09\/19\/megyefejlesztes-2021-2027\/#primaryimage"},"thumbnailUrl":"https:\/\/dorogimedence.hu\/wp-content\/uploads\/2022\/09\/komarom-esztergom.jpg","datePublished":"2022-09-19T05:20:19+00:00","dateModified":"2022-09-19T05:20:52+00:00","breadcrumb":{"@id":"https:\/\/dorogimedence.hu\/index.php\/2022\/09\/19\/megyefejlesztes-2021-2027\/#breadcrumb"},"inLanguage":"hu","potentialAction":[{"@type":"ReadAction","target":["https:\/\/dorogimedence.hu\/index.php\/2022\/09\/19\/megyefejlesztes-2021-2027\/"]}]},{"@type":"ImageObject","inLanguage":"hu","@id":"https:\/\/dorogimedence.hu\/index.php\/2022\/09\/19\/megyefejlesztes-2021-2027\/#primaryimage","url":"https:\/\/dorogimedence.hu\/wp-content\/uploads\/2022\/09\/komarom-esztergom.jpg","contentUrl":"https:\/\/dorogimedence.hu\/wp-content\/uploads\/2022\/09\/komarom-esztergom.jpg","width":1920,"height":960},{"@type":"BreadcrumbList","@id":"https:\/\/dorogimedence.hu\/index.php\/2022\/09\/19\/megyefejlesztes-2021-2027\/#breadcrumb","itemListElement":[{"@type":"ListItem","position":1,"name":"Kezd\u0151lap","item":"https:\/\/dorogimedence.hu\/"},{"@type":"ListItem","position":2,"name":"Megyefejleszt\u00e9s 2021-2027"}]},{"@type":"WebSite","@id":"https:\/\/dorogimedence.hu\/#website","url":"https:\/\/dorogimedence.hu\/","name":"Dorogi-medence Region\u00e1lis H\u00edrport\u00e1l","description":"Dorog, Keszt\u00f6lc, Le\u00e1nyv\u00e1r, Piliscs\u00e9v, Tokod, Tokodalt\u00e1r\u00f3, Csolnok, Esztergom-kertv\u00e1ros: h\u00edrek, programok","publisher":{"@id":"https:\/\/dorogimedence.hu\/#organization"},"potentialAction":[{"@type":"SearchAction","target":{"@type":"EntryPoint","urlTemplate":"https:\/\/dorogimedence.hu\/?s={search_term_string}"},"query-input":{"@type":"PropertyValueSpecification","valueRequired":true,"valueName":"search_term_string"}}],"inLanguage":"hu"},{"@type":"Organization","@id":"https:\/\/dorogimedence.hu\/#organization","name":"Dorogi-medence Region\u00e1lis H\u00edrport\u00e1l","url":"https:\/\/dorogimedence.hu\/","logo":{"@type":"ImageObject","inLanguage":"hu","@id":"https:\/\/dorogimedence.hu\/#\/schema\/logo\/image\/","url":"https:\/\/dorogimedence.hu\/wp-content\/uploads\/2021\/04\/logo-feher-600.png","contentUrl":"https:\/\/dorogimedence.hu\/wp-content\/uploads\/2021\/04\/logo-feher-600.png","width":600,"height":100,"caption":"Dorogi-medence Region\u00e1lis H\u00edrport\u00e1l"},"image":{"@id":"https:\/\/dorogimedence.hu\/#\/schema\/logo\/image\/"},"sameAs":["https:\/\/www.facebook.com\/dorogimedence\/"]},{"@type":"Person","@id":"https:\/\/dorogimedence.hu\/#\/schema\/person\/ce6091eeb7e95ecdc87890d6aa8e0fd4","name":"dorogimedence.hu","image":{"@type":"ImageObject","inLanguage":"hu","@id":"\/\/www.gravatar.com\/avatar\/d8d45f8901aadff40a4af72c0b826f1d?s=96&#038;r=g&#038;d=mm","url":"\/\/www.gravatar.com\/avatar\/d8d45f8901aadff40a4af72c0b826f1d?s=96&#038;r=g&#038;d=mm","contentUrl":"\/\/www.gravatar.com\/avatar\/d8d45f8901aadff40a4af72c0b826f1d?s=96&#038;r=g&#038;d=mm","caption":"dorogimedence.hu"}}]}},"_links":{"self":[{"href":"https:\/\/dorogimedence.hu\/index.php\/wp-json\/wp\/v2\/posts\/46616","targetHints":{"allow":["GET"]}}],"collection":[{"href":"https:\/\/dorogimedence.hu\/index.php\/wp-json\/wp\/v2\/posts"}],"about":[{"href":"https:\/\/dorogimedence.hu\/index.php\/wp-json\/wp\/v2\/types\/post"}],"author":[{"embeddable":true,"href":"https:\/\/dorogimedence.hu\/index.php\/wp-json\/wp\/v2\/users\/1"}],"replies":[{"embeddable":true,"href":"https:\/\/dorogimedence.hu\/index.php\/wp-json\/wp\/v2\/comments?post=46616"}],"version-history":[{"count":0,"href":"https:\/\/dorogimedence.hu\/index.php\/wp-json\/wp\/v2\/posts\/46616\/revisions"}],"wp:featuredmedia":[{"embeddable":true,"href":"https:\/\/dorogimedence.hu\/index.php\/wp-json\/wp\/v2\/media\/46617"}],"wp:attachment":[{"href":"https:\/\/dorogimedence.hu\/index.php\/wp-json\/wp\/v2\/media?parent=46616"}],"wp:term":[{"taxonomy":"category","embeddable":true,"href":"https:\/\/dorogimedence.hu\/index.php\/wp-json\/wp\/v2\/categories?post=46616"},{"taxonomy":"post_tag","embeddable":true,"href":"https:\/\/dorogimedence.hu\/index.php\/wp-json\/wp\/v2\/tags?post=46616"}],"curies":[{"name":"wp","href":"https:\/\/api.w.org\/{rel}","templated":true}]}}