{"id":46433,"date":"2022-09-12T12:04:32","date_gmt":"2022-09-12T10:04:32","guid":{"rendered":"https:\/\/dorogimedence.hu\/?p=46433"},"modified":"2022-09-12T12:04:43","modified_gmt":"2022-09-12T10:04:43","slug":"tamogatast-kaptak-tersegunk-onkentes-tuzoltoi","status":"publish","type":"post","link":"https:\/\/dorogimedence.hu\/index.php\/2022\/09\/12\/tamogatast-kaptak-tersegunk-onkentes-tuzoltoi\/","title":{"rendered":"T\u00e1mogat\u00e1st kaptak t\u00e9rs\u00e9g\u00fcnk \u00f6nk\u00e9ntes t\u0171zolt\u00f3i"},"content":{"rendered":"<p><strong>A kor\u00e1bban m\u00e1r j\u00f3v\u00e1hagyott p\u00e9nzbeli t\u00e1mogat\u00e1sok ut\u00e1n az orsz\u00e1gos katasztr\u00f3fav\u00e9delmi f\u0151igazgat\u00f3 d\u00f6nt\u00f6tt az \u00f6nkorm\u00e1nyzati t\u0171zolt\u00f3s\u00e1gok \u00e9s az \u00f6nk\u00e9ntes t\u0171zolt\u00f3 egyes\u00fcletek term\u00e9szetbeni t\u00e1mogat\u00e1sair\u00f3l is. T\u00e9rs\u00e9g\u00fcnkben a csolnoki, a nyerges\u00fajfalui \u00e9s a s\u00fctt\u0151i \u00f6nk\u00e9nteseket t\u00e1mogatj\u00e1k.<\/strong><\/p>\n<p>A sz\u00e1mukra \u2013 az id\u00e9n \u00f6t\u00f6dik alkalommal \u2013 ki\u00edrt, 225 milli\u00f3 forint keret\u00f6sszeg\u0171 p\u00e1ly\u00e1zatra mind a hatvan \u00f6nkorm\u00e1nyzati t\u0171zolt\u00f3s\u00e1g ny\u00fajtott be ig\u00e9nyt. A p\u00e9nzbeli t\u00e1mogat\u00e1sokr\u00f3l j\u00faniusban m\u00e1r megsz\u00fcletett a d\u00f6nt\u00e9s, mely \u00e9rtelm\u00e9ben 56 \u00f6nkorm\u00e1nyzati t\u0171zolt\u00f3s\u00e1g kapott \u00f6sszesen 163,5 milli\u00f3 forint t\u00e1mogat\u00e1st. A term\u00e9szetbeni t\u00e1mogat\u00e1sok v\u00e9gs\u0151 elb\u00edr\u00e1l\u00e1sa az egyes beszerz\u00e9si elj\u00e1r\u00e1sok lez\u00e1rul\u00e1s\u00e1t k\u00f6vet\u0151en val\u00f3sulhatott meg. Az erre vonatkoz\u00f3 javaslatot az orsz\u00e1gos katasztr\u00f3fav\u00e9delmi f\u0151igazgat\u00f3 j\u00f3v\u00e1hagyta. Ennek \u00e9rtelm\u00e9ben 46 \u00f6nkorm\u00e1nyzati t\u0171zolt\u00f3s\u00e1g nyert el \u00f6sszesen 61,5 milli\u00f3 forint \u00e9rt\u00e9kben v\u00e9d\u0151eszk\u00f6z\u00f6ket \u00e9s t\u0171zolt\u00f3 technikai eszk\u00f6z\u00f6ket, egy\u00e9b t\u0171zolt\u00e1si \u00e9s m\u0171szaki ment\u00e9si tev\u00e9kenys\u00e9ghez kapcsol\u00f3d\u00f3 eszk\u00f6z\u00f6ket, EDR-r\u00e1di\u00f3kat.<\/p>\n<p>Ami az \u00f6nk\u00e9ntes t\u0171zolt\u00f3 egyes\u00fcleteket illeti, a 480 milli\u00f3 forint keret\u00f6sszeg\u0171 p\u00e1ly\u00e1zatra 604 egyes\u00fclet ny\u00fajtott be p\u00e1ly\u00e1zatot. A p\u00e9nzbeli t\u00e1mogat\u00e1sokr\u00f3l eset\u00fckben is megsz\u00fcletett m\u00e1r a d\u00f6nt\u00e9s, 489 egyes\u00fclet kapott \u00f6sszesen 286,8 milli\u00f3 forint t\u00e1mogat\u00e1st. Az orsz\u00e1gos katasztr\u00f3fav\u00e9delmi f\u0151igazgat\u00f3 d\u00f6nt\u00e9se alapj\u00e1n term\u00e9szetbeni t\u00e1mogat\u00e1sok form\u00e1j\u00e1ban 452 egyes\u00fclet nyert el \u00f6sszesen 193,2 milli\u00f3 forint \u00e9rt\u00e9kben v\u00e9d\u0151eszk\u00f6z\u00f6ket \u00e9s t\u0171zolt\u00f3 technikai eszk\u00f6z\u00f6ket, egy\u00e9b t\u0171zolt\u00e1si \u00e9s m\u0171szaki ment\u00e9si tev\u00e9kenys\u00e9ghez kapcsol\u00f3d\u00f3 eszk\u00f6z\u00f6ket, EDR-r\u00e1di\u00f3kat.<\/p>\n<p><strong>P\u00e1ly\u00e1zaton meg\u00edt\u00e9lt term\u00e9szetbeni \/ EDR r\u00e1di\u00f3 \/ felszerel\u00e9s \u00e9s eszk\u00f6z meg\u00edt\u00e9lt t\u00e1mogat\u00e1s t\u00e9rs\u00e9g\u00fcnkben:<\/strong> Csolnoki Polg\u00e1r\u0151r \u00e9s \u00d6nk\u00e9ntes T\u0171zolt\u00f3 Egyes\u00fclet: 64.770 Ft, S\u00fctt\u0151i \u00d6nk\u00e9ntes T\u0171zolt\u00f3 Egyes\u00fclet: 146.558 Ft + 146.558 Ft, Nyerges\u00fajfalu \u00d6nk\u00e9ntes T\u0171zolt\u00f3 Egyes\u00fclet 411.063 Ft + 343.372 Ft + 67.691 Ft.<\/p>\n<p><span style=\"text-decoration: underline; color: #0000ff;\"><a style=\"color: #0000ff; text-decoration: underline;\" href=\"https:\/\/komarom.katasztrofavedelem.hu\/application\/uploads\/documents\/2022-09\/79621.pdf\" target=\"_blank\" rel=\"noopener\">T\u00e1mogatott szervezetek&gt;&gt;<\/a><\/span><\/p>\n<p><em>Bor\u00edt\u00f3k\u00e9p, forr\u00e1s: Katasztr\u00f3fav\u00e9delem<\/em><\/p>\n","protected":false},"excerpt":{"rendered":"<p>A kor\u00e1bban m\u00e1r j\u00f3v\u00e1hagyott p\u00e9nzbeli t\u00e1mogat\u00e1sok ut\u00e1n az orsz\u00e1gos katasztr\u00f3fav\u00e9delmi f\u0151igazgat\u00f3 d\u00f6nt\u00f6tt az \u00f6nkorm\u00e1nyzati t\u0171zolt\u00f3s\u00e1gok \u00e9s az \u00f6nk\u00e9ntes t\u0171zolt\u00f3 egyes\u00fcletek term\u00e9szetbeni t\u00e1mogat\u00e1sair\u00f3l is. T\u00e9rs\u00e9g\u00fcnkben a csolnoki, a nyerges\u00fajfalui \u00e9s a s\u00fctt\u0151i \u00f6nk\u00e9nteseket t\u00e1mogatj\u00e1k. A sz\u00e1mukra \u2013 az id\u00e9n \u00f6t\u00f6dik alkalommal \u2013 ki\u00edrt, 225 milli\u00f3 forint keret\u00f6sszeg\u0171 p\u00e1ly\u00e1zatra mind a hatvan \u00f6nkorm\u00e1nyzati t\u0171zolt\u00f3s\u00e1g ny\u00fajtott be ig\u00e9nyt.<\/p>\n","protected":false},"author":1,"featured_media":35117,"comment_status":"closed","ping_status":"closed","sticky":false,"template":"","format":"standard","meta":{"ngg_post_thumbnail":0,"footnotes":""},"categories":[64,3,1390],"tags":[175,1030,503,65],"class_list":{"0":"post-46433","1":"post","2":"type-post","3":"status-publish","4":"format-standard","5":"has-post-thumbnail","7":"category-csolnok","8":"category-hirek","9":"category-nyergesujfalu","10":"tag-katasztrofavedelem","11":"tag-onkentes-tuzoltok","12":"tag-tamogatas","13":"tag-tuzoltosag"},"yoast_head":"<!-- This site is optimized with the Yoast SEO plugin v27.4 - https:\/\/yoast.com\/product\/yoast-seo-wordpress\/ -->\n<title>T\u00e1mogat\u00e1st kaptak t\u00e9rs\u00e9g\u00fcnk \u00f6nk\u00e9ntes t\u0171zolt\u00f3i<\/title>\n<meta name=\"robots\" content=\"index, follow, max-snippet:-1, max-image-preview:large, max-video-preview:-1\" \/>\n<link rel=\"canonical\" href=\"https:\/\/dorogimedence.hu\/index.php\/2022\/09\/12\/tamogatast-kaptak-tersegunk-onkentes-tuzoltoi\/\" class=\"yoast-seo-meta-tag\" \/>\n<meta property=\"og:locale\" content=\"hu_HU\" class=\"yoast-seo-meta-tag\" \/>\n<meta property=\"og:type\" content=\"article\" class=\"yoast-seo-meta-tag\" \/>\n<meta property=\"og:title\" content=\"T\u00e1mogat\u00e1st kaptak t\u00e9rs\u00e9g\u00fcnk \u00f6nk\u00e9ntes t\u0171zolt\u00f3i\" class=\"yoast-seo-meta-tag\" \/>\n<meta property=\"og:description\" content=\"A kor\u00e1bban m\u00e1r j\u00f3v\u00e1hagyott p\u00e9nzbeli t\u00e1mogat\u00e1sok ut\u00e1n az orsz\u00e1gos katasztr\u00f3fav\u00e9delmi f\u0151igazgat\u00f3 d\u00f6nt\u00f6tt az \u00f6nkorm\u00e1nyzati t\u0171zolt\u00f3s\u00e1gok \u00e9s az \u00f6nk\u00e9ntes t\u0171zolt\u00f3 egyes\u00fcletek term\u00e9szetbeni t\u00e1mogat\u00e1sair\u00f3l is. T\u00e9rs\u00e9g\u00fcnkben a csolnoki, a nyerges\u00fajfalui \u00e9s a s\u00fctt\u0151i \u00f6nk\u00e9nteseket t\u00e1mogatj\u00e1k. A sz\u00e1mukra \u2013 az id\u00e9n \u00f6t\u00f6dik alkalommal \u2013 ki\u00edrt, 225 milli\u00f3 forint keret\u00f6sszeg\u0171 p\u00e1ly\u00e1zatra mind a hatvan \u00f6nkorm\u00e1nyzati t\u0171zolt\u00f3s\u00e1g ny\u00fajtott be ig\u00e9nyt.\" class=\"yoast-seo-meta-tag\" \/>\n<meta property=\"og:url\" content=\"https:\/\/dorogimedence.hu\/index.php\/2022\/09\/12\/tamogatast-kaptak-tersegunk-onkentes-tuzoltoi\/\" class=\"yoast-seo-meta-tag\" \/>\n<meta property=\"og:site_name\" content=\"Dorogi-medence Region\u00e1lis H\u00edrport\u00e1l\" class=\"yoast-seo-meta-tag\" \/>\n<meta property=\"article:publisher\" content=\"https:\/\/www.facebook.com\/dorogimedence\/\" class=\"yoast-seo-meta-tag\" \/>\n<meta property=\"article:published_time\" content=\"2022-09-12T10:04:32+00:00\" class=\"yoast-seo-meta-tag\" \/>\n<meta property=\"article:modified_time\" content=\"2022-09-12T10:04:43+00:00\" class=\"yoast-seo-meta-tag\" \/>\n<meta property=\"og:image\" content=\"https:\/\/i0.wp.com\/dorogimedence.hu\/wp-content\/uploads\/2021\/07\/tuzolto-eszkozok.jpg?fit=1023%2C683&ssl=1\" class=\"yoast-seo-meta-tag\" \/>\n\t<meta property=\"og:image:width\" content=\"1023\" class=\"yoast-seo-meta-tag\" \/>\n\t<meta property=\"og:image:height\" content=\"683\" class=\"yoast-seo-meta-tag\" \/>\n\t<meta property=\"og:image:type\" content=\"image\/jpeg\" class=\"yoast-seo-meta-tag\" \/>\n<meta name=\"author\" content=\"dorogimedence.hu\" class=\"yoast-seo-meta-tag\" \/>\n<meta name=\"twitter:card\" content=\"summary_large_image\" class=\"yoast-seo-meta-tag\" \/>\n<meta name=\"twitter:label1\" content=\"Szerz\u0151:\" class=\"yoast-seo-meta-tag\" \/>\n\t<meta name=\"twitter:data1\" content=\"dorogimedence.hu\" class=\"yoast-seo-meta-tag\" \/>\n\t<meta name=\"twitter:label2\" content=\"Becs\u00fclt olvas\u00e1si id\u0151\" class=\"yoast-seo-meta-tag\" \/>\n\t<meta name=\"twitter:data2\" content=\"2 perc\" class=\"yoast-seo-meta-tag\" \/>\n<script type=\"application\/ld+json\" class=\"yoast-schema-graph\">{\"@context\":\"https:\\\/\\\/schema.org\",\"@graph\":[{\"@type\":\"Article\",\"@id\":\"https:\\\/\\\/dorogimedence.hu\\\/index.php\\\/2022\\\/09\\\/12\\\/tamogatast-kaptak-tersegunk-onkentes-tuzoltoi\\\/#article\",\"isPartOf\":{\"@id\":\"https:\\\/\\\/dorogimedence.hu\\\/index.php\\\/2022\\\/09\\\/12\\\/tamogatast-kaptak-tersegunk-onkentes-tuzoltoi\\\/\"},\"author\":{\"name\":\"dorogimedence.hu\",\"@id\":\"https:\\\/\\\/dorogimedence.hu\\\/#\\\/schema\\\/person\\\/ce6091eeb7e95ecdc87890d6aa8e0fd4\"},\"headline\":\"T\u00e1mogat\u00e1st kaptak t\u00e9rs\u00e9g\u00fcnk \u00f6nk\u00e9ntes t\u0171zolt\u00f3i\",\"datePublished\":\"2022-09-12T10:04:32+00:00\",\"dateModified\":\"2022-09-12T10:04:43+00:00\",\"mainEntityOfPage\":{\"@id\":\"https:\\\/\\\/dorogimedence.hu\\\/index.php\\\/2022\\\/09\\\/12\\\/tamogatast-kaptak-tersegunk-onkentes-tuzoltoi\\\/\"},\"wordCount\":427,\"publisher\":{\"@id\":\"https:\\\/\\\/dorogimedence.hu\\\/#organization\"},\"image\":{\"@id\":\"https:\\\/\\\/dorogimedence.hu\\\/index.php\\\/2022\\\/09\\\/12\\\/tamogatast-kaptak-tersegunk-onkentes-tuzoltoi\\\/#primaryimage\"},\"thumbnailUrl\":\"https:\\\/\\\/dorogimedence.hu\\\/wp-content\\\/uploads\\\/2021\\\/07\\\/tuzolto-eszkozok.jpg\",\"keywords\":[\"katasztr\u00f3fav\u00e9delem\",\"\u00f6nk\u00e9ntes t\u0171zolt\u00f3k\",\"t\u00e1mogat\u00e1s\",\"t\u0171zolt\u00f3s\u00e1g\"],\"articleSection\":[\"Csolnok\",\"H\u00edrek\",\"Nyerges\u00fajfalu\"],\"inLanguage\":\"hu\"},{\"@type\":\"WebPage\",\"@id\":\"https:\\\/\\\/dorogimedence.hu\\\/index.php\\\/2022\\\/09\\\/12\\\/tamogatast-kaptak-tersegunk-onkentes-tuzoltoi\\\/\",\"url\":\"https:\\\/\\\/dorogimedence.hu\\\/index.php\\\/2022\\\/09\\\/12\\\/tamogatast-kaptak-tersegunk-onkentes-tuzoltoi\\\/\",\"name\":\"T\u00e1mogat\u00e1st kaptak t\u00e9rs\u00e9g\u00fcnk \u00f6nk\u00e9ntes t\u0171zolt\u00f3i\",\"isPartOf\":{\"@id\":\"https:\\\/\\\/dorogimedence.hu\\\/#website\"},\"primaryImageOfPage\":{\"@id\":\"https:\\\/\\\/dorogimedence.hu\\\/index.php\\\/2022\\\/09\\\/12\\\/tamogatast-kaptak-tersegunk-onkentes-tuzoltoi\\\/#primaryimage\"},\"image\":{\"@id\":\"https:\\\/\\\/dorogimedence.hu\\\/index.php\\\/2022\\\/09\\\/12\\\/tamogatast-kaptak-tersegunk-onkentes-tuzoltoi\\\/#primaryimage\"},\"thumbnailUrl\":\"https:\\\/\\\/dorogimedence.hu\\\/wp-content\\\/uploads\\\/2021\\\/07\\\/tuzolto-eszkozok.jpg\",\"datePublished\":\"2022-09-12T10:04:32+00:00\",\"dateModified\":\"2022-09-12T10:04:43+00:00\",\"breadcrumb\":{\"@id\":\"https:\\\/\\\/dorogimedence.hu\\\/index.php\\\/2022\\\/09\\\/12\\\/tamogatast-kaptak-tersegunk-onkentes-tuzoltoi\\\/#breadcrumb\"},\"inLanguage\":\"hu\",\"potentialAction\":[{\"@type\":\"ReadAction\",\"target\":[\"https:\\\/\\\/dorogimedence.hu\\\/index.php\\\/2022\\\/09\\\/12\\\/tamogatast-kaptak-tersegunk-onkentes-tuzoltoi\\\/\"]}]},{\"@type\":\"ImageObject\",\"inLanguage\":\"hu\",\"@id\":\"https:\\\/\\\/dorogimedence.hu\\\/index.php\\\/2022\\\/09\\\/12\\\/tamogatast-kaptak-tersegunk-onkentes-tuzoltoi\\\/#primaryimage\",\"url\":\"https:\\\/\\\/dorogimedence.hu\\\/wp-content\\\/uploads\\\/2021\\\/07\\\/tuzolto-eszkozok.jpg\",\"contentUrl\":\"https:\\\/\\\/dorogimedence.hu\\\/wp-content\\\/uploads\\\/2021\\\/07\\\/tuzolto-eszkozok.jpg\",\"width\":1023,\"height\":683},{\"@type\":\"BreadcrumbList\",\"@id\":\"https:\\\/\\\/dorogimedence.hu\\\/index.php\\\/2022\\\/09\\\/12\\\/tamogatast-kaptak-tersegunk-onkentes-tuzoltoi\\\/#breadcrumb\",\"itemListElement\":[{\"@type\":\"ListItem\",\"position\":1,\"name\":\"Kezd\u0151lap\",\"item\":\"https:\\\/\\\/dorogimedence.hu\\\/\"},{\"@type\":\"ListItem\",\"position\":2,\"name\":\"T\u00e1mogat\u00e1st kaptak t\u00e9rs\u00e9g\u00fcnk \u00f6nk\u00e9ntes t\u0171zolt\u00f3i\"}]},{\"@type\":\"WebSite\",\"@id\":\"https:\\\/\\\/dorogimedence.hu\\\/#website\",\"url\":\"https:\\\/\\\/dorogimedence.hu\\\/\",\"name\":\"Dorogi-medence Region\u00e1lis H\u00edrport\u00e1l\",\"description\":\"Dorog, Keszt\u00f6lc, Le\u00e1nyv\u00e1r, Piliscs\u00e9v, Tokod, Tokodalt\u00e1r\u00f3, Csolnok, Esztergom-kertv\u00e1ros: h\u00edrek, programok\",\"publisher\":{\"@id\":\"https:\\\/\\\/dorogimedence.hu\\\/#organization\"},\"potentialAction\":[{\"@type\":\"SearchAction\",\"target\":{\"@type\":\"EntryPoint\",\"urlTemplate\":\"https:\\\/\\\/dorogimedence.hu\\\/?s={search_term_string}\"},\"query-input\":{\"@type\":\"PropertyValueSpecification\",\"valueRequired\":true,\"valueName\":\"search_term_string\"}}],\"inLanguage\":\"hu\"},{\"@type\":\"Organization\",\"@id\":\"https:\\\/\\\/dorogimedence.hu\\\/#organization\",\"name\":\"Dorogi-medence Region\u00e1lis H\u00edrport\u00e1l\",\"url\":\"https:\\\/\\\/dorogimedence.hu\\\/\",\"logo\":{\"@type\":\"ImageObject\",\"inLanguage\":\"hu\",\"@id\":\"https:\\\/\\\/dorogimedence.hu\\\/#\\\/schema\\\/logo\\\/image\\\/\",\"url\":\"https:\\\/\\\/dorogimedence.hu\\\/wp-content\\\/uploads\\\/2021\\\/04\\\/logo-feher-600.png\",\"contentUrl\":\"https:\\\/\\\/dorogimedence.hu\\\/wp-content\\\/uploads\\\/2021\\\/04\\\/logo-feher-600.png\",\"width\":600,\"height\":100,\"caption\":\"Dorogi-medence Region\u00e1lis H\u00edrport\u00e1l\"},\"image\":{\"@id\":\"https:\\\/\\\/dorogimedence.hu\\\/#\\\/schema\\\/logo\\\/image\\\/\"},\"sameAs\":[\"https:\\\/\\\/www.facebook.com\\\/dorogimedence\\\/\"]},{\"@type\":\"Person\",\"@id\":\"https:\\\/\\\/dorogimedence.hu\\\/#\\\/schema\\\/person\\\/ce6091eeb7e95ecdc87890d6aa8e0fd4\",\"name\":\"dorogimedence.hu\",\"image\":{\"@type\":\"ImageObject\",\"inLanguage\":\"hu\",\"@id\":\"\\\/\\\/www.gravatar.com\\\/avatar\\\/d8d45f8901aadff40a4af72c0b826f1d?s=96&#038;r=g&#038;d=mm\",\"url\":\"\\\/\\\/www.gravatar.com\\\/avatar\\\/d8d45f8901aadff40a4af72c0b826f1d?s=96&#038;r=g&#038;d=mm\",\"contentUrl\":\"\\\/\\\/www.gravatar.com\\\/avatar\\\/d8d45f8901aadff40a4af72c0b826f1d?s=96&#038;r=g&#038;d=mm\",\"caption\":\"dorogimedence.hu\"}}]}<\/script>\n<!-- \/ Yoast SEO plugin. -->","yoast_head_json":{"title":"T\u00e1mogat\u00e1st kaptak t\u00e9rs\u00e9g\u00fcnk \u00f6nk\u00e9ntes t\u0171zolt\u00f3i","robots":{"index":"index","follow":"follow","max-snippet":"max-snippet:-1","max-image-preview":"max-image-preview:large","max-video-preview":"max-video-preview:-1"},"canonical":"https:\/\/dorogimedence.hu\/index.php\/2022\/09\/12\/tamogatast-kaptak-tersegunk-onkentes-tuzoltoi\/","og_locale":"hu_HU","og_type":"article","og_title":"T\u00e1mogat\u00e1st kaptak t\u00e9rs\u00e9g\u00fcnk \u00f6nk\u00e9ntes t\u0171zolt\u00f3i","og_description":"A kor\u00e1bban m\u00e1r j\u00f3v\u00e1hagyott p\u00e9nzbeli t\u00e1mogat\u00e1sok ut\u00e1n az orsz\u00e1gos katasztr\u00f3fav\u00e9delmi f\u0151igazgat\u00f3 d\u00f6nt\u00f6tt az \u00f6nkorm\u00e1nyzati t\u0171zolt\u00f3s\u00e1gok \u00e9s az \u00f6nk\u00e9ntes t\u0171zolt\u00f3 egyes\u00fcletek term\u00e9szetbeni t\u00e1mogat\u00e1sair\u00f3l is. T\u00e9rs\u00e9g\u00fcnkben a csolnoki, a nyerges\u00fajfalui \u00e9s a s\u00fctt\u0151i \u00f6nk\u00e9nteseket t\u00e1mogatj\u00e1k. A sz\u00e1mukra \u2013 az id\u00e9n \u00f6t\u00f6dik alkalommal \u2013 ki\u00edrt, 225 milli\u00f3 forint keret\u00f6sszeg\u0171 p\u00e1ly\u00e1zatra mind a hatvan \u00f6nkorm\u00e1nyzati t\u0171zolt\u00f3s\u00e1g ny\u00fajtott be ig\u00e9nyt.","og_url":"https:\/\/dorogimedence.hu\/index.php\/2022\/09\/12\/tamogatast-kaptak-tersegunk-onkentes-tuzoltoi\/","og_site_name":"Dorogi-medence Region\u00e1lis H\u00edrport\u00e1l","article_publisher":"https:\/\/www.facebook.com\/dorogimedence\/","article_published_time":"2022-09-12T10:04:32+00:00","article_modified_time":"2022-09-12T10:04:43+00:00","og_image":[{"width":1023,"height":683,"url":"https:\/\/i0.wp.com\/dorogimedence.hu\/wp-content\/uploads\/2021\/07\/tuzolto-eszkozok.jpg?fit=1023%2C683&ssl=1","type":"image\/jpeg"}],"author":"dorogimedence.hu","twitter_card":"summary_large_image","twitter_misc":{"Szerz\u0151:":"dorogimedence.hu","Becs\u00fclt olvas\u00e1si id\u0151":"2 perc"},"schema":{"@context":"https:\/\/schema.org","@graph":[{"@type":"Article","@id":"https:\/\/dorogimedence.hu\/index.php\/2022\/09\/12\/tamogatast-kaptak-tersegunk-onkentes-tuzoltoi\/#article","isPartOf":{"@id":"https:\/\/dorogimedence.hu\/index.php\/2022\/09\/12\/tamogatast-kaptak-tersegunk-onkentes-tuzoltoi\/"},"author":{"name":"dorogimedence.hu","@id":"https:\/\/dorogimedence.hu\/#\/schema\/person\/ce6091eeb7e95ecdc87890d6aa8e0fd4"},"headline":"T\u00e1mogat\u00e1st kaptak t\u00e9rs\u00e9g\u00fcnk \u00f6nk\u00e9ntes t\u0171zolt\u00f3i","datePublished":"2022-09-12T10:04:32+00:00","dateModified":"2022-09-12T10:04:43+00:00","mainEntityOfPage":{"@id":"https:\/\/dorogimedence.hu\/index.php\/2022\/09\/12\/tamogatast-kaptak-tersegunk-onkentes-tuzoltoi\/"},"wordCount":427,"publisher":{"@id":"https:\/\/dorogimedence.hu\/#organization"},"image":{"@id":"https:\/\/dorogimedence.hu\/index.php\/2022\/09\/12\/tamogatast-kaptak-tersegunk-onkentes-tuzoltoi\/#primaryimage"},"thumbnailUrl":"https:\/\/dorogimedence.hu\/wp-content\/uploads\/2021\/07\/tuzolto-eszkozok.jpg","keywords":["katasztr\u00f3fav\u00e9delem","\u00f6nk\u00e9ntes t\u0171zolt\u00f3k","t\u00e1mogat\u00e1s","t\u0171zolt\u00f3s\u00e1g"],"articleSection":["Csolnok","H\u00edrek","Nyerges\u00fajfalu"],"inLanguage":"hu"},{"@type":"WebPage","@id":"https:\/\/dorogimedence.hu\/index.php\/2022\/09\/12\/tamogatast-kaptak-tersegunk-onkentes-tuzoltoi\/","url":"https:\/\/dorogimedence.hu\/index.php\/2022\/09\/12\/tamogatast-kaptak-tersegunk-onkentes-tuzoltoi\/","name":"T\u00e1mogat\u00e1st kaptak t\u00e9rs\u00e9g\u00fcnk \u00f6nk\u00e9ntes t\u0171zolt\u00f3i","isPartOf":{"@id":"https:\/\/dorogimedence.hu\/#website"},"primaryImageOfPage":{"@id":"https:\/\/dorogimedence.hu\/index.php\/2022\/09\/12\/tamogatast-kaptak-tersegunk-onkentes-tuzoltoi\/#primaryimage"},"image":{"@id":"https:\/\/dorogimedence.hu\/index.php\/2022\/09\/12\/tamogatast-kaptak-tersegunk-onkentes-tuzoltoi\/#primaryimage"},"thumbnailUrl":"https:\/\/dorogimedence.hu\/wp-content\/uploads\/2021\/07\/tuzolto-eszkozok.jpg","datePublished":"2022-09-12T10:04:32+00:00","dateModified":"2022-09-12T10:04:43+00:00","breadcrumb":{"@id":"https:\/\/dorogimedence.hu\/index.php\/2022\/09\/12\/tamogatast-kaptak-tersegunk-onkentes-tuzoltoi\/#breadcrumb"},"inLanguage":"hu","potentialAction":[{"@type":"ReadAction","target":["https:\/\/dorogimedence.hu\/index.php\/2022\/09\/12\/tamogatast-kaptak-tersegunk-onkentes-tuzoltoi\/"]}]},{"@type":"ImageObject","inLanguage":"hu","@id":"https:\/\/dorogimedence.hu\/index.php\/2022\/09\/12\/tamogatast-kaptak-tersegunk-onkentes-tuzoltoi\/#primaryimage","url":"https:\/\/dorogimedence.hu\/wp-content\/uploads\/2021\/07\/tuzolto-eszkozok.jpg","contentUrl":"https:\/\/dorogimedence.hu\/wp-content\/uploads\/2021\/07\/tuzolto-eszkozok.jpg","width":1023,"height":683},{"@type":"BreadcrumbList","@id":"https:\/\/dorogimedence.hu\/index.php\/2022\/09\/12\/tamogatast-kaptak-tersegunk-onkentes-tuzoltoi\/#breadcrumb","itemListElement":[{"@type":"ListItem","position":1,"name":"Kezd\u0151lap","item":"https:\/\/dorogimedence.hu\/"},{"@type":"ListItem","position":2,"name":"T\u00e1mogat\u00e1st kaptak t\u00e9rs\u00e9g\u00fcnk \u00f6nk\u00e9ntes t\u0171zolt\u00f3i"}]},{"@type":"WebSite","@id":"https:\/\/dorogimedence.hu\/#website","url":"https:\/\/dorogimedence.hu\/","name":"Dorogi-medence Region\u00e1lis H\u00edrport\u00e1l","description":"Dorog, Keszt\u00f6lc, Le\u00e1nyv\u00e1r, Piliscs\u00e9v, Tokod, Tokodalt\u00e1r\u00f3, Csolnok, Esztergom-kertv\u00e1ros: h\u00edrek, programok","publisher":{"@id":"https:\/\/dorogimedence.hu\/#organization"},"potentialAction":[{"@type":"SearchAction","target":{"@type":"EntryPoint","urlTemplate":"https:\/\/dorogimedence.hu\/?s={search_term_string}"},"query-input":{"@type":"PropertyValueSpecification","valueRequired":true,"valueName":"search_term_string"}}],"inLanguage":"hu"},{"@type":"Organization","@id":"https:\/\/dorogimedence.hu\/#organization","name":"Dorogi-medence Region\u00e1lis H\u00edrport\u00e1l","url":"https:\/\/dorogimedence.hu\/","logo":{"@type":"ImageObject","inLanguage":"hu","@id":"https:\/\/dorogimedence.hu\/#\/schema\/logo\/image\/","url":"https:\/\/dorogimedence.hu\/wp-content\/uploads\/2021\/04\/logo-feher-600.png","contentUrl":"https:\/\/dorogimedence.hu\/wp-content\/uploads\/2021\/04\/logo-feher-600.png","width":600,"height":100,"caption":"Dorogi-medence Region\u00e1lis H\u00edrport\u00e1l"},"image":{"@id":"https:\/\/dorogimedence.hu\/#\/schema\/logo\/image\/"},"sameAs":["https:\/\/www.facebook.com\/dorogimedence\/"]},{"@type":"Person","@id":"https:\/\/dorogimedence.hu\/#\/schema\/person\/ce6091eeb7e95ecdc87890d6aa8e0fd4","name":"dorogimedence.hu","image":{"@type":"ImageObject","inLanguage":"hu","@id":"\/\/www.gravatar.com\/avatar\/d8d45f8901aadff40a4af72c0b826f1d?s=96&#038;r=g&#038;d=mm","url":"\/\/www.gravatar.com\/avatar\/d8d45f8901aadff40a4af72c0b826f1d?s=96&#038;r=g&#038;d=mm","contentUrl":"\/\/www.gravatar.com\/avatar\/d8d45f8901aadff40a4af72c0b826f1d?s=96&#038;r=g&#038;d=mm","caption":"dorogimedence.hu"}}]}},"_links":{"self":[{"href":"https:\/\/dorogimedence.hu\/index.php\/wp-json\/wp\/v2\/posts\/46433","targetHints":{"allow":["GET"]}}],"collection":[{"href":"https:\/\/dorogimedence.hu\/index.php\/wp-json\/wp\/v2\/posts"}],"about":[{"href":"https:\/\/dorogimedence.hu\/index.php\/wp-json\/wp\/v2\/types\/post"}],"author":[{"embeddable":true,"href":"https:\/\/dorogimedence.hu\/index.php\/wp-json\/wp\/v2\/users\/1"}],"replies":[{"embeddable":true,"href":"https:\/\/dorogimedence.hu\/index.php\/wp-json\/wp\/v2\/comments?post=46433"}],"version-history":[{"count":0,"href":"https:\/\/dorogimedence.hu\/index.php\/wp-json\/wp\/v2\/posts\/46433\/revisions"}],"wp:featuredmedia":[{"embeddable":true,"href":"https:\/\/dorogimedence.hu\/index.php\/wp-json\/wp\/v2\/media\/35117"}],"wp:attachment":[{"href":"https:\/\/dorogimedence.hu\/index.php\/wp-json\/wp\/v2\/media?parent=46433"}],"wp:term":[{"taxonomy":"category","embeddable":true,"href":"https:\/\/dorogimedence.hu\/index.php\/wp-json\/wp\/v2\/categories?post=46433"},{"taxonomy":"post_tag","embeddable":true,"href":"https:\/\/dorogimedence.hu\/index.php\/wp-json\/wp\/v2\/tags?post=46433"}],"curies":[{"name":"wp","href":"https:\/\/api.w.org\/{rel}","templated":true}]}}