{"id":46412,"date":"2022-09-12T09:44:05","date_gmt":"2022-09-12T07:44:05","guid":{"rendered":"https:\/\/dorogimedence.hu\/?p=46412"},"modified":"2022-09-12T16:41:17","modified_gmt":"2022-09-12T14:41:17","slug":"a-motorosok-is-lehetnek-angyalok-940-motor-gurult-ki-a-parkolobol","status":"publish","type":"post","link":"https:\/\/dorogimedence.hu\/index.php\/2022\/09\/12\/a-motorosok-is-lehetnek-angyalok-940-motor-gurult-ki-a-parkolobol\/","title":{"rendered":"A Motorosok is lehetnek Angyalok: 940 motor gurult ki a parkol\u00f3b\u00f3l"},"content":{"rendered":"<p><strong>Szeptember 10-\u00e9n, szombaton nyolcadik alkalommal rendezt\u00e9k meg A Motorosok is lehetnek Angyalok j\u00f3t\u00e9konys\u00e1gi motoros felvonul\u00e1st.<\/strong><\/p>\n<p>A rendezv\u00e9ny szervez\u0151je, Lehotay Kata elmondta, hogy tavaly 738 motor gurult ki a dorogi m\u0171vel\u0151d\u00e9si h\u00e1z parkol\u00f3j\u00e1b\u00f3l, id\u00e9n ez a sz\u00e1m 940 volt. \u201eNagyon \u00f6r\u00fcl\u00f6k, hogy a rendezv\u00e9ny \u00e9vr\u0151l \u00e9vre egyre t\u00f6bb motorost mozgat meg. Id\u00e9n k\u00e9tsz\u00e1zzal t\u00f6bben pattantak motorra, mint tavaly, hogy t\u00e1mogass\u00e1k az esztergomi k\u00f3rh\u00e1zat. Fel\u00fclm\u00faltuk, kijelenthetj\u00fck, m\u00e9g t\u00f6bben vagyunk, m\u00e9g t\u00f6bben lett\u00fcnk mi, Motoros Angyalok\u201d \u2013 jegyezte meg.<\/p>\n<p><iframe title=\"A Motorosok is lehetnek Angyalok. 2022.09.10. Dorog ... gy\u00fclekez\u0151je (l\u00e9gi vide\u00f3)\" width=\"755\" height=\"425\" src=\"https:\/\/www.youtube.com\/embed\/bKijW4cea00?feature=oembed\" frameborder=\"0\" allow=\"accelerometer; autoplay; clipboard-write; encrypted-media; gyroscope; picture-in-picture; web-share\" referrerpolicy=\"strict-origin-when-cross-origin\" allowfullscreen><\/iframe><\/p>\n<p>Lehotay Kata elmondta azt is, hogy olyan sokan voltak, hogy az eb\u00e9d id\u0151 el\u0151tt elfogyott, azonban r\u00f6gt\u00f6n\u00f6ztek \u00e9s a b\u00fcf\u00e9ben \u00e1rult finom kolb\u00e1szt adt\u00e1k eb\u00e9dk\u00e9nt, mindemellett a k\u00f6zeli bolt \u00f6sszes kolb\u00e1sz\u00e1t \u00e9s virslij\u00e9t is felv\u00e1s\u00e1rolt\u00e1k, hogy mindenkinek jusson n\u00e9h\u00e1ny falat. \u201eSenki sem panaszkodott, mert mindannyian azt mondt\u00e1k, hogy semmi baj, ez azt jelenti, hogy j\u00f3val t\u00f6bben voltunk, mint amire b\u00e1rki sz\u00e1m\u00edtott, ennek csak \u00f6r\u00fclni lehet\u201d.<\/p>\n<p>A rendezv\u00e9ny szervez\u0151j\u00e9t\u0151l azt is megtudtuk, hogy a Motoros V\u00e9rad\u00e1son eddig soha nem l\u00e1tott rekordsz\u00e1m\u00fa v\u00e9rad\u00f3 Angyal vett r\u00e9szt: mintegy 79-en adtak v\u00e9rt n\u00e9h\u00e1ny \u00f3ra leforg\u00e1sa alatt.<\/p>\n<p><iframe title=\"A Motorosok is lehetnek Angyalok.Dorog ..(l\u00e9gi vide\u00f3) J\u00f3t\u00e9konys\u00e1gi motoros felvonul\u00e1s. 2022. 1.R\u00e9sz.\" width=\"755\" height=\"425\" src=\"https:\/\/www.youtube.com\/embed\/-xiQualoank?feature=oembed\" frameborder=\"0\" allow=\"accelerometer; autoplay; clipboard-write; encrypted-media; gyroscope; picture-in-picture; web-share\" referrerpolicy=\"strict-origin-when-cross-origin\" allowfullscreen><\/iframe><\/p>\n<p>Lehotay Kata elmondta azt is, hogy a t\u00e1mogat\u00f3i matric\u00e1k, illetve a p\u00f3l\u00f3k is elfogytak, azonban m\u00e9g k\u00e9t h\u00e9ten kereszt\u00fcl lehet rendelni matric\u00e1t, p\u00f3l\u00f3t, sapk\u00e1t, felvarr\u00f3t szem\u00e9lyesen az Off Road Motors Lehotay Kft. \u00fczlet\u00e9ben (Dorog, Esztergomi \u00fat 125.) nyitvatart\u00e1si id\u0151ben h\u00e9tf\u0151t\u0151l p\u00e9ntekig 8-t\u00f3l 17 \u00f3r\u00e1ig, illetve szombaton nyolc \u00e9s d\u00e9l k\u00f6z\u00f6tt, valamint a <a href=\"https:\/\/www.facebook.com\/profile.php?id=100063520062391\" target=\"_blank\" rel=\"noopener\"><span style=\"text-decoration: underline; color: #0000ff;\">Facebook oldalukon<\/span><\/a> \u00fczenetben.<\/p>\n","protected":false},"excerpt":{"rendered":"<p>Szeptember 10-\u00e9n, szombaton nyolcadik alkalommal rendezt\u00e9k meg A Motorosok is lehetnek Angyalok j\u00f3t\u00e9konys\u00e1gi motoros felvonul\u00e1st. A rendezv\u00e9ny szervez\u0151je, Lehotay Kata elmondta, hogy tavaly 738 motor gurult ki a dorogi m\u0171vel\u0151d\u00e9si h\u00e1z parkol\u00f3j\u00e1b\u00f3l, id\u00e9n ez a sz\u00e1m 940 volt. \u201eNagyon \u00f6r\u00fcl\u00f6k, hogy a rendezv\u00e9ny \u00e9vr\u0151l \u00e9vre egyre t\u00f6bb motorost mozgat meg. Id\u00e9n k\u00e9tsz\u00e1zzal t\u00f6bben pattantak motorra,<\/p>\n","protected":false},"author":1,"featured_media":46413,"comment_status":"closed","ping_status":"closed","sticky":false,"template":"","format":"standard","meta":{"ngg_post_thumbnail":0,"footnotes":""},"categories":[2,38,3,110,6],"tags":[2671,15,42,5624,905,5969,1149,111,12],"class_list":{"0":"post-46412","1":"post","2":"type-post","3":"status-publish","4":"format-standard","5":"has-post-thumbnail","7":"category-dorog","8":"category-esztergom","9":"category-hirek","10":"category-tat","11":"category-tokod","12":"tag-a-motorosok-is-lehetnek-angyalok","13":"tag-dorog","14":"tag-esztergom","15":"tag-featured","16":"tag-felvonulas","17":"tag-jotekonysagi-felvonulas","18":"tag-motoros-felvonulas","19":"tag-tat","20":"tag-tokod"},"yoast_head":"<!-- This site is optimized with the Yoast SEO plugin v27.4 - https:\/\/yoast.com\/product\/yoast-seo-wordpress\/ -->\n<title>A Motorosok is lehetnek Angyalok: 940 motor gurult ki a parkol\u00f3b\u00f3l<\/title>\n<meta name=\"robots\" content=\"index, follow, max-snippet:-1, max-image-preview:large, max-video-preview:-1\" \/>\n<link rel=\"canonical\" href=\"https:\/\/dorogimedence.hu\/index.php\/2022\/09\/12\/a-motorosok-is-lehetnek-angyalok-940-motor-gurult-ki-a-parkolobol\/\" class=\"yoast-seo-meta-tag\" \/>\n<meta property=\"og:locale\" content=\"hu_HU\" class=\"yoast-seo-meta-tag\" \/>\n<meta property=\"og:type\" content=\"article\" class=\"yoast-seo-meta-tag\" \/>\n<meta property=\"og:title\" content=\"A Motorosok is lehetnek Angyalok: 940 motor gurult ki a parkol\u00f3b\u00f3l\" class=\"yoast-seo-meta-tag\" \/>\n<meta property=\"og:description\" content=\"Szeptember 10-\u00e9n, szombaton nyolcadik alkalommal rendezt\u00e9k meg A Motorosok is lehetnek Angyalok j\u00f3t\u00e9konys\u00e1gi motoros felvonul\u00e1st. A rendezv\u00e9ny szervez\u0151je, Lehotay Kata elmondta, hogy tavaly 738 motor gurult ki a dorogi m\u0171vel\u0151d\u00e9si h\u00e1z parkol\u00f3j\u00e1b\u00f3l, id\u00e9n ez a sz\u00e1m 940 volt. \u201eNagyon \u00f6r\u00fcl\u00f6k, hogy a rendezv\u00e9ny \u00e9vr\u0151l \u00e9vre egyre t\u00f6bb motorost mozgat meg. Id\u00e9n k\u00e9tsz\u00e1zzal t\u00f6bben pattantak motorra,\" class=\"yoast-seo-meta-tag\" \/>\n<meta property=\"og:url\" content=\"https:\/\/dorogimedence.hu\/index.php\/2022\/09\/12\/a-motorosok-is-lehetnek-angyalok-940-motor-gurult-ki-a-parkolobol\/\" class=\"yoast-seo-meta-tag\" \/>\n<meta property=\"og:site_name\" content=\"Dorogi-medence Region\u00e1lis H\u00edrport\u00e1l\" class=\"yoast-seo-meta-tag\" \/>\n<meta property=\"article:publisher\" content=\"https:\/\/www.facebook.com\/dorogimedence\/\" class=\"yoast-seo-meta-tag\" \/>\n<meta property=\"article:published_time\" content=\"2022-09-12T07:44:05+00:00\" class=\"yoast-seo-meta-tag\" \/>\n<meta property=\"article:modified_time\" content=\"2022-09-12T14:41:17+00:00\" class=\"yoast-seo-meta-tag\" \/>\n<meta property=\"og:image\" content=\"https:\/\/i0.wp.com\/dorogimedence.hu\/wp-content\/uploads\/2022\/09\/motoros-angyalok.jpg?fit=2048%2C1128&ssl=1\" class=\"yoast-seo-meta-tag\" \/>\n\t<meta property=\"og:image:width\" content=\"2048\" class=\"yoast-seo-meta-tag\" \/>\n\t<meta property=\"og:image:height\" content=\"1128\" class=\"yoast-seo-meta-tag\" \/>\n\t<meta property=\"og:image:type\" content=\"image\/jpeg\" class=\"yoast-seo-meta-tag\" \/>\n<meta name=\"author\" content=\"dorogimedence.hu\" class=\"yoast-seo-meta-tag\" \/>\n<meta name=\"twitter:card\" content=\"summary_large_image\" class=\"yoast-seo-meta-tag\" \/>\n<meta name=\"twitter:label1\" content=\"Szerz\u0151:\" class=\"yoast-seo-meta-tag\" \/>\n\t<meta name=\"twitter:data1\" content=\"dorogimedence.hu\" class=\"yoast-seo-meta-tag\" \/>\n\t<meta name=\"twitter:label2\" content=\"Becs\u00fclt olvas\u00e1si id\u0151\" class=\"yoast-seo-meta-tag\" \/>\n\t<meta name=\"twitter:data2\" content=\"2 perc\" class=\"yoast-seo-meta-tag\" \/>\n<script type=\"application\/ld+json\" class=\"yoast-schema-graph\">{\"@context\":\"https:\\\/\\\/schema.org\",\"@graph\":[{\"@type\":\"Article\",\"@id\":\"https:\\\/\\\/dorogimedence.hu\\\/index.php\\\/2022\\\/09\\\/12\\\/a-motorosok-is-lehetnek-angyalok-940-motor-gurult-ki-a-parkolobol\\\/#article\",\"isPartOf\":{\"@id\":\"https:\\\/\\\/dorogimedence.hu\\\/index.php\\\/2022\\\/09\\\/12\\\/a-motorosok-is-lehetnek-angyalok-940-motor-gurult-ki-a-parkolobol\\\/\"},\"author\":{\"name\":\"dorogimedence.hu\",\"@id\":\"https:\\\/\\\/dorogimedence.hu\\\/#\\\/schema\\\/person\\\/ce6091eeb7e95ecdc87890d6aa8e0fd4\"},\"headline\":\"A Motorosok is lehetnek Angyalok: 940 motor gurult ki a parkol\u00f3b\u00f3l\",\"datePublished\":\"2022-09-12T07:44:05+00:00\",\"dateModified\":\"2022-09-12T14:41:17+00:00\",\"mainEntityOfPage\":{\"@id\":\"https:\\\/\\\/dorogimedence.hu\\\/index.php\\\/2022\\\/09\\\/12\\\/a-motorosok-is-lehetnek-angyalok-940-motor-gurult-ki-a-parkolobol\\\/\"},\"wordCount\":351,\"publisher\":{\"@id\":\"https:\\\/\\\/dorogimedence.hu\\\/#organization\"},\"image\":{\"@id\":\"https:\\\/\\\/dorogimedence.hu\\\/index.php\\\/2022\\\/09\\\/12\\\/a-motorosok-is-lehetnek-angyalok-940-motor-gurult-ki-a-parkolobol\\\/#primaryimage\"},\"thumbnailUrl\":\"https:\\\/\\\/dorogimedence.hu\\\/wp-content\\\/uploads\\\/2022\\\/09\\\/motoros-angyalok.jpg\",\"keywords\":[\"A Motorosok is lehetnek Angyalok\",\"Dorog\",\"esztergom\",\"featured\",\"felvonul\u00e1s\",\"j\u00f3t\u00e9konys\u00e1gi felvonul\u00e1s\",\"motoros felvonul\u00e1s\",\"T\u00e1t\",\"Tokod\"],\"articleSection\":[\"Dorog\",\"Esztergom\",\"H\u00edrek\",\"T\u00e1t\",\"Tokod\"],\"inLanguage\":\"hu\"},{\"@type\":\"WebPage\",\"@id\":\"https:\\\/\\\/dorogimedence.hu\\\/index.php\\\/2022\\\/09\\\/12\\\/a-motorosok-is-lehetnek-angyalok-940-motor-gurult-ki-a-parkolobol\\\/\",\"url\":\"https:\\\/\\\/dorogimedence.hu\\\/index.php\\\/2022\\\/09\\\/12\\\/a-motorosok-is-lehetnek-angyalok-940-motor-gurult-ki-a-parkolobol\\\/\",\"name\":\"A Motorosok is lehetnek Angyalok: 940 motor gurult ki a parkol\u00f3b\u00f3l\",\"isPartOf\":{\"@id\":\"https:\\\/\\\/dorogimedence.hu\\\/#website\"},\"primaryImageOfPage\":{\"@id\":\"https:\\\/\\\/dorogimedence.hu\\\/index.php\\\/2022\\\/09\\\/12\\\/a-motorosok-is-lehetnek-angyalok-940-motor-gurult-ki-a-parkolobol\\\/#primaryimage\"},\"image\":{\"@id\":\"https:\\\/\\\/dorogimedence.hu\\\/index.php\\\/2022\\\/09\\\/12\\\/a-motorosok-is-lehetnek-angyalok-940-motor-gurult-ki-a-parkolobol\\\/#primaryimage\"},\"thumbnailUrl\":\"https:\\\/\\\/dorogimedence.hu\\\/wp-content\\\/uploads\\\/2022\\\/09\\\/motoros-angyalok.jpg\",\"datePublished\":\"2022-09-12T07:44:05+00:00\",\"dateModified\":\"2022-09-12T14:41:17+00:00\",\"breadcrumb\":{\"@id\":\"https:\\\/\\\/dorogimedence.hu\\\/index.php\\\/2022\\\/09\\\/12\\\/a-motorosok-is-lehetnek-angyalok-940-motor-gurult-ki-a-parkolobol\\\/#breadcrumb\"},\"inLanguage\":\"hu\",\"potentialAction\":[{\"@type\":\"ReadAction\",\"target\":[\"https:\\\/\\\/dorogimedence.hu\\\/index.php\\\/2022\\\/09\\\/12\\\/a-motorosok-is-lehetnek-angyalok-940-motor-gurult-ki-a-parkolobol\\\/\"]}]},{\"@type\":\"ImageObject\",\"inLanguage\":\"hu\",\"@id\":\"https:\\\/\\\/dorogimedence.hu\\\/index.php\\\/2022\\\/09\\\/12\\\/a-motorosok-is-lehetnek-angyalok-940-motor-gurult-ki-a-parkolobol\\\/#primaryimage\",\"url\":\"https:\\\/\\\/dorogimedence.hu\\\/wp-content\\\/uploads\\\/2022\\\/09\\\/motoros-angyalok.jpg\",\"contentUrl\":\"https:\\\/\\\/dorogimedence.hu\\\/wp-content\\\/uploads\\\/2022\\\/09\\\/motoros-angyalok.jpg\",\"width\":2048,\"height\":1128},{\"@type\":\"BreadcrumbList\",\"@id\":\"https:\\\/\\\/dorogimedence.hu\\\/index.php\\\/2022\\\/09\\\/12\\\/a-motorosok-is-lehetnek-angyalok-940-motor-gurult-ki-a-parkolobol\\\/#breadcrumb\",\"itemListElement\":[{\"@type\":\"ListItem\",\"position\":1,\"name\":\"Kezd\u0151lap\",\"item\":\"https:\\\/\\\/dorogimedence.hu\\\/\"},{\"@type\":\"ListItem\",\"position\":2,\"name\":\"A Motorosok is lehetnek Angyalok: 940 motor gurult ki a parkol\u00f3b\u00f3l\"}]},{\"@type\":\"WebSite\",\"@id\":\"https:\\\/\\\/dorogimedence.hu\\\/#website\",\"url\":\"https:\\\/\\\/dorogimedence.hu\\\/\",\"name\":\"Dorogi-medence Region\u00e1lis H\u00edrport\u00e1l\",\"description\":\"Dorog, Keszt\u00f6lc, Le\u00e1nyv\u00e1r, Piliscs\u00e9v, Tokod, Tokodalt\u00e1r\u00f3, Csolnok, Esztergom-kertv\u00e1ros: h\u00edrek, programok\",\"publisher\":{\"@id\":\"https:\\\/\\\/dorogimedence.hu\\\/#organization\"},\"potentialAction\":[{\"@type\":\"SearchAction\",\"target\":{\"@type\":\"EntryPoint\",\"urlTemplate\":\"https:\\\/\\\/dorogimedence.hu\\\/?s={search_term_string}\"},\"query-input\":{\"@type\":\"PropertyValueSpecification\",\"valueRequired\":true,\"valueName\":\"search_term_string\"}}],\"inLanguage\":\"hu\"},{\"@type\":\"Organization\",\"@id\":\"https:\\\/\\\/dorogimedence.hu\\\/#organization\",\"name\":\"Dorogi-medence Region\u00e1lis H\u00edrport\u00e1l\",\"url\":\"https:\\\/\\\/dorogimedence.hu\\\/\",\"logo\":{\"@type\":\"ImageObject\",\"inLanguage\":\"hu\",\"@id\":\"https:\\\/\\\/dorogimedence.hu\\\/#\\\/schema\\\/logo\\\/image\\\/\",\"url\":\"https:\\\/\\\/dorogimedence.hu\\\/wp-content\\\/uploads\\\/2021\\\/04\\\/logo-feher-600.png\",\"contentUrl\":\"https:\\\/\\\/dorogimedence.hu\\\/wp-content\\\/uploads\\\/2021\\\/04\\\/logo-feher-600.png\",\"width\":600,\"height\":100,\"caption\":\"Dorogi-medence Region\u00e1lis H\u00edrport\u00e1l\"},\"image\":{\"@id\":\"https:\\\/\\\/dorogimedence.hu\\\/#\\\/schema\\\/logo\\\/image\\\/\"},\"sameAs\":[\"https:\\\/\\\/www.facebook.com\\\/dorogimedence\\\/\"]},{\"@type\":\"Person\",\"@id\":\"https:\\\/\\\/dorogimedence.hu\\\/#\\\/schema\\\/person\\\/ce6091eeb7e95ecdc87890d6aa8e0fd4\",\"name\":\"dorogimedence.hu\",\"image\":{\"@type\":\"ImageObject\",\"inLanguage\":\"hu\",\"@id\":\"\\\/\\\/www.gravatar.com\\\/avatar\\\/d8d45f8901aadff40a4af72c0b826f1d?s=96&#038;r=g&#038;d=mm\",\"url\":\"\\\/\\\/www.gravatar.com\\\/avatar\\\/d8d45f8901aadff40a4af72c0b826f1d?s=96&#038;r=g&#038;d=mm\",\"contentUrl\":\"\\\/\\\/www.gravatar.com\\\/avatar\\\/d8d45f8901aadff40a4af72c0b826f1d?s=96&#038;r=g&#038;d=mm\",\"caption\":\"dorogimedence.hu\"}}]}<\/script>\n<!-- \/ Yoast SEO plugin. -->","yoast_head_json":{"title":"A Motorosok is lehetnek Angyalok: 940 motor gurult ki a parkol\u00f3b\u00f3l","robots":{"index":"index","follow":"follow","max-snippet":"max-snippet:-1","max-image-preview":"max-image-preview:large","max-video-preview":"max-video-preview:-1"},"canonical":"https:\/\/dorogimedence.hu\/index.php\/2022\/09\/12\/a-motorosok-is-lehetnek-angyalok-940-motor-gurult-ki-a-parkolobol\/","og_locale":"hu_HU","og_type":"article","og_title":"A Motorosok is lehetnek Angyalok: 940 motor gurult ki a parkol\u00f3b\u00f3l","og_description":"Szeptember 10-\u00e9n, szombaton nyolcadik alkalommal rendezt\u00e9k meg A Motorosok is lehetnek Angyalok j\u00f3t\u00e9konys\u00e1gi motoros felvonul\u00e1st. A rendezv\u00e9ny szervez\u0151je, Lehotay Kata elmondta, hogy tavaly 738 motor gurult ki a dorogi m\u0171vel\u0151d\u00e9si h\u00e1z parkol\u00f3j\u00e1b\u00f3l, id\u00e9n ez a sz\u00e1m 940 volt. \u201eNagyon \u00f6r\u00fcl\u00f6k, hogy a rendezv\u00e9ny \u00e9vr\u0151l \u00e9vre egyre t\u00f6bb motorost mozgat meg. Id\u00e9n k\u00e9tsz\u00e1zzal t\u00f6bben pattantak motorra,","og_url":"https:\/\/dorogimedence.hu\/index.php\/2022\/09\/12\/a-motorosok-is-lehetnek-angyalok-940-motor-gurult-ki-a-parkolobol\/","og_site_name":"Dorogi-medence Region\u00e1lis H\u00edrport\u00e1l","article_publisher":"https:\/\/www.facebook.com\/dorogimedence\/","article_published_time":"2022-09-12T07:44:05+00:00","article_modified_time":"2022-09-12T14:41:17+00:00","og_image":[{"width":2048,"height":1128,"url":"https:\/\/i0.wp.com\/dorogimedence.hu\/wp-content\/uploads\/2022\/09\/motoros-angyalok.jpg?fit=2048%2C1128&ssl=1","type":"image\/jpeg"}],"author":"dorogimedence.hu","twitter_card":"summary_large_image","twitter_misc":{"Szerz\u0151:":"dorogimedence.hu","Becs\u00fclt olvas\u00e1si id\u0151":"2 perc"},"schema":{"@context":"https:\/\/schema.org","@graph":[{"@type":"Article","@id":"https:\/\/dorogimedence.hu\/index.php\/2022\/09\/12\/a-motorosok-is-lehetnek-angyalok-940-motor-gurult-ki-a-parkolobol\/#article","isPartOf":{"@id":"https:\/\/dorogimedence.hu\/index.php\/2022\/09\/12\/a-motorosok-is-lehetnek-angyalok-940-motor-gurult-ki-a-parkolobol\/"},"author":{"name":"dorogimedence.hu","@id":"https:\/\/dorogimedence.hu\/#\/schema\/person\/ce6091eeb7e95ecdc87890d6aa8e0fd4"},"headline":"A Motorosok is lehetnek Angyalok: 940 motor gurult ki a parkol\u00f3b\u00f3l","datePublished":"2022-09-12T07:44:05+00:00","dateModified":"2022-09-12T14:41:17+00:00","mainEntityOfPage":{"@id":"https:\/\/dorogimedence.hu\/index.php\/2022\/09\/12\/a-motorosok-is-lehetnek-angyalok-940-motor-gurult-ki-a-parkolobol\/"},"wordCount":351,"publisher":{"@id":"https:\/\/dorogimedence.hu\/#organization"},"image":{"@id":"https:\/\/dorogimedence.hu\/index.php\/2022\/09\/12\/a-motorosok-is-lehetnek-angyalok-940-motor-gurult-ki-a-parkolobol\/#primaryimage"},"thumbnailUrl":"https:\/\/dorogimedence.hu\/wp-content\/uploads\/2022\/09\/motoros-angyalok.jpg","keywords":["A Motorosok is lehetnek Angyalok","Dorog","esztergom","featured","felvonul\u00e1s","j\u00f3t\u00e9konys\u00e1gi felvonul\u00e1s","motoros felvonul\u00e1s","T\u00e1t","Tokod"],"articleSection":["Dorog","Esztergom","H\u00edrek","T\u00e1t","Tokod"],"inLanguage":"hu"},{"@type":"WebPage","@id":"https:\/\/dorogimedence.hu\/index.php\/2022\/09\/12\/a-motorosok-is-lehetnek-angyalok-940-motor-gurult-ki-a-parkolobol\/","url":"https:\/\/dorogimedence.hu\/index.php\/2022\/09\/12\/a-motorosok-is-lehetnek-angyalok-940-motor-gurult-ki-a-parkolobol\/","name":"A Motorosok is lehetnek Angyalok: 940 motor gurult ki a parkol\u00f3b\u00f3l","isPartOf":{"@id":"https:\/\/dorogimedence.hu\/#website"},"primaryImageOfPage":{"@id":"https:\/\/dorogimedence.hu\/index.php\/2022\/09\/12\/a-motorosok-is-lehetnek-angyalok-940-motor-gurult-ki-a-parkolobol\/#primaryimage"},"image":{"@id":"https:\/\/dorogimedence.hu\/index.php\/2022\/09\/12\/a-motorosok-is-lehetnek-angyalok-940-motor-gurult-ki-a-parkolobol\/#primaryimage"},"thumbnailUrl":"https:\/\/dorogimedence.hu\/wp-content\/uploads\/2022\/09\/motoros-angyalok.jpg","datePublished":"2022-09-12T07:44:05+00:00","dateModified":"2022-09-12T14:41:17+00:00","breadcrumb":{"@id":"https:\/\/dorogimedence.hu\/index.php\/2022\/09\/12\/a-motorosok-is-lehetnek-angyalok-940-motor-gurult-ki-a-parkolobol\/#breadcrumb"},"inLanguage":"hu","potentialAction":[{"@type":"ReadAction","target":["https:\/\/dorogimedence.hu\/index.php\/2022\/09\/12\/a-motorosok-is-lehetnek-angyalok-940-motor-gurult-ki-a-parkolobol\/"]}]},{"@type":"ImageObject","inLanguage":"hu","@id":"https:\/\/dorogimedence.hu\/index.php\/2022\/09\/12\/a-motorosok-is-lehetnek-angyalok-940-motor-gurult-ki-a-parkolobol\/#primaryimage","url":"https:\/\/dorogimedence.hu\/wp-content\/uploads\/2022\/09\/motoros-angyalok.jpg","contentUrl":"https:\/\/dorogimedence.hu\/wp-content\/uploads\/2022\/09\/motoros-angyalok.jpg","width":2048,"height":1128},{"@type":"BreadcrumbList","@id":"https:\/\/dorogimedence.hu\/index.php\/2022\/09\/12\/a-motorosok-is-lehetnek-angyalok-940-motor-gurult-ki-a-parkolobol\/#breadcrumb","itemListElement":[{"@type":"ListItem","position":1,"name":"Kezd\u0151lap","item":"https:\/\/dorogimedence.hu\/"},{"@type":"ListItem","position":2,"name":"A Motorosok is lehetnek Angyalok: 940 motor gurult ki a parkol\u00f3b\u00f3l"}]},{"@type":"WebSite","@id":"https:\/\/dorogimedence.hu\/#website","url":"https:\/\/dorogimedence.hu\/","name":"Dorogi-medence Region\u00e1lis H\u00edrport\u00e1l","description":"Dorog, Keszt\u00f6lc, Le\u00e1nyv\u00e1r, Piliscs\u00e9v, Tokod, Tokodalt\u00e1r\u00f3, Csolnok, Esztergom-kertv\u00e1ros: h\u00edrek, programok","publisher":{"@id":"https:\/\/dorogimedence.hu\/#organization"},"potentialAction":[{"@type":"SearchAction","target":{"@type":"EntryPoint","urlTemplate":"https:\/\/dorogimedence.hu\/?s={search_term_string}"},"query-input":{"@type":"PropertyValueSpecification","valueRequired":true,"valueName":"search_term_string"}}],"inLanguage":"hu"},{"@type":"Organization","@id":"https:\/\/dorogimedence.hu\/#organization","name":"Dorogi-medence Region\u00e1lis H\u00edrport\u00e1l","url":"https:\/\/dorogimedence.hu\/","logo":{"@type":"ImageObject","inLanguage":"hu","@id":"https:\/\/dorogimedence.hu\/#\/schema\/logo\/image\/","url":"https:\/\/dorogimedence.hu\/wp-content\/uploads\/2021\/04\/logo-feher-600.png","contentUrl":"https:\/\/dorogimedence.hu\/wp-content\/uploads\/2021\/04\/logo-feher-600.png","width":600,"height":100,"caption":"Dorogi-medence Region\u00e1lis H\u00edrport\u00e1l"},"image":{"@id":"https:\/\/dorogimedence.hu\/#\/schema\/logo\/image\/"},"sameAs":["https:\/\/www.facebook.com\/dorogimedence\/"]},{"@type":"Person","@id":"https:\/\/dorogimedence.hu\/#\/schema\/person\/ce6091eeb7e95ecdc87890d6aa8e0fd4","name":"dorogimedence.hu","image":{"@type":"ImageObject","inLanguage":"hu","@id":"\/\/www.gravatar.com\/avatar\/d8d45f8901aadff40a4af72c0b826f1d?s=96&#038;r=g&#038;d=mm","url":"\/\/www.gravatar.com\/avatar\/d8d45f8901aadff40a4af72c0b826f1d?s=96&#038;r=g&#038;d=mm","contentUrl":"\/\/www.gravatar.com\/avatar\/d8d45f8901aadff40a4af72c0b826f1d?s=96&#038;r=g&#038;d=mm","caption":"dorogimedence.hu"}}]}},"_links":{"self":[{"href":"https:\/\/dorogimedence.hu\/index.php\/wp-json\/wp\/v2\/posts\/46412","targetHints":{"allow":["GET"]}}],"collection":[{"href":"https:\/\/dorogimedence.hu\/index.php\/wp-json\/wp\/v2\/posts"}],"about":[{"href":"https:\/\/dorogimedence.hu\/index.php\/wp-json\/wp\/v2\/types\/post"}],"author":[{"embeddable":true,"href":"https:\/\/dorogimedence.hu\/index.php\/wp-json\/wp\/v2\/users\/1"}],"replies":[{"embeddable":true,"href":"https:\/\/dorogimedence.hu\/index.php\/wp-json\/wp\/v2\/comments?post=46412"}],"version-history":[{"count":0,"href":"https:\/\/dorogimedence.hu\/index.php\/wp-json\/wp\/v2\/posts\/46412\/revisions"}],"wp:featuredmedia":[{"embeddable":true,"href":"https:\/\/dorogimedence.hu\/index.php\/wp-json\/wp\/v2\/media\/46413"}],"wp:attachment":[{"href":"https:\/\/dorogimedence.hu\/index.php\/wp-json\/wp\/v2\/media?parent=46412"}],"wp:term":[{"taxonomy":"category","embeddable":true,"href":"https:\/\/dorogimedence.hu\/index.php\/wp-json\/wp\/v2\/categories?post=46412"},{"taxonomy":"post_tag","embeddable":true,"href":"https:\/\/dorogimedence.hu\/index.php\/wp-json\/wp\/v2\/tags?post=46412"}],"curies":[{"name":"wp","href":"https:\/\/api.w.org\/{rel}","templated":true}]}}