{"id":46361,"date":"2022-09-10T10:17:48","date_gmt":"2022-09-10T08:17:48","guid":{"rendered":"https:\/\/dorogimedence.hu\/?p=46361"},"modified":"2022-09-10T10:17:56","modified_gmt":"2022-09-10T08:17:56","slug":"police-cafe-dorogon","status":"publish","type":"post","link":"https:\/\/dorogimedence.hu\/index.php\/2022\/09\/10\/police-cafe-dorogon\/","title":{"rendered":"Police Caf\u00e9 Dorogon"},"content":{"rendered":"<p><strong>Ez\u00fattal Dorog adott otthont a p\u00e1lyaorient\u00e1ci\u00f3r\u00f3l k\u00e9pz\u00e9sr\u0151l sz\u00f3l\u00f3 besz\u00e9lget\u00e9snek.<\/strong><\/p>\n<p>A Kom\u00e1rom-Esztergom Megyei Rend\u0151r-f\u0151kapit\u00e1nys\u00e1g 2022. szeptember 7-\u00e9n imm\u00e1r a negyedik Police Caf\u00e9t tartotta, ez\u00fattal Dorogon a J\u00f3zsef Attila M\u0171vel\u0151d\u00e9si H\u00e1zban. Az els\u0151 2021. szeptember 28-\u00e1n Tatab\u00e1ny\u00e1n, a m\u00e1sodik 2022. febru\u00e1r 16-\u00e1n Kom\u00e1romban volt, a harmadik pedig \u00e1prilis 21-\u00e9n Tat\u00e1n. A probl\u00e9mafelt\u00e1r\u00f3, elemz\u0151 megold\u00e1skeres\u00e9snek az volt a c\u00e9lja, hogy \u00e1ttekints\u00e9k, szakmailag alaposan megvitass\u00e1k, \u00e9s a lehet\u0151 leghat\u00e9konyabban \u00e9s leggyorsabban igyekezzenek megoldani a megyei szint\u0171 rend\u0151rhi\u00e1nyt. A mostani volt a m\u00e1sodik p\u00e1lyaorient\u00e1ci\u00f3s k\u00e9pz\u00e9sr\u0151l sz\u00f3l\u00f3 Police Caf\u00e9.<\/p>\n<p><img fetchpriority=\"high\" decoding=\"async\" class=\"alignnone size-large wp-image-46363\" src=\"https:\/\/dorogimedence.hu\/wp-content\/uploads\/2022\/09\/1_5519-1024x768.jpg\" alt=\"\" width=\"755\" height=\"566\" srcset=\"https:\/\/dorogimedence.hu\/wp-content\/uploads\/2022\/09\/1_5519-1024x768.jpg 1024w, https:\/\/dorogimedence.hu\/wp-content\/uploads\/2022\/09\/1_5519-300x225.jpg 300w, https:\/\/dorogimedence.hu\/wp-content\/uploads\/2022\/09\/1_5519-768x576.jpg 768w, https:\/\/dorogimedence.hu\/wp-content\/uploads\/2022\/09\/1_5519-1536x1152.jpg 1536w, https:\/\/dorogimedence.hu\/wp-content\/uploads\/2022\/09\/1_5519-150x113.jpg 150w, https:\/\/dorogimedence.hu\/wp-content\/uploads\/2022\/09\/1_5519-450x338.jpg 450w, https:\/\/dorogimedence.hu\/wp-content\/uploads\/2022\/09\/1_5519-1200x900.jpg 1200w, https:\/\/dorogimedence.hu\/wp-content\/uploads\/2022\/09\/1_5519.jpg 1560w\" sizes=\"(max-width: 755px) 100vw, 755px\" \/><\/p>\n<p>A k\u00e9pz\u00e9sben a Dorogi Zsigmondy Vilmos Gimn\u00e1zium \u00e9s az Esztergomi Szakk\u00e9pz\u00e9si Centrum G\u00e9za Fejedelem Technikum \u00e9s Szakk\u00e9pz\u0151 Iskol\u00e1ja vett r\u00e9szt. Az egyiknek az igazgat\u00f3ja, a m\u00e1siknak az igazgat\u00f3helyettese, n\u00e9h\u00e1ny tan\u00e1ra \u00e9s \u00f6t talpraesett di\u00e1kja is v\u00e9gig besz\u00e9lgette a d\u00e9lel\u0151tt\u00f6t. Ut\u00f3bbiak k\u00f6z\u00fcl h\u00e1rom eleve rend\u0151r akar lenni, ketten m\u00e9g nem d\u00f6nt\u00f6ttek. A p\u00e1lyaorient\u00e1ci\u00f3ban m\u00e1r oktat\u00f3 rend\u0151r koll\u00e9g\u00e1k \u00e9s potenci\u00e1lis ut\u00f3daik, valamint a megye v\u00e1rosi kapit\u00e1nys\u00e1gainak k\u00fcl\u00f6nb\u00f6z\u0151 szint\u0171 vezet\u0151i voltak hivatalosak.<\/p>\n<p>A rendezv\u00e9ny m\u00f3dszertani \u00f6tletad\u00f3ja \u00e9s h\u00e1zigazd\u00e1ja dr. Moln\u00e1r Katalin egyetemi docens, Police Caf\u00e9 k\u00e9pz\u0151 \u00e9s moder\u00e1tor volt. A k\u00f6z\u00f6s gondolkod\u00e1s majd Oroszl\u00e1nyon folytat\u00f3dik, h\u00e1tha ott is elcs\u00e1bul egy-k\u00e9t \u00fajonc\u2026<\/p>\n<p><img decoding=\"async\" class=\"alignnone size-large wp-image-46364\" src=\"https:\/\/dorogimedence.hu\/wp-content\/uploads\/2022\/09\/2_3798-1024x768.jpg\" alt=\"\" width=\"755\" height=\"566\" srcset=\"https:\/\/dorogimedence.hu\/wp-content\/uploads\/2022\/09\/2_3798-1024x768.jpg 1024w, https:\/\/dorogimedence.hu\/wp-content\/uploads\/2022\/09\/2_3798-300x225.jpg 300w, https:\/\/dorogimedence.hu\/wp-content\/uploads\/2022\/09\/2_3798-768x576.jpg 768w, https:\/\/dorogimedence.hu\/wp-content\/uploads\/2022\/09\/2_3798-1536x1152.jpg 1536w, https:\/\/dorogimedence.hu\/wp-content\/uploads\/2022\/09\/2_3798-150x113.jpg 150w, https:\/\/dorogimedence.hu\/wp-content\/uploads\/2022\/09\/2_3798-450x338.jpg 450w, https:\/\/dorogimedence.hu\/wp-content\/uploads\/2022\/09\/2_3798-1200x900.jpg 1200w, https:\/\/dorogimedence.hu\/wp-content\/uploads\/2022\/09\/2_3798.jpg 1560w\" sizes=\"(max-width: 755px) 100vw, 755px\" \/><\/p>\n<p><em>Fot\u00f3k, forr\u00e1s: police.hu<\/em><\/p>\n","protected":false},"excerpt":{"rendered":"<p>Ez\u00fattal Dorog adott otthont a p\u00e1lyaorient\u00e1ci\u00f3r\u00f3l k\u00e9pz\u00e9sr\u0151l sz\u00f3l\u00f3 besz\u00e9lget\u00e9snek. A Kom\u00e1rom-Esztergom Megyei Rend\u0151r-f\u0151kapit\u00e1nys\u00e1g 2022. szeptember 7-\u00e9n imm\u00e1r a negyedik Police Caf\u00e9t tartotta, ez\u00fattal Dorogon a J\u00f3zsef Attila M\u0171vel\u0151d\u00e9si H\u00e1zban. Az els\u0151 2021. szeptember 28-\u00e1n Tatab\u00e1ny\u00e1n, a m\u00e1sodik 2022. febru\u00e1r 16-\u00e1n Kom\u00e1romban volt, a harmadik pedig \u00e1prilis 21-\u00e9n Tat\u00e1n. A probl\u00e9mafelt\u00e1r\u00f3, elemz\u0151 megold\u00e1skeres\u00e9snek az volt a<\/p>\n","protected":false},"author":1,"featured_media":46362,"comment_status":"closed","ping_status":"closed","sticky":false,"template":"","format":"standard","meta":{"ngg_post_thumbnail":0,"footnotes":""},"categories":[2,3],"tags":[15,359,6668,61],"class_list":{"0":"post-46361","1":"post","2":"type-post","3":"status-publish","4":"format-standard","5":"has-post-thumbnail","7":"category-dorog","8":"category-hirek","9":"tag-dorog","10":"tag-dorogi-rendorok","11":"tag-police-cafe","12":"tag-rendorsegi-hirek"},"yoast_head":"<!-- This site is optimized with the Yoast SEO plugin v27.5 - https:\/\/yoast.com\/product\/yoast-seo-wordpress\/ -->\n<title>Police Caf\u00e9 Dorogon<\/title>\n<meta name=\"robots\" content=\"index, follow, max-snippet:-1, max-image-preview:large, max-video-preview:-1\" \/>\n<link rel=\"canonical\" href=\"https:\/\/dorogimedence.hu\/index.php\/2022\/09\/10\/police-cafe-dorogon\/\" class=\"yoast-seo-meta-tag\" \/>\n<meta property=\"og:locale\" content=\"hu_HU\" class=\"yoast-seo-meta-tag\" \/>\n<meta property=\"og:type\" content=\"article\" class=\"yoast-seo-meta-tag\" \/>\n<meta property=\"og:title\" content=\"Police Caf\u00e9 Dorogon\" class=\"yoast-seo-meta-tag\" \/>\n<meta property=\"og:description\" content=\"Ez\u00fattal Dorog adott otthont a p\u00e1lyaorient\u00e1ci\u00f3r\u00f3l k\u00e9pz\u00e9sr\u0151l sz\u00f3l\u00f3 besz\u00e9lget\u00e9snek. A Kom\u00e1rom-Esztergom Megyei Rend\u0151r-f\u0151kapit\u00e1nys\u00e1g 2022. szeptember 7-\u00e9n imm\u00e1r a negyedik Police Caf\u00e9t tartotta, ez\u00fattal Dorogon a J\u00f3zsef Attila M\u0171vel\u0151d\u00e9si H\u00e1zban. Az els\u0151 2021. szeptember 28-\u00e1n Tatab\u00e1ny\u00e1n, a m\u00e1sodik 2022. febru\u00e1r 16-\u00e1n Kom\u00e1romban volt, a harmadik pedig \u00e1prilis 21-\u00e9n Tat\u00e1n. A probl\u00e9mafelt\u00e1r\u00f3, elemz\u0151 megold\u00e1skeres\u00e9snek az volt a\" class=\"yoast-seo-meta-tag\" \/>\n<meta property=\"og:url\" content=\"https:\/\/dorogimedence.hu\/index.php\/2022\/09\/10\/police-cafe-dorogon\/\" class=\"yoast-seo-meta-tag\" \/>\n<meta property=\"og:site_name\" content=\"Dorogi-medence Region\u00e1lis H\u00edrport\u00e1l\" class=\"yoast-seo-meta-tag\" \/>\n<meta property=\"article:publisher\" content=\"https:\/\/www.facebook.com\/dorogimedence\/\" class=\"yoast-seo-meta-tag\" \/>\n<meta property=\"article:published_time\" content=\"2022-09-10T08:17:48+00:00\" class=\"yoast-seo-meta-tag\" \/>\n<meta property=\"article:modified_time\" content=\"2022-09-10T08:17:56+00:00\" class=\"yoast-seo-meta-tag\" \/>\n<meta property=\"og:image\" content=\"https:\/\/i0.wp.com\/dorogimedence.hu\/wp-content\/uploads\/2022\/09\/lead_2619.jpg?fit=1560%2C1170&ssl=1\" class=\"yoast-seo-meta-tag\" \/>\n\t<meta property=\"og:image:width\" content=\"1560\" class=\"yoast-seo-meta-tag\" \/>\n\t<meta property=\"og:image:height\" content=\"1170\" class=\"yoast-seo-meta-tag\" \/>\n\t<meta property=\"og:image:type\" content=\"image\/jpeg\" class=\"yoast-seo-meta-tag\" \/>\n<meta name=\"author\" content=\"dorogimedence.hu\" class=\"yoast-seo-meta-tag\" \/>\n<meta name=\"twitter:card\" content=\"summary_large_image\" class=\"yoast-seo-meta-tag\" \/>\n<meta name=\"twitter:label1\" content=\"Szerz\u0151:\" class=\"yoast-seo-meta-tag\" \/>\n\t<meta name=\"twitter:data1\" content=\"dorogimedence.hu\" class=\"yoast-seo-meta-tag\" \/>\n\t<meta name=\"twitter:label2\" content=\"Becs\u00fclt olvas\u00e1si id\u0151\" class=\"yoast-seo-meta-tag\" \/>\n\t<meta name=\"twitter:data2\" content=\"1 perc\" class=\"yoast-seo-meta-tag\" \/>\n<script type=\"application\/ld+json\" class=\"yoast-schema-graph\">{\"@context\":\"https:\\\/\\\/schema.org\",\"@graph\":[{\"@type\":\"Article\",\"@id\":\"https:\\\/\\\/dorogimedence.hu\\\/index.php\\\/2022\\\/09\\\/10\\\/police-cafe-dorogon\\\/#article\",\"isPartOf\":{\"@id\":\"https:\\\/\\\/dorogimedence.hu\\\/index.php\\\/2022\\\/09\\\/10\\\/police-cafe-dorogon\\\/\"},\"author\":{\"name\":\"dorogimedence.hu\",\"@id\":\"https:\\\/\\\/dorogimedence.hu\\\/#\\\/schema\\\/person\\\/ce6091eeb7e95ecdc87890d6aa8e0fd4\"},\"headline\":\"Police Caf\u00e9 Dorogon\",\"datePublished\":\"2022-09-10T08:17:48+00:00\",\"dateModified\":\"2022-09-10T08:17:56+00:00\",\"mainEntityOfPage\":{\"@id\":\"https:\\\/\\\/dorogimedence.hu\\\/index.php\\\/2022\\\/09\\\/10\\\/police-cafe-dorogon\\\/\"},\"wordCount\":300,\"publisher\":{\"@id\":\"https:\\\/\\\/dorogimedence.hu\\\/#organization\"},\"image\":{\"@id\":\"https:\\\/\\\/dorogimedence.hu\\\/index.php\\\/2022\\\/09\\\/10\\\/police-cafe-dorogon\\\/#primaryimage\"},\"thumbnailUrl\":\"https:\\\/\\\/dorogimedence.hu\\\/wp-content\\\/uploads\\\/2022\\\/09\\\/lead_2619.jpg\",\"keywords\":[\"Dorog\",\"dorogi rend\u0151r\u00f6k\",\"Police Caf\u00e9\",\"rend\u0151rs\u00e9gi h\u00edrek\"],\"articleSection\":[\"Dorog\",\"H\u00edrek\"],\"inLanguage\":\"hu\"},{\"@type\":\"WebPage\",\"@id\":\"https:\\\/\\\/dorogimedence.hu\\\/index.php\\\/2022\\\/09\\\/10\\\/police-cafe-dorogon\\\/\",\"url\":\"https:\\\/\\\/dorogimedence.hu\\\/index.php\\\/2022\\\/09\\\/10\\\/police-cafe-dorogon\\\/\",\"name\":\"Police Caf\u00e9 Dorogon\",\"isPartOf\":{\"@id\":\"https:\\\/\\\/dorogimedence.hu\\\/#website\"},\"primaryImageOfPage\":{\"@id\":\"https:\\\/\\\/dorogimedence.hu\\\/index.php\\\/2022\\\/09\\\/10\\\/police-cafe-dorogon\\\/#primaryimage\"},\"image\":{\"@id\":\"https:\\\/\\\/dorogimedence.hu\\\/index.php\\\/2022\\\/09\\\/10\\\/police-cafe-dorogon\\\/#primaryimage\"},\"thumbnailUrl\":\"https:\\\/\\\/dorogimedence.hu\\\/wp-content\\\/uploads\\\/2022\\\/09\\\/lead_2619.jpg\",\"datePublished\":\"2022-09-10T08:17:48+00:00\",\"dateModified\":\"2022-09-10T08:17:56+00:00\",\"breadcrumb\":{\"@id\":\"https:\\\/\\\/dorogimedence.hu\\\/index.php\\\/2022\\\/09\\\/10\\\/police-cafe-dorogon\\\/#breadcrumb\"},\"inLanguage\":\"hu\",\"potentialAction\":[{\"@type\":\"ReadAction\",\"target\":[\"https:\\\/\\\/dorogimedence.hu\\\/index.php\\\/2022\\\/09\\\/10\\\/police-cafe-dorogon\\\/\"]}]},{\"@type\":\"ImageObject\",\"inLanguage\":\"hu\",\"@id\":\"https:\\\/\\\/dorogimedence.hu\\\/index.php\\\/2022\\\/09\\\/10\\\/police-cafe-dorogon\\\/#primaryimage\",\"url\":\"https:\\\/\\\/dorogimedence.hu\\\/wp-content\\\/uploads\\\/2022\\\/09\\\/lead_2619.jpg\",\"contentUrl\":\"https:\\\/\\\/dorogimedence.hu\\\/wp-content\\\/uploads\\\/2022\\\/09\\\/lead_2619.jpg\",\"width\":1560,\"height\":1170},{\"@type\":\"BreadcrumbList\",\"@id\":\"https:\\\/\\\/dorogimedence.hu\\\/index.php\\\/2022\\\/09\\\/10\\\/police-cafe-dorogon\\\/#breadcrumb\",\"itemListElement\":[{\"@type\":\"ListItem\",\"position\":1,\"name\":\"Kezd\u0151lap\",\"item\":\"https:\\\/\\\/dorogimedence.hu\\\/\"},{\"@type\":\"ListItem\",\"position\":2,\"name\":\"Police Caf\u00e9 Dorogon\"}]},{\"@type\":\"WebSite\",\"@id\":\"https:\\\/\\\/dorogimedence.hu\\\/#website\",\"url\":\"https:\\\/\\\/dorogimedence.hu\\\/\",\"name\":\"Dorogi-medence Region\u00e1lis H\u00edrport\u00e1l\",\"description\":\"Dorog, Keszt\u00f6lc, Le\u00e1nyv\u00e1r, Piliscs\u00e9v, Tokod, Tokodalt\u00e1r\u00f3, Csolnok, Esztergom-kertv\u00e1ros: h\u00edrek, programok\",\"publisher\":{\"@id\":\"https:\\\/\\\/dorogimedence.hu\\\/#organization\"},\"potentialAction\":[{\"@type\":\"SearchAction\",\"target\":{\"@type\":\"EntryPoint\",\"urlTemplate\":\"https:\\\/\\\/dorogimedence.hu\\\/?s={search_term_string}\"},\"query-input\":{\"@type\":\"PropertyValueSpecification\",\"valueRequired\":true,\"valueName\":\"search_term_string\"}}],\"inLanguage\":\"hu\"},{\"@type\":\"Organization\",\"@id\":\"https:\\\/\\\/dorogimedence.hu\\\/#organization\",\"name\":\"Dorogi-medence Region\u00e1lis H\u00edrport\u00e1l\",\"url\":\"https:\\\/\\\/dorogimedence.hu\\\/\",\"logo\":{\"@type\":\"ImageObject\",\"inLanguage\":\"hu\",\"@id\":\"https:\\\/\\\/dorogimedence.hu\\\/#\\\/schema\\\/logo\\\/image\\\/\",\"url\":\"https:\\\/\\\/dorogimedence.hu\\\/wp-content\\\/uploads\\\/2021\\\/04\\\/logo-feher-600.png\",\"contentUrl\":\"https:\\\/\\\/dorogimedence.hu\\\/wp-content\\\/uploads\\\/2021\\\/04\\\/logo-feher-600.png\",\"width\":600,\"height\":100,\"caption\":\"Dorogi-medence Region\u00e1lis H\u00edrport\u00e1l\"},\"image\":{\"@id\":\"https:\\\/\\\/dorogimedence.hu\\\/#\\\/schema\\\/logo\\\/image\\\/\"},\"sameAs\":[\"https:\\\/\\\/www.facebook.com\\\/dorogimedence\\\/\"]},{\"@type\":\"Person\",\"@id\":\"https:\\\/\\\/dorogimedence.hu\\\/#\\\/schema\\\/person\\\/ce6091eeb7e95ecdc87890d6aa8e0fd4\",\"name\":\"dorogimedence.hu\",\"image\":{\"@type\":\"ImageObject\",\"inLanguage\":\"hu\",\"@id\":\"\\\/\\\/www.gravatar.com\\\/avatar\\\/d8d45f8901aadff40a4af72c0b826f1d?s=96&#038;r=g&#038;d=mm\",\"url\":\"\\\/\\\/www.gravatar.com\\\/avatar\\\/d8d45f8901aadff40a4af72c0b826f1d?s=96&#038;r=g&#038;d=mm\",\"contentUrl\":\"\\\/\\\/www.gravatar.com\\\/avatar\\\/d8d45f8901aadff40a4af72c0b826f1d?s=96&#038;r=g&#038;d=mm\",\"caption\":\"dorogimedence.hu\"}}]}<\/script>\n<!-- \/ Yoast SEO plugin. -->","yoast_head_json":{"title":"Police Caf\u00e9 Dorogon","robots":{"index":"index","follow":"follow","max-snippet":"max-snippet:-1","max-image-preview":"max-image-preview:large","max-video-preview":"max-video-preview:-1"},"canonical":"https:\/\/dorogimedence.hu\/index.php\/2022\/09\/10\/police-cafe-dorogon\/","og_locale":"hu_HU","og_type":"article","og_title":"Police Caf\u00e9 Dorogon","og_description":"Ez\u00fattal Dorog adott otthont a p\u00e1lyaorient\u00e1ci\u00f3r\u00f3l k\u00e9pz\u00e9sr\u0151l sz\u00f3l\u00f3 besz\u00e9lget\u00e9snek. A Kom\u00e1rom-Esztergom Megyei Rend\u0151r-f\u0151kapit\u00e1nys\u00e1g 2022. szeptember 7-\u00e9n imm\u00e1r a negyedik Police Caf\u00e9t tartotta, ez\u00fattal Dorogon a J\u00f3zsef Attila M\u0171vel\u0151d\u00e9si H\u00e1zban. Az els\u0151 2021. szeptember 28-\u00e1n Tatab\u00e1ny\u00e1n, a m\u00e1sodik 2022. febru\u00e1r 16-\u00e1n Kom\u00e1romban volt, a harmadik pedig \u00e1prilis 21-\u00e9n Tat\u00e1n. A probl\u00e9mafelt\u00e1r\u00f3, elemz\u0151 megold\u00e1skeres\u00e9snek az volt a","og_url":"https:\/\/dorogimedence.hu\/index.php\/2022\/09\/10\/police-cafe-dorogon\/","og_site_name":"Dorogi-medence Region\u00e1lis H\u00edrport\u00e1l","article_publisher":"https:\/\/www.facebook.com\/dorogimedence\/","article_published_time":"2022-09-10T08:17:48+00:00","article_modified_time":"2022-09-10T08:17:56+00:00","og_image":[{"width":1560,"height":1170,"url":"https:\/\/i0.wp.com\/dorogimedence.hu\/wp-content\/uploads\/2022\/09\/lead_2619.jpg?fit=1560%2C1170&ssl=1","type":"image\/jpeg"}],"author":"dorogimedence.hu","twitter_card":"summary_large_image","twitter_misc":{"Szerz\u0151:":"dorogimedence.hu","Becs\u00fclt olvas\u00e1si id\u0151":"1 perc"},"schema":{"@context":"https:\/\/schema.org","@graph":[{"@type":"Article","@id":"https:\/\/dorogimedence.hu\/index.php\/2022\/09\/10\/police-cafe-dorogon\/#article","isPartOf":{"@id":"https:\/\/dorogimedence.hu\/index.php\/2022\/09\/10\/police-cafe-dorogon\/"},"author":{"name":"dorogimedence.hu","@id":"https:\/\/dorogimedence.hu\/#\/schema\/person\/ce6091eeb7e95ecdc87890d6aa8e0fd4"},"headline":"Police Caf\u00e9 Dorogon","datePublished":"2022-09-10T08:17:48+00:00","dateModified":"2022-09-10T08:17:56+00:00","mainEntityOfPage":{"@id":"https:\/\/dorogimedence.hu\/index.php\/2022\/09\/10\/police-cafe-dorogon\/"},"wordCount":300,"publisher":{"@id":"https:\/\/dorogimedence.hu\/#organization"},"image":{"@id":"https:\/\/dorogimedence.hu\/index.php\/2022\/09\/10\/police-cafe-dorogon\/#primaryimage"},"thumbnailUrl":"https:\/\/dorogimedence.hu\/wp-content\/uploads\/2022\/09\/lead_2619.jpg","keywords":["Dorog","dorogi rend\u0151r\u00f6k","Police Caf\u00e9","rend\u0151rs\u00e9gi h\u00edrek"],"articleSection":["Dorog","H\u00edrek"],"inLanguage":"hu"},{"@type":"WebPage","@id":"https:\/\/dorogimedence.hu\/index.php\/2022\/09\/10\/police-cafe-dorogon\/","url":"https:\/\/dorogimedence.hu\/index.php\/2022\/09\/10\/police-cafe-dorogon\/","name":"Police Caf\u00e9 Dorogon","isPartOf":{"@id":"https:\/\/dorogimedence.hu\/#website"},"primaryImageOfPage":{"@id":"https:\/\/dorogimedence.hu\/index.php\/2022\/09\/10\/police-cafe-dorogon\/#primaryimage"},"image":{"@id":"https:\/\/dorogimedence.hu\/index.php\/2022\/09\/10\/police-cafe-dorogon\/#primaryimage"},"thumbnailUrl":"https:\/\/dorogimedence.hu\/wp-content\/uploads\/2022\/09\/lead_2619.jpg","datePublished":"2022-09-10T08:17:48+00:00","dateModified":"2022-09-10T08:17:56+00:00","breadcrumb":{"@id":"https:\/\/dorogimedence.hu\/index.php\/2022\/09\/10\/police-cafe-dorogon\/#breadcrumb"},"inLanguage":"hu","potentialAction":[{"@type":"ReadAction","target":["https:\/\/dorogimedence.hu\/index.php\/2022\/09\/10\/police-cafe-dorogon\/"]}]},{"@type":"ImageObject","inLanguage":"hu","@id":"https:\/\/dorogimedence.hu\/index.php\/2022\/09\/10\/police-cafe-dorogon\/#primaryimage","url":"https:\/\/dorogimedence.hu\/wp-content\/uploads\/2022\/09\/lead_2619.jpg","contentUrl":"https:\/\/dorogimedence.hu\/wp-content\/uploads\/2022\/09\/lead_2619.jpg","width":1560,"height":1170},{"@type":"BreadcrumbList","@id":"https:\/\/dorogimedence.hu\/index.php\/2022\/09\/10\/police-cafe-dorogon\/#breadcrumb","itemListElement":[{"@type":"ListItem","position":1,"name":"Kezd\u0151lap","item":"https:\/\/dorogimedence.hu\/"},{"@type":"ListItem","position":2,"name":"Police Caf\u00e9 Dorogon"}]},{"@type":"WebSite","@id":"https:\/\/dorogimedence.hu\/#website","url":"https:\/\/dorogimedence.hu\/","name":"Dorogi-medence Region\u00e1lis H\u00edrport\u00e1l","description":"Dorog, Keszt\u00f6lc, Le\u00e1nyv\u00e1r, Piliscs\u00e9v, Tokod, Tokodalt\u00e1r\u00f3, Csolnok, Esztergom-kertv\u00e1ros: h\u00edrek, programok","publisher":{"@id":"https:\/\/dorogimedence.hu\/#organization"},"potentialAction":[{"@type":"SearchAction","target":{"@type":"EntryPoint","urlTemplate":"https:\/\/dorogimedence.hu\/?s={search_term_string}"},"query-input":{"@type":"PropertyValueSpecification","valueRequired":true,"valueName":"search_term_string"}}],"inLanguage":"hu"},{"@type":"Organization","@id":"https:\/\/dorogimedence.hu\/#organization","name":"Dorogi-medence Region\u00e1lis H\u00edrport\u00e1l","url":"https:\/\/dorogimedence.hu\/","logo":{"@type":"ImageObject","inLanguage":"hu","@id":"https:\/\/dorogimedence.hu\/#\/schema\/logo\/image\/","url":"https:\/\/dorogimedence.hu\/wp-content\/uploads\/2021\/04\/logo-feher-600.png","contentUrl":"https:\/\/dorogimedence.hu\/wp-content\/uploads\/2021\/04\/logo-feher-600.png","width":600,"height":100,"caption":"Dorogi-medence Region\u00e1lis H\u00edrport\u00e1l"},"image":{"@id":"https:\/\/dorogimedence.hu\/#\/schema\/logo\/image\/"},"sameAs":["https:\/\/www.facebook.com\/dorogimedence\/"]},{"@type":"Person","@id":"https:\/\/dorogimedence.hu\/#\/schema\/person\/ce6091eeb7e95ecdc87890d6aa8e0fd4","name":"dorogimedence.hu","image":{"@type":"ImageObject","inLanguage":"hu","@id":"\/\/www.gravatar.com\/avatar\/d8d45f8901aadff40a4af72c0b826f1d?s=96&#038;r=g&#038;d=mm","url":"\/\/www.gravatar.com\/avatar\/d8d45f8901aadff40a4af72c0b826f1d?s=96&#038;r=g&#038;d=mm","contentUrl":"\/\/www.gravatar.com\/avatar\/d8d45f8901aadff40a4af72c0b826f1d?s=96&#038;r=g&#038;d=mm","caption":"dorogimedence.hu"}}]}},"_links":{"self":[{"href":"https:\/\/dorogimedence.hu\/index.php\/wp-json\/wp\/v2\/posts\/46361","targetHints":{"allow":["GET"]}}],"collection":[{"href":"https:\/\/dorogimedence.hu\/index.php\/wp-json\/wp\/v2\/posts"}],"about":[{"href":"https:\/\/dorogimedence.hu\/index.php\/wp-json\/wp\/v2\/types\/post"}],"author":[{"embeddable":true,"href":"https:\/\/dorogimedence.hu\/index.php\/wp-json\/wp\/v2\/users\/1"}],"replies":[{"embeddable":true,"href":"https:\/\/dorogimedence.hu\/index.php\/wp-json\/wp\/v2\/comments?post=46361"}],"version-history":[{"count":0,"href":"https:\/\/dorogimedence.hu\/index.php\/wp-json\/wp\/v2\/posts\/46361\/revisions"}],"wp:featuredmedia":[{"embeddable":true,"href":"https:\/\/dorogimedence.hu\/index.php\/wp-json\/wp\/v2\/media\/46362"}],"wp:attachment":[{"href":"https:\/\/dorogimedence.hu\/index.php\/wp-json\/wp\/v2\/media?parent=46361"}],"wp:term":[{"taxonomy":"category","embeddable":true,"href":"https:\/\/dorogimedence.hu\/index.php\/wp-json\/wp\/v2\/categories?post=46361"},{"taxonomy":"post_tag","embeddable":true,"href":"https:\/\/dorogimedence.hu\/index.php\/wp-json\/wp\/v2\/tags?post=46361"}],"curies":[{"name":"wp","href":"https:\/\/api.w.org\/{rel}","templated":true}]}}