{"id":46314,"date":"2022-09-09T07:33:40","date_gmt":"2022-09-09T05:33:40","guid":{"rendered":"https:\/\/dorogimedence.hu\/?p=46314"},"modified":"2022-09-09T07:33:53","modified_gmt":"2022-09-09T05:33:53","slug":"bucsuzik-a-vilag-ii-erzsebet-kiralynotol","status":"publish","type":"post","link":"https:\/\/dorogimedence.hu\/index.php\/2022\/09\/09\/bucsuzik-a-vilag-ii-erzsebet-kiralynotol\/","title":{"rendered":"B\u00facs\u00fazik a vil\u00e1g II. Erzs\u00e9bet kir\u00e1lyn\u0151t\u0151l"},"content":{"rendered":"<p><strong>Szeptember 8-\u00e1n, cs\u00fct\u00f6rt\u00f6k\u00f6n elhunyt II. Erzs\u00e9bet kir\u00e1lyn\u0151, az Egyes\u00fclt Kir\u00e1lys\u00e1g uralkod\u00f3ja, aki a leghosszabb ideig volt a brit tr\u00f3non. A vil\u00e1g vezet\u0151 politikusai m\u00e1r cs\u00fct\u00f6rt\u00f6k\u00f6n este r\u00e9szv\u00e9t\u00fcket nyilv\u00e1n\u00edtott\u00e1k \u00e9s rendk\u00edv\u00fcli szem\u00e9lyis\u00e9gk\u00e9nt m\u00e9ltatt\u00e1k.<\/strong><\/p>\n<p>A Buckingham-palota k\u00f6zlem\u00e9nye szerint a kir\u00e1lyn\u0151t \u00e9let\u00e9nek 97., uralkod\u00e1s\u00e1nak 71. esztendej\u00e9ben \u00e9rte a hal\u00e1l ny\u00e1ri rezidenci\u00e1j\u00e1n, a sk\u00f3ciai Balmoral kast\u00e9ly\u00e1ban. II. Erzs\u00e9bet kir\u00e1lyn\u0151 1952. febru\u00e1r 6-\u00e1n l\u00e9pett az Egyes\u00fclt Kir\u00e1lys\u00e1g tr\u00f3nj\u00e1ra.<\/p>\n<p>Hal\u00e1l\u00e1nak pillanat\u00e1t\u00f3l els\u0151sz\u00fcl\u00f6tt fia, a 73 esztend\u0151s eddigi tr\u00f3n\u00f6r\u00f6k\u00f6s, K\u00e1roly F\u00fcl\u00f6p Art\u00far Gy\u00f6rgy a brit uralkod\u00f3, aki III. K\u00e1roly n\u00e9ven l\u00e9p tr\u00f3nra. K\u00e1roly tr\u00f3nra l\u00e9p\u00e9se azt is jelenti, hogy az \u00faj kir\u00e1ly id\u0151sebb fia, Vilmos cambridge-i herceg a tr\u00f3n\u00f6r\u00f6k\u00f6s. Egy\u00e9bk\u00e9nt az ilyen esetekben \u00f6sszeh\u00edvott tr\u00f3nut\u00f3dl\u00e1si tan\u00e1cs (Accession Council) v\u00e1rhat\u00f3an p\u00e9ntek d\u00e9lel\u0151tt \u00fcl \u00f6ssze, \u00e9s form\u00e1lisan is kir\u00e1lly\u00e1 nyilv\u00e1n\u00edtja az \u00faj brit uralkod\u00f3t.<\/p>\n<p>II. Erzs\u00e9bet brit kir\u00e1lyn\u0151 kedden m\u00e9g megb\u00edzta a korm\u00e1nyalak\u00edt\u00e1ssal az \u00faj brit minisztereln\u00f6k\u00f6t, cs\u00fct\u00f6rt\u00f6kre azonban m\u00e1r annyira megromlott az eg\u00e9szs\u00e9g\u00fcgyi \u00e1llapota, hogy a Buckingham-palota k\u00f6zlem\u00e9nyben jelentette be: a brit uralkod\u00f3t orvosi fel\u00fcgyelet al\u00e1 helyezt\u00e9k, mert orvosai agg\u00f3dnak az eg\u00e9szs\u00e9ge miatt.<\/p>\n<p>II. Erzs\u00e9bet kir\u00e1lyn\u0151t\u0151l a protokoll szerint v\u00e1rhat\u00f3an t\u00edz nap m\u00falva vesznek v\u00e9gs\u0151 b\u00facs\u00fat egykori angliai rezidenci\u00e1j\u00e1n, a London nyugati hat\u00e1r\u00e1ban fekv\u0151 Windsor-kast\u00e9lyban, ahol n\u00e9hai \u00e9desapja \u00e9s f\u00e9rje, F\u00fcl\u00f6p edinburghi herceg is nyugszik.<\/p>\n<p><em>A vezet\u0151 politikusok \u00edgy b\u00facs\u00faztak a kir\u00e1lyn\u0151t\u0151l:<\/em><\/p>\n<p>\u201eA n\u0151t\u0151l, az \u00e9desany\u00e1t\u00f3l, a kir\u00e1lyn\u0151t\u0151l, az eur\u00f3pai \u00e1llamf\u0151t\u0151l b\u00facs\u00fazunk! M\u00e9ly megrend\u00fcl\u00e9ssel \u00e9rtes\u00fcltem II. Erzs\u00e9bet kir\u00e1lyn\u0151 hal\u00e1l\u00e1r\u00f3l, egy\u00fattal \u0151szinte r\u00e9szv\u00e9temet fejezem ki a kir\u00e1lyi csal\u00e1d tagjainak. Szomor\u00fa sz\u00edvvel \u00e9s tisztelettel b\u00facs\u00fazunk a XX. sz\u00e1zadi brit \u00e9s eur\u00f3pai t\u00f6rt\u00e9nelem egyik legmeghat\u00e1roz\u00f3bb alakj\u00e1t\u00f3l. Mi magyarok sokat tanultunk II. Erzs\u00e9bett\u0151l a nemzet\u00e9rt \u00e9s a csal\u00e1d\u00e9rt val\u00f3 ki\u00e1ll\u00e1sban. Eml\u00e9k\u00e9t sz\u00edv\u00fcnkben meg\u0151rizz\u00fck!\u201d \u2013 Nov\u00e1k Katalin, Magyarorsz\u00e1g k\u00f6zt\u00e1rsas\u00e1gi eln\u00f6ke.<\/p>\n<p>\u201e\u0150fels\u00e9ge neve elv\u00e1laszthatatlanul \u00f6sszekapcsol\u00f3dik az Egyes\u00fclt Kir\u00e1lys\u00e1g leg\u00fajabb kori t\u00f6rt\u00e9nelm\u00e9nek legfontosabb esem\u00e9nyeivel. II. Erzs\u00e9betet sok \u00e9vtizeden \u00e1t m\u00e9lt\u00e1n szerett\u00e9k \u00e9s tisztelt\u00e9k alattval\u00f3i, \u00e9s a nagyvil\u00e1gban megbecs\u00fcl\u00e9s \u00f6vezte. B\u00e1tors\u00e1got \u00e9s kitart\u00e1st k\u00edv\u00e1nok \u00d6n\u00f6knek e s\u00falyos, p\u00f3tolhatatlan vesztes\u00e9g idej\u00e9n\u201d &#8211; Vlagyimir Vlagyimirovics Putyin, orosz \u00e1llamf\u0151.<\/p>\n<p>\u201e\u0150fels\u00e9ge II. Erzs\u00e9bet kir\u00e1lyn\u0151 a brit nemzet egys\u00e9g\u00e9t \u00e9s folytonoss\u00e1g\u00e1t testes\u00edtette meg t\u00f6bb mint hetven \u00e9ven \u00e1t. Meg\u0151rz\u00f6m eml\u00e9kemben Franciaorsz\u00e1g bar\u00e1tj\u00e1t, a haz\u00e1j\u00e1t \u00e9s az \u00e9vsz\u00e1zad\u00e1t meghat\u00e1roz\u00f3 sz\u00edvek kir\u00e1lyn\u0151j\u00e9t\u201d \u2013 Emmanuel Macron, francia eln\u00f6k.<\/p>\n<p>&nbsp;\u201e\u0150fels\u00e9ge II. Erzs\u00e9bet kir\u00e1lyn\u0151 sok gener\u00e1ci\u00f3nak adott \u00f6szt\u00f6nz\u00e9st. Uralkod\u00e1sa \u00e9s a n\u00e9p szolg\u00e1lata maradand\u00f3 \u00f6r\u00f6ks\u00e9g lesz\u201d \u2013 Andrej Plenkovic, horv\u00e1t korm\u00e1nyf\u0151.<\/p>\n<p><em>Bor\u00edt\u00f3k\u00e9p: Chris Jackson \/ POOL \/ AFP<\/em><\/p>\n","protected":false},"excerpt":{"rendered":"<p>Szeptember 8-\u00e1n, cs\u00fct\u00f6rt\u00f6k\u00f6n elhunyt II. Erzs\u00e9bet kir\u00e1lyn\u0151, az Egyes\u00fclt Kir\u00e1lys\u00e1g uralkod\u00f3ja, aki a leghosszabb ideig volt a brit tr\u00f3non. A vil\u00e1g vezet\u0151 politikusai m\u00e1r cs\u00fct\u00f6rt\u00f6k\u00f6n este r\u00e9szv\u00e9t\u00fcket nyilv\u00e1n\u00edtott\u00e1k \u00e9s rendk\u00edv\u00fcli szem\u00e9lyis\u00e9gk\u00e9nt m\u00e9ltatt\u00e1k. A Buckingham-palota k\u00f6zlem\u00e9nye szerint a kir\u00e1lyn\u0151t \u00e9let\u00e9nek 97., uralkod\u00e1s\u00e1nak 71. esztendej\u00e9ben \u00e9rte a hal\u00e1l ny\u00e1ri rezidenci\u00e1j\u00e1n, a sk\u00f3ciai Balmoral kast\u00e9ly\u00e1ban. II. Erzs\u00e9bet kir\u00e1lyn\u0151<\/p>\n","protected":false},"author":1,"featured_media":46315,"comment_status":"closed","ping_status":"closed","sticky":false,"template":"","format":"standard","meta":{"ngg_post_thumbnail":0,"footnotes":""},"categories":[3],"tags":[6666],"class_list":{"0":"post-46314","1":"post","2":"type-post","3":"status-publish","4":"format-standard","5":"has-post-thumbnail","7":"category-hirek","8":"tag-ii-erzsebet-kiralyno"},"yoast_head":"<!-- This site is optimized with the Yoast SEO plugin v27.5 - https:\/\/yoast.com\/product\/yoast-seo-wordpress\/ -->\n<title>B\u00facs\u00fazik a vil\u00e1g II. Erzs\u00e9bet kir\u00e1lyn\u0151t\u0151l<\/title>\n<meta name=\"robots\" content=\"index, follow, max-snippet:-1, max-image-preview:large, max-video-preview:-1\" \/>\n<link rel=\"canonical\" href=\"https:\/\/dorogimedence.hu\/index.php\/2022\/09\/09\/bucsuzik-a-vilag-ii-erzsebet-kiralynotol\/\" class=\"yoast-seo-meta-tag\" \/>\n<meta property=\"og:locale\" content=\"hu_HU\" class=\"yoast-seo-meta-tag\" \/>\n<meta property=\"og:type\" content=\"article\" class=\"yoast-seo-meta-tag\" \/>\n<meta property=\"og:title\" content=\"B\u00facs\u00fazik a vil\u00e1g II. Erzs\u00e9bet kir\u00e1lyn\u0151t\u0151l\" class=\"yoast-seo-meta-tag\" \/>\n<meta property=\"og:description\" content=\"Szeptember 8-\u00e1n, cs\u00fct\u00f6rt\u00f6k\u00f6n elhunyt II. Erzs\u00e9bet kir\u00e1lyn\u0151, az Egyes\u00fclt Kir\u00e1lys\u00e1g uralkod\u00f3ja, aki a leghosszabb ideig volt a brit tr\u00f3non. A vil\u00e1g vezet\u0151 politikusai m\u00e1r cs\u00fct\u00f6rt\u00f6k\u00f6n este r\u00e9szv\u00e9t\u00fcket nyilv\u00e1n\u00edtott\u00e1k \u00e9s rendk\u00edv\u00fcli szem\u00e9lyis\u00e9gk\u00e9nt m\u00e9ltatt\u00e1k. A Buckingham-palota k\u00f6zlem\u00e9nye szerint a kir\u00e1lyn\u0151t \u00e9let\u00e9nek 97., uralkod\u00e1s\u00e1nak 71. esztendej\u00e9ben \u00e9rte a hal\u00e1l ny\u00e1ri rezidenci\u00e1j\u00e1n, a sk\u00f3ciai Balmoral kast\u00e9ly\u00e1ban. II. Erzs\u00e9bet kir\u00e1lyn\u0151\" class=\"yoast-seo-meta-tag\" \/>\n<meta property=\"og:url\" content=\"https:\/\/dorogimedence.hu\/index.php\/2022\/09\/09\/bucsuzik-a-vilag-ii-erzsebet-kiralynotol\/\" class=\"yoast-seo-meta-tag\" \/>\n<meta property=\"og:site_name\" content=\"Dorogi-medence Region\u00e1lis H\u00edrport\u00e1l\" class=\"yoast-seo-meta-tag\" \/>\n<meta property=\"article:publisher\" content=\"https:\/\/www.facebook.com\/dorogimedence\/\" class=\"yoast-seo-meta-tag\" \/>\n<meta property=\"article:published_time\" content=\"2022-09-09T05:33:40+00:00\" class=\"yoast-seo-meta-tag\" \/>\n<meta property=\"article:modified_time\" content=\"2022-09-09T05:33:53+00:00\" class=\"yoast-seo-meta-tag\" \/>\n<meta property=\"og:image\" content=\"https:\/\/i0.wp.com\/dorogimedence.hu\/wp-content\/uploads\/2022\/09\/125366747_mediaitem125366746.jpg?fit=976%2C549&ssl=1\" class=\"yoast-seo-meta-tag\" \/>\n\t<meta property=\"og:image:width\" content=\"976\" class=\"yoast-seo-meta-tag\" \/>\n\t<meta property=\"og:image:height\" content=\"549\" class=\"yoast-seo-meta-tag\" \/>\n\t<meta property=\"og:image:type\" content=\"image\/jpeg\" class=\"yoast-seo-meta-tag\" \/>\n<meta name=\"author\" content=\"dorogimedence.hu\" class=\"yoast-seo-meta-tag\" \/>\n<meta name=\"twitter:card\" content=\"summary_large_image\" class=\"yoast-seo-meta-tag\" \/>\n<meta name=\"twitter:label1\" content=\"Szerz\u0151:\" class=\"yoast-seo-meta-tag\" \/>\n\t<meta name=\"twitter:data1\" content=\"dorogimedence.hu\" class=\"yoast-seo-meta-tag\" \/>\n\t<meta name=\"twitter:label2\" content=\"Becs\u00fclt olvas\u00e1si id\u0151\" class=\"yoast-seo-meta-tag\" \/>\n\t<meta name=\"twitter:data2\" content=\"3 perc\" class=\"yoast-seo-meta-tag\" \/>\n<script type=\"application\/ld+json\" class=\"yoast-schema-graph\">{\"@context\":\"https:\\\/\\\/schema.org\",\"@graph\":[{\"@type\":\"Article\",\"@id\":\"https:\\\/\\\/dorogimedence.hu\\\/index.php\\\/2022\\\/09\\\/09\\\/bucsuzik-a-vilag-ii-erzsebet-kiralynotol\\\/#article\",\"isPartOf\":{\"@id\":\"https:\\\/\\\/dorogimedence.hu\\\/index.php\\\/2022\\\/09\\\/09\\\/bucsuzik-a-vilag-ii-erzsebet-kiralynotol\\\/\"},\"author\":{\"name\":\"dorogimedence.hu\",\"@id\":\"https:\\\/\\\/dorogimedence.hu\\\/#\\\/schema\\\/person\\\/ce6091eeb7e95ecdc87890d6aa8e0fd4\"},\"headline\":\"B\u00facs\u00fazik a vil\u00e1g II. Erzs\u00e9bet kir\u00e1lyn\u0151t\u0151l\",\"datePublished\":\"2022-09-09T05:33:40+00:00\",\"dateModified\":\"2022-09-09T05:33:53+00:00\",\"mainEntityOfPage\":{\"@id\":\"https:\\\/\\\/dorogimedence.hu\\\/index.php\\\/2022\\\/09\\\/09\\\/bucsuzik-a-vilag-ii-erzsebet-kiralynotol\\\/\"},\"wordCount\":658,\"publisher\":{\"@id\":\"https:\\\/\\\/dorogimedence.hu\\\/#organization\"},\"image\":{\"@id\":\"https:\\\/\\\/dorogimedence.hu\\\/index.php\\\/2022\\\/09\\\/09\\\/bucsuzik-a-vilag-ii-erzsebet-kiralynotol\\\/#primaryimage\"},\"thumbnailUrl\":\"https:\\\/\\\/dorogimedence.hu\\\/wp-content\\\/uploads\\\/2022\\\/09\\\/125366747_mediaitem125366746.jpg\",\"keywords\":[\"II. Erzs\u00e9bet kir\u00e1lyn\u0151\"],\"articleSection\":[\"H\u00edrek\"],\"inLanguage\":\"hu\"},{\"@type\":\"WebPage\",\"@id\":\"https:\\\/\\\/dorogimedence.hu\\\/index.php\\\/2022\\\/09\\\/09\\\/bucsuzik-a-vilag-ii-erzsebet-kiralynotol\\\/\",\"url\":\"https:\\\/\\\/dorogimedence.hu\\\/index.php\\\/2022\\\/09\\\/09\\\/bucsuzik-a-vilag-ii-erzsebet-kiralynotol\\\/\",\"name\":\"B\u00facs\u00fazik a vil\u00e1g II. Erzs\u00e9bet kir\u00e1lyn\u0151t\u0151l\",\"isPartOf\":{\"@id\":\"https:\\\/\\\/dorogimedence.hu\\\/#website\"},\"primaryImageOfPage\":{\"@id\":\"https:\\\/\\\/dorogimedence.hu\\\/index.php\\\/2022\\\/09\\\/09\\\/bucsuzik-a-vilag-ii-erzsebet-kiralynotol\\\/#primaryimage\"},\"image\":{\"@id\":\"https:\\\/\\\/dorogimedence.hu\\\/index.php\\\/2022\\\/09\\\/09\\\/bucsuzik-a-vilag-ii-erzsebet-kiralynotol\\\/#primaryimage\"},\"thumbnailUrl\":\"https:\\\/\\\/dorogimedence.hu\\\/wp-content\\\/uploads\\\/2022\\\/09\\\/125366747_mediaitem125366746.jpg\",\"datePublished\":\"2022-09-09T05:33:40+00:00\",\"dateModified\":\"2022-09-09T05:33:53+00:00\",\"breadcrumb\":{\"@id\":\"https:\\\/\\\/dorogimedence.hu\\\/index.php\\\/2022\\\/09\\\/09\\\/bucsuzik-a-vilag-ii-erzsebet-kiralynotol\\\/#breadcrumb\"},\"inLanguage\":\"hu\",\"potentialAction\":[{\"@type\":\"ReadAction\",\"target\":[\"https:\\\/\\\/dorogimedence.hu\\\/index.php\\\/2022\\\/09\\\/09\\\/bucsuzik-a-vilag-ii-erzsebet-kiralynotol\\\/\"]}]},{\"@type\":\"ImageObject\",\"inLanguage\":\"hu\",\"@id\":\"https:\\\/\\\/dorogimedence.hu\\\/index.php\\\/2022\\\/09\\\/09\\\/bucsuzik-a-vilag-ii-erzsebet-kiralynotol\\\/#primaryimage\",\"url\":\"https:\\\/\\\/dorogimedence.hu\\\/wp-content\\\/uploads\\\/2022\\\/09\\\/125366747_mediaitem125366746.jpg\",\"contentUrl\":\"https:\\\/\\\/dorogimedence.hu\\\/wp-content\\\/uploads\\\/2022\\\/09\\\/125366747_mediaitem125366746.jpg\",\"width\":976,\"height\":549},{\"@type\":\"BreadcrumbList\",\"@id\":\"https:\\\/\\\/dorogimedence.hu\\\/index.php\\\/2022\\\/09\\\/09\\\/bucsuzik-a-vilag-ii-erzsebet-kiralynotol\\\/#breadcrumb\",\"itemListElement\":[{\"@type\":\"ListItem\",\"position\":1,\"name\":\"Kezd\u0151lap\",\"item\":\"https:\\\/\\\/dorogimedence.hu\\\/\"},{\"@type\":\"ListItem\",\"position\":2,\"name\":\"B\u00facs\u00fazik a vil\u00e1g II. Erzs\u00e9bet kir\u00e1lyn\u0151t\u0151l\"}]},{\"@type\":\"WebSite\",\"@id\":\"https:\\\/\\\/dorogimedence.hu\\\/#website\",\"url\":\"https:\\\/\\\/dorogimedence.hu\\\/\",\"name\":\"Dorogi-medence Region\u00e1lis H\u00edrport\u00e1l\",\"description\":\"Dorog, Keszt\u00f6lc, Le\u00e1nyv\u00e1r, Piliscs\u00e9v, Tokod, Tokodalt\u00e1r\u00f3, Csolnok, Esztergom-kertv\u00e1ros: h\u00edrek, programok\",\"publisher\":{\"@id\":\"https:\\\/\\\/dorogimedence.hu\\\/#organization\"},\"potentialAction\":[{\"@type\":\"SearchAction\",\"target\":{\"@type\":\"EntryPoint\",\"urlTemplate\":\"https:\\\/\\\/dorogimedence.hu\\\/?s={search_term_string}\"},\"query-input\":{\"@type\":\"PropertyValueSpecification\",\"valueRequired\":true,\"valueName\":\"search_term_string\"}}],\"inLanguage\":\"hu\"},{\"@type\":\"Organization\",\"@id\":\"https:\\\/\\\/dorogimedence.hu\\\/#organization\",\"name\":\"Dorogi-medence Region\u00e1lis H\u00edrport\u00e1l\",\"url\":\"https:\\\/\\\/dorogimedence.hu\\\/\",\"logo\":{\"@type\":\"ImageObject\",\"inLanguage\":\"hu\",\"@id\":\"https:\\\/\\\/dorogimedence.hu\\\/#\\\/schema\\\/logo\\\/image\\\/\",\"url\":\"https:\\\/\\\/dorogimedence.hu\\\/wp-content\\\/uploads\\\/2021\\\/04\\\/logo-feher-600.png\",\"contentUrl\":\"https:\\\/\\\/dorogimedence.hu\\\/wp-content\\\/uploads\\\/2021\\\/04\\\/logo-feher-600.png\",\"width\":600,\"height\":100,\"caption\":\"Dorogi-medence Region\u00e1lis H\u00edrport\u00e1l\"},\"image\":{\"@id\":\"https:\\\/\\\/dorogimedence.hu\\\/#\\\/schema\\\/logo\\\/image\\\/\"},\"sameAs\":[\"https:\\\/\\\/www.facebook.com\\\/dorogimedence\\\/\"]},{\"@type\":\"Person\",\"@id\":\"https:\\\/\\\/dorogimedence.hu\\\/#\\\/schema\\\/person\\\/ce6091eeb7e95ecdc87890d6aa8e0fd4\",\"name\":\"dorogimedence.hu\",\"image\":{\"@type\":\"ImageObject\",\"inLanguage\":\"hu\",\"@id\":\"\\\/\\\/www.gravatar.com\\\/avatar\\\/d8d45f8901aadff40a4af72c0b826f1d?s=96&#038;r=g&#038;d=mm\",\"url\":\"\\\/\\\/www.gravatar.com\\\/avatar\\\/d8d45f8901aadff40a4af72c0b826f1d?s=96&#038;r=g&#038;d=mm\",\"contentUrl\":\"\\\/\\\/www.gravatar.com\\\/avatar\\\/d8d45f8901aadff40a4af72c0b826f1d?s=96&#038;r=g&#038;d=mm\",\"caption\":\"dorogimedence.hu\"}}]}<\/script>\n<!-- \/ Yoast SEO plugin. -->","yoast_head_json":{"title":"B\u00facs\u00fazik a vil\u00e1g II. Erzs\u00e9bet kir\u00e1lyn\u0151t\u0151l","robots":{"index":"index","follow":"follow","max-snippet":"max-snippet:-1","max-image-preview":"max-image-preview:large","max-video-preview":"max-video-preview:-1"},"canonical":"https:\/\/dorogimedence.hu\/index.php\/2022\/09\/09\/bucsuzik-a-vilag-ii-erzsebet-kiralynotol\/","og_locale":"hu_HU","og_type":"article","og_title":"B\u00facs\u00fazik a vil\u00e1g II. Erzs\u00e9bet kir\u00e1lyn\u0151t\u0151l","og_description":"Szeptember 8-\u00e1n, cs\u00fct\u00f6rt\u00f6k\u00f6n elhunyt II. Erzs\u00e9bet kir\u00e1lyn\u0151, az Egyes\u00fclt Kir\u00e1lys\u00e1g uralkod\u00f3ja, aki a leghosszabb ideig volt a brit tr\u00f3non. A vil\u00e1g vezet\u0151 politikusai m\u00e1r cs\u00fct\u00f6rt\u00f6k\u00f6n este r\u00e9szv\u00e9t\u00fcket nyilv\u00e1n\u00edtott\u00e1k \u00e9s rendk\u00edv\u00fcli szem\u00e9lyis\u00e9gk\u00e9nt m\u00e9ltatt\u00e1k. A Buckingham-palota k\u00f6zlem\u00e9nye szerint a kir\u00e1lyn\u0151t \u00e9let\u00e9nek 97., uralkod\u00e1s\u00e1nak 71. esztendej\u00e9ben \u00e9rte a hal\u00e1l ny\u00e1ri rezidenci\u00e1j\u00e1n, a sk\u00f3ciai Balmoral kast\u00e9ly\u00e1ban. II. Erzs\u00e9bet kir\u00e1lyn\u0151","og_url":"https:\/\/dorogimedence.hu\/index.php\/2022\/09\/09\/bucsuzik-a-vilag-ii-erzsebet-kiralynotol\/","og_site_name":"Dorogi-medence Region\u00e1lis H\u00edrport\u00e1l","article_publisher":"https:\/\/www.facebook.com\/dorogimedence\/","article_published_time":"2022-09-09T05:33:40+00:00","article_modified_time":"2022-09-09T05:33:53+00:00","og_image":[{"width":976,"height":549,"url":"https:\/\/i0.wp.com\/dorogimedence.hu\/wp-content\/uploads\/2022\/09\/125366747_mediaitem125366746.jpg?fit=976%2C549&ssl=1","type":"image\/jpeg"}],"author":"dorogimedence.hu","twitter_card":"summary_large_image","twitter_misc":{"Szerz\u0151:":"dorogimedence.hu","Becs\u00fclt olvas\u00e1si id\u0151":"3 perc"},"schema":{"@context":"https:\/\/schema.org","@graph":[{"@type":"Article","@id":"https:\/\/dorogimedence.hu\/index.php\/2022\/09\/09\/bucsuzik-a-vilag-ii-erzsebet-kiralynotol\/#article","isPartOf":{"@id":"https:\/\/dorogimedence.hu\/index.php\/2022\/09\/09\/bucsuzik-a-vilag-ii-erzsebet-kiralynotol\/"},"author":{"name":"dorogimedence.hu","@id":"https:\/\/dorogimedence.hu\/#\/schema\/person\/ce6091eeb7e95ecdc87890d6aa8e0fd4"},"headline":"B\u00facs\u00fazik a vil\u00e1g II. Erzs\u00e9bet kir\u00e1lyn\u0151t\u0151l","datePublished":"2022-09-09T05:33:40+00:00","dateModified":"2022-09-09T05:33:53+00:00","mainEntityOfPage":{"@id":"https:\/\/dorogimedence.hu\/index.php\/2022\/09\/09\/bucsuzik-a-vilag-ii-erzsebet-kiralynotol\/"},"wordCount":658,"publisher":{"@id":"https:\/\/dorogimedence.hu\/#organization"},"image":{"@id":"https:\/\/dorogimedence.hu\/index.php\/2022\/09\/09\/bucsuzik-a-vilag-ii-erzsebet-kiralynotol\/#primaryimage"},"thumbnailUrl":"https:\/\/dorogimedence.hu\/wp-content\/uploads\/2022\/09\/125366747_mediaitem125366746.jpg","keywords":["II. Erzs\u00e9bet kir\u00e1lyn\u0151"],"articleSection":["H\u00edrek"],"inLanguage":"hu"},{"@type":"WebPage","@id":"https:\/\/dorogimedence.hu\/index.php\/2022\/09\/09\/bucsuzik-a-vilag-ii-erzsebet-kiralynotol\/","url":"https:\/\/dorogimedence.hu\/index.php\/2022\/09\/09\/bucsuzik-a-vilag-ii-erzsebet-kiralynotol\/","name":"B\u00facs\u00fazik a vil\u00e1g II. Erzs\u00e9bet kir\u00e1lyn\u0151t\u0151l","isPartOf":{"@id":"https:\/\/dorogimedence.hu\/#website"},"primaryImageOfPage":{"@id":"https:\/\/dorogimedence.hu\/index.php\/2022\/09\/09\/bucsuzik-a-vilag-ii-erzsebet-kiralynotol\/#primaryimage"},"image":{"@id":"https:\/\/dorogimedence.hu\/index.php\/2022\/09\/09\/bucsuzik-a-vilag-ii-erzsebet-kiralynotol\/#primaryimage"},"thumbnailUrl":"https:\/\/dorogimedence.hu\/wp-content\/uploads\/2022\/09\/125366747_mediaitem125366746.jpg","datePublished":"2022-09-09T05:33:40+00:00","dateModified":"2022-09-09T05:33:53+00:00","breadcrumb":{"@id":"https:\/\/dorogimedence.hu\/index.php\/2022\/09\/09\/bucsuzik-a-vilag-ii-erzsebet-kiralynotol\/#breadcrumb"},"inLanguage":"hu","potentialAction":[{"@type":"ReadAction","target":["https:\/\/dorogimedence.hu\/index.php\/2022\/09\/09\/bucsuzik-a-vilag-ii-erzsebet-kiralynotol\/"]}]},{"@type":"ImageObject","inLanguage":"hu","@id":"https:\/\/dorogimedence.hu\/index.php\/2022\/09\/09\/bucsuzik-a-vilag-ii-erzsebet-kiralynotol\/#primaryimage","url":"https:\/\/dorogimedence.hu\/wp-content\/uploads\/2022\/09\/125366747_mediaitem125366746.jpg","contentUrl":"https:\/\/dorogimedence.hu\/wp-content\/uploads\/2022\/09\/125366747_mediaitem125366746.jpg","width":976,"height":549},{"@type":"BreadcrumbList","@id":"https:\/\/dorogimedence.hu\/index.php\/2022\/09\/09\/bucsuzik-a-vilag-ii-erzsebet-kiralynotol\/#breadcrumb","itemListElement":[{"@type":"ListItem","position":1,"name":"Kezd\u0151lap","item":"https:\/\/dorogimedence.hu\/"},{"@type":"ListItem","position":2,"name":"B\u00facs\u00fazik a vil\u00e1g II. Erzs\u00e9bet kir\u00e1lyn\u0151t\u0151l"}]},{"@type":"WebSite","@id":"https:\/\/dorogimedence.hu\/#website","url":"https:\/\/dorogimedence.hu\/","name":"Dorogi-medence Region\u00e1lis H\u00edrport\u00e1l","description":"Dorog, Keszt\u00f6lc, Le\u00e1nyv\u00e1r, Piliscs\u00e9v, Tokod, Tokodalt\u00e1r\u00f3, Csolnok, Esztergom-kertv\u00e1ros: h\u00edrek, programok","publisher":{"@id":"https:\/\/dorogimedence.hu\/#organization"},"potentialAction":[{"@type":"SearchAction","target":{"@type":"EntryPoint","urlTemplate":"https:\/\/dorogimedence.hu\/?s={search_term_string}"},"query-input":{"@type":"PropertyValueSpecification","valueRequired":true,"valueName":"search_term_string"}}],"inLanguage":"hu"},{"@type":"Organization","@id":"https:\/\/dorogimedence.hu\/#organization","name":"Dorogi-medence Region\u00e1lis H\u00edrport\u00e1l","url":"https:\/\/dorogimedence.hu\/","logo":{"@type":"ImageObject","inLanguage":"hu","@id":"https:\/\/dorogimedence.hu\/#\/schema\/logo\/image\/","url":"https:\/\/dorogimedence.hu\/wp-content\/uploads\/2021\/04\/logo-feher-600.png","contentUrl":"https:\/\/dorogimedence.hu\/wp-content\/uploads\/2021\/04\/logo-feher-600.png","width":600,"height":100,"caption":"Dorogi-medence Region\u00e1lis H\u00edrport\u00e1l"},"image":{"@id":"https:\/\/dorogimedence.hu\/#\/schema\/logo\/image\/"},"sameAs":["https:\/\/www.facebook.com\/dorogimedence\/"]},{"@type":"Person","@id":"https:\/\/dorogimedence.hu\/#\/schema\/person\/ce6091eeb7e95ecdc87890d6aa8e0fd4","name":"dorogimedence.hu","image":{"@type":"ImageObject","inLanguage":"hu","@id":"\/\/www.gravatar.com\/avatar\/d8d45f8901aadff40a4af72c0b826f1d?s=96&#038;r=g&#038;d=mm","url":"\/\/www.gravatar.com\/avatar\/d8d45f8901aadff40a4af72c0b826f1d?s=96&#038;r=g&#038;d=mm","contentUrl":"\/\/www.gravatar.com\/avatar\/d8d45f8901aadff40a4af72c0b826f1d?s=96&#038;r=g&#038;d=mm","caption":"dorogimedence.hu"}}]}},"_links":{"self":[{"href":"https:\/\/dorogimedence.hu\/index.php\/wp-json\/wp\/v2\/posts\/46314","targetHints":{"allow":["GET"]}}],"collection":[{"href":"https:\/\/dorogimedence.hu\/index.php\/wp-json\/wp\/v2\/posts"}],"about":[{"href":"https:\/\/dorogimedence.hu\/index.php\/wp-json\/wp\/v2\/types\/post"}],"author":[{"embeddable":true,"href":"https:\/\/dorogimedence.hu\/index.php\/wp-json\/wp\/v2\/users\/1"}],"replies":[{"embeddable":true,"href":"https:\/\/dorogimedence.hu\/index.php\/wp-json\/wp\/v2\/comments?post=46314"}],"version-history":[{"count":0,"href":"https:\/\/dorogimedence.hu\/index.php\/wp-json\/wp\/v2\/posts\/46314\/revisions"}],"wp:featuredmedia":[{"embeddable":true,"href":"https:\/\/dorogimedence.hu\/index.php\/wp-json\/wp\/v2\/media\/46315"}],"wp:attachment":[{"href":"https:\/\/dorogimedence.hu\/index.php\/wp-json\/wp\/v2\/media?parent=46314"}],"wp:term":[{"taxonomy":"category","embeddable":true,"href":"https:\/\/dorogimedence.hu\/index.php\/wp-json\/wp\/v2\/categories?post=46314"},{"taxonomy":"post_tag","embeddable":true,"href":"https:\/\/dorogimedence.hu\/index.php\/wp-json\/wp\/v2\/tags?post=46314"}],"curies":[{"name":"wp","href":"https:\/\/api.w.org\/{rel}","templated":true}]}}