{"id":46294,"date":"2022-09-08T11:58:32","date_gmt":"2022-09-08T09:58:32","guid":{"rendered":"https:\/\/dorogimedence.hu\/?p=46294"},"modified":"2022-09-08T11:59:29","modified_gmt":"2022-09-08T09:59:29","slug":"gulyas-magan-kezdi-a-takarekoskodast-a-kormany","status":"publish","type":"post","link":"https:\/\/dorogimedence.hu\/index.php\/2022\/09\/08\/gulyas-magan-kezdi-a-takarekoskodast-a-kormany\/","title":{"rendered":"Guly\u00e1s: mag\u00e1n kezdi a takar\u00e9koskod\u00e1st a korm\u00e1ny"},"content":{"rendered":"<p><strong>A korm\u00e1ny 25 sz\u00e1zal\u00e9kos g\u00e1zfelhaszn\u00e1l\u00e1s-cs\u00f6kkent\u00e9st \u00edrt el\u0151 az \u00e1llami szervekn\u00e9l \u00e9s az \u00e1llami tulajdon\u00fa gazdas\u00e1gi t\u00e1rsas\u00e1gokn\u00e1l<\/strong> <em>&#8211; jelentette be a Minisztereln\u00f6ks\u00e9get vezet\u0151 miniszter cs\u00fct\u00f6rt\u00f6k\u00f6n Budapesten, a Korm\u00e1nyinf\u00f3n.<\/em><\/p>\n<p>Guly\u00e1s Gergely \u00fagy fogalmazott, hogy a korm\u00e1ny mag\u00e1n kezdi a takar\u00e9koskod\u00e1st, amely azonban nem \u00e9rinti a k\u00f3rh\u00e1zakat \u00e9s a bentlak\u00e1sos szoci\u00e1lis int\u00e9zm\u00e9nyeket. A miniszter \u00e9rt\u00e9kel\u00e9se szerint eg\u00e9sz Eur\u00f3p\u00e1ban rendk\u00edv\u00fcl neh\u00e9z az energiaell\u00e1t\u00e1si helyzet, \u00e9s az energia\u00e1rak emelked\u00e9se miatt gazdas\u00e1gi v\u00e1ls\u00e1ghelyzet alakult ki. Egy\u00e9rtelm\u0171, hogy a szankci\u00f3s politika nem v\u00e1ltotta be a rem\u00e9nyeket &#8211; mondta.<\/p>\n<p>A miniszter a Korm\u00e1nyinf\u00f3n azt is elmondta, hogy j\u00f6v\u0151 h\u00e9tt\u0151l az erd\u0151gazdas\u00e1gokn\u00e1l is lehet t\u0171zif\u00e1t venni, amelyre hat\u00f3s\u00e1gi \u00e1rat fog meg\u00e1llap\u00edtani a korm\u00e1ny. Guly\u00e1s Gergely azt mondta, hogy az erd\u0151gazdas\u00e1gok mindenkinek tudnak biztos\u00edtani t\u00edz k\u00f6bm\u00e9ter f\u00e1t, ami egy h\u00e1ztart\u00e1s t\u00e9li f\u0171t\u00e9s\u00e9re elegend\u0151. Sz\u00f3lt arr\u00f3l is, hogy sz\u00e9nprogramot is ind\u00edtanak. A jelenlegi 50 ezerr\u0151l ak\u00e1r 280 ezer tonn\u00e1ra is emelhet\u0151 a kitermel\u00e9s k\u00fclsz\u00edni fejt\u00e9s eset\u00e9n, az ehhez sz\u00fcks\u00e9ges l\u00e9p\u00e9seket a k\u00f6vetkez\u0151 napokban a korm\u00e1ny megteszi.<\/p>\n<p>Guly\u00e1s Gergely elmondta, hogy munkahelyv\u00e9delmi-programra van sz\u00fcks\u00e9g a magas energia\u00e1rak miatt a v\u00e1llalkoz\u00f3i szektorban. Mindemellett az energiaintenz\u00edv kis- \u00e9s k\u00f6zepes v\u00e1llalkoz\u00e1soknak t\u00e1mogat\u00e1si programot dolgoznak ki a g\u00e1zra \u00e9s a villanyra, ezzel seg\u00edtve a termel\u00e9si l\u00e1ncok fenntart\u00e1s\u00e1t. Meger\u0151s\u00edtette, hogy a t\u00e1vh\u0151 \u00e1ra a lakoss\u00e1gi fogyaszt\u00f3knak nem v\u00e1ltozik. A korm\u00e1ny n\u00e9gy-\u00f6t\u00e9ves program ind\u00edt, melynek sor\u00e1n minden t\u00e1vh\u0151vel f\u0171t\u0151 lak\u00e1st m\u00e9r\u0151\u00f3r\u00e1val l\u00e1tnak el.<\/p>\n<p>A miniszter a Korm\u00e1nyinf\u00f3n kiemelte, hogy az \u00e1llami int\u00e9zm\u00e9nyekben elrendelik a f\u0171t\u00e9s korl\u00e1toz\u00e1s\u00e1t, aminek \u00e9rtelm\u00e9ben a h\u0151m\u00e9rs\u00e9klet 18 celsius fok lehet. Tov\u00e1bb\u00e1 elmondta azt is, hogy az \u00e1llamigazgat\u00e1sban nem t\u00e1mogatj\u00e1k az otthoni munkav\u00e9gz\u00e9st, mivel ebben a szektorban sz\u00fcks\u00e9g van a szem\u00e9lyes jelenl\u00e9tre. A 18 fok egyel\u0151re csak az \u00e1llami hivatalokra vonatkozik, az iskol\u00e1kra nem. \u201e200 milli\u00f3 k\u00f6bm\u00e9ternyi g\u00e1zt takar\u00edthatnak meg az \u00e1llami szervek a takar\u00e9koss\u00e1gi int\u00e9zked\u00e9sek r\u00e9v\u00e9n\u201d &#8211; mondta &nbsp;a miniszter.<\/p>\n<p>Guly\u00e1s Gergely megjegyezte, hogy \u00e1llami cementgy\u00e1rat szeretn\u00e9nek \u00e9p\u00edteni, hogy elker\u00fclj\u00e9k a j\u00f6v\u0151ben a cementhi\u00e1nyt. A M\u00e1trai Er\u0151m\u0171vel kapcsolatban is d\u00f6nt\u00e9s sz\u00fcletett: folytatj\u00e1k a z\u00f6ldberuh\u00e1z\u00e1sokat, illetve, ha rendelkez\u00e9sre \u00e1ll majd a helyre\u00e1ll\u00edt\u00e1si alap, akkor m\u00e9g nagyobb terveik vannak. Lesz\u00f6gezte: a jelenlegi helyzetben a lignittel val\u00f3 energia-el\u0151\u00e1ll\u00edt\u00e1s elker\u00fclhetetlen, 2029-ig biztosan fog m\u0171k\u00f6dni az er\u0151m\u0171.<\/p>\n<p>A miniszter azt is elmondta, hogy \u00faj \u00e1llampap\u00edr-strat\u00e9gi\u00e1t hirdetett a korm\u00e1ny. Egyes \u00e1llampap\u00edrok hozam\u00e1t megemelik, \u00e9s \u00faj \u00e1llampap\u00edrokat bocs\u00e1tanak ki. Az \u00fajakn\u00e1l az indul\u00f3 kamat 11 sz\u00e1zal\u00e9k lesz.<\/p>\n<p><em>Felhaszn\u00e1lt forr\u00e1sok: MTI \/ origo.hu \/ Korm\u00e1nyinf\u00f3<br \/>\nBor\u00edt\u00f3k\u00e9p: MTI \/ M\u00e1th\u00e9 Zolt\u00e1n<\/em><\/p>\n","protected":false},"excerpt":{"rendered":"<p>A korm\u00e1ny 25 sz\u00e1zal\u00e9kos g\u00e1zfelhaszn\u00e1l\u00e1s-cs\u00f6kkent\u00e9st \u00edrt el\u0151 az \u00e1llami szervekn\u00e9l \u00e9s az \u00e1llami tulajdon\u00fa gazdas\u00e1gi t\u00e1rsas\u00e1gokn\u00e1l &#8211; jelentette be a Minisztereln\u00f6ks\u00e9get vezet\u0151 miniszter cs\u00fct\u00f6rt\u00f6k\u00f6n Budapesten, a Korm\u00e1nyinf\u00f3n. Guly\u00e1s Gergely \u00fagy fogalmazott, hogy a korm\u00e1ny mag\u00e1n kezdi a takar\u00e9koskod\u00e1st, amely azonban nem \u00e9rinti a k\u00f3rh\u00e1zakat \u00e9s a bentlak\u00e1sos szoci\u00e1lis int\u00e9zm\u00e9nyeket. A miniszter \u00e9rt\u00e9kel\u00e9se szerint eg\u00e9sz Eur\u00f3p\u00e1ban<\/p>\n","protected":false},"author":1,"featured_media":0,"comment_status":"closed","ping_status":"closed","sticky":false,"template":"","format":"standard","meta":{"ngg_post_thumbnail":0,"footnotes":""},"categories":[3],"tags":[5038],"class_list":{"0":"post-46294","1":"post","2":"type-post","3":"status-publish","4":"format-standard","6":"category-hirek","7":"tag-kormanyinfo"},"yoast_head":"<!-- This site is optimized with the Yoast SEO plugin v27.4 - https:\/\/yoast.com\/product\/yoast-seo-wordpress\/ -->\n<title>Guly\u00e1s: mag\u00e1n kezdi a takar\u00e9koskod\u00e1st a korm\u00e1ny<\/title>\n<meta name=\"robots\" content=\"index, follow, max-snippet:-1, max-image-preview:large, max-video-preview:-1\" \/>\n<link rel=\"canonical\" href=\"https:\/\/dorogimedence.hu\/index.php\/2022\/09\/08\/gulyas-magan-kezdi-a-takarekoskodast-a-kormany\/\" class=\"yoast-seo-meta-tag\" \/>\n<meta property=\"og:locale\" content=\"hu_HU\" class=\"yoast-seo-meta-tag\" \/>\n<meta property=\"og:type\" content=\"article\" class=\"yoast-seo-meta-tag\" \/>\n<meta property=\"og:title\" content=\"Guly\u00e1s: mag\u00e1n kezdi a takar\u00e9koskod\u00e1st a korm\u00e1ny\" class=\"yoast-seo-meta-tag\" \/>\n<meta property=\"og:description\" content=\"A korm\u00e1ny 25 sz\u00e1zal\u00e9kos g\u00e1zfelhaszn\u00e1l\u00e1s-cs\u00f6kkent\u00e9st \u00edrt el\u0151 az \u00e1llami szervekn\u00e9l \u00e9s az \u00e1llami tulajdon\u00fa gazdas\u00e1gi t\u00e1rsas\u00e1gokn\u00e1l &#8211; jelentette be a Minisztereln\u00f6ks\u00e9get vezet\u0151 miniszter cs\u00fct\u00f6rt\u00f6k\u00f6n Budapesten, a Korm\u00e1nyinf\u00f3n. Guly\u00e1s Gergely \u00fagy fogalmazott, hogy a korm\u00e1ny mag\u00e1n kezdi a takar\u00e9koskod\u00e1st, amely azonban nem \u00e9rinti a k\u00f3rh\u00e1zakat \u00e9s a bentlak\u00e1sos szoci\u00e1lis int\u00e9zm\u00e9nyeket. A miniszter \u00e9rt\u00e9kel\u00e9se szerint eg\u00e9sz Eur\u00f3p\u00e1ban\" class=\"yoast-seo-meta-tag\" \/>\n<meta property=\"og:url\" content=\"https:\/\/dorogimedence.hu\/index.php\/2022\/09\/08\/gulyas-magan-kezdi-a-takarekoskodast-a-kormany\/\" class=\"yoast-seo-meta-tag\" \/>\n<meta property=\"og:site_name\" content=\"Dorogi-medence Region\u00e1lis H\u00edrport\u00e1l\" class=\"yoast-seo-meta-tag\" \/>\n<meta property=\"article:publisher\" content=\"https:\/\/www.facebook.com\/dorogimedence\/\" class=\"yoast-seo-meta-tag\" \/>\n<meta property=\"article:published_time\" content=\"2022-09-08T09:58:32+00:00\" class=\"yoast-seo-meta-tag\" \/>\n<meta property=\"article:modified_time\" content=\"2022-09-08T09:59:29+00:00\" class=\"yoast-seo-meta-tag\" \/>\n<meta property=\"og:image\" content=\"https:\/\/i0.wp.com\/dorogimedence.hu\/wp-content\/uploads\/2022\/09\/gulyas-gergely.jpg?fit=1920%2C1061&ssl=1\" class=\"yoast-seo-meta-tag\" \/>\n\t<meta property=\"og:image:width\" content=\"1920\" class=\"yoast-seo-meta-tag\" \/>\n\t<meta property=\"og:image:height\" content=\"1061\" class=\"yoast-seo-meta-tag\" \/>\n\t<meta property=\"og:image:type\" content=\"image\/jpeg\" class=\"yoast-seo-meta-tag\" \/>\n<meta name=\"author\" content=\"dorogimedence.hu\" class=\"yoast-seo-meta-tag\" \/>\n<meta name=\"twitter:card\" content=\"summary_large_image\" class=\"yoast-seo-meta-tag\" \/>\n<meta name=\"twitter:label1\" content=\"Szerz\u0151:\" class=\"yoast-seo-meta-tag\" \/>\n\t<meta name=\"twitter:data1\" content=\"dorogimedence.hu\" class=\"yoast-seo-meta-tag\" \/>\n\t<meta name=\"twitter:label2\" content=\"Becs\u00fclt olvas\u00e1si id\u0151\" class=\"yoast-seo-meta-tag\" \/>\n\t<meta name=\"twitter:data2\" content=\"3 perc\" class=\"yoast-seo-meta-tag\" \/>\n<script type=\"application\/ld+json\" class=\"yoast-schema-graph\">{\"@context\":\"https:\\\/\\\/schema.org\",\"@graph\":[{\"@type\":\"Article\",\"@id\":\"https:\\\/\\\/dorogimedence.hu\\\/index.php\\\/2022\\\/09\\\/08\\\/gulyas-magan-kezdi-a-takarekoskodast-a-kormany\\\/#article\",\"isPartOf\":{\"@id\":\"https:\\\/\\\/dorogimedence.hu\\\/index.php\\\/2022\\\/09\\\/08\\\/gulyas-magan-kezdi-a-takarekoskodast-a-kormany\\\/\"},\"author\":{\"name\":\"dorogimedence.hu\",\"@id\":\"https:\\\/\\\/dorogimedence.hu\\\/#\\\/schema\\\/person\\\/ce6091eeb7e95ecdc87890d6aa8e0fd4\"},\"headline\":\"Guly\u00e1s: mag\u00e1n kezdi a takar\u00e9koskod\u00e1st a korm\u00e1ny\",\"datePublished\":\"2022-09-08T09:58:32+00:00\",\"dateModified\":\"2022-09-08T09:59:29+00:00\",\"mainEntityOfPage\":{\"@id\":\"https:\\\/\\\/dorogimedence.hu\\\/index.php\\\/2022\\\/09\\\/08\\\/gulyas-magan-kezdi-a-takarekoskodast-a-kormany\\\/\"},\"wordCount\":605,\"publisher\":{\"@id\":\"https:\\\/\\\/dorogimedence.hu\\\/#organization\"},\"keywords\":[\"korm\u00e1nyinf\u00f3\"],\"articleSection\":[\"H\u00edrek\"],\"inLanguage\":\"hu\"},{\"@type\":\"WebPage\",\"@id\":\"https:\\\/\\\/dorogimedence.hu\\\/index.php\\\/2022\\\/09\\\/08\\\/gulyas-magan-kezdi-a-takarekoskodast-a-kormany\\\/\",\"url\":\"https:\\\/\\\/dorogimedence.hu\\\/index.php\\\/2022\\\/09\\\/08\\\/gulyas-magan-kezdi-a-takarekoskodast-a-kormany\\\/\",\"name\":\"Guly\u00e1s: mag\u00e1n kezdi a takar\u00e9koskod\u00e1st a korm\u00e1ny\",\"isPartOf\":{\"@id\":\"https:\\\/\\\/dorogimedence.hu\\\/#website\"},\"datePublished\":\"2022-09-08T09:58:32+00:00\",\"dateModified\":\"2022-09-08T09:59:29+00:00\",\"breadcrumb\":{\"@id\":\"https:\\\/\\\/dorogimedence.hu\\\/index.php\\\/2022\\\/09\\\/08\\\/gulyas-magan-kezdi-a-takarekoskodast-a-kormany\\\/#breadcrumb\"},\"inLanguage\":\"hu\",\"potentialAction\":[{\"@type\":\"ReadAction\",\"target\":[\"https:\\\/\\\/dorogimedence.hu\\\/index.php\\\/2022\\\/09\\\/08\\\/gulyas-magan-kezdi-a-takarekoskodast-a-kormany\\\/\"]}]},{\"@type\":\"BreadcrumbList\",\"@id\":\"https:\\\/\\\/dorogimedence.hu\\\/index.php\\\/2022\\\/09\\\/08\\\/gulyas-magan-kezdi-a-takarekoskodast-a-kormany\\\/#breadcrumb\",\"itemListElement\":[{\"@type\":\"ListItem\",\"position\":1,\"name\":\"Kezd\u0151lap\",\"item\":\"https:\\\/\\\/dorogimedence.hu\\\/\"},{\"@type\":\"ListItem\",\"position\":2,\"name\":\"Guly\u00e1s: mag\u00e1n kezdi a takar\u00e9koskod\u00e1st a korm\u00e1ny\"}]},{\"@type\":\"WebSite\",\"@id\":\"https:\\\/\\\/dorogimedence.hu\\\/#website\",\"url\":\"https:\\\/\\\/dorogimedence.hu\\\/\",\"name\":\"Dorogi-medence Region\u00e1lis H\u00edrport\u00e1l\",\"description\":\"Dorog, Keszt\u00f6lc, Le\u00e1nyv\u00e1r, Piliscs\u00e9v, Tokod, Tokodalt\u00e1r\u00f3, Csolnok, Esztergom-kertv\u00e1ros: h\u00edrek, programok\",\"publisher\":{\"@id\":\"https:\\\/\\\/dorogimedence.hu\\\/#organization\"},\"potentialAction\":[{\"@type\":\"SearchAction\",\"target\":{\"@type\":\"EntryPoint\",\"urlTemplate\":\"https:\\\/\\\/dorogimedence.hu\\\/?s={search_term_string}\"},\"query-input\":{\"@type\":\"PropertyValueSpecification\",\"valueRequired\":true,\"valueName\":\"search_term_string\"}}],\"inLanguage\":\"hu\"},{\"@type\":\"Organization\",\"@id\":\"https:\\\/\\\/dorogimedence.hu\\\/#organization\",\"name\":\"Dorogi-medence Region\u00e1lis H\u00edrport\u00e1l\",\"url\":\"https:\\\/\\\/dorogimedence.hu\\\/\",\"logo\":{\"@type\":\"ImageObject\",\"inLanguage\":\"hu\",\"@id\":\"https:\\\/\\\/dorogimedence.hu\\\/#\\\/schema\\\/logo\\\/image\\\/\",\"url\":\"https:\\\/\\\/dorogimedence.hu\\\/wp-content\\\/uploads\\\/2021\\\/04\\\/logo-feher-600.png\",\"contentUrl\":\"https:\\\/\\\/dorogimedence.hu\\\/wp-content\\\/uploads\\\/2021\\\/04\\\/logo-feher-600.png\",\"width\":600,\"height\":100,\"caption\":\"Dorogi-medence Region\u00e1lis H\u00edrport\u00e1l\"},\"image\":{\"@id\":\"https:\\\/\\\/dorogimedence.hu\\\/#\\\/schema\\\/logo\\\/image\\\/\"},\"sameAs\":[\"https:\\\/\\\/www.facebook.com\\\/dorogimedence\\\/\"]},{\"@type\":\"Person\",\"@id\":\"https:\\\/\\\/dorogimedence.hu\\\/#\\\/schema\\\/person\\\/ce6091eeb7e95ecdc87890d6aa8e0fd4\",\"name\":\"dorogimedence.hu\",\"image\":{\"@type\":\"ImageObject\",\"inLanguage\":\"hu\",\"@id\":\"\\\/\\\/www.gravatar.com\\\/avatar\\\/d8d45f8901aadff40a4af72c0b826f1d?s=96&#038;r=g&#038;d=mm\",\"url\":\"\\\/\\\/www.gravatar.com\\\/avatar\\\/d8d45f8901aadff40a4af72c0b826f1d?s=96&#038;r=g&#038;d=mm\",\"contentUrl\":\"\\\/\\\/www.gravatar.com\\\/avatar\\\/d8d45f8901aadff40a4af72c0b826f1d?s=96&#038;r=g&#038;d=mm\",\"caption\":\"dorogimedence.hu\"}}]}<\/script>\n<!-- \/ Yoast SEO plugin. -->","yoast_head_json":{"title":"Guly\u00e1s: mag\u00e1n kezdi a takar\u00e9koskod\u00e1st a korm\u00e1ny","robots":{"index":"index","follow":"follow","max-snippet":"max-snippet:-1","max-image-preview":"max-image-preview:large","max-video-preview":"max-video-preview:-1"},"canonical":"https:\/\/dorogimedence.hu\/index.php\/2022\/09\/08\/gulyas-magan-kezdi-a-takarekoskodast-a-kormany\/","og_locale":"hu_HU","og_type":"article","og_title":"Guly\u00e1s: mag\u00e1n kezdi a takar\u00e9koskod\u00e1st a korm\u00e1ny","og_description":"A korm\u00e1ny 25 sz\u00e1zal\u00e9kos g\u00e1zfelhaszn\u00e1l\u00e1s-cs\u00f6kkent\u00e9st \u00edrt el\u0151 az \u00e1llami szervekn\u00e9l \u00e9s az \u00e1llami tulajdon\u00fa gazdas\u00e1gi t\u00e1rsas\u00e1gokn\u00e1l &#8211; jelentette be a Minisztereln\u00f6ks\u00e9get vezet\u0151 miniszter cs\u00fct\u00f6rt\u00f6k\u00f6n Budapesten, a Korm\u00e1nyinf\u00f3n. Guly\u00e1s Gergely \u00fagy fogalmazott, hogy a korm\u00e1ny mag\u00e1n kezdi a takar\u00e9koskod\u00e1st, amely azonban nem \u00e9rinti a k\u00f3rh\u00e1zakat \u00e9s a bentlak\u00e1sos szoci\u00e1lis int\u00e9zm\u00e9nyeket. A miniszter \u00e9rt\u00e9kel\u00e9se szerint eg\u00e9sz Eur\u00f3p\u00e1ban","og_url":"https:\/\/dorogimedence.hu\/index.php\/2022\/09\/08\/gulyas-magan-kezdi-a-takarekoskodast-a-kormany\/","og_site_name":"Dorogi-medence Region\u00e1lis H\u00edrport\u00e1l","article_publisher":"https:\/\/www.facebook.com\/dorogimedence\/","article_published_time":"2022-09-08T09:58:32+00:00","article_modified_time":"2022-09-08T09:59:29+00:00","og_image":[{"width":1920,"height":1061,"url":"https:\/\/i0.wp.com\/dorogimedence.hu\/wp-content\/uploads\/2022\/09\/gulyas-gergely.jpg?fit=1920%2C1061&ssl=1","type":"image\/jpeg"}],"author":"dorogimedence.hu","twitter_card":"summary_large_image","twitter_misc":{"Szerz\u0151:":"dorogimedence.hu","Becs\u00fclt olvas\u00e1si id\u0151":"3 perc"},"schema":{"@context":"https:\/\/schema.org","@graph":[{"@type":"Article","@id":"https:\/\/dorogimedence.hu\/index.php\/2022\/09\/08\/gulyas-magan-kezdi-a-takarekoskodast-a-kormany\/#article","isPartOf":{"@id":"https:\/\/dorogimedence.hu\/index.php\/2022\/09\/08\/gulyas-magan-kezdi-a-takarekoskodast-a-kormany\/"},"author":{"name":"dorogimedence.hu","@id":"https:\/\/dorogimedence.hu\/#\/schema\/person\/ce6091eeb7e95ecdc87890d6aa8e0fd4"},"headline":"Guly\u00e1s: mag\u00e1n kezdi a takar\u00e9koskod\u00e1st a korm\u00e1ny","datePublished":"2022-09-08T09:58:32+00:00","dateModified":"2022-09-08T09:59:29+00:00","mainEntityOfPage":{"@id":"https:\/\/dorogimedence.hu\/index.php\/2022\/09\/08\/gulyas-magan-kezdi-a-takarekoskodast-a-kormany\/"},"wordCount":605,"publisher":{"@id":"https:\/\/dorogimedence.hu\/#organization"},"keywords":["korm\u00e1nyinf\u00f3"],"articleSection":["H\u00edrek"],"inLanguage":"hu"},{"@type":"WebPage","@id":"https:\/\/dorogimedence.hu\/index.php\/2022\/09\/08\/gulyas-magan-kezdi-a-takarekoskodast-a-kormany\/","url":"https:\/\/dorogimedence.hu\/index.php\/2022\/09\/08\/gulyas-magan-kezdi-a-takarekoskodast-a-kormany\/","name":"Guly\u00e1s: mag\u00e1n kezdi a takar\u00e9koskod\u00e1st a korm\u00e1ny","isPartOf":{"@id":"https:\/\/dorogimedence.hu\/#website"},"datePublished":"2022-09-08T09:58:32+00:00","dateModified":"2022-09-08T09:59:29+00:00","breadcrumb":{"@id":"https:\/\/dorogimedence.hu\/index.php\/2022\/09\/08\/gulyas-magan-kezdi-a-takarekoskodast-a-kormany\/#breadcrumb"},"inLanguage":"hu","potentialAction":[{"@type":"ReadAction","target":["https:\/\/dorogimedence.hu\/index.php\/2022\/09\/08\/gulyas-magan-kezdi-a-takarekoskodast-a-kormany\/"]}]},{"@type":"BreadcrumbList","@id":"https:\/\/dorogimedence.hu\/index.php\/2022\/09\/08\/gulyas-magan-kezdi-a-takarekoskodast-a-kormany\/#breadcrumb","itemListElement":[{"@type":"ListItem","position":1,"name":"Kezd\u0151lap","item":"https:\/\/dorogimedence.hu\/"},{"@type":"ListItem","position":2,"name":"Guly\u00e1s: mag\u00e1n kezdi a takar\u00e9koskod\u00e1st a korm\u00e1ny"}]},{"@type":"WebSite","@id":"https:\/\/dorogimedence.hu\/#website","url":"https:\/\/dorogimedence.hu\/","name":"Dorogi-medence Region\u00e1lis H\u00edrport\u00e1l","description":"Dorog, Keszt\u00f6lc, Le\u00e1nyv\u00e1r, Piliscs\u00e9v, Tokod, Tokodalt\u00e1r\u00f3, Csolnok, Esztergom-kertv\u00e1ros: h\u00edrek, programok","publisher":{"@id":"https:\/\/dorogimedence.hu\/#organization"},"potentialAction":[{"@type":"SearchAction","target":{"@type":"EntryPoint","urlTemplate":"https:\/\/dorogimedence.hu\/?s={search_term_string}"},"query-input":{"@type":"PropertyValueSpecification","valueRequired":true,"valueName":"search_term_string"}}],"inLanguage":"hu"},{"@type":"Organization","@id":"https:\/\/dorogimedence.hu\/#organization","name":"Dorogi-medence Region\u00e1lis H\u00edrport\u00e1l","url":"https:\/\/dorogimedence.hu\/","logo":{"@type":"ImageObject","inLanguage":"hu","@id":"https:\/\/dorogimedence.hu\/#\/schema\/logo\/image\/","url":"https:\/\/dorogimedence.hu\/wp-content\/uploads\/2021\/04\/logo-feher-600.png","contentUrl":"https:\/\/dorogimedence.hu\/wp-content\/uploads\/2021\/04\/logo-feher-600.png","width":600,"height":100,"caption":"Dorogi-medence Region\u00e1lis H\u00edrport\u00e1l"},"image":{"@id":"https:\/\/dorogimedence.hu\/#\/schema\/logo\/image\/"},"sameAs":["https:\/\/www.facebook.com\/dorogimedence\/"]},{"@type":"Person","@id":"https:\/\/dorogimedence.hu\/#\/schema\/person\/ce6091eeb7e95ecdc87890d6aa8e0fd4","name":"dorogimedence.hu","image":{"@type":"ImageObject","inLanguage":"hu","@id":"\/\/www.gravatar.com\/avatar\/d8d45f8901aadff40a4af72c0b826f1d?s=96&#038;r=g&#038;d=mm","url":"\/\/www.gravatar.com\/avatar\/d8d45f8901aadff40a4af72c0b826f1d?s=96&#038;r=g&#038;d=mm","contentUrl":"\/\/www.gravatar.com\/avatar\/d8d45f8901aadff40a4af72c0b826f1d?s=96&#038;r=g&#038;d=mm","caption":"dorogimedence.hu"}}]}},"_links":{"self":[{"href":"https:\/\/dorogimedence.hu\/index.php\/wp-json\/wp\/v2\/posts\/46294","targetHints":{"allow":["GET"]}}],"collection":[{"href":"https:\/\/dorogimedence.hu\/index.php\/wp-json\/wp\/v2\/posts"}],"about":[{"href":"https:\/\/dorogimedence.hu\/index.php\/wp-json\/wp\/v2\/types\/post"}],"author":[{"embeddable":true,"href":"https:\/\/dorogimedence.hu\/index.php\/wp-json\/wp\/v2\/users\/1"}],"replies":[{"embeddable":true,"href":"https:\/\/dorogimedence.hu\/index.php\/wp-json\/wp\/v2\/comments?post=46294"}],"version-history":[{"count":0,"href":"https:\/\/dorogimedence.hu\/index.php\/wp-json\/wp\/v2\/posts\/46294\/revisions"}],"wp:attachment":[{"href":"https:\/\/dorogimedence.hu\/index.php\/wp-json\/wp\/v2\/media?parent=46294"}],"wp:term":[{"taxonomy":"category","embeddable":true,"href":"https:\/\/dorogimedence.hu\/index.php\/wp-json\/wp\/v2\/categories?post=46294"},{"taxonomy":"post_tag","embeddable":true,"href":"https:\/\/dorogimedence.hu\/index.php\/wp-json\/wp\/v2\/tags?post=46294"}],"curies":[{"name":"wp","href":"https:\/\/api.w.org\/{rel}","templated":true}]}}