{"id":46241,"date":"2022-09-06T15:14:49","date_gmt":"2022-09-06T13:14:49","guid":{"rendered":"https:\/\/dorogimedence.hu\/?p=46241"},"modified":"2022-09-06T15:16:59","modified_gmt":"2022-09-06T13:16:59","slug":"a-legnepszerubb-oszi-uticelok-kozott-esztergom-is-ott-van","status":"publish","type":"post","link":"https:\/\/dorogimedence.hu\/index.php\/2022\/09\/06\/a-legnepszerubb-oszi-uticelok-kozott-esztergom-is-ott-van\/","title":{"rendered":"A legn\u00e9pszer\u0171bb \u0151szi \u00fatic\u00e9lok k\u00f6z\u00f6tt Esztergom is ott van"},"content":{"rendered":"<p><strong>A Szallas.hu adatai szerint 42 sz\u00e1zal\u00e9kkal t\u00f6bb belf\u00f6ldi \u00fcd\u00fcl\u00e9sre sz\u00f3l\u00f3 foglal\u00e1st regisztr\u00e1ltak m\u00e1r az idei \u0151szre, mint tavaly ilyenkor; a november elsejei hossz\u00fa h\u00e9tv\u00e9ge legkeresettebb \u00fati c\u00e9ljai k\u00f6z\u00f6tt Esztergom is szerepel<\/strong> <em>&#8211; der\u00fclt ki a sz\u00e1ll\u00e1sfoglal\u00f3 oldal legfrissebb elemz\u00e9s\u00e9b\u0151l.<\/em><\/p>\n<p>Az MTI-nek k\u00fcld\u00f6tt h\u00e9tf\u0151i k\u00f6zlem\u00e9nyben kiemelik: az eddig megtett foglal\u00e1sok sz\u00e1ma \u00e9s ar\u00e1nya bizakod\u00e1sra ad okot, az infl\u00e1ci\u00f3 \u00e9s mell\u00e9 a rezsics\u00f6kkent\u00e9s m\u00f3dos\u00edt\u00e1s\u00e1nak hat\u00e1s\u00e1t neh\u00e9z megj\u00f3solni. Augusztus 30-ig 42 sz\u00e1zal\u00e9kkal t\u00f6bb foglal\u00e1st tettek az \u0151szi id\u0151szakra belf\u00f6ldre, mint tavaly, amivel 76 sz\u00e1zal\u00e9kkal n\u0151tt a brutt\u00f3 szoba\u00e1r-bev\u00e9tel &#8211; ismertette a r\u00e9szleteket Kelemen Lili, a Szallas.hu sajt\u00f3sz\u00f3viv\u0151je a k\u00f6zlem\u00e9nyben. Orsz\u00e1gosan egy \u00e9jszaka szem\u00e9lyenk\u00e9nt \u00e1tlagosan 11 200 forintba ker\u00fcl, ez 10 sz\u00e1zal\u00e9k k\u00f6r\u00fcli n\u00f6veked\u00e9s 2021 hasonl\u00f3 id\u0151szak\u00e1hoz k\u00e9pest.<\/p>\n<p>A hazai turizmus f\u0151 mozgat\u00f3rug\u00f3ja \u0151sszel az idei utols\u00f3 hossz\u00fa h\u00e9tv\u00e9ge lehet, ami r\u00e1ad\u00e1sul n\u00e9gynapos lesz, hiszen mindenszentek, november 1-je keddre esik. Ezzel kezd\u0151dik az \u0151szi sz\u00fcnet is a tan\u00e9vben, ami november 6-\u00e1ig tart. Eger, Gyula, H\u00e9v\u00edz, Hajd\u00faszoboszl\u00f3 \u00e9s Zalakaros gy\u0171jt\u00f6tte eddig a legt\u00f6bb foglal\u00e1st a Szallas.hu-n erre az id\u0151szakra. A legn\u00e9pszer\u0171bb \u0151szi \u00fati c\u00e9lok sor\u00e1t S\u00e1rv\u00e1r, Sopron, Esztergom, Miskolctapolca \u00e9s Ny\u00edregyh\u00e1za k\u00f6veti &#8211; tette hozz\u00e1 a sajt\u00f3sz\u00f3viv\u0151.<\/p>\n<p>Szabad sz\u00e1ll\u00e1s m\u00e9g b\u0151ven akad a legkedveltebb c\u00e9lpontokon is az \u0151szi hossz\u00fa h\u00e9tv\u00e9g\u00e9re: p\u00e9ld\u00e1ul az egri \u00e9s gyulai sz\u00e1ll\u00e1shelyek k\u00f6zel k\u00e9tharmada foglalhat\u00f3 m\u00e9g. Jelenleg a foglal\u00e1sok darabsz\u00e1m\u00e1b\u00f3l \u00c9szak-Magyarorsz\u00e1g r\u00e9szes\u00fcl a legnagyobb ar\u00e1nyban (28,5 sz\u00e1zal\u00e9kkal). A dobog\u00f3n k\u00f6veti Nyugat-Dun\u00e1nt\u00fal (19,2 sz\u00e1zal\u00e9kkal) \u00e9s a Balaton (11,4 sz\u00e1zal\u00e9kkal). Minden m\u00e1sodik foglal\u00e1s wellness-sz\u00e1ll\u00e1shelyre sz\u00f3l &#8211; k\u00f6z\u00f6lt\u00e9k.<\/p>\n<p><em>Forr\u00e1s: MTI \/ Szallas.hu<\/em><\/p>\n","protected":false},"excerpt":{"rendered":"<p>A Szallas.hu adatai szerint 42 sz\u00e1zal\u00e9kkal t\u00f6bb belf\u00f6ldi \u00fcd\u00fcl\u00e9sre sz\u00f3l\u00f3 foglal\u00e1st regisztr\u00e1ltak m\u00e1r az idei \u0151szre, mint tavaly ilyenkor; a november elsejei hossz\u00fa h\u00e9tv\u00e9ge legkeresettebb \u00fati c\u00e9ljai k\u00f6z\u00f6tt Esztergom is szerepel &#8211; der\u00fclt ki a sz\u00e1ll\u00e1sfoglal\u00f3 oldal legfrissebb elemz\u00e9s\u00e9b\u0151l. Az MTI-nek k\u00fcld\u00f6tt h\u00e9tf\u0151i k\u00f6zlem\u00e9nyben kiemelik: az eddig megtett foglal\u00e1sok sz\u00e1ma \u00e9s ar\u00e1nya bizakod\u00e1sra ad okot,<\/p>\n","protected":false},"author":1,"featured_media":45277,"comment_status":"closed","ping_status":"closed","sticky":false,"template":"","format":"standard","meta":{"ngg_post_thumbnail":0,"footnotes":""},"categories":[38,3],"tags":[42,4002,274],"class_list":{"0":"post-46241","1":"post","2":"type-post","3":"status-publish","4":"format-standard","5":"has-post-thumbnail","7":"category-esztergom","8":"category-hirek","9":"tag-esztergom","10":"tag-szallas","11":"tag-turizmus"},"yoast_head":"<!-- This site is optimized with the Yoast SEO plugin v27.4 - https:\/\/yoast.com\/product\/yoast-seo-wordpress\/ -->\n<title>A legn\u00e9pszer\u0171bb \u0151szi \u00fatic\u00e9lok k\u00f6z\u00f6tt Esztergom is ott van<\/title>\n<meta name=\"robots\" content=\"index, follow, max-snippet:-1, max-image-preview:large, max-video-preview:-1\" \/>\n<link rel=\"canonical\" href=\"https:\/\/dorogimedence.hu\/index.php\/2022\/09\/06\/a-legnepszerubb-oszi-uticelok-kozott-esztergom-is-ott-van\/\" class=\"yoast-seo-meta-tag\" \/>\n<meta property=\"og:locale\" content=\"hu_HU\" class=\"yoast-seo-meta-tag\" \/>\n<meta property=\"og:type\" content=\"article\" class=\"yoast-seo-meta-tag\" \/>\n<meta property=\"og:title\" content=\"A legn\u00e9pszer\u0171bb \u0151szi \u00fatic\u00e9lok k\u00f6z\u00f6tt Esztergom is ott van\" class=\"yoast-seo-meta-tag\" \/>\n<meta property=\"og:description\" content=\"A Szallas.hu adatai szerint 42 sz\u00e1zal\u00e9kkal t\u00f6bb belf\u00f6ldi \u00fcd\u00fcl\u00e9sre sz\u00f3l\u00f3 foglal\u00e1st regisztr\u00e1ltak m\u00e1r az idei \u0151szre, mint tavaly ilyenkor; a november elsejei hossz\u00fa h\u00e9tv\u00e9ge legkeresettebb \u00fati c\u00e9ljai k\u00f6z\u00f6tt Esztergom is szerepel &#8211; der\u00fclt ki a sz\u00e1ll\u00e1sfoglal\u00f3 oldal legfrissebb elemz\u00e9s\u00e9b\u0151l. Az MTI-nek k\u00fcld\u00f6tt h\u00e9tf\u0151i k\u00f6zlem\u00e9nyben kiemelik: az eddig megtett foglal\u00e1sok sz\u00e1ma \u00e9s ar\u00e1nya bizakod\u00e1sra ad okot,\" class=\"yoast-seo-meta-tag\" \/>\n<meta property=\"og:url\" content=\"https:\/\/dorogimedence.hu\/index.php\/2022\/09\/06\/a-legnepszerubb-oszi-uticelok-kozott-esztergom-is-ott-van\/\" class=\"yoast-seo-meta-tag\" \/>\n<meta property=\"og:site_name\" content=\"Dorogi-medence Region\u00e1lis H\u00edrport\u00e1l\" class=\"yoast-seo-meta-tag\" \/>\n<meta property=\"article:publisher\" content=\"https:\/\/www.facebook.com\/dorogimedence\/\" class=\"yoast-seo-meta-tag\" \/>\n<meta property=\"article:published_time\" content=\"2022-09-06T13:14:49+00:00\" class=\"yoast-seo-meta-tag\" \/>\n<meta property=\"article:modified_time\" content=\"2022-09-06T13:16:59+00:00\" class=\"yoast-seo-meta-tag\" \/>\n<meta property=\"og:image\" content=\"https:\/\/i0.wp.com\/dorogimedence.hu\/wp-content\/uploads\/2022\/08\/IMG_5211.jpg?fit=1920%2C1280&ssl=1\" class=\"yoast-seo-meta-tag\" \/>\n\t<meta property=\"og:image:width\" content=\"1920\" class=\"yoast-seo-meta-tag\" \/>\n\t<meta property=\"og:image:height\" content=\"1280\" class=\"yoast-seo-meta-tag\" \/>\n\t<meta property=\"og:image:type\" content=\"image\/jpeg\" class=\"yoast-seo-meta-tag\" \/>\n<meta name=\"author\" content=\"dorogimedence.hu\" class=\"yoast-seo-meta-tag\" \/>\n<meta name=\"twitter:card\" content=\"summary_large_image\" class=\"yoast-seo-meta-tag\" \/>\n<meta name=\"twitter:label1\" content=\"Szerz\u0151:\" class=\"yoast-seo-meta-tag\" \/>\n\t<meta name=\"twitter:data1\" content=\"dorogimedence.hu\" class=\"yoast-seo-meta-tag\" \/>\n\t<meta name=\"twitter:label2\" content=\"Becs\u00fclt olvas\u00e1si id\u0151\" class=\"yoast-seo-meta-tag\" \/>\n\t<meta name=\"twitter:data2\" content=\"2 perc\" class=\"yoast-seo-meta-tag\" \/>\n<script type=\"application\/ld+json\" class=\"yoast-schema-graph\">{\"@context\":\"https:\\\/\\\/schema.org\",\"@graph\":[{\"@type\":\"Article\",\"@id\":\"https:\\\/\\\/dorogimedence.hu\\\/index.php\\\/2022\\\/09\\\/06\\\/a-legnepszerubb-oszi-uticelok-kozott-esztergom-is-ott-van\\\/#article\",\"isPartOf\":{\"@id\":\"https:\\\/\\\/dorogimedence.hu\\\/index.php\\\/2022\\\/09\\\/06\\\/a-legnepszerubb-oszi-uticelok-kozott-esztergom-is-ott-van\\\/\"},\"author\":{\"name\":\"dorogimedence.hu\",\"@id\":\"https:\\\/\\\/dorogimedence.hu\\\/#\\\/schema\\\/person\\\/ce6091eeb7e95ecdc87890d6aa8e0fd4\"},\"headline\":\"A legn\u00e9pszer\u0171bb \u0151szi \u00fatic\u00e9lok k\u00f6z\u00f6tt Esztergom is ott van\",\"datePublished\":\"2022-09-06T13:14:49+00:00\",\"dateModified\":\"2022-09-06T13:16:59+00:00\",\"mainEntityOfPage\":{\"@id\":\"https:\\\/\\\/dorogimedence.hu\\\/index.php\\\/2022\\\/09\\\/06\\\/a-legnepszerubb-oszi-uticelok-kozott-esztergom-is-ott-van\\\/\"},\"wordCount\":389,\"publisher\":{\"@id\":\"https:\\\/\\\/dorogimedence.hu\\\/#organization\"},\"image\":{\"@id\":\"https:\\\/\\\/dorogimedence.hu\\\/index.php\\\/2022\\\/09\\\/06\\\/a-legnepszerubb-oszi-uticelok-kozott-esztergom-is-ott-van\\\/#primaryimage\"},\"thumbnailUrl\":\"https:\\\/\\\/dorogimedence.hu\\\/wp-content\\\/uploads\\\/2022\\\/08\\\/IMG_5211.jpg\",\"keywords\":[\"esztergom\",\"sz\u00e1ll\u00e1s\",\"turizmus\"],\"articleSection\":[\"Esztergom\",\"H\u00edrek\"],\"inLanguage\":\"hu\"},{\"@type\":\"WebPage\",\"@id\":\"https:\\\/\\\/dorogimedence.hu\\\/index.php\\\/2022\\\/09\\\/06\\\/a-legnepszerubb-oszi-uticelok-kozott-esztergom-is-ott-van\\\/\",\"url\":\"https:\\\/\\\/dorogimedence.hu\\\/index.php\\\/2022\\\/09\\\/06\\\/a-legnepszerubb-oszi-uticelok-kozott-esztergom-is-ott-van\\\/\",\"name\":\"A legn\u00e9pszer\u0171bb \u0151szi \u00fatic\u00e9lok k\u00f6z\u00f6tt Esztergom is ott van\",\"isPartOf\":{\"@id\":\"https:\\\/\\\/dorogimedence.hu\\\/#website\"},\"primaryImageOfPage\":{\"@id\":\"https:\\\/\\\/dorogimedence.hu\\\/index.php\\\/2022\\\/09\\\/06\\\/a-legnepszerubb-oszi-uticelok-kozott-esztergom-is-ott-van\\\/#primaryimage\"},\"image\":{\"@id\":\"https:\\\/\\\/dorogimedence.hu\\\/index.php\\\/2022\\\/09\\\/06\\\/a-legnepszerubb-oszi-uticelok-kozott-esztergom-is-ott-van\\\/#primaryimage\"},\"thumbnailUrl\":\"https:\\\/\\\/dorogimedence.hu\\\/wp-content\\\/uploads\\\/2022\\\/08\\\/IMG_5211.jpg\",\"datePublished\":\"2022-09-06T13:14:49+00:00\",\"dateModified\":\"2022-09-06T13:16:59+00:00\",\"breadcrumb\":{\"@id\":\"https:\\\/\\\/dorogimedence.hu\\\/index.php\\\/2022\\\/09\\\/06\\\/a-legnepszerubb-oszi-uticelok-kozott-esztergom-is-ott-van\\\/#breadcrumb\"},\"inLanguage\":\"hu\",\"potentialAction\":[{\"@type\":\"ReadAction\",\"target\":[\"https:\\\/\\\/dorogimedence.hu\\\/index.php\\\/2022\\\/09\\\/06\\\/a-legnepszerubb-oszi-uticelok-kozott-esztergom-is-ott-van\\\/\"]}]},{\"@type\":\"ImageObject\",\"inLanguage\":\"hu\",\"@id\":\"https:\\\/\\\/dorogimedence.hu\\\/index.php\\\/2022\\\/09\\\/06\\\/a-legnepszerubb-oszi-uticelok-kozott-esztergom-is-ott-van\\\/#primaryimage\",\"url\":\"https:\\\/\\\/dorogimedence.hu\\\/wp-content\\\/uploads\\\/2022\\\/08\\\/IMG_5211.jpg\",\"contentUrl\":\"https:\\\/\\\/dorogimedence.hu\\\/wp-content\\\/uploads\\\/2022\\\/08\\\/IMG_5211.jpg\",\"width\":1920,\"height\":1280},{\"@type\":\"BreadcrumbList\",\"@id\":\"https:\\\/\\\/dorogimedence.hu\\\/index.php\\\/2022\\\/09\\\/06\\\/a-legnepszerubb-oszi-uticelok-kozott-esztergom-is-ott-van\\\/#breadcrumb\",\"itemListElement\":[{\"@type\":\"ListItem\",\"position\":1,\"name\":\"Kezd\u0151lap\",\"item\":\"https:\\\/\\\/dorogimedence.hu\\\/\"},{\"@type\":\"ListItem\",\"position\":2,\"name\":\"A legn\u00e9pszer\u0171bb \u0151szi \u00fatic\u00e9lok k\u00f6z\u00f6tt Esztergom is ott van\"}]},{\"@type\":\"WebSite\",\"@id\":\"https:\\\/\\\/dorogimedence.hu\\\/#website\",\"url\":\"https:\\\/\\\/dorogimedence.hu\\\/\",\"name\":\"Dorogi-medence Region\u00e1lis H\u00edrport\u00e1l\",\"description\":\"Dorog, Keszt\u00f6lc, Le\u00e1nyv\u00e1r, Piliscs\u00e9v, Tokod, Tokodalt\u00e1r\u00f3, Csolnok, Esztergom-kertv\u00e1ros: h\u00edrek, programok\",\"publisher\":{\"@id\":\"https:\\\/\\\/dorogimedence.hu\\\/#organization\"},\"potentialAction\":[{\"@type\":\"SearchAction\",\"target\":{\"@type\":\"EntryPoint\",\"urlTemplate\":\"https:\\\/\\\/dorogimedence.hu\\\/?s={search_term_string}\"},\"query-input\":{\"@type\":\"PropertyValueSpecification\",\"valueRequired\":true,\"valueName\":\"search_term_string\"}}],\"inLanguage\":\"hu\"},{\"@type\":\"Organization\",\"@id\":\"https:\\\/\\\/dorogimedence.hu\\\/#organization\",\"name\":\"Dorogi-medence Region\u00e1lis H\u00edrport\u00e1l\",\"url\":\"https:\\\/\\\/dorogimedence.hu\\\/\",\"logo\":{\"@type\":\"ImageObject\",\"inLanguage\":\"hu\",\"@id\":\"https:\\\/\\\/dorogimedence.hu\\\/#\\\/schema\\\/logo\\\/image\\\/\",\"url\":\"https:\\\/\\\/dorogimedence.hu\\\/wp-content\\\/uploads\\\/2021\\\/04\\\/logo-feher-600.png\",\"contentUrl\":\"https:\\\/\\\/dorogimedence.hu\\\/wp-content\\\/uploads\\\/2021\\\/04\\\/logo-feher-600.png\",\"width\":600,\"height\":100,\"caption\":\"Dorogi-medence Region\u00e1lis H\u00edrport\u00e1l\"},\"image\":{\"@id\":\"https:\\\/\\\/dorogimedence.hu\\\/#\\\/schema\\\/logo\\\/image\\\/\"},\"sameAs\":[\"https:\\\/\\\/www.facebook.com\\\/dorogimedence\\\/\"]},{\"@type\":\"Person\",\"@id\":\"https:\\\/\\\/dorogimedence.hu\\\/#\\\/schema\\\/person\\\/ce6091eeb7e95ecdc87890d6aa8e0fd4\",\"name\":\"dorogimedence.hu\",\"image\":{\"@type\":\"ImageObject\",\"inLanguage\":\"hu\",\"@id\":\"\\\/\\\/www.gravatar.com\\\/avatar\\\/d8d45f8901aadff40a4af72c0b826f1d?s=96&#038;r=g&#038;d=mm\",\"url\":\"\\\/\\\/www.gravatar.com\\\/avatar\\\/d8d45f8901aadff40a4af72c0b826f1d?s=96&#038;r=g&#038;d=mm\",\"contentUrl\":\"\\\/\\\/www.gravatar.com\\\/avatar\\\/d8d45f8901aadff40a4af72c0b826f1d?s=96&#038;r=g&#038;d=mm\",\"caption\":\"dorogimedence.hu\"}}]}<\/script>\n<!-- \/ Yoast SEO plugin. -->","yoast_head_json":{"title":"A legn\u00e9pszer\u0171bb \u0151szi \u00fatic\u00e9lok k\u00f6z\u00f6tt Esztergom is ott van","robots":{"index":"index","follow":"follow","max-snippet":"max-snippet:-1","max-image-preview":"max-image-preview:large","max-video-preview":"max-video-preview:-1"},"canonical":"https:\/\/dorogimedence.hu\/index.php\/2022\/09\/06\/a-legnepszerubb-oszi-uticelok-kozott-esztergom-is-ott-van\/","og_locale":"hu_HU","og_type":"article","og_title":"A legn\u00e9pszer\u0171bb \u0151szi \u00fatic\u00e9lok k\u00f6z\u00f6tt Esztergom is ott van","og_description":"A Szallas.hu adatai szerint 42 sz\u00e1zal\u00e9kkal t\u00f6bb belf\u00f6ldi \u00fcd\u00fcl\u00e9sre sz\u00f3l\u00f3 foglal\u00e1st regisztr\u00e1ltak m\u00e1r az idei \u0151szre, mint tavaly ilyenkor; a november elsejei hossz\u00fa h\u00e9tv\u00e9ge legkeresettebb \u00fati c\u00e9ljai k\u00f6z\u00f6tt Esztergom is szerepel &#8211; der\u00fclt ki a sz\u00e1ll\u00e1sfoglal\u00f3 oldal legfrissebb elemz\u00e9s\u00e9b\u0151l. Az MTI-nek k\u00fcld\u00f6tt h\u00e9tf\u0151i k\u00f6zlem\u00e9nyben kiemelik: az eddig megtett foglal\u00e1sok sz\u00e1ma \u00e9s ar\u00e1nya bizakod\u00e1sra ad okot,","og_url":"https:\/\/dorogimedence.hu\/index.php\/2022\/09\/06\/a-legnepszerubb-oszi-uticelok-kozott-esztergom-is-ott-van\/","og_site_name":"Dorogi-medence Region\u00e1lis H\u00edrport\u00e1l","article_publisher":"https:\/\/www.facebook.com\/dorogimedence\/","article_published_time":"2022-09-06T13:14:49+00:00","article_modified_time":"2022-09-06T13:16:59+00:00","og_image":[{"width":1920,"height":1280,"url":"https:\/\/i0.wp.com\/dorogimedence.hu\/wp-content\/uploads\/2022\/08\/IMG_5211.jpg?fit=1920%2C1280&ssl=1","type":"image\/jpeg"}],"author":"dorogimedence.hu","twitter_card":"summary_large_image","twitter_misc":{"Szerz\u0151:":"dorogimedence.hu","Becs\u00fclt olvas\u00e1si id\u0151":"2 perc"},"schema":{"@context":"https:\/\/schema.org","@graph":[{"@type":"Article","@id":"https:\/\/dorogimedence.hu\/index.php\/2022\/09\/06\/a-legnepszerubb-oszi-uticelok-kozott-esztergom-is-ott-van\/#article","isPartOf":{"@id":"https:\/\/dorogimedence.hu\/index.php\/2022\/09\/06\/a-legnepszerubb-oszi-uticelok-kozott-esztergom-is-ott-van\/"},"author":{"name":"dorogimedence.hu","@id":"https:\/\/dorogimedence.hu\/#\/schema\/person\/ce6091eeb7e95ecdc87890d6aa8e0fd4"},"headline":"A legn\u00e9pszer\u0171bb \u0151szi \u00fatic\u00e9lok k\u00f6z\u00f6tt Esztergom is ott van","datePublished":"2022-09-06T13:14:49+00:00","dateModified":"2022-09-06T13:16:59+00:00","mainEntityOfPage":{"@id":"https:\/\/dorogimedence.hu\/index.php\/2022\/09\/06\/a-legnepszerubb-oszi-uticelok-kozott-esztergom-is-ott-van\/"},"wordCount":389,"publisher":{"@id":"https:\/\/dorogimedence.hu\/#organization"},"image":{"@id":"https:\/\/dorogimedence.hu\/index.php\/2022\/09\/06\/a-legnepszerubb-oszi-uticelok-kozott-esztergom-is-ott-van\/#primaryimage"},"thumbnailUrl":"https:\/\/dorogimedence.hu\/wp-content\/uploads\/2022\/08\/IMG_5211.jpg","keywords":["esztergom","sz\u00e1ll\u00e1s","turizmus"],"articleSection":["Esztergom","H\u00edrek"],"inLanguage":"hu"},{"@type":"WebPage","@id":"https:\/\/dorogimedence.hu\/index.php\/2022\/09\/06\/a-legnepszerubb-oszi-uticelok-kozott-esztergom-is-ott-van\/","url":"https:\/\/dorogimedence.hu\/index.php\/2022\/09\/06\/a-legnepszerubb-oszi-uticelok-kozott-esztergom-is-ott-van\/","name":"A legn\u00e9pszer\u0171bb \u0151szi \u00fatic\u00e9lok k\u00f6z\u00f6tt Esztergom is ott van","isPartOf":{"@id":"https:\/\/dorogimedence.hu\/#website"},"primaryImageOfPage":{"@id":"https:\/\/dorogimedence.hu\/index.php\/2022\/09\/06\/a-legnepszerubb-oszi-uticelok-kozott-esztergom-is-ott-van\/#primaryimage"},"image":{"@id":"https:\/\/dorogimedence.hu\/index.php\/2022\/09\/06\/a-legnepszerubb-oszi-uticelok-kozott-esztergom-is-ott-van\/#primaryimage"},"thumbnailUrl":"https:\/\/dorogimedence.hu\/wp-content\/uploads\/2022\/08\/IMG_5211.jpg","datePublished":"2022-09-06T13:14:49+00:00","dateModified":"2022-09-06T13:16:59+00:00","breadcrumb":{"@id":"https:\/\/dorogimedence.hu\/index.php\/2022\/09\/06\/a-legnepszerubb-oszi-uticelok-kozott-esztergom-is-ott-van\/#breadcrumb"},"inLanguage":"hu","potentialAction":[{"@type":"ReadAction","target":["https:\/\/dorogimedence.hu\/index.php\/2022\/09\/06\/a-legnepszerubb-oszi-uticelok-kozott-esztergom-is-ott-van\/"]}]},{"@type":"ImageObject","inLanguage":"hu","@id":"https:\/\/dorogimedence.hu\/index.php\/2022\/09\/06\/a-legnepszerubb-oszi-uticelok-kozott-esztergom-is-ott-van\/#primaryimage","url":"https:\/\/dorogimedence.hu\/wp-content\/uploads\/2022\/08\/IMG_5211.jpg","contentUrl":"https:\/\/dorogimedence.hu\/wp-content\/uploads\/2022\/08\/IMG_5211.jpg","width":1920,"height":1280},{"@type":"BreadcrumbList","@id":"https:\/\/dorogimedence.hu\/index.php\/2022\/09\/06\/a-legnepszerubb-oszi-uticelok-kozott-esztergom-is-ott-van\/#breadcrumb","itemListElement":[{"@type":"ListItem","position":1,"name":"Kezd\u0151lap","item":"https:\/\/dorogimedence.hu\/"},{"@type":"ListItem","position":2,"name":"A legn\u00e9pszer\u0171bb \u0151szi \u00fatic\u00e9lok k\u00f6z\u00f6tt Esztergom is ott van"}]},{"@type":"WebSite","@id":"https:\/\/dorogimedence.hu\/#website","url":"https:\/\/dorogimedence.hu\/","name":"Dorogi-medence Region\u00e1lis H\u00edrport\u00e1l","description":"Dorog, Keszt\u00f6lc, Le\u00e1nyv\u00e1r, Piliscs\u00e9v, Tokod, Tokodalt\u00e1r\u00f3, Csolnok, Esztergom-kertv\u00e1ros: h\u00edrek, programok","publisher":{"@id":"https:\/\/dorogimedence.hu\/#organization"},"potentialAction":[{"@type":"SearchAction","target":{"@type":"EntryPoint","urlTemplate":"https:\/\/dorogimedence.hu\/?s={search_term_string}"},"query-input":{"@type":"PropertyValueSpecification","valueRequired":true,"valueName":"search_term_string"}}],"inLanguage":"hu"},{"@type":"Organization","@id":"https:\/\/dorogimedence.hu\/#organization","name":"Dorogi-medence Region\u00e1lis H\u00edrport\u00e1l","url":"https:\/\/dorogimedence.hu\/","logo":{"@type":"ImageObject","inLanguage":"hu","@id":"https:\/\/dorogimedence.hu\/#\/schema\/logo\/image\/","url":"https:\/\/dorogimedence.hu\/wp-content\/uploads\/2021\/04\/logo-feher-600.png","contentUrl":"https:\/\/dorogimedence.hu\/wp-content\/uploads\/2021\/04\/logo-feher-600.png","width":600,"height":100,"caption":"Dorogi-medence Region\u00e1lis H\u00edrport\u00e1l"},"image":{"@id":"https:\/\/dorogimedence.hu\/#\/schema\/logo\/image\/"},"sameAs":["https:\/\/www.facebook.com\/dorogimedence\/"]},{"@type":"Person","@id":"https:\/\/dorogimedence.hu\/#\/schema\/person\/ce6091eeb7e95ecdc87890d6aa8e0fd4","name":"dorogimedence.hu","image":{"@type":"ImageObject","inLanguage":"hu","@id":"\/\/www.gravatar.com\/avatar\/d8d45f8901aadff40a4af72c0b826f1d?s=96&#038;r=g&#038;d=mm","url":"\/\/www.gravatar.com\/avatar\/d8d45f8901aadff40a4af72c0b826f1d?s=96&#038;r=g&#038;d=mm","contentUrl":"\/\/www.gravatar.com\/avatar\/d8d45f8901aadff40a4af72c0b826f1d?s=96&#038;r=g&#038;d=mm","caption":"dorogimedence.hu"}}]}},"_links":{"self":[{"href":"https:\/\/dorogimedence.hu\/index.php\/wp-json\/wp\/v2\/posts\/46241","targetHints":{"allow":["GET"]}}],"collection":[{"href":"https:\/\/dorogimedence.hu\/index.php\/wp-json\/wp\/v2\/posts"}],"about":[{"href":"https:\/\/dorogimedence.hu\/index.php\/wp-json\/wp\/v2\/types\/post"}],"author":[{"embeddable":true,"href":"https:\/\/dorogimedence.hu\/index.php\/wp-json\/wp\/v2\/users\/1"}],"replies":[{"embeddable":true,"href":"https:\/\/dorogimedence.hu\/index.php\/wp-json\/wp\/v2\/comments?post=46241"}],"version-history":[{"count":0,"href":"https:\/\/dorogimedence.hu\/index.php\/wp-json\/wp\/v2\/posts\/46241\/revisions"}],"wp:featuredmedia":[{"embeddable":true,"href":"https:\/\/dorogimedence.hu\/index.php\/wp-json\/wp\/v2\/media\/45277"}],"wp:attachment":[{"href":"https:\/\/dorogimedence.hu\/index.php\/wp-json\/wp\/v2\/media?parent=46241"}],"wp:term":[{"taxonomy":"category","embeddable":true,"href":"https:\/\/dorogimedence.hu\/index.php\/wp-json\/wp\/v2\/categories?post=46241"},{"taxonomy":"post_tag","embeddable":true,"href":"https:\/\/dorogimedence.hu\/index.php\/wp-json\/wp\/v2\/tags?post=46241"}],"curies":[{"name":"wp","href":"https:\/\/api.w.org\/{rel}","templated":true}]}}