{"id":46205,"date":"2022-09-05T11:47:03","date_gmt":"2022-09-05T09:47:03","guid":{"rendered":"https:\/\/dorogimedence.hu\/?p=46205"},"modified":"2022-09-05T11:47:20","modified_gmt":"2022-09-05T09:47:20","slug":"sarisapon-is-a-banyaszokra-emlekeztek","status":"publish","type":"post","link":"https:\/\/dorogimedence.hu\/index.php\/2022\/09\/05\/sarisapon-is-a-banyaszokra-emlekeztek\/","title":{"rendered":"S\u00e1ris\u00e1pon is a b\u00e1ny\u00e1szokra eml\u00e9keztek"},"content":{"rendered":"<p><strong>A 72. b\u00e1ny\u00e1sznap alkalm\u00e1b\u00f3l a Dorogi B\u00e1ny\u00e1szati Sz\u00f6vets\u00e9g S\u00e1ris\u00e1pi Nyugd\u00edjas Alapszervezete h\u00e1rom helysz\u00ednen eml\u00e9kezett a b\u00e1ny\u00e1szokra, sz\u00e9nb\u00e1ny\u00e1szatra szeptember 4-\u00e9n, vas\u00e1rnap S\u00e1ris\u00e1pon<\/strong> <em>\u2013 \u00edrja a telep\u00fcl\u00e9s \u00f6nkorm\u00e1nyzata a k\u00f6z\u00f6ss\u00e9gi oldal\u00e1n.<\/em><\/p>\n<p>Az \u00fcnnepi program a temet\u0151ben l\u00e9v\u0151 b\u00e1ny\u00e1sz s\u00edrokn\u00e1l koszor\u00faz\u00e1ssal vette kezdet\u00e9t, majd a k\u00f6z\u00f6ss\u00e9gi t\u00e9r el\u0151tti b\u00e1ny\u00e1sz eml\u00e9km\u0171n\u00e9l folytat\u00f3dott. Mindk\u00e9t helysz\u00ednen az Orsz\u00e1gos Magyar B\u00e1ny\u00e1szati \u00e9s Koh\u00e1szati Egyes\u00fclet, a Dorogi B\u00e1ny\u00e1sz Szakszervezet, a Dorogi Sz\u00e9nmedence Kult\u00far\u00e1j\u00e1\u00e9rt Alap\u00edtv\u00e1ny, a S\u00e1ris\u00e1pi B\u00e1ny\u00e1sz Nyugd\u00edjas Alapszervezet, valamint S\u00e1ris\u00e1p K\u00f6zs\u00e9g \u00d6nkorm\u00e1nyzata \u00e9s Er\u0151s G\u00e1bor, t\u00e9rs\u00e9g\u00fcnk orsz\u00e1ggy\u0171l\u00e9si k\u00e9pvisel\u0151je is elhelyezte az eml\u00e9kez\u00e9s vir\u00e1gait.<\/p>\n<p><img fetchpriority=\"high\" decoding=\"async\" class=\"alignnone size-large wp-image-46207\" src=\"https:\/\/dorogimedence.hu\/wp-content\/uploads\/2022\/09\/305047974_476660087803547_4498592042520768887_n-1024x583.jpg\" alt=\"\" width=\"755\" height=\"430\" srcset=\"https:\/\/dorogimedence.hu\/wp-content\/uploads\/2022\/09\/305047974_476660087803547_4498592042520768887_n-1024x583.jpg 1024w, https:\/\/dorogimedence.hu\/wp-content\/uploads\/2022\/09\/305047974_476660087803547_4498592042520768887_n-300x171.jpg 300w, https:\/\/dorogimedence.hu\/wp-content\/uploads\/2022\/09\/305047974_476660087803547_4498592042520768887_n-768x437.jpg 768w, https:\/\/dorogimedence.hu\/wp-content\/uploads\/2022\/09\/305047974_476660087803547_4498592042520768887_n-1536x874.jpg 1536w, https:\/\/dorogimedence.hu\/wp-content\/uploads\/2022\/09\/305047974_476660087803547_4498592042520768887_n-150x85.jpg 150w, https:\/\/dorogimedence.hu\/wp-content\/uploads\/2022\/09\/305047974_476660087803547_4498592042520768887_n-450x256.jpg 450w, https:\/\/dorogimedence.hu\/wp-content\/uploads\/2022\/09\/305047974_476660087803547_4498592042520768887_n-1200x683.jpg 1200w, https:\/\/dorogimedence.hu\/wp-content\/uploads\/2022\/09\/305047974_476660087803547_4498592042520768887_n.jpg 2048w\" sizes=\"(max-width: 755px) 100vw, 755px\" \/><\/p>\n<p>A megeml\u00e9kez\u00e9sek ut\u00e1n a S\u00e1ris\u00e1pi B\u00e1ny\u00e1sz K\u00f6z\u00f6ss\u00e9gi T\u00e9rben t\u00f6bb mint sz\u00e1z egykori b\u00e1ny\u00e1sz, b\u00e1nyaiipari dolgoz\u00f3 gy\u0171lt \u00f6ssze, hogy egy\u00fctt \u00fcnnepeljen. Gleviczky Istv\u00e1n, a Dorogi B\u00e1ny\u00e1sz Szakszervezet \u00e9s a Dorogi Sz\u00e9nmedence Kult\u00far\u00e1j\u00e1\u00e9rt Alap\u00edtv\u00e1ny eln\u00f6ke k\u00f6sz\u00f6nt\u0151j\u00e9ben m\u00e9ltatta a ma is akt\u00edv s\u00e1ris\u00e1pi nyugd\u00edjas b\u00e1ny\u00e1sz k\u00f6z\u00f6ss\u00e9get.<\/p>\n<p>Az 1950-ben, a b\u00e1ny\u00e1szatr\u00f3l sz\u00fcletett rendelet gondoskodott a b\u00e1ny\u00e1szok megbecs\u00fcl\u00e9s\u00e9r\u0151l, jutalmaz\u00e1s\u00e1r\u00f3l is, k\u00f6zt\u00fck a b\u00e1ny\u00e1sz szakszervezeti tags\u00e1g elismer\u00e9s\u00e9r\u0151l is. A rendezv\u00e9ny keret\u00e9ben eml\u00e9kkors\u00f3kat \u00e9s 450 000 Ft t\u00e1mogat\u00e1st osztottak sz\u00e9t a nyugd\u00edjas b\u00e1ny\u00e1szok k\u00f6z\u00f6tt, t\u00f6bb \u00e9vtizedes szakszervezeti tags\u00e1guk elismer\u00e9sek\u00e9nt.<\/p>\n<p>Az \u00fcnnepi m\u0171sorban k\u00f6zrem\u0171k\u00f6d\u00f6tt Orosz R\u00f3bert, a S\u00e1ris\u00e1pi P\u00e1vak\u00f6r \u00e9s a S\u00e1ris\u00e1pi B\u00e1ny\u00e1sz F\u00fav\u00f3szenekar. Ut\u00f3bbi a vacsora zen\u00e9s k\u00eds\u00e9ret\u00e9t adta.<\/p>\n<p><img decoding=\"async\" class=\"alignnone size-large wp-image-46208\" src=\"https:\/\/dorogimedence.hu\/wp-content\/uploads\/2022\/09\/305126036_476660277803528_3929842404524304760_n-1024x560.jpg\" alt=\"\" width=\"755\" height=\"413\" srcset=\"https:\/\/dorogimedence.hu\/wp-content\/uploads\/2022\/09\/305126036_476660277803528_3929842404524304760_n-1024x560.jpg 1024w, https:\/\/dorogimedence.hu\/wp-content\/uploads\/2022\/09\/305126036_476660277803528_3929842404524304760_n-300x164.jpg 300w, https:\/\/dorogimedence.hu\/wp-content\/uploads\/2022\/09\/305126036_476660277803528_3929842404524304760_n-768x420.jpg 768w, https:\/\/dorogimedence.hu\/wp-content\/uploads\/2022\/09\/305126036_476660277803528_3929842404524304760_n-1536x839.jpg 1536w, https:\/\/dorogimedence.hu\/wp-content\/uploads\/2022\/09\/305126036_476660277803528_3929842404524304760_n-150x82.jpg 150w, https:\/\/dorogimedence.hu\/wp-content\/uploads\/2022\/09\/305126036_476660277803528_3929842404524304760_n-450x246.jpg 450w, https:\/\/dorogimedence.hu\/wp-content\/uploads\/2022\/09\/305126036_476660277803528_3929842404524304760_n-1200x656.jpg 1200w, https:\/\/dorogimedence.hu\/wp-content\/uploads\/2022\/09\/305126036_476660277803528_3929842404524304760_n.jpg 2048w\" sizes=\"(max-width: 755px) 100vw, 755px\" \/><\/p>\n<p><em>Fot\u00f3k, forr\u00e1s: S\u00e1ris\u00e1p.hu Facebook oldal<\/em><\/p>\n","protected":false},"excerpt":{"rendered":"<p>A 72. b\u00e1ny\u00e1sznap alkalm\u00e1b\u00f3l a Dorogi B\u00e1ny\u00e1szati Sz\u00f6vets\u00e9g S\u00e1ris\u00e1pi Nyugd\u00edjas Alapszervezete h\u00e1rom helysz\u00ednen eml\u00e9kezett a b\u00e1ny\u00e1szokra, sz\u00e9nb\u00e1ny\u00e1szatra szeptember 4-\u00e9n, vas\u00e1rnap S\u00e1ris\u00e1pon \u2013 \u00edrja a telep\u00fcl\u00e9s \u00f6nkorm\u00e1nyzata a k\u00f6z\u00f6ss\u00e9gi oldal\u00e1n. Az \u00fcnnepi program a temet\u0151ben l\u00e9v\u0151 b\u00e1ny\u00e1sz s\u00edrokn\u00e1l koszor\u00faz\u00e1ssal vette kezdet\u00e9t, majd a k\u00f6z\u00f6ss\u00e9gi t\u00e9r el\u0151tti b\u00e1ny\u00e1sz eml\u00e9km\u0171n\u00e9l folytat\u00f3dott. Mindk\u00e9t helysz\u00ednen az Orsz\u00e1gos Magyar B\u00e1ny\u00e1szati \u00e9s<\/p>\n","protected":false},"author":1,"featured_media":46206,"comment_status":"closed","ping_status":"closed","sticky":false,"template":"","format":"standard","meta":{"ngg_post_thumbnail":0,"footnotes":""},"categories":[3],"tags":[1242,192,423],"class_list":{"0":"post-46205","1":"post","2":"type-post","3":"status-publish","4":"format-standard","5":"has-post-thumbnail","7":"category-hirek","8":"tag-banyasznap","9":"tag-megemlekezes","10":"tag-sarisap"},"yoast_head":"<!-- This site is optimized with the Yoast SEO plugin v27.4 - https:\/\/yoast.com\/product\/yoast-seo-wordpress\/ -->\n<title>S\u00e1ris\u00e1pon is a b\u00e1ny\u00e1szokra eml\u00e9keztek<\/title>\n<meta name=\"robots\" content=\"index, follow, max-snippet:-1, max-image-preview:large, max-video-preview:-1\" \/>\n<link rel=\"canonical\" href=\"https:\/\/dorogimedence.hu\/index.php\/2022\/09\/05\/sarisapon-is-a-banyaszokra-emlekeztek\/\" class=\"yoast-seo-meta-tag\" \/>\n<meta property=\"og:locale\" content=\"hu_HU\" class=\"yoast-seo-meta-tag\" \/>\n<meta property=\"og:type\" content=\"article\" class=\"yoast-seo-meta-tag\" \/>\n<meta property=\"og:title\" content=\"S\u00e1ris\u00e1pon is a b\u00e1ny\u00e1szokra eml\u00e9keztek\" class=\"yoast-seo-meta-tag\" \/>\n<meta property=\"og:description\" content=\"A 72. b\u00e1ny\u00e1sznap alkalm\u00e1b\u00f3l a Dorogi B\u00e1ny\u00e1szati Sz\u00f6vets\u00e9g S\u00e1ris\u00e1pi Nyugd\u00edjas Alapszervezete h\u00e1rom helysz\u00ednen eml\u00e9kezett a b\u00e1ny\u00e1szokra, sz\u00e9nb\u00e1ny\u00e1szatra szeptember 4-\u00e9n, vas\u00e1rnap S\u00e1ris\u00e1pon \u2013 \u00edrja a telep\u00fcl\u00e9s \u00f6nkorm\u00e1nyzata a k\u00f6z\u00f6ss\u00e9gi oldal\u00e1n. Az \u00fcnnepi program a temet\u0151ben l\u00e9v\u0151 b\u00e1ny\u00e1sz s\u00edrokn\u00e1l koszor\u00faz\u00e1ssal vette kezdet\u00e9t, majd a k\u00f6z\u00f6ss\u00e9gi t\u00e9r el\u0151tti b\u00e1ny\u00e1sz eml\u00e9km\u0171n\u00e9l folytat\u00f3dott. Mindk\u00e9t helysz\u00ednen az Orsz\u00e1gos Magyar B\u00e1ny\u00e1szati \u00e9s\" class=\"yoast-seo-meta-tag\" \/>\n<meta property=\"og:url\" content=\"https:\/\/dorogimedence.hu\/index.php\/2022\/09\/05\/sarisapon-is-a-banyaszokra-emlekeztek\/\" class=\"yoast-seo-meta-tag\" \/>\n<meta property=\"og:site_name\" content=\"Dorogi-medence Region\u00e1lis H\u00edrport\u00e1l\" class=\"yoast-seo-meta-tag\" \/>\n<meta property=\"article:publisher\" content=\"https:\/\/www.facebook.com\/dorogimedence\/\" class=\"yoast-seo-meta-tag\" \/>\n<meta property=\"article:published_time\" content=\"2022-09-05T09:47:03+00:00\" class=\"yoast-seo-meta-tag\" \/>\n<meta property=\"article:modified_time\" content=\"2022-09-05T09:47:20+00:00\" class=\"yoast-seo-meta-tag\" \/>\n<meta property=\"og:image\" content=\"https:\/\/i0.wp.com\/dorogimedence.hu\/wp-content\/uploads\/2022\/09\/305213730_476660157803540_6233930051530569594_n.jpg?fit=2048%2C1299&ssl=1\" class=\"yoast-seo-meta-tag\" \/>\n\t<meta property=\"og:image:width\" content=\"2048\" class=\"yoast-seo-meta-tag\" \/>\n\t<meta property=\"og:image:height\" content=\"1299\" class=\"yoast-seo-meta-tag\" \/>\n\t<meta property=\"og:image:type\" content=\"image\/jpeg\" class=\"yoast-seo-meta-tag\" \/>\n<meta name=\"author\" content=\"dorogimedence.hu\" class=\"yoast-seo-meta-tag\" \/>\n<meta name=\"twitter:card\" content=\"summary_large_image\" class=\"yoast-seo-meta-tag\" \/>\n<meta name=\"twitter:label1\" content=\"Szerz\u0151:\" class=\"yoast-seo-meta-tag\" \/>\n\t<meta name=\"twitter:data1\" content=\"dorogimedence.hu\" class=\"yoast-seo-meta-tag\" \/>\n\t<meta name=\"twitter:label2\" content=\"Becs\u00fclt olvas\u00e1si id\u0151\" class=\"yoast-seo-meta-tag\" \/>\n\t<meta name=\"twitter:data2\" content=\"2 perc\" class=\"yoast-seo-meta-tag\" \/>\n<script type=\"application\/ld+json\" class=\"yoast-schema-graph\">{\"@context\":\"https:\\\/\\\/schema.org\",\"@graph\":[{\"@type\":\"Article\",\"@id\":\"https:\\\/\\\/dorogimedence.hu\\\/index.php\\\/2022\\\/09\\\/05\\\/sarisapon-is-a-banyaszokra-emlekeztek\\\/#article\",\"isPartOf\":{\"@id\":\"https:\\\/\\\/dorogimedence.hu\\\/index.php\\\/2022\\\/09\\\/05\\\/sarisapon-is-a-banyaszokra-emlekeztek\\\/\"},\"author\":{\"name\":\"dorogimedence.hu\",\"@id\":\"https:\\\/\\\/dorogimedence.hu\\\/#\\\/schema\\\/person\\\/ce6091eeb7e95ecdc87890d6aa8e0fd4\"},\"headline\":\"S\u00e1ris\u00e1pon is a b\u00e1ny\u00e1szokra eml\u00e9keztek\",\"datePublished\":\"2022-09-05T09:47:03+00:00\",\"dateModified\":\"2022-09-05T09:47:20+00:00\",\"mainEntityOfPage\":{\"@id\":\"https:\\\/\\\/dorogimedence.hu\\\/index.php\\\/2022\\\/09\\\/05\\\/sarisapon-is-a-banyaszokra-emlekeztek\\\/\"},\"wordCount\":392,\"publisher\":{\"@id\":\"https:\\\/\\\/dorogimedence.hu\\\/#organization\"},\"image\":{\"@id\":\"https:\\\/\\\/dorogimedence.hu\\\/index.php\\\/2022\\\/09\\\/05\\\/sarisapon-is-a-banyaszokra-emlekeztek\\\/#primaryimage\"},\"thumbnailUrl\":\"https:\\\/\\\/dorogimedence.hu\\\/wp-content\\\/uploads\\\/2022\\\/09\\\/305213730_476660157803540_6233930051530569594_n.jpg\",\"keywords\":[\"B\u00e1ny\u00e1sznap\",\"megeml\u00e9kez\u00e9s\",\"S\u00e1ris\u00e1p\"],\"articleSection\":[\"H\u00edrek\"],\"inLanguage\":\"hu\"},{\"@type\":\"WebPage\",\"@id\":\"https:\\\/\\\/dorogimedence.hu\\\/index.php\\\/2022\\\/09\\\/05\\\/sarisapon-is-a-banyaszokra-emlekeztek\\\/\",\"url\":\"https:\\\/\\\/dorogimedence.hu\\\/index.php\\\/2022\\\/09\\\/05\\\/sarisapon-is-a-banyaszokra-emlekeztek\\\/\",\"name\":\"S\u00e1ris\u00e1pon is a b\u00e1ny\u00e1szokra eml\u00e9keztek\",\"isPartOf\":{\"@id\":\"https:\\\/\\\/dorogimedence.hu\\\/#website\"},\"primaryImageOfPage\":{\"@id\":\"https:\\\/\\\/dorogimedence.hu\\\/index.php\\\/2022\\\/09\\\/05\\\/sarisapon-is-a-banyaszokra-emlekeztek\\\/#primaryimage\"},\"image\":{\"@id\":\"https:\\\/\\\/dorogimedence.hu\\\/index.php\\\/2022\\\/09\\\/05\\\/sarisapon-is-a-banyaszokra-emlekeztek\\\/#primaryimage\"},\"thumbnailUrl\":\"https:\\\/\\\/dorogimedence.hu\\\/wp-content\\\/uploads\\\/2022\\\/09\\\/305213730_476660157803540_6233930051530569594_n.jpg\",\"datePublished\":\"2022-09-05T09:47:03+00:00\",\"dateModified\":\"2022-09-05T09:47:20+00:00\",\"breadcrumb\":{\"@id\":\"https:\\\/\\\/dorogimedence.hu\\\/index.php\\\/2022\\\/09\\\/05\\\/sarisapon-is-a-banyaszokra-emlekeztek\\\/#breadcrumb\"},\"inLanguage\":\"hu\",\"potentialAction\":[{\"@type\":\"ReadAction\",\"target\":[\"https:\\\/\\\/dorogimedence.hu\\\/index.php\\\/2022\\\/09\\\/05\\\/sarisapon-is-a-banyaszokra-emlekeztek\\\/\"]}]},{\"@type\":\"ImageObject\",\"inLanguage\":\"hu\",\"@id\":\"https:\\\/\\\/dorogimedence.hu\\\/index.php\\\/2022\\\/09\\\/05\\\/sarisapon-is-a-banyaszokra-emlekeztek\\\/#primaryimage\",\"url\":\"https:\\\/\\\/dorogimedence.hu\\\/wp-content\\\/uploads\\\/2022\\\/09\\\/305213730_476660157803540_6233930051530569594_n.jpg\",\"contentUrl\":\"https:\\\/\\\/dorogimedence.hu\\\/wp-content\\\/uploads\\\/2022\\\/09\\\/305213730_476660157803540_6233930051530569594_n.jpg\",\"width\":2048,\"height\":1299},{\"@type\":\"BreadcrumbList\",\"@id\":\"https:\\\/\\\/dorogimedence.hu\\\/index.php\\\/2022\\\/09\\\/05\\\/sarisapon-is-a-banyaszokra-emlekeztek\\\/#breadcrumb\",\"itemListElement\":[{\"@type\":\"ListItem\",\"position\":1,\"name\":\"Kezd\u0151lap\",\"item\":\"https:\\\/\\\/dorogimedence.hu\\\/\"},{\"@type\":\"ListItem\",\"position\":2,\"name\":\"S\u00e1ris\u00e1pon is a b\u00e1ny\u00e1szokra eml\u00e9keztek\"}]},{\"@type\":\"WebSite\",\"@id\":\"https:\\\/\\\/dorogimedence.hu\\\/#website\",\"url\":\"https:\\\/\\\/dorogimedence.hu\\\/\",\"name\":\"Dorogi-medence Region\u00e1lis H\u00edrport\u00e1l\",\"description\":\"Dorog, Keszt\u00f6lc, Le\u00e1nyv\u00e1r, Piliscs\u00e9v, Tokod, Tokodalt\u00e1r\u00f3, Csolnok, Esztergom-kertv\u00e1ros: h\u00edrek, programok\",\"publisher\":{\"@id\":\"https:\\\/\\\/dorogimedence.hu\\\/#organization\"},\"potentialAction\":[{\"@type\":\"SearchAction\",\"target\":{\"@type\":\"EntryPoint\",\"urlTemplate\":\"https:\\\/\\\/dorogimedence.hu\\\/?s={search_term_string}\"},\"query-input\":{\"@type\":\"PropertyValueSpecification\",\"valueRequired\":true,\"valueName\":\"search_term_string\"}}],\"inLanguage\":\"hu\"},{\"@type\":\"Organization\",\"@id\":\"https:\\\/\\\/dorogimedence.hu\\\/#organization\",\"name\":\"Dorogi-medence Region\u00e1lis H\u00edrport\u00e1l\",\"url\":\"https:\\\/\\\/dorogimedence.hu\\\/\",\"logo\":{\"@type\":\"ImageObject\",\"inLanguage\":\"hu\",\"@id\":\"https:\\\/\\\/dorogimedence.hu\\\/#\\\/schema\\\/logo\\\/image\\\/\",\"url\":\"https:\\\/\\\/dorogimedence.hu\\\/wp-content\\\/uploads\\\/2021\\\/04\\\/logo-feher-600.png\",\"contentUrl\":\"https:\\\/\\\/dorogimedence.hu\\\/wp-content\\\/uploads\\\/2021\\\/04\\\/logo-feher-600.png\",\"width\":600,\"height\":100,\"caption\":\"Dorogi-medence Region\u00e1lis H\u00edrport\u00e1l\"},\"image\":{\"@id\":\"https:\\\/\\\/dorogimedence.hu\\\/#\\\/schema\\\/logo\\\/image\\\/\"},\"sameAs\":[\"https:\\\/\\\/www.facebook.com\\\/dorogimedence\\\/\"]},{\"@type\":\"Person\",\"@id\":\"https:\\\/\\\/dorogimedence.hu\\\/#\\\/schema\\\/person\\\/ce6091eeb7e95ecdc87890d6aa8e0fd4\",\"name\":\"dorogimedence.hu\",\"image\":{\"@type\":\"ImageObject\",\"inLanguage\":\"hu\",\"@id\":\"\\\/\\\/www.gravatar.com\\\/avatar\\\/d8d45f8901aadff40a4af72c0b826f1d?s=96&#038;r=g&#038;d=mm\",\"url\":\"\\\/\\\/www.gravatar.com\\\/avatar\\\/d8d45f8901aadff40a4af72c0b826f1d?s=96&#038;r=g&#038;d=mm\",\"contentUrl\":\"\\\/\\\/www.gravatar.com\\\/avatar\\\/d8d45f8901aadff40a4af72c0b826f1d?s=96&#038;r=g&#038;d=mm\",\"caption\":\"dorogimedence.hu\"}}]}<\/script>\n<!-- \/ Yoast SEO plugin. -->","yoast_head_json":{"title":"S\u00e1ris\u00e1pon is a b\u00e1ny\u00e1szokra eml\u00e9keztek","robots":{"index":"index","follow":"follow","max-snippet":"max-snippet:-1","max-image-preview":"max-image-preview:large","max-video-preview":"max-video-preview:-1"},"canonical":"https:\/\/dorogimedence.hu\/index.php\/2022\/09\/05\/sarisapon-is-a-banyaszokra-emlekeztek\/","og_locale":"hu_HU","og_type":"article","og_title":"S\u00e1ris\u00e1pon is a b\u00e1ny\u00e1szokra eml\u00e9keztek","og_description":"A 72. b\u00e1ny\u00e1sznap alkalm\u00e1b\u00f3l a Dorogi B\u00e1ny\u00e1szati Sz\u00f6vets\u00e9g S\u00e1ris\u00e1pi Nyugd\u00edjas Alapszervezete h\u00e1rom helysz\u00ednen eml\u00e9kezett a b\u00e1ny\u00e1szokra, sz\u00e9nb\u00e1ny\u00e1szatra szeptember 4-\u00e9n, vas\u00e1rnap S\u00e1ris\u00e1pon \u2013 \u00edrja a telep\u00fcl\u00e9s \u00f6nkorm\u00e1nyzata a k\u00f6z\u00f6ss\u00e9gi oldal\u00e1n. Az \u00fcnnepi program a temet\u0151ben l\u00e9v\u0151 b\u00e1ny\u00e1sz s\u00edrokn\u00e1l koszor\u00faz\u00e1ssal vette kezdet\u00e9t, majd a k\u00f6z\u00f6ss\u00e9gi t\u00e9r el\u0151tti b\u00e1ny\u00e1sz eml\u00e9km\u0171n\u00e9l folytat\u00f3dott. Mindk\u00e9t helysz\u00ednen az Orsz\u00e1gos Magyar B\u00e1ny\u00e1szati \u00e9s","og_url":"https:\/\/dorogimedence.hu\/index.php\/2022\/09\/05\/sarisapon-is-a-banyaszokra-emlekeztek\/","og_site_name":"Dorogi-medence Region\u00e1lis H\u00edrport\u00e1l","article_publisher":"https:\/\/www.facebook.com\/dorogimedence\/","article_published_time":"2022-09-05T09:47:03+00:00","article_modified_time":"2022-09-05T09:47:20+00:00","og_image":[{"width":2048,"height":1299,"url":"https:\/\/i0.wp.com\/dorogimedence.hu\/wp-content\/uploads\/2022\/09\/305213730_476660157803540_6233930051530569594_n.jpg?fit=2048%2C1299&ssl=1","type":"image\/jpeg"}],"author":"dorogimedence.hu","twitter_card":"summary_large_image","twitter_misc":{"Szerz\u0151:":"dorogimedence.hu","Becs\u00fclt olvas\u00e1si id\u0151":"2 perc"},"schema":{"@context":"https:\/\/schema.org","@graph":[{"@type":"Article","@id":"https:\/\/dorogimedence.hu\/index.php\/2022\/09\/05\/sarisapon-is-a-banyaszokra-emlekeztek\/#article","isPartOf":{"@id":"https:\/\/dorogimedence.hu\/index.php\/2022\/09\/05\/sarisapon-is-a-banyaszokra-emlekeztek\/"},"author":{"name":"dorogimedence.hu","@id":"https:\/\/dorogimedence.hu\/#\/schema\/person\/ce6091eeb7e95ecdc87890d6aa8e0fd4"},"headline":"S\u00e1ris\u00e1pon is a b\u00e1ny\u00e1szokra eml\u00e9keztek","datePublished":"2022-09-05T09:47:03+00:00","dateModified":"2022-09-05T09:47:20+00:00","mainEntityOfPage":{"@id":"https:\/\/dorogimedence.hu\/index.php\/2022\/09\/05\/sarisapon-is-a-banyaszokra-emlekeztek\/"},"wordCount":392,"publisher":{"@id":"https:\/\/dorogimedence.hu\/#organization"},"image":{"@id":"https:\/\/dorogimedence.hu\/index.php\/2022\/09\/05\/sarisapon-is-a-banyaszokra-emlekeztek\/#primaryimage"},"thumbnailUrl":"https:\/\/dorogimedence.hu\/wp-content\/uploads\/2022\/09\/305213730_476660157803540_6233930051530569594_n.jpg","keywords":["B\u00e1ny\u00e1sznap","megeml\u00e9kez\u00e9s","S\u00e1ris\u00e1p"],"articleSection":["H\u00edrek"],"inLanguage":"hu"},{"@type":"WebPage","@id":"https:\/\/dorogimedence.hu\/index.php\/2022\/09\/05\/sarisapon-is-a-banyaszokra-emlekeztek\/","url":"https:\/\/dorogimedence.hu\/index.php\/2022\/09\/05\/sarisapon-is-a-banyaszokra-emlekeztek\/","name":"S\u00e1ris\u00e1pon is a b\u00e1ny\u00e1szokra eml\u00e9keztek","isPartOf":{"@id":"https:\/\/dorogimedence.hu\/#website"},"primaryImageOfPage":{"@id":"https:\/\/dorogimedence.hu\/index.php\/2022\/09\/05\/sarisapon-is-a-banyaszokra-emlekeztek\/#primaryimage"},"image":{"@id":"https:\/\/dorogimedence.hu\/index.php\/2022\/09\/05\/sarisapon-is-a-banyaszokra-emlekeztek\/#primaryimage"},"thumbnailUrl":"https:\/\/dorogimedence.hu\/wp-content\/uploads\/2022\/09\/305213730_476660157803540_6233930051530569594_n.jpg","datePublished":"2022-09-05T09:47:03+00:00","dateModified":"2022-09-05T09:47:20+00:00","breadcrumb":{"@id":"https:\/\/dorogimedence.hu\/index.php\/2022\/09\/05\/sarisapon-is-a-banyaszokra-emlekeztek\/#breadcrumb"},"inLanguage":"hu","potentialAction":[{"@type":"ReadAction","target":["https:\/\/dorogimedence.hu\/index.php\/2022\/09\/05\/sarisapon-is-a-banyaszokra-emlekeztek\/"]}]},{"@type":"ImageObject","inLanguage":"hu","@id":"https:\/\/dorogimedence.hu\/index.php\/2022\/09\/05\/sarisapon-is-a-banyaszokra-emlekeztek\/#primaryimage","url":"https:\/\/dorogimedence.hu\/wp-content\/uploads\/2022\/09\/305213730_476660157803540_6233930051530569594_n.jpg","contentUrl":"https:\/\/dorogimedence.hu\/wp-content\/uploads\/2022\/09\/305213730_476660157803540_6233930051530569594_n.jpg","width":2048,"height":1299},{"@type":"BreadcrumbList","@id":"https:\/\/dorogimedence.hu\/index.php\/2022\/09\/05\/sarisapon-is-a-banyaszokra-emlekeztek\/#breadcrumb","itemListElement":[{"@type":"ListItem","position":1,"name":"Kezd\u0151lap","item":"https:\/\/dorogimedence.hu\/"},{"@type":"ListItem","position":2,"name":"S\u00e1ris\u00e1pon is a b\u00e1ny\u00e1szokra eml\u00e9keztek"}]},{"@type":"WebSite","@id":"https:\/\/dorogimedence.hu\/#website","url":"https:\/\/dorogimedence.hu\/","name":"Dorogi-medence Region\u00e1lis H\u00edrport\u00e1l","description":"Dorog, Keszt\u00f6lc, Le\u00e1nyv\u00e1r, Piliscs\u00e9v, Tokod, Tokodalt\u00e1r\u00f3, Csolnok, Esztergom-kertv\u00e1ros: h\u00edrek, programok","publisher":{"@id":"https:\/\/dorogimedence.hu\/#organization"},"potentialAction":[{"@type":"SearchAction","target":{"@type":"EntryPoint","urlTemplate":"https:\/\/dorogimedence.hu\/?s={search_term_string}"},"query-input":{"@type":"PropertyValueSpecification","valueRequired":true,"valueName":"search_term_string"}}],"inLanguage":"hu"},{"@type":"Organization","@id":"https:\/\/dorogimedence.hu\/#organization","name":"Dorogi-medence Region\u00e1lis H\u00edrport\u00e1l","url":"https:\/\/dorogimedence.hu\/","logo":{"@type":"ImageObject","inLanguage":"hu","@id":"https:\/\/dorogimedence.hu\/#\/schema\/logo\/image\/","url":"https:\/\/dorogimedence.hu\/wp-content\/uploads\/2021\/04\/logo-feher-600.png","contentUrl":"https:\/\/dorogimedence.hu\/wp-content\/uploads\/2021\/04\/logo-feher-600.png","width":600,"height":100,"caption":"Dorogi-medence Region\u00e1lis H\u00edrport\u00e1l"},"image":{"@id":"https:\/\/dorogimedence.hu\/#\/schema\/logo\/image\/"},"sameAs":["https:\/\/www.facebook.com\/dorogimedence\/"]},{"@type":"Person","@id":"https:\/\/dorogimedence.hu\/#\/schema\/person\/ce6091eeb7e95ecdc87890d6aa8e0fd4","name":"dorogimedence.hu","image":{"@type":"ImageObject","inLanguage":"hu","@id":"\/\/www.gravatar.com\/avatar\/d8d45f8901aadff40a4af72c0b826f1d?s=96&#038;r=g&#038;d=mm","url":"\/\/www.gravatar.com\/avatar\/d8d45f8901aadff40a4af72c0b826f1d?s=96&#038;r=g&#038;d=mm","contentUrl":"\/\/www.gravatar.com\/avatar\/d8d45f8901aadff40a4af72c0b826f1d?s=96&#038;r=g&#038;d=mm","caption":"dorogimedence.hu"}}]}},"_links":{"self":[{"href":"https:\/\/dorogimedence.hu\/index.php\/wp-json\/wp\/v2\/posts\/46205","targetHints":{"allow":["GET"]}}],"collection":[{"href":"https:\/\/dorogimedence.hu\/index.php\/wp-json\/wp\/v2\/posts"}],"about":[{"href":"https:\/\/dorogimedence.hu\/index.php\/wp-json\/wp\/v2\/types\/post"}],"author":[{"embeddable":true,"href":"https:\/\/dorogimedence.hu\/index.php\/wp-json\/wp\/v2\/users\/1"}],"replies":[{"embeddable":true,"href":"https:\/\/dorogimedence.hu\/index.php\/wp-json\/wp\/v2\/comments?post=46205"}],"version-history":[{"count":0,"href":"https:\/\/dorogimedence.hu\/index.php\/wp-json\/wp\/v2\/posts\/46205\/revisions"}],"wp:featuredmedia":[{"embeddable":true,"href":"https:\/\/dorogimedence.hu\/index.php\/wp-json\/wp\/v2\/media\/46206"}],"wp:attachment":[{"href":"https:\/\/dorogimedence.hu\/index.php\/wp-json\/wp\/v2\/media?parent=46205"}],"wp:term":[{"taxonomy":"category","embeddable":true,"href":"https:\/\/dorogimedence.hu\/index.php\/wp-json\/wp\/v2\/categories?post=46205"},{"taxonomy":"post_tag","embeddable":true,"href":"https:\/\/dorogimedence.hu\/index.php\/wp-json\/wp\/v2\/tags?post=46205"}],"curies":[{"name":"wp","href":"https:\/\/api.w.org\/{rel}","templated":true}]}}