{"id":46135,"date":"2022-09-01T11:45:37","date_gmt":"2022-09-01T09:45:37","guid":{"rendered":"https:\/\/dorogimedence.hu\/?p=46135"},"modified":"2022-09-01T11:46:03","modified_gmt":"2022-09-01T09:46:03","slug":"magyar-kupa-dorogra-a-honved-nyergesujfalura-a-szolnok-erkezik","status":"publish","type":"post","link":"https:\/\/dorogimedence.hu\/index.php\/2022\/09\/01\/magyar-kupa-dorogra-a-honved-nyergesujfalura-a-szolnok-erkezik\/","title":{"rendered":"Magyar Kupa: Dorogra a Honv\u00e9d, Nyerges\u00fajfalura a Szolnok \u00e9rkezik"},"content":{"rendered":"<p><strong>Augusztus 31-\u00e9n, szerd\u00e1n este az M4 Sport st\u00fadi\u00f3j\u00e1ban kisorsolt\u00e1k a labdar\u00fag\u00f3 MOL Magyar Kupa 3. fordul\u00f3j\u00e1nak p\u00e1ros\u00edt\u00e1s\u00e1t. A m\u00e9rk\u0151z\u00e9seket szeptember 17-\u00e9n \u00e9s 18-\u00e1n j\u00e1tssz\u00e1k le<\/strong> <em>\u2013 \u00edrja a Nemzeti Sport.<\/em><\/p>\n<p>A 3. fordul\u00f3ban 64 csapat l\u00e9p p\u00e1ly\u00e1ra: az el\u0151z\u0151 k\u00f6rb\u0151l tov\u00e1bbjut\u00f3 20 NB III-as, 11 megyei I-es \u00e9s egy megyei II-es (Mez\u0151\u00f6rs) csapathoz itt csatlakozik az NB I 12 \u00e9s az NB II 20 csapata. Az \u00e9lvonalbeli csapatok itt m\u00e9g nem ker\u00fclhetnek szembe egym\u00e1ssal.<\/p>\n<p>Az \u00e9lvonalbeli csapatok k\u00f6z\u00fcl az NB II-ben szerepl\u0151 Dorogi FC az NB I-es Budapest Honv\u00e9det fogadja, m\u00edg a megye I-ben j\u00e1tsz\u00f3 Nyerges\u00fajfalu SE az NB III-ban szerepl\u0151 Szolnoki M\u00c1V FC-t fogadja.<\/p>\n<p><strong>MAGYAR KUPA<\/strong> \u2013 <strong>3. FORDUL\u00d3 (A LEGJOBB 32 K\u00d6Z\u00c9 JUT\u00c1S\u00c9RT)<\/strong><\/p>\n<p><strong style=\"font-style: inherit;\">Az \u00e9lvonalbeli csapatok m\u00e9rk\u0151z\u00e9sei:<\/strong><br \/>\n<strong>Bicskei TC<\/strong>&nbsp;(NB III)<strong style=\"font-style: inherit;\">\u2013Ferencv\u00e1rosi TC<\/strong><br \/>\n<strong>Aqvital FC Cs\u00e1kv\u00e1r<\/strong>&nbsp;(NB II)\u2013<strong style=\"font-style: inherit;\">Pusk\u00e1s Akad\u00e9mia FC<\/strong><br \/>\n<strong style=\"font-style: inherit;\">Szeksz\u00e1rdi UFC&nbsp;<\/strong>(NB III)<strong style=\"font-style: inherit;\">\u2013Mez\u0151k\u00f6vesd Zs\u00f3ry FC<\/strong><br \/>\n<strong>Kaposv\u00e1ri R\u00e1k\u00f3czi FC&nbsp;<\/strong>(NB III)\u2013<strong style=\"font-style: inherit;\">Zalaegerszegi TE FC<\/strong><br \/>\n<strong>Meton FC Dabas SE<\/strong>&nbsp;(NB III)<strong style=\"font-style: inherit;\">\u2013Debreceni VSC<\/strong><br \/>\n<strong>P\u00e9csi MFC&nbsp;<\/strong>(NB II)\u2013<strong style=\"font-style: inherit;\">Paksi FC<\/strong><br \/>\n<strong>BVSC Zugl\u00f3&nbsp;<\/strong>(NB III)\u2013<strong style=\"font-style: inherit;\">Kisv\u00e1rda<\/strong><br \/>\n<strong>III. Ker\u00fcleti TVE&nbsp;<\/strong>(NB III)<strong style=\"font-style: inherit;\">\u2013Mol Feh\u00e9rv\u00e1r FC<\/strong><br \/>\n<strong>Tiszak\u00e9cskei LC<\/strong>&nbsp;(NB II)<strong style=\"font-style: inherit;\">\u2013Kecskem\u00e9ti TE<\/strong><br \/>\n<strong>Balassagyarmati V\u00e1rosi SE<\/strong>&nbsp;(NB III)\u2013<strong style=\"font-style: inherit;\">Vasas FC<\/strong><br \/>\n<strong style=\"font-style: inherit;\">Dorogi FC<\/strong>&nbsp;(NB II)<strong style=\"font-style: inherit;\">\u2013Budapest Honv\u00e9d<\/strong><br \/>\n<strong style=\"font-style: inherit;\">M\u00e1t\u00e9szalkai MTK<\/strong>&nbsp;(Szabolcs-Szatm\u00e1r-Bereg I.)<strong style=\"font-style: inherit;\">\u2013\u00dajpest FC<\/strong><\/p>\n<p><strong style=\"font-style: inherit;\">Tov\u00e1bbi p\u00e1ros\u00edt\u00e1sok:<\/strong><br \/>\n<strong>Di\u00f3sgy\u0151ri VTK<\/strong>&nbsp;(NB II)<strong style=\"font-style: inherit;\">\u2013Szeged-Csan\u00e1d Grosics Akad\u00e9mia<\/strong>&nbsp;(NB II)<br \/>\n<strong>HR-Rent Koz\u00e1rmisleny<\/strong>&nbsp;(NB II)<strong style=\"font-style: inherit;\">\u2013Kolorcity Kazincbarcika SC<\/strong>&nbsp;(NB II)<br \/>\n<strong style=\"font-style: inherit;\">ESMTK<\/strong>&nbsp;(NB III)\u2013<strong style=\"font-style: inherit;\">Soroks\u00e1r SC&nbsp;<\/strong>(NB II)<br \/>\n<strong style=\"font-style: inherit;\">Tiszaf\u00fcredi VSE<\/strong>&nbsp;(NB III)<strong style=\"font-style: inherit;\">\u2013BFC Si\u00f3fok<\/strong>&nbsp;(NB II)<br \/>\n<strong style=\"font-style: inherit;\">FC Ajka&nbsp;<\/strong>(NB II)\u2013<strong style=\"font-style: inherit;\">Szentl\u0151rinc<\/strong>&nbsp;(NB II)<br \/>\n<strong>F\u00fczesgyarmati SK<\/strong>&nbsp;(NB III)<strong style=\"font-style: inherit;\">\u2013Credobus Mosonmagyar\u00f3v\u00e1r&nbsp;<\/strong>(NB II)<br \/>\n<strong style=\"font-style: inherit;\">XV. Ker\u00fcleti Issimo SE<\/strong>&nbsp;(BLSZ I.)<strong style=\"font-style: inherit;\">\u2013MTK Budapest<\/strong>&nbsp;(NB II)<br \/>\n<strong style=\"font-style: inherit;\">Iv\u00e1ncsa KSE<\/strong>&nbsp;(NB III)<strong style=\"font-style: inherit;\">\u2013Gyirm\u00f3t FC Gy\u0151r&nbsp;<\/strong>(NB II)<br \/>\n<strong>Monostorp\u00e1lyi SE<\/strong>&nbsp;(Hajd\u00fa-Bihar I.)<strong style=\"font-style: inherit;\">\u2013Ny\u00edregyh\u00e1za Spartacus FC<\/strong>&nbsp;(NB II)<br \/>\n<strong style=\"font-style: inherit;\">P\u00e9csv\u00e1rad SE Prosport.hu<\/strong>&nbsp;(Baranya I.)<strong style=\"font-style: inherit;\">\u2013ETO FC Gy\u0151r<\/strong>&nbsp;(NB II)<br \/>\n<strong style=\"font-style: inherit;\">Putnok FC<\/strong>&nbsp;(NB III)<strong style=\"font-style: inherit;\">\u2013Szombathelyi Halad\u00e1s<\/strong>&nbsp;(NB II)<br \/>\n<strong style=\"font-style: inherit;\">B\u00f6lcske SE<\/strong>&nbsp;(Tolna I.)\u2013<strong style=\"font-style: inherit;\">Budafoki MTE<\/strong>&nbsp;(NB II)<br \/>\n<strong>Szegedi VSE Pizzamonster<\/strong>&nbsp;(Csongr\u00e1d-Csan\u00e1d I.)<strong style=\"font-style: inherit;\">\u2013B\u00e9k\u00e9scsaba 1912 El\u0151re<\/strong>&nbsp;(NB II)<br \/>\n<strong>J\u00e1szber\u00e9nyi FC&nbsp;<\/strong>(NB III)\u2013<strong style=\"font-style: inherit;\">Debreceni EAC&nbsp;<\/strong>(NB III)<br \/>\n<strong style=\"font-style: inherit;\">Balatonf\u00fcredi FC<\/strong>&nbsp;(NB III)<strong style=\"font-style: inherit;\">\u2013Kom\u00e1romi VSE<\/strong>&nbsp;(NB III)<br \/>\n<strong style=\"font-style: inherit;\">FC Nagykanizsa<\/strong>&nbsp;(NB III)\u2013<strong style=\"font-style: inherit;\">FC Hatvan<\/strong>&nbsp;(NB III)<br \/>\n<strong style=\"font-style: inherit;\">Zalaszentgr\u00f3ti VFC<\/strong>&nbsp;(Zala I.)<strong style=\"font-style: inherit;\">\u2013Monor&nbsp;<\/strong>(NB III)<br \/>\n<strong style=\"font-style: inherit;\">Nyerges\u00fajfalu SE&nbsp;<\/strong>(Kom\u00e1rom-Esztergom I.)<strong style=\"font-style: inherit;\">\u2013Szolnoki M\u00c1V FC<\/strong>&nbsp;(NB III)<br \/>\n<strong style=\"font-style: inherit;\">Mez\u0151\u00f6rs KSE<\/strong>&nbsp;(Gy\u0151r-Moson-Sopron II.)\u2013<strong style=\"font-style: inherit;\">BTE Fels\u0151zsolca<\/strong>&nbsp;(Borsod-Aba\u00faj-Zempl\u00e9n I.)<br \/>\n<strong style=\"font-style: inherit;\">Nagyat\u00e1di FC<\/strong>&nbsp;(Somogy I.)\u2013<strong style=\"font-style: inherit;\">Deszk SC<\/strong>&nbsp;(Csongr\u00e1d-Csan\u00e1d I.)<\/p>\n<p>A m\u00e9rk\u0151z\u00e9seket szeptember 17-\u00e9n \u00e9s 18-\u00e1n j\u00e1tssz\u00e1k le. A tov\u00e1bbjut\u00e1s egy m\u00e9rk\u0151z\u00e9sen d\u0151l el; ha 90 perc ut\u00e1n d\u00f6ntetlenre \u00e1llnak a csapatok, 2&#215;15 perces hosszabb\u00edt\u00e1s k\u00f6vetkezik; ha akkor sincs d\u00f6nt\u00e9s, a felek 11-eseket r\u00fagnak.<\/p>\n<p><strong>A p\u00e1lyav\u00e1laszt\u00e1sr\u00f3l<\/strong><br \/>\n\u2022 ha oszt\u00e1lyk\u00fcl\u00f6nbs\u00e9g van a csapatok k\u00f6z\u00f6tt, akkor az alacsonyabb oszt\u00e1ly\u00fa csapat a p\u00e1lyav\u00e1laszt\u00f3;<br \/>\n\u2022 ha azonos bajnoki oszt\u00e1lyban szerepelnek, akkor az a p\u00e1lyav\u00e1laszt\u00f3, amelyik a kor\u00e1bbi fordul\u00f3kban kevesebbszer j\u00e1tszott otthon;<br \/>\n\u2022 ha az el\u0151z\u0151 pontok alapj\u00e1n nem lehet d\u00f6nteni, akkor a sorsol\u00e1skor el\u0151bb kih\u00fazott csapat a p\u00e1lyav\u00e1laszt\u00f3.<\/p>\n<p><em>Forr\u00e1s: nemzetisport.hu<br \/>\nBor\u00edt\u00f3k\u00e9p: \u00c1rvai K\u00e1roly (nemzetisport.hu)<\/em><\/p>\n","protected":false},"excerpt":{"rendered":"<p>Augusztus 31-\u00e9n, szerd\u00e1n este az M4 Sport st\u00fadi\u00f3j\u00e1ban kisorsolt\u00e1k a labdar\u00fag\u00f3 MOL Magyar Kupa 3. fordul\u00f3j\u00e1nak p\u00e1ros\u00edt\u00e1s\u00e1t. A m\u00e9rk\u0151z\u00e9seket szeptember 17-\u00e9n \u00e9s 18-\u00e1n j\u00e1tssz\u00e1k le \u2013 \u00edrja a Nemzeti Sport. A 3. fordul\u00f3ban 64 csapat l\u00e9p p\u00e1ly\u00e1ra: az el\u0151z\u0151 k\u00f6rb\u0151l tov\u00e1bbjut\u00f3 20 NB III-as, 11 megyei I-es \u00e9s egy megyei II-es (Mez\u0151\u00f6rs) csapathoz itt csatlakozik<\/p>\n","protected":false},"author":1,"featured_media":0,"comment_status":"closed","ping_status":"closed","sticky":false,"template":"","format":"standard","meta":{"ngg_post_thumbnail":0,"footnotes":""},"categories":[2,3,1390,5],"tags":[15,37,70,69,72,71,140,6651,16],"class_list":{"0":"post-46135","1":"post","2":"type-post","3":"status-publish","4":"format-standard","6":"category-dorog","7":"category-hirek","8":"category-nyergesujfalu","9":"category-sport","10":"tag-dorog","11":"tag-dorogi-fc","12":"tag-foci","13":"tag-futball","14":"tag-labdarugas","15":"tag-magyar-kupa","16":"tag-nyergesujfalu","17":"tag-nyergesujfalu-se","18":"tag-sport"},"yoast_head":"<!-- This site is optimized with the Yoast SEO plugin v27.5 - https:\/\/yoast.com\/product\/yoast-seo-wordpress\/ -->\n<title>Magyar Kupa: Dorogra a Honv\u00e9d, Nyerges\u00fajfalura a Szolnok \u00e9rkezik<\/title>\n<meta name=\"robots\" content=\"index, follow, max-snippet:-1, max-image-preview:large, max-video-preview:-1\" \/>\n<link rel=\"canonical\" href=\"https:\/\/dorogimedence.hu\/index.php\/2022\/09\/01\/magyar-kupa-dorogra-a-honved-nyergesujfalura-a-szolnok-erkezik\/\" class=\"yoast-seo-meta-tag\" \/>\n<meta property=\"og:locale\" content=\"hu_HU\" class=\"yoast-seo-meta-tag\" \/>\n<meta property=\"og:type\" content=\"article\" class=\"yoast-seo-meta-tag\" \/>\n<meta property=\"og:title\" content=\"Magyar Kupa: Dorogra a Honv\u00e9d, Nyerges\u00fajfalura a Szolnok \u00e9rkezik\" class=\"yoast-seo-meta-tag\" \/>\n<meta property=\"og:description\" content=\"Augusztus 31-\u00e9n, szerd\u00e1n este az M4 Sport st\u00fadi\u00f3j\u00e1ban kisorsolt\u00e1k a labdar\u00fag\u00f3 MOL Magyar Kupa 3. fordul\u00f3j\u00e1nak p\u00e1ros\u00edt\u00e1s\u00e1t. A m\u00e9rk\u0151z\u00e9seket szeptember 17-\u00e9n \u00e9s 18-\u00e1n j\u00e1tssz\u00e1k le \u2013 \u00edrja a Nemzeti Sport. A 3. fordul\u00f3ban 64 csapat l\u00e9p p\u00e1ly\u00e1ra: az el\u0151z\u0151 k\u00f6rb\u0151l tov\u00e1bbjut\u00f3 20 NB III-as, 11 megyei I-es \u00e9s egy megyei II-es (Mez\u0151\u00f6rs) csapathoz itt csatlakozik\" class=\"yoast-seo-meta-tag\" \/>\n<meta property=\"og:url\" content=\"https:\/\/dorogimedence.hu\/index.php\/2022\/09\/01\/magyar-kupa-dorogra-a-honved-nyergesujfalura-a-szolnok-erkezik\/\" class=\"yoast-seo-meta-tag\" \/>\n<meta property=\"og:site_name\" content=\"Dorogi-medence Region\u00e1lis H\u00edrport\u00e1l\" class=\"yoast-seo-meta-tag\" \/>\n<meta property=\"article:publisher\" content=\"https:\/\/www.facebook.com\/dorogimedence\/\" class=\"yoast-seo-meta-tag\" \/>\n<meta property=\"article:published_time\" content=\"2022-09-01T09:45:37+00:00\" class=\"yoast-seo-meta-tag\" \/>\n<meta property=\"article:modified_time\" content=\"2022-09-01T09:46:03+00:00\" class=\"yoast-seo-meta-tag\" \/>\n<meta property=\"og:image\" content=\"https:\/\/i0.wp.com\/dorogimedence.hu\/wp-content\/uploads\/2022\/09\/magyar-kupa.jpg?fit=960%2C536&ssl=1\" class=\"yoast-seo-meta-tag\" \/>\n\t<meta property=\"og:image:width\" content=\"960\" class=\"yoast-seo-meta-tag\" \/>\n\t<meta property=\"og:image:height\" content=\"536\" class=\"yoast-seo-meta-tag\" \/>\n\t<meta property=\"og:image:type\" content=\"image\/jpeg\" class=\"yoast-seo-meta-tag\" \/>\n<meta name=\"author\" content=\"dorogimedence.hu\" class=\"yoast-seo-meta-tag\" \/>\n<meta name=\"twitter:card\" content=\"summary_large_image\" class=\"yoast-seo-meta-tag\" \/>\n<meta name=\"twitter:label1\" content=\"Szerz\u0151:\" class=\"yoast-seo-meta-tag\" \/>\n\t<meta name=\"twitter:data1\" content=\"dorogimedence.hu\" class=\"yoast-seo-meta-tag\" \/>\n\t<meta name=\"twitter:label2\" content=\"Becs\u00fclt olvas\u00e1si id\u0151\" class=\"yoast-seo-meta-tag\" \/>\n\t<meta name=\"twitter:data2\" content=\"3 perc\" class=\"yoast-seo-meta-tag\" \/>\n<script type=\"application\/ld+json\" class=\"yoast-schema-graph\">{\"@context\":\"https:\\\/\\\/schema.org\",\"@graph\":[{\"@type\":\"Article\",\"@id\":\"https:\\\/\\\/dorogimedence.hu\\\/index.php\\\/2022\\\/09\\\/01\\\/magyar-kupa-dorogra-a-honved-nyergesujfalura-a-szolnok-erkezik\\\/#article\",\"isPartOf\":{\"@id\":\"https:\\\/\\\/dorogimedence.hu\\\/index.php\\\/2022\\\/09\\\/01\\\/magyar-kupa-dorogra-a-honved-nyergesujfalura-a-szolnok-erkezik\\\/\"},\"author\":{\"name\":\"dorogimedence.hu\",\"@id\":\"https:\\\/\\\/dorogimedence.hu\\\/#\\\/schema\\\/person\\\/ce6091eeb7e95ecdc87890d6aa8e0fd4\"},\"headline\":\"Magyar Kupa: Dorogra a Honv\u00e9d, Nyerges\u00fajfalura a Szolnok \u00e9rkezik\",\"datePublished\":\"2022-09-01T09:45:37+00:00\",\"dateModified\":\"2022-09-01T09:46:03+00:00\",\"mainEntityOfPage\":{\"@id\":\"https:\\\/\\\/dorogimedence.hu\\\/index.php\\\/2022\\\/09\\\/01\\\/magyar-kupa-dorogra-a-honved-nyergesujfalura-a-szolnok-erkezik\\\/\"},\"wordCount\":682,\"publisher\":{\"@id\":\"https:\\\/\\\/dorogimedence.hu\\\/#organization\"},\"keywords\":[\"Dorog\",\"Dorogi FC\",\"foci\",\"futball\",\"labdar\u00fag\u00e1s\",\"Magyar Kupa\",\"Nyerges\u00fajfalu\",\"Nyerges\u00fajfalu SE\",\"sport\"],\"articleSection\":[\"Dorog\",\"H\u00edrek\",\"Nyerges\u00fajfalu\",\"Sport\"],\"inLanguage\":\"hu\"},{\"@type\":\"WebPage\",\"@id\":\"https:\\\/\\\/dorogimedence.hu\\\/index.php\\\/2022\\\/09\\\/01\\\/magyar-kupa-dorogra-a-honved-nyergesujfalura-a-szolnok-erkezik\\\/\",\"url\":\"https:\\\/\\\/dorogimedence.hu\\\/index.php\\\/2022\\\/09\\\/01\\\/magyar-kupa-dorogra-a-honved-nyergesujfalura-a-szolnok-erkezik\\\/\",\"name\":\"Magyar Kupa: Dorogra a Honv\u00e9d, Nyerges\u00fajfalura a Szolnok \u00e9rkezik\",\"isPartOf\":{\"@id\":\"https:\\\/\\\/dorogimedence.hu\\\/#website\"},\"datePublished\":\"2022-09-01T09:45:37+00:00\",\"dateModified\":\"2022-09-01T09:46:03+00:00\",\"breadcrumb\":{\"@id\":\"https:\\\/\\\/dorogimedence.hu\\\/index.php\\\/2022\\\/09\\\/01\\\/magyar-kupa-dorogra-a-honved-nyergesujfalura-a-szolnok-erkezik\\\/#breadcrumb\"},\"inLanguage\":\"hu\",\"potentialAction\":[{\"@type\":\"ReadAction\",\"target\":[\"https:\\\/\\\/dorogimedence.hu\\\/index.php\\\/2022\\\/09\\\/01\\\/magyar-kupa-dorogra-a-honved-nyergesujfalura-a-szolnok-erkezik\\\/\"]}]},{\"@type\":\"BreadcrumbList\",\"@id\":\"https:\\\/\\\/dorogimedence.hu\\\/index.php\\\/2022\\\/09\\\/01\\\/magyar-kupa-dorogra-a-honved-nyergesujfalura-a-szolnok-erkezik\\\/#breadcrumb\",\"itemListElement\":[{\"@type\":\"ListItem\",\"position\":1,\"name\":\"Kezd\u0151lap\",\"item\":\"https:\\\/\\\/dorogimedence.hu\\\/\"},{\"@type\":\"ListItem\",\"position\":2,\"name\":\"Magyar Kupa: Dorogra a Honv\u00e9d, Nyerges\u00fajfalura a Szolnok \u00e9rkezik\"}]},{\"@type\":\"WebSite\",\"@id\":\"https:\\\/\\\/dorogimedence.hu\\\/#website\",\"url\":\"https:\\\/\\\/dorogimedence.hu\\\/\",\"name\":\"Dorogi-medence Region\u00e1lis H\u00edrport\u00e1l\",\"description\":\"Dorog, Keszt\u00f6lc, Le\u00e1nyv\u00e1r, Piliscs\u00e9v, Tokod, Tokodalt\u00e1r\u00f3, Csolnok, Esztergom-kertv\u00e1ros: h\u00edrek, programok\",\"publisher\":{\"@id\":\"https:\\\/\\\/dorogimedence.hu\\\/#organization\"},\"potentialAction\":[{\"@type\":\"SearchAction\",\"target\":{\"@type\":\"EntryPoint\",\"urlTemplate\":\"https:\\\/\\\/dorogimedence.hu\\\/?s={search_term_string}\"},\"query-input\":{\"@type\":\"PropertyValueSpecification\",\"valueRequired\":true,\"valueName\":\"search_term_string\"}}],\"inLanguage\":\"hu\"},{\"@type\":\"Organization\",\"@id\":\"https:\\\/\\\/dorogimedence.hu\\\/#organization\",\"name\":\"Dorogi-medence Region\u00e1lis H\u00edrport\u00e1l\",\"url\":\"https:\\\/\\\/dorogimedence.hu\\\/\",\"logo\":{\"@type\":\"ImageObject\",\"inLanguage\":\"hu\",\"@id\":\"https:\\\/\\\/dorogimedence.hu\\\/#\\\/schema\\\/logo\\\/image\\\/\",\"url\":\"https:\\\/\\\/dorogimedence.hu\\\/wp-content\\\/uploads\\\/2021\\\/04\\\/logo-feher-600.png\",\"contentUrl\":\"https:\\\/\\\/dorogimedence.hu\\\/wp-content\\\/uploads\\\/2021\\\/04\\\/logo-feher-600.png\",\"width\":600,\"height\":100,\"caption\":\"Dorogi-medence Region\u00e1lis H\u00edrport\u00e1l\"},\"image\":{\"@id\":\"https:\\\/\\\/dorogimedence.hu\\\/#\\\/schema\\\/logo\\\/image\\\/\"},\"sameAs\":[\"https:\\\/\\\/www.facebook.com\\\/dorogimedence\\\/\"]},{\"@type\":\"Person\",\"@id\":\"https:\\\/\\\/dorogimedence.hu\\\/#\\\/schema\\\/person\\\/ce6091eeb7e95ecdc87890d6aa8e0fd4\",\"name\":\"dorogimedence.hu\",\"image\":{\"@type\":\"ImageObject\",\"inLanguage\":\"hu\",\"@id\":\"\\\/\\\/www.gravatar.com\\\/avatar\\\/d8d45f8901aadff40a4af72c0b826f1d?s=96&#038;r=g&#038;d=mm\",\"url\":\"\\\/\\\/www.gravatar.com\\\/avatar\\\/d8d45f8901aadff40a4af72c0b826f1d?s=96&#038;r=g&#038;d=mm\",\"contentUrl\":\"\\\/\\\/www.gravatar.com\\\/avatar\\\/d8d45f8901aadff40a4af72c0b826f1d?s=96&#038;r=g&#038;d=mm\",\"caption\":\"dorogimedence.hu\"}}]}<\/script>\n<!-- \/ Yoast SEO plugin. -->","yoast_head_json":{"title":"Magyar Kupa: Dorogra a Honv\u00e9d, Nyerges\u00fajfalura a Szolnok \u00e9rkezik","robots":{"index":"index","follow":"follow","max-snippet":"max-snippet:-1","max-image-preview":"max-image-preview:large","max-video-preview":"max-video-preview:-1"},"canonical":"https:\/\/dorogimedence.hu\/index.php\/2022\/09\/01\/magyar-kupa-dorogra-a-honved-nyergesujfalura-a-szolnok-erkezik\/","og_locale":"hu_HU","og_type":"article","og_title":"Magyar Kupa: Dorogra a Honv\u00e9d, Nyerges\u00fajfalura a Szolnok \u00e9rkezik","og_description":"Augusztus 31-\u00e9n, szerd\u00e1n este az M4 Sport st\u00fadi\u00f3j\u00e1ban kisorsolt\u00e1k a labdar\u00fag\u00f3 MOL Magyar Kupa 3. fordul\u00f3j\u00e1nak p\u00e1ros\u00edt\u00e1s\u00e1t. A m\u00e9rk\u0151z\u00e9seket szeptember 17-\u00e9n \u00e9s 18-\u00e1n j\u00e1tssz\u00e1k le \u2013 \u00edrja a Nemzeti Sport. A 3. fordul\u00f3ban 64 csapat l\u00e9p p\u00e1ly\u00e1ra: az el\u0151z\u0151 k\u00f6rb\u0151l tov\u00e1bbjut\u00f3 20 NB III-as, 11 megyei I-es \u00e9s egy megyei II-es (Mez\u0151\u00f6rs) csapathoz itt csatlakozik","og_url":"https:\/\/dorogimedence.hu\/index.php\/2022\/09\/01\/magyar-kupa-dorogra-a-honved-nyergesujfalura-a-szolnok-erkezik\/","og_site_name":"Dorogi-medence Region\u00e1lis H\u00edrport\u00e1l","article_publisher":"https:\/\/www.facebook.com\/dorogimedence\/","article_published_time":"2022-09-01T09:45:37+00:00","article_modified_time":"2022-09-01T09:46:03+00:00","og_image":[{"width":960,"height":536,"url":"https:\/\/i0.wp.com\/dorogimedence.hu\/wp-content\/uploads\/2022\/09\/magyar-kupa.jpg?fit=960%2C536&ssl=1","type":"image\/jpeg"}],"author":"dorogimedence.hu","twitter_card":"summary_large_image","twitter_misc":{"Szerz\u0151:":"dorogimedence.hu","Becs\u00fclt olvas\u00e1si id\u0151":"3 perc"},"schema":{"@context":"https:\/\/schema.org","@graph":[{"@type":"Article","@id":"https:\/\/dorogimedence.hu\/index.php\/2022\/09\/01\/magyar-kupa-dorogra-a-honved-nyergesujfalura-a-szolnok-erkezik\/#article","isPartOf":{"@id":"https:\/\/dorogimedence.hu\/index.php\/2022\/09\/01\/magyar-kupa-dorogra-a-honved-nyergesujfalura-a-szolnok-erkezik\/"},"author":{"name":"dorogimedence.hu","@id":"https:\/\/dorogimedence.hu\/#\/schema\/person\/ce6091eeb7e95ecdc87890d6aa8e0fd4"},"headline":"Magyar Kupa: Dorogra a Honv\u00e9d, Nyerges\u00fajfalura a Szolnok \u00e9rkezik","datePublished":"2022-09-01T09:45:37+00:00","dateModified":"2022-09-01T09:46:03+00:00","mainEntityOfPage":{"@id":"https:\/\/dorogimedence.hu\/index.php\/2022\/09\/01\/magyar-kupa-dorogra-a-honved-nyergesujfalura-a-szolnok-erkezik\/"},"wordCount":682,"publisher":{"@id":"https:\/\/dorogimedence.hu\/#organization"},"keywords":["Dorog","Dorogi FC","foci","futball","labdar\u00fag\u00e1s","Magyar Kupa","Nyerges\u00fajfalu","Nyerges\u00fajfalu SE","sport"],"articleSection":["Dorog","H\u00edrek","Nyerges\u00fajfalu","Sport"],"inLanguage":"hu"},{"@type":"WebPage","@id":"https:\/\/dorogimedence.hu\/index.php\/2022\/09\/01\/magyar-kupa-dorogra-a-honved-nyergesujfalura-a-szolnok-erkezik\/","url":"https:\/\/dorogimedence.hu\/index.php\/2022\/09\/01\/magyar-kupa-dorogra-a-honved-nyergesujfalura-a-szolnok-erkezik\/","name":"Magyar Kupa: Dorogra a Honv\u00e9d, Nyerges\u00fajfalura a Szolnok \u00e9rkezik","isPartOf":{"@id":"https:\/\/dorogimedence.hu\/#website"},"datePublished":"2022-09-01T09:45:37+00:00","dateModified":"2022-09-01T09:46:03+00:00","breadcrumb":{"@id":"https:\/\/dorogimedence.hu\/index.php\/2022\/09\/01\/magyar-kupa-dorogra-a-honved-nyergesujfalura-a-szolnok-erkezik\/#breadcrumb"},"inLanguage":"hu","potentialAction":[{"@type":"ReadAction","target":["https:\/\/dorogimedence.hu\/index.php\/2022\/09\/01\/magyar-kupa-dorogra-a-honved-nyergesujfalura-a-szolnok-erkezik\/"]}]},{"@type":"BreadcrumbList","@id":"https:\/\/dorogimedence.hu\/index.php\/2022\/09\/01\/magyar-kupa-dorogra-a-honved-nyergesujfalura-a-szolnok-erkezik\/#breadcrumb","itemListElement":[{"@type":"ListItem","position":1,"name":"Kezd\u0151lap","item":"https:\/\/dorogimedence.hu\/"},{"@type":"ListItem","position":2,"name":"Magyar Kupa: Dorogra a Honv\u00e9d, Nyerges\u00fajfalura a Szolnok \u00e9rkezik"}]},{"@type":"WebSite","@id":"https:\/\/dorogimedence.hu\/#website","url":"https:\/\/dorogimedence.hu\/","name":"Dorogi-medence Region\u00e1lis H\u00edrport\u00e1l","description":"Dorog, Keszt\u00f6lc, Le\u00e1nyv\u00e1r, Piliscs\u00e9v, Tokod, Tokodalt\u00e1r\u00f3, Csolnok, Esztergom-kertv\u00e1ros: h\u00edrek, programok","publisher":{"@id":"https:\/\/dorogimedence.hu\/#organization"},"potentialAction":[{"@type":"SearchAction","target":{"@type":"EntryPoint","urlTemplate":"https:\/\/dorogimedence.hu\/?s={search_term_string}"},"query-input":{"@type":"PropertyValueSpecification","valueRequired":true,"valueName":"search_term_string"}}],"inLanguage":"hu"},{"@type":"Organization","@id":"https:\/\/dorogimedence.hu\/#organization","name":"Dorogi-medence Region\u00e1lis H\u00edrport\u00e1l","url":"https:\/\/dorogimedence.hu\/","logo":{"@type":"ImageObject","inLanguage":"hu","@id":"https:\/\/dorogimedence.hu\/#\/schema\/logo\/image\/","url":"https:\/\/dorogimedence.hu\/wp-content\/uploads\/2021\/04\/logo-feher-600.png","contentUrl":"https:\/\/dorogimedence.hu\/wp-content\/uploads\/2021\/04\/logo-feher-600.png","width":600,"height":100,"caption":"Dorogi-medence Region\u00e1lis H\u00edrport\u00e1l"},"image":{"@id":"https:\/\/dorogimedence.hu\/#\/schema\/logo\/image\/"},"sameAs":["https:\/\/www.facebook.com\/dorogimedence\/"]},{"@type":"Person","@id":"https:\/\/dorogimedence.hu\/#\/schema\/person\/ce6091eeb7e95ecdc87890d6aa8e0fd4","name":"dorogimedence.hu","image":{"@type":"ImageObject","inLanguage":"hu","@id":"\/\/www.gravatar.com\/avatar\/d8d45f8901aadff40a4af72c0b826f1d?s=96&#038;r=g&#038;d=mm","url":"\/\/www.gravatar.com\/avatar\/d8d45f8901aadff40a4af72c0b826f1d?s=96&#038;r=g&#038;d=mm","contentUrl":"\/\/www.gravatar.com\/avatar\/d8d45f8901aadff40a4af72c0b826f1d?s=96&#038;r=g&#038;d=mm","caption":"dorogimedence.hu"}}]}},"_links":{"self":[{"href":"https:\/\/dorogimedence.hu\/index.php\/wp-json\/wp\/v2\/posts\/46135","targetHints":{"allow":["GET"]}}],"collection":[{"href":"https:\/\/dorogimedence.hu\/index.php\/wp-json\/wp\/v2\/posts"}],"about":[{"href":"https:\/\/dorogimedence.hu\/index.php\/wp-json\/wp\/v2\/types\/post"}],"author":[{"embeddable":true,"href":"https:\/\/dorogimedence.hu\/index.php\/wp-json\/wp\/v2\/users\/1"}],"replies":[{"embeddable":true,"href":"https:\/\/dorogimedence.hu\/index.php\/wp-json\/wp\/v2\/comments?post=46135"}],"version-history":[{"count":0,"href":"https:\/\/dorogimedence.hu\/index.php\/wp-json\/wp\/v2\/posts\/46135\/revisions"}],"wp:attachment":[{"href":"https:\/\/dorogimedence.hu\/index.php\/wp-json\/wp\/v2\/media?parent=46135"}],"wp:term":[{"taxonomy":"category","embeddable":true,"href":"https:\/\/dorogimedence.hu\/index.php\/wp-json\/wp\/v2\/categories?post=46135"},{"taxonomy":"post_tag","embeddable":true,"href":"https:\/\/dorogimedence.hu\/index.php\/wp-json\/wp\/v2\/tags?post=46135"}],"curies":[{"name":"wp","href":"https:\/\/api.w.org\/{rel}","templated":true}]}}