{"id":46118,"date":"2022-09-01T09:55:55","date_gmt":"2022-09-01T07:55:55","guid":{"rendered":"https:\/\/dorogimedence.hu\/?p=46118"},"modified":"2022-09-01T09:56:13","modified_gmt":"2022-09-01T07:56:13","slug":"harom-autot-is-osszetort-reszegen","status":"publish","type":"post","link":"https:\/\/dorogimedence.hu\/index.php\/2022\/09\/01\/harom-autot-is-osszetort-reszegen\/","title":{"rendered":"H\u00e1rom aut\u00f3t is \u00f6sszet\u00f6rt r\u00e9szegen"},"content":{"rendered":"<p><strong>M\u00e1sf\u00e9l \u00e9vre eltiltott\u00e1k a vezet\u00e9st\u0151l, illetve p\u00e9nzb\u00fcntet\u00e9st szabtak ki azzal a f\u00e9rfival szemben, aki ittasan vezetve h\u00e1rom g\u00e9pkocsit t\u00f6rt \u00f6ssze Nyerges\u00fajfaluban.<\/strong><\/p>\n<p>A v\u00e1dirat szerint a b\u00fcntetlen f\u00e9rfi 2022. m\u00e1jus 9-\u00e9n Nyerges\u00fajfalun k\u00f6zepes fokban ittas \u00e1llapotban vezette a szem\u00e9lyg\u00e9pkocsit. A f\u00e9rfi a halad\u00e1sa sor\u00e1n \u2013 k\u00f6zepes fok\u00fa \u2013 ittass\u00e1ga miatt a j\u00e1rm\u0171ve sebess\u00e9g\u00e9t nem az \u00fat vonalvezet\u00e9s\u00e9nek megfelel\u0151en v\u00e1lasztotta meg, ez\u00e9rt az \u00fattestr\u0151l jobb oldalon lehaladt, amely ut\u00e1n \u2013 egym\u00e1st k\u00f6vet\u0151en \u2013 h\u00e1rom k\u00fcl\u00f6nb\u00f6z\u0151 szem\u00e9lyg\u00e9pkocsinak \u00fctk\u00f6z\u00f6tt. Mindezeket k\u00f6vet\u0151en az elk\u00f6vet\u0151 adatai h\u00e1trahagy\u00e1sa n\u00e9lk\u00fcl elhagyta a helysz\u00ednt, \u0151t a rend\u0151r\u00f6k lak\u00f3hely\u00e9n vont\u00e1k int\u00e9zked\u00e9s al\u00e1.<\/p>\n<p><img fetchpriority=\"high\" decoding=\"async\" class=\"alignnone size-large wp-image-46120\" src=\"https:\/\/dorogimedence.hu\/wp-content\/uploads\/2022\/09\/baleset-02-1024x626.jpg\" alt=\"\" width=\"755\" height=\"462\" srcset=\"https:\/\/dorogimedence.hu\/wp-content\/uploads\/2022\/09\/baleset-02-1024x626.jpg 1024w, https:\/\/dorogimedence.hu\/wp-content\/uploads\/2022\/09\/baleset-02-300x183.jpg 300w, https:\/\/dorogimedence.hu\/wp-content\/uploads\/2022\/09\/baleset-02-768x469.jpg 768w, https:\/\/dorogimedence.hu\/wp-content\/uploads\/2022\/09\/baleset-02-150x92.jpg 150w, https:\/\/dorogimedence.hu\/wp-content\/uploads\/2022\/09\/baleset-02-450x275.jpg 450w, https:\/\/dorogimedence.hu\/wp-content\/uploads\/2022\/09\/baleset-02-1200x733.jpg 1200w, https:\/\/dorogimedence.hu\/wp-content\/uploads\/2022\/09\/baleset-02.jpg 1411w\" sizes=\"(max-width: 755px) 100vw, 755px\" \/><\/p>\n<p>Az ittas j\u00e1rm\u0171vezet\u00e9s v\u00e9ts\u00e9ge miatt indult \u00fcgyben az Esztergomi J\u00e1r\u00e1si \u00dcgy\u00e9szs\u00e9g v\u00e1dirata alapj\u00e1n az Esztergomi J\u00e1r\u00e1sb\u00edr\u00f3s\u00e1g 400.000 forint p\u00e9nzb\u00fcntet\u00e9st \u00e9s 1 \u00e9v 6 h\u00f3nap k\u00f6z\u00fati j\u00e1rm\u0171vezet\u00e9st\u0151l eltilt\u00e1s b\u00fcntet\u00e9st szabott ki a f\u00e9rfival szemben. A b\u00fcntet\u0151v\u00e9gz\u00e9s joger\u0151s, azt az \u00fcgy\u00e9sz is tudom\u00e1sul vette.<\/p>\n<p><img decoding=\"async\" class=\"alignnone size-large wp-image-46121\" src=\"https:\/\/dorogimedence.hu\/wp-content\/uploads\/2022\/09\/baleset-03-1024x602.jpg\" alt=\"\" width=\"755\" height=\"444\" srcset=\"https:\/\/dorogimedence.hu\/wp-content\/uploads\/2022\/09\/baleset-03-1024x602.jpg 1024w, https:\/\/dorogimedence.hu\/wp-content\/uploads\/2022\/09\/baleset-03-300x176.jpg 300w, https:\/\/dorogimedence.hu\/wp-content\/uploads\/2022\/09\/baleset-03-768x451.jpg 768w, https:\/\/dorogimedence.hu\/wp-content\/uploads\/2022\/09\/baleset-03-150x88.jpg 150w, https:\/\/dorogimedence.hu\/wp-content\/uploads\/2022\/09\/baleset-03-450x264.jpg 450w, https:\/\/dorogimedence.hu\/wp-content\/uploads\/2022\/09\/baleset-03-1200x705.jpg 1200w, https:\/\/dorogimedence.hu\/wp-content\/uploads\/2022\/09\/baleset-03.jpg 1407w\" sizes=\"(max-width: 755px) 100vw, 755px\" \/><\/p>\n<p><em>Fot\u00f3k, forr\u00e1s: Kom\u00e1rom-Esztergom Megyei F\u0151\u00fcgy\u00e9szs\u00e9g<\/em><\/p>\n","protected":false},"excerpt":{"rendered":"<p>M\u00e1sf\u00e9l \u00e9vre eltiltott\u00e1k a vezet\u00e9st\u0151l, illetve p\u00e9nzb\u00fcntet\u00e9st szabtak ki azzal a f\u00e9rfival szemben, aki ittasan vezetve h\u00e1rom g\u00e9pkocsit t\u00f6rt \u00f6ssze Nyerges\u00fajfaluban. A v\u00e1dirat szerint a b\u00fcntetlen f\u00e9rfi 2022. m\u00e1jus 9-\u00e9n Nyerges\u00fajfalun k\u00f6zepes fokban ittas \u00e1llapotban vezette a szem\u00e9lyg\u00e9pkocsit. A f\u00e9rfi a halad\u00e1sa sor\u00e1n \u2013 k\u00f6zepes fok\u00fa \u2013 ittass\u00e1ga miatt a j\u00e1rm\u0171ve sebess\u00e9g\u00e9t nem az \u00fat<\/p>\n","protected":false},"author":1,"featured_media":46119,"comment_status":"closed","ping_status":"closed","sticky":false,"template":"","format":"standard","meta":{"ngg_post_thumbnail":0,"footnotes":""},"categories":[3,39,1390],"tags":[45,44,164,140,61],"class_list":{"0":"post-46118","1":"post","2":"type-post","3":"status-publish","4":"format-standard","5":"has-post-thumbnail","7":"category-hirek","8":"category-kek-hirek","9":"category-nyergesujfalu","10":"tag-autobaleset","11":"tag-baleset","12":"tag-ittas-vezetes","13":"tag-nyergesujfalu","14":"tag-rendorsegi-hirek"},"yoast_head":"<!-- This site is optimized with the Yoast SEO plugin v27.5 - https:\/\/yoast.com\/product\/yoast-seo-wordpress\/ -->\n<title>H\u00e1rom aut\u00f3t is \u00f6sszet\u00f6rt r\u00e9szegen<\/title>\n<meta name=\"robots\" content=\"index, follow, max-snippet:-1, max-image-preview:large, max-video-preview:-1\" \/>\n<link rel=\"canonical\" href=\"https:\/\/dorogimedence.hu\/index.php\/2022\/09\/01\/harom-autot-is-osszetort-reszegen\/\" class=\"yoast-seo-meta-tag\" \/>\n<meta property=\"og:locale\" content=\"hu_HU\" class=\"yoast-seo-meta-tag\" \/>\n<meta property=\"og:type\" content=\"article\" class=\"yoast-seo-meta-tag\" \/>\n<meta property=\"og:title\" content=\"H\u00e1rom aut\u00f3t is \u00f6sszet\u00f6rt r\u00e9szegen\" class=\"yoast-seo-meta-tag\" \/>\n<meta property=\"og:description\" content=\"M\u00e1sf\u00e9l \u00e9vre eltiltott\u00e1k a vezet\u00e9st\u0151l, illetve p\u00e9nzb\u00fcntet\u00e9st szabtak ki azzal a f\u00e9rfival szemben, aki ittasan vezetve h\u00e1rom g\u00e9pkocsit t\u00f6rt \u00f6ssze Nyerges\u00fajfaluban. A v\u00e1dirat szerint a b\u00fcntetlen f\u00e9rfi 2022. m\u00e1jus 9-\u00e9n Nyerges\u00fajfalun k\u00f6zepes fokban ittas \u00e1llapotban vezette a szem\u00e9lyg\u00e9pkocsit. A f\u00e9rfi a halad\u00e1sa sor\u00e1n \u2013 k\u00f6zepes fok\u00fa \u2013 ittass\u00e1ga miatt a j\u00e1rm\u0171ve sebess\u00e9g\u00e9t nem az \u00fat\" class=\"yoast-seo-meta-tag\" \/>\n<meta property=\"og:url\" content=\"https:\/\/dorogimedence.hu\/index.php\/2022\/09\/01\/harom-autot-is-osszetort-reszegen\/\" class=\"yoast-seo-meta-tag\" \/>\n<meta property=\"og:site_name\" content=\"Dorogi-medence Region\u00e1lis H\u00edrport\u00e1l\" class=\"yoast-seo-meta-tag\" \/>\n<meta property=\"article:publisher\" content=\"https:\/\/www.facebook.com\/dorogimedence\/\" class=\"yoast-seo-meta-tag\" \/>\n<meta property=\"article:published_time\" content=\"2022-09-01T07:55:55+00:00\" class=\"yoast-seo-meta-tag\" \/>\n<meta property=\"article:modified_time\" content=\"2022-09-01T07:56:13+00:00\" class=\"yoast-seo-meta-tag\" \/>\n<meta property=\"og:image\" content=\"https:\/\/i0.wp.com\/dorogimedence.hu\/wp-content\/uploads\/2022\/09\/baleset-01.jpg?fit=1403%2C808&ssl=1\" class=\"yoast-seo-meta-tag\" \/>\n\t<meta property=\"og:image:width\" content=\"1403\" class=\"yoast-seo-meta-tag\" \/>\n\t<meta property=\"og:image:height\" content=\"808\" class=\"yoast-seo-meta-tag\" \/>\n\t<meta property=\"og:image:type\" content=\"image\/jpeg\" class=\"yoast-seo-meta-tag\" \/>\n<meta name=\"author\" content=\"dorogimedence.hu\" class=\"yoast-seo-meta-tag\" \/>\n<meta name=\"twitter:card\" content=\"summary_large_image\" class=\"yoast-seo-meta-tag\" \/>\n<meta name=\"twitter:label1\" content=\"Szerz\u0151:\" class=\"yoast-seo-meta-tag\" \/>\n\t<meta name=\"twitter:data1\" content=\"dorogimedence.hu\" class=\"yoast-seo-meta-tag\" \/>\n\t<meta name=\"twitter:label2\" content=\"Becs\u00fclt olvas\u00e1si id\u0151\" class=\"yoast-seo-meta-tag\" \/>\n\t<meta name=\"twitter:data2\" content=\"1 perc\" class=\"yoast-seo-meta-tag\" \/>\n<script type=\"application\/ld+json\" class=\"yoast-schema-graph\">{\"@context\":\"https:\\\/\\\/schema.org\",\"@graph\":[{\"@type\":\"Article\",\"@id\":\"https:\\\/\\\/dorogimedence.hu\\\/index.php\\\/2022\\\/09\\\/01\\\/harom-autot-is-osszetort-reszegen\\\/#article\",\"isPartOf\":{\"@id\":\"https:\\\/\\\/dorogimedence.hu\\\/index.php\\\/2022\\\/09\\\/01\\\/harom-autot-is-osszetort-reszegen\\\/\"},\"author\":{\"name\":\"dorogimedence.hu\",\"@id\":\"https:\\\/\\\/dorogimedence.hu\\\/#\\\/schema\\\/person\\\/ce6091eeb7e95ecdc87890d6aa8e0fd4\"},\"headline\":\"H\u00e1rom aut\u00f3t is \u00f6sszet\u00f6rt r\u00e9szegen\",\"datePublished\":\"2022-09-01T07:55:55+00:00\",\"dateModified\":\"2022-09-01T07:56:13+00:00\",\"mainEntityOfPage\":{\"@id\":\"https:\\\/\\\/dorogimedence.hu\\\/index.php\\\/2022\\\/09\\\/01\\\/harom-autot-is-osszetort-reszegen\\\/\"},\"wordCount\":247,\"publisher\":{\"@id\":\"https:\\\/\\\/dorogimedence.hu\\\/#organization\"},\"image\":{\"@id\":\"https:\\\/\\\/dorogimedence.hu\\\/index.php\\\/2022\\\/09\\\/01\\\/harom-autot-is-osszetort-reszegen\\\/#primaryimage\"},\"thumbnailUrl\":\"https:\\\/\\\/dorogimedence.hu\\\/wp-content\\\/uploads\\\/2022\\\/09\\\/baleset-01.jpg\",\"keywords\":[\"aut\u00f3baleset\",\"baleset\",\"ittas vezet\u00e9s\",\"Nyerges\u00fajfalu\",\"rend\u0151rs\u00e9gi h\u00edrek\"],\"articleSection\":[\"H\u00edrek\",\"K\u00e9k h\u00edrek\",\"Nyerges\u00fajfalu\"],\"inLanguage\":\"hu\"},{\"@type\":\"WebPage\",\"@id\":\"https:\\\/\\\/dorogimedence.hu\\\/index.php\\\/2022\\\/09\\\/01\\\/harom-autot-is-osszetort-reszegen\\\/\",\"url\":\"https:\\\/\\\/dorogimedence.hu\\\/index.php\\\/2022\\\/09\\\/01\\\/harom-autot-is-osszetort-reszegen\\\/\",\"name\":\"H\u00e1rom aut\u00f3t is \u00f6sszet\u00f6rt r\u00e9szegen\",\"isPartOf\":{\"@id\":\"https:\\\/\\\/dorogimedence.hu\\\/#website\"},\"primaryImageOfPage\":{\"@id\":\"https:\\\/\\\/dorogimedence.hu\\\/index.php\\\/2022\\\/09\\\/01\\\/harom-autot-is-osszetort-reszegen\\\/#primaryimage\"},\"image\":{\"@id\":\"https:\\\/\\\/dorogimedence.hu\\\/index.php\\\/2022\\\/09\\\/01\\\/harom-autot-is-osszetort-reszegen\\\/#primaryimage\"},\"thumbnailUrl\":\"https:\\\/\\\/dorogimedence.hu\\\/wp-content\\\/uploads\\\/2022\\\/09\\\/baleset-01.jpg\",\"datePublished\":\"2022-09-01T07:55:55+00:00\",\"dateModified\":\"2022-09-01T07:56:13+00:00\",\"breadcrumb\":{\"@id\":\"https:\\\/\\\/dorogimedence.hu\\\/index.php\\\/2022\\\/09\\\/01\\\/harom-autot-is-osszetort-reszegen\\\/#breadcrumb\"},\"inLanguage\":\"hu\",\"potentialAction\":[{\"@type\":\"ReadAction\",\"target\":[\"https:\\\/\\\/dorogimedence.hu\\\/index.php\\\/2022\\\/09\\\/01\\\/harom-autot-is-osszetort-reszegen\\\/\"]}]},{\"@type\":\"ImageObject\",\"inLanguage\":\"hu\",\"@id\":\"https:\\\/\\\/dorogimedence.hu\\\/index.php\\\/2022\\\/09\\\/01\\\/harom-autot-is-osszetort-reszegen\\\/#primaryimage\",\"url\":\"https:\\\/\\\/dorogimedence.hu\\\/wp-content\\\/uploads\\\/2022\\\/09\\\/baleset-01.jpg\",\"contentUrl\":\"https:\\\/\\\/dorogimedence.hu\\\/wp-content\\\/uploads\\\/2022\\\/09\\\/baleset-01.jpg\",\"width\":1403,\"height\":808},{\"@type\":\"BreadcrumbList\",\"@id\":\"https:\\\/\\\/dorogimedence.hu\\\/index.php\\\/2022\\\/09\\\/01\\\/harom-autot-is-osszetort-reszegen\\\/#breadcrumb\",\"itemListElement\":[{\"@type\":\"ListItem\",\"position\":1,\"name\":\"Kezd\u0151lap\",\"item\":\"https:\\\/\\\/dorogimedence.hu\\\/\"},{\"@type\":\"ListItem\",\"position\":2,\"name\":\"H\u00e1rom aut\u00f3t is \u00f6sszet\u00f6rt r\u00e9szegen\"}]},{\"@type\":\"WebSite\",\"@id\":\"https:\\\/\\\/dorogimedence.hu\\\/#website\",\"url\":\"https:\\\/\\\/dorogimedence.hu\\\/\",\"name\":\"Dorogi-medence Region\u00e1lis H\u00edrport\u00e1l\",\"description\":\"Dorog, Keszt\u00f6lc, Le\u00e1nyv\u00e1r, Piliscs\u00e9v, Tokod, Tokodalt\u00e1r\u00f3, Csolnok, Esztergom-kertv\u00e1ros: h\u00edrek, programok\",\"publisher\":{\"@id\":\"https:\\\/\\\/dorogimedence.hu\\\/#organization\"},\"potentialAction\":[{\"@type\":\"SearchAction\",\"target\":{\"@type\":\"EntryPoint\",\"urlTemplate\":\"https:\\\/\\\/dorogimedence.hu\\\/?s={search_term_string}\"},\"query-input\":{\"@type\":\"PropertyValueSpecification\",\"valueRequired\":true,\"valueName\":\"search_term_string\"}}],\"inLanguage\":\"hu\"},{\"@type\":\"Organization\",\"@id\":\"https:\\\/\\\/dorogimedence.hu\\\/#organization\",\"name\":\"Dorogi-medence Region\u00e1lis H\u00edrport\u00e1l\",\"url\":\"https:\\\/\\\/dorogimedence.hu\\\/\",\"logo\":{\"@type\":\"ImageObject\",\"inLanguage\":\"hu\",\"@id\":\"https:\\\/\\\/dorogimedence.hu\\\/#\\\/schema\\\/logo\\\/image\\\/\",\"url\":\"https:\\\/\\\/dorogimedence.hu\\\/wp-content\\\/uploads\\\/2021\\\/04\\\/logo-feher-600.png\",\"contentUrl\":\"https:\\\/\\\/dorogimedence.hu\\\/wp-content\\\/uploads\\\/2021\\\/04\\\/logo-feher-600.png\",\"width\":600,\"height\":100,\"caption\":\"Dorogi-medence Region\u00e1lis H\u00edrport\u00e1l\"},\"image\":{\"@id\":\"https:\\\/\\\/dorogimedence.hu\\\/#\\\/schema\\\/logo\\\/image\\\/\"},\"sameAs\":[\"https:\\\/\\\/www.facebook.com\\\/dorogimedence\\\/\"]},{\"@type\":\"Person\",\"@id\":\"https:\\\/\\\/dorogimedence.hu\\\/#\\\/schema\\\/person\\\/ce6091eeb7e95ecdc87890d6aa8e0fd4\",\"name\":\"dorogimedence.hu\",\"image\":{\"@type\":\"ImageObject\",\"inLanguage\":\"hu\",\"@id\":\"\\\/\\\/www.gravatar.com\\\/avatar\\\/d8d45f8901aadff40a4af72c0b826f1d?s=96&#038;r=g&#038;d=mm\",\"url\":\"\\\/\\\/www.gravatar.com\\\/avatar\\\/d8d45f8901aadff40a4af72c0b826f1d?s=96&#038;r=g&#038;d=mm\",\"contentUrl\":\"\\\/\\\/www.gravatar.com\\\/avatar\\\/d8d45f8901aadff40a4af72c0b826f1d?s=96&#038;r=g&#038;d=mm\",\"caption\":\"dorogimedence.hu\"}}]}<\/script>\n<!-- \/ Yoast SEO plugin. -->","yoast_head_json":{"title":"H\u00e1rom aut\u00f3t is \u00f6sszet\u00f6rt r\u00e9szegen","robots":{"index":"index","follow":"follow","max-snippet":"max-snippet:-1","max-image-preview":"max-image-preview:large","max-video-preview":"max-video-preview:-1"},"canonical":"https:\/\/dorogimedence.hu\/index.php\/2022\/09\/01\/harom-autot-is-osszetort-reszegen\/","og_locale":"hu_HU","og_type":"article","og_title":"H\u00e1rom aut\u00f3t is \u00f6sszet\u00f6rt r\u00e9szegen","og_description":"M\u00e1sf\u00e9l \u00e9vre eltiltott\u00e1k a vezet\u00e9st\u0151l, illetve p\u00e9nzb\u00fcntet\u00e9st szabtak ki azzal a f\u00e9rfival szemben, aki ittasan vezetve h\u00e1rom g\u00e9pkocsit t\u00f6rt \u00f6ssze Nyerges\u00fajfaluban. A v\u00e1dirat szerint a b\u00fcntetlen f\u00e9rfi 2022. m\u00e1jus 9-\u00e9n Nyerges\u00fajfalun k\u00f6zepes fokban ittas \u00e1llapotban vezette a szem\u00e9lyg\u00e9pkocsit. A f\u00e9rfi a halad\u00e1sa sor\u00e1n \u2013 k\u00f6zepes fok\u00fa \u2013 ittass\u00e1ga miatt a j\u00e1rm\u0171ve sebess\u00e9g\u00e9t nem az \u00fat","og_url":"https:\/\/dorogimedence.hu\/index.php\/2022\/09\/01\/harom-autot-is-osszetort-reszegen\/","og_site_name":"Dorogi-medence Region\u00e1lis H\u00edrport\u00e1l","article_publisher":"https:\/\/www.facebook.com\/dorogimedence\/","article_published_time":"2022-09-01T07:55:55+00:00","article_modified_time":"2022-09-01T07:56:13+00:00","og_image":[{"width":1403,"height":808,"url":"https:\/\/i0.wp.com\/dorogimedence.hu\/wp-content\/uploads\/2022\/09\/baleset-01.jpg?fit=1403%2C808&ssl=1","type":"image\/jpeg"}],"author":"dorogimedence.hu","twitter_card":"summary_large_image","twitter_misc":{"Szerz\u0151:":"dorogimedence.hu","Becs\u00fclt olvas\u00e1si id\u0151":"1 perc"},"schema":{"@context":"https:\/\/schema.org","@graph":[{"@type":"Article","@id":"https:\/\/dorogimedence.hu\/index.php\/2022\/09\/01\/harom-autot-is-osszetort-reszegen\/#article","isPartOf":{"@id":"https:\/\/dorogimedence.hu\/index.php\/2022\/09\/01\/harom-autot-is-osszetort-reszegen\/"},"author":{"name":"dorogimedence.hu","@id":"https:\/\/dorogimedence.hu\/#\/schema\/person\/ce6091eeb7e95ecdc87890d6aa8e0fd4"},"headline":"H\u00e1rom aut\u00f3t is \u00f6sszet\u00f6rt r\u00e9szegen","datePublished":"2022-09-01T07:55:55+00:00","dateModified":"2022-09-01T07:56:13+00:00","mainEntityOfPage":{"@id":"https:\/\/dorogimedence.hu\/index.php\/2022\/09\/01\/harom-autot-is-osszetort-reszegen\/"},"wordCount":247,"publisher":{"@id":"https:\/\/dorogimedence.hu\/#organization"},"image":{"@id":"https:\/\/dorogimedence.hu\/index.php\/2022\/09\/01\/harom-autot-is-osszetort-reszegen\/#primaryimage"},"thumbnailUrl":"https:\/\/dorogimedence.hu\/wp-content\/uploads\/2022\/09\/baleset-01.jpg","keywords":["aut\u00f3baleset","baleset","ittas vezet\u00e9s","Nyerges\u00fajfalu","rend\u0151rs\u00e9gi h\u00edrek"],"articleSection":["H\u00edrek","K\u00e9k h\u00edrek","Nyerges\u00fajfalu"],"inLanguage":"hu"},{"@type":"WebPage","@id":"https:\/\/dorogimedence.hu\/index.php\/2022\/09\/01\/harom-autot-is-osszetort-reszegen\/","url":"https:\/\/dorogimedence.hu\/index.php\/2022\/09\/01\/harom-autot-is-osszetort-reszegen\/","name":"H\u00e1rom aut\u00f3t is \u00f6sszet\u00f6rt r\u00e9szegen","isPartOf":{"@id":"https:\/\/dorogimedence.hu\/#website"},"primaryImageOfPage":{"@id":"https:\/\/dorogimedence.hu\/index.php\/2022\/09\/01\/harom-autot-is-osszetort-reszegen\/#primaryimage"},"image":{"@id":"https:\/\/dorogimedence.hu\/index.php\/2022\/09\/01\/harom-autot-is-osszetort-reszegen\/#primaryimage"},"thumbnailUrl":"https:\/\/dorogimedence.hu\/wp-content\/uploads\/2022\/09\/baleset-01.jpg","datePublished":"2022-09-01T07:55:55+00:00","dateModified":"2022-09-01T07:56:13+00:00","breadcrumb":{"@id":"https:\/\/dorogimedence.hu\/index.php\/2022\/09\/01\/harom-autot-is-osszetort-reszegen\/#breadcrumb"},"inLanguage":"hu","potentialAction":[{"@type":"ReadAction","target":["https:\/\/dorogimedence.hu\/index.php\/2022\/09\/01\/harom-autot-is-osszetort-reszegen\/"]}]},{"@type":"ImageObject","inLanguage":"hu","@id":"https:\/\/dorogimedence.hu\/index.php\/2022\/09\/01\/harom-autot-is-osszetort-reszegen\/#primaryimage","url":"https:\/\/dorogimedence.hu\/wp-content\/uploads\/2022\/09\/baleset-01.jpg","contentUrl":"https:\/\/dorogimedence.hu\/wp-content\/uploads\/2022\/09\/baleset-01.jpg","width":1403,"height":808},{"@type":"BreadcrumbList","@id":"https:\/\/dorogimedence.hu\/index.php\/2022\/09\/01\/harom-autot-is-osszetort-reszegen\/#breadcrumb","itemListElement":[{"@type":"ListItem","position":1,"name":"Kezd\u0151lap","item":"https:\/\/dorogimedence.hu\/"},{"@type":"ListItem","position":2,"name":"H\u00e1rom aut\u00f3t is \u00f6sszet\u00f6rt r\u00e9szegen"}]},{"@type":"WebSite","@id":"https:\/\/dorogimedence.hu\/#website","url":"https:\/\/dorogimedence.hu\/","name":"Dorogi-medence Region\u00e1lis H\u00edrport\u00e1l","description":"Dorog, Keszt\u00f6lc, Le\u00e1nyv\u00e1r, Piliscs\u00e9v, Tokod, Tokodalt\u00e1r\u00f3, Csolnok, Esztergom-kertv\u00e1ros: h\u00edrek, programok","publisher":{"@id":"https:\/\/dorogimedence.hu\/#organization"},"potentialAction":[{"@type":"SearchAction","target":{"@type":"EntryPoint","urlTemplate":"https:\/\/dorogimedence.hu\/?s={search_term_string}"},"query-input":{"@type":"PropertyValueSpecification","valueRequired":true,"valueName":"search_term_string"}}],"inLanguage":"hu"},{"@type":"Organization","@id":"https:\/\/dorogimedence.hu\/#organization","name":"Dorogi-medence Region\u00e1lis H\u00edrport\u00e1l","url":"https:\/\/dorogimedence.hu\/","logo":{"@type":"ImageObject","inLanguage":"hu","@id":"https:\/\/dorogimedence.hu\/#\/schema\/logo\/image\/","url":"https:\/\/dorogimedence.hu\/wp-content\/uploads\/2021\/04\/logo-feher-600.png","contentUrl":"https:\/\/dorogimedence.hu\/wp-content\/uploads\/2021\/04\/logo-feher-600.png","width":600,"height":100,"caption":"Dorogi-medence Region\u00e1lis H\u00edrport\u00e1l"},"image":{"@id":"https:\/\/dorogimedence.hu\/#\/schema\/logo\/image\/"},"sameAs":["https:\/\/www.facebook.com\/dorogimedence\/"]},{"@type":"Person","@id":"https:\/\/dorogimedence.hu\/#\/schema\/person\/ce6091eeb7e95ecdc87890d6aa8e0fd4","name":"dorogimedence.hu","image":{"@type":"ImageObject","inLanguage":"hu","@id":"\/\/www.gravatar.com\/avatar\/d8d45f8901aadff40a4af72c0b826f1d?s=96&#038;r=g&#038;d=mm","url":"\/\/www.gravatar.com\/avatar\/d8d45f8901aadff40a4af72c0b826f1d?s=96&#038;r=g&#038;d=mm","contentUrl":"\/\/www.gravatar.com\/avatar\/d8d45f8901aadff40a4af72c0b826f1d?s=96&#038;r=g&#038;d=mm","caption":"dorogimedence.hu"}}]}},"_links":{"self":[{"href":"https:\/\/dorogimedence.hu\/index.php\/wp-json\/wp\/v2\/posts\/46118","targetHints":{"allow":["GET"]}}],"collection":[{"href":"https:\/\/dorogimedence.hu\/index.php\/wp-json\/wp\/v2\/posts"}],"about":[{"href":"https:\/\/dorogimedence.hu\/index.php\/wp-json\/wp\/v2\/types\/post"}],"author":[{"embeddable":true,"href":"https:\/\/dorogimedence.hu\/index.php\/wp-json\/wp\/v2\/users\/1"}],"replies":[{"embeddable":true,"href":"https:\/\/dorogimedence.hu\/index.php\/wp-json\/wp\/v2\/comments?post=46118"}],"version-history":[{"count":0,"href":"https:\/\/dorogimedence.hu\/index.php\/wp-json\/wp\/v2\/posts\/46118\/revisions"}],"wp:featuredmedia":[{"embeddable":true,"href":"https:\/\/dorogimedence.hu\/index.php\/wp-json\/wp\/v2\/media\/46119"}],"wp:attachment":[{"href":"https:\/\/dorogimedence.hu\/index.php\/wp-json\/wp\/v2\/media?parent=46118"}],"wp:term":[{"taxonomy":"category","embeddable":true,"href":"https:\/\/dorogimedence.hu\/index.php\/wp-json\/wp\/v2\/categories?post=46118"},{"taxonomy":"post_tag","embeddable":true,"href":"https:\/\/dorogimedence.hu\/index.php\/wp-json\/wp\/v2\/tags?post=46118"}],"curies":[{"name":"wp","href":"https:\/\/api.w.org\/{rel}","templated":true}]}}