{"id":46104,"date":"2022-09-02T08:32:18","date_gmt":"2022-09-02T06:32:18","guid":{"rendered":"https:\/\/dorogimedence.hu\/?p=46104"},"modified":"2022-09-02T08:32:40","modified_gmt":"2022-09-02T06:32:40","slug":"orok-merlegen-dorog-budafok-2","status":"publish","type":"post","link":"https:\/\/dorogimedence.hu\/index.php\/2022\/09\/02\/orok-merlegen-dorog-budafok-2\/","title":{"rendered":"\u00d6r\u00f6k M\u00e9rlegen: Dorog \u2013 Budafok"},"content":{"rendered":"<p style=\"text-align: justify;\"><strong>Az NB II \u0151szi szezon\u00e1nak 7. fordul\u00f3j\u00e1ban a dorogiak hazai p\u00e1ly\u00e1n fogadj\u00e1k a jelenleg sereghajt\u00f3 Budafokot. A m\u00e9rk\u0151z\u00e9sre szeptember 4-\u00e9n, vas\u00e1rnap, B\u00e1ny\u00e1sznapon a Buz\u00e1nszky Jen\u0151 stadionban ker\u00fcl sor 17 \u00f3rai kezdettel.<\/strong><\/p>\n<p style=\"text-align: justify;\">Csapatunk \u00e9rt\u00e9kes pontot szerezve t\u00e9rhetett haza B\u00e9k\u00e9scsab\u00e1r\u00f3l, azonban mindez a h\u00e9tv\u00e9gi folytat\u00e1sban egy esetleges hazai gy\u0151zelemmel lenne igaz\u00e1n sokat \u00e9r\u0151. K\u00e9t igen szorult helyzetben l\u00e9v\u0151 g\u00e1rda fog egym\u00e1snak fesz\u00fclni Dorogon, ahol b\u00e1rmi el\u0151fordulhat. A vend\u00e9gek sem kapt\u00e1k el j\u00f3l a fonalat a bajnoki id\u00e9ny els\u0151 negyed\u00e9ben \u00e9s egyel\u0151re egyetlen nyeretlen csapatk\u00e9nt, h\u00e1rom d\u00f6ntetlen \u00e9s ugyanannyi veres\u00e9g ut\u00e1n, az utols\u00f3 helyet foglalj\u00e1k el a tabell\u00e1n. A mieink egyetlen ponttal t\u00f6bbet szerezve, k\u00e9t helyez\u00e9ssel el\u0151r\u00e9bb posztolnak, akik id\u00e9n ugyan egyszer m\u00e1r gy\u0151ztek, viszont n\u00e9gyszer kaptak ki \u00e9s a g\u00f3lar\u00e1nyuk is rosszabb a f\u0151v\u00e1rosi alakulat\u00e1n\u00e1l. A vend\u00e9gek legut\u00f3bb, imm\u00e1r \u00faj edz\u0151vel, M\u00e1tyus J\u00e1nos vezet\u00e9s\u00e9vel k\u00f6zel \u00e1lltak a gy\u0151zelemhez. Vezettek otthon a Szentl\u0151rinc ellen, azonban az els\u0151 f\u00e9lid\u0151 hosszab\u00edt\u00e1s\u00e1ban egyenl\u00edtett az ellenfele \u00e9s maradt az 1\u20131-es eredm\u00e9ny.<\/p>\n<p><img fetchpriority=\"high\" decoding=\"async\" class=\"aligncenter wp-image-46140 size-full\" src=\"https:\/\/dorogimedence.hu\/wp-content\/uploads\/2022\/09\/Bekescsaba-Dorog.jpg\" alt=\"\" width=\"960\" height=\"720\" srcset=\"https:\/\/dorogimedence.hu\/wp-content\/uploads\/2022\/09\/Bekescsaba-Dorog.jpg 960w, https:\/\/dorogimedence.hu\/wp-content\/uploads\/2022\/09\/Bekescsaba-Dorog-300x225.jpg 300w, https:\/\/dorogimedence.hu\/wp-content\/uploads\/2022\/09\/Bekescsaba-Dorog-768x576.jpg 768w, https:\/\/dorogimedence.hu\/wp-content\/uploads\/2022\/09\/Bekescsaba-Dorog-150x113.jpg 150w, https:\/\/dorogimedence.hu\/wp-content\/uploads\/2022\/09\/Bekescsaba-Dorog-450x338.jpg 450w\" sizes=\"(max-width: 960px) 100vw, 960px\" \/><\/p>\n<p style=\"text-align: center;\"><span style=\"font-size: 10pt;\"><em>Nagy k\u00fczdelmet hozott az elm\u00falt fordul\u00f3 B\u00e9k\u00e9scsab\u00e1n (forr\u00e1s: Nemzeti Sport online)<\/em><\/span><\/p>\n<p style=\"text-align: justify;\">Nem csak roppant fontos, de mondhatni k\u00f6telez\u0151 volna a gy\u0151zelem a dorogaiknak, s nemcsak a jav\u00edt\u00e1s \u00e9s a felz\u00e1rk\u00f3z\u00e1s v\u00e9gett, hanem az \u00fcnnepi nap miatt is. A B\u00e1ny\u00e1sznapon j\u00e1tszott m\u00e9rk\u0151z\u00e9sek a jeles \u00e9vfordul\u00f3 t\u00fckr\u00e9ben mindig t\u00f6bblet jelent\u0151s\u00e9ggel b\u00edrnak. A m\u00faltunkban voltak igaz\u00e1n f\u00e9nyes sikereket hoz\u00f3 tal\u00e1lkoz\u00f3k e napon, de nem egyszer fordult el\u0151 \u00fcnnepront\u00e1s is. Csapatunk 7 \u00e9ve nyert utolj\u00e1ra B\u00e1ny\u00e1sznapon, akkor az Andr\u00e1shid\u00e1t verte 2\u20130-ra. A 2016-os feljut\u00e1s \u00f3ta az NB II-ben viszont egyszer sem siker\u00fclt gy\u0151zni, amely sor\u00e1n k\u00e9t alkalommal ki is kapott a g\u00e1rda, m\u00edg 2019-ben a Halad\u00e1s ellen pedig 1\u20131-es d\u00f6ntetlenre v\u00e9geztek. Az igazs\u00e1ghoz hozz\u00e1tartozik, hogy az elm\u00falt hat \u00e9vad sor\u00e1n csak h\u00e1rom \u00e9vben esett fordul\u00f3 B\u00e1ny\u00e1sznapra. A budafokiak ellen 45 \u00e9ve ker\u00fclt sor bajnokira B\u00e1ny\u00e1sznapon \u00e9s akkor a f\u0151v\u00e1rosiak nyertek 1\u20130-ra. A jelenlegi mez\u0151ny tagjai k\u00f6z\u00fcl a Budafok a legr\u00e9gebbi ellenfel\u00fcnk. Egym\u00e1s elleni m\u00e9rk\u0151z\u00e9seink t\u00f6rt\u00e9nete t\u00f6bb, mint 100 \u00e9vre ny\u00falik vissza. Az 1921\u201322-es bajnoki \u00e9vadt\u00f3l kezdve kisebb-nagyobb megszak\u00edt\u00e1sokkal voltunk vet\u00e9lyt\u00e1rsak, s ennek megfelel\u0151en ellen\u00fck is j\u00e1tszottuk a legt\u00f6bb m\u00e9rk\u0151z\u00e9st, amely tov\u00e1bbi kupameccsekkel is gyarapodott.<\/p>\n<p style=\"text-align: center;\"><em><strong>Ez lesz a k\u00e9t csapat 64. egym\u00e1s elleni t\u00e9tm\u00e9rk\u0151z\u00e9se<\/strong><\/em><\/p>\n<p><img decoding=\"async\" class=\"aligncenter wp-image-46107 \" src=\"https:\/\/dorogimedence.hu\/wp-content\/uploads\/2022\/08\/bal-4-300x300.jpg\" alt=\"\" width=\"403\" height=\"403\" srcset=\"https:\/\/dorogimedence.hu\/wp-content\/uploads\/2022\/08\/bal-4-300x300.jpg 300w, https:\/\/dorogimedence.hu\/wp-content\/uploads\/2022\/08\/bal-4-150x150.jpg 150w, https:\/\/dorogimedence.hu\/wp-content\/uploads\/2022\/08\/bal-4-768x768.jpg 768w, https:\/\/dorogimedence.hu\/wp-content\/uploads\/2022\/08\/bal-4-450x450.jpg 450w, https:\/\/dorogimedence.hu\/wp-content\/uploads\/2022\/08\/bal-4.jpg 777w\" sizes=\"(max-width: 403px) 100vw, 403px\" \/><\/p>\n<p>Az eddigi 63 tal\u00e1lkoz\u00f3n 26 dorogi gy\u0151zelem, 12 d\u00f6ntetlen, 25 veres\u00e9g; 85 : 89-es g\u00f3lar\u00e1nnyal sz\u00fcletett.<\/p>\n<p>Ennek megfelel\u0151en a mieink fel\u00e9 billen a m\u00e9rleg, azonban csak a bajnoki m\u00e9rk\u0151z\u00e9seket sz\u00e1m\u00edtva, m\u00e1r az ellenf\u00e9l \u00e1ll jobban: 60 meccsb\u0151l 23 gy\u0151zelem, 12 d\u00f6ntetlen, 25 veres\u00e9g; 78 : 88-as g\u00f3lar\u00e1nnyal.<\/p>\n<p>Hazai \u00f6sszm\u00e9rleg\u00fcnk: 33 meccsen 21 gy\u0151zelem, 2 d\u00f6ntetlen, 10 veres\u00e9g; 48 : 31-es g\u00f3lar\u00e1ny.<\/p>\n<p>Csak a bajnokik tekintet\u00e9ben a kupameccsek n\u00e9lk\u00fcl: 31 m\u00e9rk\u0151z\u00e9s, 19 gy\u0151zelem, 2 d\u00f6ntetlen, 10 veres\u00e9g; 43 : 30-as g\u00f3lar\u00e1ny.<\/p>\n<p><img decoding=\"async\" class=\"aligncenter wp-image-46139 size-full\" src=\"https:\/\/dorogimedence.hu\/wp-content\/uploads\/2022\/09\/Dorog-Budafok.jpg\" alt=\"\" width=\"960\" height=\"720\" srcset=\"https:\/\/dorogimedence.hu\/wp-content\/uploads\/2022\/09\/Dorog-Budafok.jpg 960w, https:\/\/dorogimedence.hu\/wp-content\/uploads\/2022\/09\/Dorog-Budafok-300x225.jpg 300w, https:\/\/dorogimedence.hu\/wp-content\/uploads\/2022\/09\/Dorog-Budafok-768x576.jpg 768w, https:\/\/dorogimedence.hu\/wp-content\/uploads\/2022\/09\/Dorog-Budafok-150x113.jpg 150w, https:\/\/dorogimedence.hu\/wp-content\/uploads\/2022\/09\/Dorog-Budafok-450x338.jpg 450w\" sizes=\"(max-width: 960px) 100vw, 960px\" \/><\/p>\n<p style=\"text-align: center;\"><span style=\"font-size: 10pt;\"><em>A legut\u00f3bbi Budafok elleni m\u00e9rk\u0151z\u00e9s\u00fcnk, id\u00e9n febru\u00e1r 20-\u00e1n, ahol az utols\u00f3 h\u00fasz percben vesztett\u00fck el a m\u00e9rk\u0151z\u00e9st k\u00e9t bekapott levente g\u00f3llal (Nemzeti Sport online)<\/em><\/span><\/p>\n<p style=\"text-align: justify;\">Voltak id\u0151szakok, amikor a budafokiak val\u00f3s\u00e1gos mumus-csapatunknak sz\u00e1m\u00edtottak. Sajnos ez kezd jelenleg is \u00fajfent testet\u00f6lteni, ugyanis a legut\u00f3bbi n\u00e9gy meccs\u00fcnk sor\u00e1n h\u00e1romszor is kikaptunk ellen\u00fck, egyetlen szer\u00e9ny g\u00f3l n\u00e9lk\u00fcli d\u00f6ntetlen mellett \u00e9s a n\u00e9gy meccsen csak egyetlen g\u00f3lt szerezt\u00fcnk. Az elm\u00falt k\u00e9t hazai m\u00e9rk\u0151z\u00e9s\u00fcnket egyar\u00e1nt elbuktuk vel\u00fck szemben. Tavaly oda-vissza ellenfel\u00fcnk nyert, mindk\u00e9tszer 2 : 0 ar\u00e1nyban kerekedtek fel\u00fcl. Ez\u00e1ltal az el\u0151jelek nem a legjobbak, r\u00e1ad\u00e1sul egy nagyon harcos \u00e9s elsz\u00e1nt csapatra sz\u00e1m\u00edthatunk vas\u00e1rnap, hiszen sz\u00e1mukra is l\u00e9tfontoss\u00e1g\u00fa a sikeres eredm\u00e9ny el\u00e9r\u00e9se. A mostani tal\u00e1lkoz\u00f3 sportt\u00f6rt\u00e9neti m\u00e9rf\u00f6ldk\u0151nek is \u00edg\u00e9rkezik, hiszen most ker\u00fcl sor a legels\u0151 villanyf\u00e9nyes m\u00e9rk\u0151z\u00e9sre Dorogon. Igaz, csak r\u00e9szleges form\u00e1ban, ugyanis a j\u00e1t\u00e9kid\u0151 d\u00f6nt\u0151 hossza nappali f\u00e9nyben lesz \u00e9s csak a hajr\u00e1 peri\u00f3dusban fognak felgy\u00falni a kandell\u00e1berek f\u00e9nyei.<\/p>\n<p><em><strong>Szab\u00f3 Gyula<\/strong><\/em><\/p>\n","protected":false},"excerpt":{"rendered":"<p>Az NB II \u0151szi szezon\u00e1nak 7. fordul\u00f3j\u00e1ban a dorogiak hazai p\u00e1ly\u00e1n fogadj\u00e1k a jelenleg sereghajt\u00f3 Budafokot. A m\u00e9rk\u0151z\u00e9sre szeptember 4-\u00e9n, vas\u00e1rnap, B\u00e1ny\u00e1sznapon a Buz\u00e1nszky Jen\u0151 stadionban ker\u00fcl sor 17 \u00f3rai kezdettel. Csapatunk \u00e9rt\u00e9kes pontot szerezve t\u00e9rhetett haza B\u00e9k\u00e9scsab\u00e1r\u00f3l, azonban mindez a h\u00e9tv\u00e9gi folytat\u00e1sban egy esetleges hazai gy\u0151zelemmel lenne igaz\u00e1n sokat \u00e9r\u0151. K\u00e9t igen szorult helyzetben<\/p>\n","protected":false},"author":4,"featured_media":46108,"comment_status":"closed","ping_status":"closed","sticky":false,"template":"","format":"standard","meta":{"ngg_post_thumbnail":0,"footnotes":""},"categories":[2,3,5],"tags":[1952,15,37,70,69,72,263,16],"class_list":{"0":"post-46104","1":"post","2":"type-post","3":"status-publish","4":"format-standard","5":"has-post-thumbnail","7":"category-dorog","8":"category-hirek","9":"category-sport","10":"tag-budafok","11":"tag-dorog","12":"tag-dorogi-fc","13":"tag-foci","14":"tag-futball","15":"tag-labdarugas","16":"tag-nb-ii","17":"tag-sport"},"yoast_head":"<!-- This site is optimized with the Yoast SEO plugin v27.4 - https:\/\/yoast.com\/product\/yoast-seo-wordpress\/ -->\n<title>\u00d6r\u00f6k M\u00e9rlegen: Dorog \u2013 Budafok<\/title>\n<meta name=\"robots\" content=\"index, follow, max-snippet:-1, max-image-preview:large, max-video-preview:-1\" \/>\n<link rel=\"canonical\" href=\"https:\/\/dorogimedence.hu\/index.php\/2022\/09\/02\/orok-merlegen-dorog-budafok-2\/\" class=\"yoast-seo-meta-tag\" \/>\n<meta property=\"og:locale\" content=\"hu_HU\" class=\"yoast-seo-meta-tag\" \/>\n<meta property=\"og:type\" content=\"article\" class=\"yoast-seo-meta-tag\" \/>\n<meta property=\"og:title\" content=\"\u00d6r\u00f6k M\u00e9rlegen: Dorog \u2013 Budafok\" class=\"yoast-seo-meta-tag\" \/>\n<meta property=\"og:description\" content=\"Az NB II \u0151szi szezon\u00e1nak 7. fordul\u00f3j\u00e1ban a dorogiak hazai p\u00e1ly\u00e1n fogadj\u00e1k a jelenleg sereghajt\u00f3 Budafokot. A m\u00e9rk\u0151z\u00e9sre szeptember 4-\u00e9n, vas\u00e1rnap, B\u00e1ny\u00e1sznapon a Buz\u00e1nszky Jen\u0151 stadionban ker\u00fcl sor 17 \u00f3rai kezdettel. Csapatunk \u00e9rt\u00e9kes pontot szerezve t\u00e9rhetett haza B\u00e9k\u00e9scsab\u00e1r\u00f3l, azonban mindez a h\u00e9tv\u00e9gi folytat\u00e1sban egy esetleges hazai gy\u0151zelemmel lenne igaz\u00e1n sokat \u00e9r\u0151. K\u00e9t igen szorult helyzetben\" class=\"yoast-seo-meta-tag\" \/>\n<meta property=\"og:url\" content=\"https:\/\/dorogimedence.hu\/index.php\/2022\/09\/02\/orok-merlegen-dorog-budafok-2\/\" class=\"yoast-seo-meta-tag\" \/>\n<meta property=\"og:site_name\" content=\"Dorogi-medence Region\u00e1lis H\u00edrport\u00e1l\" class=\"yoast-seo-meta-tag\" \/>\n<meta property=\"article:publisher\" content=\"https:\/\/www.facebook.com\/dorogimedence\/\" class=\"yoast-seo-meta-tag\" \/>\n<meta property=\"article:published_time\" content=\"2022-09-02T06:32:18+00:00\" class=\"yoast-seo-meta-tag\" \/>\n<meta property=\"article:modified_time\" content=\"2022-09-02T06:32:40+00:00\" class=\"yoast-seo-meta-tag\" \/>\n<meta property=\"og:image\" content=\"https:\/\/i0.wp.com\/dorogimedence.hu\/wp-content\/uploads\/2022\/08\/Akt.borito.jpg?fit=1026%2C518&ssl=1\" class=\"yoast-seo-meta-tag\" \/>\n\t<meta property=\"og:image:width\" content=\"1026\" class=\"yoast-seo-meta-tag\" \/>\n\t<meta property=\"og:image:height\" content=\"518\" class=\"yoast-seo-meta-tag\" \/>\n\t<meta property=\"og:image:type\" content=\"image\/jpeg\" class=\"yoast-seo-meta-tag\" \/>\n<meta name=\"author\" content=\"Szab\u00f3 Gyula\" class=\"yoast-seo-meta-tag\" \/>\n<meta name=\"twitter:card\" content=\"summary_large_image\" class=\"yoast-seo-meta-tag\" \/>\n<meta name=\"twitter:label1\" content=\"Szerz\u0151:\" class=\"yoast-seo-meta-tag\" \/>\n\t<meta name=\"twitter:data1\" content=\"Szab\u00f3 Gyula\" class=\"yoast-seo-meta-tag\" \/>\n\t<meta name=\"twitter:label2\" content=\"Becs\u00fclt olvas\u00e1si id\u0151\" class=\"yoast-seo-meta-tag\" \/>\n\t<meta name=\"twitter:data2\" content=\"4 perc\" class=\"yoast-seo-meta-tag\" \/>\n<script type=\"application\/ld+json\" class=\"yoast-schema-graph\">{\"@context\":\"https:\\\/\\\/schema.org\",\"@graph\":[{\"@type\":\"Article\",\"@id\":\"https:\\\/\\\/dorogimedence.hu\\\/index.php\\\/2022\\\/09\\\/02\\\/orok-merlegen-dorog-budafok-2\\\/#article\",\"isPartOf\":{\"@id\":\"https:\\\/\\\/dorogimedence.hu\\\/index.php\\\/2022\\\/09\\\/02\\\/orok-merlegen-dorog-budafok-2\\\/\"},\"author\":{\"name\":\"Szab\u00f3 Gyula\",\"@id\":\"https:\\\/\\\/dorogimedence.hu\\\/#\\\/schema\\\/person\\\/76605e8151ec1b7376385cd184ede973\"},\"headline\":\"\u00d6r\u00f6k M\u00e9rlegen: Dorog \u2013 Budafok\",\"datePublished\":\"2022-09-02T06:32:18+00:00\",\"dateModified\":\"2022-09-02T06:32:40+00:00\",\"mainEntityOfPage\":{\"@id\":\"https:\\\/\\\/dorogimedence.hu\\\/index.php\\\/2022\\\/09\\\/02\\\/orok-merlegen-dorog-budafok-2\\\/\"},\"wordCount\":835,\"publisher\":{\"@id\":\"https:\\\/\\\/dorogimedence.hu\\\/#organization\"},\"image\":{\"@id\":\"https:\\\/\\\/dorogimedence.hu\\\/index.php\\\/2022\\\/09\\\/02\\\/orok-merlegen-dorog-budafok-2\\\/#primaryimage\"},\"thumbnailUrl\":\"https:\\\/\\\/dorogimedence.hu\\\/wp-content\\\/uploads\\\/2022\\\/08\\\/Akt.borito.jpg\",\"keywords\":[\"Budafok\",\"Dorog\",\"Dorogi FC\",\"foci\",\"futball\",\"labdar\u00fag\u00e1s\",\"NB II\",\"sport\"],\"articleSection\":[\"Dorog\",\"H\u00edrek\",\"Sport\"],\"inLanguage\":\"hu\"},{\"@type\":\"WebPage\",\"@id\":\"https:\\\/\\\/dorogimedence.hu\\\/index.php\\\/2022\\\/09\\\/02\\\/orok-merlegen-dorog-budafok-2\\\/\",\"url\":\"https:\\\/\\\/dorogimedence.hu\\\/index.php\\\/2022\\\/09\\\/02\\\/orok-merlegen-dorog-budafok-2\\\/\",\"name\":\"\u00d6r\u00f6k M\u00e9rlegen: Dorog \u2013 Budafok\",\"isPartOf\":{\"@id\":\"https:\\\/\\\/dorogimedence.hu\\\/#website\"},\"primaryImageOfPage\":{\"@id\":\"https:\\\/\\\/dorogimedence.hu\\\/index.php\\\/2022\\\/09\\\/02\\\/orok-merlegen-dorog-budafok-2\\\/#primaryimage\"},\"image\":{\"@id\":\"https:\\\/\\\/dorogimedence.hu\\\/index.php\\\/2022\\\/09\\\/02\\\/orok-merlegen-dorog-budafok-2\\\/#primaryimage\"},\"thumbnailUrl\":\"https:\\\/\\\/dorogimedence.hu\\\/wp-content\\\/uploads\\\/2022\\\/08\\\/Akt.borito.jpg\",\"datePublished\":\"2022-09-02T06:32:18+00:00\",\"dateModified\":\"2022-09-02T06:32:40+00:00\",\"breadcrumb\":{\"@id\":\"https:\\\/\\\/dorogimedence.hu\\\/index.php\\\/2022\\\/09\\\/02\\\/orok-merlegen-dorog-budafok-2\\\/#breadcrumb\"},\"inLanguage\":\"hu\",\"potentialAction\":[{\"@type\":\"ReadAction\",\"target\":[\"https:\\\/\\\/dorogimedence.hu\\\/index.php\\\/2022\\\/09\\\/02\\\/orok-merlegen-dorog-budafok-2\\\/\"]}]},{\"@type\":\"ImageObject\",\"inLanguage\":\"hu\",\"@id\":\"https:\\\/\\\/dorogimedence.hu\\\/index.php\\\/2022\\\/09\\\/02\\\/orok-merlegen-dorog-budafok-2\\\/#primaryimage\",\"url\":\"https:\\\/\\\/dorogimedence.hu\\\/wp-content\\\/uploads\\\/2022\\\/08\\\/Akt.borito.jpg\",\"contentUrl\":\"https:\\\/\\\/dorogimedence.hu\\\/wp-content\\\/uploads\\\/2022\\\/08\\\/Akt.borito.jpg\",\"width\":1026,\"height\":518},{\"@type\":\"BreadcrumbList\",\"@id\":\"https:\\\/\\\/dorogimedence.hu\\\/index.php\\\/2022\\\/09\\\/02\\\/orok-merlegen-dorog-budafok-2\\\/#breadcrumb\",\"itemListElement\":[{\"@type\":\"ListItem\",\"position\":1,\"name\":\"Kezd\u0151lap\",\"item\":\"https:\\\/\\\/dorogimedence.hu\\\/\"},{\"@type\":\"ListItem\",\"position\":2,\"name\":\"\u00d6r\u00f6k M\u00e9rlegen: Dorog \u2013 Budafok\"}]},{\"@type\":\"WebSite\",\"@id\":\"https:\\\/\\\/dorogimedence.hu\\\/#website\",\"url\":\"https:\\\/\\\/dorogimedence.hu\\\/\",\"name\":\"Dorogi-medence Region\u00e1lis H\u00edrport\u00e1l\",\"description\":\"Dorog, Keszt\u00f6lc, Le\u00e1nyv\u00e1r, Piliscs\u00e9v, Tokod, Tokodalt\u00e1r\u00f3, Csolnok, Esztergom-kertv\u00e1ros: h\u00edrek, programok\",\"publisher\":{\"@id\":\"https:\\\/\\\/dorogimedence.hu\\\/#organization\"},\"potentialAction\":[{\"@type\":\"SearchAction\",\"target\":{\"@type\":\"EntryPoint\",\"urlTemplate\":\"https:\\\/\\\/dorogimedence.hu\\\/?s={search_term_string}\"},\"query-input\":{\"@type\":\"PropertyValueSpecification\",\"valueRequired\":true,\"valueName\":\"search_term_string\"}}],\"inLanguage\":\"hu\"},{\"@type\":\"Organization\",\"@id\":\"https:\\\/\\\/dorogimedence.hu\\\/#organization\",\"name\":\"Dorogi-medence Region\u00e1lis H\u00edrport\u00e1l\",\"url\":\"https:\\\/\\\/dorogimedence.hu\\\/\",\"logo\":{\"@type\":\"ImageObject\",\"inLanguage\":\"hu\",\"@id\":\"https:\\\/\\\/dorogimedence.hu\\\/#\\\/schema\\\/logo\\\/image\\\/\",\"url\":\"https:\\\/\\\/dorogimedence.hu\\\/wp-content\\\/uploads\\\/2021\\\/04\\\/logo-feher-600.png\",\"contentUrl\":\"https:\\\/\\\/dorogimedence.hu\\\/wp-content\\\/uploads\\\/2021\\\/04\\\/logo-feher-600.png\",\"width\":600,\"height\":100,\"caption\":\"Dorogi-medence Region\u00e1lis H\u00edrport\u00e1l\"},\"image\":{\"@id\":\"https:\\\/\\\/dorogimedence.hu\\\/#\\\/schema\\\/logo\\\/image\\\/\"},\"sameAs\":[\"https:\\\/\\\/www.facebook.com\\\/dorogimedence\\\/\"]},{\"@type\":\"Person\",\"@id\":\"https:\\\/\\\/dorogimedence.hu\\\/#\\\/schema\\\/person\\\/76605e8151ec1b7376385cd184ede973\",\"name\":\"Szab\u00f3 Gyula\",\"image\":{\"@type\":\"ImageObject\",\"inLanguage\":\"hu\",\"@id\":\"\\\/\\\/www.gravatar.com\\\/avatar\\\/3e44b6fb2ef9bcea3639958cc2a587cb?s=96&#038;r=g&#038;d=mm\",\"url\":\"\\\/\\\/www.gravatar.com\\\/avatar\\\/3e44b6fb2ef9bcea3639958cc2a587cb?s=96&#038;r=g&#038;d=mm\",\"contentUrl\":\"\\\/\\\/www.gravatar.com\\\/avatar\\\/3e44b6fb2ef9bcea3639958cc2a587cb?s=96&#038;r=g&#038;d=mm\",\"caption\":\"Szab\u00f3 Gyula\"}}]}<\/script>\n<!-- \/ Yoast SEO plugin. -->","yoast_head_json":{"title":"\u00d6r\u00f6k M\u00e9rlegen: Dorog \u2013 Budafok","robots":{"index":"index","follow":"follow","max-snippet":"max-snippet:-1","max-image-preview":"max-image-preview:large","max-video-preview":"max-video-preview:-1"},"canonical":"https:\/\/dorogimedence.hu\/index.php\/2022\/09\/02\/orok-merlegen-dorog-budafok-2\/","og_locale":"hu_HU","og_type":"article","og_title":"\u00d6r\u00f6k M\u00e9rlegen: Dorog \u2013 Budafok","og_description":"Az NB II \u0151szi szezon\u00e1nak 7. fordul\u00f3j\u00e1ban a dorogiak hazai p\u00e1ly\u00e1n fogadj\u00e1k a jelenleg sereghajt\u00f3 Budafokot. A m\u00e9rk\u0151z\u00e9sre szeptember 4-\u00e9n, vas\u00e1rnap, B\u00e1ny\u00e1sznapon a Buz\u00e1nszky Jen\u0151 stadionban ker\u00fcl sor 17 \u00f3rai kezdettel. Csapatunk \u00e9rt\u00e9kes pontot szerezve t\u00e9rhetett haza B\u00e9k\u00e9scsab\u00e1r\u00f3l, azonban mindez a h\u00e9tv\u00e9gi folytat\u00e1sban egy esetleges hazai gy\u0151zelemmel lenne igaz\u00e1n sokat \u00e9r\u0151. K\u00e9t igen szorult helyzetben","og_url":"https:\/\/dorogimedence.hu\/index.php\/2022\/09\/02\/orok-merlegen-dorog-budafok-2\/","og_site_name":"Dorogi-medence Region\u00e1lis H\u00edrport\u00e1l","article_publisher":"https:\/\/www.facebook.com\/dorogimedence\/","article_published_time":"2022-09-02T06:32:18+00:00","article_modified_time":"2022-09-02T06:32:40+00:00","og_image":[{"width":1026,"height":518,"url":"https:\/\/i0.wp.com\/dorogimedence.hu\/wp-content\/uploads\/2022\/08\/Akt.borito.jpg?fit=1026%2C518&ssl=1","type":"image\/jpeg"}],"author":"Szab\u00f3 Gyula","twitter_card":"summary_large_image","twitter_misc":{"Szerz\u0151:":"Szab\u00f3 Gyula","Becs\u00fclt olvas\u00e1si id\u0151":"4 perc"},"schema":{"@context":"https:\/\/schema.org","@graph":[{"@type":"Article","@id":"https:\/\/dorogimedence.hu\/index.php\/2022\/09\/02\/orok-merlegen-dorog-budafok-2\/#article","isPartOf":{"@id":"https:\/\/dorogimedence.hu\/index.php\/2022\/09\/02\/orok-merlegen-dorog-budafok-2\/"},"author":{"name":"Szab\u00f3 Gyula","@id":"https:\/\/dorogimedence.hu\/#\/schema\/person\/76605e8151ec1b7376385cd184ede973"},"headline":"\u00d6r\u00f6k M\u00e9rlegen: Dorog \u2013 Budafok","datePublished":"2022-09-02T06:32:18+00:00","dateModified":"2022-09-02T06:32:40+00:00","mainEntityOfPage":{"@id":"https:\/\/dorogimedence.hu\/index.php\/2022\/09\/02\/orok-merlegen-dorog-budafok-2\/"},"wordCount":835,"publisher":{"@id":"https:\/\/dorogimedence.hu\/#organization"},"image":{"@id":"https:\/\/dorogimedence.hu\/index.php\/2022\/09\/02\/orok-merlegen-dorog-budafok-2\/#primaryimage"},"thumbnailUrl":"https:\/\/dorogimedence.hu\/wp-content\/uploads\/2022\/08\/Akt.borito.jpg","keywords":["Budafok","Dorog","Dorogi FC","foci","futball","labdar\u00fag\u00e1s","NB II","sport"],"articleSection":["Dorog","H\u00edrek","Sport"],"inLanguage":"hu"},{"@type":"WebPage","@id":"https:\/\/dorogimedence.hu\/index.php\/2022\/09\/02\/orok-merlegen-dorog-budafok-2\/","url":"https:\/\/dorogimedence.hu\/index.php\/2022\/09\/02\/orok-merlegen-dorog-budafok-2\/","name":"\u00d6r\u00f6k M\u00e9rlegen: Dorog \u2013 Budafok","isPartOf":{"@id":"https:\/\/dorogimedence.hu\/#website"},"primaryImageOfPage":{"@id":"https:\/\/dorogimedence.hu\/index.php\/2022\/09\/02\/orok-merlegen-dorog-budafok-2\/#primaryimage"},"image":{"@id":"https:\/\/dorogimedence.hu\/index.php\/2022\/09\/02\/orok-merlegen-dorog-budafok-2\/#primaryimage"},"thumbnailUrl":"https:\/\/dorogimedence.hu\/wp-content\/uploads\/2022\/08\/Akt.borito.jpg","datePublished":"2022-09-02T06:32:18+00:00","dateModified":"2022-09-02T06:32:40+00:00","breadcrumb":{"@id":"https:\/\/dorogimedence.hu\/index.php\/2022\/09\/02\/orok-merlegen-dorog-budafok-2\/#breadcrumb"},"inLanguage":"hu","potentialAction":[{"@type":"ReadAction","target":["https:\/\/dorogimedence.hu\/index.php\/2022\/09\/02\/orok-merlegen-dorog-budafok-2\/"]}]},{"@type":"ImageObject","inLanguage":"hu","@id":"https:\/\/dorogimedence.hu\/index.php\/2022\/09\/02\/orok-merlegen-dorog-budafok-2\/#primaryimage","url":"https:\/\/dorogimedence.hu\/wp-content\/uploads\/2022\/08\/Akt.borito.jpg","contentUrl":"https:\/\/dorogimedence.hu\/wp-content\/uploads\/2022\/08\/Akt.borito.jpg","width":1026,"height":518},{"@type":"BreadcrumbList","@id":"https:\/\/dorogimedence.hu\/index.php\/2022\/09\/02\/orok-merlegen-dorog-budafok-2\/#breadcrumb","itemListElement":[{"@type":"ListItem","position":1,"name":"Kezd\u0151lap","item":"https:\/\/dorogimedence.hu\/"},{"@type":"ListItem","position":2,"name":"\u00d6r\u00f6k M\u00e9rlegen: Dorog \u2013 Budafok"}]},{"@type":"WebSite","@id":"https:\/\/dorogimedence.hu\/#website","url":"https:\/\/dorogimedence.hu\/","name":"Dorogi-medence Region\u00e1lis H\u00edrport\u00e1l","description":"Dorog, Keszt\u00f6lc, Le\u00e1nyv\u00e1r, Piliscs\u00e9v, Tokod, Tokodalt\u00e1r\u00f3, Csolnok, Esztergom-kertv\u00e1ros: h\u00edrek, programok","publisher":{"@id":"https:\/\/dorogimedence.hu\/#organization"},"potentialAction":[{"@type":"SearchAction","target":{"@type":"EntryPoint","urlTemplate":"https:\/\/dorogimedence.hu\/?s={search_term_string}"},"query-input":{"@type":"PropertyValueSpecification","valueRequired":true,"valueName":"search_term_string"}}],"inLanguage":"hu"},{"@type":"Organization","@id":"https:\/\/dorogimedence.hu\/#organization","name":"Dorogi-medence Region\u00e1lis H\u00edrport\u00e1l","url":"https:\/\/dorogimedence.hu\/","logo":{"@type":"ImageObject","inLanguage":"hu","@id":"https:\/\/dorogimedence.hu\/#\/schema\/logo\/image\/","url":"https:\/\/dorogimedence.hu\/wp-content\/uploads\/2021\/04\/logo-feher-600.png","contentUrl":"https:\/\/dorogimedence.hu\/wp-content\/uploads\/2021\/04\/logo-feher-600.png","width":600,"height":100,"caption":"Dorogi-medence Region\u00e1lis H\u00edrport\u00e1l"},"image":{"@id":"https:\/\/dorogimedence.hu\/#\/schema\/logo\/image\/"},"sameAs":["https:\/\/www.facebook.com\/dorogimedence\/"]},{"@type":"Person","@id":"https:\/\/dorogimedence.hu\/#\/schema\/person\/76605e8151ec1b7376385cd184ede973","name":"Szab\u00f3 Gyula","image":{"@type":"ImageObject","inLanguage":"hu","@id":"\/\/www.gravatar.com\/avatar\/3e44b6fb2ef9bcea3639958cc2a587cb?s=96&#038;r=g&#038;d=mm","url":"\/\/www.gravatar.com\/avatar\/3e44b6fb2ef9bcea3639958cc2a587cb?s=96&#038;r=g&#038;d=mm","contentUrl":"\/\/www.gravatar.com\/avatar\/3e44b6fb2ef9bcea3639958cc2a587cb?s=96&#038;r=g&#038;d=mm","caption":"Szab\u00f3 Gyula"}}]}},"_links":{"self":[{"href":"https:\/\/dorogimedence.hu\/index.php\/wp-json\/wp\/v2\/posts\/46104","targetHints":{"allow":["GET"]}}],"collection":[{"href":"https:\/\/dorogimedence.hu\/index.php\/wp-json\/wp\/v2\/posts"}],"about":[{"href":"https:\/\/dorogimedence.hu\/index.php\/wp-json\/wp\/v2\/types\/post"}],"author":[{"embeddable":true,"href":"https:\/\/dorogimedence.hu\/index.php\/wp-json\/wp\/v2\/users\/4"}],"replies":[{"embeddable":true,"href":"https:\/\/dorogimedence.hu\/index.php\/wp-json\/wp\/v2\/comments?post=46104"}],"version-history":[{"count":0,"href":"https:\/\/dorogimedence.hu\/index.php\/wp-json\/wp\/v2\/posts\/46104\/revisions"}],"wp:featuredmedia":[{"embeddable":true,"href":"https:\/\/dorogimedence.hu\/index.php\/wp-json\/wp\/v2\/media\/46108"}],"wp:attachment":[{"href":"https:\/\/dorogimedence.hu\/index.php\/wp-json\/wp\/v2\/media?parent=46104"}],"wp:term":[{"taxonomy":"category","embeddable":true,"href":"https:\/\/dorogimedence.hu\/index.php\/wp-json\/wp\/v2\/categories?post=46104"},{"taxonomy":"post_tag","embeddable":true,"href":"https:\/\/dorogimedence.hu\/index.php\/wp-json\/wp\/v2\/tags?post=46104"}],"curies":[{"name":"wp","href":"https:\/\/api.w.org\/{rel}","templated":true}]}}