{"id":4603,"date":"2017-07-23T08:19:05","date_gmt":"2017-07-23T06:19:05","guid":{"rendered":"http:\/\/dorogimedence.hu\/?p=4603"},"modified":"2017-07-23T08:19:05","modified_gmt":"2017-07-23T06:19:05","slug":"ket-merkozessel-ert-veget-a-felkeszulesi-idoszak","status":"publish","type":"post","link":"https:\/\/dorogimedence.hu\/index.php\/2017\/07\/23\/ket-merkozessel-ert-veget-a-felkeszulesi-idoszak\/","title":{"rendered":"K\u00e9t m\u00e9rk\u0151z\u00e9ssel \u00e9rt v\u00e9get a felk\u00e9sz\u00fcl\u00e9si id\u0151szak"},"content":{"rendered":"<p><strong>A h\u00e9tv\u00e9g\u00e9n a Dorogi FC k\u00e9t edz\u0151m\u00e9rk\u0151z\u00e9st is j\u00e1tszott, amelyekkel befejez\u0151d\u00f6tt az NB II-es bajnoks\u00e1gra felk\u00e9sz\u00edt\u0151 id\u0151szak sz\u00e1mukra. Schindler Szabolcs vezet\u0151edz\u0151 \u00e9s T\u00f3th Csaba szakmai igazgat\u00f3 \u00e9rt\u00e9kelte a l\u00e1tottakat.<\/strong><\/p>\n<p>A p\u00e9nteki meccset a piros-feket\u00e9k Somorj\u00e1n j\u00e1tszott\u00e1k a t\u00f6r\u00f6k els\u0151 oszt\u00e1lyban kit\u0171n\u0151en szerepl\u0151 Trabzonspor ellen. Ezen a m\u00e9rk\u0151z\u00e9sen f\u0151leg azok kaptak szerepl\u00e9si lehet\u0151s\u00e9get, akiknek nagy es\u00e9lye van a j\u00f6v\u0151 heti, Szolnok elleni \u00f6sszecsap\u00e1son a kezd\u0151 csapatba beker\u00fclni. A t\u00f6r\u00f6k g\u00e1rda a Felvid\u00e9ken edz\u0151t\u00e1borozik egy h\u00e9tig \u00e9s a magyarok ellen is szuperszt\u00e1rokat vonultattak fel. P\u00e1ly\u00e1ra l\u00e9pett Olcay Sahan, Fabian Castillo, Hugo Rodallega \u00e9s Juraj Kucka is. Mindannyian saj\u00e1t orsz\u00e1guk nemzeti tizenegy\u00e9ben is meghat\u00e1roz\u00f3 j\u00e1t\u00e9kosok. A m\u00e9rk\u0151z\u00e9s kiegyenl\u00edtett volt, a 2-1-es v\u00e9geredm\u00e9nnyel Schindler Szabolcs \u00e9s T\u00f3th Csaba is el\u00e9gedett volt. \u00c9rt\u00e9kel\u00e9s\u00fckben elmondt\u00e1k, rengeteg olyan elem volt, amit gyakoroltak edz\u00e9seken. A v\u00e9dekez\u00e9st eg\u00e9sz j\u00f3l oldott\u00e1k meg a j\u00e1t\u00e9kosok, a t\u00e1mad\u00e1sban kev\u00e9s lehet\u0151s\u00e9g\u00fck volt, mivel nagyon sokat birtokolta a labd\u00e1t az ellenf\u00e9l. A t\u00f6r\u00f6k\u00f6k nagyon magasan k\u00e9pzett focist\u00e1k, ehhez m\u00e9rten a v\u00e9geredm\u00e9ny v\u00e1llalhat\u00f3.<\/p>\n<p><strong>Trabzonsport &#8211; Dorog 2-1<\/strong><\/p>\n<p>Szombaton a Dorog hazai p\u00e1ly\u00e1n a szlov\u00e1k m\u00e1sodoszt\u00e1lyban szerepl\u0151 Sk 1923 Gabcikovo csapat\u00e1t fogadta. Ezen a napon azok a j\u00e1t\u00e9kosok mutathatt\u00e1k meg tud\u00e1sukat, akik el\u0151z\u0151 nap nem l\u00e9ptek p\u00e1ly\u00e1ra. A 3-3-as v\u00e9geredm\u00e9nnyel z\u00e1r\u00f3d\u00f3 m\u00e9rk\u0151z\u00e9sen nagyon hull\u00e1mz\u00f3 egy\u00e9ni \u00e9s csapatteljes\u00edtm\u00e9ny volt T\u00f3th Csaba szerint. Sokan szerett\u00e9k volna megmutatni tud\u00e1sukat, bizony\u00edtva ezzel azt, hogy hely\u00fck van a kezd\u0151 csapatban. Ez azonban azt eredm\u00e9nyezte, hogy hi\u00e1nyzott az \u00f6sszj\u00e1t\u00e9k. Schindler Szabolcs azt is hozz\u00e1tette, nem tetszett neki a j\u00e1t\u00e9k, mivel sok hib\u00e1t v\u00e9tettek \u00e9s idegesek voltak a focist\u00e1i. T\u00falbonyol\u00edtott\u00e1k a szitu\u00e1ci\u00f3kat, nem az egyszer\u0171, de j\u00f3l bev\u00e1lt megold\u00e1sokat v\u00e1lasztott\u00e1k. Amikor b\u00e1tran el\u0151re v\u00e9dekeztek, \u00e9s felv\u00e1llalt\u00e1k a p\u00e1rharcokat, akkor j\u00f3l m\u0171k\u00f6d\u00f6tt a csapat. Sajnos a legt\u00f6bb esetben azonban nem voltak el\u00e9g agressz\u00edvek, ami meghat\u00e1rozta a m\u00e9rk\u0151z\u00e9s v\u00e9geredm\u00e9ny\u00e9t.<\/p>\n<p><strong>Dorogi FC &#8211; Sk 1923 Gabcikovo 3-3<\/strong><\/p>\n<p>Mindk\u00e9t m\u00e9rk\u0151z\u00e9st alaposan ki fogj\u00e1k elemezni, ezut\u00e1n d\u00f6ntenek k\u00f6z\u00f6sen arr\u00f3l, ki l\u00e9phet p\u00e1ly\u00e1ra <strong>a 2017\/18-as szezon nyit\u00f3m\u00e9rk\u0151z\u00e9s\u00e9n, amelyen a Dorog idegenben Szolnok ellen fog j\u00e1tszani j\u00falius 30-\u00e1n, vas\u00e1rnap 18 \u00f3rai kezdettel.<\/strong><\/p>\n<p><em>Fot\u00f3, forr\u00e1s: dorogifc.hu<\/em><\/p>\n","protected":false},"excerpt":{"rendered":"<p>A h\u00e9tv\u00e9g\u00e9n a Dorogi FC k\u00e9t edz\u0151m\u00e9rk\u0151z\u00e9st is j\u00e1tszott, amelyekkel befejez\u0151d\u00f6tt az NB II-es bajnoks\u00e1gra felk\u00e9sz\u00edt\u0151 id\u0151szak sz\u00e1mukra. Schindler Szabolcs vezet\u0151edz\u0151 \u00e9s T\u00f3th Csaba szakmai igazgat\u00f3 \u00e9rt\u00e9kelte a l\u00e1tottakat. A p\u00e9nteki meccset a piros-feket\u00e9k Somorj\u00e1n j\u00e1tszott\u00e1k a t\u00f6r\u00f6k els\u0151 oszt\u00e1lyban kit\u0171n\u0151en szerepl\u0151 Trabzonspor ellen. Ezen a m\u00e9rk\u0151z\u00e9sen f\u0151leg azok kaptak szerepl\u00e9si lehet\u0151s\u00e9get, akiknek nagy es\u00e9lye<\/p>\n","protected":false},"author":1,"featured_media":4604,"comment_status":"closed","ping_status":"closed","sticky":false,"template":"","format":"standard","meta":{"ngg_post_thumbnail":0,"footnotes":""},"categories":[2,3,5],"tags":[15,37,70,69,72,16],"class_list":{"0":"post-4603","1":"post","2":"type-post","3":"status-publish","4":"format-standard","5":"has-post-thumbnail","7":"category-dorog","8":"category-hirek","9":"category-sport","10":"tag-dorog","11":"tag-dorogi-fc","12":"tag-foci","13":"tag-futball","14":"tag-labdarugas","15":"tag-sport"},"yoast_head":"<!-- This site is optimized with the Yoast SEO plugin v27.5 - https:\/\/yoast.com\/product\/yoast-seo-wordpress\/ -->\n<title>K\u00e9t m\u00e9rk\u0151z\u00e9ssel \u00e9rt v\u00e9get a felk\u00e9sz\u00fcl\u00e9si id\u0151szak<\/title>\n<meta name=\"robots\" content=\"index, follow, max-snippet:-1, max-image-preview:large, max-video-preview:-1\" \/>\n<link rel=\"canonical\" href=\"https:\/\/dorogimedence.hu\/index.php\/2017\/07\/23\/ket-merkozessel-ert-veget-a-felkeszulesi-idoszak\/\" class=\"yoast-seo-meta-tag\" \/>\n<meta property=\"og:locale\" content=\"hu_HU\" class=\"yoast-seo-meta-tag\" \/>\n<meta property=\"og:type\" content=\"article\" class=\"yoast-seo-meta-tag\" \/>\n<meta property=\"og:title\" content=\"K\u00e9t m\u00e9rk\u0151z\u00e9ssel \u00e9rt v\u00e9get a felk\u00e9sz\u00fcl\u00e9si id\u0151szak\" class=\"yoast-seo-meta-tag\" \/>\n<meta property=\"og:description\" content=\"A h\u00e9tv\u00e9g\u00e9n a Dorogi FC k\u00e9t edz\u0151m\u00e9rk\u0151z\u00e9st is j\u00e1tszott, amelyekkel befejez\u0151d\u00f6tt az NB II-es bajnoks\u00e1gra felk\u00e9sz\u00edt\u0151 id\u0151szak sz\u00e1mukra. Schindler Szabolcs vezet\u0151edz\u0151 \u00e9s T\u00f3th Csaba szakmai igazgat\u00f3 \u00e9rt\u00e9kelte a l\u00e1tottakat. A p\u00e9nteki meccset a piros-feket\u00e9k Somorj\u00e1n j\u00e1tszott\u00e1k a t\u00f6r\u00f6k els\u0151 oszt\u00e1lyban kit\u0171n\u0151en szerepl\u0151 Trabzonspor ellen. Ezen a m\u00e9rk\u0151z\u00e9sen f\u0151leg azok kaptak szerepl\u00e9si lehet\u0151s\u00e9get, akiknek nagy es\u00e9lye\" class=\"yoast-seo-meta-tag\" \/>\n<meta property=\"og:url\" content=\"https:\/\/dorogimedence.hu\/index.php\/2017\/07\/23\/ket-merkozessel-ert-veget-a-felkeszulesi-idoszak\/\" class=\"yoast-seo-meta-tag\" \/>\n<meta property=\"og:site_name\" content=\"Dorogi-medence Region\u00e1lis H\u00edrport\u00e1l\" class=\"yoast-seo-meta-tag\" \/>\n<meta property=\"article:publisher\" content=\"https:\/\/www.facebook.com\/dorogimedence\/\" class=\"yoast-seo-meta-tag\" \/>\n<meta property=\"article:published_time\" content=\"2017-07-23T06:19:05+00:00\" class=\"yoast-seo-meta-tag\" \/>\n<meta property=\"og:image\" content=\"https:\/\/i0.wp.com\/dorogimedence.hu\/wp-content\/uploads\/2017\/07\/dorogifc-14.jpg?fit=670%2C365&ssl=1\" class=\"yoast-seo-meta-tag\" \/>\n\t<meta property=\"og:image:width\" content=\"670\" class=\"yoast-seo-meta-tag\" \/>\n\t<meta property=\"og:image:height\" content=\"365\" class=\"yoast-seo-meta-tag\" \/>\n\t<meta property=\"og:image:type\" content=\"image\/jpeg\" class=\"yoast-seo-meta-tag\" \/>\n<meta name=\"author\" content=\"dorogimedence.hu\" class=\"yoast-seo-meta-tag\" \/>\n<meta name=\"twitter:card\" content=\"summary_large_image\" class=\"yoast-seo-meta-tag\" \/>\n<meta name=\"twitter:label1\" content=\"Szerz\u0151:\" class=\"yoast-seo-meta-tag\" \/>\n\t<meta name=\"twitter:data1\" content=\"dorogimedence.hu\" class=\"yoast-seo-meta-tag\" \/>\n\t<meta name=\"twitter:label2\" content=\"Becs\u00fclt olvas\u00e1si id\u0151\" class=\"yoast-seo-meta-tag\" \/>\n\t<meta name=\"twitter:data2\" content=\"3 perc\" class=\"yoast-seo-meta-tag\" \/>\n<script type=\"application\/ld+json\" class=\"yoast-schema-graph\">{\"@context\":\"https:\\\/\\\/schema.org\",\"@graph\":[{\"@type\":\"Article\",\"@id\":\"https:\\\/\\\/dorogimedence.hu\\\/index.php\\\/2017\\\/07\\\/23\\\/ket-merkozessel-ert-veget-a-felkeszulesi-idoszak\\\/#article\",\"isPartOf\":{\"@id\":\"https:\\\/\\\/dorogimedence.hu\\\/index.php\\\/2017\\\/07\\\/23\\\/ket-merkozessel-ert-veget-a-felkeszulesi-idoszak\\\/\"},\"author\":{\"name\":\"dorogimedence.hu\",\"@id\":\"https:\\\/\\\/dorogimedence.hu\\\/#\\\/schema\\\/person\\\/ce6091eeb7e95ecdc87890d6aa8e0fd4\"},\"headline\":\"K\u00e9t m\u00e9rk\u0151z\u00e9ssel \u00e9rt v\u00e9get a felk\u00e9sz\u00fcl\u00e9si id\u0151szak\",\"datePublished\":\"2017-07-23T06:19:05+00:00\",\"mainEntityOfPage\":{\"@id\":\"https:\\\/\\\/dorogimedence.hu\\\/index.php\\\/2017\\\/07\\\/23\\\/ket-merkozessel-ert-veget-a-felkeszulesi-idoszak\\\/\"},\"wordCount\":529,\"publisher\":{\"@id\":\"https:\\\/\\\/dorogimedence.hu\\\/#organization\"},\"image\":{\"@id\":\"https:\\\/\\\/dorogimedence.hu\\\/index.php\\\/2017\\\/07\\\/23\\\/ket-merkozessel-ert-veget-a-felkeszulesi-idoszak\\\/#primaryimage\"},\"thumbnailUrl\":\"https:\\\/\\\/dorogimedence.hu\\\/wp-content\\\/uploads\\\/2017\\\/07\\\/dorogifc-14.jpg\",\"keywords\":[\"Dorog\",\"Dorogi FC\",\"foci\",\"futball\",\"labdar\u00fag\u00e1s\",\"sport\"],\"articleSection\":[\"Dorog\",\"H\u00edrek\",\"Sport\"],\"inLanguage\":\"hu\"},{\"@type\":\"WebPage\",\"@id\":\"https:\\\/\\\/dorogimedence.hu\\\/index.php\\\/2017\\\/07\\\/23\\\/ket-merkozessel-ert-veget-a-felkeszulesi-idoszak\\\/\",\"url\":\"https:\\\/\\\/dorogimedence.hu\\\/index.php\\\/2017\\\/07\\\/23\\\/ket-merkozessel-ert-veget-a-felkeszulesi-idoszak\\\/\",\"name\":\"K\u00e9t m\u00e9rk\u0151z\u00e9ssel \u00e9rt v\u00e9get a felk\u00e9sz\u00fcl\u00e9si id\u0151szak\",\"isPartOf\":{\"@id\":\"https:\\\/\\\/dorogimedence.hu\\\/#website\"},\"primaryImageOfPage\":{\"@id\":\"https:\\\/\\\/dorogimedence.hu\\\/index.php\\\/2017\\\/07\\\/23\\\/ket-merkozessel-ert-veget-a-felkeszulesi-idoszak\\\/#primaryimage\"},\"image\":{\"@id\":\"https:\\\/\\\/dorogimedence.hu\\\/index.php\\\/2017\\\/07\\\/23\\\/ket-merkozessel-ert-veget-a-felkeszulesi-idoszak\\\/#primaryimage\"},\"thumbnailUrl\":\"https:\\\/\\\/dorogimedence.hu\\\/wp-content\\\/uploads\\\/2017\\\/07\\\/dorogifc-14.jpg\",\"datePublished\":\"2017-07-23T06:19:05+00:00\",\"breadcrumb\":{\"@id\":\"https:\\\/\\\/dorogimedence.hu\\\/index.php\\\/2017\\\/07\\\/23\\\/ket-merkozessel-ert-veget-a-felkeszulesi-idoszak\\\/#breadcrumb\"},\"inLanguage\":\"hu\",\"potentialAction\":[{\"@type\":\"ReadAction\",\"target\":[\"https:\\\/\\\/dorogimedence.hu\\\/index.php\\\/2017\\\/07\\\/23\\\/ket-merkozessel-ert-veget-a-felkeszulesi-idoszak\\\/\"]}]},{\"@type\":\"ImageObject\",\"inLanguage\":\"hu\",\"@id\":\"https:\\\/\\\/dorogimedence.hu\\\/index.php\\\/2017\\\/07\\\/23\\\/ket-merkozessel-ert-veget-a-felkeszulesi-idoszak\\\/#primaryimage\",\"url\":\"https:\\\/\\\/dorogimedence.hu\\\/wp-content\\\/uploads\\\/2017\\\/07\\\/dorogifc-14.jpg\",\"contentUrl\":\"https:\\\/\\\/dorogimedence.hu\\\/wp-content\\\/uploads\\\/2017\\\/07\\\/dorogifc-14.jpg\",\"width\":670,\"height\":365},{\"@type\":\"BreadcrumbList\",\"@id\":\"https:\\\/\\\/dorogimedence.hu\\\/index.php\\\/2017\\\/07\\\/23\\\/ket-merkozessel-ert-veget-a-felkeszulesi-idoszak\\\/#breadcrumb\",\"itemListElement\":[{\"@type\":\"ListItem\",\"position\":1,\"name\":\"Kezd\u0151lap\",\"item\":\"https:\\\/\\\/dorogimedence.hu\\\/\"},{\"@type\":\"ListItem\",\"position\":2,\"name\":\"K\u00e9t m\u00e9rk\u0151z\u00e9ssel \u00e9rt v\u00e9get a felk\u00e9sz\u00fcl\u00e9si id\u0151szak\"}]},{\"@type\":\"WebSite\",\"@id\":\"https:\\\/\\\/dorogimedence.hu\\\/#website\",\"url\":\"https:\\\/\\\/dorogimedence.hu\\\/\",\"name\":\"Dorogi-medence Region\u00e1lis H\u00edrport\u00e1l\",\"description\":\"Dorog, Keszt\u00f6lc, Le\u00e1nyv\u00e1r, Piliscs\u00e9v, Tokod, Tokodalt\u00e1r\u00f3, Csolnok, Esztergom-kertv\u00e1ros: h\u00edrek, programok\",\"publisher\":{\"@id\":\"https:\\\/\\\/dorogimedence.hu\\\/#organization\"},\"potentialAction\":[{\"@type\":\"SearchAction\",\"target\":{\"@type\":\"EntryPoint\",\"urlTemplate\":\"https:\\\/\\\/dorogimedence.hu\\\/?s={search_term_string}\"},\"query-input\":{\"@type\":\"PropertyValueSpecification\",\"valueRequired\":true,\"valueName\":\"search_term_string\"}}],\"inLanguage\":\"hu\"},{\"@type\":\"Organization\",\"@id\":\"https:\\\/\\\/dorogimedence.hu\\\/#organization\",\"name\":\"Dorogi-medence Region\u00e1lis H\u00edrport\u00e1l\",\"url\":\"https:\\\/\\\/dorogimedence.hu\\\/\",\"logo\":{\"@type\":\"ImageObject\",\"inLanguage\":\"hu\",\"@id\":\"https:\\\/\\\/dorogimedence.hu\\\/#\\\/schema\\\/logo\\\/image\\\/\",\"url\":\"https:\\\/\\\/dorogimedence.hu\\\/wp-content\\\/uploads\\\/2021\\\/04\\\/logo-feher-600.png\",\"contentUrl\":\"https:\\\/\\\/dorogimedence.hu\\\/wp-content\\\/uploads\\\/2021\\\/04\\\/logo-feher-600.png\",\"width\":600,\"height\":100,\"caption\":\"Dorogi-medence Region\u00e1lis H\u00edrport\u00e1l\"},\"image\":{\"@id\":\"https:\\\/\\\/dorogimedence.hu\\\/#\\\/schema\\\/logo\\\/image\\\/\"},\"sameAs\":[\"https:\\\/\\\/www.facebook.com\\\/dorogimedence\\\/\"]},{\"@type\":\"Person\",\"@id\":\"https:\\\/\\\/dorogimedence.hu\\\/#\\\/schema\\\/person\\\/ce6091eeb7e95ecdc87890d6aa8e0fd4\",\"name\":\"dorogimedence.hu\",\"image\":{\"@type\":\"ImageObject\",\"inLanguage\":\"hu\",\"@id\":\"\\\/\\\/www.gravatar.com\\\/avatar\\\/d8d45f8901aadff40a4af72c0b826f1d?s=96&#038;r=g&#038;d=mm\",\"url\":\"\\\/\\\/www.gravatar.com\\\/avatar\\\/d8d45f8901aadff40a4af72c0b826f1d?s=96&#038;r=g&#038;d=mm\",\"contentUrl\":\"\\\/\\\/www.gravatar.com\\\/avatar\\\/d8d45f8901aadff40a4af72c0b826f1d?s=96&#038;r=g&#038;d=mm\",\"caption\":\"dorogimedence.hu\"}}]}<\/script>\n<!-- \/ Yoast SEO plugin. -->","yoast_head_json":{"title":"K\u00e9t m\u00e9rk\u0151z\u00e9ssel \u00e9rt v\u00e9get a felk\u00e9sz\u00fcl\u00e9si id\u0151szak","robots":{"index":"index","follow":"follow","max-snippet":"max-snippet:-1","max-image-preview":"max-image-preview:large","max-video-preview":"max-video-preview:-1"},"canonical":"https:\/\/dorogimedence.hu\/index.php\/2017\/07\/23\/ket-merkozessel-ert-veget-a-felkeszulesi-idoszak\/","og_locale":"hu_HU","og_type":"article","og_title":"K\u00e9t m\u00e9rk\u0151z\u00e9ssel \u00e9rt v\u00e9get a felk\u00e9sz\u00fcl\u00e9si id\u0151szak","og_description":"A h\u00e9tv\u00e9g\u00e9n a Dorogi FC k\u00e9t edz\u0151m\u00e9rk\u0151z\u00e9st is j\u00e1tszott, amelyekkel befejez\u0151d\u00f6tt az NB II-es bajnoks\u00e1gra felk\u00e9sz\u00edt\u0151 id\u0151szak sz\u00e1mukra. Schindler Szabolcs vezet\u0151edz\u0151 \u00e9s T\u00f3th Csaba szakmai igazgat\u00f3 \u00e9rt\u00e9kelte a l\u00e1tottakat. A p\u00e9nteki meccset a piros-feket\u00e9k Somorj\u00e1n j\u00e1tszott\u00e1k a t\u00f6r\u00f6k els\u0151 oszt\u00e1lyban kit\u0171n\u0151en szerepl\u0151 Trabzonspor ellen. Ezen a m\u00e9rk\u0151z\u00e9sen f\u0151leg azok kaptak szerepl\u00e9si lehet\u0151s\u00e9get, akiknek nagy es\u00e9lye","og_url":"https:\/\/dorogimedence.hu\/index.php\/2017\/07\/23\/ket-merkozessel-ert-veget-a-felkeszulesi-idoszak\/","og_site_name":"Dorogi-medence Region\u00e1lis H\u00edrport\u00e1l","article_publisher":"https:\/\/www.facebook.com\/dorogimedence\/","article_published_time":"2017-07-23T06:19:05+00:00","og_image":[{"width":670,"height":365,"url":"https:\/\/i0.wp.com\/dorogimedence.hu\/wp-content\/uploads\/2017\/07\/dorogifc-14.jpg?fit=670%2C365&ssl=1","type":"image\/jpeg"}],"author":"dorogimedence.hu","twitter_card":"summary_large_image","twitter_misc":{"Szerz\u0151:":"dorogimedence.hu","Becs\u00fclt olvas\u00e1si id\u0151":"3 perc"},"schema":{"@context":"https:\/\/schema.org","@graph":[{"@type":"Article","@id":"https:\/\/dorogimedence.hu\/index.php\/2017\/07\/23\/ket-merkozessel-ert-veget-a-felkeszulesi-idoszak\/#article","isPartOf":{"@id":"https:\/\/dorogimedence.hu\/index.php\/2017\/07\/23\/ket-merkozessel-ert-veget-a-felkeszulesi-idoszak\/"},"author":{"name":"dorogimedence.hu","@id":"https:\/\/dorogimedence.hu\/#\/schema\/person\/ce6091eeb7e95ecdc87890d6aa8e0fd4"},"headline":"K\u00e9t m\u00e9rk\u0151z\u00e9ssel \u00e9rt v\u00e9get a felk\u00e9sz\u00fcl\u00e9si id\u0151szak","datePublished":"2017-07-23T06:19:05+00:00","mainEntityOfPage":{"@id":"https:\/\/dorogimedence.hu\/index.php\/2017\/07\/23\/ket-merkozessel-ert-veget-a-felkeszulesi-idoszak\/"},"wordCount":529,"publisher":{"@id":"https:\/\/dorogimedence.hu\/#organization"},"image":{"@id":"https:\/\/dorogimedence.hu\/index.php\/2017\/07\/23\/ket-merkozessel-ert-veget-a-felkeszulesi-idoszak\/#primaryimage"},"thumbnailUrl":"https:\/\/dorogimedence.hu\/wp-content\/uploads\/2017\/07\/dorogifc-14.jpg","keywords":["Dorog","Dorogi FC","foci","futball","labdar\u00fag\u00e1s","sport"],"articleSection":["Dorog","H\u00edrek","Sport"],"inLanguage":"hu"},{"@type":"WebPage","@id":"https:\/\/dorogimedence.hu\/index.php\/2017\/07\/23\/ket-merkozessel-ert-veget-a-felkeszulesi-idoszak\/","url":"https:\/\/dorogimedence.hu\/index.php\/2017\/07\/23\/ket-merkozessel-ert-veget-a-felkeszulesi-idoszak\/","name":"K\u00e9t m\u00e9rk\u0151z\u00e9ssel \u00e9rt v\u00e9get a felk\u00e9sz\u00fcl\u00e9si id\u0151szak","isPartOf":{"@id":"https:\/\/dorogimedence.hu\/#website"},"primaryImageOfPage":{"@id":"https:\/\/dorogimedence.hu\/index.php\/2017\/07\/23\/ket-merkozessel-ert-veget-a-felkeszulesi-idoszak\/#primaryimage"},"image":{"@id":"https:\/\/dorogimedence.hu\/index.php\/2017\/07\/23\/ket-merkozessel-ert-veget-a-felkeszulesi-idoszak\/#primaryimage"},"thumbnailUrl":"https:\/\/dorogimedence.hu\/wp-content\/uploads\/2017\/07\/dorogifc-14.jpg","datePublished":"2017-07-23T06:19:05+00:00","breadcrumb":{"@id":"https:\/\/dorogimedence.hu\/index.php\/2017\/07\/23\/ket-merkozessel-ert-veget-a-felkeszulesi-idoszak\/#breadcrumb"},"inLanguage":"hu","potentialAction":[{"@type":"ReadAction","target":["https:\/\/dorogimedence.hu\/index.php\/2017\/07\/23\/ket-merkozessel-ert-veget-a-felkeszulesi-idoszak\/"]}]},{"@type":"ImageObject","inLanguage":"hu","@id":"https:\/\/dorogimedence.hu\/index.php\/2017\/07\/23\/ket-merkozessel-ert-veget-a-felkeszulesi-idoszak\/#primaryimage","url":"https:\/\/dorogimedence.hu\/wp-content\/uploads\/2017\/07\/dorogifc-14.jpg","contentUrl":"https:\/\/dorogimedence.hu\/wp-content\/uploads\/2017\/07\/dorogifc-14.jpg","width":670,"height":365},{"@type":"BreadcrumbList","@id":"https:\/\/dorogimedence.hu\/index.php\/2017\/07\/23\/ket-merkozessel-ert-veget-a-felkeszulesi-idoszak\/#breadcrumb","itemListElement":[{"@type":"ListItem","position":1,"name":"Kezd\u0151lap","item":"https:\/\/dorogimedence.hu\/"},{"@type":"ListItem","position":2,"name":"K\u00e9t m\u00e9rk\u0151z\u00e9ssel \u00e9rt v\u00e9get a felk\u00e9sz\u00fcl\u00e9si id\u0151szak"}]},{"@type":"WebSite","@id":"https:\/\/dorogimedence.hu\/#website","url":"https:\/\/dorogimedence.hu\/","name":"Dorogi-medence Region\u00e1lis H\u00edrport\u00e1l","description":"Dorog, Keszt\u00f6lc, Le\u00e1nyv\u00e1r, Piliscs\u00e9v, Tokod, Tokodalt\u00e1r\u00f3, Csolnok, Esztergom-kertv\u00e1ros: h\u00edrek, programok","publisher":{"@id":"https:\/\/dorogimedence.hu\/#organization"},"potentialAction":[{"@type":"SearchAction","target":{"@type":"EntryPoint","urlTemplate":"https:\/\/dorogimedence.hu\/?s={search_term_string}"},"query-input":{"@type":"PropertyValueSpecification","valueRequired":true,"valueName":"search_term_string"}}],"inLanguage":"hu"},{"@type":"Organization","@id":"https:\/\/dorogimedence.hu\/#organization","name":"Dorogi-medence Region\u00e1lis H\u00edrport\u00e1l","url":"https:\/\/dorogimedence.hu\/","logo":{"@type":"ImageObject","inLanguage":"hu","@id":"https:\/\/dorogimedence.hu\/#\/schema\/logo\/image\/","url":"https:\/\/dorogimedence.hu\/wp-content\/uploads\/2021\/04\/logo-feher-600.png","contentUrl":"https:\/\/dorogimedence.hu\/wp-content\/uploads\/2021\/04\/logo-feher-600.png","width":600,"height":100,"caption":"Dorogi-medence Region\u00e1lis H\u00edrport\u00e1l"},"image":{"@id":"https:\/\/dorogimedence.hu\/#\/schema\/logo\/image\/"},"sameAs":["https:\/\/www.facebook.com\/dorogimedence\/"]},{"@type":"Person","@id":"https:\/\/dorogimedence.hu\/#\/schema\/person\/ce6091eeb7e95ecdc87890d6aa8e0fd4","name":"dorogimedence.hu","image":{"@type":"ImageObject","inLanguage":"hu","@id":"\/\/www.gravatar.com\/avatar\/d8d45f8901aadff40a4af72c0b826f1d?s=96&#038;r=g&#038;d=mm","url":"\/\/www.gravatar.com\/avatar\/d8d45f8901aadff40a4af72c0b826f1d?s=96&#038;r=g&#038;d=mm","contentUrl":"\/\/www.gravatar.com\/avatar\/d8d45f8901aadff40a4af72c0b826f1d?s=96&#038;r=g&#038;d=mm","caption":"dorogimedence.hu"}}]}},"_links":{"self":[{"href":"https:\/\/dorogimedence.hu\/index.php\/wp-json\/wp\/v2\/posts\/4603","targetHints":{"allow":["GET"]}}],"collection":[{"href":"https:\/\/dorogimedence.hu\/index.php\/wp-json\/wp\/v2\/posts"}],"about":[{"href":"https:\/\/dorogimedence.hu\/index.php\/wp-json\/wp\/v2\/types\/post"}],"author":[{"embeddable":true,"href":"https:\/\/dorogimedence.hu\/index.php\/wp-json\/wp\/v2\/users\/1"}],"replies":[{"embeddable":true,"href":"https:\/\/dorogimedence.hu\/index.php\/wp-json\/wp\/v2\/comments?post=4603"}],"version-history":[{"count":0,"href":"https:\/\/dorogimedence.hu\/index.php\/wp-json\/wp\/v2\/posts\/4603\/revisions"}],"wp:featuredmedia":[{"embeddable":true,"href":"https:\/\/dorogimedence.hu\/index.php\/wp-json\/wp\/v2\/media\/4604"}],"wp:attachment":[{"href":"https:\/\/dorogimedence.hu\/index.php\/wp-json\/wp\/v2\/media?parent=4603"}],"wp:term":[{"taxonomy":"category","embeddable":true,"href":"https:\/\/dorogimedence.hu\/index.php\/wp-json\/wp\/v2\/categories?post=4603"},{"taxonomy":"post_tag","embeddable":true,"href":"https:\/\/dorogimedence.hu\/index.php\/wp-json\/wp\/v2\/tags?post=4603"}],"curies":[{"name":"wp","href":"https:\/\/api.w.org\/{rel}","templated":true}]}}