{"id":45932,"date":"2022-08-27T08:21:36","date_gmt":"2022-08-27T06:21:36","guid":{"rendered":"https:\/\/dorogimedence.hu\/?p=45932"},"modified":"2022-08-27T18:00:55","modified_gmt":"2022-08-27T16:00:55","slug":"orok-merlegen-bekescsaba-dorog-3","status":"publish","type":"post","link":"https:\/\/dorogimedence.hu\/index.php\/2022\/08\/27\/orok-merlegen-bekescsaba-dorog-3\/","title":{"rendered":"\u00d6r\u00f6k M\u00e9rlegen: B\u00e9k\u00e9scsaba \u2013 Dorog"},"content":{"rendered":"<p style=\"text-align: justify;\"><strong>Az elm\u00falt fordul\u00f3t k\u00f6vet\u0151en a dorogiak \u00fajfent idegenben \u00e9s megintcsak a D\u00e9l-Alf\u00f6ld\u00f6n pr\u00f3b\u00e1lnak szerencs\u00e9t. Ez\u00fattal a B\u00e9k\u00e9scsaba vend\u00e9gek\u00e9nt l\u00e9pnek p\u00e1ly\u00e1ra, ahol eddig nem sok bab\u00e9r termett a piros-feket\u00e9k sz\u00e1m\u00e1ra. A tal\u00e1lkoz\u00f3t augusztus 28-\u00e1n, vas\u00e1rnap a K\u00f3rh\u00e1z utcai stadionban 17.30-as kezdettel rendezik meg.<br \/>\n<\/strong><\/p>\n<p style=\"text-align: justify;\">Csapatunk Szegedr\u0151l is pont n\u00e9lk\u00fcl t\u00e1vozott \u00e9s 2\u20130-\u00e1s veres\u00e9g\u00e9t k\u00f6vet\u0151en v\u00e1ltozatlanul az utols\u00f3 el\u0151tti helyet foglalja el a tabell\u00e1n. Ez\u00fattal sem sz\u00e1m\u00edthatunk egyszer\u0171 feladatra a Viharsarokban az ellen a B\u00e9k\u00e9scsab\u00e1val szemben, amelyik egyike azon vet\u00e9lyt\u00e1rsainknak, akikkel a 2016-os feljut\u00e1sunk \u00f3ta folyamatosan csoportt\u00e1rsak vagyunk, imm\u00e1r hetedik \u00e9vada. Tavaly m\u00e9g a kup\u00e1ban is \u00f6sszeker\u00fclt\u00fcnk, \u00edgy az elm\u00falt 6 \u00e9v sor\u00e1n alaposan megszaporodott az egym\u00e1s elleni m\u00e9rk\u0151z\u00e9seink sz\u00e1ma.<\/p>\n<p style=\"text-align: center;\"><em><strong>Ez lesz a k\u00e9t csapat 20. egym\u00e1s elleni t\u00e9tm\u00e9rk\u0151z\u00e9se.<\/strong><\/em><\/p>\n<p><img fetchpriority=\"high\" decoding=\"async\" class=\"aligncenter wp-image-45851 \" src=\"https:\/\/dorogimedence.hu\/wp-content\/uploads\/2022\/08\/bal-3-300x300.jpg\" alt=\"\" width=\"374\" height=\"374\" srcset=\"https:\/\/dorogimedence.hu\/wp-content\/uploads\/2022\/08\/bal-3-300x300.jpg 300w, https:\/\/dorogimedence.hu\/wp-content\/uploads\/2022\/08\/bal-3-150x150.jpg 150w, https:\/\/dorogimedence.hu\/wp-content\/uploads\/2022\/08\/bal-3-768x768.jpg 768w, https:\/\/dorogimedence.hu\/wp-content\/uploads\/2022\/08\/bal-3-450x450.jpg 450w, https:\/\/dorogimedence.hu\/wp-content\/uploads\/2022\/08\/bal-3.jpg 777w\" sizes=\"(max-width: 374px) 100vw, 374px\" \/><\/p>\n<p>Az eddigi 19 tal\u00e1lkoz\u00f3n 5 dorogi gy\u0151zelem, 4 d\u00f6ntetlen, 10 veres\u00e9g; 24 : 33-as g\u00f3lar\u00e1nnyal sz\u00fcletett.<\/p>\n<p>Idegenbeli m\u00e9rleg\u00fcnk: 9 meccsen 1 gy\u0151zelem, 2 d\u00f6ntetlen, 6 veres\u00e9g; 7 : 19-es g\u00f3lar\u00e1ny.<\/p>\n<p>Csak a bajnoki m\u00e9rk\u0151z\u00e9seket figyelembe v\u00e9ve: 17 m\u00e9rk\u0151z\u00e9s, 4 gy\u0151zelem, 4 d\u00f6ntetlen, 9 veres\u00e9g;\u00a0 23 : 30-as g\u00f3lar\u00e1ny.<\/p>\n<p>Idegenben bajnokin 8 meccs, 1 gy\u0151zelem, 2 d\u00f6ntetlen, 5 veres\u00e9g;\u00a0 7 : 16-os g\u00f3lar\u00e1ny.<\/p>\n<p>Az elm\u00falt 6 folyamatos \u00e9v egym\u00e1s elleni szerepl\u00e9se sor\u00e1n pedig 12 alkalommal tal\u00e1lkoztak: 2 gy\u0151zelem, 2 d\u00f6ntetlen, 8 veres\u00e9g; 13 : 24-es g\u00f3lar\u00e1ny.<\/p>\n<p style=\"text-align: justify;\">Ellenfel\u00fcnk nemcsak domin\u00e1l a p\u00e1rharcok sor\u00e1n, de minden meccsen g\u00f3lt, g\u00f3lokat szerez ellen\u00fcnk. A legut\u00f3bbi k\u00e9t m\u00e9rk\u0151z\u00e9st Csab\u00e1n sim\u00e1n buktuk, m\u00e9gpedig 1 : 7-es ar\u00e1nyban. Utolj\u00e1ra id\u00e9n, janu\u00e1r v\u00e9g\u00e9n a tavaszi szezon nyit\u00f3meccs\u00e9n tal\u00e1lkoztunk B\u00e9k\u00e9s megye sz\u00e9khely\u00e9n, ahol 4\u20131-re kaptunk ki.<\/p>\n<p><img decoding=\"async\" class=\"aligncenter wp-image-45850 size-full\" src=\"https:\/\/dorogimedence.hu\/wp-content\/uploads\/2022\/08\/Bekescsaba_Dorog.jpg\" alt=\"\" width=\"960\" height=\"719\" srcset=\"https:\/\/dorogimedence.hu\/wp-content\/uploads\/2022\/08\/Bekescsaba_Dorog.jpg 960w, https:\/\/dorogimedence.hu\/wp-content\/uploads\/2022\/08\/Bekescsaba_Dorog-300x225.jpg 300w, https:\/\/dorogimedence.hu\/wp-content\/uploads\/2022\/08\/Bekescsaba_Dorog-768x575.jpg 768w, https:\/\/dorogimedence.hu\/wp-content\/uploads\/2022\/08\/Bekescsaba_Dorog-150x112.jpg 150w, https:\/\/dorogimedence.hu\/wp-content\/uploads\/2022\/08\/Bekescsaba_Dorog-450x337.jpg 450w\" sizes=\"(max-width: 960px) 100vw, 960px\" \/><\/p>\n<p style=\"text-align: center;\"><span style=\"font-size: 10pt;\"><em>A legut\u00f3bbi egym\u00e1s elleni m\u00e9rk\u0151z\u00e9sen, id\u00e9n janu\u00e1r 30-\u00e1n, volt j\u00e1t\u00e9kosunk, Bor D\u00e1vid teszi tov\u00e1bb a labd\u00e1t (forr\u00e1s: Nemzeti Sport.hu)<\/em><\/span><\/p>\n<p style=\"text-align: justify;\">A viharsarki lila-feh\u00e9rek legut\u00f3bb 2\u20132-es d\u00f6ntetlen \u00e9rtek el a Szentl\u0151rinc otthon\u00e1ban \u00fagy, hogy a f\u00e9lid\u0151ben k\u00e9t g\u00f3llal vezettek \u00e9s a hazaiaknak csak az utols\u00f3 pillanatban siker\u00fclt egy pontot menteni. A Csaba otthon ki\u00fct\u00f6tte a szezon eddigi meglepet\u00e9scsapat\u00e1t, a 2. helyen \u00e1ll\u00f3 Kazincbarcik\u00e1t 6 : 1 ar\u00e1nyban, az MTK ellen viszont 4\u20131-re kikapott. Valamennyi t\u00e9nyez\u0151 alapj\u00e1n ez\u00fattal is j\u00f3val es\u00e9lyesebbek a mienkn\u00e9l. A dorogiak tov\u00e1bbra is a legszell\u0151sebb v\u00e9delemmel rendelkeznek \u00e9s majd&#8217; 3 kapott g\u00f3l a meccs\u00e1tlaguk. A h\u00e1zigazd\u00e1k otthon igen vesz\u00e9lyesek b\u00e1rkire, r\u00e1ad\u00e1sul a csabai p\u00e1ly\u00e1n a Dorognak nem igaz\u00e1n megy. M\u00e1r egy d\u00f6ntetlen is komoly brav\u00farnak sz\u00e1m\u00edtana. A meccs k\u00fcl\u00f6n pikant\u00e9ri\u00e1ja, hogy a hazaiakn\u00e1l h\u00e1rom volt dorogi j\u00e1t\u00e9kos, Kitl Mikl\u00f3s, Bora Gy\u00f6rgy \u00e9s Bor D\u00e1vid n\u00e9z farkasszemet a mieinkkel. Igaz, hogy Bor D\u00e1vid id\u00e9n t\u00f6bbnyire a csabaiak tartal\u00e9k csapat\u00e1ban szerepel a harmadoszt\u00e1lyban. Paudits Patrik kor\u00e1bban a Dorog j\u00e1t\u00e9kosak\u00e9nt j\u00e1tszott a csabaiak ellen, majd \u00e9ppen t\u0151l\u00fcnk igazolt hozz\u00e1juk \u00e9s csabai j\u00e1t\u00e9kosk\u00e9nt t\u00f6bbsz\u00f6r is j\u00e1tszott ellen\u00fcnk, most pedig egykori j\u00e1t\u00e9kost\u00e1rsai lesznek ellenfelei.<\/p>\n<p style=\"text-align: justify;\">M\u00e9gcsak 5 fordul\u00f3n vagyunk t\u00fal, azonban h\u00e1rom klubn\u00e1l m\u00e1ris edz\u0151v\u00e1lt\u00e1sra ker\u00fclt sor. \u00daj tr\u00e9ner dirig\u00e1l imm\u00e1r Ny\u00edregyh\u00e1z\u00e1n, Budafokon \u00e9s Di\u00f3sgy\u0151rben. A szezon negyed\u00e9n\u00e9l m\u00e1rcsak k\u00e9t dobog\u00f3n \u00e1ll\u00f3 csapat &#8211; a listavezet\u0151 MTK \u00e9s a harmadik P\u00e9cs &#8211; veretlen, a sereghajt\u00f3 Budafok pedig nyeretlen. Csapatunk eddig h\u00e1rom idegenbeli fell\u00e9p\u00e9se rendre veres\u00e9ggel v\u00e9gz\u0151d\u00f6tt \u00e9s az eddigi fordul\u00f3kat sosem \u00fasztuk meg kapott g\u00f3l n\u00e9lk\u00fcl.<\/p>\n<p><em><strong>Szab\u00f3 Gyula<\/strong><\/em><\/p>\n","protected":false},"excerpt":{"rendered":"<p>Az elm\u00falt fordul\u00f3t k\u00f6vet\u0151en a dorogiak \u00fajfent idegenben \u00e9s megintcsak a D\u00e9l-Alf\u00f6ld\u00f6n pr\u00f3b\u00e1lnak szerencs\u00e9t. Ez\u00fattal a B\u00e9k\u00e9scsaba vend\u00e9gek\u00e9nt l\u00e9pnek p\u00e1ly\u00e1ra, ahol eddig nem sok bab\u00e9r termett a piros-feket\u00e9k sz\u00e1m\u00e1ra. A tal\u00e1lkoz\u00f3t augusztus 28-\u00e1n, vas\u00e1rnap a K\u00f3rh\u00e1z utcai stadionban 17.30-as kezdettel rendezik meg. Csapatunk Szegedr\u0151l is pont n\u00e9lk\u00fcl t\u00e1vozott \u00e9s 2\u20130-\u00e1s veres\u00e9g\u00e9t k\u00f6vet\u0151en v\u00e1ltozatlanul az utols\u00f3<\/p>\n","protected":false},"author":4,"featured_media":45985,"comment_status":"closed","ping_status":"closed","sticky":false,"template":"","format":"standard","meta":{"ngg_post_thumbnail":0,"footnotes":""},"categories":[2,3,5],"tags":[1858,15,37,70,69,72,263,16],"class_list":{"0":"post-45932","1":"post","2":"type-post","3":"status-publish","4":"format-standard","5":"has-post-thumbnail","7":"category-dorog","8":"category-hirek","9":"category-sport","10":"tag-bekescsaba","11":"tag-dorog","12":"tag-dorogi-fc","13":"tag-foci","14":"tag-futball","15":"tag-labdarugas","16":"tag-nb-ii","17":"tag-sport"},"yoast_head":"<!-- This site is optimized with the Yoast SEO plugin v27.4 - https:\/\/yoast.com\/product\/yoast-seo-wordpress\/ -->\n<title>\u00d6r\u00f6k M\u00e9rlegen: B\u00e9k\u00e9scsaba \u2013 Dorog<\/title>\n<meta name=\"robots\" content=\"index, follow, max-snippet:-1, max-image-preview:large, max-video-preview:-1\" \/>\n<link rel=\"canonical\" href=\"https:\/\/dorogimedence.hu\/index.php\/2022\/08\/27\/orok-merlegen-bekescsaba-dorog-3\/\" class=\"yoast-seo-meta-tag\" \/>\n<meta property=\"og:locale\" content=\"hu_HU\" class=\"yoast-seo-meta-tag\" \/>\n<meta property=\"og:type\" content=\"article\" class=\"yoast-seo-meta-tag\" \/>\n<meta property=\"og:title\" content=\"\u00d6r\u00f6k M\u00e9rlegen: B\u00e9k\u00e9scsaba \u2013 Dorog\" class=\"yoast-seo-meta-tag\" \/>\n<meta property=\"og:description\" content=\"Az elm\u00falt fordul\u00f3t k\u00f6vet\u0151en a dorogiak \u00fajfent idegenben \u00e9s megintcsak a D\u00e9l-Alf\u00f6ld\u00f6n pr\u00f3b\u00e1lnak szerencs\u00e9t. Ez\u00fattal a B\u00e9k\u00e9scsaba vend\u00e9gek\u00e9nt l\u00e9pnek p\u00e1ly\u00e1ra, ahol eddig nem sok bab\u00e9r termett a piros-feket\u00e9k sz\u00e1m\u00e1ra. A tal\u00e1lkoz\u00f3t augusztus 28-\u00e1n, vas\u00e1rnap a K\u00f3rh\u00e1z utcai stadionban 17.30-as kezdettel rendezik meg. Csapatunk Szegedr\u0151l is pont n\u00e9lk\u00fcl t\u00e1vozott \u00e9s 2\u20130-\u00e1s veres\u00e9g\u00e9t k\u00f6vet\u0151en v\u00e1ltozatlanul az utols\u00f3\" class=\"yoast-seo-meta-tag\" \/>\n<meta property=\"og:url\" content=\"https:\/\/dorogimedence.hu\/index.php\/2022\/08\/27\/orok-merlegen-bekescsaba-dorog-3\/\" class=\"yoast-seo-meta-tag\" \/>\n<meta property=\"og:site_name\" content=\"Dorogi-medence Region\u00e1lis H\u00edrport\u00e1l\" class=\"yoast-seo-meta-tag\" \/>\n<meta property=\"article:publisher\" content=\"https:\/\/www.facebook.com\/dorogimedence\/\" class=\"yoast-seo-meta-tag\" \/>\n<meta property=\"article:published_time\" content=\"2022-08-27T06:21:36+00:00\" class=\"yoast-seo-meta-tag\" \/>\n<meta property=\"article:modified_time\" content=\"2022-08-27T16:00:55+00:00\" class=\"yoast-seo-meta-tag\" \/>\n<meta property=\"og:image\" content=\"https:\/\/i0.wp.com\/dorogimedence.hu\/wp-content\/uploads\/2022\/08\/Ujborito.jpg?fit=1500%2C831&ssl=1\" class=\"yoast-seo-meta-tag\" \/>\n\t<meta property=\"og:image:width\" content=\"1500\" class=\"yoast-seo-meta-tag\" \/>\n\t<meta property=\"og:image:height\" content=\"831\" class=\"yoast-seo-meta-tag\" \/>\n\t<meta property=\"og:image:type\" content=\"image\/jpeg\" class=\"yoast-seo-meta-tag\" \/>\n<meta name=\"author\" content=\"Szab\u00f3 Gyula\" class=\"yoast-seo-meta-tag\" \/>\n<meta name=\"twitter:card\" content=\"summary_large_image\" class=\"yoast-seo-meta-tag\" \/>\n<meta name=\"twitter:label1\" content=\"Szerz\u0151:\" class=\"yoast-seo-meta-tag\" \/>\n\t<meta name=\"twitter:data1\" content=\"Szab\u00f3 Gyula\" class=\"yoast-seo-meta-tag\" \/>\n\t<meta name=\"twitter:label2\" content=\"Becs\u00fclt olvas\u00e1si id\u0151\" class=\"yoast-seo-meta-tag\" \/>\n\t<meta name=\"twitter:data2\" content=\"4 perc\" class=\"yoast-seo-meta-tag\" \/>\n<script type=\"application\/ld+json\" class=\"yoast-schema-graph\">{\"@context\":\"https:\\\/\\\/schema.org\",\"@graph\":[{\"@type\":\"Article\",\"@id\":\"https:\\\/\\\/dorogimedence.hu\\\/index.php\\\/2022\\\/08\\\/27\\\/orok-merlegen-bekescsaba-dorog-3\\\/#article\",\"isPartOf\":{\"@id\":\"https:\\\/\\\/dorogimedence.hu\\\/index.php\\\/2022\\\/08\\\/27\\\/orok-merlegen-bekescsaba-dorog-3\\\/\"},\"author\":{\"name\":\"Szab\u00f3 Gyula\",\"@id\":\"https:\\\/\\\/dorogimedence.hu\\\/#\\\/schema\\\/person\\\/76605e8151ec1b7376385cd184ede973\"},\"headline\":\"\u00d6r\u00f6k M\u00e9rlegen: B\u00e9k\u00e9scsaba \u2013 Dorog\",\"datePublished\":\"2022-08-27T06:21:36+00:00\",\"dateModified\":\"2022-08-27T16:00:55+00:00\",\"mainEntityOfPage\":{\"@id\":\"https:\\\/\\\/dorogimedence.hu\\\/index.php\\\/2022\\\/08\\\/27\\\/orok-merlegen-bekescsaba-dorog-3\\\/\"},\"wordCount\":717,\"publisher\":{\"@id\":\"https:\\\/\\\/dorogimedence.hu\\\/#organization\"},\"image\":{\"@id\":\"https:\\\/\\\/dorogimedence.hu\\\/index.php\\\/2022\\\/08\\\/27\\\/orok-merlegen-bekescsaba-dorog-3\\\/#primaryimage\"},\"thumbnailUrl\":\"https:\\\/\\\/dorogimedence.hu\\\/wp-content\\\/uploads\\\/2022\\\/08\\\/Ujborito.jpg\",\"keywords\":[\"B\u00e9k\u00e9scsaba\",\"Dorog\",\"Dorogi FC\",\"foci\",\"futball\",\"labdar\u00fag\u00e1s\",\"NB II\",\"sport\"],\"articleSection\":[\"Dorog\",\"H\u00edrek\",\"Sport\"],\"inLanguage\":\"hu\"},{\"@type\":\"WebPage\",\"@id\":\"https:\\\/\\\/dorogimedence.hu\\\/index.php\\\/2022\\\/08\\\/27\\\/orok-merlegen-bekescsaba-dorog-3\\\/\",\"url\":\"https:\\\/\\\/dorogimedence.hu\\\/index.php\\\/2022\\\/08\\\/27\\\/orok-merlegen-bekescsaba-dorog-3\\\/\",\"name\":\"\u00d6r\u00f6k M\u00e9rlegen: B\u00e9k\u00e9scsaba \u2013 Dorog\",\"isPartOf\":{\"@id\":\"https:\\\/\\\/dorogimedence.hu\\\/#website\"},\"primaryImageOfPage\":{\"@id\":\"https:\\\/\\\/dorogimedence.hu\\\/index.php\\\/2022\\\/08\\\/27\\\/orok-merlegen-bekescsaba-dorog-3\\\/#primaryimage\"},\"image\":{\"@id\":\"https:\\\/\\\/dorogimedence.hu\\\/index.php\\\/2022\\\/08\\\/27\\\/orok-merlegen-bekescsaba-dorog-3\\\/#primaryimage\"},\"thumbnailUrl\":\"https:\\\/\\\/dorogimedence.hu\\\/wp-content\\\/uploads\\\/2022\\\/08\\\/Ujborito.jpg\",\"datePublished\":\"2022-08-27T06:21:36+00:00\",\"dateModified\":\"2022-08-27T16:00:55+00:00\",\"breadcrumb\":{\"@id\":\"https:\\\/\\\/dorogimedence.hu\\\/index.php\\\/2022\\\/08\\\/27\\\/orok-merlegen-bekescsaba-dorog-3\\\/#breadcrumb\"},\"inLanguage\":\"hu\",\"potentialAction\":[{\"@type\":\"ReadAction\",\"target\":[\"https:\\\/\\\/dorogimedence.hu\\\/index.php\\\/2022\\\/08\\\/27\\\/orok-merlegen-bekescsaba-dorog-3\\\/\"]}]},{\"@type\":\"ImageObject\",\"inLanguage\":\"hu\",\"@id\":\"https:\\\/\\\/dorogimedence.hu\\\/index.php\\\/2022\\\/08\\\/27\\\/orok-merlegen-bekescsaba-dorog-3\\\/#primaryimage\",\"url\":\"https:\\\/\\\/dorogimedence.hu\\\/wp-content\\\/uploads\\\/2022\\\/08\\\/Ujborito.jpg\",\"contentUrl\":\"https:\\\/\\\/dorogimedence.hu\\\/wp-content\\\/uploads\\\/2022\\\/08\\\/Ujborito.jpg\",\"width\":1500,\"height\":831},{\"@type\":\"BreadcrumbList\",\"@id\":\"https:\\\/\\\/dorogimedence.hu\\\/index.php\\\/2022\\\/08\\\/27\\\/orok-merlegen-bekescsaba-dorog-3\\\/#breadcrumb\",\"itemListElement\":[{\"@type\":\"ListItem\",\"position\":1,\"name\":\"Kezd\u0151lap\",\"item\":\"https:\\\/\\\/dorogimedence.hu\\\/\"},{\"@type\":\"ListItem\",\"position\":2,\"name\":\"\u00d6r\u00f6k M\u00e9rlegen: B\u00e9k\u00e9scsaba \u2013 Dorog\"}]},{\"@type\":\"WebSite\",\"@id\":\"https:\\\/\\\/dorogimedence.hu\\\/#website\",\"url\":\"https:\\\/\\\/dorogimedence.hu\\\/\",\"name\":\"Dorogi-medence Region\u00e1lis H\u00edrport\u00e1l\",\"description\":\"Dorog, Keszt\u00f6lc, Le\u00e1nyv\u00e1r, Piliscs\u00e9v, Tokod, Tokodalt\u00e1r\u00f3, Csolnok, Esztergom-kertv\u00e1ros: h\u00edrek, programok\",\"publisher\":{\"@id\":\"https:\\\/\\\/dorogimedence.hu\\\/#organization\"},\"potentialAction\":[{\"@type\":\"SearchAction\",\"target\":{\"@type\":\"EntryPoint\",\"urlTemplate\":\"https:\\\/\\\/dorogimedence.hu\\\/?s={search_term_string}\"},\"query-input\":{\"@type\":\"PropertyValueSpecification\",\"valueRequired\":true,\"valueName\":\"search_term_string\"}}],\"inLanguage\":\"hu\"},{\"@type\":\"Organization\",\"@id\":\"https:\\\/\\\/dorogimedence.hu\\\/#organization\",\"name\":\"Dorogi-medence Region\u00e1lis H\u00edrport\u00e1l\",\"url\":\"https:\\\/\\\/dorogimedence.hu\\\/\",\"logo\":{\"@type\":\"ImageObject\",\"inLanguage\":\"hu\",\"@id\":\"https:\\\/\\\/dorogimedence.hu\\\/#\\\/schema\\\/logo\\\/image\\\/\",\"url\":\"https:\\\/\\\/dorogimedence.hu\\\/wp-content\\\/uploads\\\/2021\\\/04\\\/logo-feher-600.png\",\"contentUrl\":\"https:\\\/\\\/dorogimedence.hu\\\/wp-content\\\/uploads\\\/2021\\\/04\\\/logo-feher-600.png\",\"width\":600,\"height\":100,\"caption\":\"Dorogi-medence Region\u00e1lis H\u00edrport\u00e1l\"},\"image\":{\"@id\":\"https:\\\/\\\/dorogimedence.hu\\\/#\\\/schema\\\/logo\\\/image\\\/\"},\"sameAs\":[\"https:\\\/\\\/www.facebook.com\\\/dorogimedence\\\/\"]},{\"@type\":\"Person\",\"@id\":\"https:\\\/\\\/dorogimedence.hu\\\/#\\\/schema\\\/person\\\/76605e8151ec1b7376385cd184ede973\",\"name\":\"Szab\u00f3 Gyula\",\"image\":{\"@type\":\"ImageObject\",\"inLanguage\":\"hu\",\"@id\":\"\\\/\\\/www.gravatar.com\\\/avatar\\\/3e44b6fb2ef9bcea3639958cc2a587cb?s=96&#038;r=g&#038;d=mm\",\"url\":\"\\\/\\\/www.gravatar.com\\\/avatar\\\/3e44b6fb2ef9bcea3639958cc2a587cb?s=96&#038;r=g&#038;d=mm\",\"contentUrl\":\"\\\/\\\/www.gravatar.com\\\/avatar\\\/3e44b6fb2ef9bcea3639958cc2a587cb?s=96&#038;r=g&#038;d=mm\",\"caption\":\"Szab\u00f3 Gyula\"}}]}<\/script>\n<!-- \/ Yoast SEO plugin. -->","yoast_head_json":{"title":"\u00d6r\u00f6k M\u00e9rlegen: B\u00e9k\u00e9scsaba \u2013 Dorog","robots":{"index":"index","follow":"follow","max-snippet":"max-snippet:-1","max-image-preview":"max-image-preview:large","max-video-preview":"max-video-preview:-1"},"canonical":"https:\/\/dorogimedence.hu\/index.php\/2022\/08\/27\/orok-merlegen-bekescsaba-dorog-3\/","og_locale":"hu_HU","og_type":"article","og_title":"\u00d6r\u00f6k M\u00e9rlegen: B\u00e9k\u00e9scsaba \u2013 Dorog","og_description":"Az elm\u00falt fordul\u00f3t k\u00f6vet\u0151en a dorogiak \u00fajfent idegenben \u00e9s megintcsak a D\u00e9l-Alf\u00f6ld\u00f6n pr\u00f3b\u00e1lnak szerencs\u00e9t. Ez\u00fattal a B\u00e9k\u00e9scsaba vend\u00e9gek\u00e9nt l\u00e9pnek p\u00e1ly\u00e1ra, ahol eddig nem sok bab\u00e9r termett a piros-feket\u00e9k sz\u00e1m\u00e1ra. A tal\u00e1lkoz\u00f3t augusztus 28-\u00e1n, vas\u00e1rnap a K\u00f3rh\u00e1z utcai stadionban 17.30-as kezdettel rendezik meg. Csapatunk Szegedr\u0151l is pont n\u00e9lk\u00fcl t\u00e1vozott \u00e9s 2\u20130-\u00e1s veres\u00e9g\u00e9t k\u00f6vet\u0151en v\u00e1ltozatlanul az utols\u00f3","og_url":"https:\/\/dorogimedence.hu\/index.php\/2022\/08\/27\/orok-merlegen-bekescsaba-dorog-3\/","og_site_name":"Dorogi-medence Region\u00e1lis H\u00edrport\u00e1l","article_publisher":"https:\/\/www.facebook.com\/dorogimedence\/","article_published_time":"2022-08-27T06:21:36+00:00","article_modified_time":"2022-08-27T16:00:55+00:00","og_image":[{"width":1500,"height":831,"url":"https:\/\/i0.wp.com\/dorogimedence.hu\/wp-content\/uploads\/2022\/08\/Ujborito.jpg?fit=1500%2C831&ssl=1","type":"image\/jpeg"}],"author":"Szab\u00f3 Gyula","twitter_card":"summary_large_image","twitter_misc":{"Szerz\u0151:":"Szab\u00f3 Gyula","Becs\u00fclt olvas\u00e1si id\u0151":"4 perc"},"schema":{"@context":"https:\/\/schema.org","@graph":[{"@type":"Article","@id":"https:\/\/dorogimedence.hu\/index.php\/2022\/08\/27\/orok-merlegen-bekescsaba-dorog-3\/#article","isPartOf":{"@id":"https:\/\/dorogimedence.hu\/index.php\/2022\/08\/27\/orok-merlegen-bekescsaba-dorog-3\/"},"author":{"name":"Szab\u00f3 Gyula","@id":"https:\/\/dorogimedence.hu\/#\/schema\/person\/76605e8151ec1b7376385cd184ede973"},"headline":"\u00d6r\u00f6k M\u00e9rlegen: B\u00e9k\u00e9scsaba \u2013 Dorog","datePublished":"2022-08-27T06:21:36+00:00","dateModified":"2022-08-27T16:00:55+00:00","mainEntityOfPage":{"@id":"https:\/\/dorogimedence.hu\/index.php\/2022\/08\/27\/orok-merlegen-bekescsaba-dorog-3\/"},"wordCount":717,"publisher":{"@id":"https:\/\/dorogimedence.hu\/#organization"},"image":{"@id":"https:\/\/dorogimedence.hu\/index.php\/2022\/08\/27\/orok-merlegen-bekescsaba-dorog-3\/#primaryimage"},"thumbnailUrl":"https:\/\/dorogimedence.hu\/wp-content\/uploads\/2022\/08\/Ujborito.jpg","keywords":["B\u00e9k\u00e9scsaba","Dorog","Dorogi FC","foci","futball","labdar\u00fag\u00e1s","NB II","sport"],"articleSection":["Dorog","H\u00edrek","Sport"],"inLanguage":"hu"},{"@type":"WebPage","@id":"https:\/\/dorogimedence.hu\/index.php\/2022\/08\/27\/orok-merlegen-bekescsaba-dorog-3\/","url":"https:\/\/dorogimedence.hu\/index.php\/2022\/08\/27\/orok-merlegen-bekescsaba-dorog-3\/","name":"\u00d6r\u00f6k M\u00e9rlegen: B\u00e9k\u00e9scsaba \u2013 Dorog","isPartOf":{"@id":"https:\/\/dorogimedence.hu\/#website"},"primaryImageOfPage":{"@id":"https:\/\/dorogimedence.hu\/index.php\/2022\/08\/27\/orok-merlegen-bekescsaba-dorog-3\/#primaryimage"},"image":{"@id":"https:\/\/dorogimedence.hu\/index.php\/2022\/08\/27\/orok-merlegen-bekescsaba-dorog-3\/#primaryimage"},"thumbnailUrl":"https:\/\/dorogimedence.hu\/wp-content\/uploads\/2022\/08\/Ujborito.jpg","datePublished":"2022-08-27T06:21:36+00:00","dateModified":"2022-08-27T16:00:55+00:00","breadcrumb":{"@id":"https:\/\/dorogimedence.hu\/index.php\/2022\/08\/27\/orok-merlegen-bekescsaba-dorog-3\/#breadcrumb"},"inLanguage":"hu","potentialAction":[{"@type":"ReadAction","target":["https:\/\/dorogimedence.hu\/index.php\/2022\/08\/27\/orok-merlegen-bekescsaba-dorog-3\/"]}]},{"@type":"ImageObject","inLanguage":"hu","@id":"https:\/\/dorogimedence.hu\/index.php\/2022\/08\/27\/orok-merlegen-bekescsaba-dorog-3\/#primaryimage","url":"https:\/\/dorogimedence.hu\/wp-content\/uploads\/2022\/08\/Ujborito.jpg","contentUrl":"https:\/\/dorogimedence.hu\/wp-content\/uploads\/2022\/08\/Ujborito.jpg","width":1500,"height":831},{"@type":"BreadcrumbList","@id":"https:\/\/dorogimedence.hu\/index.php\/2022\/08\/27\/orok-merlegen-bekescsaba-dorog-3\/#breadcrumb","itemListElement":[{"@type":"ListItem","position":1,"name":"Kezd\u0151lap","item":"https:\/\/dorogimedence.hu\/"},{"@type":"ListItem","position":2,"name":"\u00d6r\u00f6k M\u00e9rlegen: B\u00e9k\u00e9scsaba \u2013 Dorog"}]},{"@type":"WebSite","@id":"https:\/\/dorogimedence.hu\/#website","url":"https:\/\/dorogimedence.hu\/","name":"Dorogi-medence Region\u00e1lis H\u00edrport\u00e1l","description":"Dorog, Keszt\u00f6lc, Le\u00e1nyv\u00e1r, Piliscs\u00e9v, Tokod, Tokodalt\u00e1r\u00f3, Csolnok, Esztergom-kertv\u00e1ros: h\u00edrek, programok","publisher":{"@id":"https:\/\/dorogimedence.hu\/#organization"},"potentialAction":[{"@type":"SearchAction","target":{"@type":"EntryPoint","urlTemplate":"https:\/\/dorogimedence.hu\/?s={search_term_string}"},"query-input":{"@type":"PropertyValueSpecification","valueRequired":true,"valueName":"search_term_string"}}],"inLanguage":"hu"},{"@type":"Organization","@id":"https:\/\/dorogimedence.hu\/#organization","name":"Dorogi-medence Region\u00e1lis H\u00edrport\u00e1l","url":"https:\/\/dorogimedence.hu\/","logo":{"@type":"ImageObject","inLanguage":"hu","@id":"https:\/\/dorogimedence.hu\/#\/schema\/logo\/image\/","url":"https:\/\/dorogimedence.hu\/wp-content\/uploads\/2021\/04\/logo-feher-600.png","contentUrl":"https:\/\/dorogimedence.hu\/wp-content\/uploads\/2021\/04\/logo-feher-600.png","width":600,"height":100,"caption":"Dorogi-medence Region\u00e1lis H\u00edrport\u00e1l"},"image":{"@id":"https:\/\/dorogimedence.hu\/#\/schema\/logo\/image\/"},"sameAs":["https:\/\/www.facebook.com\/dorogimedence\/"]},{"@type":"Person","@id":"https:\/\/dorogimedence.hu\/#\/schema\/person\/76605e8151ec1b7376385cd184ede973","name":"Szab\u00f3 Gyula","image":{"@type":"ImageObject","inLanguage":"hu","@id":"\/\/www.gravatar.com\/avatar\/3e44b6fb2ef9bcea3639958cc2a587cb?s=96&#038;r=g&#038;d=mm","url":"\/\/www.gravatar.com\/avatar\/3e44b6fb2ef9bcea3639958cc2a587cb?s=96&#038;r=g&#038;d=mm","contentUrl":"\/\/www.gravatar.com\/avatar\/3e44b6fb2ef9bcea3639958cc2a587cb?s=96&#038;r=g&#038;d=mm","caption":"Szab\u00f3 Gyula"}}]}},"_links":{"self":[{"href":"https:\/\/dorogimedence.hu\/index.php\/wp-json\/wp\/v2\/posts\/45932","targetHints":{"allow":["GET"]}}],"collection":[{"href":"https:\/\/dorogimedence.hu\/index.php\/wp-json\/wp\/v2\/posts"}],"about":[{"href":"https:\/\/dorogimedence.hu\/index.php\/wp-json\/wp\/v2\/types\/post"}],"author":[{"embeddable":true,"href":"https:\/\/dorogimedence.hu\/index.php\/wp-json\/wp\/v2\/users\/4"}],"replies":[{"embeddable":true,"href":"https:\/\/dorogimedence.hu\/index.php\/wp-json\/wp\/v2\/comments?post=45932"}],"version-history":[{"count":0,"href":"https:\/\/dorogimedence.hu\/index.php\/wp-json\/wp\/v2\/posts\/45932\/revisions"}],"wp:featuredmedia":[{"embeddable":true,"href":"https:\/\/dorogimedence.hu\/index.php\/wp-json\/wp\/v2\/media\/45985"}],"wp:attachment":[{"href":"https:\/\/dorogimedence.hu\/index.php\/wp-json\/wp\/v2\/media?parent=45932"}],"wp:term":[{"taxonomy":"category","embeddable":true,"href":"https:\/\/dorogimedence.hu\/index.php\/wp-json\/wp\/v2\/categories?post=45932"},{"taxonomy":"post_tag","embeddable":true,"href":"https:\/\/dorogimedence.hu\/index.php\/wp-json\/wp\/v2\/tags?post=45932"}],"curies":[{"name":"wp","href":"https:\/\/api.w.org\/{rel}","templated":true}]}}