{"id":45900,"date":"2022-08-24T11:51:47","date_gmt":"2022-08-24T09:51:47","guid":{"rendered":"https:\/\/dorogimedence.hu\/?p=45900"},"modified":"2022-08-24T11:57:53","modified_gmt":"2022-08-24T09:57:53","slug":"ujraalakul-az-esztergom-kertvarosi-polgarorseg","status":"publish","type":"post","link":"https:\/\/dorogimedence.hu\/index.php\/2022\/08\/24\/ujraalakul-az-esztergom-kertvarosi-polgarorseg\/","title":{"rendered":"\u00dajraalakul az esztergom-kertv\u00e1rosi polg\u00e1r\u0151rs\u00e9g"},"content":{"rendered":"<p><strong>\u00d6nk\u00e9nteseket, illetve 50 \u00f3r\u00e1s k\u00f6z\u00f6ss\u00e9gi szolg\u00e1latra jelentkez\u0151 fiatalokat v\u00e1rnak!<\/strong><\/p>\n<p>A Horizont Kutat\u00f3-Ment\u0151, Polg\u00e1ri V\u00e9delmi \u00e9s Polg\u00e1r\u0151r Egyes\u00fcletet 2022. augusztus 1-j\u00e9n alap\u00edtott\u00e1k meg, a nyilv\u00e1ntart\u00e1sba v\u00e9tel pedig m\u00e1r augusztus 8-\u00e1n megt\u00f6rt\u00e9nt \u2013 tudtuk meg Ardelean Rajmundt\u00f3l, az egyes\u00fclet eln\u00f6k\u00e9t\u0151l.<\/p>\n<p>Ardelean Rajmund elmondta, hogy a h\u00e1rom f\u0151 tev\u00e9kenys\u00e9g\u00fcnk a nev\u00fcnkb\u0151l ad\u00f3dik, Kutat\u00f3-Ment\u0151 Szolg\u00e1latot, Polg\u00e1ri V\u00e9delmi (Prevenci\u00f3s) Szolg\u00e1latot, valamint Polg\u00e1r\u0151rs\u00e9get \u00fczemeltetnek, m\u00edg az els\u0151 kett\u0151t orsz\u00e1gos riaszthat\u00f3s\u00e1ggal, ut\u00f3bbit terveik szerint Esztergom-Kertv\u00e1rosban.&nbsp;<\/p>\n<p>Fontos az, hogy Esztergom-Kertv\u00e1rosban (vagy a k\u00f6rnyez\u0151 telep\u00fcl\u00e9sekr\u0151l) min\u00e9l t\u00f6bb olyan ember csatlakozzon majd a Polg\u00e1r\u0151rs\u00e9ghez, akik akt\u00edvan hozz\u00e1j\u00e1rulnak a helyi k\u00f6zrend \u00e9s k\u00f6zbiztons\u00e1g meg\u00f3v\u00e1s\u00e1hoz \u2013 tette hozz\u00e1 az egyes\u00fclet eln\u00f6ke. Az \u00f6nk\u00e9ntesek jelentkez\u00e9s\u00e9t a <a href=\"mailto:horizontrescue@gmail.com\" target=\"_blank\" rel=\"noopener\"><span style=\"text-decoration: underline; color: #0000ff;\">horizontrescue@gmail.com<\/span><\/a> c\u00edmen v\u00e1rj\u00e1k (t\u00e1rgyba t\u00fcntess\u00e9k fel a JELENTKEZ\u00c9S sz\u00f3t).<\/p>\n<p>A Polg\u00e1r\u0151rs\u00e9gen k\u00edv\u00fcl a Kutat\u00f3-Ment\u0151 Szolg\u00e1latukba, valamint a Polg\u00e1ri V\u00e9delmi Szolg\u00e1latukba is v\u00e1rj\u00e1k az \u00faj jelentkez\u0151ket, t\u00f6bbek k\u00f6z\u00f6tt az 50 \u00f3r\u00e1s k\u00f6z\u00f6ss\u00e9gi szolg\u00e1latra jelentkez\u0151 fiatalokat.<\/p>\n<p>Az egyes\u00fclet c\u00e9ljair\u00f3l r\u00e9szletesen <span style=\"text-decoration: underline; color: #0000ff;\"><a style=\"color: #0000ff; text-decoration: underline;\" href=\"https:\/\/horizont89.webnode.hu\/rolam\/\" target=\"_blank\" rel=\"noopener\">ide kattintva<\/a><\/span> olvashatnak!<\/p>\n<p>Adom\u00e1nyoz\u00e1si\/t\u00e1mogat\u00e1si lehet\u0151s\u00e9geir\u0151l t\u00e1j\u00e9koz\u00f3dni az egyes\u00fclet <a href=\"https:\/\/www.facebook.com\/ifjusagitagozat\" target=\"_blank\" rel=\"noopener\"><span style=\"text-decoration: underline; color: #0000ff;\">Facebook oldal\u00e1n<\/span><\/a>, illetve a <span style=\"text-decoration: underline; color: #0000ff;\"><a style=\"color: #0000ff; text-decoration: underline;\" href=\"https:\/\/horizont89.webnode.hu\/\" target=\"_blank\" rel=\"noopener\">weboldalukon<\/a><\/span> lehet!<\/p>\n<p><em>Bor\u00edt\u00f3k\u00e9p: illusztr\u00e1ci\u00f3 (Ujv\u00e1ri S\u00e1ndor&nbsp;\/ MTI \/ MTVA)<\/em><\/p>\n","protected":false},"excerpt":{"rendered":"<p>\u00d6nk\u00e9nteseket, illetve 50 \u00f3r\u00e1s k\u00f6z\u00f6ss\u00e9gi szolg\u00e1latra jelentkez\u0151 fiatalokat v\u00e1rnak! A Horizont Kutat\u00f3-Ment\u0151, Polg\u00e1ri V\u00e9delmi \u00e9s Polg\u00e1r\u0151r Egyes\u00fcletet 2022. augusztus 1-j\u00e9n alap\u00edtott\u00e1k meg, a nyilv\u00e1ntart\u00e1sba v\u00e9tel pedig m\u00e1r augusztus 8-\u00e1n megt\u00f6rt\u00e9nt \u2013 tudtuk meg Ardelean Rajmundt\u00f3l, az egyes\u00fclet eln\u00f6k\u00e9t\u0151l. Ardelean Rajmund elmondta, hogy a h\u00e1rom f\u0151 tev\u00e9kenys\u00e9g\u00fcnk a nev\u00fcnkb\u0151l ad\u00f3dik, Kutat\u00f3-Ment\u0151 Szolg\u00e1latot, Polg\u00e1ri V\u00e9delmi (Prevenci\u00f3s) Szolg\u00e1latot,<\/p>\n","protected":false},"author":1,"featured_media":0,"comment_status":"closed","ping_status":"closed","sticky":false,"template":"","format":"standard","meta":{"ngg_post_thumbnail":0,"footnotes":""},"categories":[7,3],"tags":[2283,169,5624,6634,1340],"class_list":{"0":"post-45900","1":"post","2":"type-post","3":"status-publish","4":"format-standard","6":"category-esztergom_kertvaros","7":"category-hirek","8":"tag-egyesulet","9":"tag-esztergom-kertvaros","10":"tag-featured","11":"tag-horizont","12":"tag-polgarorseg"},"yoast_head":"<!-- This site is optimized with the Yoast SEO plugin v27.5 - https:\/\/yoast.com\/product\/yoast-seo-wordpress\/ -->\n<title>\u00dajraalakul az esztergom-kertv\u00e1rosi polg\u00e1r\u0151rs\u00e9g<\/title>\n<meta name=\"robots\" content=\"index, follow, max-snippet:-1, max-image-preview:large, max-video-preview:-1\" \/>\n<link rel=\"canonical\" href=\"https:\/\/dorogimedence.hu\/index.php\/2022\/08\/24\/ujraalakul-az-esztergom-kertvarosi-polgarorseg\/\" class=\"yoast-seo-meta-tag\" \/>\n<meta property=\"og:locale\" content=\"hu_HU\" class=\"yoast-seo-meta-tag\" \/>\n<meta property=\"og:type\" content=\"article\" class=\"yoast-seo-meta-tag\" \/>\n<meta property=\"og:title\" content=\"\u00dajraalakul az esztergom-kertv\u00e1rosi polg\u00e1r\u0151rs\u00e9g\" class=\"yoast-seo-meta-tag\" \/>\n<meta property=\"og:description\" content=\"\u00d6nk\u00e9nteseket, illetve 50 \u00f3r\u00e1s k\u00f6z\u00f6ss\u00e9gi szolg\u00e1latra jelentkez\u0151 fiatalokat v\u00e1rnak! A Horizont Kutat\u00f3-Ment\u0151, Polg\u00e1ri V\u00e9delmi \u00e9s Polg\u00e1r\u0151r Egyes\u00fcletet 2022. augusztus 1-j\u00e9n alap\u00edtott\u00e1k meg, a nyilv\u00e1ntart\u00e1sba v\u00e9tel pedig m\u00e1r augusztus 8-\u00e1n megt\u00f6rt\u00e9nt \u2013 tudtuk meg Ardelean Rajmundt\u00f3l, az egyes\u00fclet eln\u00f6k\u00e9t\u0151l. Ardelean Rajmund elmondta, hogy a h\u00e1rom f\u0151 tev\u00e9kenys\u00e9g\u00fcnk a nev\u00fcnkb\u0151l ad\u00f3dik, Kutat\u00f3-Ment\u0151 Szolg\u00e1latot, Polg\u00e1ri V\u00e9delmi (Prevenci\u00f3s) Szolg\u00e1latot,\" class=\"yoast-seo-meta-tag\" \/>\n<meta property=\"og:url\" content=\"https:\/\/dorogimedence.hu\/index.php\/2022\/08\/24\/ujraalakul-az-esztergom-kertvarosi-polgarorseg\/\" class=\"yoast-seo-meta-tag\" \/>\n<meta property=\"og:site_name\" content=\"Dorogi-medence Region\u00e1lis H\u00edrport\u00e1l\" class=\"yoast-seo-meta-tag\" \/>\n<meta property=\"article:publisher\" content=\"https:\/\/www.facebook.com\/dorogimedence\/\" class=\"yoast-seo-meta-tag\" \/>\n<meta property=\"article:published_time\" content=\"2022-08-24T09:51:47+00:00\" class=\"yoast-seo-meta-tag\" \/>\n<meta property=\"article:modified_time\" content=\"2022-08-24T09:57:53+00:00\" class=\"yoast-seo-meta-tag\" \/>\n<meta property=\"og:image\" content=\"https:\/\/i0.wp.com\/dorogimedence.hu\/wp-content\/uploads\/2022\/08\/polgarorseg-01.jpg?fit=1600%2C893&ssl=1\" class=\"yoast-seo-meta-tag\" \/>\n\t<meta property=\"og:image:width\" content=\"1600\" class=\"yoast-seo-meta-tag\" \/>\n\t<meta property=\"og:image:height\" content=\"893\" class=\"yoast-seo-meta-tag\" \/>\n\t<meta property=\"og:image:type\" content=\"image\/jpeg\" class=\"yoast-seo-meta-tag\" \/>\n<meta name=\"author\" content=\"dorogimedence.hu\" class=\"yoast-seo-meta-tag\" \/>\n<meta name=\"twitter:card\" content=\"summary_large_image\" class=\"yoast-seo-meta-tag\" \/>\n<meta name=\"twitter:label1\" content=\"Szerz\u0151:\" class=\"yoast-seo-meta-tag\" \/>\n\t<meta name=\"twitter:data1\" content=\"dorogimedence.hu\" class=\"yoast-seo-meta-tag\" \/>\n\t<meta name=\"twitter:label2\" content=\"Becs\u00fclt olvas\u00e1si id\u0151\" class=\"yoast-seo-meta-tag\" \/>\n\t<meta name=\"twitter:data2\" content=\"1 perc\" class=\"yoast-seo-meta-tag\" \/>\n<script type=\"application\/ld+json\" class=\"yoast-schema-graph\">{\"@context\":\"https:\\\/\\\/schema.org\",\"@graph\":[{\"@type\":\"Article\",\"@id\":\"https:\\\/\\\/dorogimedence.hu\\\/index.php\\\/2022\\\/08\\\/24\\\/ujraalakul-az-esztergom-kertvarosi-polgarorseg\\\/#article\",\"isPartOf\":{\"@id\":\"https:\\\/\\\/dorogimedence.hu\\\/index.php\\\/2022\\\/08\\\/24\\\/ujraalakul-az-esztergom-kertvarosi-polgarorseg\\\/\"},\"author\":{\"name\":\"dorogimedence.hu\",\"@id\":\"https:\\\/\\\/dorogimedence.hu\\\/#\\\/schema\\\/person\\\/ce6091eeb7e95ecdc87890d6aa8e0fd4\"},\"headline\":\"\u00dajraalakul az esztergom-kertv\u00e1rosi polg\u00e1r\u0151rs\u00e9g\",\"datePublished\":\"2022-08-24T09:51:47+00:00\",\"dateModified\":\"2022-08-24T09:57:53+00:00\",\"mainEntityOfPage\":{\"@id\":\"https:\\\/\\\/dorogimedence.hu\\\/index.php\\\/2022\\\/08\\\/24\\\/ujraalakul-az-esztergom-kertvarosi-polgarorseg\\\/\"},\"wordCount\":295,\"publisher\":{\"@id\":\"https:\\\/\\\/dorogimedence.hu\\\/#organization\"},\"keywords\":[\"egyes\u00fclet\",\"Esztergom-kertv\u00e1ros\",\"featured\",\"Horizont\",\"polg\u00e1r\u0151rs\u00e9g\"],\"articleSection\":[\"Esztergom-kertv\u00e1ros\",\"H\u00edrek\"],\"inLanguage\":\"hu\"},{\"@type\":\"WebPage\",\"@id\":\"https:\\\/\\\/dorogimedence.hu\\\/index.php\\\/2022\\\/08\\\/24\\\/ujraalakul-az-esztergom-kertvarosi-polgarorseg\\\/\",\"url\":\"https:\\\/\\\/dorogimedence.hu\\\/index.php\\\/2022\\\/08\\\/24\\\/ujraalakul-az-esztergom-kertvarosi-polgarorseg\\\/\",\"name\":\"\u00dajraalakul az esztergom-kertv\u00e1rosi polg\u00e1r\u0151rs\u00e9g\",\"isPartOf\":{\"@id\":\"https:\\\/\\\/dorogimedence.hu\\\/#website\"},\"datePublished\":\"2022-08-24T09:51:47+00:00\",\"dateModified\":\"2022-08-24T09:57:53+00:00\",\"breadcrumb\":{\"@id\":\"https:\\\/\\\/dorogimedence.hu\\\/index.php\\\/2022\\\/08\\\/24\\\/ujraalakul-az-esztergom-kertvarosi-polgarorseg\\\/#breadcrumb\"},\"inLanguage\":\"hu\",\"potentialAction\":[{\"@type\":\"ReadAction\",\"target\":[\"https:\\\/\\\/dorogimedence.hu\\\/index.php\\\/2022\\\/08\\\/24\\\/ujraalakul-az-esztergom-kertvarosi-polgarorseg\\\/\"]}]},{\"@type\":\"BreadcrumbList\",\"@id\":\"https:\\\/\\\/dorogimedence.hu\\\/index.php\\\/2022\\\/08\\\/24\\\/ujraalakul-az-esztergom-kertvarosi-polgarorseg\\\/#breadcrumb\",\"itemListElement\":[{\"@type\":\"ListItem\",\"position\":1,\"name\":\"Kezd\u0151lap\",\"item\":\"https:\\\/\\\/dorogimedence.hu\\\/\"},{\"@type\":\"ListItem\",\"position\":2,\"name\":\"\u00dajraalakul az esztergom-kertv\u00e1rosi polg\u00e1r\u0151rs\u00e9g\"}]},{\"@type\":\"WebSite\",\"@id\":\"https:\\\/\\\/dorogimedence.hu\\\/#website\",\"url\":\"https:\\\/\\\/dorogimedence.hu\\\/\",\"name\":\"Dorogi-medence Region\u00e1lis H\u00edrport\u00e1l\",\"description\":\"Dorog, Keszt\u00f6lc, Le\u00e1nyv\u00e1r, Piliscs\u00e9v, Tokod, Tokodalt\u00e1r\u00f3, Csolnok, Esztergom-kertv\u00e1ros: h\u00edrek, programok\",\"publisher\":{\"@id\":\"https:\\\/\\\/dorogimedence.hu\\\/#organization\"},\"potentialAction\":[{\"@type\":\"SearchAction\",\"target\":{\"@type\":\"EntryPoint\",\"urlTemplate\":\"https:\\\/\\\/dorogimedence.hu\\\/?s={search_term_string}\"},\"query-input\":{\"@type\":\"PropertyValueSpecification\",\"valueRequired\":true,\"valueName\":\"search_term_string\"}}],\"inLanguage\":\"hu\"},{\"@type\":\"Organization\",\"@id\":\"https:\\\/\\\/dorogimedence.hu\\\/#organization\",\"name\":\"Dorogi-medence Region\u00e1lis H\u00edrport\u00e1l\",\"url\":\"https:\\\/\\\/dorogimedence.hu\\\/\",\"logo\":{\"@type\":\"ImageObject\",\"inLanguage\":\"hu\",\"@id\":\"https:\\\/\\\/dorogimedence.hu\\\/#\\\/schema\\\/logo\\\/image\\\/\",\"url\":\"https:\\\/\\\/dorogimedence.hu\\\/wp-content\\\/uploads\\\/2021\\\/04\\\/logo-feher-600.png\",\"contentUrl\":\"https:\\\/\\\/dorogimedence.hu\\\/wp-content\\\/uploads\\\/2021\\\/04\\\/logo-feher-600.png\",\"width\":600,\"height\":100,\"caption\":\"Dorogi-medence Region\u00e1lis H\u00edrport\u00e1l\"},\"image\":{\"@id\":\"https:\\\/\\\/dorogimedence.hu\\\/#\\\/schema\\\/logo\\\/image\\\/\"},\"sameAs\":[\"https:\\\/\\\/www.facebook.com\\\/dorogimedence\\\/\"]},{\"@type\":\"Person\",\"@id\":\"https:\\\/\\\/dorogimedence.hu\\\/#\\\/schema\\\/person\\\/ce6091eeb7e95ecdc87890d6aa8e0fd4\",\"name\":\"dorogimedence.hu\",\"image\":{\"@type\":\"ImageObject\",\"inLanguage\":\"hu\",\"@id\":\"\\\/\\\/www.gravatar.com\\\/avatar\\\/d8d45f8901aadff40a4af72c0b826f1d?s=96&#038;r=g&#038;d=mm\",\"url\":\"\\\/\\\/www.gravatar.com\\\/avatar\\\/d8d45f8901aadff40a4af72c0b826f1d?s=96&#038;r=g&#038;d=mm\",\"contentUrl\":\"\\\/\\\/www.gravatar.com\\\/avatar\\\/d8d45f8901aadff40a4af72c0b826f1d?s=96&#038;r=g&#038;d=mm\",\"caption\":\"dorogimedence.hu\"}}]}<\/script>\n<!-- \/ Yoast SEO plugin. -->","yoast_head_json":{"title":"\u00dajraalakul az esztergom-kertv\u00e1rosi polg\u00e1r\u0151rs\u00e9g","robots":{"index":"index","follow":"follow","max-snippet":"max-snippet:-1","max-image-preview":"max-image-preview:large","max-video-preview":"max-video-preview:-1"},"canonical":"https:\/\/dorogimedence.hu\/index.php\/2022\/08\/24\/ujraalakul-az-esztergom-kertvarosi-polgarorseg\/","og_locale":"hu_HU","og_type":"article","og_title":"\u00dajraalakul az esztergom-kertv\u00e1rosi polg\u00e1r\u0151rs\u00e9g","og_description":"\u00d6nk\u00e9nteseket, illetve 50 \u00f3r\u00e1s k\u00f6z\u00f6ss\u00e9gi szolg\u00e1latra jelentkez\u0151 fiatalokat v\u00e1rnak! A Horizont Kutat\u00f3-Ment\u0151, Polg\u00e1ri V\u00e9delmi \u00e9s Polg\u00e1r\u0151r Egyes\u00fcletet 2022. augusztus 1-j\u00e9n alap\u00edtott\u00e1k meg, a nyilv\u00e1ntart\u00e1sba v\u00e9tel pedig m\u00e1r augusztus 8-\u00e1n megt\u00f6rt\u00e9nt \u2013 tudtuk meg Ardelean Rajmundt\u00f3l, az egyes\u00fclet eln\u00f6k\u00e9t\u0151l. Ardelean Rajmund elmondta, hogy a h\u00e1rom f\u0151 tev\u00e9kenys\u00e9g\u00fcnk a nev\u00fcnkb\u0151l ad\u00f3dik, Kutat\u00f3-Ment\u0151 Szolg\u00e1latot, Polg\u00e1ri V\u00e9delmi (Prevenci\u00f3s) Szolg\u00e1latot,","og_url":"https:\/\/dorogimedence.hu\/index.php\/2022\/08\/24\/ujraalakul-az-esztergom-kertvarosi-polgarorseg\/","og_site_name":"Dorogi-medence Region\u00e1lis H\u00edrport\u00e1l","article_publisher":"https:\/\/www.facebook.com\/dorogimedence\/","article_published_time":"2022-08-24T09:51:47+00:00","article_modified_time":"2022-08-24T09:57:53+00:00","og_image":[{"width":1600,"height":893,"url":"https:\/\/i0.wp.com\/dorogimedence.hu\/wp-content\/uploads\/2022\/08\/polgarorseg-01.jpg?fit=1600%2C893&ssl=1","type":"image\/jpeg"}],"author":"dorogimedence.hu","twitter_card":"summary_large_image","twitter_misc":{"Szerz\u0151:":"dorogimedence.hu","Becs\u00fclt olvas\u00e1si id\u0151":"1 perc"},"schema":{"@context":"https:\/\/schema.org","@graph":[{"@type":"Article","@id":"https:\/\/dorogimedence.hu\/index.php\/2022\/08\/24\/ujraalakul-az-esztergom-kertvarosi-polgarorseg\/#article","isPartOf":{"@id":"https:\/\/dorogimedence.hu\/index.php\/2022\/08\/24\/ujraalakul-az-esztergom-kertvarosi-polgarorseg\/"},"author":{"name":"dorogimedence.hu","@id":"https:\/\/dorogimedence.hu\/#\/schema\/person\/ce6091eeb7e95ecdc87890d6aa8e0fd4"},"headline":"\u00dajraalakul az esztergom-kertv\u00e1rosi polg\u00e1r\u0151rs\u00e9g","datePublished":"2022-08-24T09:51:47+00:00","dateModified":"2022-08-24T09:57:53+00:00","mainEntityOfPage":{"@id":"https:\/\/dorogimedence.hu\/index.php\/2022\/08\/24\/ujraalakul-az-esztergom-kertvarosi-polgarorseg\/"},"wordCount":295,"publisher":{"@id":"https:\/\/dorogimedence.hu\/#organization"},"keywords":["egyes\u00fclet","Esztergom-kertv\u00e1ros","featured","Horizont","polg\u00e1r\u0151rs\u00e9g"],"articleSection":["Esztergom-kertv\u00e1ros","H\u00edrek"],"inLanguage":"hu"},{"@type":"WebPage","@id":"https:\/\/dorogimedence.hu\/index.php\/2022\/08\/24\/ujraalakul-az-esztergom-kertvarosi-polgarorseg\/","url":"https:\/\/dorogimedence.hu\/index.php\/2022\/08\/24\/ujraalakul-az-esztergom-kertvarosi-polgarorseg\/","name":"\u00dajraalakul az esztergom-kertv\u00e1rosi polg\u00e1r\u0151rs\u00e9g","isPartOf":{"@id":"https:\/\/dorogimedence.hu\/#website"},"datePublished":"2022-08-24T09:51:47+00:00","dateModified":"2022-08-24T09:57:53+00:00","breadcrumb":{"@id":"https:\/\/dorogimedence.hu\/index.php\/2022\/08\/24\/ujraalakul-az-esztergom-kertvarosi-polgarorseg\/#breadcrumb"},"inLanguage":"hu","potentialAction":[{"@type":"ReadAction","target":["https:\/\/dorogimedence.hu\/index.php\/2022\/08\/24\/ujraalakul-az-esztergom-kertvarosi-polgarorseg\/"]}]},{"@type":"BreadcrumbList","@id":"https:\/\/dorogimedence.hu\/index.php\/2022\/08\/24\/ujraalakul-az-esztergom-kertvarosi-polgarorseg\/#breadcrumb","itemListElement":[{"@type":"ListItem","position":1,"name":"Kezd\u0151lap","item":"https:\/\/dorogimedence.hu\/"},{"@type":"ListItem","position":2,"name":"\u00dajraalakul az esztergom-kertv\u00e1rosi polg\u00e1r\u0151rs\u00e9g"}]},{"@type":"WebSite","@id":"https:\/\/dorogimedence.hu\/#website","url":"https:\/\/dorogimedence.hu\/","name":"Dorogi-medence Region\u00e1lis H\u00edrport\u00e1l","description":"Dorog, Keszt\u00f6lc, Le\u00e1nyv\u00e1r, Piliscs\u00e9v, Tokod, Tokodalt\u00e1r\u00f3, Csolnok, Esztergom-kertv\u00e1ros: h\u00edrek, programok","publisher":{"@id":"https:\/\/dorogimedence.hu\/#organization"},"potentialAction":[{"@type":"SearchAction","target":{"@type":"EntryPoint","urlTemplate":"https:\/\/dorogimedence.hu\/?s={search_term_string}"},"query-input":{"@type":"PropertyValueSpecification","valueRequired":true,"valueName":"search_term_string"}}],"inLanguage":"hu"},{"@type":"Organization","@id":"https:\/\/dorogimedence.hu\/#organization","name":"Dorogi-medence Region\u00e1lis H\u00edrport\u00e1l","url":"https:\/\/dorogimedence.hu\/","logo":{"@type":"ImageObject","inLanguage":"hu","@id":"https:\/\/dorogimedence.hu\/#\/schema\/logo\/image\/","url":"https:\/\/dorogimedence.hu\/wp-content\/uploads\/2021\/04\/logo-feher-600.png","contentUrl":"https:\/\/dorogimedence.hu\/wp-content\/uploads\/2021\/04\/logo-feher-600.png","width":600,"height":100,"caption":"Dorogi-medence Region\u00e1lis H\u00edrport\u00e1l"},"image":{"@id":"https:\/\/dorogimedence.hu\/#\/schema\/logo\/image\/"},"sameAs":["https:\/\/www.facebook.com\/dorogimedence\/"]},{"@type":"Person","@id":"https:\/\/dorogimedence.hu\/#\/schema\/person\/ce6091eeb7e95ecdc87890d6aa8e0fd4","name":"dorogimedence.hu","image":{"@type":"ImageObject","inLanguage":"hu","@id":"\/\/www.gravatar.com\/avatar\/d8d45f8901aadff40a4af72c0b826f1d?s=96&#038;r=g&#038;d=mm","url":"\/\/www.gravatar.com\/avatar\/d8d45f8901aadff40a4af72c0b826f1d?s=96&#038;r=g&#038;d=mm","contentUrl":"\/\/www.gravatar.com\/avatar\/d8d45f8901aadff40a4af72c0b826f1d?s=96&#038;r=g&#038;d=mm","caption":"dorogimedence.hu"}}]}},"_links":{"self":[{"href":"https:\/\/dorogimedence.hu\/index.php\/wp-json\/wp\/v2\/posts\/45900","targetHints":{"allow":["GET"]}}],"collection":[{"href":"https:\/\/dorogimedence.hu\/index.php\/wp-json\/wp\/v2\/posts"}],"about":[{"href":"https:\/\/dorogimedence.hu\/index.php\/wp-json\/wp\/v2\/types\/post"}],"author":[{"embeddable":true,"href":"https:\/\/dorogimedence.hu\/index.php\/wp-json\/wp\/v2\/users\/1"}],"replies":[{"embeddable":true,"href":"https:\/\/dorogimedence.hu\/index.php\/wp-json\/wp\/v2\/comments?post=45900"}],"version-history":[{"count":0,"href":"https:\/\/dorogimedence.hu\/index.php\/wp-json\/wp\/v2\/posts\/45900\/revisions"}],"wp:attachment":[{"href":"https:\/\/dorogimedence.hu\/index.php\/wp-json\/wp\/v2\/media?parent=45900"}],"wp:term":[{"taxonomy":"category","embeddable":true,"href":"https:\/\/dorogimedence.hu\/index.php\/wp-json\/wp\/v2\/categories?post=45900"},{"taxonomy":"post_tag","embeddable":true,"href":"https:\/\/dorogimedence.hu\/index.php\/wp-json\/wp\/v2\/tags?post=45900"}],"curies":[{"name":"wp","href":"https:\/\/api.w.org\/{rel}","templated":true}]}}