{"id":45875,"date":"2022-08-23T16:19:44","date_gmt":"2022-08-23T14:19:44","guid":{"rendered":"https:\/\/dorogimedence.hu\/?p=45875"},"modified":"2022-08-23T16:22:18","modified_gmt":"2022-08-23T14:22:18","slug":"az-elismeres-taplalja-a-tudomanyt-uj-szakmai-dijat-alapit-a-richter","status":"publish","type":"post","link":"https:\/\/dorogimedence.hu\/index.php\/2022\/08\/23\/az-elismeres-taplalja-a-tudomanyt-uj-szakmai-dijat-alapit-a-richter\/","title":{"rendered":"Az elismer\u00e9s t\u00e1pl\u00e1lja a tudom\u00e1nyt \u2013 \u00faj szakmai d\u00edjat alap\u00edt a Richter"},"content":{"rendered":"<p><strong>A Richter Gedeon Nyrt. felel\u0151s v\u00e1llalatk\u00e9nt t\u00f6bb mint 120 \u00e9ve nagy hangs\u00falyt fektet a magyar eg\u00e9szs\u00e9g\u00fcgy t\u00e1mogat\u00e1s\u00e1ra. A v\u00e1llalatalap\u00edt\u00f3 sz\u00fclet\u00e9s\u00e9nek 150. \u00e9vfordul\u00f3ja alkalm\u00e1b\u00f3l a t\u00e1rsas\u00e1g egy \u00faj szakmai d\u00edj \u00e9letre kelt\u00e9s\u00e9vel szeretne tisztelegni a modern hazai gy\u00f3gyszeripar megteremt\u0151je, Richter Gedeon szellemis\u00e9ge el\u0151tt. A hi\u00e1nyp\u00f3tl\u00f3 kezdem\u00e9nyez\u00e9s c\u00e9lja, hogy m\u00e9lt\u00f3 m\u00f3don jutalmazz\u00e1k a hazai orvost\u00e1rsadalom kiemelked\u0151 munk\u00e1j\u00e1t, hiszen tudjuk: Honos alit artes, vagyis az elismer\u00e9s t\u00e1pl\u00e1lja a tudom\u00e1nyt. Ennek szellemis\u00e9g\u00e9ben sz\u00fcletett meg a Richter \u00c9rdem\u00e9rem d\u00edj a Magyar Orvosi Kamara szakmai t\u00e1mogat\u00e1s\u00e1val. <\/strong><\/p>\n<p>2022. augusztus 23-\u00e1n indul el a jelent\u0151s jutalommal egy\u00fctt j\u00e1r\u00f3 d\u00edj p\u00e1ly\u00e1zati id\u0151szaka, melynek c\u00e9lja, hogy elismerje az orvosok mindennapi munk\u00e1j\u00e1t, \u00e9s t\u00e1mogassa az olyan innovat\u00edv \u00f6tletek, j\u00f3 gyakorlatok adapt\u00e1l\u00e1s\u00e1t, amelyek el\u0151seg\u00edthetik az eg\u00e9szs\u00e9g\u00fcgy tov\u00e1bbi moderniz\u00e1ci\u00f3j\u00e1t, az orvosi hivat\u00e1s hat\u00e9konys\u00e1g\u00e1nak n\u00f6vel\u00e9s\u00e9t.<\/p>\n<p><em>\u201eA Richter Gedeon Nyrt. t\u00f6bb mint 1.200 f\u0151s kutat\u00f3-fejleszt\u0151i b\u00e1zis\u00e1val a k\u00f6z\u00e9pkelet-eur\u00f3pai r\u00e9gi\u00f3 legjelent\u0151sebb gy\u00f3gyszeripari K+F k\u00f6zpontja. Az innov\u00e1ci\u00f3 kulcsfontoss\u00e1g\u00fa sz\u00e1munkra, \u00edgy szinte term\u00e9szetes, hogy szeretn\u00e9nk kit\u00fcntetni azokat az orvosokat, akik ebben a szellemis\u00e9gben dolgoznak nap mint nap az\u00e9rt, hogy emberek eg\u00e9szs\u00e9g\u00e9t \u00e9s \u00e9let\u00e9t v\u00e9delmezz\u00e9k. Az elm\u00falt \u00e9vek j\u00e1rv\u00e1nyid\u0151szaka r\u00e1vil\u00e1g\u00edtott arra, hogy az orvosl\u00e1snak a prevenci\u00f3 \u00e9s a kommunik\u00e1ci\u00f3 is kulcsfontoss\u00e1g\u00fa ter\u00fcletei, \u00edgy az \u00faj d\u00edjunkkal szeretn\u00e9nk ezeket a j\u00f3 gyakorlatokat is elismerni\u201d<\/em> \u2013 nyilatkozta Orb\u00e1n G\u00e1bor, a Richter Gedeon Nyrt. vez\u00e9rigazgat\u00f3ja.<\/p>\n<p>A Richter \u00c9rdem\u00e9rem d\u00edjat az els\u0151 \u00e9vben az alapell\u00e1t\u00e1sban dolgoz\u00f3 h\u00e1ziorvosok nyerhetik el, de a t\u00e1vlati tervek k\u00f6z\u00f6tt szerepel a szakorvosok, majd a gy\u00f3gyszer\u00e9szek elismer\u00e9se is.<\/p>\n<p><em>\u201eA Magyar Orvosi Kamara szakmai k\u00f6ztest\u00fclet, melynek alapfeladata, hogy \u0151rizze a hivat\u00e1s tisztas\u00e1g\u00e1t, fejlessze az ell\u00e1t\u00e1s szakmai sz\u00ednvonal\u00e1t, el\u0151seg\u00edtse a jobb, hat\u00e9konyabb eg\u00e9szs\u00e9g\u00fcgyi kommunik\u00e1ci\u00f3t, ami a gy\u00f3gy\u00edt\u00e1sban partnerk\u00e9nt kezeli a beteget. Ez\u00e9rt \u00f6r\u00f6mmel csatlakoztunk a Richter Gedeon Nyrt. kezdem\u00e9nyez\u00e9s\u00e9hez, hogy a magyar gy\u00f3gyszergy\u00e1r alap\u00edt\u00f3j\u00e1nak szellemis\u00e9g\u00e9t tov\u00e1bb \u00f6r\u00f6k\u00edtve elismer\u00e9sben r\u00e9szes\u00edts\u00fck a legkiv\u00e1l\u00f3bb betegkommunik\u00e1ci\u00f3s, prevenci\u00f3s \u00e9s tudom\u00e1nyos, illetve innov\u00e1ci\u00f3s gyakorlatot viv\u0151 orvoskoll\u00e9g\u00e1kat\u201d<\/em> \u2013 tette hozz\u00e1 Dr. Kincses Gyula, a Magyar Orvosi Kamara eln\u00f6ke.<\/p>\n<p>A d\u00edjra 2022-ben minden, akt\u00edv praxissal rendelkez\u0151, Magyarorsz\u00e1gon tev\u00e9kenyked\u0151, alapell\u00e1t\u00e1sban dolgoz\u00f3 h\u00e1ziorvos p\u00e1ly\u00e1zhat a <a href=\"http:\/\/www.richtererdemerem.hu\" target=\"_blank\" rel=\"noopener\"><span style=\"text-decoration: underline; color: #0000ff;\">www.richtererdemerem.hu<\/span><\/a> weboldalon.<\/p>\n<p><strong>A p\u00e1lyam\u0171veket 2022. szeptember 30-ig v\u00e1rj\u00e1k a k\u00f6vetkez\u0151 kateg\u00f3ri\u00e1k egyik\u00e9ben:<\/strong><\/p>\n<ul>\n<li>Az \u00e9v leghat\u00e9konyabb betegkommunik\u00e1ci\u00f3j\u00e1t folytat\u00f3 h\u00e1ziorvosa<\/li>\n<li>Az \u00e9v legjobb prevenci\u00f3s gyakorlat\u00e1t folytat\u00f3 h\u00e1ziorvosa<\/li>\n<li>Az \u00e9v legkiemelked\u0151bb tudom\u00e1nyos vagy innov\u00e1ci\u00f3s munk\u00e1j\u00e1t v\u00e9gz\u0151 h\u00e1ziorvosa<\/li>\n<\/ul>\n<p>A p\u00e1ly\u00e1zatokat a Richter \u00c9rdem\u00e9rem zs\u0171ri \u00e9rt\u00e9keli, \u00e9s kateg\u00f3ri\u00e1nkk\u00e9nt egy-egy gy\u0151ztest hirdet, akik az \u00c9rdem\u00e9rem mellett kateg\u00f3ri\u00e1nkk\u00e9nt nett\u00f3 2 milli\u00f3 forint \u00e9rt\u00e9k\u0171 t\u00e1mogat\u00e1st kapnak, amely a nyertes p\u00e1ly\u00e1z\u00f3 d\u00f6nt\u00e9se alapj\u00e1n a praxisuk sz\u00e1m\u00e1ra hasznos\u00edthat\u00f3 eszk\u00f6zbeszerz\u00e9st, illetve a szakmai tev\u00e9kenys\u00e9g\u00fcket t\u00e1mogat\u00f3 hazai vagy k\u00fclf\u00f6ldi konferenci\u00e1n, tanulm\u00e1ny\u00faton val\u00f3 r\u00e9szv\u00e9telt tesz lehet\u0151v\u00e9.<\/p>\n<p><strong>A zs\u0171ri tagjai:<\/strong> Dr. Kozma R\u00f3bert, a Richter Gedeon Nyrt. belf\u00f6ldi \u00e9rt\u00e9kes\u00edt\u00e9si \u00e9s marketing igazgat\u00f3ja; Dr. Kincses Gyula, a Magyar Orvosi Kamara eln\u00f6ke; Dr. Mang\u00f3 Gabriella h\u00e1ziorvos; Dr. Szab\u00f3 J\u00e1nos, az Eg\u00e9szs\u00e9g\u00fcgyi Szakmai Koll\u00e9gium H\u00e1ziorvosi Tagozat\u00e1nak eln\u00f6ke \u00e9s Polg\u00e1r Judit sakkoz\u00f3, nagymester (GM), a sakkt\u00f6rt\u00e9net legjobb n\u0151i j\u00e1t\u00e9kosa.<\/p>\n<p>A p\u00e1ly\u00e1zattal kapcsolatos tov\u00e1bbi inform\u00e1ci\u00f3k, a r\u00e9szv\u00e9teli felt\u00e9telek \u00e9s a p\u00e1ly\u00e1zati \u0171rlap a <span style=\"text-decoration: underline; color: #0000ff;\"><a style=\"color: #0000ff; text-decoration: underline;\" href=\"http:\/\/www.richtererdemerem.hu\" target=\"_blank\" rel=\"noopener\">www.richtererdemerem.hu<\/a><\/span> weboldalon \u00e9rhet\u0151k el.<\/p>\n<p><img fetchpriority=\"high\" decoding=\"async\" class=\"alignnone size-large wp-image-45878\" src=\"https:\/\/dorogimedence.hu\/wp-content\/uploads\/2022\/08\/Richter-Erdemerem-zsuri-tagok-1024x500.jpg\" alt=\"\" width=\"755\" height=\"369\" srcset=\"https:\/\/dorogimedence.hu\/wp-content\/uploads\/2022\/08\/Richter-Erdemerem-zsuri-tagok-1024x500.jpg 1024w, https:\/\/dorogimedence.hu\/wp-content\/uploads\/2022\/08\/Richter-Erdemerem-zsuri-tagok-300x146.jpg 300w, https:\/\/dorogimedence.hu\/wp-content\/uploads\/2022\/08\/Richter-Erdemerem-zsuri-tagok-768x375.jpg 768w, https:\/\/dorogimedence.hu\/wp-content\/uploads\/2022\/08\/Richter-Erdemerem-zsuri-tagok-1536x750.jpg 1536w, https:\/\/dorogimedence.hu\/wp-content\/uploads\/2022\/08\/Richter-Erdemerem-zsuri-tagok-2048x1000.jpg 2048w, https:\/\/dorogimedence.hu\/wp-content\/uploads\/2022\/08\/Richter-Erdemerem-zsuri-tagok-150x73.jpg 150w, https:\/\/dorogimedence.hu\/wp-content\/uploads\/2022\/08\/Richter-Erdemerem-zsuri-tagok-450x220.jpg 450w, https:\/\/dorogimedence.hu\/wp-content\/uploads\/2022\/08\/Richter-Erdemerem-zsuri-tagok-1200x586.jpg 1200w\" sizes=\"(max-width: 755px) 100vw, 755px\" \/><\/p>\n","protected":false},"excerpt":{"rendered":"<p>A Richter Gedeon Nyrt. felel\u0151s v\u00e1llalatk\u00e9nt t\u00f6bb mint 120 \u00e9ve nagy hangs\u00falyt fektet a magyar eg\u00e9szs\u00e9g\u00fcgy t\u00e1mogat\u00e1s\u00e1ra. A v\u00e1llalatalap\u00edt\u00f3 sz\u00fclet\u00e9s\u00e9nek 150. \u00e9vfordul\u00f3ja alkalm\u00e1b\u00f3l a t\u00e1rsas\u00e1g egy \u00faj szakmai d\u00edj \u00e9letre kelt\u00e9s\u00e9vel szeretne tisztelegni a modern hazai gy\u00f3gyszeripar megteremt\u0151je, Richter Gedeon szellemis\u00e9ge el\u0151tt. A hi\u00e1nyp\u00f3tl\u00f3 kezdem\u00e9nyez\u00e9s c\u00e9lja, hogy m\u00e9lt\u00f3 m\u00f3don jutalmazz\u00e1k a hazai orvost\u00e1rsadalom kiemelked\u0151 munk\u00e1j\u00e1t,<\/p>\n","protected":false},"author":1,"featured_media":45876,"comment_status":"closed","ping_status":"closed","sticky":false,"template":"","format":"standard","meta":{"ngg_post_thumbnail":0,"footnotes":""},"categories":[2,3],"tags":[585,15,4060,6630,4771],"class_list":{"0":"post-45875","1":"post","2":"type-post","3":"status-publish","4":"format-standard","5":"has-post-thumbnail","7":"category-dorog","8":"category-hirek","9":"tag-dij","10":"tag-dorog","11":"tag-richter","12":"tag-richter-erdemerem","13":"tag-richter-gedeon-nyrt"},"yoast_head":"<!-- This site is optimized with the Yoast SEO plugin v27.4 - https:\/\/yoast.com\/product\/yoast-seo-wordpress\/ -->\n<title>Az elismer\u00e9s t\u00e1pl\u00e1lja a tudom\u00e1nyt \u2013 \u00faj szakmai d\u00edjat alap\u00edt a Richter<\/title>\n<meta name=\"robots\" content=\"index, follow, max-snippet:-1, max-image-preview:large, max-video-preview:-1\" \/>\n<link rel=\"canonical\" href=\"https:\/\/dorogimedence.hu\/index.php\/2022\/08\/23\/az-elismeres-taplalja-a-tudomanyt-uj-szakmai-dijat-alapit-a-richter\/\" class=\"yoast-seo-meta-tag\" \/>\n<meta property=\"og:locale\" content=\"hu_HU\" class=\"yoast-seo-meta-tag\" \/>\n<meta property=\"og:type\" content=\"article\" class=\"yoast-seo-meta-tag\" \/>\n<meta property=\"og:title\" content=\"Az elismer\u00e9s t\u00e1pl\u00e1lja a tudom\u00e1nyt \u2013 \u00faj szakmai d\u00edjat alap\u00edt a Richter\" class=\"yoast-seo-meta-tag\" \/>\n<meta property=\"og:description\" content=\"A Richter Gedeon Nyrt. felel\u0151s v\u00e1llalatk\u00e9nt t\u00f6bb mint 120 \u00e9ve nagy hangs\u00falyt fektet a magyar eg\u00e9szs\u00e9g\u00fcgy t\u00e1mogat\u00e1s\u00e1ra. A v\u00e1llalatalap\u00edt\u00f3 sz\u00fclet\u00e9s\u00e9nek 150. \u00e9vfordul\u00f3ja alkalm\u00e1b\u00f3l a t\u00e1rsas\u00e1g egy \u00faj szakmai d\u00edj \u00e9letre kelt\u00e9s\u00e9vel szeretne tisztelegni a modern hazai gy\u00f3gyszeripar megteremt\u0151je, Richter Gedeon szellemis\u00e9ge el\u0151tt. A hi\u00e1nyp\u00f3tl\u00f3 kezdem\u00e9nyez\u00e9s c\u00e9lja, hogy m\u00e9lt\u00f3 m\u00f3don jutalmazz\u00e1k a hazai orvost\u00e1rsadalom kiemelked\u0151 munk\u00e1j\u00e1t,\" class=\"yoast-seo-meta-tag\" \/>\n<meta property=\"og:url\" content=\"https:\/\/dorogimedence.hu\/index.php\/2022\/08\/23\/az-elismeres-taplalja-a-tudomanyt-uj-szakmai-dijat-alapit-a-richter\/\" class=\"yoast-seo-meta-tag\" \/>\n<meta property=\"og:site_name\" content=\"Dorogi-medence Region\u00e1lis H\u00edrport\u00e1l\" class=\"yoast-seo-meta-tag\" \/>\n<meta property=\"article:publisher\" content=\"https:\/\/www.facebook.com\/dorogimedence\/\" class=\"yoast-seo-meta-tag\" \/>\n<meta property=\"article:published_time\" content=\"2022-08-23T14:19:44+00:00\" class=\"yoast-seo-meta-tag\" \/>\n<meta property=\"article:modified_time\" content=\"2022-08-23T14:22:18+00:00\" class=\"yoast-seo-meta-tag\" \/>\n<meta property=\"og:image\" content=\"https:\/\/i0.wp.com\/dorogimedence.hu\/wp-content\/uploads\/2022\/08\/richter-erdemerem-01.jpg?fit=2200%2C1080&ssl=1\" class=\"yoast-seo-meta-tag\" \/>\n\t<meta property=\"og:image:width\" content=\"2200\" class=\"yoast-seo-meta-tag\" \/>\n\t<meta property=\"og:image:height\" content=\"1080\" class=\"yoast-seo-meta-tag\" \/>\n\t<meta property=\"og:image:type\" content=\"image\/jpeg\" class=\"yoast-seo-meta-tag\" \/>\n<meta name=\"author\" content=\"dorogimedence.hu\" class=\"yoast-seo-meta-tag\" \/>\n<meta name=\"twitter:card\" content=\"summary_large_image\" class=\"yoast-seo-meta-tag\" \/>\n<meta name=\"twitter:label1\" content=\"Szerz\u0151:\" class=\"yoast-seo-meta-tag\" \/>\n\t<meta name=\"twitter:data1\" content=\"dorogimedence.hu\" class=\"yoast-seo-meta-tag\" \/>\n\t<meta name=\"twitter:label2\" content=\"Becs\u00fclt olvas\u00e1si id\u0151\" class=\"yoast-seo-meta-tag\" \/>\n\t<meta name=\"twitter:data2\" content=\"4 perc\" class=\"yoast-seo-meta-tag\" \/>\n<script type=\"application\/ld+json\" class=\"yoast-schema-graph\">{\"@context\":\"https:\\\/\\\/schema.org\",\"@graph\":[{\"@type\":\"Article\",\"@id\":\"https:\\\/\\\/dorogimedence.hu\\\/index.php\\\/2022\\\/08\\\/23\\\/az-elismeres-taplalja-a-tudomanyt-uj-szakmai-dijat-alapit-a-richter\\\/#article\",\"isPartOf\":{\"@id\":\"https:\\\/\\\/dorogimedence.hu\\\/index.php\\\/2022\\\/08\\\/23\\\/az-elismeres-taplalja-a-tudomanyt-uj-szakmai-dijat-alapit-a-richter\\\/\"},\"author\":{\"name\":\"dorogimedence.hu\",\"@id\":\"https:\\\/\\\/dorogimedence.hu\\\/#\\\/schema\\\/person\\\/ce6091eeb7e95ecdc87890d6aa8e0fd4\"},\"headline\":\"Az elismer\u00e9s t\u00e1pl\u00e1lja a tudom\u00e1nyt \u2013 \u00faj szakmai d\u00edjat alap\u00edt a Richter\",\"datePublished\":\"2022-08-23T14:19:44+00:00\",\"dateModified\":\"2022-08-23T14:22:18+00:00\",\"mainEntityOfPage\":{\"@id\":\"https:\\\/\\\/dorogimedence.hu\\\/index.php\\\/2022\\\/08\\\/23\\\/az-elismeres-taplalja-a-tudomanyt-uj-szakmai-dijat-alapit-a-richter\\\/\"},\"wordCount\":770,\"publisher\":{\"@id\":\"https:\\\/\\\/dorogimedence.hu\\\/#organization\"},\"image\":{\"@id\":\"https:\\\/\\\/dorogimedence.hu\\\/index.php\\\/2022\\\/08\\\/23\\\/az-elismeres-taplalja-a-tudomanyt-uj-szakmai-dijat-alapit-a-richter\\\/#primaryimage\"},\"thumbnailUrl\":\"https:\\\/\\\/dorogimedence.hu\\\/wp-content\\\/uploads\\\/2022\\\/08\\\/richter-erdemerem-01.jpg\",\"keywords\":[\"d\u00edj\",\"Dorog\",\"richter\",\"Richter \u00c9rdem\u00e9rem\",\"Richter Gedeon Nyrt.\"],\"articleSection\":[\"Dorog\",\"H\u00edrek\"],\"inLanguage\":\"hu\"},{\"@type\":\"WebPage\",\"@id\":\"https:\\\/\\\/dorogimedence.hu\\\/index.php\\\/2022\\\/08\\\/23\\\/az-elismeres-taplalja-a-tudomanyt-uj-szakmai-dijat-alapit-a-richter\\\/\",\"url\":\"https:\\\/\\\/dorogimedence.hu\\\/index.php\\\/2022\\\/08\\\/23\\\/az-elismeres-taplalja-a-tudomanyt-uj-szakmai-dijat-alapit-a-richter\\\/\",\"name\":\"Az elismer\u00e9s t\u00e1pl\u00e1lja a tudom\u00e1nyt \u2013 \u00faj szakmai d\u00edjat alap\u00edt a Richter\",\"isPartOf\":{\"@id\":\"https:\\\/\\\/dorogimedence.hu\\\/#website\"},\"primaryImageOfPage\":{\"@id\":\"https:\\\/\\\/dorogimedence.hu\\\/index.php\\\/2022\\\/08\\\/23\\\/az-elismeres-taplalja-a-tudomanyt-uj-szakmai-dijat-alapit-a-richter\\\/#primaryimage\"},\"image\":{\"@id\":\"https:\\\/\\\/dorogimedence.hu\\\/index.php\\\/2022\\\/08\\\/23\\\/az-elismeres-taplalja-a-tudomanyt-uj-szakmai-dijat-alapit-a-richter\\\/#primaryimage\"},\"thumbnailUrl\":\"https:\\\/\\\/dorogimedence.hu\\\/wp-content\\\/uploads\\\/2022\\\/08\\\/richter-erdemerem-01.jpg\",\"datePublished\":\"2022-08-23T14:19:44+00:00\",\"dateModified\":\"2022-08-23T14:22:18+00:00\",\"breadcrumb\":{\"@id\":\"https:\\\/\\\/dorogimedence.hu\\\/index.php\\\/2022\\\/08\\\/23\\\/az-elismeres-taplalja-a-tudomanyt-uj-szakmai-dijat-alapit-a-richter\\\/#breadcrumb\"},\"inLanguage\":\"hu\",\"potentialAction\":[{\"@type\":\"ReadAction\",\"target\":[\"https:\\\/\\\/dorogimedence.hu\\\/index.php\\\/2022\\\/08\\\/23\\\/az-elismeres-taplalja-a-tudomanyt-uj-szakmai-dijat-alapit-a-richter\\\/\"]}]},{\"@type\":\"ImageObject\",\"inLanguage\":\"hu\",\"@id\":\"https:\\\/\\\/dorogimedence.hu\\\/index.php\\\/2022\\\/08\\\/23\\\/az-elismeres-taplalja-a-tudomanyt-uj-szakmai-dijat-alapit-a-richter\\\/#primaryimage\",\"url\":\"https:\\\/\\\/dorogimedence.hu\\\/wp-content\\\/uploads\\\/2022\\\/08\\\/richter-erdemerem-01.jpg\",\"contentUrl\":\"https:\\\/\\\/dorogimedence.hu\\\/wp-content\\\/uploads\\\/2022\\\/08\\\/richter-erdemerem-01.jpg\",\"width\":2200,\"height\":1080},{\"@type\":\"BreadcrumbList\",\"@id\":\"https:\\\/\\\/dorogimedence.hu\\\/index.php\\\/2022\\\/08\\\/23\\\/az-elismeres-taplalja-a-tudomanyt-uj-szakmai-dijat-alapit-a-richter\\\/#breadcrumb\",\"itemListElement\":[{\"@type\":\"ListItem\",\"position\":1,\"name\":\"Kezd\u0151lap\",\"item\":\"https:\\\/\\\/dorogimedence.hu\\\/\"},{\"@type\":\"ListItem\",\"position\":2,\"name\":\"Az elismer\u00e9s t\u00e1pl\u00e1lja a tudom\u00e1nyt \u2013 \u00faj szakmai d\u00edjat alap\u00edt a Richter\"}]},{\"@type\":\"WebSite\",\"@id\":\"https:\\\/\\\/dorogimedence.hu\\\/#website\",\"url\":\"https:\\\/\\\/dorogimedence.hu\\\/\",\"name\":\"Dorogi-medence Region\u00e1lis H\u00edrport\u00e1l\",\"description\":\"Dorog, Keszt\u00f6lc, Le\u00e1nyv\u00e1r, Piliscs\u00e9v, Tokod, Tokodalt\u00e1r\u00f3, Csolnok, Esztergom-kertv\u00e1ros: h\u00edrek, programok\",\"publisher\":{\"@id\":\"https:\\\/\\\/dorogimedence.hu\\\/#organization\"},\"potentialAction\":[{\"@type\":\"SearchAction\",\"target\":{\"@type\":\"EntryPoint\",\"urlTemplate\":\"https:\\\/\\\/dorogimedence.hu\\\/?s={search_term_string}\"},\"query-input\":{\"@type\":\"PropertyValueSpecification\",\"valueRequired\":true,\"valueName\":\"search_term_string\"}}],\"inLanguage\":\"hu\"},{\"@type\":\"Organization\",\"@id\":\"https:\\\/\\\/dorogimedence.hu\\\/#organization\",\"name\":\"Dorogi-medence Region\u00e1lis H\u00edrport\u00e1l\",\"url\":\"https:\\\/\\\/dorogimedence.hu\\\/\",\"logo\":{\"@type\":\"ImageObject\",\"inLanguage\":\"hu\",\"@id\":\"https:\\\/\\\/dorogimedence.hu\\\/#\\\/schema\\\/logo\\\/image\\\/\",\"url\":\"https:\\\/\\\/dorogimedence.hu\\\/wp-content\\\/uploads\\\/2021\\\/04\\\/logo-feher-600.png\",\"contentUrl\":\"https:\\\/\\\/dorogimedence.hu\\\/wp-content\\\/uploads\\\/2021\\\/04\\\/logo-feher-600.png\",\"width\":600,\"height\":100,\"caption\":\"Dorogi-medence Region\u00e1lis H\u00edrport\u00e1l\"},\"image\":{\"@id\":\"https:\\\/\\\/dorogimedence.hu\\\/#\\\/schema\\\/logo\\\/image\\\/\"},\"sameAs\":[\"https:\\\/\\\/www.facebook.com\\\/dorogimedence\\\/\"]},{\"@type\":\"Person\",\"@id\":\"https:\\\/\\\/dorogimedence.hu\\\/#\\\/schema\\\/person\\\/ce6091eeb7e95ecdc87890d6aa8e0fd4\",\"name\":\"dorogimedence.hu\",\"image\":{\"@type\":\"ImageObject\",\"inLanguage\":\"hu\",\"@id\":\"\\\/\\\/www.gravatar.com\\\/avatar\\\/d8d45f8901aadff40a4af72c0b826f1d?s=96&#038;r=g&#038;d=mm\",\"url\":\"\\\/\\\/www.gravatar.com\\\/avatar\\\/d8d45f8901aadff40a4af72c0b826f1d?s=96&#038;r=g&#038;d=mm\",\"contentUrl\":\"\\\/\\\/www.gravatar.com\\\/avatar\\\/d8d45f8901aadff40a4af72c0b826f1d?s=96&#038;r=g&#038;d=mm\",\"caption\":\"dorogimedence.hu\"}}]}<\/script>\n<!-- \/ Yoast SEO plugin. -->","yoast_head_json":{"title":"Az elismer\u00e9s t\u00e1pl\u00e1lja a tudom\u00e1nyt \u2013 \u00faj szakmai d\u00edjat alap\u00edt a Richter","robots":{"index":"index","follow":"follow","max-snippet":"max-snippet:-1","max-image-preview":"max-image-preview:large","max-video-preview":"max-video-preview:-1"},"canonical":"https:\/\/dorogimedence.hu\/index.php\/2022\/08\/23\/az-elismeres-taplalja-a-tudomanyt-uj-szakmai-dijat-alapit-a-richter\/","og_locale":"hu_HU","og_type":"article","og_title":"Az elismer\u00e9s t\u00e1pl\u00e1lja a tudom\u00e1nyt \u2013 \u00faj szakmai d\u00edjat alap\u00edt a Richter","og_description":"A Richter Gedeon Nyrt. felel\u0151s v\u00e1llalatk\u00e9nt t\u00f6bb mint 120 \u00e9ve nagy hangs\u00falyt fektet a magyar eg\u00e9szs\u00e9g\u00fcgy t\u00e1mogat\u00e1s\u00e1ra. A v\u00e1llalatalap\u00edt\u00f3 sz\u00fclet\u00e9s\u00e9nek 150. \u00e9vfordul\u00f3ja alkalm\u00e1b\u00f3l a t\u00e1rsas\u00e1g egy \u00faj szakmai d\u00edj \u00e9letre kelt\u00e9s\u00e9vel szeretne tisztelegni a modern hazai gy\u00f3gyszeripar megteremt\u0151je, Richter Gedeon szellemis\u00e9ge el\u0151tt. A hi\u00e1nyp\u00f3tl\u00f3 kezdem\u00e9nyez\u00e9s c\u00e9lja, hogy m\u00e9lt\u00f3 m\u00f3don jutalmazz\u00e1k a hazai orvost\u00e1rsadalom kiemelked\u0151 munk\u00e1j\u00e1t,","og_url":"https:\/\/dorogimedence.hu\/index.php\/2022\/08\/23\/az-elismeres-taplalja-a-tudomanyt-uj-szakmai-dijat-alapit-a-richter\/","og_site_name":"Dorogi-medence Region\u00e1lis H\u00edrport\u00e1l","article_publisher":"https:\/\/www.facebook.com\/dorogimedence\/","article_published_time":"2022-08-23T14:19:44+00:00","article_modified_time":"2022-08-23T14:22:18+00:00","og_image":[{"width":2200,"height":1080,"url":"https:\/\/i0.wp.com\/dorogimedence.hu\/wp-content\/uploads\/2022\/08\/richter-erdemerem-01.jpg?fit=2200%2C1080&ssl=1","type":"image\/jpeg"}],"author":"dorogimedence.hu","twitter_card":"summary_large_image","twitter_misc":{"Szerz\u0151:":"dorogimedence.hu","Becs\u00fclt olvas\u00e1si id\u0151":"4 perc"},"schema":{"@context":"https:\/\/schema.org","@graph":[{"@type":"Article","@id":"https:\/\/dorogimedence.hu\/index.php\/2022\/08\/23\/az-elismeres-taplalja-a-tudomanyt-uj-szakmai-dijat-alapit-a-richter\/#article","isPartOf":{"@id":"https:\/\/dorogimedence.hu\/index.php\/2022\/08\/23\/az-elismeres-taplalja-a-tudomanyt-uj-szakmai-dijat-alapit-a-richter\/"},"author":{"name":"dorogimedence.hu","@id":"https:\/\/dorogimedence.hu\/#\/schema\/person\/ce6091eeb7e95ecdc87890d6aa8e0fd4"},"headline":"Az elismer\u00e9s t\u00e1pl\u00e1lja a tudom\u00e1nyt \u2013 \u00faj szakmai d\u00edjat alap\u00edt a Richter","datePublished":"2022-08-23T14:19:44+00:00","dateModified":"2022-08-23T14:22:18+00:00","mainEntityOfPage":{"@id":"https:\/\/dorogimedence.hu\/index.php\/2022\/08\/23\/az-elismeres-taplalja-a-tudomanyt-uj-szakmai-dijat-alapit-a-richter\/"},"wordCount":770,"publisher":{"@id":"https:\/\/dorogimedence.hu\/#organization"},"image":{"@id":"https:\/\/dorogimedence.hu\/index.php\/2022\/08\/23\/az-elismeres-taplalja-a-tudomanyt-uj-szakmai-dijat-alapit-a-richter\/#primaryimage"},"thumbnailUrl":"https:\/\/dorogimedence.hu\/wp-content\/uploads\/2022\/08\/richter-erdemerem-01.jpg","keywords":["d\u00edj","Dorog","richter","Richter \u00c9rdem\u00e9rem","Richter Gedeon Nyrt."],"articleSection":["Dorog","H\u00edrek"],"inLanguage":"hu"},{"@type":"WebPage","@id":"https:\/\/dorogimedence.hu\/index.php\/2022\/08\/23\/az-elismeres-taplalja-a-tudomanyt-uj-szakmai-dijat-alapit-a-richter\/","url":"https:\/\/dorogimedence.hu\/index.php\/2022\/08\/23\/az-elismeres-taplalja-a-tudomanyt-uj-szakmai-dijat-alapit-a-richter\/","name":"Az elismer\u00e9s t\u00e1pl\u00e1lja a tudom\u00e1nyt \u2013 \u00faj szakmai d\u00edjat alap\u00edt a Richter","isPartOf":{"@id":"https:\/\/dorogimedence.hu\/#website"},"primaryImageOfPage":{"@id":"https:\/\/dorogimedence.hu\/index.php\/2022\/08\/23\/az-elismeres-taplalja-a-tudomanyt-uj-szakmai-dijat-alapit-a-richter\/#primaryimage"},"image":{"@id":"https:\/\/dorogimedence.hu\/index.php\/2022\/08\/23\/az-elismeres-taplalja-a-tudomanyt-uj-szakmai-dijat-alapit-a-richter\/#primaryimage"},"thumbnailUrl":"https:\/\/dorogimedence.hu\/wp-content\/uploads\/2022\/08\/richter-erdemerem-01.jpg","datePublished":"2022-08-23T14:19:44+00:00","dateModified":"2022-08-23T14:22:18+00:00","breadcrumb":{"@id":"https:\/\/dorogimedence.hu\/index.php\/2022\/08\/23\/az-elismeres-taplalja-a-tudomanyt-uj-szakmai-dijat-alapit-a-richter\/#breadcrumb"},"inLanguage":"hu","potentialAction":[{"@type":"ReadAction","target":["https:\/\/dorogimedence.hu\/index.php\/2022\/08\/23\/az-elismeres-taplalja-a-tudomanyt-uj-szakmai-dijat-alapit-a-richter\/"]}]},{"@type":"ImageObject","inLanguage":"hu","@id":"https:\/\/dorogimedence.hu\/index.php\/2022\/08\/23\/az-elismeres-taplalja-a-tudomanyt-uj-szakmai-dijat-alapit-a-richter\/#primaryimage","url":"https:\/\/dorogimedence.hu\/wp-content\/uploads\/2022\/08\/richter-erdemerem-01.jpg","contentUrl":"https:\/\/dorogimedence.hu\/wp-content\/uploads\/2022\/08\/richter-erdemerem-01.jpg","width":2200,"height":1080},{"@type":"BreadcrumbList","@id":"https:\/\/dorogimedence.hu\/index.php\/2022\/08\/23\/az-elismeres-taplalja-a-tudomanyt-uj-szakmai-dijat-alapit-a-richter\/#breadcrumb","itemListElement":[{"@type":"ListItem","position":1,"name":"Kezd\u0151lap","item":"https:\/\/dorogimedence.hu\/"},{"@type":"ListItem","position":2,"name":"Az elismer\u00e9s t\u00e1pl\u00e1lja a tudom\u00e1nyt \u2013 \u00faj szakmai d\u00edjat alap\u00edt a Richter"}]},{"@type":"WebSite","@id":"https:\/\/dorogimedence.hu\/#website","url":"https:\/\/dorogimedence.hu\/","name":"Dorogi-medence Region\u00e1lis H\u00edrport\u00e1l","description":"Dorog, Keszt\u00f6lc, Le\u00e1nyv\u00e1r, Piliscs\u00e9v, Tokod, Tokodalt\u00e1r\u00f3, Csolnok, Esztergom-kertv\u00e1ros: h\u00edrek, programok","publisher":{"@id":"https:\/\/dorogimedence.hu\/#organization"},"potentialAction":[{"@type":"SearchAction","target":{"@type":"EntryPoint","urlTemplate":"https:\/\/dorogimedence.hu\/?s={search_term_string}"},"query-input":{"@type":"PropertyValueSpecification","valueRequired":true,"valueName":"search_term_string"}}],"inLanguage":"hu"},{"@type":"Organization","@id":"https:\/\/dorogimedence.hu\/#organization","name":"Dorogi-medence Region\u00e1lis H\u00edrport\u00e1l","url":"https:\/\/dorogimedence.hu\/","logo":{"@type":"ImageObject","inLanguage":"hu","@id":"https:\/\/dorogimedence.hu\/#\/schema\/logo\/image\/","url":"https:\/\/dorogimedence.hu\/wp-content\/uploads\/2021\/04\/logo-feher-600.png","contentUrl":"https:\/\/dorogimedence.hu\/wp-content\/uploads\/2021\/04\/logo-feher-600.png","width":600,"height":100,"caption":"Dorogi-medence Region\u00e1lis H\u00edrport\u00e1l"},"image":{"@id":"https:\/\/dorogimedence.hu\/#\/schema\/logo\/image\/"},"sameAs":["https:\/\/www.facebook.com\/dorogimedence\/"]},{"@type":"Person","@id":"https:\/\/dorogimedence.hu\/#\/schema\/person\/ce6091eeb7e95ecdc87890d6aa8e0fd4","name":"dorogimedence.hu","image":{"@type":"ImageObject","inLanguage":"hu","@id":"\/\/www.gravatar.com\/avatar\/d8d45f8901aadff40a4af72c0b826f1d?s=96&#038;r=g&#038;d=mm","url":"\/\/www.gravatar.com\/avatar\/d8d45f8901aadff40a4af72c0b826f1d?s=96&#038;r=g&#038;d=mm","contentUrl":"\/\/www.gravatar.com\/avatar\/d8d45f8901aadff40a4af72c0b826f1d?s=96&#038;r=g&#038;d=mm","caption":"dorogimedence.hu"}}]}},"_links":{"self":[{"href":"https:\/\/dorogimedence.hu\/index.php\/wp-json\/wp\/v2\/posts\/45875","targetHints":{"allow":["GET"]}}],"collection":[{"href":"https:\/\/dorogimedence.hu\/index.php\/wp-json\/wp\/v2\/posts"}],"about":[{"href":"https:\/\/dorogimedence.hu\/index.php\/wp-json\/wp\/v2\/types\/post"}],"author":[{"embeddable":true,"href":"https:\/\/dorogimedence.hu\/index.php\/wp-json\/wp\/v2\/users\/1"}],"replies":[{"embeddable":true,"href":"https:\/\/dorogimedence.hu\/index.php\/wp-json\/wp\/v2\/comments?post=45875"}],"version-history":[{"count":0,"href":"https:\/\/dorogimedence.hu\/index.php\/wp-json\/wp\/v2\/posts\/45875\/revisions"}],"wp:featuredmedia":[{"embeddable":true,"href":"https:\/\/dorogimedence.hu\/index.php\/wp-json\/wp\/v2\/media\/45876"}],"wp:attachment":[{"href":"https:\/\/dorogimedence.hu\/index.php\/wp-json\/wp\/v2\/media?parent=45875"}],"wp:term":[{"taxonomy":"category","embeddable":true,"href":"https:\/\/dorogimedence.hu\/index.php\/wp-json\/wp\/v2\/categories?post=45875"},{"taxonomy":"post_tag","embeddable":true,"href":"https:\/\/dorogimedence.hu\/index.php\/wp-json\/wp\/v2\/tags?post=45875"}],"curies":[{"name":"wp","href":"https:\/\/api.w.org\/{rel}","templated":true}]}}