{"id":45868,"date":"2022-08-23T16:09:46","date_gmt":"2022-08-23T14:09:46","guid":{"rendered":"https:\/\/dorogimedence.hu\/?p=45868"},"modified":"2022-08-23T16:11:45","modified_gmt":"2022-08-23T14:11:45","slug":"beuzemeltek-az-uj-fix-traffipaxot-nyergesujfaluban","status":"publish","type":"post","link":"https:\/\/dorogimedence.hu\/index.php\/2022\/08\/23\/beuzemeltek-az-uj-fix-traffipaxot-nyergesujfaluban\/","title":{"rendered":"Be\u00fczemelt\u00e9k az \u00faj fix traffipaxot Nyerges\u00fajfaluban"},"content":{"rendered":"<p><strong>Augusztus 23-\u00e1n, kedden Nyerges\u00fajfaluban, a Kossuth Lajos \u00e9s a Beloiannisz utca keresztez\u0151d\u00e9se el\u0151tt be\u00fczemelt\u00e9k a fix sebess\u00e9gm\u00e9r\u0151 berendez\u00e9st, amely el\u0151seg\u00edti a biztons\u00e1gosabb \u00e1tkel\u00e9st a l\u00e1t\u00f3k\u00f6rbe tartoz\u00f3 h\u00e1rom gyalog\u00e1tkel\u0151n.<\/strong><\/p>\n<p>Mihelik Magdolna, Nyerges\u00fajfalu polg\u00e1rmestere elmondta, hogy egy orsz\u00e1gos program keret\u00e9ben az \u00f6nkorm\u00e1nyzatok fix sebess\u00e9gm\u00e9r\u0151 berendez\u00e9sekre p\u00e1ly\u00e1zhattak. A K\u00e9pvisel\u0151-test\u00fclet sz\u00e1m\u00e1ra pedig nem volt k\u00e9ts\u00e9ges, hogy ezen p\u00e1ly\u00e1zzon. Hozz\u00e1tette, hogy sajnos a Pad\u00e1nyi t\u00e9r \u2013 Beloiannisz utca keresztez\u0151d\u00e9seinek k\u00f6zels\u00e9ge miatt l\u00e1mp\u00e1s \u00e1tkel\u0151t nem lehet ki\u00e9p\u00edteni a k\u00f6zeli iskol\u00e1ba, \u00f3vod\u00e1ba igyekv\u0151k \u00e9s minden gyalogos v\u00e9delm\u00e9nek \u00e9rdek\u00e9ben, ez\u00e9rt folyamodtak egy m\u00e1sfajta lehet\u0151s\u00e9ghez, amivel a g\u00e9pj\u00e1rm\u0171forgalmat szeretn\u00e9k lass\u00edtani. Mindemellett a baleseti statisztik\u00e1kat is figyelembe v\u00e9ve a Magyar K\u00f6z\u00fattal \u00e9s a rend\u0151rs\u00e9ggel egy\u00fctt d\u00f6nt\u00f6ttek \u00fagy, hogy ezt a helysz\u00ednt v\u00e1lasztj\u00e1k. \u201eSzeretn\u00e9m jelezni, hogy nem Nyerges\u00fajfalu V\u00e1ros \u00d6nkorm\u00e1nyzata fogadja a befizet\u00e9seket \u2013 \u00f6nk\u00e9ntes hozz\u00e1j\u00e1rul\u00e1sokat \u2013, hanem a rend\u0151rs\u00e9g k\u00f6zpontja, ez\u00e9rt a gyorshajt\u00e1sokkal kapcsolatban ne minket keressenek\u201d \u2013 jegyezte meg a polg\u00e1rmester asszony.<\/p>\n<p><img fetchpriority=\"high\" decoding=\"async\" class=\"alignnone size-large wp-image-45871\" src=\"https:\/\/dorogimedence.hu\/wp-content\/uploads\/2022\/08\/traffipax-02-1024x683.jpg\" alt=\"\" width=\"755\" height=\"504\" srcset=\"https:\/\/dorogimedence.hu\/wp-content\/uploads\/2022\/08\/traffipax-02-1024x683.jpg 1024w, https:\/\/dorogimedence.hu\/wp-content\/uploads\/2022\/08\/traffipax-02-300x200.jpg 300w, https:\/\/dorogimedence.hu\/wp-content\/uploads\/2022\/08\/traffipax-02-768x512.jpg 768w, https:\/\/dorogimedence.hu\/wp-content\/uploads\/2022\/08\/traffipax-02-1536x1024.jpg 1536w, https:\/\/dorogimedence.hu\/wp-content\/uploads\/2022\/08\/traffipax-02-150x100.jpg 150w, https:\/\/dorogimedence.hu\/wp-content\/uploads\/2022\/08\/traffipax-02-450x300.jpg 450w, https:\/\/dorogimedence.hu\/wp-content\/uploads\/2022\/08\/traffipax-02-1200x800.jpg 1200w, https:\/\/dorogimedence.hu\/wp-content\/uploads\/2022\/08\/traffipax-02-272x182.jpg 272w, https:\/\/dorogimedence.hu\/wp-content\/uploads\/2022\/08\/traffipax-02.jpg 1920w\" sizes=\"(max-width: 755px) 100vw, 755px\" \/><\/p>\n<p>Racsn\u00e9 Galambos Gr\u00e9ta rend\u0151r \u0151rnagy, a Kom\u00e1rom-Esztergom Megyei Rend\u0151r-f\u0151kapit\u00e1nys\u00e1g sz\u00f3viv\u0151je elmondta, hogy sz\u00e1mukra \u00fajszer\u0171 \u00e9s k\u00fcl\u00f6nleges ez az eszk\u00f6z, hiszen a megy\u00e9ben ez az els\u0151 ilyen, amit siker\u00fclt telep\u00edteni. Ez pedig nagy el\u0151rel\u00e9p\u00e9st jelent a balesetek megel\u0151z\u00e9s\u00e9nek szempontj\u00e1b\u00f3l. \u201eEmberi feladatra csak addig van sz\u00fcks\u00e9g, am\u00edg a kezel\u0151 koll\u00e9ga bekapcsolja a k\u00e9sz\u00fcl\u00e9ket, be\u00e1ll\u00edtja a sebess\u00e9gm\u00e9r\u0151 eszk\u00f6zben a m\u00e9r\u00e9si id\u0151intervallumot, valamint a sebess\u00e9gkorl\u00e1tot\u201d \u2013 jegyezte meg a sz\u00f3viv\u0151, majd hozz\u00e1tette, hogy ez\u00e1ltal a m\u00e9r\u00e9si \u00fczemid\u0151 teljes id\u0151tartama alatt nem sz\u00fcks\u00e9ges, hogy egy rend\u0151r itt tart\u00f3zkodjon, ez\u00e9rt is nagyon hat\u00e9kony ez az eszk\u00f6z.<\/p>\n<p><img decoding=\"async\" class=\"alignnone size-large wp-image-45872\" src=\"https:\/\/dorogimedence.hu\/wp-content\/uploads\/2022\/08\/traffipax-03-1024x683.jpg\" alt=\"\" width=\"755\" height=\"504\" srcset=\"https:\/\/dorogimedence.hu\/wp-content\/uploads\/2022\/08\/traffipax-03-1024x683.jpg 1024w, https:\/\/dorogimedence.hu\/wp-content\/uploads\/2022\/08\/traffipax-03-300x200.jpg 300w, https:\/\/dorogimedence.hu\/wp-content\/uploads\/2022\/08\/traffipax-03-768x512.jpg 768w, https:\/\/dorogimedence.hu\/wp-content\/uploads\/2022\/08\/traffipax-03-1536x1024.jpg 1536w, https:\/\/dorogimedence.hu\/wp-content\/uploads\/2022\/08\/traffipax-03-150x100.jpg 150w, https:\/\/dorogimedence.hu\/wp-content\/uploads\/2022\/08\/traffipax-03-450x300.jpg 450w, https:\/\/dorogimedence.hu\/wp-content\/uploads\/2022\/08\/traffipax-03-1200x800.jpg 1200w, https:\/\/dorogimedence.hu\/wp-content\/uploads\/2022\/08\/traffipax-03-272x182.jpg 272w, https:\/\/dorogimedence.hu\/wp-content\/uploads\/2022\/08\/traffipax-03.jpg 1920w\" sizes=\"(max-width: 755px) 100vw, 755px\" \/><\/p>\n<p>A rend\u0151r \u0151rnagy kifejtette azt is, hogy a mai napt\u00f3l b\u00e1rmikor, ak\u00e1r 24 \u00f3r\u00e1ban is lehet sz\u00e1m\u00edtani arra, hogy az eszk\u00f6z \u00fczemel, teh\u00e1t aki t\u00fall\u00e9pi a 40 km\/\u00f3r\u00e1s sebess\u00e9get ezen az \u00fatszakaszon, annak ugyan\u00fagy automatikusan Vas megy\u00e9b\u0151l fog \u00e9rkezni a b\u00fcntet\u00e9s, mint a t\u00f6bbi \u2013 ak\u00e1r fix, ak\u00e1r v\u00e1ltoztathat\u00f3 hely\u0171 \u2013 traffipax eset\u00e9ben. \u201e\u00dagy gondolom, hogy minden olyan rend\u0151ri jelenl\u00e9t, vagy minden olyan eszk\u00f6znek a megl\u00e9te, amire folyamatosan lehet sz\u00e1m\u00edtani, az visszatart\u00f3 erej\u0171 lehet a k\u00f6zleked\u0151knek. Mindamellett azt tapasztaljuk, hogyha a sof\u0151r a k\u00f6zleked\u00e9se sor\u00e1n megl\u00e1t az \u00fat sz\u00e9l\u00e9n egy rend\u0151raut\u00f3t, vagy egy egyenruh\u00e1s rend\u0151rt, az m\u00e1r \u00f6nmag\u00e1ban visszatart\u00f3 erej\u0171, m\u00e9g akkor is ha \u00e9ppen nem m\u00e9r\u00e9si, vagy ellen\u0151rz\u00e9si tev\u00e9kenys\u00e9get v\u00e9gez \u2013 jegyezte meg Racsn\u00e9 Galambos Gr\u00e9ta.<\/p>\n<p><img decoding=\"async\" class=\"alignnone size-large wp-image-45873\" src=\"https:\/\/dorogimedence.hu\/wp-content\/uploads\/2022\/08\/traffipax-04-1024x635.jpg\" alt=\"\" width=\"755\" height=\"468\" srcset=\"https:\/\/dorogimedence.hu\/wp-content\/uploads\/2022\/08\/traffipax-04-1024x635.jpg 1024w, https:\/\/dorogimedence.hu\/wp-content\/uploads\/2022\/08\/traffipax-04-300x186.jpg 300w, https:\/\/dorogimedence.hu\/wp-content\/uploads\/2022\/08\/traffipax-04-768x476.jpg 768w, https:\/\/dorogimedence.hu\/wp-content\/uploads\/2022\/08\/traffipax-04-1536x952.jpg 1536w, https:\/\/dorogimedence.hu\/wp-content\/uploads\/2022\/08\/traffipax-04-150x93.jpg 150w, https:\/\/dorogimedence.hu\/wp-content\/uploads\/2022\/08\/traffipax-04-450x279.jpg 450w, https:\/\/dorogimedence.hu\/wp-content\/uploads\/2022\/08\/traffipax-04-1200x744.jpg 1200w, https:\/\/dorogimedence.hu\/wp-content\/uploads\/2022\/08\/traffipax-04.jpg 1920w\" sizes=\"(max-width: 755px) 100vw, 755px\" \/><\/p>\n","protected":false},"excerpt":{"rendered":"<p>Augusztus 23-\u00e1n, kedden Nyerges\u00fajfaluban, a Kossuth Lajos \u00e9s a Beloiannisz utca keresztez\u0151d\u00e9se el\u0151tt be\u00fczemelt\u00e9k a fix sebess\u00e9gm\u00e9r\u0151 berendez\u00e9st, amely el\u0151seg\u00edti a biztons\u00e1gosabb \u00e1tkel\u00e9st a l\u00e1t\u00f3k\u00f6rbe tartoz\u00f3 h\u00e1rom gyalog\u00e1tkel\u0151n. Mihelik Magdolna, Nyerges\u00fajfalu polg\u00e1rmestere elmondta, hogy egy orsz\u00e1gos program keret\u00e9ben az \u00f6nkorm\u00e1nyzatok fix sebess\u00e9gm\u00e9r\u0151 berendez\u00e9sekre p\u00e1ly\u00e1zhattak. A K\u00e9pvisel\u0151-test\u00fclet sz\u00e1m\u00e1ra pedig nem volt k\u00e9ts\u00e9ges, hogy ezen p\u00e1ly\u00e1zzon. Hozz\u00e1tette,<\/p>\n","protected":false},"author":1,"featured_media":45870,"comment_status":"closed","ping_status":"closed","sticky":false,"template":"","format":"standard","meta":{"ngg_post_thumbnail":0,"footnotes":""},"categories":[3,1390],"tags":[5624,140,61,6519,93],"class_list":{"0":"post-45868","1":"post","2":"type-post","3":"status-publish","4":"format-standard","5":"has-post-thumbnail","7":"category-hirek","8":"category-nyergesujfalu","9":"tag-featured","10":"tag-nyergesujfalu","11":"tag-rendorsegi-hirek","12":"tag-sebessegmero","13":"tag-traffipax"},"yoast_head":"<!-- This site is optimized with the Yoast SEO plugin v27.5 - https:\/\/yoast.com\/product\/yoast-seo-wordpress\/ -->\n<title>Be\u00fczemelt\u00e9k az \u00faj fix traffipaxot Nyerges\u00fajfaluban<\/title>\n<meta name=\"robots\" content=\"index, follow, max-snippet:-1, max-image-preview:large, max-video-preview:-1\" \/>\n<link rel=\"canonical\" href=\"https:\/\/dorogimedence.hu\/index.php\/2022\/08\/23\/beuzemeltek-az-uj-fix-traffipaxot-nyergesujfaluban\/\" class=\"yoast-seo-meta-tag\" \/>\n<meta property=\"og:locale\" content=\"hu_HU\" class=\"yoast-seo-meta-tag\" \/>\n<meta property=\"og:type\" content=\"article\" class=\"yoast-seo-meta-tag\" \/>\n<meta property=\"og:title\" content=\"Be\u00fczemelt\u00e9k az \u00faj fix traffipaxot Nyerges\u00fajfaluban\" class=\"yoast-seo-meta-tag\" \/>\n<meta property=\"og:description\" content=\"Augusztus 23-\u00e1n, kedden Nyerges\u00fajfaluban, a Kossuth Lajos \u00e9s a Beloiannisz utca keresztez\u0151d\u00e9se el\u0151tt be\u00fczemelt\u00e9k a fix sebess\u00e9gm\u00e9r\u0151 berendez\u00e9st, amely el\u0151seg\u00edti a biztons\u00e1gosabb \u00e1tkel\u00e9st a l\u00e1t\u00f3k\u00f6rbe tartoz\u00f3 h\u00e1rom gyalog\u00e1tkel\u0151n. Mihelik Magdolna, Nyerges\u00fajfalu polg\u00e1rmestere elmondta, hogy egy orsz\u00e1gos program keret\u00e9ben az \u00f6nkorm\u00e1nyzatok fix sebess\u00e9gm\u00e9r\u0151 berendez\u00e9sekre p\u00e1ly\u00e1zhattak. A K\u00e9pvisel\u0151-test\u00fclet sz\u00e1m\u00e1ra pedig nem volt k\u00e9ts\u00e9ges, hogy ezen p\u00e1ly\u00e1zzon. Hozz\u00e1tette,\" class=\"yoast-seo-meta-tag\" \/>\n<meta property=\"og:url\" content=\"https:\/\/dorogimedence.hu\/index.php\/2022\/08\/23\/beuzemeltek-az-uj-fix-traffipaxot-nyergesujfaluban\/\" class=\"yoast-seo-meta-tag\" \/>\n<meta property=\"og:site_name\" content=\"Dorogi-medence Region\u00e1lis H\u00edrport\u00e1l\" class=\"yoast-seo-meta-tag\" \/>\n<meta property=\"article:publisher\" content=\"https:\/\/www.facebook.com\/dorogimedence\/\" class=\"yoast-seo-meta-tag\" \/>\n<meta property=\"article:published_time\" content=\"2022-08-23T14:09:46+00:00\" class=\"yoast-seo-meta-tag\" \/>\n<meta property=\"article:modified_time\" content=\"2022-08-23T14:11:45+00:00\" class=\"yoast-seo-meta-tag\" \/>\n<meta property=\"og:image\" content=\"https:\/\/i0.wp.com\/dorogimedence.hu\/wp-content\/uploads\/2022\/08\/traffipax-01.jpg?fit=1920%2C1219&ssl=1\" class=\"yoast-seo-meta-tag\" \/>\n\t<meta property=\"og:image:width\" content=\"1920\" class=\"yoast-seo-meta-tag\" \/>\n\t<meta property=\"og:image:height\" content=\"1219\" class=\"yoast-seo-meta-tag\" \/>\n\t<meta property=\"og:image:type\" content=\"image\/jpeg\" class=\"yoast-seo-meta-tag\" \/>\n<meta name=\"author\" content=\"dorogimedence.hu\" class=\"yoast-seo-meta-tag\" \/>\n<meta name=\"twitter:card\" content=\"summary_large_image\" class=\"yoast-seo-meta-tag\" \/>\n<meta name=\"twitter:label1\" content=\"Szerz\u0151:\" class=\"yoast-seo-meta-tag\" \/>\n\t<meta name=\"twitter:data1\" content=\"dorogimedence.hu\" class=\"yoast-seo-meta-tag\" \/>\n\t<meta name=\"twitter:label2\" content=\"Becs\u00fclt olvas\u00e1si id\u0151\" class=\"yoast-seo-meta-tag\" \/>\n\t<meta name=\"twitter:data2\" content=\"3 perc\" class=\"yoast-seo-meta-tag\" \/>\n<script type=\"application\/ld+json\" class=\"yoast-schema-graph\">{\"@context\":\"https:\\\/\\\/schema.org\",\"@graph\":[{\"@type\":\"Article\",\"@id\":\"https:\\\/\\\/dorogimedence.hu\\\/index.php\\\/2022\\\/08\\\/23\\\/beuzemeltek-az-uj-fix-traffipaxot-nyergesujfaluban\\\/#article\",\"isPartOf\":{\"@id\":\"https:\\\/\\\/dorogimedence.hu\\\/index.php\\\/2022\\\/08\\\/23\\\/beuzemeltek-az-uj-fix-traffipaxot-nyergesujfaluban\\\/\"},\"author\":{\"name\":\"dorogimedence.hu\",\"@id\":\"https:\\\/\\\/dorogimedence.hu\\\/#\\\/schema\\\/person\\\/ce6091eeb7e95ecdc87890d6aa8e0fd4\"},\"headline\":\"Be\u00fczemelt\u00e9k az \u00faj fix traffipaxot Nyerges\u00fajfaluban\",\"datePublished\":\"2022-08-23T14:09:46+00:00\",\"dateModified\":\"2022-08-23T14:11:45+00:00\",\"mainEntityOfPage\":{\"@id\":\"https:\\\/\\\/dorogimedence.hu\\\/index.php\\\/2022\\\/08\\\/23\\\/beuzemeltek-az-uj-fix-traffipaxot-nyergesujfaluban\\\/\"},\"wordCount\":551,\"publisher\":{\"@id\":\"https:\\\/\\\/dorogimedence.hu\\\/#organization\"},\"image\":{\"@id\":\"https:\\\/\\\/dorogimedence.hu\\\/index.php\\\/2022\\\/08\\\/23\\\/beuzemeltek-az-uj-fix-traffipaxot-nyergesujfaluban\\\/#primaryimage\"},\"thumbnailUrl\":\"https:\\\/\\\/dorogimedence.hu\\\/wp-content\\\/uploads\\\/2022\\\/08\\\/traffipax-01.jpg\",\"keywords\":[\"featured\",\"Nyerges\u00fajfalu\",\"rend\u0151rs\u00e9gi h\u00edrek\",\"sebess\u00e9gm\u00e9r\u0151\",\"traffipax\"],\"articleSection\":[\"H\u00edrek\",\"Nyerges\u00fajfalu\"],\"inLanguage\":\"hu\"},{\"@type\":\"WebPage\",\"@id\":\"https:\\\/\\\/dorogimedence.hu\\\/index.php\\\/2022\\\/08\\\/23\\\/beuzemeltek-az-uj-fix-traffipaxot-nyergesujfaluban\\\/\",\"url\":\"https:\\\/\\\/dorogimedence.hu\\\/index.php\\\/2022\\\/08\\\/23\\\/beuzemeltek-az-uj-fix-traffipaxot-nyergesujfaluban\\\/\",\"name\":\"Be\u00fczemelt\u00e9k az \u00faj fix traffipaxot Nyerges\u00fajfaluban\",\"isPartOf\":{\"@id\":\"https:\\\/\\\/dorogimedence.hu\\\/#website\"},\"primaryImageOfPage\":{\"@id\":\"https:\\\/\\\/dorogimedence.hu\\\/index.php\\\/2022\\\/08\\\/23\\\/beuzemeltek-az-uj-fix-traffipaxot-nyergesujfaluban\\\/#primaryimage\"},\"image\":{\"@id\":\"https:\\\/\\\/dorogimedence.hu\\\/index.php\\\/2022\\\/08\\\/23\\\/beuzemeltek-az-uj-fix-traffipaxot-nyergesujfaluban\\\/#primaryimage\"},\"thumbnailUrl\":\"https:\\\/\\\/dorogimedence.hu\\\/wp-content\\\/uploads\\\/2022\\\/08\\\/traffipax-01.jpg\",\"datePublished\":\"2022-08-23T14:09:46+00:00\",\"dateModified\":\"2022-08-23T14:11:45+00:00\",\"breadcrumb\":{\"@id\":\"https:\\\/\\\/dorogimedence.hu\\\/index.php\\\/2022\\\/08\\\/23\\\/beuzemeltek-az-uj-fix-traffipaxot-nyergesujfaluban\\\/#breadcrumb\"},\"inLanguage\":\"hu\",\"potentialAction\":[{\"@type\":\"ReadAction\",\"target\":[\"https:\\\/\\\/dorogimedence.hu\\\/index.php\\\/2022\\\/08\\\/23\\\/beuzemeltek-az-uj-fix-traffipaxot-nyergesujfaluban\\\/\"]}]},{\"@type\":\"ImageObject\",\"inLanguage\":\"hu\",\"@id\":\"https:\\\/\\\/dorogimedence.hu\\\/index.php\\\/2022\\\/08\\\/23\\\/beuzemeltek-az-uj-fix-traffipaxot-nyergesujfaluban\\\/#primaryimage\",\"url\":\"https:\\\/\\\/dorogimedence.hu\\\/wp-content\\\/uploads\\\/2022\\\/08\\\/traffipax-01.jpg\",\"contentUrl\":\"https:\\\/\\\/dorogimedence.hu\\\/wp-content\\\/uploads\\\/2022\\\/08\\\/traffipax-01.jpg\",\"width\":1920,\"height\":1219},{\"@type\":\"BreadcrumbList\",\"@id\":\"https:\\\/\\\/dorogimedence.hu\\\/index.php\\\/2022\\\/08\\\/23\\\/beuzemeltek-az-uj-fix-traffipaxot-nyergesujfaluban\\\/#breadcrumb\",\"itemListElement\":[{\"@type\":\"ListItem\",\"position\":1,\"name\":\"Kezd\u0151lap\",\"item\":\"https:\\\/\\\/dorogimedence.hu\\\/\"},{\"@type\":\"ListItem\",\"position\":2,\"name\":\"Be\u00fczemelt\u00e9k az \u00faj fix traffipaxot Nyerges\u00fajfaluban\"}]},{\"@type\":\"WebSite\",\"@id\":\"https:\\\/\\\/dorogimedence.hu\\\/#website\",\"url\":\"https:\\\/\\\/dorogimedence.hu\\\/\",\"name\":\"Dorogi-medence Region\u00e1lis H\u00edrport\u00e1l\",\"description\":\"Dorog, Keszt\u00f6lc, Le\u00e1nyv\u00e1r, Piliscs\u00e9v, Tokod, Tokodalt\u00e1r\u00f3, Csolnok, Esztergom-kertv\u00e1ros: h\u00edrek, programok\",\"publisher\":{\"@id\":\"https:\\\/\\\/dorogimedence.hu\\\/#organization\"},\"potentialAction\":[{\"@type\":\"SearchAction\",\"target\":{\"@type\":\"EntryPoint\",\"urlTemplate\":\"https:\\\/\\\/dorogimedence.hu\\\/?s={search_term_string}\"},\"query-input\":{\"@type\":\"PropertyValueSpecification\",\"valueRequired\":true,\"valueName\":\"search_term_string\"}}],\"inLanguage\":\"hu\"},{\"@type\":\"Organization\",\"@id\":\"https:\\\/\\\/dorogimedence.hu\\\/#organization\",\"name\":\"Dorogi-medence Region\u00e1lis H\u00edrport\u00e1l\",\"url\":\"https:\\\/\\\/dorogimedence.hu\\\/\",\"logo\":{\"@type\":\"ImageObject\",\"inLanguage\":\"hu\",\"@id\":\"https:\\\/\\\/dorogimedence.hu\\\/#\\\/schema\\\/logo\\\/image\\\/\",\"url\":\"https:\\\/\\\/dorogimedence.hu\\\/wp-content\\\/uploads\\\/2021\\\/04\\\/logo-feher-600.png\",\"contentUrl\":\"https:\\\/\\\/dorogimedence.hu\\\/wp-content\\\/uploads\\\/2021\\\/04\\\/logo-feher-600.png\",\"width\":600,\"height\":100,\"caption\":\"Dorogi-medence Region\u00e1lis H\u00edrport\u00e1l\"},\"image\":{\"@id\":\"https:\\\/\\\/dorogimedence.hu\\\/#\\\/schema\\\/logo\\\/image\\\/\"},\"sameAs\":[\"https:\\\/\\\/www.facebook.com\\\/dorogimedence\\\/\"]},{\"@type\":\"Person\",\"@id\":\"https:\\\/\\\/dorogimedence.hu\\\/#\\\/schema\\\/person\\\/ce6091eeb7e95ecdc87890d6aa8e0fd4\",\"name\":\"dorogimedence.hu\",\"image\":{\"@type\":\"ImageObject\",\"inLanguage\":\"hu\",\"@id\":\"\\\/\\\/www.gravatar.com\\\/avatar\\\/d8d45f8901aadff40a4af72c0b826f1d?s=96&#038;r=g&#038;d=mm\",\"url\":\"\\\/\\\/www.gravatar.com\\\/avatar\\\/d8d45f8901aadff40a4af72c0b826f1d?s=96&#038;r=g&#038;d=mm\",\"contentUrl\":\"\\\/\\\/www.gravatar.com\\\/avatar\\\/d8d45f8901aadff40a4af72c0b826f1d?s=96&#038;r=g&#038;d=mm\",\"caption\":\"dorogimedence.hu\"}}]}<\/script>\n<!-- \/ Yoast SEO plugin. -->","yoast_head_json":{"title":"Be\u00fczemelt\u00e9k az \u00faj fix traffipaxot Nyerges\u00fajfaluban","robots":{"index":"index","follow":"follow","max-snippet":"max-snippet:-1","max-image-preview":"max-image-preview:large","max-video-preview":"max-video-preview:-1"},"canonical":"https:\/\/dorogimedence.hu\/index.php\/2022\/08\/23\/beuzemeltek-az-uj-fix-traffipaxot-nyergesujfaluban\/","og_locale":"hu_HU","og_type":"article","og_title":"Be\u00fczemelt\u00e9k az \u00faj fix traffipaxot Nyerges\u00fajfaluban","og_description":"Augusztus 23-\u00e1n, kedden Nyerges\u00fajfaluban, a Kossuth Lajos \u00e9s a Beloiannisz utca keresztez\u0151d\u00e9se el\u0151tt be\u00fczemelt\u00e9k a fix sebess\u00e9gm\u00e9r\u0151 berendez\u00e9st, amely el\u0151seg\u00edti a biztons\u00e1gosabb \u00e1tkel\u00e9st a l\u00e1t\u00f3k\u00f6rbe tartoz\u00f3 h\u00e1rom gyalog\u00e1tkel\u0151n. Mihelik Magdolna, Nyerges\u00fajfalu polg\u00e1rmestere elmondta, hogy egy orsz\u00e1gos program keret\u00e9ben az \u00f6nkorm\u00e1nyzatok fix sebess\u00e9gm\u00e9r\u0151 berendez\u00e9sekre p\u00e1ly\u00e1zhattak. A K\u00e9pvisel\u0151-test\u00fclet sz\u00e1m\u00e1ra pedig nem volt k\u00e9ts\u00e9ges, hogy ezen p\u00e1ly\u00e1zzon. Hozz\u00e1tette,","og_url":"https:\/\/dorogimedence.hu\/index.php\/2022\/08\/23\/beuzemeltek-az-uj-fix-traffipaxot-nyergesujfaluban\/","og_site_name":"Dorogi-medence Region\u00e1lis H\u00edrport\u00e1l","article_publisher":"https:\/\/www.facebook.com\/dorogimedence\/","article_published_time":"2022-08-23T14:09:46+00:00","article_modified_time":"2022-08-23T14:11:45+00:00","og_image":[{"width":1920,"height":1219,"url":"https:\/\/i0.wp.com\/dorogimedence.hu\/wp-content\/uploads\/2022\/08\/traffipax-01.jpg?fit=1920%2C1219&ssl=1","type":"image\/jpeg"}],"author":"dorogimedence.hu","twitter_card":"summary_large_image","twitter_misc":{"Szerz\u0151:":"dorogimedence.hu","Becs\u00fclt olvas\u00e1si id\u0151":"3 perc"},"schema":{"@context":"https:\/\/schema.org","@graph":[{"@type":"Article","@id":"https:\/\/dorogimedence.hu\/index.php\/2022\/08\/23\/beuzemeltek-az-uj-fix-traffipaxot-nyergesujfaluban\/#article","isPartOf":{"@id":"https:\/\/dorogimedence.hu\/index.php\/2022\/08\/23\/beuzemeltek-az-uj-fix-traffipaxot-nyergesujfaluban\/"},"author":{"name":"dorogimedence.hu","@id":"https:\/\/dorogimedence.hu\/#\/schema\/person\/ce6091eeb7e95ecdc87890d6aa8e0fd4"},"headline":"Be\u00fczemelt\u00e9k az \u00faj fix traffipaxot Nyerges\u00fajfaluban","datePublished":"2022-08-23T14:09:46+00:00","dateModified":"2022-08-23T14:11:45+00:00","mainEntityOfPage":{"@id":"https:\/\/dorogimedence.hu\/index.php\/2022\/08\/23\/beuzemeltek-az-uj-fix-traffipaxot-nyergesujfaluban\/"},"wordCount":551,"publisher":{"@id":"https:\/\/dorogimedence.hu\/#organization"},"image":{"@id":"https:\/\/dorogimedence.hu\/index.php\/2022\/08\/23\/beuzemeltek-az-uj-fix-traffipaxot-nyergesujfaluban\/#primaryimage"},"thumbnailUrl":"https:\/\/dorogimedence.hu\/wp-content\/uploads\/2022\/08\/traffipax-01.jpg","keywords":["featured","Nyerges\u00fajfalu","rend\u0151rs\u00e9gi h\u00edrek","sebess\u00e9gm\u00e9r\u0151","traffipax"],"articleSection":["H\u00edrek","Nyerges\u00fajfalu"],"inLanguage":"hu"},{"@type":"WebPage","@id":"https:\/\/dorogimedence.hu\/index.php\/2022\/08\/23\/beuzemeltek-az-uj-fix-traffipaxot-nyergesujfaluban\/","url":"https:\/\/dorogimedence.hu\/index.php\/2022\/08\/23\/beuzemeltek-az-uj-fix-traffipaxot-nyergesujfaluban\/","name":"Be\u00fczemelt\u00e9k az \u00faj fix traffipaxot Nyerges\u00fajfaluban","isPartOf":{"@id":"https:\/\/dorogimedence.hu\/#website"},"primaryImageOfPage":{"@id":"https:\/\/dorogimedence.hu\/index.php\/2022\/08\/23\/beuzemeltek-az-uj-fix-traffipaxot-nyergesujfaluban\/#primaryimage"},"image":{"@id":"https:\/\/dorogimedence.hu\/index.php\/2022\/08\/23\/beuzemeltek-az-uj-fix-traffipaxot-nyergesujfaluban\/#primaryimage"},"thumbnailUrl":"https:\/\/dorogimedence.hu\/wp-content\/uploads\/2022\/08\/traffipax-01.jpg","datePublished":"2022-08-23T14:09:46+00:00","dateModified":"2022-08-23T14:11:45+00:00","breadcrumb":{"@id":"https:\/\/dorogimedence.hu\/index.php\/2022\/08\/23\/beuzemeltek-az-uj-fix-traffipaxot-nyergesujfaluban\/#breadcrumb"},"inLanguage":"hu","potentialAction":[{"@type":"ReadAction","target":["https:\/\/dorogimedence.hu\/index.php\/2022\/08\/23\/beuzemeltek-az-uj-fix-traffipaxot-nyergesujfaluban\/"]}]},{"@type":"ImageObject","inLanguage":"hu","@id":"https:\/\/dorogimedence.hu\/index.php\/2022\/08\/23\/beuzemeltek-az-uj-fix-traffipaxot-nyergesujfaluban\/#primaryimage","url":"https:\/\/dorogimedence.hu\/wp-content\/uploads\/2022\/08\/traffipax-01.jpg","contentUrl":"https:\/\/dorogimedence.hu\/wp-content\/uploads\/2022\/08\/traffipax-01.jpg","width":1920,"height":1219},{"@type":"BreadcrumbList","@id":"https:\/\/dorogimedence.hu\/index.php\/2022\/08\/23\/beuzemeltek-az-uj-fix-traffipaxot-nyergesujfaluban\/#breadcrumb","itemListElement":[{"@type":"ListItem","position":1,"name":"Kezd\u0151lap","item":"https:\/\/dorogimedence.hu\/"},{"@type":"ListItem","position":2,"name":"Be\u00fczemelt\u00e9k az \u00faj fix traffipaxot Nyerges\u00fajfaluban"}]},{"@type":"WebSite","@id":"https:\/\/dorogimedence.hu\/#website","url":"https:\/\/dorogimedence.hu\/","name":"Dorogi-medence Region\u00e1lis H\u00edrport\u00e1l","description":"Dorog, Keszt\u00f6lc, Le\u00e1nyv\u00e1r, Piliscs\u00e9v, Tokod, Tokodalt\u00e1r\u00f3, Csolnok, Esztergom-kertv\u00e1ros: h\u00edrek, programok","publisher":{"@id":"https:\/\/dorogimedence.hu\/#organization"},"potentialAction":[{"@type":"SearchAction","target":{"@type":"EntryPoint","urlTemplate":"https:\/\/dorogimedence.hu\/?s={search_term_string}"},"query-input":{"@type":"PropertyValueSpecification","valueRequired":true,"valueName":"search_term_string"}}],"inLanguage":"hu"},{"@type":"Organization","@id":"https:\/\/dorogimedence.hu\/#organization","name":"Dorogi-medence Region\u00e1lis H\u00edrport\u00e1l","url":"https:\/\/dorogimedence.hu\/","logo":{"@type":"ImageObject","inLanguage":"hu","@id":"https:\/\/dorogimedence.hu\/#\/schema\/logo\/image\/","url":"https:\/\/dorogimedence.hu\/wp-content\/uploads\/2021\/04\/logo-feher-600.png","contentUrl":"https:\/\/dorogimedence.hu\/wp-content\/uploads\/2021\/04\/logo-feher-600.png","width":600,"height":100,"caption":"Dorogi-medence Region\u00e1lis H\u00edrport\u00e1l"},"image":{"@id":"https:\/\/dorogimedence.hu\/#\/schema\/logo\/image\/"},"sameAs":["https:\/\/www.facebook.com\/dorogimedence\/"]},{"@type":"Person","@id":"https:\/\/dorogimedence.hu\/#\/schema\/person\/ce6091eeb7e95ecdc87890d6aa8e0fd4","name":"dorogimedence.hu","image":{"@type":"ImageObject","inLanguage":"hu","@id":"\/\/www.gravatar.com\/avatar\/d8d45f8901aadff40a4af72c0b826f1d?s=96&#038;r=g&#038;d=mm","url":"\/\/www.gravatar.com\/avatar\/d8d45f8901aadff40a4af72c0b826f1d?s=96&#038;r=g&#038;d=mm","contentUrl":"\/\/www.gravatar.com\/avatar\/d8d45f8901aadff40a4af72c0b826f1d?s=96&#038;r=g&#038;d=mm","caption":"dorogimedence.hu"}}]}},"_links":{"self":[{"href":"https:\/\/dorogimedence.hu\/index.php\/wp-json\/wp\/v2\/posts\/45868","targetHints":{"allow":["GET"]}}],"collection":[{"href":"https:\/\/dorogimedence.hu\/index.php\/wp-json\/wp\/v2\/posts"}],"about":[{"href":"https:\/\/dorogimedence.hu\/index.php\/wp-json\/wp\/v2\/types\/post"}],"author":[{"embeddable":true,"href":"https:\/\/dorogimedence.hu\/index.php\/wp-json\/wp\/v2\/users\/1"}],"replies":[{"embeddable":true,"href":"https:\/\/dorogimedence.hu\/index.php\/wp-json\/wp\/v2\/comments?post=45868"}],"version-history":[{"count":0,"href":"https:\/\/dorogimedence.hu\/index.php\/wp-json\/wp\/v2\/posts\/45868\/revisions"}],"wp:featuredmedia":[{"embeddable":true,"href":"https:\/\/dorogimedence.hu\/index.php\/wp-json\/wp\/v2\/media\/45870"}],"wp:attachment":[{"href":"https:\/\/dorogimedence.hu\/index.php\/wp-json\/wp\/v2\/media?parent=45868"}],"wp:term":[{"taxonomy":"category","embeddable":true,"href":"https:\/\/dorogimedence.hu\/index.php\/wp-json\/wp\/v2\/categories?post=45868"},{"taxonomy":"post_tag","embeddable":true,"href":"https:\/\/dorogimedence.hu\/index.php\/wp-json\/wp\/v2\/tags?post=45868"}],"curies":[{"name":"wp","href":"https:\/\/api.w.org\/{rel}","templated":true}]}}